{"id":106377,"date":"2015-07-12T19:30:58","date_gmt":"2015-07-12T23:30:58","guid":{"rendered":"http:\/\/develop.olympic.ca\/olympique\/?p=106377"},"modified":"2016-05-24T14:57:13","modified_gmt":"2016-05-24T18:57:13","slug":"to2015-raphael-gagne-triomphe-en-velo-de-montagne","status":"publish","type":"post","link":"https:\/\/develop.olympic.ca\/olympique\/2015\/07\/12\/to2015-raphael-gagne-triomphe-en-velo-de-montagne\/","title":{"rendered":"TO2015: Rapha\u00ebl Gagn\u00e9 triomphe en v\u00e9lo de montagne"},"content":{"rendered":"<h1>Dimanche, <a href=\"http:\/\/develop.olympic.ca\/olympique\/team-canada\/raphael-gagne\/\">Rapha\u00ebl Gagn\u00e9<\/a> a remport\u00e9 l&rsquo;or dans l&rsquo;\u00e9preuve de cross-country de v\u00e9lo de montagne des <a href=\"http:\/\/develop.olympic.ca\/olympique\/jeux\/2015-toronto\/\">Jeux panam\u00e9ricains de Toronto 2015<\/a>.<\/h1>\n<div id=\"attachment_106413\" style=\"width: 687px\" class=\"wp-caption aligncenter\"><img loading=\"lazy\" decoding=\"async\" aria-describedby=\"caption-attachment-106413\" class=\"wp-image-106413 size-full\" src=\"https:\/\/develop.olympic.ca\/wp-content\/uploads\/sites\/2\/2015\/07\/capture-d_ecc81cran-2015-07-12-acc80-9-03-11-pm.png\" alt=\"\" width=\"677\" height=\"576\" srcset=\"https:\/\/develop.olympic.ca\/olympique\/wp-content\/uploads\/sites\/2\/2015\/07\/capture-d_ecc81cran-2015-07-12-acc80-9-03-11-pm.png 677w, https:\/\/develop.olympic.ca\/olympique\/wp-content\/uploads\/sites\/2\/2015\/07\/capture-d_ecc81cran-2015-07-12-acc80-9-03-11-pm.png?resize=186,158 186w, https:\/\/develop.olympic.ca\/olympique\/wp-content\/uploads\/sites\/2\/2015\/07\/capture-d_ecc81cran-2015-07-12-acc80-9-03-11-pm.png?resize=436,371 436w\" sizes=\"(max-width: 677px) 100vw, 677px\" \/><p id=\"caption-attachment-106413\" class=\"wp-caption-text\">Rapha\u00ebl Gagn\u00e9 c\u00e9l\u00e8bre sa victoire \u00e0 l&rsquo;\u00e9preuve de v\u00e9lo de montagne aux Jeux panam\u00e9ricains de Toronto le 12 juillet 2015.<\/p><\/div>\n<p>Gagn\u00e9 a r\u00e9ussi \u00e0 aller chercher les honneurs gr\u00e2ce \u00e0 un parcours ex\u00e9cut\u00e9 en 1:31:14. C&rsquo;est l&rsquo;Argentin Catriel Soto et l&rsquo;Am\u00e9ricain Stephen Ettinger qui ont suivi l&rsquo;athl\u00e8te de Qu\u00e9bec. Pour sa part, l&rsquo;Ontarien <a href=\"http:\/\/develop.olympic.ca\/olympique\/team-canada\/derek-zandstra\/\">Derek Zandstra<\/a>\u00a0est <a href=\"http:\/\/results.toronto2015.org\/IRS\/fr\/velo-de-montagne\/resultats-xco-hommes-1-01.htm\">arriv\u00e9 au pied du podium<\/a>, \u00e0 la suite de son \u00e9preuve sur le parcours d&rsquo;Hardwood Hills, qu&rsquo;il a compl\u00e9t\u00e9 en 1:34:06, soit 2:52 minutes derri\u00e8re Gagn\u00e9.<\/p>\n<div class=\"embed-twitter\">\n<blockquote class=\"twitter-tweet\" data-width=\"550\">\n<p lang=\"in\" dir=\"ltr\">Oh waow, <a href=\"https:\/\/twitter.com\/hashtag\/Panamgames?src=hash\">#Panamgames<\/a> <a href=\"https:\/\/twitter.com\/hashtag\/to2015?src=hash\">#to2015<\/a> gold medal. Proud canadian and <a href=\"https:\/\/twitter.com\/CanMTBcycling\">@canmtbcycling<\/a> member. <a href=\"https:\/\/twitter.com\/hashtag\/openthemachine?src=hash\">#openthemachine<\/a> <a href=\"https:\/\/twitter.com\/hashtag\/turndownthewatt?src=hash\">#turndownthewatt<\/a> <a href=\"http:\/\/t.co\/SvmyVS4033\">pic.twitter.com\/SvmyVS4033<\/a><\/p>\n<p>&mdash; Raphael Gagn\u00e9 (@raphaelgagne) <a href=\"https:\/\/twitter.com\/raphaelgagne\/status\/620339593926324224\">July 12, 2015<\/a><\/p><\/blockquote>\n<p><script async src=\"\/\/platform.twitter.com\/widgets.js\" charset=\"utf-8\"><\/script><\/div>\n<p><strong>\u00c0 LIRE:<\/strong> <a href=\"http:\/\/develop.olympic.ca\/olympique\/2015\/07\/12\/panam-double-canadien-en-velo-de-montagne\/\">Panam: Doubl\u00e9 canadien en v\u00e9lo de montagne<\/a><\/p>\n<p>La journ\u00e9e aura \u00e9t\u00e9 fructueuse pour <a href=\"http:\/\/www.cyclismecanada.ca\/\">Cyclisme Canada<\/a>, puisqu&rsquo;<a href=\"http:\/\/develop.olympic.ca\/olympique\/team-canada\/emily-batty\/\">Emily Batty<\/a> et <a href=\"http:\/\/develop.olympic.ca\/olympique\/team-canada\/catharine-pendrel\/\">Catharine Pendrel<\/a>\u00a0ont \u00e9galement mont\u00e9 sur le podium pour aller y chercher une m\u00e9daille d&rsquo;or et d&rsquo;argent, respectivement.<\/p>\n<p class=\"p1\"><span class=\"s1\"><div class=\"instory-ad-shortcode\"><a aria-hidden=\"true\" tabindex=\"-1\" class=\"ad\" href=\"https:\/\/twitter.com\/OlympiqueCanada\" target=\"_blank\"><img decoding=\"async\" src=\"http:\/\/cdnolympic.files.wordpress.com\/2014\/02\/tw-fr-ad-1180-x-100.png\" alt=\"\" \/><\/a><\/div><\/span><\/p>\n","protected":false},"excerpt":{"rendered":"<p>Dimanche, Rapha\u00ebl Gagn\u00e9 a remport\u00e9 l&rsquo;or dans l&rsquo;\u00e9preuve de cross-country de v\u00e9lo de montagne des Jeux panam\u00e9ricains de Toronto 2015&#8230;.<\/p>\n","protected":false},"author":78932689,"featured_media":106411,"comment_status":"open","ping_status":"closed","sticky":false,"template":"","format":"standard","meta":{"_acf_changed":false,"_jetpack_newsletter_access":"","_jetpack_dont_email_post_to_subs":false,"_jetpack_newsletter_tier_id":0,"_jetpack_memberships_contains_paywalled_content":false,"_jetpack_memberships_contains_paid_content":false,"footnotes":"","jetpack_post_was_ever_published":false},"categories":[16085],"tags":[8295379,106022196,192169559,98791968,19351243,169996425,374939363,160657752,374939358,120414225,52037057,374939351,20292794,608444],"post_format":"standard","sport":[181822360],"game":[334881982],"coauthors":[317728136],"class_list":["post-106377","post","type-post","status-publish","format-standard","has-post-thumbnail","hentry","category-nouvelles","tag-catharine-pendrel","tag-catriel-soto","tag-cyclisme-canada","tag-derek-zandstra","tag-emily-batty","tag-jeux-panamericains-2015","tag-panamericains-2015","tag-raphael-gagne","tag-raphael-gagne-gagne-lor","tag-stephen-ettinger","tag-to2015","tag-to2015-raphael-gagne-triomphe-en-velo-de-montagne","tag-toronto-2015","tag-velo-de-montagne","sport-velo-de-montagne","game-2015-toronto"],"acf":[],"featured_image_url":"https:\/\/develop.olympic.ca\/olympique\/wp-content\/uploads\/sites\/2\/2015\/07\/capture-d_ecc81cran-2015-07-12-acc80-9-02-43-pm.png","author_name":["Mariane Lajoie"],"category_names":["Nouvelles"],"tag_names":["Catharine Pendrel","Catriel Soto","Cyclisme Canada","Derek Zandstra","Emily Batty","Jeux panam\u00e9ricains 2015","Panam\u00e9ricains 2015","Rapha\u00ebl Gagn\u00e9","Rapha\u00ebl Gagn\u00e9 gagne l'or","Stephen Ettinger","TO2015","TO2015: Rapha\u00ebl Gagn\u00e9 triomphe en v\u00e9lo de montagne","Toronto 2015","v\u00e9lo de montagne"],"video_embed_code":"","facebook_video_embed_code":"","jetpack_sharing_enabled":true,"jetpack-related-posts":[],"jetpack_shortlink":"https:\/\/wp.me\/pbmyEP-rFL","jetpack_featured_media_url":"https:\/\/develop.olympic.ca\/olympique\/wp-content\/uploads\/sites\/2\/2015\/07\/capture-d_ecc81cran-2015-07-12-acc80-9-02-43-pm.png","_links":{"self":[{"href":"https:\/\/develop.olympic.ca\/olympique\/wp-json\/wp\/v2\/posts\/106377","targetHints":{"allow":["GET"]}}],"collection":[{"href":"https:\/\/develop.olympic.ca\/olympique\/wp-json\/wp\/v2\/posts"}],"about":[{"href":"https:\/\/develop.olympic.ca\/olympique\/wp-json\/wp\/v2\/types\/post"}],"author":[{"embeddable":true,"href":"https:\/\/develop.olympic.ca\/olympique\/wp-json\/wp\/v2\/users\/78932689"}],"replies":[{"embeddable":true,"href":"https:\/\/develop.olympic.ca\/olympique\/wp-json\/wp\/v2\/comments?post=106377"}],"version-history":[{"count":12,"href":"https:\/\/develop.olympic.ca\/olympique\/wp-json\/wp\/v2\/posts\/106377\/revisions"}],"predecessor-version":[{"id":115255,"href":"https:\/\/develop.olympic.ca\/olympique\/wp-json\/wp\/v2\/posts\/106377\/revisions\/115255"}],"wp:featuredmedia":[{"embeddable":true,"href":"https:\/\/develop.olympic.ca\/olympique\/wp-json\/wp\/v2\/media\/106411"}],"wp:attachment":[{"href":"https:\/\/develop.olympic.ca\/olympique\/wp-json\/wp\/v2\/media?parent=106377"}],"wp:term":[{"taxonomy":"category","embeddable":true,"href":"https:\/\/develop.olympic.ca\/olympique\/wp-json\/wp\/v2\/categories?post=106377"},{"taxonomy":"post_tag","embeddable":true,"href":"https:\/\/develop.olympic.ca\/olympique\/wp-json\/wp\/v2\/tags?post=106377"},{"taxonomy":"post_format","embeddable":true,"href":"https:\/\/develop.olympic.ca\/olympique\/wp-json\/wp\/v2\/post_format?post=106377"},{"taxonomy":"sport","embeddable":true,"href":"https:\/\/develop.olympic.ca\/olympique\/wp-json\/wp\/v2\/sport?post=106377"},{"taxonomy":"game","embeddable":true,"href":"https:\/\/develop.olympic.ca\/olympique\/wp-json\/wp\/v2\/game?post=106377"},{"taxonomy":"author","embeddable":true,"href":"https:\/\/develop.olympic.ca\/olympique\/wp-json\/wp\/v2\/coauthors?post=106377"}],"curies":[{"name":"wp","href":"https:\/\/api.w.org\/{rel}","templated":true}]}}