{"id":112337,"date":"2016-01-30T18:47:30","date_gmt":"2016-01-30T23:47:30","guid":{"rendered":"http:\/\/develop.olympic.ca\/olympique\/?p=112337"},"modified":"2016-01-30T18:51:52","modified_gmt":"2016-01-30T23:51:52","slug":"triple-canadien-chez-les-femmes-et-double-chez-les-hommes-a-calgary","status":"publish","type":"post","link":"https:\/\/develop.olympic.ca\/olympique\/2016\/01\/30\/triple-canadien-chez-les-femmes-et-double-chez-les-hommes-a-calgary\/","title":{"rendered":"Tripl\u00e9 canadien chez les femmes et doubl\u00e9 chez les hommes \u00e0 Calgary"},"content":{"rendered":"<h1>Les Canadiens ont rafl\u00e9 cinq des six m\u00e9dailles d\u00e9cern\u00e9es\u00a0lors la Coupe du monde de ski acrobatique disput\u00e9e au Parc olympique du Canada, en Alberta.<\/h1>\n<div class=\"embed-twitter\">\n<blockquote class=\"twitter-tweet\" width=\"550\">\n<p lang=\"fr\" dir=\"ltr\">PODIUM ALERT: Canada SWEEPS the podium in Calgary. Chlo\u00e9 DL <a href=\"https:\/\/twitter.com\/3_SDL\">@3_SDL<\/a> finishes 1st, Justine 2nd and <a href=\"https:\/\/twitter.com\/andi_naude\">@andi_naude<\/a> 3rd! <a href=\"https:\/\/t.co\/ejAr66wdmP\">pic.twitter.com\/ejAr66wdmP<\/a><\/p>\n<p>&mdash; Canada Freestyle (@canfreestyleski) <a href=\"https:\/\/twitter.com\/canfreestyleski\/status\/693537477471014913\">January 30, 2016<\/a><\/p><\/blockquote>\n<p><script async src=\"\/\/platform.twitter.com\/widgets.js\" charset=\"utf-8\"><\/script><\/div>\n<p>C\u2019est <a href=\"http:\/\/develop.olympic.ca\/olympique\/team-canada\/justine-dufour-lapointe\/\">Justine Dufour-Lapointe<\/a> qui \u00e9tait la favorite dans ce duel \u00e0 six skieuses gr\u00e2ce \u00e0 sa performance de 77,80 points r\u00e9alis\u00e9e au tour pr\u00e9c\u00e9dent qui lui donnait une avance de deux points sur le reste du groupe. Que trois points s\u00e9paraient la deuxi\u00e8me au classement provisoire, Chlo\u00e9 Dufour-Lapointe, de la sixi\u00e8me place occup\u00e9e par <a href=\"http:\/\/develop.olympic.ca\/olympique\/team-canada\/maxime-dufour-lapointe\/\">Maxime Dufour-Lapointe <\/a>avant d\u2019entamer la ronde ultime. Rien n\u2019\u00e9tait jou\u00e9 d\u2019avance.<\/p>\n<div id=\"attachment_112359\" style=\"width: 1022px\" class=\"wp-caption alignnone\"><img loading=\"lazy\" decoding=\"async\" aria-describedby=\"caption-attachment-112359\" class=\"size-large wp-image-112359\" src=\"https:\/\/develop.olympic.ca\/wp-content\/uploads\/sites\/2\/2016\/01\/mr116_24419917850_o.jpg?quality=100&amp;w=1012\" alt=\"Chlo\u00e9 Dufour-Lapointe lors de la Coupe du monde de Calgary, le 30 janvier 2016. Photo par Mike Ridewood\/CFSA\" width=\"1012\" height=\"754\" \/><p id=\"caption-attachment-112359\" class=\"wp-caption-text\">Chlo\u00e9 Dufour-Lapointe lors de la Coupe du monde de Calgary, le 30 janvier 2016. Photo par Mike Ridewood\/CFSA<\/p><\/div>\n<p>Du haut de la piste, on pouvait entendre Justine Dufour-Lapointe r\u00e9citer ses mots-cl\u00e9s avant de compl\u00e9ter la derni\u00e8re descente de l\u2019\u00e9preuve f\u00e9minine. Son pointage de 77,24 n\u2019aura toutefois pas \u00e9t\u00e9 suffisant pour d\u00e9tr\u00f4ner sa s\u0153ur, <a href=\"http:\/\/develop.olympic.ca\/olympique\/team-canada\/chloe-dufour-lapointe\/\">Chlo\u00e9<\/a>, de la premi\u00e8re place. \u00c0 peine 18 centi\u00e8mes ont s\u00e9par\u00e9 les m\u00e9daill\u00e9es olympiques de Sotchi. Leur compatriote, Andi Naude, s\u2019est empar\u00e9e de la troisi\u00e8me place (74,11) pour compl\u00e9ter <a href=\"http:\/\/develop.olympic.ca\/olympique\/2016\/01\/23\/les-soeurs-dufour-lapointe-realisent-un-triple-historique-a-val-st-come-kingsbury-en-or\/\">ce deuxi\u00e8me tripl\u00e9 canadien<\/a> cons\u00e9cutif sur le circuit de la coupe du monde.<\/p>\n<div class=\"embed-twitter\">\n<blockquote class=\"twitter-tweet\" width=\"550\">\n<p lang=\"fr\" dir=\"ltr\">\u00ab C\u2019est un parcours qui n\u2019est pas facile \u00bb &#8211; Chlo\u00e9 Dufour-Lapointe, qui remporte l\u2019or \u00e0 la Coupe du monde de Calgary<a href=\"https:\/\/t.co\/3VneEfmAqH\">https:\/\/t.co\/3VneEfmAqH<\/a><\/p>\n<p>&mdash; Radio-Canada Sports (@RC_Sports) <a href=\"https:\/\/twitter.com\/RC_Sports\/status\/693552501484728321\">January 30, 2016<\/a><\/p><\/blockquote>\n<p><script async src=\"\/\/platform.twitter.com\/widgets.js\" charset=\"utf-8\"><\/script><\/div>\n<p>Audrey Robichaud a pris le cinqui\u00e8me\u00a0rang et Maxime Dufour-Lapointe, le sixi\u00e8me.<\/p>\n<p>Chez les hommes, c\u2019est <a href=\"http:\/\/develop.olympic.ca\/olympique\/team-canada\/mikael-kingsbury\/\">Mika\u00ebl Kingsbury<\/a> et <a href=\"http:\/\/develop.olympic.ca\/olympique\/team-canada\/philippe-marquis\/\">Philippe Marquis<\/a> qui ont repr\u00e9sent\u00e9 l\u2019unifoli\u00e9 en super finale. Imparfait en demi-finale, Mika\u00ebl Kingsbury a quand m\u00eame enregistr\u00e9 le meilleur pointage de la ronde (79,70). C\u2019est pour dire \u00e0 quel point il domine le sport.<\/p>\n<div class=\"embed-twitter\">\n<blockquote class=\"twitter-tweet\" width=\"550\">\n<p lang=\"en\" dir=\"ltr\">We have a new leader! <a href=\"https:\/\/twitter.com\/MarquisPhil\">@MarquisPhil<\/a> moves to the top of the leaderboard. <a href=\"https:\/\/twitter.com\/hashtag\/CalgaryWC?src=hash\">#CalgaryWC<\/a> <a href=\"https:\/\/t.co\/24Mx7Aeggq\">pic.twitter.com\/24Mx7Aeggq<\/a><\/p>\n<p>&mdash; Canada Freestyle (@canfreestyleski) <a href=\"https:\/\/twitter.com\/canfreestyleski\/status\/693532401369133056\">January 30, 2016<\/a><\/p><\/blockquote>\n<p><script async src=\"\/\/platform.twitter.com\/widgets.js\" charset=\"utf-8\"><\/script><\/div>\n<p>Alors que les femmes ont toutes tr\u00e8s bien ex\u00e9cut\u00e9 leurs descentes, il en \u00e9tait autrement du c\u00f4t\u00e9 des hommes. De grosses erreurs commises par deux des six finalistes ont laiss\u00e9 la porte grande ouverte pour les Canadiens en super finale. C\u2019est le Mika\u00ebl Kingsbury que nous avons l\u2019habitude de le voir qui rafl\u00e9 l\u2019or gr\u00e2ce \u00e0 une note de 81,63 et inscrire son 31e gain en carri\u00e8re. Philippe Marquis a conserv\u00e9 son deuxi\u00e8me rang mondial\u00a0apr\u00e8s une solide performance lui valant 80,51 points pour la m\u00e9daille d&rsquo;argent. C\u2019est le Japonnais Sho Endo qui est venu compl\u00e9ter le podium avec un d\u00e9ficit de plus de cinq points sur les Canadiens.<\/p>\n<div id=\"attachment_112358\" style=\"width: 1146px\" class=\"wp-caption alignnone\"><img loading=\"lazy\" decoding=\"async\" aria-describedby=\"caption-attachment-112358\" class=\"size-large wp-image-112358\" src=\"https:\/\/develop.olympic.ca\/wp-content\/uploads\/sites\/2\/2016\/01\/mr127_24088365274_o.jpg?quality=100&amp;w=1136\" alt=\"Avec ces victoires, Chlo\u00e9 Dufour-Lapointe et Mika\u00ebl Kingsbury conservent leurs places en t\u00eate du classement g\u00e9n\u00e9ral et porteront une fois de plus le maillot jaune \u00e0 la prochaine Coupe du monde.\" width=\"1136\" height=\"754\" srcset=\"https:\/\/develop.olympic.ca\/olympique\/wp-content\/uploads\/sites\/2\/2016\/01\/mr127_24088365274_o.jpg 3600w, https:\/\/develop.olympic.ca\/olympique\/wp-content\/uploads\/sites\/2\/2016\/01\/mr127_24088365274_o.jpg?resize=238,158 238w, https:\/\/develop.olympic.ca\/olympique\/wp-content\/uploads\/sites\/2\/2016\/01\/mr127_24088365274_o.jpg?resize=559,371 559w, https:\/\/develop.olympic.ca\/olympique\/wp-content\/uploads\/sites\/2\/2016\/01\/mr127_24088365274_o.jpg?resize=768,510 768w, https:\/\/develop.olympic.ca\/olympique\/wp-content\/uploads\/sites\/2\/2016\/01\/mr127_24088365274_o.jpg?resize=1136,754 1136w, https:\/\/develop.olympic.ca\/olympique\/wp-content\/uploads\/sites\/2\/2016\/01\/mr127_24088365274_o.jpg?resize=1536,1020 1536w, https:\/\/develop.olympic.ca\/olympique\/wp-content\/uploads\/sites\/2\/2016\/01\/mr127_24088365274_o.jpg?resize=2048,1360 2048w\" sizes=\"(max-width: 1136px) 100vw, 1136px\" \/><p id=\"caption-attachment-112358\" class=\"wp-caption-text\">Avec ces victoires, Chlo\u00e9 Dufour-Lapointe et Mika\u00ebl Kingsbury conservent leurs places en t\u00eate du classement g\u00e9n\u00e9ral et porteront une fois de plus le maillot jaune \u00e0 la prochaine Coupe du monde.<\/p><\/div>\n","protected":false},"excerpt":{"rendered":"<p>Les Canadiens ont rafl\u00e9 cinq des six m\u00e9dailles d\u00e9cern\u00e9es\u00a0lors la Coupe du monde de ski acrobatique disput\u00e9e au Parc olympique&#8230;<\/p>\n","protected":false},"author":96107080,"featured_media":112352,"comment_status":"open","ping_status":"closed","sticky":false,"template":"","format":"standard","meta":{"_acf_changed":false,"_crdt_document":"","_jetpack_memberships_contains_paid_content":false,"footnotes":""},"categories":[16085],"tags":[206068318,31548700,53539400,198261373,53539401,78499250],"post_format":"standard","sport":[181823549],"game":[],"coauthors":[209272438],"class_list":["post-112337","post","type-post","status-publish","format-standard","has-post-thumbnail","hentry","category-nouvelles","tag-andi-naude","tag-chloe-dufour-lapointe","tag-justine-dufour-lapointe","tag-maxime-dufour-lapointe","tag-mikael-kingsbury","tag-philippe-marquis","sport-ski-ski-acrobatique"],"acf":[],"yoast_head":"<!-- This site is optimized with the Yoast SEO plugin v27.5 - https:\/\/yoast.com\/product\/yoast-seo-wordpress\/ -->\n<title>Tripl\u00e9 canadien chez les femmes et doubl\u00e9 chez les hommes \u00e0 Calgary - \u00c9quipe Canada | Site officiel de l&#039;\u00e9quipe olympique<\/title>\n<meta name=\"robots\" content=\"index, follow, max-snippet:-1, max-image-preview:large, max-video-preview:-1\" \/>\n<link rel=\"canonical\" href=\"https:\/\/develop.olympic.ca\/olympique\/2016\/01\/30\/triple-canadien-chez-les-femmes-et-double-chez-les-hommes-a-calgary\/\" \/>\n<meta property=\"og:locale\" content=\"fr_FR\" \/>\n<meta property=\"og:type\" content=\"article\" \/>\n<meta property=\"og:title\" content=\"Tripl\u00e9 canadien chez les femmes et doubl\u00e9 chez les hommes \u00e0 Calgary - \u00c9quipe Canada | Site officiel de l&#039;\u00e9quipe olympique\" \/>\n<meta property=\"og:description\" content=\"Les Canadiens ont rafl\u00e9 cinq des six m\u00e9dailles d\u00e9cern\u00e9es\u00a0lors la Coupe du monde de ski acrobatique disput\u00e9e au Parc olympique...\" \/>\n<meta property=\"og:url\" content=\"https:\/\/develop.olympic.ca\/olympique\/2016\/01\/30\/triple-canadien-chez-les-femmes-et-double-chez-les-hommes-a-calgary\/\" \/>\n<meta property=\"og:site_name\" content=\"\u00c9quipe Canada | Site officiel de l&#039;\u00e9quipe olympique\" \/>\n<meta property=\"article:published_time\" content=\"2016-01-30T23:47:30+00:00\" \/>\n<meta property=\"article:modified_time\" content=\"2016-01-30T23:51:52+00:00\" \/>\n<meta property=\"og:image\" content=\"https:\/\/develop.olympic.ca\/olympique\/wp-content\/uploads\/sites\/2\/2016\/01\/10537278.jpg?quality=100\" \/>\n\t<meta property=\"og:image:width\" content=\"4172\" \/>\n\t<meta property=\"og:image:height\" content=\"2876\" \/>\n\t<meta property=\"og:image:type\" content=\"image\/jpeg\" \/>\n<meta name=\"author\" content=\"Ariane Desrosiers\" \/>\n<meta name=\"twitter:card\" content=\"summary_large_image\" \/>\n<meta name=\"twitter:label1\" content=\"Written by\" \/>\n\t<meta name=\"twitter:data1\" content=\"Ariane Desrosiers\" \/>\n\t<meta name=\"twitter:label2\" content=\"Est. reading time\" \/>\n\t<meta name=\"twitter:data2\" content=\"2 minutes\" \/>\n<script type=\"application\/ld+json\" class=\"yoast-schema-graph\">{\"@context\":\"https:\\\/\\\/schema.org\",\"@graph\":[{\"@type\":\"Article\",\"@id\":\"https:\\\/\\\/develop.olympic.ca\\\/olympique\\\/2016\\\/01\\\/30\\\/triple-canadien-chez-les-femmes-et-double-chez-les-hommes-a-calgary\\\/#article\",\"isPartOf\":{\"@id\":\"https:\\\/\\\/develop.olympic.ca\\\/olympique\\\/2016\\\/01\\\/30\\\/triple-canadien-chez-les-femmes-et-double-chez-les-hommes-a-calgary\\\/\"},\"author\":{\"name\":\"Ariane Desrosiers\",\"@id\":\"https:\\\/\\\/develop.olympic.ca\\\/olympique\\\/#\\\/schema\\\/person\\\/b1f02c0e9401652f763191612edde4e2\"},\"headline\":\"Tripl\u00e9 canadien chez les femmes et doubl\u00e9 chez les hommes \u00e0 Calgary\",\"datePublished\":\"2016-01-30T23:47:30+00:00\",\"dateModified\":\"2016-01-30T23:51:52+00:00\",\"mainEntityOfPage\":{\"@id\":\"https:\\\/\\\/develop.olympic.ca\\\/olympique\\\/2016\\\/01\\\/30\\\/triple-canadien-chez-les-femmes-et-double-chez-les-hommes-a-calgary\\\/\"},\"wordCount\":475,\"commentCount\":0,\"image\":{\"@id\":\"https:\\\/\\\/develop.olympic.ca\\\/olympique\\\/2016\\\/01\\\/30\\\/triple-canadien-chez-les-femmes-et-double-chez-les-hommes-a-calgary\\\/#primaryimage\"},\"thumbnailUrl\":\"https:\\\/\\\/develop.olympic.ca\\\/olympique\\\/wp-content\\\/uploads\\\/sites\\\/2\\\/2016\\\/01\\\/10537278.jpg?quality=100\",\"keywords\":[\"Andi Naude\",\"Chlo\u00e9 Dufour-Lapointe\",\"Justine Dufour-Lapointe\",\"Maxime Dufour-Lapointe\",\"Mika\u00ebl Kingsbury\",\"Philippe Marquis\"],\"articleSection\":[\"Nouvelles\"],\"inLanguage\":\"fr-FR\",\"potentialAction\":[{\"@type\":\"CommentAction\",\"name\":\"Comment\",\"target\":[\"https:\\\/\\\/develop.olympic.ca\\\/olympique\\\/2016\\\/01\\\/30\\\/triple-canadien-chez-les-femmes-et-double-chez-les-hommes-a-calgary\\\/#respond\"]}]},{\"@type\":\"WebPage\",\"@id\":\"https:\\\/\\\/develop.olympic.ca\\\/olympique\\\/2016\\\/01\\\/30\\\/triple-canadien-chez-les-femmes-et-double-chez-les-hommes-a-calgary\\\/\",\"url\":\"https:\\\/\\\/develop.olympic.ca\\\/olympique\\\/2016\\\/01\\\/30\\\/triple-canadien-chez-les-femmes-et-double-chez-les-hommes-a-calgary\\\/\",\"name\":\"Tripl\u00e9 canadien chez les femmes et doubl\u00e9 chez les hommes \u00e0 Calgary - \u00c9quipe Canada | Site officiel de l&#039;\u00e9quipe olympique\",\"isPartOf\":{\"@id\":\"https:\\\/\\\/develop.olympic.ca\\\/olympique\\\/#website\"},\"primaryImageOfPage\":{\"@id\":\"https:\\\/\\\/develop.olympic.ca\\\/olympique\\\/2016\\\/01\\\/30\\\/triple-canadien-chez-les-femmes-et-double-chez-les-hommes-a-calgary\\\/#primaryimage\"},\"image\":{\"@id\":\"https:\\\/\\\/develop.olympic.ca\\\/olympique\\\/2016\\\/01\\\/30\\\/triple-canadien-chez-les-femmes-et-double-chez-les-hommes-a-calgary\\\/#primaryimage\"},\"thumbnailUrl\":\"https:\\\/\\\/develop.olympic.ca\\\/olympique\\\/wp-content\\\/uploads\\\/sites\\\/2\\\/2016\\\/01\\\/10537278.jpg?quality=100\",\"datePublished\":\"2016-01-30T23:47:30+00:00\",\"dateModified\":\"2016-01-30T23:51:52+00:00\",\"author\":{\"@id\":\"https:\\\/\\\/develop.olympic.ca\\\/olympique\\\/#\\\/schema\\\/person\\\/b1f02c0e9401652f763191612edde4e2\"},\"inLanguage\":\"fr-FR\",\"potentialAction\":[{\"@type\":\"ReadAction\",\"target\":[\"https:\\\/\\\/develop.olympic.ca\\\/olympique\\\/2016\\\/01\\\/30\\\/triple-canadien-chez-les-femmes-et-double-chez-les-hommes-a-calgary\\\/\"]}]},{\"@type\":\"ImageObject\",\"inLanguage\":\"fr-FR\",\"@id\":\"https:\\\/\\\/develop.olympic.ca\\\/olympique\\\/2016\\\/01\\\/30\\\/triple-canadien-chez-les-femmes-et-double-chez-les-hommes-a-calgary\\\/#primaryimage\",\"url\":\"https:\\\/\\\/develop.olympic.ca\\\/olympique\\\/wp-content\\\/uploads\\\/sites\\\/2\\\/2016\\\/01\\\/10537278.jpg?quality=100\",\"contentUrl\":\"https:\\\/\\\/develop.olympic.ca\\\/olympique\\\/wp-content\\\/uploads\\\/sites\\\/2\\\/2016\\\/01\\\/10537278.jpg?quality=100\",\"width\":4172,\"height\":2876},{\"@type\":\"WebSite\",\"@id\":\"https:\\\/\\\/develop.olympic.ca\\\/olympique\\\/#website\",\"url\":\"https:\\\/\\\/develop.olympic.ca\\\/olympique\\\/\",\"name\":\"\u00c9quipe Canada | Site officiel de l&#039;\u00e9quipe olympique\",\"description\":\"Votre source pour l\u2019\u00c9quipe olympique canadienne. Retrouvez les r\u00e9cits, vid\u00e9os et photos des athl\u00e8tes canadiens, sports olympiques, Jeux olympiques de 2020 et bien plus!\",\"potentialAction\":[{\"@type\":\"SearchAction\",\"target\":{\"@type\":\"EntryPoint\",\"urlTemplate\":\"https:\\\/\\\/develop.olympic.ca\\\/olympique\\\/?s={search_term_string}\"},\"query-input\":{\"@type\":\"PropertyValueSpecification\",\"valueRequired\":true,\"valueName\":\"search_term_string\"}}],\"inLanguage\":\"fr-FR\"},{\"@type\":\"Person\",\"@id\":\"https:\\\/\\\/develop.olympic.ca\\\/olympique\\\/#\\\/schema\\\/person\\\/b1f02c0e9401652f763191612edde4e2\",\"name\":\"Ariane Desrosiers\",\"image\":{\"@type\":\"ImageObject\",\"inLanguage\":\"fr-FR\",\"@id\":\"https:\\\/\\\/secure.gravatar.com\\\/avatar\\\/f7248cc9e6971153fdd196741b079c0229522d18a24f1fb69fb73c510aa6e189?s=96&d=identicon&r=gbd92884420bbfa56539e46241678b7d5\",\"url\":\"https:\\\/\\\/secure.gravatar.com\\\/avatar\\\/f7248cc9e6971153fdd196741b079c0229522d18a24f1fb69fb73c510aa6e189?s=96&d=identicon&r=g\",\"contentUrl\":\"https:\\\/\\\/secure.gravatar.com\\\/avatar\\\/f7248cc9e6971153fdd196741b079c0229522d18a24f1fb69fb73c510aa6e189?s=96&d=identicon&r=g\",\"caption\":\"Ariane Desrosiers\"},\"description\":\"Specialist, Social Sp\u00e9cialiste, M\u00e9dias num\u00e9riques\",\"url\":\"https:\\\/\\\/develop.olympic.ca\\\/olympique\\\/author\\\/arianedesrosiers\\\/\"}]}<\/script>\n<!-- \/ Yoast SEO plugin. -->","yoast_head_json":{"title":"Tripl\u00e9 canadien chez les femmes et doubl\u00e9 chez les hommes \u00e0 Calgary - \u00c9quipe Canada | Site officiel de l&#039;\u00e9quipe olympique","robots":{"index":"index","follow":"follow","max-snippet":"max-snippet:-1","max-image-preview":"max-image-preview:large","max-video-preview":"max-video-preview:-1"},"canonical":"https:\/\/develop.olympic.ca\/olympique\/2016\/01\/30\/triple-canadien-chez-les-femmes-et-double-chez-les-hommes-a-calgary\/","og_locale":"fr_FR","og_type":"article","og_title":"Tripl\u00e9 canadien chez les femmes et doubl\u00e9 chez les hommes \u00e0 Calgary - \u00c9quipe Canada | Site officiel de l&#039;\u00e9quipe olympique","og_description":"Les Canadiens ont rafl\u00e9 cinq des six m\u00e9dailles d\u00e9cern\u00e9es\u00a0lors la Coupe du monde de ski acrobatique disput\u00e9e au Parc olympique...","og_url":"https:\/\/develop.olympic.ca\/olympique\/2016\/01\/30\/triple-canadien-chez-les-femmes-et-double-chez-les-hommes-a-calgary\/","og_site_name":"\u00c9quipe Canada | Site officiel de l&#039;\u00e9quipe olympique","article_published_time":"2016-01-30T23:47:30+00:00","article_modified_time":"2016-01-30T23:51:52+00:00","og_image":[{"width":4172,"height":2876,"url":"https:\/\/develop.olympic.ca\/olympique\/wp-content\/uploads\/sites\/2\/2016\/01\/10537278.jpg?quality=100","type":"image\/jpeg"}],"author":"Ariane Desrosiers","twitter_card":"summary_large_image","twitter_misc":{"Written by":"Ariane Desrosiers","Est. reading time":"2 minutes"},"schema":{"@context":"https:\/\/schema.org","@graph":[{"@type":"Article","@id":"https:\/\/develop.olympic.ca\/olympique\/2016\/01\/30\/triple-canadien-chez-les-femmes-et-double-chez-les-hommes-a-calgary\/#article","isPartOf":{"@id":"https:\/\/develop.olympic.ca\/olympique\/2016\/01\/30\/triple-canadien-chez-les-femmes-et-double-chez-les-hommes-a-calgary\/"},"author":{"name":"Ariane Desrosiers","@id":"https:\/\/develop.olympic.ca\/olympique\/#\/schema\/person\/b1f02c0e9401652f763191612edde4e2"},"headline":"Tripl\u00e9 canadien chez les femmes et doubl\u00e9 chez les hommes \u00e0 Calgary","datePublished":"2016-01-30T23:47:30+00:00","dateModified":"2016-01-30T23:51:52+00:00","mainEntityOfPage":{"@id":"https:\/\/develop.olympic.ca\/olympique\/2016\/01\/30\/triple-canadien-chez-les-femmes-et-double-chez-les-hommes-a-calgary\/"},"wordCount":475,"commentCount":0,"image":{"@id":"https:\/\/develop.olympic.ca\/olympique\/2016\/01\/30\/triple-canadien-chez-les-femmes-et-double-chez-les-hommes-a-calgary\/#primaryimage"},"thumbnailUrl":"https:\/\/develop.olympic.ca\/olympique\/wp-content\/uploads\/sites\/2\/2016\/01\/10537278.jpg?quality=100","keywords":["Andi Naude","Chlo\u00e9 Dufour-Lapointe","Justine Dufour-Lapointe","Maxime Dufour-Lapointe","Mika\u00ebl Kingsbury","Philippe Marquis"],"articleSection":["Nouvelles"],"inLanguage":"fr-FR","potentialAction":[{"@type":"CommentAction","name":"Comment","target":["https:\/\/develop.olympic.ca\/olympique\/2016\/01\/30\/triple-canadien-chez-les-femmes-et-double-chez-les-hommes-a-calgary\/#respond"]}]},{"@type":"WebPage","@id":"https:\/\/develop.olympic.ca\/olympique\/2016\/01\/30\/triple-canadien-chez-les-femmes-et-double-chez-les-hommes-a-calgary\/","url":"https:\/\/develop.olympic.ca\/olympique\/2016\/01\/30\/triple-canadien-chez-les-femmes-et-double-chez-les-hommes-a-calgary\/","name":"Tripl\u00e9 canadien chez les femmes et doubl\u00e9 chez les hommes \u00e0 Calgary - \u00c9quipe Canada | Site officiel de l&#039;\u00e9quipe olympique","isPartOf":{"@id":"https:\/\/develop.olympic.ca\/olympique\/#website"},"primaryImageOfPage":{"@id":"https:\/\/develop.olympic.ca\/olympique\/2016\/01\/30\/triple-canadien-chez-les-femmes-et-double-chez-les-hommes-a-calgary\/#primaryimage"},"image":{"@id":"https:\/\/develop.olympic.ca\/olympique\/2016\/01\/30\/triple-canadien-chez-les-femmes-et-double-chez-les-hommes-a-calgary\/#primaryimage"},"thumbnailUrl":"https:\/\/develop.olympic.ca\/olympique\/wp-content\/uploads\/sites\/2\/2016\/01\/10537278.jpg?quality=100","datePublished":"2016-01-30T23:47:30+00:00","dateModified":"2016-01-30T23:51:52+00:00","author":{"@id":"https:\/\/develop.olympic.ca\/olympique\/#\/schema\/person\/b1f02c0e9401652f763191612edde4e2"},"inLanguage":"fr-FR","potentialAction":[{"@type":"ReadAction","target":["https:\/\/develop.olympic.ca\/olympique\/2016\/01\/30\/triple-canadien-chez-les-femmes-et-double-chez-les-hommes-a-calgary\/"]}]},{"@type":"ImageObject","inLanguage":"fr-FR","@id":"https:\/\/develop.olympic.ca\/olympique\/2016\/01\/30\/triple-canadien-chez-les-femmes-et-double-chez-les-hommes-a-calgary\/#primaryimage","url":"https:\/\/develop.olympic.ca\/olympique\/wp-content\/uploads\/sites\/2\/2016\/01\/10537278.jpg?quality=100","contentUrl":"https:\/\/develop.olympic.ca\/olympique\/wp-content\/uploads\/sites\/2\/2016\/01\/10537278.jpg?quality=100","width":4172,"height":2876},{"@type":"WebSite","@id":"https:\/\/develop.olympic.ca\/olympique\/#website","url":"https:\/\/develop.olympic.ca\/olympique\/","name":"\u00c9quipe Canada | Site officiel de l&#039;\u00e9quipe olympique","description":"Votre source pour l\u2019\u00c9quipe olympique canadienne. Retrouvez les r\u00e9cits, vid\u00e9os et photos des athl\u00e8tes canadiens, sports olympiques, Jeux olympiques de 2020 et bien plus!","potentialAction":[{"@type":"SearchAction","target":{"@type":"EntryPoint","urlTemplate":"https:\/\/develop.olympic.ca\/olympique\/?s={search_term_string}"},"query-input":{"@type":"PropertyValueSpecification","valueRequired":true,"valueName":"search_term_string"}}],"inLanguage":"fr-FR"},{"@type":"Person","@id":"https:\/\/develop.olympic.ca\/olympique\/#\/schema\/person\/b1f02c0e9401652f763191612edde4e2","name":"Ariane Desrosiers","image":{"@type":"ImageObject","inLanguage":"fr-FR","@id":"https:\/\/secure.gravatar.com\/avatar\/f7248cc9e6971153fdd196741b079c0229522d18a24f1fb69fb73c510aa6e189?s=96&d=identicon&r=gbd92884420bbfa56539e46241678b7d5","url":"https:\/\/secure.gravatar.com\/avatar\/f7248cc9e6971153fdd196741b079c0229522d18a24f1fb69fb73c510aa6e189?s=96&d=identicon&r=g","contentUrl":"https:\/\/secure.gravatar.com\/avatar\/f7248cc9e6971153fdd196741b079c0229522d18a24f1fb69fb73c510aa6e189?s=96&d=identicon&r=g","caption":"Ariane Desrosiers"},"description":"Specialist, Social Sp\u00e9cialiste, M\u00e9dias num\u00e9riques","url":"https:\/\/develop.olympic.ca\/olympique\/author\/arianedesrosiers\/"}]}},"jetpack_featured_media_url":"https:\/\/develop.olympic.ca\/olympique\/wp-content\/uploads\/sites\/2\/2016\/01\/10537278.jpg?quality=100","featured_image_url":"https:\/\/develop.olympic.ca\/olympique\/wp-content\/uploads\/sites\/2\/2016\/01\/10537278.jpg?quality=100","author_name":["Ariane Desrosiers"],"category_names":["Nouvelles"],"tag_names":["Andi Naude","Chlo\u00e9 Dufour-Lapointe","Justine Dufour-Lapointe","Maxime Dufour-Lapointe","Mika\u00ebl Kingsbury","Philippe Marquis"],"video_embed_code":"","facebook_video_embed_code":"","jetpack_sharing_enabled":true,"jetpack-related-posts":[],"jetpack_shortlink":"https:\/\/wp.me\/pbmyEP-tdT","_links":{"self":[{"href":"https:\/\/develop.olympic.ca\/olympique\/wp-json\/wp\/v2\/posts\/112337","targetHints":{"allow":["GET"]}}],"collection":[{"href":"https:\/\/develop.olympic.ca\/olympique\/wp-json\/wp\/v2\/posts"}],"about":[{"href":"https:\/\/develop.olympic.ca\/olympique\/wp-json\/wp\/v2\/types\/post"}],"author":[{"embeddable":true,"href":"https:\/\/develop.olympic.ca\/olympique\/wp-json\/wp\/v2\/users\/96107080"}],"replies":[{"embeddable":true,"href":"https:\/\/develop.olympic.ca\/olympique\/wp-json\/wp\/v2\/comments?post=112337"}],"version-history":[{"count":6,"href":"https:\/\/develop.olympic.ca\/olympique\/wp-json\/wp\/v2\/posts\/112337\/revisions"}],"predecessor-version":[{"id":112360,"href":"https:\/\/develop.olympic.ca\/olympique\/wp-json\/wp\/v2\/posts\/112337\/revisions\/112360"}],"wp:featuredmedia":[{"embeddable":true,"href":"https:\/\/develop.olympic.ca\/olympique\/wp-json\/wp\/v2\/media\/112352"}],"wp:attachment":[{"href":"https:\/\/develop.olympic.ca\/olympique\/wp-json\/wp\/v2\/media?parent=112337"}],"wp:term":[{"taxonomy":"category","embeddable":true,"href":"https:\/\/develop.olympic.ca\/olympique\/wp-json\/wp\/v2\/categories?post=112337"},{"taxonomy":"post_tag","embeddable":true,"href":"https:\/\/develop.olympic.ca\/olympique\/wp-json\/wp\/v2\/tags?post=112337"},{"taxonomy":"post_format","embeddable":true,"href":"https:\/\/develop.olympic.ca\/olympique\/wp-json\/wp\/v2\/post_format?post=112337"},{"taxonomy":"sport","embeddable":true,"href":"https:\/\/develop.olympic.ca\/olympique\/wp-json\/wp\/v2\/sport?post=112337"},{"taxonomy":"game","embeddable":true,"href":"https:\/\/develop.olympic.ca\/olympique\/wp-json\/wp\/v2\/game?post=112337"},{"taxonomy":"author","embeddable":true,"href":"https:\/\/develop.olympic.ca\/olympique\/wp-json\/wp\/v2\/coauthors?post=112337"}],"curies":[{"name":"wp","href":"https:\/\/api.w.org\/{rel}","templated":true}]}}