{"id":112971,"date":"2016-02-20T19:01:11","date_gmt":"2016-02-21T00:01:11","guid":{"rendered":"http:\/\/develop.olympic.ca\/olympique\/?p=112971"},"modified":"2016-02-21T19:08:37","modified_gmt":"2016-02-22T00:08:37","slug":"melissa-bishop-ameliore-le-record-canadien-du-800-m-en-salle-deux-fois-plutot-quune","status":"publish","type":"post","link":"https:\/\/develop.olympic.ca\/olympique\/2016\/02\/20\/melissa-bishop-ameliore-le-record-canadien-du-800-m-en-salle-deux-fois-plutot-quune\/","title":{"rendered":"Melissa Bishop am\u00e9liore le record canadien du 800 m en salle deux fois plut\u00f4t qu\u2019une"},"content":{"rendered":"<h1>Deux records en deux courses, voil\u00e0 dans quelle forme physique se trouve la m\u00e9daill\u00e9e d\u2019argent des Mondiaux d\u2019athl\u00e9tisme <a href=\"http:\/\/develop.olympic.ca\/olympique\/team-canada\/melissa-bishop\/\">Melissa Bishop<\/a> \u00e0 quelques mois des Jeux de Rio.<\/h1>\n<p>Samedi, \u00e0 Glasgow, Melissa a couru le 800 m en un temps de 2 :00,19 secondes pour \u00e9tablir un nouveau record canadien en salle \u00e0 la derni\u00e8re comp\u00e9tition du circuit mondial de l\u2019IAAF en salle.<\/p>\n<div class=\"embed-instagram\">\n<blockquote class=\"instagram-media\" data-instgrm-captioned data-instgrm-version=\"6\" style=\" background:#FFF; border:0; border-radius:3px; box-shadow:0 0 1px 0 rgba(0,0,0,0.5),0 1px 10px 0 rgba(0,0,0,0.15); margin: 1px; max-width:658px; padding:0; width:99.375%; width:-webkit-calc(100% - 2px); width:calc(100% - 2px);\">\n<div style=\"padding:8px;\">\n<div style=\" background:#F8F8F8; line-height:0; margin-top:40px; padding:50.0% 0; text-align:center; width:100%;\">\n<div style=\" background:url(data:image\/png;base64,iVBORw0KGgoAAAANSUhEUgAAACwAAAAsCAMAAAApWqozAAAAGFBMVEUiIiI9PT0eHh4gIB4hIBkcHBwcHBwcHBydr+JQAAAACHRSTlMABA4YHyQsM5jtaMwAAADfSURBVDjL7ZVBEgMhCAQBAf\/\/42xcNbpAqakcM0ftUmFAAIBE81IqBJdS3lS6zs3bIpB9WED3YYXFPmHRfT8sgyrCP1x8uEUxLMzNWElFOYCV6mHWWwMzdPEKHlhLw7NWJqkHc4uIZphavDzA2JPzUDsBZziNae2S6owH8xPmX8G7zzgKEOPUoYHvGz1TBCxMkd3kwNVbU0gKHkx+iZILf77IofhrY1nYFnB\/lQPb79drWOyJVa\/DAvg9B\/rLB4cC+Nqgdz\/TvBbBnr6GBReqn\/nRmDgaQEej7WhonozjF+Y2I\/fZou\/qAAAAAElFTkSuQmCC); display:block; height:44px; margin:0 auto -44px; position:relative; top:-22px; width:44px;\"><\/div>\n<\/div>\n<p style=\" margin:8px 0 0 0; padding:0 4px;\"> <a href=\"https:\/\/www.instagram.com\/p\/BCBEDesLIPy\/\" style=\" color:#000; font-family:Arial,sans-serif; font-size:14px; font-style:normal; font-weight:normal; line-height:17px; text-decoration:none; word-wrap:break-word;\" target=\"_blank\">A look at @melissacorinneb&#39;s last few metres on her way to victory &amp; the \ud83c\udde8\ud83c\udde6 record. 2:00.19 #athleticscanada #athletismecanada #glasgowgp<\/a><\/p>\n<p style=\" color:#c9c8cd; font-family:Arial,sans-serif; font-size:14px; line-height:17px; margin-bottom:0; margin-top:8px; overflow:hidden; padding:8px 0 7px; text-align:center; text-overflow:ellipsis; white-space:nowrap;\">A video posted by Athletics Canada (@athleticscanada) on <time style=\" font-family:Arial,sans-serif; font-size:14px; line-height:17px;\" datetime=\"2016-02-20T17:33:42+00:00\">Feb 20, 2016 at 9:33am PST<\/time><\/p>\n<\/div>\n<\/blockquote>\n<p><script async defer src=\"\/\/platform.instagram.com\/en_US\/embeds.js\"><\/script><\/div>\n<p>\u00c0 quand remontait le dernier record vous me direz? \u00c0 mercredi, quand la Canadienne a franchi le fil d\u2019arriv\u00e9e en 2 :00,60. Dans la derni\u00e8re ann\u00e9e, Melissa Bishop s\u2019est d\u00e9marqu\u00e9e comme nul autre n\u2019a su le faire dans l\u2019histoire des courses de demi-fond au Canada. Elle a notamment <a href=\"http:\/\/develop.olympic.ca\/olympique\/2015\/07\/22\/panam-jour-12-en-direct\/\">rafl\u00e9 l\u2019or aux Jeux panam\u00e9ricains<\/a> \u00e0 Toronto et a \u00e9t\u00e9 sacr\u00e9e <a href=\"http:\/\/develop.olympic.ca\/olympique\/2015\/08\/22\/les-canadiens-en-bonne-position-apres-le-1er-jour-des-mondiaux-dathletisme\/\">vice-championne du monde<\/a> au 800 m \u00e0 Beijing en plus d\u2019\u00e9tablir un record canadien sur piste ext\u00e9rieure (1 :57, 52) \u00e0 cette m\u00eame comp\u00e9tition.<\/p>\n<p>Melissa Bishop a repr\u00e9sent\u00e9 le Canada aux Jeux olympiques de 2012 \u00e0 Londres.<\/p>\n<div class=\"embed-instagram\">\n<blockquote class=\"instagram-media\" data-instgrm-captioned data-instgrm-version=\"6\" style=\" background:#FFF; border:0; border-radius:3px; box-shadow:0 0 1px 0 rgba(0,0,0,0.5),0 1px 10px 0 rgba(0,0,0,0.15); margin: 1px; max-width:658px; padding:0; width:99.375%; width:-webkit-calc(100% - 2px); width:calc(100% - 2px);\">\n<div style=\"padding:8px;\">\n<div style=\" background:#F8F8F8; line-height:0; margin-top:40px; padding:50.0% 0; text-align:center; width:100%;\">\n<div style=\" background:url(data:image\/png;base64,iVBORw0KGgoAAAANSUhEUgAAACwAAAAsCAMAAAApWqozAAAAGFBMVEUiIiI9PT0eHh4gIB4hIBkcHBwcHBwcHBydr+JQAAAACHRSTlMABA4YHyQsM5jtaMwAAADfSURBVDjL7ZVBEgMhCAQBAf\/\/42xcNbpAqakcM0ftUmFAAIBE81IqBJdS3lS6zs3bIpB9WED3YYXFPmHRfT8sgyrCP1x8uEUxLMzNWElFOYCV6mHWWwMzdPEKHlhLw7NWJqkHc4uIZphavDzA2JPzUDsBZziNae2S6owH8xPmX8G7zzgKEOPUoYHvGz1TBCxMkd3kwNVbU0gKHkx+iZILf77IofhrY1nYFnB\/lQPb79drWOyJVa\/DAvg9B\/rLB4cC+Nqgdz\/TvBbBnr6GBReqn\/nRmDgaQEej7WhonozjF+Y2I\/fZou\/qAAAAAElFTkSuQmCC); display:block; height:44px; margin:0 auto -44px; position:relative; top:-22px; width:44px;\"><\/div>\n<\/div>\n<p style=\" margin:8px 0 0 0; padding:0 4px;\"> <a href=\"https:\/\/www.instagram.com\/p\/BCBFHTXRBJ2\/\" style=\" color:#000; font-family:Arial,sans-serif; font-size:14px; font-style:normal; font-weight:normal; line-height:17px; text-decoration:none; word-wrap:break-word;\" target=\"_blank\">Readjusting those bum-huggers to get ready for ANOTHER CANADIAN RECORD! 2:00.19 in Glasgow this afternoon, which capped off the indoor season. Looking ahead to Rio now #glasgowgrandprix #Nike #yabish  Killer \ud83d\udcf7 skills by @haasruns<\/a><\/p>\n<p style=\" color:#c9c8cd; font-family:Arial,sans-serif; font-size:14px; line-height:17px; margin-bottom:0; margin-top:8px; overflow:hidden; padding:8px 0 7px; text-align:center; text-overflow:ellipsis; white-space:nowrap;\">A photo posted by Melissa Bishop (@melissacorinneb) on <time style=\" font-family:Arial,sans-serif; font-size:14px; line-height:17px;\" datetime=\"2016-02-20T17:42:58+00:00\">Feb 20, 2016 at 9:42am PST<\/time><\/p>\n<\/div>\n<\/blockquote>\n<p><script async defer src=\"\/\/platform.instagram.com\/en_US\/embeds.js\"><\/script><\/div>\n","protected":false},"excerpt":{"rendered":"<p>Deux records en deux courses, voil\u00e0 dans quelle forme physique se trouve la m\u00e9daill\u00e9e d\u2019argent des Mondiaux d\u2019athl\u00e9tisme Melissa Bishop&#8230;<\/p>\n","protected":false},"author":10774097,"featured_media":112972,"comment_status":"open","ping_status":"closed","sticky":false,"template":"","format":"standard","meta":{"_acf_changed":false,"_crdt_document":"","_jetpack_memberships_contains_paid_content":false,"footnotes":""},"categories":[16085],"tags":[44301615],"post_format":"standard","sport":[48770],"game":[],"coauthors":[197553292],"class_list":["post-112971","post","type-post","status-publish","format-standard","has-post-thumbnail","hentry","category-nouvelles","tag-melissa-bishop","sport-athletisme"],"acf":[],"yoast_head":"<!-- This site is optimized with the Yoast SEO plugin v27.3 - https:\/\/yoast.com\/product\/yoast-seo-wordpress\/ -->\n<title>Melissa Bishop am\u00e9liore le record canadien du 800 m en salle deux fois plut\u00f4t qu\u2019une - \u00c9quipe Canada | Site officiel de l&#039;\u00e9quipe olympique<\/title>\n<meta name=\"robots\" content=\"index, follow, max-snippet:-1, max-image-preview:large, max-video-preview:-1\" \/>\n<link rel=\"canonical\" href=\"https:\/\/develop.olympic.ca\/olympique\/2016\/02\/20\/melissa-bishop-ameliore-le-record-canadien-du-800-m-en-salle-deux-fois-plutot-quune\/\" \/>\n<meta property=\"og:locale\" content=\"fr_FR\" \/>\n<meta property=\"og:type\" content=\"article\" \/>\n<meta property=\"og:title\" content=\"Melissa Bishop am\u00e9liore le record canadien du 800 m en salle deux fois plut\u00f4t qu\u2019une - \u00c9quipe Canada | Site officiel de l&#039;\u00e9quipe olympique\" \/>\n<meta property=\"og:description\" content=\"Deux records en deux courses, voil\u00e0 dans quelle forme physique se trouve la m\u00e9daill\u00e9e d\u2019argent des Mondiaux d\u2019athl\u00e9tisme Melissa Bishop...\" \/>\n<meta property=\"og:url\" content=\"https:\/\/develop.olympic.ca\/olympique\/2016\/02\/20\/melissa-bishop-ameliore-le-record-canadien-du-800-m-en-salle-deux-fois-plutot-quune\/\" \/>\n<meta property=\"og:site_name\" content=\"\u00c9quipe Canada | Site officiel de l&#039;\u00e9quipe olympique\" \/>\n<meta property=\"article:published_time\" content=\"2016-02-21T00:01:11+00:00\" \/>\n<meta property=\"article:modified_time\" content=\"2016-02-22T00:08:37+00:00\" \/>\n<meta property=\"og:image\" content=\"https:\/\/develop.olympic.ca\/olympique\/wp-content\/uploads\/sites\/2\/2016\/02\/bishop3.jpg?quality=100\" \/>\n\t<meta property=\"og:image:width\" content=\"1340\" \/>\n\t<meta property=\"og:image:height\" content=\"754\" \/>\n\t<meta property=\"og:image:type\" content=\"image\/jpeg\" \/>\n<meta name=\"author\" content=\"Asif Hossain\" \/>\n<meta name=\"twitter:card\" content=\"summary_large_image\" \/>\n<meta name=\"twitter:label1\" content=\"Written by\" \/>\n\t<meta name=\"twitter:data1\" content=\"Asif Hossain\" \/>\n\t<meta name=\"twitter:label2\" content=\"Est. reading time\" \/>\n\t<meta name=\"twitter:data2\" content=\"1 minute\" \/>\n<script type=\"application\/ld+json\" class=\"yoast-schema-graph\">{\"@context\":\"https:\\\/\\\/schema.org\",\"@graph\":[{\"@type\":\"Article\",\"@id\":\"https:\\\/\\\/develop.olympic.ca\\\/olympique\\\/2016\\\/02\\\/20\\\/melissa-bishop-ameliore-le-record-canadien-du-800-m-en-salle-deux-fois-plutot-quune\\\/#article\",\"isPartOf\":{\"@id\":\"https:\\\/\\\/develop.olympic.ca\\\/olympique\\\/2016\\\/02\\\/20\\\/melissa-bishop-ameliore-le-record-canadien-du-800-m-en-salle-deux-fois-plutot-quune\\\/\"},\"author\":{\"name\":\"Asif Hossain\",\"@id\":\"https:\\\/\\\/develop.olympic.ca\\\/olympique\\\/#\\\/schema\\\/person\\\/b6aaae4d1289f5c395d8872e37272678\"},\"headline\":\"Melissa Bishop am\u00e9liore le record canadien du 800 m en salle deux fois plut\u00f4t qu\u2019une\",\"datePublished\":\"2016-02-21T00:01:11+00:00\",\"dateModified\":\"2016-02-22T00:08:37+00:00\",\"mainEntityOfPage\":{\"@id\":\"https:\\\/\\\/develop.olympic.ca\\\/olympique\\\/2016\\\/02\\\/20\\\/melissa-bishop-ameliore-le-record-canadien-du-800-m-en-salle-deux-fois-plutot-quune\\\/\"},\"wordCount\":195,\"commentCount\":0,\"image\":{\"@id\":\"https:\\\/\\\/develop.olympic.ca\\\/olympique\\\/2016\\\/02\\\/20\\\/melissa-bishop-ameliore-le-record-canadien-du-800-m-en-salle-deux-fois-plutot-quune\\\/#primaryimage\"},\"thumbnailUrl\":\"https:\\\/\\\/develop.olympic.ca\\\/olympique\\\/wp-content\\\/uploads\\\/sites\\\/2\\\/2016\\\/02\\\/bishop3.jpg?quality=100\",\"keywords\":[\"Melissa Bishop\"],\"articleSection\":[\"Nouvelles\"],\"inLanguage\":\"fr-FR\",\"potentialAction\":[{\"@type\":\"CommentAction\",\"name\":\"Comment\",\"target\":[\"https:\\\/\\\/develop.olympic.ca\\\/olympique\\\/2016\\\/02\\\/20\\\/melissa-bishop-ameliore-le-record-canadien-du-800-m-en-salle-deux-fois-plutot-quune\\\/#respond\"]}]},{\"@type\":\"WebPage\",\"@id\":\"https:\\\/\\\/develop.olympic.ca\\\/olympique\\\/2016\\\/02\\\/20\\\/melissa-bishop-ameliore-le-record-canadien-du-800-m-en-salle-deux-fois-plutot-quune\\\/\",\"url\":\"https:\\\/\\\/develop.olympic.ca\\\/olympique\\\/2016\\\/02\\\/20\\\/melissa-bishop-ameliore-le-record-canadien-du-800-m-en-salle-deux-fois-plutot-quune\\\/\",\"name\":\"Melissa Bishop am\u00e9liore le record canadien du 800 m en salle deux fois plut\u00f4t qu\u2019une - \u00c9quipe Canada | Site officiel de l&#039;\u00e9quipe olympique\",\"isPartOf\":{\"@id\":\"https:\\\/\\\/develop.olympic.ca\\\/olympique\\\/#website\"},\"primaryImageOfPage\":{\"@id\":\"https:\\\/\\\/develop.olympic.ca\\\/olympique\\\/2016\\\/02\\\/20\\\/melissa-bishop-ameliore-le-record-canadien-du-800-m-en-salle-deux-fois-plutot-quune\\\/#primaryimage\"},\"image\":{\"@id\":\"https:\\\/\\\/develop.olympic.ca\\\/olympique\\\/2016\\\/02\\\/20\\\/melissa-bishop-ameliore-le-record-canadien-du-800-m-en-salle-deux-fois-plutot-quune\\\/#primaryimage\"},\"thumbnailUrl\":\"https:\\\/\\\/develop.olympic.ca\\\/olympique\\\/wp-content\\\/uploads\\\/sites\\\/2\\\/2016\\\/02\\\/bishop3.jpg?quality=100\",\"datePublished\":\"2016-02-21T00:01:11+00:00\",\"dateModified\":\"2016-02-22T00:08:37+00:00\",\"author\":{\"@id\":\"https:\\\/\\\/develop.olympic.ca\\\/olympique\\\/#\\\/schema\\\/person\\\/b6aaae4d1289f5c395d8872e37272678\"},\"inLanguage\":\"fr-FR\",\"potentialAction\":[{\"@type\":\"ReadAction\",\"target\":[\"https:\\\/\\\/develop.olympic.ca\\\/olympique\\\/2016\\\/02\\\/20\\\/melissa-bishop-ameliore-le-record-canadien-du-800-m-en-salle-deux-fois-plutot-quune\\\/\"]}]},{\"@type\":\"ImageObject\",\"inLanguage\":\"fr-FR\",\"@id\":\"https:\\\/\\\/develop.olympic.ca\\\/olympique\\\/2016\\\/02\\\/20\\\/melissa-bishop-ameliore-le-record-canadien-du-800-m-en-salle-deux-fois-plutot-quune\\\/#primaryimage\",\"url\":\"https:\\\/\\\/develop.olympic.ca\\\/olympique\\\/wp-content\\\/uploads\\\/sites\\\/2\\\/2016\\\/02\\\/bishop3.jpg?quality=100\",\"contentUrl\":\"https:\\\/\\\/develop.olympic.ca\\\/olympique\\\/wp-content\\\/uploads\\\/sites\\\/2\\\/2016\\\/02\\\/bishop3.jpg?quality=100\",\"width\":1340,\"height\":754},{\"@type\":\"WebSite\",\"@id\":\"https:\\\/\\\/develop.olympic.ca\\\/olympique\\\/#website\",\"url\":\"https:\\\/\\\/develop.olympic.ca\\\/olympique\\\/\",\"name\":\"\u00c9quipe Canada | Site officiel de l&#039;\u00e9quipe olympique\",\"description\":\"Votre source pour l\u2019\u00c9quipe olympique canadienne. Retrouvez les r\u00e9cits, vid\u00e9os et photos des athl\u00e8tes canadiens, sports olympiques, Jeux olympiques de 2020 et bien plus!\",\"potentialAction\":[{\"@type\":\"SearchAction\",\"target\":{\"@type\":\"EntryPoint\",\"urlTemplate\":\"https:\\\/\\\/develop.olympic.ca\\\/olympique\\\/?s={search_term_string}\"},\"query-input\":{\"@type\":\"PropertyValueSpecification\",\"valueRequired\":true,\"valueName\":\"search_term_string\"}}],\"inLanguage\":\"fr-FR\"},{\"@type\":\"Person\",\"@id\":\"https:\\\/\\\/develop.olympic.ca\\\/olympique\\\/#\\\/schema\\\/person\\\/b6aaae4d1289f5c395d8872e37272678\",\"name\":\"Asif Hossain\",\"image\":{\"@type\":\"ImageObject\",\"inLanguage\":\"fr-FR\",\"@id\":\"https:\\\/\\\/secure.gravatar.com\\\/avatar\\\/d78674d61b6b8fcd5488a575ef3fab9b8bed1978cf5bb978adeae1f9411abe4a?s=96&d=identicon&r=g22eff5eea2e28da905f112e9933af68b\",\"url\":\"https:\\\/\\\/secure.gravatar.com\\\/avatar\\\/d78674d61b6b8fcd5488a575ef3fab9b8bed1978cf5bb978adeae1f9411abe4a?s=96&d=identicon&r=g\",\"contentUrl\":\"https:\\\/\\\/secure.gravatar.com\\\/avatar\\\/d78674d61b6b8fcd5488a575ef3fab9b8bed1978cf5bb978adeae1f9411abe4a?s=96&d=identicon&r=g\",\"caption\":\"Asif Hossain\"},\"description\":\"Digital content, marketing and communications manager by trade.\",\"sameAs\":[\"http:\\\/\\\/asifhossain.wordpress.com\"],\"url\":\"https:\\\/\\\/develop.olympic.ca\\\/olympique\\\/author\\\/asifhossain\\\/\"}]}<\/script>\n<!-- \/ Yoast SEO plugin. -->","yoast_head_json":{"title":"Melissa Bishop am\u00e9liore le record canadien du 800 m en salle deux fois plut\u00f4t qu\u2019une - \u00c9quipe Canada | Site officiel de l&#039;\u00e9quipe olympique","robots":{"index":"index","follow":"follow","max-snippet":"max-snippet:-1","max-image-preview":"max-image-preview:large","max-video-preview":"max-video-preview:-1"},"canonical":"https:\/\/develop.olympic.ca\/olympique\/2016\/02\/20\/melissa-bishop-ameliore-le-record-canadien-du-800-m-en-salle-deux-fois-plutot-quune\/","og_locale":"fr_FR","og_type":"article","og_title":"Melissa Bishop am\u00e9liore le record canadien du 800 m en salle deux fois plut\u00f4t qu\u2019une - \u00c9quipe Canada | Site officiel de l&#039;\u00e9quipe olympique","og_description":"Deux records en deux courses, voil\u00e0 dans quelle forme physique se trouve la m\u00e9daill\u00e9e d\u2019argent des Mondiaux d\u2019athl\u00e9tisme Melissa Bishop...","og_url":"https:\/\/develop.olympic.ca\/olympique\/2016\/02\/20\/melissa-bishop-ameliore-le-record-canadien-du-800-m-en-salle-deux-fois-plutot-quune\/","og_site_name":"\u00c9quipe Canada | Site officiel de l&#039;\u00e9quipe olympique","article_published_time":"2016-02-21T00:01:11+00:00","article_modified_time":"2016-02-22T00:08:37+00:00","og_image":[{"width":1340,"height":754,"url":"https:\/\/develop.olympic.ca\/olympique\/wp-content\/uploads\/sites\/2\/2016\/02\/bishop3.jpg?quality=100","type":"image\/jpeg"}],"author":"Asif Hossain","twitter_card":"summary_large_image","twitter_misc":{"Written by":"Asif Hossain","Est. reading time":"1 minute"},"schema":{"@context":"https:\/\/schema.org","@graph":[{"@type":"Article","@id":"https:\/\/develop.olympic.ca\/olympique\/2016\/02\/20\/melissa-bishop-ameliore-le-record-canadien-du-800-m-en-salle-deux-fois-plutot-quune\/#article","isPartOf":{"@id":"https:\/\/develop.olympic.ca\/olympique\/2016\/02\/20\/melissa-bishop-ameliore-le-record-canadien-du-800-m-en-salle-deux-fois-plutot-quune\/"},"author":{"name":"Asif Hossain","@id":"https:\/\/develop.olympic.ca\/olympique\/#\/schema\/person\/b6aaae4d1289f5c395d8872e37272678"},"headline":"Melissa Bishop am\u00e9liore le record canadien du 800 m en salle deux fois plut\u00f4t qu\u2019une","datePublished":"2016-02-21T00:01:11+00:00","dateModified":"2016-02-22T00:08:37+00:00","mainEntityOfPage":{"@id":"https:\/\/develop.olympic.ca\/olympique\/2016\/02\/20\/melissa-bishop-ameliore-le-record-canadien-du-800-m-en-salle-deux-fois-plutot-quune\/"},"wordCount":195,"commentCount":0,"image":{"@id":"https:\/\/develop.olympic.ca\/olympique\/2016\/02\/20\/melissa-bishop-ameliore-le-record-canadien-du-800-m-en-salle-deux-fois-plutot-quune\/#primaryimage"},"thumbnailUrl":"https:\/\/develop.olympic.ca\/olympique\/wp-content\/uploads\/sites\/2\/2016\/02\/bishop3.jpg?quality=100","keywords":["Melissa Bishop"],"articleSection":["Nouvelles"],"inLanguage":"fr-FR","potentialAction":[{"@type":"CommentAction","name":"Comment","target":["https:\/\/develop.olympic.ca\/olympique\/2016\/02\/20\/melissa-bishop-ameliore-le-record-canadien-du-800-m-en-salle-deux-fois-plutot-quune\/#respond"]}]},{"@type":"WebPage","@id":"https:\/\/develop.olympic.ca\/olympique\/2016\/02\/20\/melissa-bishop-ameliore-le-record-canadien-du-800-m-en-salle-deux-fois-plutot-quune\/","url":"https:\/\/develop.olympic.ca\/olympique\/2016\/02\/20\/melissa-bishop-ameliore-le-record-canadien-du-800-m-en-salle-deux-fois-plutot-quune\/","name":"Melissa Bishop am\u00e9liore le record canadien du 800 m en salle deux fois plut\u00f4t qu\u2019une - \u00c9quipe Canada | Site officiel de l&#039;\u00e9quipe olympique","isPartOf":{"@id":"https:\/\/develop.olympic.ca\/olympique\/#website"},"primaryImageOfPage":{"@id":"https:\/\/develop.olympic.ca\/olympique\/2016\/02\/20\/melissa-bishop-ameliore-le-record-canadien-du-800-m-en-salle-deux-fois-plutot-quune\/#primaryimage"},"image":{"@id":"https:\/\/develop.olympic.ca\/olympique\/2016\/02\/20\/melissa-bishop-ameliore-le-record-canadien-du-800-m-en-salle-deux-fois-plutot-quune\/#primaryimage"},"thumbnailUrl":"https:\/\/develop.olympic.ca\/olympique\/wp-content\/uploads\/sites\/2\/2016\/02\/bishop3.jpg?quality=100","datePublished":"2016-02-21T00:01:11+00:00","dateModified":"2016-02-22T00:08:37+00:00","author":{"@id":"https:\/\/develop.olympic.ca\/olympique\/#\/schema\/person\/b6aaae4d1289f5c395d8872e37272678"},"inLanguage":"fr-FR","potentialAction":[{"@type":"ReadAction","target":["https:\/\/develop.olympic.ca\/olympique\/2016\/02\/20\/melissa-bishop-ameliore-le-record-canadien-du-800-m-en-salle-deux-fois-plutot-quune\/"]}]},{"@type":"ImageObject","inLanguage":"fr-FR","@id":"https:\/\/develop.olympic.ca\/olympique\/2016\/02\/20\/melissa-bishop-ameliore-le-record-canadien-du-800-m-en-salle-deux-fois-plutot-quune\/#primaryimage","url":"https:\/\/develop.olympic.ca\/olympique\/wp-content\/uploads\/sites\/2\/2016\/02\/bishop3.jpg?quality=100","contentUrl":"https:\/\/develop.olympic.ca\/olympique\/wp-content\/uploads\/sites\/2\/2016\/02\/bishop3.jpg?quality=100","width":1340,"height":754},{"@type":"WebSite","@id":"https:\/\/develop.olympic.ca\/olympique\/#website","url":"https:\/\/develop.olympic.ca\/olympique\/","name":"\u00c9quipe Canada | Site officiel de l&#039;\u00e9quipe olympique","description":"Votre source pour l\u2019\u00c9quipe olympique canadienne. Retrouvez les r\u00e9cits, vid\u00e9os et photos des athl\u00e8tes canadiens, sports olympiques, Jeux olympiques de 2020 et bien plus!","potentialAction":[{"@type":"SearchAction","target":{"@type":"EntryPoint","urlTemplate":"https:\/\/develop.olympic.ca\/olympique\/?s={search_term_string}"},"query-input":{"@type":"PropertyValueSpecification","valueRequired":true,"valueName":"search_term_string"}}],"inLanguage":"fr-FR"},{"@type":"Person","@id":"https:\/\/develop.olympic.ca\/olympique\/#\/schema\/person\/b6aaae4d1289f5c395d8872e37272678","name":"Asif Hossain","image":{"@type":"ImageObject","inLanguage":"fr-FR","@id":"https:\/\/secure.gravatar.com\/avatar\/d78674d61b6b8fcd5488a575ef3fab9b8bed1978cf5bb978adeae1f9411abe4a?s=96&d=identicon&r=g22eff5eea2e28da905f112e9933af68b","url":"https:\/\/secure.gravatar.com\/avatar\/d78674d61b6b8fcd5488a575ef3fab9b8bed1978cf5bb978adeae1f9411abe4a?s=96&d=identicon&r=g","contentUrl":"https:\/\/secure.gravatar.com\/avatar\/d78674d61b6b8fcd5488a575ef3fab9b8bed1978cf5bb978adeae1f9411abe4a?s=96&d=identicon&r=g","caption":"Asif Hossain"},"description":"Digital content, marketing and communications manager by trade.","sameAs":["http:\/\/asifhossain.wordpress.com"],"url":"https:\/\/develop.olympic.ca\/olympique\/author\/asifhossain\/"}]}},"jetpack_featured_media_url":"https:\/\/develop.olympic.ca\/olympique\/wp-content\/uploads\/sites\/2\/2016\/02\/bishop3.jpg?quality=100","featured_image_url":"https:\/\/develop.olympic.ca\/olympique\/wp-content\/uploads\/sites\/2\/2016\/02\/bishop3.jpg?quality=100","author_name":["Asif Hossain"],"category_names":["Nouvelles"],"tag_names":["Melissa Bishop"],"video_embed_code":"","facebook_video_embed_code":"","jetpack_sharing_enabled":true,"jetpack-related-posts":[],"jetpack_shortlink":"https:\/\/wp.me\/pbmyEP-to7","_links":{"self":[{"href":"https:\/\/develop.olympic.ca\/olympique\/wp-json\/wp\/v2\/posts\/112971","targetHints":{"allow":["GET"]}}],"collection":[{"href":"https:\/\/develop.olympic.ca\/olympique\/wp-json\/wp\/v2\/posts"}],"about":[{"href":"https:\/\/develop.olympic.ca\/olympique\/wp-json\/wp\/v2\/types\/post"}],"author":[{"embeddable":true,"href":"https:\/\/develop.olympic.ca\/olympique\/wp-json\/wp\/v2\/users\/10774097"}],"replies":[{"embeddable":true,"href":"https:\/\/develop.olympic.ca\/olympique\/wp-json\/wp\/v2\/comments?post=112971"}],"version-history":[{"count":3,"href":"https:\/\/develop.olympic.ca\/olympique\/wp-json\/wp\/v2\/posts\/112971\/revisions"}],"predecessor-version":[{"id":113018,"href":"https:\/\/develop.olympic.ca\/olympique\/wp-json\/wp\/v2\/posts\/112971\/revisions\/113018"}],"wp:featuredmedia":[{"embeddable":true,"href":"https:\/\/develop.olympic.ca\/olympique\/wp-json\/wp\/v2\/media\/112972"}],"wp:attachment":[{"href":"https:\/\/develop.olympic.ca\/olympique\/wp-json\/wp\/v2\/media?parent=112971"}],"wp:term":[{"taxonomy":"category","embeddable":true,"href":"https:\/\/develop.olympic.ca\/olympique\/wp-json\/wp\/v2\/categories?post=112971"},{"taxonomy":"post_tag","embeddable":true,"href":"https:\/\/develop.olympic.ca\/olympique\/wp-json\/wp\/v2\/tags?post=112971"},{"taxonomy":"post_format","embeddable":true,"href":"https:\/\/develop.olympic.ca\/olympique\/wp-json\/wp\/v2\/post_format?post=112971"},{"taxonomy":"sport","embeddable":true,"href":"https:\/\/develop.olympic.ca\/olympique\/wp-json\/wp\/v2\/sport?post=112971"},{"taxonomy":"game","embeddable":true,"href":"https:\/\/develop.olympic.ca\/olympique\/wp-json\/wp\/v2\/game?post=112971"},{"taxonomy":"author","embeddable":true,"href":"https:\/\/develop.olympic.ca\/olympique\/wp-json\/wp\/v2\/coauthors?post=112971"}],"curies":[{"name":"wp","href":"https:\/\/api.w.org\/{rel}","templated":true}]}}