{"id":113247,"date":"2016-03-03T14:13:17","date_gmt":"2016-03-03T19:13:17","guid":{"rendered":""},"modified":"2016-03-09T16:00:12","modified_gmt":"2016-03-09T21:00:12","slug":"un-defi-de-taille-pour-le-canada-a-la-coupe-davis","status":"publish","type":"post","link":"https:\/\/develop.olympic.ca\/olympique\/2016\/03\/03\/un-defi-de-taille-pour-le-canada-a-la-coupe-davis\/","title":{"rendered":"Un d\u00e9fi de taille pour le Canada \u00e0 la Coupe Davis"},"content":{"rendered":"<p><em>Photo manchette :\u00a0<span class=\"s1\">Mercredi, le capitaine de l&rsquo;\u00e9quipe canadienne Martin Laurendeau a nomm\u00e9 Philip Bester (Vancouver) et Adil Shamasdin (Toronto) en remplacement de Milos Raonic (Thornhill, Ontario) et de Daniel Nestor (Toronto). (Photo : Tennis Canada)<\/span><\/em><\/p>\n<h1>C\u2019est jeudi, en Guadeloupe, qu\u2019a eu lieu le tirage officiel de la rencontre de premier tour du groupe mondial de la Coupe Davis qui opposera le Canada \u00e0 la France.<\/h1>\n<div class=\"embed-twitter\">\n<blockquote class=\"twitter-tweet\" data-width=\"550\">\n<p lang=\"es\" dir=\"ltr\">La photo de France-Canada en <a href=\"https:\/\/twitter.com\/hashtag\/DavisCup?src=hash\">#DavisCup<\/a> <a href=\"https:\/\/twitter.com\/hashtag\/FRACAN?src=hash\">#FRACAN<\/a> <a href=\"https:\/\/twitter.com\/hashtag\/Guadeloupe?src=hash\">#Guadeloupe<\/a> <a href=\"https:\/\/twitter.com\/TennisCanada\">@TennisCanada<\/a> <a href=\"https:\/\/t.co\/8u1GvnigXI\">pic.twitter.com\/8u1GvnigXI<\/a><\/p>\n<p>&mdash; TennisActu (@TennisActu) <a href=\"https:\/\/twitter.com\/TennisActu\/status\/705428117599473664\">March 3, 2016<\/a><\/p><\/blockquote>\n<p><script async src=\"\/\/platform.twitter.com\/widgets.js\" charset=\"utf-8\"><\/script><\/div>\n<p>Avec l\u2019absence du 13e joueur mondial en simple <a href=\"http:\/\/develop.olympic.ca\/olympique\/team-canada\/milos-raonic\/\">Milos Raonic<\/a> et du 12e joueur mondial de double <a href=\"http:\/\/develop.olympic.ca\/olympique\/team-canada\/daniel-nestor\/\">Daniel Nestor<\/a>, cette rencontre face \u00e0 la France sera \u00e0 l\u2019image de David contre le Goliath pour les Canadiens. Les repr\u00e9sentants de l\u2019unifoli\u00e9 devront affronter quatre joueurs du top\u00a020 mondial, soit Jo-Wilfried Tsonga (9e), Richard Gasquet (10e), Ga\u00ebl Monfils (17e) et Gilles Simon (19e) dans l\u2019espoir d\u2019acc\u00e9der aux quarts de finale de la prestigieuse comp\u00e9tition masculine par \u00e9quipes.<\/p>\n<div class=\"embed-twitter\">\n<blockquote class=\"twitter-tweet\" data-width=\"550\">\n<p lang=\"fr\" dir=\"ltr\"><a href=\"https:\/\/twitter.com\/hashtag\/TeamFranceTennis?src=hash\">#TeamFranceTennis<\/a> Les matchs de ce week-end pour <a href=\"https:\/\/twitter.com\/hashtag\/FRACAN?src=hash\">#FRACAN<\/a>. <a href=\"https:\/\/t.co\/WQztLBrtRV\">https:\/\/t.co\/WQztLBrtRV<\/a> <a href=\"https:\/\/t.co\/uwEE074xFV\">pic.twitter.com\/uwEE074xFV<\/a><\/p>\n<p>&mdash; FFT (@FFTennis) <a href=\"https:\/\/twitter.com\/FFTennis\/status\/705428791032729601\">March 3, 2016<\/a><\/p><\/blockquote>\n<p><script async src=\"\/\/platform.twitter.com\/widgets.js\" charset=\"utf-8\"><\/script><\/div>\n<p>C\u2019est contre le flamboyant Ga\u00ebl Monfils que Frank Dancevic, qui a d\u00e9j\u00e0 point\u00e9 au 65e \u00e9chelon mondial, jouera son premier de deux matchs de simple au V\u00e9lodrome Am\u00e9d\u00e9e-D\u00e9traux, en Guadeloupe. <a href=\"http:\/\/develop.olympic.ca\/olympique\/team-canada\/vasek-pospisil-1\/\">Vasek Pospisil<\/a>, 44e raquette mondiale, suivra pour affronter Gilles Simons avant de faire \u00e9quipe avec Philip Bester, samedi, pour le match de double les opposant \u00e0 Jo-Wilfried Tsonga et Richard Gasquet.<\/p>\n<p>Dimanche, les joueurs de simple \u00e9changeront leurs adversaires.<\/p>\n<div id=\"attachment_113249\" style=\"width: 910px\" class=\"wp-caption alignnone\"><img loading=\"lazy\" decoding=\"async\" aria-describedby=\"caption-attachment-113249\" class=\"size-full wp-image-113249\" src=\"https:\/\/develop.olympic.ca\/wp-content\/uploads\/sites\/2\/2016\/03\/a85u0656-e1428266875826-900x483.jpg?quality=100\" alt=\"En mars 2015, Vasek Vasek Pospisil avait vaincu Go Soeda 7-5, 6-3, 6-4, \u00e0 Vancouver, pour permettre au Canada d\u2019acc\u00e9der aux quarts de finale de la Coupe Davis. \" width=\"900\" height=\"483\" srcset=\"https:\/\/develop.olympic.ca\/olympique\/wp-content\/uploads\/sites\/2\/2016\/03\/a85u0656-e1428266875826-900x483.jpg 900w, https:\/\/develop.olympic.ca\/olympique\/wp-content\/uploads\/sites\/2\/2016\/03\/a85u0656-e1428266875826-900x483.jpg?resize=280,150 280w, https:\/\/develop.olympic.ca\/olympique\/wp-content\/uploads\/sites\/2\/2016\/03\/a85u0656-e1428266875826-900x483.jpg?resize=660,354 660w, https:\/\/develop.olympic.ca\/olympique\/wp-content\/uploads\/sites\/2\/2016\/03\/a85u0656-e1428266875826-900x483.jpg?resize=768,412 768w\" sizes=\"(max-width: 900px) 100vw, 900px\" \/><p id=\"caption-attachment-113249\" class=\"wp-caption-text\">En mars 2015, Vasek Vasek Pospisil avait vaincu Go Soeda 7-5, 6-3, 6-4, \u00e0 Vancouver, pour permettre au Canada d\u2019acc\u00e9der aux quarts de finale de la Coupe Davis.<\/p><\/div>\n<p>Martin Laurendeau et Yannick Noah, les deux capitaines des \u00e9quipes, ont jusqu\u2019\u00e0 une heure avant le d\u00e9but du double pour changer leur composition.<\/p>\n<p>\u00c0 la Coupe Davis, la France poss\u00e8de une fiche parfaite de deux victoires contre le Canada. La derni\u00e8re fois que les deux \u00e9quipes se sont affront\u00e9es, les Canadiens s\u2019\u00e9taient inclin\u00e9s devant leurs cousins au compte de 4 \u00e0 1, \u00e0 Vancouver.<\/p>\n<div class=\"embed-twitter\">\n<blockquote class=\"twitter-tweet\" data-width=\"550\">\n<p lang=\"fr\" dir=\"ltr\">Au v\u00e9lodrome Am\u00e9d\u00e9e-D\u00e9traux le court pour <a href=\"https:\/\/twitter.com\/hashtag\/FRACAN?src=hash\">#FRACAN<\/a> sort de terre. <a href=\"https:\/\/twitter.com\/hashtag\/DavisCup?src=hash\">#DavisCup<\/a>. Via <a href=\"https:\/\/twitter.com\/Mariska_1980\">@Mariska_1980<\/a> photos Gilles More. <a href=\"https:\/\/t.co\/eQdksyVyHq\">pic.twitter.com\/eQdksyVyHq<\/a><\/p>\n<p>&mdash; So Tennis (@sotennis1) <a href=\"https:\/\/twitter.com\/sotennis1\/status\/701119356533612544\">February 20, 2016<\/a><\/p><\/blockquote>\n<p><script async src=\"\/\/platform.twitter.com\/widgets.js\" charset=\"utf-8\"><\/script><\/div>\n<p>Le vainqueur de la rencontre du week-end passera en quarts de finale de la rencontre du groupe mondial et sera toujours dans la course pour le titre de champion de la Coupe Davis. Le perdant sera, quant \u00e0 lui, rel\u00e9gu\u00e9 \u00e0 la rencontre de barrage o\u00f9 il devra batailler afin de conserver sa place parmi les 16 meilleurs pays du monde.<\/p>\n","protected":false},"excerpt":{"rendered":"<p>Photo manchette :\u00a0Mercredi, le capitaine de l&rsquo;\u00e9quipe canadienne Martin Laurendeau a nomm\u00e9 Philip Bester (Vancouver) et Adil Shamasdin (Toronto) en&#8230;<\/p>\n","protected":false},"author":96107080,"featured_media":113248,"comment_status":"open","ping_status":"closed","sticky":false,"template":"","format":"standard","meta":{"_acf_changed":false,"_jetpack_newsletter_access":"","_jetpack_dont_email_post_to_subs":false,"_jetpack_newsletter_tier_id":0,"_jetpack_memberships_contains_paywalled_content":false,"_jetpack_memberships_contains_paid_content":false,"footnotes":"","jetpack_post_was_ever_published":false},"categories":[16085],"tags":[6945994,2752058,692720,23905354,39330881],"post_format":"standard","sport":[1999],"game":[],"coauthors":[209272438],"class_list":["post-113247","post","type-post","status-publish","format-standard","has-post-thumbnail","hentry","category-nouvelles","tag-coupe-davis","tag-daniel-nestor","tag-davis-cup","tag-milos-raonic","tag-vasek-pospisil","sport-tennis"],"acf":[],"featured_image_url":"https:\/\/develop.olympic.ca\/olympique\/wp-content\/uploads\/sites\/2\/2016\/03\/coc5259-900x483.jpg?quality=100","author_name":["Ariane Desrosiers"],"category_names":["Nouvelles"],"tag_names":["Coupe Davis","Daniel Nestor","Davis Cup","Milos Raonic","Vasek Pospisil"],"video_embed_code":"","facebook_video_embed_code":"","jetpack_sharing_enabled":true,"jetpack-related-posts":[],"jetpack_shortlink":"https:\/\/wp.me\/pbmyEP-tsz","jetpack_featured_media_url":"https:\/\/develop.olympic.ca\/olympique\/wp-content\/uploads\/sites\/2\/2016\/03\/coc5259-900x483.jpg?quality=100","_links":{"self":[{"href":"https:\/\/develop.olympic.ca\/olympique\/wp-json\/wp\/v2\/posts\/113247","targetHints":{"allow":["GET"]}}],"collection":[{"href":"https:\/\/develop.olympic.ca\/olympique\/wp-json\/wp\/v2\/posts"}],"about":[{"href":"https:\/\/develop.olympic.ca\/olympique\/wp-json\/wp\/v2\/types\/post"}],"author":[{"embeddable":true,"href":"https:\/\/develop.olympic.ca\/olympique\/wp-json\/wp\/v2\/users\/96107080"}],"replies":[{"embeddable":true,"href":"https:\/\/develop.olympic.ca\/olympique\/wp-json\/wp\/v2\/comments?post=113247"}],"version-history":[{"count":4,"href":"https:\/\/develop.olympic.ca\/olympique\/wp-json\/wp\/v2\/posts\/113247\/revisions"}],"predecessor-version":[{"id":113253,"href":"https:\/\/develop.olympic.ca\/olympique\/wp-json\/wp\/v2\/posts\/113247\/revisions\/113253"}],"wp:featuredmedia":[{"embeddable":true,"href":"https:\/\/develop.olympic.ca\/olympique\/wp-json\/wp\/v2\/media\/113248"}],"wp:attachment":[{"href":"https:\/\/develop.olympic.ca\/olympique\/wp-json\/wp\/v2\/media?parent=113247"}],"wp:term":[{"taxonomy":"category","embeddable":true,"href":"https:\/\/develop.olympic.ca\/olympique\/wp-json\/wp\/v2\/categories?post=113247"},{"taxonomy":"post_tag","embeddable":true,"href":"https:\/\/develop.olympic.ca\/olympique\/wp-json\/wp\/v2\/tags?post=113247"},{"taxonomy":"post_format","embeddable":true,"href":"https:\/\/develop.olympic.ca\/olympique\/wp-json\/wp\/v2\/post_format?post=113247"},{"taxonomy":"sport","embeddable":true,"href":"https:\/\/develop.olympic.ca\/olympique\/wp-json\/wp\/v2\/sport?post=113247"},{"taxonomy":"game","embeddable":true,"href":"https:\/\/develop.olympic.ca\/olympique\/wp-json\/wp\/v2\/game?post=113247"},{"taxonomy":"author","embeddable":true,"href":"https:\/\/develop.olympic.ca\/olympique\/wp-json\/wp\/v2\/coauthors?post=113247"}],"curies":[{"name":"wp","href":"https:\/\/api.w.org\/{rel}","templated":true}]}}