{"id":115832,"date":"2016-06-04T22:26:19","date_gmt":"2016-06-05T02:26:19","guid":{"rendered":"http:\/\/develop.olympic.ca\/olympique\/?p=115832"},"modified":"2016-06-06T11:23:55","modified_gmt":"2016-06-06T15:23:55","slug":"les-nageurs-canadiens-gravissent-les-podiums-a-deux-mois-de-rio-2016","status":"publish","type":"post","link":"https:\/\/develop.olympic.ca\/olympique\/2016\/06\/04\/les-nageurs-canadiens-gravissent-les-podiums-a-deux-mois-de-rio-2016\/","title":{"rendered":"Les nageurs canadiens gravissent les podiums \u00e0 deux mois de Rio 2016"},"content":{"rendered":"<h1>D\u2019Indianapolis o\u00f9 <a href=\"http:\/\/develop.olympic.ca\/olympique\/team-canada\/santo-condorelli\/\">Santo Condorelli<\/a> a fracass\u00e9 un record canadien \u00e0 Santa Clara\u00a0o\u00f9 <a href=\"http:\/\/develop.olympic.ca\/olympique\/team-canada\/ryan-cochrane-2\/\">Ryan Cochrane<\/a> a d\u00e9croch\u00e9 deux m\u00e9dailles \u00e0 ses \u00e9preuves de pr\u00e9dilection, les nageurs canadiens qualifi\u00e9s pour <a href=\"http:\/\/develop.olympic.ca\/olympique\/suivi-des-qualifications-pour-rio-2016\/\">Rio\u00a02016<\/a> ne cessent d\u2019impressionner \u00e0 deux mois des Jeux olympiques.<\/h1>\n<p>Dimanche \u00e0 Santa Clara (Californie), la m\u00e9daill\u00e9e de bronze des Mondiaux de 2013 <a href=\"http:\/\/develop.olympic.ca\/olympique\/team-canada\/hilary-caldwell\/\">Hilary Caldwell<\/a> a men\u00e9 toute une course contre la championne du monde en titre L\u2019Australienne Emily Seebohm au 200\u00a0m dos. La Canadienne a men\u00e9 la course jusqu\u2019au dernier virage, moment o\u00f9 Seebohm a enclench\u00e9 la machine pour toucher le mur \u00e0 2:08,57 secondes contre 2:09,94 secondes pour Caldwell.<\/p>\n<div id=\"attachment_107445\" style=\"width: 680px\" class=\"wp-caption alignnone\"><img loading=\"lazy\" decoding=\"async\" aria-describedby=\"caption-attachment-107445\" class=\"size-full wp-image-107445\" src=\"https:\/\/develop.olympic.ca\/wp-content\/uploads\/sites\/2\/2015\/07\/hilary-caldwell-panam-games-heats-15july2015292201.png\" alt=\"Hilary Caldwell aux Jeux panam\u00e9ricains de 2015 \u00e0 Toronto.\" width=\"670\" height=\"377\" srcset=\"https:\/\/develop.olympic.ca\/olympique\/wp-content\/uploads\/sites\/2\/2015\/07\/hilary-caldwell-panam-games-heats-15july2015292201.png 670w, https:\/\/develop.olympic.ca\/olympique\/wp-content\/uploads\/sites\/2\/2015\/07\/hilary-caldwell-panam-games-heats-15july2015292201.png?resize=280,158 280w, https:\/\/develop.olympic.ca\/olympique\/wp-content\/uploads\/sites\/2\/2015\/07\/hilary-caldwell-panam-games-heats-15july2015292201.png?resize=660,371 660w\" sizes=\"(max-width: 670px) 100vw, 670px\" \/><p id=\"caption-attachment-107445\" class=\"wp-caption-text\">Hilary Caldwell aux Jeux panam\u00e9ricains de 2015 \u00e0 Toronto.<\/p><\/div>\n<p>Ryan Cochrane a facilement remport\u00e9 sa deuxi\u00e8me m\u00e9daille du week-end lors de la derni\u00e8re finale de la journ\u00e9e de dimanche, \u00e0 Santa Clara. Le double m\u00e9daill\u00e9 olympique a \u00e9t\u00e9 le plus rapide du 1500\u00a0m style libre en touchant le mur \u00e0 15:09,97\u00a0s, soit neuf secondes en de\u00e7\u00e0 de sa performance aux essais olympiques de Natation Canada. L\u2019Australien Jack McLoughlin a termin\u00e9 deuxi\u00e8me (15:19,15\u00a0s), pr\u00e8s de dix secondes plus tard.<\/p>\n<div id=\"attachment_115879\" style=\"width: 766px\" class=\"wp-caption alignnone\"><img loading=\"lazy\" decoding=\"async\" aria-describedby=\"caption-attachment-115879\" class=\"size-full wp-image-115879\" src=\"https:\/\/develop.olympic.ca\/wp-content\/uploads\/sites\/2\/2016\/06\/screen-shot-2016-06-06-at-11-07-51-am.png\" alt=\"Santo Condorelli \u00e0 Indianapolis, le 4 juin 2016. (photo : Via Arena Pro Swim Series)\" width=\"756\" height=\"496\" srcset=\"https:\/\/develop.olympic.ca\/olympique\/wp-content\/uploads\/sites\/2\/2016\/06\/screen-shot-2016-06-06-at-11-07-51-am.png 756w, https:\/\/develop.olympic.ca\/olympique\/wp-content\/uploads\/sites\/2\/2016\/06\/screen-shot-2016-06-06-at-11-07-51-am.png?resize=241,158 241w, https:\/\/develop.olympic.ca\/olympique\/wp-content\/uploads\/sites\/2\/2016\/06\/screen-shot-2016-06-06-at-11-07-51-am.png?resize=565,371 565w\" sizes=\"(max-width: 756px) 100vw, 756px\" \/><p id=\"caption-attachment-115879\" class=\"wp-caption-text\">Santo Condorelli \u00e0 Indianapolis, le 4 juin 2016. (photo : Via Arena Pro Swim Series)<\/p><\/div>\n<p>\u00c0 Indianapolis, le nouveau tenant d&rsquo;un record canadien <a href=\"http:\/\/develop.olympic.ca\/olympique\/team-canada\/santo-condorelli\/\">Santo Condorelli<\/a> a lui aussi mis la main sur sa deuxi\u00e8me m\u00e9daille du weekend, en remportant l\u2019or au 100\u00a0m style libre avec un chrono de 48,34 secondes. Celui qui veut descendre sous la barre des 48 secondes \u00e0 Rio a devanc\u00e9 les Br\u00e9siliens Marcelo Chierighini (49,27\u00a0s) et Jo\u00e3o de Lucca (49,62\u00a0s) au mur.<\/p>\n<p>Au 200\u00a0m dos f\u00e9minin, <a href=\"http:\/\/develop.olympic.ca\/olympique\/team-canada\/dominique-bouchard\/\">Dominique Bouchard<\/a> a aussi d\u00e9croch\u00e9 sa deuxi\u00e8me m\u00e9daille de\u00a0la comp\u00e9tition en terminant deuxi\u00e8me en arr\u00eatant l\u2019horloge \u00e0 2:10,87\u00a0s, tout juste derri\u00e8re l\u2019Am\u00e9ricaine Erin Voss (2:10,87\u00a0s). L\u2019autre Canadienne prenant part \u00e0 la finale, <a href=\"http:\/\/develop.olympic.ca\/olympique\/team-canada\/kennedy-goss\/\">Kennedy Goss<\/a>, a termin\u00e9 quatri\u00e8me en 2:12,72 s.<\/p>\n<p><strong>\u00c0 LIRE :<a href=\"http:\/\/develop.olympic.ca\/olympique\/2016\/04\/04\/six-grands-moments-canadiens-dans-la-piscine-olympique\/\">Six grands moments canadiens dans la piscine olympique<\/a><\/strong><\/p>\n<p><a href=\"http:\/\/Brittany MacLean\">Brittany MacLean<\/a> est a remport\u00e9 sa deuxi\u00e8me m\u00e9daille d\u2019argent du week-end lors de l\u2019\u00e9preuve du 800\u00a0m libre (8:27,32 s). L\u2019Am\u00e9ricaine Leah Smith a \u00e9t\u00e9 la plus rapide avec un temps de 8:24,87 s.<\/p>\n<p><a href=\"http:\/\/develop.olympic.ca\/olympique\/team-canada\/kierra-smith\/\">Kierra Smith<\/a>\u00a0est all\u00e9e chercher sa deuxi\u00e8me m\u00e9daille d&rsquo;or du week-end en r\u00e9alisant\u00a0un 200 m brasse en 2:26,54 secondes\u00a0\u00e0 l&rsquo;arr\u00eat de\u00a0Monaco du circuit Mare Nostrum. La Fran\u00e7aise Camille Dauba (2:28,51\u00a0s) et l\u2019Espagnole Marina Garcia Urzainqui (2:28,83 s) ont compl\u00e9t\u00e9 le podium.<\/p>\n<div id=\"attachment_114048\" style=\"width: 1077px\" class=\"wp-caption alignnone\"><img loading=\"lazy\" decoding=\"async\" aria-describedby=\"caption-attachment-114048\" class=\"size-large wp-image-114048\" src=\"https:\/\/develop.olympic.ca\/wp-content\/uploads\/sites\/2\/2016\/04\/kierra-smith-9apr2016-h-sg-68709-e1460336345571.jpg?quality=100&amp;w=1067\" alt=\"Kierra Smith\u00a0(Kelowna, C.-B.)\" width=\"1067\" height=\"754\" srcset=\"https:\/\/develop.olympic.ca\/olympique\/wp-content\/uploads\/sites\/2\/2016\/04\/kierra-smith-9apr2016-h-sg-68709-e1460336345571.jpg 1340w, https:\/\/develop.olympic.ca\/olympique\/wp-content\/uploads\/sites\/2\/2016\/04\/kierra-smith-9apr2016-h-sg-68709-e1460336345571.jpg?resize=224,158 224w, https:\/\/develop.olympic.ca\/olympique\/wp-content\/uploads\/sites\/2\/2016\/04\/kierra-smith-9apr2016-h-sg-68709-e1460336345571.jpg?resize=525,371 525w, https:\/\/develop.olympic.ca\/olympique\/wp-content\/uploads\/sites\/2\/2016\/04\/kierra-smith-9apr2016-h-sg-68709-e1460336345571.jpg?resize=768,543 768w, https:\/\/develop.olympic.ca\/olympique\/wp-content\/uploads\/sites\/2\/2016\/04\/kierra-smith-9apr2016-h-sg-68709-e1460336345571.jpg?resize=1067,754 1067w\" sizes=\"(max-width: 1067px) 100vw, 1067px\" \/><p id=\"caption-attachment-114048\" class=\"wp-caption-text\">Kierra Smith\u00a0(Kelowna, C.-B.)<\/p><\/div>\n<p>\u00ab C\u2019\u00e9tait un doubl\u00e9 pas mal difficile, mais je suis heureuse de chacun de mes temps \u00e0 la\u00a0brasse, a dit Kierra Smith dans un communiqu\u00e9 de Natation Canada. Je veux simplement que mon 200 brasse soit plus rapide dans les deux prochaines semaines. Ken McKinnon (L\u2019entra\u00eeneur national de d\u00e9veloppement) travaille vraiment pour am\u00e9liorer mes battements et m\u2019aider \u00e0 m\u2019enligner.\u00bb<\/p>\n<div id=\"attachment_114067\" style=\"width: 1350px\" class=\"wp-caption alignnone\"><img loading=\"lazy\" decoding=\"async\" aria-describedby=\"caption-attachment-114067\" class=\"size-full wp-image-114067\" src=\"https:\/\/develop.olympic.ca\/wp-content\/uploads\/sites\/2\/2016\/04\/taylorruck.jpg?quality=100\" alt=\"Taylor Ruck (Scottsdale, AZ)\" width=\"1340\" height=\"754\" srcset=\"https:\/\/develop.olympic.ca\/olympique\/wp-content\/uploads\/sites\/2\/2016\/04\/taylorruck.jpg 1340w, https:\/\/develop.olympic.ca\/olympique\/wp-content\/uploads\/sites\/2\/2016\/04\/taylorruck.jpg?resize=280,158 280w, https:\/\/develop.olympic.ca\/olympique\/wp-content\/uploads\/sites\/2\/2016\/04\/taylorruck.jpg?resize=660,371 660w, https:\/\/develop.olympic.ca\/olympique\/wp-content\/uploads\/sites\/2\/2016\/04\/taylorruck.jpg?resize=768,432 768w\" sizes=\"(max-width: 1340px) 100vw, 1340px\" \/><p id=\"caption-attachment-114067\" class=\"wp-caption-text\">Taylor Ruck (Scottsdale, AZ)<\/p><\/div>\n<p><a href=\"http:\/\/develop.olympic.ca\/olympique\/team-canada\/taylor-ruck\/\">Taylor Ruck<\/a> a, pour sa part, r\u00e9ussi un temps de 4:14,20 secondes pour d\u00e9crocher l&rsquo;argent au 400 m style libre. C&rsquo;est une excellente portion de course au dos crawl\u00e9 qui a permis \u00e0 Taylor de se faufiller au deuxi\u00e8me rang entre la multiple championne du monde Katinka Hossz\u00fa (4:06,65 s) de la Hongrie, et la Chinoise Yuxi Chen (4:16,13\u00a0s).<\/p>\n<p>Jamais deux sans trois, Rebecca Smith, a obtenu une m\u00e9daille de bronze dans une course tr\u00e8s serr\u00e9e\u00a0au 100 m libre gr\u00e2ce \u00e0 un chrono de\u00a055,54 secondes.<\/p>\n<h2>Samedi 4 juin 2016<\/h2>\n<p>\u00c0 la deuxi\u00e8me journ\u00e9e de comp\u00e9tition \u00e0 Santa Clara, Martha McCabe a remport\u00e9 l\u2019or au 200\u00a0m brasse avec un chrono de 2:27,39 s, battant sa plus proche rivale, l&rsquo;Am\u00e9ricaine Emma Schanz par plus de trois secondes (2:31,30 s). \u00a0Ryan Cochrane a, pour sa part, d\u00e9croch\u00e9 l\u2019argent au 400\u00a0m style libre.<\/p>\n<div class=\"embed-twitter\">\n<blockquote class=\"twitter-tweet\" data-width=\"550\">\n<p lang=\"en\" dir=\"ltr\">Thanks <a href=\"https:\/\/twitter.com\/DCGirlKayla\">@DCGirlKayla<\/a> for this photo from the 400 prelims here at the Santa Clara Grand Prix. Finals start tonight @ 5 <a href=\"https:\/\/t.co\/pYazBtCOou\">pic.twitter.com\/pYazBtCOou<\/a><\/p>\n<p>&mdash; Ryan Cochrane (@cochraneryan) <a href=\"https:\/\/twitter.com\/cochraneryan\/status\/739245181090828289\">June 4, 2016<\/a><\/p><\/blockquote>\n<p><script async src=\"\/\/platform.twitter.com\/widgets.js\" charset=\"utf-8\"><\/script><\/div>\n<p>\u00c0 Indianapolis, Dominique Bouchard a termin\u00e9 troisi\u00e8me du 100\u00a0m dos avec un chrono de 1:00,81 secondes derri\u00e8re les Am\u00e9ricaines Olivia Smoliga (59,41\u00a0s) et Hannah Stevens (59,67\u00a0s) alors que Brittany MacLean a termin\u00e9 deuxi\u00e8me du 400\u00a0m libre (4:07,17\u00a0s) derri\u00e8re Leah Smith (4:03,33\u00a0s) et devant Lindsay Vrooman (4:07,33\u00a0s), toutes deux des \u00c9tats-Unis.<\/p>\n<p>De l\u2019autre c\u00f4t\u00e9 de l\u2019Atlantique, Kierra Smith s\u2019est empar\u00e9e de l\u2019or au 100\u00a0m brasse \u00e0 Monaco, samedi, dans le cadre du circuit Mare Nostrum. Son chrono de 1:08,94 s a devanc\u00e9 ceux de Jinh-Em Phee de la Malaysie (1:09,18\u00a0s) et de l\u2019Espagnole Marina Garcia Urzainqui (1:09,18\u00a0s).<em>\u00a0<\/em><\/p>\n<div id=\"attachment_120654\" style=\"width: 1350px\" class=\"wp-caption aligncenter\"><img loading=\"lazy\" decoding=\"async\" aria-describedby=\"caption-attachment-120654\" class=\"wp-image-120654 size-full\" src=\"https:\/\/cdnolympic.files.wordpress.com\/2015\/07\/smith-gold.jpg?quality=100\" alt=\"Kierra Smith races the 200m breaststroke heats at the Toronto 2015 Pan American Games. \" width=\"1340\" height=\"754\" \/><p id=\"caption-attachment-120654\" class=\"wp-caption-text\">Kierra Smith pendant le 200\u00a0m brasse aux Jeux panam\u00e9ricains de 2015, \u00e0 Toronto.<\/p><\/div>\n<h2>Vendredi 3 juin 2016<\/h2>\n<p>Condorelli a inscrit pour une deuxi\u00e8me fois son nom dans le livre des records canadiens vendredi soir alors qu\u2019il a r\u00e9alis\u00e9 la nouvelle meilleure marque canadienne au 100\u00a0m papillon \u00e0 l\u2019arr\u00eat d\u2019Indianapolis de la US Arena Pro Swim Series. La torpille canadienne a rafl\u00e9\u00a0l\u2019or avec un chrono de 51,98 secondes, suivi du Chinois Zheng Wen Quah (52,45\u00a0s) et du Sud-africain Dylan Bosch (53,57\u00a0s). Santo Condorelli\u00a0avait battu son premier record canadien en ao\u00fbt dernier en nageant le 50\u00a0m papillon en 23,30 secondes.<\/p>\n<p><strong>\u00c0 LIRE :\u00a0Condorelli en bronze \u00e0 l\u2019\u00e9preuve test de Rio<\/strong><\/p>\n<div style=\"width: 1350px\" class=\"wp-caption aligncenter\"><img loading=\"lazy\" decoding=\"async\" class=\"size-full wp-image-120957\" src=\"https:\/\/cdnolympic.files.wordpress.com\/2015\/07\/noemie-thomas-2.jpg?quality=100\" alt=\"Noemie Thomas during the 100m butterfly final at PAn Am Games.\" width=\"1340\" height=\"754\" \/><p class=\"wp-caption-text\">Noemie Thomas au 100\u00a0m papillon aux Jeux panam\u00e9ricains de 2015, \u00e0 Toronto.<\/p><\/div>\n<p>Toujours dans le cadre de la US Arena Pro Swim Series, mais cette fois-ci \u00e0 Santa Clara (Californie),\u00a0<a href=\"http:\/\/develop.olympic.ca\/olympique\/team-canada\/noemie-thomas\/\">Noemie Thomas<\/a>\u00a0a d\u00e9croch\u00e9 l\u2019or au 100\u00a0m papillon en arr\u00eatant l\u2019horloge \u00e0 57,72\u00a0s. Emma McKeon de l\u2019Australie (58,31\u00a0s) et l\u2019\u00c9gyptienne Farisa Osman (59,13\u00a0s) ont compl\u00e9t\u00e9 le podium. La Canadienne Sarah Darcel a elle aussi grimp\u00e9 sur le podium de Santa Clara apr\u00e8s avoir r\u00e9alis\u00e9 le troisi\u00e8me meilleur temps de la soir\u00e9e \u00a0\u00e0 l\u2019\u00e9preuve du 400\u00a0m quatre nages (4:51,89\u00a0s). Ce sont les Am\u00e9ricaines Keryn McMaster (4:42,17\u00a0s) et Caitlin Leverenz (4:41,10\u00a0s) qui ont \u00e9t\u00e9 les plus rapides de cette finale.<\/p>\n<p><em>D\u2019autres d\u00e9tails suivront.<\/em><\/p>\n","protected":false},"excerpt":{"rendered":"<p>D\u2019Indianapolis o\u00f9 Santo Condorelli a fracass\u00e9 un record canadien \u00e0 Santa Clara\u00a0o\u00f9 Ryan Cochrane a d\u00e9croch\u00e9 deux m\u00e9dailles \u00e0 ses&#8230;<\/p>\n","protected":false},"author":96107080,"featured_media":115881,"comment_status":"open","ping_status":"closed","sticky":false,"template":"","format":"standard","meta":{"_acf_changed":false,"_crdt_document":"","_jetpack_memberships_contains_paid_content":false,"footnotes":""},"categories":[1],"tags":[12682773,82344249,84757886,415921613,84451294,94426833,415983956,2699220,94802145,415940951],"post_format":"standard","sport":[763074],"game":[],"coauthors":[209272438],"class_list":["post-115832","post","type-post","status-publish","format-standard","has-post-thumbnail","hentry","category-uncategorized","tag-brittany-maclean","tag-dominique-bouchard","tag-hilary-caldwell","tag-kennedy-goss","tag-kierra-smith","tag-noemie-thomas","tag-rebecca-smith","tag-ryan-cochrane","tag-santo-condorelli","tag-taylor-ruck","sport-sports-aquatiques-natation"],"acf":[],"yoast_head":"<!-- This site is optimized with the Yoast SEO plugin v27.3 - https:\/\/yoast.com\/product\/yoast-seo-wordpress\/ -->\n<title>Les nageurs canadiens gravissent les podiums \u00e0 deux mois de Rio 2016 - \u00c9quipe Canada | Site officiel de l&#039;\u00e9quipe olympique<\/title>\n<meta name=\"robots\" content=\"index, follow, max-snippet:-1, max-image-preview:large, max-video-preview:-1\" \/>\n<link rel=\"canonical\" href=\"https:\/\/develop.olympic.ca\/olympique\/2016\/06\/04\/les-nageurs-canadiens-gravissent-les-podiums-a-deux-mois-de-rio-2016\/\" \/>\n<meta property=\"og:locale\" content=\"fr_FR\" \/>\n<meta property=\"og:type\" content=\"article\" \/>\n<meta property=\"og:title\" content=\"Les nageurs canadiens gravissent les podiums \u00e0 deux mois de Rio 2016 - \u00c9quipe Canada | Site officiel de l&#039;\u00e9quipe olympique\" \/>\n<meta property=\"og:description\" content=\"D\u2019Indianapolis o\u00f9 Santo Condorelli a fracass\u00e9 un record canadien \u00e0 Santa Clara\u00a0o\u00f9 Ryan Cochrane a d\u00e9croch\u00e9 deux m\u00e9dailles \u00e0 ses...\" \/>\n<meta property=\"og:url\" content=\"https:\/\/develop.olympic.ca\/olympique\/2016\/06\/04\/les-nageurs-canadiens-gravissent-les-podiums-a-deux-mois-de-rio-2016\/\" \/>\n<meta property=\"og:site_name\" content=\"\u00c9quipe Canada | Site officiel de l&#039;\u00e9quipe olympique\" \/>\n<meta property=\"article:published_time\" content=\"2016-06-05T02:26:19+00:00\" \/>\n<meta property=\"article:modified_time\" content=\"2016-06-06T15:23:55+00:00\" \/>\n<meta property=\"og:image\" content=\"https:\/\/develop.olympic.ca\/olympique\/wp-content\/uploads\/sites\/2\/2016\/06\/ryancochrane05apr2016ha12z1081-e1460335824829.jpg?quality=100\" \/>\n\t<meta property=\"og:image:width\" content=\"1340\" \/>\n\t<meta property=\"og:image:height\" content=\"910\" \/>\n\t<meta property=\"og:image:type\" content=\"image\/jpeg\" \/>\n<meta name=\"author\" content=\"Ariane Desrosiers\" \/>\n<meta name=\"twitter:card\" content=\"summary_large_image\" \/>\n<meta name=\"twitter:label1\" content=\"Written by\" \/>\n\t<meta name=\"twitter:data1\" content=\"Ariane Desrosiers\" \/>\n\t<meta name=\"twitter:label2\" content=\"Est. reading time\" \/>\n\t<meta name=\"twitter:data2\" content=\"5 minutes\" \/>\n<script type=\"application\/ld+json\" class=\"yoast-schema-graph\">{\"@context\":\"https:\\\/\\\/schema.org\",\"@graph\":[{\"@type\":\"Article\",\"@id\":\"https:\\\/\\\/develop.olympic.ca\\\/olympique\\\/2016\\\/06\\\/04\\\/les-nageurs-canadiens-gravissent-les-podiums-a-deux-mois-de-rio-2016\\\/#article\",\"isPartOf\":{\"@id\":\"https:\\\/\\\/develop.olympic.ca\\\/olympique\\\/2016\\\/06\\\/04\\\/les-nageurs-canadiens-gravissent-les-podiums-a-deux-mois-de-rio-2016\\\/\"},\"author\":{\"name\":\"Ariane Desrosiers\",\"@id\":\"https:\\\/\\\/develop.olympic.ca\\\/olympique\\\/#\\\/schema\\\/person\\\/b1f02c0e9401652f763191612edde4e2\"},\"headline\":\"Les nageurs canadiens gravissent les podiums \u00e0 deux mois de Rio 2016\",\"datePublished\":\"2016-06-05T02:26:19+00:00\",\"dateModified\":\"2016-06-06T15:23:55+00:00\",\"mainEntityOfPage\":{\"@id\":\"https:\\\/\\\/develop.olympic.ca\\\/olympique\\\/2016\\\/06\\\/04\\\/les-nageurs-canadiens-gravissent-les-podiums-a-deux-mois-de-rio-2016\\\/\"},\"wordCount\":1022,\"commentCount\":0,\"image\":{\"@id\":\"https:\\\/\\\/develop.olympic.ca\\\/olympique\\\/2016\\\/06\\\/04\\\/les-nageurs-canadiens-gravissent-les-podiums-a-deux-mois-de-rio-2016\\\/#primaryimage\"},\"thumbnailUrl\":\"https:\\\/\\\/develop.olympic.ca\\\/olympique\\\/wp-content\\\/uploads\\\/sites\\\/2\\\/2016\\\/06\\\/ryancochrane05apr2016ha12z1081-e1460335824829.jpg?quality=100\",\"keywords\":[\"Brittany MacLean\",\"Dominique Bouchard\",\"Hilary Caldwell\",\"Kennedy Goss\",\"Kierra Smith\",\"Noemie Thomas\",\"Rebecca Smith\",\"Ryan Cochrane\",\"Santo Condorelli\",\"Taylor Ruck\"],\"articleSection\":[\"Uncategorized\"],\"inLanguage\":\"fr-FR\",\"potentialAction\":[{\"@type\":\"CommentAction\",\"name\":\"Comment\",\"target\":[\"https:\\\/\\\/develop.olympic.ca\\\/olympique\\\/2016\\\/06\\\/04\\\/les-nageurs-canadiens-gravissent-les-podiums-a-deux-mois-de-rio-2016\\\/#respond\"]}]},{\"@type\":\"WebPage\",\"@id\":\"https:\\\/\\\/develop.olympic.ca\\\/olympique\\\/2016\\\/06\\\/04\\\/les-nageurs-canadiens-gravissent-les-podiums-a-deux-mois-de-rio-2016\\\/\",\"url\":\"https:\\\/\\\/develop.olympic.ca\\\/olympique\\\/2016\\\/06\\\/04\\\/les-nageurs-canadiens-gravissent-les-podiums-a-deux-mois-de-rio-2016\\\/\",\"name\":\"Les nageurs canadiens gravissent les podiums \u00e0 deux mois de Rio 2016 - \u00c9quipe Canada | Site officiel de l&#039;\u00e9quipe olympique\",\"isPartOf\":{\"@id\":\"https:\\\/\\\/develop.olympic.ca\\\/olympique\\\/#website\"},\"primaryImageOfPage\":{\"@id\":\"https:\\\/\\\/develop.olympic.ca\\\/olympique\\\/2016\\\/06\\\/04\\\/les-nageurs-canadiens-gravissent-les-podiums-a-deux-mois-de-rio-2016\\\/#primaryimage\"},\"image\":{\"@id\":\"https:\\\/\\\/develop.olympic.ca\\\/olympique\\\/2016\\\/06\\\/04\\\/les-nageurs-canadiens-gravissent-les-podiums-a-deux-mois-de-rio-2016\\\/#primaryimage\"},\"thumbnailUrl\":\"https:\\\/\\\/develop.olympic.ca\\\/olympique\\\/wp-content\\\/uploads\\\/sites\\\/2\\\/2016\\\/06\\\/ryancochrane05apr2016ha12z1081-e1460335824829.jpg?quality=100\",\"datePublished\":\"2016-06-05T02:26:19+00:00\",\"dateModified\":\"2016-06-06T15:23:55+00:00\",\"author\":{\"@id\":\"https:\\\/\\\/develop.olympic.ca\\\/olympique\\\/#\\\/schema\\\/person\\\/b1f02c0e9401652f763191612edde4e2\"},\"inLanguage\":\"fr-FR\",\"potentialAction\":[{\"@type\":\"ReadAction\",\"target\":[\"https:\\\/\\\/develop.olympic.ca\\\/olympique\\\/2016\\\/06\\\/04\\\/les-nageurs-canadiens-gravissent-les-podiums-a-deux-mois-de-rio-2016\\\/\"]}]},{\"@type\":\"ImageObject\",\"inLanguage\":\"fr-FR\",\"@id\":\"https:\\\/\\\/develop.olympic.ca\\\/olympique\\\/2016\\\/06\\\/04\\\/les-nageurs-canadiens-gravissent-les-podiums-a-deux-mois-de-rio-2016\\\/#primaryimage\",\"url\":\"https:\\\/\\\/develop.olympic.ca\\\/olympique\\\/wp-content\\\/uploads\\\/sites\\\/2\\\/2016\\\/06\\\/ryancochrane05apr2016ha12z1081-e1460335824829.jpg?quality=100\",\"contentUrl\":\"https:\\\/\\\/develop.olympic.ca\\\/olympique\\\/wp-content\\\/uploads\\\/sites\\\/2\\\/2016\\\/06\\\/ryancochrane05apr2016ha12z1081-e1460335824829.jpg?quality=100\",\"width\":1340,\"height\":910},{\"@type\":\"WebSite\",\"@id\":\"https:\\\/\\\/develop.olympic.ca\\\/olympique\\\/#website\",\"url\":\"https:\\\/\\\/develop.olympic.ca\\\/olympique\\\/\",\"name\":\"\u00c9quipe Canada | Site officiel de l&#039;\u00e9quipe olympique\",\"description\":\"Votre source pour l\u2019\u00c9quipe olympique canadienne. Retrouvez les r\u00e9cits, vid\u00e9os et photos des athl\u00e8tes canadiens, sports olympiques, Jeux olympiques de 2020 et bien plus!\",\"potentialAction\":[{\"@type\":\"SearchAction\",\"target\":{\"@type\":\"EntryPoint\",\"urlTemplate\":\"https:\\\/\\\/develop.olympic.ca\\\/olympique\\\/?s={search_term_string}\"},\"query-input\":{\"@type\":\"PropertyValueSpecification\",\"valueRequired\":true,\"valueName\":\"search_term_string\"}}],\"inLanguage\":\"fr-FR\"},{\"@type\":\"Person\",\"@id\":\"https:\\\/\\\/develop.olympic.ca\\\/olympique\\\/#\\\/schema\\\/person\\\/b1f02c0e9401652f763191612edde4e2\",\"name\":\"Ariane Desrosiers\",\"image\":{\"@type\":\"ImageObject\",\"inLanguage\":\"fr-FR\",\"@id\":\"https:\\\/\\\/secure.gravatar.com\\\/avatar\\\/f7248cc9e6971153fdd196741b079c0229522d18a24f1fb69fb73c510aa6e189?s=96&d=identicon&r=gbd92884420bbfa56539e46241678b7d5\",\"url\":\"https:\\\/\\\/secure.gravatar.com\\\/avatar\\\/f7248cc9e6971153fdd196741b079c0229522d18a24f1fb69fb73c510aa6e189?s=96&d=identicon&r=g\",\"contentUrl\":\"https:\\\/\\\/secure.gravatar.com\\\/avatar\\\/f7248cc9e6971153fdd196741b079c0229522d18a24f1fb69fb73c510aa6e189?s=96&d=identicon&r=g\",\"caption\":\"Ariane Desrosiers\"},\"description\":\"Specialist, Social Sp\u00e9cialiste, M\u00e9dias num\u00e9riques\",\"url\":\"https:\\\/\\\/develop.olympic.ca\\\/olympique\\\/author\\\/arianedesrosiers\\\/\"}]}<\/script>\n<!-- \/ Yoast SEO plugin. -->","yoast_head_json":{"title":"Les nageurs canadiens gravissent les podiums \u00e0 deux mois de Rio 2016 - \u00c9quipe Canada | Site officiel de l&#039;\u00e9quipe olympique","robots":{"index":"index","follow":"follow","max-snippet":"max-snippet:-1","max-image-preview":"max-image-preview:large","max-video-preview":"max-video-preview:-1"},"canonical":"https:\/\/develop.olympic.ca\/olympique\/2016\/06\/04\/les-nageurs-canadiens-gravissent-les-podiums-a-deux-mois-de-rio-2016\/","og_locale":"fr_FR","og_type":"article","og_title":"Les nageurs canadiens gravissent les podiums \u00e0 deux mois de Rio 2016 - \u00c9quipe Canada | Site officiel de l&#039;\u00e9quipe olympique","og_description":"D\u2019Indianapolis o\u00f9 Santo Condorelli a fracass\u00e9 un record canadien \u00e0 Santa Clara\u00a0o\u00f9 Ryan Cochrane a d\u00e9croch\u00e9 deux m\u00e9dailles \u00e0 ses...","og_url":"https:\/\/develop.olympic.ca\/olympique\/2016\/06\/04\/les-nageurs-canadiens-gravissent-les-podiums-a-deux-mois-de-rio-2016\/","og_site_name":"\u00c9quipe Canada | Site officiel de l&#039;\u00e9quipe olympique","article_published_time":"2016-06-05T02:26:19+00:00","article_modified_time":"2016-06-06T15:23:55+00:00","og_image":[{"width":1340,"height":910,"url":"https:\/\/develop.olympic.ca\/olympique\/wp-content\/uploads\/sites\/2\/2016\/06\/ryancochrane05apr2016ha12z1081-e1460335824829.jpg?quality=100","type":"image\/jpeg"}],"author":"Ariane Desrosiers","twitter_card":"summary_large_image","twitter_misc":{"Written by":"Ariane Desrosiers","Est. reading time":"5 minutes"},"schema":{"@context":"https:\/\/schema.org","@graph":[{"@type":"Article","@id":"https:\/\/develop.olympic.ca\/olympique\/2016\/06\/04\/les-nageurs-canadiens-gravissent-les-podiums-a-deux-mois-de-rio-2016\/#article","isPartOf":{"@id":"https:\/\/develop.olympic.ca\/olympique\/2016\/06\/04\/les-nageurs-canadiens-gravissent-les-podiums-a-deux-mois-de-rio-2016\/"},"author":{"name":"Ariane Desrosiers","@id":"https:\/\/develop.olympic.ca\/olympique\/#\/schema\/person\/b1f02c0e9401652f763191612edde4e2"},"headline":"Les nageurs canadiens gravissent les podiums \u00e0 deux mois de Rio 2016","datePublished":"2016-06-05T02:26:19+00:00","dateModified":"2016-06-06T15:23:55+00:00","mainEntityOfPage":{"@id":"https:\/\/develop.olympic.ca\/olympique\/2016\/06\/04\/les-nageurs-canadiens-gravissent-les-podiums-a-deux-mois-de-rio-2016\/"},"wordCount":1022,"commentCount":0,"image":{"@id":"https:\/\/develop.olympic.ca\/olympique\/2016\/06\/04\/les-nageurs-canadiens-gravissent-les-podiums-a-deux-mois-de-rio-2016\/#primaryimage"},"thumbnailUrl":"https:\/\/develop.olympic.ca\/olympique\/wp-content\/uploads\/sites\/2\/2016\/06\/ryancochrane05apr2016ha12z1081-e1460335824829.jpg?quality=100","keywords":["Brittany MacLean","Dominique Bouchard","Hilary Caldwell","Kennedy Goss","Kierra Smith","Noemie Thomas","Rebecca Smith","Ryan Cochrane","Santo Condorelli","Taylor Ruck"],"articleSection":["Uncategorized"],"inLanguage":"fr-FR","potentialAction":[{"@type":"CommentAction","name":"Comment","target":["https:\/\/develop.olympic.ca\/olympique\/2016\/06\/04\/les-nageurs-canadiens-gravissent-les-podiums-a-deux-mois-de-rio-2016\/#respond"]}]},{"@type":"WebPage","@id":"https:\/\/develop.olympic.ca\/olympique\/2016\/06\/04\/les-nageurs-canadiens-gravissent-les-podiums-a-deux-mois-de-rio-2016\/","url":"https:\/\/develop.olympic.ca\/olympique\/2016\/06\/04\/les-nageurs-canadiens-gravissent-les-podiums-a-deux-mois-de-rio-2016\/","name":"Les nageurs canadiens gravissent les podiums \u00e0 deux mois de Rio 2016 - \u00c9quipe Canada | Site officiel de l&#039;\u00e9quipe olympique","isPartOf":{"@id":"https:\/\/develop.olympic.ca\/olympique\/#website"},"primaryImageOfPage":{"@id":"https:\/\/develop.olympic.ca\/olympique\/2016\/06\/04\/les-nageurs-canadiens-gravissent-les-podiums-a-deux-mois-de-rio-2016\/#primaryimage"},"image":{"@id":"https:\/\/develop.olympic.ca\/olympique\/2016\/06\/04\/les-nageurs-canadiens-gravissent-les-podiums-a-deux-mois-de-rio-2016\/#primaryimage"},"thumbnailUrl":"https:\/\/develop.olympic.ca\/olympique\/wp-content\/uploads\/sites\/2\/2016\/06\/ryancochrane05apr2016ha12z1081-e1460335824829.jpg?quality=100","datePublished":"2016-06-05T02:26:19+00:00","dateModified":"2016-06-06T15:23:55+00:00","author":{"@id":"https:\/\/develop.olympic.ca\/olympique\/#\/schema\/person\/b1f02c0e9401652f763191612edde4e2"},"inLanguage":"fr-FR","potentialAction":[{"@type":"ReadAction","target":["https:\/\/develop.olympic.ca\/olympique\/2016\/06\/04\/les-nageurs-canadiens-gravissent-les-podiums-a-deux-mois-de-rio-2016\/"]}]},{"@type":"ImageObject","inLanguage":"fr-FR","@id":"https:\/\/develop.olympic.ca\/olympique\/2016\/06\/04\/les-nageurs-canadiens-gravissent-les-podiums-a-deux-mois-de-rio-2016\/#primaryimage","url":"https:\/\/develop.olympic.ca\/olympique\/wp-content\/uploads\/sites\/2\/2016\/06\/ryancochrane05apr2016ha12z1081-e1460335824829.jpg?quality=100","contentUrl":"https:\/\/develop.olympic.ca\/olympique\/wp-content\/uploads\/sites\/2\/2016\/06\/ryancochrane05apr2016ha12z1081-e1460335824829.jpg?quality=100","width":1340,"height":910},{"@type":"WebSite","@id":"https:\/\/develop.olympic.ca\/olympique\/#website","url":"https:\/\/develop.olympic.ca\/olympique\/","name":"\u00c9quipe Canada | Site officiel de l&#039;\u00e9quipe olympique","description":"Votre source pour l\u2019\u00c9quipe olympique canadienne. Retrouvez les r\u00e9cits, vid\u00e9os et photos des athl\u00e8tes canadiens, sports olympiques, Jeux olympiques de 2020 et bien plus!","potentialAction":[{"@type":"SearchAction","target":{"@type":"EntryPoint","urlTemplate":"https:\/\/develop.olympic.ca\/olympique\/?s={search_term_string}"},"query-input":{"@type":"PropertyValueSpecification","valueRequired":true,"valueName":"search_term_string"}}],"inLanguage":"fr-FR"},{"@type":"Person","@id":"https:\/\/develop.olympic.ca\/olympique\/#\/schema\/person\/b1f02c0e9401652f763191612edde4e2","name":"Ariane Desrosiers","image":{"@type":"ImageObject","inLanguage":"fr-FR","@id":"https:\/\/secure.gravatar.com\/avatar\/f7248cc9e6971153fdd196741b079c0229522d18a24f1fb69fb73c510aa6e189?s=96&d=identicon&r=gbd92884420bbfa56539e46241678b7d5","url":"https:\/\/secure.gravatar.com\/avatar\/f7248cc9e6971153fdd196741b079c0229522d18a24f1fb69fb73c510aa6e189?s=96&d=identicon&r=g","contentUrl":"https:\/\/secure.gravatar.com\/avatar\/f7248cc9e6971153fdd196741b079c0229522d18a24f1fb69fb73c510aa6e189?s=96&d=identicon&r=g","caption":"Ariane Desrosiers"},"description":"Specialist, Social Sp\u00e9cialiste, M\u00e9dias num\u00e9riques","url":"https:\/\/develop.olympic.ca\/olympique\/author\/arianedesrosiers\/"}]}},"jetpack_featured_media_url":"https:\/\/develop.olympic.ca\/olympique\/wp-content\/uploads\/sites\/2\/2016\/06\/ryancochrane05apr2016ha12z1081-e1460335824829.jpg?quality=100","featured_image_url":"https:\/\/develop.olympic.ca\/olympique\/wp-content\/uploads\/sites\/2\/2016\/06\/ryancochrane05apr2016ha12z1081-e1460335824829.jpg?quality=100","author_name":["Ariane Desrosiers"],"category_names":["Uncategorized"],"tag_names":["Brittany MacLean","Dominique Bouchard","Hilary Caldwell","Kennedy Goss","Kierra Smith","Noemie Thomas","Rebecca Smith","Ryan Cochrane","Santo Condorelli","Taylor Ruck"],"video_embed_code":"","facebook_video_embed_code":"","jetpack_sharing_enabled":true,"jetpack-related-posts":[],"jetpack_shortlink":"https:\/\/wp.me\/pbmyEP-u8g","_links":{"self":[{"href":"https:\/\/develop.olympic.ca\/olympique\/wp-json\/wp\/v2\/posts\/115832","targetHints":{"allow":["GET"]}}],"collection":[{"href":"https:\/\/develop.olympic.ca\/olympique\/wp-json\/wp\/v2\/posts"}],"about":[{"href":"https:\/\/develop.olympic.ca\/olympique\/wp-json\/wp\/v2\/types\/post"}],"author":[{"embeddable":true,"href":"https:\/\/develop.olympic.ca\/olympique\/wp-json\/wp\/v2\/users\/96107080"}],"replies":[{"embeddable":true,"href":"https:\/\/develop.olympic.ca\/olympique\/wp-json\/wp\/v2\/comments?post=115832"}],"version-history":[{"count":8,"href":"https:\/\/develop.olympic.ca\/olympique\/wp-json\/wp\/v2\/posts\/115832\/revisions"}],"predecessor-version":[{"id":115883,"href":"https:\/\/develop.olympic.ca\/olympique\/wp-json\/wp\/v2\/posts\/115832\/revisions\/115883"}],"wp:featuredmedia":[{"embeddable":true,"href":"https:\/\/develop.olympic.ca\/olympique\/wp-json\/wp\/v2\/media\/115881"}],"wp:attachment":[{"href":"https:\/\/develop.olympic.ca\/olympique\/wp-json\/wp\/v2\/media?parent=115832"}],"wp:term":[{"taxonomy":"category","embeddable":true,"href":"https:\/\/develop.olympic.ca\/olympique\/wp-json\/wp\/v2\/categories?post=115832"},{"taxonomy":"post_tag","embeddable":true,"href":"https:\/\/develop.olympic.ca\/olympique\/wp-json\/wp\/v2\/tags?post=115832"},{"taxonomy":"post_format","embeddable":true,"href":"https:\/\/develop.olympic.ca\/olympique\/wp-json\/wp\/v2\/post_format?post=115832"},{"taxonomy":"sport","embeddable":true,"href":"https:\/\/develop.olympic.ca\/olympique\/wp-json\/wp\/v2\/sport?post=115832"},{"taxonomy":"game","embeddable":true,"href":"https:\/\/develop.olympic.ca\/olympique\/wp-json\/wp\/v2\/game?post=115832"},{"taxonomy":"author","embeddable":true,"href":"https:\/\/develop.olympic.ca\/olympique\/wp-json\/wp\/v2\/coauthors?post=115832"}],"curies":[{"name":"wp","href":"https:\/\/api.w.org\/{rel}","templated":true}]}}