{"id":11662,"date":"2010-11-24T12:35:07","date_gmt":"2010-11-24T17:35:07","guid":{"rendered":"http:\/\/develop.olympic.ca\/?p=11662"},"modified":"2013-08-01T01:11:31","modified_gmt":"2013-08-01T01:11:31","slug":"sylvie-frechette-chef-de-mission-adjointe-du-canada-pour-les-jeux-de-2012","status":"publish","type":"post","link":"https:\/\/develop.olympic.ca\/olympique\/2010\/11\/24\/sylvie-frechette-chef-de-mission-adjointe-du-canada-pour-les-jeux-de-2012\/","title":{"rendered":"Sylvie Fr\u00e9chette : chef de mission adjointe du Canada pour les Jeux de 2012"},"content":{"rendered":"<p>La championne olympique et championne du monde de nage synchronis\u00e9e Sylvie Fr\u00e9chette a \u00e9t\u00e9 nomm\u00e9e aujourd\u2019hui chef de mission adjointe de l\u2019\u00c9quipe olympique canadienne pour les Jeux olympiques de 2012 \u00e0 Londres. Cette athl\u00e8te, qui est une source d\u2019inspiration et une l\u00e9gende du sport canadien se joindra \u00e0 Mark Tewksbury, chef de mission du Canada, pour soutenir les athl\u00e8tes et les entra\u00eeneurs du pays aux Jeux de la XXXe Olympiade.<\/p>\n<p> \u00ab D\u00e8s que je suis revenue de Las Vegas, je me suis rendu compte que je faisais beaucoup plus que rentrer \u00e0 la maison, je revenais \u00e0 mes racines et \u00e0 ma passion, a d\u00e9clar\u00e9 Fr\u00e9chette \u00e0 partir de sa ville natale, Montr\u00e9al. Depuis lors, j\u2019ai pass\u00e9 une ann\u00e9e au bureau du COC \u00e0 Montr\u00e9al pendant laquelle j\u2019ai rencontr\u00e9 les athl\u00e8tes canadiens \u00e0 la S\u00e9rie de l\u2019excellence olympique et plus r\u00e9cemment, j\u2019ai fait partie de l\u2019\u00e9quipe de mission du COC aux Jeux de Vancouver. Tout cela m\u2019a permis de r\u00e9aliser que le sport est une passion que j\u2019ai dans le sang. C\u2019est cette passion que je suis impatiente de partager avec les athl\u00e8tes en 2012 pour les aider \u00e0 r\u00e9aliser leurs objectifs et leurs r\u00eaves sur la plus importante sc\u00e8ne mondiale. \u00bb<\/p>\n<p>Aux Jeux olympiques de 1992, Fr\u00e9chette est devenue la deuxi\u00e8me Canadienne de l\u2019histoire \u00e0 remporter l\u2019or \u00e0 l\u2019\u00e9preuve individuelle.  Elle est revenue sur la sc\u00e8ne olympique en 1996 et a d\u00e9croch\u00e9 l\u2019argent \u00e0 l\u2019\u00e9preuve par \u00e9quipe. Par ailleurs, elle avait remport\u00e9 l\u2019or aux Championnats du monde de 1986 et de 1991.  \u00c0 ces derniers championnats, elle est devenue la premi\u00e8re nageuse synchronis\u00e9e \u00e0 recevoir un score parfait.  En tout, elle a remport\u00e9 65 m\u00e9dailles internationales (dont 25 d\u2019or) et 10 titres nationaux.<\/p>\n<p>\u00ab Sylvie est, \u00e0 bien des \u00e9gards, la personne la mieux qualifi\u00e9e pour ce r\u00f4le : elle est une professionnelle, elle est une excellente communicatrice, mais plus que tout, elle inspire naturellement le respect, et nos Olympiens de 2012 pourront s\u2019identifier \u00e0 elle en tant que personne, en tant qu\u2019athl\u00e8te accomplie et en tant qu\u2019Olympienne, a ajout\u00e9 Tewksbury, qui a particip\u00e9 aux Jeux olympiques de 1992 en compagnie de Fr\u00e9chette. Son exp\u00e9rience et ses connaissances joueront un r\u00f4le pivot dans l\u2019atteinte des objectifs du Canada \u00e0 Londres. Elle a fait face \u00e0 l\u2019adversit\u00e9, affront\u00e9 des d\u00e9fis, et elle demeure une championne olympique de tr\u00e8s haut calibre. \u00bb<\/p>\n<p>La liste de prix et de reconnaissances obtenus par Fr\u00e9chette est vaste et comprend l\u2019Ordre olympique du Canada en 1994 et des intronisations \u00e0 non moins que cinq temples de la renomm\u00e9e du sport. Elle fait \u00e9galement partie du monde litt\u00e9raire, ayant publi\u00e9 \u00ab Sylvie Fr\u00e9chette : sans fausse note \u00bb en 1993 et du milieu du spectacle, ayant contribu\u00e9, pendant huit ans, \u00e0 la conception et \u00e0 la coordination du spectacle \u00ab O \u00bb du Cirque du Soleil \u00e0 Las Vegas.<\/p>\n<p>Fr\u00e9chette a \u00e9galement mis son expertise au service de ses coll\u00e8gues Olympiens, premi\u00e8rement en participant \u00e0 l\u2019\u00e9laboration de la chor\u00e9graphie du programme de patinage artistique du couple Isabelle Brasseur et Lloyd Eisler aux Jeux olympiques d\u2019hiver de 1992 et plus r\u00e9cemment en travaillant \u00e0 la division Relations avec les athl\u00e8tes et la communaut\u00e9 du Comit\u00e9 olympique canadien et \u00e0 titre de mentor des athl\u00e8tes de l\u2019\u00c9quipe olympique canadienne 2010.<\/p>\n<p>Sa principale responsabilit\u00e9 sera de travailler aux c\u00f4t\u00e9s de Tewksbury pendant un an et demi pour repr\u00e9senter les athl\u00e8tes et les membres de l\u2019\u00e9quipe et aider \u00e0 les inspirer; elle agira \u00e9galement \u00e0 titre de porte-parole de l\u2019\u00e9quipe canadienne.<\/p>\n","protected":false},"excerpt":{"rendered":"<p>La championne olympique et championne du monde de nage synchronis\u00e9e Sylvie Fr\u00e9chette a \u00e9t\u00e9 nomm\u00e9e aujourd\u2019hui chef de mission adjointe&#8230;<\/p>\n","protected":false},"author":47562643,"featured_media":11660,"comment_status":"open","ping_status":"open","sticky":false,"template":"","format":"standard","meta":{"_acf_changed":false,"_crdt_document":"","_jetpack_memberships_contains_paid_content":false,"footnotes":""},"categories":[23939911],"tags":[],"post_format":"standard","sport":[],"game":[],"coauthors":[186127234],"class_list":["post-11662","post","type-post","status-publish","format-standard","has-post-thumbnail","hentry","category-uncategorized-fr"],"acf":[],"yoast_head":"<!-- This site is optimized with the Yoast SEO plugin v27.3 - https:\/\/yoast.com\/product\/yoast-seo-wordpress\/ -->\n<title>Sylvie Fr\u00e9chette : chef de mission adjointe du Canada pour les Jeux de 2012 - \u00c9quipe Canada | Site officiel de l&#039;\u00e9quipe olympique<\/title>\n<meta name=\"robots\" content=\"index, follow, max-snippet:-1, max-image-preview:large, max-video-preview:-1\" \/>\n<link rel=\"canonical\" href=\"https:\/\/develop.olympic.ca\/olympique\/2010\/11\/24\/sylvie-frechette-chef-de-mission-adjointe-du-canada-pour-les-jeux-de-2012\/\" \/>\n<meta property=\"og:locale\" content=\"fr_FR\" \/>\n<meta property=\"og:type\" content=\"article\" \/>\n<meta property=\"og:title\" content=\"Sylvie Fr\u00e9chette : chef de mission adjointe du Canada pour les Jeux de 2012 - \u00c9quipe Canada | Site officiel de l&#039;\u00e9quipe olympique\" \/>\n<meta property=\"og:description\" content=\"La championne olympique et championne du monde de nage synchronis\u00e9e Sylvie Fr\u00e9chette a \u00e9t\u00e9 nomm\u00e9e aujourd\u2019hui chef de mission adjointe...\" \/>\n<meta property=\"og:url\" content=\"https:\/\/develop.olympic.ca\/olympique\/2010\/11\/24\/sylvie-frechette-chef-de-mission-adjointe-du-canada-pour-les-jeux-de-2012\/\" \/>\n<meta property=\"og:site_name\" content=\"\u00c9quipe Canada | Site officiel de l&#039;\u00e9quipe olympique\" \/>\n<meta property=\"article:published_time\" content=\"2010-11-24T17:35:07+00:00\" \/>\n<meta property=\"article:modified_time\" content=\"2013-08-01T01:11:31+00:00\" \/>\n<meta property=\"og:image\" content=\"https:\/\/develop.olympic.ca\/olympique\/wp-content\/uploads\/sites\/2\/2011\/09\/frechette5.jpg?quality=100\" \/>\n\t<meta property=\"og:image:width\" content=\"2177\" \/>\n\t<meta property=\"og:image:height\" content=\"1528\" \/>\n\t<meta property=\"og:image:type\" content=\"image\/jpeg\" \/>\n<meta name=\"author\" content=\"Comit\u00e9 olympique canadien\" \/>\n<meta name=\"twitter:card\" content=\"summary_large_image\" \/>\n<meta name=\"twitter:label1\" content=\"Written by\" \/>\n\t<meta name=\"twitter:data1\" content=\"Comit\u00e9 olympique canadien\" \/>\n\t<meta name=\"twitter:label2\" content=\"Est. reading time\" \/>\n\t<meta name=\"twitter:data2\" content=\"3 minutes\" \/>\n<script type=\"application\/ld+json\" class=\"yoast-schema-graph\">{\"@context\":\"https:\\\/\\\/schema.org\",\"@graph\":[{\"@type\":\"Article\",\"@id\":\"https:\\\/\\\/develop.olympic.ca\\\/olympique\\\/2010\\\/11\\\/24\\\/sylvie-frechette-chef-de-mission-adjointe-du-canada-pour-les-jeux-de-2012\\\/#article\",\"isPartOf\":{\"@id\":\"https:\\\/\\\/develop.olympic.ca\\\/olympique\\\/2010\\\/11\\\/24\\\/sylvie-frechette-chef-de-mission-adjointe-du-canada-pour-les-jeux-de-2012\\\/\"},\"author\":{\"name\":\"cdnolympicteam\",\"@id\":\"https:\\\/\\\/develop.olympic.ca\\\/olympique\\\/#\\\/schema\\\/person\\\/b88ab0bea250d933632a93e669b06e95\"},\"headline\":\"Sylvie Fr\u00e9chette : chef de mission adjointe du Canada pour les Jeux de 2012\",\"datePublished\":\"2010-11-24T17:35:07+00:00\",\"dateModified\":\"2013-08-01T01:11:31+00:00\",\"mainEntityOfPage\":{\"@id\":\"https:\\\/\\\/develop.olympic.ca\\\/olympique\\\/2010\\\/11\\\/24\\\/sylvie-frechette-chef-de-mission-adjointe-du-canada-pour-les-jeux-de-2012\\\/\"},\"wordCount\":622,\"commentCount\":0,\"image\":{\"@id\":\"https:\\\/\\\/develop.olympic.ca\\\/olympique\\\/2010\\\/11\\\/24\\\/sylvie-frechette-chef-de-mission-adjointe-du-canada-pour-les-jeux-de-2012\\\/#primaryimage\"},\"thumbnailUrl\":\"https:\\\/\\\/develop.olympic.ca\\\/olympique\\\/wp-content\\\/uploads\\\/sites\\\/2\\\/2011\\\/09\\\/frechette5.jpg?quality=100\",\"articleSection\":[\"Uncategorized @fr\"],\"inLanguage\":\"fr-FR\",\"potentialAction\":[{\"@type\":\"CommentAction\",\"name\":\"Comment\",\"target\":[\"https:\\\/\\\/develop.olympic.ca\\\/olympique\\\/2010\\\/11\\\/24\\\/sylvie-frechette-chef-de-mission-adjointe-du-canada-pour-les-jeux-de-2012\\\/#respond\"]}]},{\"@type\":\"WebPage\",\"@id\":\"https:\\\/\\\/develop.olympic.ca\\\/olympique\\\/2010\\\/11\\\/24\\\/sylvie-frechette-chef-de-mission-adjointe-du-canada-pour-les-jeux-de-2012\\\/\",\"url\":\"https:\\\/\\\/develop.olympic.ca\\\/olympique\\\/2010\\\/11\\\/24\\\/sylvie-frechette-chef-de-mission-adjointe-du-canada-pour-les-jeux-de-2012\\\/\",\"name\":\"Sylvie Fr\u00e9chette : chef de mission adjointe du Canada pour les Jeux de 2012 - \u00c9quipe Canada | Site officiel de l&#039;\u00e9quipe olympique\",\"isPartOf\":{\"@id\":\"https:\\\/\\\/develop.olympic.ca\\\/olympique\\\/#website\"},\"primaryImageOfPage\":{\"@id\":\"https:\\\/\\\/develop.olympic.ca\\\/olympique\\\/2010\\\/11\\\/24\\\/sylvie-frechette-chef-de-mission-adjointe-du-canada-pour-les-jeux-de-2012\\\/#primaryimage\"},\"image\":{\"@id\":\"https:\\\/\\\/develop.olympic.ca\\\/olympique\\\/2010\\\/11\\\/24\\\/sylvie-frechette-chef-de-mission-adjointe-du-canada-pour-les-jeux-de-2012\\\/#primaryimage\"},\"thumbnailUrl\":\"https:\\\/\\\/develop.olympic.ca\\\/olympique\\\/wp-content\\\/uploads\\\/sites\\\/2\\\/2011\\\/09\\\/frechette5.jpg?quality=100\",\"datePublished\":\"2010-11-24T17:35:07+00:00\",\"dateModified\":\"2013-08-01T01:11:31+00:00\",\"author\":{\"@id\":\"https:\\\/\\\/develop.olympic.ca\\\/olympique\\\/#\\\/schema\\\/person\\\/b88ab0bea250d933632a93e669b06e95\"},\"inLanguage\":\"fr-FR\",\"potentialAction\":[{\"@type\":\"ReadAction\",\"target\":[\"https:\\\/\\\/develop.olympic.ca\\\/olympique\\\/2010\\\/11\\\/24\\\/sylvie-frechette-chef-de-mission-adjointe-du-canada-pour-les-jeux-de-2012\\\/\"]}]},{\"@type\":\"ImageObject\",\"inLanguage\":\"fr-FR\",\"@id\":\"https:\\\/\\\/develop.olympic.ca\\\/olympique\\\/2010\\\/11\\\/24\\\/sylvie-frechette-chef-de-mission-adjointe-du-canada-pour-les-jeux-de-2012\\\/#primaryimage\",\"url\":\"https:\\\/\\\/develop.olympic.ca\\\/olympique\\\/wp-content\\\/uploads\\\/sites\\\/2\\\/2011\\\/09\\\/frechette5.jpg?quality=100\",\"contentUrl\":\"https:\\\/\\\/develop.olympic.ca\\\/olympique\\\/wp-content\\\/uploads\\\/sites\\\/2\\\/2011\\\/09\\\/frechette5.jpg?quality=100\",\"width\":2177,\"height\":1528},{\"@type\":\"WebSite\",\"@id\":\"https:\\\/\\\/develop.olympic.ca\\\/olympique\\\/#website\",\"url\":\"https:\\\/\\\/develop.olympic.ca\\\/olympique\\\/\",\"name\":\"\u00c9quipe Canada | Site officiel de l&#039;\u00e9quipe olympique\",\"description\":\"Votre source pour l\u2019\u00c9quipe olympique canadienne. Retrouvez les r\u00e9cits, vid\u00e9os et photos des athl\u00e8tes canadiens, sports olympiques, Jeux olympiques de 2020 et bien plus!\",\"potentialAction\":[{\"@type\":\"SearchAction\",\"target\":{\"@type\":\"EntryPoint\",\"urlTemplate\":\"https:\\\/\\\/develop.olympic.ca\\\/olympique\\\/?s={search_term_string}\"},\"query-input\":{\"@type\":\"PropertyValueSpecification\",\"valueRequired\":true,\"valueName\":\"search_term_string\"}}],\"inLanguage\":\"fr-FR\"},{\"@type\":\"Person\",\"@id\":\"https:\\\/\\\/develop.olympic.ca\\\/olympique\\\/#\\\/schema\\\/person\\\/b88ab0bea250d933632a93e669b06e95\",\"name\":\"cdnolympicteam\",\"image\":{\"@type\":\"ImageObject\",\"inLanguage\":\"fr-FR\",\"@id\":\"https:\\\/\\\/secure.gravatar.com\\\/avatar\\\/5ebf1554473077ab88cd1ec3372750991c09302ef58500182e331751d1f3473b?s=96&d=identicon&r=g7289394c1202ef020fcd9aad965e50f7\",\"url\":\"https:\\\/\\\/secure.gravatar.com\\\/avatar\\\/5ebf1554473077ab88cd1ec3372750991c09302ef58500182e331751d1f3473b?s=96&d=identicon&r=g\",\"contentUrl\":\"https:\\\/\\\/secure.gravatar.com\\\/avatar\\\/5ebf1554473077ab88cd1ec3372750991c09302ef58500182e331751d1f3473b?s=96&d=identicon&r=g\",\"caption\":\"cdnolympicteam\"},\"url\":\"https:\\\/\\\/develop.olympic.ca\\\/olympique\\\/author\\\/cdnolympicteam\\\/\"}]}<\/script>\n<!-- \/ Yoast SEO plugin. -->","yoast_head_json":{"title":"Sylvie Fr\u00e9chette : chef de mission adjointe du Canada pour les Jeux de 2012 - \u00c9quipe Canada | Site officiel de l&#039;\u00e9quipe olympique","robots":{"index":"index","follow":"follow","max-snippet":"max-snippet:-1","max-image-preview":"max-image-preview:large","max-video-preview":"max-video-preview:-1"},"canonical":"https:\/\/develop.olympic.ca\/olympique\/2010\/11\/24\/sylvie-frechette-chef-de-mission-adjointe-du-canada-pour-les-jeux-de-2012\/","og_locale":"fr_FR","og_type":"article","og_title":"Sylvie Fr\u00e9chette : chef de mission adjointe du Canada pour les Jeux de 2012 - \u00c9quipe Canada | Site officiel de l&#039;\u00e9quipe olympique","og_description":"La championne olympique et championne du monde de nage synchronis\u00e9e Sylvie Fr\u00e9chette a \u00e9t\u00e9 nomm\u00e9e aujourd\u2019hui chef de mission adjointe...","og_url":"https:\/\/develop.olympic.ca\/olympique\/2010\/11\/24\/sylvie-frechette-chef-de-mission-adjointe-du-canada-pour-les-jeux-de-2012\/","og_site_name":"\u00c9quipe Canada | Site officiel de l&#039;\u00e9quipe olympique","article_published_time":"2010-11-24T17:35:07+00:00","article_modified_time":"2013-08-01T01:11:31+00:00","og_image":[{"width":2177,"height":1528,"url":"https:\/\/develop.olympic.ca\/olympique\/wp-content\/uploads\/sites\/2\/2011\/09\/frechette5.jpg?quality=100","type":"image\/jpeg"}],"author":"Comit\u00e9 olympique canadien","twitter_card":"summary_large_image","twitter_misc":{"Written by":"Comit\u00e9 olympique canadien","Est. reading time":"3 minutes"},"schema":{"@context":"https:\/\/schema.org","@graph":[{"@type":"Article","@id":"https:\/\/develop.olympic.ca\/olympique\/2010\/11\/24\/sylvie-frechette-chef-de-mission-adjointe-du-canada-pour-les-jeux-de-2012\/#article","isPartOf":{"@id":"https:\/\/develop.olympic.ca\/olympique\/2010\/11\/24\/sylvie-frechette-chef-de-mission-adjointe-du-canada-pour-les-jeux-de-2012\/"},"author":{"name":"cdnolympicteam","@id":"https:\/\/develop.olympic.ca\/olympique\/#\/schema\/person\/b88ab0bea250d933632a93e669b06e95"},"headline":"Sylvie Fr\u00e9chette : chef de mission adjointe du Canada pour les Jeux de 2012","datePublished":"2010-11-24T17:35:07+00:00","dateModified":"2013-08-01T01:11:31+00:00","mainEntityOfPage":{"@id":"https:\/\/develop.olympic.ca\/olympique\/2010\/11\/24\/sylvie-frechette-chef-de-mission-adjointe-du-canada-pour-les-jeux-de-2012\/"},"wordCount":622,"commentCount":0,"image":{"@id":"https:\/\/develop.olympic.ca\/olympique\/2010\/11\/24\/sylvie-frechette-chef-de-mission-adjointe-du-canada-pour-les-jeux-de-2012\/#primaryimage"},"thumbnailUrl":"https:\/\/develop.olympic.ca\/olympique\/wp-content\/uploads\/sites\/2\/2011\/09\/frechette5.jpg?quality=100","articleSection":["Uncategorized @fr"],"inLanguage":"fr-FR","potentialAction":[{"@type":"CommentAction","name":"Comment","target":["https:\/\/develop.olympic.ca\/olympique\/2010\/11\/24\/sylvie-frechette-chef-de-mission-adjointe-du-canada-pour-les-jeux-de-2012\/#respond"]}]},{"@type":"WebPage","@id":"https:\/\/develop.olympic.ca\/olympique\/2010\/11\/24\/sylvie-frechette-chef-de-mission-adjointe-du-canada-pour-les-jeux-de-2012\/","url":"https:\/\/develop.olympic.ca\/olympique\/2010\/11\/24\/sylvie-frechette-chef-de-mission-adjointe-du-canada-pour-les-jeux-de-2012\/","name":"Sylvie Fr\u00e9chette : chef de mission adjointe du Canada pour les Jeux de 2012 - \u00c9quipe Canada | Site officiel de l&#039;\u00e9quipe olympique","isPartOf":{"@id":"https:\/\/develop.olympic.ca\/olympique\/#website"},"primaryImageOfPage":{"@id":"https:\/\/develop.olympic.ca\/olympique\/2010\/11\/24\/sylvie-frechette-chef-de-mission-adjointe-du-canada-pour-les-jeux-de-2012\/#primaryimage"},"image":{"@id":"https:\/\/develop.olympic.ca\/olympique\/2010\/11\/24\/sylvie-frechette-chef-de-mission-adjointe-du-canada-pour-les-jeux-de-2012\/#primaryimage"},"thumbnailUrl":"https:\/\/develop.olympic.ca\/olympique\/wp-content\/uploads\/sites\/2\/2011\/09\/frechette5.jpg?quality=100","datePublished":"2010-11-24T17:35:07+00:00","dateModified":"2013-08-01T01:11:31+00:00","author":{"@id":"https:\/\/develop.olympic.ca\/olympique\/#\/schema\/person\/b88ab0bea250d933632a93e669b06e95"},"inLanguage":"fr-FR","potentialAction":[{"@type":"ReadAction","target":["https:\/\/develop.olympic.ca\/olympique\/2010\/11\/24\/sylvie-frechette-chef-de-mission-adjointe-du-canada-pour-les-jeux-de-2012\/"]}]},{"@type":"ImageObject","inLanguage":"fr-FR","@id":"https:\/\/develop.olympic.ca\/olympique\/2010\/11\/24\/sylvie-frechette-chef-de-mission-adjointe-du-canada-pour-les-jeux-de-2012\/#primaryimage","url":"https:\/\/develop.olympic.ca\/olympique\/wp-content\/uploads\/sites\/2\/2011\/09\/frechette5.jpg?quality=100","contentUrl":"https:\/\/develop.olympic.ca\/olympique\/wp-content\/uploads\/sites\/2\/2011\/09\/frechette5.jpg?quality=100","width":2177,"height":1528},{"@type":"WebSite","@id":"https:\/\/develop.olympic.ca\/olympique\/#website","url":"https:\/\/develop.olympic.ca\/olympique\/","name":"\u00c9quipe Canada | Site officiel de l&#039;\u00e9quipe olympique","description":"Votre source pour l\u2019\u00c9quipe olympique canadienne. Retrouvez les r\u00e9cits, vid\u00e9os et photos des athl\u00e8tes canadiens, sports olympiques, Jeux olympiques de 2020 et bien plus!","potentialAction":[{"@type":"SearchAction","target":{"@type":"EntryPoint","urlTemplate":"https:\/\/develop.olympic.ca\/olympique\/?s={search_term_string}"},"query-input":{"@type":"PropertyValueSpecification","valueRequired":true,"valueName":"search_term_string"}}],"inLanguage":"fr-FR"},{"@type":"Person","@id":"https:\/\/develop.olympic.ca\/olympique\/#\/schema\/person\/b88ab0bea250d933632a93e669b06e95","name":"cdnolympicteam","image":{"@type":"ImageObject","inLanguage":"fr-FR","@id":"https:\/\/secure.gravatar.com\/avatar\/5ebf1554473077ab88cd1ec3372750991c09302ef58500182e331751d1f3473b?s=96&d=identicon&r=g7289394c1202ef020fcd9aad965e50f7","url":"https:\/\/secure.gravatar.com\/avatar\/5ebf1554473077ab88cd1ec3372750991c09302ef58500182e331751d1f3473b?s=96&d=identicon&r=g","contentUrl":"https:\/\/secure.gravatar.com\/avatar\/5ebf1554473077ab88cd1ec3372750991c09302ef58500182e331751d1f3473b?s=96&d=identicon&r=g","caption":"cdnolympicteam"},"url":"https:\/\/develop.olympic.ca\/olympique\/author\/cdnolympicteam\/"}]}},"jetpack_featured_media_url":"https:\/\/develop.olympic.ca\/olympique\/wp-content\/uploads\/sites\/2\/2011\/09\/frechette5.jpg?quality=100","featured_image_url":"https:\/\/develop.olympic.ca\/olympique\/wp-content\/uploads\/sites\/2\/2011\/09\/frechette5.jpg?quality=100","author_name":["Comit\u00e9 olympique canadien"],"category_names":["Uncategorized @fr"],"tag_names":[],"video_embed_code":"","facebook_video_embed_code":"","jetpack_sharing_enabled":true,"jetpack-related-posts":[],"jetpack_shortlink":"https:\/\/wp.me\/pbmyEP-326","_links":{"self":[{"href":"https:\/\/develop.olympic.ca\/olympique\/wp-json\/wp\/v2\/posts\/11662","targetHints":{"allow":["GET"]}}],"collection":[{"href":"https:\/\/develop.olympic.ca\/olympique\/wp-json\/wp\/v2\/posts"}],"about":[{"href":"https:\/\/develop.olympic.ca\/olympique\/wp-json\/wp\/v2\/types\/post"}],"author":[{"embeddable":true,"href":"https:\/\/develop.olympic.ca\/olympique\/wp-json\/wp\/v2\/users\/47562643"}],"replies":[{"embeddable":true,"href":"https:\/\/develop.olympic.ca\/olympique\/wp-json\/wp\/v2\/comments?post=11662"}],"version-history":[{"count":1,"href":"https:\/\/develop.olympic.ca\/olympique\/wp-json\/wp\/v2\/posts\/11662\/revisions"}],"predecessor-version":[{"id":83012,"href":"https:\/\/develop.olympic.ca\/olympique\/wp-json\/wp\/v2\/posts\/11662\/revisions\/83012"}],"wp:featuredmedia":[{"embeddable":true,"href":"https:\/\/develop.olympic.ca\/olympique\/wp-json\/wp\/v2\/media\/11660"}],"wp:attachment":[{"href":"https:\/\/develop.olympic.ca\/olympique\/wp-json\/wp\/v2\/media?parent=11662"}],"wp:term":[{"taxonomy":"category","embeddable":true,"href":"https:\/\/develop.olympic.ca\/olympique\/wp-json\/wp\/v2\/categories?post=11662"},{"taxonomy":"post_tag","embeddable":true,"href":"https:\/\/develop.olympic.ca\/olympique\/wp-json\/wp\/v2\/tags?post=11662"},{"taxonomy":"post_format","embeddable":true,"href":"https:\/\/develop.olympic.ca\/olympique\/wp-json\/wp\/v2\/post_format?post=11662"},{"taxonomy":"sport","embeddable":true,"href":"https:\/\/develop.olympic.ca\/olympique\/wp-json\/wp\/v2\/sport?post=11662"},{"taxonomy":"game","embeddable":true,"href":"https:\/\/develop.olympic.ca\/olympique\/wp-json\/wp\/v2\/game?post=11662"},{"taxonomy":"author","embeddable":true,"href":"https:\/\/develop.olympic.ca\/olympique\/wp-json\/wp\/v2\/coauthors?post=11662"}],"curies":[{"name":"wp","href":"https:\/\/api.w.org\/{rel}","templated":true}]}}