{"id":119125,"date":"2016-07-25T11:37:48","date_gmt":"2016-07-25T15:37:48","guid":{"rendered":"http:\/\/develop.olympic.ca\/olympique\/?p=119125"},"modified":"2016-07-25T11:37:48","modified_gmt":"2016-07-25T15:37:48","slug":"un-90e-titre-en-carriere-pour-daniel-nestor","status":"publish","type":"post","link":"https:\/\/develop.olympic.ca\/olympique\/2016\/07\/25\/un-90e-titre-en-carriere-pour-daniel-nestor\/","title":{"rendered":"Un  90e titre en carri\u00e8re pour Daniel Nestor"},"content":{"rendered":"<h1>Avec ses sixi\u00e8mes Jeux olympiques qui pointent \u00e0 l\u2019horizon, Daniel Nestor n\u2019aurait pu choisir meilleur moment pour remporter son 90<sup>e<\/sup> titre de double en carri\u00e8re.<\/h1>\n<p>Oui, vous avez bien lu. L\u2019athl\u00e8te de 43 ans a r\u00e9alis\u00e9 l\u2019exploit dimanche apr\u00e8s midi au Citi Open de Washington avec le Fran\u00e7ais \u00c9douard Roger-Vasselin, son partenaire pour l\u2019occasion.<\/p>\n<div id=\"attachment_119127\" style=\"width: 1350px\" class=\"wp-caption alignnone\"><img loading=\"lazy\" decoding=\"async\" aria-describedby=\"caption-attachment-119127\" class=\"size-full wp-image-119127\" src=\"https:\/\/develop.olympic.ca\/wp-content\/uploads\/sites\/2\/2016\/07\/nestorrogerscup.jpg?quality=100\" alt=\"Daniel Nestor (de face) et \u00c9douard Roger-Vasselin \u00e0 la Coupe Rogers de 2015.\" width=\"1340\" height=\"754\" srcset=\"https:\/\/develop.olympic.ca\/olympique\/wp-content\/uploads\/sites\/2\/2016\/07\/nestorrogerscup.jpg 1340w, https:\/\/develop.olympic.ca\/olympique\/wp-content\/uploads\/sites\/2\/2016\/07\/nestorrogerscup.jpg?resize=280,158 280w, https:\/\/develop.olympic.ca\/olympique\/wp-content\/uploads\/sites\/2\/2016\/07\/nestorrogerscup.jpg?resize=660,371 660w, https:\/\/develop.olympic.ca\/olympique\/wp-content\/uploads\/sites\/2\/2016\/07\/nestorrogerscup.jpg?resize=768,432 768w\" sizes=\"(max-width: 1340px) 100vw, 1340px\" \/><p id=\"caption-attachment-119127\" class=\"wp-caption-text\">Daniel Nestor (\u00e0 gauche) et \u00c9douard Roger-Vasselin \u00e0 la Coupe Rogers de 2015.<\/p><\/div>\n<p>Le duo franco-canadien a termin\u00e9 son parcours sans faille dans la Capitale am\u00e9ricaine avec une victoire de 7-6 (3) et 7-6 (4) sur la paire form\u00e9e du Polonais Lukasz Kubot et de l\u2019Autrichien Alexander Peya en grande finale du tournoi.<\/p>\n<p><strong>\u00c0 LIRE :\u00a0<a href=\"http:\/\/develop.olympic.ca\/olympique\/2016\/07\/22\/daniel-nestor-se-joint-a-lequipe-canadienne-de-tennis-de-rio-2016\/\">Daniel Nestor se joint \u00e0 l&rsquo;\u00e9quipe canadienne de tennis de Rio 2016<\/a><\/strong><\/p>\n<p>Il s\u2019agit du deuxi\u00e8me titre ATP pour Nestor cette saison. Il avait rafl\u00e9 les honneurs sur gazon <a href=\"http:\/\/develop.olympic.ca\/olympique\/2014\/05\/20\/mise-a-jour-olympique-lor-pour-mark-de-jonge-et-un-autre-titre-pour-daniel-nestor\/\">au tournoi de Nottingham<\/a> avec Dominic Inglot, le mois dernier.<\/p>\n<p>Daniel Nestor sera de retour sur les courts \u00e0 Toronto, alors qu\u2019il fera \u00e9quipe avec son compatriote <a href=\"http:\/\/develop.olympic.ca\/olympique\/team-canada\/vasek-pospisil-1\/\">Vasek Pospisil<\/a> dans ce qui sera la derni\u00e8re pratique du duo canadien avant le tournoi olympique de double.<\/p>\n<div id=\"attachment_110987\" style=\"width: 660px\" class=\"wp-caption alignnone\"><img loading=\"lazy\" decoding=\"async\" aria-describedby=\"caption-attachment-110987\" class=\"size-full wp-image-110987\" src=\"https:\/\/develop.olympic.ca\/wp-content\/uploads\/sites\/2\/2015\/11\/nestor-pospisil.jpg?quality=100\" alt=\"Daniel Nestor et Vasek Pospisil (de dos) aux Jeux olympiques de Londres en 2012\" width=\"650\" height=\"496\" srcset=\"https:\/\/develop.olympic.ca\/olympique\/wp-content\/uploads\/sites\/2\/2015\/11\/nestor-pospisil.jpg 650w, https:\/\/develop.olympic.ca\/olympique\/wp-content\/uploads\/sites\/2\/2015\/11\/nestor-pospisil.jpg?resize=207,158 207w, https:\/\/develop.olympic.ca\/olympique\/wp-content\/uploads\/sites\/2\/2015\/11\/nestor-pospisil.jpg?resize=486,371 486w\" sizes=\"(max-width: 650px) 100vw, 650px\" \/><p id=\"caption-attachment-110987\" class=\"wp-caption-text\">Daniel Nestor et Vasek Pospisil (de dos) aux Jeux olympiques de Londres en 2012<\/p><\/div>\n<p>Partenaires \u00e0 <a href=\"http:\/\/develop.olympic.ca\/olympique\/photos\/londres-2012\/\">Londres\u00a02012<\/a> et lors des affrontements de la Coupe Davis, Nestor et Pospisil \u2013 qui sont de solides joueurs de double \u2013 seront parmi les plus s\u00e9rieux\u00a0pr\u00e9tendants au podium\u00a0\u00e0 Rio. Au Br\u00e9sil, Nestor tentera de remporter sa deuxi\u00e8me m\u00e9daille olympique apr\u00e8s avoir remport\u00e9 <a href=\"http:\/\/develop.olympic.ca\/olympique\/photos\/sydney-2000-2\/\">l\u2019or \u00e0 Sydney en 2000<\/a>.<\/p>\n","protected":false},"excerpt":{"rendered":"<p>Avec ses sixi\u00e8mes Jeux olympiques qui pointent \u00e0 l\u2019horizon, Daniel Nestor n\u2019aurait pu choisir meilleur moment pour remporter son 90e&#8230;<\/p>\n","protected":false},"author":96107080,"featured_media":119126,"comment_status":"open","ping_status":"closed","sticky":false,"template":"","format":"standard","meta":{"_acf_changed":false,"_jetpack_newsletter_access":"","_jetpack_dont_email_post_to_subs":false,"_jetpack_newsletter_tier_id":0,"_jetpack_memberships_contains_paywalled_content":false,"_jetpack_memberships_contains_paid_content":false,"footnotes":"","jetpack_post_was_ever_published":false},"categories":[1],"tags":[99022,1601989,2752058,39330881],"post_format":"standard","sport":[1999],"game":[],"coauthors":[209272438],"class_list":["post-119125","post","type-post","status-publish","format-standard","has-post-thumbnail","hentry","category-uncategorized","tag-atp","tag-coupe-rogers","tag-daniel-nestor","tag-vasek-pospisil","sport-tennis"],"acf":[],"featured_image_url":"https:\/\/develop.olympic.ca\/olympique\/wp-content\/uploads\/sites\/2\/2016\/07\/nestorroger-vasselin.jpg?quality=100","author_name":["Ariane Desrosiers"],"category_names":["Uncategorized"],"tag_names":["ATP","Coupe Rogers","Daniel Nestor","Vasek Pospisil"],"video_embed_code":"","facebook_video_embed_code":"","jetpack_sharing_enabled":true,"jetpack-related-posts":[],"jetpack_shortlink":"https:\/\/wp.me\/pbmyEP-uZn","jetpack_featured_media_url":"https:\/\/develop.olympic.ca\/olympique\/wp-content\/uploads\/sites\/2\/2016\/07\/nestorroger-vasselin.jpg?quality=100","_links":{"self":[{"href":"https:\/\/develop.olympic.ca\/olympique\/wp-json\/wp\/v2\/posts\/119125","targetHints":{"allow":["GET"]}}],"collection":[{"href":"https:\/\/develop.olympic.ca\/olympique\/wp-json\/wp\/v2\/posts"}],"about":[{"href":"https:\/\/develop.olympic.ca\/olympique\/wp-json\/wp\/v2\/types\/post"}],"author":[{"embeddable":true,"href":"https:\/\/develop.olympic.ca\/olympique\/wp-json\/wp\/v2\/users\/96107080"}],"replies":[{"embeddable":true,"href":"https:\/\/develop.olympic.ca\/olympique\/wp-json\/wp\/v2\/comments?post=119125"}],"version-history":[{"count":2,"href":"https:\/\/develop.olympic.ca\/olympique\/wp-json\/wp\/v2\/posts\/119125\/revisions"}],"predecessor-version":[{"id":119136,"href":"https:\/\/develop.olympic.ca\/olympique\/wp-json\/wp\/v2\/posts\/119125\/revisions\/119136"}],"wp:featuredmedia":[{"embeddable":true,"href":"https:\/\/develop.olympic.ca\/olympique\/wp-json\/wp\/v2\/media\/119126"}],"wp:attachment":[{"href":"https:\/\/develop.olympic.ca\/olympique\/wp-json\/wp\/v2\/media?parent=119125"}],"wp:term":[{"taxonomy":"category","embeddable":true,"href":"https:\/\/develop.olympic.ca\/olympique\/wp-json\/wp\/v2\/categories?post=119125"},{"taxonomy":"post_tag","embeddable":true,"href":"https:\/\/develop.olympic.ca\/olympique\/wp-json\/wp\/v2\/tags?post=119125"},{"taxonomy":"post_format","embeddable":true,"href":"https:\/\/develop.olympic.ca\/olympique\/wp-json\/wp\/v2\/post_format?post=119125"},{"taxonomy":"sport","embeddable":true,"href":"https:\/\/develop.olympic.ca\/olympique\/wp-json\/wp\/v2\/sport?post=119125"},{"taxonomy":"game","embeddable":true,"href":"https:\/\/develop.olympic.ca\/olympique\/wp-json\/wp\/v2\/game?post=119125"},{"taxonomy":"author","embeddable":true,"href":"https:\/\/develop.olympic.ca\/olympique\/wp-json\/wp\/v2\/coauthors?post=119125"}],"curies":[{"name":"wp","href":"https:\/\/api.w.org\/{rel}","templated":true}]}}