{"id":124170,"date":"2016-08-21T15:22:57","date_gmt":"2016-08-21T19:22:57","guid":{"rendered":"http:\/\/develop.olympic.ca\/olympique\/?p=124170"},"modified":"2016-08-21T15:37:59","modified_gmt":"2016-08-21T19:37:59","slug":"10-duos-olympiques-qui-ont-charme-le-canada-a-rio-2016","status":"publish","type":"post","link":"https:\/\/develop.olympic.ca\/olympique\/2016\/08\/21\/10-duos-olympiques-qui-ont-charme-le-canada-a-rio-2016\/","title":{"rendered":"10 duos olympiques qui ont charm\u00e9 le Canada \u00e0 Rio 2016"},"content":{"rendered":"<h1>Comme le vieux dicton le dit, deux t\u00eates en valent mieux qu&rsquo;une.<\/h1>\n<p>Les<a href=\"http:\/\/develop.olympic.ca\/olympique\/jeux\/2016-rio\/\"> Jeux de Rio 2016<\/a> ont apport\u00e9 leur lot de performances canadiennes palpitantes et inspirantes, qu&rsquo;elles soient r\u00e9alis\u00e9es seules ou en \u00e9quipes.<\/p>\n<p>Il y a tout de m\u00eame quelque chose de sp\u00e9cial qui se produit lorsqu&rsquo;un duo atteint de nouveaux sommets sur la sc\u00e8ne olympique. Voici donc un aper\u00e7u de 10 paires qui ont contribu\u00e9 au succ\u00e8s du Canada cet \u00e9t\u00e9.<\/p>\n<h2>Benfeito et\u00a0Filion<\/h2>\n<p><strong>\u00c0 LIRE: <a href=\"http:\/\/develop.olympic.ca\/olympique\/2016\/08\/09\/rio-2016-benfeito-et-filion-semparent-du-bronze-au-10-m-synchronise\/\">Benfeito et Filion s&#8217;emparent du bronze au 10 m synchronis\u00e9<\/a><\/strong><\/p>\n<div id=\"attachment_143750\" class=\"wp-caption aligncenter\">\n<p><img decoding=\"async\" class=\"size-full wp-image-143750\" src=\"https:\/\/cdnolympic.files.wordpress.com\/2016\/08\/benfeito_filion1.jpg?quality=100&amp;w=1360\" alt=\"Benfeito and Filion pose with their medals after winning a bronze in the 10m platform synchro dive. (photo\/Jason Ransom)\" \/><\/p>\n<p class=\"wp-caption-text\">Benfeito and Filion posent avec leurs m\u00e9dailles apr\u00e8s avoir remport\u00e9 le bronze \u00e0 la plateforme de 10 m en plongeon synchronis\u00e9. (photo\/Jason Ransom)<\/p>\n<\/div>\n<p>Non seulement ces partenaires de longue date en plongeon ont-elles d\u00e9fendu leur\u00a0m\u00e9daille de bronze \u00e0 la tour de 10 m, mais elles se sont aussi motiv\u00e9es \u00e0 atteindre de nouveaux sommets \u00e0 l&rsquo;\u00e9preuve du 10 m individuel \u00a0\u2014 <a href=\"http:\/\/develop.olympic.ca\/olympique\/team-canada\/meaghan-benfeito\/\">Benfeito<\/a> y a remport\u00e9 <a href=\"http:\/\/develop.olympic.ca\/olympique\/photos\/meaghan-benfeito-decroche-le-bronze-au-10-m-individuel\/\">le bronze<\/a> alors que <a href=\"http:\/\/develop.olympic.ca\/olympique\/team-canada\/roseline-filion\/\">Filion<\/a> s&rsquo;est m\u00e9rit\u00e9e un sixi\u00e8me rang, son\u00a0meilleur r\u00e9sultat olympique en individuel.<\/p>\n<h2>De Grasse et\u00a0Bolt<\/h2>\n<p><strong>AUSSI: <a href=\"http:\/\/develop.olympic.ca\/olympique\/2016\/08\/18\/de-grasse-et-bolt-un-amour-fraternel\/\">Un amour fraternel entre De Grasse et Bolt<\/a><\/strong><\/p>\n<div id=\"attachment_146140\" class=\"wp-caption aligncenter\">\n<p><img decoding=\"async\" class=\"size-full wp-image-146140\" src=\"https:\/\/cdnolympic.files.wordpress.com\/2016\/08\/andreedegrasse_200m_silver_markblinchphoto-9-2-e1471572040935.jpg?quality=100&amp;w=1360\" alt=\"Andre De Grasse who finished second, congratulates Usain Bolt on his gold medal win in Rio on August 18, 2016. (photo\/ Mark Blinch)\" \/><\/p>\n<p class=\"wp-caption-text\">Andre De Grasse, qui a termin\u00e9 deuxi\u00e8me, f\u00e9licite\u00a0Usain Bolt de sa victoire\u00a0\u00e0 Rio le 18 ao\u00fbt\u00a02016. (photo\/ Mark Blinch)<\/p>\n<\/div>\n<p>Amour fraternel. Le grand fr\u00e8re et le petit fr\u00e8re. Les partisans ont trouv\u00e9 de nombreuses expressions pour d\u00e9crire cette relation entre <a href=\"http:\/\/develop.olympic.ca\/olympique\/team-canada\/andre-de-grasse\/\">Andre De Grasse<\/a> \u2014\u00a0triple m\u00e9daill\u00e9 \u00e0 ses premiers Jeux\u00a0\u2014 et le l\u00e9gendaire Jama\u00efcain Usain Bolt. Il ne fait aucun doute que cette rivalit\u00e9 amicale avec Bolt a motiv\u00e9\u00a0le Canadien de 21 ans \u00e0 se d\u00e9passer.<\/p>\n<h2>Oleksiak et Ruck<\/h2>\n<p><strong>\u00c0 LIRE: <a href=\"http:\/\/develop.olympic.ca\/olympique\/2016\/08\/06\/mainville-van-langehem-ruck-et-oleksiak-remportent-la-premiere-medaille-du-canada-a-rio\/\">Le relais f\u00e9minin 4&#215;100 m remporte la premi\u00e8re m\u00e9daille du Canada dans la piscine de Rio<\/a>\u00a0| <a href=\"http:\/\/develop.olympic.ca\/2016\/08\/10\/canada-wins-second-olympic-relay-medal-at-rio-2016\/\">Deuxi\u00e8me m\u00e9daille de relais<\/a><\/strong><\/p>\n<div id=\"attachment_144115\" class=\"wp-caption aligncenter\">\n<p><img decoding=\"async\" class=\"size-full wp-image-144115\" src=\"https:\/\/cdnolympic.files.wordpress.com\/2016\/08\/12500403-e1470934770799.jpg?quality=100&amp;w=1360\" alt=\"Canada's Brittany MacLean, Katerine Savard, Taylor Ruck, and Penny Oleksiak take bronze in the women's 4 x 200-metre freestyle relay during the 2016 Olympic Summer Games in Rio de Janeiro, Brazil in Wednesday, Aug. 10, 2016. THE CANADIAN PRESS\/Sean Kilpatrick\" \/><\/p>\n<p class=\"wp-caption-text\">Les Canadiennes\u00a0Brittany MacLean, Katerine Savard, Taylor Ruck, et\u00a0Penny Oleksiak s&#8217;emparent du bronze au relais\u00a04 x 200-metre style libre\u00a0lors des Jeux de Rio 2016 \u00e0\u00a0Rio de Janeiro, Br\u00e9sil\u00a0mercredi le 10 ao\u00fbt 2016.\u00a0THE CANADIAN PRESS\/Sean Kilpatrick<\/p>\n<\/div>\n<p>Alors que <a href=\"http:\/\/develop.olympic.ca\/olympique\/team-canada\/penny-oleksiak\/\">Penny Oleksiak<\/a>\u00a0a fait les grands titres pour avoir gagn\u00e9 quatre m\u00e9dailles en natation, <a href=\"http:\/\/develop.olympic.ca\/olympique\/team-canada\/taylor-ruck\/\">Taylor Ruck<\/a> et elle ont \u00e9crit\u00a0une page d&rsquo;histoire ensemble lors du relais 4&#215;100 m style libre, en devenant les deux premi\u00e8res m\u00e9daill\u00e9es olympiques n\u00e9es dans les ann\u00e9es 2000. La paire de 16 ans a ensuite r\u00e9p\u00e9t\u00e9 l&rsquo;exploit de m\u00e9daille, cette fois-ci au\u00a0relais 4&#215;200 m style libre.<\/p>\n<h2>Lamaze et\u00a0Fine Lady 5<\/h2>\n<p><strong>\u00c0 LIRE: <a href=\"http:\/\/develop.olympic.ca\/olympique\/2016\/08\/19\/eric-lamaze-remporte-sa-troisieme-medaille-olympique-en-carriere-a-rio\/\">Lamaze remporte sa troisi\u00e8me m\u00e9daille olympique en carri\u00e8re \u00e0 Rio<\/a><\/strong><\/p>\n<p><img decoding=\"async\" class=\"aligncenter size-full wp-image-146540\" src=\"https:\/\/cdnolympic.files.wordpress.com\/2016\/08\/iceinourmanes-11.jpg?quality=100&amp;w=1360\" alt=\"Rio 2016: Ice in our Manes\" \/><\/p>\n<p><a href=\"http:\/\/develop.olympic.ca\/olympique\/team-canada\/eric-lamaze\/\">Eric Lamaze<\/a> avait saut\u00e9 jusqu&rsquo;\u00e0 la plus haute marche du podium avec Hickstead lors des Jeux de <a href=\"http:\/\/develop.olympic.ca\/olympique\/jeux\/2008-beijing\/\">Beijing 2008<\/a>. Huit ans plus tard, dans un nouveau partenariat avec une jument nomm\u00e9e Fine Lady 5, Lamaze a une fois de plus atteint le podium olympique, cette fois-ci avec une m\u00e9daille de bronze.<\/p>\n<h2>Heptathlon et d\u00e9cathlon<\/h2>\n<p><strong>\u00c0 LIRE\u00a0: <a href=\"http:\/\/develop.olympic.ca\/olympique\/2016\/08\/13\/brianne-theisen-eaton-decroche-le-bronze-a-lheptathlon\/\">Le bronze de Theisen-Eaton<\/a>\u00a0| <a href=\"http:\/\/develop.olympic.ca\/olympique\/2016\/08\/18\/damian-warner-decore-de-bronze-au-decathlon-a-rio\/\">Le bronze de Warner<\/a><\/strong><\/p>\n<div class=\"tiled-gallery type-rectangular\"><\/div>\n<div class=\"tiled-gallery type-square tiled-gallery-unresized\" data-original-width=\"1360\" data-carousel-extra='null' itemscope itemtype=\"http:\/\/schema.org\/ImageGallery\" > <div class=\"gallery-row\" style=\"width: 1360px; height: 453px;\" data-original-width=\"1360\" data-original-height=\"453\" > <div class=\"gallery-group\" style=\"width: 453px; height: 453px;\" data-original-width=\"453\" data-original-height=\"453\" > <div class=\"tiled-gallery-item \" itemprop=\"associatedMedia\" itemscope itemtype=\"http:\/\/schema.org\/ImageObject\"> <a href=\"https:\/\/develop.olympic.ca\/olympique\/bte-flag-two\/\" border=\"0\" itemprop=\"url\"> <meta itemprop=\"width\" content=\"449\"> <meta itemprop=\"height\" content=\"449\"> <img decoding=\"async\" data-recalc-dims=\"1\" class=\"\" data-attachment-id=\"122559\" data-orig-file=\"https:\/\/develop.olympic.ca\/olympique\/wp-content\/uploads\/sites\/2\/2016\/08\/bte-flag-two.jpg?quality=100\" data-orig-size=\"1340,916\" data-comments-opened=\"1\" data-image-meta=\"{&quot;aperture&quot;:&quot;0&quot;,&quot;credit&quot;:&quot;&quot;,&quot;camera&quot;:&quot;&quot;,&quot;caption&quot;:&quot;&quot;,&quot;created_timestamp&quot;:&quot;0&quot;,&quot;copyright&quot;:&quot;&quot;,&quot;focal_length&quot;:&quot;0&quot;,&quot;iso&quot;:&quot;0&quot;,&quot;shutter_speed&quot;:&quot;0&quot;,&quot;title&quot;:&quot;&quot;,&quot;orientation&quot;:&quot;0&quot;}\" data-image-title=\"Rio 2016: Brianne Theisen-Eaton\" data-image-description=\"&lt;p&gt;Brianne Theisen-Eaton, Rio 2016. 13 ao\u00fbt 2016. Photo du THE CANADIAN PRESS\/Ryan Remiorz&lt;\/p&gt; \" data-medium-file=\"https:\/\/develop.olympic.ca\/olympique\/wp-content\/uploads\/sites\/2\/2016\/08\/bte-flag-two.jpg?quality=100&#038;w=543\" data-large-file=\"https:\/\/develop.olympic.ca\/olympique\/wp-content\/uploads\/sites\/2\/2016\/08\/bte-flag-two.jpg?quality=100&#038;w=1103\" src=\"https:\/\/develop.olympic.ca\/olympique\/wp-content\/uploads\/sites\/2\/2016\/08\/bte-flag-two.jpg?quality=100&#038;w=449&#038;h=449&#038;crop=1&#038;strip&#038;resize=449%2C449\" width=\"449\" height=\"449\" loading=\"lazy\" data-original-width=\"449\" data-original-height=\"449\" itemprop=\"http:\/\/schema.org\/image\" title=\"Rio 2016: Brianne Theisen-Eaton\" alt=\"Rio 2016: Brianne Theisen-Eaton\" style=\"width: 449px; height: 449px;\" \/> <\/a> <div class=\"tiled-gallery-caption\" itemprop=\"caption description\"> Brianne Theisen-Eaton, Rio 2016. 13 ao\u00fbt 2016. Photo du THE CANADIAN PRESS\/Ryan Remiorz <\/div> <\/div> <\/div> <div class=\"gallery-group\" style=\"width: 453px; height: 453px;\" data-original-width=\"453\" data-original-height=\"453\" > <div class=\"tiled-gallery-item \" itemprop=\"associatedMedia\" itemscope itemtype=\"http:\/\/schema.org\/ImageObject\"> <a href=\"https:\/\/develop.olympic.ca\/olympique\/2016\/08\/13\/brianne-theisen-eaton-decroche-le-bronze-a-lheptathlon\/briannetheiseneaton_heptathlon_bronze_jasonransomphoto-7\/#main\" border=\"0\" itemprop=\"url\"> <meta itemprop=\"width\" content=\"449\"> <meta itemprop=\"height\" content=\"449\"> <img decoding=\"async\" data-recalc-dims=\"1\" class=\"\" data-attachment-id=\"122513\" data-orig-file=\"https:\/\/develop.olympic.ca\/olympique\/wp-content\/uploads\/sites\/2\/2016\/08\/briannetheiseneaton_heptathlon_bronze_jasonransomphoto-7-e1471142684708.jpg?quality=100\" data-orig-size=\"1340,896\" data-comments-opened=\"1\" data-image-meta=\"{&quot;aperture&quot;:&quot;4&quot;,&quot;credit&quot;:&quot;Jason Ransom&quot;,&quot;camera&quot;:&quot;Canon EOS-1D X Mark II&quot;,&quot;caption&quot;:&quot;&quot;,&quot;created_timestamp&quot;:&quot;1471123418&quot;,&quot;copyright&quot;:&quot;Canadian Olympic Committee&quot;,&quot;focal_length&quot;:&quot;400&quot;,&quot;iso&quot;:&quot;5000&quot;,&quot;shutter_speed&quot;:&quot;0.001&quot;,&quot;title&quot;:&quot;&quot;,&quot;orientation&quot;:&quot;0&quot;}\" data-image-title=\"Equipe Canada &amp;#8211; heptathlon &amp;#8211; Brianne Theisen-Eaton &amp;#8211; Rio 2016\" data-image-description=\"&lt;p&gt;Brianne Theisen-Eaton embrasse son mari le champion olympique de Londres 2012, Ashton Eaton. (COC\/\/ Jason Ransom)&lt;\/p&gt; \" data-medium-file=\"https:\/\/develop.olympic.ca\/olympique\/wp-content\/uploads\/sites\/2\/2016\/08\/briannetheiseneaton_heptathlon_bronze_jasonransomphoto-7-e1471142684708.jpg?quality=100&#038;w=555\" data-large-file=\"https:\/\/develop.olympic.ca\/olympique\/wp-content\/uploads\/sites\/2\/2016\/08\/briannetheiseneaton_heptathlon_bronze_jasonransomphoto-7-e1471142684708.jpg?quality=100&#038;w=1128\" src=\"https:\/\/develop.olympic.ca\/olympique\/wp-content\/uploads\/sites\/2\/2016\/08\/briannetheiseneaton_heptathlon_bronze_jasonransomphoto-7-e1471142684708.jpg?quality=100&#038;w=449&#038;h=449&#038;crop=1&#038;strip&#038;resize=449%2C449\" width=\"449\" height=\"449\" loading=\"lazy\" data-original-width=\"449\" data-original-height=\"449\" itemprop=\"http:\/\/schema.org\/image\" title=\"Equipe Canada - heptathlon - Brianne Theisen-Eaton - Rio 2016\" alt=\"Equipe Canada - heptathlon - Brianne Theisen-Eaton - Rio 2016\" style=\"width: 449px; height: 449px;\" \/> <\/a> <div class=\"tiled-gallery-caption\" itemprop=\"caption description\"> Brianne Theisen-Eaton embrasse son mari le champion olympique de Londres 2012, Ashton Eaton. (COC\/\/ Jason Ransom) <\/div> <\/div> <\/div> <div class=\"gallery-group\" style=\"width: 453px; height: 453px;\" data-original-width=\"453\" data-original-height=\"453\" > <div class=\"tiled-gallery-item \" itemprop=\"associatedMedia\" itemscope itemtype=\"http:\/\/schema.org\/ImageObject\"> <a href=\"https:\/\/develop.olympic.ca\/olympique\/damienwarner_dec_bronze_stephenhosierphoto-10\/\" border=\"0\" itemprop=\"url\"> <meta itemprop=\"width\" content=\"449\"> <meta itemprop=\"height\" content=\"449\"> <img decoding=\"async\" data-recalc-dims=\"1\" class=\"\" data-attachment-id=\"123873\" data-orig-file=\"https:\/\/develop.olympic.ca\/olympique\/wp-content\/uploads\/sites\/2\/2016\/08\/damienwarner_dec_bronze_stephenhosierphoto-10-e1471655529892.jpg?quality=100\" data-orig-size=\"1340,850\" data-comments-opened=\"1\" data-image-meta=\"{&quot;aperture&quot;:&quot;2.8&quot;,&quot;credit&quot;:&quot;&quot;,&quot;camera&quot;:&quot;Canon EOS-1D X Mark II&quot;,&quot;caption&quot;:&quot;&quot;,&quot;created_timestamp&quot;:&quot;1471652994&quot;,&quot;copyright&quot;:&quot;Canadian Olympic Committee&quot;,&quot;focal_length&quot;:&quot;200&quot;,&quot;iso&quot;:&quot;500&quot;,&quot;shutter_speed&quot;:&quot;0.002&quot;,&quot;title&quot;:&quot;&quot;,&quot;orientation&quot;:&quot;0&quot;}\" data-image-title=\"Equipe Canada &amp;#8211; athletisme &amp;#8211; Damian Warner &amp;#8211; Rio 2016\" data-image-description=\"&lt;p&gt;Damian Warner, Rio 2016. 19 ao\u00fbt 2016. Photo du COC\/Stephen Hosier&lt;\/p&gt; \" data-medium-file=\"https:\/\/develop.olympic.ca\/olympique\/wp-content\/uploads\/sites\/2\/2016\/08\/damienwarner_dec_bronze_stephenhosierphoto-10-e1471655529892.jpg?quality=100&#038;w=585\" data-large-file=\"https:\/\/develop.olympic.ca\/olympique\/wp-content\/uploads\/sites\/2\/2016\/08\/damienwarner_dec_bronze_stephenhosierphoto-10-e1471655529892.jpg?quality=100&#038;w=1189\" src=\"https:\/\/develop.olympic.ca\/olympique\/wp-content\/uploads\/sites\/2\/2016\/08\/damienwarner_dec_bronze_stephenhosierphoto-10-e1471655529892.jpg?quality=100&#038;w=449&#038;h=449&#038;crop=1&#038;strip&#038;resize=449%2C449\" width=\"449\" height=\"449\" loading=\"lazy\" data-original-width=\"449\" data-original-height=\"449\" itemprop=\"http:\/\/schema.org\/image\" title=\"Equipe Canada - athletisme - Damian Warner - Rio 2016\" alt=\"Equipe Canada - athletisme - Damian Warner - Rio 2016\" style=\"width: 449px; height: 449px;\" \/> <\/a> <div class=\"tiled-gallery-caption\" itemprop=\"caption description\"> Damian Warner, Rio 2016. 19 ao\u00fbt 2016. Photo du COC\/Stephen Hosier <\/div> <\/div> <\/div> <\/div> <\/div>\n<p><a href=\"http:\/\/develop.olympic.ca\/olympique\/team-canada\/brianne-barry\/\">Brianne Theisen-Eaton<\/a> (premi\u00e8re m\u00e9daill\u00e9e du Canada au heptatlon) et <a href=\"http:\/\/develop.olympic.ca\/olympique\/team-canada\/damian-warner\/\">Damian Warner<\/a> (premier m\u00e9daill\u00e9 du Canada au d\u00e9cathlon depuis <a href=\"http:\/\/develop.olympic.ca\/olympique\/jeux\/1988-seoul\/\">S\u00e9oul 1988<\/a>) se sont d\u00e9finitivement d\u00e9marqu\u00e9s \u00e0 Rio. Entre ces deux athl\u00e8tes, il y avait Ashton Eaton, \u00e0 la fois le plus grand rival de Warner et le plus grand partisan\u00a0de Theisen-Eaton (ils sont mari\u00e9s, apr\u00e8s tous).<\/p>\n<h2>Jennerich et\u00a0Obee<\/h2>\n<p><strong>\u00c0 LIRE: <a href=\"http:\/\/develop.olympic.ca\/olympique\/2016\/08\/12\/lindsay-jennerich-et-patricia-obee-en-argent-au-stade-lagoa\/\">Jennerich et Obee en argent au stade Lagoa<\/a><\/strong><\/p>\n<div id=\"attachment_144436\" class=\"wp-caption aligncenter\">\n<p><img decoding=\"async\" class=\"size-full wp-image-144436\" src=\"https:\/\/cdnolympic.files.wordpress.com\/2016\/08\/12518254-e1471014283932.jpg?quality=100&amp;w=1360\" alt=\"Lindsay Jennerich and Patricia Obee of Canada, show their silver medals after the women's rowing lightweight double sculls final during the 2016 Summer Olympics in Rio de Janeiro, Brazil, Friday, Aug. 12, 2016. (AP Photo\/Luca Bruno)\" \/><\/p>\n<p class=\"wp-caption-text\">Lindsay Jennerich et\u00a0Patricia Obee du Canada, montrent leurs m\u00e9dailles d&rsquo;argent apr\u00e8s la finale du\u00a0deux de couple poids l\u00e9ger des Jeux de Rio 2016 vendredi le 12 ao\u00fbt 2016.<\/p>\n<\/div>\n<p>\u00ab Je me sentais comme un machine, a comment\u00e9 <a href=\"http:\/\/develop.olympic.ca\/olympique\/team-canada\/lindsay-jennerich-2\/\">Lindsay Jennerich<\/a> suite \u00e0 la finale du deux de couple poids l\u00e9ger. Et <a href=\"http:\/\/develop.olympic.ca\/olympique\/team-canada\/patricia-obee-2\/\">Patricia Obee<\/a> se sentait comme un machine. \u00bb Cette machine bien huil\u00e9e a\u00a0procur\u00e9 au tandem une m\u00e9daille d&rsquo;argent et le premier podium olympique de leurs carri\u00e8res respectives.<\/p>\n<h2>Nestor et Pospisil<\/h2>\n<p><strong>\u00c0 LIRE: <a href=\"http:\/\/develop.olympic.ca\/olympique\/2016\/08\/09\/daniel-nestor-et-vasek-pospisil-en-demi-finales-du-tournoi-olympique-en-double\/\">Nestor et Pospisil en demi-finales du tournoi olympique en double<\/a><\/strong><\/p>\n<div id=\"attachment_143799\" class=\"wp-caption aligncenter\">\n<p><img decoding=\"async\" class=\"size-full wp-image-143799\" src=\"https:\/\/cdnolympic.files.wordpress.com\/2016\/08\/tennis1.jpg?quality=100&amp;w=1360\" alt=\"Team Canada's Daniel Nestor and Vasek Pospisil compete against Portugal in the men's second round of doubles tennis, Rio de Janeiro, Brazil, Monday August 8, 2016. COC Photo\/David Jackson\" \/><\/p>\n<p class=\"wp-caption-text\">Daniel Nestor et Vasek Pospisil d&rsquo;\u00c9quipe Canada se mesurent au\u00a0Portugal lors du\u00a02e tour du tennis en double \u00e0 Rio de Janeiro, Br\u00e9sil, lundi le 8 ao\u00fbt\u00a02016. COC Photo\/David Jackson<\/p>\n<\/div>\n<p>Le tournoi de tennis en double ne s&rsquo;est pas termin\u00e9 de la fa\u00e7on que l&rsquo;aurait esp\u00e9r\u00e9 le duo form\u00e9 de <a href=\"http:\/\/develop.olympic.ca\/olympique\/team-canada\/daniel-nestor\/\">Daniel Nestor<\/a> et <a href=\"http:\/\/develop.olympic.ca\/olympique\/team-canada\/vasek-pospisil-1\/\">Vasek Pospisil<\/a>, avec une d\u00e9faite controvers\u00e9e en demi-finale, match de la m\u00e9daille de bronze. C&rsquo;\u00e9tait tout de m\u00eame un excellent r\u00e9sultat final pour Nestor, \u00e2g\u00e9 de 43 ans et champion olympique \u00e0 <a href=\"http:\/\/develop.olympic.ca\/olympique\/jeux\/2000-sydney\/\">Sydney 2000<\/a>, et Pospisil, un des grands du tennis canadien \u00e2g\u00e9 de 26 ans.<\/p>\n<h2>Pendrel et Batty<\/h2>\n<p><strong>\u00c0 LIRE: <a href=\"http:\/\/develop.olympic.ca\/olympique\/2016\/08\/20\/prete-pour-tous-les-scenarios-possibles-pendrel-pedale-jusquau-bronze\/\">Pendrel p\u00e9dale jusqu&rsquo;au bronze<\/a><\/strong><\/p>\n<div id=\"attachment_146515\" class=\"wp-caption aligncenter\">\n<p><img decoding=\"async\" class=\"size-full wp-image-146515\" src=\"https:\/\/cdnolympic.files.wordpress.com\/2016\/08\/12622241-e1471715618295.jpg?quality=100&amp;w=1360\" alt=\"Canada's Catharine Pendrel competes during the women's mountain bike final at the 2016 Olympic Summer Games in Rio de Janeiro, Brazil on Saturday, Aug. 20, 2016. THE CANADIAN PRESS\/Sean Kilpatrick\" \/><\/p>\n<p class=\"wp-caption-text\">Catharine Pendrel du Canada participe \u00e0 la finale de v\u00e9lo de montagne des Jeux de Rio 2016 \u00e0 Rio de Janeiro, Br\u00e9sil, samedi le 20 ao\u00fbt 2016. THE CANADIAN PRESS\/Sean Kilpatrick<\/p>\n<\/div>\n<p>Les deux athl\u00e8tes en v\u00e9lo de montagne <a href=\"http:\/\/develop.olympic.ca\/olympique\/team-canada\/catharine-pendrel\/\">Catharine Pendrel<\/a> et <a href=\"http:\/\/develop.olympic.ca\/olympique\/team-canada\/emily-batty\/\">Emily Batty<\/a> se sont\u00a0livr\u00e9es une chaude bataille pour la m\u00e9daille de bronze lors de la quinzi\u00e8me journ\u00e9e de\u00a0comp\u00e9tition \u00e0 Rio. La cycliste de 35 ans Pendrel a d\u00e9croch\u00e9 cette m\u00e9daille \u00e0 sa troisi\u00e8me pr\u00e9sence aux Jeux olympiques alors que Batty, 28 ans, a termin\u00e9 la course seulement deux secondes derri\u00e8re elle.<\/p>\n<h2>La jambe gauche et la jambe droite de Dunfee<\/h2>\n<p><strong>\u00c0 LIRE: <a href=\"http:\/\/develop.olympic.ca\/olympique\/2016\/08\/19\/victime-dune-bousculade-en-fin-de-course-evan-dunfee-obtient-le-bronze-au-50-km-marche\/\">Bouscul\u00e9 en fin de course, Dunfee\u00a0n&rsquo;obtiendra pas le bronze au 50 km marche<\/a><\/strong><\/p>\n<div id=\"attachment_146226\" class=\"wp-caption aligncenter\">\n<p><img decoding=\"async\" class=\"size-full wp-image-146226\" src=\"https:\/\/cdnolympic.files.wordpress.com\/2016\/08\/12609303-e1471726902694.jpg?quality=100&amp;w=1360\" alt=\"Evan Dunfee in the men's 50-km race walk at the 2016 Summer Olympics in Rio de Janeiro, Brazil, Friday, Aug. 19, 2016. (AP Photo\/Robert F. Bukaty)\" \/><\/p>\n<p class=\"wp-caption-text\">Evan Dunfee, du\u00a0Canada, s&rsquo;arrose avec de l&rsquo;eau lors du 50 km marche aux Jeux de Rio vendredi le 19 ao\u00fbt 2016.\u00a0(AP Photo\/Robert F. Bukaty)<\/p>\n<\/div>\n<p>Les jambes d&rsquo;<a href=\"http:\/\/develop.olympic.ca\/olympique\/team-canada\/evan-dunfee\/\">Evan Dunfee<\/a> ont endur\u00e9 un total de 70 km de marche en comp\u00e9tition \u00e0 Rio (la course de 20 km et celle de 50 km), alors que son coeur a subi une montagne russe d&rsquo;\u00e9motions dans la saga du statut de sa m\u00e9daille obtenue puis perdue. Cependant, Dunfee a fait preuve de grande classe dans cette situation, lui faisant\u00a0gagner\u00a0une vague de nouveaux partisans au passage.<\/p>\n<h2>Wiebe et Ragusa<\/h2>\n<p><strong>\u00c0 LIRE: <a href=\"http:\/\/develop.olympic.ca\/olympique\/2016\/08\/18\/la-lutteuse-erica-wiebe-sacree-championne-olympique-des-75-kg\/\">La lutteuse Erica Wiebe sacr\u00e9e championne olympique des 75 kg<\/a><\/strong><\/p>\n<div id=\"attachment_146090\" class=\"wp-caption aligncenter\">\n<p><img decoding=\"async\" class=\"size-full wp-image-146090\" src=\"https:\/\/cdnolympic.files.wordpress.com\/2016\/08\/ericawiebe_75kg_gold_jasonransomphoto-9-31-e1471561076589.jpg?quality=100&amp;w=1360\" alt=\"Erica Wiebe carries coach Paul Ragusa after after winning the gold medal during the women's 75-kg freestyle wrestling competition at the 2016 Summer Olympics in Rio de Janeiro, Brazil, Thursday, Aug. 18, 2016. photo\/ Jason Ransom\" \/><\/p>\n<p class=\"wp-caption-text\">Erica Wiebe porte son entra\u00eeneur Paul Ragusa suite \u00e0 sa victoire de la m\u00e9daille d&rsquo;or en lutte chez les 75 kg aux Jeux de Rio le 18 ao\u00fbt 2016. photo\/ Jason Ransom<\/p>\n<\/div>\n<p><a href=\"http:\/\/develop.olympic.ca\/olympique\/team-canada\/erica-wiebe\/\">Erica Wiebe<\/a> ne s&rsquo;est pas content\u00e9e de gagner une m\u00e9daille d&rsquo;or en lutte, elle nous a aussi fourni une des images les plus marquantes des Jeux, en transportant son entraineur Paul Ragusa au dessus de sa t\u00eate dans un tour de c\u00e9l\u00e9bration suite \u00e0 sa grande victoire.<\/p>\n","protected":false},"excerpt":{"rendered":"<p>Comme le vieux dicton le dit, deux t\u00eates en valent mieux qu&rsquo;une. Les Jeux de Rio 2016 ont apport\u00e9 leur&#8230;<\/p>\n","protected":false},"author":49083863,"featured_media":123543,"comment_status":"open","ping_status":"closed","sticky":false,"template":"","format":"standard","meta":{"_acf_changed":false,"_crdt_document":"","_jetpack_memberships_contains_paid_content":false,"footnotes":""},"categories":[1],"tags":[182457884,188034656,58573528,2752058,415984300,1074864,233098692,415983976,415984298,415984299,23470548,9811402,98573065,415890288,9811403,415940951,39330881],"post_format":"standard","sport":[],"game":[415984561],"coauthors":[374051512],"class_list":["post-124170","post","type-post","status-publish","format-standard","has-post-thumbnail","hentry","category-uncategorized","tag-andre-de-grasse","tag-brianne-theisen-eaton","tag-damian-warner","tag-daniel-nestor","tag-de-grasse","tag-decathlon","tag-erica-wiebe","tag-fine-lady-5","tag-heptatlon","tag-lamaze","tag-lindsay-jennerich","tag-meaghan-benfeito","tag-patricia-obee","tag-penny-oleksiak","tag-roseline-filion","tag-taylor-ruck","tag-vasek-pospisil","game-2016-rio"],"acf":[],"yoast_head":"<!-- This site is optimized with the Yoast SEO plugin v27.3 - https:\/\/yoast.com\/product\/yoast-seo-wordpress\/ -->\n<title>10 duos olympiques qui ont charm\u00e9 le Canada \u00e0 Rio 2016 - \u00c9quipe Canada | Site officiel de l&#039;\u00e9quipe olympique<\/title>\n<meta name=\"robots\" content=\"index, follow, max-snippet:-1, max-image-preview:large, max-video-preview:-1\" \/>\n<link rel=\"canonical\" href=\"https:\/\/develop.olympic.ca\/olympique\/2016\/08\/21\/10-duos-olympiques-qui-ont-charme-le-canada-a-rio-2016\/\" \/>\n<meta property=\"og:locale\" content=\"fr_FR\" \/>\n<meta property=\"og:type\" content=\"article\" \/>\n<meta property=\"og:title\" content=\"10 duos olympiques qui ont charm\u00e9 le Canada \u00e0 Rio 2016 - \u00c9quipe Canada | Site officiel de l&#039;\u00e9quipe olympique\" \/>\n<meta property=\"og:description\" content=\"Comme le vieux dicton le dit, deux t\u00eates en valent mieux qu&rsquo;une. Les Jeux de Rio 2016 ont apport\u00e9 leur...\" \/>\n<meta property=\"og:url\" content=\"https:\/\/develop.olympic.ca\/olympique\/2016\/08\/21\/10-duos-olympiques-qui-ont-charme-le-canada-a-rio-2016\/\" \/>\n<meta property=\"og:site_name\" content=\"\u00c9quipe Canada | Site officiel de l&#039;\u00e9quipe olympique\" \/>\n<meta property=\"article:published_time\" content=\"2016-08-21T19:22:57+00:00\" \/>\n<meta property=\"article:modified_time\" content=\"2016-08-21T19:37:59+00:00\" \/>\n<meta property=\"og:image\" content=\"https:\/\/develop.olympic.ca\/olympique\/wp-content\/uploads\/sites\/2\/2016\/08\/ericawiebe_75kg_gold_davidjacksonphoto-9-2-e1471560086652.jpg?quality=100\" \/>\n\t<meta property=\"og:image:width\" content=\"1340\" \/>\n\t<meta property=\"og:image:height\" content=\"914\" \/>\n\t<meta property=\"og:image:type\" content=\"image\/jpeg\" \/>\n<meta name=\"author\" content=\"Daniel Squizzato\" \/>\n<meta name=\"twitter:card\" content=\"summary_large_image\" \/>\n<meta name=\"twitter:label1\" content=\"Written by\" \/>\n\t<meta name=\"twitter:data1\" content=\"Daniel Squizzato\" \/>\n\t<meta name=\"twitter:label2\" content=\"Est. reading time\" \/>\n\t<meta name=\"twitter:data2\" content=\"6 minutes\" \/>\n<script type=\"application\/ld+json\" class=\"yoast-schema-graph\">{\"@context\":\"https:\\\/\\\/schema.org\",\"@graph\":[{\"@type\":\"Article\",\"@id\":\"https:\\\/\\\/develop.olympic.ca\\\/olympique\\\/2016\\\/08\\\/21\\\/10-duos-olympiques-qui-ont-charme-le-canada-a-rio-2016\\\/#article\",\"isPartOf\":{\"@id\":\"https:\\\/\\\/develop.olympic.ca\\\/olympique\\\/2016\\\/08\\\/21\\\/10-duos-olympiques-qui-ont-charme-le-canada-a-rio-2016\\\/\"},\"author\":{\"name\":\"Marie-Eve Leclerc\",\"@id\":\"https:\\\/\\\/develop.olympic.ca\\\/olympique\\\/#\\\/schema\\\/person\\\/dab6606c852649ec9518c1455ed74272\"},\"headline\":\"10 duos olympiques qui ont charm\u00e9 le Canada \u00e0 Rio 2016\",\"datePublished\":\"2016-08-21T19:22:57+00:00\",\"dateModified\":\"2016-08-21T19:37:59+00:00\",\"mainEntityOfPage\":{\"@id\":\"https:\\\/\\\/develop.olympic.ca\\\/olympique\\\/2016\\\/08\\\/21\\\/10-duos-olympiques-qui-ont-charme-le-canada-a-rio-2016\\\/\"},\"wordCount\":1128,\"commentCount\":0,\"image\":{\"@id\":\"https:\\\/\\\/develop.olympic.ca\\\/olympique\\\/2016\\\/08\\\/21\\\/10-duos-olympiques-qui-ont-charme-le-canada-a-rio-2016\\\/#primaryimage\"},\"thumbnailUrl\":\"https:\\\/\\\/develop.olympic.ca\\\/olympique\\\/wp-content\\\/uploads\\\/sites\\\/2\\\/2016\\\/08\\\/ericawiebe_75kg_gold_davidjacksonphoto-9-2-e1471560086652.jpg?quality=100\",\"keywords\":[\"Andre De Grasse\",\"Brianne Theisen-Eaton\",\"Damian Warner\",\"Daniel Nestor\",\"De Grasse\",\"D\u00e9cathlon\",\"Erica Wiebe\",\"Fine Lady 5\",\"Heptatlon\",\"Lamaze\",\"Lindsay Jennerich\",\"Meaghan Benfeito\",\"Patricia Obee\",\"Penny Oleksiak\",\"Roseline Filion\",\"Taylor Ruck\",\"Vasek Pospisil\"],\"articleSection\":[\"Uncategorized\"],\"inLanguage\":\"fr-FR\",\"potentialAction\":[{\"@type\":\"CommentAction\",\"name\":\"Comment\",\"target\":[\"https:\\\/\\\/develop.olympic.ca\\\/olympique\\\/2016\\\/08\\\/21\\\/10-duos-olympiques-qui-ont-charme-le-canada-a-rio-2016\\\/#respond\"]}]},{\"@type\":\"WebPage\",\"@id\":\"https:\\\/\\\/develop.olympic.ca\\\/olympique\\\/2016\\\/08\\\/21\\\/10-duos-olympiques-qui-ont-charme-le-canada-a-rio-2016\\\/\",\"url\":\"https:\\\/\\\/develop.olympic.ca\\\/olympique\\\/2016\\\/08\\\/21\\\/10-duos-olympiques-qui-ont-charme-le-canada-a-rio-2016\\\/\",\"name\":\"10 duos olympiques qui ont charm\u00e9 le Canada \u00e0 Rio 2016 - \u00c9quipe Canada | Site officiel de l&#039;\u00e9quipe olympique\",\"isPartOf\":{\"@id\":\"https:\\\/\\\/develop.olympic.ca\\\/olympique\\\/#website\"},\"primaryImageOfPage\":{\"@id\":\"https:\\\/\\\/develop.olympic.ca\\\/olympique\\\/2016\\\/08\\\/21\\\/10-duos-olympiques-qui-ont-charme-le-canada-a-rio-2016\\\/#primaryimage\"},\"image\":{\"@id\":\"https:\\\/\\\/develop.olympic.ca\\\/olympique\\\/2016\\\/08\\\/21\\\/10-duos-olympiques-qui-ont-charme-le-canada-a-rio-2016\\\/#primaryimage\"},\"thumbnailUrl\":\"https:\\\/\\\/develop.olympic.ca\\\/olympique\\\/wp-content\\\/uploads\\\/sites\\\/2\\\/2016\\\/08\\\/ericawiebe_75kg_gold_davidjacksonphoto-9-2-e1471560086652.jpg?quality=100\",\"datePublished\":\"2016-08-21T19:22:57+00:00\",\"dateModified\":\"2016-08-21T19:37:59+00:00\",\"author\":{\"@id\":\"https:\\\/\\\/develop.olympic.ca\\\/olympique\\\/#\\\/schema\\\/person\\\/dab6606c852649ec9518c1455ed74272\"},\"inLanguage\":\"fr-FR\",\"potentialAction\":[{\"@type\":\"ReadAction\",\"target\":[\"https:\\\/\\\/develop.olympic.ca\\\/olympique\\\/2016\\\/08\\\/21\\\/10-duos-olympiques-qui-ont-charme-le-canada-a-rio-2016\\\/\"]}]},{\"@type\":\"ImageObject\",\"inLanguage\":\"fr-FR\",\"@id\":\"https:\\\/\\\/develop.olympic.ca\\\/olympique\\\/2016\\\/08\\\/21\\\/10-duos-olympiques-qui-ont-charme-le-canada-a-rio-2016\\\/#primaryimage\",\"url\":\"https:\\\/\\\/develop.olympic.ca\\\/olympique\\\/wp-content\\\/uploads\\\/sites\\\/2\\\/2016\\\/08\\\/ericawiebe_75kg_gold_davidjacksonphoto-9-2-e1471560086652.jpg?quality=100\",\"contentUrl\":\"https:\\\/\\\/develop.olympic.ca\\\/olympique\\\/wp-content\\\/uploads\\\/sites\\\/2\\\/2016\\\/08\\\/ericawiebe_75kg_gold_davidjacksonphoto-9-2-e1471560086652.jpg?quality=100\",\"width\":1340,\"height\":914,\"caption\":\"Erica Wiebe c\u00e9l\u00e8bre sa m\u00e9daille d'or chez les 75 kg en lutte, obtenue contre la Kazakhe Guzel Manyurova, le 18 ao\u00fbt 2016. COC Jason Ransom\"},{\"@type\":\"WebSite\",\"@id\":\"https:\\\/\\\/develop.olympic.ca\\\/olympique\\\/#website\",\"url\":\"https:\\\/\\\/develop.olympic.ca\\\/olympique\\\/\",\"name\":\"\u00c9quipe Canada | Site officiel de l&#039;\u00e9quipe olympique\",\"description\":\"Votre source pour l\u2019\u00c9quipe olympique canadienne. Retrouvez les r\u00e9cits, vid\u00e9os et photos des athl\u00e8tes canadiens, sports olympiques, Jeux olympiques de 2020 et bien plus!\",\"potentialAction\":[{\"@type\":\"SearchAction\",\"target\":{\"@type\":\"EntryPoint\",\"urlTemplate\":\"https:\\\/\\\/develop.olympic.ca\\\/olympique\\\/?s={search_term_string}\"},\"query-input\":{\"@type\":\"PropertyValueSpecification\",\"valueRequired\":true,\"valueName\":\"search_term_string\"}}],\"inLanguage\":\"fr-FR\"},{\"@type\":\"Person\",\"@id\":\"https:\\\/\\\/develop.olympic.ca\\\/olympique\\\/#\\\/schema\\\/person\\\/dab6606c852649ec9518c1455ed74272\",\"name\":\"Marie-Eve Leclerc\",\"image\":{\"@type\":\"ImageObject\",\"inLanguage\":\"fr-FR\",\"@id\":\"https:\\\/\\\/secure.gravatar.com\\\/avatar\\\/0f6b8e21c3fb4e0448e65ca847de458b6dcd09fbade0437ea4927d420a1a630d?s=96&d=identicon&r=g84d0f0ff5be84158a2ee883ee0f774df\",\"url\":\"https:\\\/\\\/secure.gravatar.com\\\/avatar\\\/0f6b8e21c3fb4e0448e65ca847de458b6dcd09fbade0437ea4927d420a1a630d?s=96&d=identicon&r=g\",\"contentUrl\":\"https:\\\/\\\/secure.gravatar.com\\\/avatar\\\/0f6b8e21c3fb4e0448e65ca847de458b6dcd09fbade0437ea4927d420a1a630d?s=96&d=identicon&r=g\",\"caption\":\"Marie-Eve Leclerc\"},\"sameAs\":[\"https:\\\/\\\/milleempreintes.wordpress.com\\\/\"],\"url\":\"https:\\\/\\\/develop.olympic.ca\\\/olympique\\\/author\\\/marieevel18\\\/\"}]}<\/script>\n<!-- \/ Yoast SEO plugin. -->","yoast_head_json":{"title":"10 duos olympiques qui ont charm\u00e9 le Canada \u00e0 Rio 2016 - \u00c9quipe Canada | Site officiel de l&#039;\u00e9quipe olympique","robots":{"index":"index","follow":"follow","max-snippet":"max-snippet:-1","max-image-preview":"max-image-preview:large","max-video-preview":"max-video-preview:-1"},"canonical":"https:\/\/develop.olympic.ca\/olympique\/2016\/08\/21\/10-duos-olympiques-qui-ont-charme-le-canada-a-rio-2016\/","og_locale":"fr_FR","og_type":"article","og_title":"10 duos olympiques qui ont charm\u00e9 le Canada \u00e0 Rio 2016 - \u00c9quipe Canada | Site officiel de l&#039;\u00e9quipe olympique","og_description":"Comme le vieux dicton le dit, deux t\u00eates en valent mieux qu&rsquo;une. Les Jeux de Rio 2016 ont apport\u00e9 leur...","og_url":"https:\/\/develop.olympic.ca\/olympique\/2016\/08\/21\/10-duos-olympiques-qui-ont-charme-le-canada-a-rio-2016\/","og_site_name":"\u00c9quipe Canada | Site officiel de l&#039;\u00e9quipe olympique","article_published_time":"2016-08-21T19:22:57+00:00","article_modified_time":"2016-08-21T19:37:59+00:00","og_image":[{"width":1340,"height":914,"url":"https:\/\/develop.olympic.ca\/olympique\/wp-content\/uploads\/sites\/2\/2016\/08\/ericawiebe_75kg_gold_davidjacksonphoto-9-2-e1471560086652.jpg?quality=100","type":"image\/jpeg"}],"author":"Daniel Squizzato","twitter_card":"summary_large_image","twitter_misc":{"Written by":"Daniel Squizzato","Est. reading time":"6 minutes"},"schema":{"@context":"https:\/\/schema.org","@graph":[{"@type":"Article","@id":"https:\/\/develop.olympic.ca\/olympique\/2016\/08\/21\/10-duos-olympiques-qui-ont-charme-le-canada-a-rio-2016\/#article","isPartOf":{"@id":"https:\/\/develop.olympic.ca\/olympique\/2016\/08\/21\/10-duos-olympiques-qui-ont-charme-le-canada-a-rio-2016\/"},"author":{"name":"Marie-Eve Leclerc","@id":"https:\/\/develop.olympic.ca\/olympique\/#\/schema\/person\/dab6606c852649ec9518c1455ed74272"},"headline":"10 duos olympiques qui ont charm\u00e9 le Canada \u00e0 Rio 2016","datePublished":"2016-08-21T19:22:57+00:00","dateModified":"2016-08-21T19:37:59+00:00","mainEntityOfPage":{"@id":"https:\/\/develop.olympic.ca\/olympique\/2016\/08\/21\/10-duos-olympiques-qui-ont-charme-le-canada-a-rio-2016\/"},"wordCount":1128,"commentCount":0,"image":{"@id":"https:\/\/develop.olympic.ca\/olympique\/2016\/08\/21\/10-duos-olympiques-qui-ont-charme-le-canada-a-rio-2016\/#primaryimage"},"thumbnailUrl":"https:\/\/develop.olympic.ca\/olympique\/wp-content\/uploads\/sites\/2\/2016\/08\/ericawiebe_75kg_gold_davidjacksonphoto-9-2-e1471560086652.jpg?quality=100","keywords":["Andre De Grasse","Brianne Theisen-Eaton","Damian Warner","Daniel Nestor","De Grasse","D\u00e9cathlon","Erica Wiebe","Fine Lady 5","Heptatlon","Lamaze","Lindsay Jennerich","Meaghan Benfeito","Patricia Obee","Penny Oleksiak","Roseline Filion","Taylor Ruck","Vasek Pospisil"],"articleSection":["Uncategorized"],"inLanguage":"fr-FR","potentialAction":[{"@type":"CommentAction","name":"Comment","target":["https:\/\/develop.olympic.ca\/olympique\/2016\/08\/21\/10-duos-olympiques-qui-ont-charme-le-canada-a-rio-2016\/#respond"]}]},{"@type":"WebPage","@id":"https:\/\/develop.olympic.ca\/olympique\/2016\/08\/21\/10-duos-olympiques-qui-ont-charme-le-canada-a-rio-2016\/","url":"https:\/\/develop.olympic.ca\/olympique\/2016\/08\/21\/10-duos-olympiques-qui-ont-charme-le-canada-a-rio-2016\/","name":"10 duos olympiques qui ont charm\u00e9 le Canada \u00e0 Rio 2016 - \u00c9quipe Canada | Site officiel de l&#039;\u00e9quipe olympique","isPartOf":{"@id":"https:\/\/develop.olympic.ca\/olympique\/#website"},"primaryImageOfPage":{"@id":"https:\/\/develop.olympic.ca\/olympique\/2016\/08\/21\/10-duos-olympiques-qui-ont-charme-le-canada-a-rio-2016\/#primaryimage"},"image":{"@id":"https:\/\/develop.olympic.ca\/olympique\/2016\/08\/21\/10-duos-olympiques-qui-ont-charme-le-canada-a-rio-2016\/#primaryimage"},"thumbnailUrl":"https:\/\/develop.olympic.ca\/olympique\/wp-content\/uploads\/sites\/2\/2016\/08\/ericawiebe_75kg_gold_davidjacksonphoto-9-2-e1471560086652.jpg?quality=100","datePublished":"2016-08-21T19:22:57+00:00","dateModified":"2016-08-21T19:37:59+00:00","author":{"@id":"https:\/\/develop.olympic.ca\/olympique\/#\/schema\/person\/dab6606c852649ec9518c1455ed74272"},"inLanguage":"fr-FR","potentialAction":[{"@type":"ReadAction","target":["https:\/\/develop.olympic.ca\/olympique\/2016\/08\/21\/10-duos-olympiques-qui-ont-charme-le-canada-a-rio-2016\/"]}]},{"@type":"ImageObject","inLanguage":"fr-FR","@id":"https:\/\/develop.olympic.ca\/olympique\/2016\/08\/21\/10-duos-olympiques-qui-ont-charme-le-canada-a-rio-2016\/#primaryimage","url":"https:\/\/develop.olympic.ca\/olympique\/wp-content\/uploads\/sites\/2\/2016\/08\/ericawiebe_75kg_gold_davidjacksonphoto-9-2-e1471560086652.jpg?quality=100","contentUrl":"https:\/\/develop.olympic.ca\/olympique\/wp-content\/uploads\/sites\/2\/2016\/08\/ericawiebe_75kg_gold_davidjacksonphoto-9-2-e1471560086652.jpg?quality=100","width":1340,"height":914,"caption":"Erica Wiebe c\u00e9l\u00e8bre sa m\u00e9daille d'or chez les 75 kg en lutte, obtenue contre la Kazakhe Guzel Manyurova, le 18 ao\u00fbt 2016. COC Jason Ransom"},{"@type":"WebSite","@id":"https:\/\/develop.olympic.ca\/olympique\/#website","url":"https:\/\/develop.olympic.ca\/olympique\/","name":"\u00c9quipe Canada | Site officiel de l&#039;\u00e9quipe olympique","description":"Votre source pour l\u2019\u00c9quipe olympique canadienne. Retrouvez les r\u00e9cits, vid\u00e9os et photos des athl\u00e8tes canadiens, sports olympiques, Jeux olympiques de 2020 et bien plus!","potentialAction":[{"@type":"SearchAction","target":{"@type":"EntryPoint","urlTemplate":"https:\/\/develop.olympic.ca\/olympique\/?s={search_term_string}"},"query-input":{"@type":"PropertyValueSpecification","valueRequired":true,"valueName":"search_term_string"}}],"inLanguage":"fr-FR"},{"@type":"Person","@id":"https:\/\/develop.olympic.ca\/olympique\/#\/schema\/person\/dab6606c852649ec9518c1455ed74272","name":"Marie-Eve Leclerc","image":{"@type":"ImageObject","inLanguage":"fr-FR","@id":"https:\/\/secure.gravatar.com\/avatar\/0f6b8e21c3fb4e0448e65ca847de458b6dcd09fbade0437ea4927d420a1a630d?s=96&d=identicon&r=g84d0f0ff5be84158a2ee883ee0f774df","url":"https:\/\/secure.gravatar.com\/avatar\/0f6b8e21c3fb4e0448e65ca847de458b6dcd09fbade0437ea4927d420a1a630d?s=96&d=identicon&r=g","contentUrl":"https:\/\/secure.gravatar.com\/avatar\/0f6b8e21c3fb4e0448e65ca847de458b6dcd09fbade0437ea4927d420a1a630d?s=96&d=identicon&r=g","caption":"Marie-Eve Leclerc"},"sameAs":["https:\/\/milleempreintes.wordpress.com\/"],"url":"https:\/\/develop.olympic.ca\/olympique\/author\/marieevel18\/"}]}},"jetpack_featured_media_url":"https:\/\/develop.olympic.ca\/olympique\/wp-content\/uploads\/sites\/2\/2016\/08\/ericawiebe_75kg_gold_davidjacksonphoto-9-2-e1471560086652.jpg?quality=100","featured_image_url":"https:\/\/develop.olympic.ca\/olympique\/wp-content\/uploads\/sites\/2\/2016\/08\/ericawiebe_75kg_gold_davidjacksonphoto-9-2-e1471560086652.jpg?quality=100","author_name":["Daniel Squizzato"],"category_names":["Uncategorized"],"tag_names":["Andre De Grasse","Brianne Theisen-Eaton","Damian Warner","Daniel Nestor","De Grasse","D\u00e9cathlon","Erica Wiebe","Fine Lady 5","Heptatlon","Lamaze","Lindsay Jennerich","Meaghan Benfeito","Patricia Obee","Penny Oleksiak","Roseline Filion","Taylor Ruck","Vasek Pospisil"],"video_embed_code":"","facebook_video_embed_code":"","jetpack_sharing_enabled":true,"jetpack-related-posts":[],"jetpack_shortlink":"https:\/\/wp.me\/pbmyEP-wiK","_links":{"self":[{"href":"https:\/\/develop.olympic.ca\/olympique\/wp-json\/wp\/v2\/posts\/124170","targetHints":{"allow":["GET"]}}],"collection":[{"href":"https:\/\/develop.olympic.ca\/olympique\/wp-json\/wp\/v2\/posts"}],"about":[{"href":"https:\/\/develop.olympic.ca\/olympique\/wp-json\/wp\/v2\/types\/post"}],"author":[{"embeddable":true,"href":"https:\/\/develop.olympic.ca\/olympique\/wp-json\/wp\/v2\/users\/49083863"}],"replies":[{"embeddable":true,"href":"https:\/\/develop.olympic.ca\/olympique\/wp-json\/wp\/v2\/comments?post=124170"}],"version-history":[{"count":5,"href":"https:\/\/develop.olympic.ca\/olympique\/wp-json\/wp\/v2\/posts\/124170\/revisions"}],"predecessor-version":[{"id":124187,"href":"https:\/\/develop.olympic.ca\/olympique\/wp-json\/wp\/v2\/posts\/124170\/revisions\/124187"}],"wp:featuredmedia":[{"embeddable":true,"href":"https:\/\/develop.olympic.ca\/olympique\/wp-json\/wp\/v2\/media\/123543"}],"wp:attachment":[{"href":"https:\/\/develop.olympic.ca\/olympique\/wp-json\/wp\/v2\/media?parent=124170"}],"wp:term":[{"taxonomy":"category","embeddable":true,"href":"https:\/\/develop.olympic.ca\/olympique\/wp-json\/wp\/v2\/categories?post=124170"},{"taxonomy":"post_tag","embeddable":true,"href":"https:\/\/develop.olympic.ca\/olympique\/wp-json\/wp\/v2\/tags?post=124170"},{"taxonomy":"post_format","embeddable":true,"href":"https:\/\/develop.olympic.ca\/olympique\/wp-json\/wp\/v2\/post_format?post=124170"},{"taxonomy":"sport","embeddable":true,"href":"https:\/\/develop.olympic.ca\/olympique\/wp-json\/wp\/v2\/sport?post=124170"},{"taxonomy":"game","embeddable":true,"href":"https:\/\/develop.olympic.ca\/olympique\/wp-json\/wp\/v2\/game?post=124170"},{"taxonomy":"author","embeddable":true,"href":"https:\/\/develop.olympic.ca\/olympique\/wp-json\/wp\/v2\/coauthors?post=124170"}],"curies":[{"name":"wp","href":"https:\/\/api.w.org\/{rel}","templated":true}]}}