{"id":125827,"date":"2016-12-31T09:25:04","date_gmt":"2016-12-31T14:25:04","guid":{"rendered":"http:\/\/develop.olympic.ca\/olympique\/?p=125827"},"modified":"2021-10-20T16:23:29","modified_gmt":"2021-10-20T20:23:29","slug":"les-16-de-2016-equipe-canada-eblouit-a-rio-2016","status":"publish","type":"post","link":"https:\/\/develop.olympic.ca\/olympique\/2016\/12\/31\/les-16-de-2016-equipe-canada-eblouit-a-rio-2016\/","title":{"rendered":"Les 16 de 2016\u00a0: \u00c9quipe Canada \u00e9blouit \u00e0 Rio 2016"},"content":{"rendered":"<p><i>Avec l\u2019ann\u00e9e qui tire \u00e0 sa fin, Olympique.ca fait\u00a0une r\u00e9trospective des 16 r\u00e9cits les plus m\u00e9morables d\u2019\u00c9quipe Canada en 2016\u00a0avec un nouvel article\u00a0d\u00e9voil\u00e9 chaque jour d\u2019ici la nouvelle ann\u00e9e. Vous pouvez trouver tous les articles de la s\u00e9rie <a href=\"http:\/\/develop.olympic.ca\/olympique\/tag\/16-de-2016\">ici<\/a>.\u00a0<\/i><\/p>\n<p>\u00c9quipe Canada a v\u00e9cu deux semaines remarquables en ao\u00fbt dernier, \u00e0 Rio.<\/p>\n<p>Du d\u00e9but \u00e0 la fin, un succ\u00e8s n\u2019attendait pas l\u2019autre.<\/p>\n<p><strong>\u00c0 LIRE : <a href=\"http:\/\/develop.olympic.ca\/olympique\/tag\/rio-2016-results\/\">Les m\u00e9daill\u00e9s de Rio 2016<\/a><\/strong><\/p>\n<p>Tout a commenc\u00e9 dans la piscine o\u00f9 le Canada a remport\u00e9 six m\u00e9dailles, la meilleure r\u00e9colte du pays en natation depuis Los Angeles 1984. \u00c0 la t\u00eate de la r\u00e9colte se trouvait Penny Oleksiak, 16 ans, devenue la premi\u00e8re athl\u00e8te \u00e0 remporter quatre m\u00e9dailles lors de m\u00eames Jeux d\u2019\u00e9t\u00e9. De plus, elle et sa co\u00e9quipi\u00e8re Taylor Ruck sont devenues les premi\u00e8res m\u00e9daill\u00e9es olympiques n\u00e9es dans les ann\u00e9es 2000.<\/p>\n<div class=\"tiled-gallery type-rectangular tiled-gallery-unresized\" data-original-width=\"1360\" data-carousel-extra='null' itemscope itemtype=\"http:\/\/schema.org\/ImageGallery\" > <div class=\"gallery-row\" style=\"width: 1360px; height: 620px;\" data-original-width=\"1360\" data-original-height=\"620\" > <div class=\"gallery-group images-1\" style=\"width: 887px; height: 620px;\" data-original-width=\"887\" data-original-height=\"620\" > <div class=\"tiled-gallery-item tiled-gallery-item-large\" itemprop=\"associatedMedia\" itemscope itemtype=\"http:\/\/schema.org\/ImageObject\"> <a href=\"https:\/\/develop.olympic.ca\/olympique\/photos\/rio-2016-penny-oleksiak-en-or-au-100-m-libre\/rio-olympics-swimming-12\/#main\" border=\"0\" itemprop=\"url\"> <meta itemprop=\"width\" content=\"883\"> <meta itemprop=\"height\" content=\"616\"> <img decoding=\"async\" data-recalc-dims=\"1\" class=\"\" data-attachment-id=\"121999\" data-orig-file=\"https:\/\/develop.olympic.ca\/olympique\/wp-content\/uploads\/sites\/2\/2016\/08\/pennyoleksiak-rio2016-gold-e1470972490989.jpg?quality=100\" data-orig-size=\"1340,935\" data-comments-opened=\"1\" data-image-meta=\"{&quot;aperture&quot;:&quot;3.2&quot;,&quot;credit&quot;:&quot;The Associated Press&quot;,&quot;camera&quot;:&quot;Canon EOS-1D X Mark II&quot;,&quot;caption&quot;:&quot;Gold medal winners United States\\u0027 Simone Manuel and Canada\\u0027s Penny Oleksiak and Sweden\\u0027s bronze medal winner Sarah Sjostrom, from left, pose for a photograph during the medal ceremony for the women\\u0027s 100-meter freestyle final during the swimming competitions at the 2016 Summer Olympics, Friday, Aug. 12, 2016, in Rio de Janeiro, Brazil. (AP Photo\\\/Michael Sohn)&quot;,&quot;created_timestamp&quot;:&quot;1470967441&quot;,&quot;copyright&quot;:&quot;Copyright 2016 The Associated Press. All rights reserved. This material may not be published, broadcast, rewritten or redistribu&quot;,&quot;focal_length&quot;:&quot;105&quot;,&quot;iso&quot;:&quot;1600&quot;,&quot;shutter_speed&quot;:&quot;0.0015625&quot;,&quot;title&quot;:&quot;Rio Olympics Swimming&quot;,&quot;orientation&quot;:&quot;1&quot;}\" data-image-title=\"Rio 2016: Penny Oleksiak\" data-image-description=\"\" data-medium-file=\"https:\/\/develop.olympic.ca\/olympique\/wp-content\/uploads\/sites\/2\/2016\/08\/pennyoleksiak-rio2016-gold-e1470972490989.jpg?quality=100&#038;w=532\" data-large-file=\"https:\/\/develop.olympic.ca\/olympique\/wp-content\/uploads\/sites\/2\/2016\/08\/pennyoleksiak-rio2016-gold-e1470972490989.jpg?quality=100&#038;w=1081\" src=\"https:\/\/develop.olympic.ca\/olympique\/wp-content\/uploads\/sites\/2\/2016\/08\/pennyoleksiak-rio2016-gold-e1470972490989.jpg?quality=100&#038;w=883&#038;h=616&#038;strip&#038;resize=883%2C616\" srcset=\"https:\/\/develop.olympic.ca\/olympique\/wp-content\/uploads\/sites\/2\/2016\/08\/pennyoleksiak-rio2016-gold-e1470972490989.jpg 1340w, https:\/\/develop.olympic.ca\/olympique\/wp-content\/uploads\/sites\/2\/2016\/08\/pennyoleksiak-rio2016-gold-e1470972490989.jpg?resize=226,158 226w, https:\/\/develop.olympic.ca\/olympique\/wp-content\/uploads\/sites\/2\/2016\/08\/pennyoleksiak-rio2016-gold-e1470972490989.jpg?resize=532,371 532w, https:\/\/develop.olympic.ca\/olympique\/wp-content\/uploads\/sites\/2\/2016\/08\/pennyoleksiak-rio2016-gold-e1470972490989.jpg?resize=768,536 768w, https:\/\/develop.olympic.ca\/olympique\/wp-content\/uploads\/sites\/2\/2016\/08\/pennyoleksiak-rio2016-gold-e1470972490989.jpg?resize=1081,754 1081w\" width=\"883\" height=\"616\" loading=\"lazy\" data-original-width=\"883\" data-original-height=\"616\" itemprop=\"http:\/\/schema.org\/image\" title=\"Rio 2016: Penny Oleksiak\" alt=\"Les m\u00e9daill\u00e9es d&#039;or du 100 m style libre Simone Manuel (gauche) et Penny Oleksiak (centre) avec la m\u00e9daill\u00e9e de bronze Sarah Sjostrom (droite) posent pour un photographe lors de la c\u00e9r\u00e9monie des m\u00e9dailles. Jeux de Rio, 11 ao\u00fbt 2016. (AP Photo\/Michael Sohn)\" style=\"width: 883px; height: 616px;\" \/> <\/a> <div class=\"tiled-gallery-caption\" itemprop=\"caption description\"> Les m\u00e9daill\u00e9es d&rsquo;or du 100 m style libre Simone Manuel (gauche) et Penny Oleksiak (centre) avec la m\u00e9daill\u00e9e de bronze Sarah Sjostrom (droite) posent pour un photographe lors de la c\u00e9r\u00e9monie des m\u00e9dailles. Jeux de Rio, 11 ao\u00fbt 2016. (AP Photo\/Michael Sohn) <\/div> <\/div> <\/div> <!-- close group --> <div class=\"gallery-group images-2\" style=\"width: 473px; height: 620px;\" data-original-width=\"473\" data-original-height=\"620\" > <div class=\"tiled-gallery-item tiled-gallery-item-large\" itemprop=\"associatedMedia\" itemscope itemtype=\"http:\/\/schema.org\/ImageObject\"> <a href=\"https:\/\/develop.olympic.ca\/olympique\/photos\/rio-2016-kylie-masse-remporte-le-bronze-au-100-m-dos\/masse1\/#main\" border=\"0\" itemprop=\"url\"> <meta itemprop=\"width\" content=\"469\"> <meta itemprop=\"height\" content=\"264\"> <img decoding=\"async\" data-recalc-dims=\"1\" class=\"\" data-attachment-id=\"121261\" data-orig-file=\"https:\/\/develop.olympic.ca\/olympique\/wp-content\/uploads\/sites\/2\/2016\/08\/masse1.jpg?quality=100\" data-orig-size=\"1340,754\" data-comments-opened=\"1\" data-image-meta=\"{&quot;aperture&quot;:&quot;0&quot;,&quot;credit&quot;:&quot;&quot;,&quot;camera&quot;:&quot;&quot;,&quot;caption&quot;:&quot;&quot;,&quot;created_timestamp&quot;:&quot;0&quot;,&quot;copyright&quot;:&quot;&quot;,&quot;focal_length&quot;:&quot;0&quot;,&quot;iso&quot;:&quot;0&quot;,&quot;shutter_speed&quot;:&quot;0&quot;,&quot;title&quot;:&quot;&quot;,&quot;orientation&quot;:&quot;0&quot;}\" data-image-title=\"masse1\" data-image-description=\"\" data-medium-file=\"https:\/\/develop.olympic.ca\/olympique\/wp-content\/uploads\/sites\/2\/2016\/08\/masse1.jpg?quality=100&#038;w=660\" data-large-file=\"https:\/\/develop.olympic.ca\/olympique\/wp-content\/uploads\/sites\/2\/2016\/08\/masse1.jpg?quality=100&#038;w=1340\" src=\"https:\/\/develop.olympic.ca\/olympique\/wp-content\/uploads\/sites\/2\/2016\/08\/masse1.jpg?quality=100&#038;w=469&#038;h=264&#038;strip&#038;resize=469%2C264\" srcset=\"https:\/\/develop.olympic.ca\/olympique\/wp-content\/uploads\/sites\/2\/2016\/08\/masse1.jpg 1340w, https:\/\/develop.olympic.ca\/olympique\/wp-content\/uploads\/sites\/2\/2016\/08\/masse1.jpg?resize=280,158 280w, https:\/\/develop.olympic.ca\/olympique\/wp-content\/uploads\/sites\/2\/2016\/08\/masse1.jpg?resize=660,371 660w, https:\/\/develop.olympic.ca\/olympique\/wp-content\/uploads\/sites\/2\/2016\/08\/masse1.jpg?resize=768,432 768w\" width=\"469\" height=\"264\" loading=\"lazy\" data-original-width=\"469\" data-original-height=\"264\" itemprop=\"http:\/\/schema.org\/image\" title=\"masse1\" alt=\"Kylie Masse durant la c\u00e9r\u00e9monie de remise des m\u00e9dailles. Elle a remport\u00e9 la m\u00e9daille de bronze au 100 m dos aux Jeux de Rio. 8 ao\u00fbt 2016. (Photo\/Steve Boudreau)\" style=\"width: 469px; height: 264px;\" \/> <\/a> <div class=\"tiled-gallery-caption\" itemprop=\"caption description\"> Kylie Masse durant la c\u00e9r\u00e9monie de remise des m\u00e9dailles. Elle a remport\u00e9 la m\u00e9daille de bronze au 100 m dos aux Jeux de Rio. 8 ao\u00fbt 2016. (Photo\/Steve Boudreau) <\/div> <\/div> <div class=\"tiled-gallery-item tiled-gallery-item-large\" itemprop=\"associatedMedia\" itemscope itemtype=\"http:\/\/schema.org\/ImageObject\"> <a href=\"https:\/\/develop.olympic.ca\/olympique\/photos\/rio-2016-hilary-caldwell-en-bronze-au-200m-dos\/hilarycaldwell_200m_back_bronze_markblinchphoto-88-2\/#main\" border=\"0\" itemprop=\"url\"> <meta itemprop=\"width\" content=\"469\"> <meta itemprop=\"height\" content=\"348\"> <img decoding=\"async\" data-recalc-dims=\"1\" class=\"\" data-attachment-id=\"122262\" data-orig-file=\"https:\/\/develop.olympic.ca\/olympique\/wp-content\/uploads\/sites\/2\/2016\/08\/hilarycaldwell_200m_back_bronze_markblinchphoto-88-2-e1471052755257.jpg?quality=100\" data-orig-size=\"1340,993\" data-comments-opened=\"1\" data-image-meta=\"{&quot;aperture&quot;:&quot;5.6&quot;,&quot;credit&quot;:&quot;&quot;,&quot;camera&quot;:&quot;Canon EOS-1D X Mark II&quot;,&quot;caption&quot;:&quot;&quot;,&quot;created_timestamp&quot;:&quot;1471041401&quot;,&quot;copyright&quot;:&quot;Canadian Olympic Committee&quot;,&quot;focal_length&quot;:&quot;560&quot;,&quot;iso&quot;:&quot;3200&quot;,&quot;shutter_speed&quot;:&quot;0.0025&quot;,&quot;title&quot;:&quot;&quot;,&quot;orientation&quot;:&quot;0&quot;}\" data-image-title=\"Equipe Canada &amp;#8211; natation &amp;#8211; Hilary Caldwell &amp;#8211; Rio 2016\" data-image-description=\"&lt;p&gt;Hilary Caldwell, m\u00e9daill\u00e9e de bronze, durant la c\u00e9r\u00e9monie des m\u00e9dailles suite \u00e0 la finale du 200 m dos aux Jeux de Rio. 12 ao\u00fbt 2016. Photo Mark Blinch&lt;\/p&gt; \" data-medium-file=\"https:\/\/develop.olympic.ca\/olympique\/wp-content\/uploads\/sites\/2\/2016\/08\/hilarycaldwell_200m_back_bronze_markblinchphoto-88-2-e1471052755257.jpg?quality=100&#038;w=501\" data-large-file=\"https:\/\/develop.olympic.ca\/olympique\/wp-content\/uploads\/sites\/2\/2016\/08\/hilarycaldwell_200m_back_bronze_markblinchphoto-88-2-e1471052755257.jpg?quality=100&#038;w=1017\" src=\"https:\/\/develop.olympic.ca\/olympique\/wp-content\/uploads\/sites\/2\/2016\/08\/hilarycaldwell_200m_back_bronze_markblinchphoto-88-2-e1471052755257.jpg?quality=100&#038;w=469&#038;h=348&#038;strip&#038;resize=469%2C348\" srcset=\"https:\/\/develop.olympic.ca\/olympique\/wp-content\/uploads\/sites\/2\/2016\/08\/hilarycaldwell_200m_back_bronze_markblinchphoto-88-2-e1471052755257.jpg 1340w, https:\/\/develop.olympic.ca\/olympique\/wp-content\/uploads\/sites\/2\/2016\/08\/hilarycaldwell_200m_back_bronze_markblinchphoto-88-2-e1471052755257.jpg?resize=213,158 213w, https:\/\/develop.olympic.ca\/olympique\/wp-content\/uploads\/sites\/2\/2016\/08\/hilarycaldwell_200m_back_bronze_markblinchphoto-88-2-e1471052755257.jpg?resize=501,371 501w, https:\/\/develop.olympic.ca\/olympique\/wp-content\/uploads\/sites\/2\/2016\/08\/hilarycaldwell_200m_back_bronze_markblinchphoto-88-2-e1471052755257.jpg?resize=768,569 768w, https:\/\/develop.olympic.ca\/olympique\/wp-content\/uploads\/sites\/2\/2016\/08\/hilarycaldwell_200m_back_bronze_markblinchphoto-88-2-e1471052755257.jpg?resize=1017,754 1017w\" width=\"469\" height=\"348\" loading=\"lazy\" data-original-width=\"469\" data-original-height=\"348\" itemprop=\"http:\/\/schema.org\/image\" title=\"Equipe Canada - natation - Hilary Caldwell - Rio 2016\" alt=\"Hilary Caldwell, m\u00e9daill\u00e9e de bronze, durant la c\u00e9r\u00e9monie des m\u00e9dailles suite \u00e0 la finale du 200 m dos aux Jeux de Rio. 12 ao\u00fbt 2016. Photo Mark Blinch\" style=\"width: 469px; height: 348px;\" \/> <\/a> <div class=\"tiled-gallery-caption\" itemprop=\"caption description\"> Hilary Caldwell, m\u00e9daill\u00e9e de bronze, durant la c\u00e9r\u00e9monie des m\u00e9dailles suite \u00e0 la finale du 200 m dos aux Jeux de Rio. 12 ao\u00fbt 2016. Photo Mark Blinch <\/div> <\/div> <\/div> <!-- close group --> <\/div> <!-- close row --> <div class=\"gallery-row\" style=\"width: 1360px; height: 594px;\" data-original-width=\"1360\" data-original-height=\"594\" > <div class=\"gallery-group images-1\" style=\"width: 915px; height: 594px;\" data-original-width=\"915\" data-original-height=\"594\" > <div class=\"tiled-gallery-item tiled-gallery-item-large\" itemprop=\"associatedMedia\" itemscope itemtype=\"http:\/\/schema.org\/ImageObject\"> <a href=\"https:\/\/develop.olympic.ca\/olympique\/photos\/les-canadiennes-couvertes-de-bronze-au-relais-4x200-m\/4x200m_free_bronze_jasonransomphoto-100-4-2\/#main\" border=\"0\" itemprop=\"url\"> <meta itemprop=\"width\" content=\"911\"> <meta itemprop=\"height\" content=\"590\"> <img decoding=\"async\" data-recalc-dims=\"1\" class=\"\" data-attachment-id=\"121708\" data-orig-file=\"https:\/\/develop.olympic.ca\/olympique\/wp-content\/uploads\/sites\/2\/2016\/08\/4x200m_free_bronze_jasonransomphoto-100-41-e1470917974924.jpg?quality=100\" data-orig-size=\"1340,868\" data-comments-opened=\"1\" data-image-meta=\"{&quot;aperture&quot;:&quot;4&quot;,&quot;credit&quot;:&quot;Jason Ransom&quot;,&quot;camera&quot;:&quot;Canon EOS-1D X Mark II&quot;,&quot;caption&quot;:&quot;&quot;,&quot;created_timestamp&quot;:&quot;1470868376&quot;,&quot;copyright&quot;:&quot;Canadian Olympic Committee&quot;,&quot;focal_length&quot;:&quot;39&quot;,&quot;iso&quot;:&quot;2000&quot;,&quot;shutter_speed&quot;:&quot;0.0008&quot;,&quot;title&quot;:&quot;&quot;,&quot;orientation&quot;:&quot;0&quot;}\" data-image-title=\"Equipe Canada &amp;#8211; natation &amp;#8211; Katerine Savard -Taylor Ruck &amp;#8211; Brittany MacLean et Penny Oleksiak &amp;#8211; Rio 2016\" data-image-description=\"\" data-medium-file=\"https:\/\/develop.olympic.ca\/olympique\/wp-content\/uploads\/sites\/2\/2016\/08\/4x200m_free_bronze_jasonransomphoto-100-41-e1470917974924.jpg?quality=100&#038;w=573\" data-large-file=\"https:\/\/develop.olympic.ca\/olympique\/wp-content\/uploads\/sites\/2\/2016\/08\/4x200m_free_bronze_jasonransomphoto-100-41-e1470917974924.jpg?quality=100&#038;w=1164\" src=\"https:\/\/develop.olympic.ca\/olympique\/wp-content\/uploads\/sites\/2\/2016\/08\/4x200m_free_bronze_jasonransomphoto-100-41-e1470917974924.jpg?quality=100&#038;w=911&#038;h=590&#038;strip&#038;resize=911%2C590\" srcset=\"https:\/\/develop.olympic.ca\/olympique\/wp-content\/uploads\/sites\/2\/2016\/08\/4x200m_free_bronze_jasonransomphoto-100-41-e1470917974924.jpg 1340w, https:\/\/develop.olympic.ca\/olympique\/wp-content\/uploads\/sites\/2\/2016\/08\/4x200m_free_bronze_jasonransomphoto-100-41-e1470917974924.jpg?resize=244,158 244w, https:\/\/develop.olympic.ca\/olympique\/wp-content\/uploads\/sites\/2\/2016\/08\/4x200m_free_bronze_jasonransomphoto-100-41-e1470917974924.jpg?resize=573,371 573w, https:\/\/develop.olympic.ca\/olympique\/wp-content\/uploads\/sites\/2\/2016\/08\/4x200m_free_bronze_jasonransomphoto-100-41-e1470917974924.jpg?resize=768,497 768w, https:\/\/develop.olympic.ca\/olympique\/wp-content\/uploads\/sites\/2\/2016\/08\/4x200m_free_bronze_jasonransomphoto-100-41-e1470917974924.jpg?resize=1164,754 1164w\" width=\"911\" height=\"590\" loading=\"lazy\" data-original-width=\"911\" data-original-height=\"590\" itemprop=\"http:\/\/schema.org\/image\" title=\"Equipe Canada - natation - Katerine Savard -Taylor Ruck - Brittany MacLean et Penny Oleksiak - Rio 2016\" alt=\"Le quatuor form\u00e9 de Katerine Savard, Taylor Ruck, Brittany MacLean et Penny Oleksiak obtient le bronze au relais f\u00e9minin 4x200 m aux Jeux olympiques de Rio, le 10 ao\u00fbt 2016. (COC \/ Steve Boudreau)\" style=\"width: 911px; height: 590px;\" \/> <\/a> <div class=\"tiled-gallery-caption\" itemprop=\"caption description\"> Le quatuor form\u00e9 de Brittany MacLean, Katerine Savard, Taylor Ruck et Penny Oleksiak obtient le bronze au relais f\u00e9minin 4&#215;200 m aux Jeux olympiques de Rio, le 10 ao\u00fbt 2016. (COC \/ Mark Blinch) <\/div> <\/div> <\/div> <!-- close group --> <div class=\"gallery-group images-1\" style=\"width: 445px; height: 594px;\" data-original-width=\"445\" data-original-height=\"594\" > <div class=\"tiled-gallery-item tiled-gallery-item-large\" itemprop=\"associatedMedia\" itemscope itemtype=\"http:\/\/schema.org\/ImageObject\"> <a href=\"https:\/\/develop.olympic.ca\/olympique\/2016\/08\/06\/mainville-van-langehem-ruck-et-oleksiak-remportent-la-premiere-medaille-du-canada-a-rio\/oly-rio-swimming-20160806-2\/#main\" border=\"0\" itemprop=\"url\"> <meta itemprop=\"width\" content=\"441\"> <meta itemprop=\"height\" content=\"590\"> <img decoding=\"async\" data-recalc-dims=\"1\" class=\"\" data-attachment-id=\"120720\" data-orig-file=\"https:\/\/develop.olympic.ca\/olympique\/wp-content\/uploads\/sites\/2\/2016\/08\/12442474.jpg?quality=100\" data-orig-size=\"2496,3336\" data-comments-opened=\"1\" data-image-meta=\"{&quot;aperture&quot;:&quot;5.6&quot;,&quot;credit&quot;:&quot;THE CANADIAN PRESS&quot;,&quot;camera&quot;:&quot;NIKON D5&quot;,&quot;caption&quot;:&quot;The Canadian women\\u0027s 4x100-metre freestyle relay team celebrates their bronze medal finish at the 2016 Summer Olympics, in Rio de Janeiro, Brazil, Saturday, Aug. 6, 2016. THE CANADIAN PRESS\\\/Frank Gunn&quot;,&quot;created_timestamp&quot;:&quot;1470466594&quot;,&quot;copyright&quot;:&quot;&quot;,&quot;focal_length&quot;:&quot;400&quot;,&quot;iso&quot;:&quot;3200&quot;,&quot;shutter_speed&quot;:&quot;0.0008&quot;,&quot;title&quot;:&quot;OLY Rio Swimming 20160806&quot;,&quot;orientation&quot;:&quot;1&quot;}\" data-image-title=\"OLY Rio Swimming 20160806\" data-image-description=\"&lt;p&gt;The Canadian women&amp;rsquo;s 4&amp;#215;100-metre freestyle relay team celebrates their bronze medal finish at the 2016 Summer Olympics, in Rio de Janeiro, Brazil, Saturday, Aug. 6, 2016. THE CANADIAN PRESS\/Frank Gunn&lt;\/p&gt; \" data-medium-file=\"https:\/\/develop.olympic.ca\/olympique\/wp-content\/uploads\/sites\/2\/2016\/08\/12442474.jpg?quality=100&#038;w=278\" data-large-file=\"https:\/\/develop.olympic.ca\/olympique\/wp-content\/uploads\/sites\/2\/2016\/08\/12442474.jpg?quality=100&#038;w=564\" src=\"https:\/\/develop.olympic.ca\/olympique\/wp-content\/uploads\/sites\/2\/2016\/08\/12442474.jpg?quality=100&#038;w=441&#038;h=590&#038;strip&#038;resize=441%2C590\" srcset=\"https:\/\/develop.olympic.ca\/olympique\/wp-content\/uploads\/sites\/2\/2016\/08\/12442474.jpg 2496w, https:\/\/develop.olympic.ca\/olympique\/wp-content\/uploads\/sites\/2\/2016\/08\/12442474.jpg?resize=118,158 118w, https:\/\/develop.olympic.ca\/olympique\/wp-content\/uploads\/sites\/2\/2016\/08\/12442474.jpg?resize=278,371 278w, https:\/\/develop.olympic.ca\/olympique\/wp-content\/uploads\/sites\/2\/2016\/08\/12442474.jpg?resize=768,1026 768w, https:\/\/develop.olympic.ca\/olympique\/wp-content\/uploads\/sites\/2\/2016\/08\/12442474.jpg?resize=564,754 564w, https:\/\/develop.olympic.ca\/olympique\/wp-content\/uploads\/sites\/2\/2016\/08\/12442474.jpg?resize=1149,1536 1149w, https:\/\/develop.olympic.ca\/olympique\/wp-content\/uploads\/sites\/2\/2016\/08\/12442474.jpg?resize=1532,2048 1532w\" width=\"441\" height=\"590\" loading=\"lazy\" data-original-width=\"441\" data-original-height=\"590\" itemprop=\"http:\/\/schema.org\/image\" title=\"OLY Rio Swimming 20160806\" alt=\"Les r\u00e9actions de Chantal Van Langehem, Taylor Ruck et Sandrine Mainville lors de la finale du relais 4x100 m f\u00e9minin \u00e0 Rio 2016.\" style=\"width: 441px; height: 590px;\" \/> <\/a> <div class=\"tiled-gallery-caption\" itemprop=\"caption description\"> Les r\u00e9actions de Chantal Van Langehem, Taylor Ruck et Sandrine Mainville lors de la finale du relais 4&#215;100 m f\u00e9minin \u00e0 Rio 2016. <\/div> <\/div> <\/div> <!-- close group --> <\/div> <!-- close row --> <\/div>\n<p><strong>\u00c0 LIRE :\u00a0<a href=\"http:\/\/develop.olympic.ca\/olympique\/2016\/08\/17\/rio-2016-debut-dune-nouvelle-ere-en-natation\/\">D\u00e9but d&rsquo;une nouvelle \u00e8re en natation<\/a><\/strong><\/p>\n<p>Cette prouesse a fait partie d\u2019une suite de records canadiens tandis que les athl\u00e8tes v\u00eatus de l\u2019unifoli\u00e9 ont gagn\u00e9 des m\u00e9dailles au cours des neuf premiers jours des Jeux.<\/p>\n<p><img loading=\"lazy\" decoding=\"async\" class=\"alignnone size-full wp-image-125830\" src=\"https:\/\/develop.olympic.ca\/wp-content\/uploads\/sites\/2\/2016\/12\/olympic-medal-tracker-day-9-fr-1.png\" alt=\"Suivi des m\u00e9dailles Rio 2016 ao\u00fbt 14\" width=\"1340\" height=\"754\" srcset=\"https:\/\/develop.olympic.ca\/olympique\/wp-content\/uploads\/sites\/2\/2016\/12\/olympic-medal-tracker-day-9-fr-1.png 1340w, https:\/\/develop.olympic.ca\/olympique\/wp-content\/uploads\/sites\/2\/2016\/12\/olympic-medal-tracker-day-9-fr-1.png?resize=280,158 280w, https:\/\/develop.olympic.ca\/olympique\/wp-content\/uploads\/sites\/2\/2016\/12\/olympic-medal-tracker-day-9-fr-1.png?resize=660,371 660w, https:\/\/develop.olympic.ca\/olympique\/wp-content\/uploads\/sites\/2\/2016\/12\/olympic-medal-tracker-day-9-fr-1.png?resize=768,432 768w\" sizes=\"(max-width: 1340px) 100vw, 1340px\" \/><\/p>\n<p>Durant cette p\u00e9riode, <a href=\"http:\/\/develop.olympic.ca\/olympique\/team-canada\/rosannagh-maclennan\/\">Rosie MacLennan<\/a>, porte-drapeau canadien \u00e0 la <a href=\"http:\/\/develop.olympic.ca\/olympique\/photos\/rosie-maclennan-porte-drapeau-dequipe-canada-pour-la-ceremonie-douverture-de-rio-2016\/\">c\u00e9r\u00e9monie d\u2019ouverture<\/a>, a remport\u00e9 l\u2019or en trampoline et est devenue la premi\u00e8re athl\u00e8te canadienne \u00e0 <a href=\"http:\/\/develop.olympic.ca\/olympique\/2016\/08\/12\/rio-2016-rosie-maclennan-decroche-la-medaille-dor-en-trampoline\/\">d\u00e9fendre avec succ\u00e8s son titre olympique<\/a> aux Jeux d\u2019\u00e9t\u00e9. L\u2019\u00e9quipe canadienne f\u00e9minine a gagn\u00e9 la <a href=\"http:\/\/develop.olympic.ca\/olympique\/2016\/08\/08\/les-canadiennes-remportent-la-premiere-medaille-de-bronze-de-lhistoire-du-rugby-a-sept-aux-jeux-olympiques\/\">m\u00e9daille de bronze<\/a> \u00e0 la toute premi\u00e8re \u00e9preuve olympique de rugby \u00e0 sept. Et il y a aussi eu <a href=\"http:\/\/develop.olympic.ca\/olympique\/2016\/08\/09\/rio-2016-benfeito-et-filion-semparent-du-bronze-au-10-m-synchronise\/\">les deuxi\u00e8mes m\u00e9dailles de bronze cons\u00e9cutives<\/a> de l\u2019\u00e9quipe compos\u00e9e de <a href=\"http:\/\/develop.olympic.ca\/olympique\/team-canada\/meaghan-benfeito\/\">Meaghan Benfeito<\/a> et de <a href=\"http:\/\/develop.olympic.ca\/olympique\/team-canada\/roseline-filion\/\">Roseline Filion<\/a> \u00e0 l\u2019\u00e9preuve de plongeon synchronis\u00e9 \u00e0 la tour de 10 m et de <a href=\"http:\/\/develop.olympic.ca\/olympique\/2016\/08\/13\/roi-2016-les-canadiennes-raflent-le-bronze-en-poursuite-par-equipes\/\">l\u2019\u00e9quipe f\u00e9minine de cyclisme sur piste<\/a> \u00e0 l\u2019\u00e9preuve de poursuite par \u00e9quipes, en plus de la <a href=\"http:\/\/develop.olympic.ca\/olympique\/2016\/08\/12\/lindsay-jennerich-et-patricia-obee-en-argent-au-stade-lagoa\/\">seule m\u00e9daille d\u2019aviron<\/a> du Canada remport\u00e9e par <a href=\"http:\/\/develop.olympic.ca\/olympique\/team-canada\/lindsay-jennerich-2\/\">Lindsay Jennerich<\/a> et <a href=\"http:\/\/develop.olympic.ca\/olympique\/team-canada\/patricia-obee-2\/\">Patricia Obee<\/a>.<\/p>\n<div class=\"tiled-gallery type-rectangular tiled-gallery-unresized\" data-original-width=\"1360\" data-carousel-extra='null' itemscope itemtype=\"http:\/\/schema.org\/ImageGallery\" > <div class=\"gallery-row\" style=\"width: 1360px; height: 297px;\" data-original-width=\"1360\" data-original-height=\"297\" > <div class=\"gallery-group images-1\" style=\"width: 498px; height: 297px;\" data-original-width=\"498\" data-original-height=\"297\" > <div class=\"tiled-gallery-item tiled-gallery-item-large\" itemprop=\"associatedMedia\" itemscope itemtype=\"http:\/\/schema.org\/ImageObject\"> <a href=\"https:\/\/develop.olympic.ca\/olympique\/2016\/08\/13\/rio-2016-resume-du-jour-7\/lwdoublessculls_w_silver_davidjacksonphoto-888-2-2\/#main\" border=\"0\" itemprop=\"url\"> <meta itemprop=\"width\" content=\"494\"> <meta itemprop=\"height\" content=\"293\"> <img decoding=\"async\" data-recalc-dims=\"1\" class=\"\" data-attachment-id=\"122144\" data-orig-file=\"https:\/\/develop.olympic.ca\/olympique\/wp-content\/uploads\/sites\/2\/2016\/08\/lwdoublessculls_w_silver_davidjacksonphoto-888-21.jpg?quality=100\" data-orig-size=\"1708,1011\" data-comments-opened=\"1\" data-image-meta=\"{&quot;aperture&quot;:&quot;3.5&quot;,&quot;credit&quot;:&quot;David Jackson&quot;,&quot;camera&quot;:&quot;Canon EOS-1D X&quot;,&quot;caption&quot;:&quot;Team Canada\\u0027s Patricia Obee and Lindsee Jennerich win silver during the women\\u0027s double sculls final at Lagoa Rowing Stadium, Rio de Janeiro, Brazil, Friday August 12, 2016. COC Photo\\\/David Jackson&quot;,&quot;created_timestamp&quot;:&quot;1471007162&quot;,&quot;copyright&quot;:&quot;Canadian Olympic Committee&quot;,&quot;focal_length&quot;:&quot;130&quot;,&quot;iso&quot;:&quot;640&quot;,&quot;shutter_speed&quot;:&quot;0.0003125&quot;,&quot;title&quot;:&quot;&quot;,&quot;orientation&quot;:&quot;0&quot;}\" data-image-title=\"LWdoublesSculls_w_silver_DavidJacksonPhoto-888-2\" data-image-description=\"&lt;p&gt;Patricia Obee et Lindsee Jennerich savourent pleinement leur m\u00e9daille d&amp;rsquo;argent.&lt;\/p&gt; \" data-medium-file=\"https:\/\/develop.olympic.ca\/olympique\/wp-content\/uploads\/sites\/2\/2016\/08\/lwdoublessculls_w_silver_davidjacksonphoto-888-21.jpg?quality=100&#038;w=627\" data-large-file=\"https:\/\/develop.olympic.ca\/olympique\/wp-content\/uploads\/sites\/2\/2016\/08\/lwdoublessculls_w_silver_davidjacksonphoto-888-21.jpg?quality=100&#038;w=1274\" src=\"https:\/\/develop.olympic.ca\/olympique\/wp-content\/uploads\/sites\/2\/2016\/08\/lwdoublessculls_w_silver_davidjacksonphoto-888-21.jpg?quality=100&#038;w=494&#038;h=293&#038;strip&#038;resize=494%2C293\" srcset=\"https:\/\/develop.olympic.ca\/olympique\/wp-content\/uploads\/sites\/2\/2016\/08\/lwdoublessculls_w_silver_davidjacksonphoto-888-21.jpg 1708w, https:\/\/develop.olympic.ca\/olympique\/wp-content\/uploads\/sites\/2\/2016\/08\/lwdoublessculls_w_silver_davidjacksonphoto-888-21.jpg?resize=267,158 267w, https:\/\/develop.olympic.ca\/olympique\/wp-content\/uploads\/sites\/2\/2016\/08\/lwdoublessculls_w_silver_davidjacksonphoto-888-21.jpg?resize=627,371 627w, https:\/\/develop.olympic.ca\/olympique\/wp-content\/uploads\/sites\/2\/2016\/08\/lwdoublessculls_w_silver_davidjacksonphoto-888-21.jpg?resize=768,455 768w, https:\/\/develop.olympic.ca\/olympique\/wp-content\/uploads\/sites\/2\/2016\/08\/lwdoublessculls_w_silver_davidjacksonphoto-888-21.jpg?resize=1274,754 1274w, https:\/\/develop.olympic.ca\/olympique\/wp-content\/uploads\/sites\/2\/2016\/08\/lwdoublessculls_w_silver_davidjacksonphoto-888-21.jpg?resize=1536,909 1536w\" width=\"494\" height=\"293\" loading=\"lazy\" data-original-width=\"494\" data-original-height=\"293\" itemprop=\"http:\/\/schema.org\/image\" title=\"LWdoublesSculls_w_silver_DavidJacksonPhoto-888-2\" alt=\"Patricia Obee et Lindsee Jennerich savourent pleinement leur m\u00e9daille d&#039;argent.\" style=\"width: 494px; height: 293px;\" \/> <\/a> <div class=\"tiled-gallery-caption\" itemprop=\"caption description\"> Patricia Obee et Lindsee Jennerich savourent pleinement leur m\u00e9daille d&rsquo;argent lors de la c\u00e9r\u00e9monie des m\u00e9dailles du deux de couple poids l\u00e9ger aux Jeux olympiques de Rio, le 12 ao\u00fbt 2016. COC Photo\/David Jackson . <\/div> <\/div> <\/div> <!-- close group --> <div class=\"gallery-group images-1\" style=\"width: 478px; height: 297px;\" data-original-width=\"478\" data-original-height=\"297\" > <div class=\"tiled-gallery-item tiled-gallery-item-large\" itemprop=\"associatedMedia\" itemscope itemtype=\"http:\/\/schema.org\/ImageObject\"> <a href=\"https:\/\/develop.olympic.ca\/olympique\/photos\/rio-2016-la-medaille-de-bronze-de-lequipe-de-rugby-feminin\/rugby_bronze_markblinchphoto-88-3\/#main\" border=\"0\" itemprop=\"url\"> <meta itemprop=\"width\" content=\"474\"> <meta itemprop=\"height\" content=\"293\"> <img decoding=\"async\" data-recalc-dims=\"1\" class=\"\" data-attachment-id=\"121200\" data-orig-file=\"https:\/\/develop.olympic.ca\/olympique\/wp-content\/uploads\/sites\/2\/2016\/08\/rugby_bronze_markblinchphoto-88-3.jpg?quality=100\" data-orig-size=\"1340,827\" data-comments-opened=\"1\" data-image-meta=\"{&quot;aperture&quot;:&quot;4&quot;,&quot;credit&quot;:&quot;&quot;,&quot;camera&quot;:&quot;Canon EOS-1D X Mark II&quot;,&quot;caption&quot;:&quot;&quot;,&quot;created_timestamp&quot;:&quot;1470682680&quot;,&quot;copyright&quot;:&quot;Canadian Olympic Committee&quot;,&quot;focal_length&quot;:&quot;400&quot;,&quot;iso&quot;:&quot;3200&quot;,&quot;shutter_speed&quot;:&quot;0.001&quot;,&quot;title&quot;:&quot;&quot;,&quot;orientation&quot;:&quot;0&quot;}\" data-image-title=\"Rugby_bronze_MarkBlinchPhoto-88-3\" data-image-description=\"\" data-medium-file=\"https:\/\/develop.olympic.ca\/olympique\/wp-content\/uploads\/sites\/2\/2016\/08\/rugby_bronze_markblinchphoto-88-3.jpg?quality=100&#038;w=601\" data-large-file=\"https:\/\/develop.olympic.ca\/olympique\/wp-content\/uploads\/sites\/2\/2016\/08\/rugby_bronze_markblinchphoto-88-3.jpg?quality=100&#038;w=1222\" src=\"https:\/\/develop.olympic.ca\/olympique\/wp-content\/uploads\/sites\/2\/2016\/08\/rugby_bronze_markblinchphoto-88-3.jpg?quality=100&#038;w=474&#038;h=293&#038;strip&#038;resize=474%2C293\" srcset=\"https:\/\/develop.olympic.ca\/olympique\/wp-content\/uploads\/sites\/2\/2016\/08\/rugby_bronze_markblinchphoto-88-3.jpg 1340w, https:\/\/develop.olympic.ca\/olympique\/wp-content\/uploads\/sites\/2\/2016\/08\/rugby_bronze_markblinchphoto-88-3.jpg?resize=256,158 256w, https:\/\/develop.olympic.ca\/olympique\/wp-content\/uploads\/sites\/2\/2016\/08\/rugby_bronze_markblinchphoto-88-3.jpg?resize=601,371 601w, https:\/\/develop.olympic.ca\/olympique\/wp-content\/uploads\/sites\/2\/2016\/08\/rugby_bronze_markblinchphoto-88-3.jpg?resize=768,474 768w, https:\/\/develop.olympic.ca\/olympique\/wp-content\/uploads\/sites\/2\/2016\/08\/rugby_bronze_markblinchphoto-88-3.jpg?resize=1222,754 1222w\" width=\"474\" height=\"293\" loading=\"lazy\" data-original-width=\"474\" data-original-height=\"293\" itemprop=\"http:\/\/schema.org\/image\" title=\"Rugby_bronze_MarkBlinchPhoto-88-3\" alt=\"Les joueuses du Canada c\u00e9l\u00e8brent apr\u00e8s avoir remport\u00e9 la m\u00e9daille de bronze face \u00e0 la Grande-Bretagne aux Jeux de Rio. 8 ao\u00fbt 2016 (Photo\/Mark Blinch)\" style=\"width: 474px; height: 293px;\" \/> <\/a> <div class=\"tiled-gallery-caption\" itemprop=\"caption description\"> Les joueuses du Canada c\u00e9l\u00e8brent apr\u00e8s avoir remport\u00e9 la m\u00e9daille de bronze face \u00e0 la Grande-Bretagne aux Jeux de Rio. 8 ao\u00fbt 2016 (Photo\/Mark Blinch) <\/div> <\/div> <\/div> <!-- close group --> <div class=\"gallery-group images-1\" style=\"width: 384px; height: 297px;\" data-original-width=\"384\" data-original-height=\"297\" > <div class=\"tiled-gallery-item tiled-gallery-item-large\" itemprop=\"associatedMedia\" itemscope itemtype=\"http:\/\/schema.org\/ImageObject\"> <a href=\"https:\/\/develop.olympic.ca\/olympique\/2016\/08\/12\/rio-2016-rosie-maclennan-decroche-la-medaille-dor-en-trampoline\/rosiemaclennan_gold_jasonransomphoto-111-4-2\/#main\" border=\"0\" itemprop=\"url\"> <meta itemprop=\"width\" content=\"380\"> <meta itemprop=\"height\" content=\"293\"> <img decoding=\"async\" data-recalc-dims=\"1\" class=\"\" data-attachment-id=\"122125\" data-orig-file=\"https:\/\/develop.olympic.ca\/olympique\/wp-content\/uploads\/sites\/2\/2016\/08\/rosiemaclennan_gold_jasonransomphoto-111-41-e1471060924605.jpg?quality=100\" data-orig-size=\"1340,1033\" data-comments-opened=\"1\" data-image-meta=\"{&quot;aperture&quot;:&quot;4&quot;,&quot;credit&quot;:&quot;Jason Ransom&quot;,&quot;camera&quot;:&quot;Canon EOS-1D X Mark II&quot;,&quot;caption&quot;:&quot;&quot;,&quot;created_timestamp&quot;:&quot;1471012590&quot;,&quot;copyright&quot;:&quot;Canadian Olympic Committee&quot;,&quot;focal_length&quot;:&quot;168&quot;,&quot;iso&quot;:&quot;3200&quot;,&quot;shutter_speed&quot;:&quot;0.0008&quot;,&quot;title&quot;:&quot;&quot;,&quot;orientation&quot;:&quot;0&quot;}\" data-image-title=\"Rio 2016: Rosie MacLennan\" data-image-description=\"\" data-medium-file=\"https:\/\/develop.olympic.ca\/olympique\/wp-content\/uploads\/sites\/2\/2016\/08\/rosiemaclennan_gold_jasonransomphoto-111-41-e1471060924605.jpg?quality=100&#038;w=481\" data-large-file=\"https:\/\/develop.olympic.ca\/olympique\/wp-content\/uploads\/sites\/2\/2016\/08\/rosiemaclennan_gold_jasonransomphoto-111-41-e1471060924605.jpg?quality=100&#038;w=978\" src=\"https:\/\/develop.olympic.ca\/olympique\/wp-content\/uploads\/sites\/2\/2016\/08\/rosiemaclennan_gold_jasonransomphoto-111-41-e1471060924605.jpg?quality=100&#038;w=380&#038;h=293&#038;strip&#038;resize=380%2C293\" srcset=\"https:\/\/develop.olympic.ca\/olympique\/wp-content\/uploads\/sites\/2\/2016\/08\/rosiemaclennan_gold_jasonransomphoto-111-41-e1471060924605.jpg 1340w, https:\/\/develop.olympic.ca\/olympique\/wp-content\/uploads\/sites\/2\/2016\/08\/rosiemaclennan_gold_jasonransomphoto-111-41-e1471060924605.jpg?resize=205,158 205w, https:\/\/develop.olympic.ca\/olympique\/wp-content\/uploads\/sites\/2\/2016\/08\/rosiemaclennan_gold_jasonransomphoto-111-41-e1471060924605.jpg?resize=481,371 481w, https:\/\/develop.olympic.ca\/olympique\/wp-content\/uploads\/sites\/2\/2016\/08\/rosiemaclennan_gold_jasonransomphoto-111-41-e1471060924605.jpg?resize=768,592 768w, https:\/\/develop.olympic.ca\/olympique\/wp-content\/uploads\/sites\/2\/2016\/08\/rosiemaclennan_gold_jasonransomphoto-111-41-e1471060924605.jpg?resize=978,754 978w\" width=\"380\" height=\"293\" loading=\"lazy\" data-original-width=\"380\" data-original-height=\"293\" itemprop=\"http:\/\/schema.org\/image\" title=\"Rio 2016: Rosie MacLennan\" alt=\"Rosie MacLennan lors de la c\u00e9r\u00e9monie des m\u00e9dailles de l&#039;\u00e9preuve de trampoline aux Jeux olympiques de Rio, le 12 ao\u00fbt 2016. (COC\/\/ Jason Ransom)\" style=\"width: 380px; height: 293px;\" \/> <\/a> <div class=\"tiled-gallery-caption\" itemprop=\"caption description\"> Rosie MacLennan lors de la c\u00e9r\u00e9monie des m\u00e9dailles de l&rsquo;\u00e9preuve de trampoline aux Jeux olympiques de Rio, le 12 ao\u00fbt 2016. (COC\/\/ Jason Ransom) <\/div> <\/div> <\/div> <!-- close group --> <\/div> <!-- close row --> <div class=\"gallery-row\" style=\"width: 1360px; height: 561px;\" data-original-width=\"1360\" data-original-height=\"561\" > <div class=\"gallery-group images-1\" style=\"width: 880px; height: 561px;\" data-original-width=\"880\" data-original-height=\"561\" > <div class=\"tiled-gallery-item tiled-gallery-item-large\" itemprop=\"associatedMedia\" itemscope itemtype=\"http:\/\/schema.org\/ImageObject\"> <a href=\"https:\/\/develop.olympic.ca\/olympique\/photos\/rio-2016-plonger-vers-le-bronze\/filion-et-benfeito-en-bronze-rio-2016-16\/#main\" border=\"0\" itemprop=\"url\"> <meta itemprop=\"width\" content=\"876\"> <meta itemprop=\"height\" content=\"557\"> <img decoding=\"async\" data-recalc-dims=\"1\" class=\"\" data-attachment-id=\"121421\" data-orig-file=\"https:\/\/develop.olympic.ca\/olympique\/wp-content\/uploads\/sites\/2\/2016\/08\/filion-et-benfeito-en-bronze-rio-2016-16.jpg?quality=100\" data-orig-size=\"1000,636\" data-comments-opened=\"1\" data-image-meta=\"{&quot;aperture&quot;:&quot;5&quot;,&quot;credit&quot;:&quot;Jason Ransom&quot;,&quot;camera&quot;:&quot;Canon EOS-1D X Mark II&quot;,&quot;caption&quot;:&quot;&quot;,&quot;created_timestamp&quot;:&quot;1470756344&quot;,&quot;copyright&quot;:&quot;Canadian Olympic Committee&quot;,&quot;focal_length&quot;:&quot;200&quot;,&quot;iso&quot;:&quot;2500&quot;,&quot;shutter_speed&quot;:&quot;0.001&quot;,&quot;title&quot;:&quot;&quot;,&quot;orientation&quot;:&quot;0&quot;}\" data-image-title=\"Equipe Canada &amp;#8211; plongeon &amp;#8211; Meaghan Benfeito &amp;#8211; Roseline Filion &amp;#8211; Rio 2016\" data-image-description=\"\" data-medium-file=\"https:\/\/develop.olympic.ca\/olympique\/wp-content\/uploads\/sites\/2\/2016\/08\/filion-et-benfeito-en-bronze-rio-2016-16.jpg?quality=100&#038;w=583\" data-large-file=\"https:\/\/develop.olympic.ca\/olympique\/wp-content\/uploads\/sites\/2\/2016\/08\/filion-et-benfeito-en-bronze-rio-2016-16.jpg?quality=100&#038;w=1000\" src=\"https:\/\/develop.olympic.ca\/olympique\/wp-content\/uploads\/sites\/2\/2016\/08\/filion-et-benfeito-en-bronze-rio-2016-16.jpg?quality=100&#038;w=876&#038;h=557&#038;strip&#038;resize=876%2C557\" srcset=\"https:\/\/develop.olympic.ca\/olympique\/wp-content\/uploads\/sites\/2\/2016\/08\/filion-et-benfeito-en-bronze-rio-2016-16.jpg 1000w, https:\/\/develop.olympic.ca\/olympique\/wp-content\/uploads\/sites\/2\/2016\/08\/filion-et-benfeito-en-bronze-rio-2016-16.jpg?resize=248,158 248w, https:\/\/develop.olympic.ca\/olympique\/wp-content\/uploads\/sites\/2\/2016\/08\/filion-et-benfeito-en-bronze-rio-2016-16.jpg?resize=583,371 583w, https:\/\/develop.olympic.ca\/olympique\/wp-content\/uploads\/sites\/2\/2016\/08\/filion-et-benfeito-en-bronze-rio-2016-16.jpg?resize=768,488 768w\" width=\"876\" height=\"557\" loading=\"lazy\" data-original-width=\"876\" data-original-height=\"557\" itemprop=\"http:\/\/schema.org\/image\" title=\"Equipe Canada - plongeon - Meaghan Benfeito - Roseline Filion - Rio 2016\" alt=\"Equipe Canada - plongeon - Meaghan Benfeito - Roseline Filion - Rio 2016\" style=\"width: 876px; height: 557px;\" \/> <\/a> <div class=\"tiled-gallery-caption\" itemprop=\"caption description\"> Meaghan Benfeito et Roseline Filion (\u00e0 droite) c\u00e9l\u00e8brent leur m\u00e9daille de bronze au 10\u00a0m synchronis\u00e9 aux Jeux olympiques de Rio, le 9 ao\u00fbt 2016. (AP Photo\/Wong Maye-E) <\/div> <\/div> <\/div> <!-- close group --> <div class=\"gallery-group images-1\" style=\"width: 480px; height: 561px;\" data-original-width=\"480\" data-original-height=\"561\" > <div class=\"tiled-gallery-item tiled-gallery-item-large\" itemprop=\"associatedMedia\" itemscope itemtype=\"http:\/\/schema.org\/ImageObject\"> <a href=\"https:\/\/develop.olympic.ca\/olympique\/photos\/rio-2016-lequipe-de-poursuite-feminine-remporte-le-bronze\/teampursuit_bronze_markblinchphoto-100-2\/#main\" border=\"0\" itemprop=\"url\"> <meta itemprop=\"width\" content=\"476\"> <meta itemprop=\"height\" content=\"557\"> <img decoding=\"async\" data-recalc-dims=\"1\" class=\"\" data-attachment-id=\"122415\" data-orig-file=\"https:\/\/develop.olympic.ca\/olympique\/wp-content\/uploads\/sites\/2\/2016\/08\/teampursuit_bronze_markblinchphoto-1001-e1471123544686.jpg?quality=100\" data-orig-size=\"1340,1570\" data-comments-opened=\"1\" data-image-meta=\"{&quot;aperture&quot;:&quot;4&quot;,&quot;credit&quot;:&quot;&quot;,&quot;camera&quot;:&quot;Canon EOS-1D X Mark II&quot;,&quot;caption&quot;:&quot;&quot;,&quot;created_timestamp&quot;:&quot;1471108452&quot;,&quot;copyright&quot;:&quot;Canadian Olympic Committee&quot;,&quot;focal_length&quot;:&quot;239&quot;,&quot;iso&quot;:&quot;4000&quot;,&quot;shutter_speed&quot;:&quot;0.000625&quot;,&quot;title&quot;:&quot;&quot;,&quot;orientation&quot;:&quot;0&quot;}\" data-image-title=\"TeamPursuit_bronze_MarkBlinchPhoto-100\" data-image-description=\"\" data-medium-file=\"https:\/\/develop.olympic.ca\/olympique\/wp-content\/uploads\/sites\/2\/2016\/08\/teampursuit_bronze_markblinchphoto-1001-e1471123544686.jpg?quality=100&#038;w=317\" data-large-file=\"https:\/\/develop.olympic.ca\/olympique\/wp-content\/uploads\/sites\/2\/2016\/08\/teampursuit_bronze_markblinchphoto-1001-e1471123544686.jpg?quality=100&#038;w=644\" src=\"https:\/\/develop.olympic.ca\/olympique\/wp-content\/uploads\/sites\/2\/2016\/08\/teampursuit_bronze_markblinchphoto-1001-e1471123544686.jpg?quality=100&#038;w=476&#038;h=557&#038;strip&#038;resize=476%2C557\" srcset=\"https:\/\/develop.olympic.ca\/olympique\/wp-content\/uploads\/sites\/2\/2016\/08\/teampursuit_bronze_markblinchphoto-1001-e1471123544686.jpg 1340w, https:\/\/develop.olympic.ca\/olympique\/wp-content\/uploads\/sites\/2\/2016\/08\/teampursuit_bronze_markblinchphoto-1001-e1471123544686.jpg?resize=135,158 135w, https:\/\/develop.olympic.ca\/olympique\/wp-content\/uploads\/sites\/2\/2016\/08\/teampursuit_bronze_markblinchphoto-1001-e1471123544686.jpg?resize=317,371 317w, https:\/\/develop.olympic.ca\/olympique\/wp-content\/uploads\/sites\/2\/2016\/08\/teampursuit_bronze_markblinchphoto-1001-e1471123544686.jpg?resize=768,900 768w, https:\/\/develop.olympic.ca\/olympique\/wp-content\/uploads\/sites\/2\/2016\/08\/teampursuit_bronze_markblinchphoto-1001-e1471123544686.jpg?resize=644,754 644w, https:\/\/develop.olympic.ca\/olympique\/wp-content\/uploads\/sites\/2\/2016\/08\/teampursuit_bronze_markblinchphoto-1001-e1471123544686.jpg?resize=1311,1536 1311w\" width=\"476\" height=\"557\" loading=\"lazy\" data-original-width=\"476\" data-original-height=\"557\" itemprop=\"http:\/\/schema.org\/image\" title=\"TeamPursuit_bronze_MarkBlinchPhoto-100\" alt=\"Allison Beveridge, Jasmin Glaesser, Kirsti Lay et Georgia Simmerling c\u00e9l\u00e8brent leur victoire sur la Nouvelle-Z\u00e9lande pour la m\u00e9daille de bronze aux Jeux olympiques de Rio, le 13 ao\u00fbt 2016. (COC \/\/ Mark Blinch)\" style=\"width: 476px; height: 557px;\" \/> <\/a> <div class=\"tiled-gallery-caption\" itemprop=\"caption description\"> Allison Beveridge, Jasmin Glaesser, Kirsti Lay et Georgia Simmerling c\u00e9l\u00e8brent leur victoire sur la Nouvelle-Z\u00e9lande pour la m\u00e9daille de bronze aux Jeux olympiques de Rio, le 13 ao\u00fbt 2016. (COC \/\/ Mark Blinch) <\/div> <\/div> <\/div> <!-- close group --> <\/div> <!-- close row --> <\/div>\n<p>Tandis que la premi\u00e8re semaine a fait place \u00e0 la deuxi\u00e8me et que les \u00e9preuves de natation ont pris fin pour donner la place \u00e0 celles d\u2019athl\u00e9tisme, les athl\u00e8tes ont continu\u00e9 de monter sur le podium.<\/p>\n<p>Les six m\u00e9dailles d\u2019athl\u00e9tisme gagn\u00e9es par le Canada repr\u00e9sentent notre plus grande r\u00e9colte lors de m\u00eames Jeux depuis <a href=\"http:\/\/develop.olympic.ca\/olympique\/games\/1932-los-angeles\/\">Los Angeles 1932<\/a>. <a href=\"http:\/\/develop.olympic.ca\/olympique\/team-canada\/derek-drouin\/\">Derek Drouin<\/a> a obtenu une fiche parfaite en route vers <a href=\"http:\/\/develop.olympic.ca\/olympique\/2016\/08\/16\/derek-drouin-sacre-champion-olympique-au-saut-en-hauteur\/\">l\u2019or au saut en hauteur<\/a>; il est le sixi\u00e8me athl\u00e8te \u00e0 r\u00e9aliser cet exploit dans l\u2019histoire des Jeux olympiques. <a href=\"http:\/\/develop.olympic.ca\/olympique\/2016\/08\/13\/brianne-theisen-eaton-decroche-le-bronze-a-lheptathlon\/\">Brianne Theisen-Eaton<\/a> et <a href=\"http:\/\/develop.olympic.ca\/olympique\/2016\/08\/18\/damian-warner-decore-de-bronze-au-decathlon-a-rio\/\">Damian Warner<\/a> ont fait du Canada le seul pays \u00e0 remporter des m\u00e9dailles aux deux \u00e9preuves combin\u00e9es. <a href=\"http:\/\/develop.olympic.ca\/olympique\/team-canada\/andre-de-grasse\/\">Andre De Grasse<\/a> est devenu le premier sprinteur canadien triple m\u00e9daill\u00e9 aux \u00e9preuves de <a href=\"http:\/\/develop.olympic.ca\/olympique\/2016\/08\/14\/andre-de-grasse-en-bronze-a-rio\/\">100\u00a0m<\/a>, de <a href=\"http:\/\/develop.olympic.ca\/olympique\/2016\/08\/18\/andre-de-grasse-rafle-largent-sur-200-m\/\">200\u00a0m<\/a> et du <a href=\"http:\/\/develop.olympic.ca\/olympique\/2016\/08\/19\/les-canadiens-remportent-le-bronze-au-relais-4x100-m\/\">relais 4&#215;100\u00a0m<\/a> dont il a \u00e9t\u00e9 le dernier relayeur et pour lequel l\u2019\u00e9quipe a inscrit un record canadien.<\/p>\n<p><strong>\u00c0 LIRE :\u00a0<a href=\"http:\/\/\u00c0 quoi ressemblait le monde la derni\u00e8re fois qu'un Canadien a \u00e9t\u00e9 d\u00e9cor\u00e9 au 100 m?\">\u00c0 quoi ressemblait le monde la derni\u00e8re fois qu&rsquo;un Canadien a \u00e9t\u00e9 d\u00e9cor\u00e9 au 100 m?<\/a><\/strong><\/p>\n<div class=\"tiled-gallery type-rectangular tiled-gallery-unresized\" data-original-width=\"1360\" data-carousel-extra='null' itemscope itemtype=\"http:\/\/schema.org\/ImageGallery\" > <div class=\"gallery-row\" style=\"width: 1360px; height: 300px;\" data-original-width=\"1360\" data-original-height=\"300\" > <div class=\"gallery-group images-1\" style=\"width: 530px; height: 300px;\" data-original-width=\"530\" data-original-height=\"300\" > <div class=\"tiled-gallery-item tiled-gallery-item-large\" itemprop=\"associatedMedia\" itemscope itemtype=\"http:\/\/schema.org\/ImageObject\"> <a href=\"https:\/\/develop.olympic.ca\/olympique\/2016\/08\/19\/les-canadiens-remportent-le-bronze-au-relais-4x100-m\/relay1\/#main\" border=\"0\" itemprop=\"url\"> <meta itemprop=\"width\" content=\"526\"> <meta itemprop=\"height\" content=\"296\"> <img decoding=\"async\" data-recalc-dims=\"1\" class=\"\" data-attachment-id=\"123924\" data-orig-file=\"https:\/\/develop.olympic.ca\/olympique\/wp-content\/uploads\/sites\/2\/2016\/08\/relay1.jpg?quality=100\" data-orig-size=\"1340,754\" data-comments-opened=\"1\" data-image-meta=\"{&quot;aperture&quot;:&quot;0&quot;,&quot;credit&quot;:&quot;&quot;,&quot;camera&quot;:&quot;&quot;,&quot;caption&quot;:&quot;&quot;,&quot;created_timestamp&quot;:&quot;0&quot;,&quot;copyright&quot;:&quot;Canadian Olympic Committee&quot;,&quot;focal_length&quot;:&quot;0&quot;,&quot;iso&quot;:&quot;0&quot;,&quot;shutter_speed&quot;:&quot;0&quot;,&quot;title&quot;:&quot;&quot;,&quot;orientation&quot;:&quot;0&quot;}\" data-image-title=\"relay1\" data-image-description=\"\" data-medium-file=\"https:\/\/develop.olympic.ca\/olympique\/wp-content\/uploads\/sites\/2\/2016\/08\/relay1.jpg?quality=100&#038;w=660\" data-large-file=\"https:\/\/develop.olympic.ca\/olympique\/wp-content\/uploads\/sites\/2\/2016\/08\/relay1.jpg?quality=100&#038;w=1340\" src=\"https:\/\/develop.olympic.ca\/olympique\/wp-content\/uploads\/sites\/2\/2016\/08\/relay1.jpg?quality=100&#038;w=526&#038;h=296&#038;strip&#038;resize=526%2C296\" srcset=\"https:\/\/develop.olympic.ca\/olympique\/wp-content\/uploads\/sites\/2\/2016\/08\/relay1.jpg 1340w, https:\/\/develop.olympic.ca\/olympique\/wp-content\/uploads\/sites\/2\/2016\/08\/relay1.jpg?resize=280,158 280w, https:\/\/develop.olympic.ca\/olympique\/wp-content\/uploads\/sites\/2\/2016\/08\/relay1.jpg?resize=660,371 660w, https:\/\/develop.olympic.ca\/olympique\/wp-content\/uploads\/sites\/2\/2016\/08\/relay1.jpg?resize=768,432 768w\" width=\"526\" height=\"296\" loading=\"lazy\" data-original-width=\"526\" data-original-height=\"296\" itemprop=\"http:\/\/schema.org\/image\" title=\"relay1\" alt=\"(G-D) Andre De Grasse, Brendon Rodney, Aaron Brown et Akeem Haynes suite \u00e0 la finale olympique du relais 4x100 m Rio de Janeiro, le 19 ao\u00fbt 2016. Le Canada y a gagn\u00e9 le bronze. THE CANADIAN PRESS\/Frank Gunn.\" style=\"width: 526px; height: 296px;\" \/> <\/a> <div class=\"tiled-gallery-caption\" itemprop=\"caption description\"> (G-D) Andre De Grasse, Brendon Rodney, Aaron Brown et Akeem Haynes suite \u00e0 la finale olympique du relais 4&#215;100 m Rio de Janeiro, le 19 ao\u00fbt 2016. Le Canada y a gagn\u00e9 le bronze. THE CANADIAN PRESS\/Frank Gunn. <\/div> <\/div> <\/div> <!-- close group --> <div class=\"gallery-group images-1\" style=\"width: 412px; height: 300px;\" data-original-width=\"412\" data-original-height=\"300\" > <div class=\"tiled-gallery-item tiled-gallery-item-large\" itemprop=\"associatedMedia\" itemscope itemtype=\"http:\/\/schema.org\/ImageObject\"> <a href=\"https:\/\/develop.olympic.ca\/olympique\/2016\/08\/18\/de-grasse-et-bolt-un-amour-fraternel\/capture-decran-2016-08-16-a-12-59-18\/#main\" border=\"0\" itemprop=\"url\"> <meta itemprop=\"width\" content=\"408\"> <meta itemprop=\"height\" content=\"296\"> <img decoding=\"async\" data-recalc-dims=\"1\" class=\"\" data-attachment-id=\"122955\" data-orig-file=\"https:\/\/develop.olympic.ca\/olympique\/wp-content\/uploads\/sites\/2\/2016\/08\/capture-d_c3a9cran-2016-08-16-c3a0-12-59-18-e1471528390568.png\" data-orig-size=\"1340,970\" data-comments-opened=\"1\" data-image-meta=\"{&quot;aperture&quot;:&quot;0&quot;,&quot;credit&quot;:&quot;&quot;,&quot;camera&quot;:&quot;&quot;,&quot;caption&quot;:&quot;&quot;,&quot;created_timestamp&quot;:&quot;0&quot;,&quot;copyright&quot;:&quot;&quot;,&quot;focal_length&quot;:&quot;0&quot;,&quot;iso&quot;:&quot;0&quot;,&quot;shutter_speed&quot;:&quot;0&quot;,&quot;title&quot;:&quot;&quot;,&quot;orientation&quot;:&quot;0&quot;}\" data-image-title=\"Capture d\u2019\u00e9cran 2016-08-16 \u00e0 12.59.18\" data-image-description=\"\" data-medium-file=\"https:\/\/develop.olympic.ca\/olympique\/wp-content\/uploads\/sites\/2\/2016\/08\/capture-d_c3a9cran-2016-08-16-c3a0-12-59-18-e1471528390568.png?w=513\" data-large-file=\"https:\/\/develop.olympic.ca\/olympique\/wp-content\/uploads\/sites\/2\/2016\/08\/capture-d_c3a9cran-2016-08-16-c3a0-12-59-18-e1471528390568.png?w=1042\" src=\"https:\/\/develop.olympic.ca\/olympique\/wp-content\/uploads\/sites\/2\/2016\/08\/capture-d_c3a9cran-2016-08-16-c3a0-12-59-18-e1471528390568.png?w=408&#038;h=296&#038;quality=100&#038;strip&#038;resize=408%2C296\" srcset=\"https:\/\/develop.olympic.ca\/olympique\/wp-content\/uploads\/sites\/2\/2016\/08\/capture-d_c3a9cran-2016-08-16-c3a0-12-59-18-e1471528390568.png 1340w, https:\/\/develop.olympic.ca\/olympique\/wp-content\/uploads\/sites\/2\/2016\/08\/capture-d_c3a9cran-2016-08-16-c3a0-12-59-18-e1471528390568.png?resize=218,158 218w, https:\/\/develop.olympic.ca\/olympique\/wp-content\/uploads\/sites\/2\/2016\/08\/capture-d_c3a9cran-2016-08-16-c3a0-12-59-18-e1471528390568.png?resize=513,371 513w, https:\/\/develop.olympic.ca\/olympique\/wp-content\/uploads\/sites\/2\/2016\/08\/capture-d_c3a9cran-2016-08-16-c3a0-12-59-18-e1471528390568.png?resize=768,556 768w, https:\/\/develop.olympic.ca\/olympique\/wp-content\/uploads\/sites\/2\/2016\/08\/capture-d_c3a9cran-2016-08-16-c3a0-12-59-18-e1471528390568.png?resize=1042,754 1042w\" width=\"408\" height=\"296\" loading=\"lazy\" data-original-width=\"408\" data-original-height=\"296\" itemprop=\"http:\/\/schema.org\/image\" title=\"Capture d\u2019\u00e9cran 2016-08-16 \u00e0 12.59.18\" alt=\"Bolt et De Grasse c\u00e9l\u00e8brent apr\u00e8s la finale du 100 m aux Jeux olympiques de Rio, le 14 ao\u00fbt 2016.\" style=\"width: 408px; height: 296px;\" \/> <\/a> <div class=\"tiled-gallery-caption\" itemprop=\"caption description\"> Bolt et De Grasse c\u00e9l\u00e8brent apr\u00e8s la finale du 100 m aux Jeux olympiques de Rio, le 14 ao\u00fbt 2016. <\/div> <\/div> <\/div> <!-- close group --> <div class=\"gallery-group images-1\" style=\"width: 418px; height: 300px;\" data-original-width=\"418\" data-original-height=\"300\" > <div class=\"tiled-gallery-item tiled-gallery-item-large\" itemprop=\"associatedMedia\" itemscope itemtype=\"http:\/\/schema.org\/ImageObject\"> <a href=\"https:\/\/develop.olympic.ca\/olympique\/photos\/brianne-theisen-eaton-en-bronze-au-heptathlon\/briannetheiseneaton_hep_bronze_davidjacksonphoto-2\/#main\" border=\"0\" itemprop=\"url\"> <meta itemprop=\"width\" content=\"414\"> <meta itemprop=\"height\" content=\"296\"> <img decoding=\"async\" data-recalc-dims=\"1\" class=\"\" data-attachment-id=\"122538\" data-orig-file=\"https:\/\/develop.olympic.ca\/olympique\/wp-content\/uploads\/sites\/2\/2016\/08\/briannetheiseneaton_hep_bronze_davidjacksonphoto-2-e1471143136121.jpg?quality=100\" data-orig-size=\"1340,958\" data-comments-opened=\"1\" data-image-meta=\"{&quot;aperture&quot;:&quot;4&quot;,&quot;credit&quot;:&quot;&quot;,&quot;camera&quot;:&quot;Canon EOS-1D X Mark II&quot;,&quot;caption&quot;:&quot;&quot;,&quot;created_timestamp&quot;:&quot;1471130726&quot;,&quot;copyright&quot;:&quot;Canadian Olympic Committee&quot;,&quot;focal_length&quot;:&quot;400&quot;,&quot;iso&quot;:&quot;5000&quot;,&quot;shutter_speed&quot;:&quot;0.0008&quot;,&quot;title&quot;:&quot;&quot;,&quot;orientation&quot;:&quot;0&quot;}\" data-image-title=\"Equipe Canada &amp;#8211; heptathlon &amp;#8211; Brianne Theisen-Eaton &amp;#8211; Rio 2016\" data-image-description=\"&lt;p&gt;Brianne Theisen-Eaton et Jessica Ennis-Hall c\u00e9l\u00e8brent l&amp;rsquo;obtention de leur m\u00e9dailles \u00e0 l&amp;rsquo;heptathlon des Jeux de Rio 2016, le 13 ao\u00fbt. Photo David Jackson&lt;\/p&gt; \" data-medium-file=\"https:\/\/develop.olympic.ca\/olympique\/wp-content\/uploads\/sites\/2\/2016\/08\/briannetheiseneaton_hep_bronze_davidjacksonphoto-2-e1471143136121.jpg?quality=100&#038;w=519\" data-large-file=\"https:\/\/develop.olympic.ca\/olympique\/wp-content\/uploads\/sites\/2\/2016\/08\/briannetheiseneaton_hep_bronze_davidjacksonphoto-2-e1471143136121.jpg?quality=100&#038;w=1055\" src=\"https:\/\/develop.olympic.ca\/olympique\/wp-content\/uploads\/sites\/2\/2016\/08\/briannetheiseneaton_hep_bronze_davidjacksonphoto-2-e1471143136121.jpg?quality=100&#038;w=414&#038;h=296&#038;strip&#038;resize=414%2C296\" srcset=\"https:\/\/develop.olympic.ca\/olympique\/wp-content\/uploads\/sites\/2\/2016\/08\/briannetheiseneaton_hep_bronze_davidjacksonphoto-2-e1471143136121.jpg 1340w, https:\/\/develop.olympic.ca\/olympique\/wp-content\/uploads\/sites\/2\/2016\/08\/briannetheiseneaton_hep_bronze_davidjacksonphoto-2-e1471143136121.jpg?resize=221,158 221w, https:\/\/develop.olympic.ca\/olympique\/wp-content\/uploads\/sites\/2\/2016\/08\/briannetheiseneaton_hep_bronze_davidjacksonphoto-2-e1471143136121.jpg?resize=519,371 519w, https:\/\/develop.olympic.ca\/olympique\/wp-content\/uploads\/sites\/2\/2016\/08\/briannetheiseneaton_hep_bronze_davidjacksonphoto-2-e1471143136121.jpg?resize=768,549 768w, https:\/\/develop.olympic.ca\/olympique\/wp-content\/uploads\/sites\/2\/2016\/08\/briannetheiseneaton_hep_bronze_davidjacksonphoto-2-e1471143136121.jpg?resize=1055,754 1055w\" width=\"414\" height=\"296\" loading=\"lazy\" data-original-width=\"414\" data-original-height=\"296\" itemprop=\"http:\/\/schema.org\/image\" title=\"Equipe Canada - heptathlon - Brianne Theisen-Eaton - Rio 2016\" alt=\"Equipe Canada - heptathlon - Brianne Theisen-Eaton - Rio 2016\" style=\"width: 414px; height: 296px;\" \/> <\/a> <div class=\"tiled-gallery-caption\" itemprop=\"caption description\"> Brianne Theisen-Eaton et Jessica Ennis-Hall c\u00e9l\u00e8brent l&rsquo;obtention de leur m\u00e9dailles \u00e0 l&rsquo;heptathlon des Jeux de Rio 2016, le 13 ao\u00fbt. Photo David Jackson <\/div> <\/div> <\/div> <!-- close group --> <\/div> <!-- close row --> <div class=\"gallery-row\" style=\"width: 1360px; height: 659px;\" data-original-width=\"1360\" data-original-height=\"659\" > <div class=\"gallery-group images-1\" style=\"width: 949px; height: 659px;\" data-original-width=\"949\" data-original-height=\"659\" > <div class=\"tiled-gallery-item tiled-gallery-item-large\" itemprop=\"associatedMedia\" itemscope itemtype=\"http:\/\/schema.org\/ImageObject\"> <a href=\"https:\/\/develop.olympic.ca\/olympique\/photos\/rio-2016-warner-gagne-le-bronze-au-decathlon\/damianwarner_bronze_markblinchphoto-9-2\/#main\" border=\"0\" itemprop=\"url\"> <meta itemprop=\"width\" content=\"945\"> <meta itemprop=\"height\" content=\"655\"> <img decoding=\"async\" data-recalc-dims=\"1\" class=\"\" data-attachment-id=\"123617\" data-orig-file=\"https:\/\/develop.olympic.ca\/olympique\/wp-content\/uploads\/sites\/2\/2016\/08\/damianwarner_bronze_markblinchphoto-9-2-e1471569625389.jpg?quality=100\" data-orig-size=\"1340,929\" data-comments-opened=\"1\" data-image-meta=\"{&quot;aperture&quot;:&quot;4&quot;,&quot;credit&quot;:&quot;&quot;,&quot;camera&quot;:&quot;Canon EOS-1D X Mark II&quot;,&quot;caption&quot;:&quot;&quot;,&quot;created_timestamp&quot;:&quot;1471558086&quot;,&quot;copyright&quot;:&quot;Canadian Olympic Committee&quot;,&quot;focal_length&quot;:&quot;294&quot;,&quot;iso&quot;:&quot;4000&quot;,&quot;shutter_speed&quot;:&quot;0.000625&quot;,&quot;title&quot;:&quot;&quot;,&quot;orientation&quot;:&quot;0&quot;}\" data-image-title=\"Equipe Canada &amp;#8211; decathlon &amp;#8211; Damian Warner &amp;#8211; Rio 2016\" data-image-description=\"&lt;p&gt;Damian Warner en finale du d\u00e9cathlon des Jeux olympiques de Rio, le 18 ao\u00fbt 2016. COC Mark Blinch&lt;\/p&gt; \" data-medium-file=\"https:\/\/develop.olympic.ca\/olympique\/wp-content\/uploads\/sites\/2\/2016\/08\/damianwarner_bronze_markblinchphoto-9-2-e1471569625389.jpg?quality=100&#038;w=535\" data-large-file=\"https:\/\/develop.olympic.ca\/olympique\/wp-content\/uploads\/sites\/2\/2016\/08\/damianwarner_bronze_markblinchphoto-9-2-e1471569625389.jpg?quality=100&#038;w=1088\" src=\"https:\/\/develop.olympic.ca\/olympique\/wp-content\/uploads\/sites\/2\/2016\/08\/damianwarner_bronze_markblinchphoto-9-2-e1471569625389.jpg?quality=100&#038;w=945&#038;h=655&#038;strip&#038;resize=945%2C655\" srcset=\"https:\/\/develop.olympic.ca\/olympique\/wp-content\/uploads\/sites\/2\/2016\/08\/damianwarner_bronze_markblinchphoto-9-2-e1471569625389.jpg 1340w, https:\/\/develop.olympic.ca\/olympique\/wp-content\/uploads\/sites\/2\/2016\/08\/damianwarner_bronze_markblinchphoto-9-2-e1471569625389.jpg?resize=228,158 228w, https:\/\/develop.olympic.ca\/olympique\/wp-content\/uploads\/sites\/2\/2016\/08\/damianwarner_bronze_markblinchphoto-9-2-e1471569625389.jpg?resize=535,371 535w, https:\/\/develop.olympic.ca\/olympique\/wp-content\/uploads\/sites\/2\/2016\/08\/damianwarner_bronze_markblinchphoto-9-2-e1471569625389.jpg?resize=768,532 768w, https:\/\/develop.olympic.ca\/olympique\/wp-content\/uploads\/sites\/2\/2016\/08\/damianwarner_bronze_markblinchphoto-9-2-e1471569625389.jpg?resize=1088,754 1088w\" width=\"945\" height=\"655\" loading=\"lazy\" data-original-width=\"945\" data-original-height=\"655\" itemprop=\"http:\/\/schema.org\/image\" title=\"Equipe Canada - decathlon - Damian Warner - Rio 2016\" alt=\"Equipe Canada - decathlon - Damian Warner - Rio 2016\" style=\"width: 945px; height: 655px;\" \/> <\/a> <div class=\"tiled-gallery-caption\" itemprop=\"caption description\"> Damian Warner c\u00e9l\u00e8bre sa m\u00e9daille de bronze avec l&rsquo;Am\u00e9ricain Ashton Eaton, au d\u00e9cathlon lors des Jeux olympiques de Rio, le 18 ao\u00fbt 2016. COC Mark Blinch <\/div> <\/div> <\/div> <!-- close group --> <div class=\"gallery-group images-1\" style=\"width: 411px; height: 659px;\" data-original-width=\"411\" data-original-height=\"659\" > <div class=\"tiled-gallery-item tiled-gallery-item-large\" itemprop=\"associatedMedia\" itemscope itemtype=\"http:\/\/schema.org\/ImageObject\"> <a href=\"https:\/\/develop.olympic.ca\/olympique\/photos\/rio-2016-un-derek-drouin-dore\/derek-drouin-15\/#main\" border=\"0\" itemprop=\"url\"> <meta itemprop=\"width\" content=\"407\"> <meta itemprop=\"height\" content=\"655\"> <img decoding=\"async\" data-recalc-dims=\"1\" class=\"\" data-attachment-id=\"123117\" data-orig-file=\"https:\/\/develop.olympic.ca\/olympique\/wp-content\/uploads\/sites\/2\/2016\/08\/12576443-e1471397125246.jpg?quality=100\" data-orig-size=\"1340,2154\" data-comments-opened=\"1\" data-image-meta=\"{&quot;aperture&quot;:&quot;5.6&quot;,&quot;credit&quot;:&quot;THE CANADIAN PRESS&quot;,&quot;camera&quot;:&quot;NIKON D5&quot;,&quot;caption&quot;:&quot;Canada\\u0027s Derek Drouin competes in the men\\u0027s high jump during the 2016 Olympic Summer Games in Rio de Janeiro, Brazil on Tuesday, Aug. 16, 2016. THE CANADIAN PRESS\\\/Sean Kilpatrick&quot;,&quot;created_timestamp&quot;:&quot;1471305600&quot;,&quot;copyright&quot;:&quot;&quot;,&quot;focal_length&quot;:&quot;400&quot;,&quot;iso&quot;:&quot;4000&quot;,&quot;shutter_speed&quot;:&quot;0.000625&quot;,&quot;title&quot;:&quot;Derek Drouin&quot;,&quot;orientation&quot;:&quot;1&quot;}\" data-image-title=\"Equipe Canada &amp;#8211; saut en hauteur &amp;#8211; athletisme &amp;#8211; Derek Drouin &amp;#8211; Rio 2016\" data-image-description=\"&lt;p&gt;Derek Drouin c\u00e9l\u00e8bre sa victoire au saut en hauteur le 16 ao\u00fbt 2016 \u00e0 Rio. La presse canadienne\/Sean Kilpatrick&lt;\/p&gt; \" data-medium-file=\"https:\/\/develop.olympic.ca\/olympique\/wp-content\/uploads\/sites\/2\/2016\/08\/12576443-e1471397125246.jpg?quality=100&#038;w=231\" data-large-file=\"https:\/\/develop.olympic.ca\/olympique\/wp-content\/uploads\/sites\/2\/2016\/08\/12576443-e1471397125246.jpg?quality=100&#038;w=469\" src=\"https:\/\/develop.olympic.ca\/olympique\/wp-content\/uploads\/sites\/2\/2016\/08\/12576443-e1471397125246.jpg?quality=100&#038;w=407&#038;h=655&#038;strip&#038;resize=407%2C655\" srcset=\"https:\/\/develop.olympic.ca\/olympique\/wp-content\/uploads\/sites\/2\/2016\/08\/12576443-e1471397125246.jpg 1340w, https:\/\/develop.olympic.ca\/olympique\/wp-content\/uploads\/sites\/2\/2016\/08\/12576443-e1471397125246.jpg?resize=98,158 98w, https:\/\/develop.olympic.ca\/olympique\/wp-content\/uploads\/sites\/2\/2016\/08\/12576443-e1471397125246.jpg?resize=231,371 231w, https:\/\/develop.olympic.ca\/olympique\/wp-content\/uploads\/sites\/2\/2016\/08\/12576443-e1471397125246.jpg?resize=768,1235 768w, https:\/\/develop.olympic.ca\/olympique\/wp-content\/uploads\/sites\/2\/2016\/08\/12576443-e1471397125246.jpg?resize=469,754 469w, https:\/\/develop.olympic.ca\/olympique\/wp-content\/uploads\/sites\/2\/2016\/08\/12576443-e1471397125246.jpg?resize=956,1536 956w, https:\/\/develop.olympic.ca\/olympique\/wp-content\/uploads\/sites\/2\/2016\/08\/12576443-e1471397125246.jpg?resize=1274,2048 1274w\" width=\"407\" height=\"655\" loading=\"lazy\" data-original-width=\"407\" data-original-height=\"655\" itemprop=\"http:\/\/schema.org\/image\" title=\"Equipe Canada - saut en hauteur - athletisme - Derek Drouin - Rio 2016\" alt=\"Equipe Canada - saut en hauteur - athletisme - Derek Drouin - Rio 2016\" style=\"width: 407px; height: 655px;\" \/> <\/a> <div class=\"tiled-gallery-caption\" itemprop=\"caption description\"> Derek Drouin c\u00e9l\u00e8bre sa victoire au saut en hauteur le 16 ao\u00fbt 2016 \u00e0 Rio. La presse canadienne\/Sean Kilpatrick <\/div> <\/div> <\/div> <!-- close group --> <\/div> <!-- close row --> <\/div>\n<p><a href=\"http:\/\/develop.olympic.ca\/olympique\/team-canada\/erica-wiebe\/\">Erica Wiebe<\/a> a \u00e9bloui sur le tapis en devenant la <a href=\"http:\/\/develop.olympic.ca\/olympique\/2016\/08\/18\/la-lutteuse-erica-wiebe-sacree-championne-olympique-des-75-kg\/\">troisi\u00e8me championne olympique du Canada<\/a> en lutte. Au cours de la m\u00eame ann\u00e9e pendant laquelle <a href=\"http:\/\/develop.olympic.ca\/olympique\/team-canada\/christine-sinclair\/\">Christine Sinclair<\/a> est devenue la <a href=\"http:\/\/develop.olympic.ca\/olympique\/2016\/11\/18\/pourquoi-la-finaliste-pour-le-prix-de-joueuse-de-lannee-fifa-christine-sinclair-est-geniale\/\">deuxi\u00e8me marqueuse de tous les temps<\/a> sur la sc\u00e8ne du soccer international, les Canadiennes ont remport\u00e9 leur <a href=\"http:\/\/develop.olympic.ca\/olympique\/2016\/08\/19\/les-canadiennes-remportent-la-medaille-de-bronze\/\">deuxi\u00e8me m\u00e9daille de bronze cons\u00e9cutive<\/a>. Il s\u2019agissait de la toute premi\u00e8re fois que le Canada remportait deux m\u00e9dailles de suite dans un sport d\u2019\u00e9quipe d\u2019\u00e9t\u00e9 depuis <a href=\"http:\/\/develop.olympic.ca\/olympique\/games\/1908-londres\/\">Londres 1908<\/a>.<\/p>\n<p><a href=\"http:\/\/develop.olympic.ca\/olympique\/team-canada\/eric-lamaze\/\">Eric Lamaze<\/a> a su faire faire des efforts incroyables \u00e0 sa monture Fine Lady 5, et ensemble ils ont r\u00e9alis\u00e9 des parcours sans fautes en route <a href=\"http:\/\/develop.olympic.ca\/olympique\/2016\/08\/19\/eric-lamaze-remporte-sa-troisieme-medaille-olympique-en-carriere-a-rio\/\">vers la m\u00e9daille de bronze<\/a>. Il est ainsi devenu le cavalier olympique canadien le plus d\u00e9cor\u00e9. En v\u00e9lo de montagne, <a href=\"http:\/\/develop.olympic.ca\/olympique\/2016\/08\/20\/catharine-pendrel-decroche-la-medaille-de-bronze-en-velo-de-montagne\/\">Catharine Pendrel<\/a> a gagn\u00e9 la derni\u00e8re m\u00e9daille du pays, en faisant une tr\u00e8s belle remont\u00e9e apr\u00e8s avoir <a href=\"http:\/\/develop.olympic.ca\/olympique\/photos\/rio-2016-catherine-pendrel-remporte-le-bronze\/\">chut\u00e9 en d\u00e9but de course<\/a> pour remporter <a href=\"http:\/\/develop.olympic.ca\/olympique\/2016\/08\/20\/catharine-pendrel-decroche-la-medaille-de-bronze-en-velo-de-montagne\/\">la m\u00e9daille de bronze<\/a>.<\/p>\n<div class=\"tiled-gallery type-rectangular tiled-gallery-unresized\" data-original-width=\"1360\" data-carousel-extra='null' itemscope itemtype=\"http:\/\/schema.org\/ImageGallery\" > <div class=\"gallery-row\" style=\"width: 1360px; height: 296px;\" data-original-width=\"1360\" data-original-height=\"296\" > <div class=\"gallery-group images-1\" style=\"width: 529px; height: 296px;\" data-original-width=\"529\" data-original-height=\"296\" > <div class=\"tiled-gallery-item tiled-gallery-item-large\" itemprop=\"associatedMedia\" itemscope itemtype=\"http:\/\/schema.org\/ImageObject\"> <a href=\"https:\/\/develop.olympic.ca\/olympique\/photos\/rio-2016-lequipe-de-soccer-feminine-gagne-le-bronze\/rio-olympics-soccer-women-34\/#main\" border=\"0\" itemprop=\"url\"> <meta itemprop=\"width\" content=\"525\"> <meta itemprop=\"height\" content=\"292\"> <img decoding=\"async\" data-recalc-dims=\"1\" class=\"\" data-attachment-id=\"123768\" data-orig-file=\"https:\/\/develop.olympic.ca\/olympique\/wp-content\/uploads\/sites\/2\/2016\/08\/12611904-e1619034788402.jpg?quality=100\" data-orig-size=\"1333,740\" data-comments-opened=\"1\" data-image-meta=\"{&quot;aperture&quot;:&quot;4&quot;,&quot;credit&quot;:&quot;The Associated Press&quot;,&quot;camera&quot;:&quot;Canon EOS-1D X&quot;,&quot;caption&quot;:&quot;Canada team poses for photos after winning the bronze medal in the women\\u0027s Olympic football tournament between Brazil and Canada at the Arena Corinthians stadium in Sao Paulo, Friday Aug. 19, 2016. (AP Photo\\\/Nelson Antoine)&quot;,&quot;created_timestamp&quot;:&quot;1471627314&quot;,&quot;copyright&quot;:&quot;Copyright 2016 The Associated Press. All rights reserved. This material may not be published, broadcast, rewritten or redistribu&quot;,&quot;focal_length&quot;:&quot;140&quot;,&quot;iso&quot;:&quot;200&quot;,&quot;shutter_speed&quot;:&quot;0.002&quot;,&quot;title&quot;:&quot;Rio Olympics Soccer Women&quot;,&quot;orientation&quot;:&quot;1&quot;}\" data-image-title=\"\u00c9quipe Canada &amp;#8211; \u00c9quipe f\u00e9minine de soccer &amp;#8211; Rio 2016\" data-image-description=\"&lt;p&gt;Les joueuses canadiennes re\u00e7oivent leur m\u00e9daille de bronze suite \u00e0 une victoire contre le Br\u00e9sil au tournoi olympique de soccer f\u00e9minin des Jeux de Rio 2016 \u00e0 Sao Paulo, vendredi le 19 ao\u00fbt 2016. (AP Photo\/Nelson Antoine)&lt;\/p&gt; \" data-medium-file=\"https:\/\/develop.olympic.ca\/olympique\/wp-content\/uploads\/sites\/2\/2016\/08\/12611904-e1619034788402.jpg?quality=100&#038;w=660\" data-large-file=\"https:\/\/develop.olympic.ca\/olympique\/wp-content\/uploads\/sites\/2\/2016\/08\/12611904-e1619034788402.jpg?quality=100&#038;w=1333\" src=\"https:\/\/develop.olympic.ca\/olympique\/wp-content\/uploads\/sites\/2\/2016\/08\/12611904-e1619034788402.jpg?quality=100&#038;w=525&#038;h=292&#038;strip&#038;resize=525%2C292\" srcset=\"https:\/\/develop.olympic.ca\/olympique\/wp-content\/uploads\/sites\/2\/2016\/08\/12611904-e1619034788402.jpg 1333w, https:\/\/develop.olympic.ca\/olympique\/wp-content\/uploads\/sites\/2\/2016\/08\/12611904-e1619034788402.jpg?resize=280,155 280w, https:\/\/develop.olympic.ca\/olympique\/wp-content\/uploads\/sites\/2\/2016\/08\/12611904-e1619034788402.jpg?resize=660,366 660w, https:\/\/develop.olympic.ca\/olympique\/wp-content\/uploads\/sites\/2\/2016\/08\/12611904-e1619034788402.jpg?resize=768,426 768w\" width=\"525\" height=\"292\" loading=\"lazy\" data-original-width=\"525\" data-original-height=\"292\" itemprop=\"http:\/\/schema.org\/image\" title=\"\u00c9quipe Canada - \u00c9quipe f\u00e9minine de soccer - Rio 2016\" alt=\"Les joueuses canadiennes re\u00e7oivent leur m\u00e9daille de bronze suite \u00e0 une victoire contre le Br\u00e9sil au tournoi olympique de soccer f\u00e9minin des Jeux de Rio 2016 \u00e0 Sao Paulo.\" style=\"width: 525px; height: 292px;\" \/> <\/a> <div class=\"tiled-gallery-caption\" itemprop=\"caption description\"> Les joueuses canadiennes re\u00e7oivent leurs m\u00e9dailles de bronze suite \u00e0 une victoire contre le Br\u00e9sil au tournoi olympique de soccer f\u00e9minin des Jeux de Rio 2016 \u00e0 Sao Paulo, vendredi le 19 ao\u00fbt 2016. (AP Photo\/Nelson Antoine) <\/div> <\/div> <\/div> <!-- close group --> <div class=\"gallery-group images-1\" style=\"width: 399px; height: 296px;\" data-original-width=\"399\" data-original-height=\"296\" > <div class=\"tiled-gallery-item tiled-gallery-item-large\" itemprop=\"associatedMedia\" itemscope itemtype=\"http:\/\/schema.org\/ImageObject\"> <a href=\"https:\/\/develop.olympic.ca\/olympique\/photos\/rio-2016-lequipe-de-soccer-feminine-gagne-le-bronze\/rio-olympics-soccer-women-30\/#main\" border=\"0\" itemprop=\"url\"> <meta itemprop=\"width\" content=\"395\"> <meta itemprop=\"height\" content=\"292\"> <img decoding=\"async\" data-recalc-dims=\"1\" class=\"\" data-attachment-id=\"123722\" data-orig-file=\"https:\/\/develop.olympic.ca\/olympique\/wp-content\/uploads\/sites\/2\/2016\/08\/12611173-e1471629062923.jpg?quality=100\" data-orig-size=\"1340,989\" data-comments-opened=\"1\" data-image-meta=\"{&quot;aperture&quot;:&quot;2.8&quot;,&quot;credit&quot;:&quot;The Associated Press&quot;,&quot;camera&quot;:&quot;Canon EOS-1D X&quot;,&quot;caption&quot;:&quot;Canada players celebrates after Christine Sinclair scoring their side\\u0027s second goal during the bronze medal match of the women\\u0027s Olympic football tournament between Brazil and Canada at the Arena Corinthians stadium in Sao Paulo, Friday Aug. 19, 2016. (AP Photo\\\/Nelson Antoine)&quot;,&quot;created_timestamp&quot;:&quot;1471626466&quot;,&quot;copyright&quot;:&quot;Copyright 2016 The Associated Press. All rights reserved. This material may not be published, broadcast, rewritten or redistribu&quot;,&quot;focal_length&quot;:&quot;400&quot;,&quot;iso&quot;:&quot;200&quot;,&quot;shutter_speed&quot;:&quot;0.002&quot;,&quot;title&quot;:&quot;Rio Olympics Soccer Women&quot;,&quot;orientation&quot;:&quot;1&quot;}\" data-image-title=\"Rio Olympics Soccer Women\" data-image-description=\"\" data-medium-file=\"https:\/\/develop.olympic.ca\/olympique\/wp-content\/uploads\/sites\/2\/2016\/08\/12611173-e1471629062923.jpg?quality=100&#038;w=503\" data-large-file=\"https:\/\/develop.olympic.ca\/olympique\/wp-content\/uploads\/sites\/2\/2016\/08\/12611173-e1471629062923.jpg?quality=100&#038;w=1022\" src=\"https:\/\/develop.olympic.ca\/olympique\/wp-content\/uploads\/sites\/2\/2016\/08\/12611173-e1471629062923.jpg?quality=100&#038;w=395&#038;h=292&#038;strip&#038;resize=395%2C292\" srcset=\"https:\/\/develop.olympic.ca\/olympique\/wp-content\/uploads\/sites\/2\/2016\/08\/12611173-e1471629062923.jpg 1340w, https:\/\/develop.olympic.ca\/olympique\/wp-content\/uploads\/sites\/2\/2016\/08\/12611173-e1471629062923.jpg?resize=214,158 214w, https:\/\/develop.olympic.ca\/olympique\/wp-content\/uploads\/sites\/2\/2016\/08\/12611173-e1471629062923.jpg?resize=503,371 503w, https:\/\/develop.olympic.ca\/olympique\/wp-content\/uploads\/sites\/2\/2016\/08\/12611173-e1471629062923.jpg?resize=768,567 768w, https:\/\/develop.olympic.ca\/olympique\/wp-content\/uploads\/sites\/2\/2016\/08\/12611173-e1471629062923.jpg?resize=1022,754 1022w\" width=\"395\" height=\"292\" loading=\"lazy\" data-original-width=\"395\" data-original-height=\"292\" itemprop=\"http:\/\/schema.org\/image\" title=\"Rio Olympics Soccer Women\" alt=\"Les joueuses canadiennes c\u00e9l\u00e8brent apr\u00e8s le but de Christine Sinclair lors du match de m\u00e9daille de bronze du tournoi olympique de soccer f\u00e9minin des Jeux de Rio 2016 \u00e0 Sao Paulo, vendredi le 19 ao\u00fbt 2016. (AP Photo\/Nelson Antoine)\" style=\"width: 395px; height: 292px;\" \/> <\/a> <div class=\"tiled-gallery-caption\" itemprop=\"caption description\"> Les joueuses canadiennes c\u00e9l\u00e8brent apr\u00e8s le but de Christine Sinclair lors du match de m\u00e9daille de bronze du tournoi olympique de soccer f\u00e9minin des Jeux de Rio 2016 \u00e0 Sao Paulo, vendredi le 19 ao\u00fbt 2016. (AP Photo\/Nelson Antoine) <\/div> <\/div> <\/div> <!-- close group --> <div class=\"gallery-group images-1\" style=\"width: 432px; height: 296px;\" data-original-width=\"432\" data-original-height=\"296\" > <div class=\"tiled-gallery-item tiled-gallery-item-large\" itemprop=\"associatedMedia\" itemscope itemtype=\"http:\/\/schema.org\/ImageObject\"> <a href=\"https:\/\/develop.olympic.ca\/olympique\/photos\/une-medaille-en-or-pour-erica-wiebe\/ericawiebe_75kg_gold_davidjacksonphoto-9-2\/#main\" border=\"0\" itemprop=\"url\"> <meta itemprop=\"width\" content=\"428\"> <meta itemprop=\"height\" content=\"292\"> <img decoding=\"async\" data-recalc-dims=\"1\" class=\"\" data-attachment-id=\"123543\" data-orig-file=\"https:\/\/develop.olympic.ca\/olympique\/wp-content\/uploads\/sites\/2\/2016\/08\/ericawiebe_75kg_gold_davidjacksonphoto-9-2-e1471560086652.jpg?quality=100\" data-orig-size=\"1340,914\" data-comments-opened=\"1\" data-image-meta=\"{&quot;aperture&quot;:&quot;4&quot;,&quot;credit&quot;:&quot;Jason Ransom&quot;,&quot;camera&quot;:&quot;Canon EOS-1D X Mark II&quot;,&quot;caption&quot;:&quot;&quot;,&quot;created_timestamp&quot;:&quot;1471541466&quot;,&quot;copyright&quot;:&quot;Canadian Olympic Committee&quot;,&quot;focal_length&quot;:&quot;266&quot;,&quot;iso&quot;:&quot;5000&quot;,&quot;shutter_speed&quot;:&quot;0.0005&quot;,&quot;title&quot;:&quot;&quot;,&quot;orientation&quot;:&quot;0&quot;}\" data-image-title=\"Rio 2016: Erica Wiebe\" data-image-description=\"&lt;p&gt;Erica Wiebe c\u00e9l\u00e8bre sa m\u00e9daille d&amp;rsquo;or chez les 75 kg en lutte, obtenue contre la Kazakhe Guzel Manyurova, le 18 ao\u00fbt 2016. COC Jason Ransom&lt;\/p&gt; \" data-medium-file=\"https:\/\/develop.olympic.ca\/olympique\/wp-content\/uploads\/sites\/2\/2016\/08\/ericawiebe_75kg_gold_davidjacksonphoto-9-2-e1471560086652.jpg?quality=100&#038;w=544\" data-large-file=\"https:\/\/develop.olympic.ca\/olympique\/wp-content\/uploads\/sites\/2\/2016\/08\/ericawiebe_75kg_gold_davidjacksonphoto-9-2-e1471560086652.jpg?quality=100&#038;w=1105\" src=\"https:\/\/develop.olympic.ca\/olympique\/wp-content\/uploads\/sites\/2\/2016\/08\/ericawiebe_75kg_gold_davidjacksonphoto-9-2-e1471560086652.jpg?quality=100&#038;w=428&#038;h=292&#038;strip&#038;resize=428%2C292\" srcset=\"https:\/\/develop.olympic.ca\/olympique\/wp-content\/uploads\/sites\/2\/2016\/08\/ericawiebe_75kg_gold_davidjacksonphoto-9-2-e1471560086652.jpg 1340w, https:\/\/develop.olympic.ca\/olympique\/wp-content\/uploads\/sites\/2\/2016\/08\/ericawiebe_75kg_gold_davidjacksonphoto-9-2-e1471560086652.jpg?resize=232,158 232w, https:\/\/develop.olympic.ca\/olympique\/wp-content\/uploads\/sites\/2\/2016\/08\/ericawiebe_75kg_gold_davidjacksonphoto-9-2-e1471560086652.jpg?resize=544,371 544w, https:\/\/develop.olympic.ca\/olympique\/wp-content\/uploads\/sites\/2\/2016\/08\/ericawiebe_75kg_gold_davidjacksonphoto-9-2-e1471560086652.jpg?resize=768,524 768w, https:\/\/develop.olympic.ca\/olympique\/wp-content\/uploads\/sites\/2\/2016\/08\/ericawiebe_75kg_gold_davidjacksonphoto-9-2-e1471560086652.jpg?resize=1105,754 1105w\" width=\"428\" height=\"292\" loading=\"lazy\" data-original-width=\"428\" data-original-height=\"292\" itemprop=\"http:\/\/schema.org\/image\" title=\"Rio 2016: Erica Wiebe\" alt=\"Rio 2016: Erica Wiebe\" style=\"width: 428px; height: 292px;\" \/> <\/a> <div class=\"tiled-gallery-caption\" itemprop=\"caption description\"> Erica Wiebe c\u00e9l\u00e8bre sa m\u00e9daille d&rsquo;or chez les 75 kg en lutte, obtenue contre la Kazakhe Guzel Manyurova, le 18 ao\u00fbt 2016. COC Jason Ransom <\/div> <\/div> <\/div> <!-- close group --> <\/div> <!-- close row --> <div class=\"gallery-row\" style=\"width: 1360px; height: 449px;\" data-original-width=\"1360\" data-original-height=\"449\" > <div class=\"gallery-group images-1\" style=\"width: 796px; height: 449px;\" data-original-width=\"796\" data-original-height=\"449\" > <div class=\"tiled-gallery-item tiled-gallery-item-large\" itemprop=\"associatedMedia\" itemscope itemtype=\"http:\/\/schema.org\/ImageObject\"> <a href=\"https:\/\/develop.olympic.ca\/olympique\/2016\/12\/31\/les-16-de-2016-equipe-canada-eblouit-a-rio-2016\/12622487-e1471715625571-2\/#main\" border=\"0\" itemprop=\"url\"> <meta itemprop=\"width\" content=\"792\"> <meta itemprop=\"height\" content=\"445\"> <img decoding=\"async\" data-recalc-dims=\"1\" class=\"\" data-attachment-id=\"125831\" data-orig-file=\"https:\/\/develop.olympic.ca\/olympique\/wp-content\/uploads\/sites\/2\/2016\/12\/12622487-e1471715625571.jpg?quality=100\" data-orig-size=\"1200,674\" data-comments-opened=\"1\" data-image-meta=\"{&quot;aperture&quot;:&quot;0&quot;,&quot;credit&quot;:&quot;&quot;,&quot;camera&quot;:&quot;&quot;,&quot;caption&quot;:&quot;&quot;,&quot;created_timestamp&quot;:&quot;0&quot;,&quot;copyright&quot;:&quot;&quot;,&quot;focal_length&quot;:&quot;0&quot;,&quot;iso&quot;:&quot;0&quot;,&quot;shutter_speed&quot;:&quot;0&quot;,&quot;title&quot;:&quot;&quot;,&quot;orientation&quot;:&quot;0&quot;}\" data-image-title=\"Catharine Pendrel Rio 2016\" data-image-description=\"\" data-medium-file=\"https:\/\/develop.olympic.ca\/olympique\/wp-content\/uploads\/sites\/2\/2016\/12\/12622487-e1471715625571.jpg?quality=100&#038;w=660\" data-large-file=\"https:\/\/develop.olympic.ca\/olympique\/wp-content\/uploads\/sites\/2\/2016\/12\/12622487-e1471715625571.jpg?quality=100&#038;w=1200\" src=\"https:\/\/develop.olympic.ca\/olympique\/wp-content\/uploads\/sites\/2\/2016\/12\/12622487-e1471715625571.jpg?quality=100&#038;w=792&#038;h=445&#038;strip&#038;resize=792%2C445\" srcset=\"https:\/\/develop.olympic.ca\/olympique\/wp-content\/uploads\/sites\/2\/2016\/12\/12622487-e1471715625571.jpg 1200w, https:\/\/develop.olympic.ca\/olympique\/wp-content\/uploads\/sites\/2\/2016\/12\/12622487-e1471715625571.jpg?resize=280,158 280w, https:\/\/develop.olympic.ca\/olympique\/wp-content\/uploads\/sites\/2\/2016\/12\/12622487-e1471715625571.jpg?resize=660,371 660w, https:\/\/develop.olympic.ca\/olympique\/wp-content\/uploads\/sites\/2\/2016\/12\/12622487-e1471715625571.jpg?resize=768,431 768w\" width=\"792\" height=\"445\" loading=\"lazy\" data-original-width=\"792\" data-original-height=\"445\" itemprop=\"http:\/\/schema.org\/image\" title=\"Catharine Pendrel Rio 2016\" alt=\"La Canadienne Catharine Pendrel c\u00e9l\u00e8bre son premier podium olympique en v\u00e9lo de montagne samedi le 20 ao\u00fbt 2016 \u00e0 Rio de Janeiro, Br\u00e9sil. THE CANADIAN PRESS\/Sean Kilpatrick\" style=\"width: 792px; height: 445px;\" \/> <\/a> <div class=\"tiled-gallery-caption\" itemprop=\"caption description\"> La Canadienne Catharine Pendrel c\u00e9l\u00e8bre son premier podium olympique en v\u00e9lo de montagne samedi le 20 ao\u00fbt 2016 \u00e0 Rio de Janeiro, Br\u00e9sil. THE CANADIAN PRESS\/Sean Kilpatrick <\/div> <\/div> <\/div> <!-- close group --> <div class=\"gallery-group images-1\" style=\"width: 564px; height: 449px;\" data-original-width=\"564\" data-original-height=\"449\" > <div class=\"tiled-gallery-item tiled-gallery-item-large\" itemprop=\"associatedMedia\" itemscope itemtype=\"http:\/\/schema.org\/ImageObject\"> <a href=\"https:\/\/develop.olympic.ca\/olympique\/2016\/08\/17\/rio-2016-resume-du-jour-11\/rio-olympics-equestrian-3\/#main\" border=\"0\" itemprop=\"url\"> <meta itemprop=\"width\" content=\"560\"> <meta itemprop=\"height\" content=\"445\"> <img decoding=\"async\" data-recalc-dims=\"1\" class=\"\" data-attachment-id=\"123007\" data-orig-file=\"https:\/\/develop.olympic.ca\/olympique\/wp-content\/uploads\/sites\/2\/2016\/08\/12571037.jpg?quality=100\" data-orig-size=\"3915,3113\" data-comments-opened=\"1\" data-image-meta=\"{&quot;aperture&quot;:&quot;4&quot;,&quot;credit&quot;:&quot;The Associated Press&quot;,&quot;camera&quot;:&quot;Canon EOS-1D X Mark II&quot;,&quot;caption&quot;:&quot;Canada\\u0027s Eric Lamaze, riding Fine Lady 5, competes in the equestrian jumping competition at the 2016 Summer Olympics in Rio de Janeiro, Brazil, Tuesday, Aug. 16, 2016. (AP Photo\\\/John Locher)&quot;,&quot;created_timestamp&quot;:&quot;1471364534&quot;,&quot;copyright&quot;:&quot;Copyright 2016 The Associated Press. All rights reserved. This material may not be published, broadcast, rewritten or redistribu&quot;,&quot;focal_length&quot;:&quot;286&quot;,&quot;iso&quot;:&quot;320&quot;,&quot;shutter_speed&quot;:&quot;0.0004&quot;,&quot;title&quot;:&quot;Rio Olympics Equestrian&quot;,&quot;orientation&quot;:&quot;1&quot;}\" data-image-title=\"Rio Olympics Equestrian\" data-image-description=\"&lt;p&gt;Eric Lamaze et Fine Lady 5 ont une fois de plus \u00e9t\u00e9 parfaits, mardi, au Centre olympique d&amp;rsquo;\u00e9quitation. &lt;\/p&gt; \" data-medium-file=\"https:\/\/develop.olympic.ca\/olympique\/wp-content\/uploads\/sites\/2\/2016\/08\/12571037.jpg?quality=100&#038;w=467\" data-large-file=\"https:\/\/develop.olympic.ca\/olympique\/wp-content\/uploads\/sites\/2\/2016\/08\/12571037.jpg?quality=100&#038;w=948\" src=\"https:\/\/develop.olympic.ca\/olympique\/wp-content\/uploads\/sites\/2\/2016\/08\/12571037.jpg?quality=100&#038;w=560&#038;h=445&#038;strip&#038;resize=560%2C445\" srcset=\"https:\/\/develop.olympic.ca\/olympique\/wp-content\/uploads\/sites\/2\/2016\/08\/12571037.jpg 3915w, https:\/\/develop.olympic.ca\/olympique\/wp-content\/uploads\/sites\/2\/2016\/08\/12571037.jpg?resize=199,158 199w, https:\/\/develop.olympic.ca\/olympique\/wp-content\/uploads\/sites\/2\/2016\/08\/12571037.jpg?resize=467,371 467w, https:\/\/develop.olympic.ca\/olympique\/wp-content\/uploads\/sites\/2\/2016\/08\/12571037.jpg?resize=768,611 768w, https:\/\/develop.olympic.ca\/olympique\/wp-content\/uploads\/sites\/2\/2016\/08\/12571037.jpg?resize=948,754 948w, https:\/\/develop.olympic.ca\/olympique\/wp-content\/uploads\/sites\/2\/2016\/08\/12571037.jpg?resize=1536,1221 1536w, https:\/\/develop.olympic.ca\/olympique\/wp-content\/uploads\/sites\/2\/2016\/08\/12571037.jpg?resize=2048,1628 2048w\" width=\"560\" height=\"445\" loading=\"lazy\" data-original-width=\"560\" data-original-height=\"445\" itemprop=\"http:\/\/schema.org\/image\" title=\"Rio Olympics Equestrian\" alt=\"Eric Lamaze et Fine Lady 5 ont une fois de plus \u00e9t\u00e9 parfaits, mardi, au Centre olympique d&#039;\u00e9quitation.\" style=\"width: 560px; height: 445px;\" \/> <\/a> <div class=\"tiled-gallery-caption\" itemprop=\"caption description\"> Eric Lamaze et Fine Lady 5 durant la finale du saut d&rsquo;obstacles aux Jeux olympiques de Rio, le 19 ao\u00fbt 2016. (Photo: Mark Blinch) <\/div> <\/div> <\/div> <!-- close group --> <\/div> <!-- close row --> <\/div>\n<p>En tout, le Canada a gagn\u00e9 22 m\u00e9dailles, pour \u00e9galiser son record \u00e0 des Jeux d\u2019\u00e9t\u00e9 non boycott\u00e9s, soit <a href=\"http:\/\/develop.olympic.ca\/olympique\/games\/1996-atlanta\/\">Atlanta\u00a01996<\/a>, mais sa r\u00e9colte \u00e0 Rio compte une m\u00e9daille d\u2019or de plus.<\/p>\n<p>Voil\u00e0 des Jeux dignes des livres de records.<\/p>\n<p><a class=\"twitter-moment\" data-width=\"1360\" data-dnt=\"true\" href=\"https:\/\/twitter.com\/i\/moments\/806951134816411649?ref_src=twsrc%5Etfw\">#ThisHappened: #TeamCanada won 22 Olympic medals at Rio 2016. <\/a><script async src=\"https:\/\/platform.twitter.com\/widgets.js\" charset=\"utf-8\"><\/script><\/p>\n","protected":false},"excerpt":{"rendered":"<p>Avec l\u2019ann\u00e9e qui tire \u00e0 sa fin, Olympique.ca fait\u00a0une r\u00e9trospective des 16 r\u00e9cits les plus m\u00e9morables d\u2019\u00c9quipe Canada en 2016\u00a0avec&#8230;<\/p>\n","protected":false},"author":52435451,"featured_media":125832,"comment_status":"open","ping_status":"closed","sticky":false,"template":"","format":"standard","meta":{"_acf_changed":false,"_crdt_document":"","_jetpack_memberships_contains_paid_content":false,"footnotes":""},"categories":[1],"tags":[415984441,415984442,713425],"post_format":"standard","sport":[],"game":[],"coauthors":[197557601],"class_list":["post-125827","post","type-post","status-publish","format-standard","has-post-thumbnail","hentry","category-uncategorized","tag-16-de-2016","tag-16de2016","tag-rio-2016"],"acf":[],"yoast_head":"<!-- This site is optimized with the Yoast SEO plugin v27.3 - https:\/\/yoast.com\/product\/yoast-seo-wordpress\/ -->\n<title>Les 16 de 2016\u00a0: \u00c9quipe Canada \u00e9blouit \u00e0 Rio 2016 - \u00c9quipe Canada | Site officiel de l&#039;\u00e9quipe olympique<\/title>\n<meta name=\"robots\" content=\"index, follow, max-snippet:-1, max-image-preview:large, max-video-preview:-1\" \/>\n<link rel=\"canonical\" href=\"https:\/\/develop.olympic.ca\/olympique\/2016\/12\/31\/les-16-de-2016-equipe-canada-eblouit-a-rio-2016\/\" \/>\n<meta property=\"og:locale\" content=\"fr_FR\" \/>\n<meta property=\"og:type\" content=\"article\" \/>\n<meta property=\"og:title\" content=\"Les 16 de 2016\u00a0: \u00c9quipe Canada \u00e9blouit \u00e0 Rio 2016 - \u00c9quipe Canada | Site officiel de l&#039;\u00e9quipe olympique\" \/>\n<meta property=\"og:description\" content=\"Avec l\u2019ann\u00e9e qui tire \u00e0 sa fin, Olympique.ca fait\u00a0une r\u00e9trospective des 16 r\u00e9cits les plus m\u00e9morables d\u2019\u00c9quipe Canada en 2016\u00a0avec...\" \/>\n<meta property=\"og:url\" content=\"https:\/\/develop.olympic.ca\/olympique\/2016\/12\/31\/les-16-de-2016-equipe-canada-eblouit-a-rio-2016\/\" \/>\n<meta property=\"og:site_name\" content=\"\u00c9quipe Canada | Site officiel de l&#039;\u00e9quipe olympique\" \/>\n<meta property=\"article:published_time\" content=\"2016-12-31T14:25:04+00:00\" \/>\n<meta property=\"article:modified_time\" content=\"2021-10-20T20:23:29+00:00\" \/>\n<meta property=\"og:image\" content=\"https:\/\/develop.olympic.ca\/olympique\/wp-content\/uploads\/sites\/2\/2016\/12\/16-of_16_performance_fr.jpg?quality=100\" \/>\n\t<meta property=\"og:image:width\" content=\"1340\" \/>\n\t<meta property=\"og:image:height\" content=\"754\" \/>\n\t<meta property=\"og:image:type\" content=\"image\/jpeg\" \/>\n<meta name=\"author\" content=\"Paula Nichols\" \/>\n<meta name=\"twitter:card\" content=\"summary_large_image\" \/>\n<meta name=\"twitter:label1\" content=\"Written by\" \/>\n\t<meta name=\"twitter:data1\" content=\"Paula Nichols\" \/>\n\t<meta name=\"twitter:label2\" content=\"Est. reading time\" \/>\n\t<meta name=\"twitter:data2\" content=\"4 minutes\" \/>\n<script type=\"application\/ld+json\" class=\"yoast-schema-graph\">{\"@context\":\"https:\\\/\\\/schema.org\",\"@graph\":[{\"@type\":\"Article\",\"@id\":\"https:\\\/\\\/develop.olympic.ca\\\/olympique\\\/2016\\\/12\\\/31\\\/les-16-de-2016-equipe-canada-eblouit-a-rio-2016\\\/#article\",\"isPartOf\":{\"@id\":\"https:\\\/\\\/develop.olympic.ca\\\/olympique\\\/2016\\\/12\\\/31\\\/les-16-de-2016-equipe-canada-eblouit-a-rio-2016\\\/\"},\"author\":{\"name\":\"Paula Nichols\",\"@id\":\"https:\\\/\\\/develop.olympic.ca\\\/olympique\\\/#\\\/schema\\\/person\\\/3c314bd10dc37d246fe1858c04d5089c\"},\"headline\":\"Les 16 de 2016\u00a0: \u00c9quipe Canada \u00e9blouit \u00e0 Rio 2016\",\"datePublished\":\"2016-12-31T14:25:04+00:00\",\"dateModified\":\"2021-10-20T20:23:29+00:00\",\"mainEntityOfPage\":{\"@id\":\"https:\\\/\\\/develop.olympic.ca\\\/olympique\\\/2016\\\/12\\\/31\\\/les-16-de-2016-equipe-canada-eblouit-a-rio-2016\\\/\"},\"wordCount\":755,\"commentCount\":0,\"image\":{\"@id\":\"https:\\\/\\\/develop.olympic.ca\\\/olympique\\\/2016\\\/12\\\/31\\\/les-16-de-2016-equipe-canada-eblouit-a-rio-2016\\\/#primaryimage\"},\"thumbnailUrl\":\"https:\\\/\\\/develop.olympic.ca\\\/olympique\\\/wp-content\\\/uploads\\\/sites\\\/2\\\/2016\\\/12\\\/16-of_16_performance_fr.jpg?quality=100\",\"keywords\":[\"16 de 2016\",\"16de2016\",\"Rio 2016\"],\"articleSection\":[\"Uncategorized\"],\"inLanguage\":\"fr-FR\",\"potentialAction\":[{\"@type\":\"CommentAction\",\"name\":\"Comment\",\"target\":[\"https:\\\/\\\/develop.olympic.ca\\\/olympique\\\/2016\\\/12\\\/31\\\/les-16-de-2016-equipe-canada-eblouit-a-rio-2016\\\/#respond\"]}]},{\"@type\":\"WebPage\",\"@id\":\"https:\\\/\\\/develop.olympic.ca\\\/olympique\\\/2016\\\/12\\\/31\\\/les-16-de-2016-equipe-canada-eblouit-a-rio-2016\\\/\",\"url\":\"https:\\\/\\\/develop.olympic.ca\\\/olympique\\\/2016\\\/12\\\/31\\\/les-16-de-2016-equipe-canada-eblouit-a-rio-2016\\\/\",\"name\":\"Les 16 de 2016\u00a0: \u00c9quipe Canada \u00e9blouit \u00e0 Rio 2016 - \u00c9quipe Canada | Site officiel de l&#039;\u00e9quipe olympique\",\"isPartOf\":{\"@id\":\"https:\\\/\\\/develop.olympic.ca\\\/olympique\\\/#website\"},\"primaryImageOfPage\":{\"@id\":\"https:\\\/\\\/develop.olympic.ca\\\/olympique\\\/2016\\\/12\\\/31\\\/les-16-de-2016-equipe-canada-eblouit-a-rio-2016\\\/#primaryimage\"},\"image\":{\"@id\":\"https:\\\/\\\/develop.olympic.ca\\\/olympique\\\/2016\\\/12\\\/31\\\/les-16-de-2016-equipe-canada-eblouit-a-rio-2016\\\/#primaryimage\"},\"thumbnailUrl\":\"https:\\\/\\\/develop.olympic.ca\\\/olympique\\\/wp-content\\\/uploads\\\/sites\\\/2\\\/2016\\\/12\\\/16-of_16_performance_fr.jpg?quality=100\",\"datePublished\":\"2016-12-31T14:25:04+00:00\",\"dateModified\":\"2021-10-20T20:23:29+00:00\",\"author\":{\"@id\":\"https:\\\/\\\/develop.olympic.ca\\\/olympique\\\/#\\\/schema\\\/person\\\/3c314bd10dc37d246fe1858c04d5089c\"},\"inLanguage\":\"fr-FR\",\"potentialAction\":[{\"@type\":\"ReadAction\",\"target\":[\"https:\\\/\\\/develop.olympic.ca\\\/olympique\\\/2016\\\/12\\\/31\\\/les-16-de-2016-equipe-canada-eblouit-a-rio-2016\\\/\"]}]},{\"@type\":\"ImageObject\",\"inLanguage\":\"fr-FR\",\"@id\":\"https:\\\/\\\/develop.olympic.ca\\\/olympique\\\/2016\\\/12\\\/31\\\/les-16-de-2016-equipe-canada-eblouit-a-rio-2016\\\/#primaryimage\",\"url\":\"https:\\\/\\\/develop.olympic.ca\\\/olympique\\\/wp-content\\\/uploads\\\/sites\\\/2\\\/2016\\\/12\\\/16-of_16_performance_fr.jpg?quality=100\",\"contentUrl\":\"https:\\\/\\\/develop.olympic.ca\\\/olympique\\\/wp-content\\\/uploads\\\/sites\\\/2\\\/2016\\\/12\\\/16-of_16_performance_fr.jpg?quality=100\",\"width\":1340,\"height\":754},{\"@type\":\"WebSite\",\"@id\":\"https:\\\/\\\/develop.olympic.ca\\\/olympique\\\/#website\",\"url\":\"https:\\\/\\\/develop.olympic.ca\\\/olympique\\\/\",\"name\":\"\u00c9quipe Canada | Site officiel de l&#039;\u00e9quipe olympique\",\"description\":\"Votre source pour l\u2019\u00c9quipe olympique canadienne. Retrouvez les r\u00e9cits, vid\u00e9os et photos des athl\u00e8tes canadiens, sports olympiques, Jeux olympiques de 2020 et bien plus!\",\"potentialAction\":[{\"@type\":\"SearchAction\",\"target\":{\"@type\":\"EntryPoint\",\"urlTemplate\":\"https:\\\/\\\/develop.olympic.ca\\\/olympique\\\/?s={search_term_string}\"},\"query-input\":{\"@type\":\"PropertyValueSpecification\",\"valueRequired\":true,\"valueName\":\"search_term_string\"}}],\"inLanguage\":\"fr-FR\"},{\"@type\":\"Person\",\"@id\":\"https:\\\/\\\/develop.olympic.ca\\\/olympique\\\/#\\\/schema\\\/person\\\/3c314bd10dc37d246fe1858c04d5089c\",\"name\":\"Paula Nichols\",\"image\":{\"@type\":\"ImageObject\",\"inLanguage\":\"fr-FR\",\"@id\":\"https:\\\/\\\/secure.gravatar.com\\\/avatar\\\/83aa2ad476fcd1071d58a474c9a2f51716b807e2406ca3aeaa032882e7f0346a?s=96&d=identicon&r=gf6876353c4226c9b0e52b96b76e72cac\",\"url\":\"https:\\\/\\\/secure.gravatar.com\\\/avatar\\\/83aa2ad476fcd1071d58a474c9a2f51716b807e2406ca3aeaa032882e7f0346a?s=96&d=identicon&r=g\",\"contentUrl\":\"https:\\\/\\\/secure.gravatar.com\\\/avatar\\\/83aa2ad476fcd1071d58a474c9a2f51716b807e2406ca3aeaa032882e7f0346a?s=96&d=identicon&r=g\",\"caption\":\"Paula Nichols\"},\"description\":\"Manager of Content and Research for the Canadian Olympic Committee and a lifelong fan of the Olympic Games and the athletes who compete at them.\",\"sameAs\":[\"pnichols\"],\"url\":\"https:\\\/\\\/develop.olympic.ca\\\/olympique\\\/author\\\/pnichols\\\/\"}]}<\/script>\n<!-- \/ Yoast SEO plugin. -->","yoast_head_json":{"title":"Les 16 de 2016\u00a0: \u00c9quipe Canada \u00e9blouit \u00e0 Rio 2016 - \u00c9quipe Canada | Site officiel de l&#039;\u00e9quipe olympique","robots":{"index":"index","follow":"follow","max-snippet":"max-snippet:-1","max-image-preview":"max-image-preview:large","max-video-preview":"max-video-preview:-1"},"canonical":"https:\/\/develop.olympic.ca\/olympique\/2016\/12\/31\/les-16-de-2016-equipe-canada-eblouit-a-rio-2016\/","og_locale":"fr_FR","og_type":"article","og_title":"Les 16 de 2016\u00a0: \u00c9quipe Canada \u00e9blouit \u00e0 Rio 2016 - \u00c9quipe Canada | Site officiel de l&#039;\u00e9quipe olympique","og_description":"Avec l\u2019ann\u00e9e qui tire \u00e0 sa fin, Olympique.ca fait\u00a0une r\u00e9trospective des 16 r\u00e9cits les plus m\u00e9morables d\u2019\u00c9quipe Canada en 2016\u00a0avec...","og_url":"https:\/\/develop.olympic.ca\/olympique\/2016\/12\/31\/les-16-de-2016-equipe-canada-eblouit-a-rio-2016\/","og_site_name":"\u00c9quipe Canada | Site officiel de l&#039;\u00e9quipe olympique","article_published_time":"2016-12-31T14:25:04+00:00","article_modified_time":"2021-10-20T20:23:29+00:00","og_image":[{"width":1340,"height":754,"url":"https:\/\/develop.olympic.ca\/olympique\/wp-content\/uploads\/sites\/2\/2016\/12\/16-of_16_performance_fr.jpg?quality=100","type":"image\/jpeg"}],"author":"Paula Nichols","twitter_card":"summary_large_image","twitter_misc":{"Written by":"Paula Nichols","Est. reading time":"4 minutes"},"schema":{"@context":"https:\/\/schema.org","@graph":[{"@type":"Article","@id":"https:\/\/develop.olympic.ca\/olympique\/2016\/12\/31\/les-16-de-2016-equipe-canada-eblouit-a-rio-2016\/#article","isPartOf":{"@id":"https:\/\/develop.olympic.ca\/olympique\/2016\/12\/31\/les-16-de-2016-equipe-canada-eblouit-a-rio-2016\/"},"author":{"name":"Paula Nichols","@id":"https:\/\/develop.olympic.ca\/olympique\/#\/schema\/person\/3c314bd10dc37d246fe1858c04d5089c"},"headline":"Les 16 de 2016\u00a0: \u00c9quipe Canada \u00e9blouit \u00e0 Rio 2016","datePublished":"2016-12-31T14:25:04+00:00","dateModified":"2021-10-20T20:23:29+00:00","mainEntityOfPage":{"@id":"https:\/\/develop.olympic.ca\/olympique\/2016\/12\/31\/les-16-de-2016-equipe-canada-eblouit-a-rio-2016\/"},"wordCount":755,"commentCount":0,"image":{"@id":"https:\/\/develop.olympic.ca\/olympique\/2016\/12\/31\/les-16-de-2016-equipe-canada-eblouit-a-rio-2016\/#primaryimage"},"thumbnailUrl":"https:\/\/develop.olympic.ca\/olympique\/wp-content\/uploads\/sites\/2\/2016\/12\/16-of_16_performance_fr.jpg?quality=100","keywords":["16 de 2016","16de2016","Rio 2016"],"articleSection":["Uncategorized"],"inLanguage":"fr-FR","potentialAction":[{"@type":"CommentAction","name":"Comment","target":["https:\/\/develop.olympic.ca\/olympique\/2016\/12\/31\/les-16-de-2016-equipe-canada-eblouit-a-rio-2016\/#respond"]}]},{"@type":"WebPage","@id":"https:\/\/develop.olympic.ca\/olympique\/2016\/12\/31\/les-16-de-2016-equipe-canada-eblouit-a-rio-2016\/","url":"https:\/\/develop.olympic.ca\/olympique\/2016\/12\/31\/les-16-de-2016-equipe-canada-eblouit-a-rio-2016\/","name":"Les 16 de 2016\u00a0: \u00c9quipe Canada \u00e9blouit \u00e0 Rio 2016 - \u00c9quipe Canada | Site officiel de l&#039;\u00e9quipe olympique","isPartOf":{"@id":"https:\/\/develop.olympic.ca\/olympique\/#website"},"primaryImageOfPage":{"@id":"https:\/\/develop.olympic.ca\/olympique\/2016\/12\/31\/les-16-de-2016-equipe-canada-eblouit-a-rio-2016\/#primaryimage"},"image":{"@id":"https:\/\/develop.olympic.ca\/olympique\/2016\/12\/31\/les-16-de-2016-equipe-canada-eblouit-a-rio-2016\/#primaryimage"},"thumbnailUrl":"https:\/\/develop.olympic.ca\/olympique\/wp-content\/uploads\/sites\/2\/2016\/12\/16-of_16_performance_fr.jpg?quality=100","datePublished":"2016-12-31T14:25:04+00:00","dateModified":"2021-10-20T20:23:29+00:00","author":{"@id":"https:\/\/develop.olympic.ca\/olympique\/#\/schema\/person\/3c314bd10dc37d246fe1858c04d5089c"},"inLanguage":"fr-FR","potentialAction":[{"@type":"ReadAction","target":["https:\/\/develop.olympic.ca\/olympique\/2016\/12\/31\/les-16-de-2016-equipe-canada-eblouit-a-rio-2016\/"]}]},{"@type":"ImageObject","inLanguage":"fr-FR","@id":"https:\/\/develop.olympic.ca\/olympique\/2016\/12\/31\/les-16-de-2016-equipe-canada-eblouit-a-rio-2016\/#primaryimage","url":"https:\/\/develop.olympic.ca\/olympique\/wp-content\/uploads\/sites\/2\/2016\/12\/16-of_16_performance_fr.jpg?quality=100","contentUrl":"https:\/\/develop.olympic.ca\/olympique\/wp-content\/uploads\/sites\/2\/2016\/12\/16-of_16_performance_fr.jpg?quality=100","width":1340,"height":754},{"@type":"WebSite","@id":"https:\/\/develop.olympic.ca\/olympique\/#website","url":"https:\/\/develop.olympic.ca\/olympique\/","name":"\u00c9quipe Canada | Site officiel de l&#039;\u00e9quipe olympique","description":"Votre source pour l\u2019\u00c9quipe olympique canadienne. Retrouvez les r\u00e9cits, vid\u00e9os et photos des athl\u00e8tes canadiens, sports olympiques, Jeux olympiques de 2020 et bien plus!","potentialAction":[{"@type":"SearchAction","target":{"@type":"EntryPoint","urlTemplate":"https:\/\/develop.olympic.ca\/olympique\/?s={search_term_string}"},"query-input":{"@type":"PropertyValueSpecification","valueRequired":true,"valueName":"search_term_string"}}],"inLanguage":"fr-FR"},{"@type":"Person","@id":"https:\/\/develop.olympic.ca\/olympique\/#\/schema\/person\/3c314bd10dc37d246fe1858c04d5089c","name":"Paula Nichols","image":{"@type":"ImageObject","inLanguage":"fr-FR","@id":"https:\/\/secure.gravatar.com\/avatar\/83aa2ad476fcd1071d58a474c9a2f51716b807e2406ca3aeaa032882e7f0346a?s=96&d=identicon&r=gf6876353c4226c9b0e52b96b76e72cac","url":"https:\/\/secure.gravatar.com\/avatar\/83aa2ad476fcd1071d58a474c9a2f51716b807e2406ca3aeaa032882e7f0346a?s=96&d=identicon&r=g","contentUrl":"https:\/\/secure.gravatar.com\/avatar\/83aa2ad476fcd1071d58a474c9a2f51716b807e2406ca3aeaa032882e7f0346a?s=96&d=identicon&r=g","caption":"Paula Nichols"},"description":"Manager of Content and Research for the Canadian Olympic Committee and a lifelong fan of the Olympic Games and the athletes who compete at them.","sameAs":["pnichols"],"url":"https:\/\/develop.olympic.ca\/olympique\/author\/pnichols\/"}]}},"jetpack_featured_media_url":"https:\/\/develop.olympic.ca\/olympique\/wp-content\/uploads\/sites\/2\/2016\/12\/16-of_16_performance_fr.jpg?quality=100","featured_image_url":"https:\/\/develop.olympic.ca\/olympique\/wp-content\/uploads\/sites\/2\/2016\/12\/16-of_16_performance_fr.jpg?quality=100","author_name":["Paula Nichols"],"category_names":["Uncategorized"],"tag_names":["16 de 2016","16de2016","Rio 2016"],"video_embed_code":"","facebook_video_embed_code":"","jetpack_sharing_enabled":true,"jetpack-related-posts":[],"jetpack_shortlink":"https:\/\/wp.me\/pbmyEP-wJt","_links":{"self":[{"href":"https:\/\/develop.olympic.ca\/olympique\/wp-json\/wp\/v2\/posts\/125827","targetHints":{"allow":["GET"]}}],"collection":[{"href":"https:\/\/develop.olympic.ca\/olympique\/wp-json\/wp\/v2\/posts"}],"about":[{"href":"https:\/\/develop.olympic.ca\/olympique\/wp-json\/wp\/v2\/types\/post"}],"author":[{"embeddable":true,"href":"https:\/\/develop.olympic.ca\/olympique\/wp-json\/wp\/v2\/users\/52435451"}],"replies":[{"embeddable":true,"href":"https:\/\/develop.olympic.ca\/olympique\/wp-json\/wp\/v2\/comments?post=125827"}],"version-history":[{"count":5,"href":"https:\/\/develop.olympic.ca\/olympique\/wp-json\/wp\/v2\/posts\/125827\/revisions"}],"predecessor-version":[{"id":191412,"href":"https:\/\/develop.olympic.ca\/olympique\/wp-json\/wp\/v2\/posts\/125827\/revisions\/191412"}],"wp:featuredmedia":[{"embeddable":true,"href":"https:\/\/develop.olympic.ca\/olympique\/wp-json\/wp\/v2\/media\/125832"}],"wp:attachment":[{"href":"https:\/\/develop.olympic.ca\/olympique\/wp-json\/wp\/v2\/media?parent=125827"}],"wp:term":[{"taxonomy":"category","embeddable":true,"href":"https:\/\/develop.olympic.ca\/olympique\/wp-json\/wp\/v2\/categories?post=125827"},{"taxonomy":"post_tag","embeddable":true,"href":"https:\/\/develop.olympic.ca\/olympique\/wp-json\/wp\/v2\/tags?post=125827"},{"taxonomy":"post_format","embeddable":true,"href":"https:\/\/develop.olympic.ca\/olympique\/wp-json\/wp\/v2\/post_format?post=125827"},{"taxonomy":"sport","embeddable":true,"href":"https:\/\/develop.olympic.ca\/olympique\/wp-json\/wp\/v2\/sport?post=125827"},{"taxonomy":"game","embeddable":true,"href":"https:\/\/develop.olympic.ca\/olympique\/wp-json\/wp\/v2\/game?post=125827"},{"taxonomy":"author","embeddable":true,"href":"https:\/\/develop.olympic.ca\/olympique\/wp-json\/wp\/v2\/coauthors?post=125827"}],"curies":[{"name":"wp","href":"https:\/\/api.w.org\/{rel}","templated":true}]}}