{"id":126241,"date":"2017-02-05T10:32:01","date_gmt":"2017-02-05T15:32:01","guid":{"rendered":"http:\/\/develop.olympic.ca\/olympique\/?p=126241"},"modified":"2017-02-05T10:32:01","modified_gmt":"2017-02-05T15:32:01","slug":"envolez-vous-vers-la-grece-avec-lacadamie-internationale-olympique","status":"publish","type":"post","link":"https:\/\/develop.olympic.ca\/olympique\/2017\/02\/05\/envolez-vous-vers-la-grece-avec-lacadamie-internationale-olympique\/","title":{"rendered":"Envolez-vous vers la Gr\u00e8ce avec l&rsquo;Acadamie internationale olympique"},"content":{"rendered":"<h1>Vous aimeriez voir le berceau des Jeux olympiques?<\/h1>\n<p>\u00c9quipe Canada\u00a0enverra trois Canadiens \u00e2g\u00e9s de 20 \u00e0 35\u00a0ans \u00e0 Olympie, en Gr\u00e8ce, en vue de prendre part\u00a0\u00e0 la session annuelle pour jeunes participants de l\u2019Acad\u00e9mie internationale olympique (AIO).<\/p>\n<div id=\"attachment_126248\" style=\"width: 951px\" class=\"wp-caption alignnone\"><img loading=\"lazy\" decoding=\"async\" aria-describedby=\"caption-attachment-126248\" class=\"size-full wp-image-126248\" src=\"https:\/\/develop.olympic.ca\/wp-content\/uploads\/sites\/2\/2017\/02\/panathenaic-stadium.png\" alt=\"Les participants visitant le lieu des premiers Jeux olympiques de l'\u00e8re moderne. (Photo : COC)\" width=\"941\" height=\"530\" srcset=\"https:\/\/develop.olympic.ca\/olympique\/wp-content\/uploads\/sites\/2\/2017\/02\/panathenaic-stadium.png 941w, https:\/\/develop.olympic.ca\/olympique\/wp-content\/uploads\/sites\/2\/2017\/02\/panathenaic-stadium.png?resize=280,158 280w, https:\/\/develop.olympic.ca\/olympique\/wp-content\/uploads\/sites\/2\/2017\/02\/panathenaic-stadium.png?resize=660,371 660w, https:\/\/develop.olympic.ca\/olympique\/wp-content\/uploads\/sites\/2\/2017\/02\/panathenaic-stadium.png?resize=768,433 768w\" sizes=\"(max-width: 941px) 100vw, 941px\" \/><p id=\"caption-attachment-126248\" class=\"wp-caption-text\">Les participants visitant le lieu des premiers Jeux olympiques de l&rsquo;\u00e8re moderne. (Photo : COC)<\/p><\/div>\n<p>&nbsp;<\/p>\n<h2>Qu\u2019est-ce que l\u2019AIO?<\/h2>\n<p>L\u2019Acad\u00e9mie internationale olympique est un centre interdisciplinaire et multiculturel qui vise \u00e0 favoriser l\u2019\u00e9tude, le d\u00e9veloppement et la promotion de l\u2019olympisme. La session r\u00e9unit certains des jeunes leaders les plus dynamiques du monde du sport et de l\u2019activit\u00e9 physique d\u2019au moins 100\u00a0nations. La session se tiendra du 17 juin au 1<sup>er<\/sup> juillet 2017 et sera ax\u00e9e sur l\u2019olympisme, plus particuli\u00e8rement sur l\u2019<a href=\"http:\/\/develop.olympic.ca\/olympique\/education\/\">\u00e9ducation olympique<\/a>. Cette ann\u00e9e, le th\u00e8me de la session sera L\u2019\u00e9thique, l\u2019\u00e9ducation et la gouvernance au sein du Mouvement olympique.<\/p>\n<div class=\"tiled-gallery type-rectangular tiled-gallery-unresized\" data-original-width=\"1360\" data-carousel-extra='null' itemscope itemtype=\"http:\/\/schema.org\/ImageGallery\" > <div class=\"gallery-row\" style=\"width: 1360px; height: 681px;\" data-original-width=\"1360\" data-original-height=\"681\" > <div class=\"gallery-group images-1\" style=\"width: 907px; height: 681px;\" data-original-width=\"907\" data-original-height=\"681\" > <div class=\"tiled-gallery-item tiled-gallery-item-large\" itemprop=\"associatedMedia\" itemscope itemtype=\"http:\/\/schema.org\/ImageObject\"> <a href=\"https:\/\/develop.olympic.ca\/olympique\/2017\/02\/05\/envolez-vous-vers-la-grece-avec-lacadamie-internationale-olympique\/2016-canadian-young-partipants\/#main\" border=\"0\" itemprop=\"url\"> <meta itemprop=\"width\" content=\"903\"> <meta itemprop=\"height\" content=\"677\"> <img decoding=\"async\" data-recalc-dims=\"1\" class=\"\" data-attachment-id=\"126313\" data-orig-file=\"https:\/\/develop.olympic.ca\/olympique\/wp-content\/uploads\/sites\/2\/2017\/02\/2016-canadian-young-partipants.jpg?quality=100\" data-orig-size=\"1340,1005\" data-comments-opened=\"1\" data-image-meta=\"{&quot;aperture&quot;:&quot;0&quot;,&quot;credit&quot;:&quot;&quot;,&quot;camera&quot;:&quot;&quot;,&quot;caption&quot;:&quot;&quot;,&quot;created_timestamp&quot;:&quot;0&quot;,&quot;copyright&quot;:&quot;&quot;,&quot;focal_length&quot;:&quot;0&quot;,&quot;iso&quot;:&quot;0&quot;,&quot;shutter_speed&quot;:&quot;0&quot;,&quot;title&quot;:&quot;&quot;,&quot;orientation&quot;:&quot;0&quot;}\" data-image-title=\"2016-canadian-young-partipants\" data-image-description=\"\" data-medium-file=\"https:\/\/develop.olympic.ca\/olympique\/wp-content\/uploads\/sites\/2\/2017\/02\/2016-canadian-young-partipants.jpg?quality=100&#038;w=495\" data-large-file=\"https:\/\/develop.olympic.ca\/olympique\/wp-content\/uploads\/sites\/2\/2017\/02\/2016-canadian-young-partipants.jpg?quality=100&#038;w=1005\" src=\"https:\/\/develop.olympic.ca\/olympique\/wp-content\/uploads\/sites\/2\/2017\/02\/2016-canadian-young-partipants.jpg?quality=100&#038;w=903&#038;h=677&#038;strip&#038;resize=903%2C677\" srcset=\"https:\/\/develop.olympic.ca\/olympique\/wp-content\/uploads\/sites\/2\/2017\/02\/2016-canadian-young-partipants.jpg 1340w, https:\/\/develop.olympic.ca\/olympique\/wp-content\/uploads\/sites\/2\/2017\/02\/2016-canadian-young-partipants.jpg?resize=211,158 211w, https:\/\/develop.olympic.ca\/olympique\/wp-content\/uploads\/sites\/2\/2017\/02\/2016-canadian-young-partipants.jpg?resize=495,371 495w, https:\/\/develop.olympic.ca\/olympique\/wp-content\/uploads\/sites\/2\/2017\/02\/2016-canadian-young-partipants.jpg?resize=768,576 768w, https:\/\/develop.olympic.ca\/olympique\/wp-content\/uploads\/sites\/2\/2017\/02\/2016-canadian-young-partipants.jpg?resize=1005,754 1005w\" width=\"903\" height=\"677\" loading=\"lazy\" data-original-width=\"903\" data-original-height=\"677\" itemprop=\"http:\/\/schema.org\/image\" title=\"2016-canadian-young-partipants\" alt=\"Les d\u00e9l\u00e9gu\u00e9es canadiennes de 2016.\" style=\"width: 903px; height: 677px;\" \/> <\/a> <div class=\"tiled-gallery-caption\" itemprop=\"caption description\"> Les d\u00e9l\u00e9gu\u00e9es canadiennes de 2016. <\/div> <\/div> <\/div> <!-- close group --> <div class=\"gallery-group images-2\" style=\"width: 453px; height: 681px;\" data-original-width=\"453\" data-original-height=\"681\" > <div class=\"tiled-gallery-item tiled-gallery-item-large\" itemprop=\"associatedMedia\" itemscope itemtype=\"http:\/\/schema.org\/ImageObject\"> <a href=\"https:\/\/develop.olympic.ca\/olympique\/2017\/02\/05\/envolez-vous-vers-la-grece-avec-lacadamie-internationale-olympique\/classroom\/#main\" border=\"0\" itemprop=\"url\"> <meta itemprop=\"width\" content=\"449\"> <meta itemprop=\"height\" content=\"337\"> <img decoding=\"async\" data-recalc-dims=\"1\" class=\"\" data-attachment-id=\"126314\" data-orig-file=\"https:\/\/develop.olympic.ca\/olympique\/wp-content\/uploads\/sites\/2\/2017\/02\/classroom.jpg?quality=100\" data-orig-size=\"960,720\" data-comments-opened=\"1\" data-image-meta=\"{&quot;aperture&quot;:&quot;0&quot;,&quot;credit&quot;:&quot;&quot;,&quot;camera&quot;:&quot;&quot;,&quot;caption&quot;:&quot;&quot;,&quot;created_timestamp&quot;:&quot;0&quot;,&quot;copyright&quot;:&quot;&quot;,&quot;focal_length&quot;:&quot;0&quot;,&quot;iso&quot;:&quot;0&quot;,&quot;shutter_speed&quot;:&quot;0&quot;,&quot;title&quot;:&quot;&quot;,&quot;orientation&quot;:&quot;0&quot;}\" data-image-title=\"classroom\" data-image-description=\"\" data-medium-file=\"https:\/\/develop.olympic.ca\/olympique\/wp-content\/uploads\/sites\/2\/2017\/02\/classroom.jpg?quality=100&#038;w=495\" data-large-file=\"https:\/\/develop.olympic.ca\/olympique\/wp-content\/uploads\/sites\/2\/2017\/02\/classroom.jpg?quality=100&#038;w=960\" src=\"https:\/\/develop.olympic.ca\/olympique\/wp-content\/uploads\/sites\/2\/2017\/02\/classroom.jpg?quality=100&#038;w=449&#038;h=337&#038;strip&#038;resize=449%2C337\" srcset=\"https:\/\/develop.olympic.ca\/olympique\/wp-content\/uploads\/sites\/2\/2017\/02\/classroom.jpg 960w, https:\/\/develop.olympic.ca\/olympique\/wp-content\/uploads\/sites\/2\/2017\/02\/classroom.jpg?resize=211,158 211w, https:\/\/develop.olympic.ca\/olympique\/wp-content\/uploads\/sites\/2\/2017\/02\/classroom.jpg?resize=495,371 495w, https:\/\/develop.olympic.ca\/olympique\/wp-content\/uploads\/sites\/2\/2017\/02\/classroom.jpg?resize=768,576 768w\" width=\"449\" height=\"337\" loading=\"lazy\" data-original-width=\"449\" data-original-height=\"337\" itemprop=\"http:\/\/schema.org\/image\" title=\"classroom\" alt=\"L&#039;une des sessions de l&#039;Acad\u00e9mie internationale olympique.\" style=\"width: 449px; height: 337px;\" \/> <\/a> <div class=\"tiled-gallery-caption\" itemprop=\"caption description\"> L&rsquo;une des sessions de l&rsquo;Acad\u00e9mie internationale olympique. <\/div> <\/div> <div class=\"tiled-gallery-item tiled-gallery-item-large\" itemprop=\"associatedMedia\" itemscope itemtype=\"http:\/\/schema.org\/ImageObject\"> <a href=\"https:\/\/develop.olympic.ca\/olympique\/2017\/02\/05\/envolez-vous-vers-la-grece-avec-lacadamie-internationale-olympique\/ioa-torch-relay\/#main\" border=\"0\" itemprop=\"url\"> <meta itemprop=\"width\" content=\"449\"> <meta itemprop=\"height\" content=\"336\"> <img decoding=\"async\" data-recalc-dims=\"1\" class=\"\" data-attachment-id=\"126316\" data-orig-file=\"https:\/\/develop.olympic.ca\/olympique\/wp-content\/uploads\/sites\/2\/2017\/02\/ioa-torch-relay.jpg?quality=100\" data-orig-size=\"1340,1005\" data-comments-opened=\"1\" data-image-meta=\"{&quot;aperture&quot;:&quot;0&quot;,&quot;credit&quot;:&quot;&quot;,&quot;camera&quot;:&quot;&quot;,&quot;caption&quot;:&quot;&quot;,&quot;created_timestamp&quot;:&quot;0&quot;,&quot;copyright&quot;:&quot;&quot;,&quot;focal_length&quot;:&quot;0&quot;,&quot;iso&quot;:&quot;0&quot;,&quot;shutter_speed&quot;:&quot;0&quot;,&quot;title&quot;:&quot;&quot;,&quot;orientation&quot;:&quot;0&quot;}\" data-image-title=\"ioa-torch-relay\" data-image-description=\"\" data-medium-file=\"https:\/\/develop.olympic.ca\/olympique\/wp-content\/uploads\/sites\/2\/2017\/02\/ioa-torch-relay.jpg?quality=100&#038;w=495\" data-large-file=\"https:\/\/develop.olympic.ca\/olympique\/wp-content\/uploads\/sites\/2\/2017\/02\/ioa-torch-relay.jpg?quality=100&#038;w=1005\" src=\"https:\/\/develop.olympic.ca\/olympique\/wp-content\/uploads\/sites\/2\/2017\/02\/ioa-torch-relay.jpg?quality=100&#038;w=449&#038;h=336&#038;strip&#038;resize=449%2C336\" srcset=\"https:\/\/develop.olympic.ca\/olympique\/wp-content\/uploads\/sites\/2\/2017\/02\/ioa-torch-relay.jpg 1340w, https:\/\/develop.olympic.ca\/olympique\/wp-content\/uploads\/sites\/2\/2017\/02\/ioa-torch-relay.jpg?resize=211,158 211w, https:\/\/develop.olympic.ca\/olympique\/wp-content\/uploads\/sites\/2\/2017\/02\/ioa-torch-relay.jpg?resize=495,371 495w, https:\/\/develop.olympic.ca\/olympique\/wp-content\/uploads\/sites\/2\/2017\/02\/ioa-torch-relay.jpg?resize=768,576 768w, https:\/\/develop.olympic.ca\/olympique\/wp-content\/uploads\/sites\/2\/2017\/02\/ioa-torch-relay.jpg?resize=1005,754 1005w\" width=\"449\" height=\"336\" loading=\"lazy\" data-original-width=\"449\" data-original-height=\"336\" itemprop=\"http:\/\/schema.org\/image\" title=\"ioa-torch-relay\" alt=\"Relais de la flamme \u00e0 l&#039;AIO.\" style=\"width: 449px; height: 336px;\" \/> <\/a> <div class=\"tiled-gallery-caption\" itemprop=\"caption description\"> Relais de la flamme \u00e0 l&rsquo;AIO. <\/div> <\/div> <\/div> <!-- close group --> <\/div> <!-- close row --> <div class=\"gallery-row\" style=\"width: 1360px; height: 440px;\" data-original-width=\"1360\" data-original-height=\"440\" > <div class=\"gallery-group images-1\" style=\"width: 920px; height: 440px;\" data-original-width=\"920\" data-original-height=\"440\" > <div class=\"tiled-gallery-item tiled-gallery-item-large\" itemprop=\"associatedMedia\" itemscope itemtype=\"http:\/\/schema.org\/ImageObject\"> <a href=\"https:\/\/develop.olympic.ca\/olympique\/2017\/02\/05\/envolez-vous-vers-la-grece-avec-lacadamie-internationale-olympique\/ancient-olympic-stadium1\/#main\" border=\"0\" itemprop=\"url\"> <meta itemprop=\"width\" content=\"916\"> <meta itemprop=\"height\" content=\"436\"> <img decoding=\"async\" data-recalc-dims=\"1\" class=\"\" data-attachment-id=\"126317\" data-orig-file=\"https:\/\/develop.olympic.ca\/olympique\/wp-content\/uploads\/sites\/2\/2017\/02\/ancient-olympic-stadium1.jpg?quality=100\" data-orig-size=\"631,300\" data-comments-opened=\"1\" data-image-meta=\"{&quot;aperture&quot;:&quot;0&quot;,&quot;credit&quot;:&quot;&quot;,&quot;camera&quot;:&quot;&quot;,&quot;caption&quot;:&quot;&quot;,&quot;created_timestamp&quot;:&quot;0&quot;,&quot;copyright&quot;:&quot;&quot;,&quot;focal_length&quot;:&quot;0&quot;,&quot;iso&quot;:&quot;0&quot;,&quot;shutter_speed&quot;:&quot;0&quot;,&quot;title&quot;:&quot;&quot;,&quot;orientation&quot;:&quot;0&quot;}\" data-image-title=\"ancient-olympic-stadium1\" data-image-description=\"\" data-medium-file=\"https:\/\/develop.olympic.ca\/olympique\/wp-content\/uploads\/sites\/2\/2017\/02\/ancient-olympic-stadium1.jpg?quality=100&#038;w=631\" data-large-file=\"https:\/\/develop.olympic.ca\/olympique\/wp-content\/uploads\/sites\/2\/2017\/02\/ancient-olympic-stadium1.jpg?quality=100&#038;w=631\" src=\"https:\/\/develop.olympic.ca\/olympique\/wp-content\/uploads\/sites\/2\/2017\/02\/ancient-olympic-stadium1.jpg?quality=100&#038;w=916&#038;h=436&#038;strip&#038;resize=916%2C436\" srcset=\"https:\/\/develop.olympic.ca\/olympique\/wp-content\/uploads\/sites\/2\/2017\/02\/ancient-olympic-stadium1.jpg 631w, https:\/\/develop.olympic.ca\/olympique\/wp-content\/uploads\/sites\/2\/2017\/02\/ancient-olympic-stadium1.jpg?resize=280,133 280w\" width=\"916\" height=\"436\" loading=\"lazy\" data-original-width=\"916\" data-original-height=\"436\" itemprop=\"http:\/\/schema.org\/image\" title=\"ancient-olympic-stadium1\" alt=\"Les participants visiteront les sites des premiers Jeux olympiques.\" style=\"width: 916px; height: 436px;\" \/> <\/a> <div class=\"tiled-gallery-caption\" itemprop=\"caption description\"> Les participants visiteront les sites des premiers Jeux olympiques. <\/div> <\/div> <\/div> <!-- close group --> <div class=\"gallery-group images-1\" style=\"width: 440px; height: 440px;\" data-original-width=\"440\" data-original-height=\"440\" > <div class=\"tiled-gallery-item tiled-gallery-item-large\" itemprop=\"associatedMedia\" itemscope itemtype=\"http:\/\/schema.org\/ImageObject\"> <a href=\"https:\/\/develop.olympic.ca\/olympique\/2017\/02\/05\/envolez-vous-vers-la-grece-avec-lacadamie-internationale-olympique\/sights\/#main\" border=\"0\" itemprop=\"url\"> <meta itemprop=\"width\" content=\"436\"> <meta itemprop=\"height\" content=\"436\"> <img decoding=\"async\" data-recalc-dims=\"1\" class=\"\" data-attachment-id=\"126318\" data-orig-file=\"https:\/\/develop.olympic.ca\/olympique\/wp-content\/uploads\/sites\/2\/2017\/02\/sights.jpg?quality=100\" data-orig-size=\"1200,1200\" data-comments-opened=\"1\" data-image-meta=\"{&quot;aperture&quot;:&quot;0&quot;,&quot;credit&quot;:&quot;&quot;,&quot;camera&quot;:&quot;&quot;,&quot;caption&quot;:&quot;&quot;,&quot;created_timestamp&quot;:&quot;0&quot;,&quot;copyright&quot;:&quot;&quot;,&quot;focal_length&quot;:&quot;0&quot;,&quot;iso&quot;:&quot;0&quot;,&quot;shutter_speed&quot;:&quot;0&quot;,&quot;title&quot;:&quot;&quot;,&quot;orientation&quot;:&quot;0&quot;}\" data-image-title=\"sights\" data-image-description=\"\" data-medium-file=\"https:\/\/develop.olympic.ca\/olympique\/wp-content\/uploads\/sites\/2\/2017\/02\/sights.jpg?quality=100&#038;w=371\" data-large-file=\"https:\/\/develop.olympic.ca\/olympique\/wp-content\/uploads\/sites\/2\/2017\/02\/sights.jpg?quality=100&#038;w=754\" src=\"https:\/\/develop.olympic.ca\/olympique\/wp-content\/uploads\/sites\/2\/2017\/02\/sights.jpg?quality=100&#038;w=436&#038;h=436&#038;crop=1&#038;strip&#038;resize=436%2C436\" srcset=\"https:\/\/develop.olympic.ca\/olympique\/wp-content\/uploads\/sites\/2\/2017\/02\/sights.jpg 1200w, https:\/\/develop.olympic.ca\/olympique\/wp-content\/uploads\/sites\/2\/2017\/02\/sights.jpg?resize=158,158 158w, https:\/\/develop.olympic.ca\/olympique\/wp-content\/uploads\/sites\/2\/2017\/02\/sights.jpg?resize=371,371 371w, https:\/\/develop.olympic.ca\/olympique\/wp-content\/uploads\/sites\/2\/2017\/02\/sights.jpg?resize=768,768 768w, https:\/\/develop.olympic.ca\/olympique\/wp-content\/uploads\/sites\/2\/2017\/02\/sights.jpg?resize=754,754 754w\" width=\"436\" height=\"436\" loading=\"lazy\" data-original-width=\"436\" data-original-height=\"436\" itemprop=\"http:\/\/schema.org\/image\" title=\"sights\" alt=\"Une visite du temple de Zeus est aussi \u00e0 l&#039;agenda.\" style=\"width: 436px; height: 436px;\" \/> <\/a> <div class=\"tiled-gallery-caption\" itemprop=\"caption description\"> Une visite du temple de Zeus est aussi \u00e0 l&rsquo;agenda. <\/div> <\/div> <\/div> <!-- close group --> <\/div> <!-- close row --> <\/div>\n<p>\u00c0 LIRE :\u00a0<a href=\"http:\/\/develop.olympic.ca\/olympique\/2016\/04\/21\/cinq-moments-marquants-du-relais-de-la-flamme-olympique-a-travers-le-temps\/\">Cinq moments marquants du relais de la flamme olympique \u00e0 travers le temps<\/a><\/p>\n<p>En plus de poss\u00e9der des connaissances sur l\u2019olympisme et de l\u2019exp\u00e9rience au sein du Mouvement olympique au Canada, les candidats recherch\u00e9s feront preuve d\u2019enthousiasme et de leadership pour le d\u00e9veloppement du sport et de l\u2019activit\u00e9 physique. Cette ann\u00e9e, les Canadiennes et Canadiens int\u00e9ress\u00e9s doivent soumettre leur candidature en ligne et d\u00e9montrer leur leadership en sport et leur passion pour le Mouvement olympique.<\/p>\n<blockquote>\n<p style=\"text-align:center;\"><a href=\"http:\/\/cot.formstack.com\/forms\/formulaire_de_candidature_pour_lacadmie_international_olympique_2016_copy\">Remplir le formulaire de candidature<\/a><\/p>\n<\/blockquote>\n<p>Tous les frais des participants qui se rendront \u00e0 Olympie seront pay\u00e9s pour la p\u00e9riode de la session de l\u2019AIO. Le COC couvrira les frais de voyage en avion jusqu\u2019\u00e0 concurrence de 1\u00a0500\u00a0$. Les d\u00e9l\u00e9gu\u00e9s seront responsables de leur transport terrestre vers l\u2019a\u00e9roport de d\u00e9part et des d\u00e9penses encourues \u00e0 Ath\u00e8nes avant le d\u00e9but officiel de la session.<\/p>\n<p><img loading=\"lazy\" decoding=\"async\" class=\"alignleft size-full wp-image-126315\" src=\"https:\/\/develop.olympic.ca\/wp-content\/uploads\/sites\/2\/2017\/02\/ioa-delegates.jpg?quality=75\" alt=\"ioa-delegates\" width=\"1280\" height=\"836\" srcset=\"https:\/\/develop.olympic.ca\/olympique\/wp-content\/uploads\/sites\/2\/2017\/02\/ioa-delegates.jpg 1280w, https:\/\/develop.olympic.ca\/olympique\/wp-content\/uploads\/sites\/2\/2017\/02\/ioa-delegates.jpg?resize=242,158 242w, https:\/\/develop.olympic.ca\/olympique\/wp-content\/uploads\/sites\/2\/2017\/02\/ioa-delegates.jpg?resize=568,371 568w, https:\/\/develop.olympic.ca\/olympique\/wp-content\/uploads\/sites\/2\/2017\/02\/ioa-delegates.jpg?resize=768,502 768w, https:\/\/develop.olympic.ca\/olympique\/wp-content\/uploads\/sites\/2\/2017\/02\/ioa-delegates.jpg?resize=1154,754 1154w\" sizes=\"(max-width: 1280px) 100vw, 1280px\" \/><\/p>\n<p>Toutes les personnes qui se consid\u00e8rent comme de futurs leaders du sport canadien et qui sont de jeunes professionnels cr\u00e9atifs et dynamiques sont invit\u00e9es \u00e0 pr\u00e9senter leur candidature <a href=\"http:\/\/cot.formstack.com\/forms\/formulaire_de_candidature_pour_lacadmie_international_olympique_2016_copy\">en ligne<\/a> d\u2019ici au <strong>20 f\u00e9vrier 2017, avant 17\u00a0h (HE)<\/strong>. Des renseignements plus d\u00e9taill\u00e9s sur l\u2019AIO sont affich\u00e9s sur le <a href=\"http:\/\/www.ioa-sessions.org\/\">site web de l&rsquo;Acad\u00e9mie internationale olympique<\/a>.<\/p>\n<p>Les candidats retenus seront avis\u00e9s au cours de la semaine du 27 mars 2017.<\/p>\n<p><a href=\"https:\/\/twitter.com\/OlympiqueCanada\"><img decoding=\"async\" src=\"https:\/\/develop.olympic.ca\/wp-content\/uploads\/sites\/2\/2016\/09\/twitter_frsocial-ads.png\" \/><\/a><\/p>\n","protected":false},"excerpt":{"rendered":"<p>Vous aimeriez voir le berceau des Jeux olympiques? \u00c9quipe Canada\u00a0enverra trois Canadiens \u00e2g\u00e9s de 20 \u00e0 35\u00a0ans \u00e0 Olympie, en&#8230;<\/p>\n","protected":false},"author":96107080,"featured_media":126324,"comment_status":"open","ping_status":"closed","sticky":false,"template":"","format":"standard","meta":{"_acf_changed":false,"_crdt_document":"","_jetpack_memberships_contains_paid_content":false,"footnotes":""},"categories":[1],"tags":[415984569,415984571,415984572,415984573,415984570,415982944],"post_format":"standard","sport":[],"game":[],"coauthors":[209272438],"class_list":["post-126241","post","type-post","status-publish","format-standard","has-post-thumbnail","hentry","category-uncategorized","tag-academie-internationale-olympique","tag-aio","tag-education","tag-grece","tag-ioa","tag-olympie"],"acf":[],"yoast_head":"<!-- This site is optimized with the Yoast SEO plugin v27.3 - https:\/\/yoast.com\/product\/yoast-seo-wordpress\/ -->\n<title>Envolez-vous vers la Gr\u00e8ce avec l&#039;Acadamie internationale olympique - \u00c9quipe Canada | Site officiel de l&#039;\u00e9quipe olympique<\/title>\n<meta name=\"robots\" content=\"index, follow, max-snippet:-1, max-image-preview:large, max-video-preview:-1\" \/>\n<link rel=\"canonical\" href=\"https:\/\/develop.olympic.ca\/olympique\/2017\/02\/05\/envolez-vous-vers-la-grece-avec-lacadamie-internationale-olympique\/\" \/>\n<meta property=\"og:locale\" content=\"fr_FR\" \/>\n<meta property=\"og:type\" content=\"article\" \/>\n<meta property=\"og:title\" content=\"Envolez-vous vers la Gr\u00e8ce avec l&#039;Acadamie internationale olympique - \u00c9quipe Canada | Site officiel de l&#039;\u00e9quipe olympique\" \/>\n<meta property=\"og:description\" content=\"Vous aimeriez voir le berceau des Jeux olympiques? \u00c9quipe Canada\u00a0enverra trois Canadiens \u00e2g\u00e9s de 20 \u00e0 35\u00a0ans \u00e0 Olympie, en...\" \/>\n<meta property=\"og:url\" content=\"https:\/\/develop.olympic.ca\/olympique\/2017\/02\/05\/envolez-vous-vers-la-grece-avec-lacadamie-internationale-olympique\/\" \/>\n<meta property=\"og:site_name\" content=\"\u00c9quipe Canada | Site officiel de l&#039;\u00e9quipe olympique\" \/>\n<meta property=\"article:published_time\" content=\"2017-02-05T15:32:01+00:00\" \/>\n<meta property=\"og:image\" content=\"https:\/\/develop.olympic.ca\/olympique\/wp-content\/uploads\/sites\/2\/2017\/02\/ioa-2.jpg?quality=100\" \/>\n\t<meta property=\"og:image:width\" content=\"1010\" \/>\n\t<meta property=\"og:image:height\" content=\"568\" \/>\n\t<meta property=\"og:image:type\" content=\"image\/jpeg\" \/>\n<meta name=\"author\" content=\"Ariane Desrosiers\" \/>\n<meta name=\"twitter:card\" content=\"summary_large_image\" \/>\n<meta name=\"twitter:label1\" content=\"Written by\" \/>\n\t<meta name=\"twitter:data1\" content=\"Ariane Desrosiers\" \/>\n\t<meta name=\"twitter:label2\" content=\"Est. reading time\" \/>\n\t<meta name=\"twitter:data2\" content=\"2 minutes\" \/>\n<script type=\"application\/ld+json\" class=\"yoast-schema-graph\">{\"@context\":\"https:\\\/\\\/schema.org\",\"@graph\":[{\"@type\":\"Article\",\"@id\":\"https:\\\/\\\/develop.olympic.ca\\\/olympique\\\/2017\\\/02\\\/05\\\/envolez-vous-vers-la-grece-avec-lacadamie-internationale-olympique\\\/#article\",\"isPartOf\":{\"@id\":\"https:\\\/\\\/develop.olympic.ca\\\/olympique\\\/2017\\\/02\\\/05\\\/envolez-vous-vers-la-grece-avec-lacadamie-internationale-olympique\\\/\"},\"author\":{\"name\":\"Ariane Desrosiers\",\"@id\":\"https:\\\/\\\/develop.olympic.ca\\\/olympique\\\/#\\\/schema\\\/person\\\/b1f02c0e9401652f763191612edde4e2\"},\"headline\":\"Envolez-vous vers la Gr\u00e8ce avec l&rsquo;Acadamie internationale olympique\",\"datePublished\":\"2017-02-05T15:32:01+00:00\",\"mainEntityOfPage\":{\"@id\":\"https:\\\/\\\/develop.olympic.ca\\\/olympique\\\/2017\\\/02\\\/05\\\/envolez-vous-vers-la-grece-avec-lacadamie-internationale-olympique\\\/\"},\"wordCount\":410,\"commentCount\":0,\"image\":{\"@id\":\"https:\\\/\\\/develop.olympic.ca\\\/olympique\\\/2017\\\/02\\\/05\\\/envolez-vous-vers-la-grece-avec-lacadamie-internationale-olympique\\\/#primaryimage\"},\"thumbnailUrl\":\"https:\\\/\\\/develop.olympic.ca\\\/olympique\\\/wp-content\\\/uploads\\\/sites\\\/2\\\/2017\\\/02\\\/ioa-2.jpg?quality=100\",\"keywords\":[\"Acad\u00e9mie internationale olympique\",\"AIO\",\"\u00e9ducation\",\"Gr\u00e8ce\",\"IOA\",\"Olympie\"],\"articleSection\":[\"Uncategorized\"],\"inLanguage\":\"fr-FR\",\"potentialAction\":[{\"@type\":\"CommentAction\",\"name\":\"Comment\",\"target\":[\"https:\\\/\\\/develop.olympic.ca\\\/olympique\\\/2017\\\/02\\\/05\\\/envolez-vous-vers-la-grece-avec-lacadamie-internationale-olympique\\\/#respond\"]}]},{\"@type\":\"WebPage\",\"@id\":\"https:\\\/\\\/develop.olympic.ca\\\/olympique\\\/2017\\\/02\\\/05\\\/envolez-vous-vers-la-grece-avec-lacadamie-internationale-olympique\\\/\",\"url\":\"https:\\\/\\\/develop.olympic.ca\\\/olympique\\\/2017\\\/02\\\/05\\\/envolez-vous-vers-la-grece-avec-lacadamie-internationale-olympique\\\/\",\"name\":\"Envolez-vous vers la Gr\u00e8ce avec l'Acadamie internationale olympique - \u00c9quipe Canada | Site officiel de l&#039;\u00e9quipe olympique\",\"isPartOf\":{\"@id\":\"https:\\\/\\\/develop.olympic.ca\\\/olympique\\\/#website\"},\"primaryImageOfPage\":{\"@id\":\"https:\\\/\\\/develop.olympic.ca\\\/olympique\\\/2017\\\/02\\\/05\\\/envolez-vous-vers-la-grece-avec-lacadamie-internationale-olympique\\\/#primaryimage\"},\"image\":{\"@id\":\"https:\\\/\\\/develop.olympic.ca\\\/olympique\\\/2017\\\/02\\\/05\\\/envolez-vous-vers-la-grece-avec-lacadamie-internationale-olympique\\\/#primaryimage\"},\"thumbnailUrl\":\"https:\\\/\\\/develop.olympic.ca\\\/olympique\\\/wp-content\\\/uploads\\\/sites\\\/2\\\/2017\\\/02\\\/ioa-2.jpg?quality=100\",\"datePublished\":\"2017-02-05T15:32:01+00:00\",\"author\":{\"@id\":\"https:\\\/\\\/develop.olympic.ca\\\/olympique\\\/#\\\/schema\\\/person\\\/b1f02c0e9401652f763191612edde4e2\"},\"inLanguage\":\"fr-FR\",\"potentialAction\":[{\"@type\":\"ReadAction\",\"target\":[\"https:\\\/\\\/develop.olympic.ca\\\/olympique\\\/2017\\\/02\\\/05\\\/envolez-vous-vers-la-grece-avec-lacadamie-internationale-olympique\\\/\"]}]},{\"@type\":\"ImageObject\",\"inLanguage\":\"fr-FR\",\"@id\":\"https:\\\/\\\/develop.olympic.ca\\\/olympique\\\/2017\\\/02\\\/05\\\/envolez-vous-vers-la-grece-avec-lacadamie-internationale-olympique\\\/#primaryimage\",\"url\":\"https:\\\/\\\/develop.olympic.ca\\\/olympique\\\/wp-content\\\/uploads\\\/sites\\\/2\\\/2017\\\/02\\\/ioa-2.jpg?quality=100\",\"contentUrl\":\"https:\\\/\\\/develop.olympic.ca\\\/olympique\\\/wp-content\\\/uploads\\\/sites\\\/2\\\/2017\\\/02\\\/ioa-2.jpg?quality=100\",\"width\":1010,\"height\":568},{\"@type\":\"WebSite\",\"@id\":\"https:\\\/\\\/develop.olympic.ca\\\/olympique\\\/#website\",\"url\":\"https:\\\/\\\/develop.olympic.ca\\\/olympique\\\/\",\"name\":\"\u00c9quipe Canada | Site officiel de l&#039;\u00e9quipe olympique\",\"description\":\"Votre source pour l\u2019\u00c9quipe olympique canadienne. Retrouvez les r\u00e9cits, vid\u00e9os et photos des athl\u00e8tes canadiens, sports olympiques, Jeux olympiques de 2020 et bien plus!\",\"potentialAction\":[{\"@type\":\"SearchAction\",\"target\":{\"@type\":\"EntryPoint\",\"urlTemplate\":\"https:\\\/\\\/develop.olympic.ca\\\/olympique\\\/?s={search_term_string}\"},\"query-input\":{\"@type\":\"PropertyValueSpecification\",\"valueRequired\":true,\"valueName\":\"search_term_string\"}}],\"inLanguage\":\"fr-FR\"},{\"@type\":\"Person\",\"@id\":\"https:\\\/\\\/develop.olympic.ca\\\/olympique\\\/#\\\/schema\\\/person\\\/b1f02c0e9401652f763191612edde4e2\",\"name\":\"Ariane Desrosiers\",\"image\":{\"@type\":\"ImageObject\",\"inLanguage\":\"fr-FR\",\"@id\":\"https:\\\/\\\/secure.gravatar.com\\\/avatar\\\/f7248cc9e6971153fdd196741b079c0229522d18a24f1fb69fb73c510aa6e189?s=96&d=identicon&r=gbd92884420bbfa56539e46241678b7d5\",\"url\":\"https:\\\/\\\/secure.gravatar.com\\\/avatar\\\/f7248cc9e6971153fdd196741b079c0229522d18a24f1fb69fb73c510aa6e189?s=96&d=identicon&r=g\",\"contentUrl\":\"https:\\\/\\\/secure.gravatar.com\\\/avatar\\\/f7248cc9e6971153fdd196741b079c0229522d18a24f1fb69fb73c510aa6e189?s=96&d=identicon&r=g\",\"caption\":\"Ariane Desrosiers\"},\"description\":\"Specialist, Social Sp\u00e9cialiste, M\u00e9dias num\u00e9riques\",\"url\":\"https:\\\/\\\/develop.olympic.ca\\\/olympique\\\/author\\\/arianedesrosiers\\\/\"}]}<\/script>\n<!-- \/ Yoast SEO plugin. -->","yoast_head_json":{"title":"Envolez-vous vers la Gr\u00e8ce avec l'Acadamie internationale olympique - \u00c9quipe Canada | Site officiel de l&#039;\u00e9quipe olympique","robots":{"index":"index","follow":"follow","max-snippet":"max-snippet:-1","max-image-preview":"max-image-preview:large","max-video-preview":"max-video-preview:-1"},"canonical":"https:\/\/develop.olympic.ca\/olympique\/2017\/02\/05\/envolez-vous-vers-la-grece-avec-lacadamie-internationale-olympique\/","og_locale":"fr_FR","og_type":"article","og_title":"Envolez-vous vers la Gr\u00e8ce avec l'Acadamie internationale olympique - \u00c9quipe Canada | Site officiel de l&#039;\u00e9quipe olympique","og_description":"Vous aimeriez voir le berceau des Jeux olympiques? \u00c9quipe Canada\u00a0enverra trois Canadiens \u00e2g\u00e9s de 20 \u00e0 35\u00a0ans \u00e0 Olympie, en...","og_url":"https:\/\/develop.olympic.ca\/olympique\/2017\/02\/05\/envolez-vous-vers-la-grece-avec-lacadamie-internationale-olympique\/","og_site_name":"\u00c9quipe Canada | Site officiel de l&#039;\u00e9quipe olympique","article_published_time":"2017-02-05T15:32:01+00:00","og_image":[{"width":1010,"height":568,"url":"https:\/\/develop.olympic.ca\/olympique\/wp-content\/uploads\/sites\/2\/2017\/02\/ioa-2.jpg?quality=100","type":"image\/jpeg"}],"author":"Ariane Desrosiers","twitter_card":"summary_large_image","twitter_misc":{"Written by":"Ariane Desrosiers","Est. reading time":"2 minutes"},"schema":{"@context":"https:\/\/schema.org","@graph":[{"@type":"Article","@id":"https:\/\/develop.olympic.ca\/olympique\/2017\/02\/05\/envolez-vous-vers-la-grece-avec-lacadamie-internationale-olympique\/#article","isPartOf":{"@id":"https:\/\/develop.olympic.ca\/olympique\/2017\/02\/05\/envolez-vous-vers-la-grece-avec-lacadamie-internationale-olympique\/"},"author":{"name":"Ariane Desrosiers","@id":"https:\/\/develop.olympic.ca\/olympique\/#\/schema\/person\/b1f02c0e9401652f763191612edde4e2"},"headline":"Envolez-vous vers la Gr\u00e8ce avec l&rsquo;Acadamie internationale olympique","datePublished":"2017-02-05T15:32:01+00:00","mainEntityOfPage":{"@id":"https:\/\/develop.olympic.ca\/olympique\/2017\/02\/05\/envolez-vous-vers-la-grece-avec-lacadamie-internationale-olympique\/"},"wordCount":410,"commentCount":0,"image":{"@id":"https:\/\/develop.olympic.ca\/olympique\/2017\/02\/05\/envolez-vous-vers-la-grece-avec-lacadamie-internationale-olympique\/#primaryimage"},"thumbnailUrl":"https:\/\/develop.olympic.ca\/olympique\/wp-content\/uploads\/sites\/2\/2017\/02\/ioa-2.jpg?quality=100","keywords":["Acad\u00e9mie internationale olympique","AIO","\u00e9ducation","Gr\u00e8ce","IOA","Olympie"],"articleSection":["Uncategorized"],"inLanguage":"fr-FR","potentialAction":[{"@type":"CommentAction","name":"Comment","target":["https:\/\/develop.olympic.ca\/olympique\/2017\/02\/05\/envolez-vous-vers-la-grece-avec-lacadamie-internationale-olympique\/#respond"]}]},{"@type":"WebPage","@id":"https:\/\/develop.olympic.ca\/olympique\/2017\/02\/05\/envolez-vous-vers-la-grece-avec-lacadamie-internationale-olympique\/","url":"https:\/\/develop.olympic.ca\/olympique\/2017\/02\/05\/envolez-vous-vers-la-grece-avec-lacadamie-internationale-olympique\/","name":"Envolez-vous vers la Gr\u00e8ce avec l'Acadamie internationale olympique - \u00c9quipe Canada | Site officiel de l&#039;\u00e9quipe olympique","isPartOf":{"@id":"https:\/\/develop.olympic.ca\/olympique\/#website"},"primaryImageOfPage":{"@id":"https:\/\/develop.olympic.ca\/olympique\/2017\/02\/05\/envolez-vous-vers-la-grece-avec-lacadamie-internationale-olympique\/#primaryimage"},"image":{"@id":"https:\/\/develop.olympic.ca\/olympique\/2017\/02\/05\/envolez-vous-vers-la-grece-avec-lacadamie-internationale-olympique\/#primaryimage"},"thumbnailUrl":"https:\/\/develop.olympic.ca\/olympique\/wp-content\/uploads\/sites\/2\/2017\/02\/ioa-2.jpg?quality=100","datePublished":"2017-02-05T15:32:01+00:00","author":{"@id":"https:\/\/develop.olympic.ca\/olympique\/#\/schema\/person\/b1f02c0e9401652f763191612edde4e2"},"inLanguage":"fr-FR","potentialAction":[{"@type":"ReadAction","target":["https:\/\/develop.olympic.ca\/olympique\/2017\/02\/05\/envolez-vous-vers-la-grece-avec-lacadamie-internationale-olympique\/"]}]},{"@type":"ImageObject","inLanguage":"fr-FR","@id":"https:\/\/develop.olympic.ca\/olympique\/2017\/02\/05\/envolez-vous-vers-la-grece-avec-lacadamie-internationale-olympique\/#primaryimage","url":"https:\/\/develop.olympic.ca\/olympique\/wp-content\/uploads\/sites\/2\/2017\/02\/ioa-2.jpg?quality=100","contentUrl":"https:\/\/develop.olympic.ca\/olympique\/wp-content\/uploads\/sites\/2\/2017\/02\/ioa-2.jpg?quality=100","width":1010,"height":568},{"@type":"WebSite","@id":"https:\/\/develop.olympic.ca\/olympique\/#website","url":"https:\/\/develop.olympic.ca\/olympique\/","name":"\u00c9quipe Canada | Site officiel de l&#039;\u00e9quipe olympique","description":"Votre source pour l\u2019\u00c9quipe olympique canadienne. Retrouvez les r\u00e9cits, vid\u00e9os et photos des athl\u00e8tes canadiens, sports olympiques, Jeux olympiques de 2020 et bien plus!","potentialAction":[{"@type":"SearchAction","target":{"@type":"EntryPoint","urlTemplate":"https:\/\/develop.olympic.ca\/olympique\/?s={search_term_string}"},"query-input":{"@type":"PropertyValueSpecification","valueRequired":true,"valueName":"search_term_string"}}],"inLanguage":"fr-FR"},{"@type":"Person","@id":"https:\/\/develop.olympic.ca\/olympique\/#\/schema\/person\/b1f02c0e9401652f763191612edde4e2","name":"Ariane Desrosiers","image":{"@type":"ImageObject","inLanguage":"fr-FR","@id":"https:\/\/secure.gravatar.com\/avatar\/f7248cc9e6971153fdd196741b079c0229522d18a24f1fb69fb73c510aa6e189?s=96&d=identicon&r=gbd92884420bbfa56539e46241678b7d5","url":"https:\/\/secure.gravatar.com\/avatar\/f7248cc9e6971153fdd196741b079c0229522d18a24f1fb69fb73c510aa6e189?s=96&d=identicon&r=g","contentUrl":"https:\/\/secure.gravatar.com\/avatar\/f7248cc9e6971153fdd196741b079c0229522d18a24f1fb69fb73c510aa6e189?s=96&d=identicon&r=g","caption":"Ariane Desrosiers"},"description":"Specialist, Social Sp\u00e9cialiste, M\u00e9dias num\u00e9riques","url":"https:\/\/develop.olympic.ca\/olympique\/author\/arianedesrosiers\/"}]}},"jetpack_featured_media_url":"https:\/\/develop.olympic.ca\/olympique\/wp-content\/uploads\/sites\/2\/2017\/02\/ioa-2.jpg?quality=100","featured_image_url":"https:\/\/develop.olympic.ca\/olympique\/wp-content\/uploads\/sites\/2\/2017\/02\/ioa-2.jpg?quality=100","author_name":["Ariane Desrosiers"],"category_names":["Uncategorized"],"tag_names":["Acad\u00e9mie internationale olympique","AIO","\u00e9ducation","Gr\u00e8ce","IOA","Olympie"],"video_embed_code":"","facebook_video_embed_code":"","jetpack_sharing_enabled":true,"jetpack-related-posts":[],"jetpack_shortlink":"https:\/\/wp.me\/pbmyEP-wQ9","_links":{"self":[{"href":"https:\/\/develop.olympic.ca\/olympique\/wp-json\/wp\/v2\/posts\/126241","targetHints":{"allow":["GET"]}}],"collection":[{"href":"https:\/\/develop.olympic.ca\/olympique\/wp-json\/wp\/v2\/posts"}],"about":[{"href":"https:\/\/develop.olympic.ca\/olympique\/wp-json\/wp\/v2\/types\/post"}],"author":[{"embeddable":true,"href":"https:\/\/develop.olympic.ca\/olympique\/wp-json\/wp\/v2\/users\/96107080"}],"replies":[{"embeddable":true,"href":"https:\/\/develop.olympic.ca\/olympique\/wp-json\/wp\/v2\/comments?post=126241"}],"version-history":[{"count":5,"href":"https:\/\/develop.olympic.ca\/olympique\/wp-json\/wp\/v2\/posts\/126241\/revisions"}],"predecessor-version":[{"id":126325,"href":"https:\/\/develop.olympic.ca\/olympique\/wp-json\/wp\/v2\/posts\/126241\/revisions\/126325"}],"wp:featuredmedia":[{"embeddable":true,"href":"https:\/\/develop.olympic.ca\/olympique\/wp-json\/wp\/v2\/media\/126324"}],"wp:attachment":[{"href":"https:\/\/develop.olympic.ca\/olympique\/wp-json\/wp\/v2\/media?parent=126241"}],"wp:term":[{"taxonomy":"category","embeddable":true,"href":"https:\/\/develop.olympic.ca\/olympique\/wp-json\/wp\/v2\/categories?post=126241"},{"taxonomy":"post_tag","embeddable":true,"href":"https:\/\/develop.olympic.ca\/olympique\/wp-json\/wp\/v2\/tags?post=126241"},{"taxonomy":"post_format","embeddable":true,"href":"https:\/\/develop.olympic.ca\/olympique\/wp-json\/wp\/v2\/post_format?post=126241"},{"taxonomy":"sport","embeddable":true,"href":"https:\/\/develop.olympic.ca\/olympique\/wp-json\/wp\/v2\/sport?post=126241"},{"taxonomy":"game","embeddable":true,"href":"https:\/\/develop.olympic.ca\/olympique\/wp-json\/wp\/v2\/game?post=126241"},{"taxonomy":"author","embeddable":true,"href":"https:\/\/develop.olympic.ca\/olympique\/wp-json\/wp\/v2\/coauthors?post=126241"}],"curies":[{"name":"wp","href":"https:\/\/api.w.org\/{rel}","templated":true}]}}