{"id":129379,"date":"2017-07-21T15:33:12","date_gmt":"2017-07-21T19:33:12","guid":{"rendered":"http:\/\/develop.olympic.ca\/olympique\/?p=129379"},"modified":"2017-07-21T15:49:03","modified_gmt":"2017-07-21T19:49:03","slug":"largent-pour-brandon-mcbride-et-un-record-national-pour-melissa-bishop-a-monaco","status":"publish","type":"post","link":"https:\/\/develop.olympic.ca\/olympique\/2017\/07\/21\/largent-pour-brandon-mcbride-et-un-record-national-pour-melissa-bishop-a-monaco\/","title":{"rendered":"L\u2019argent pour Brandon McBride et un record national pour Melissa Bishop \u00e0 Monaco"},"content":{"rendered":"<h1>C\u2019est au Stade Louis\u00a0II que les meilleurs athl\u00e8tes de la plan\u00e8te se sont donn\u00e9 rendez-vous pour une derni\u00e8re fois avant les Mondiaux de Londres le mois prochain et les Canadiens en ont profit\u00e9 pour r\u00e9aliser quelques performances notoires.<\/h1>\n<p>Voici ce que vous avez rat\u00e9 :<\/p>\n<h2>800\u00a0m masculin<\/h2>\n<div class=\"embed-twitter\">\n<blockquote class=\"twitter-tweet\" data-width=\"550\">\n<p lang=\"en\" dir=\"ltr\">Solid race and runner-up finish for Brandon McBride (<a href=\"https:\/\/twitter.com\/mcbride46\">@mcbride46<\/a>) in the <a href=\"https:\/\/twitter.com\/hashtag\/MonacoDL?src=hash\">#MonacoDL<\/a> 800m with SB of 1:44.41 <a href=\"https:\/\/t.co\/srH5y5Hrtz\">pic.twitter.com\/srH5y5Hrtz<\/a><\/p>\n<p>&mdash; Athletics Canada (@AthleticsCanada) <a href=\"https:\/\/twitter.com\/AthleticsCanada\/status\/888473770788360194\">July 21, 2017<\/a><\/p><\/blockquote>\n<p><script async src=\"\/\/platform.twitter.com\/widgets.js\" charset=\"utf-8\"><\/script><\/div>\n<p>L\u2019olympien <a href=\"http:\/\/develop.olympic.ca\/olympique\/team-canada\/brandon-mcbride\/\">Brandon McBride<\/a> a r\u00e9alis\u00e9 sa meilleure performance cette saison pour s\u2019emparer de l\u2019argent \u00e0 l\u2019\u00e9preuve du 800\u00a0m. Se positionnant derri\u00e8re le coureur responsable de donner le rythme d\u00e8s les premiers m\u00e8tres, Brandon a su maintenir la cadence jusqu\u2019au fil d\u2019arriv\u00e9e avec un chrono de 1\u00a0:44,41 secondes, soit pr\u00e8s d\u2019une demi-seconde plus rapide que meilleur temps jusqu\u2019\u00e0 pr\u00e9sent cette saison. C\u2019est Emmanuel Korir du Kenya qui remporta la course avec un temps de 1\u00a0:43,10 s alors qu\u2019Antoine Gakeme du Burundi a compl\u00e9t\u00e9 le podium avec un chrono de 1\u00a0:44,54 secondes.<\/p>\n<h2>800\u00a0m f\u00e9minin<\/h2>\n<div class=\"embed-twitter\">\n<blockquote class=\"twitter-tweet\" data-width=\"550\">\n<p lang=\"fr\" dir=\"ltr\">.<a href=\"https:\/\/twitter.com\/BishopMelissa\">@BishopMelissa<\/a> a fracass\u00e9 son record canadien au 800 m avec un temps de 1 min 57 s 1\/100 \u00e0 Monaco. Revoyez sa course \u2b07 <a href=\"https:\/\/t.co\/YN6A2E9f4T\">pic.twitter.com\/YN6A2E9f4T<\/a><\/p>\n<p>&mdash; Radio-Canada Sports (@RC_Sports) <a href=\"https:\/\/twitter.com\/RC_Sports\/status\/888475638927065089\">July 21, 2017<\/a><\/p><\/blockquote>\n<p><script async src=\"\/\/platform.twitter.com\/widgets.js\" charset=\"utf-8\"><\/script><\/div>\n<p>Melissa Bishop n\u2019a peut-\u00eatre pas atteint le podium de la Diamond League \u00e0 Monaco, mais elle a tout de m\u00eame inscrit une page d\u2019histoire canadienne. Celle qui a termin\u00e9 quatri\u00e8me \u00e0 Rio\u00a02016 a battu son propre record national dans la course la plus rapide jusqu\u2019\u00e0 pr\u00e9sent cette saison. Cinqui\u00e8me \u00e0 Monaco avec un chrono de 1\u00a0:57,01 secondes, Melissa a abaiss\u00e9 son record \u00e9tabli <a href=\"http:\/\/develop.olympic.ca\/olympique\/2016\/08\/20\/rio-2016-resume-du-jour-15\/\">en finale du 800\u00a0m \u00e0 Rio\u00a02016 par un centi\u00e8me de seconde.<\/a> Les trois premi\u00e8res coureuses qui ont franchi le fil d\u2019arriv\u00e9e ont aussi battu les records de leurs pays respectifs. Caster Semenya d\u2019Afrique du Sud (1\u00a0:55,27\u00a0s), Francine Niyonsaba du Burundi (1\u00a0:55,47\u00a0s) et l\u2019Am\u00e9ricaine Ajee Wilson (1\u00a0:55,61\u00a0s) sont reparties avec les m\u00e9dailles d\u2019or, d\u2019argent et de bronze respectivement.<\/p>\n<h2>Saut \u00e0 la perche<\/h2>\n<div id=\"attachment_109723\" style=\"width: 680px\" class=\"wp-caption alignnone\"><img loading=\"lazy\" decoding=\"async\" aria-describedby=\"caption-attachment-109723\" class=\"size-full wp-image-109723\" src=\"https:\/\/develop.olympic.ca\/wp-content\/uploads\/sites\/2\/2015\/08\/barberworld.jpg?quality=75\" alt=\"\" width=\"670\" height=\"377\" srcset=\"https:\/\/develop.olympic.ca\/olympique\/wp-content\/uploads\/sites\/2\/2015\/08\/barberworld.jpg 670w, https:\/\/develop.olympic.ca\/olympique\/wp-content\/uploads\/sites\/2\/2015\/08\/barberworld.jpg?resize=280,158 280w, https:\/\/develop.olympic.ca\/olympique\/wp-content\/uploads\/sites\/2\/2015\/08\/barberworld.jpg?resize=660,371 660w\" sizes=\"(max-width: 670px) 100vw, 670px\" \/><p id=\"caption-attachment-109723\" class=\"wp-caption-text\">Shawn Barber en action aux Mondiaux d&rsquo;athl\u00e9tisme de 2015 o\u00f9 il a \u00e9t\u00e9 sacr\u00e9 champion du monde.<\/p><\/div>\n<p>Toujours en pr\u00e9paration en vue des Mondiaux de Londres o\u00f9 il d\u00e9fendra son titre de champion du monde, le Canadien <a href=\"http:\/\/develop.olympic.ca\/olympique\/team-canada\/shawnacy-barber\/\">Shawn Barber<\/a> a r\u00e9alis\u00e9 sa meilleure performance de la saison au saut \u00e0 la perche en franchissant la barre \u00e0 5,72\u00a0m, suffisamment bon pour prendre le sixi\u00e8me rang de l&rsquo;\u00e9preuve.<\/p>\n<p><a href=\"https:\/\/twitter.com\/OlympiqueCanada?lang=fr\"><img loading=\"lazy\" decoding=\"async\" class=\"alignnone size-full wp-image-124596\" src=\"https:\/\/develop.olympic.ca\/wp-content\/uploads\/sites\/2\/2016\/09\/twitter_frsocial-ads.png\" alt=\"twitter_frsocial-ads\" width=\"1180\" height=\"100\" srcset=\"https:\/\/develop.olympic.ca\/olympique\/wp-content\/uploads\/sites\/2\/2016\/09\/twitter_frsocial-ads.png 1180w, https:\/\/develop.olympic.ca\/olympique\/wp-content\/uploads\/sites\/2\/2016\/09\/twitter_frsocial-ads.png?resize=280,24 280w, https:\/\/develop.olympic.ca\/olympique\/wp-content\/uploads\/sites\/2\/2016\/09\/twitter_frsocial-ads.png?resize=660,56 660w, https:\/\/develop.olympic.ca\/olympique\/wp-content\/uploads\/sites\/2\/2016\/09\/twitter_frsocial-ads.png?resize=768,65 768w\" sizes=\"(max-width: 1180px) 100vw, 1180px\" \/><\/a><\/p>\n","protected":false},"excerpt":{"rendered":"<p>C\u2019est au Stade Louis\u00a0II que les meilleurs athl\u00e8tes de la plan\u00e8te se sont donn\u00e9 rendez-vous pour une derni\u00e8re fois avant&#8230;<\/p>\n","protected":false},"author":96107080,"featured_media":129383,"comment_status":"closed","ping_status":"closed","sticky":false,"template":"","format":"standard","meta":{"_acf_changed":false,"_jetpack_newsletter_access":"","_jetpack_dont_email_post_to_subs":false,"_jetpack_newsletter_tier_id":0,"_jetpack_memberships_contains_paywalled_content":false,"_jetpack_memberships_contains_paid_content":false,"footnotes":"","jetpack_post_was_ever_published":false},"categories":[1],"tags":[67649422,415983903,36297166,44301615,6464552,101448546],"post_format":"standard","sport":[48770],"game":[],"coauthors":[209272438],"class_list":["post-129379","post","type-post","status-publish","format-standard","has-post-thumbnail","hentry","category-uncategorized","tag-brandon-mcbride","tag-diamond-league","tag-iaaf-diamond-league","tag-melissa-bishop","tag-shawn-barber","tag-shawnacy-barber","sport-athletisme"],"acf":[],"featured_image_url":"https:\/\/develop.olympic.ca\/olympique\/wp-content\/uploads\/sites\/2\/2017\/07\/bishop.jpg?quality=100","author_name":["Ariane Desrosiers"],"category_names":["Uncategorized"],"tag_names":["Brandon McBride","Diamond League","IAAF Diamond League","Melissa Bishop","shawn barber","Shawnacy Barber"],"video_embed_code":"","facebook_video_embed_code":"","jetpack_sharing_enabled":true,"jetpack-related-posts":[],"jetpack_shortlink":"https:\/\/wp.me\/pbmyEP-xEL","jetpack_featured_media_url":"https:\/\/develop.olympic.ca\/olympique\/wp-content\/uploads\/sites\/2\/2017\/07\/bishop.jpg?quality=100","_links":{"self":[{"href":"https:\/\/develop.olympic.ca\/olympique\/wp-json\/wp\/v2\/posts\/129379","targetHints":{"allow":["GET"]}}],"collection":[{"href":"https:\/\/develop.olympic.ca\/olympique\/wp-json\/wp\/v2\/posts"}],"about":[{"href":"https:\/\/develop.olympic.ca\/olympique\/wp-json\/wp\/v2\/types\/post"}],"author":[{"embeddable":true,"href":"https:\/\/develop.olympic.ca\/olympique\/wp-json\/wp\/v2\/users\/96107080"}],"replies":[{"embeddable":true,"href":"https:\/\/develop.olympic.ca\/olympique\/wp-json\/wp\/v2\/comments?post=129379"}],"version-history":[{"count":4,"href":"https:\/\/develop.olympic.ca\/olympique\/wp-json\/wp\/v2\/posts\/129379\/revisions"}],"predecessor-version":[{"id":129385,"href":"https:\/\/develop.olympic.ca\/olympique\/wp-json\/wp\/v2\/posts\/129379\/revisions\/129385"}],"wp:featuredmedia":[{"embeddable":true,"href":"https:\/\/develop.olympic.ca\/olympique\/wp-json\/wp\/v2\/media\/129383"}],"wp:attachment":[{"href":"https:\/\/develop.olympic.ca\/olympique\/wp-json\/wp\/v2\/media?parent=129379"}],"wp:term":[{"taxonomy":"category","embeddable":true,"href":"https:\/\/develop.olympic.ca\/olympique\/wp-json\/wp\/v2\/categories?post=129379"},{"taxonomy":"post_tag","embeddable":true,"href":"https:\/\/develop.olympic.ca\/olympique\/wp-json\/wp\/v2\/tags?post=129379"},{"taxonomy":"post_format","embeddable":true,"href":"https:\/\/develop.olympic.ca\/olympique\/wp-json\/wp\/v2\/post_format?post=129379"},{"taxonomy":"sport","embeddable":true,"href":"https:\/\/develop.olympic.ca\/olympique\/wp-json\/wp\/v2\/sport?post=129379"},{"taxonomy":"game","embeddable":true,"href":"https:\/\/develop.olympic.ca\/olympique\/wp-json\/wp\/v2\/game?post=129379"},{"taxonomy":"author","embeddable":true,"href":"https:\/\/develop.olympic.ca\/olympique\/wp-json\/wp\/v2\/coauthors?post=129379"}],"curies":[{"name":"wp","href":"https:\/\/api.w.org\/{rel}","templated":true}]}}