{"id":130555,"date":"2017-09-15T16:10:12","date_gmt":"2017-09-15T20:10:12","guid":{"rendered":"http:\/\/develop.olympic.ca\/olympique\/?p=130555"},"modified":"2017-09-15T18:24:23","modified_gmt":"2017-09-15T22:24:23","slug":"le-programme-face-de-petro-canada-appuie-55-nouveaux-futurs-olympiens-et-paralympiens","status":"publish","type":"post","link":"https:\/\/develop.olympic.ca\/olympique\/2017\/09\/15\/le-programme-face-de-petro-canada-appuie-55-nouveaux-futurs-olympiens-et-paralympiens\/","title":{"rendered":"Le programme FACE de P\u00e9tro-Canada appuie 55 nouveaux espoirs olympiques et paralympiques"},"content":{"rendered":"<h1>P\u00e9tro-Canada a d\u00e9voil\u00e9 vendredi les 55 duos d&rsquo;athl\u00e8tes et d&rsquo;entra\u00eeneurs qui recevront respectivement 10 000 $ en financement pour la prochaine ann\u00e9e.<\/h1>\n<p>Les bourses du programme\u00a0Favoriser les Athl\u00e8tes et les Entra\u00eeneurs \u00e0 la Conqu\u00eate de l&rsquo;Excellence (FACE) sont octroy\u00e9s aux athl\u00e8tes amateurs qui esp\u00e8rent repr\u00e9senter un jour le Canada aux Jeux olympiques et paralympiques, mais qui ne sont pas encore \u00e9ligibles pour recevoir des fonds gouvernementaux.<\/p>\n<p>Chaque athl\u00e8te et entra\u00eeneur s\u00e9lectionn\u00e9 re\u00e7oit directement 5 000 $ pour financer les co\u00fbts li\u00e9s \u00e0 l&rsquo;entra\u00eenement, les d\u00e9placements vers diff\u00e9rentes comp\u00e9titions, l&rsquo;\u00e9quipement et l&rsquo;\u00e9ducation des entra\u00eeneurs.<\/p>\n<p><img loading=\"lazy\" decoding=\"async\" class=\"alignleft size-full wp-image-130597\" src=\"https:\/\/develop.olympic.ca\/wp-content\/uploads\/sites\/2\/2017\/09\/petro-infographic-09152017-02-copy.jpg?quality=75\" alt=\"\" width=\"1355\" height=\"2507\" srcset=\"https:\/\/develop.olympic.ca\/olympique\/wp-content\/uploads\/sites\/2\/2017\/09\/petro-infographic-09152017-02-copy.jpg 1355w, https:\/\/develop.olympic.ca\/olympique\/wp-content\/uploads\/sites\/2\/2017\/09\/petro-infographic-09152017-02-copy.jpg?resize=85,158 85w, https:\/\/develop.olympic.ca\/olympique\/wp-content\/uploads\/sites\/2\/2017\/09\/petro-infographic-09152017-02-copy.jpg?resize=201,371 201w, https:\/\/develop.olympic.ca\/olympique\/wp-content\/uploads\/sites\/2\/2017\/09\/petro-infographic-09152017-02-copy.jpg?resize=768,1421 768w, https:\/\/develop.olympic.ca\/olympique\/wp-content\/uploads\/sites\/2\/2017\/09\/petro-infographic-09152017-02-copy.jpg?resize=408,754 408w, https:\/\/develop.olympic.ca\/olympique\/wp-content\/uploads\/sites\/2\/2017\/09\/petro-infographic-09152017-02-copy.jpg?resize=830,1536 830w, https:\/\/develop.olympic.ca\/olympique\/wp-content\/uploads\/sites\/2\/2017\/09\/petro-infographic-09152017-02-copy.jpg?resize=1107,2048 1107w\" sizes=\"(max-width: 1355px) 100vw, 1355px\" \/><\/p>\n<p>Cette ann\u00e9e, le groupe de laur\u00e9ats inclut 42 athl\u00e8tes pratiquant un sport olympique et 13 issus de sports paralympiques. Du c\u00f4t\u00e9 des sports olympiques, on retrouve autant d&rsquo;athl\u00e8tes masculins que f\u00e9minins.<\/p>\n<p>Treize disciplines olympiques d&rsquo;hiver sont repr\u00e9sent\u00e9es (le ski alpin, le biathlon, le bobsleigh, le curling, le ski de fond, le patinage artistique, le ski acrobatique \u2013 demi-lune et le ski cross, le patinage de vitesse longue piste, la luge, le patinage de vitesse courte piste, le saut \u00e0 ski et le snowboard) en plus de 26 disciplines des Jeux d&rsquo;\u00e9t\u00e9\u00a0(le tir \u00e0 l&rsquo;arc, l&rsquo;athl\u00e9tisme, le badminton, le volleyball de plage, la boxe, le cano\u00eb\/kayak \u2013 le slalom et sprint, le BMX, le cyclisme sur piste, le plongeon, l&rsquo;escrime, le soccer, la gymnastique artistique, la gymnastique rythmique, le hockey sur gazon, le judo, le karat\u00e9, le rugby, la voile, le tir, l&rsquo;escalade, le surf, la natation, la nage synchronis\u00e9e, le tennis de table et la lutte)<\/p>\n<blockquote class=\"instagram-media\" data-instgrm-captioned data-instgrm-permalink=\"https:\/\/www.instagram.com\/p\/BZC1jrnh-7l\/?utm_source=ig_embed&amp;utm_campaign=loading\" data-instgrm-version=\"13\" style=\" background:#FFF; border:0; border-radius:3px; box-shadow:0 0 1px 0 rgba(0,0,0,0.5),0 1px 10px 0 rgba(0,0,0,0.15); margin: 1px; max-width:658px; min-width:326px; padding:0; width:99.375%; width:-webkit-calc(100% - 2px); width:calc(100% - 2px);\">\n<div style=\"padding:16px;\"> <a href=\"https:\/\/www.instagram.com\/p\/BZC1jrnh-7l\/?utm_source=ig_embed&amp;utm_campaign=loading\" style=\" background:#FFFFFF; line-height:0; padding:0 0; text-align:center; text-decoration:none; width:100%;\" target=\"_blank\"> <\/p>\n<div style=\" display: flex; flex-direction: row; align-items: center;\">\n<div style=\"background-color: #F4F4F4; border-radius: 50%; flex-grow: 0; height: 40px; margin-right: 14px; width: 40px;\"><\/div>\n<div style=\"display: flex; flex-direction: column; flex-grow: 1; justify-content: center;\">\n<div style=\" background-color: #F4F4F4; border-radius: 4px; flex-grow: 0; height: 14px; margin-bottom: 6px; width: 100px;\"><\/div>\n<div style=\" background-color: #F4F4F4; border-radius: 4px; flex-grow: 0; height: 14px; width: 60px;\"><\/div>\n<\/div>\n<\/div>\n<div style=\"padding: 19% 0;\"><\/div>\n<div style=\"display:block; height:50px; margin:0 auto 12px; width:50px;\"><svg width=\"50px\" height=\"50px\" viewBox=\"0 0 60 60\" version=\"1.1\" xmlns=\"https:\/\/www.w3.org\/2000\/svg\" xmlns:xlink=\"https:\/\/www.w3.org\/1999\/xlink\"><g stroke=\"none\" stroke-width=\"1\" fill=\"none\" fill-rule=\"evenodd\"><g transform=\"translate(-511.000000, -20.000000)\" fill=\"#000000\"><g><path d=\"M556.869,30.41 C554.814,30.41 553.148,32.076 553.148,34.131 C553.148,36.186 554.814,37.852 556.869,37.852 C558.924,37.852 560.59,36.186 560.59,34.131 C560.59,32.076 558.924,30.41 556.869,30.41 M541,60.657 C535.114,60.657 530.342,55.887 530.342,50 C530.342,44.114 535.114,39.342 541,39.342 C546.887,39.342 551.658,44.114 551.658,50 C551.658,55.887 546.887,60.657 541,60.657 M541,33.886 C532.1,33.886 524.886,41.1 524.886,50 C524.886,58.899 532.1,66.113 541,66.113 C549.9,66.113 557.115,58.899 557.115,50 C557.115,41.1 549.9,33.886 541,33.886 M565.378,62.101 C565.244,65.022 564.756,66.606 564.346,67.663 C563.803,69.06 563.154,70.057 562.106,71.106 C561.058,72.155 560.06,72.803 558.662,73.347 C557.607,73.757 556.021,74.244 553.102,74.378 C549.944,74.521 548.997,74.552 541,74.552 C533.003,74.552 532.056,74.521 528.898,74.378 C525.979,74.244 524.393,73.757 523.338,73.347 C521.94,72.803 520.942,72.155 519.894,71.106 C518.846,70.057 518.197,69.06 517.654,67.663 C517.244,66.606 516.755,65.022 516.623,62.101 C516.479,58.943 516.448,57.996 516.448,50 C516.448,42.003 516.479,41.056 516.623,37.899 C516.755,34.978 517.244,33.391 517.654,32.338 C518.197,30.938 518.846,29.942 519.894,28.894 C520.942,27.846 521.94,27.196 523.338,26.654 C524.393,26.244 525.979,25.756 528.898,25.623 C532.057,25.479 533.004,25.448 541,25.448 C548.997,25.448 549.943,25.479 553.102,25.623 C556.021,25.756 557.607,26.244 558.662,26.654 C560.06,27.196 561.058,27.846 562.106,28.894 C563.154,29.942 563.803,30.938 564.346,32.338 C564.756,33.391 565.244,34.978 565.378,37.899 C565.522,41.056 565.552,42.003 565.552,50 C565.552,57.996 565.522,58.943 565.378,62.101 M570.82,37.631 C570.674,34.438 570.167,32.258 569.425,30.349 C568.659,28.377 567.633,26.702 565.965,25.035 C564.297,23.368 562.623,22.342 560.652,21.575 C558.743,20.834 556.562,20.326 553.369,20.18 C550.169,20.033 549.148,20 541,20 C532.853,20 531.831,20.033 528.631,20.18 C525.438,20.326 523.257,20.834 521.349,21.575 C519.376,22.342 517.703,23.368 516.035,25.035 C514.368,26.702 513.342,28.377 512.574,30.349 C511.834,32.258 511.326,34.438 511.181,37.631 C511.035,40.831 511,41.851 511,50 C511,58.147 511.035,59.17 511.181,62.369 C511.326,65.562 511.834,67.743 512.574,69.651 C513.342,71.625 514.368,73.296 516.035,74.965 C517.703,76.634 519.376,77.658 521.349,78.425 C523.257,79.167 525.438,79.673 528.631,79.82 C531.831,79.965 532.853,80.001 541,80.001 C549.148,80.001 550.169,79.965 553.369,79.82 C556.562,79.673 558.743,79.167 560.652,78.425 C562.623,77.658 564.297,76.634 565.965,74.965 C567.633,73.296 568.659,71.625 569.425,69.651 C570.167,67.743 570.674,65.562 570.82,62.369 C570.966,59.17 571,58.147 571,50 C571,41.851 570.966,40.831 570.82,37.631\"><\/path><\/g><\/g><\/g><\/svg><\/div>\n<div style=\"padding-top: 8px;\">\n<div style=\" color:#3897f0; font-family:Arial,sans-serif; font-size:14px; font-style:normal; font-weight:550; line-height:18px;\"> View this post on Instagram<\/div>\n<\/div>\n<div style=\"padding: 12.5% 0;\"><\/div>\n<div style=\"display: flex; flex-direction: row; margin-bottom: 14px; align-items: center;\">\n<div>\n<div style=\"background-color: #F4F4F4; border-radius: 50%; height: 12.5px; width: 12.5px; transform: translateX(0px) translateY(7px);\"><\/div>\n<div style=\"background-color: #F4F4F4; height: 12.5px; transform: rotate(-45deg) translateX(3px) translateY(1px); width: 12.5px; flex-grow: 0; margin-right: 14px; margin-left: 2px;\"><\/div>\n<div style=\"background-color: #F4F4F4; border-radius: 50%; height: 12.5px; width: 12.5px; transform: translateX(9px) translateY(-18px);\"><\/div>\n<\/div>\n<div style=\"margin-left: 8px;\">\n<div style=\" background-color: #F4F4F4; border-radius: 50%; flex-grow: 0; height: 20px; width: 20px;\"><\/div>\n<div style=\" width: 0; height: 0; border-top: 2px solid transparent; border-left: 6px solid #f4f4f4; border-bottom: 2px solid transparent; transform: translateX(16px) translateY(-4px) rotate(30deg)\"><\/div>\n<\/div>\n<div style=\"margin-left: auto;\">\n<div style=\" width: 0px; border-top: 8px solid #F4F4F4; border-right: 8px solid transparent; transform: translateY(16px);\"><\/div>\n<div style=\" background-color: #F4F4F4; flex-grow: 0; height: 12px; width: 16px; transform: translateY(-4px);\"><\/div>\n<div style=\" width: 0; height: 0; border-top: 8px solid #F4F4F4; border-left: 8px solid transparent; transform: translateY(-4px) translateX(8px);\"><\/div>\n<\/div>\n<\/div>\n<div style=\"display: flex; flex-direction: column; flex-grow: 1; justify-content: center; margin-bottom: 24px;\">\n<div style=\" background-color: #F4F4F4; border-radius: 4px; flex-grow: 0; height: 14px; margin-bottom: 6px; width: 224px;\"><\/div>\n<div style=\" background-color: #F4F4F4; border-radius: 4px; flex-grow: 0; height: 14px; width: 144px;\"><\/div>\n<\/div>\n<p><\/a><\/p>\n<p style=\" color:#c9c8cd; font-family:Arial,sans-serif; font-size:14px; line-height:17px; margin-bottom:0; margin-top:8px; overflow:hidden; padding:8px 0 7px; text-align:center; text-overflow:ellipsis; white-space:nowrap;\"><a href=\"https:\/\/www.instagram.com\/p\/BZC1jrnh-7l\/?utm_source=ig_embed&amp;utm_campaign=loading\" style=\" color:#c9c8cd; font-family:Arial,sans-serif; font-size:14px; font-style:normal; font-weight:normal; line-height:17px; text-decoration:none;\" target=\"_blank\">A post shared by Alannah Yip (@alannah_yip)<\/a><\/p>\n<\/div>\n<\/blockquote>\n<p><script async src=\"\/\/platform.instagram.com\/en_US\/embeds.js\"><\/script><\/p>\n<p>Le karat\u00e9, l&rsquo;escalade et le surf feront leurs d\u00e9buts olympiques aux Jeux de Tokyo 2020.<\/p>\n<p>L&rsquo;\u00e2ge moyen des laur\u00e9ats est de 18,3 ans, le plus jeune \u00e9tant le plongeur\u00a0Carson Paul. L&rsquo;athl\u00e8te de curling Casey Scheidegger, 29 ans, est la plus \u00e2g\u00e9e.<\/p>\n<p>Les athl\u00e8tes proviennent de six provinces diff\u00e9rentes, dont 16 de l&rsquo;Ontario, neuf de la Colombie-Britannique, sept du Qu\u00e9bec, six de l&rsquo;Alberta, deux de la Saskatchewan et un du Manitoba. On retrouve \u00e9galement un athl\u00e8te \u00e9tabli en Californie.<\/p>\n<div class=\"fb-post\" data-href=\"https:\/\/www.facebook.com\/karimlasersailing\/photos\/a.770447039632920.1073741830.521189431225350\/1713209558689992\/?type=3&#038;theater\" data-width=\"552\" style=\"background-color: #fff; display: inline-block;\"><\/div>\n<p>Bien que ces athl\u00e8tes ne soient pas encore olympiens, quatre d&rsquo;entre eux sont conseill\u00e9s par des entra\u00eeneurs ayant v\u00e9cu l&rsquo;exp\u00e9rience olympique. L&rsquo;entra\u00eeneuse de Scheidegger,\u00a0<a href=\"http:\/\/develop.olympic.ca\/olympique\/team-canada\/carolyn-darbyshire\/\">Carolyn Darbyshir<\/a>, est la m\u00e9daill\u00e9e d&rsquo;argent aux Jeux de 2010 \u00e0 Vancouver. La patineuse de vitesse\u00a0V\u00e9ronique D\u00e9ry est guid\u00e9e par l&rsquo;olympien\u00a0<a href=\"http:\/\/develop.olympic.ca\/olympique\/team-canada\/munef-ouardi\/\">Muncef Ouardi<\/a>.\u00a0Terence Young, athl\u00e8te en tennis de table, est entra\u00een\u00e9 par\u00a0<a href=\"http:\/\/develop.olympic.ca\/olympique\/team-canada\/pradeeban-peter-paul\/\">Pradeeban Peter-Paul<\/a> qui a pris part aux Jeux en 2008. Le marin\u00a0Fillah Karim est dirig\u00e9 par Vasilij Zbogar, gagnant de trois m\u00e9dailles olympiques pour la Slov\u00e9nie, incluant une d&rsquo;argent \u00e0 Rio.<\/p>\n<p>Depuis les d\u00e9buts du programme en 1988, plus de 2900 athl\u00e8tes et entra\u00eeneurs ont b\u00e9n\u00e9fici\u00e9 d&rsquo;un appuie financier totalisant plus de 10 millions $. Plusieurs d&rsquo;entre eux ont r\u00e9ussi \u00e0 r\u00e9aliser leur r\u00eave olympique incluant\u00a0<a href=\"http:\/\/develop.olympic.ca\/olympique\/team-canada\/marielle-thompson\/\">Marielle Thompson<\/a>, <a href=\"http:\/\/develop.olympic.ca\/olympique\/team-canada\/kaitlyn-lawes\/\">Kaitlyn Lawes<\/a>, <a href=\"http:\/\/develop.olympic.ca\/olympique\/team-canada\/patrick-chan\/\">Patrick Chan<\/a> et <a href=\"http:\/\/develop.olympic.ca\/olympique\/team-canada\/jasmin-glaesser\/\">Jasmin Glaesser<\/a>.<\/p>\n<p>Vous pouvez consulter la liste compl\u00e8te des laur\u00e9ats du programme FACE 2017 <a href=\"https:\/\/www.facebook.com\/pg\/petrocanadafuelsathletes\/photos\/?tab=album&amp;album_id=10159582048180647\">en cliquant ici<\/a>.<\/p>\n<p><a href=\"https:\/\/twitter.com\/OlympiqueCanada\"><img decoding=\"async\" src=\"https:\/\/develop.olympic.ca\/wp-content\/uploads\/sites\/2\/2016\/09\/twitter_frsocial-ads.png\" \/><\/a><\/p>\n","protected":false},"excerpt":{"rendered":"<p>P\u00e9tro-Canada a d\u00e9voil\u00e9 vendredi les 55 duos d&rsquo;athl\u00e8tes et d&rsquo;entra\u00eeneurs qui recevront respectivement 10 000 $ en financement pour la&#8230;<\/p>\n","protected":false},"author":52435451,"featured_media":130588,"comment_status":"closed","ping_status":"closed","sticky":false,"template":"","format":"standard","meta":{"_acf_changed":false,"_crdt_document":"","_jetpack_memberships_contains_paid_content":false,"footnotes":""},"categories":[1],"tags":[],"post_format":"standard","sport":[],"game":[],"coauthors":[197557601],"class_list":["post-130555","post","type-post","status-publish","format-standard","has-post-thumbnail","hentry","category-uncategorized"],"acf":[],"yoast_head":"<!-- This site is optimized with the Yoast SEO plugin v27.3 - https:\/\/yoast.com\/product\/yoast-seo-wordpress\/ -->\n<title>Le programme FACE de P\u00e9tro-Canada appuie 55 nouveaux espoirs olympiques et paralympiques - \u00c9quipe Canada | Site officiel de l&#039;\u00e9quipe olympique<\/title>\n<meta name=\"robots\" content=\"index, follow, max-snippet:-1, max-image-preview:large, max-video-preview:-1\" \/>\n<link rel=\"canonical\" href=\"https:\/\/develop.olympic.ca\/olympique\/2017\/09\/15\/le-programme-face-de-petro-canada-appuie-55-nouveaux-futurs-olympiens-et-paralympiens\/\" \/>\n<meta property=\"og:locale\" content=\"fr_FR\" \/>\n<meta property=\"og:type\" content=\"article\" \/>\n<meta property=\"og:title\" content=\"Le programme FACE de P\u00e9tro-Canada appuie 55 nouveaux espoirs olympiques et paralympiques - \u00c9quipe Canada | Site officiel de l&#039;\u00e9quipe olympique\" \/>\n<meta property=\"og:description\" content=\"P\u00e9tro-Canada a d\u00e9voil\u00e9 vendredi les 55 duos d&rsquo;athl\u00e8tes et d&rsquo;entra\u00eeneurs qui recevront respectivement 10 000 $ en financement pour la...\" \/>\n<meta property=\"og:url\" content=\"https:\/\/develop.olympic.ca\/olympique\/2017\/09\/15\/le-programme-face-de-petro-canada-appuie-55-nouveaux-futurs-olympiens-et-paralympiens\/\" \/>\n<meta property=\"og:site_name\" content=\"\u00c9quipe Canada | Site officiel de l&#039;\u00e9quipe olympique\" \/>\n<meta property=\"article:published_time\" content=\"2017-09-15T20:10:12+00:00\" \/>\n<meta property=\"article:modified_time\" content=\"2017-09-15T22:24:23+00:00\" \/>\n<meta name=\"author\" content=\"Paula Nichols\" \/>\n<meta name=\"twitter:card\" content=\"summary_large_image\" \/>\n<meta name=\"twitter:image\" content=\"https:\/\/develop.olympic.ca\/olympique\/wp-content\/uploads\/sites\/2\/2017\/09\/face.jpg?quality=100\" \/>\n<meta name=\"twitter:label1\" content=\"Written by\" \/>\n\t<meta name=\"twitter:data1\" content=\"Paula Nichols\" \/>\n\t<meta name=\"twitter:label2\" content=\"Est. reading time\" \/>\n\t<meta name=\"twitter:data2\" content=\"3 minutes\" \/>\n<script type=\"application\/ld+json\" class=\"yoast-schema-graph\">{\"@context\":\"https:\\\/\\\/schema.org\",\"@graph\":[{\"@type\":\"Article\",\"@id\":\"https:\\\/\\\/develop.olympic.ca\\\/olympique\\\/2017\\\/09\\\/15\\\/le-programme-face-de-petro-canada-appuie-55-nouveaux-futurs-olympiens-et-paralympiens\\\/#article\",\"isPartOf\":{\"@id\":\"https:\\\/\\\/develop.olympic.ca\\\/olympique\\\/2017\\\/09\\\/15\\\/le-programme-face-de-petro-canada-appuie-55-nouveaux-futurs-olympiens-et-paralympiens\\\/\"},\"author\":{\"name\":\"Paula Nichols\",\"@id\":\"https:\\\/\\\/develop.olympic.ca\\\/olympique\\\/#\\\/schema\\\/person\\\/3c314bd10dc37d246fe1858c04d5089c\"},\"headline\":\"Le programme FACE de P\u00e9tro-Canada appuie 55 nouveaux espoirs olympiques et paralympiques\",\"datePublished\":\"2017-09-15T20:10:12+00:00\",\"dateModified\":\"2017-09-15T22:24:23+00:00\",\"mainEntityOfPage\":{\"@id\":\"https:\\\/\\\/develop.olympic.ca\\\/olympique\\\/2017\\\/09\\\/15\\\/le-programme-face-de-petro-canada-appuie-55-nouveaux-futurs-olympiens-et-paralympiens\\\/\"},\"wordCount\":578,\"image\":{\"@id\":\"https:\\\/\\\/develop.olympic.ca\\\/olympique\\\/2017\\\/09\\\/15\\\/le-programme-face-de-petro-canada-appuie-55-nouveaux-futurs-olympiens-et-paralympiens\\\/#primaryimage\"},\"thumbnailUrl\":\"https:\\\/\\\/develop.olympic.ca\\\/olympique\\\/wp-content\\\/uploads\\\/sites\\\/2\\\/2017\\\/09\\\/face.jpg?quality=100\",\"articleSection\":[\"Uncategorized\"],\"inLanguage\":\"fr-FR\"},{\"@type\":\"WebPage\",\"@id\":\"https:\\\/\\\/develop.olympic.ca\\\/olympique\\\/2017\\\/09\\\/15\\\/le-programme-face-de-petro-canada-appuie-55-nouveaux-futurs-olympiens-et-paralympiens\\\/\",\"url\":\"https:\\\/\\\/develop.olympic.ca\\\/olympique\\\/2017\\\/09\\\/15\\\/le-programme-face-de-petro-canada-appuie-55-nouveaux-futurs-olympiens-et-paralympiens\\\/\",\"name\":\"Le programme FACE de P\u00e9tro-Canada appuie 55 nouveaux espoirs olympiques et paralympiques - \u00c9quipe Canada | Site officiel de l&#039;\u00e9quipe olympique\",\"isPartOf\":{\"@id\":\"https:\\\/\\\/develop.olympic.ca\\\/olympique\\\/#website\"},\"primaryImageOfPage\":{\"@id\":\"https:\\\/\\\/develop.olympic.ca\\\/olympique\\\/2017\\\/09\\\/15\\\/le-programme-face-de-petro-canada-appuie-55-nouveaux-futurs-olympiens-et-paralympiens\\\/#primaryimage\"},\"image\":{\"@id\":\"https:\\\/\\\/develop.olympic.ca\\\/olympique\\\/2017\\\/09\\\/15\\\/le-programme-face-de-petro-canada-appuie-55-nouveaux-futurs-olympiens-et-paralympiens\\\/#primaryimage\"},\"thumbnailUrl\":\"https:\\\/\\\/develop.olympic.ca\\\/olympique\\\/wp-content\\\/uploads\\\/sites\\\/2\\\/2017\\\/09\\\/face.jpg?quality=100\",\"datePublished\":\"2017-09-15T20:10:12+00:00\",\"dateModified\":\"2017-09-15T22:24:23+00:00\",\"author\":{\"@id\":\"https:\\\/\\\/develop.olympic.ca\\\/olympique\\\/#\\\/schema\\\/person\\\/3c314bd10dc37d246fe1858c04d5089c\"},\"inLanguage\":\"fr-FR\",\"potentialAction\":[{\"@type\":\"ReadAction\",\"target\":[\"https:\\\/\\\/develop.olympic.ca\\\/olympique\\\/2017\\\/09\\\/15\\\/le-programme-face-de-petro-canada-appuie-55-nouveaux-futurs-olympiens-et-paralympiens\\\/\"]}]},{\"@type\":\"ImageObject\",\"inLanguage\":\"fr-FR\",\"@id\":\"https:\\\/\\\/develop.olympic.ca\\\/olympique\\\/2017\\\/09\\\/15\\\/le-programme-face-de-petro-canada-appuie-55-nouveaux-futurs-olympiens-et-paralympiens\\\/#primaryimage\",\"url\":\"https:\\\/\\\/develop.olympic.ca\\\/olympique\\\/wp-content\\\/uploads\\\/sites\\\/2\\\/2017\\\/09\\\/face.jpg?quality=100\",\"contentUrl\":\"https:\\\/\\\/develop.olympic.ca\\\/olympique\\\/wp-content\\\/uploads\\\/sites\\\/2\\\/2017\\\/09\\\/face.jpg?quality=100\",\"width\":3000,\"height\":1688,\"caption\":\"Team Canada's Daniel Nestor and Vasek Pospisil compete against Portugal in the men's second round of doubles tennis, Rio de Janeiro, Brazil, Monday August 8, 2016. COC Photo\\\/David Jackson\"},{\"@type\":\"WebSite\",\"@id\":\"https:\\\/\\\/develop.olympic.ca\\\/olympique\\\/#website\",\"url\":\"https:\\\/\\\/develop.olympic.ca\\\/olympique\\\/\",\"name\":\"\u00c9quipe Canada | Site officiel de l&#039;\u00e9quipe olympique\",\"description\":\"Votre source pour l\u2019\u00c9quipe olympique canadienne. Retrouvez les r\u00e9cits, vid\u00e9os et photos des athl\u00e8tes canadiens, sports olympiques, Jeux olympiques de 2020 et bien plus!\",\"potentialAction\":[{\"@type\":\"SearchAction\",\"target\":{\"@type\":\"EntryPoint\",\"urlTemplate\":\"https:\\\/\\\/develop.olympic.ca\\\/olympique\\\/?s={search_term_string}\"},\"query-input\":{\"@type\":\"PropertyValueSpecification\",\"valueRequired\":true,\"valueName\":\"search_term_string\"}}],\"inLanguage\":\"fr-FR\"},{\"@type\":\"Person\",\"@id\":\"https:\\\/\\\/develop.olympic.ca\\\/olympique\\\/#\\\/schema\\\/person\\\/3c314bd10dc37d246fe1858c04d5089c\",\"name\":\"Paula Nichols\",\"image\":{\"@type\":\"ImageObject\",\"inLanguage\":\"fr-FR\",\"@id\":\"https:\\\/\\\/secure.gravatar.com\\\/avatar\\\/83aa2ad476fcd1071d58a474c9a2f51716b807e2406ca3aeaa032882e7f0346a?s=96&d=identicon&r=gf6876353c4226c9b0e52b96b76e72cac\",\"url\":\"https:\\\/\\\/secure.gravatar.com\\\/avatar\\\/83aa2ad476fcd1071d58a474c9a2f51716b807e2406ca3aeaa032882e7f0346a?s=96&d=identicon&r=g\",\"contentUrl\":\"https:\\\/\\\/secure.gravatar.com\\\/avatar\\\/83aa2ad476fcd1071d58a474c9a2f51716b807e2406ca3aeaa032882e7f0346a?s=96&d=identicon&r=g\",\"caption\":\"Paula Nichols\"},\"description\":\"Manager of Content and Research for the Canadian Olympic Committee and a lifelong fan of the Olympic Games and the athletes who compete at them.\",\"sameAs\":[\"pnichols\"],\"url\":\"https:\\\/\\\/develop.olympic.ca\\\/olympique\\\/author\\\/pnichols\\\/\"}]}<\/script>\n<!-- \/ Yoast SEO plugin. -->","yoast_head_json":{"title":"Le programme FACE de P\u00e9tro-Canada appuie 55 nouveaux espoirs olympiques et paralympiques - \u00c9quipe Canada | Site officiel de l&#039;\u00e9quipe olympique","robots":{"index":"index","follow":"follow","max-snippet":"max-snippet:-1","max-image-preview":"max-image-preview:large","max-video-preview":"max-video-preview:-1"},"canonical":"https:\/\/develop.olympic.ca\/olympique\/2017\/09\/15\/le-programme-face-de-petro-canada-appuie-55-nouveaux-futurs-olympiens-et-paralympiens\/","og_locale":"fr_FR","og_type":"article","og_title":"Le programme FACE de P\u00e9tro-Canada appuie 55 nouveaux espoirs olympiques et paralympiques - \u00c9quipe Canada | Site officiel de l&#039;\u00e9quipe olympique","og_description":"P\u00e9tro-Canada a d\u00e9voil\u00e9 vendredi les 55 duos d&rsquo;athl\u00e8tes et d&rsquo;entra\u00eeneurs qui recevront respectivement 10 000 $ en financement pour la...","og_url":"https:\/\/develop.olympic.ca\/olympique\/2017\/09\/15\/le-programme-face-de-petro-canada-appuie-55-nouveaux-futurs-olympiens-et-paralympiens\/","og_site_name":"\u00c9quipe Canada | Site officiel de l&#039;\u00e9quipe olympique","article_published_time":"2017-09-15T20:10:12+00:00","article_modified_time":"2017-09-15T22:24:23+00:00","author":"Paula Nichols","twitter_card":"summary_large_image","twitter_image":"https:\/\/develop.olympic.ca\/olympique\/wp-content\/uploads\/sites\/2\/2017\/09\/face.jpg?quality=100","twitter_misc":{"Written by":"Paula Nichols","Est. reading time":"3 minutes"},"schema":{"@context":"https:\/\/schema.org","@graph":[{"@type":"Article","@id":"https:\/\/develop.olympic.ca\/olympique\/2017\/09\/15\/le-programme-face-de-petro-canada-appuie-55-nouveaux-futurs-olympiens-et-paralympiens\/#article","isPartOf":{"@id":"https:\/\/develop.olympic.ca\/olympique\/2017\/09\/15\/le-programme-face-de-petro-canada-appuie-55-nouveaux-futurs-olympiens-et-paralympiens\/"},"author":{"name":"Paula Nichols","@id":"https:\/\/develop.olympic.ca\/olympique\/#\/schema\/person\/3c314bd10dc37d246fe1858c04d5089c"},"headline":"Le programme FACE de P\u00e9tro-Canada appuie 55 nouveaux espoirs olympiques et paralympiques","datePublished":"2017-09-15T20:10:12+00:00","dateModified":"2017-09-15T22:24:23+00:00","mainEntityOfPage":{"@id":"https:\/\/develop.olympic.ca\/olympique\/2017\/09\/15\/le-programme-face-de-petro-canada-appuie-55-nouveaux-futurs-olympiens-et-paralympiens\/"},"wordCount":578,"image":{"@id":"https:\/\/develop.olympic.ca\/olympique\/2017\/09\/15\/le-programme-face-de-petro-canada-appuie-55-nouveaux-futurs-olympiens-et-paralympiens\/#primaryimage"},"thumbnailUrl":"https:\/\/develop.olympic.ca\/olympique\/wp-content\/uploads\/sites\/2\/2017\/09\/face.jpg?quality=100","articleSection":["Uncategorized"],"inLanguage":"fr-FR"},{"@type":"WebPage","@id":"https:\/\/develop.olympic.ca\/olympique\/2017\/09\/15\/le-programme-face-de-petro-canada-appuie-55-nouveaux-futurs-olympiens-et-paralympiens\/","url":"https:\/\/develop.olympic.ca\/olympique\/2017\/09\/15\/le-programme-face-de-petro-canada-appuie-55-nouveaux-futurs-olympiens-et-paralympiens\/","name":"Le programme FACE de P\u00e9tro-Canada appuie 55 nouveaux espoirs olympiques et paralympiques - \u00c9quipe Canada | Site officiel de l&#039;\u00e9quipe olympique","isPartOf":{"@id":"https:\/\/develop.olympic.ca\/olympique\/#website"},"primaryImageOfPage":{"@id":"https:\/\/develop.olympic.ca\/olympique\/2017\/09\/15\/le-programme-face-de-petro-canada-appuie-55-nouveaux-futurs-olympiens-et-paralympiens\/#primaryimage"},"image":{"@id":"https:\/\/develop.olympic.ca\/olympique\/2017\/09\/15\/le-programme-face-de-petro-canada-appuie-55-nouveaux-futurs-olympiens-et-paralympiens\/#primaryimage"},"thumbnailUrl":"https:\/\/develop.olympic.ca\/olympique\/wp-content\/uploads\/sites\/2\/2017\/09\/face.jpg?quality=100","datePublished":"2017-09-15T20:10:12+00:00","dateModified":"2017-09-15T22:24:23+00:00","author":{"@id":"https:\/\/develop.olympic.ca\/olympique\/#\/schema\/person\/3c314bd10dc37d246fe1858c04d5089c"},"inLanguage":"fr-FR","potentialAction":[{"@type":"ReadAction","target":["https:\/\/develop.olympic.ca\/olympique\/2017\/09\/15\/le-programme-face-de-petro-canada-appuie-55-nouveaux-futurs-olympiens-et-paralympiens\/"]}]},{"@type":"ImageObject","inLanguage":"fr-FR","@id":"https:\/\/develop.olympic.ca\/olympique\/2017\/09\/15\/le-programme-face-de-petro-canada-appuie-55-nouveaux-futurs-olympiens-et-paralympiens\/#primaryimage","url":"https:\/\/develop.olympic.ca\/olympique\/wp-content\/uploads\/sites\/2\/2017\/09\/face.jpg?quality=100","contentUrl":"https:\/\/develop.olympic.ca\/olympique\/wp-content\/uploads\/sites\/2\/2017\/09\/face.jpg?quality=100","width":3000,"height":1688,"caption":"Team Canada's Daniel Nestor and Vasek Pospisil compete against Portugal in the men's second round of doubles tennis, Rio de Janeiro, Brazil, Monday August 8, 2016. COC Photo\/David Jackson"},{"@type":"WebSite","@id":"https:\/\/develop.olympic.ca\/olympique\/#website","url":"https:\/\/develop.olympic.ca\/olympique\/","name":"\u00c9quipe Canada | Site officiel de l&#039;\u00e9quipe olympique","description":"Votre source pour l\u2019\u00c9quipe olympique canadienne. Retrouvez les r\u00e9cits, vid\u00e9os et photos des athl\u00e8tes canadiens, sports olympiques, Jeux olympiques de 2020 et bien plus!","potentialAction":[{"@type":"SearchAction","target":{"@type":"EntryPoint","urlTemplate":"https:\/\/develop.olympic.ca\/olympique\/?s={search_term_string}"},"query-input":{"@type":"PropertyValueSpecification","valueRequired":true,"valueName":"search_term_string"}}],"inLanguage":"fr-FR"},{"@type":"Person","@id":"https:\/\/develop.olympic.ca\/olympique\/#\/schema\/person\/3c314bd10dc37d246fe1858c04d5089c","name":"Paula Nichols","image":{"@type":"ImageObject","inLanguage":"fr-FR","@id":"https:\/\/secure.gravatar.com\/avatar\/83aa2ad476fcd1071d58a474c9a2f51716b807e2406ca3aeaa032882e7f0346a?s=96&d=identicon&r=gf6876353c4226c9b0e52b96b76e72cac","url":"https:\/\/secure.gravatar.com\/avatar\/83aa2ad476fcd1071d58a474c9a2f51716b807e2406ca3aeaa032882e7f0346a?s=96&d=identicon&r=g","contentUrl":"https:\/\/secure.gravatar.com\/avatar\/83aa2ad476fcd1071d58a474c9a2f51716b807e2406ca3aeaa032882e7f0346a?s=96&d=identicon&r=g","caption":"Paula Nichols"},"description":"Manager of Content and Research for the Canadian Olympic Committee and a lifelong fan of the Olympic Games and the athletes who compete at them.","sameAs":["pnichols"],"url":"https:\/\/develop.olympic.ca\/olympique\/author\/pnichols\/"}]}},"jetpack_featured_media_url":"https:\/\/develop.olympic.ca\/olympique\/wp-content\/uploads\/sites\/2\/2017\/09\/face.jpg?quality=100","featured_image_url":"https:\/\/develop.olympic.ca\/olympique\/wp-content\/uploads\/sites\/2\/2017\/09\/face.jpg?quality=100","author_name":["Paula Nichols"],"category_names":["Uncategorized"],"tag_names":[],"video_embed_code":"","facebook_video_embed_code":"","jetpack_sharing_enabled":true,"jetpack-related-posts":[],"jetpack_shortlink":"https:\/\/wp.me\/pbmyEP-xXJ","_links":{"self":[{"href":"https:\/\/develop.olympic.ca\/olympique\/wp-json\/wp\/v2\/posts\/130555","targetHints":{"allow":["GET"]}}],"collection":[{"href":"https:\/\/develop.olympic.ca\/olympique\/wp-json\/wp\/v2\/posts"}],"about":[{"href":"https:\/\/develop.olympic.ca\/olympique\/wp-json\/wp\/v2\/types\/post"}],"author":[{"embeddable":true,"href":"https:\/\/develop.olympic.ca\/olympique\/wp-json\/wp\/v2\/users\/52435451"}],"replies":[{"embeddable":true,"href":"https:\/\/develop.olympic.ca\/olympique\/wp-json\/wp\/v2\/comments?post=130555"}],"version-history":[{"count":8,"href":"https:\/\/develop.olympic.ca\/olympique\/wp-json\/wp\/v2\/posts\/130555\/revisions"}],"predecessor-version":[{"id":130598,"href":"https:\/\/develop.olympic.ca\/olympique\/wp-json\/wp\/v2\/posts\/130555\/revisions\/130598"}],"wp:featuredmedia":[{"embeddable":true,"href":"https:\/\/develop.olympic.ca\/olympique\/wp-json\/wp\/v2\/media\/130588"}],"wp:attachment":[{"href":"https:\/\/develop.olympic.ca\/olympique\/wp-json\/wp\/v2\/media?parent=130555"}],"wp:term":[{"taxonomy":"category","embeddable":true,"href":"https:\/\/develop.olympic.ca\/olympique\/wp-json\/wp\/v2\/categories?post=130555"},{"taxonomy":"post_tag","embeddable":true,"href":"https:\/\/develop.olympic.ca\/olympique\/wp-json\/wp\/v2\/tags?post=130555"},{"taxonomy":"post_format","embeddable":true,"href":"https:\/\/develop.olympic.ca\/olympique\/wp-json\/wp\/v2\/post_format?post=130555"},{"taxonomy":"sport","embeddable":true,"href":"https:\/\/develop.olympic.ca\/olympique\/wp-json\/wp\/v2\/sport?post=130555"},{"taxonomy":"game","embeddable":true,"href":"https:\/\/develop.olympic.ca\/olympique\/wp-json\/wp\/v2\/game?post=130555"},{"taxonomy":"author","embeddable":true,"href":"https:\/\/develop.olympic.ca\/olympique\/wp-json\/wp\/v2\/coauthors?post=130555"}],"curies":[{"name":"wp","href":"https:\/\/api.w.org\/{rel}","templated":true}]}}