{"id":1339,"date":"2008-04-06T13:15:21","date_gmt":"2008-04-06T17:15:21","guid":{"rendered":"http:\/\/develop.olympic.ca\/?p=1339"},"modified":"2013-08-01T01:06:47","modified_gmt":"2013-08-01T01:06:47","slug":"nouveaux-records-pour-les-nageurs-et-hommage-a-baumann-a-montreal","status":"publish","type":"post","link":"https:\/\/develop.olympic.ca\/olympique\/2008\/04\/06\/nouveaux-records-pour-les-nageurs-et-hommage-a-baumann-a-montreal\/","title":{"rendered":"Nouveaux records pour les nageurs et hommage \u00e0 Baumann \u00e0 Montr\u00e9al"},"content":{"rendered":"<p>Au cours des six premiers jours d\u2019avril, la piscine olympique des Jeux de Montr\u00e9al 1976 a accueilli les nageurs de haut niveau du Canada pour leurs essais. Plusieurs records sont tomb\u00e9s et plusieurs athl\u00e8tes se sont qualifi\u00e9s pour les Jeux olympiques de\u00a0 Beijing 2008. Chez les hommes, Ryan Cochrane, Mike Brown, Joe Bartoch et l\u2019\u00e9quipe de relais 4&#215;100 ont \u00e9clips\u00e9 des records canadiens. Du c\u00f4t\u00e9 des femmes, Victoria Poon, Annamay Pierse et Julia Wilkinson ont \u00e9tabli plusieurs nouveaux records nationaux. Au total, une \u00e9quipe de 27 athl\u00e8tes prendra d\u2019assaut la piscine \u00e0 Beijing cet \u00e9t\u00e9.<\/p>\n<p>\u00ab Je pense qu\u2019il y a des signes positifs dans la natation canadienne \u00bb, a d\u00e9clar\u00e9 Alex Baumann, directeur ex\u00e9cutif du programme Vers l\u2019excellence et double m\u00e9daill\u00e9 d\u2019or en natation aux Jeux olympiques de 1984. Avant sa performance, la derni\u00e8re fois qu\u2019un athl\u00e8te canadien avait gagn\u00e9 une m\u00e9daille d\u2019or olympique en natation remontait \u00e0\u00a0 72 ans. Avant de revenir au Canada en 2006 pour diriger le programme Vers l\u2019excellence, Baumann a v\u00e9cu pendant 15 ans en Australie o\u00f9 il a aid\u00e9 \u00e0 mettre sur pied le solide programme de natation de ce pays.<\/p>\n<p>\u00ab Pierre (Lafontaine) a fait un excellent travail \u00e0 titre d\u2019entra\u00eeneur \u00bb, a-t-il ajout\u00e9.\u00a0 \u00ab Il y avait une bonne ambiance lors des essais, cela m\u2019a rappel\u00e9 l\u2019ambiance qu\u2019il r\u00e8gne en Australie. \u00bb<\/p>\n<p>Il r\u00e9gnait une ambiance \u00e9lectrique \u00e0 Montr\u00e9al lors d\u2019une pr\u00e9sentation sp\u00e9ciale en hommage \u00e0 Baumann. Natation Canada l\u2019a officiellement intronis\u00e9 dans son Cercle de l\u2019excellence. Ce prix reconna\u00eet ceux qui ont fait des contributions importantes \u00e0 la natation au Canada.<\/p>\n<p>Baumann a dit \u00e0 Podium que ce fut un grand honneur et\u00a0 \u00ab une exp\u00e9rience d\u2019humilit\u00e9 \u00bb lorsqu\u2019il a re\u00e7u une ovation du public. \u00ab Je trouve tr\u00e8s int\u00e9ressant le fait de b\u00e9n\u00e9ficier de cet accueil \u00bb, a-t-il d\u00e9clar\u00e9.\u00a0 \u00ab Cela me fait penser qu\u2019une absence de 15 ans suivie d\u2019un retour au pays me donne droit \u00e0 un meilleur accueil que si j\u2019\u00e9tais rest\u00e9 ici pendant ces 15 ans! 24 ans se sont \u00e9coul\u00e9s depuis mon succ\u00e8s olympique, et c\u2019est incroyable de voir \u00e0 quel point il fait encore \u00e9cho. \u00bb<\/p>\n<p>Baumann a d\u00e9clar\u00e9 que l\u2019\u00e9quipe est \u00ab extr\u00eamement jeune \u00bb et a indiqu\u00e9 que 2012 serait probablement une ann\u00e9e olympique cl\u00e9 pour la natation canadienne.\u00a0 \u00ab L\u2019\u00e9quipe a gagn\u00e9 en profondeur, mais nous avons encore du travail \u00e0 abattre pour arriver au m\u00eame niveau que plusieurs autres nations. Une \u00e9quipe plus profonde cr\u00e9era des rivalit\u00e9s entre les nageurs, ce qui les forcera \u00e0 se d\u00e9passer et contribuer ainsi \u00e0 l\u2019am\u00e9lioration de l\u2019\u00e9quipe. \u00bb<\/p>\n","protected":false},"excerpt":{"rendered":"<p>Au cours des six premiers jours d\u2019avril, la piscine olympique des Jeux de Montr\u00e9al 1976 a accueilli les nageurs de&#8230;<\/p>\n","protected":false},"author":47562643,"featured_media":1337,"comment_status":"open","ping_status":"open","sticky":false,"template":"","format":"standard","meta":{"_acf_changed":false,"_crdt_document":"","_jetpack_memberships_contains_paid_content":false,"footnotes":""},"categories":[70121],"tags":[],"post_format":"standard","sport":[],"game":[],"coauthors":[186127234],"class_list":["post-1339","post","type-post","status-publish","format-standard","has-post-thumbnail","hentry","category-equipe"],"acf":[],"yoast_head":"<!-- This site is optimized with the Yoast SEO plugin v27.5 - https:\/\/yoast.com\/product\/yoast-seo-wordpress\/ -->\n<title>Nouveaux records pour les nageurs et hommage \u00e0 Baumann \u00e0 Montr\u00e9al - \u00c9quipe Canada | Site officiel de l&#039;\u00e9quipe olympique<\/title>\n<meta name=\"robots\" content=\"index, follow, max-snippet:-1, max-image-preview:large, max-video-preview:-1\" \/>\n<link rel=\"canonical\" href=\"https:\/\/develop.olympic.ca\/olympique\/2008\/04\/06\/nouveaux-records-pour-les-nageurs-et-hommage-a-baumann-a-montreal\/\" \/>\n<meta property=\"og:locale\" content=\"fr_FR\" \/>\n<meta property=\"og:type\" content=\"article\" \/>\n<meta property=\"og:title\" content=\"Nouveaux records pour les nageurs et hommage \u00e0 Baumann \u00e0 Montr\u00e9al - \u00c9quipe Canada | Site officiel de l&#039;\u00e9quipe olympique\" \/>\n<meta property=\"og:description\" content=\"Au cours des six premiers jours d\u2019avril, la piscine olympique des Jeux de Montr\u00e9al 1976 a accueilli les nageurs de...\" \/>\n<meta property=\"og:url\" content=\"https:\/\/develop.olympic.ca\/olympique\/2008\/04\/06\/nouveaux-records-pour-les-nageurs-et-hommage-a-baumann-a-montreal\/\" \/>\n<meta property=\"og:site_name\" content=\"\u00c9quipe Canada | Site officiel de l&#039;\u00e9quipe olympique\" \/>\n<meta property=\"article:published_time\" content=\"2008-04-06T17:15:21+00:00\" \/>\n<meta property=\"article:modified_time\" content=\"2013-08-01T01:06:47+00:00\" \/>\n<meta property=\"og:image\" content=\"https:\/\/develop.olympic.ca\/olympique\/wp-content\/uploads\/sites\/2\/2011\/08\/baumann5.jpg?quality=100\" \/>\n\t<meta property=\"og:image:width\" content=\"3000\" \/>\n\t<meta property=\"og:image:height\" content=\"2212\" \/>\n\t<meta property=\"og:image:type\" content=\"image\/jpeg\" \/>\n<meta name=\"author\" content=\"Comit\u00e9 olympique canadien\" \/>\n<meta name=\"twitter:card\" content=\"summary_large_image\" \/>\n<meta name=\"twitter:label1\" content=\"Written by\" \/>\n\t<meta name=\"twitter:data1\" content=\"Comit\u00e9 olympique canadien\" \/>\n\t<meta name=\"twitter:label2\" content=\"Est. reading time\" \/>\n\t<meta name=\"twitter:data2\" content=\"2 minutes\" \/>\n<script type=\"application\/ld+json\" class=\"yoast-schema-graph\">{\"@context\":\"https:\\\/\\\/schema.org\",\"@graph\":[{\"@type\":\"Article\",\"@id\":\"https:\\\/\\\/develop.olympic.ca\\\/olympique\\\/2008\\\/04\\\/06\\\/nouveaux-records-pour-les-nageurs-et-hommage-a-baumann-a-montreal\\\/#article\",\"isPartOf\":{\"@id\":\"https:\\\/\\\/develop.olympic.ca\\\/olympique\\\/2008\\\/04\\\/06\\\/nouveaux-records-pour-les-nageurs-et-hommage-a-baumann-a-montreal\\\/\"},\"author\":{\"name\":\"cdnolympicteam\",\"@id\":\"https:\\\/\\\/develop.olympic.ca\\\/olympique\\\/#\\\/schema\\\/person\\\/b88ab0bea250d933632a93e669b06e95\"},\"headline\":\"Nouveaux records pour les nageurs et hommage \u00e0 Baumann \u00e0 Montr\u00e9al\",\"datePublished\":\"2008-04-06T17:15:21+00:00\",\"dateModified\":\"2013-08-01T01:06:47+00:00\",\"mainEntityOfPage\":{\"@id\":\"https:\\\/\\\/develop.olympic.ca\\\/olympique\\\/2008\\\/04\\\/06\\\/nouveaux-records-pour-les-nageurs-et-hommage-a-baumann-a-montreal\\\/\"},\"wordCount\":459,\"commentCount\":0,\"image\":{\"@id\":\"https:\\\/\\\/develop.olympic.ca\\\/olympique\\\/2008\\\/04\\\/06\\\/nouveaux-records-pour-les-nageurs-et-hommage-a-baumann-a-montreal\\\/#primaryimage\"},\"thumbnailUrl\":\"https:\\\/\\\/develop.olympic.ca\\\/olympique\\\/wp-content\\\/uploads\\\/sites\\\/2\\\/2011\\\/08\\\/baumann5.jpg?quality=100\",\"articleSection\":[\"Nouvelles de l'equipe\"],\"inLanguage\":\"fr-FR\",\"potentialAction\":[{\"@type\":\"CommentAction\",\"name\":\"Comment\",\"target\":[\"https:\\\/\\\/develop.olympic.ca\\\/olympique\\\/2008\\\/04\\\/06\\\/nouveaux-records-pour-les-nageurs-et-hommage-a-baumann-a-montreal\\\/#respond\"]}]},{\"@type\":\"WebPage\",\"@id\":\"https:\\\/\\\/develop.olympic.ca\\\/olympique\\\/2008\\\/04\\\/06\\\/nouveaux-records-pour-les-nageurs-et-hommage-a-baumann-a-montreal\\\/\",\"url\":\"https:\\\/\\\/develop.olympic.ca\\\/olympique\\\/2008\\\/04\\\/06\\\/nouveaux-records-pour-les-nageurs-et-hommage-a-baumann-a-montreal\\\/\",\"name\":\"Nouveaux records pour les nageurs et hommage \u00e0 Baumann \u00e0 Montr\u00e9al - \u00c9quipe Canada | Site officiel de l&#039;\u00e9quipe olympique\",\"isPartOf\":{\"@id\":\"https:\\\/\\\/develop.olympic.ca\\\/olympique\\\/#website\"},\"primaryImageOfPage\":{\"@id\":\"https:\\\/\\\/develop.olympic.ca\\\/olympique\\\/2008\\\/04\\\/06\\\/nouveaux-records-pour-les-nageurs-et-hommage-a-baumann-a-montreal\\\/#primaryimage\"},\"image\":{\"@id\":\"https:\\\/\\\/develop.olympic.ca\\\/olympique\\\/2008\\\/04\\\/06\\\/nouveaux-records-pour-les-nageurs-et-hommage-a-baumann-a-montreal\\\/#primaryimage\"},\"thumbnailUrl\":\"https:\\\/\\\/develop.olympic.ca\\\/olympique\\\/wp-content\\\/uploads\\\/sites\\\/2\\\/2011\\\/08\\\/baumann5.jpg?quality=100\",\"datePublished\":\"2008-04-06T17:15:21+00:00\",\"dateModified\":\"2013-08-01T01:06:47+00:00\",\"author\":{\"@id\":\"https:\\\/\\\/develop.olympic.ca\\\/olympique\\\/#\\\/schema\\\/person\\\/b88ab0bea250d933632a93e669b06e95\"},\"inLanguage\":\"fr-FR\",\"potentialAction\":[{\"@type\":\"ReadAction\",\"target\":[\"https:\\\/\\\/develop.olympic.ca\\\/olympique\\\/2008\\\/04\\\/06\\\/nouveaux-records-pour-les-nageurs-et-hommage-a-baumann-a-montreal\\\/\"]}]},{\"@type\":\"ImageObject\",\"inLanguage\":\"fr-FR\",\"@id\":\"https:\\\/\\\/develop.olympic.ca\\\/olympique\\\/2008\\\/04\\\/06\\\/nouveaux-records-pour-les-nageurs-et-hommage-a-baumann-a-montreal\\\/#primaryimage\",\"url\":\"https:\\\/\\\/develop.olympic.ca\\\/olympique\\\/wp-content\\\/uploads\\\/sites\\\/2\\\/2011\\\/08\\\/baumann5.jpg?quality=100\",\"contentUrl\":\"https:\\\/\\\/develop.olympic.ca\\\/olympique\\\/wp-content\\\/uploads\\\/sites\\\/2\\\/2011\\\/08\\\/baumann5.jpg?quality=100\",\"width\":3000,\"height\":2212},{\"@type\":\"WebSite\",\"@id\":\"https:\\\/\\\/develop.olympic.ca\\\/olympique\\\/#website\",\"url\":\"https:\\\/\\\/develop.olympic.ca\\\/olympique\\\/\",\"name\":\"\u00c9quipe Canada | Site officiel de l&#039;\u00e9quipe olympique\",\"description\":\"Votre source pour l\u2019\u00c9quipe olympique canadienne. Retrouvez les r\u00e9cits, vid\u00e9os et photos des athl\u00e8tes canadiens, sports olympiques, Jeux olympiques de 2020 et bien plus!\",\"potentialAction\":[{\"@type\":\"SearchAction\",\"target\":{\"@type\":\"EntryPoint\",\"urlTemplate\":\"https:\\\/\\\/develop.olympic.ca\\\/olympique\\\/?s={search_term_string}\"},\"query-input\":{\"@type\":\"PropertyValueSpecification\",\"valueRequired\":true,\"valueName\":\"search_term_string\"}}],\"inLanguage\":\"fr-FR\"},{\"@type\":\"Person\",\"@id\":\"https:\\\/\\\/develop.olympic.ca\\\/olympique\\\/#\\\/schema\\\/person\\\/b88ab0bea250d933632a93e669b06e95\",\"name\":\"cdnolympicteam\",\"image\":{\"@type\":\"ImageObject\",\"inLanguage\":\"fr-FR\",\"@id\":\"https:\\\/\\\/secure.gravatar.com\\\/avatar\\\/5ebf1554473077ab88cd1ec3372750991c09302ef58500182e331751d1f3473b?s=96&d=identicon&r=g7289394c1202ef020fcd9aad965e50f7\",\"url\":\"https:\\\/\\\/secure.gravatar.com\\\/avatar\\\/5ebf1554473077ab88cd1ec3372750991c09302ef58500182e331751d1f3473b?s=96&d=identicon&r=g\",\"contentUrl\":\"https:\\\/\\\/secure.gravatar.com\\\/avatar\\\/5ebf1554473077ab88cd1ec3372750991c09302ef58500182e331751d1f3473b?s=96&d=identicon&r=g\",\"caption\":\"cdnolympicteam\"},\"url\":\"https:\\\/\\\/develop.olympic.ca\\\/olympique\\\/author\\\/cdnolympicteam\\\/\"}]}<\/script>\n<!-- \/ Yoast SEO plugin. -->","yoast_head_json":{"title":"Nouveaux records pour les nageurs et hommage \u00e0 Baumann \u00e0 Montr\u00e9al - \u00c9quipe Canada | Site officiel de l&#039;\u00e9quipe olympique","robots":{"index":"index","follow":"follow","max-snippet":"max-snippet:-1","max-image-preview":"max-image-preview:large","max-video-preview":"max-video-preview:-1"},"canonical":"https:\/\/develop.olympic.ca\/olympique\/2008\/04\/06\/nouveaux-records-pour-les-nageurs-et-hommage-a-baumann-a-montreal\/","og_locale":"fr_FR","og_type":"article","og_title":"Nouveaux records pour les nageurs et hommage \u00e0 Baumann \u00e0 Montr\u00e9al - \u00c9quipe Canada | Site officiel de l&#039;\u00e9quipe olympique","og_description":"Au cours des six premiers jours d\u2019avril, la piscine olympique des Jeux de Montr\u00e9al 1976 a accueilli les nageurs de...","og_url":"https:\/\/develop.olympic.ca\/olympique\/2008\/04\/06\/nouveaux-records-pour-les-nageurs-et-hommage-a-baumann-a-montreal\/","og_site_name":"\u00c9quipe Canada | Site officiel de l&#039;\u00e9quipe olympique","article_published_time":"2008-04-06T17:15:21+00:00","article_modified_time":"2013-08-01T01:06:47+00:00","og_image":[{"width":3000,"height":2212,"url":"https:\/\/develop.olympic.ca\/olympique\/wp-content\/uploads\/sites\/2\/2011\/08\/baumann5.jpg?quality=100","type":"image\/jpeg"}],"author":"Comit\u00e9 olympique canadien","twitter_card":"summary_large_image","twitter_misc":{"Written by":"Comit\u00e9 olympique canadien","Est. reading time":"2 minutes"},"schema":{"@context":"https:\/\/schema.org","@graph":[{"@type":"Article","@id":"https:\/\/develop.olympic.ca\/olympique\/2008\/04\/06\/nouveaux-records-pour-les-nageurs-et-hommage-a-baumann-a-montreal\/#article","isPartOf":{"@id":"https:\/\/develop.olympic.ca\/olympique\/2008\/04\/06\/nouveaux-records-pour-les-nageurs-et-hommage-a-baumann-a-montreal\/"},"author":{"name":"cdnolympicteam","@id":"https:\/\/develop.olympic.ca\/olympique\/#\/schema\/person\/b88ab0bea250d933632a93e669b06e95"},"headline":"Nouveaux records pour les nageurs et hommage \u00e0 Baumann \u00e0 Montr\u00e9al","datePublished":"2008-04-06T17:15:21+00:00","dateModified":"2013-08-01T01:06:47+00:00","mainEntityOfPage":{"@id":"https:\/\/develop.olympic.ca\/olympique\/2008\/04\/06\/nouveaux-records-pour-les-nageurs-et-hommage-a-baumann-a-montreal\/"},"wordCount":459,"commentCount":0,"image":{"@id":"https:\/\/develop.olympic.ca\/olympique\/2008\/04\/06\/nouveaux-records-pour-les-nageurs-et-hommage-a-baumann-a-montreal\/#primaryimage"},"thumbnailUrl":"https:\/\/develop.olympic.ca\/olympique\/wp-content\/uploads\/sites\/2\/2011\/08\/baumann5.jpg?quality=100","articleSection":["Nouvelles de l'equipe"],"inLanguage":"fr-FR","potentialAction":[{"@type":"CommentAction","name":"Comment","target":["https:\/\/develop.olympic.ca\/olympique\/2008\/04\/06\/nouveaux-records-pour-les-nageurs-et-hommage-a-baumann-a-montreal\/#respond"]}]},{"@type":"WebPage","@id":"https:\/\/develop.olympic.ca\/olympique\/2008\/04\/06\/nouveaux-records-pour-les-nageurs-et-hommage-a-baumann-a-montreal\/","url":"https:\/\/develop.olympic.ca\/olympique\/2008\/04\/06\/nouveaux-records-pour-les-nageurs-et-hommage-a-baumann-a-montreal\/","name":"Nouveaux records pour les nageurs et hommage \u00e0 Baumann \u00e0 Montr\u00e9al - \u00c9quipe Canada | Site officiel de l&#039;\u00e9quipe olympique","isPartOf":{"@id":"https:\/\/develop.olympic.ca\/olympique\/#website"},"primaryImageOfPage":{"@id":"https:\/\/develop.olympic.ca\/olympique\/2008\/04\/06\/nouveaux-records-pour-les-nageurs-et-hommage-a-baumann-a-montreal\/#primaryimage"},"image":{"@id":"https:\/\/develop.olympic.ca\/olympique\/2008\/04\/06\/nouveaux-records-pour-les-nageurs-et-hommage-a-baumann-a-montreal\/#primaryimage"},"thumbnailUrl":"https:\/\/develop.olympic.ca\/olympique\/wp-content\/uploads\/sites\/2\/2011\/08\/baumann5.jpg?quality=100","datePublished":"2008-04-06T17:15:21+00:00","dateModified":"2013-08-01T01:06:47+00:00","author":{"@id":"https:\/\/develop.olympic.ca\/olympique\/#\/schema\/person\/b88ab0bea250d933632a93e669b06e95"},"inLanguage":"fr-FR","potentialAction":[{"@type":"ReadAction","target":["https:\/\/develop.olympic.ca\/olympique\/2008\/04\/06\/nouveaux-records-pour-les-nageurs-et-hommage-a-baumann-a-montreal\/"]}]},{"@type":"ImageObject","inLanguage":"fr-FR","@id":"https:\/\/develop.olympic.ca\/olympique\/2008\/04\/06\/nouveaux-records-pour-les-nageurs-et-hommage-a-baumann-a-montreal\/#primaryimage","url":"https:\/\/develop.olympic.ca\/olympique\/wp-content\/uploads\/sites\/2\/2011\/08\/baumann5.jpg?quality=100","contentUrl":"https:\/\/develop.olympic.ca\/olympique\/wp-content\/uploads\/sites\/2\/2011\/08\/baumann5.jpg?quality=100","width":3000,"height":2212},{"@type":"WebSite","@id":"https:\/\/develop.olympic.ca\/olympique\/#website","url":"https:\/\/develop.olympic.ca\/olympique\/","name":"\u00c9quipe Canada | Site officiel de l&#039;\u00e9quipe olympique","description":"Votre source pour l\u2019\u00c9quipe olympique canadienne. Retrouvez les r\u00e9cits, vid\u00e9os et photos des athl\u00e8tes canadiens, sports olympiques, Jeux olympiques de 2020 et bien plus!","potentialAction":[{"@type":"SearchAction","target":{"@type":"EntryPoint","urlTemplate":"https:\/\/develop.olympic.ca\/olympique\/?s={search_term_string}"},"query-input":{"@type":"PropertyValueSpecification","valueRequired":true,"valueName":"search_term_string"}}],"inLanguage":"fr-FR"},{"@type":"Person","@id":"https:\/\/develop.olympic.ca\/olympique\/#\/schema\/person\/b88ab0bea250d933632a93e669b06e95","name":"cdnolympicteam","image":{"@type":"ImageObject","inLanguage":"fr-FR","@id":"https:\/\/secure.gravatar.com\/avatar\/5ebf1554473077ab88cd1ec3372750991c09302ef58500182e331751d1f3473b?s=96&d=identicon&r=g7289394c1202ef020fcd9aad965e50f7","url":"https:\/\/secure.gravatar.com\/avatar\/5ebf1554473077ab88cd1ec3372750991c09302ef58500182e331751d1f3473b?s=96&d=identicon&r=g","contentUrl":"https:\/\/secure.gravatar.com\/avatar\/5ebf1554473077ab88cd1ec3372750991c09302ef58500182e331751d1f3473b?s=96&d=identicon&r=g","caption":"cdnolympicteam"},"url":"https:\/\/develop.olympic.ca\/olympique\/author\/cdnolympicteam\/"}]}},"jetpack_featured_media_url":"https:\/\/develop.olympic.ca\/olympique\/wp-content\/uploads\/sites\/2\/2011\/08\/baumann5.jpg?quality=100","featured_image_url":"https:\/\/develop.olympic.ca\/olympique\/wp-content\/uploads\/sites\/2\/2011\/08\/baumann5.jpg?quality=100","author_name":["Comit\u00e9 olympique canadien"],"category_names":["Nouvelles de l'equipe"],"tag_names":[],"video_embed_code":"","facebook_video_embed_code":"","jetpack_sharing_enabled":true,"jetpack-related-posts":[],"jetpack_shortlink":"https:\/\/wp.me\/pbmyEP-lB","_links":{"self":[{"href":"https:\/\/develop.olympic.ca\/olympique\/wp-json\/wp\/v2\/posts\/1339","targetHints":{"allow":["GET"]}}],"collection":[{"href":"https:\/\/develop.olympic.ca\/olympique\/wp-json\/wp\/v2\/posts"}],"about":[{"href":"https:\/\/develop.olympic.ca\/olympique\/wp-json\/wp\/v2\/types\/post"}],"author":[{"embeddable":true,"href":"https:\/\/develop.olympic.ca\/olympique\/wp-json\/wp\/v2\/users\/47562643"}],"replies":[{"embeddable":true,"href":"https:\/\/develop.olympic.ca\/olympique\/wp-json\/wp\/v2\/comments?post=1339"}],"version-history":[{"count":1,"href":"https:\/\/develop.olympic.ca\/olympique\/wp-json\/wp\/v2\/posts\/1339\/revisions"}],"predecessor-version":[{"id":82663,"href":"https:\/\/develop.olympic.ca\/olympique\/wp-json\/wp\/v2\/posts\/1339\/revisions\/82663"}],"wp:featuredmedia":[{"embeddable":true,"href":"https:\/\/develop.olympic.ca\/olympique\/wp-json\/wp\/v2\/media\/1337"}],"wp:attachment":[{"href":"https:\/\/develop.olympic.ca\/olympique\/wp-json\/wp\/v2\/media?parent=1339"}],"wp:term":[{"taxonomy":"category","embeddable":true,"href":"https:\/\/develop.olympic.ca\/olympique\/wp-json\/wp\/v2\/categories?post=1339"},{"taxonomy":"post_tag","embeddable":true,"href":"https:\/\/develop.olympic.ca\/olympique\/wp-json\/wp\/v2\/tags?post=1339"},{"taxonomy":"post_format","embeddable":true,"href":"https:\/\/develop.olympic.ca\/olympique\/wp-json\/wp\/v2\/post_format?post=1339"},{"taxonomy":"sport","embeddable":true,"href":"https:\/\/develop.olympic.ca\/olympique\/wp-json\/wp\/v2\/sport?post=1339"},{"taxonomy":"game","embeddable":true,"href":"https:\/\/develop.olympic.ca\/olympique\/wp-json\/wp\/v2\/game?post=1339"},{"taxonomy":"author","embeddable":true,"href":"https:\/\/develop.olympic.ca\/olympique\/wp-json\/wp\/v2\/coauthors?post=1339"}],"curies":[{"name":"wp","href":"https:\/\/api.w.org\/{rel}","templated":true}]}}