{"id":135889,"date":"2018-02-07T12:54:42","date_gmt":"2018-02-07T17:54:42","guid":{"rendered":"http:\/\/develop.olympic.ca\/olympique\/?p=135889"},"modified":"2018-03-06T15:35:43","modified_gmt":"2018-03-06T20:35:43","slug":"coup-doeil-au-village-des-athletes-de-pyeongchang-2018-avec-equipe-canada","status":"publish","type":"post","link":"https:\/\/develop.olympic.ca\/olympique\/2018\/02\/07\/coup-doeil-au-village-des-athletes-de-pyeongchang-2018-avec-equipe-canada\/","title":{"rendered":"Coup d&rsquo;\u0153il au village des athl\u00e8tes de PyeongChang 2018 avec \u00c9quipe Canada"},"content":{"rendered":"<h2 class=\"lead\">\u00c0 quelques jours de l\u2019ouverture officielle des Jeux de <a href=\"https:\/\/develop.olympic.ca\/olympique\/horaire-dequipe-canada-a-pyeongchang-2018\/\">PyeongChang\u00a02018<\/a>, jetons un coup d\u2019\u0153il au village des athl\u00e8tes, le chez-soi des <a href=\"https:\/\/develop.olympic.ca\/olympique\/composition-dequipe-canada\/\">athl\u00e8tes d\u2019\u00c9quipe Canada<\/a> aux Jeux olympiques d\u2019hiver.<\/h2>\n<p>Bien entendu, nous avons ajout\u00e9 de l\u2019\u00e9clat au village en lui apportant une touche typiquement canadienne. Au menu\u00a0: du blanc, du rouge et des feuilles d\u2019\u00e9rable.<\/p>\n<h2>Bienvenue aux villages<\/h2>\n<div class=\"tiled-gallery type-rectangular tiled-gallery-unresized\" data-original-width=\"1360\" data-carousel-extra='null' itemscope itemtype=\"http:\/\/schema.org\/ImageGallery\" > <div class=\"gallery-row\" style=\"width: 1360px; height: 277px;\" data-original-width=\"1360\" data-original-height=\"277\" > <div class=\"gallery-group images-1\" style=\"width: 208px; height: 277px;\" data-original-width=\"208\" data-original-height=\"277\" > <div class=\"tiled-gallery-item tiled-gallery-item-small\" itemprop=\"associatedMedia\" itemscope itemtype=\"http:\/\/schema.org\/ImageObject\"> <a href=\"https:\/\/develop.olympic.ca\/olympique\/2018\/02\/07\/coup-doeil-au-village-des-athletes-de-pyeongchang-2018-avec-equipe-canada\/team-canada-athlete-villageimg_0153\/#main\" border=\"0\" itemprop=\"url\"> <meta itemprop=\"width\" content=\"204\"> <meta itemprop=\"height\" content=\"273\"> <img decoding=\"async\" data-recalc-dims=\"1\" class=\"\" data-attachment-id=\"135891\" data-orig-file=\"https:\/\/develop.olympic.ca\/olympique\/wp-content\/uploads\/sites\/2\/2018\/02\/team-canada-athlete-villageimg_0153.jpg?quality=100\" data-orig-size=\"700,934\" data-comments-opened=\"\" data-image-meta=\"{&quot;aperture&quot;:&quot;0&quot;,&quot;credit&quot;:&quot;&quot;,&quot;camera&quot;:&quot;&quot;,&quot;caption&quot;:&quot;&quot;,&quot;created_timestamp&quot;:&quot;0&quot;,&quot;copyright&quot;:&quot;&quot;,&quot;focal_length&quot;:&quot;0&quot;,&quot;iso&quot;:&quot;0&quot;,&quot;shutter_speed&quot;:&quot;0&quot;,&quot;title&quot;:&quot;&quot;,&quot;orientation&quot;:&quot;0&quot;}\" data-image-title=\"\u00c9quipe Canada &amp;#8211; Village olympique\" data-image-description=\"\" data-medium-file=\"https:\/\/develop.olympic.ca\/olympique\/wp-content\/uploads\/sites\/2\/2018\/02\/team-canada-athlete-villageimg_0153.jpg?quality=100&#038;w=278\" data-large-file=\"https:\/\/develop.olympic.ca\/olympique\/wp-content\/uploads\/sites\/2\/2018\/02\/team-canada-athlete-villageimg_0153.jpg?quality=100&#038;w=565\" src=\"https:\/\/develop.olympic.ca\/olympique\/wp-content\/uploads\/sites\/2\/2018\/02\/team-canada-athlete-villageimg_0153.jpg?quality=100&#038;w=204&#038;h=273&#038;strip&#038;resize=204%2C273\" srcset=\"https:\/\/develop.olympic.ca\/olympique\/wp-content\/uploads\/sites\/2\/2018\/02\/team-canada-athlete-villageimg_0153.jpg 700w, https:\/\/develop.olympic.ca\/olympique\/wp-content\/uploads\/sites\/2\/2018\/02\/team-canada-athlete-villageimg_0153.jpg?resize=118,158 118w, https:\/\/develop.olympic.ca\/olympique\/wp-content\/uploads\/sites\/2\/2018\/02\/team-canada-athlete-villageimg_0153.jpg?resize=278,371 278w, https:\/\/develop.olympic.ca\/olympique\/wp-content\/uploads\/sites\/2\/2018\/02\/team-canada-athlete-villageimg_0153.jpg?resize=565,754 565w\" width=\"204\" height=\"273\" loading=\"lazy\" data-original-width=\"204\" data-original-height=\"273\" itemprop=\"http:\/\/schema.org\/image\" title=\"\u00c9quipe Canada - Village olympique\" alt=\"\u00c9quipe Canada - Village olympique\" style=\"width: 204px; height: 273px;\" \/> <\/a> <\/div> <\/div> <!-- close group --> <div class=\"gallery-group images-1\" style=\"width: 209px; height: 277px;\" data-original-width=\"209\" data-original-height=\"277\" > <div class=\"tiled-gallery-item tiled-gallery-item-small\" itemprop=\"associatedMedia\" itemscope itemtype=\"http:\/\/schema.org\/ImageObject\"> <a href=\"https:\/\/develop.olympic.ca\/olympique\/2018\/02\/07\/coup-doeil-au-village-des-athletes-de-pyeongchang-2018-avec-equipe-canada\/team-canada-athlete-villageimg_9569-e1518011187594\/#main\" border=\"0\" itemprop=\"url\"> <meta itemprop=\"width\" content=\"205\"> <meta itemprop=\"height\" content=\"273\"> <img decoding=\"async\" data-recalc-dims=\"1\" class=\"\" data-attachment-id=\"135892\" data-orig-file=\"https:\/\/develop.olympic.ca\/olympique\/wp-content\/uploads\/sites\/2\/2018\/02\/team-canada-athlete-villageimg_9569-e1518011187594.jpg?quality=100\" data-orig-size=\"700,933\" data-comments-opened=\"\" data-image-meta=\"{&quot;aperture&quot;:&quot;0&quot;,&quot;credit&quot;:&quot;&quot;,&quot;camera&quot;:&quot;&quot;,&quot;caption&quot;:&quot;&quot;,&quot;created_timestamp&quot;:&quot;0&quot;,&quot;copyright&quot;:&quot;&quot;,&quot;focal_length&quot;:&quot;0&quot;,&quot;iso&quot;:&quot;0&quot;,&quot;shutter_speed&quot;:&quot;0&quot;,&quot;title&quot;:&quot;&quot;,&quot;orientation&quot;:&quot;0&quot;}\" data-image-title=\"\u00c9quipe Canada &amp;#8211; Village olympique\" data-image-description=\"\" data-medium-file=\"https:\/\/develop.olympic.ca\/olympique\/wp-content\/uploads\/sites\/2\/2018\/02\/team-canada-athlete-villageimg_9569-e1518011187594.jpg?quality=100&#038;w=278\" data-large-file=\"https:\/\/develop.olympic.ca\/olympique\/wp-content\/uploads\/sites\/2\/2018\/02\/team-canada-athlete-villageimg_9569-e1518011187594.jpg?quality=100&#038;w=566\" src=\"https:\/\/develop.olympic.ca\/olympique\/wp-content\/uploads\/sites\/2\/2018\/02\/team-canada-athlete-villageimg_9569-e1518011187594.jpg?quality=100&#038;w=205&#038;h=273&#038;strip&#038;resize=205%2C273\" srcset=\"https:\/\/develop.olympic.ca\/olympique\/wp-content\/uploads\/sites\/2\/2018\/02\/team-canada-athlete-villageimg_9569-e1518011187594.jpg 700w, https:\/\/develop.olympic.ca\/olympique\/wp-content\/uploads\/sites\/2\/2018\/02\/team-canada-athlete-villageimg_9569-e1518011187594.jpg?resize=119,158 119w, https:\/\/develop.olympic.ca\/olympique\/wp-content\/uploads\/sites\/2\/2018\/02\/team-canada-athlete-villageimg_9569-e1518011187594.jpg?resize=278,371 278w, https:\/\/develop.olympic.ca\/olympique\/wp-content\/uploads\/sites\/2\/2018\/02\/team-canada-athlete-villageimg_9569-e1518011187594.jpg?resize=566,754 566w\" width=\"205\" height=\"273\" loading=\"lazy\" data-original-width=\"205\" data-original-height=\"273\" itemprop=\"http:\/\/schema.org\/image\" title=\"\u00c9quipe Canada - Village olympique\" alt=\"\u00c9quipe Canada - Village olympique\" style=\"width: 205px; height: 273px;\" \/> <\/a> <\/div> <\/div> <!-- close group --> <div class=\"gallery-group images-1\" style=\"width: 367px; height: 277px;\" data-original-width=\"367\" data-original-height=\"277\" > <div class=\"tiled-gallery-item tiled-gallery-item-large\" itemprop=\"associatedMedia\" itemscope itemtype=\"http:\/\/schema.org\/ImageObject\"> <a href=\"https:\/\/develop.olympic.ca\/olympique\/2018\/02\/07\/coup-doeil-au-village-des-athletes-de-pyeongchang-2018-avec-equipe-canada\/team-canada-athlete-villageimg_9631-e1518011162842\/#main\" border=\"0\" itemprop=\"url\"> <meta itemprop=\"width\" content=\"363\"> <meta itemprop=\"height\" content=\"273\"> <img decoding=\"async\" data-recalc-dims=\"1\" class=\"\" data-attachment-id=\"135893\" data-orig-file=\"https:\/\/develop.olympic.ca\/olympique\/wp-content\/uploads\/sites\/2\/2018\/02\/team-canada-athlete-villageimg_9631-e1518011162842.jpg?quality=100\" data-orig-size=\"700,525\" data-comments-opened=\"\" data-image-meta=\"{&quot;aperture&quot;:&quot;0&quot;,&quot;credit&quot;:&quot;&quot;,&quot;camera&quot;:&quot;&quot;,&quot;caption&quot;:&quot;&quot;,&quot;created_timestamp&quot;:&quot;0&quot;,&quot;copyright&quot;:&quot;&quot;,&quot;focal_length&quot;:&quot;0&quot;,&quot;iso&quot;:&quot;0&quot;,&quot;shutter_speed&quot;:&quot;0&quot;,&quot;title&quot;:&quot;&quot;,&quot;orientation&quot;:&quot;0&quot;}\" data-image-title=\"\u00c9quipe Canada &amp;#8211; Village olympique\" data-image-description=\"\" data-medium-file=\"https:\/\/develop.olympic.ca\/olympique\/wp-content\/uploads\/sites\/2\/2018\/02\/team-canada-athlete-villageimg_9631-e1518011162842.jpg?quality=100&#038;w=495\" data-large-file=\"https:\/\/develop.olympic.ca\/olympique\/wp-content\/uploads\/sites\/2\/2018\/02\/team-canada-athlete-villageimg_9631-e1518011162842.jpg?quality=100&#038;w=700\" src=\"https:\/\/develop.olympic.ca\/olympique\/wp-content\/uploads\/sites\/2\/2018\/02\/team-canada-athlete-villageimg_9631-e1518011162842.jpg?quality=100&#038;w=363&#038;h=273&#038;strip&#038;resize=363%2C273\" srcset=\"https:\/\/develop.olympic.ca\/olympique\/wp-content\/uploads\/sites\/2\/2018\/02\/team-canada-athlete-villageimg_9631-e1518011162842.jpg 700w, https:\/\/develop.olympic.ca\/olympique\/wp-content\/uploads\/sites\/2\/2018\/02\/team-canada-athlete-villageimg_9631-e1518011162842.jpg?resize=211,158 211w, https:\/\/develop.olympic.ca\/olympique\/wp-content\/uploads\/sites\/2\/2018\/02\/team-canada-athlete-villageimg_9631-e1518011162842.jpg?resize=495,371 495w\" width=\"363\" height=\"273\" loading=\"lazy\" data-original-width=\"363\" data-original-height=\"273\" itemprop=\"http:\/\/schema.org\/image\" title=\"\u00c9quipe Canada - Village olympique\" alt=\"Les anneaux olympiques\" style=\"width: 363px; height: 273px;\" \/> <\/a> <div class=\"tiled-gallery-caption\" itemprop=\"caption description\"> Les anneaux olympiques <\/div> <\/div> <\/div> <!-- close group --> <div class=\"gallery-group images-1\" style=\"width: 367px; height: 277px;\" data-original-width=\"367\" data-original-height=\"277\" > <div class=\"tiled-gallery-item tiled-gallery-item-large\" itemprop=\"associatedMedia\" itemscope itemtype=\"http:\/\/schema.org\/ImageObject\"> <a href=\"https:\/\/develop.olympic.ca\/olympique\/2018\/02\/07\/coup-doeil-au-village-des-athletes-de-pyeongchang-2018-avec-equipe-canada\/team-canada-athlete-villageimg_96161\/#main\" border=\"0\" itemprop=\"url\"> <meta itemprop=\"width\" content=\"363\"> <meta itemprop=\"height\" content=\"273\"> <img decoding=\"async\" data-recalc-dims=\"1\" class=\"\" data-attachment-id=\"135894\" data-orig-file=\"https:\/\/develop.olympic.ca\/olympique\/wp-content\/uploads\/sites\/2\/2018\/02\/team-canada-athlete-villageimg_96161.jpg?quality=100\" data-orig-size=\"700,525\" data-comments-opened=\"\" data-image-meta=\"{&quot;aperture&quot;:&quot;1.8&quot;,&quot;credit&quot;:&quot;&quot;,&quot;camera&quot;:&quot;iPhone 8 Plus&quot;,&quot;caption&quot;:&quot;&quot;,&quot;created_timestamp&quot;:&quot;1517660453&quot;,&quot;copyright&quot;:&quot;&quot;,&quot;focal_length&quot;:&quot;3.99&quot;,&quot;iso&quot;:&quot;20&quot;,&quot;shutter_speed&quot;:&quot;0.0021691973969631&quot;,&quot;title&quot;:&quot;&quot;,&quot;orientation&quot;:&quot;0&quot;}\" data-image-title=\"\u00c9quipe Canada &amp;#8211; Village olympique\" data-image-description=\"\" data-medium-file=\"https:\/\/develop.olympic.ca\/olympique\/wp-content\/uploads\/sites\/2\/2018\/02\/team-canada-athlete-villageimg_96161.jpg?quality=100&#038;w=495\" data-large-file=\"https:\/\/develop.olympic.ca\/olympique\/wp-content\/uploads\/sites\/2\/2018\/02\/team-canada-athlete-villageimg_96161.jpg?quality=100&#038;w=700\" src=\"https:\/\/develop.olympic.ca\/olympique\/wp-content\/uploads\/sites\/2\/2018\/02\/team-canada-athlete-villageimg_96161.jpg?quality=100&#038;w=363&#038;h=273&#038;strip&#038;resize=363%2C273\" srcset=\"https:\/\/develop.olympic.ca\/olympique\/wp-content\/uploads\/sites\/2\/2018\/02\/team-canada-athlete-villageimg_96161.jpg 700w, https:\/\/develop.olympic.ca\/olympique\/wp-content\/uploads\/sites\/2\/2018\/02\/team-canada-athlete-villageimg_96161.jpg?resize=211,158 211w, https:\/\/develop.olympic.ca\/olympique\/wp-content\/uploads\/sites\/2\/2018\/02\/team-canada-athlete-villageimg_96161.jpg?resize=495,371 495w\" width=\"363\" height=\"273\" loading=\"lazy\" data-original-width=\"363\" data-original-height=\"273\" itemprop=\"http:\/\/schema.org\/image\" title=\"\u00c9quipe Canada - Village olympique\" alt=\"\u00c9quipe Canada - Village olympique\" style=\"width: 363px; height: 273px;\" \/> <\/a> <\/div> <\/div> <!-- close group --> <div class=\"gallery-group images-1\" style=\"width: 209px; height: 277px;\" data-original-width=\"209\" data-original-height=\"277\" > <div class=\"tiled-gallery-item tiled-gallery-item-small\" itemprop=\"associatedMedia\" itemscope itemtype=\"http:\/\/schema.org\/ImageObject\"> <a href=\"https:\/\/develop.olympic.ca\/olympique\/2018\/02\/07\/coup-doeil-au-village-des-athletes-de-pyeongchang-2018-avec-equipe-canada\/team-canada-athletes-village-pye-20182-e1517980474372\/#main\" border=\"0\" itemprop=\"url\"> <meta itemprop=\"width\" content=\"205\"> <meta itemprop=\"height\" content=\"273\"> <img decoding=\"async\" data-recalc-dims=\"1\" class=\"\" data-attachment-id=\"135895\" data-orig-file=\"https:\/\/develop.olympic.ca\/olympique\/wp-content\/uploads\/sites\/2\/2018\/02\/team-canada-athletes-village-pye-20182-e1517980474372.jpg?quality=100\" data-orig-size=\"700,933\" data-comments-opened=\"\" data-image-meta=\"{&quot;aperture&quot;:&quot;0&quot;,&quot;credit&quot;:&quot;&quot;,&quot;camera&quot;:&quot;&quot;,&quot;caption&quot;:&quot;&quot;,&quot;created_timestamp&quot;:&quot;0&quot;,&quot;copyright&quot;:&quot;&quot;,&quot;focal_length&quot;:&quot;0&quot;,&quot;iso&quot;:&quot;0&quot;,&quot;shutter_speed&quot;:&quot;0&quot;,&quot;title&quot;:&quot;&quot;,&quot;orientation&quot;:&quot;0&quot;}\" data-image-title=\"\u00c9quipe Canada &amp;#8211; Village olympique\" data-image-description=\"\" data-medium-file=\"https:\/\/develop.olympic.ca\/olympique\/wp-content\/uploads\/sites\/2\/2018\/02\/team-canada-athletes-village-pye-20182-e1517980474372.jpg?quality=100&#038;w=278\" data-large-file=\"https:\/\/develop.olympic.ca\/olympique\/wp-content\/uploads\/sites\/2\/2018\/02\/team-canada-athletes-village-pye-20182-e1517980474372.jpg?quality=100&#038;w=566\" src=\"https:\/\/develop.olympic.ca\/olympique\/wp-content\/uploads\/sites\/2\/2018\/02\/team-canada-athletes-village-pye-20182-e1517980474372.jpg?quality=100&#038;w=205&#038;h=273&#038;strip&#038;resize=205%2C273\" srcset=\"https:\/\/develop.olympic.ca\/olympique\/wp-content\/uploads\/sites\/2\/2018\/02\/team-canada-athletes-village-pye-20182-e1517980474372.jpg 700w, https:\/\/develop.olympic.ca\/olympique\/wp-content\/uploads\/sites\/2\/2018\/02\/team-canada-athletes-village-pye-20182-e1517980474372.jpg?resize=119,158 119w, https:\/\/develop.olympic.ca\/olympique\/wp-content\/uploads\/sites\/2\/2018\/02\/team-canada-athletes-village-pye-20182-e1517980474372.jpg?resize=278,371 278w, https:\/\/develop.olympic.ca\/olympique\/wp-content\/uploads\/sites\/2\/2018\/02\/team-canada-athletes-village-pye-20182-e1517980474372.jpg?resize=566,754 566w\" width=\"205\" height=\"273\" loading=\"lazy\" data-original-width=\"205\" data-original-height=\"273\" itemprop=\"http:\/\/schema.org\/image\" title=\"\u00c9quipe Canada - Village olympique\" alt=\"\u00c9quipe Canada - Village olympique\" style=\"width: 205px; height: 273px;\" \/> <\/a> <\/div> <\/div> <!-- close group --> <\/div> <!-- close row --> <div class=\"gallery-row\" style=\"width: 1360px; height: 735px;\" data-original-width=\"1360\" data-original-height=\"735\" > <div class=\"gallery-group images-1\" style=\"width: 735px; height: 735px;\" data-original-width=\"735\" data-original-height=\"735\" > <div class=\"tiled-gallery-item tiled-gallery-item-large\" itemprop=\"associatedMedia\" itemscope itemtype=\"http:\/\/schema.org\/ImageObject\"> <a href=\"https:\/\/develop.olympic.ca\/olympique\/2018\/02\/07\/coup-doeil-au-village-des-athletes-de-pyeongchang-2018-avec-equipe-canada\/team-canada-mountain-village-14\/#main\" border=\"0\" itemprop=\"url\"> <meta itemprop=\"width\" content=\"731\"> <meta itemprop=\"height\" content=\"731\"> <img decoding=\"async\" data-recalc-dims=\"1\" class=\"\" data-attachment-id=\"135896\" data-orig-file=\"https:\/\/develop.olympic.ca\/olympique\/wp-content\/uploads\/sites\/2\/2018\/02\/team-canada-mountain-village-14.jpg?quality=100\" data-orig-size=\"700,700\" data-comments-opened=\"\" data-image-meta=\"{&quot;aperture&quot;:&quot;2.8&quot;,&quot;credit&quot;:&quot;&quot;,&quot;camera&quot;:&quot;Canon EOS-1D X&quot;,&quot;caption&quot;:&quot;&quot;,&quot;created_timestamp&quot;:&quot;1517609426&quot;,&quot;copyright&quot;:&quot;&quot;,&quot;focal_length&quot;:&quot;24&quot;,&quot;iso&quot;:&quot;800&quot;,&quot;shutter_speed&quot;:&quot;0.01&quot;,&quot;title&quot;:&quot;&quot;,&quot;orientation&quot;:&quot;0&quot;}\" data-image-title=\"\u00c9quipe Canada &amp;#8211; Village olympique\" data-image-description=\"\" data-medium-file=\"https:\/\/develop.olympic.ca\/olympique\/wp-content\/uploads\/sites\/2\/2018\/02\/team-canada-mountain-village-14.jpg?quality=100&#038;w=371\" data-large-file=\"https:\/\/develop.olympic.ca\/olympique\/wp-content\/uploads\/sites\/2\/2018\/02\/team-canada-mountain-village-14.jpg?quality=100&#038;w=700\" src=\"https:\/\/develop.olympic.ca\/olympique\/wp-content\/uploads\/sites\/2\/2018\/02\/team-canada-mountain-village-14.jpg?quality=100&#038;w=731&#038;h=731&#038;crop=1&#038;strip&#038;resize=731%2C731\" srcset=\"https:\/\/develop.olympic.ca\/olympique\/wp-content\/uploads\/sites\/2\/2018\/02\/team-canada-mountain-village-14.jpg 700w, https:\/\/develop.olympic.ca\/olympique\/wp-content\/uploads\/sites\/2\/2018\/02\/team-canada-mountain-village-14.jpg?resize=158,158 158w, https:\/\/develop.olympic.ca\/olympique\/wp-content\/uploads\/sites\/2\/2018\/02\/team-canada-mountain-village-14.jpg?resize=371,371 371w\" width=\"731\" height=\"731\" loading=\"lazy\" data-original-width=\"731\" data-original-height=\"731\" itemprop=\"http:\/\/schema.org\/image\" title=\"\u00c9quipe Canada - Village olympique\" alt=\"L&#039;athl\u00e8te canadienne de basketball Lizanne Murphy accueille l&#039;\u00e9quipe au village.\" style=\"width: 731px; height: 731px;\" \/> <\/a> <div class=\"tiled-gallery-caption\" itemprop=\"caption description\"> L&rsquo;athl\u00e8te canadienne de basketball Lizanne Murphy accueille l&rsquo;\u00e9quipe au village. <\/div> <\/div> <\/div> <!-- close group --> <div class=\"gallery-group images-1\" style=\"width: 625px; height: 735px;\" data-original-width=\"625\" data-original-height=\"735\" > <div class=\"tiled-gallery-item tiled-gallery-item-large\" itemprop=\"associatedMedia\" itemscope itemtype=\"http:\/\/schema.org\/ImageObject\"> <a href=\"https:\/\/develop.olympic.ca\/olympique\/2018\/02\/07\/coup-doeil-au-village-des-athletes-de-pyeongchang-2018-avec-equipe-canada\/team-canada-mountain-village-16\/#main\" border=\"0\" itemprop=\"url\"> <meta itemprop=\"width\" content=\"621\"> <meta itemprop=\"height\" content=\"731\"> <img decoding=\"async\" data-recalc-dims=\"1\" class=\"\" data-attachment-id=\"135897\" data-orig-file=\"https:\/\/develop.olympic.ca\/olympique\/wp-content\/uploads\/sites\/2\/2018\/02\/team-canada-mountain-village-16.jpg?quality=100\" data-orig-size=\"700,823\" data-comments-opened=\"\" data-image-meta=\"{&quot;aperture&quot;:&quot;2.8&quot;,&quot;credit&quot;:&quot;&quot;,&quot;camera&quot;:&quot;Canon EOS-1D X&quot;,&quot;caption&quot;:&quot;&quot;,&quot;created_timestamp&quot;:&quot;1517605514&quot;,&quot;copyright&quot;:&quot;&quot;,&quot;focal_length&quot;:&quot;41&quot;,&quot;iso&quot;:&quot;800&quot;,&quot;shutter_speed&quot;:&quot;0.01&quot;,&quot;title&quot;:&quot;&quot;,&quot;orientation&quot;:&quot;0&quot;}\" data-image-title=\"\u00c9quipe Canada &amp;#8211; Village olympique\" data-image-description=\"\" data-medium-file=\"https:\/\/develop.olympic.ca\/olympique\/wp-content\/uploads\/sites\/2\/2018\/02\/team-canada-mountain-village-16.jpg?quality=100&#038;w=316\" data-large-file=\"https:\/\/develop.olympic.ca\/olympique\/wp-content\/uploads\/sites\/2\/2018\/02\/team-canada-mountain-village-16.jpg?quality=100&#038;w=641\" src=\"https:\/\/develop.olympic.ca\/olympique\/wp-content\/uploads\/sites\/2\/2018\/02\/team-canada-mountain-village-16.jpg?quality=100&#038;w=621&#038;h=731&#038;strip&#038;resize=621%2C731\" srcset=\"https:\/\/develop.olympic.ca\/olympique\/wp-content\/uploads\/sites\/2\/2018\/02\/team-canada-mountain-village-16.jpg 700w, https:\/\/develop.olympic.ca\/olympique\/wp-content\/uploads\/sites\/2\/2018\/02\/team-canada-mountain-village-16.jpg?resize=134,158 134w, https:\/\/develop.olympic.ca\/olympique\/wp-content\/uploads\/sites\/2\/2018\/02\/team-canada-mountain-village-16.jpg?resize=316,371 316w, https:\/\/develop.olympic.ca\/olympique\/wp-content\/uploads\/sites\/2\/2018\/02\/team-canada-mountain-village-16.jpg?resize=641,754 641w\" width=\"621\" height=\"731\" loading=\"lazy\" data-original-width=\"621\" data-original-height=\"731\" itemprop=\"http:\/\/schema.org\/image\" title=\"\u00c9quipe Canada - Village olympique\" alt=\"\u00c9quipe Canada - Village olympique\" style=\"width: 621px; height: 731px;\" \/> <\/a> <\/div> <\/div> <!-- close group --> <\/div> <!-- close row --> <\/div>\n<p>PyeongChang\u00a02018 compte deux villages des athl\u00e8tes \u2013 un situ\u00e9 dans la zone alpine et l\u2019autre, dans la zone c\u00f4ti\u00e8re \u2013 pour que les athl\u00e8tes puissent habiter le plus pr\u00e8s possible de leur site de comp\u00e9tition. Les deux villages poss\u00e8dent \u00e0 peu pr\u00e8s les m\u00eames installations, mais \u00c9quipe Canada y a \u00e9rig\u00e9 deux statues d\u2019orignaux compl\u00e8tement diff\u00e9rents. Les deux b\u00eates (toujours sans nom pour le moment) sont situ\u00e9es tout juste \u00e0 l\u2019entr\u00e9e des \u00e9difices du Canada. L\u2019orignal du village de la zone alpine arbore un motif de tartan typiquement canadien tandis que l\u2019autre est peint en noir et blanc.<\/p>\n<h2>Trousse de v\u00eatements d\u2019\u00c9quipe Canada<\/h2>\n<div class=\"tiled-gallery type-rectangular tiled-gallery-unresized\" data-original-width=\"1360\" data-carousel-extra='null' itemscope itemtype=\"http:\/\/schema.org\/ImageGallery\" > <div class=\"gallery-row\" style=\"width: 1360px; height: 657px;\" data-original-width=\"1360\" data-original-height=\"657\" > <div class=\"gallery-group images-1\" style=\"width: 985px; height: 657px;\" data-original-width=\"985\" data-original-height=\"657\" > <div class=\"tiled-gallery-item tiled-gallery-item-large\" itemprop=\"associatedMedia\" itemscope itemtype=\"http:\/\/schema.org\/ImageObject\"> <a href=\"https:\/\/develop.olympic.ca\/olympique\/2018\/02\/07\/coup-doeil-au-village-des-athletes-de-pyeongchang-2018-avec-equipe-canada\/dsc_2880-2-2\/#main\" border=\"0\" itemprop=\"url\"> <meta itemprop=\"width\" content=\"981\"> <meta itemprop=\"height\" content=\"653\"> <img decoding=\"async\" data-recalc-dims=\"1\" class=\"\" data-attachment-id=\"135898\" data-orig-file=\"https:\/\/develop.olympic.ca\/olympique\/wp-content\/uploads\/sites\/2\/2018\/02\/dsc_2880-2.jpg?quality=100\" data-orig-size=\"981,653\" data-comments-opened=\"\" data-image-meta=\"{&quot;aperture&quot;:&quot;5&quot;,&quot;credit&quot;:&quot;&quot;,&quot;camera&quot;:&quot;NIKON D3&quot;,&quot;caption&quot;:&quot;CNW-HBC OLYMPIAN-10.03.17-TORONTO, ON- Canada\\u0027s iconic retailer, Hudson\\u0027s Bay, unveiled the Team Canada Collection that will outfit Canadian athletes at the upcoming Olympic and Paralympic Winter games,Pyeong Chang 2018. The unveil\\u0027s participating athletes included, Marie-Michele Gagnon, Brendan Green, Marielle Thompson, Taylor Henrich, Gilmore Junio, Kelsey Serwa, Max Parrot, John Morris, Rachel Homan, Dustin Cook, Chris Klebl, John Leslie, Brian Mckeever, Graham Nishikawa, and Michelle Salt.&quot;,&quot;created_timestamp&quot;:&quot;1507029911&quot;,&quot;copyright&quot;:&quot;&quot;,&quot;focal_length&quot;:&quot;30&quot;,&quot;iso&quot;:&quot;800&quot;,&quot;shutter_speed&quot;:&quot;0.003125&quot;,&quot;title&quot;:&quot;&quot;,&quot;orientation&quot;:&quot;0&quot;}\" data-image-title=\"\u00c9quipe Canada &amp;#8211; Village olympique &amp;#8211; Collection de v\u00eatement HBC\" data-image-description=\"\" data-medium-file=\"https:\/\/develop.olympic.ca\/olympique\/wp-content\/uploads\/sites\/2\/2018\/02\/dsc_2880-2.jpg?quality=100&#038;w=557\" data-large-file=\"https:\/\/develop.olympic.ca\/olympique\/wp-content\/uploads\/sites\/2\/2018\/02\/dsc_2880-2.jpg?quality=100&#038;w=981\" src=\"https:\/\/develop.olympic.ca\/olympique\/wp-content\/uploads\/sites\/2\/2018\/02\/dsc_2880-2.jpg?quality=100&#038;w=981&#038;h=653&#038;strip&#038;resize=981%2C653\" srcset=\"https:\/\/develop.olympic.ca\/olympique\/wp-content\/uploads\/sites\/2\/2018\/02\/dsc_2880-2.jpg 981w, https:\/\/develop.olympic.ca\/olympique\/wp-content\/uploads\/sites\/2\/2018\/02\/dsc_2880-2.jpg?resize=237,158 237w, https:\/\/develop.olympic.ca\/olympique\/wp-content\/uploads\/sites\/2\/2018\/02\/dsc_2880-2.jpg?resize=557,371 557w, https:\/\/develop.olympic.ca\/olympique\/wp-content\/uploads\/sites\/2\/2018\/02\/dsc_2880-2.jpg?resize=768,511 768w\" width=\"981\" height=\"653\" loading=\"lazy\" data-original-width=\"981\" data-original-height=\"653\" itemprop=\"http:\/\/schema.org\/image\" title=\"\u00c9quipe Canada - Village olympique - Collection de v\u00eatement HBC\" alt=\"La collection officielle d&#039;\u00c9quipe Canada par la Baie d&#039;Hudson pour PyeongChang 2018 (Photo: Adam Pulicicchio)\" style=\"width: 981px; height: 653px;\" \/> <\/a> <div class=\"tiled-gallery-caption\" itemprop=\"caption description\"> La collection officielle d&rsquo;\u00c9quipe Canada par la Baie d&rsquo;Hudson pour PyeongChang 2018 (Photo: Adam Pulicicchio) <\/div> <\/div> <\/div> <!-- close group --> <div class=\"gallery-group images-2\" style=\"width: 375px; height: 657px;\" data-original-width=\"375\" data-original-height=\"657\" > <div class=\"tiled-gallery-item tiled-gallery-item-large\" itemprop=\"associatedMedia\" itemscope itemtype=\"http:\/\/schema.org\/ImageObject\"> <a href=\"https:\/\/develop.olympic.ca\/olympique\/2018\/02\/07\/coup-doeil-au-village-des-athletes-de-pyeongchang-2018-avec-equipe-canada\/team-canada-athletes-village-pye-20186-e1517980648625\/#main\" border=\"0\" itemprop=\"url\"> <meta itemprop=\"width\" content=\"371\"> <meta itemprop=\"height\" content=\"278\"> <img decoding=\"async\" data-recalc-dims=\"1\" class=\"\" data-attachment-id=\"135899\" data-orig-file=\"https:\/\/develop.olympic.ca\/olympique\/wp-content\/uploads\/sites\/2\/2018\/02\/team-canada-athletes-village-pye-20186-e1517980648625.jpg?quality=100\" data-orig-size=\"700,525\" data-comments-opened=\"\" data-image-meta=\"{&quot;aperture&quot;:&quot;0&quot;,&quot;credit&quot;:&quot;&quot;,&quot;camera&quot;:&quot;&quot;,&quot;caption&quot;:&quot;&quot;,&quot;created_timestamp&quot;:&quot;0&quot;,&quot;copyright&quot;:&quot;&quot;,&quot;focal_length&quot;:&quot;0&quot;,&quot;iso&quot;:&quot;0&quot;,&quot;shutter_speed&quot;:&quot;0&quot;,&quot;title&quot;:&quot;&quot;,&quot;orientation&quot;:&quot;0&quot;}\" data-image-title=\"\u00c9quipe Canada &amp;#8211; Village olympique\" data-image-description=\"\" data-medium-file=\"https:\/\/develop.olympic.ca\/olympique\/wp-content\/uploads\/sites\/2\/2018\/02\/team-canada-athletes-village-pye-20186-e1517980648625.jpg?quality=100&#038;w=495\" data-large-file=\"https:\/\/develop.olympic.ca\/olympique\/wp-content\/uploads\/sites\/2\/2018\/02\/team-canada-athletes-village-pye-20186-e1517980648625.jpg?quality=100&#038;w=700\" src=\"https:\/\/develop.olympic.ca\/olympique\/wp-content\/uploads\/sites\/2\/2018\/02\/team-canada-athletes-village-pye-20186-e1517980648625.jpg?quality=100&#038;w=371&#038;h=278&#038;strip&#038;resize=371%2C278\" srcset=\"https:\/\/develop.olympic.ca\/olympique\/wp-content\/uploads\/sites\/2\/2018\/02\/team-canada-athletes-village-pye-20186-e1517980648625.jpg 700w, https:\/\/develop.olympic.ca\/olympique\/wp-content\/uploads\/sites\/2\/2018\/02\/team-canada-athletes-village-pye-20186-e1517980648625.jpg?resize=211,158 211w, https:\/\/develop.olympic.ca\/olympique\/wp-content\/uploads\/sites\/2\/2018\/02\/team-canada-athletes-village-pye-20186-e1517980648625.jpg?resize=495,371 495w\" width=\"371\" height=\"278\" loading=\"lazy\" data-original-width=\"371\" data-original-height=\"278\" itemprop=\"http:\/\/schema.org\/image\" title=\"\u00c9quipe Canada - Village olympique\" alt=\"\u00c9quipe Canada - Village olympique\" style=\"width: 371px; height: 278px;\" \/> <\/a> <\/div> <div class=\"tiled-gallery-item tiled-gallery-item-large\" itemprop=\"associatedMedia\" itemscope itemtype=\"http:\/\/schema.org\/ImageObject\"> <a href=\"https:\/\/develop.olympic.ca\/olympique\/2018\/02\/07\/coup-doeil-au-village-des-athletes-de-pyeongchang-2018-avec-equipe-canada\/team-canada-mountain-village-20\/#main\" border=\"0\" itemprop=\"url\"> <meta itemprop=\"width\" content=\"371\"> <meta itemprop=\"height\" content=\"371\"> <img decoding=\"async\" data-recalc-dims=\"1\" class=\"\" data-attachment-id=\"135900\" data-orig-file=\"https:\/\/develop.olympic.ca\/olympique\/wp-content\/uploads\/sites\/2\/2018\/02\/team-canada-mountain-village-20.jpg?quality=100\" data-orig-size=\"700,700\" data-comments-opened=\"\" data-image-meta=\"{&quot;aperture&quot;:&quot;2.8&quot;,&quot;credit&quot;:&quot;&quot;,&quot;camera&quot;:&quot;Canon EOS-1D X&quot;,&quot;caption&quot;:&quot;&quot;,&quot;created_timestamp&quot;:&quot;1517607575&quot;,&quot;copyright&quot;:&quot;&quot;,&quot;focal_length&quot;:&quot;28&quot;,&quot;iso&quot;:&quot;1000&quot;,&quot;shutter_speed&quot;:&quot;0.01&quot;,&quot;title&quot;:&quot;&quot;,&quot;orientation&quot;:&quot;0&quot;}\" data-image-title=\"\u00c9quipe Canada &amp;#8211; Village olympique\" data-image-description=\"\" data-medium-file=\"https:\/\/develop.olympic.ca\/olympique\/wp-content\/uploads\/sites\/2\/2018\/02\/team-canada-mountain-village-20.jpg?quality=100&#038;w=371\" data-large-file=\"https:\/\/develop.olympic.ca\/olympique\/wp-content\/uploads\/sites\/2\/2018\/02\/team-canada-mountain-village-20.jpg?quality=100&#038;w=700\" src=\"https:\/\/develop.olympic.ca\/olympique\/wp-content\/uploads\/sites\/2\/2018\/02\/team-canada-mountain-village-20.jpg?quality=100&#038;w=371&#038;h=371&#038;crop=1&#038;strip&#038;resize=371%2C371\" srcset=\"https:\/\/develop.olympic.ca\/olympique\/wp-content\/uploads\/sites\/2\/2018\/02\/team-canada-mountain-village-20.jpg 700w, https:\/\/develop.olympic.ca\/olympique\/wp-content\/uploads\/sites\/2\/2018\/02\/team-canada-mountain-village-20.jpg?resize=158,158 158w, https:\/\/develop.olympic.ca\/olympique\/wp-content\/uploads\/sites\/2\/2018\/02\/team-canada-mountain-village-20.jpg?resize=371,371 371w\" width=\"371\" height=\"371\" loading=\"lazy\" data-original-width=\"371\" data-original-height=\"371\" itemprop=\"http:\/\/schema.org\/image\" title=\"\u00c9quipe Canada - Village olympique\" alt=\"\u00c9quipe Canada - Village olympique\" style=\"width: 371px; height: 371px;\" \/> <\/a> <\/div> <\/div> <!-- close group --> <\/div> <!-- close row --> <\/div>\n<p>Un moment sp\u00e9cial de l\u2019arriv\u00e9e des athl\u00e8tes consiste \u00e0 mettre la main sur leurs v\u00eatements de la collection olympique officielle de La Baie d\u2019Hudson. Avec leur valise de v\u00eatements dernier cri aux couleurs d\u2019\u00c9quipe Canada, les athl\u00e8tes seront pr\u00eats \u00e0 entrer dans la course aux m\u00e9dailles avec style (chaussures de haute performance, gracieuset\u00e9 d\u2019Under Armour).<\/p>\n<h2>R\u00eaves olympiques<\/h2>\n<div class=\"tiled-gallery type-rectangular tiled-gallery-unresized\" data-original-width=\"1360\" data-carousel-extra='null' itemscope itemtype=\"http:\/\/schema.org\/ImageGallery\" > <div class=\"gallery-row\" style=\"width: 1360px; height: 743px;\" data-original-width=\"1360\" data-original-height=\"743\" > <div class=\"gallery-group images-1\" style=\"width: 989px; height: 743px;\" data-original-width=\"989\" data-original-height=\"743\" > <div class=\"tiled-gallery-item tiled-gallery-item-large\" itemprop=\"associatedMedia\" itemscope itemtype=\"http:\/\/schema.org\/ImageObject\"> <a href=\"https:\/\/develop.olympic.ca\/olympique\/2018\/02\/07\/coup-doeil-au-village-des-athletes-de-pyeongchang-2018-avec-equipe-canada\/team-canada-athletes-village-pye-20181-e1517980456777\/#main\" border=\"0\" itemprop=\"url\"> <meta itemprop=\"width\" content=\"985\"> <meta itemprop=\"height\" content=\"739\"> <img decoding=\"async\" data-recalc-dims=\"1\" class=\"\" data-attachment-id=\"135901\" data-orig-file=\"https:\/\/develop.olympic.ca\/olympique\/wp-content\/uploads\/sites\/2\/2018\/02\/team-canada-athletes-village-pye-20181-e1517980456777.jpg?quality=100\" data-orig-size=\"985,739\" data-comments-opened=\"\" data-image-meta=\"{&quot;aperture&quot;:&quot;0&quot;,&quot;credit&quot;:&quot;&quot;,&quot;camera&quot;:&quot;&quot;,&quot;caption&quot;:&quot;&quot;,&quot;created_timestamp&quot;:&quot;0&quot;,&quot;copyright&quot;:&quot;&quot;,&quot;focal_length&quot;:&quot;0&quot;,&quot;iso&quot;:&quot;0&quot;,&quot;shutter_speed&quot;:&quot;0&quot;,&quot;title&quot;:&quot;&quot;,&quot;orientation&quot;:&quot;0&quot;}\" data-image-title=\"\u00c9quipe Canada &amp;#8211; Village des athl\u00e8tes\" data-image-description=\"\" data-medium-file=\"https:\/\/develop.olympic.ca\/olympique\/wp-content\/uploads\/sites\/2\/2018\/02\/team-canada-athletes-village-pye-20181-e1517980456777.jpg?quality=100&#038;w=494\" data-large-file=\"https:\/\/develop.olympic.ca\/olympique\/wp-content\/uploads\/sites\/2\/2018\/02\/team-canada-athletes-village-pye-20181-e1517980456777.jpg?quality=100&#038;w=985\" src=\"https:\/\/develop.olympic.ca\/olympique\/wp-content\/uploads\/sites\/2\/2018\/02\/team-canada-athletes-village-pye-20181-e1517980456777.jpg?quality=100&#038;w=985&#038;h=739&#038;strip&#038;resize=985%2C739\" srcset=\"https:\/\/develop.olympic.ca\/olympique\/wp-content\/uploads\/sites\/2\/2018\/02\/team-canada-athletes-village-pye-20181-e1517980456777.jpg 985w, https:\/\/develop.olympic.ca\/olympique\/wp-content\/uploads\/sites\/2\/2018\/02\/team-canada-athletes-village-pye-20181-e1517980456777.jpg?resize=211,158 211w, https:\/\/develop.olympic.ca\/olympique\/wp-content\/uploads\/sites\/2\/2018\/02\/team-canada-athletes-village-pye-20181-e1517980456777.jpg?resize=494,371 494w, https:\/\/develop.olympic.ca\/olympique\/wp-content\/uploads\/sites\/2\/2018\/02\/team-canada-athletes-village-pye-20181-e1517980456777.jpg?resize=768,576 768w\" width=\"985\" height=\"739\" loading=\"lazy\" data-original-width=\"985\" data-original-height=\"739\" itemprop=\"http:\/\/schema.org\/image\" title=\"\u00c9quipe Canada - Village des athl\u00e8tes\" alt=\"\u00c9quipe Canada - Village des athl\u00e8tes\" style=\"width: 985px; height: 739px;\" \/> <\/a> <\/div> <\/div> <!-- close group --> <div class=\"gallery-group images-2\" style=\"width: 371px; height: 743px;\" data-original-width=\"371\" data-original-height=\"743\" > <div class=\"tiled-gallery-item tiled-gallery-item-large\" itemprop=\"associatedMedia\" itemscope itemtype=\"http:\/\/schema.org\/ImageObject\"> <a href=\"https:\/\/develop.olympic.ca\/olympique\/2018\/02\/07\/coup-doeil-au-village-des-athletes-de-pyeongchang-2018-avec-equipe-canada\/team-canada-mountain-village-22-2\/#main\" border=\"0\" itemprop=\"url\"> <meta itemprop=\"width\" content=\"367\"> <meta itemprop=\"height\" content=\"368\"> <img decoding=\"async\" data-recalc-dims=\"1\" class=\"\" data-attachment-id=\"135902\" data-orig-file=\"https:\/\/develop.olympic.ca\/olympique\/wp-content\/uploads\/sites\/2\/2018\/02\/team-canada-mountain-village-22-2.jpg?quality=100\" data-orig-size=\"700,700\" data-comments-opened=\"\" data-image-meta=\"{&quot;aperture&quot;:&quot;0&quot;,&quot;credit&quot;:&quot;&quot;,&quot;camera&quot;:&quot;&quot;,&quot;caption&quot;:&quot;&quot;,&quot;created_timestamp&quot;:&quot;0&quot;,&quot;copyright&quot;:&quot;&quot;,&quot;focal_length&quot;:&quot;0&quot;,&quot;iso&quot;:&quot;0&quot;,&quot;shutter_speed&quot;:&quot;0&quot;,&quot;title&quot;:&quot;&quot;,&quot;orientation&quot;:&quot;0&quot;}\" data-image-title=\"\u00c9quipe Canada &amp;#8211; Village des athl\u00e8tes\" data-image-description=\"\" data-medium-file=\"https:\/\/develop.olympic.ca\/olympique\/wp-content\/uploads\/sites\/2\/2018\/02\/team-canada-mountain-village-22-2.jpg?quality=100&#038;w=371\" data-large-file=\"https:\/\/develop.olympic.ca\/olympique\/wp-content\/uploads\/sites\/2\/2018\/02\/team-canada-mountain-village-22-2.jpg?quality=100&#038;w=700\" src=\"https:\/\/develop.olympic.ca\/olympique\/wp-content\/uploads\/sites\/2\/2018\/02\/team-canada-mountain-village-22-2.jpg?quality=100&#038;w=367&#038;h=368&#038;strip&#038;resize=367%2C368\" srcset=\"https:\/\/develop.olympic.ca\/olympique\/wp-content\/uploads\/sites\/2\/2018\/02\/team-canada-mountain-village-22-2.jpg 700w, https:\/\/develop.olympic.ca\/olympique\/wp-content\/uploads\/sites\/2\/2018\/02\/team-canada-mountain-village-22-2.jpg?resize=158,158 158w, https:\/\/develop.olympic.ca\/olympique\/wp-content\/uploads\/sites\/2\/2018\/02\/team-canada-mountain-village-22-2.jpg?resize=371,371 371w\" width=\"367\" height=\"368\" loading=\"lazy\" data-original-width=\"367\" data-original-height=\"368\" itemprop=\"http:\/\/schema.org\/image\" title=\"\u00c9quipe Canada - Village des athl\u00e8tes\" alt=\"\u00c9quipe Canada - Village des athl\u00e8tes\" style=\"width: 367px; height: 368px;\" \/> <\/a> <\/div> <div class=\"tiled-gallery-item tiled-gallery-item-large\" itemprop=\"associatedMedia\" itemscope itemtype=\"http:\/\/schema.org\/ImageObject\"> <a href=\"https:\/\/develop.olympic.ca\/olympique\/2018\/02\/07\/coup-doeil-au-village-des-athletes-de-pyeongchang-2018-avec-equipe-canada\/team-canada-mountain-village-22-3\/#main\" border=\"0\" itemprop=\"url\"> <meta itemprop=\"width\" content=\"367\"> <meta itemprop=\"height\" content=\"367\"> <img decoding=\"async\" data-recalc-dims=\"1\" class=\"\" data-attachment-id=\"135903\" data-orig-file=\"https:\/\/develop.olympic.ca\/olympique\/wp-content\/uploads\/sites\/2\/2018\/02\/team-canada-mountain-village-22-3.jpg?quality=100\" data-orig-size=\"700,700\" data-comments-opened=\"\" data-image-meta=\"{&quot;aperture&quot;:&quot;0&quot;,&quot;credit&quot;:&quot;&quot;,&quot;camera&quot;:&quot;&quot;,&quot;caption&quot;:&quot;&quot;,&quot;created_timestamp&quot;:&quot;0&quot;,&quot;copyright&quot;:&quot;&quot;,&quot;focal_length&quot;:&quot;0&quot;,&quot;iso&quot;:&quot;0&quot;,&quot;shutter_speed&quot;:&quot;0&quot;,&quot;title&quot;:&quot;&quot;,&quot;orientation&quot;:&quot;0&quot;}\" data-image-title=\"\u00c9quipe Canada &amp;#8211; Village des athl\u00e8tes\" data-image-description=\"\" data-medium-file=\"https:\/\/develop.olympic.ca\/olympique\/wp-content\/uploads\/sites\/2\/2018\/02\/team-canada-mountain-village-22-3.jpg?quality=100&#038;w=371\" data-large-file=\"https:\/\/develop.olympic.ca\/olympique\/wp-content\/uploads\/sites\/2\/2018\/02\/team-canada-mountain-village-22-3.jpg?quality=100&#038;w=700\" src=\"https:\/\/develop.olympic.ca\/olympique\/wp-content\/uploads\/sites\/2\/2018\/02\/team-canada-mountain-village-22-3.jpg?quality=100&#038;w=367&#038;h=367&#038;crop=1&#038;strip&#038;resize=367%2C367\" srcset=\"https:\/\/develop.olympic.ca\/olympique\/wp-content\/uploads\/sites\/2\/2018\/02\/team-canada-mountain-village-22-3.jpg 700w, https:\/\/develop.olympic.ca\/olympique\/wp-content\/uploads\/sites\/2\/2018\/02\/team-canada-mountain-village-22-3.jpg?resize=158,158 158w, https:\/\/develop.olympic.ca\/olympique\/wp-content\/uploads\/sites\/2\/2018\/02\/team-canada-mountain-village-22-3.jpg?resize=371,371 371w\" width=\"367\" height=\"367\" loading=\"lazy\" data-original-width=\"367\" data-original-height=\"367\" itemprop=\"http:\/\/schema.org\/image\" title=\"\u00c9quipe Canada - Village des athl\u00e8tes\" alt=\"\u00c9quipe Canada - Village des athl\u00e8tes\" style=\"width: 367px; height: 367px;\" \/> <\/a> <\/div> <\/div> <!-- close group --> <\/div> <!-- close row --> <\/div>\n<p>Les athl\u00e8tes habitent dans des appartements qu\u2019ils partagent avec leurs co\u00e9quipiers. Le comit\u00e9 d\u2019organisation de PyeongChang\u00a02018 a \u00e9quip\u00e9 chaque chambre d\u2019une couverture \u00e0 l\u2019effigie des Jeux compos\u00e9e d\u2019une s\u00e9rie d\u2019images repr\u00e9sentant chacun des sports du programme des Jeux olympiques d\u2019hiver.<\/p>\n<h2>Repos, r\u00e9cup\u00e9ration et ralliement<\/h2>\n<div class=\"tiled-gallery type-rectangular tiled-gallery-unresized\" data-original-width=\"1360\" data-carousel-extra='null' itemscope itemtype=\"http:\/\/schema.org\/ImageGallery\" > <div class=\"gallery-row\" style=\"width: 1360px; height: 281px;\" data-original-width=\"1360\" data-original-height=\"281\" > <div class=\"gallery-group images-1\" style=\"width: 374px; height: 281px;\" data-original-width=\"374\" data-original-height=\"281\" > <div class=\"tiled-gallery-item tiled-gallery-item-large\" itemprop=\"associatedMedia\" itemscope itemtype=\"http:\/\/schema.org\/ImageObject\"> <a href=\"https:\/\/develop.olympic.ca\/olympique\/2018\/02\/07\/coup-doeil-au-village-des-athletes-de-pyeongchang-2018-avec-equipe-canada\/team-canada-athlete-villageimg_9529-e1518011108250\/#main\" border=\"0\" itemprop=\"url\"> <meta itemprop=\"width\" content=\"370\"> <meta itemprop=\"height\" content=\"277\"> <img decoding=\"async\" data-recalc-dims=\"1\" class=\"\" data-attachment-id=\"135906\" data-orig-file=\"https:\/\/develop.olympic.ca\/olympique\/wp-content\/uploads\/sites\/2\/2018\/02\/team-canada-athlete-villageimg_9529-e1518011108250.jpg?quality=100\" data-orig-size=\"700,525\" data-comments-opened=\"\" data-image-meta=\"{&quot;aperture&quot;:&quot;0&quot;,&quot;credit&quot;:&quot;&quot;,&quot;camera&quot;:&quot;&quot;,&quot;caption&quot;:&quot;&quot;,&quot;created_timestamp&quot;:&quot;0&quot;,&quot;copyright&quot;:&quot;&quot;,&quot;focal_length&quot;:&quot;0&quot;,&quot;iso&quot;:&quot;0&quot;,&quot;shutter_speed&quot;:&quot;0&quot;,&quot;title&quot;:&quot;&quot;,&quot;orientation&quot;:&quot;0&quot;}\" data-image-title=\"\u00c9quipe Canada &amp;#8211; Village olympique\" data-image-description=\"\" data-medium-file=\"https:\/\/develop.olympic.ca\/olympique\/wp-content\/uploads\/sites\/2\/2018\/02\/team-canada-athlete-villageimg_9529-e1518011108250.jpg?quality=100&#038;w=495\" data-large-file=\"https:\/\/develop.olympic.ca\/olympique\/wp-content\/uploads\/sites\/2\/2018\/02\/team-canada-athlete-villageimg_9529-e1518011108250.jpg?quality=100&#038;w=700\" src=\"https:\/\/develop.olympic.ca\/olympique\/wp-content\/uploads\/sites\/2\/2018\/02\/team-canada-athlete-villageimg_9529-e1518011108250.jpg?quality=100&#038;w=370&#038;h=277&#038;strip&#038;resize=370%2C277\" srcset=\"https:\/\/develop.olympic.ca\/olympique\/wp-content\/uploads\/sites\/2\/2018\/02\/team-canada-athlete-villageimg_9529-e1518011108250.jpg 700w, https:\/\/develop.olympic.ca\/olympique\/wp-content\/uploads\/sites\/2\/2018\/02\/team-canada-athlete-villageimg_9529-e1518011108250.jpg?resize=211,158 211w, https:\/\/develop.olympic.ca\/olympique\/wp-content\/uploads\/sites\/2\/2018\/02\/team-canada-athlete-villageimg_9529-e1518011108250.jpg?resize=495,371 495w\" width=\"370\" height=\"277\" loading=\"lazy\" data-original-width=\"370\" data-original-height=\"277\" itemprop=\"http:\/\/schema.org\/image\" title=\"\u00c9quipe Canada - Village olympique\" alt=\"\u00c9quipe Canada - Village olympique\" style=\"width: 370px; height: 277px;\" \/> <\/a> <\/div> <\/div> <!-- close group --> <div class=\"gallery-group images-1\" style=\"width: 212px; height: 281px;\" data-original-width=\"212\" data-original-height=\"281\" > <div class=\"tiled-gallery-item tiled-gallery-item-small\" itemprop=\"associatedMedia\" itemscope itemtype=\"http:\/\/schema.org\/ImageObject\"> <a href=\"https:\/\/develop.olympic.ca\/olympique\/2018\/02\/07\/coup-doeil-au-village-des-athletes-de-pyeongchang-2018-avec-equipe-canada\/img_0111-e1518011070502\/#main\" border=\"0\" itemprop=\"url\"> <meta itemprop=\"width\" content=\"208\"> <meta itemprop=\"height\" content=\"277\"> <img decoding=\"async\" data-recalc-dims=\"1\" class=\"\" data-attachment-id=\"135905\" data-orig-file=\"https:\/\/develop.olympic.ca\/olympique\/wp-content\/uploads\/sites\/2\/2018\/02\/img_0111-e1518011070502.jpg?quality=100\" data-orig-size=\"700,933\" data-comments-opened=\"\" data-image-meta=\"{&quot;aperture&quot;:&quot;0&quot;,&quot;credit&quot;:&quot;&quot;,&quot;camera&quot;:&quot;&quot;,&quot;caption&quot;:&quot;&quot;,&quot;created_timestamp&quot;:&quot;0&quot;,&quot;copyright&quot;:&quot;&quot;,&quot;focal_length&quot;:&quot;0&quot;,&quot;iso&quot;:&quot;0&quot;,&quot;shutter_speed&quot;:&quot;0&quot;,&quot;title&quot;:&quot;&quot;,&quot;orientation&quot;:&quot;0&quot;}\" data-image-title=\"\u00c9quipe Canada &amp;#8211; Village olympique\" data-image-description=\"\" data-medium-file=\"https:\/\/develop.olympic.ca\/olympique\/wp-content\/uploads\/sites\/2\/2018\/02\/img_0111-e1518011070502.jpg?quality=100&#038;w=278\" data-large-file=\"https:\/\/develop.olympic.ca\/olympique\/wp-content\/uploads\/sites\/2\/2018\/02\/img_0111-e1518011070502.jpg?quality=100&#038;w=566\" src=\"https:\/\/develop.olympic.ca\/olympique\/wp-content\/uploads\/sites\/2\/2018\/02\/img_0111-e1518011070502.jpg?quality=100&#038;w=208&#038;h=277&#038;strip&#038;resize=208%2C277\" srcset=\"https:\/\/develop.olympic.ca\/olympique\/wp-content\/uploads\/sites\/2\/2018\/02\/img_0111-e1518011070502.jpg 700w, https:\/\/develop.olympic.ca\/olympique\/wp-content\/uploads\/sites\/2\/2018\/02\/img_0111-e1518011070502.jpg?resize=119,158 119w, https:\/\/develop.olympic.ca\/olympique\/wp-content\/uploads\/sites\/2\/2018\/02\/img_0111-e1518011070502.jpg?resize=278,371 278w, https:\/\/develop.olympic.ca\/olympique\/wp-content\/uploads\/sites\/2\/2018\/02\/img_0111-e1518011070502.jpg?resize=566,754 566w\" width=\"208\" height=\"277\" loading=\"lazy\" data-original-width=\"208\" data-original-height=\"277\" itemprop=\"http:\/\/schema.org\/image\" title=\"\u00c9quipe Canada - Village olympique\" alt=\"\u00c9quipe Canada - Village olympique\" style=\"width: 208px; height: 277px;\" \/> <\/a> <\/div> <\/div> <!-- close group --> <div class=\"gallery-group images-1\" style=\"width: 281px; height: 281px;\" data-original-width=\"281\" data-original-height=\"281\" > <div class=\"tiled-gallery-item tiled-gallery-item-large\" itemprop=\"associatedMedia\" itemscope itemtype=\"http:\/\/schema.org\/ImageObject\"> <a href=\"https:\/\/develop.olympic.ca\/olympique\/2018\/02\/07\/coup-doeil-au-village-des-athletes-de-pyeongchang-2018-avec-equipe-canada\/team-canada-mountain-village-1\/#main\" border=\"0\" itemprop=\"url\"> <meta itemprop=\"width\" content=\"277\"> <meta itemprop=\"height\" content=\"277\"> <img decoding=\"async\" data-recalc-dims=\"1\" class=\"\" data-attachment-id=\"135908\" data-orig-file=\"https:\/\/develop.olympic.ca\/olympique\/wp-content\/uploads\/sites\/2\/2018\/02\/team-canada-mountain-village-1.jpg?quality=100\" data-orig-size=\"813,813\" data-comments-opened=\"\" data-image-meta=\"{&quot;aperture&quot;:&quot;4&quot;,&quot;credit&quot;:&quot;&quot;,&quot;camera&quot;:&quot;Canon EOS-1D X&quot;,&quot;caption&quot;:&quot;&quot;,&quot;created_timestamp&quot;:&quot;1517608674&quot;,&quot;copyright&quot;:&quot;&quot;,&quot;focal_length&quot;:&quot;24&quot;,&quot;iso&quot;:&quot;800&quot;,&quot;shutter_speed&quot;:&quot;0.01&quot;,&quot;title&quot;:&quot;&quot;,&quot;orientation&quot;:&quot;0&quot;}\" data-image-title=\"\u00c9quipe Canada &amp;#8211; Village olympique\" data-image-description=\"\" data-medium-file=\"https:\/\/develop.olympic.ca\/olympique\/wp-content\/uploads\/sites\/2\/2018\/02\/team-canada-mountain-village-1.jpg?quality=100&#038;w=371\" data-large-file=\"https:\/\/develop.olympic.ca\/olympique\/wp-content\/uploads\/sites\/2\/2018\/02\/team-canada-mountain-village-1.jpg?quality=100&#038;w=754\" src=\"https:\/\/develop.olympic.ca\/olympique\/wp-content\/uploads\/sites\/2\/2018\/02\/team-canada-mountain-village-1.jpg?quality=100&#038;w=277&#038;h=277&#038;crop=1&#038;strip&#038;resize=277%2C277\" srcset=\"https:\/\/develop.olympic.ca\/olympique\/wp-content\/uploads\/sites\/2\/2018\/02\/team-canada-mountain-village-1.jpg 813w, https:\/\/develop.olympic.ca\/olympique\/wp-content\/uploads\/sites\/2\/2018\/02\/team-canada-mountain-village-1.jpg?resize=158,158 158w, https:\/\/develop.olympic.ca\/olympique\/wp-content\/uploads\/sites\/2\/2018\/02\/team-canada-mountain-village-1.jpg?resize=371,371 371w, https:\/\/develop.olympic.ca\/olympique\/wp-content\/uploads\/sites\/2\/2018\/02\/team-canada-mountain-village-1.jpg?resize=768,768 768w, https:\/\/develop.olympic.ca\/olympique\/wp-content\/uploads\/sites\/2\/2018\/02\/team-canada-mountain-village-1.jpg?resize=754,754 754w\" width=\"277\" height=\"277\" loading=\"lazy\" data-original-width=\"277\" data-original-height=\"277\" itemprop=\"http:\/\/schema.org\/image\" title=\"\u00c9quipe Canada - Village olympique\" alt=\"\u00c9quipe Canada - Village olympique\" style=\"width: 277px; height: 277px;\" \/> <\/a> <\/div> <\/div> <!-- close group --> <div class=\"gallery-group images-1\" style=\"width: 212px; height: 281px;\" data-original-width=\"212\" data-original-height=\"281\" > <div class=\"tiled-gallery-item tiled-gallery-item-small\" itemprop=\"associatedMedia\" itemscope itemtype=\"http:\/\/schema.org\/ImageObject\"> <a href=\"https:\/\/develop.olympic.ca\/olympique\/2018\/02\/07\/coup-doeil-au-village-des-athletes-de-pyeongchang-2018-avec-equipe-canada\/team-canada-athlete-villageimg_9555-e1518011060478\/#main\" border=\"0\" itemprop=\"url\"> <meta itemprop=\"width\" content=\"208\"> <meta itemprop=\"height\" content=\"277\"> <img decoding=\"async\" data-recalc-dims=\"1\" class=\"\" data-attachment-id=\"135907\" data-orig-file=\"https:\/\/develop.olympic.ca\/olympique\/wp-content\/uploads\/sites\/2\/2018\/02\/team-canada-athlete-villageimg_9555-e1518011060478.jpg?quality=100\" data-orig-size=\"700,933\" data-comments-opened=\"\" data-image-meta=\"{&quot;aperture&quot;:&quot;0&quot;,&quot;credit&quot;:&quot;&quot;,&quot;camera&quot;:&quot;&quot;,&quot;caption&quot;:&quot;&quot;,&quot;created_timestamp&quot;:&quot;0&quot;,&quot;copyright&quot;:&quot;&quot;,&quot;focal_length&quot;:&quot;0&quot;,&quot;iso&quot;:&quot;0&quot;,&quot;shutter_speed&quot;:&quot;0&quot;,&quot;title&quot;:&quot;&quot;,&quot;orientation&quot;:&quot;0&quot;}\" data-image-title=\"\u00c9quipe Canada &amp;#8211; Village olympique\" data-image-description=\"\" data-medium-file=\"https:\/\/develop.olympic.ca\/olympique\/wp-content\/uploads\/sites\/2\/2018\/02\/team-canada-athlete-villageimg_9555-e1518011060478.jpg?quality=100&#038;w=278\" data-large-file=\"https:\/\/develop.olympic.ca\/olympique\/wp-content\/uploads\/sites\/2\/2018\/02\/team-canada-athlete-villageimg_9555-e1518011060478.jpg?quality=100&#038;w=566\" src=\"https:\/\/develop.olympic.ca\/olympique\/wp-content\/uploads\/sites\/2\/2018\/02\/team-canada-athlete-villageimg_9555-e1518011060478.jpg?quality=100&#038;w=208&#038;h=277&#038;strip&#038;resize=208%2C277\" srcset=\"https:\/\/develop.olympic.ca\/olympique\/wp-content\/uploads\/sites\/2\/2018\/02\/team-canada-athlete-villageimg_9555-e1518011060478.jpg 700w, https:\/\/develop.olympic.ca\/olympique\/wp-content\/uploads\/sites\/2\/2018\/02\/team-canada-athlete-villageimg_9555-e1518011060478.jpg?resize=119,158 119w, https:\/\/develop.olympic.ca\/olympique\/wp-content\/uploads\/sites\/2\/2018\/02\/team-canada-athlete-villageimg_9555-e1518011060478.jpg?resize=278,371 278w, https:\/\/develop.olympic.ca\/olympique\/wp-content\/uploads\/sites\/2\/2018\/02\/team-canada-athlete-villageimg_9555-e1518011060478.jpg?resize=566,754 566w\" width=\"208\" height=\"277\" loading=\"lazy\" data-original-width=\"208\" data-original-height=\"277\" itemprop=\"http:\/\/schema.org\/image\" title=\"\u00c9quipe Canada - Village olympique\" alt=\"\u00c9quipe Canada - Village olympique\" style=\"width: 208px; height: 277px;\" \/> <\/a> <\/div> <\/div> <!-- close group --> <div class=\"gallery-group images-1\" style=\"width: 281px; height: 281px;\" data-original-width=\"281\" data-original-height=\"281\" > <div class=\"tiled-gallery-item tiled-gallery-item-large\" itemprop=\"associatedMedia\" itemscope itemtype=\"http:\/\/schema.org\/ImageObject\"> <a href=\"https:\/\/develop.olympic.ca\/olympique\/2018\/02\/07\/coup-doeil-au-village-des-athletes-de-pyeongchang-2018-avec-equipe-canada\/team-canada-mountain-village-13\/#main\" border=\"0\" itemprop=\"url\"> <meta itemprop=\"width\" content=\"277\"> <meta itemprop=\"height\" content=\"277\"> <img decoding=\"async\" data-recalc-dims=\"1\" class=\"\" data-attachment-id=\"135909\" data-orig-file=\"https:\/\/develop.olympic.ca\/olympique\/wp-content\/uploads\/sites\/2\/2018\/02\/team-canada-mountain-village-13.jpg?quality=100\" data-orig-size=\"700,700\" data-comments-opened=\"\" data-image-meta=\"{&quot;aperture&quot;:&quot;2.8&quot;,&quot;credit&quot;:&quot;&quot;,&quot;camera&quot;:&quot;Canon EOS-1D X&quot;,&quot;caption&quot;:&quot;&quot;,&quot;created_timestamp&quot;:&quot;1517608232&quot;,&quot;copyright&quot;:&quot;&quot;,&quot;focal_length&quot;:&quot;70&quot;,&quot;iso&quot;:&quot;400&quot;,&quot;shutter_speed&quot;:&quot;0.01&quot;,&quot;title&quot;:&quot;&quot;,&quot;orientation&quot;:&quot;0&quot;}\" data-image-title=\"\u00c9quipe Canada &amp;#8211; Village olympique\" data-image-description=\"\" data-medium-file=\"https:\/\/develop.olympic.ca\/olympique\/wp-content\/uploads\/sites\/2\/2018\/02\/team-canada-mountain-village-13.jpg?quality=100&#038;w=371\" data-large-file=\"https:\/\/develop.olympic.ca\/olympique\/wp-content\/uploads\/sites\/2\/2018\/02\/team-canada-mountain-village-13.jpg?quality=100&#038;w=700\" src=\"https:\/\/develop.olympic.ca\/olympique\/wp-content\/uploads\/sites\/2\/2018\/02\/team-canada-mountain-village-13.jpg?quality=100&#038;w=277&#038;h=277&#038;crop=1&#038;strip&#038;resize=277%2C277\" srcset=\"https:\/\/develop.olympic.ca\/olympique\/wp-content\/uploads\/sites\/2\/2018\/02\/team-canada-mountain-village-13.jpg 700w, https:\/\/develop.olympic.ca\/olympique\/wp-content\/uploads\/sites\/2\/2018\/02\/team-canada-mountain-village-13.jpg?resize=158,158 158w, https:\/\/develop.olympic.ca\/olympique\/wp-content\/uploads\/sites\/2\/2018\/02\/team-canada-mountain-village-13.jpg?resize=371,371 371w\" width=\"277\" height=\"277\" loading=\"lazy\" data-original-width=\"277\" data-original-height=\"277\" itemprop=\"http:\/\/schema.org\/image\" title=\"\u00c9quipe Canada - Village olympique\" alt=\"\u00c9quipe Canada - Village olympique\" style=\"width: 277px; height: 277px;\" \/> <\/a> <\/div> <\/div> <!-- close group --> <\/div> <!-- close row --> <\/div>\n<p>En plus de leurs appartements, les athl\u00e8tes d\u2019\u00c9quipe Canada profiteront du salon des athl\u00e8tes. Cet endroit est un lieu de rassemblement pour ceux et celles qui souhaitent encourager leurs co\u00e9quipiers pendant les Jeux. Ils peuvent aussi s\u2019y rendre pour relaxer, s\u2019\u00e9tirer et m\u00eame prendre part \u00e0 d\u2019autres comp\u00e9titions amicales en jouant \u00e0 des jeux vid\u00e9o ou des jeux de soci\u00e9t\u00e9.<\/p>\n<h2>La force des partisans<\/h2>\n<div class=\"tiled-gallery type-rectangular tiled-gallery-unresized\" data-original-width=\"1360\" data-carousel-extra='null' itemscope itemtype=\"http:\/\/schema.org\/ImageGallery\" > <div class=\"gallery-row\" style=\"width: 1360px; height: 1065px;\" data-original-width=\"1360\" data-original-height=\"1065\" > <div class=\"gallery-group images-1\" style=\"width: 800px; height: 1065px;\" data-original-width=\"800\" data-original-height=\"1065\" > <div class=\"tiled-gallery-item tiled-gallery-item-large\" itemprop=\"associatedMedia\" itemscope itemtype=\"http:\/\/schema.org\/ImageObject\"> <a href=\"https:\/\/develop.olympic.ca\/olympique\/2018\/02\/07\/coup-doeil-au-village-des-athletes-de-pyeongchang-2018-avec-equipe-canada\/img_9929-e1518011041477\/#main\" border=\"0\" itemprop=\"url\"> <meta itemprop=\"width\" content=\"796\"> <meta itemprop=\"height\" content=\"1061\"> <img decoding=\"async\" data-recalc-dims=\"1\" class=\"\" data-attachment-id=\"135910\" data-orig-file=\"https:\/\/develop.olympic.ca\/olympique\/wp-content\/uploads\/sites\/2\/2018\/02\/img_9929-e1518011041477.jpg?quality=100\" data-orig-size=\"700,933\" data-comments-opened=\"\" data-image-meta=\"{&quot;aperture&quot;:&quot;0&quot;,&quot;credit&quot;:&quot;&quot;,&quot;camera&quot;:&quot;&quot;,&quot;caption&quot;:&quot;&quot;,&quot;created_timestamp&quot;:&quot;0&quot;,&quot;copyright&quot;:&quot;&quot;,&quot;focal_length&quot;:&quot;0&quot;,&quot;iso&quot;:&quot;0&quot;,&quot;shutter_speed&quot;:&quot;0&quot;,&quot;title&quot;:&quot;&quot;,&quot;orientation&quot;:&quot;0&quot;}\" data-image-title=\"\u00c9quipe Canada &amp;#8211; Village olympique\" data-image-description=\"\" data-medium-file=\"https:\/\/develop.olympic.ca\/olympique\/wp-content\/uploads\/sites\/2\/2018\/02\/img_9929-e1518011041477.jpg?quality=100&#038;w=278\" data-large-file=\"https:\/\/develop.olympic.ca\/olympique\/wp-content\/uploads\/sites\/2\/2018\/02\/img_9929-e1518011041477.jpg?quality=100&#038;w=566\" src=\"https:\/\/develop.olympic.ca\/olympique\/wp-content\/uploads\/sites\/2\/2018\/02\/img_9929-e1518011041477.jpg?quality=100&#038;w=796&#038;h=1061&#038;strip&#038;resize=796%2C1061\" srcset=\"https:\/\/develop.olympic.ca\/olympique\/wp-content\/uploads\/sites\/2\/2018\/02\/img_9929-e1518011041477.jpg 700w, https:\/\/develop.olympic.ca\/olympique\/wp-content\/uploads\/sites\/2\/2018\/02\/img_9929-e1518011041477.jpg?resize=119,158 119w, https:\/\/develop.olympic.ca\/olympique\/wp-content\/uploads\/sites\/2\/2018\/02\/img_9929-e1518011041477.jpg?resize=278,371 278w, https:\/\/develop.olympic.ca\/olympique\/wp-content\/uploads\/sites\/2\/2018\/02\/img_9929-e1518011041477.jpg?resize=566,754 566w\" width=\"796\" height=\"1061\" loading=\"lazy\" data-original-width=\"796\" data-original-height=\"1061\" itemprop=\"http:\/\/schema.org\/image\" title=\"\u00c9quipe Canada - Village olympique\" alt=\"\u00c9quipe Canada - Village olympique\" style=\"width: 796px; height: 1061px;\" \/> <\/a> <\/div> <\/div> <!-- close group --> <div class=\"gallery-group images-2\" style=\"width: 560px; height: 1065px;\" data-original-width=\"560\" data-original-height=\"1065\" > <div class=\"tiled-gallery-item tiled-gallery-item-large\" itemprop=\"associatedMedia\" itemscope itemtype=\"http:\/\/schema.org\/ImageObject\"> <a href=\"https:\/\/develop.olympic.ca\/olympique\/2018\/02\/07\/coup-doeil-au-village-des-athletes-de-pyeongchang-2018-avec-equipe-canada\/team-canada-athlete-villageimg_9521-e1518011025481\/#main\" border=\"0\" itemprop=\"url\"> <meta itemprop=\"width\" content=\"556\"> <meta itemprop=\"height\" content=\"617\"> <img decoding=\"async\" data-recalc-dims=\"1\" class=\"\" data-attachment-id=\"135911\" data-orig-file=\"https:\/\/develop.olympic.ca\/olympique\/wp-content\/uploads\/sites\/2\/2018\/02\/team-canada-athlete-villageimg_9521-e1518011025481.jpg?quality=100\" data-orig-size=\"700,777\" data-comments-opened=\"\" data-image-meta=\"{&quot;aperture&quot;:&quot;0&quot;,&quot;credit&quot;:&quot;&quot;,&quot;camera&quot;:&quot;&quot;,&quot;caption&quot;:&quot;&quot;,&quot;created_timestamp&quot;:&quot;0&quot;,&quot;copyright&quot;:&quot;&quot;,&quot;focal_length&quot;:&quot;0&quot;,&quot;iso&quot;:&quot;0&quot;,&quot;shutter_speed&quot;:&quot;0&quot;,&quot;title&quot;:&quot;&quot;,&quot;orientation&quot;:&quot;0&quot;}\" data-image-title=\"\u00c9quipe Canada &amp;#8211; Village olympique\" data-image-description=\"\" data-medium-file=\"https:\/\/develop.olympic.ca\/olympique\/wp-content\/uploads\/sites\/2\/2018\/02\/team-canada-athlete-villageimg_9521-e1518011025481.jpg?quality=100&#038;w=334\" data-large-file=\"https:\/\/develop.olympic.ca\/olympique\/wp-content\/uploads\/sites\/2\/2018\/02\/team-canada-athlete-villageimg_9521-e1518011025481.jpg?quality=100&#038;w=679\" src=\"https:\/\/develop.olympic.ca\/olympique\/wp-content\/uploads\/sites\/2\/2018\/02\/team-canada-athlete-villageimg_9521-e1518011025481.jpg?quality=100&#038;w=556&#038;h=617&#038;strip&#038;resize=556%2C617\" srcset=\"https:\/\/develop.olympic.ca\/olympique\/wp-content\/uploads\/sites\/2\/2018\/02\/team-canada-athlete-villageimg_9521-e1518011025481.jpg 700w, https:\/\/develop.olympic.ca\/olympique\/wp-content\/uploads\/sites\/2\/2018\/02\/team-canada-athlete-villageimg_9521-e1518011025481.jpg?resize=142,158 142w, https:\/\/develop.olympic.ca\/olympique\/wp-content\/uploads\/sites\/2\/2018\/02\/team-canada-athlete-villageimg_9521-e1518011025481.jpg?resize=334,371 334w, https:\/\/develop.olympic.ca\/olympique\/wp-content\/uploads\/sites\/2\/2018\/02\/team-canada-athlete-villageimg_9521-e1518011025481.jpg?resize=679,754 679w\" width=\"556\" height=\"617\" loading=\"lazy\" data-original-width=\"556\" data-original-height=\"617\" itemprop=\"http:\/\/schema.org\/image\" title=\"\u00c9quipe Canada - Village olympique\" alt=\"\u00c9quipe Canada - Village olympique\" style=\"width: 556px; height: 617px;\" \/> <\/a> <\/div> <div class=\"tiled-gallery-item tiled-gallery-item-large\" itemprop=\"associatedMedia\" itemscope itemtype=\"http:\/\/schema.org\/ImageObject\"> <a href=\"https:\/\/develop.olympic.ca\/olympique\/2018\/02\/07\/coup-doeil-au-village-des-athletes-de-pyeongchang-2018-avec-equipe-canada\/team-canada-athlete-villageimg_9924-e1518011012839\/#main\" border=\"0\" itemprop=\"url\"> <meta itemprop=\"width\" content=\"556\"> <meta itemprop=\"height\" content=\"440\"> <img decoding=\"async\" data-recalc-dims=\"1\" class=\"\" data-attachment-id=\"135912\" data-orig-file=\"https:\/\/develop.olympic.ca\/olympique\/wp-content\/uploads\/sites\/2\/2018\/02\/team-canada-athlete-villageimg_9924-e1518011012839.jpg?quality=100\" data-orig-size=\"700,554\" data-comments-opened=\"\" data-image-meta=\"{&quot;aperture&quot;:&quot;0&quot;,&quot;credit&quot;:&quot;&quot;,&quot;camera&quot;:&quot;&quot;,&quot;caption&quot;:&quot;&quot;,&quot;created_timestamp&quot;:&quot;0&quot;,&quot;copyright&quot;:&quot;&quot;,&quot;focal_length&quot;:&quot;0&quot;,&quot;iso&quot;:&quot;0&quot;,&quot;shutter_speed&quot;:&quot;0&quot;,&quot;title&quot;:&quot;&quot;,&quot;orientation&quot;:&quot;0&quot;}\" data-image-title=\"\u00c9quipe Canada &amp;#8211; Village olympique\" data-image-description=\"\" data-medium-file=\"https:\/\/develop.olympic.ca\/olympique\/wp-content\/uploads\/sites\/2\/2018\/02\/team-canada-athlete-villageimg_9924-e1518011012839.jpg?quality=100&#038;w=469\" data-large-file=\"https:\/\/develop.olympic.ca\/olympique\/wp-content\/uploads\/sites\/2\/2018\/02\/team-canada-athlete-villageimg_9924-e1518011012839.jpg?quality=100&#038;w=700\" src=\"https:\/\/develop.olympic.ca\/olympique\/wp-content\/uploads\/sites\/2\/2018\/02\/team-canada-athlete-villageimg_9924-e1518011012839.jpg?quality=100&#038;w=556&#038;h=440&#038;strip&#038;resize=556%2C440\" srcset=\"https:\/\/develop.olympic.ca\/olympique\/wp-content\/uploads\/sites\/2\/2018\/02\/team-canada-athlete-villageimg_9924-e1518011012839.jpg 700w, https:\/\/develop.olympic.ca\/olympique\/wp-content\/uploads\/sites\/2\/2018\/02\/team-canada-athlete-villageimg_9924-e1518011012839.jpg?resize=200,158 200w, https:\/\/develop.olympic.ca\/olympique\/wp-content\/uploads\/sites\/2\/2018\/02\/team-canada-athlete-villageimg_9924-e1518011012839.jpg?resize=469,371 469w\" width=\"556\" height=\"440\" loading=\"lazy\" data-original-width=\"556\" data-original-height=\"440\" itemprop=\"http:\/\/schema.org\/image\" title=\"\u00c9quipe Canada - Village olympique\" alt=\"\u00c9quipe Canada - Village olympique\" style=\"width: 556px; height: 440px;\" \/> <\/a> <\/div> <\/div> <!-- close group --> <\/div> <!-- close row --> <div class=\"gallery-row\" style=\"width: 1360px; height: 496px;\" data-original-width=\"1360\" data-original-height=\"496\" > <div class=\"gallery-group images-1\" style=\"width: 373px; height: 496px;\" data-original-width=\"373\" data-original-height=\"496\" > <div class=\"tiled-gallery-item tiled-gallery-item-large\" itemprop=\"associatedMedia\" itemscope itemtype=\"http:\/\/schema.org\/ImageObject\"> <a href=\"https:\/\/develop.olympic.ca\/olympique\/2018\/02\/07\/coup-doeil-au-village-des-athletes-de-pyeongchang-2018-avec-equipe-canada\/team-canada-athletes-village-pye-20184-e1517980508423\/#main\" border=\"0\" itemprop=\"url\"> <meta itemprop=\"width\" content=\"369\"> <meta itemprop=\"height\" content=\"492\"> <img decoding=\"async\" data-recalc-dims=\"1\" class=\"\" data-attachment-id=\"135913\" data-orig-file=\"https:\/\/develop.olympic.ca\/olympique\/wp-content\/uploads\/sites\/2\/2018\/02\/team-canada-athletes-village-pye-20184-e1517980508423.jpg?quality=100\" data-orig-size=\"700,933\" data-comments-opened=\"\" data-image-meta=\"{&quot;aperture&quot;:&quot;0&quot;,&quot;credit&quot;:&quot;&quot;,&quot;camera&quot;:&quot;&quot;,&quot;caption&quot;:&quot;&quot;,&quot;created_timestamp&quot;:&quot;0&quot;,&quot;copyright&quot;:&quot;&quot;,&quot;focal_length&quot;:&quot;0&quot;,&quot;iso&quot;:&quot;0&quot;,&quot;shutter_speed&quot;:&quot;0&quot;,&quot;title&quot;:&quot;&quot;,&quot;orientation&quot;:&quot;0&quot;}\" data-image-title=\"\u00c9quipe Canada &amp;#8211; Village olympique\" data-image-description=\"\" data-medium-file=\"https:\/\/develop.olympic.ca\/olympique\/wp-content\/uploads\/sites\/2\/2018\/02\/team-canada-athletes-village-pye-20184-e1517980508423.jpg?quality=100&#038;w=278\" data-large-file=\"https:\/\/develop.olympic.ca\/olympique\/wp-content\/uploads\/sites\/2\/2018\/02\/team-canada-athletes-village-pye-20184-e1517980508423.jpg?quality=100&#038;w=566\" src=\"https:\/\/develop.olympic.ca\/olympique\/wp-content\/uploads\/sites\/2\/2018\/02\/team-canada-athletes-village-pye-20184-e1517980508423.jpg?quality=100&#038;w=369&#038;h=492&#038;strip&#038;resize=369%2C492\" srcset=\"https:\/\/develop.olympic.ca\/olympique\/wp-content\/uploads\/sites\/2\/2018\/02\/team-canada-athletes-village-pye-20184-e1517980508423.jpg 700w, https:\/\/develop.olympic.ca\/olympique\/wp-content\/uploads\/sites\/2\/2018\/02\/team-canada-athletes-village-pye-20184-e1517980508423.jpg?resize=119,158 119w, https:\/\/develop.olympic.ca\/olympique\/wp-content\/uploads\/sites\/2\/2018\/02\/team-canada-athletes-village-pye-20184-e1517980508423.jpg?resize=278,371 278w, https:\/\/develop.olympic.ca\/olympique\/wp-content\/uploads\/sites\/2\/2018\/02\/team-canada-athletes-village-pye-20184-e1517980508423.jpg?resize=566,754 566w\" width=\"369\" height=\"492\" loading=\"lazy\" data-original-width=\"369\" data-original-height=\"492\" itemprop=\"http:\/\/schema.org\/image\" title=\"\u00c9quipe Canada - Village olympique\" alt=\"\u00c9quipe Canada - Village olympique\" style=\"width: 369px; height: 492px;\" \/> <\/a> <\/div> <\/div> <!-- close group --> <div class=\"gallery-group images-1\" style=\"width: 614px; height: 496px;\" data-original-width=\"614\" data-original-height=\"496\" > <div class=\"tiled-gallery-item tiled-gallery-item-large\" itemprop=\"associatedMedia\" itemscope itemtype=\"http:\/\/schema.org\/ImageObject\"> <a href=\"https:\/\/develop.olympic.ca\/olympique\/2018\/02\/07\/coup-doeil-au-village-des-athletes-de-pyeongchang-2018-avec-equipe-canada\/team-canada-mountain-village-22\/#main\" border=\"0\" itemprop=\"url\"> <meta itemprop=\"width\" content=\"610\"> <meta itemprop=\"height\" content=\"492\"> <img decoding=\"async\" data-recalc-dims=\"1\" class=\"\" data-attachment-id=\"135914\" data-orig-file=\"https:\/\/develop.olympic.ca\/olympique\/wp-content\/uploads\/sites\/2\/2018\/02\/team-canada-mountain-village-22.jpg?quality=100\" data-orig-size=\"843,680\" data-comments-opened=\"\" data-image-meta=\"{&quot;aperture&quot;:&quot;0&quot;,&quot;credit&quot;:&quot;&quot;,&quot;camera&quot;:&quot;&quot;,&quot;caption&quot;:&quot;&quot;,&quot;created_timestamp&quot;:&quot;0&quot;,&quot;copyright&quot;:&quot;&quot;,&quot;focal_length&quot;:&quot;0&quot;,&quot;iso&quot;:&quot;0&quot;,&quot;shutter_speed&quot;:&quot;0&quot;,&quot;title&quot;:&quot;&quot;,&quot;orientation&quot;:&quot;0&quot;}\" data-image-title=\"\u00c9quipe Canada &amp;#8211; Village olympique\" data-image-description=\"\" data-medium-file=\"https:\/\/develop.olympic.ca\/olympique\/wp-content\/uploads\/sites\/2\/2018\/02\/team-canada-mountain-village-22.jpg?quality=100&#038;w=460\" data-large-file=\"https:\/\/develop.olympic.ca\/olympique\/wp-content\/uploads\/sites\/2\/2018\/02\/team-canada-mountain-village-22.jpg?quality=100&#038;w=843\" src=\"https:\/\/develop.olympic.ca\/olympique\/wp-content\/uploads\/sites\/2\/2018\/02\/team-canada-mountain-village-22.jpg?quality=100&#038;w=610&#038;h=492&#038;strip&#038;resize=610%2C492\" srcset=\"https:\/\/develop.olympic.ca\/olympique\/wp-content\/uploads\/sites\/2\/2018\/02\/team-canada-mountain-village-22.jpg 843w, https:\/\/develop.olympic.ca\/olympique\/wp-content\/uploads\/sites\/2\/2018\/02\/team-canada-mountain-village-22.jpg?resize=196,158 196w, https:\/\/develop.olympic.ca\/olympique\/wp-content\/uploads\/sites\/2\/2018\/02\/team-canada-mountain-village-22.jpg?resize=460,371 460w, https:\/\/develop.olympic.ca\/olympique\/wp-content\/uploads\/sites\/2\/2018\/02\/team-canada-mountain-village-22.jpg?resize=768,620 768w\" width=\"610\" height=\"492\" loading=\"lazy\" data-original-width=\"610\" data-original-height=\"492\" itemprop=\"http:\/\/schema.org\/image\" title=\"\u00c9quipe Canada - Village olympique\" alt=\"\u00c9quipe Canada - Village olympique\" style=\"width: 610px; height: 492px;\" \/> <\/a> <\/div> <\/div> <!-- close group --> <div class=\"gallery-group images-1\" style=\"width: 373px; height: 496px;\" data-original-width=\"373\" data-original-height=\"496\" > <div class=\"tiled-gallery-item tiled-gallery-item-large\" itemprop=\"associatedMedia\" itemscope itemtype=\"http:\/\/schema.org\/ImageObject\"> <a href=\"https:\/\/develop.olympic.ca\/olympique\/2018\/02\/07\/coup-doeil-au-village-des-athletes-de-pyeongchang-2018-avec-equipe-canada\/team-canada-mountain-village-25\/#main\" border=\"0\" itemprop=\"url\"> <meta itemprop=\"width\" content=\"369\"> <meta itemprop=\"height\" content=\"492\"> <img decoding=\"async\" data-recalc-dims=\"1\" class=\"\" data-attachment-id=\"135915\" data-orig-file=\"https:\/\/develop.olympic.ca\/olympique\/wp-content\/uploads\/sites\/2\/2018\/02\/team-canada-mountain-village-25.jpg?quality=100\" data-orig-size=\"509,679\" data-comments-opened=\"\" data-image-meta=\"{&quot;aperture&quot;:&quot;0&quot;,&quot;credit&quot;:&quot;&quot;,&quot;camera&quot;:&quot;&quot;,&quot;caption&quot;:&quot;&quot;,&quot;created_timestamp&quot;:&quot;0&quot;,&quot;copyright&quot;:&quot;&quot;,&quot;focal_length&quot;:&quot;0&quot;,&quot;iso&quot;:&quot;0&quot;,&quot;shutter_speed&quot;:&quot;0&quot;,&quot;title&quot;:&quot;&quot;,&quot;orientation&quot;:&quot;0&quot;}\" data-image-title=\"\u00c9quipe Canada &amp;#8211; Village olympique\" data-image-description=\"\" data-medium-file=\"https:\/\/develop.olympic.ca\/olympique\/wp-content\/uploads\/sites\/2\/2018\/02\/team-canada-mountain-village-25.jpg?quality=100&#038;w=278\" data-large-file=\"https:\/\/develop.olympic.ca\/olympique\/wp-content\/uploads\/sites\/2\/2018\/02\/team-canada-mountain-village-25.jpg?quality=100&#038;w=509\" src=\"https:\/\/develop.olympic.ca\/olympique\/wp-content\/uploads\/sites\/2\/2018\/02\/team-canada-mountain-village-25.jpg?quality=100&#038;w=369&#038;h=492&#038;strip&#038;resize=369%2C492\" srcset=\"https:\/\/develop.olympic.ca\/olympique\/wp-content\/uploads\/sites\/2\/2018\/02\/team-canada-mountain-village-25.jpg 509w, https:\/\/develop.olympic.ca\/olympique\/wp-content\/uploads\/sites\/2\/2018\/02\/team-canada-mountain-village-25.jpg?resize=118,158 118w, https:\/\/develop.olympic.ca\/olympique\/wp-content\/uploads\/sites\/2\/2018\/02\/team-canada-mountain-village-25.jpg?resize=278,371 278w\" width=\"369\" height=\"492\" loading=\"lazy\" data-original-width=\"369\" data-original-height=\"492\" itemprop=\"http:\/\/schema.org\/image\" title=\"\u00c9quipe Canada - Village olympique\" alt=\"\u00c9quipe Canada - Village olympique\" style=\"width: 369px; height: 492px;\" \/> <\/a> <\/div> <\/div> <!-- close group --> <\/div> <!-- close row --> <\/div>\n<p><span lang=\"fr-CA\">Lorsqu\u2019on est athl\u00e8te d\u2019\u00c9quipe Canada, c\u2019est toute une nation qui est derri\u00e8re nous. Afin que les membres de l\u2019\u00e9quipe ne l\u2019oublient jamais, nous avons d\u00e9cor\u00e9 les aires communes de messages d\u2019encouragement \u00e9crits par nos partisans\u00a0<\/span><span lang=\"fr-CA\">et de cartes de v\u0153ux qui avaient \u00e9t\u00e9 ins\u00e9r\u00e9es dans les produits General Mills pour que les partisans envoient leurs encouragements.<\/span><\/p>\n<h2>Entra\u00eenement<\/h2>\n<div class=\"tiled-gallery type-rectangular tiled-gallery-unresized\" data-original-width=\"1360\" data-carousel-extra='null' itemscope itemtype=\"http:\/\/schema.org\/ImageGallery\" > <div class=\"gallery-row\" style=\"width: 1360px; height: 355px;\" data-original-width=\"1360\" data-original-height=\"355\" > <div class=\"gallery-group images-1\" style=\"width: 267px; height: 355px;\" data-original-width=\"267\" data-original-height=\"355\" > <div class=\"tiled-gallery-item tiled-gallery-item-large\" itemprop=\"associatedMedia\" itemscope itemtype=\"http:\/\/schema.org\/ImageObject\"> <a href=\"https:\/\/develop.olympic.ca\/olympique\/2018\/02\/07\/coup-doeil-au-village-des-athletes-de-pyeongchang-2018-avec-equipe-canada\/img_9934-e1518010792672\/#main\" border=\"0\" itemprop=\"url\"> <meta itemprop=\"width\" content=\"263\"> <meta itemprop=\"height\" content=\"351\"> <img decoding=\"async\" data-recalc-dims=\"1\" class=\"\" data-attachment-id=\"135916\" data-orig-file=\"https:\/\/develop.olympic.ca\/olympique\/wp-content\/uploads\/sites\/2\/2018\/02\/img_9934-e1518010792672.jpg?quality=100\" data-orig-size=\"700,934\" data-comments-opened=\"\" data-image-meta=\"{&quot;aperture&quot;:&quot;0&quot;,&quot;credit&quot;:&quot;&quot;,&quot;camera&quot;:&quot;&quot;,&quot;caption&quot;:&quot;&quot;,&quot;created_timestamp&quot;:&quot;0&quot;,&quot;copyright&quot;:&quot;&quot;,&quot;focal_length&quot;:&quot;0&quot;,&quot;iso&quot;:&quot;0&quot;,&quot;shutter_speed&quot;:&quot;0&quot;,&quot;title&quot;:&quot;&quot;,&quot;orientation&quot;:&quot;0&quot;}\" data-image-title=\"\u00c9quipe Canada &amp;#8211; Village olympique\" data-image-description=\"\" data-medium-file=\"https:\/\/develop.olympic.ca\/olympique\/wp-content\/uploads\/sites\/2\/2018\/02\/img_9934-e1518010792672.jpg?quality=100&#038;w=278\" data-large-file=\"https:\/\/develop.olympic.ca\/olympique\/wp-content\/uploads\/sites\/2\/2018\/02\/img_9934-e1518010792672.jpg?quality=100&#038;w=565\" src=\"https:\/\/develop.olympic.ca\/olympique\/wp-content\/uploads\/sites\/2\/2018\/02\/img_9934-e1518010792672.jpg?quality=100&#038;w=263&#038;h=351&#038;strip&#038;resize=263%2C351\" srcset=\"https:\/\/develop.olympic.ca\/olympique\/wp-content\/uploads\/sites\/2\/2018\/02\/img_9934-e1518010792672.jpg 700w, https:\/\/develop.olympic.ca\/olympique\/wp-content\/uploads\/sites\/2\/2018\/02\/img_9934-e1518010792672.jpg?resize=118,158 118w, https:\/\/develop.olympic.ca\/olympique\/wp-content\/uploads\/sites\/2\/2018\/02\/img_9934-e1518010792672.jpg?resize=278,371 278w, https:\/\/develop.olympic.ca\/olympique\/wp-content\/uploads\/sites\/2\/2018\/02\/img_9934-e1518010792672.jpg?resize=565,754 565w\" width=\"263\" height=\"351\" loading=\"lazy\" data-original-width=\"263\" data-original-height=\"351\" itemprop=\"http:\/\/schema.org\/image\" title=\"\u00c9quipe Canada - Village olympique\" alt=\"\u00c9quipe Canada - Village olympique\" style=\"width: 263px; height: 351px;\" \/> <\/a> <\/div> <\/div> <!-- close group --> <div class=\"gallery-group images-1\" style=\"width: 267px; height: 355px;\" data-original-width=\"267\" data-original-height=\"355\" > <div class=\"tiled-gallery-item tiled-gallery-item-large\" itemprop=\"associatedMedia\" itemscope itemtype=\"http:\/\/schema.org\/ImageObject\"> <a href=\"https:\/\/develop.olympic.ca\/olympique\/2018\/02\/07\/coup-doeil-au-village-des-athletes-de-pyeongchang-2018-avec-equipe-canada\/team-canada-athlete-villageimg_9563-e1518010809810\/#main\" border=\"0\" itemprop=\"url\"> <meta itemprop=\"width\" content=\"263\"> <meta itemprop=\"height\" content=\"351\"> <img decoding=\"async\" data-recalc-dims=\"1\" class=\"\" data-attachment-id=\"135917\" data-orig-file=\"https:\/\/develop.olympic.ca\/olympique\/wp-content\/uploads\/sites\/2\/2018\/02\/team-canada-athlete-villageimg_9563-e1518010809810.jpg?quality=100\" data-orig-size=\"700,933\" data-comments-opened=\"\" data-image-meta=\"{&quot;aperture&quot;:&quot;0&quot;,&quot;credit&quot;:&quot;&quot;,&quot;camera&quot;:&quot;&quot;,&quot;caption&quot;:&quot;&quot;,&quot;created_timestamp&quot;:&quot;0&quot;,&quot;copyright&quot;:&quot;&quot;,&quot;focal_length&quot;:&quot;0&quot;,&quot;iso&quot;:&quot;0&quot;,&quot;shutter_speed&quot;:&quot;0&quot;,&quot;title&quot;:&quot;&quot;,&quot;orientation&quot;:&quot;0&quot;}\" data-image-title=\"\u00c9quipe Canada &amp;#8211; Village olympique\" data-image-description=\"\" data-medium-file=\"https:\/\/develop.olympic.ca\/olympique\/wp-content\/uploads\/sites\/2\/2018\/02\/team-canada-athlete-villageimg_9563-e1518010809810.jpg?quality=100&#038;w=278\" data-large-file=\"https:\/\/develop.olympic.ca\/olympique\/wp-content\/uploads\/sites\/2\/2018\/02\/team-canada-athlete-villageimg_9563-e1518010809810.jpg?quality=100&#038;w=566\" src=\"https:\/\/develop.olympic.ca\/olympique\/wp-content\/uploads\/sites\/2\/2018\/02\/team-canada-athlete-villageimg_9563-e1518010809810.jpg?quality=100&#038;w=263&#038;h=351&#038;strip&#038;resize=263%2C351\" srcset=\"https:\/\/develop.olympic.ca\/olympique\/wp-content\/uploads\/sites\/2\/2018\/02\/team-canada-athlete-villageimg_9563-e1518010809810.jpg 700w, https:\/\/develop.olympic.ca\/olympique\/wp-content\/uploads\/sites\/2\/2018\/02\/team-canada-athlete-villageimg_9563-e1518010809810.jpg?resize=119,158 119w, https:\/\/develop.olympic.ca\/olympique\/wp-content\/uploads\/sites\/2\/2018\/02\/team-canada-athlete-villageimg_9563-e1518010809810.jpg?resize=278,371 278w, https:\/\/develop.olympic.ca\/olympique\/wp-content\/uploads\/sites\/2\/2018\/02\/team-canada-athlete-villageimg_9563-e1518010809810.jpg?resize=566,754 566w\" width=\"263\" height=\"351\" loading=\"lazy\" data-original-width=\"263\" data-original-height=\"351\" itemprop=\"http:\/\/schema.org\/image\" title=\"\u00c9quipe Canada - Village olympique\" alt=\"\u00c9quipe Canada - Village olympique\" style=\"width: 263px; height: 351px;\" \/> <\/a> <\/div> <\/div> <!-- close group --> <div class=\"gallery-group images-1\" style=\"width: 471px; height: 355px;\" data-original-width=\"471\" data-original-height=\"355\" > <div class=\"tiled-gallery-item tiled-gallery-item-large\" itemprop=\"associatedMedia\" itemscope itemtype=\"http:\/\/schema.org\/ImageObject\"> <a href=\"https:\/\/develop.olympic.ca\/olympique\/2018\/02\/07\/coup-doeil-au-village-des-athletes-de-pyeongchang-2018-avec-equipe-canada\/team-canada-athlete-villageimg_9567-e1518010830213\/#main\" border=\"0\" itemprop=\"url\"> <meta itemprop=\"width\" content=\"467\"> <meta itemprop=\"height\" content=\"351\"> <img decoding=\"async\" data-recalc-dims=\"1\" class=\"\" data-attachment-id=\"135918\" data-orig-file=\"https:\/\/develop.olympic.ca\/olympique\/wp-content\/uploads\/sites\/2\/2018\/02\/team-canada-athlete-villageimg_9567-e1518010830213.jpg?quality=100\" data-orig-size=\"700,525\" data-comments-opened=\"\" data-image-meta=\"{&quot;aperture&quot;:&quot;0&quot;,&quot;credit&quot;:&quot;&quot;,&quot;camera&quot;:&quot;&quot;,&quot;caption&quot;:&quot;&quot;,&quot;created_timestamp&quot;:&quot;0&quot;,&quot;copyright&quot;:&quot;&quot;,&quot;focal_length&quot;:&quot;0&quot;,&quot;iso&quot;:&quot;0&quot;,&quot;shutter_speed&quot;:&quot;0&quot;,&quot;title&quot;:&quot;&quot;,&quot;orientation&quot;:&quot;0&quot;}\" data-image-title=\"\u00c9quipe Canada &amp;#8211; Village olympique\" data-image-description=\"\" data-medium-file=\"https:\/\/develop.olympic.ca\/olympique\/wp-content\/uploads\/sites\/2\/2018\/02\/team-canada-athlete-villageimg_9567-e1518010830213.jpg?quality=100&#038;w=495\" data-large-file=\"https:\/\/develop.olympic.ca\/olympique\/wp-content\/uploads\/sites\/2\/2018\/02\/team-canada-athlete-villageimg_9567-e1518010830213.jpg?quality=100&#038;w=700\" src=\"https:\/\/develop.olympic.ca\/olympique\/wp-content\/uploads\/sites\/2\/2018\/02\/team-canada-athlete-villageimg_9567-e1518010830213.jpg?quality=100&#038;w=467&#038;h=351&#038;strip&#038;resize=467%2C351\" srcset=\"https:\/\/develop.olympic.ca\/olympique\/wp-content\/uploads\/sites\/2\/2018\/02\/team-canada-athlete-villageimg_9567-e1518010830213.jpg 700w, https:\/\/develop.olympic.ca\/olympique\/wp-content\/uploads\/sites\/2\/2018\/02\/team-canada-athlete-villageimg_9567-e1518010830213.jpg?resize=211,158 211w, https:\/\/develop.olympic.ca\/olympique\/wp-content\/uploads\/sites\/2\/2018\/02\/team-canada-athlete-villageimg_9567-e1518010830213.jpg?resize=495,371 495w\" width=\"467\" height=\"351\" loading=\"lazy\" data-original-width=\"467\" data-original-height=\"351\" itemprop=\"http:\/\/schema.org\/image\" title=\"\u00c9quipe Canada - Village olympique\" alt=\"\u00c9quipe Canada - Village olympique\" style=\"width: 467px; height: 351px;\" \/> <\/a> <\/div> <\/div> <!-- close group --> <div class=\"gallery-group images-1\" style=\"width: 355px; height: 355px;\" data-original-width=\"355\" data-original-height=\"355\" > <div class=\"tiled-gallery-item tiled-gallery-item-large\" itemprop=\"associatedMedia\" itemscope itemtype=\"http:\/\/schema.org\/ImageObject\"> <a href=\"https:\/\/develop.olympic.ca\/olympique\/2018\/02\/07\/coup-doeil-au-village-des-athletes-de-pyeongchang-2018-avec-equipe-canada\/team-canada-mountain-village-2\/#main\" border=\"0\" itemprop=\"url\"> <meta itemprop=\"width\" content=\"351\"> <meta itemprop=\"height\" content=\"351\"> <img decoding=\"async\" data-recalc-dims=\"1\" class=\"\" data-attachment-id=\"135919\" data-orig-file=\"https:\/\/develop.olympic.ca\/olympique\/wp-content\/uploads\/sites\/2\/2018\/02\/team-canada-mountain-village-2.jpg?quality=100\" data-orig-size=\"700,700\" data-comments-opened=\"\" data-image-meta=\"{&quot;aperture&quot;:&quot;2.8&quot;,&quot;credit&quot;:&quot;&quot;,&quot;camera&quot;:&quot;Canon EOS-1D X&quot;,&quot;caption&quot;:&quot;&quot;,&quot;created_timestamp&quot;:&quot;1517611427&quot;,&quot;copyright&quot;:&quot;&quot;,&quot;focal_length&quot;:&quot;24&quot;,&quot;iso&quot;:&quot;1600&quot;,&quot;shutter_speed&quot;:&quot;0.01&quot;,&quot;title&quot;:&quot;&quot;,&quot;orientation&quot;:&quot;0&quot;}\" data-image-title=\"\u00c9quipe Canada &amp;#8211; Village olympique\" data-image-description=\"\" data-medium-file=\"https:\/\/develop.olympic.ca\/olympique\/wp-content\/uploads\/sites\/2\/2018\/02\/team-canada-mountain-village-2.jpg?quality=100&#038;w=371\" data-large-file=\"https:\/\/develop.olympic.ca\/olympique\/wp-content\/uploads\/sites\/2\/2018\/02\/team-canada-mountain-village-2.jpg?quality=100&#038;w=700\" src=\"https:\/\/develop.olympic.ca\/olympique\/wp-content\/uploads\/sites\/2\/2018\/02\/team-canada-mountain-village-2.jpg?quality=100&#038;w=351&#038;h=351&#038;crop=1&#038;strip&#038;resize=351%2C351\" srcset=\"https:\/\/develop.olympic.ca\/olympique\/wp-content\/uploads\/sites\/2\/2018\/02\/team-canada-mountain-village-2.jpg 700w, https:\/\/develop.olympic.ca\/olympique\/wp-content\/uploads\/sites\/2\/2018\/02\/team-canada-mountain-village-2.jpg?resize=158,158 158w, https:\/\/develop.olympic.ca\/olympique\/wp-content\/uploads\/sites\/2\/2018\/02\/team-canada-mountain-village-2.jpg?resize=371,371 371w\" width=\"351\" height=\"351\" loading=\"lazy\" data-original-width=\"351\" data-original-height=\"351\" itemprop=\"http:\/\/schema.org\/image\" title=\"\u00c9quipe Canada - Village olympique\" alt=\"\u00c9quipe Canada - Village olympique\" style=\"width: 351px; height: 351px;\" \/> <\/a> <\/div> <\/div> <!-- close group --> <\/div> <!-- close row --> <\/div>\n<p>Chaque village poss\u00e8de une salle de conditionnement physique accessible aux athl\u00e8tes. Cependant, les athl\u00e8tes d\u2019\u00c9quipe Canada ont leurs propres salles d\u2019entra\u00eenement pour s\u2019assurer qu\u2019ils ne ratent jamais un entra\u00eenement.<\/p>\n<h2>Nourriture = \u00e9nergie<\/h2>\n<div class=\"tiled-gallery type-rectangular tiled-gallery-unresized\" data-original-width=\"1360\" data-carousel-extra='null' itemscope itemtype=\"http:\/\/schema.org\/ImageGallery\" > <div class=\"gallery-row\" style=\"width: 1360px; height: 287px;\" data-original-width=\"1360\" data-original-height=\"287\" > <div class=\"gallery-group images-1\" style=\"width: 382px; height: 287px;\" data-original-width=\"382\" data-original-height=\"287\" > <div class=\"tiled-gallery-item tiled-gallery-item-large\" itemprop=\"associatedMedia\" itemscope itemtype=\"http:\/\/schema.org\/ImageObject\"> <a href=\"https:\/\/develop.olympic.ca\/olympique\/2018\/02\/07\/coup-doeil-au-village-des-athletes-de-pyeongchang-2018-avec-equipe-canada\/team-canada-athlete-villageimg_98061-e1518010900785-2\/#main\" border=\"0\" itemprop=\"url\"> <meta itemprop=\"width\" content=\"378\"> <meta itemprop=\"height\" content=\"283\"> <img decoding=\"async\" data-recalc-dims=\"1\" class=\"\" data-attachment-id=\"135928\" data-orig-file=\"https:\/\/develop.olympic.ca\/olympique\/wp-content\/uploads\/sites\/2\/2018\/02\/team-canada-athlete-villageimg_98061-e15180109007851.jpg?quality=100\" data-orig-size=\"903,677\" data-comments-opened=\"\" data-image-meta=\"{&quot;aperture&quot;:&quot;0&quot;,&quot;credit&quot;:&quot;&quot;,&quot;camera&quot;:&quot;&quot;,&quot;caption&quot;:&quot;&quot;,&quot;created_timestamp&quot;:&quot;0&quot;,&quot;copyright&quot;:&quot;&quot;,&quot;focal_length&quot;:&quot;0&quot;,&quot;iso&quot;:&quot;0&quot;,&quot;shutter_speed&quot;:&quot;0&quot;,&quot;title&quot;:&quot;&quot;,&quot;orientation&quot;:&quot;0&quot;}\" data-image-title=\"\u00c9quipe Canada &amp;#8211; Village olympique\" data-image-description=\"\" data-medium-file=\"https:\/\/develop.olympic.ca\/olympique\/wp-content\/uploads\/sites\/2\/2018\/02\/team-canada-athlete-villageimg_98061-e15180109007851.jpg?quality=100&#038;w=495\" data-large-file=\"https:\/\/develop.olympic.ca\/olympique\/wp-content\/uploads\/sites\/2\/2018\/02\/team-canada-athlete-villageimg_98061-e15180109007851.jpg?quality=100&#038;w=903\" src=\"https:\/\/develop.olympic.ca\/olympique\/wp-content\/uploads\/sites\/2\/2018\/02\/team-canada-athlete-villageimg_98061-e15180109007851.jpg?quality=100&#038;w=378&#038;h=283&#038;strip&#038;resize=378%2C283\" srcset=\"https:\/\/develop.olympic.ca\/olympique\/wp-content\/uploads\/sites\/2\/2018\/02\/team-canada-athlete-villageimg_98061-e15180109007851.jpg 903w, https:\/\/develop.olympic.ca\/olympique\/wp-content\/uploads\/sites\/2\/2018\/02\/team-canada-athlete-villageimg_98061-e15180109007851.jpg?resize=211,158 211w, https:\/\/develop.olympic.ca\/olympique\/wp-content\/uploads\/sites\/2\/2018\/02\/team-canada-athlete-villageimg_98061-e15180109007851.jpg?resize=495,371 495w, https:\/\/develop.olympic.ca\/olympique\/wp-content\/uploads\/sites\/2\/2018\/02\/team-canada-athlete-villageimg_98061-e15180109007851.jpg?resize=768,576 768w\" width=\"378\" height=\"283\" loading=\"lazy\" data-original-width=\"378\" data-original-height=\"283\" itemprop=\"http:\/\/schema.org\/image\" title=\"\u00c9quipe Canada - Village olympique\" alt=\"L&#039;athl\u00e8te de ski acrobatique, bosses Andi Naude prend un morceau au village des athl\u00e8tes.\" style=\"width: 378px; height: 283px;\" \/> <\/a> <div class=\"tiled-gallery-caption\" itemprop=\"caption description\"> L&rsquo;athl\u00e8te de ski acrobatique, bosses Andi Naude prend un morceau au village des athl\u00e8tes. <\/div> <\/div> <\/div> <!-- close group --> <div class=\"gallery-group images-1\" style=\"width: 597px; height: 287px;\" data-original-width=\"597\" data-original-height=\"287\" > <div class=\"tiled-gallery-item tiled-gallery-item-large\" itemprop=\"associatedMedia\" itemscope itemtype=\"http:\/\/schema.org\/ImageObject\"> <a href=\"https:\/\/develop.olympic.ca\/olympique\/2018\/02\/07\/coup-doeil-au-village-des-athletes-de-pyeongchang-2018-avec-equipe-canada\/team-canada-athlete-villageimg_0182-e1518010855402\/#main\" border=\"0\" itemprop=\"url\"> <meta itemprop=\"width\" content=\"593\"> <meta itemprop=\"height\" content=\"283\"> <img decoding=\"async\" data-recalc-dims=\"1\" class=\"\" data-attachment-id=\"135923\" data-orig-file=\"https:\/\/develop.olympic.ca\/olympique\/wp-content\/uploads\/sites\/2\/2018\/02\/team-canada-athlete-villageimg_0182-e1518010855402.jpg?quality=100\" data-orig-size=\"1200,573\" data-comments-opened=\"\" data-image-meta=\"{&quot;aperture&quot;:&quot;0&quot;,&quot;credit&quot;:&quot;&quot;,&quot;camera&quot;:&quot;&quot;,&quot;caption&quot;:&quot;&quot;,&quot;created_timestamp&quot;:&quot;0&quot;,&quot;copyright&quot;:&quot;&quot;,&quot;focal_length&quot;:&quot;0&quot;,&quot;iso&quot;:&quot;0&quot;,&quot;shutter_speed&quot;:&quot;0&quot;,&quot;title&quot;:&quot;&quot;,&quot;orientation&quot;:&quot;0&quot;}\" data-image-title=\"\u00c9quipe Canada &amp;#8211; Village olympique\" data-image-description=\"\" data-medium-file=\"https:\/\/develop.olympic.ca\/olympique\/wp-content\/uploads\/sites\/2\/2018\/02\/team-canada-athlete-villageimg_0182-e1518010855402.jpg?quality=100&#038;w=660\" data-large-file=\"https:\/\/develop.olympic.ca\/olympique\/wp-content\/uploads\/sites\/2\/2018\/02\/team-canada-athlete-villageimg_0182-e1518010855402.jpg?quality=100&#038;w=1200\" src=\"https:\/\/develop.olympic.ca\/olympique\/wp-content\/uploads\/sites\/2\/2018\/02\/team-canada-athlete-villageimg_0182-e1518010855402.jpg?quality=100&#038;w=593&#038;h=283&#038;strip&#038;resize=593%2C283\" srcset=\"https:\/\/develop.olympic.ca\/olympique\/wp-content\/uploads\/sites\/2\/2018\/02\/team-canada-athlete-villageimg_0182-e1518010855402.jpg 1200w, https:\/\/develop.olympic.ca\/olympique\/wp-content\/uploads\/sites\/2\/2018\/02\/team-canada-athlete-villageimg_0182-e1518010855402.jpg?resize=280,134 280w, https:\/\/develop.olympic.ca\/olympique\/wp-content\/uploads\/sites\/2\/2018\/02\/team-canada-athlete-villageimg_0182-e1518010855402.jpg?resize=660,315 660w, https:\/\/develop.olympic.ca\/olympique\/wp-content\/uploads\/sites\/2\/2018\/02\/team-canada-athlete-villageimg_0182-e1518010855402.jpg?resize=768,367 768w\" width=\"593\" height=\"283\" loading=\"lazy\" data-original-width=\"593\" data-original-height=\"283\" itemprop=\"http:\/\/schema.org\/image\" title=\"\u00c9quipe Canada - Village olympique\" alt=\"\u00c9quipe Canada - Village olympique\" style=\"width: 593px; height: 283px;\" \/> <\/a> <\/div> <\/div> <!-- close group --> <div class=\"gallery-group images-1\" style=\"width: 381px; height: 287px;\" data-original-width=\"381\" data-original-height=\"287\" > <div class=\"tiled-gallery-item tiled-gallery-item-large\" itemprop=\"associatedMedia\" itemscope itemtype=\"http:\/\/schema.org\/ImageObject\"> <a href=\"https:\/\/develop.olympic.ca\/olympique\/2018\/02\/07\/coup-doeil-au-village-des-athletes-de-pyeongchang-2018-avec-equipe-canada\/team-canada-athlete-villageimg_0187-e1518010847628\/#main\" border=\"0\" itemprop=\"url\"> <meta itemprop=\"width\" content=\"377\"> <meta itemprop=\"height\" content=\"283\"> <img decoding=\"async\" data-recalc-dims=\"1\" class=\"\" data-attachment-id=\"135924\" data-orig-file=\"https:\/\/develop.olympic.ca\/olympique\/wp-content\/uploads\/sites\/2\/2018\/02\/team-canada-athlete-villageimg_0187-e1518010847628.jpg?quality=100\" data-orig-size=\"700,525\" data-comments-opened=\"\" data-image-meta=\"{&quot;aperture&quot;:&quot;0&quot;,&quot;credit&quot;:&quot;&quot;,&quot;camera&quot;:&quot;&quot;,&quot;caption&quot;:&quot;&quot;,&quot;created_timestamp&quot;:&quot;0&quot;,&quot;copyright&quot;:&quot;&quot;,&quot;focal_length&quot;:&quot;0&quot;,&quot;iso&quot;:&quot;0&quot;,&quot;shutter_speed&quot;:&quot;0&quot;,&quot;title&quot;:&quot;&quot;,&quot;orientation&quot;:&quot;0&quot;}\" data-image-title=\"\u00c9quipe Canada &amp;#8211; Village olympique\" data-image-description=\"\" data-medium-file=\"https:\/\/develop.olympic.ca\/olympique\/wp-content\/uploads\/sites\/2\/2018\/02\/team-canada-athlete-villageimg_0187-e1518010847628.jpg?quality=100&#038;w=495\" data-large-file=\"https:\/\/develop.olympic.ca\/olympique\/wp-content\/uploads\/sites\/2\/2018\/02\/team-canada-athlete-villageimg_0187-e1518010847628.jpg?quality=100&#038;w=700\" src=\"https:\/\/develop.olympic.ca\/olympique\/wp-content\/uploads\/sites\/2\/2018\/02\/team-canada-athlete-villageimg_0187-e1518010847628.jpg?quality=100&#038;w=377&#038;h=283&#038;strip&#038;resize=377%2C283\" srcset=\"https:\/\/develop.olympic.ca\/olympique\/wp-content\/uploads\/sites\/2\/2018\/02\/team-canada-athlete-villageimg_0187-e1518010847628.jpg 700w, https:\/\/develop.olympic.ca\/olympique\/wp-content\/uploads\/sites\/2\/2018\/02\/team-canada-athlete-villageimg_0187-e1518010847628.jpg?resize=211,158 211w, https:\/\/develop.olympic.ca\/olympique\/wp-content\/uploads\/sites\/2\/2018\/02\/team-canada-athlete-villageimg_0187-e1518010847628.jpg?resize=495,371 495w\" width=\"377\" height=\"283\" loading=\"lazy\" data-original-width=\"377\" data-original-height=\"283\" itemprop=\"http:\/\/schema.org\/image\" title=\"\u00c9quipe Canada - Village olympique\" alt=\"\u00c9quipe Canada - Village olympique\" style=\"width: 377px; height: 283px;\" \/> <\/a> <\/div> <\/div> <!-- close group --> <\/div> <!-- close row --> <div class=\"gallery-row\" style=\"width: 1360px; height: 511px;\" data-original-width=\"1360\" data-original-height=\"511\" > <div class=\"gallery-group images-1\" style=\"width: 680px; height: 511px;\" data-original-width=\"680\" data-original-height=\"511\" > <div class=\"tiled-gallery-item tiled-gallery-item-large\" itemprop=\"associatedMedia\" itemscope itemtype=\"http:\/\/schema.org\/ImageObject\"> <a href=\"https:\/\/develop.olympic.ca\/olympique\/2018\/02\/07\/coup-doeil-au-village-des-athletes-de-pyeongchang-2018-avec-equipe-canada\/team-canada-athlete-villageimg_9651-e1518010870662\/#main\" border=\"0\" itemprop=\"url\"> <meta itemprop=\"width\" content=\"676\"> <meta itemprop=\"height\" content=\"507\"> <img decoding=\"async\" data-recalc-dims=\"1\" class=\"\" data-attachment-id=\"135925\" data-orig-file=\"https:\/\/develop.olympic.ca\/olympique\/wp-content\/uploads\/sites\/2\/2018\/02\/team-canada-athlete-villageimg_9651-e1518010870662.jpg?quality=100\" data-orig-size=\"700,525\" data-comments-opened=\"\" data-image-meta=\"{&quot;aperture&quot;:&quot;0&quot;,&quot;credit&quot;:&quot;&quot;,&quot;camera&quot;:&quot;&quot;,&quot;caption&quot;:&quot;&quot;,&quot;created_timestamp&quot;:&quot;0&quot;,&quot;copyright&quot;:&quot;&quot;,&quot;focal_length&quot;:&quot;0&quot;,&quot;iso&quot;:&quot;0&quot;,&quot;shutter_speed&quot;:&quot;0&quot;,&quot;title&quot;:&quot;&quot;,&quot;orientation&quot;:&quot;0&quot;}\" data-image-title=\"\u00c9quipe Canada &amp;#8211; Village olympique\" data-image-description=\"\" data-medium-file=\"https:\/\/develop.olympic.ca\/olympique\/wp-content\/uploads\/sites\/2\/2018\/02\/team-canada-athlete-villageimg_9651-e1518010870662.jpg?quality=100&#038;w=495\" data-large-file=\"https:\/\/develop.olympic.ca\/olympique\/wp-content\/uploads\/sites\/2\/2018\/02\/team-canada-athlete-villageimg_9651-e1518010870662.jpg?quality=100&#038;w=700\" src=\"https:\/\/develop.olympic.ca\/olympique\/wp-content\/uploads\/sites\/2\/2018\/02\/team-canada-athlete-villageimg_9651-e1518010870662.jpg?quality=100&#038;w=676&#038;h=507&#038;strip&#038;resize=676%2C507\" srcset=\"https:\/\/develop.olympic.ca\/olympique\/wp-content\/uploads\/sites\/2\/2018\/02\/team-canada-athlete-villageimg_9651-e1518010870662.jpg 700w, https:\/\/develop.olympic.ca\/olympique\/wp-content\/uploads\/sites\/2\/2018\/02\/team-canada-athlete-villageimg_9651-e1518010870662.jpg?resize=211,158 211w, https:\/\/develop.olympic.ca\/olympique\/wp-content\/uploads\/sites\/2\/2018\/02\/team-canada-athlete-villageimg_9651-e1518010870662.jpg?resize=495,371 495w\" width=\"676\" height=\"507\" loading=\"lazy\" data-original-width=\"676\" data-original-height=\"507\" itemprop=\"http:\/\/schema.org\/image\" title=\"\u00c9quipe Canada - Village olympique\" alt=\"\u00c9quipe Canada - Village olympique\" style=\"width: 676px; height: 507px;\" \/> <\/a> <\/div> <\/div> <!-- close group --> <div class=\"gallery-group images-1\" style=\"width: 680px; height: 511px;\" data-original-width=\"680\" data-original-height=\"511\" > <div class=\"tiled-gallery-item tiled-gallery-item-large\" itemprop=\"associatedMedia\" itemscope itemtype=\"http:\/\/schema.org\/ImageObject\"> <a href=\"https:\/\/develop.olympic.ca\/olympique\/2018\/02\/07\/coup-doeil-au-village-des-athletes-de-pyeongchang-2018-avec-equipe-canada\/team-canada-athlete-villageimg_98051-e1518010888707\/#main\" border=\"0\" itemprop=\"url\"> <meta itemprop=\"width\" content=\"676\"> <meta itemprop=\"height\" content=\"507\"> <img decoding=\"async\" data-recalc-dims=\"1\" class=\"\" data-attachment-id=\"135926\" data-orig-file=\"https:\/\/develop.olympic.ca\/olympique\/wp-content\/uploads\/sites\/2\/2018\/02\/team-canada-athlete-villageimg_98051-e1518010888707.jpg?quality=100\" data-orig-size=\"700,525\" data-comments-opened=\"\" data-image-meta=\"{&quot;aperture&quot;:&quot;0&quot;,&quot;credit&quot;:&quot;&quot;,&quot;camera&quot;:&quot;&quot;,&quot;caption&quot;:&quot;&quot;,&quot;created_timestamp&quot;:&quot;0&quot;,&quot;copyright&quot;:&quot;&quot;,&quot;focal_length&quot;:&quot;0&quot;,&quot;iso&quot;:&quot;0&quot;,&quot;shutter_speed&quot;:&quot;0&quot;,&quot;title&quot;:&quot;&quot;,&quot;orientation&quot;:&quot;0&quot;}\" data-image-title=\"\u00c9quipe Canada &amp;#8211; Village olympique\" data-image-description=\"\" data-medium-file=\"https:\/\/develop.olympic.ca\/olympique\/wp-content\/uploads\/sites\/2\/2018\/02\/team-canada-athlete-villageimg_98051-e1518010888707.jpg?quality=100&#038;w=495\" data-large-file=\"https:\/\/develop.olympic.ca\/olympique\/wp-content\/uploads\/sites\/2\/2018\/02\/team-canada-athlete-villageimg_98051-e1518010888707.jpg?quality=100&#038;w=700\" src=\"https:\/\/develop.olympic.ca\/olympique\/wp-content\/uploads\/sites\/2\/2018\/02\/team-canada-athlete-villageimg_98051-e1518010888707.jpg?quality=100&#038;w=676&#038;h=507&#038;strip&#038;resize=676%2C507\" srcset=\"https:\/\/develop.olympic.ca\/olympique\/wp-content\/uploads\/sites\/2\/2018\/02\/team-canada-athlete-villageimg_98051-e1518010888707.jpg 700w, https:\/\/develop.olympic.ca\/olympique\/wp-content\/uploads\/sites\/2\/2018\/02\/team-canada-athlete-villageimg_98051-e1518010888707.jpg?resize=211,158 211w, https:\/\/develop.olympic.ca\/olympique\/wp-content\/uploads\/sites\/2\/2018\/02\/team-canada-athlete-villageimg_98051-e1518010888707.jpg?resize=495,371 495w\" width=\"676\" height=\"507\" loading=\"lazy\" data-original-width=\"676\" data-original-height=\"507\" itemprop=\"http:\/\/schema.org\/image\" title=\"\u00c9quipe Canada - Village olympique\" alt=\"\u00c9quipe Canada - Village olympique\" style=\"width: 676px; height: 507px;\" \/> <\/a> <\/div> <\/div> <!-- close group --> <\/div> <!-- close row --> <\/div>\n<p>Qui n\u2019aime pas manger? Aux villages, ce ne sont pas les sources d\u2019\u00e9nergie qui manquent. Les caf\u00e9t\u00e9rias sont dot\u00e9es d\u2019un buffet gigantesque o\u00f9 l\u2019on trouve des aliments de partout \u00e0 travers le monde. Que vous cherchiez des saveurs locales comme le bibimbap ou encore un d\u00e9licieux repas de p\u00e2tes, vous y trouverez votre compte. Le village de la zone c\u00f4ti\u00e8re a aussi son propre restaurant McDonald&rsquo;s, un arr\u00eat de choix apr\u00e8s la comp\u00e9tition.<\/p>\n<h2>Rassembler le monde<\/h2>\n<div class=\"tiled-gallery type-rectangular tiled-gallery-unresized\" data-original-width=\"1360\" data-carousel-extra='null' itemscope itemtype=\"http:\/\/schema.org\/ImageGallery\" > <div class=\"gallery-row\" style=\"width: 1360px; height: 539px;\" data-original-width=\"1360\" data-original-height=\"539\" > <div class=\"gallery-group images-1\" style=\"width: 955px; height: 539px;\" data-original-width=\"955\" data-original-height=\"539\" > <div class=\"tiled-gallery-item tiled-gallery-item-large\" itemprop=\"associatedMedia\" itemscope itemtype=\"http:\/\/schema.org\/ImageObject\"> <a href=\"https:\/\/develop.olympic.ca\/olympique\/2018\/02\/07\/coup-doeil-au-village-des-athletes-de-pyeongchang-2018-avec-equipe-canada\/team-canada-athlete-lounge-flag\/#main\" border=\"0\" itemprop=\"url\"> <meta itemprop=\"width\" content=\"951\"> <meta itemprop=\"height\" content=\"535\"> <img decoding=\"async\" data-recalc-dims=\"1\" class=\"\" data-attachment-id=\"135929\" data-orig-file=\"https:\/\/develop.olympic.ca\/olympique\/wp-content\/uploads\/sites\/2\/2018\/02\/team-canada-athlete-lounge-flag.jpg?quality=100\" data-orig-size=\"951,535\" data-comments-opened=\"\" data-image-meta=\"{&quot;aperture&quot;:&quot;0&quot;,&quot;credit&quot;:&quot;&quot;,&quot;camera&quot;:&quot;&quot;,&quot;caption&quot;:&quot;&quot;,&quot;created_timestamp&quot;:&quot;0&quot;,&quot;copyright&quot;:&quot;&quot;,&quot;focal_length&quot;:&quot;0&quot;,&quot;iso&quot;:&quot;0&quot;,&quot;shutter_speed&quot;:&quot;0&quot;,&quot;title&quot;:&quot;&quot;,&quot;orientation&quot;:&quot;0&quot;}\" data-image-title=\"\u00c9quipe Canada &amp;#8211; Village olympique\" data-image-description=\"\" data-medium-file=\"https:\/\/develop.olympic.ca\/olympique\/wp-content\/uploads\/sites\/2\/2018\/02\/team-canada-athlete-lounge-flag.jpg?quality=100&#038;w=660\" data-large-file=\"https:\/\/develop.olympic.ca\/olympique\/wp-content\/uploads\/sites\/2\/2018\/02\/team-canada-athlete-lounge-flag.jpg?quality=100&#038;w=951\" src=\"https:\/\/develop.olympic.ca\/olympique\/wp-content\/uploads\/sites\/2\/2018\/02\/team-canada-athlete-lounge-flag.jpg?quality=100&#038;w=951&#038;h=535&#038;strip&#038;resize=951%2C535\" srcset=\"https:\/\/develop.olympic.ca\/olympique\/wp-content\/uploads\/sites\/2\/2018\/02\/team-canada-athlete-lounge-flag.jpg 951w, https:\/\/develop.olympic.ca\/olympique\/wp-content\/uploads\/sites\/2\/2018\/02\/team-canada-athlete-lounge-flag.jpg?resize=280,158 280w, https:\/\/develop.olympic.ca\/olympique\/wp-content\/uploads\/sites\/2\/2018\/02\/team-canada-athlete-lounge-flag.jpg?resize=660,371 660w, https:\/\/develop.olympic.ca\/olympique\/wp-content\/uploads\/sites\/2\/2018\/02\/team-canada-athlete-lounge-flag.jpg?resize=768,432 768w\" width=\"951\" height=\"535\" loading=\"lazy\" data-original-width=\"951\" data-original-height=\"535\" itemprop=\"http:\/\/schema.org\/image\" title=\"\u00c9quipe Canada - Village olympique\" alt=\"\u00c9quipe Canada - Village olympique\" style=\"width: 951px; height: 535px;\" \/> <\/a> <\/div> <\/div> <!-- close group --> <div class=\"gallery-group images-1\" style=\"width: 405px; height: 539px;\" data-original-width=\"405\" data-original-height=\"539\" > <div class=\"tiled-gallery-item tiled-gallery-item-large\" itemprop=\"associatedMedia\" itemscope itemtype=\"http:\/\/schema.org\/ImageObject\"> <a href=\"https:\/\/develop.olympic.ca\/olympique\/2018\/02\/07\/coup-doeil-au-village-des-athletes-de-pyeongchang-2018-avec-equipe-canada\/team-canada-athletes-village-flags-2\/#main\" border=\"0\" itemprop=\"url\"> <meta itemprop=\"width\" content=\"401\"> <meta itemprop=\"height\" content=\"535\"> <img decoding=\"async\" data-recalc-dims=\"1\" class=\"\" data-attachment-id=\"135931\" data-orig-file=\"https:\/\/develop.olympic.ca\/olympique\/wp-content\/uploads\/sites\/2\/2018\/02\/team-canada-athletes-village-flags1.jpg?quality=100\" data-orig-size=\"401,535\" data-comments-opened=\"\" data-image-meta=\"{&quot;aperture&quot;:&quot;0&quot;,&quot;credit&quot;:&quot;&quot;,&quot;camera&quot;:&quot;&quot;,&quot;caption&quot;:&quot;&quot;,&quot;created_timestamp&quot;:&quot;0&quot;,&quot;copyright&quot;:&quot;&quot;,&quot;focal_length&quot;:&quot;0&quot;,&quot;iso&quot;:&quot;0&quot;,&quot;shutter_speed&quot;:&quot;0&quot;,&quot;title&quot;:&quot;&quot;,&quot;orientation&quot;:&quot;0&quot;}\" data-image-title=\"\u00c9quipe Canada &amp;#8211; Village olympique\" data-image-description=\"\" data-medium-file=\"https:\/\/develop.olympic.ca\/olympique\/wp-content\/uploads\/sites\/2\/2018\/02\/team-canada-athletes-village-flags1.jpg?quality=100&#038;w=278\" data-large-file=\"https:\/\/develop.olympic.ca\/olympique\/wp-content\/uploads\/sites\/2\/2018\/02\/team-canada-athletes-village-flags1.jpg?quality=100&#038;w=401\" src=\"https:\/\/develop.olympic.ca\/olympique\/wp-content\/uploads\/sites\/2\/2018\/02\/team-canada-athletes-village-flags1.jpg?quality=100&#038;w=401&#038;h=535&#038;strip&#038;resize=401%2C535\" srcset=\"https:\/\/develop.olympic.ca\/olympique\/wp-content\/uploads\/sites\/2\/2018\/02\/team-canada-athletes-village-flags1.jpg 401w, https:\/\/develop.olympic.ca\/olympique\/wp-content\/uploads\/sites\/2\/2018\/02\/team-canada-athletes-village-flags1.jpg?resize=118,158 118w, https:\/\/develop.olympic.ca\/olympique\/wp-content\/uploads\/sites\/2\/2018\/02\/team-canada-athletes-village-flags1.jpg?resize=278,371 278w\" width=\"401\" height=\"535\" loading=\"lazy\" data-original-width=\"401\" data-original-height=\"535\" itemprop=\"http:\/\/schema.org\/image\" title=\"\u00c9quipe Canada - Village olympique\" alt=\"\u00c9quipe Canada - Village olympique\" style=\"width: 401px; height: 535px;\" \/> <\/a> <\/div> <\/div> <!-- close group --> <\/div> <!-- close row --> <\/div>\n<p>Rassembler les pays du monde est l\u2019une des raisons qui font des Jeux olympiques un \u00e9v\u00e9nement si sp\u00e9cial. M\u00eame si une grande rivalit\u00e9 s\u2019installe, plusieurs athl\u00e8tes sont aussi amis, ce qui rend la vie au village des plus agr\u00e9able.<\/p>\n","protected":false},"excerpt":{"rendered":"<p>\u00c0 quelques jours de l\u2019ouverture officielle des Jeux de PyeongChang\u00a02018, jetons un coup d\u2019\u0153il au village des athl\u00e8tes, le chez-soi&#8230;<\/p>\n","protected":false},"author":82363705,"featured_media":135890,"comment_status":"closed","ping_status":"closed","sticky":false,"template":"","format":"standard","meta":{"_acf_changed":false,"_crdt_document":"","_jetpack_memberships_contains_paid_content":false,"footnotes":""},"categories":[1],"tags":[206068318,1104411,415655544,54771154,415986482],"post_format":"standard","sport":[],"game":[415985119],"coauthors":[361304908],"class_list":["post-135889","post","type-post","status-publish","format-standard","has-post-thumbnail","hentry","category-uncategorized","tag-andi-naude","tag-equipe-canada","tag-pyeongchang","tag-pyeongchang-2018","tag-village-des-athletes","game-2018-pyeongchang"],"acf":[],"yoast_head":"<!-- This site is optimized with the Yoast SEO plugin v27.3 - https:\/\/yoast.com\/product\/yoast-seo-wordpress\/ -->\n<title>Coup d&#039;\u0153il au village des athl\u00e8tes de PyeongChang 2018 avec \u00c9quipe Canada - \u00c9quipe Canada | Site officiel de l&#039;\u00e9quipe olympique<\/title>\n<meta name=\"robots\" content=\"index, follow, max-snippet:-1, max-image-preview:large, max-video-preview:-1\" \/>\n<link rel=\"canonical\" href=\"https:\/\/develop.olympic.ca\/olympique\/2018\/02\/07\/coup-doeil-au-village-des-athletes-de-pyeongchang-2018-avec-equipe-canada\/\" \/>\n<meta property=\"og:locale\" content=\"fr_FR\" \/>\n<meta property=\"og:type\" content=\"article\" \/>\n<meta property=\"og:title\" content=\"Coup d&#039;\u0153il au village des athl\u00e8tes de PyeongChang 2018 avec \u00c9quipe Canada - \u00c9quipe Canada | Site officiel de l&#039;\u00e9quipe olympique\" \/>\n<meta property=\"og:description\" content=\"\u00c0 quelques jours de l\u2019ouverture officielle des Jeux de PyeongChang\u00a02018, jetons un coup d\u2019\u0153il au village des athl\u00e8tes, le chez-soi...\" \/>\n<meta property=\"og:url\" content=\"https:\/\/develop.olympic.ca\/olympique\/2018\/02\/07\/coup-doeil-au-village-des-athletes-de-pyeongchang-2018-avec-equipe-canada\/\" \/>\n<meta property=\"og:site_name\" content=\"\u00c9quipe Canada | Site officiel de l&#039;\u00e9quipe olympique\" \/>\n<meta property=\"article:published_time\" content=\"2018-02-07T17:54:42+00:00\" \/>\n<meta property=\"article:modified_time\" content=\"2018-03-06T20:35:43+00:00\" \/>\n<meta property=\"og:image\" content=\"https:\/\/develop.olympic.ca\/olympique\/wp-content\/uploads\/sites\/2\/2018\/02\/team-canada-pyeongchang-2018-athletes-village.jpg?quality=100\" \/>\n\t<meta property=\"og:image:width\" content=\"1010\" \/>\n\t<meta property=\"og:image:height\" content=\"568\" \/>\n\t<meta property=\"og:image:type\" content=\"image\/jpeg\" \/>\n<meta name=\"author\" content=\"Camille Wallace\" \/>\n<meta name=\"twitter:card\" content=\"summary_large_image\" \/>\n<meta name=\"twitter:label1\" content=\"Written by\" \/>\n\t<meta name=\"twitter:data1\" content=\"Camille Wallace\" \/>\n\t<meta name=\"twitter:label2\" content=\"Est. reading time\" \/>\n\t<meta name=\"twitter:data2\" content=\"3 minutes\" \/>\n<script type=\"application\/ld+json\" class=\"yoast-schema-graph\">{\"@context\":\"https:\\\/\\\/schema.org\",\"@graph\":[{\"@type\":\"Article\",\"@id\":\"https:\\\/\\\/develop.olympic.ca\\\/olympique\\\/2018\\\/02\\\/07\\\/coup-doeil-au-village-des-athletes-de-pyeongchang-2018-avec-equipe-canada\\\/#article\",\"isPartOf\":{\"@id\":\"https:\\\/\\\/develop.olympic.ca\\\/olympique\\\/2018\\\/02\\\/07\\\/coup-doeil-au-village-des-athletes-de-pyeongchang-2018-avec-equipe-canada\\\/\"},\"author\":{\"name\":\"camillecw\",\"@id\":\"https:\\\/\\\/develop.olympic.ca\\\/olympique\\\/#\\\/schema\\\/person\\\/a54bcce73a540b75e1ecc8278380dbad\"},\"headline\":\"Coup d&rsquo;\u0153il au village des athl\u00e8tes de PyeongChang 2018 avec \u00c9quipe Canada\",\"datePublished\":\"2018-02-07T17:54:42+00:00\",\"dateModified\":\"2018-03-06T20:35:43+00:00\",\"mainEntityOfPage\":{\"@id\":\"https:\\\/\\\/develop.olympic.ca\\\/olympique\\\/2018\\\/02\\\/07\\\/coup-doeil-au-village-des-athletes-de-pyeongchang-2018-avec-equipe-canada\\\/\"},\"wordCount\":673,\"image\":{\"@id\":\"https:\\\/\\\/develop.olympic.ca\\\/olympique\\\/2018\\\/02\\\/07\\\/coup-doeil-au-village-des-athletes-de-pyeongchang-2018-avec-equipe-canada\\\/#primaryimage\"},\"thumbnailUrl\":\"https:\\\/\\\/develop.olympic.ca\\\/olympique\\\/wp-content\\\/uploads\\\/sites\\\/2\\\/2018\\\/02\\\/team-canada-pyeongchang-2018-athletes-village.jpg?quality=100\",\"keywords\":[\"Andi Naude\",\"\u00c9quipe canada\",\"PyeongChang\",\"pyeongchang 2018\",\"Village des athl\u00e8tes\"],\"articleSection\":[\"Uncategorized\"],\"inLanguage\":\"fr-FR\"},{\"@type\":\"WebPage\",\"@id\":\"https:\\\/\\\/develop.olympic.ca\\\/olympique\\\/2018\\\/02\\\/07\\\/coup-doeil-au-village-des-athletes-de-pyeongchang-2018-avec-equipe-canada\\\/\",\"url\":\"https:\\\/\\\/develop.olympic.ca\\\/olympique\\\/2018\\\/02\\\/07\\\/coup-doeil-au-village-des-athletes-de-pyeongchang-2018-avec-equipe-canada\\\/\",\"name\":\"Coup d'\u0153il au village des athl\u00e8tes de PyeongChang 2018 avec \u00c9quipe Canada - \u00c9quipe Canada | Site officiel de l&#039;\u00e9quipe olympique\",\"isPartOf\":{\"@id\":\"https:\\\/\\\/develop.olympic.ca\\\/olympique\\\/#website\"},\"primaryImageOfPage\":{\"@id\":\"https:\\\/\\\/develop.olympic.ca\\\/olympique\\\/2018\\\/02\\\/07\\\/coup-doeil-au-village-des-athletes-de-pyeongchang-2018-avec-equipe-canada\\\/#primaryimage\"},\"image\":{\"@id\":\"https:\\\/\\\/develop.olympic.ca\\\/olympique\\\/2018\\\/02\\\/07\\\/coup-doeil-au-village-des-athletes-de-pyeongchang-2018-avec-equipe-canada\\\/#primaryimage\"},\"thumbnailUrl\":\"https:\\\/\\\/develop.olympic.ca\\\/olympique\\\/wp-content\\\/uploads\\\/sites\\\/2\\\/2018\\\/02\\\/team-canada-pyeongchang-2018-athletes-village.jpg?quality=100\",\"datePublished\":\"2018-02-07T17:54:42+00:00\",\"dateModified\":\"2018-03-06T20:35:43+00:00\",\"author\":{\"@id\":\"https:\\\/\\\/develop.olympic.ca\\\/olympique\\\/#\\\/schema\\\/person\\\/a54bcce73a540b75e1ecc8278380dbad\"},\"inLanguage\":\"fr-FR\",\"potentialAction\":[{\"@type\":\"ReadAction\",\"target\":[\"https:\\\/\\\/develop.olympic.ca\\\/olympique\\\/2018\\\/02\\\/07\\\/coup-doeil-au-village-des-athletes-de-pyeongchang-2018-avec-equipe-canada\\\/\"]}]},{\"@type\":\"ImageObject\",\"inLanguage\":\"fr-FR\",\"@id\":\"https:\\\/\\\/develop.olympic.ca\\\/olympique\\\/2018\\\/02\\\/07\\\/coup-doeil-au-village-des-athletes-de-pyeongchang-2018-avec-equipe-canada\\\/#primaryimage\",\"url\":\"https:\\\/\\\/develop.olympic.ca\\\/olympique\\\/wp-content\\\/uploads\\\/sites\\\/2\\\/2018\\\/02\\\/team-canada-pyeongchang-2018-athletes-village.jpg?quality=100\",\"contentUrl\":\"https:\\\/\\\/develop.olympic.ca\\\/olympique\\\/wp-content\\\/uploads\\\/sites\\\/2\\\/2018\\\/02\\\/team-canada-pyeongchang-2018-athletes-village.jpg?quality=100\",\"width\":1010,\"height\":568},{\"@type\":\"WebSite\",\"@id\":\"https:\\\/\\\/develop.olympic.ca\\\/olympique\\\/#website\",\"url\":\"https:\\\/\\\/develop.olympic.ca\\\/olympique\\\/\",\"name\":\"\u00c9quipe Canada | Site officiel de l&#039;\u00e9quipe olympique\",\"description\":\"Votre source pour l\u2019\u00c9quipe olympique canadienne. Retrouvez les r\u00e9cits, vid\u00e9os et photos des athl\u00e8tes canadiens, sports olympiques, Jeux olympiques de 2020 et bien plus!\",\"potentialAction\":[{\"@type\":\"SearchAction\",\"target\":{\"@type\":\"EntryPoint\",\"urlTemplate\":\"https:\\\/\\\/develop.olympic.ca\\\/olympique\\\/?s={search_term_string}\"},\"query-input\":{\"@type\":\"PropertyValueSpecification\",\"valueRequired\":true,\"valueName\":\"search_term_string\"}}],\"inLanguage\":\"fr-FR\"},{\"@type\":\"Person\",\"@id\":\"https:\\\/\\\/develop.olympic.ca\\\/olympique\\\/#\\\/schema\\\/person\\\/a54bcce73a540b75e1ecc8278380dbad\",\"name\":\"camillecw\",\"image\":{\"@type\":\"ImageObject\",\"inLanguage\":\"fr-FR\",\"@id\":\"https:\\\/\\\/secure.gravatar.com\\\/avatar\\\/578ce92849aedd0edca0d15b9d11b736cd1f056e9ab9139611bbdeecca368811?s=96&d=identicon&r=g28bb7f2a5d773e6db038cfb832182831\",\"url\":\"https:\\\/\\\/secure.gravatar.com\\\/avatar\\\/578ce92849aedd0edca0d15b9d11b736cd1f056e9ab9139611bbdeecca368811?s=96&d=identicon&r=g\",\"contentUrl\":\"https:\\\/\\\/secure.gravatar.com\\\/avatar\\\/578ce92849aedd0edca0d15b9d11b736cd1f056e9ab9139611bbdeecca368811?s=96&d=identicon&r=g\",\"caption\":\"camillecw\"},\"sameAs\":[\"http:\\\/\\\/camillecw.wordpress.com\"],\"url\":\"https:\\\/\\\/develop.olympic.ca\\\/olympique\\\/author\\\/camillecw\\\/\"}]}<\/script>\n<!-- \/ Yoast SEO plugin. -->","yoast_head_json":{"title":"Coup d'\u0153il au village des athl\u00e8tes de PyeongChang 2018 avec \u00c9quipe Canada - \u00c9quipe Canada | Site officiel de l&#039;\u00e9quipe olympique","robots":{"index":"index","follow":"follow","max-snippet":"max-snippet:-1","max-image-preview":"max-image-preview:large","max-video-preview":"max-video-preview:-1"},"canonical":"https:\/\/develop.olympic.ca\/olympique\/2018\/02\/07\/coup-doeil-au-village-des-athletes-de-pyeongchang-2018-avec-equipe-canada\/","og_locale":"fr_FR","og_type":"article","og_title":"Coup d'\u0153il au village des athl\u00e8tes de PyeongChang 2018 avec \u00c9quipe Canada - \u00c9quipe Canada | Site officiel de l&#039;\u00e9quipe olympique","og_description":"\u00c0 quelques jours de l\u2019ouverture officielle des Jeux de PyeongChang\u00a02018, jetons un coup d\u2019\u0153il au village des athl\u00e8tes, le chez-soi...","og_url":"https:\/\/develop.olympic.ca\/olympique\/2018\/02\/07\/coup-doeil-au-village-des-athletes-de-pyeongchang-2018-avec-equipe-canada\/","og_site_name":"\u00c9quipe Canada | Site officiel de l&#039;\u00e9quipe olympique","article_published_time":"2018-02-07T17:54:42+00:00","article_modified_time":"2018-03-06T20:35:43+00:00","og_image":[{"width":1010,"height":568,"url":"https:\/\/develop.olympic.ca\/olympique\/wp-content\/uploads\/sites\/2\/2018\/02\/team-canada-pyeongchang-2018-athletes-village.jpg?quality=100","type":"image\/jpeg"}],"author":"Camille Wallace","twitter_card":"summary_large_image","twitter_misc":{"Written by":"Camille Wallace","Est. reading time":"3 minutes"},"schema":{"@context":"https:\/\/schema.org","@graph":[{"@type":"Article","@id":"https:\/\/develop.olympic.ca\/olympique\/2018\/02\/07\/coup-doeil-au-village-des-athletes-de-pyeongchang-2018-avec-equipe-canada\/#article","isPartOf":{"@id":"https:\/\/develop.olympic.ca\/olympique\/2018\/02\/07\/coup-doeil-au-village-des-athletes-de-pyeongchang-2018-avec-equipe-canada\/"},"author":{"name":"camillecw","@id":"https:\/\/develop.olympic.ca\/olympique\/#\/schema\/person\/a54bcce73a540b75e1ecc8278380dbad"},"headline":"Coup d&rsquo;\u0153il au village des athl\u00e8tes de PyeongChang 2018 avec \u00c9quipe Canada","datePublished":"2018-02-07T17:54:42+00:00","dateModified":"2018-03-06T20:35:43+00:00","mainEntityOfPage":{"@id":"https:\/\/develop.olympic.ca\/olympique\/2018\/02\/07\/coup-doeil-au-village-des-athletes-de-pyeongchang-2018-avec-equipe-canada\/"},"wordCount":673,"image":{"@id":"https:\/\/develop.olympic.ca\/olympique\/2018\/02\/07\/coup-doeil-au-village-des-athletes-de-pyeongchang-2018-avec-equipe-canada\/#primaryimage"},"thumbnailUrl":"https:\/\/develop.olympic.ca\/olympique\/wp-content\/uploads\/sites\/2\/2018\/02\/team-canada-pyeongchang-2018-athletes-village.jpg?quality=100","keywords":["Andi Naude","\u00c9quipe canada","PyeongChang","pyeongchang 2018","Village des athl\u00e8tes"],"articleSection":["Uncategorized"],"inLanguage":"fr-FR"},{"@type":"WebPage","@id":"https:\/\/develop.olympic.ca\/olympique\/2018\/02\/07\/coup-doeil-au-village-des-athletes-de-pyeongchang-2018-avec-equipe-canada\/","url":"https:\/\/develop.olympic.ca\/olympique\/2018\/02\/07\/coup-doeil-au-village-des-athletes-de-pyeongchang-2018-avec-equipe-canada\/","name":"Coup d'\u0153il au village des athl\u00e8tes de PyeongChang 2018 avec \u00c9quipe Canada - \u00c9quipe Canada | Site officiel de l&#039;\u00e9quipe olympique","isPartOf":{"@id":"https:\/\/develop.olympic.ca\/olympique\/#website"},"primaryImageOfPage":{"@id":"https:\/\/develop.olympic.ca\/olympique\/2018\/02\/07\/coup-doeil-au-village-des-athletes-de-pyeongchang-2018-avec-equipe-canada\/#primaryimage"},"image":{"@id":"https:\/\/develop.olympic.ca\/olympique\/2018\/02\/07\/coup-doeil-au-village-des-athletes-de-pyeongchang-2018-avec-equipe-canada\/#primaryimage"},"thumbnailUrl":"https:\/\/develop.olympic.ca\/olympique\/wp-content\/uploads\/sites\/2\/2018\/02\/team-canada-pyeongchang-2018-athletes-village.jpg?quality=100","datePublished":"2018-02-07T17:54:42+00:00","dateModified":"2018-03-06T20:35:43+00:00","author":{"@id":"https:\/\/develop.olympic.ca\/olympique\/#\/schema\/person\/a54bcce73a540b75e1ecc8278380dbad"},"inLanguage":"fr-FR","potentialAction":[{"@type":"ReadAction","target":["https:\/\/develop.olympic.ca\/olympique\/2018\/02\/07\/coup-doeil-au-village-des-athletes-de-pyeongchang-2018-avec-equipe-canada\/"]}]},{"@type":"ImageObject","inLanguage":"fr-FR","@id":"https:\/\/develop.olympic.ca\/olympique\/2018\/02\/07\/coup-doeil-au-village-des-athletes-de-pyeongchang-2018-avec-equipe-canada\/#primaryimage","url":"https:\/\/develop.olympic.ca\/olympique\/wp-content\/uploads\/sites\/2\/2018\/02\/team-canada-pyeongchang-2018-athletes-village.jpg?quality=100","contentUrl":"https:\/\/develop.olympic.ca\/olympique\/wp-content\/uploads\/sites\/2\/2018\/02\/team-canada-pyeongchang-2018-athletes-village.jpg?quality=100","width":1010,"height":568},{"@type":"WebSite","@id":"https:\/\/develop.olympic.ca\/olympique\/#website","url":"https:\/\/develop.olympic.ca\/olympique\/","name":"\u00c9quipe Canada | Site officiel de l&#039;\u00e9quipe olympique","description":"Votre source pour l\u2019\u00c9quipe olympique canadienne. Retrouvez les r\u00e9cits, vid\u00e9os et photos des athl\u00e8tes canadiens, sports olympiques, Jeux olympiques de 2020 et bien plus!","potentialAction":[{"@type":"SearchAction","target":{"@type":"EntryPoint","urlTemplate":"https:\/\/develop.olympic.ca\/olympique\/?s={search_term_string}"},"query-input":{"@type":"PropertyValueSpecification","valueRequired":true,"valueName":"search_term_string"}}],"inLanguage":"fr-FR"},{"@type":"Person","@id":"https:\/\/develop.olympic.ca\/olympique\/#\/schema\/person\/a54bcce73a540b75e1ecc8278380dbad","name":"camillecw","image":{"@type":"ImageObject","inLanguage":"fr-FR","@id":"https:\/\/secure.gravatar.com\/avatar\/578ce92849aedd0edca0d15b9d11b736cd1f056e9ab9139611bbdeecca368811?s=96&d=identicon&r=g28bb7f2a5d773e6db038cfb832182831","url":"https:\/\/secure.gravatar.com\/avatar\/578ce92849aedd0edca0d15b9d11b736cd1f056e9ab9139611bbdeecca368811?s=96&d=identicon&r=g","contentUrl":"https:\/\/secure.gravatar.com\/avatar\/578ce92849aedd0edca0d15b9d11b736cd1f056e9ab9139611bbdeecca368811?s=96&d=identicon&r=g","caption":"camillecw"},"sameAs":["http:\/\/camillecw.wordpress.com"],"url":"https:\/\/develop.olympic.ca\/olympique\/author\/camillecw\/"}]}},"jetpack_featured_media_url":"https:\/\/develop.olympic.ca\/olympique\/wp-content\/uploads\/sites\/2\/2018\/02\/team-canada-pyeongchang-2018-athletes-village.jpg?quality=100","featured_image_url":"https:\/\/develop.olympic.ca\/olympique\/wp-content\/uploads\/sites\/2\/2018\/02\/team-canada-pyeongchang-2018-athletes-village.jpg?quality=100","author_name":["Camille Wallace"],"category_names":["Uncategorized"],"tag_names":["Andi Naude","\u00c9quipe canada","PyeongChang","pyeongchang 2018","Village des athl\u00e8tes"],"video_embed_code":"","facebook_video_embed_code":"","jetpack_sharing_enabled":true,"jetpack-related-posts":[],"jetpack_shortlink":"https:\/\/wp.me\/pbmyEP-zlL","_links":{"self":[{"href":"https:\/\/develop.olympic.ca\/olympique\/wp-json\/wp\/v2\/posts\/135889","targetHints":{"allow":["GET"]}}],"collection":[{"href":"https:\/\/develop.olympic.ca\/olympique\/wp-json\/wp\/v2\/posts"}],"about":[{"href":"https:\/\/develop.olympic.ca\/olympique\/wp-json\/wp\/v2\/types\/post"}],"author":[{"embeddable":true,"href":"https:\/\/develop.olympic.ca\/olympique\/wp-json\/wp\/v2\/users\/82363705"}],"replies":[{"embeddable":true,"href":"https:\/\/develop.olympic.ca\/olympique\/wp-json\/wp\/v2\/comments?post=135889"}],"version-history":[{"count":4,"href":"https:\/\/develop.olympic.ca\/olympique\/wp-json\/wp\/v2\/posts\/135889\/revisions"}],"predecessor-version":[{"id":136056,"href":"https:\/\/develop.olympic.ca\/olympique\/wp-json\/wp\/v2\/posts\/135889\/revisions\/136056"}],"wp:featuredmedia":[{"embeddable":true,"href":"https:\/\/develop.olympic.ca\/olympique\/wp-json\/wp\/v2\/media\/135890"}],"wp:attachment":[{"href":"https:\/\/develop.olympic.ca\/olympique\/wp-json\/wp\/v2\/media?parent=135889"}],"wp:term":[{"taxonomy":"category","embeddable":true,"href":"https:\/\/develop.olympic.ca\/olympique\/wp-json\/wp\/v2\/categories?post=135889"},{"taxonomy":"post_tag","embeddable":true,"href":"https:\/\/develop.olympic.ca\/olympique\/wp-json\/wp\/v2\/tags?post=135889"},{"taxonomy":"post_format","embeddable":true,"href":"https:\/\/develop.olympic.ca\/olympique\/wp-json\/wp\/v2\/post_format?post=135889"},{"taxonomy":"sport","embeddable":true,"href":"https:\/\/develop.olympic.ca\/olympique\/wp-json\/wp\/v2\/sport?post=135889"},{"taxonomy":"game","embeddable":true,"href":"https:\/\/develop.olympic.ca\/olympique\/wp-json\/wp\/v2\/game?post=135889"},{"taxonomy":"author","embeddable":true,"href":"https:\/\/develop.olympic.ca\/olympique\/wp-json\/wp\/v2\/coauthors?post=135889"}],"curies":[{"name":"wp","href":"https:\/\/api.w.org\/{rel}","templated":true}]}}