{"id":142522,"date":"2018-09-08T09:41:48","date_gmt":"2018-09-08T13:41:48","guid":{"rendered":"http:\/\/develop.olympic.ca\/olympique\/?p=142522"},"modified":"2018-09-08T11:04:22","modified_gmt":"2018-09-08T15:04:22","slug":"trois-medailles-en-ski-big-air-pour-equipe-canada-en-nouvelle-zelande","status":"publish","type":"post","link":"https:\/\/develop.olympic.ca\/olympique\/2018\/09\/08\/trois-medailles-en-ski-big-air-pour-equipe-canada-en-nouvelle-zelande\/","title":{"rendered":"Trois m\u00e9dailles en ski big air pour \u00c9quipe Canada en Nouvelle-Z\u00e9lande"},"content":{"rendered":"<h2 class=\"lead\">Les skieurs d&rsquo;\u00c9quipe Canada ont amorc\u00e9 la saison de tr\u00e8s belle fa\u00e7on, vendredi, en r\u00e9coltant trois m\u00e9dailles aux finales f\u00e9minines et masculines de big air aux Winter Games de Cordona, en Nouvelle-Z\u00e9lande. Elena Gaskell et <a href=\"http:\/\/develop.olympic.ca\/olympique\/team-canada\/yuki-tsubota\/\">Yuki Tsubota<\/a> ont accompli un doubl\u00e9 du c\u00f4t\u00e9 des femmes en remportant l&rsquo;or et le bronze, alors que\u00a0<a href=\"http:\/\/develop.olympic.ca\/olympique\/team-canada\/evan-mceachran\/\">Evan McEachran<\/a> a d\u00e9croch\u00e9 l&rsquo;argent chez les hommes.<\/h2>\n<p>\u00c0 seulement 17 ans, Elena Gaskell d\u00e9marre sa saison en force en grimpant au sommet du podium. Elle a r\u00e9colt\u00e9 170,40 points gr\u00e2ce \u00e0 ses deux premiers sauts, alors qu&rsquo;une chute a imm\u00e9diatement \u00e9limin\u00e9 son troisi\u00e8me saut de l&rsquo;\u00e9quation.\u00a0En entrevue, elle a confi\u00e9 \u00eatre tr\u00e8s excit\u00e9e (\u00ab\u00a0<em>stoked <\/em>\u00bb)\u00a0par sa performance.<\/p>\n<p>Yuki Tsubota a accumul\u00e9 146,00 points pour se glisser sur la troisi\u00e8me marche du podium. Entre les deux Canadiennes, l&rsquo;argent au cou, se trouvait l&rsquo;Am\u00e9ricaine Caroline Claire, qui a r\u00e9colt\u00e9 147,80 points.<\/p>\n<p>\u00ab Le saut \u00e9tait tr\u00e8s haut et aujourd&rsquo;hui \u00e9tait la premi\u00e8re journ\u00e9e o\u00f9 je me sentais vraiment confortable dessus, alors je suis contente \u00bb, a comment\u00e9 Tsubota.<\/p>\n<p>Les trois m\u00e9daill\u00e9es sont les seules comp\u00e9titrices \u00e0 avoir compl\u00e9t\u00e9 au moins deux de leurs sauts. La Canadienne Dara Howell prenait \u00e9galement part \u00e0 la finale. Elle a termin\u00e9 au cinqui\u00e8me rang avec 21,20 points.<\/p>\n<div class=\"fb-video\" data-allowfullscreen=\"true\" data-href=\"https:\/\/www.facebook.com\/WinterGamesNZ\/videos\/1213426145462389\/\" style=\"background-color: #fff; display: inline-block;\"><\/div>\n<p>Evan McEachran, plus habitu\u00e9 au slopestyle, s&rsquo;est surpris lui-m\u00eame en remportant l&rsquo;argent au big air. Il a r\u00e9colt\u00e9 180,40 points, tout juste devant le N\u00e9o-Z\u00e9landais Finn Bilous, qui a gagn\u00e9 le bronze avec 180,20 points. McEachran a r\u00e9alis\u00e9 le second meilleur score de l&rsquo;\u00e9preuve, marquant\u00a093,40 points pour son deuxi\u00e8me saut.<\/p>\n<p>L&rsquo;or est revenu au Suisse Andri Ragettli, avec 182,00 points. Trois autres Canadiens \u00e9taient de la finale : <a href=\"http:\/\/develop.olympic.ca\/olympique\/team-canada\/alex-beaulieu-marchand\/\">Alex Beaulieu-Marchand<\/a>, qui a termin\u00e9 au 6e rang avec 174,00 points, <a href=\"http:\/\/develop.olympic.ca\/olympique\/team-canada\/teal-harle\/\">Teal Harle<\/a>, en 8e place avec 166,00, et Noah Morrison, au 9e rang avec 153,80 points.<\/p>\n<div class=\"fb-video\" data-allowfullscreen=\"true\" data-href=\"https:\/\/www.facebook.com\/WinterGamesNZ\/videos\/2159809180939669\/\" style=\"background-color: #fff; display: inline-block;\"><\/div>\n","protected":false},"excerpt":{"rendered":"<p>Les skieurs d&rsquo;\u00c9quipe Canada ont amorc\u00e9 la saison de tr\u00e8s belle fa\u00e7on, vendredi, en r\u00e9coltant trois m\u00e9dailles aux finales f\u00e9minines&#8230;<\/p>\n","protected":false},"author":132655687,"featured_media":142523,"comment_status":"closed","ping_status":"closed","sticky":false,"template":"","format":"standard","meta":{"_acf_changed":false,"_crdt_document":"","_jetpack_memberships_contains_paid_content":false,"footnotes":""},"categories":[1],"tags":[415986588,1492254,415987532,415987531,1104411,415984386,415987530,346377,7478,140757015],"post_format":"standard","sport":[181823549],"game":[],"coauthors":[415985478],"class_list":["post-142522","post","type-post","status-publish","format-standard","has-post-thumbnail","hentry","category-uncategorized","tag-acrobatique","tag-big-air","tag-cordona","tag-elena-gaskell","tag-equipe-canada","tag-evan-mceachran","tag-grand-saut","tag-nouvelle-zelande","tag-ski","tag-yuki-tsubota","sport-ski-ski-acrobatique"],"acf":[],"yoast_head":"<!-- This site is optimized with the Yoast SEO plugin v27.3 - https:\/\/yoast.com\/product\/yoast-seo-wordpress\/ -->\n<title>Trois m\u00e9dailles en ski big air pour \u00c9quipe Canada en Nouvelle-Z\u00e9lande - \u00c9quipe Canada | Site officiel de l&#039;\u00e9quipe olympique<\/title>\n<meta name=\"robots\" content=\"index, follow, max-snippet:-1, max-image-preview:large, max-video-preview:-1\" \/>\n<link rel=\"canonical\" href=\"https:\/\/develop.olympic.ca\/olympique\/2018\/09\/08\/trois-medailles-en-ski-big-air-pour-equipe-canada-en-nouvelle-zelande\/\" \/>\n<meta property=\"og:locale\" content=\"fr_FR\" \/>\n<meta property=\"og:type\" content=\"article\" \/>\n<meta property=\"og:title\" content=\"Trois m\u00e9dailles en ski big air pour \u00c9quipe Canada en Nouvelle-Z\u00e9lande - \u00c9quipe Canada | Site officiel de l&#039;\u00e9quipe olympique\" \/>\n<meta property=\"og:description\" content=\"Les skieurs d&rsquo;\u00c9quipe Canada ont amorc\u00e9 la saison de tr\u00e8s belle fa\u00e7on, vendredi, en r\u00e9coltant trois m\u00e9dailles aux finales f\u00e9minines...\" \/>\n<meta property=\"og:url\" content=\"https:\/\/develop.olympic.ca\/olympique\/2018\/09\/08\/trois-medailles-en-ski-big-air-pour-equipe-canada-en-nouvelle-zelande\/\" \/>\n<meta property=\"og:site_name\" content=\"\u00c9quipe Canada | Site officiel de l&#039;\u00e9quipe olympique\" \/>\n<meta property=\"article:published_time\" content=\"2018-09-08T13:41:48+00:00\" \/>\n<meta property=\"article:modified_time\" content=\"2018-09-08T15:04:22+00:00\" \/>\n<meta property=\"og:image\" content=\"https:\/\/develop.olympic.ca\/olympique\/wp-content\/uploads\/sites\/2\/2018\/09\/elena-gaskell-winter-games-nz-2018.jpg?quality=100\" \/>\n\t<meta property=\"og:image:width\" content=\"1657\" \/>\n\t<meta property=\"og:image:height\" content=\"1105\" \/>\n\t<meta property=\"og:image:type\" content=\"image\/jpeg\" \/>\n<meta name=\"author\" content=\"Camille Laventure\" \/>\n<meta name=\"twitter:card\" content=\"summary_large_image\" \/>\n<meta name=\"twitter:label1\" content=\"Written by\" \/>\n\t<meta name=\"twitter:data1\" content=\"Camille Laventure\" \/>\n\t<meta name=\"twitter:label2\" content=\"Est. reading time\" \/>\n\t<meta name=\"twitter:data2\" content=\"2 minutes\" \/>\n<script type=\"application\/ld+json\" class=\"yoast-schema-graph\">{\"@context\":\"https:\\\/\\\/schema.org\",\"@graph\":[{\"@type\":\"Article\",\"@id\":\"https:\\\/\\\/develop.olympic.ca\\\/olympique\\\/2018\\\/09\\\/08\\\/trois-medailles-en-ski-big-air-pour-equipe-canada-en-nouvelle-zelande\\\/#article\",\"isPartOf\":{\"@id\":\"https:\\\/\\\/develop.olympic.ca\\\/olympique\\\/2018\\\/09\\\/08\\\/trois-medailles-en-ski-big-air-pour-equipe-canada-en-nouvelle-zelande\\\/\"},\"author\":{\"name\":\"Camille Laventure\",\"@id\":\"https:\\\/\\\/develop.olympic.ca\\\/olympique\\\/#\\\/schema\\\/person\\\/20ac103fca93b616e9650326fae451dc\"},\"headline\":\"Trois m\u00e9dailles en ski big air pour \u00c9quipe Canada en Nouvelle-Z\u00e9lande\",\"datePublished\":\"2018-09-08T13:41:48+00:00\",\"dateModified\":\"2018-09-08T15:04:22+00:00\",\"mainEntityOfPage\":{\"@id\":\"https:\\\/\\\/develop.olympic.ca\\\/olympique\\\/2018\\\/09\\\/08\\\/trois-medailles-en-ski-big-air-pour-equipe-canada-en-nouvelle-zelande\\\/\"},\"wordCount\":352,\"image\":{\"@id\":\"https:\\\/\\\/develop.olympic.ca\\\/olympique\\\/2018\\\/09\\\/08\\\/trois-medailles-en-ski-big-air-pour-equipe-canada-en-nouvelle-zelande\\\/#primaryimage\"},\"thumbnailUrl\":\"https:\\\/\\\/develop.olympic.ca\\\/olympique\\\/wp-content\\\/uploads\\\/sites\\\/2\\\/2018\\\/09\\\/elena-gaskell-winter-games-nz-2018.jpg?quality=100\",\"keywords\":[\"acrobatique\",\"Big air\",\"Cordona\",\"Elena Gaskell\",\"\u00c9quipe canada\",\"Evan McEachran\",\"grand saut\",\"Nouvelle-Z\u00e9lande\",\"ski\",\"Yuki Tsubota\"],\"articleSection\":[\"Uncategorized\"],\"inLanguage\":\"fr-FR\"},{\"@type\":\"WebPage\",\"@id\":\"https:\\\/\\\/develop.olympic.ca\\\/olympique\\\/2018\\\/09\\\/08\\\/trois-medailles-en-ski-big-air-pour-equipe-canada-en-nouvelle-zelande\\\/\",\"url\":\"https:\\\/\\\/develop.olympic.ca\\\/olympique\\\/2018\\\/09\\\/08\\\/trois-medailles-en-ski-big-air-pour-equipe-canada-en-nouvelle-zelande\\\/\",\"name\":\"Trois m\u00e9dailles en ski big air pour \u00c9quipe Canada en Nouvelle-Z\u00e9lande - \u00c9quipe Canada | Site officiel de l&#039;\u00e9quipe olympique\",\"isPartOf\":{\"@id\":\"https:\\\/\\\/develop.olympic.ca\\\/olympique\\\/#website\"},\"primaryImageOfPage\":{\"@id\":\"https:\\\/\\\/develop.olympic.ca\\\/olympique\\\/2018\\\/09\\\/08\\\/trois-medailles-en-ski-big-air-pour-equipe-canada-en-nouvelle-zelande\\\/#primaryimage\"},\"image\":{\"@id\":\"https:\\\/\\\/develop.olympic.ca\\\/olympique\\\/2018\\\/09\\\/08\\\/trois-medailles-en-ski-big-air-pour-equipe-canada-en-nouvelle-zelande\\\/#primaryimage\"},\"thumbnailUrl\":\"https:\\\/\\\/develop.olympic.ca\\\/olympique\\\/wp-content\\\/uploads\\\/sites\\\/2\\\/2018\\\/09\\\/elena-gaskell-winter-games-nz-2018.jpg?quality=100\",\"datePublished\":\"2018-09-08T13:41:48+00:00\",\"dateModified\":\"2018-09-08T15:04:22+00:00\",\"author\":{\"@id\":\"https:\\\/\\\/develop.olympic.ca\\\/olympique\\\/#\\\/schema\\\/person\\\/20ac103fca93b616e9650326fae451dc\"},\"inLanguage\":\"fr-FR\",\"potentialAction\":[{\"@type\":\"ReadAction\",\"target\":[\"https:\\\/\\\/develop.olympic.ca\\\/olympique\\\/2018\\\/09\\\/08\\\/trois-medailles-en-ski-big-air-pour-equipe-canada-en-nouvelle-zelande\\\/\"]}]},{\"@type\":\"ImageObject\",\"inLanguage\":\"fr-FR\",\"@id\":\"https:\\\/\\\/develop.olympic.ca\\\/olympique\\\/2018\\\/09\\\/08\\\/trois-medailles-en-ski-big-air-pour-equipe-canada-en-nouvelle-zelande\\\/#primaryimage\",\"url\":\"https:\\\/\\\/develop.olympic.ca\\\/olympique\\\/wp-content\\\/uploads\\\/sites\\\/2\\\/2018\\\/09\\\/elena-gaskell-winter-games-nz-2018.jpg?quality=100\",\"contentUrl\":\"https:\\\/\\\/develop.olympic.ca\\\/olympique\\\/wp-content\\\/uploads\\\/sites\\\/2\\\/2018\\\/09\\\/elena-gaskell-winter-games-nz-2018.jpg?quality=100\",\"width\":1657,\"height\":1105},{\"@type\":\"WebSite\",\"@id\":\"https:\\\/\\\/develop.olympic.ca\\\/olympique\\\/#website\",\"url\":\"https:\\\/\\\/develop.olympic.ca\\\/olympique\\\/\",\"name\":\"\u00c9quipe Canada | Site officiel de l&#039;\u00e9quipe olympique\",\"description\":\"Votre source pour l\u2019\u00c9quipe olympique canadienne. Retrouvez les r\u00e9cits, vid\u00e9os et photos des athl\u00e8tes canadiens, sports olympiques, Jeux olympiques de 2020 et bien plus!\",\"potentialAction\":[{\"@type\":\"SearchAction\",\"target\":{\"@type\":\"EntryPoint\",\"urlTemplate\":\"https:\\\/\\\/develop.olympic.ca\\\/olympique\\\/?s={search_term_string}\"},\"query-input\":{\"@type\":\"PropertyValueSpecification\",\"valueRequired\":true,\"valueName\":\"search_term_string\"}}],\"inLanguage\":\"fr-FR\"},{\"@type\":\"Person\",\"@id\":\"https:\\\/\\\/develop.olympic.ca\\\/olympique\\\/#\\\/schema\\\/person\\\/20ac103fca93b616e9650326fae451dc\",\"name\":\"Camille Laventure\",\"image\":{\"@type\":\"ImageObject\",\"inLanguage\":\"fr-FR\",\"@id\":\"https:\\\/\\\/secure.gravatar.com\\\/avatar\\\/ae75c5158b8f12e220a16c2e0aca48a6565d667459c675ad7d3a5b421fe06603?s=96&d=identicon&r=g3507809f2fadbf7af37995cf88fe9675\",\"url\":\"https:\\\/\\\/secure.gravatar.com\\\/avatar\\\/ae75c5158b8f12e220a16c2e0aca48a6565d667459c675ad7d3a5b421fe06603?s=96&d=identicon&r=g\",\"contentUrl\":\"https:\\\/\\\/secure.gravatar.com\\\/avatar\\\/ae75c5158b8f12e220a16c2e0aca48a6565d667459c675ad7d3a5b421fe06603?s=96&d=identicon&r=g\",\"caption\":\"Camille Laventure\"},\"url\":\"https:\\\/\\\/develop.olympic.ca\\\/olympique\\\/author\\\/camillelaventure\\\/\"}]}<\/script>\n<!-- \/ Yoast SEO plugin. -->","yoast_head_json":{"title":"Trois m\u00e9dailles en ski big air pour \u00c9quipe Canada en Nouvelle-Z\u00e9lande - \u00c9quipe Canada | Site officiel de l&#039;\u00e9quipe olympique","robots":{"index":"index","follow":"follow","max-snippet":"max-snippet:-1","max-image-preview":"max-image-preview:large","max-video-preview":"max-video-preview:-1"},"canonical":"https:\/\/develop.olympic.ca\/olympique\/2018\/09\/08\/trois-medailles-en-ski-big-air-pour-equipe-canada-en-nouvelle-zelande\/","og_locale":"fr_FR","og_type":"article","og_title":"Trois m\u00e9dailles en ski big air pour \u00c9quipe Canada en Nouvelle-Z\u00e9lande - \u00c9quipe Canada | Site officiel de l&#039;\u00e9quipe olympique","og_description":"Les skieurs d&rsquo;\u00c9quipe Canada ont amorc\u00e9 la saison de tr\u00e8s belle fa\u00e7on, vendredi, en r\u00e9coltant trois m\u00e9dailles aux finales f\u00e9minines...","og_url":"https:\/\/develop.olympic.ca\/olympique\/2018\/09\/08\/trois-medailles-en-ski-big-air-pour-equipe-canada-en-nouvelle-zelande\/","og_site_name":"\u00c9quipe Canada | Site officiel de l&#039;\u00e9quipe olympique","article_published_time":"2018-09-08T13:41:48+00:00","article_modified_time":"2018-09-08T15:04:22+00:00","og_image":[{"width":1657,"height":1105,"url":"https:\/\/develop.olympic.ca\/olympique\/wp-content\/uploads\/sites\/2\/2018\/09\/elena-gaskell-winter-games-nz-2018.jpg?quality=100","type":"image\/jpeg"}],"author":"Camille Laventure","twitter_card":"summary_large_image","twitter_misc":{"Written by":"Camille Laventure","Est. reading time":"2 minutes"},"schema":{"@context":"https:\/\/schema.org","@graph":[{"@type":"Article","@id":"https:\/\/develop.olympic.ca\/olympique\/2018\/09\/08\/trois-medailles-en-ski-big-air-pour-equipe-canada-en-nouvelle-zelande\/#article","isPartOf":{"@id":"https:\/\/develop.olympic.ca\/olympique\/2018\/09\/08\/trois-medailles-en-ski-big-air-pour-equipe-canada-en-nouvelle-zelande\/"},"author":{"name":"Camille Laventure","@id":"https:\/\/develop.olympic.ca\/olympique\/#\/schema\/person\/20ac103fca93b616e9650326fae451dc"},"headline":"Trois m\u00e9dailles en ski big air pour \u00c9quipe Canada en Nouvelle-Z\u00e9lande","datePublished":"2018-09-08T13:41:48+00:00","dateModified":"2018-09-08T15:04:22+00:00","mainEntityOfPage":{"@id":"https:\/\/develop.olympic.ca\/olympique\/2018\/09\/08\/trois-medailles-en-ski-big-air-pour-equipe-canada-en-nouvelle-zelande\/"},"wordCount":352,"image":{"@id":"https:\/\/develop.olympic.ca\/olympique\/2018\/09\/08\/trois-medailles-en-ski-big-air-pour-equipe-canada-en-nouvelle-zelande\/#primaryimage"},"thumbnailUrl":"https:\/\/develop.olympic.ca\/olympique\/wp-content\/uploads\/sites\/2\/2018\/09\/elena-gaskell-winter-games-nz-2018.jpg?quality=100","keywords":["acrobatique","Big air","Cordona","Elena Gaskell","\u00c9quipe canada","Evan McEachran","grand saut","Nouvelle-Z\u00e9lande","ski","Yuki Tsubota"],"articleSection":["Uncategorized"],"inLanguage":"fr-FR"},{"@type":"WebPage","@id":"https:\/\/develop.olympic.ca\/olympique\/2018\/09\/08\/trois-medailles-en-ski-big-air-pour-equipe-canada-en-nouvelle-zelande\/","url":"https:\/\/develop.olympic.ca\/olympique\/2018\/09\/08\/trois-medailles-en-ski-big-air-pour-equipe-canada-en-nouvelle-zelande\/","name":"Trois m\u00e9dailles en ski big air pour \u00c9quipe Canada en Nouvelle-Z\u00e9lande - \u00c9quipe Canada | Site officiel de l&#039;\u00e9quipe olympique","isPartOf":{"@id":"https:\/\/develop.olympic.ca\/olympique\/#website"},"primaryImageOfPage":{"@id":"https:\/\/develop.olympic.ca\/olympique\/2018\/09\/08\/trois-medailles-en-ski-big-air-pour-equipe-canada-en-nouvelle-zelande\/#primaryimage"},"image":{"@id":"https:\/\/develop.olympic.ca\/olympique\/2018\/09\/08\/trois-medailles-en-ski-big-air-pour-equipe-canada-en-nouvelle-zelande\/#primaryimage"},"thumbnailUrl":"https:\/\/develop.olympic.ca\/olympique\/wp-content\/uploads\/sites\/2\/2018\/09\/elena-gaskell-winter-games-nz-2018.jpg?quality=100","datePublished":"2018-09-08T13:41:48+00:00","dateModified":"2018-09-08T15:04:22+00:00","author":{"@id":"https:\/\/develop.olympic.ca\/olympique\/#\/schema\/person\/20ac103fca93b616e9650326fae451dc"},"inLanguage":"fr-FR","potentialAction":[{"@type":"ReadAction","target":["https:\/\/develop.olympic.ca\/olympique\/2018\/09\/08\/trois-medailles-en-ski-big-air-pour-equipe-canada-en-nouvelle-zelande\/"]}]},{"@type":"ImageObject","inLanguage":"fr-FR","@id":"https:\/\/develop.olympic.ca\/olympique\/2018\/09\/08\/trois-medailles-en-ski-big-air-pour-equipe-canada-en-nouvelle-zelande\/#primaryimage","url":"https:\/\/develop.olympic.ca\/olympique\/wp-content\/uploads\/sites\/2\/2018\/09\/elena-gaskell-winter-games-nz-2018.jpg?quality=100","contentUrl":"https:\/\/develop.olympic.ca\/olympique\/wp-content\/uploads\/sites\/2\/2018\/09\/elena-gaskell-winter-games-nz-2018.jpg?quality=100","width":1657,"height":1105},{"@type":"WebSite","@id":"https:\/\/develop.olympic.ca\/olympique\/#website","url":"https:\/\/develop.olympic.ca\/olympique\/","name":"\u00c9quipe Canada | Site officiel de l&#039;\u00e9quipe olympique","description":"Votre source pour l\u2019\u00c9quipe olympique canadienne. Retrouvez les r\u00e9cits, vid\u00e9os et photos des athl\u00e8tes canadiens, sports olympiques, Jeux olympiques de 2020 et bien plus!","potentialAction":[{"@type":"SearchAction","target":{"@type":"EntryPoint","urlTemplate":"https:\/\/develop.olympic.ca\/olympique\/?s={search_term_string}"},"query-input":{"@type":"PropertyValueSpecification","valueRequired":true,"valueName":"search_term_string"}}],"inLanguage":"fr-FR"},{"@type":"Person","@id":"https:\/\/develop.olympic.ca\/olympique\/#\/schema\/person\/20ac103fca93b616e9650326fae451dc","name":"Camille Laventure","image":{"@type":"ImageObject","inLanguage":"fr-FR","@id":"https:\/\/secure.gravatar.com\/avatar\/ae75c5158b8f12e220a16c2e0aca48a6565d667459c675ad7d3a5b421fe06603?s=96&d=identicon&r=g3507809f2fadbf7af37995cf88fe9675","url":"https:\/\/secure.gravatar.com\/avatar\/ae75c5158b8f12e220a16c2e0aca48a6565d667459c675ad7d3a5b421fe06603?s=96&d=identicon&r=g","contentUrl":"https:\/\/secure.gravatar.com\/avatar\/ae75c5158b8f12e220a16c2e0aca48a6565d667459c675ad7d3a5b421fe06603?s=96&d=identicon&r=g","caption":"Camille Laventure"},"url":"https:\/\/develop.olympic.ca\/olympique\/author\/camillelaventure\/"}]}},"jetpack_featured_media_url":"https:\/\/develop.olympic.ca\/olympique\/wp-content\/uploads\/sites\/2\/2018\/09\/elena-gaskell-winter-games-nz-2018.jpg?quality=100","featured_image_url":"https:\/\/develop.olympic.ca\/olympique\/wp-content\/uploads\/sites\/2\/2018\/09\/elena-gaskell-winter-games-nz-2018.jpg?quality=100","author_name":["Camille Laventure"],"category_names":["Uncategorized"],"tag_names":["acrobatique","Big air","Cordona","Elena Gaskell","\u00c9quipe canada","Evan McEachran","grand saut","Nouvelle-Z\u00e9lande","ski","Yuki Tsubota"],"video_embed_code":"","facebook_video_embed_code":"","jetpack_sharing_enabled":true,"jetpack-related-posts":[],"jetpack_shortlink":"https:\/\/wp.me\/pbmyEP-B4K","_links":{"self":[{"href":"https:\/\/develop.olympic.ca\/olympique\/wp-json\/wp\/v2\/posts\/142522","targetHints":{"allow":["GET"]}}],"collection":[{"href":"https:\/\/develop.olympic.ca\/olympique\/wp-json\/wp\/v2\/posts"}],"about":[{"href":"https:\/\/develop.olympic.ca\/olympique\/wp-json\/wp\/v2\/types\/post"}],"author":[{"embeddable":true,"href":"https:\/\/develop.olympic.ca\/olympique\/wp-json\/wp\/v2\/users\/132655687"}],"replies":[{"embeddable":true,"href":"https:\/\/develop.olympic.ca\/olympique\/wp-json\/wp\/v2\/comments?post=142522"}],"version-history":[{"count":3,"href":"https:\/\/develop.olympic.ca\/olympique\/wp-json\/wp\/v2\/posts\/142522\/revisions"}],"predecessor-version":[{"id":142526,"href":"https:\/\/develop.olympic.ca\/olympique\/wp-json\/wp\/v2\/posts\/142522\/revisions\/142526"}],"wp:featuredmedia":[{"embeddable":true,"href":"https:\/\/develop.olympic.ca\/olympique\/wp-json\/wp\/v2\/media\/142523"}],"wp:attachment":[{"href":"https:\/\/develop.olympic.ca\/olympique\/wp-json\/wp\/v2\/media?parent=142522"}],"wp:term":[{"taxonomy":"category","embeddable":true,"href":"https:\/\/develop.olympic.ca\/olympique\/wp-json\/wp\/v2\/categories?post=142522"},{"taxonomy":"post_tag","embeddable":true,"href":"https:\/\/develop.olympic.ca\/olympique\/wp-json\/wp\/v2\/tags?post=142522"},{"taxonomy":"post_format","embeddable":true,"href":"https:\/\/develop.olympic.ca\/olympique\/wp-json\/wp\/v2\/post_format?post=142522"},{"taxonomy":"sport","embeddable":true,"href":"https:\/\/develop.olympic.ca\/olympique\/wp-json\/wp\/v2\/sport?post=142522"},{"taxonomy":"game","embeddable":true,"href":"https:\/\/develop.olympic.ca\/olympique\/wp-json\/wp\/v2\/game?post=142522"},{"taxonomy":"author","embeddable":true,"href":"https:\/\/develop.olympic.ca\/olympique\/wp-json\/wp\/v2\/coauthors?post=142522"}],"curies":[{"name":"wp","href":"https:\/\/api.w.org\/{rel}","templated":true}]}}