{"id":150765,"date":"2019-03-30T12:18:46","date_gmt":"2019-03-30T16:18:46","guid":{"rendered":"http:\/\/develop.olympic.ca\/olympique\/?p=150765"},"modified":"2019-03-31T13:26:14","modified_gmt":"2019-03-31T17:26:14","slug":"lor-en-coupe-du-monde-et-le-globe-de-cristal-deux-premieres-pour-megan-oldham","status":"publish","type":"post","link":"https:\/\/develop.olympic.ca\/olympique\/2019\/03\/30\/lor-en-coupe-du-monde-et-le-globe-de-cristal-deux-premieres-pour-megan-oldham\/","title":{"rendered":"L&rsquo;or en Coupe du monde et le globe de cristal, deux premi\u00e8res pour Megan Oldham"},"content":{"rendered":"<h2 class=\"lead\">La Canadienne Megan Oldham avait deux victoires \u00e0 c\u00e9l\u00e9brer, samedi, \u00e0 Silvaplana, en Suisse : elle a remport\u00e9 sa toute premi\u00e8re m\u00e9daille d&rsquo;or de coupe du monde en slopestyle et a pris le globe de cristal dans cette discipline pour la saison 2018-19.<\/h2>\n<p>La skieuse de Parry Sound en est \u00e0 sa premi\u00e8re saison sur le circuit de la Coupe du monde, et elle a d\u00e9j\u00e0 gagn\u00e9 des m\u00e9dailles d&rsquo;argent et de bronze.<\/p>\n<div class=\"embed-twitter\">\n<blockquote class=\"twitter-tweet\" data-width=\"550\" data-dnt=\"true\">\n<p lang=\"en\" dir=\"ltr\">17y\/o Megan Oldham \ud83c\udde8\ud83c\udde6 took her first-ever World Cup <a href=\"https:\/\/twitter.com\/hashtag\/slopestyle?src=hash&amp;ref_src=twsrc%5Etfw\">#slopestyle<\/a> win today AND took the 2019 Slopestyle Crystal Globe! Not a bad way to finish the season! \ud83d\udcaa\ud83d\udcaa\ud83d\udcaa<\/p>\n<p>Slopestyle overall podium:<br \/>1. Megan Oldham \ud83c\udde8\ud83c\udde6<br \/>2. Sarah Hoefflin \ud83c\udde8\ud83c\udded<br \/>3. Eileen Gu \ud83c\uddfa\ud83c\uddf8<\/p>\n<p>Congrats ladies! \ud83c\udf89\u2728\ud83d\udc4f <a href=\"https:\/\/t.co\/1AWgJ3Lzea\">pic.twitter.com\/1AWgJ3Lzea<\/a><\/p>\n<p>&mdash; FISfreestyle (@FISfreestyle) <a href=\"https:\/\/twitter.com\/FISfreestyle\/status\/1111996037659574272?ref_src=twsrc%5Etfw\">March 30, 2019<\/a><\/p><\/blockquote>\n<p><script async src=\"https:\/\/platform.twitter.com\/widgets.js\" charset=\"utf-8\"><\/script><\/div>\n<p>La deuxi\u00e8me descente de Oldham lui a permis de r\u00e9colter son pointage gagnant de 84,51 points. La Fran\u00e7aise Tess Ledeux a termin\u00e9 deuxi\u00e8me avec 77,98 points, alors que l&rsquo;Italienne Silvia Bertagna a pris le bronze avec 76,11 points.<\/p>\n<p>La Canadienne de 18 ans a aussi remport\u00e9 le globe de cristal 2019 en slopestyle, terminant premi\u00e8re au classement g\u00e9n\u00e9ral de la FIS.<\/p>\n<p><strong>\u00c0 LIRE : <\/strong><a href=\"https:\/\/develop.olympic.ca\/olympique\/2019\/01\/27\/max-moffatt-et-megan-oldham-gagnent-une-premiere-medaille-en-carriere-en-coupe-du-monde\/\" target=\"_blank\" rel=\"noopener noreferrer\">Max Moffatt et Megan Oldham gagnent une premi\u00e8re m\u00e9daille en carri\u00e8re en Coupe du monde<\/a><\/p>\n<p>Chez les hommes, <a href=\"http:\/\/develop.olympic.ca\/olympique\/team-canada\/evan-mceachran\/\" target=\"_blank\" rel=\"noopener noreferrer\">Evan McEachran<\/a> a termin\u00e9 cinqui\u00e8me (86,90 points, et <a href=\"http:\/\/develop.olympic.ca\/olympique\/team-canada\/teal-harle\/\" target=\"_blank\" rel=\"noopener noreferrer\">Teal Harle<\/a>, huiti\u00e8me (84,58 points).<\/p>\n<p>Max Moffat a pris la deuxi\u00e8me place du classement g\u00e9n\u00e9ral en slopestyle.<\/p>\n<div class=\"embed-twitter\">\n<blockquote class=\"twitter-tweet\" data-width=\"550\" data-dnt=\"true\">\n<p lang=\"en\" dir=\"ltr\">The 2019 <a href=\"https:\/\/twitter.com\/hashtag\/slopestyle?src=hash&amp;ref_src=twsrc%5Etfw\">#slopestyle<\/a> Crystal Globe goes to Mac Forehand of the USA! Congrats to all the guys on another truly ripping season, see you next year!! <\/p>\n<p>Men&#39;s Slopestyle overall podium:<br \/>1. Mac Forehand \ud83c\uddfa\ud83c\uddf8<br \/>2. Max Moffatt \ud83c\udde8\ud83c\udde6<br \/>3. Andri Ragettli \ud83c\udde8\ud83c\udded<a href=\"https:\/\/twitter.com\/hashtag\/worldcup?src=hash&amp;ref_src=twsrc%5Etfw\">#worldcup<\/a> <a href=\"https:\/\/twitter.com\/hashtag\/freeski?src=hash&amp;ref_src=twsrc%5Etfw\">#freeski<\/a> <a href=\"https:\/\/t.co\/osJSMYl5Fy\">pic.twitter.com\/osJSMYl5Fy<\/a><\/p>\n<p>&mdash; FISfreestyle (@FISfreestyle) <a href=\"https:\/\/twitter.com\/FISfreestyle\/status\/1111998951031537666?ref_src=twsrc%5Etfw\">March 30, 2019<\/a><\/p><\/blockquote>\n<p><script async src=\"https:\/\/platform.twitter.com\/widgets.js\" charset=\"utf-8\"><\/script><\/div>\n<p>Le Canada a \u00e9galement remport\u00e9 la Coupe des nations en tant que gagnant g\u00e9n\u00e9ral, terminant la saison avec 6266 points.<\/p>\n<div class=\"embed-twitter\">\n<blockquote class=\"twitter-tweet\" data-width=\"550\" data-dnt=\"true\">\n<p lang=\"en\" dir=\"ltr\">Huge congratulations to the 2019 FIS <a href=\"https:\/\/twitter.com\/hashtag\/freestyle?src=hash&amp;ref_src=twsrc%5Etfw\">#freestyle<\/a> and <a href=\"https:\/\/twitter.com\/hashtag\/freeski?src=hash&amp;ref_src=twsrc%5Etfw\">#freeski<\/a> Nations Cup overall winner, team Canada! Way to go everyone, here&#39;s to another amazing season! <br \/>\ud83c\udde8\ud83c\udde6\ud83c\udde8\ud83c\udde6\ud83c\udde8\ud83c\udde6\ud83c\udf41\ud83c\udf41\ud83c\udf41<a href=\"https:\/\/twitter.com\/hashtag\/FIS?src=hash&amp;ref_src=twsrc%5Etfw\">#FIS<\/a> <a href=\"https:\/\/twitter.com\/hashtag\/freeski?src=hash&amp;ref_src=twsrc%5Etfw\">#freeski<\/a> <a href=\"https:\/\/t.co\/Xp8WfO7pSi\">pic.twitter.com\/Xp8WfO7pSi<\/a><\/p>\n<p>&mdash; FISfreestyle (@FISfreestyle) <a href=\"https:\/\/twitter.com\/FISfreestyle\/status\/1112002526835036161?ref_src=twsrc%5Etfw\">March 30, 2019<\/a><\/p><\/blockquote>\n<p><script async src=\"https:\/\/platform.twitter.com\/widgets.js\" charset=\"utf-8\"><\/script><\/div>\n","protected":false},"excerpt":{"rendered":"<p>La Canadienne Megan Oldham avait deux victoires \u00e0 c\u00e9l\u00e9brer, samedi, \u00e0 Silvaplana, en Suisse : elle a remport\u00e9 sa toute&#8230;<\/p>\n","protected":false},"author":27808323,"featured_media":150769,"comment_status":"closed","ping_status":"closed","sticky":false,"template":"","format":"standard","meta":{"_acf_changed":false,"_crdt_document":"","_jetpack_memberships_contains_paid_content":false,"footnotes":""},"categories":[1],"tags":[57236,1104411,415984386,33146683,415988448,415988186,7478,13328337,2008192,415984383],"post_format":"standard","sport":[],"game":[],"coauthors":[415472419],"class_list":["post-150765","post","type-post","status-publish","format-standard","has-post-thumbnail","hentry","category-uncategorized","tag-coupe-du-monde","tag-equipe-canada","tag-evan-mceachran","tag-globe-de-cristal","tag-max-moffat","tag-megan-oldham","tag-ski","tag-ski-acrobatique","tag-slopestyle","tag-teal-harle"],"acf":[],"yoast_head":"<!-- This site is optimized with the Yoast SEO plugin v27.3 - https:\/\/yoast.com\/product\/yoast-seo-wordpress\/ -->\n<title>L&#039;or en Coupe du monde et le globe de cristal, deux premi\u00e8res pour Megan Oldham - \u00c9quipe Canada | Site officiel de l&#039;\u00e9quipe olympique<\/title>\n<meta name=\"robots\" content=\"index, follow, max-snippet:-1, max-image-preview:large, max-video-preview:-1\" \/>\n<link rel=\"canonical\" href=\"https:\/\/develop.olympic.ca\/olympique\/2019\/03\/30\/lor-en-coupe-du-monde-et-le-globe-de-cristal-deux-premieres-pour-megan-oldham\/\" \/>\n<meta property=\"og:locale\" content=\"fr_FR\" \/>\n<meta property=\"og:type\" content=\"article\" \/>\n<meta property=\"og:title\" content=\"L&#039;or en Coupe du monde et le globe de cristal, deux premi\u00e8res pour Megan Oldham - \u00c9quipe Canada | Site officiel de l&#039;\u00e9quipe olympique\" \/>\n<meta property=\"og:description\" content=\"La Canadienne Megan Oldham avait deux victoires \u00e0 c\u00e9l\u00e9brer, samedi, \u00e0 Silvaplana, en Suisse : elle a remport\u00e9 sa toute...\" \/>\n<meta property=\"og:url\" content=\"https:\/\/develop.olympic.ca\/olympique\/2019\/03\/30\/lor-en-coupe-du-monde-et-le-globe-de-cristal-deux-premieres-pour-megan-oldham\/\" \/>\n<meta property=\"og:site_name\" content=\"\u00c9quipe Canada | Site officiel de l&#039;\u00e9quipe olympique\" \/>\n<meta property=\"article:published_time\" content=\"2019-03-30T16:18:46+00:00\" \/>\n<meta property=\"article:modified_time\" content=\"2019-03-31T17:26:14+00:00\" \/>\n<meta property=\"og:image\" content=\"https:\/\/develop.olympic.ca\/olympique\/wp-content\/uploads\/sites\/2\/2019\/03\/megan-oldham.jpg?quality=100\" \/>\n\t<meta property=\"og:image:width\" content=\"1010\" \/>\n\t<meta property=\"og:image:height\" content=\"568\" \/>\n\t<meta property=\"og:image:type\" content=\"image\/jpeg\" \/>\n<meta name=\"author\" content=\"Agnes Wong\" \/>\n<meta name=\"twitter:card\" content=\"summary_large_image\" \/>\n<meta name=\"twitter:label1\" content=\"Written by\" \/>\n\t<meta name=\"twitter:data1\" content=\"Agnes Wong\" \/>\n\t<meta name=\"twitter:label2\" content=\"Est. reading time\" \/>\n\t<meta name=\"twitter:data2\" content=\"1 minute\" \/>\n<script type=\"application\/ld+json\" class=\"yoast-schema-graph\">{\"@context\":\"https:\\\/\\\/schema.org\",\"@graph\":[{\"@type\":\"Article\",\"@id\":\"https:\\\/\\\/develop.olympic.ca\\\/olympique\\\/2019\\\/03\\\/30\\\/lor-en-coupe-du-monde-et-le-globe-de-cristal-deux-premieres-pour-megan-oldham\\\/#article\",\"isPartOf\":{\"@id\":\"https:\\\/\\\/develop.olympic.ca\\\/olympique\\\/2019\\\/03\\\/30\\\/lor-en-coupe-du-monde-et-le-globe-de-cristal-deux-premieres-pour-megan-oldham\\\/\"},\"author\":{\"name\":\"Agnes Wong\",\"@id\":\"https:\\\/\\\/develop.olympic.ca\\\/olympique\\\/#\\\/schema\\\/person\\\/eb50db00e667ce3280e6d9c1db679556\"},\"headline\":\"L&rsquo;or en Coupe du monde et le globe de cristal, deux premi\u00e8res pour Megan Oldham\",\"datePublished\":\"2019-03-30T16:18:46+00:00\",\"dateModified\":\"2019-03-31T17:26:14+00:00\",\"mainEntityOfPage\":{\"@id\":\"https:\\\/\\\/develop.olympic.ca\\\/olympique\\\/2019\\\/03\\\/30\\\/lor-en-coupe-du-monde-et-le-globe-de-cristal-deux-premieres-pour-megan-oldham\\\/\"},\"wordCount\":245,\"image\":{\"@id\":\"https:\\\/\\\/develop.olympic.ca\\\/olympique\\\/2019\\\/03\\\/30\\\/lor-en-coupe-du-monde-et-le-globe-de-cristal-deux-premieres-pour-megan-oldham\\\/#primaryimage\"},\"thumbnailUrl\":\"https:\\\/\\\/develop.olympic.ca\\\/olympique\\\/wp-content\\\/uploads\\\/sites\\\/2\\\/2019\\\/03\\\/megan-oldham.jpg?quality=100\",\"keywords\":[\"Coupe du monde\",\"\u00c9quipe canada\",\"Evan McEachran\",\"globe de cristal\",\"Max Moffat\",\"Megan Oldham\",\"ski\",\"Ski acrobatique\",\"Slopestyle\",\"Teal Harle\"],\"articleSection\":[\"Uncategorized\"],\"inLanguage\":\"fr-FR\"},{\"@type\":\"WebPage\",\"@id\":\"https:\\\/\\\/develop.olympic.ca\\\/olympique\\\/2019\\\/03\\\/30\\\/lor-en-coupe-du-monde-et-le-globe-de-cristal-deux-premieres-pour-megan-oldham\\\/\",\"url\":\"https:\\\/\\\/develop.olympic.ca\\\/olympique\\\/2019\\\/03\\\/30\\\/lor-en-coupe-du-monde-et-le-globe-de-cristal-deux-premieres-pour-megan-oldham\\\/\",\"name\":\"L'or en Coupe du monde et le globe de cristal, deux premi\u00e8res pour Megan Oldham - \u00c9quipe Canada | Site officiel de l&#039;\u00e9quipe olympique\",\"isPartOf\":{\"@id\":\"https:\\\/\\\/develop.olympic.ca\\\/olympique\\\/#website\"},\"primaryImageOfPage\":{\"@id\":\"https:\\\/\\\/develop.olympic.ca\\\/olympique\\\/2019\\\/03\\\/30\\\/lor-en-coupe-du-monde-et-le-globe-de-cristal-deux-premieres-pour-megan-oldham\\\/#primaryimage\"},\"image\":{\"@id\":\"https:\\\/\\\/develop.olympic.ca\\\/olympique\\\/2019\\\/03\\\/30\\\/lor-en-coupe-du-monde-et-le-globe-de-cristal-deux-premieres-pour-megan-oldham\\\/#primaryimage\"},\"thumbnailUrl\":\"https:\\\/\\\/develop.olympic.ca\\\/olympique\\\/wp-content\\\/uploads\\\/sites\\\/2\\\/2019\\\/03\\\/megan-oldham.jpg?quality=100\",\"datePublished\":\"2019-03-30T16:18:46+00:00\",\"dateModified\":\"2019-03-31T17:26:14+00:00\",\"author\":{\"@id\":\"https:\\\/\\\/develop.olympic.ca\\\/olympique\\\/#\\\/schema\\\/person\\\/eb50db00e667ce3280e6d9c1db679556\"},\"inLanguage\":\"fr-FR\",\"potentialAction\":[{\"@type\":\"ReadAction\",\"target\":[\"https:\\\/\\\/develop.olympic.ca\\\/olympique\\\/2019\\\/03\\\/30\\\/lor-en-coupe-du-monde-et-le-globe-de-cristal-deux-premieres-pour-megan-oldham\\\/\"]}]},{\"@type\":\"ImageObject\",\"inLanguage\":\"fr-FR\",\"@id\":\"https:\\\/\\\/develop.olympic.ca\\\/olympique\\\/2019\\\/03\\\/30\\\/lor-en-coupe-du-monde-et-le-globe-de-cristal-deux-premieres-pour-megan-oldham\\\/#primaryimage\",\"url\":\"https:\\\/\\\/develop.olympic.ca\\\/olympique\\\/wp-content\\\/uploads\\\/sites\\\/2\\\/2019\\\/03\\\/megan-oldham.jpg?quality=100\",\"contentUrl\":\"https:\\\/\\\/develop.olympic.ca\\\/olympique\\\/wp-content\\\/uploads\\\/sites\\\/2\\\/2019\\\/03\\\/megan-oldham.jpg?quality=100\",\"width\":1010,\"height\":568},{\"@type\":\"WebSite\",\"@id\":\"https:\\\/\\\/develop.olympic.ca\\\/olympique\\\/#website\",\"url\":\"https:\\\/\\\/develop.olympic.ca\\\/olympique\\\/\",\"name\":\"\u00c9quipe Canada | Site officiel de l&#039;\u00e9quipe olympique\",\"description\":\"Votre source pour l\u2019\u00c9quipe olympique canadienne. Retrouvez les r\u00e9cits, vid\u00e9os et photos des athl\u00e8tes canadiens, sports olympiques, Jeux olympiques de 2020 et bien plus!\",\"potentialAction\":[{\"@type\":\"SearchAction\",\"target\":{\"@type\":\"EntryPoint\",\"urlTemplate\":\"https:\\\/\\\/develop.olympic.ca\\\/olympique\\\/?s={search_term_string}\"},\"query-input\":{\"@type\":\"PropertyValueSpecification\",\"valueRequired\":true,\"valueName\":\"search_term_string\"}}],\"inLanguage\":\"fr-FR\"},{\"@type\":\"Person\",\"@id\":\"https:\\\/\\\/develop.olympic.ca\\\/olympique\\\/#\\\/schema\\\/person\\\/eb50db00e667ce3280e6d9c1db679556\",\"name\":\"Agnes Wong\",\"image\":{\"@type\":\"ImageObject\",\"inLanguage\":\"fr-FR\",\"@id\":\"https:\\\/\\\/secure.gravatar.com\\\/avatar\\\/e7d7f136a4f90694f48412b104be6021acf9073f99752901041ba224143e1678?s=96&d=identicon&r=g2514bca8f4f4be86e3e6ecf41d669835\",\"url\":\"https:\\\/\\\/secure.gravatar.com\\\/avatar\\\/e7d7f136a4f90694f48412b104be6021acf9073f99752901041ba224143e1678?s=96&d=identicon&r=g\",\"contentUrl\":\"https:\\\/\\\/secure.gravatar.com\\\/avatar\\\/e7d7f136a4f90694f48412b104be6021acf9073f99752901041ba224143e1678?s=96&d=identicon&r=g\",\"caption\":\"Agnes Wong\"},\"url\":\"https:\\\/\\\/develop.olympic.ca\\\/olympique\\\/author\\\/wongagness\\\/\"}]}<\/script>\n<!-- \/ Yoast SEO plugin. -->","yoast_head_json":{"title":"L'or en Coupe du monde et le globe de cristal, deux premi\u00e8res pour Megan Oldham - \u00c9quipe Canada | Site officiel de l&#039;\u00e9quipe olympique","robots":{"index":"index","follow":"follow","max-snippet":"max-snippet:-1","max-image-preview":"max-image-preview:large","max-video-preview":"max-video-preview:-1"},"canonical":"https:\/\/develop.olympic.ca\/olympique\/2019\/03\/30\/lor-en-coupe-du-monde-et-le-globe-de-cristal-deux-premieres-pour-megan-oldham\/","og_locale":"fr_FR","og_type":"article","og_title":"L'or en Coupe du monde et le globe de cristal, deux premi\u00e8res pour Megan Oldham - \u00c9quipe Canada | Site officiel de l&#039;\u00e9quipe olympique","og_description":"La Canadienne Megan Oldham avait deux victoires \u00e0 c\u00e9l\u00e9brer, samedi, \u00e0 Silvaplana, en Suisse : elle a remport\u00e9 sa toute...","og_url":"https:\/\/develop.olympic.ca\/olympique\/2019\/03\/30\/lor-en-coupe-du-monde-et-le-globe-de-cristal-deux-premieres-pour-megan-oldham\/","og_site_name":"\u00c9quipe Canada | Site officiel de l&#039;\u00e9quipe olympique","article_published_time":"2019-03-30T16:18:46+00:00","article_modified_time":"2019-03-31T17:26:14+00:00","og_image":[{"width":1010,"height":568,"url":"https:\/\/develop.olympic.ca\/olympique\/wp-content\/uploads\/sites\/2\/2019\/03\/megan-oldham.jpg?quality=100","type":"image\/jpeg"}],"author":"Agnes Wong","twitter_card":"summary_large_image","twitter_misc":{"Written by":"Agnes Wong","Est. reading time":"1 minute"},"schema":{"@context":"https:\/\/schema.org","@graph":[{"@type":"Article","@id":"https:\/\/develop.olympic.ca\/olympique\/2019\/03\/30\/lor-en-coupe-du-monde-et-le-globe-de-cristal-deux-premieres-pour-megan-oldham\/#article","isPartOf":{"@id":"https:\/\/develop.olympic.ca\/olympique\/2019\/03\/30\/lor-en-coupe-du-monde-et-le-globe-de-cristal-deux-premieres-pour-megan-oldham\/"},"author":{"name":"Agnes Wong","@id":"https:\/\/develop.olympic.ca\/olympique\/#\/schema\/person\/eb50db00e667ce3280e6d9c1db679556"},"headline":"L&rsquo;or en Coupe du monde et le globe de cristal, deux premi\u00e8res pour Megan Oldham","datePublished":"2019-03-30T16:18:46+00:00","dateModified":"2019-03-31T17:26:14+00:00","mainEntityOfPage":{"@id":"https:\/\/develop.olympic.ca\/olympique\/2019\/03\/30\/lor-en-coupe-du-monde-et-le-globe-de-cristal-deux-premieres-pour-megan-oldham\/"},"wordCount":245,"image":{"@id":"https:\/\/develop.olympic.ca\/olympique\/2019\/03\/30\/lor-en-coupe-du-monde-et-le-globe-de-cristal-deux-premieres-pour-megan-oldham\/#primaryimage"},"thumbnailUrl":"https:\/\/develop.olympic.ca\/olympique\/wp-content\/uploads\/sites\/2\/2019\/03\/megan-oldham.jpg?quality=100","keywords":["Coupe du monde","\u00c9quipe canada","Evan McEachran","globe de cristal","Max Moffat","Megan Oldham","ski","Ski acrobatique","Slopestyle","Teal Harle"],"articleSection":["Uncategorized"],"inLanguage":"fr-FR"},{"@type":"WebPage","@id":"https:\/\/develop.olympic.ca\/olympique\/2019\/03\/30\/lor-en-coupe-du-monde-et-le-globe-de-cristal-deux-premieres-pour-megan-oldham\/","url":"https:\/\/develop.olympic.ca\/olympique\/2019\/03\/30\/lor-en-coupe-du-monde-et-le-globe-de-cristal-deux-premieres-pour-megan-oldham\/","name":"L'or en Coupe du monde et le globe de cristal, deux premi\u00e8res pour Megan Oldham - \u00c9quipe Canada | Site officiel de l&#039;\u00e9quipe olympique","isPartOf":{"@id":"https:\/\/develop.olympic.ca\/olympique\/#website"},"primaryImageOfPage":{"@id":"https:\/\/develop.olympic.ca\/olympique\/2019\/03\/30\/lor-en-coupe-du-monde-et-le-globe-de-cristal-deux-premieres-pour-megan-oldham\/#primaryimage"},"image":{"@id":"https:\/\/develop.olympic.ca\/olympique\/2019\/03\/30\/lor-en-coupe-du-monde-et-le-globe-de-cristal-deux-premieres-pour-megan-oldham\/#primaryimage"},"thumbnailUrl":"https:\/\/develop.olympic.ca\/olympique\/wp-content\/uploads\/sites\/2\/2019\/03\/megan-oldham.jpg?quality=100","datePublished":"2019-03-30T16:18:46+00:00","dateModified":"2019-03-31T17:26:14+00:00","author":{"@id":"https:\/\/develop.olympic.ca\/olympique\/#\/schema\/person\/eb50db00e667ce3280e6d9c1db679556"},"inLanguage":"fr-FR","potentialAction":[{"@type":"ReadAction","target":["https:\/\/develop.olympic.ca\/olympique\/2019\/03\/30\/lor-en-coupe-du-monde-et-le-globe-de-cristal-deux-premieres-pour-megan-oldham\/"]}]},{"@type":"ImageObject","inLanguage":"fr-FR","@id":"https:\/\/develop.olympic.ca\/olympique\/2019\/03\/30\/lor-en-coupe-du-monde-et-le-globe-de-cristal-deux-premieres-pour-megan-oldham\/#primaryimage","url":"https:\/\/develop.olympic.ca\/olympique\/wp-content\/uploads\/sites\/2\/2019\/03\/megan-oldham.jpg?quality=100","contentUrl":"https:\/\/develop.olympic.ca\/olympique\/wp-content\/uploads\/sites\/2\/2019\/03\/megan-oldham.jpg?quality=100","width":1010,"height":568},{"@type":"WebSite","@id":"https:\/\/develop.olympic.ca\/olympique\/#website","url":"https:\/\/develop.olympic.ca\/olympique\/","name":"\u00c9quipe Canada | Site officiel de l&#039;\u00e9quipe olympique","description":"Votre source pour l\u2019\u00c9quipe olympique canadienne. Retrouvez les r\u00e9cits, vid\u00e9os et photos des athl\u00e8tes canadiens, sports olympiques, Jeux olympiques de 2020 et bien plus!","potentialAction":[{"@type":"SearchAction","target":{"@type":"EntryPoint","urlTemplate":"https:\/\/develop.olympic.ca\/olympique\/?s={search_term_string}"},"query-input":{"@type":"PropertyValueSpecification","valueRequired":true,"valueName":"search_term_string"}}],"inLanguage":"fr-FR"},{"@type":"Person","@id":"https:\/\/develop.olympic.ca\/olympique\/#\/schema\/person\/eb50db00e667ce3280e6d9c1db679556","name":"Agnes Wong","image":{"@type":"ImageObject","inLanguage":"fr-FR","@id":"https:\/\/secure.gravatar.com\/avatar\/e7d7f136a4f90694f48412b104be6021acf9073f99752901041ba224143e1678?s=96&d=identicon&r=g2514bca8f4f4be86e3e6ecf41d669835","url":"https:\/\/secure.gravatar.com\/avatar\/e7d7f136a4f90694f48412b104be6021acf9073f99752901041ba224143e1678?s=96&d=identicon&r=g","contentUrl":"https:\/\/secure.gravatar.com\/avatar\/e7d7f136a4f90694f48412b104be6021acf9073f99752901041ba224143e1678?s=96&d=identicon&r=g","caption":"Agnes Wong"},"url":"https:\/\/develop.olympic.ca\/olympique\/author\/wongagness\/"}]}},"jetpack_featured_media_url":"https:\/\/develop.olympic.ca\/olympique\/wp-content\/uploads\/sites\/2\/2019\/03\/megan-oldham.jpg?quality=100","featured_image_url":"https:\/\/develop.olympic.ca\/olympique\/wp-content\/uploads\/sites\/2\/2019\/03\/megan-oldham.jpg?quality=100","author_name":["Agnes Wong"],"category_names":["Uncategorized"],"tag_names":["Coupe du monde","\u00c9quipe canada","Evan McEachran","globe de cristal","Max Moffat","Megan Oldham","ski","Ski acrobatique","Slopestyle","Teal Harle"],"video_embed_code":"","facebook_video_embed_code":"","jetpack_sharing_enabled":true,"jetpack-related-posts":[],"jetpack_shortlink":"https:\/\/wp.me\/pbmyEP-DdH","_links":{"self":[{"href":"https:\/\/develop.olympic.ca\/olympique\/wp-json\/wp\/v2\/posts\/150765","targetHints":{"allow":["GET"]}}],"collection":[{"href":"https:\/\/develop.olympic.ca\/olympique\/wp-json\/wp\/v2\/posts"}],"about":[{"href":"https:\/\/develop.olympic.ca\/olympique\/wp-json\/wp\/v2\/types\/post"}],"author":[{"embeddable":true,"href":"https:\/\/develop.olympic.ca\/olympique\/wp-json\/wp\/v2\/users\/27808323"}],"replies":[{"embeddable":true,"href":"https:\/\/develop.olympic.ca\/olympique\/wp-json\/wp\/v2\/comments?post=150765"}],"version-history":[{"count":1,"href":"https:\/\/develop.olympic.ca\/olympique\/wp-json\/wp\/v2\/posts\/150765\/revisions"}],"predecessor-version":[{"id":150767,"href":"https:\/\/develop.olympic.ca\/olympique\/wp-json\/wp\/v2\/posts\/150765\/revisions\/150767"}],"wp:featuredmedia":[{"embeddable":true,"href":"https:\/\/develop.olympic.ca\/olympique\/wp-json\/wp\/v2\/media\/150769"}],"wp:attachment":[{"href":"https:\/\/develop.olympic.ca\/olympique\/wp-json\/wp\/v2\/media?parent=150765"}],"wp:term":[{"taxonomy":"category","embeddable":true,"href":"https:\/\/develop.olympic.ca\/olympique\/wp-json\/wp\/v2\/categories?post=150765"},{"taxonomy":"post_tag","embeddable":true,"href":"https:\/\/develop.olympic.ca\/olympique\/wp-json\/wp\/v2\/tags?post=150765"},{"taxonomy":"post_format","embeddable":true,"href":"https:\/\/develop.olympic.ca\/olympique\/wp-json\/wp\/v2\/post_format?post=150765"},{"taxonomy":"sport","embeddable":true,"href":"https:\/\/develop.olympic.ca\/olympique\/wp-json\/wp\/v2\/sport?post=150765"},{"taxonomy":"game","embeddable":true,"href":"https:\/\/develop.olympic.ca\/olympique\/wp-json\/wp\/v2\/game?post=150765"},{"taxonomy":"author","embeddable":true,"href":"https:\/\/develop.olympic.ca\/olympique\/wp-json\/wp\/v2\/coauthors?post=150765"}],"curies":[{"name":"wp","href":"https:\/\/api.w.org\/{rel}","templated":true}]}}