{"id":151604,"date":"2019-05-25T10:13:29","date_gmt":"2019-05-25T14:13:29","guid":{"rendered":"http:\/\/develop.olympic.ca\/olympique\/?p=151604"},"modified":"2019-05-27T09:21:10","modified_gmt":"2019-05-27T13:21:10","slug":"felix-auger-aliassime-sincline-en-finale-a-lyon","status":"publish","type":"post","link":"https:\/\/develop.olympic.ca\/olympique\/2019\/05\/25\/felix-auger-aliassime-sincline-en-finale-a-lyon\/","title":{"rendered":"F\u00e9lix Auger-Aliassime s&rsquo;incline en finale \u00e0 Lyon"},"content":{"rendered":"<h2 class=\"lead\">Pourtant favori en finale du tournoi de Lyon, F\u00e9lix Auger-Aliassime a laiss\u00e9 filer le titre au Fran\u00e7ais Beno\u00eet Paire, qui a remport\u00e9 le match 6-4, 6-3.<\/h2>\n<p>Les tribunes \u00e9taient pleines \u00e0 craquer autour de la terre battue centrale de l&rsquo;Open Parc Auvergne-Rh\u00f4ne-Alpes pour assister \u00e0 cette finale. Sur papier, le Canadien avait l&rsquo;avantage : il \u00e9tait class\u00e9 4e t\u00eate de s\u00e9rie et 28e joueur mondial, en plus d&rsquo;\u00eatre dans une ascension vertigineuse depuis le d\u00e9but de l&rsquo;ann\u00e9e, alors que Beno\u00eet Paire occupe le 51e rang, malgr\u00e9 une belle constance dans les derniers mois. C&rsquo;est finalement l&rsquo;exp\u00e9rience qui a eu le dessus dans cet affrontement.<\/p>\n<div class=\"embed-twitter\">\n<blockquote class=\"twitter-tweet\" data-width=\"550\" data-dnt=\"true\">\n<p lang=\"en\" dir=\"ltr\">Super hands, <a href=\"https:\/\/twitter.com\/felixtennis?ref_src=twsrc%5Etfw\">@felixtennis<\/a> \ud83d\udc4f<\/p>\n<p>Plus a cheeky smile to celebrate \ud83d\ude05 \ud83e\udd23<\/p>\n<p>\ud83c\udfa5: <a href=\"https:\/\/twitter.com\/TennisTV?ref_src=twsrc%5Etfw\">@TennisTV<\/a> | <a href=\"https:\/\/twitter.com\/hashtag\/OpenParc?src=hash&amp;ref_src=twsrc%5Etfw\">#OpenParc<\/a> <a href=\"https:\/\/t.co\/oHWQv6mozk\">pic.twitter.com\/oHWQv6mozk<\/a><\/p>\n<p>&mdash; ATP Tour (@ATP_Tour) <a href=\"https:\/\/twitter.com\/ATP_Tour\/status\/1132284268049326080?ref_src=twsrc%5Etfw\">May 25, 2019<\/a><\/p><\/blockquote>\n<p><script async src=\"https:\/\/platform.twitter.com\/widgets.js\" charset=\"utf-8\"><\/script><\/div>\n<p>C&rsquo;\u00e9tait la deuxi\u00e8me finale d&rsquo;un tournoi de l&rsquo;ATP pour Auger-Aliassime, apr\u00e8s celle de Rio.<\/p>\n<p>Depuis qu&rsquo;il a atteint la finale du tournoi, on sait que F\u00e9lix Auger-Aliassime d\u00e9passera son compatriote et ami Denis Shapovalov au classement de l&rsquo;ATP. Il se rendra donc sur les courts de Roland-Garros, lundi, en tant que 22e joueur mondial et deuxi\u00e8me joueur canadien, derri\u00e8re Milos Raonic (actuellement 17e).<\/p>\n<div class=\"embed-twitter\">\n<blockquote class=\"twitter-tweet\" data-width=\"550\" data-dnt=\"true\">\n<p lang=\"en\" dir=\"ltr\">&#8211; First ATP Final (Rio de Janeiro) <br \/>&#8211; First ATP Masters 1000 SF (Miami)<br \/>&#8211; Rises to career-high ranking of No. 22<\/p>\n<p>What a year <a href=\"https:\/\/twitter.com\/felixtennis?ref_src=twsrc%5Etfw\">@felixtennis<\/a> is having \ud83d\ude4c <a href=\"https:\/\/t.co\/0Nt6a37p04\">pic.twitter.com\/0Nt6a37p04<\/a><\/p>\n<p>&mdash; Tennis TV (@TennisTV) <a href=\"https:\/\/twitter.com\/TennisTV\/status\/1132288013533372421?ref_src=twsrc%5Etfw\">May 25, 2019<\/a><\/p><\/blockquote>\n<p><script async src=\"https:\/\/platform.twitter.com\/widgets.js\" charset=\"utf-8\"><\/script><\/div>\n","protected":false},"excerpt":{"rendered":"<p>Pourtant favori en finale du tournoi de Lyon, F\u00e9lix Auger-Aliassime a laiss\u00e9 filer le titre au Fran\u00e7ais Beno\u00eet Paire, qui&#8230;<\/p>\n","protected":false},"author":132655687,"featured_media":151605,"comment_status":"closed","ping_status":"closed","sticky":false,"template":"","format":"standard","meta":{"_acf_changed":false,"_jetpack_newsletter_access":"","_jetpack_dont_email_post_to_subs":false,"_jetpack_newsletter_tier_id":0,"_jetpack_memberships_contains_paywalled_content":false,"_jetpack_memberships_contains_paid_content":false,"footnotes":"","jetpack_post_was_ever_published":false},"categories":[1],"tags":[99022,415988675,257385573,415988674,7422531,415984868],"post_format":"standard","sport":[1999],"game":[],"coauthors":[415985478],"class_list":["post-151604","post","type-post","status-publish","format-standard","has-post-thumbnail","hentry","category-uncategorized","tag-atp","tag-benoit-paire","tag-felix-auger-aliassime","tag-lyon","tag-tennis-2","tag-tournoi-de-lyon","sport-tennis"],"acf":[],"featured_image_url":"https:\/\/develop.olympic.ca\/olympique\/wp-content\/uploads\/sites\/2\/2019\/05\/felix-auger-aliassime-tennis-equipe-canada.jpg?quality=100","author_name":["Camille Laventure"],"category_names":["Uncategorized"],"tag_names":["ATP","Beno\u00eet Paire","F\u00e9lix Auger-Aliassime","Lyon","tennis","Tournoi de Lyon"],"video_embed_code":"","facebook_video_embed_code":"","jetpack_sharing_enabled":true,"jetpack-related-posts":[],"jetpack_shortlink":"https:\/\/wp.me\/pbmyEP-Dre","jetpack_featured_media_url":"https:\/\/develop.olympic.ca\/olympique\/wp-content\/uploads\/sites\/2\/2019\/05\/felix-auger-aliassime-tennis-equipe-canada.jpg?quality=100","_links":{"self":[{"href":"https:\/\/develop.olympic.ca\/olympique\/wp-json\/wp\/v2\/posts\/151604","targetHints":{"allow":["GET"]}}],"collection":[{"href":"https:\/\/develop.olympic.ca\/olympique\/wp-json\/wp\/v2\/posts"}],"about":[{"href":"https:\/\/develop.olympic.ca\/olympique\/wp-json\/wp\/v2\/types\/post"}],"author":[{"embeddable":true,"href":"https:\/\/develop.olympic.ca\/olympique\/wp-json\/wp\/v2\/users\/132655687"}],"replies":[{"embeddable":true,"href":"https:\/\/develop.olympic.ca\/olympique\/wp-json\/wp\/v2\/comments?post=151604"}],"version-history":[{"count":3,"href":"https:\/\/develop.olympic.ca\/olympique\/wp-json\/wp\/v2\/posts\/151604\/revisions"}],"predecessor-version":[{"id":151608,"href":"https:\/\/develop.olympic.ca\/olympique\/wp-json\/wp\/v2\/posts\/151604\/revisions\/151608"}],"wp:featuredmedia":[{"embeddable":true,"href":"https:\/\/develop.olympic.ca\/olympique\/wp-json\/wp\/v2\/media\/151605"}],"wp:attachment":[{"href":"https:\/\/develop.olympic.ca\/olympique\/wp-json\/wp\/v2\/media?parent=151604"}],"wp:term":[{"taxonomy":"category","embeddable":true,"href":"https:\/\/develop.olympic.ca\/olympique\/wp-json\/wp\/v2\/categories?post=151604"},{"taxonomy":"post_tag","embeddable":true,"href":"https:\/\/develop.olympic.ca\/olympique\/wp-json\/wp\/v2\/tags?post=151604"},{"taxonomy":"post_format","embeddable":true,"href":"https:\/\/develop.olympic.ca\/olympique\/wp-json\/wp\/v2\/post_format?post=151604"},{"taxonomy":"sport","embeddable":true,"href":"https:\/\/develop.olympic.ca\/olympique\/wp-json\/wp\/v2\/sport?post=151604"},{"taxonomy":"game","embeddable":true,"href":"https:\/\/develop.olympic.ca\/olympique\/wp-json\/wp\/v2\/game?post=151604"},{"taxonomy":"author","embeddable":true,"href":"https:\/\/develop.olympic.ca\/olympique\/wp-json\/wp\/v2\/coauthors?post=151604"}],"curies":[{"name":"wp","href":"https:\/\/api.w.org\/{rel}","templated":true}]}}