{"id":166366,"date":"2021-01-16T10:38:40","date_gmt":"2021-01-16T15:38:40","guid":{"rendered":"https:\/\/develop.olympic.ca\/olympique\/?p=166366"},"modified":"2021-01-18T09:35:59","modified_gmt":"2021-01-18T14:35:59","slug":"le-canada-sur-le-podium-en-bobsleigh-a-deux","status":"publish","type":"post","link":"https:\/\/develop.olympic.ca\/olympique\/2021\/01\/16\/le-canada-sur-le-podium-en-bobsleigh-a-deux\/","title":{"rendered":"Le Canada sur le podium en bobsleigh \u00e0 deux"},"content":{"rendered":"<h2 class=\"lead\">Le duo compos\u00e9 de <a href=\"https:\/\/develop.olympic.ca\/olympique\/team-canada\/justin-kripps-2\/\">Justin Kripps<\/a> et <a href=\"https:\/\/develop.olympic.ca\/olympique\/team-canada\/cam-stones\/\">Cam Stones<\/a> a remport\u00e9 la m\u00e9daille de bronze en bob \u00e0 deux lors de l&rsquo;\u00e9tape de la Coupe du Monde disput\u00e9e \u00e0 St-Moritz, en Suisse.<\/h2>\n<p class=\"p1\">Les deux Canadiens ont m\u00e9rit\u00e9 cette place sur le podium gr\u00e2ce \u00e0 un chrono total de 2 minutes 12,84 secondes, devan\u00e7ant de seulement 5 centi\u00e8mes la quatri\u00e8me place.<span class=\"Apple-converted-space\">\u00a0<\/span><\/p>\n<p class=\"p1\">Kripps et Stones se retrouvait au 3e rang apr\u00e8s la premi\u00e8re manche et ont maintenu cette position de justesse avec un temps de 1 minute 6,18 secondes lors de leur deuxi\u00e8me descente (5e).<span class=\"Apple-converted-space\">\u00a0<\/span><\/p>\n<blockquote class=\"twitter-tweet\" data-width=\"550\" data-dnt=\"true\">\n<p lang=\"en\" dir=\"ltr\">VIDEO | Canada&#39;s <a href=\"https:\/\/twitter.com\/justinkripps?ref_src=twsrc%5Etfw\">@justinkripps<\/a> and <a href=\"https:\/\/twitter.com\/CamStones?ref_src=twsrc%5Etfw\">@CamStones<\/a> win World Cup BRONZE at the legendary St. Moritz course in Switzerland \ud83c\udde8\ud83c\udde6\ud83e\udd49 <a href=\"https:\/\/t.co\/TT6mjC1rP4\">https:\/\/t.co\/TT6mjC1rP4<\/a><\/p>\n<p>&mdash; CBC Olympics (@CBCOlympics) <a href=\"https:\/\/twitter.com\/CBCOlympics\/status\/1350419795884331009?ref_src=twsrc%5Etfw\">January 16, 2021<\/a><\/p><\/blockquote>\n<p><script async src=\"https:\/\/platform.twitter.com\/widgets.js\" charset=\"utf-8\"><\/script><\/p>\n<p class=\"p1\">Deux \u00e9quipages allemands se sont empar\u00e9 des m\u00e9dailles d&rsquo;or et d&rsquo;argent.<\/p>\n<p class=\"p1\">Aussi en action samedi, les Canadiens Christopher Spring et Evelyn Mike ont obtenu le 11e rang.<span class=\"Apple-converted-space\">\u00a0<\/span><\/p>\n<p><strong>\u00c0 LIRE : <\/strong><a href=\"https:\/\/develop.olympic.ca\/olympique\/2021\/01\/10\/premiere-medaille-de-la-saison-pour-equipe-kripps-en-bob-a-quatre\/\">\u00a0Premi\u00e8re m\u00e9daille de la saison pour \u00e9quipe Kripps en bob \u00e0 quatre<\/a><\/p>\n<p>La saison de Coupe du Monde de bobsleigh se termine le 31 janvier 2021 avant les Championnats du monde pr\u00e9vus en Allemagne du 1er au 14 f\u00e9vrier.<span class=\"Apple-converted-space\">\u00a0<\/span><\/p>\n","protected":false},"excerpt":{"rendered":"<p>Le duo compos\u00e9 de Justin Kripps et Cam Stones a remport\u00e9 la m\u00e9daille de bronze en bob \u00e0 deux lors&#8230;<\/p>\n","protected":false},"author":184248248,"featured_media":166373,"comment_status":"closed","ping_status":"closed","sticky":false,"template":"","format":"standard","meta":{"_acf_changed":false,"_jetpack_newsletter_access":"","_jetpack_dont_email_post_to_subs":false,"_jetpack_newsletter_tier_id":0,"_jetpack_memberships_contains_paywalled_content":false,"_jetpack_memberships_contains_paid_content":false,"footnotes":"","jetpack_post_was_ever_published":false},"categories":[16085,1],"tags":[77747,49208064,682164081,178042,415986112,2443,57236,4328,77511417,415983879,2313512,65403],"post_format":"standard","sport":[41495],"game":[],"coauthors":[682163615],"class_list":["post-166366","post","type-post","status-publish","format-standard","has-post-thumbnail","hentry","category-nouvelles","category-uncategorized","tag-allemagne","tag-bobsleigh-2","tag-bobsleigh-a-deux","tag-bronze","tag-cam-stone","tag-canada","tag-coupe-du-monde","tag-europe","tag-justin-kripps","tag-podium","tag-st-moritz","tag-suisse","sport-bobsleigh"],"acf":[],"featured_image_url":"https:\/\/develop.olympic.ca\/olympique\/wp-content\/uploads\/sites\/2\/2021\/01\/Er3TuY4XcAEktsP.jpeg?quality=100","author_name":["Maxime Bernier"],"category_names":["Nouvelles","Uncategorized"],"tag_names":["Allemagne","bobsleigh","Bobsleigh \u00e0 deux","bronze","cam stone","Canada","Coupe du monde","Europe","Justin Kripps","Podium","St. Moritz","Suisse"],"video_embed_code":"","facebook_video_embed_code":"","jetpack_sharing_enabled":true,"jetpack-related-posts":[],"jetpack_shortlink":"https:\/\/wp.me\/pbmyEP-Hhk","jetpack_featured_media_url":"https:\/\/develop.olympic.ca\/olympique\/wp-content\/uploads\/sites\/2\/2021\/01\/Er3TuY4XcAEktsP.jpeg?quality=100","_links":{"self":[{"href":"https:\/\/develop.olympic.ca\/olympique\/wp-json\/wp\/v2\/posts\/166366","targetHints":{"allow":["GET"]}}],"collection":[{"href":"https:\/\/develop.olympic.ca\/olympique\/wp-json\/wp\/v2\/posts"}],"about":[{"href":"https:\/\/develop.olympic.ca\/olympique\/wp-json\/wp\/v2\/types\/post"}],"author":[{"embeddable":true,"href":"https:\/\/develop.olympic.ca\/olympique\/wp-json\/wp\/v2\/users\/184248248"}],"replies":[{"embeddable":true,"href":"https:\/\/develop.olympic.ca\/olympique\/wp-json\/wp\/v2\/comments?post=166366"}],"version-history":[{"count":6,"href":"https:\/\/develop.olympic.ca\/olympique\/wp-json\/wp\/v2\/posts\/166366\/revisions"}],"predecessor-version":[{"id":166500,"href":"https:\/\/develop.olympic.ca\/olympique\/wp-json\/wp\/v2\/posts\/166366\/revisions\/166500"}],"wp:featuredmedia":[{"embeddable":true,"href":"https:\/\/develop.olympic.ca\/olympique\/wp-json\/wp\/v2\/media\/166373"}],"wp:attachment":[{"href":"https:\/\/develop.olympic.ca\/olympique\/wp-json\/wp\/v2\/media?parent=166366"}],"wp:term":[{"taxonomy":"category","embeddable":true,"href":"https:\/\/develop.olympic.ca\/olympique\/wp-json\/wp\/v2\/categories?post=166366"},{"taxonomy":"post_tag","embeddable":true,"href":"https:\/\/develop.olympic.ca\/olympique\/wp-json\/wp\/v2\/tags?post=166366"},{"taxonomy":"post_format","embeddable":true,"href":"https:\/\/develop.olympic.ca\/olympique\/wp-json\/wp\/v2\/post_format?post=166366"},{"taxonomy":"sport","embeddable":true,"href":"https:\/\/develop.olympic.ca\/olympique\/wp-json\/wp\/v2\/sport?post=166366"},{"taxonomy":"game","embeddable":true,"href":"https:\/\/develop.olympic.ca\/olympique\/wp-json\/wp\/v2\/game?post=166366"},{"taxonomy":"author","embeddable":true,"href":"https:\/\/develop.olympic.ca\/olympique\/wp-json\/wp\/v2\/coauthors?post=166366"}],"curies":[{"name":"wp","href":"https:\/\/api.w.org\/{rel}","templated":true}]}}