{"id":1809,"date":"2009-03-11T11:17:07","date_gmt":"2009-03-11T15:17:07","guid":{"rendered":"http:\/\/develop.olympic.ca\/?p=1809"},"modified":"2013-08-01T01:07:28","modified_gmt":"2013-08-01T01:07:28","slug":"presentation-du-conseil-dadministration-de-toronto-2015","status":"publish","type":"post","link":"https:\/\/develop.olympic.ca\/olympique\/2009\/03\/11\/presentation-du-conseil-dadministration-de-toronto-2015\/","title":{"rendered":"Pr\u00e9sentation du conseil d\u2019administration de Toronto 2015"},"content":{"rendered":"<p>L\u2019honorable David Peterson, pr\u00e9sident de la candidature de Toronto pour les Jeux panam\u00e9ricains de 2015, a annonc\u00e9 aujourd\u2019hui la liste des membres du Conseil d\u2019administration de Toronto 2015.<\/p>\n<p>\u00ab C\u2019est un conseil dont les membres sont hautement qualifi\u00e9s et qui contribuera \u00e0 renforcer notre candidature \u00bb, a d\u00e9clar\u00e9 Peterson.<\/p>\n<p>En plus de Peterson, le Conseil compte les membres suivants :<\/p>\n<p>\u2022 David Braley \u2013 Pr\u00e9sident, Orlick Industries (Hamilton)<\/p>\n<p>\u2022 Michael Chambers \u2013 Pr\u00e9sident, Comit\u00e9 olympique canadien<\/p>\n<p>\u2022 Charmaine Crooks \u2013 Pr\u00e9sidente, NGU Consultants; athl\u00e8te olympique et athl\u00e8te des Jeux panam\u00e9ricains<\/p>\n<p>\u2022 Alvin Curling \u2013 Ancien ambassadeur en R\u00e9publique dominicaine; ancien pr\u00e9sident de l\u2019Assembl\u00e9e l\u00e9gislative de l\u2019Ontario; copr\u00e9sident, Examen des causes de la violence chez les jeunes<\/p>\n<p>\u2022 Ivan X. de Souza \u2013 Pr\u00e9sident et chef de la direction, Investcan Inc.; Pr\u00e9sident et chef de la direction du Bal br\u00e9silien<\/p>\n<p>\u2022 Marcio Froes \u2013 Pr\u00e9sident, Brasseries Labatt du Canada<\/p>\n<p>\u2022 Joe Halstead \u2013 Dirigeant communautaire; pr\u00e9sident, Festival Caribana<\/p>\n<p>\u2022 Debbie Low \u2013 Repr\u00e9sentante du Comit\u00e9 olympique canadien; pr\u00e9sidente et chef de la direction, Centre canadien de sport, Ontario<\/p>\n<p>\u2022 Cynthia Morton \u2013 Sous-ministre, Minist\u00e8re de la Promotion de la sant\u00e9 de l\u2019Ontario<\/p>\n<p>\u2022 Alexandra Orlando \u2013 Gymnaste rythmique, Jeux olympiques et Jeux panam\u00e9ricains<\/p>\n<p>\u2022 Gordon Peterson \u2013 Avocat, Carlyle Peterson Lawyers LLP et membre du Comit\u00e9 ex\u00e9cutif du Comit\u00e9 olympique canadien<\/p>\n<p>\u2022 Jagoda Pike \u2013 Pr\u00e9sidente et directrice de l\u2019exploitation, Toronto 2015<\/p>\n<p>\u2022 Chris Rudge \u2013 Chef de la direction et secr\u00e9taire g\u00e9n\u00e9ral, Comit\u00e9 olympique canadien<\/p>\n<p>\u2022 Victoria Winter \u2013 Avocate, Beard Winter LLP; m\u00e9daill\u00e9e des Jeux panam\u00e9ricains<\/p>\n<p>\u2022 Andrew Wright \u2013 Vice-pr\u00e9sident ex\u00e9cutif et directeur g\u00e9n\u00e9ral, CB Richard Ellis<\/p>\n<p>Le Conseil est tr\u00e8s repr\u00e9sentatif des communaut\u00e9s sportives et culturelles ainsi que du monde des affaires de l\u2019Ontario et du Canada.<\/p>\n<p>Les Jeux panam\u00e9ricains constituent un \u00e9v\u00e9nement international multisport d\u2019envergure qui a lieu tous les quatre ans pour les athl\u00e8tes des 42 pays membres de l&rsquo;Organisation sportive panam\u00e9ricaine. Les Jeux panam\u00e9ricains comprennent tous les sports inscrits au programme des Jeux olympiques d&rsquo;\u00e9t\u00e9 ainsi que d&rsquo;autres disciplines non olympiques et servent de qualification olympique pour plusieurs sports. La derni\u00e8re \u00e9dition des Jeux s\u2019est tenue \u00e0 Rio de Janeiro, au Br\u00e9sil, en juillet 2007 et la prochaine est pr\u00e9vue pour octobre 2011 \u00e0 Guadalajara, au Mexique.<\/p>\n","protected":false},"excerpt":{"rendered":"<p>L\u2019honorable David Peterson, pr\u00e9sident de la candidature de Toronto pour les Jeux panam\u00e9ricains de 2015, a annonc\u00e9 aujourd\u2019hui la liste&#8230;<\/p>\n","protected":false},"author":47562643,"featured_media":0,"comment_status":"open","ping_status":"open","sticky":false,"template":"","format":"standard","meta":{"_acf_changed":false,"_crdt_document":"","_jetpack_memberships_contains_paid_content":false,"footnotes":""},"categories":[707890],"tags":[],"post_format":"standard","sport":[],"game":[],"coauthors":[186127234],"class_list":["post-1809","post","type-post","status-publish","format-standard","hentry","category-comite"],"acf":[],"yoast_head":"<!-- This site is optimized with the Yoast SEO plugin v27.3 - https:\/\/yoast.com\/product\/yoast-seo-wordpress\/ -->\n<title>Pr\u00e9sentation du conseil d\u2019administration de Toronto 2015 - \u00c9quipe Canada | Site officiel de l&#039;\u00e9quipe olympique<\/title>\n<meta name=\"robots\" content=\"index, follow, max-snippet:-1, max-image-preview:large, max-video-preview:-1\" \/>\n<link rel=\"canonical\" href=\"https:\/\/develop.olympic.ca\/olympique\/2009\/03\/11\/presentation-du-conseil-dadministration-de-toronto-2015\/\" \/>\n<meta property=\"og:locale\" content=\"fr_FR\" \/>\n<meta property=\"og:type\" content=\"article\" \/>\n<meta property=\"og:title\" content=\"Pr\u00e9sentation du conseil d\u2019administration de Toronto 2015 - \u00c9quipe Canada | Site officiel de l&#039;\u00e9quipe olympique\" \/>\n<meta property=\"og:description\" content=\"L\u2019honorable David Peterson, pr\u00e9sident de la candidature de Toronto pour les Jeux panam\u00e9ricains de 2015, a annonc\u00e9 aujourd\u2019hui la liste...\" \/>\n<meta property=\"og:url\" content=\"https:\/\/develop.olympic.ca\/olympique\/2009\/03\/11\/presentation-du-conseil-dadministration-de-toronto-2015\/\" \/>\n<meta property=\"og:site_name\" content=\"\u00c9quipe Canada | Site officiel de l&#039;\u00e9quipe olympique\" \/>\n<meta property=\"article:published_time\" content=\"2009-03-11T15:17:07+00:00\" \/>\n<meta property=\"article:modified_time\" content=\"2013-08-01T01:07:28+00:00\" \/>\n<meta name=\"author\" content=\"Comit\u00e9 olympique canadien\" \/>\n<meta name=\"twitter:card\" content=\"summary_large_image\" \/>\n<meta name=\"twitter:label1\" content=\"Written by\" \/>\n\t<meta name=\"twitter:data1\" content=\"Comit\u00e9 olympique canadien\" \/>\n\t<meta name=\"twitter:label2\" content=\"Est. reading time\" \/>\n\t<meta name=\"twitter:data2\" content=\"2 minutes\" \/>\n<script type=\"application\/ld+json\" class=\"yoast-schema-graph\">{\"@context\":\"https:\\\/\\\/schema.org\",\"@graph\":[{\"@type\":\"Article\",\"@id\":\"https:\\\/\\\/develop.olympic.ca\\\/olympique\\\/2009\\\/03\\\/11\\\/presentation-du-conseil-dadministration-de-toronto-2015\\\/#article\",\"isPartOf\":{\"@id\":\"https:\\\/\\\/develop.olympic.ca\\\/olympique\\\/2009\\\/03\\\/11\\\/presentation-du-conseil-dadministration-de-toronto-2015\\\/\"},\"author\":{\"name\":\"cdnolympicteam\",\"@id\":\"https:\\\/\\\/develop.olympic.ca\\\/olympique\\\/#\\\/schema\\\/person\\\/b88ab0bea250d933632a93e669b06e95\"},\"headline\":\"Pr\u00e9sentation du conseil d\u2019administration de Toronto 2015\",\"datePublished\":\"2009-03-11T15:17:07+00:00\",\"dateModified\":\"2013-08-01T01:07:28+00:00\",\"mainEntityOfPage\":{\"@id\":\"https:\\\/\\\/develop.olympic.ca\\\/olympique\\\/2009\\\/03\\\/11\\\/presentation-du-conseil-dadministration-de-toronto-2015\\\/\"},\"wordCount\":400,\"commentCount\":0,\"articleSection\":[\"Derni\u00e8res nouvelles\"],\"inLanguage\":\"fr-FR\",\"potentialAction\":[{\"@type\":\"CommentAction\",\"name\":\"Comment\",\"target\":[\"https:\\\/\\\/develop.olympic.ca\\\/olympique\\\/2009\\\/03\\\/11\\\/presentation-du-conseil-dadministration-de-toronto-2015\\\/#respond\"]}]},{\"@type\":\"WebPage\",\"@id\":\"https:\\\/\\\/develop.olympic.ca\\\/olympique\\\/2009\\\/03\\\/11\\\/presentation-du-conseil-dadministration-de-toronto-2015\\\/\",\"url\":\"https:\\\/\\\/develop.olympic.ca\\\/olympique\\\/2009\\\/03\\\/11\\\/presentation-du-conseil-dadministration-de-toronto-2015\\\/\",\"name\":\"Pr\u00e9sentation du conseil d\u2019administration de Toronto 2015 - \u00c9quipe Canada | Site officiel de l&#039;\u00e9quipe olympique\",\"isPartOf\":{\"@id\":\"https:\\\/\\\/develop.olympic.ca\\\/olympique\\\/#website\"},\"datePublished\":\"2009-03-11T15:17:07+00:00\",\"dateModified\":\"2013-08-01T01:07:28+00:00\",\"author\":{\"@id\":\"https:\\\/\\\/develop.olympic.ca\\\/olympique\\\/#\\\/schema\\\/person\\\/b88ab0bea250d933632a93e669b06e95\"},\"inLanguage\":\"fr-FR\",\"potentialAction\":[{\"@type\":\"ReadAction\",\"target\":[\"https:\\\/\\\/develop.olympic.ca\\\/olympique\\\/2009\\\/03\\\/11\\\/presentation-du-conseil-dadministration-de-toronto-2015\\\/\"]}]},{\"@type\":\"WebSite\",\"@id\":\"https:\\\/\\\/develop.olympic.ca\\\/olympique\\\/#website\",\"url\":\"https:\\\/\\\/develop.olympic.ca\\\/olympique\\\/\",\"name\":\"\u00c9quipe Canada | Site officiel de l&#039;\u00e9quipe olympique\",\"description\":\"Votre source pour l\u2019\u00c9quipe olympique canadienne. Retrouvez les r\u00e9cits, vid\u00e9os et photos des athl\u00e8tes canadiens, sports olympiques, Jeux olympiques de 2020 et bien plus!\",\"potentialAction\":[{\"@type\":\"SearchAction\",\"target\":{\"@type\":\"EntryPoint\",\"urlTemplate\":\"https:\\\/\\\/develop.olympic.ca\\\/olympique\\\/?s={search_term_string}\"},\"query-input\":{\"@type\":\"PropertyValueSpecification\",\"valueRequired\":true,\"valueName\":\"search_term_string\"}}],\"inLanguage\":\"fr-FR\"},{\"@type\":\"Person\",\"@id\":\"https:\\\/\\\/develop.olympic.ca\\\/olympique\\\/#\\\/schema\\\/person\\\/b88ab0bea250d933632a93e669b06e95\",\"name\":\"cdnolympicteam\",\"image\":{\"@type\":\"ImageObject\",\"inLanguage\":\"fr-FR\",\"@id\":\"https:\\\/\\\/secure.gravatar.com\\\/avatar\\\/5ebf1554473077ab88cd1ec3372750991c09302ef58500182e331751d1f3473b?s=96&d=identicon&r=g7289394c1202ef020fcd9aad965e50f7\",\"url\":\"https:\\\/\\\/secure.gravatar.com\\\/avatar\\\/5ebf1554473077ab88cd1ec3372750991c09302ef58500182e331751d1f3473b?s=96&d=identicon&r=g\",\"contentUrl\":\"https:\\\/\\\/secure.gravatar.com\\\/avatar\\\/5ebf1554473077ab88cd1ec3372750991c09302ef58500182e331751d1f3473b?s=96&d=identicon&r=g\",\"caption\":\"cdnolympicteam\"},\"url\":\"https:\\\/\\\/develop.olympic.ca\\\/olympique\\\/author\\\/cdnolympicteam\\\/\"}]}<\/script>\n<!-- \/ Yoast SEO plugin. -->","yoast_head_json":{"title":"Pr\u00e9sentation du conseil d\u2019administration de Toronto 2015 - \u00c9quipe Canada | Site officiel de l&#039;\u00e9quipe olympique","robots":{"index":"index","follow":"follow","max-snippet":"max-snippet:-1","max-image-preview":"max-image-preview:large","max-video-preview":"max-video-preview:-1"},"canonical":"https:\/\/develop.olympic.ca\/olympique\/2009\/03\/11\/presentation-du-conseil-dadministration-de-toronto-2015\/","og_locale":"fr_FR","og_type":"article","og_title":"Pr\u00e9sentation du conseil d\u2019administration de Toronto 2015 - \u00c9quipe Canada | Site officiel de l&#039;\u00e9quipe olympique","og_description":"L\u2019honorable David Peterson, pr\u00e9sident de la candidature de Toronto pour les Jeux panam\u00e9ricains de 2015, a annonc\u00e9 aujourd\u2019hui la liste...","og_url":"https:\/\/develop.olympic.ca\/olympique\/2009\/03\/11\/presentation-du-conseil-dadministration-de-toronto-2015\/","og_site_name":"\u00c9quipe Canada | Site officiel de l&#039;\u00e9quipe olympique","article_published_time":"2009-03-11T15:17:07+00:00","article_modified_time":"2013-08-01T01:07:28+00:00","author":"Comit\u00e9 olympique canadien","twitter_card":"summary_large_image","twitter_misc":{"Written by":"Comit\u00e9 olympique canadien","Est. reading time":"2 minutes"},"schema":{"@context":"https:\/\/schema.org","@graph":[{"@type":"Article","@id":"https:\/\/develop.olympic.ca\/olympique\/2009\/03\/11\/presentation-du-conseil-dadministration-de-toronto-2015\/#article","isPartOf":{"@id":"https:\/\/develop.olympic.ca\/olympique\/2009\/03\/11\/presentation-du-conseil-dadministration-de-toronto-2015\/"},"author":{"name":"cdnolympicteam","@id":"https:\/\/develop.olympic.ca\/olympique\/#\/schema\/person\/b88ab0bea250d933632a93e669b06e95"},"headline":"Pr\u00e9sentation du conseil d\u2019administration de Toronto 2015","datePublished":"2009-03-11T15:17:07+00:00","dateModified":"2013-08-01T01:07:28+00:00","mainEntityOfPage":{"@id":"https:\/\/develop.olympic.ca\/olympique\/2009\/03\/11\/presentation-du-conseil-dadministration-de-toronto-2015\/"},"wordCount":400,"commentCount":0,"articleSection":["Derni\u00e8res nouvelles"],"inLanguage":"fr-FR","potentialAction":[{"@type":"CommentAction","name":"Comment","target":["https:\/\/develop.olympic.ca\/olympique\/2009\/03\/11\/presentation-du-conseil-dadministration-de-toronto-2015\/#respond"]}]},{"@type":"WebPage","@id":"https:\/\/develop.olympic.ca\/olympique\/2009\/03\/11\/presentation-du-conseil-dadministration-de-toronto-2015\/","url":"https:\/\/develop.olympic.ca\/olympique\/2009\/03\/11\/presentation-du-conseil-dadministration-de-toronto-2015\/","name":"Pr\u00e9sentation du conseil d\u2019administration de Toronto 2015 - \u00c9quipe Canada | Site officiel de l&#039;\u00e9quipe olympique","isPartOf":{"@id":"https:\/\/develop.olympic.ca\/olympique\/#website"},"datePublished":"2009-03-11T15:17:07+00:00","dateModified":"2013-08-01T01:07:28+00:00","author":{"@id":"https:\/\/develop.olympic.ca\/olympique\/#\/schema\/person\/b88ab0bea250d933632a93e669b06e95"},"inLanguage":"fr-FR","potentialAction":[{"@type":"ReadAction","target":["https:\/\/develop.olympic.ca\/olympique\/2009\/03\/11\/presentation-du-conseil-dadministration-de-toronto-2015\/"]}]},{"@type":"WebSite","@id":"https:\/\/develop.olympic.ca\/olympique\/#website","url":"https:\/\/develop.olympic.ca\/olympique\/","name":"\u00c9quipe Canada | Site officiel de l&#039;\u00e9quipe olympique","description":"Votre source pour l\u2019\u00c9quipe olympique canadienne. Retrouvez les r\u00e9cits, vid\u00e9os et photos des athl\u00e8tes canadiens, sports olympiques, Jeux olympiques de 2020 et bien plus!","potentialAction":[{"@type":"SearchAction","target":{"@type":"EntryPoint","urlTemplate":"https:\/\/develop.olympic.ca\/olympique\/?s={search_term_string}"},"query-input":{"@type":"PropertyValueSpecification","valueRequired":true,"valueName":"search_term_string"}}],"inLanguage":"fr-FR"},{"@type":"Person","@id":"https:\/\/develop.olympic.ca\/olympique\/#\/schema\/person\/b88ab0bea250d933632a93e669b06e95","name":"cdnolympicteam","image":{"@type":"ImageObject","inLanguage":"fr-FR","@id":"https:\/\/secure.gravatar.com\/avatar\/5ebf1554473077ab88cd1ec3372750991c09302ef58500182e331751d1f3473b?s=96&d=identicon&r=g7289394c1202ef020fcd9aad965e50f7","url":"https:\/\/secure.gravatar.com\/avatar\/5ebf1554473077ab88cd1ec3372750991c09302ef58500182e331751d1f3473b?s=96&d=identicon&r=g","contentUrl":"https:\/\/secure.gravatar.com\/avatar\/5ebf1554473077ab88cd1ec3372750991c09302ef58500182e331751d1f3473b?s=96&d=identicon&r=g","caption":"cdnolympicteam"},"url":"https:\/\/develop.olympic.ca\/olympique\/author\/cdnolympicteam\/"}]}},"jetpack_featured_media_url":"","featured_image_url":"","author_name":["Comit\u00e9 olympique canadien"],"category_names":["Derni\u00e8res nouvelles"],"tag_names":[],"video_embed_code":"","facebook_video_embed_code":"","jetpack_sharing_enabled":true,"jetpack-related-posts":[],"jetpack_shortlink":"https:\/\/wp.me\/pbmyEP-tb","_links":{"self":[{"href":"https:\/\/develop.olympic.ca\/olympique\/wp-json\/wp\/v2\/posts\/1809","targetHints":{"allow":["GET"]}}],"collection":[{"href":"https:\/\/develop.olympic.ca\/olympique\/wp-json\/wp\/v2\/posts"}],"about":[{"href":"https:\/\/develop.olympic.ca\/olympique\/wp-json\/wp\/v2\/types\/post"}],"author":[{"embeddable":true,"href":"https:\/\/develop.olympic.ca\/olympique\/wp-json\/wp\/v2\/users\/47562643"}],"replies":[{"embeddable":true,"href":"https:\/\/develop.olympic.ca\/olympique\/wp-json\/wp\/v2\/comments?post=1809"}],"version-history":[{"count":1,"href":"https:\/\/develop.olympic.ca\/olympique\/wp-json\/wp\/v2\/posts\/1809\/revisions"}],"predecessor-version":[{"id":82715,"href":"https:\/\/develop.olympic.ca\/olympique\/wp-json\/wp\/v2\/posts\/1809\/revisions\/82715"}],"wp:attachment":[{"href":"https:\/\/develop.olympic.ca\/olympique\/wp-json\/wp\/v2\/media?parent=1809"}],"wp:term":[{"taxonomy":"category","embeddable":true,"href":"https:\/\/develop.olympic.ca\/olympique\/wp-json\/wp\/v2\/categories?post=1809"},{"taxonomy":"post_tag","embeddable":true,"href":"https:\/\/develop.olympic.ca\/olympique\/wp-json\/wp\/v2\/tags?post=1809"},{"taxonomy":"post_format","embeddable":true,"href":"https:\/\/develop.olympic.ca\/olympique\/wp-json\/wp\/v2\/post_format?post=1809"},{"taxonomy":"sport","embeddable":true,"href":"https:\/\/develop.olympic.ca\/olympique\/wp-json\/wp\/v2\/sport?post=1809"},{"taxonomy":"game","embeddable":true,"href":"https:\/\/develop.olympic.ca\/olympique\/wp-json\/wp\/v2\/game?post=1809"},{"taxonomy":"author","embeddable":true,"href":"https:\/\/develop.olympic.ca\/olympique\/wp-json\/wp\/v2\/coauthors?post=1809"}],"curies":[{"name":"wp","href":"https:\/\/api.w.org\/{rel}","templated":true}]}}