{"id":1862,"date":"2009-05-07T12:51:20","date_gmt":"2009-05-07T16:51:20","guid":{"rendered":"http:\/\/develop.olympic.ca\/?p=1862"},"modified":"2013-08-01T01:07:35","modified_gmt":"2013-08-01T01:07:35","slug":"la-maison-olympique-du-canada-aura-pignon-sur-rue-a-vancouver-en-2010","status":"publish","type":"post","link":"https:\/\/develop.olympic.ca\/olympique\/2009\/05\/07\/la-maison-olympique-du-canada-aura-pignon-sur-rue-a-vancouver-en-2010\/","title":{"rendered":"La Maison olympique du Canada aura pignon sur rue \u00e0 Vancouver en 2010"},"content":{"rendered":"<p><strong>Le principal magasin La Baie du centre-ville s\u00e9lectionn\u00e9 comme site h\u00f4te<\/strong><\/p>\n<p>La Maison olympique du Canada, le \u00ab second chez soi \u00bb de l\u2019\u00e9quipe olympique canadienne aux Jeux, sera situ\u00e9e au centre-ville de Vancouver lors des Jeux olympiques d\u2019hiver de 2010 \u00e0 Vancouver. Le Comit\u00e9 olympique canadien (COC) a annonc\u00e9 aujourd\u2019hui l\u2019emplacement de son centre d\u2019accueil : le sixi\u00e8me \u00e9tage du magasin principal La Baie de la Compagnie de la Baie d&rsquo;Hudson \u00e0 Vancouver, qui se trouve sur la rue West Georgia.<\/p>\n<p>\u00ab Nous sommes extr\u00eamement fiers de notre partenariat olympique et sommes heureux d\u2019offrir une installation unique et emballante \u00e0 Vancouver pour l\u2019\u00e9dition 2010 de la Maison olympique du Canada \u00bb, a d\u00e9clar\u00e9 Jeff Sherman, pr\u00e9sident et chef de la direction de la Compagnie de la Baie d&rsquo;Hudson. \u00ab L\u2019espace que nous avons cr\u00e9\u00e9 pour l\u2019\u00e9quipe olympique canadienne dans notre magasin du centre-ville nouvellement r\u00e9nov\u00e9 offrira une retraite facilement accessible \u00e0 nos athl\u00e8tes olympiques, leur famille et les commanditaires de l\u2019\u00e9quipe, \u00e0 quelques pas des sites de comp\u00e9tition du centre-ville de Vancouver. \u00bb<\/p>\n<p>Tout en fournissant un emplacement pour la prestation des services d\u2019accueil \u00e0 l\u2019\u00e9quipe olympique canadienne, pour le centre de service pour la famille et les amis et pour les \u00e9v\u00e9nements sp\u00e9ciaux, la Maison olympique du Canada est \u00e9galement un lieu de rencontre d\u00e9contract\u00e9 et amical pour les athl\u00e8tes olympiques canadiens, leur famille, leurs amis ainsi que les entra\u00eeneurs, les membres du personnel de soutien, les commanditaires, les partenaires gouvernementaux et les invit\u00e9s sp\u00e9ciaux. La Maison olympique du Canada accueillera \u00e9galement des programmes comme le Programme pour la famille et les amis, organisera des r\u00e9ceptions en l\u2019honneur des m\u00e9daill\u00e9s et offrira un centre multim\u00e9dia\/salon Internet et un salon muni de t\u00e9l\u00e9viseurs pour suivre les Jeux en compagnie d\u2019autres partisans enthousiastes.<\/p>\n<p>\u00ab Nous nous r\u00e9jouissons de travailler avec nos partenaires \u00e0 Vancouver en vue de cr\u00e9er une atmosph\u00e8re gagnante pour l\u2019\u00e9quipe canadienne en 2010 \u00bb, a ajout\u00e9 Chris Rudge, chef de la direction du Comit\u00e9 olympique canadien. \u00ab Nous sommes certains qu\u2019ils fourniront un service et un soutien excellents alors que nous prendrons part aux c\u00e9l\u00e9brations, car en Rouge! \u00c7a bouge! \u00bb<\/p>\n<p>La Maison olympique du Canada ouvrira ses portes tous les jours de 10 h \u00e0 23 h (horaire sujet \u00e0 changement) durant les Jeux. L\u2019acc\u00e8s \u00e0 cette installation priv\u00e9e, qui ne sera pas ouverte au grand public, n\u00e9cessitera l\u2019inscription avant les Jeux et l\u2019accr\u00e9ditation par le COC. Les m\u00e9dias qui souhaitent visiter la Maison olympique du Canada doivent coordonner leurs demandes avec le COC.<\/p>\n<p>Les plans pour une Maison olympique du Canada additionnelle, \u00e0 Whistler, seront annonc\u00e9s \u00e0 une date ult\u00e9rieure.<\/p>\n","protected":false},"excerpt":{"rendered":"<p>Le principal magasin La Baie du centre-ville s\u00e9lectionn\u00e9 comme site h\u00f4te La Maison olympique du Canada, le \u00ab second chez&#8230;<\/p>\n","protected":false},"author":47562643,"featured_media":1860,"comment_status":"open","ping_status":"open","sticky":false,"template":"","format":"standard","meta":{"_acf_changed":false,"_crdt_document":"","_jetpack_memberships_contains_paid_content":false,"footnotes":""},"categories":[1],"tags":[],"post_format":"standard","sport":[],"game":[],"coauthors":[186127234],"class_list":["post-1862","post","type-post","status-publish","format-standard","has-post-thumbnail","hentry","category-uncategorized"],"acf":[],"yoast_head":"<!-- This site is optimized with the Yoast SEO plugin v27.3 - https:\/\/yoast.com\/product\/yoast-seo-wordpress\/ -->\n<title>La Maison olympique du Canada aura pignon sur rue \u00e0 Vancouver en 2010 - \u00c9quipe Canada | Site officiel de l&#039;\u00e9quipe olympique<\/title>\n<meta name=\"robots\" content=\"index, follow, max-snippet:-1, max-image-preview:large, max-video-preview:-1\" \/>\n<link rel=\"canonical\" href=\"https:\/\/develop.olympic.ca\/olympique\/2009\/05\/07\/la-maison-olympique-du-canada-aura-pignon-sur-rue-a-vancouver-en-2010\/\" \/>\n<meta property=\"og:locale\" content=\"fr_FR\" \/>\n<meta property=\"og:type\" content=\"article\" \/>\n<meta property=\"og:title\" content=\"La Maison olympique du Canada aura pignon sur rue \u00e0 Vancouver en 2010 - \u00c9quipe Canada | Site officiel de l&#039;\u00e9quipe olympique\" \/>\n<meta property=\"og:description\" content=\"Le principal magasin La Baie du centre-ville s\u00e9lectionn\u00e9 comme site h\u00f4te La Maison olympique du Canada, le \u00ab second chez...\" \/>\n<meta property=\"og:url\" content=\"https:\/\/develop.olympic.ca\/olympique\/2009\/05\/07\/la-maison-olympique-du-canada-aura-pignon-sur-rue-a-vancouver-en-2010\/\" \/>\n<meta property=\"og:site_name\" content=\"\u00c9quipe Canada | Site officiel de l&#039;\u00e9quipe olympique\" \/>\n<meta property=\"article:published_time\" content=\"2009-05-07T16:51:20+00:00\" \/>\n<meta property=\"article:modified_time\" content=\"2013-08-01T01:07:35+00:00\" \/>\n<meta property=\"og:image\" content=\"https:\/\/develop.olympic.ca\/olympique\/wp-content\/uploads\/sites\/2\/2011\/08\/coh-bay-store6.jpg?quality=100\" \/>\n\t<meta property=\"og:image:width\" content=\"3000\" \/>\n\t<meta property=\"og:image:height\" content=\"2000\" \/>\n\t<meta property=\"og:image:type\" content=\"image\/jpeg\" \/>\n<meta name=\"author\" content=\"Comit\u00e9 olympique canadien\" \/>\n<meta name=\"twitter:card\" content=\"summary_large_image\" \/>\n<meta name=\"twitter:label1\" content=\"Written by\" \/>\n\t<meta name=\"twitter:data1\" content=\"Comit\u00e9 olympique canadien\" \/>\n\t<meta name=\"twitter:label2\" content=\"Est. reading time\" \/>\n\t<meta name=\"twitter:data2\" content=\"2 minutes\" \/>\n<script type=\"application\/ld+json\" class=\"yoast-schema-graph\">{\"@context\":\"https:\\\/\\\/schema.org\",\"@graph\":[{\"@type\":\"Article\",\"@id\":\"https:\\\/\\\/develop.olympic.ca\\\/olympique\\\/2009\\\/05\\\/07\\\/la-maison-olympique-du-canada-aura-pignon-sur-rue-a-vancouver-en-2010\\\/#article\",\"isPartOf\":{\"@id\":\"https:\\\/\\\/develop.olympic.ca\\\/olympique\\\/2009\\\/05\\\/07\\\/la-maison-olympique-du-canada-aura-pignon-sur-rue-a-vancouver-en-2010\\\/\"},\"author\":{\"name\":\"cdnolympicteam\",\"@id\":\"https:\\\/\\\/develop.olympic.ca\\\/olympique\\\/#\\\/schema\\\/person\\\/b88ab0bea250d933632a93e669b06e95\"},\"headline\":\"La Maison olympique du Canada aura pignon sur rue \u00e0 Vancouver en 2010\",\"datePublished\":\"2009-05-07T16:51:20+00:00\",\"dateModified\":\"2013-08-01T01:07:35+00:00\",\"mainEntityOfPage\":{\"@id\":\"https:\\\/\\\/develop.olympic.ca\\\/olympique\\\/2009\\\/05\\\/07\\\/la-maison-olympique-du-canada-aura-pignon-sur-rue-a-vancouver-en-2010\\\/\"},\"wordCount\":475,\"commentCount\":0,\"image\":{\"@id\":\"https:\\\/\\\/develop.olympic.ca\\\/olympique\\\/2009\\\/05\\\/07\\\/la-maison-olympique-du-canada-aura-pignon-sur-rue-a-vancouver-en-2010\\\/#primaryimage\"},\"thumbnailUrl\":\"https:\\\/\\\/develop.olympic.ca\\\/olympique\\\/wp-content\\\/uploads\\\/sites\\\/2\\\/2011\\\/08\\\/coh-bay-store6.jpg?quality=100\",\"articleSection\":[\"Uncategorized\"],\"inLanguage\":\"fr-FR\",\"potentialAction\":[{\"@type\":\"CommentAction\",\"name\":\"Comment\",\"target\":[\"https:\\\/\\\/develop.olympic.ca\\\/olympique\\\/2009\\\/05\\\/07\\\/la-maison-olympique-du-canada-aura-pignon-sur-rue-a-vancouver-en-2010\\\/#respond\"]}]},{\"@type\":\"WebPage\",\"@id\":\"https:\\\/\\\/develop.olympic.ca\\\/olympique\\\/2009\\\/05\\\/07\\\/la-maison-olympique-du-canada-aura-pignon-sur-rue-a-vancouver-en-2010\\\/\",\"url\":\"https:\\\/\\\/develop.olympic.ca\\\/olympique\\\/2009\\\/05\\\/07\\\/la-maison-olympique-du-canada-aura-pignon-sur-rue-a-vancouver-en-2010\\\/\",\"name\":\"La Maison olympique du Canada aura pignon sur rue \u00e0 Vancouver en 2010 - \u00c9quipe Canada | Site officiel de l&#039;\u00e9quipe olympique\",\"isPartOf\":{\"@id\":\"https:\\\/\\\/develop.olympic.ca\\\/olympique\\\/#website\"},\"primaryImageOfPage\":{\"@id\":\"https:\\\/\\\/develop.olympic.ca\\\/olympique\\\/2009\\\/05\\\/07\\\/la-maison-olympique-du-canada-aura-pignon-sur-rue-a-vancouver-en-2010\\\/#primaryimage\"},\"image\":{\"@id\":\"https:\\\/\\\/develop.olympic.ca\\\/olympique\\\/2009\\\/05\\\/07\\\/la-maison-olympique-du-canada-aura-pignon-sur-rue-a-vancouver-en-2010\\\/#primaryimage\"},\"thumbnailUrl\":\"https:\\\/\\\/develop.olympic.ca\\\/olympique\\\/wp-content\\\/uploads\\\/sites\\\/2\\\/2011\\\/08\\\/coh-bay-store6.jpg?quality=100\",\"datePublished\":\"2009-05-07T16:51:20+00:00\",\"dateModified\":\"2013-08-01T01:07:35+00:00\",\"author\":{\"@id\":\"https:\\\/\\\/develop.olympic.ca\\\/olympique\\\/#\\\/schema\\\/person\\\/b88ab0bea250d933632a93e669b06e95\"},\"inLanguage\":\"fr-FR\",\"potentialAction\":[{\"@type\":\"ReadAction\",\"target\":[\"https:\\\/\\\/develop.olympic.ca\\\/olympique\\\/2009\\\/05\\\/07\\\/la-maison-olympique-du-canada-aura-pignon-sur-rue-a-vancouver-en-2010\\\/\"]}]},{\"@type\":\"ImageObject\",\"inLanguage\":\"fr-FR\",\"@id\":\"https:\\\/\\\/develop.olympic.ca\\\/olympique\\\/2009\\\/05\\\/07\\\/la-maison-olympique-du-canada-aura-pignon-sur-rue-a-vancouver-en-2010\\\/#primaryimage\",\"url\":\"https:\\\/\\\/develop.olympic.ca\\\/olympique\\\/wp-content\\\/uploads\\\/sites\\\/2\\\/2011\\\/08\\\/coh-bay-store6.jpg?quality=100\",\"contentUrl\":\"https:\\\/\\\/develop.olympic.ca\\\/olympique\\\/wp-content\\\/uploads\\\/sites\\\/2\\\/2011\\\/08\\\/coh-bay-store6.jpg?quality=100\",\"width\":3000,\"height\":2000},{\"@type\":\"WebSite\",\"@id\":\"https:\\\/\\\/develop.olympic.ca\\\/olympique\\\/#website\",\"url\":\"https:\\\/\\\/develop.olympic.ca\\\/olympique\\\/\",\"name\":\"\u00c9quipe Canada | Site officiel de l&#039;\u00e9quipe olympique\",\"description\":\"Votre source pour l\u2019\u00c9quipe olympique canadienne. Retrouvez les r\u00e9cits, vid\u00e9os et photos des athl\u00e8tes canadiens, sports olympiques, Jeux olympiques de 2020 et bien plus!\",\"potentialAction\":[{\"@type\":\"SearchAction\",\"target\":{\"@type\":\"EntryPoint\",\"urlTemplate\":\"https:\\\/\\\/develop.olympic.ca\\\/olympique\\\/?s={search_term_string}\"},\"query-input\":{\"@type\":\"PropertyValueSpecification\",\"valueRequired\":true,\"valueName\":\"search_term_string\"}}],\"inLanguage\":\"fr-FR\"},{\"@type\":\"Person\",\"@id\":\"https:\\\/\\\/develop.olympic.ca\\\/olympique\\\/#\\\/schema\\\/person\\\/b88ab0bea250d933632a93e669b06e95\",\"name\":\"cdnolympicteam\",\"image\":{\"@type\":\"ImageObject\",\"inLanguage\":\"fr-FR\",\"@id\":\"https:\\\/\\\/secure.gravatar.com\\\/avatar\\\/5ebf1554473077ab88cd1ec3372750991c09302ef58500182e331751d1f3473b?s=96&d=identicon&r=g7289394c1202ef020fcd9aad965e50f7\",\"url\":\"https:\\\/\\\/secure.gravatar.com\\\/avatar\\\/5ebf1554473077ab88cd1ec3372750991c09302ef58500182e331751d1f3473b?s=96&d=identicon&r=g\",\"contentUrl\":\"https:\\\/\\\/secure.gravatar.com\\\/avatar\\\/5ebf1554473077ab88cd1ec3372750991c09302ef58500182e331751d1f3473b?s=96&d=identicon&r=g\",\"caption\":\"cdnolympicteam\"},\"url\":\"https:\\\/\\\/develop.olympic.ca\\\/olympique\\\/author\\\/cdnolympicteam\\\/\"}]}<\/script>\n<!-- \/ Yoast SEO plugin. -->","yoast_head_json":{"title":"La Maison olympique du Canada aura pignon sur rue \u00e0 Vancouver en 2010 - \u00c9quipe Canada | Site officiel de l&#039;\u00e9quipe olympique","robots":{"index":"index","follow":"follow","max-snippet":"max-snippet:-1","max-image-preview":"max-image-preview:large","max-video-preview":"max-video-preview:-1"},"canonical":"https:\/\/develop.olympic.ca\/olympique\/2009\/05\/07\/la-maison-olympique-du-canada-aura-pignon-sur-rue-a-vancouver-en-2010\/","og_locale":"fr_FR","og_type":"article","og_title":"La Maison olympique du Canada aura pignon sur rue \u00e0 Vancouver en 2010 - \u00c9quipe Canada | Site officiel de l&#039;\u00e9quipe olympique","og_description":"Le principal magasin La Baie du centre-ville s\u00e9lectionn\u00e9 comme site h\u00f4te La Maison olympique du Canada, le \u00ab second chez...","og_url":"https:\/\/develop.olympic.ca\/olympique\/2009\/05\/07\/la-maison-olympique-du-canada-aura-pignon-sur-rue-a-vancouver-en-2010\/","og_site_name":"\u00c9quipe Canada | Site officiel de l&#039;\u00e9quipe olympique","article_published_time":"2009-05-07T16:51:20+00:00","article_modified_time":"2013-08-01T01:07:35+00:00","og_image":[{"width":3000,"height":2000,"url":"https:\/\/develop.olympic.ca\/olympique\/wp-content\/uploads\/sites\/2\/2011\/08\/coh-bay-store6.jpg?quality=100","type":"image\/jpeg"}],"author":"Comit\u00e9 olympique canadien","twitter_card":"summary_large_image","twitter_misc":{"Written by":"Comit\u00e9 olympique canadien","Est. reading time":"2 minutes"},"schema":{"@context":"https:\/\/schema.org","@graph":[{"@type":"Article","@id":"https:\/\/develop.olympic.ca\/olympique\/2009\/05\/07\/la-maison-olympique-du-canada-aura-pignon-sur-rue-a-vancouver-en-2010\/#article","isPartOf":{"@id":"https:\/\/develop.olympic.ca\/olympique\/2009\/05\/07\/la-maison-olympique-du-canada-aura-pignon-sur-rue-a-vancouver-en-2010\/"},"author":{"name":"cdnolympicteam","@id":"https:\/\/develop.olympic.ca\/olympique\/#\/schema\/person\/b88ab0bea250d933632a93e669b06e95"},"headline":"La Maison olympique du Canada aura pignon sur rue \u00e0 Vancouver en 2010","datePublished":"2009-05-07T16:51:20+00:00","dateModified":"2013-08-01T01:07:35+00:00","mainEntityOfPage":{"@id":"https:\/\/develop.olympic.ca\/olympique\/2009\/05\/07\/la-maison-olympique-du-canada-aura-pignon-sur-rue-a-vancouver-en-2010\/"},"wordCount":475,"commentCount":0,"image":{"@id":"https:\/\/develop.olympic.ca\/olympique\/2009\/05\/07\/la-maison-olympique-du-canada-aura-pignon-sur-rue-a-vancouver-en-2010\/#primaryimage"},"thumbnailUrl":"https:\/\/develop.olympic.ca\/olympique\/wp-content\/uploads\/sites\/2\/2011\/08\/coh-bay-store6.jpg?quality=100","articleSection":["Uncategorized"],"inLanguage":"fr-FR","potentialAction":[{"@type":"CommentAction","name":"Comment","target":["https:\/\/develop.olympic.ca\/olympique\/2009\/05\/07\/la-maison-olympique-du-canada-aura-pignon-sur-rue-a-vancouver-en-2010\/#respond"]}]},{"@type":"WebPage","@id":"https:\/\/develop.olympic.ca\/olympique\/2009\/05\/07\/la-maison-olympique-du-canada-aura-pignon-sur-rue-a-vancouver-en-2010\/","url":"https:\/\/develop.olympic.ca\/olympique\/2009\/05\/07\/la-maison-olympique-du-canada-aura-pignon-sur-rue-a-vancouver-en-2010\/","name":"La Maison olympique du Canada aura pignon sur rue \u00e0 Vancouver en 2010 - \u00c9quipe Canada | Site officiel de l&#039;\u00e9quipe olympique","isPartOf":{"@id":"https:\/\/develop.olympic.ca\/olympique\/#website"},"primaryImageOfPage":{"@id":"https:\/\/develop.olympic.ca\/olympique\/2009\/05\/07\/la-maison-olympique-du-canada-aura-pignon-sur-rue-a-vancouver-en-2010\/#primaryimage"},"image":{"@id":"https:\/\/develop.olympic.ca\/olympique\/2009\/05\/07\/la-maison-olympique-du-canada-aura-pignon-sur-rue-a-vancouver-en-2010\/#primaryimage"},"thumbnailUrl":"https:\/\/develop.olympic.ca\/olympique\/wp-content\/uploads\/sites\/2\/2011\/08\/coh-bay-store6.jpg?quality=100","datePublished":"2009-05-07T16:51:20+00:00","dateModified":"2013-08-01T01:07:35+00:00","author":{"@id":"https:\/\/develop.olympic.ca\/olympique\/#\/schema\/person\/b88ab0bea250d933632a93e669b06e95"},"inLanguage":"fr-FR","potentialAction":[{"@type":"ReadAction","target":["https:\/\/develop.olympic.ca\/olympique\/2009\/05\/07\/la-maison-olympique-du-canada-aura-pignon-sur-rue-a-vancouver-en-2010\/"]}]},{"@type":"ImageObject","inLanguage":"fr-FR","@id":"https:\/\/develop.olympic.ca\/olympique\/2009\/05\/07\/la-maison-olympique-du-canada-aura-pignon-sur-rue-a-vancouver-en-2010\/#primaryimage","url":"https:\/\/develop.olympic.ca\/olympique\/wp-content\/uploads\/sites\/2\/2011\/08\/coh-bay-store6.jpg?quality=100","contentUrl":"https:\/\/develop.olympic.ca\/olympique\/wp-content\/uploads\/sites\/2\/2011\/08\/coh-bay-store6.jpg?quality=100","width":3000,"height":2000},{"@type":"WebSite","@id":"https:\/\/develop.olympic.ca\/olympique\/#website","url":"https:\/\/develop.olympic.ca\/olympique\/","name":"\u00c9quipe Canada | Site officiel de l&#039;\u00e9quipe olympique","description":"Votre source pour l\u2019\u00c9quipe olympique canadienne. Retrouvez les r\u00e9cits, vid\u00e9os et photos des athl\u00e8tes canadiens, sports olympiques, Jeux olympiques de 2020 et bien plus!","potentialAction":[{"@type":"SearchAction","target":{"@type":"EntryPoint","urlTemplate":"https:\/\/develop.olympic.ca\/olympique\/?s={search_term_string}"},"query-input":{"@type":"PropertyValueSpecification","valueRequired":true,"valueName":"search_term_string"}}],"inLanguage":"fr-FR"},{"@type":"Person","@id":"https:\/\/develop.olympic.ca\/olympique\/#\/schema\/person\/b88ab0bea250d933632a93e669b06e95","name":"cdnolympicteam","image":{"@type":"ImageObject","inLanguage":"fr-FR","@id":"https:\/\/secure.gravatar.com\/avatar\/5ebf1554473077ab88cd1ec3372750991c09302ef58500182e331751d1f3473b?s=96&d=identicon&r=g7289394c1202ef020fcd9aad965e50f7","url":"https:\/\/secure.gravatar.com\/avatar\/5ebf1554473077ab88cd1ec3372750991c09302ef58500182e331751d1f3473b?s=96&d=identicon&r=g","contentUrl":"https:\/\/secure.gravatar.com\/avatar\/5ebf1554473077ab88cd1ec3372750991c09302ef58500182e331751d1f3473b?s=96&d=identicon&r=g","caption":"cdnolympicteam"},"url":"https:\/\/develop.olympic.ca\/olympique\/author\/cdnolympicteam\/"}]}},"jetpack_featured_media_url":"https:\/\/develop.olympic.ca\/olympique\/wp-content\/uploads\/sites\/2\/2011\/08\/coh-bay-store6.jpg?quality=100","featured_image_url":"https:\/\/develop.olympic.ca\/olympique\/wp-content\/uploads\/sites\/2\/2011\/08\/coh-bay-store6.jpg?quality=100","author_name":["Comit\u00e9 olympique canadien"],"category_names":["Uncategorized"],"tag_names":[],"video_embed_code":"","facebook_video_embed_code":"","jetpack_sharing_enabled":true,"jetpack-related-posts":[],"jetpack_shortlink":"https:\/\/wp.me\/pbmyEP-u2","_links":{"self":[{"href":"https:\/\/develop.olympic.ca\/olympique\/wp-json\/wp\/v2\/posts\/1862","targetHints":{"allow":["GET"]}}],"collection":[{"href":"https:\/\/develop.olympic.ca\/olympique\/wp-json\/wp\/v2\/posts"}],"about":[{"href":"https:\/\/develop.olympic.ca\/olympique\/wp-json\/wp\/v2\/types\/post"}],"author":[{"embeddable":true,"href":"https:\/\/develop.olympic.ca\/olympique\/wp-json\/wp\/v2\/users\/47562643"}],"replies":[{"embeddable":true,"href":"https:\/\/develop.olympic.ca\/olympique\/wp-json\/wp\/v2\/comments?post=1862"}],"version-history":[{"count":1,"href":"https:\/\/develop.olympic.ca\/olympique\/wp-json\/wp\/v2\/posts\/1862\/revisions"}],"predecessor-version":[{"id":82723,"href":"https:\/\/develop.olympic.ca\/olympique\/wp-json\/wp\/v2\/posts\/1862\/revisions\/82723"}],"wp:featuredmedia":[{"embeddable":true,"href":"https:\/\/develop.olympic.ca\/olympique\/wp-json\/wp\/v2\/media\/1860"}],"wp:attachment":[{"href":"https:\/\/develop.olympic.ca\/olympique\/wp-json\/wp\/v2\/media?parent=1862"}],"wp:term":[{"taxonomy":"category","embeddable":true,"href":"https:\/\/develop.olympic.ca\/olympique\/wp-json\/wp\/v2\/categories?post=1862"},{"taxonomy":"post_tag","embeddable":true,"href":"https:\/\/develop.olympic.ca\/olympique\/wp-json\/wp\/v2\/tags?post=1862"},{"taxonomy":"post_format","embeddable":true,"href":"https:\/\/develop.olympic.ca\/olympique\/wp-json\/wp\/v2\/post_format?post=1862"},{"taxonomy":"sport","embeddable":true,"href":"https:\/\/develop.olympic.ca\/olympique\/wp-json\/wp\/v2\/sport?post=1862"},{"taxonomy":"game","embeddable":true,"href":"https:\/\/develop.olympic.ca\/olympique\/wp-json\/wp\/v2\/game?post=1862"},{"taxonomy":"author","embeddable":true,"href":"https:\/\/develop.olympic.ca\/olympique\/wp-json\/wp\/v2\/coauthors?post=1862"}],"curies":[{"name":"wp","href":"https:\/\/api.w.org\/{rel}","templated":true}]}}