{"id":1869,"date":"2009-05-21T12:58:44","date_gmt":"2009-05-21T16:58:44","guid":{"rendered":"http:\/\/develop.olympic.ca\/?p=1869"},"modified":"2013-08-01T01:07:36","modified_gmt":"2013-08-01T01:07:36","slug":"olympic-ca-est-le-nouveau-chez-soi-de-lequipe-olympique-canadienne","status":"publish","type":"post","link":"https:\/\/develop.olympic.ca\/olympique\/2009\/05\/21\/olympic-ca-est-le-nouveau-chez-soi-de-lequipe-olympique-canadienne\/","title":{"rendered":"Olympic.ca est le nouveau chez-soi de l\u2019\u00e9quipe olympique canadienne"},"content":{"rendered":"<p><strong>o\u00f9 les Canadiens sont en contact avec les athl\u00e8tes<\/strong><\/p>\n<p>Le Comit\u00e9 olympique canadien (COC) a annonc\u00e9 aujourd\u2019hui le lancement d\u2019un site Web enti\u00e8rement red\u00e9velopp\u00e9 qui se consacrera principalement aux athl\u00e8tes de haut niveau du Canada ainsi qu\u2019aux sports dans lesquels ils concourent aux Jeux olympiques et aux Jeux panam\u00e9ricains.<\/p>\n<p>Le nouveau chez-soi virtuel de la communaut\u00e9 olympique canadienne, y compris l\u2019\u00e9quipe olympique canadienne et ses partisans ainsi que le Mouvement olympique au Canada est le <a href=\"http:\/\/www.olympic.ca\" rel=\"nofollow\">http:\/\/www.olympic.ca<\/a>.<\/p>\n<p>\u00ab Nous avons une fi\u00e8re histoire sportive au Canada et un avenir radieux. Olympic.ca donne \u00e0 tous les Canadiens la chance d\u2019entrer en contact avec certains des plus grands ambassadeurs de la nation \u00bb, a d\u00e9clar\u00e9 Chris Rudge, chef de la direction et secr\u00e9taire g\u00e9n\u00e9ral du COC. \u00ab J\u2019esp\u00e8re que les Canadiens, d\u2019un oc\u00e9an \u00e0 l\u2019autre, se joindront \u00e0 l\u2019\u00e9quipe et appr\u00e9cieront la route vers 2010 et au-del\u00e0. \u00bb<\/p>\n<p>Con\u00e7u par l\u2019agence Trap\u00e8ze de Toronto, Olympic.ca \u00e9tablira progressivement le profil des athl\u00e8tes olympiques et panam\u00e9ricains, pass\u00e9s et pr\u00e9sents, tout en offrant de l\u2019information historique sur la participation du Canada aux Jeux. Les archives du site regorgeront d\u2019images du COC et de la Presse Canadienne, l\u2019agence nationale de presse h\u00f4te des Jeux d\u2019hiver de 2010, qui s\u2019accumuleront au cours des mois \u00e0 venir. En tout, la base de donn\u00e9es du site g\u00e9rera plus de 4000 portraits d\u2019athl\u00e8te et 10 000 photos.<\/p>\n<p>Olympic.ca h\u00e9bergera \u00e9galement une biblioth\u00e8que de vid\u00e9os des grands moments du sport canadien du pass\u00e9 et du pr\u00e9sent tout en pr\u00e9sentant un aper\u00e7u des coulisses de l\u2019\u00e9quipe olympique canadienne en 2010 alors qu\u2019ils feront en sorte que le Rouge! \u00c7a bouge! \u00e0 Vancouver, Whistler et Richmond.<\/p>\n<p>De plus, Olympic.ca permettra aux Canadiens de manifester leur soutien \u00e0 l\u2019\u00e9quipe olympique canadienne et de donner leur opinion par le biais de m\u00e9dias sociaux, tels que Facebook et Twitter et d\u2019autres applications \u00e0 venir. Les partisans, d\u2019un oc\u00e9an \u00e0 l\u2019autre, pourront communiquer avec l\u2019\u00e9quipe avant et pendant les Jeux, recevoir des mises \u00e0 jour \u00e0 la minute pr\u00e8s sur les performances et les m\u00e9dailles du Canada et \u00e9crire des mots d\u2019encouragement aux athl\u00e8tes canadiens alors qu\u2019ils viseront le podium en 2010.<\/p>\n<p>\u00ab Notre nouveau site Web, ainsi que nos pages Facebook et Twitter nouvellement cr\u00e9\u00e9es, donnera \u00e0 tous les Canadiens la chance d\u2019interagir avec les athl\u00e8tes de l\u2019\u00e9quipe olympique canadienne. La beaut\u00e9 du sport r\u00e9side dans les exp\u00e9riences que partagent les partisans, et nous esp\u00e9rons que nos nouvelles plateformes donneront l\u2019opportunit\u00e9 aux partisans de l\u2019\u00e9quipe olympique canadienne de d\u00e9montrer, de fa\u00e7on tangible, leur soutien \u00e0 l\u2019\u00e9quipe, alors qu\u2019aux Jeux olympiques d\u2019hiver de 2010 \u00e0 Vancouver, le Rouge! \u00c7a va bouger \u00bb, a ajout\u00e9 David Bedford, directeur ex\u00e9cutif, Marketing et Communications du COC.<\/p>\n<p>Les Canadiens pourront \u00e9galement garder un contact avec tout ce qui concerne les Jeux olympiques par le biais d\u2019un calendrier exhaustif des sports amateurs, de sondages hebdomadaires et du fil RSS, qui distribue du contenu Web instantan\u00e9ment aux abonn\u00e9s. Ce site, enti\u00e8rement bilingue, comprendra \u00e9galement une mine d\u2019articles originaux sur les athl\u00e8tes canadiens, les entra\u00eeneurs, les programmes sportifs et les \u00e9v\u00e9nements relatifs aux Jeux olympiques et aux Jeux panam\u00e9ricains qui se d\u00e9roulent d\u2019un bout \u00e0 l\u2019autre du pays.<\/p>\n<p>En rouge et blanc, ce site Web apporte une touche vibrante et rafra\u00eechissante au Mouvement olympique canadien. Il met le cap sur les succ\u00e8s futurs tout en brossant un tableau historique de la participation du Canada \u00e0 plus de 45 Jeux olympiques et panam\u00e9ricains.<\/p>\n<p><strong>\u00c0 propos du Comit\u00e9 olympique canadien<\/strong><\/p>\n<p>Le Comit\u00e9 olympique canadien est un organisme national, priv\u00e9, sans but lucratif, vou\u00e9 \u00e0 l&rsquo;excellence sportive. Il est responsable de la participation du Canada au Mouvement olympique, y compris de la participation du Canada aux Jeux olympiques et aux Jeux panam\u00e9ricains. Par ailleurs, le COC g\u00e8re tout un \u00e9ventail de programmes culturels et \u00e9ducatifs visant \u00e0 faire la promotion du Mouvement olympique au Canada.<\/p>\n<p><strong>\u00c0 propos de Trapeze<\/strong><\/p>\n<p>Fond\u00e9e en 1999, Trapeze est une agence de marketing interactif \u00e0 service complet gagnante de prix et \u0153uvrant \u00e0 Toronto, Canada. Chef de file de la conception et de la mise en \u0153uvre d\u2019exp\u00e9riences marketing en ligne extraordinaires, Trapeze contribue \u00e0 la croissance de ses entreprises clientes en reliant les consommateurs aux marques par des instruments interactifs.<\/p>\n","protected":false},"excerpt":{"rendered":"<p>o\u00f9 les Canadiens sont en contact avec les athl\u00e8tes Le Comit\u00e9 olympique canadien (COC) a annonc\u00e9 aujourd\u2019hui le lancement d\u2019un&#8230;<\/p>\n","protected":false},"author":47562643,"featured_media":1866,"comment_status":"open","ping_status":"open","sticky":false,"template":"","format":"standard","meta":{"_acf_changed":false,"_crdt_document":"","_jetpack_memberships_contains_paid_content":false,"footnotes":""},"categories":[707890],"tags":[],"post_format":"standard","sport":[],"game":[],"coauthors":[186127234],"class_list":["post-1869","post","type-post","status-publish","format-standard","has-post-thumbnail","hentry","category-comite"],"acf":[],"yoast_head":"<!-- This site is optimized with the Yoast SEO plugin v27.3 - https:\/\/yoast.com\/product\/yoast-seo-wordpress\/ -->\n<title>Olympic.ca est le nouveau chez-soi de l\u2019\u00e9quipe olympique canadienne - \u00c9quipe Canada | Site officiel de l&#039;\u00e9quipe olympique<\/title>\n<meta name=\"robots\" content=\"index, follow, max-snippet:-1, max-image-preview:large, max-video-preview:-1\" \/>\n<link rel=\"canonical\" href=\"https:\/\/develop.olympic.ca\/olympique\/2009\/05\/21\/olympic-ca-est-le-nouveau-chez-soi-de-lequipe-olympique-canadienne\/\" \/>\n<meta property=\"og:locale\" content=\"fr_FR\" \/>\n<meta property=\"og:type\" content=\"article\" \/>\n<meta property=\"og:title\" content=\"Olympic.ca est le nouveau chez-soi de l\u2019\u00e9quipe olympique canadienne - \u00c9quipe Canada | Site officiel de l&#039;\u00e9quipe olympique\" \/>\n<meta property=\"og:description\" content=\"o\u00f9 les Canadiens sont en contact avec les athl\u00e8tes Le Comit\u00e9 olympique canadien (COC) a annonc\u00e9 aujourd\u2019hui le lancement d\u2019un...\" \/>\n<meta property=\"og:url\" content=\"https:\/\/develop.olympic.ca\/olympique\/2009\/05\/21\/olympic-ca-est-le-nouveau-chez-soi-de-lequipe-olympique-canadienne\/\" \/>\n<meta property=\"og:site_name\" content=\"\u00c9quipe Canada | Site officiel de l&#039;\u00e9quipe olympique\" \/>\n<meta property=\"article:published_time\" content=\"2009-05-21T16:58:44+00:00\" \/>\n<meta property=\"article:modified_time\" content=\"2013-08-01T01:07:36+00:00\" \/>\n<meta property=\"og:image\" content=\"https:\/\/develop.olympic.ca\/olympique\/wp-content\/uploads\/sites\/2\/2011\/08\/2008-openingceremony5.jpg?resize=1012,754\" \/>\n\t<meta property=\"og:image:width\" content=\"1012\" \/>\n\t<meta property=\"og:image:height\" content=\"754\" \/>\n\t<meta property=\"og:image:type\" content=\"image\/jpeg\" \/>\n<meta name=\"author\" content=\"Comit\u00e9 olympique canadien\" \/>\n<meta name=\"twitter:card\" content=\"summary_large_image\" \/>\n<meta name=\"twitter:label1\" content=\"Written by\" \/>\n\t<meta name=\"twitter:data1\" content=\"Comit\u00e9 olympique canadien\" \/>\n\t<meta name=\"twitter:label2\" content=\"Est. reading time\" \/>\n\t<meta name=\"twitter:data2\" content=\"4 minutes\" \/>\n<script type=\"application\/ld+json\" class=\"yoast-schema-graph\">{\"@context\":\"https:\\\/\\\/schema.org\",\"@graph\":[{\"@type\":\"Article\",\"@id\":\"https:\\\/\\\/develop.olympic.ca\\\/olympique\\\/2009\\\/05\\\/21\\\/olympic-ca-est-le-nouveau-chez-soi-de-lequipe-olympique-canadienne\\\/#article\",\"isPartOf\":{\"@id\":\"https:\\\/\\\/develop.olympic.ca\\\/olympique\\\/2009\\\/05\\\/21\\\/olympic-ca-est-le-nouveau-chez-soi-de-lequipe-olympique-canadienne\\\/\"},\"author\":{\"name\":\"cdnolympicteam\",\"@id\":\"https:\\\/\\\/develop.olympic.ca\\\/olympique\\\/#\\\/schema\\\/person\\\/b88ab0bea250d933632a93e669b06e95\"},\"headline\":\"Olympic.ca est le nouveau chez-soi de l\u2019\u00e9quipe olympique canadienne\",\"datePublished\":\"2009-05-21T16:58:44+00:00\",\"dateModified\":\"2013-08-01T01:07:36+00:00\",\"mainEntityOfPage\":{\"@id\":\"https:\\\/\\\/develop.olympic.ca\\\/olympique\\\/2009\\\/05\\\/21\\\/olympic-ca-est-le-nouveau-chez-soi-de-lequipe-olympique-canadienne\\\/\"},\"wordCount\":772,\"commentCount\":0,\"image\":{\"@id\":\"https:\\\/\\\/develop.olympic.ca\\\/olympique\\\/2009\\\/05\\\/21\\\/olympic-ca-est-le-nouveau-chez-soi-de-lequipe-olympique-canadienne\\\/#primaryimage\"},\"thumbnailUrl\":\"https:\\\/\\\/develop.olympic.ca\\\/olympique\\\/wp-content\\\/uploads\\\/sites\\\/2\\\/2011\\\/08\\\/2008-openingceremony5.jpg?quality=100\",\"articleSection\":[\"Derni\u00e8res nouvelles\"],\"inLanguage\":\"fr-FR\",\"potentialAction\":[{\"@type\":\"CommentAction\",\"name\":\"Comment\",\"target\":[\"https:\\\/\\\/develop.olympic.ca\\\/olympique\\\/2009\\\/05\\\/21\\\/olympic-ca-est-le-nouveau-chez-soi-de-lequipe-olympique-canadienne\\\/#respond\"]}]},{\"@type\":\"WebPage\",\"@id\":\"https:\\\/\\\/develop.olympic.ca\\\/olympique\\\/2009\\\/05\\\/21\\\/olympic-ca-est-le-nouveau-chez-soi-de-lequipe-olympique-canadienne\\\/\",\"url\":\"https:\\\/\\\/develop.olympic.ca\\\/olympique\\\/2009\\\/05\\\/21\\\/olympic-ca-est-le-nouveau-chez-soi-de-lequipe-olympique-canadienne\\\/\",\"name\":\"Olympic.ca est le nouveau chez-soi de l\u2019\u00e9quipe olympique canadienne - \u00c9quipe Canada | Site officiel de l&#039;\u00e9quipe olympique\",\"isPartOf\":{\"@id\":\"https:\\\/\\\/develop.olympic.ca\\\/olympique\\\/#website\"},\"primaryImageOfPage\":{\"@id\":\"https:\\\/\\\/develop.olympic.ca\\\/olympique\\\/2009\\\/05\\\/21\\\/olympic-ca-est-le-nouveau-chez-soi-de-lequipe-olympique-canadienne\\\/#primaryimage\"},\"image\":{\"@id\":\"https:\\\/\\\/develop.olympic.ca\\\/olympique\\\/2009\\\/05\\\/21\\\/olympic-ca-est-le-nouveau-chez-soi-de-lequipe-olympique-canadienne\\\/#primaryimage\"},\"thumbnailUrl\":\"https:\\\/\\\/develop.olympic.ca\\\/olympique\\\/wp-content\\\/uploads\\\/sites\\\/2\\\/2011\\\/08\\\/2008-openingceremony5.jpg?quality=100\",\"datePublished\":\"2009-05-21T16:58:44+00:00\",\"dateModified\":\"2013-08-01T01:07:36+00:00\",\"author\":{\"@id\":\"https:\\\/\\\/develop.olympic.ca\\\/olympique\\\/#\\\/schema\\\/person\\\/b88ab0bea250d933632a93e669b06e95\"},\"inLanguage\":\"fr-FR\",\"potentialAction\":[{\"@type\":\"ReadAction\",\"target\":[\"https:\\\/\\\/develop.olympic.ca\\\/olympique\\\/2009\\\/05\\\/21\\\/olympic-ca-est-le-nouveau-chez-soi-de-lequipe-olympique-canadienne\\\/\"]}]},{\"@type\":\"ImageObject\",\"inLanguage\":\"fr-FR\",\"@id\":\"https:\\\/\\\/develop.olympic.ca\\\/olympique\\\/2009\\\/05\\\/21\\\/olympic-ca-est-le-nouveau-chez-soi-de-lequipe-olympique-canadienne\\\/#primaryimage\",\"url\":\"https:\\\/\\\/develop.olympic.ca\\\/olympique\\\/wp-content\\\/uploads\\\/sites\\\/2\\\/2011\\\/08\\\/2008-openingceremony5.jpg?quality=100\",\"contentUrl\":\"https:\\\/\\\/develop.olympic.ca\\\/olympique\\\/wp-content\\\/uploads\\\/sites\\\/2\\\/2011\\\/08\\\/2008-openingceremony5.jpg?quality=100\",\"width\":2544,\"height\":1896,\"caption\":\"Adam Van Koeverden porte le drapeau et m\u00e8ne l'\u00e9quipe canadienne lors des Jeux olympiques d'\u00e9t\u00e9 de Beijing, en 2008. CP Photo\\\/COC\"},{\"@type\":\"WebSite\",\"@id\":\"https:\\\/\\\/develop.olympic.ca\\\/olympique\\\/#website\",\"url\":\"https:\\\/\\\/develop.olympic.ca\\\/olympique\\\/\",\"name\":\"\u00c9quipe Canada | Site officiel de l&#039;\u00e9quipe olympique\",\"description\":\"Votre source pour l\u2019\u00c9quipe olympique canadienne. Retrouvez les r\u00e9cits, vid\u00e9os et photos des athl\u00e8tes canadiens, sports olympiques, Jeux olympiques de 2020 et bien plus!\",\"potentialAction\":[{\"@type\":\"SearchAction\",\"target\":{\"@type\":\"EntryPoint\",\"urlTemplate\":\"https:\\\/\\\/develop.olympic.ca\\\/olympique\\\/?s={search_term_string}\"},\"query-input\":{\"@type\":\"PropertyValueSpecification\",\"valueRequired\":true,\"valueName\":\"search_term_string\"}}],\"inLanguage\":\"fr-FR\"},{\"@type\":\"Person\",\"@id\":\"https:\\\/\\\/develop.olympic.ca\\\/olympique\\\/#\\\/schema\\\/person\\\/b88ab0bea250d933632a93e669b06e95\",\"name\":\"cdnolympicteam\",\"image\":{\"@type\":\"ImageObject\",\"inLanguage\":\"fr-FR\",\"@id\":\"https:\\\/\\\/secure.gravatar.com\\\/avatar\\\/5ebf1554473077ab88cd1ec3372750991c09302ef58500182e331751d1f3473b?s=96&d=identicon&r=g7289394c1202ef020fcd9aad965e50f7\",\"url\":\"https:\\\/\\\/secure.gravatar.com\\\/avatar\\\/5ebf1554473077ab88cd1ec3372750991c09302ef58500182e331751d1f3473b?s=96&d=identicon&r=g\",\"contentUrl\":\"https:\\\/\\\/secure.gravatar.com\\\/avatar\\\/5ebf1554473077ab88cd1ec3372750991c09302ef58500182e331751d1f3473b?s=96&d=identicon&r=g\",\"caption\":\"cdnolympicteam\"},\"url\":\"https:\\\/\\\/develop.olympic.ca\\\/olympique\\\/author\\\/cdnolympicteam\\\/\"}]}<\/script>\n<!-- \/ Yoast SEO plugin. -->","yoast_head_json":{"title":"Olympic.ca est le nouveau chez-soi de l\u2019\u00e9quipe olympique canadienne - \u00c9quipe Canada | Site officiel de l&#039;\u00e9quipe olympique","robots":{"index":"index","follow":"follow","max-snippet":"max-snippet:-1","max-image-preview":"max-image-preview:large","max-video-preview":"max-video-preview:-1"},"canonical":"https:\/\/develop.olympic.ca\/olympique\/2009\/05\/21\/olympic-ca-est-le-nouveau-chez-soi-de-lequipe-olympique-canadienne\/","og_locale":"fr_FR","og_type":"article","og_title":"Olympic.ca est le nouveau chez-soi de l\u2019\u00e9quipe olympique canadienne - \u00c9quipe Canada | Site officiel de l&#039;\u00e9quipe olympique","og_description":"o\u00f9 les Canadiens sont en contact avec les athl\u00e8tes Le Comit\u00e9 olympique canadien (COC) a annonc\u00e9 aujourd\u2019hui le lancement d\u2019un...","og_url":"https:\/\/develop.olympic.ca\/olympique\/2009\/05\/21\/olympic-ca-est-le-nouveau-chez-soi-de-lequipe-olympique-canadienne\/","og_site_name":"\u00c9quipe Canada | Site officiel de l&#039;\u00e9quipe olympique","article_published_time":"2009-05-21T16:58:44+00:00","article_modified_time":"2013-08-01T01:07:36+00:00","og_image":[{"width":1012,"height":754,"url":"https:\/\/develop.olympic.ca\/olympique\/wp-content\/uploads\/sites\/2\/2011\/08\/2008-openingceremony5.jpg?resize=1012,754","type":"image\/jpeg"}],"author":"Comit\u00e9 olympique canadien","twitter_card":"summary_large_image","twitter_misc":{"Written by":"Comit\u00e9 olympique canadien","Est. reading time":"4 minutes"},"schema":{"@context":"https:\/\/schema.org","@graph":[{"@type":"Article","@id":"https:\/\/develop.olympic.ca\/olympique\/2009\/05\/21\/olympic-ca-est-le-nouveau-chez-soi-de-lequipe-olympique-canadienne\/#article","isPartOf":{"@id":"https:\/\/develop.olympic.ca\/olympique\/2009\/05\/21\/olympic-ca-est-le-nouveau-chez-soi-de-lequipe-olympique-canadienne\/"},"author":{"name":"cdnolympicteam","@id":"https:\/\/develop.olympic.ca\/olympique\/#\/schema\/person\/b88ab0bea250d933632a93e669b06e95"},"headline":"Olympic.ca est le nouveau chez-soi de l\u2019\u00e9quipe olympique canadienne","datePublished":"2009-05-21T16:58:44+00:00","dateModified":"2013-08-01T01:07:36+00:00","mainEntityOfPage":{"@id":"https:\/\/develop.olympic.ca\/olympique\/2009\/05\/21\/olympic-ca-est-le-nouveau-chez-soi-de-lequipe-olympique-canadienne\/"},"wordCount":772,"commentCount":0,"image":{"@id":"https:\/\/develop.olympic.ca\/olympique\/2009\/05\/21\/olympic-ca-est-le-nouveau-chez-soi-de-lequipe-olympique-canadienne\/#primaryimage"},"thumbnailUrl":"https:\/\/develop.olympic.ca\/olympique\/wp-content\/uploads\/sites\/2\/2011\/08\/2008-openingceremony5.jpg?quality=100","articleSection":["Derni\u00e8res nouvelles"],"inLanguage":"fr-FR","potentialAction":[{"@type":"CommentAction","name":"Comment","target":["https:\/\/develop.olympic.ca\/olympique\/2009\/05\/21\/olympic-ca-est-le-nouveau-chez-soi-de-lequipe-olympique-canadienne\/#respond"]}]},{"@type":"WebPage","@id":"https:\/\/develop.olympic.ca\/olympique\/2009\/05\/21\/olympic-ca-est-le-nouveau-chez-soi-de-lequipe-olympique-canadienne\/","url":"https:\/\/develop.olympic.ca\/olympique\/2009\/05\/21\/olympic-ca-est-le-nouveau-chez-soi-de-lequipe-olympique-canadienne\/","name":"Olympic.ca est le nouveau chez-soi de l\u2019\u00e9quipe olympique canadienne - \u00c9quipe Canada | Site officiel de l&#039;\u00e9quipe olympique","isPartOf":{"@id":"https:\/\/develop.olympic.ca\/olympique\/#website"},"primaryImageOfPage":{"@id":"https:\/\/develop.olympic.ca\/olympique\/2009\/05\/21\/olympic-ca-est-le-nouveau-chez-soi-de-lequipe-olympique-canadienne\/#primaryimage"},"image":{"@id":"https:\/\/develop.olympic.ca\/olympique\/2009\/05\/21\/olympic-ca-est-le-nouveau-chez-soi-de-lequipe-olympique-canadienne\/#primaryimage"},"thumbnailUrl":"https:\/\/develop.olympic.ca\/olympique\/wp-content\/uploads\/sites\/2\/2011\/08\/2008-openingceremony5.jpg?quality=100","datePublished":"2009-05-21T16:58:44+00:00","dateModified":"2013-08-01T01:07:36+00:00","author":{"@id":"https:\/\/develop.olympic.ca\/olympique\/#\/schema\/person\/b88ab0bea250d933632a93e669b06e95"},"inLanguage":"fr-FR","potentialAction":[{"@type":"ReadAction","target":["https:\/\/develop.olympic.ca\/olympique\/2009\/05\/21\/olympic-ca-est-le-nouveau-chez-soi-de-lequipe-olympique-canadienne\/"]}]},{"@type":"ImageObject","inLanguage":"fr-FR","@id":"https:\/\/develop.olympic.ca\/olympique\/2009\/05\/21\/olympic-ca-est-le-nouveau-chez-soi-de-lequipe-olympique-canadienne\/#primaryimage","url":"https:\/\/develop.olympic.ca\/olympique\/wp-content\/uploads\/sites\/2\/2011\/08\/2008-openingceremony5.jpg?quality=100","contentUrl":"https:\/\/develop.olympic.ca\/olympique\/wp-content\/uploads\/sites\/2\/2011\/08\/2008-openingceremony5.jpg?quality=100","width":2544,"height":1896,"caption":"Adam Van Koeverden porte le drapeau et m\u00e8ne l'\u00e9quipe canadienne lors des Jeux olympiques d'\u00e9t\u00e9 de Beijing, en 2008. CP Photo\/COC"},{"@type":"WebSite","@id":"https:\/\/develop.olympic.ca\/olympique\/#website","url":"https:\/\/develop.olympic.ca\/olympique\/","name":"\u00c9quipe Canada | Site officiel de l&#039;\u00e9quipe olympique","description":"Votre source pour l\u2019\u00c9quipe olympique canadienne. Retrouvez les r\u00e9cits, vid\u00e9os et photos des athl\u00e8tes canadiens, sports olympiques, Jeux olympiques de 2020 et bien plus!","potentialAction":[{"@type":"SearchAction","target":{"@type":"EntryPoint","urlTemplate":"https:\/\/develop.olympic.ca\/olympique\/?s={search_term_string}"},"query-input":{"@type":"PropertyValueSpecification","valueRequired":true,"valueName":"search_term_string"}}],"inLanguage":"fr-FR"},{"@type":"Person","@id":"https:\/\/develop.olympic.ca\/olympique\/#\/schema\/person\/b88ab0bea250d933632a93e669b06e95","name":"cdnolympicteam","image":{"@type":"ImageObject","inLanguage":"fr-FR","@id":"https:\/\/secure.gravatar.com\/avatar\/5ebf1554473077ab88cd1ec3372750991c09302ef58500182e331751d1f3473b?s=96&d=identicon&r=g7289394c1202ef020fcd9aad965e50f7","url":"https:\/\/secure.gravatar.com\/avatar\/5ebf1554473077ab88cd1ec3372750991c09302ef58500182e331751d1f3473b?s=96&d=identicon&r=g","contentUrl":"https:\/\/secure.gravatar.com\/avatar\/5ebf1554473077ab88cd1ec3372750991c09302ef58500182e331751d1f3473b?s=96&d=identicon&r=g","caption":"cdnolympicteam"},"url":"https:\/\/develop.olympic.ca\/olympique\/author\/cdnolympicteam\/"}]}},"jetpack_featured_media_url":"https:\/\/develop.olympic.ca\/olympique\/wp-content\/uploads\/sites\/2\/2011\/08\/2008-openingceremony5.jpg?quality=100","featured_image_url":"https:\/\/develop.olympic.ca\/olympique\/wp-content\/uploads\/sites\/2\/2011\/08\/2008-openingceremony5.jpg?quality=100","author_name":["Comit\u00e9 olympique canadien"],"category_names":["Derni\u00e8res nouvelles"],"tag_names":[],"video_embed_code":"","facebook_video_embed_code":"","jetpack_sharing_enabled":true,"jetpack-related-posts":[],"jetpack_shortlink":"https:\/\/wp.me\/pbmyEP-u9","_links":{"self":[{"href":"https:\/\/develop.olympic.ca\/olympique\/wp-json\/wp\/v2\/posts\/1869","targetHints":{"allow":["GET"]}}],"collection":[{"href":"https:\/\/develop.olympic.ca\/olympique\/wp-json\/wp\/v2\/posts"}],"about":[{"href":"https:\/\/develop.olympic.ca\/olympique\/wp-json\/wp\/v2\/types\/post"}],"author":[{"embeddable":true,"href":"https:\/\/develop.olympic.ca\/olympique\/wp-json\/wp\/v2\/users\/47562643"}],"replies":[{"embeddable":true,"href":"https:\/\/develop.olympic.ca\/olympique\/wp-json\/wp\/v2\/comments?post=1869"}],"version-history":[{"count":1,"href":"https:\/\/develop.olympic.ca\/olympique\/wp-json\/wp\/v2\/posts\/1869\/revisions"}],"predecessor-version":[{"id":82724,"href":"https:\/\/develop.olympic.ca\/olympique\/wp-json\/wp\/v2\/posts\/1869\/revisions\/82724"}],"wp:featuredmedia":[{"embeddable":true,"href":"https:\/\/develop.olympic.ca\/olympique\/wp-json\/wp\/v2\/media\/1866"}],"wp:attachment":[{"href":"https:\/\/develop.olympic.ca\/olympique\/wp-json\/wp\/v2\/media?parent=1869"}],"wp:term":[{"taxonomy":"category","embeddable":true,"href":"https:\/\/develop.olympic.ca\/olympique\/wp-json\/wp\/v2\/categories?post=1869"},{"taxonomy":"post_tag","embeddable":true,"href":"https:\/\/develop.olympic.ca\/olympique\/wp-json\/wp\/v2\/tags?post=1869"},{"taxonomy":"post_format","embeddable":true,"href":"https:\/\/develop.olympic.ca\/olympique\/wp-json\/wp\/v2\/post_format?post=1869"},{"taxonomy":"sport","embeddable":true,"href":"https:\/\/develop.olympic.ca\/olympique\/wp-json\/wp\/v2\/sport?post=1869"},{"taxonomy":"game","embeddable":true,"href":"https:\/\/develop.olympic.ca\/olympique\/wp-json\/wp\/v2\/game?post=1869"},{"taxonomy":"author","embeddable":true,"href":"https:\/\/develop.olympic.ca\/olympique\/wp-json\/wp\/v2\/coauthors?post=1869"}],"curies":[{"name":"wp","href":"https:\/\/api.w.org\/{rel}","templated":true}]}}