{"id":206309,"date":"2022-03-28T15:18:25","date_gmt":"2022-03-28T19:18:25","guid":{"rendered":"https:\/\/develop.olympic.ca\/olympique\/?p=206309"},"modified":"2022-03-28T16:28:07","modified_gmt":"2022-03-28T20:28:07","slug":"comment-le-canada-a-reecrit-son-histoire-en-soccer-et-sest-qualifie-pour-la-coupe-du-monde","status":"publish","type":"post","link":"https:\/\/develop.olympic.ca\/olympique\/2022\/03\/28\/comment-le-canada-a-reecrit-son-histoire-en-soccer-et-sest-qualifie-pour-la-coupe-du-monde\/","title":{"rendered":"Comment le Canada a r\u00e9\u00e9crit son histoire en soccer et s&rsquo;est qualifi\u00e9 pour la Coupe du monde"},"content":{"rendered":"\n<p class=\"wp-block-paragraph\">Au moment o\u00f9 le Canada c\u00e9l\u00e8bre son retour tr\u00e8s longuement attendu \u00e0 la Coupe du monde masculine de la FIFA, il est probablement juste d&rsquo;affirmer qu&rsquo;avant tout r\u00e9cemment, peu de gens pouvaient pr\u00e9dire que les choses tourneraient ainsi. <\/p>\n\n\n\n<p class=\"wp-block-paragraph\">Avec <a href=\"https:\/\/develop.olympic.ca\/olympique\/2022\/03\/27\/equipe-canada-sera-de-la-coupe-du-monde-de-soccer-2022-une-premiere-en-36-ans\/\">une victoire \u00e9crasante de 4-0 sur la Jama\u00efque dimanche<\/a>, l&rsquo;\u00e9quipe canadienne masculine a mis la main sur une qualification pour la Coupe du monde 2022 qui aura lieu au Qatar en novembre et d\u00e9cembre. Il s&rsquo;agira de la deuxi\u00e8me pr\u00e9sence du Canada au grand rendez-vous du soccer, apr\u00e8s une premi\u00e8re participation \u00e0 Mexico en 1986. <\/p>\n\n\n\n<figure class=\"wp-block-image size-large\"><img loading=\"lazy\" decoding=\"async\" height=\"754\" width=\"1131\" src=\"https:\/\/develop.olympic.ca\/olympique\/wp-content\/uploads\/sites\/2\/2022\/03\/51966271161_c12fe0d599_k.jpg?quality=100&amp;w=1131\" alt=\"L'\u00e9quipe canadienne masculine de soccer c\u00e9l\u00e8bre.\" class=\"wp-image-206312\" srcset=\"https:\/\/develop.olympic.ca\/olympique\/wp-content\/uploads\/sites\/2\/2022\/03\/51966271161_c12fe0d599_k.jpg 2048w, https:\/\/develop.olympic.ca\/olympique\/wp-content\/uploads\/sites\/2\/2022\/03\/51966271161_c12fe0d599_k.jpg?resize=237,158 237w, https:\/\/develop.olympic.ca\/olympique\/wp-content\/uploads\/sites\/2\/2022\/03\/51966271161_c12fe0d599_k.jpg?resize=557,371 557w, https:\/\/develop.olympic.ca\/olympique\/wp-content\/uploads\/sites\/2\/2022\/03\/51966271161_c12fe0d599_k.jpg?resize=768,512 768w, https:\/\/develop.olympic.ca\/olympique\/wp-content\/uploads\/sites\/2\/2022\/03\/51966271161_c12fe0d599_k.jpg?resize=1131,754 1131w, https:\/\/develop.olympic.ca\/olympique\/wp-content\/uploads\/sites\/2\/2022\/03\/51966271161_c12fe0d599_k.jpg?resize=1536,1024 1536w\" sizes=\"(max-width: 1131px) 100vw, 1131px\" \/><figcaption>L&rsquo;\u00e9quipe canadienne masculine de soccer c\u00e9l\u00e8bre sa qualification pour la Coupe du monde de la FIFA 2022 le 27 mars 2022 \u00e0 Toronto.  (Photo: Canada Soccer\/Martin Bazyl)<\/figcaption><\/figure>\n\n\n\n<p class=\"wp-block-paragraph\">Au cours des 36 derni\u00e8res ann\u00e9es, le Canada a pratiquement \u00e9t\u00e9 exclu du noyau d&rsquo;\u00e9quipes masculines comp\u00e9titives, des ann\u00e9es marqu\u00e9es par les d\u00e9ceptions et un potentiel qui ne s&rsquo;est pas r\u00e9alis\u00e9. Si le Canada revenait un jour \u00e0 la Coupe du monde, pensait-on, ce serait en raison d&rsquo;une combinaison de chance et de mauvaises performances de la part de ses adversaires.<\/p>\n\n\n\n<p class=\"wp-block-paragraph\">Peu de gens s&rsquo;attendaient \u00e0 ce que la route vers le Qatar soit diff\u00e9rente. <\/p>\n\n\n\n<p class=\"wp-block-paragraph\">Bien s\u00fbr, le Canada avait des joueurs prometteurs en voie de d\u00e9veloppement, mais on pr\u00e9voyait qu&rsquo;il faudrait attendre encore quelques ann\u00e9es avant qu&rsquo;ils atteignent leur plein potentiel pour briller au niveau international. De plus, le format de qualification pour la Coupe du monde dans la r\u00e9gion de la CONCACAF (couvrant l&rsquo;Am\u00e9rique du Nord, l&rsquo;Am\u00e9rique centrale et les Cara\u00efbes) tra\u00e7ait une route longue, ardue et improbable vers le grand spectacle.<\/p>\n\n\n\n<p class=\"wp-block-paragraph\">Mais la pand\u00e9mie a entra\u00een\u00e9 un changement de format qui a ouvert une voie plus facile au Canada. Puis, au moment parfait, de nouveaux venus au sein l&rsquo;\u00e9quipe nationale ont brill\u00e9 en m\u00eame temps.<\/p>\n\n\n\n<h4 class=\"wp-block-heading\">Une nouvelle g\u00e9n\u00e9ration \u00e0 la hauteur de l&rsquo;occasion <\/h4>\n\n\n\n<p class=\"wp-block-paragraph\">Parmi les piliers de l&rsquo;\u00e9quipe, on retrouve les<em> superstars<\/em> Alphonso Davies (qui a rat\u00e9 le match de dimanche puisqu&rsquo;il se remet toujours de complications li\u00e9es \u00e0 la COVID-19) et Jonathan David, consid\u00e9r\u00e9s comme \u00e9tant deux des plus beaux espoirs au monde. <\/p>\n\n\n\n<p class=\"wp-block-paragraph\">Tajon Buchanan, qui a marqu\u00e9 pour le Canada dimanche, a impressionn\u00e9 par son flair offensif, tandis que la vision et la pr\u00e9cision de Stephen Eustaquio ont fait de lui un milieu de terrain pilier de l&rsquo;\u00e9quipe canadienne.<\/p>\n\n\n\n<p class=\"wp-block-paragraph\">Du c\u00f4t\u00e9 d\u00e9fensif, Richie Laryea, Alistair Johnston, Scott Kennedy et Kamal Miller ont fait preuve de courage et d\u00e9termination. <\/p>\n\n\n\n<figure class=\"wp-block-image size-large\"><img loading=\"lazy\" decoding=\"async\" height=\"754\" width=\"1131\" src=\"https:\/\/develop.olympic.ca\/olympique\/wp-content\/uploads\/sites\/2\/2022\/03\/51966271696_11e99aaa68_k.jpg?quality=100&amp;w=1131\" alt=\"Alistair Johnston c\u00e9l\u00e8bre avec l'\u00e9quipe canadienne.\" class=\"wp-image-206327\" srcset=\"https:\/\/develop.olympic.ca\/olympique\/wp-content\/uploads\/sites\/2\/2022\/03\/51966271696_11e99aaa68_k.jpg 2048w, https:\/\/develop.olympic.ca\/olympique\/wp-content\/uploads\/sites\/2\/2022\/03\/51966271696_11e99aaa68_k.jpg?resize=237,158 237w, https:\/\/develop.olympic.ca\/olympique\/wp-content\/uploads\/sites\/2\/2022\/03\/51966271696_11e99aaa68_k.jpg?resize=557,371 557w, https:\/\/develop.olympic.ca\/olympique\/wp-content\/uploads\/sites\/2\/2022\/03\/51966271696_11e99aaa68_k.jpg?resize=768,512 768w, https:\/\/develop.olympic.ca\/olympique\/wp-content\/uploads\/sites\/2\/2022\/03\/51966271696_11e99aaa68_k.jpg?resize=1131,754 1131w, https:\/\/develop.olympic.ca\/olympique\/wp-content\/uploads\/sites\/2\/2022\/03\/51966271696_11e99aaa68_k.jpg?resize=1536,1024 1536w\" sizes=\"(max-width: 1131px) 100vw, 1131px\" \/><figcaption>Alistair Johnston et ses co\u00e9quipiers de l&rsquo;\u00e9quipe canadienne masculine de soccer c\u00e9l\u00e8brent leur qualification pour la Coupe du monde de soccer de la FIFA 2022 le 27 mars 2022 \u00e0 Toronto. (Photo: Canada Soccer\/Martin Bazyl)<\/figcaption><\/figure>\n\n\n\n<p class=\"wp-block-paragraph\">Toutefois, il n&rsquo;y a pas que les recrues qui se sont signal\u00e9es dans ce remarquable parcours vers une qualification pour la Coupe du monde au cours duquel le Canada n&rsquo;a perdu qu&rsquo;un seul de leurs 19 matchs depuis mars dernier. <\/p>\n\n\n\n<p class=\"wp-block-paragraph\">Le but de Cyle Larin dimanche \u00e9tait sont 24e pour le Canada, creusant ainsi son avance en tant que meilleur compteur de tous les temps de l&rsquo;\u00e9quipe masculine. <\/p>\n\n\n\n<p class=\"wp-block-paragraph\">Le gardien de but Milan Borjan a sauv\u00e9 la situation \u00e0 plusieurs moments critiques lors de ce parcours. Les milieux de terrain Junior Hoilett et Jonathan Osorio vivent actuellement leurs plus belles ann\u00e9es avec l&rsquo;\u00e9quipe nationale. Steven Vitoria l&rsquo;\u00e9l\u00e9ment cl\u00e9 de la d\u00e9fense, tandis que Sam Adekugbe s&rsquo;est r\u00e9v\u00e9l\u00e9 avec ses jeux \u2014 et ses c\u00e9l\u00e9brations d&rsquo;apr\u00e8s but.<\/p>\n\n\n\n<figure class=\"wp-block-embed is-type-rich is-provider-twitter wp-block-embed-twitter\"><div class=\"wp-block-embed__wrapper\">\n<blockquote class=\"twitter-tweet\" data-width=\"550\" data-dnt=\"true\"><p lang=\"en\" dir=\"ltr\">Sam Adekugbe with the big \u2603\ufe0f  goal celebration <a href=\"https:\/\/twitter.com\/CanadaSoccerEN?ref_src=twsrc%5Etfw\">@CanadaSoccerEN<\/a>  <a href=\"https:\/\/twitter.com\/hashtag\/CWCQ?src=hash&amp;ref_src=twsrc%5Etfw\">#CWCQ<\/a> <a href=\"https:\/\/t.co\/iFPNdISsPM\">pic.twitter.com\/iFPNdISsPM<\/a><\/p>&mdash; Concacaf (@Concacaf) <a href=\"https:\/\/twitter.com\/Concacaf\/status\/1460817003216785408?ref_src=twsrc%5Etfw\">November 17, 2021<\/a><\/blockquote><script async src=\"https:\/\/platform.twitter.com\/widgets.js\" charset=\"utf-8\"><\/script>\n<\/div><\/figure>\n\n\n\n<p class=\"wp-block-paragraph\">Et il faut \u00e9galement mentionner le capitaine Atiba Hutchinson qui a port\u00e9 l&rsquo;unifoli\u00e9 pour la premi\u00e8re fois en 2001. L&rsquo;athl\u00e8te de 39 ans a particip\u00e9 \u00e0 son 94e match avec l&rsquo;\u00e9quipe nationale senior dimanche, plus que tout autre joueur masculin, et il \u00e9tait sur le terrain lorsque le sifflet final d\u00e9cisif a retenti. <\/p>\n\n\n\n<p class=\"wp-block-paragraph\">Loin de se faufiler vers la Coupe du monde, l&rsquo;\u00e9quipe canadienne entre par la grande porte. Apr\u00e8s de nombreuses ann\u00e9es marqu\u00e9es par des probl\u00e8mes offensifs, le Canada a marqu\u00e9 plus de buts que toute autre \u00e9quipe nationale masculine au monde en 2021, avec 53 buts en 18 matchs.  <\/p>\n\n\n\n<p class=\"wp-block-paragraph\">Une grande partie de ce succ\u00e8s &#8211; et des c\u00e9l\u00e9brations qui l&rsquo;accompagnent &#8211; se r\u00e9sume \u00e0 la puissance \u00e0 la disposition de l&rsquo;\u00e9quipe, une situation sans pr\u00e9c\u00e9dent. Mais il y a aussi un autre facteur d\u00e9cisif.<\/p>\n\n\n\n<p class=\"wp-block-paragraph\">\u00ab Tout simplement y croire, y croire de fa\u00e7on absolue. \u00bb<\/p>\n\n\n\n<p class=\"wp-block-paragraph\">Ce sont les mots de l&rsquo;entra\u00eeneur-chef John Herdman, lorsque le reporter de OneSoccer Kristian Jack lui a demand\u00e9 comment l&rsquo;\u00e9quipe \u00e9tait parvenue \u00e0 r\u00e9aliser cet exploit. <\/p>\n\n\n\n<p class=\"wp-block-paragraph\">Quelques moments plus t\u00f4t, il avait \u00e9t\u00e9 asperg\u00e9 de champagne par Borjan, qui a joyeusement affirm\u00e9 \u00e0 la cam\u00e9ra en pointant Herdman : \u00ab Ce gars a tout fait. \u00bb<\/p>\n\n\n\n<figure class=\"wp-block-image size-large\"><img loading=\"lazy\" decoding=\"async\" height=\"754\" width=\"1246\" src=\"https:\/\/develop.olympic.ca\/olympique\/wp-content\/uploads\/sites\/2\/2022\/03\/51966272146_616c87785f_k.jpg?quality=100&amp;w=1131\" alt=\"Herdman l\u00e8ve les deux bras dans la airs pour c\u00e9l\u00e9brer.\" class=\"wp-image-206331\" \/><figcaption>L&rsquo;entra\u00eeneur-chef John Herdman c\u00e9l\u00e8bre la qualification du Canada pour la Coupe du monde de la FIFA 2022 le 27 mars 2022 \u00e0 Toronto. (Photo: Canada Soccer\/Martin Bazyl)<\/figcaption><\/figure>\n\n\n\n<p class=\"wp-block-paragraph\">Et, m\u00eame s&rsquo;il n&rsquo;a pas tout fait, Herdman a \u00e9t\u00e9 un \u00e9l\u00e9ment cl\u00e9 de l&rsquo;incroyable transformation du soccer au pays au cours de la derni\u00e8re d\u00e9cennie. <\/p>\n\n\n\n<p class=\"wp-block-paragraph\">Il a dirig\u00e9 l&rsquo;\u00e9quipe nationale f\u00e9minine vers ses toutes premi\u00e8res m\u00e9dailles olympiques, soit le bronze \u00e0&nbsp;<a href=\"https:\/\/develop.olympic.ca\/olympique\/temple-de-la-renommee-olympique-du-canada\/equipe-feminine-de-soccer-de-londres-2012\/\">Londres 2012<\/a>&nbsp;et&nbsp;\u00e0 <a href=\"https:\/\/develop.olympic.ca\/olympique\/2016\/08\/19\/les-canadiennes-remportent-la-medaille-de-bronze\/\">Rio 2016<\/a>, avant de prendre les r\u00eanes de l&rsquo;\u00e9quipe masculine en 2018.<\/p>\n\n\n\n<h4 class=\"wp-block-heading\">Garder espoir<\/h4>\n\n\n\n<p class=\"wp-block-paragraph\">\u00c0 l&rsquo;\u00e9poque, la d\u00e9cision de se joindre \u00e0 l&rsquo;\u00e9quipe masculine avait \u00e9t\u00e9 accueillie avec surprise et scepticisme. Mais, tout comme il l&rsquo;avait fait pour l&rsquo;\u00e9quipe f\u00e9minine, Herdman a apport\u00e9 \u00e0 l&rsquo;\u00e9quipe masculine une approche tactique fluide et polyvalente et une confiance visible et in\u00e9branlable dans les capacit\u00e9s de ses joueurs.<\/p>\n\n\n\n<p class=\"wp-block-paragraph\">Cette conviction a \u00e9t\u00e9 r\u00e9compens\u00e9e par son \u00e9quipe, qui cherche maintenant \u00e0 \u00e9crire une nouvelle page de son histoire au Qatar : le Canada n&rsquo;a pas jamais gagn\u00e9 un match ou marqu\u00e9 un but \u00e0 la Coupe du monde masculine senior. En analysant la fa\u00e7on dont l&rsquo;\u00e9quipe a jou\u00e9 derni\u00e8rement, peu seraient surpris de voir ces deux records tomber cette ann\u00e9e.<\/p>\n\n\n\n<figure class=\"wp-block-image size-large\"><img loading=\"lazy\" decoding=\"async\" height=\"754\" width=\"1131\" src=\"https:\/\/develop.olympic.ca\/olympique\/wp-content\/uploads\/sites\/2\/2022\/03\/51966824935_37718d7f3c_k.jpg?quality=100&amp;w=1131\" alt=\"Samuel Adekugbe, Mark-Anthony Kaye et Ik\u00e9 Ugbo c\u00e9l\u00e8bre en tenant le drapeau du Canada.\" class=\"wp-image-206335\" srcset=\"https:\/\/develop.olympic.ca\/olympique\/wp-content\/uploads\/sites\/2\/2022\/03\/51966824935_37718d7f3c_k.jpg 2048w, https:\/\/develop.olympic.ca\/olympique\/wp-content\/uploads\/sites\/2\/2022\/03\/51966824935_37718d7f3c_k.jpg?resize=237,158 237w, https:\/\/develop.olympic.ca\/olympique\/wp-content\/uploads\/sites\/2\/2022\/03\/51966824935_37718d7f3c_k.jpg?resize=557,371 557w, https:\/\/develop.olympic.ca\/olympique\/wp-content\/uploads\/sites\/2\/2022\/03\/51966824935_37718d7f3c_k.jpg?resize=768,512 768w, https:\/\/develop.olympic.ca\/olympique\/wp-content\/uploads\/sites\/2\/2022\/03\/51966824935_37718d7f3c_k.jpg?resize=1131,754 1131w, https:\/\/develop.olympic.ca\/olympique\/wp-content\/uploads\/sites\/2\/2022\/03\/51966824935_37718d7f3c_k.jpg?resize=1536,1024 1536w\" sizes=\"(max-width: 1131px) 100vw, 1131px\" \/><figcaption>Samuel Adekugbe, Mark-Anthony Kaye et Ik\u00e9 Ugbo c\u00e9l\u00e8bre la qualification pour la Coupe du monde de la FIFA 2022 le 27 mars 2022 \u00e0 Toronto. (Photo: Canada Soccer\/Martin Bazyl)<\/figcaption><\/figure>\n\n\n\n<p class=\"wp-block-paragraph\">\u00ab Nous allons \u00eatre comp\u00e9titifs, nous n&rsquo;allons pas seulement nous pr\u00e9senter \u00bb, a dit Johnston apr\u00e8s le match de dimanche. Nous voulons faire tourner les t\u00eates. \u00bb<\/p>\n\n\n\n<p class=\"wp-block-paragraph\">\u00c0 plus long terme, le Canada devrait se qualifier automatiquement pour la Coupe du monde de la FIFA 2026, que le pays co-organisera avec les \u00c9tats-Unis et le Mexique. De plus, la majeure partie du noyau de l&rsquo;\u00e9quipe atteindra son plein potentiel \u00e0 ce moment-l\u00e0. <\/p>\n\n\n\n<p class=\"wp-block-paragraph\">Du c\u00f4t\u00e9 f\u00e9minin, le Canada surfe toujours sur sa <a href=\"https:\/\/develop.olympic.ca\/olympique\/2021\/08\/06\/equipe-canada-medaille-podium-soccer-feminin-jeux-olympiques-tokyo-2020\/\">m\u00e9daille d&rsquo;or de Tokyo 2020<\/a> et tentera de poursuivre sur sa lanc\u00e9e cet \u00e9t\u00e9 lors du tournoi de qualification pour la Coupe du monde f\u00e9minine de la FIFA 2023 et <a href=\"https:\/\/develop.olympic.ca\/olympique\/games\/paris-2024\/\">Paris 2024<\/a>.<\/p>\n\n\n\n<p class=\"wp-block-paragraph\">Quand le Canada deviendra-t-il un pays de soccer ? La question est pos\u00e9e depuis longtemps et, au cours des 12 derniers mois, une r\u00e9ponse a \u00e9merg\u00e9 \u2014 nous en sommes d\u00e9j\u00e0 une. <\/p>\n","protected":false},"excerpt":{"rendered":"<p>Au moment o\u00f9 le Canada c\u00e9l\u00e8bre son retour tr\u00e8s longuement attendu \u00e0 la Coupe du monde masculine de la FIFA,&#8230;<\/p>\n","protected":false},"author":185434513,"featured_media":206338,"comment_status":"closed","ping_status":"closed","sticky":false,"template":"","format":"standard","meta":{"_acf_changed":false,"_jetpack_newsletter_access":"","_jetpack_dont_email_post_to_subs":false,"_jetpack_newsletter_tier_id":0,"_jetpack_memberships_contains_paywalled_content":false,"_jetpack_memberships_contains_paid_content":false,"footnotes":"","jetpack_post_was_ever_published":false},"categories":[16085,1],"tags":[682163942,57236,49324792,1104411,187969,1134,59666623,682165144,1693],"post_format":"standard","sport":[8591],"game":[],"coauthors":[374051512,682164273],"class_list":["post-206309","post","type-post","status-publish","format-standard","has-post-thumbnail","hentry","category-nouvelles","category-uncategorized","tag-alphonso-davies","tag-coupe-du-monde","tag-coupe-du-monde-fifa","tag-equipe-canada","tag-fifa","tag-football","tag-john-herdman","tag-qatar-2022","tag-soccer","sport-football"],"acf":[],"featured_image_url":"https:\/\/develop.olympic.ca\/olympique\/wp-content\/uploads\/sites\/2\/2022\/03\/51966174571_7195aea51e_k-e1648494616381.jpg?quality=100","author_name":["Daniel Squizzato","Audrey Lacroix"],"category_names":["Nouvelles","Uncategorized"],"tag_names":["Alphonso Davies","Coupe du monde","Coupe du monde FIFA","\u00c9quipe canada","FIFA","football","John Herdman","Qatar 2022","Soccer"],"video_embed_code":"","facebook_video_embed_code":"","jetpack_sharing_enabled":true,"jetpack-related-posts":[],"jetpack_shortlink":"https:\/\/wp.me\/pbmyEP-RFz","jetpack_featured_media_url":"https:\/\/develop.olympic.ca\/olympique\/wp-content\/uploads\/sites\/2\/2022\/03\/51966174571_7195aea51e_k-e1648494616381.jpg?quality=100","_links":{"self":[{"href":"https:\/\/develop.olympic.ca\/olympique\/wp-json\/wp\/v2\/posts\/206309","targetHints":{"allow":["GET"]}}],"collection":[{"href":"https:\/\/develop.olympic.ca\/olympique\/wp-json\/wp\/v2\/posts"}],"about":[{"href":"https:\/\/develop.olympic.ca\/olympique\/wp-json\/wp\/v2\/types\/post"}],"author":[{"embeddable":true,"href":"https:\/\/develop.olympic.ca\/olympique\/wp-json\/wp\/v2\/users\/185434513"}],"replies":[{"embeddable":true,"href":"https:\/\/develop.olympic.ca\/olympique\/wp-json\/wp\/v2\/comments?post=206309"}],"version-history":[{"count":22,"href":"https:\/\/develop.olympic.ca\/olympique\/wp-json\/wp\/v2\/posts\/206309\/revisions"}],"predecessor-version":[{"id":206355,"href":"https:\/\/develop.olympic.ca\/olympique\/wp-json\/wp\/v2\/posts\/206309\/revisions\/206355"}],"wp:featuredmedia":[{"embeddable":true,"href":"https:\/\/develop.olympic.ca\/olympique\/wp-json\/wp\/v2\/media\/206338"}],"wp:attachment":[{"href":"https:\/\/develop.olympic.ca\/olympique\/wp-json\/wp\/v2\/media?parent=206309"}],"wp:term":[{"taxonomy":"category","embeddable":true,"href":"https:\/\/develop.olympic.ca\/olympique\/wp-json\/wp\/v2\/categories?post=206309"},{"taxonomy":"post_tag","embeddable":true,"href":"https:\/\/develop.olympic.ca\/olympique\/wp-json\/wp\/v2\/tags?post=206309"},{"taxonomy":"post_format","embeddable":true,"href":"https:\/\/develop.olympic.ca\/olympique\/wp-json\/wp\/v2\/post_format?post=206309"},{"taxonomy":"sport","embeddable":true,"href":"https:\/\/develop.olympic.ca\/olympique\/wp-json\/wp\/v2\/sport?post=206309"},{"taxonomy":"game","embeddable":true,"href":"https:\/\/develop.olympic.ca\/olympique\/wp-json\/wp\/v2\/game?post=206309"},{"taxonomy":"author","embeddable":true,"href":"https:\/\/develop.olympic.ca\/olympique\/wp-json\/wp\/v2\/coauthors?post=206309"}],"curies":[{"name":"wp","href":"https:\/\/api.w.org\/{rel}","templated":true}]}}