{"id":21430,"date":"2011-03-16T10:55:12","date_gmt":"2011-03-16T14:55:12","guid":{"rendered":"http:\/\/develop.olympic.ca\/?p=21430"},"modified":"2013-08-01T01:12:10","modified_gmt":"2013-08-01T01:12:10","slug":"le-coc-se-prepare-a-propager-lesprit-olympique-dun-bout-a-lautre-du-canada-atlantique","status":"publish","type":"post","link":"https:\/\/develop.olympic.ca\/olympique\/2011\/03\/16\/le-coc-se-prepare-a-propager-lesprit-olympique-dun-bout-a-lautre-du-canada-atlantique\/","title":{"rendered":"Le COC se pr\u00e9pare \u00e0 propager l\u2019esprit olympique d\u2019un bout \u00e0 l\u2019autre du Canada atlantique"},"content":{"rendered":"<p>Le Comit\u00e9 olympique canadien (COC) s\u2019appr\u00eate \u00e0 faire une visite au Canada atlantique le mois prochain pour son \u00e9v\u00e9nement de c\u00e9l\u00e9bration annuelle, alors que la famille olympique se r\u00e9unira une fois de plus \u00e0 l\u2019occasion du d\u00eener de gala et de la c\u00e9r\u00e9monie d\u2019intronisation au Temple de la renomm\u00e9e olympique du Canada dans la p\u00e9tillante ville de Moncton, au Nouveau-Brunswick, le 16 avril.<\/p>\n<p>Au centre des festivit\u00e9s figurent ceux qui seront intronis\u00e9s au Temple de la renomm\u00e9e olympique du Canada  2011, soit  Melody Davidson (hockey), Marc Lemay (cyclisme), David MacEachern (bobsleigh), Curtis Myden (natation) et Elvis Stojko (patinage artistique). <\/p>\n<p>Le COC a annonc\u00e9 aujourd\u2019hui une s\u00e9rie d\u2019\u00e9v\u00e9nements qui se d\u00e9rouleront dans les provinces de l\u2019Atlantique avant le gala du Temple de la renomm\u00e9e, ainsi les Olympiens et les artistes renomm\u00e9s qui feront vibrer la ville de Moncton. <\/p>\n<p>\u00ab Le Canada atlantique va s\u2019impr\u00e9gner du Mouvement olympique, a d\u00e9clar\u00e9 le chef de la direction et secr\u00e9taire g\u00e9n\u00e9ral du COC Jean R. Dupr\u00e9. La passion pour les athl\u00e8tes n\u2019a jamais \u00e9t\u00e9 aussi vive dans ce pays, et le COC canalisera cet \u00e9lan dans la c\u00e9l\u00e9bration du Temple de la renomm\u00e9e. Les \u00e9v\u00e9nements qui se tiendront cette ann\u00e9e durant la semaine du Temple de la renomm\u00e9e sont sans pr\u00e9c\u00e9dent et ils enchanteront  les Canadiens de la c\u00f4te est. \u00bb<\/p>\n<p><b>Tourn\u00e9e des h\u00e9ros olympiques canadiens &#8211;  Canada atlantique<br \/>\n11-14 avril<\/b><br \/>\nLe COC organisera une toute premi\u00e8re \u00ab Tourn\u00e9e des h\u00e9ros olympiques \u00bb \u00e0 laquelle participeront sept m\u00e9daill\u00e9s olympiques et deux athl\u00e8tes paralympiques en vue de propager l\u2019esprit olympique  et inspirer l\u2019excellence personnelle dans tout le Canada atlantique.  Ce groupe d\u2019Olympiens comprend le patineur de vitesse Denny Morrison (m\u00e9daill\u00e9 d\u2019or et d\u2019argent), le rameur Adam Kreek (m\u00e9daill\u00e9 d\u2019or), la patineuse de vitesse sur courte piste Tania Vicent (double m\u00e9daill\u00e9e d\u2019argent et double m\u00e9daill\u00e9e de bronze), les bobeurs Kaillie Humphries (m\u00e9daill\u00e9e d\u2019or), Heather Moyse (m\u00e9daill\u00e9e d\u2019or), David Bissett (m\u00e9daill\u00e9 de bronze) et Chris Le Bihan (m\u00e9daill\u00e9 de bronze). <\/p>\n<p>\u00ab Je suis tr\u00e8s emball\u00e9e \u00e0 l\u2019id\u00e9e de participer \u00e0 cette extraordinaire aventure \u00e0 travers quatre provinces et en compagnie de mes coll\u00e8gues Olympiens, a d\u00e9clar\u00e9 Vicent. Il est tr\u00e8s important pour les Olympiens d\u2019apporter leur contribution aux communaut\u00e9s qui les ont soutenus. Je suis impatiente d\u2019apporter l\u2019\u00e9nergie et l\u2019exaltation des Jeux de Vancouver 2010 sur la c\u00f4te Est et de les partager avec les Canadiens qui nous ont encourag\u00e9s avec tant de passion il y a un an. \u00bb<\/p>\n<p>La Tourn\u00e9e fera revivre l\u2019esprit qui a r\u00e9gn\u00e9 au sein de ces collectivit\u00e9s durant le relais de la flamme olympique 2010 et passera par Halifax, St. John&rsquo;s, Charlottetown et Sommerside (\u00cele-du-Prince-\u00c9douard). Un \u00e9ventail d\u2019\u00e9v\u00e9nements communautaires se d\u00e9roulera tout au long du parcours en vue de c\u00e9l\u00e9brer non seulement le Mouvement olympique canadien, mais aussi les h\u00e9ros nationaux, les h\u00e9ros locaux, ainsi que le h\u00e9ros inconnu qui existe en chacun de nous. <\/p>\n<p>Voici un bref aper\u00e7u des quatre jours de tourn\u00e9e :<\/p>\n<p>\u2022<b>Halifax, 11 avril <\/b>\u2013 La tourn\u00e9e arrivera \u00e0 la base des Forces canadiennes \u00e0  Halifax pour partager les histoires inspirantes des h\u00e9ros de tous les jours de ce pays et leur donner l\u2019occasion de briller; il s\u2019agit des hommes et des femmes de la Marine, de l\u2019Arm\u00e9e de terre et de la Force a\u00e9rienne. Plus tard, les athl\u00e8tes offriront des conseils aux membres d\u2019\u00c9quipe Nouvelle-\u00c9cosse qui ont particip\u00e9 aux derniers Jeux du Canada, dans le cadre de la S\u00e9rie performance et excellence, en collaboration avec le Centre canadien multisport. La journ\u00e9e se conclura par une visite au Manoir Ronald McDonald de l\u2019IWK Health Centre.<\/p>\n<p>\u2022<b>St. John&rsquo;s, 12 avril <\/b>\u2013 Au  31e  anniversaire de la qu\u00eate de Terry Fox, d\u2019un bout \u00e0 l\u2019autre du Canada, les athl\u00e8tes olympiques et paralympiques participeront \u00e0 une c\u00e9r\u00e9monie au Terry Fox Mile Zero, une c\u00e9l\u00e9bration des h\u00e9ros olympiques \u00e0 l\u2019H\u00f4tel de Ville et une visite de l\u2019h\u00f4pital pour enfants Janeway Children&rsquo;s Hospital.<\/p>\n<p>\u2022<b>Charlottetown, 13 avril<\/b> \u2013 La tourn\u00e9e apportera une source d\u2019inspiration d\u2019envergure olympique \u00e0 l\u2019h\u00f4pital pour enfants  QE Children&rsquo;s Hospital; cette visite sera suivie d\u2019un \u00e9v\u00e9nement sp\u00e9cial \u00e0 l\u2019H\u00f4tel de Ville.<\/p>\n<p>\u2022<b>Summerside, 13 avril <\/b>\u2013 La ville de Summerside sera inspir\u00e9e par son h\u00e9ro\u00efne, Heather Moyse et d\u2019autres athl\u00e8tes olympiques et paralympiques, lors de la visite de l\u2019alma mater de Moye, l\u2019\u00e9cole Summerside Intermediate School.<\/p>\n<p>Dans le cadre de son initiative de sensibilisation communautaire dans la r\u00e9gion de Moncton, le COC tiendra la 2e partie de la S\u00e9rie performance et excellence \u00e0 l\u2019Universit\u00e9 de Moncton le vendredi 15 avril. Les Olympiens participeront aussi \u00e0 une activit\u00e9 sociale au March\u00e9 de Moncton, le samedi 16 avril. <\/p>\n<p><b>D\u00eener de gala et c\u00e9r\u00e9monie d\u2019intronisation au Temple de la renomm\u00e9e<br \/>\nMoncton, 16 avril<\/b><br \/>\nLe prestigieux gala du COC se tiendra dans la soir\u00e9e du samedi 16 avril au  Casino Nouveau-Brunswick. Les intronis\u00e9s au Temple de la renomm\u00e9e Davidson, Lemay, MacEachern, Myden et Stojko seront honor\u00e9s \u00e0 l\u2019\u00e9v\u00e9nement qui inclura un programme artistique complet. Parmi les musiciens au programme, mentionnons la l\u00e9gende canadienne Jann Arden, le pianiste et compositeur Stephan Moccio, le groupe  Arkells, ainsi que la violoniste et vedette de la musique folk des Maritimes,  Samantha Robichaud. <\/p>\n<p>De plus, plus de 40 Olympiens participeront \u00e0 cet \u00e9v\u00e9nement spectaculaire, qui est \u00e9galement l\u2019une des activit\u00e9s de collecte de fonds les plus importantes du COC. Les profits seront vers\u00e9s directement \u00e0 l\u2019\u00c9quipe olympique canadienne en soutien aux athl\u00e8tes canadiens de haut niveau. Il y encore reste des tables libres qui peuvent \u00eatre achet\u00e9es au   (un re\u00e7u officiel sera d\u00e9livr\u00e9 pour le montant admissible conform\u00e9ment aux lignes directrices de l\u2019Agence du revenu du Canada.) <\/p>\n<p><b>R\u00e9unions du Conseil d\u2019administration et de la Session du COC <br \/>\nMoncton, April 15-17<\/b><br \/>\nLes r\u00e9unions du Conseil d\u2019administration et de la Session du COC se tiendront \u00e0 Moncton, et r\u00e9uniront les leaders de la communaut\u00e9 du sport de haut niveau du Canada. Le COC a gracieusement accept\u00e9 une offre de la Ville de Moncton de tenir une r\u00e9union \u00e0 huis clos de son Conseil d\u2019administration \u00e0 la sale du conseil de l\u2019H\u00f4tel de Ville le vendredi 15 avril. <\/p>\n<p>Dimanche, les f\u00e9d\u00e9rations nationales de sport (FNS) r\u00e9gissant les sports d\u2019hiver et celles les sports d\u2019\u00e9t\u00e9 tiendront les r\u00e9unions de leurs  caucus respectifs au Colis\u00e9e de Moncton. Elles seront suivies par la r\u00e9union de la Session du COC, qui constitue un important forum au sein duquel la communaut\u00e9 sportive discutera de l\u2019objectif du Canada d\u2019obtenir du succ\u00e8s sur la sc\u00e8ne olympique.  Le COC tiendra \u00e9galement ses \u00e9lections quadriennales en vue de pourvoir \u00e0 six postes de membres de cat\u00e9gorie \u00ab B \u00bb et six postes au sein du Conseil d\u2019administration. <\/p>\n<p>Dimanche, la fin de semaine du Temple de la renomm\u00e9e se conclura au Colis\u00e9e de Moncton avec la deuxi\u00e8me r\u00e9union de la Session suivie par les ateliers axes sur l\u2019examen de la politique sportive canadienne. <\/p>\n<p><a href=\"http:\/\/canadiansportnetwork.com\/dl\/Media\/HOF\/HOF_Media_FR.pdf\" target=\"_blank\">Information pour m\u00e9dias &#8211; le 16 mars<\/a><\/p>\n","protected":false},"excerpt":{"rendered":"<p>Le Comit\u00e9 olympique canadien (COC) s\u2019appr\u00eate \u00e0 faire une visite au Canada atlantique le mois prochain pour son \u00e9v\u00e9nement de&#8230;<\/p>\n","protected":false},"author":47562643,"featured_media":21425,"comment_status":"open","ping_status":"open","sticky":false,"template":"","format":"standard","meta":{"_acf_changed":false,"_crdt_document":"","_jetpack_memberships_contains_paid_content":false,"footnotes":""},"categories":[707890],"tags":[],"post_format":"standard","sport":[],"game":[],"coauthors":[186127234],"class_list":["post-21430","post","type-post","status-publish","format-standard","has-post-thumbnail","hentry","category-comite"],"acf":[],"yoast_head":"<!-- This site is optimized with the Yoast SEO plugin v27.3 - https:\/\/yoast.com\/product\/yoast-seo-wordpress\/ -->\n<title>Le COC se pr\u00e9pare \u00e0 propager l\u2019esprit olympique d\u2019un bout \u00e0 l\u2019autre du Canada atlantique - \u00c9quipe Canada | Site officiel de l&#039;\u00e9quipe olympique<\/title>\n<meta name=\"robots\" content=\"index, follow, max-snippet:-1, max-image-preview:large, max-video-preview:-1\" \/>\n<link rel=\"canonical\" href=\"https:\/\/develop.olympic.ca\/olympique\/2011\/03\/16\/le-coc-se-prepare-a-propager-lesprit-olympique-dun-bout-a-lautre-du-canada-atlantique\/\" \/>\n<meta property=\"og:locale\" content=\"fr_FR\" \/>\n<meta property=\"og:type\" content=\"article\" \/>\n<meta property=\"og:title\" content=\"Le COC se pr\u00e9pare \u00e0 propager l\u2019esprit olympique d\u2019un bout \u00e0 l\u2019autre du Canada atlantique - \u00c9quipe Canada | Site officiel de l&#039;\u00e9quipe olympique\" \/>\n<meta property=\"og:description\" content=\"Le Comit\u00e9 olympique canadien (COC) s\u2019appr\u00eate \u00e0 faire une visite au Canada atlantique le mois prochain pour son \u00e9v\u00e9nement de...\" \/>\n<meta property=\"og:url\" content=\"https:\/\/develop.olympic.ca\/olympique\/2011\/03\/16\/le-coc-se-prepare-a-propager-lesprit-olympique-dun-bout-a-lautre-du-canada-atlantique\/\" \/>\n<meta property=\"og:site_name\" content=\"\u00c9quipe Canada | Site officiel de l&#039;\u00e9quipe olympique\" \/>\n<meta property=\"article:published_time\" content=\"2011-03-16T14:55:12+00:00\" \/>\n<meta property=\"article:modified_time\" content=\"2013-08-01T01:12:10+00:00\" \/>\n<meta property=\"og:image\" content=\"https:\/\/develop.olympic.ca\/olympique\/wp-content\/uploads\/sites\/2\/2011\/09\/13437-_mg_6934cc6.jpg?quality=100\" \/>\n\t<meta property=\"og:image:width\" content=\"2100\" \/>\n\t<meta property=\"og:image:height\" content=\"1500\" \/>\n\t<meta property=\"og:image:type\" content=\"image\/jpeg\" \/>\n<meta name=\"author\" content=\"Comit\u00e9 olympique canadien\" \/>\n<meta name=\"twitter:card\" content=\"summary_large_image\" \/>\n<meta name=\"twitter:label1\" content=\"Written by\" \/>\n\t<meta name=\"twitter:data1\" content=\"Comit\u00e9 olympique canadien\" \/>\n\t<meta name=\"twitter:label2\" content=\"Est. reading time\" \/>\n\t<meta name=\"twitter:data2\" content=\"6 minutes\" \/>\n<script type=\"application\/ld+json\" class=\"yoast-schema-graph\">{\"@context\":\"https:\\\/\\\/schema.org\",\"@graph\":[{\"@type\":\"Article\",\"@id\":\"https:\\\/\\\/develop.olympic.ca\\\/olympique\\\/2011\\\/03\\\/16\\\/le-coc-se-prepare-a-propager-lesprit-olympique-dun-bout-a-lautre-du-canada-atlantique\\\/#article\",\"isPartOf\":{\"@id\":\"https:\\\/\\\/develop.olympic.ca\\\/olympique\\\/2011\\\/03\\\/16\\\/le-coc-se-prepare-a-propager-lesprit-olympique-dun-bout-a-lautre-du-canada-atlantique\\\/\"},\"author\":{\"name\":\"cdnolympicteam\",\"@id\":\"https:\\\/\\\/develop.olympic.ca\\\/olympique\\\/#\\\/schema\\\/person\\\/b88ab0bea250d933632a93e669b06e95\"},\"headline\":\"Le COC se pr\u00e9pare \u00e0 propager l\u2019esprit olympique d\u2019un bout \u00e0 l\u2019autre du Canada atlantique\",\"datePublished\":\"2011-03-16T14:55:12+00:00\",\"dateModified\":\"2013-08-01T01:12:10+00:00\",\"mainEntityOfPage\":{\"@id\":\"https:\\\/\\\/develop.olympic.ca\\\/olympique\\\/2011\\\/03\\\/16\\\/le-coc-se-prepare-a-propager-lesprit-olympique-dun-bout-a-lautre-du-canada-atlantique\\\/\"},\"wordCount\":1294,\"commentCount\":0,\"image\":{\"@id\":\"https:\\\/\\\/develop.olympic.ca\\\/olympique\\\/2011\\\/03\\\/16\\\/le-coc-se-prepare-a-propager-lesprit-olympique-dun-bout-a-lautre-du-canada-atlantique\\\/#primaryimage\"},\"thumbnailUrl\":\"https:\\\/\\\/develop.olympic.ca\\\/olympique\\\/wp-content\\\/uploads\\\/sites\\\/2\\\/2011\\\/09\\\/13437-_mg_6934cc6.jpg?quality=100\",\"articleSection\":[\"Derni\u00e8res nouvelles\"],\"inLanguage\":\"fr-FR\",\"potentialAction\":[{\"@type\":\"CommentAction\",\"name\":\"Comment\",\"target\":[\"https:\\\/\\\/develop.olympic.ca\\\/olympique\\\/2011\\\/03\\\/16\\\/le-coc-se-prepare-a-propager-lesprit-olympique-dun-bout-a-lautre-du-canada-atlantique\\\/#respond\"]}]},{\"@type\":\"WebPage\",\"@id\":\"https:\\\/\\\/develop.olympic.ca\\\/olympique\\\/2011\\\/03\\\/16\\\/le-coc-se-prepare-a-propager-lesprit-olympique-dun-bout-a-lautre-du-canada-atlantique\\\/\",\"url\":\"https:\\\/\\\/develop.olympic.ca\\\/olympique\\\/2011\\\/03\\\/16\\\/le-coc-se-prepare-a-propager-lesprit-olympique-dun-bout-a-lautre-du-canada-atlantique\\\/\",\"name\":\"Le COC se pr\u00e9pare \u00e0 propager l\u2019esprit olympique d\u2019un bout \u00e0 l\u2019autre du Canada atlantique - \u00c9quipe Canada | Site officiel de l&#039;\u00e9quipe olympique\",\"isPartOf\":{\"@id\":\"https:\\\/\\\/develop.olympic.ca\\\/olympique\\\/#website\"},\"primaryImageOfPage\":{\"@id\":\"https:\\\/\\\/develop.olympic.ca\\\/olympique\\\/2011\\\/03\\\/16\\\/le-coc-se-prepare-a-propager-lesprit-olympique-dun-bout-a-lautre-du-canada-atlantique\\\/#primaryimage\"},\"image\":{\"@id\":\"https:\\\/\\\/develop.olympic.ca\\\/olympique\\\/2011\\\/03\\\/16\\\/le-coc-se-prepare-a-propager-lesprit-olympique-dun-bout-a-lautre-du-canada-atlantique\\\/#primaryimage\"},\"thumbnailUrl\":\"https:\\\/\\\/develop.olympic.ca\\\/olympique\\\/wp-content\\\/uploads\\\/sites\\\/2\\\/2011\\\/09\\\/13437-_mg_6934cc6.jpg?quality=100\",\"datePublished\":\"2011-03-16T14:55:12+00:00\",\"dateModified\":\"2013-08-01T01:12:10+00:00\",\"author\":{\"@id\":\"https:\\\/\\\/develop.olympic.ca\\\/olympique\\\/#\\\/schema\\\/person\\\/b88ab0bea250d933632a93e669b06e95\"},\"inLanguage\":\"fr-FR\",\"potentialAction\":[{\"@type\":\"ReadAction\",\"target\":[\"https:\\\/\\\/develop.olympic.ca\\\/olympique\\\/2011\\\/03\\\/16\\\/le-coc-se-prepare-a-propager-lesprit-olympique-dun-bout-a-lautre-du-canada-atlantique\\\/\"]}]},{\"@type\":\"ImageObject\",\"inLanguage\":\"fr-FR\",\"@id\":\"https:\\\/\\\/develop.olympic.ca\\\/olympique\\\/2011\\\/03\\\/16\\\/le-coc-se-prepare-a-propager-lesprit-olympique-dun-bout-a-lautre-du-canada-atlantique\\\/#primaryimage\",\"url\":\"https:\\\/\\\/develop.olympic.ca\\\/olympique\\\/wp-content\\\/uploads\\\/sites\\\/2\\\/2011\\\/09\\\/13437-_mg_6934cc6.jpg?quality=100\",\"contentUrl\":\"https:\\\/\\\/develop.olympic.ca\\\/olympique\\\/wp-content\\\/uploads\\\/sites\\\/2\\\/2011\\\/09\\\/13437-_mg_6934cc6.jpg?quality=100\",\"width\":2100,\"height\":1500},{\"@type\":\"WebSite\",\"@id\":\"https:\\\/\\\/develop.olympic.ca\\\/olympique\\\/#website\",\"url\":\"https:\\\/\\\/develop.olympic.ca\\\/olympique\\\/\",\"name\":\"\u00c9quipe Canada | Site officiel de l&#039;\u00e9quipe olympique\",\"description\":\"Votre source pour l\u2019\u00c9quipe olympique canadienne. Retrouvez les r\u00e9cits, vid\u00e9os et photos des athl\u00e8tes canadiens, sports olympiques, Jeux olympiques de 2020 et bien plus!\",\"potentialAction\":[{\"@type\":\"SearchAction\",\"target\":{\"@type\":\"EntryPoint\",\"urlTemplate\":\"https:\\\/\\\/develop.olympic.ca\\\/olympique\\\/?s={search_term_string}\"},\"query-input\":{\"@type\":\"PropertyValueSpecification\",\"valueRequired\":true,\"valueName\":\"search_term_string\"}}],\"inLanguage\":\"fr-FR\"},{\"@type\":\"Person\",\"@id\":\"https:\\\/\\\/develop.olympic.ca\\\/olympique\\\/#\\\/schema\\\/person\\\/b88ab0bea250d933632a93e669b06e95\",\"name\":\"cdnolympicteam\",\"image\":{\"@type\":\"ImageObject\",\"inLanguage\":\"fr-FR\",\"@id\":\"https:\\\/\\\/secure.gravatar.com\\\/avatar\\\/5ebf1554473077ab88cd1ec3372750991c09302ef58500182e331751d1f3473b?s=96&d=identicon&r=g7289394c1202ef020fcd9aad965e50f7\",\"url\":\"https:\\\/\\\/secure.gravatar.com\\\/avatar\\\/5ebf1554473077ab88cd1ec3372750991c09302ef58500182e331751d1f3473b?s=96&d=identicon&r=g\",\"contentUrl\":\"https:\\\/\\\/secure.gravatar.com\\\/avatar\\\/5ebf1554473077ab88cd1ec3372750991c09302ef58500182e331751d1f3473b?s=96&d=identicon&r=g\",\"caption\":\"cdnolympicteam\"},\"url\":\"https:\\\/\\\/develop.olympic.ca\\\/olympique\\\/author\\\/cdnolympicteam\\\/\"}]}<\/script>\n<!-- \/ Yoast SEO plugin. -->","yoast_head_json":{"title":"Le COC se pr\u00e9pare \u00e0 propager l\u2019esprit olympique d\u2019un bout \u00e0 l\u2019autre du Canada atlantique - \u00c9quipe Canada | Site officiel de l&#039;\u00e9quipe olympique","robots":{"index":"index","follow":"follow","max-snippet":"max-snippet:-1","max-image-preview":"max-image-preview:large","max-video-preview":"max-video-preview:-1"},"canonical":"https:\/\/develop.olympic.ca\/olympique\/2011\/03\/16\/le-coc-se-prepare-a-propager-lesprit-olympique-dun-bout-a-lautre-du-canada-atlantique\/","og_locale":"fr_FR","og_type":"article","og_title":"Le COC se pr\u00e9pare \u00e0 propager l\u2019esprit olympique d\u2019un bout \u00e0 l\u2019autre du Canada atlantique - \u00c9quipe Canada | Site officiel de l&#039;\u00e9quipe olympique","og_description":"Le Comit\u00e9 olympique canadien (COC) s\u2019appr\u00eate \u00e0 faire une visite au Canada atlantique le mois prochain pour son \u00e9v\u00e9nement de...","og_url":"https:\/\/develop.olympic.ca\/olympique\/2011\/03\/16\/le-coc-se-prepare-a-propager-lesprit-olympique-dun-bout-a-lautre-du-canada-atlantique\/","og_site_name":"\u00c9quipe Canada | Site officiel de l&#039;\u00e9quipe olympique","article_published_time":"2011-03-16T14:55:12+00:00","article_modified_time":"2013-08-01T01:12:10+00:00","og_image":[{"width":2100,"height":1500,"url":"https:\/\/develop.olympic.ca\/olympique\/wp-content\/uploads\/sites\/2\/2011\/09\/13437-_mg_6934cc6.jpg?quality=100","type":"image\/jpeg"}],"author":"Comit\u00e9 olympique canadien","twitter_card":"summary_large_image","twitter_misc":{"Written by":"Comit\u00e9 olympique canadien","Est. reading time":"6 minutes"},"schema":{"@context":"https:\/\/schema.org","@graph":[{"@type":"Article","@id":"https:\/\/develop.olympic.ca\/olympique\/2011\/03\/16\/le-coc-se-prepare-a-propager-lesprit-olympique-dun-bout-a-lautre-du-canada-atlantique\/#article","isPartOf":{"@id":"https:\/\/develop.olympic.ca\/olympique\/2011\/03\/16\/le-coc-se-prepare-a-propager-lesprit-olympique-dun-bout-a-lautre-du-canada-atlantique\/"},"author":{"name":"cdnolympicteam","@id":"https:\/\/develop.olympic.ca\/olympique\/#\/schema\/person\/b88ab0bea250d933632a93e669b06e95"},"headline":"Le COC se pr\u00e9pare \u00e0 propager l\u2019esprit olympique d\u2019un bout \u00e0 l\u2019autre du Canada atlantique","datePublished":"2011-03-16T14:55:12+00:00","dateModified":"2013-08-01T01:12:10+00:00","mainEntityOfPage":{"@id":"https:\/\/develop.olympic.ca\/olympique\/2011\/03\/16\/le-coc-se-prepare-a-propager-lesprit-olympique-dun-bout-a-lautre-du-canada-atlantique\/"},"wordCount":1294,"commentCount":0,"image":{"@id":"https:\/\/develop.olympic.ca\/olympique\/2011\/03\/16\/le-coc-se-prepare-a-propager-lesprit-olympique-dun-bout-a-lautre-du-canada-atlantique\/#primaryimage"},"thumbnailUrl":"https:\/\/develop.olympic.ca\/olympique\/wp-content\/uploads\/sites\/2\/2011\/09\/13437-_mg_6934cc6.jpg?quality=100","articleSection":["Derni\u00e8res nouvelles"],"inLanguage":"fr-FR","potentialAction":[{"@type":"CommentAction","name":"Comment","target":["https:\/\/develop.olympic.ca\/olympique\/2011\/03\/16\/le-coc-se-prepare-a-propager-lesprit-olympique-dun-bout-a-lautre-du-canada-atlantique\/#respond"]}]},{"@type":"WebPage","@id":"https:\/\/develop.olympic.ca\/olympique\/2011\/03\/16\/le-coc-se-prepare-a-propager-lesprit-olympique-dun-bout-a-lautre-du-canada-atlantique\/","url":"https:\/\/develop.olympic.ca\/olympique\/2011\/03\/16\/le-coc-se-prepare-a-propager-lesprit-olympique-dun-bout-a-lautre-du-canada-atlantique\/","name":"Le COC se pr\u00e9pare \u00e0 propager l\u2019esprit olympique d\u2019un bout \u00e0 l\u2019autre du Canada atlantique - \u00c9quipe Canada | Site officiel de l&#039;\u00e9quipe olympique","isPartOf":{"@id":"https:\/\/develop.olympic.ca\/olympique\/#website"},"primaryImageOfPage":{"@id":"https:\/\/develop.olympic.ca\/olympique\/2011\/03\/16\/le-coc-se-prepare-a-propager-lesprit-olympique-dun-bout-a-lautre-du-canada-atlantique\/#primaryimage"},"image":{"@id":"https:\/\/develop.olympic.ca\/olympique\/2011\/03\/16\/le-coc-se-prepare-a-propager-lesprit-olympique-dun-bout-a-lautre-du-canada-atlantique\/#primaryimage"},"thumbnailUrl":"https:\/\/develop.olympic.ca\/olympique\/wp-content\/uploads\/sites\/2\/2011\/09\/13437-_mg_6934cc6.jpg?quality=100","datePublished":"2011-03-16T14:55:12+00:00","dateModified":"2013-08-01T01:12:10+00:00","author":{"@id":"https:\/\/develop.olympic.ca\/olympique\/#\/schema\/person\/b88ab0bea250d933632a93e669b06e95"},"inLanguage":"fr-FR","potentialAction":[{"@type":"ReadAction","target":["https:\/\/develop.olympic.ca\/olympique\/2011\/03\/16\/le-coc-se-prepare-a-propager-lesprit-olympique-dun-bout-a-lautre-du-canada-atlantique\/"]}]},{"@type":"ImageObject","inLanguage":"fr-FR","@id":"https:\/\/develop.olympic.ca\/olympique\/2011\/03\/16\/le-coc-se-prepare-a-propager-lesprit-olympique-dun-bout-a-lautre-du-canada-atlantique\/#primaryimage","url":"https:\/\/develop.olympic.ca\/olympique\/wp-content\/uploads\/sites\/2\/2011\/09\/13437-_mg_6934cc6.jpg?quality=100","contentUrl":"https:\/\/develop.olympic.ca\/olympique\/wp-content\/uploads\/sites\/2\/2011\/09\/13437-_mg_6934cc6.jpg?quality=100","width":2100,"height":1500},{"@type":"WebSite","@id":"https:\/\/develop.olympic.ca\/olympique\/#website","url":"https:\/\/develop.olympic.ca\/olympique\/","name":"\u00c9quipe Canada | Site officiel de l&#039;\u00e9quipe olympique","description":"Votre source pour l\u2019\u00c9quipe olympique canadienne. Retrouvez les r\u00e9cits, vid\u00e9os et photos des athl\u00e8tes canadiens, sports olympiques, Jeux olympiques de 2020 et bien plus!","potentialAction":[{"@type":"SearchAction","target":{"@type":"EntryPoint","urlTemplate":"https:\/\/develop.olympic.ca\/olympique\/?s={search_term_string}"},"query-input":{"@type":"PropertyValueSpecification","valueRequired":true,"valueName":"search_term_string"}}],"inLanguage":"fr-FR"},{"@type":"Person","@id":"https:\/\/develop.olympic.ca\/olympique\/#\/schema\/person\/b88ab0bea250d933632a93e669b06e95","name":"cdnolympicteam","image":{"@type":"ImageObject","inLanguage":"fr-FR","@id":"https:\/\/secure.gravatar.com\/avatar\/5ebf1554473077ab88cd1ec3372750991c09302ef58500182e331751d1f3473b?s=96&d=identicon&r=g7289394c1202ef020fcd9aad965e50f7","url":"https:\/\/secure.gravatar.com\/avatar\/5ebf1554473077ab88cd1ec3372750991c09302ef58500182e331751d1f3473b?s=96&d=identicon&r=g","contentUrl":"https:\/\/secure.gravatar.com\/avatar\/5ebf1554473077ab88cd1ec3372750991c09302ef58500182e331751d1f3473b?s=96&d=identicon&r=g","caption":"cdnolympicteam"},"url":"https:\/\/develop.olympic.ca\/olympique\/author\/cdnolympicteam\/"}]}},"jetpack_featured_media_url":"https:\/\/develop.olympic.ca\/olympique\/wp-content\/uploads\/sites\/2\/2011\/09\/13437-_mg_6934cc6.jpg?quality=100","featured_image_url":"https:\/\/develop.olympic.ca\/olympique\/wp-content\/uploads\/sites\/2\/2011\/09\/13437-_mg_6934cc6.jpg?quality=100","author_name":["Comit\u00e9 olympique canadien"],"category_names":["Derni\u00e8res nouvelles"],"tag_names":[],"video_embed_code":"","facebook_video_embed_code":"","jetpack_sharing_enabled":true,"jetpack-related-posts":[],"jetpack_shortlink":"https:\/\/wp.me\/pbmyEP-5zE","_links":{"self":[{"href":"https:\/\/develop.olympic.ca\/olympique\/wp-json\/wp\/v2\/posts\/21430","targetHints":{"allow":["GET"]}}],"collection":[{"href":"https:\/\/develop.olympic.ca\/olympique\/wp-json\/wp\/v2\/posts"}],"about":[{"href":"https:\/\/develop.olympic.ca\/olympique\/wp-json\/wp\/v2\/types\/post"}],"author":[{"embeddable":true,"href":"https:\/\/develop.olympic.ca\/olympique\/wp-json\/wp\/v2\/users\/47562643"}],"replies":[{"embeddable":true,"href":"https:\/\/develop.olympic.ca\/olympique\/wp-json\/wp\/v2\/comments?post=21430"}],"version-history":[{"count":1,"href":"https:\/\/develop.olympic.ca\/olympique\/wp-json\/wp\/v2\/posts\/21430\/revisions"}],"predecessor-version":[{"id":83059,"href":"https:\/\/develop.olympic.ca\/olympique\/wp-json\/wp\/v2\/posts\/21430\/revisions\/83059"}],"wp:featuredmedia":[{"embeddable":true,"href":"https:\/\/develop.olympic.ca\/olympique\/wp-json\/wp\/v2\/media\/21425"}],"wp:attachment":[{"href":"https:\/\/develop.olympic.ca\/olympique\/wp-json\/wp\/v2\/media?parent=21430"}],"wp:term":[{"taxonomy":"category","embeddable":true,"href":"https:\/\/develop.olympic.ca\/olympique\/wp-json\/wp\/v2\/categories?post=21430"},{"taxonomy":"post_tag","embeddable":true,"href":"https:\/\/develop.olympic.ca\/olympique\/wp-json\/wp\/v2\/tags?post=21430"},{"taxonomy":"post_format","embeddable":true,"href":"https:\/\/develop.olympic.ca\/olympique\/wp-json\/wp\/v2\/post_format?post=21430"},{"taxonomy":"sport","embeddable":true,"href":"https:\/\/develop.olympic.ca\/olympique\/wp-json\/wp\/v2\/sport?post=21430"},{"taxonomy":"game","embeddable":true,"href":"https:\/\/develop.olympic.ca\/olympique\/wp-json\/wp\/v2\/game?post=21430"},{"taxonomy":"author","embeddable":true,"href":"https:\/\/develop.olympic.ca\/olympique\/wp-json\/wp\/v2\/coauthors?post=21430"}],"curies":[{"name":"wp","href":"https:\/\/api.w.org\/{rel}","templated":true}]}}