{"id":249804,"date":"2024-07-22T17:11:00","date_gmt":"2024-07-22T21:11:00","guid":{"rendered":"https:\/\/develop.olympic.ca\/olympique\/?p=249804"},"modified":"2024-07-27T20:21:01","modified_gmt":"2024-07-28T00:21:01","slug":"jour-1-a-surveiller-pour-equipe-canada-a-paris-2024","status":"publish","type":"post","link":"https:\/\/develop.olympic.ca\/olympique\/2024\/07\/22\/jour-1-a-surveiller-pour-equipe-canada-a-paris-2024\/","title":{"rendered":"Jour 1 : \u00c0 surveiller pour \u00c9quipe Canada \u00e0 Paris 2024"},"content":{"rendered":"\n<p class=\"wp-block-paragraph\">Que les Jeux commencent !&nbsp;<\/p>\n\n\n\n<p class=\"wp-block-paragraph\">C&rsquo;est le Jour 1 des Jeux de&nbsp;<a href=\"https:\/\/develop.olympic.ca\/games\/paris-2024\/\">Paris 2024<\/a>&nbsp;et vous ne voulez manquer aucune moment des ces Jeux olympiques historiques. Lisez pour en apprendre plus sur les athl\u00e8tes d&rsquo;\u00c9quipe Canada qui sont en action au Jour 1.<\/p>\n\n\n\n<p class=\"has-text-align-center wp-block-paragraph\"><a href=\"https:\/\/develop.olympic.ca\/olympique\/lequipe-canada-aujourdhui-paris-2024\/\"><strong>Les athl\u00e8tes en comp\u00e9tition aujourd&rsquo;hui<\/strong><\/a><\/p>\n\n\n\n<h2 class=\"wp-block-heading\"><strong>Natation<\/strong><\/h2>\n\n\n\n<p class=\"wp-block-paragraph\">\u00c9quipe Canada esp\u00e8re commencer la premi\u00e8re journ\u00e9e des comp\u00e9titions de natation en beaut\u00e9. La s\u00e9ance matinale de qualifications d\u00e9bute \u00e0 11h00 heure locale, soit 5h00 HNE, et la s\u00e9ance des demi-finales et finales en soir\u00e9e commence \u00e0 20h30 heure locale, soit 14h30 HNE.<\/p>\n\n\n\n<p class=\"wp-block-paragraph\">La s\u00e9ance du matin mettra la table avec les qualifications de l&rsquo;une des courses les plus attendues des Jeux : le 400 m libre f\u00e9minin. La finale en soir\u00e9e devrait \u00eatre un affrontement entre les trois derni\u00e8res d\u00e9tentrices du record du monde dans cette \u00e9preuve : la Canadienne&nbsp;<a href=\"https:\/\/develop.olympic.ca\/olympique\/team-canada\/summer-mcintosh\/\">Summer McIntosh<\/a>, l&rsquo;Am\u00e9ricaine Katie Ledecky et l&rsquo;Australienne Ariarne Titmus.<\/p>\n\n\n\n<p class=\"wp-block-paragraph\">Les s\u00e9ries des relais masculin et f\u00e9minin 4 x 100 m auront \u00e9galement lieu en matin\u00e9e alors que la finale sera pr\u00e9sent\u00e9e en soir\u00e9e.<\/p>\n\n\n\n<p class=\"wp-block-paragraph\">La championne olympique en titre&nbsp;<a href=\"https:\/\/develop.olympic.ca\/olympique\/team-canada\/margaret-mac-neil\/\">Maggie Mac Neil<\/a> amorcera aussi ses Jeux lors de cette premi\u00e8re s\u00e9ance, en participant aux qualifications du 100 m papillon f\u00e9minin, tout comme sa co\u00e9quipi\u00e8re <a href=\"https:\/\/develop.olympic.ca\/olympique\/team-canada\/rebecca-smith\/\">Rebecca Smith<\/a>. Les demi-finales auront lieu lors de la s\u00e9ance en soir\u00e9e. <\/p>\n\n\n\n<p class=\"wp-block-paragraph\"><strong>\u00c0 LIRE : <a href=\"https:\/\/develop.olympic.ca\/olympique\/2024\/07\/24\/summer-mcintosh-prete-amorcer-les-jeux-de-paris-2024-dequipe-canada-avec-des-succes-dans-la-piscine\/\">Summer McIntosh&nbsp;pr\u00eate amorcer les Jeux de Paris 2024 d\u2019\u00c9quipe Canada avec des succ\u00e8s dans la piscine<\/a><\/strong><\/p>\n\n\n\n<figure class=\"wp-block-image size-large\"><img loading=\"lazy\" decoding=\"async\" width=\"1080\" height=\"608\" src=\"https:\/\/develop.olympic.ca\/olympique\/wp-content\/uploads\/sites\/2\/2024\/05\/Summer-WR-e1715902566803.jpg?quality=100&amp;w=1080\" alt=\"Summer McIntosh l\u00e8ve le poing.\" class=\"wp-image-243254\" srcset=\"https:\/\/develop.olympic.ca\/olympique\/wp-content\/uploads\/sites\/2\/2024\/05\/Summer-WR-e1715902566803.jpg 1080w, https:\/\/develop.olympic.ca\/olympique\/wp-content\/uploads\/sites\/2\/2024\/05\/Summer-WR-e1715902566803.jpg?resize=280,158 280w, https:\/\/develop.olympic.ca\/olympique\/wp-content\/uploads\/sites\/2\/2024\/05\/Summer-WR-e1715902566803.jpg?resize=660,371 660w, https:\/\/develop.olympic.ca\/olympique\/wp-content\/uploads\/sites\/2\/2024\/05\/Summer-WR-e1715902566803.jpg?resize=768,432 768w\" sizes=\"(max-width: 1080px) 100vw, 1080px\" \/><figcaption class=\"wp-element-caption\">Summer McIntosh c\u00e9l\u00e8bre apr\u00e8s avoir \u00e9tabli un nouveau record du monde au 400 m quatre nages individuel. Photo : Swimming Canada\/Ian MacNicol<\/figcaption><\/figure>\n\n\n\n<h2 class=\"wp-block-heading\">Cyclisme sur route<\/h2>\n\n\n\n<p class=\"wp-block-paragraph\">La premi\u00e8re journ\u00e9e des Jeux de Paris 2024 donnera lieu aux \u00e9preuves masculine et f\u00e9minine de contre-la-montre sur route. Du c\u00f4t\u00e9 masculin, \u00c9quipe Canada sera repr\u00e9sent\u00e9e par&nbsp;<a href=\"https:\/\/develop.olympic.ca\/olympique\/team-canada\/derek-gee\/\">Derek Gee<\/a>, qui se pr\u00e9sente aux Jeux olympiques apr\u00e8s avoir termin\u00e9 parmi les 10 premiers au Tour de France. <a href=\"https:\/\/develop.olympic.ca\/olympique\/team-canada\/olivia-baril\/\">Olivia Baril<\/a> sera la repr\u00e9sentante canadienne du c\u00f4t\u00e9 f\u00e9minin. L&rsquo;\u00e9preuve f\u00e9minine aura lieu \u00e0 14h30 heure locale, soit 8h30 HNE, tandis que l&rsquo;\u00e9preuve masculine commencera \u00e0 16h30 heure locale, soit 10h30 HNE.<\/p>\n\n\n\n<h2 class=\"wp-block-heading\">Skateboard<\/h2>\n\n\n\n<p class=\"wp-block-paragraph\"><a href=\"https:\/\/develop.olympic.ca\/olympique\/team-canada\/matt-berger\/\">Matt Berger<\/a>,&nbsp;<a href=\"https:\/\/develop.olympic.ca\/olympique\/team-canada\/cordano-russell\/\">Cordano Russell<\/a> et&nbsp;<a href=\"https:\/\/develop.olympic.ca\/olympique\/team-canada\/ryan-decenzo\/\">Ryan Decenzo<\/a> participeront aux pr\u00e9liminaires de l&rsquo;\u00e9preuve masculine de street qui commencera \u00e0 12h00 heure locale (6h00 HNE). Les parcours de skateboard street imitent le terrain urbain, avec des \u00e9l\u00e9ments comme des escaliers, des rampes et des bancs, ainsi que certains \u00e9l\u00e9ments traditionnels des skateparks, comme des quarts de lune. Les athl\u00e8tes sont jug\u00e9s par cinq juges, la note la plus haute et la note la plus basse \u00e9tant \u00e9limin\u00e9es, alors que le pointage global est d\u00e9termin\u00e9 par la moyenne des trois notes restantes de chaque essai et manoeuvre. Les Canadiens viseront une place parmi les huit premiers des pr\u00e9liminaires pour acc\u00e9der \u00e0 la finale. La finale de l&rsquo;\u00e9preuve masculine de street aura lieu \u00e0 17h00 heure locale (11h00 HNE).<\/p>\n\n\n\n<figure class=\"wp-block-image size-large\"><img loading=\"lazy\" decoding=\"async\" height=\"754\" width=\"1131\" src=\"https:\/\/develop.olympic.ca\/olympique\/wp-content\/uploads\/sites\/2\/2024\/07\/CW_20231101_7302.jpg?quality=100&amp;w=1131\" alt=\"Deux escrimeurs pendant un match.\" class=\"wp-image-250841\" srcset=\"https:\/\/develop.olympic.ca\/olympique\/wp-content\/uploads\/sites\/2\/2024\/07\/CW_20231101_7302.jpg 1200w, https:\/\/develop.olympic.ca\/olympique\/wp-content\/uploads\/sites\/2\/2024\/07\/CW_20231101_7302.jpg?resize=237,158 237w, https:\/\/develop.olympic.ca\/olympique\/wp-content\/uploads\/sites\/2\/2024\/07\/CW_20231101_7302.jpg?resize=557,371 557w, https:\/\/develop.olympic.ca\/olympique\/wp-content\/uploads\/sites\/2\/2024\/07\/CW_20231101_7302.jpg?resize=768,512 768w, https:\/\/develop.olympic.ca\/olympique\/wp-content\/uploads\/sites\/2\/2024\/07\/CW_20231101_7302.jpg?resize=1131,754 1131w\" sizes=\"(max-width: 1131px) 100vw, 1131px\" \/><figcaption class=\"wp-element-caption\">Shaul Gordon du Canada affronte Andrew Doddo des \u00c9tats-Unis lors des demi-finales individuelles d&rsquo;\u00e9p\u00e9e masculine pendant les Jeux panam\u00e9ricains de Santiago 2023, le mercredi 1er novembre 2023. Photo par Candice Ward\/COC.<\/figcaption><\/figure>\n\n\n\n<h2 class=\"wp-block-heading\"><strong>Escrime<\/strong><\/h2>\n\n\n\n<p class=\"wp-block-paragraph\">La premi\u00e8re journ\u00e9e de comp\u00e9tition sera charg\u00e9e pour \u00c9quipe Canada. Tout d\u00e9butera avec l&rsquo;\u00e9preuve du sabre masculin individuelle \u00e0 10h25 heure locale, soit 4h25 HNE, avec <a href=\"https:\/\/develop.olympic.ca\/olympique\/team-canada\/francois-cauchon\/\">Fran\u00e7ois Cauchon<\/a>, <a href=\"https:\/\/develop.olympic.ca\/olympique\/team-canada\/shaul-gordon\/\">Shaul Gordon<\/a> et <a href=\"https:\/\/develop.olympic.ca\/olympique\/team-canada\/fares-arfa\/\">Fares Arfa<\/a>. Les athl\u00e8tes s&rsquo;affronteront dans une formule \u00e0 \u00e9limination directe. Chaque assaut dure jusqu&rsquo;\u00e0 ce qu&rsquo;un concurrent ait enregistr\u00e9 15 touches, ou jusqu&rsquo;\u00e0 ce que trois p\u00e9riodes de trois minutes se soient \u00e9coul\u00e9es (\u00e0 ce moment-l\u00e0, l&rsquo;escrimeur ayant le plus de points sera d\u00e9clar\u00e9 vainqueur). La comp\u00e9tition continuera jusqu&rsquo;\u00e0 21h55 heure locale, soit 15h55 HNE, avec les duels pour les m\u00e9dailles. <a href=\"https:\/\/develop.olympic.ca\/olympique\/team-canada\/ruien-angel-xiao\/\">Ruien (Angel) Xiao<\/a> sera aussi en action dans l&rsquo;\u00e9preuve d&rsquo;\u00e9p\u00e9e f\u00e9minine individuelle. Son premier combat d\u00e9butera \u00e0 12h05 heure locale, soit 6h05 HNE.<\/p>\n\n\n<div class=\"wp-block-image\">\n<figure class=\"aligncenter size-large\"><a href=\"https:\/\/bit.ly\/3wHIh3T\" target=\"_blank\" rel=\"noreferrer noopener\"><img loading=\"lazy\" decoding=\"async\" width=\"601\" height=\"151\" src=\"https:\/\/develop.olympic.ca\/olympique\/wp-content\/uploads\/sites\/2\/2024\/07\/COC0947-4-App-Promotional-Assets-Generic-EN-601x151-FR.png?w=601\" alt=\"Suivez \u00c9quipe Canada - T\u00e9l\u00e9chargez l'appli\" class=\"wp-image-250679\" srcset=\"https:\/\/develop.olympic.ca\/olympique\/wp-content\/uploads\/sites\/2\/2024\/07\/COC0947-4-App-Promotional-Assets-Generic-EN-601x151-FR.png 601w, https:\/\/develop.olympic.ca\/olympique\/wp-content\/uploads\/sites\/2\/2024\/07\/COC0947-4-App-Promotional-Assets-Generic-EN-601x151-FR.png?resize=280,70 280w\" sizes=\"(max-width: 601px) 100vw, 601px\" \/><\/a><\/figure>\n<\/div>\n\n\n<p class=\"has-text-align-center wp-block-paragraph\"><strong><a href=\"https:\/\/develop.olympic.ca\/olympique\/lhoraire-officiel-des-jeux-olympiques-de-paris-2024\/\">L&rsquo;horaire des Jeux de Paris 2024<\/a><\/strong><\/p>\n\n\n\n<h2 class=\"wp-block-heading\"><strong>Tennis<\/strong><\/h2>\n\n\n\n<p class=\"wp-block-paragraph\"><a href=\"https:\/\/develop.olympic.ca\/olympique\/team-canada\/leylah-fernandez\/\">Leylah Annie Fernandez<\/a> sera la premi\u00e8re joueuse de tennis canadienne \u00e0 amorcer son tournoi olympique alors qu&rsquo;elle croisera le fer avec Karolina Muchova de la Tch\u00e9quie d\u00e8s midi heure locale, soit 6h00 HNE. Ce match sera pr\u00e9sent\u00e9 sur le terrain num\u00e9ro 9 de Roland-Garros, l&rsquo;un des lieux embl\u00e9matiques de Paris.<\/p>\n\n\n\n<p class=\"wp-block-paragraph\"><strong>LIRE : <a href=\"https:\/\/develop.olympic.ca\/olympique\/2024\/07\/24\/propulsion-leylah-annie-fernandez-fiere-de-qui-elle-est\/\">Propulsion&nbsp;: Leylah Annie Fernandez, fi\u00e8re de qui elle est<\/a><\/strong><\/p>\n\n\n\n<p class=\"wp-block-paragraph\">Les partisans canadiens devraient continuer de garder un oeil sur le court 9 alors que le match de premier tour opposant la Canadienne <a href=\"https:\/\/develop.olympic.ca\/olympique\/team-canada\/bianca-andreescu\/\">Bianca Andreescu<\/a> et la Danoise Clara Tauson suivra celui de Fernandez.<\/p>\n\n\n\n<p class=\"wp-block-paragraph\">Fernandez pourra se reposer le temps de deux matchs avant de revenir sur ce m\u00eame terrain 9, cette fois en compagnie de sa co\u00e9quipi\u00e8re <a href=\"https:\/\/develop.olympic.ca\/olympique\/team-canada\/gabriela-gaby-dabrowski\/\">Gabriela Dabrowski<\/a> pour leur premier match du tournoi de double dames.<\/p>\n\n\n\n<p class=\"wp-block-paragraph\">De son c\u00f4t\u00e9, <a href=\"https:\/\/develop.olympic.ca\/olympique\/team-canada\/felix-auger-aliassime\/\">F\u00e9lix Auger-Aliassime<\/a> affrontera l&rsquo;Am\u00e9ricain Marcos Giron lors de la session d&rsquo;apr\u00e8s-midi. Ce match sera le deuxi\u00e8me pr\u00e9vu \u00e0 l&rsquo;horaire du terrain num\u00e9ro 14, le premier d\u00e9butant \u00e0 midi heure locale, soit 6h00 HNE.<\/p>\n\n\n\n<figure class=\"wp-block-image size-large\"><img loading=\"lazy\" decoding=\"async\" height=\"754\" width=\"1131\" src=\"https:\/\/develop.olympic.ca\/olympique\/wp-content\/uploads\/sites\/2\/2023\/04\/CP166519818.jpg?quality=100&amp;w=1131\" alt=\"La Canadienne Leylah Fernandez c\u00e9l\u00e8bre.\" class=\"wp-image-220742\" srcset=\"https:\/\/develop.olympic.ca\/olympique\/wp-content\/uploads\/sites\/2\/2023\/04\/CP166519818.jpg 2160w, https:\/\/develop.olympic.ca\/olympique\/wp-content\/uploads\/sites\/2\/2023\/04\/CP166519818.jpg?resize=237,158 237w, https:\/\/develop.olympic.ca\/olympique\/wp-content\/uploads\/sites\/2\/2023\/04\/CP166519818.jpg?resize=557,371 557w, https:\/\/develop.olympic.ca\/olympique\/wp-content\/uploads\/sites\/2\/2023\/04\/CP166519818.jpg?resize=768,512 768w, https:\/\/develop.olympic.ca\/olympique\/wp-content\/uploads\/sites\/2\/2023\/04\/CP166519818.jpg?resize=1131,754 1131w, https:\/\/develop.olympic.ca\/olympique\/wp-content\/uploads\/sites\/2\/2023\/04\/CP166519818.jpg?resize=1536,1024 1536w, https:\/\/develop.olympic.ca\/olympique\/wp-content\/uploads\/sites\/2\/2023\/04\/CP166519818.jpg?resize=2048,1365 2048w\" sizes=\"(max-width: 1131px) 100vw, 1131px\" \/><figcaption class=\"wp-element-caption\">La Canadienne Leylah Fernandez c\u00e9l\u00e8bre sa victoire contre la Belge Ysaline Bonaventure lors du troisi\u00e8me duel en simple des qualifications pour la Coupe Billie Jean King, \u00e0 Vancouver, le samedi 15 avril 2023. LA PRESSE CANADIENNE\/Darryl Dyck<\/figcaption><\/figure>\n\n\n\n<h2 class=\"wp-block-heading\">Gymnastique artistique<\/h2>\n\n\n\n<p class=\"wp-block-paragraph\">L&rsquo;action en gymnastique artistique masculine d\u00e9butera par les qualifications \u00e0 11h00 heure locale, soit 5h00 HNE. L&rsquo;\u00e9quipe canadienne compos\u00e9e de <a href=\"https:\/\/develop.olympic.ca\/olympique\/team-canada\/rene-cournoyer\/\">Ren\u00e9 Cournoyer<\/a>, <a href=\"https:\/\/develop.olympic.ca\/olympique\/team-canada\/zachary-clay\/\">Zachary Clay<\/a>, <a href=\"https:\/\/develop.olympic.ca\/olympique\/team-canada\/felix-dolci\/\">F\u00e9lix Dolci<\/a>, <a href=\"https:\/\/develop.olympic.ca\/olympique\/team-canada\/william-emard\/\">William \u00c9mard<\/a> et <a href=\"https:\/\/develop.olympic.ca\/olympique\/team-canada\/sam-zakutney\/\">Samuel Zakutney<\/a> fera partie de la premi\u00e8re rotation au d\u00e9but de la journ\u00e9e. Deux autres rotations suivront.<\/p>\n\n\n\n<p class=\"wp-block-paragraph\">Il y a six appareils en gymnastique artistique masculine : le sol, le cheval d&rsquo;ar\u00e7ons, les anneaux, le saut de cheval, les barres parall\u00e8les et la barre fixe. Chaque \u00e9quipe pr\u00e9sentera quatre athl\u00e8tes sur chaque appareil, les trois meilleurs pointages \u00e9tant comptabilis\u00e9s pour le r\u00e9sultat de l&rsquo;\u00e9quipe. Les huit meilleures \u00e9quipes se qualifieront pour la finale du concours g\u00e9n\u00e9ral par \u00e9quipes. Les qualifications d\u00e9termineront \u00e9galement les 24 gymnastes qui acc\u00e8deront \u00e0 la finale du concours g\u00e9n\u00e9ral individuel et les huit finalistes pour chaque appareil.<\/p>\n\n\n\n<p class=\"wp-block-paragraph\"><strong>LIRE : <a href=\"https:\/\/develop.olympic.ca\/olympique\/2024\/06\/04\/un-grand-objectif-cet-ete-pour-la-premiere-equipe-masculine-olympique-canadienne-de-gymnastique-en-16-ans\/\">Un grand objectif cet \u00e9t\u00e9 pour la premi\u00e8re \u00e9quipe masculine olympique canadienne de gymnastique en 16 ans<\/a><\/strong><\/p>\n\n\n\n<figure class=\"wp-block-image size-large\"><img loading=\"lazy\" decoding=\"async\" width=\"1096\" height=\"618\" src=\"https:\/\/develop.olympic.ca\/olympique\/wp-content\/uploads\/sites\/2\/2023\/09\/CW_20231021_5987-1-e1713454266640.jpg?quality=100&amp;w=1096\" alt=\"William \u00c9mard avec les bras lev\u00e9s vers le ciel.\" class=\"wp-image-241278\" srcset=\"https:\/\/develop.olympic.ca\/olympique\/wp-content\/uploads\/sites\/2\/2023\/09\/CW_20231021_5987-1-e1713454266640.jpg 1096w, https:\/\/develop.olympic.ca\/olympique\/wp-content\/uploads\/sites\/2\/2023\/09\/CW_20231021_5987-1-e1713454266640.jpg?resize=280,158 280w, https:\/\/develop.olympic.ca\/olympique\/wp-content\/uploads\/sites\/2\/2023\/09\/CW_20231021_5987-1-e1713454266640.jpg?resize=658,371 658w, https:\/\/develop.olympic.ca\/olympique\/wp-content\/uploads\/sites\/2\/2023\/09\/CW_20231021_5987-1-e1713454266640.jpg?resize=768,433 768w\" sizes=\"(max-width: 1096px) 100vw, 1096px\" \/><figcaption class=\"wp-element-caption\">William Emard du Canada participe \u00e0 l&rsquo;\u00e9preuve de gymnastique artistique masculine par \u00e9quipe lors des Jeux panam\u00e9ricains de Santiago 2023, le samedi 21 octobre 2023. Photo par Candice Ward\/COC *CREDIT OBLIGATOIRE*<\/figcaption><\/figure>\n\n\n\n<h2 class=\"wp-block-heading\"><strong>Basketball<\/strong><\/h2>\n\n\n\n<p class=\"wp-block-paragraph\">L&rsquo;\u00e9quipe masculine canadienne de basketball amorcera son tournoi olympique face \u00e0 la Gr\u00e8ce d\u00e8s 21h00 heure locale, soit 15h00 HNE. Lors du premier tour, le Canada sera dans le Groupe A avec la Gr\u00e8ce, l&rsquo;Australie et l&rsquo;Espagne. Les deux premi\u00e8res places dans le groupe se qualifieront pour les quarts de finale.<\/p>\n\n\n\n<figure class=\"wp-block-image size-large\"><img loading=\"lazy\" decoding=\"async\" height=\"754\" width=\"1334\" src=\"https:\/\/develop.olympic.ca\/olympique\/wp-content\/uploads\/sites\/2\/2024\/07\/DSC09706-e1692813228612.jpg?quality=100&amp;w=1334\" alt=\"Kelly Olynyk, RJ Barrett et Shai Gilgeous-Alexander sur le terrain pendant un match.\" class=\"wp-image-248880\" srcset=\"https:\/\/develop.olympic.ca\/olympique\/wp-content\/uploads\/sites\/2\/2024\/07\/DSC09706-e1692813228612.jpg 1638w, https:\/\/develop.olympic.ca\/olympique\/wp-content\/uploads\/sites\/2\/2024\/07\/DSC09706-e1692813228612.jpg?resize=280,158 280w, https:\/\/develop.olympic.ca\/olympique\/wp-content\/uploads\/sites\/2\/2024\/07\/DSC09706-e1692813228612.jpg?resize=656,371 656w, https:\/\/develop.olympic.ca\/olympique\/wp-content\/uploads\/sites\/2\/2024\/07\/DSC09706-e1692813228612.jpg?resize=768,434 768w, https:\/\/develop.olympic.ca\/olympique\/wp-content\/uploads\/sites\/2\/2024\/07\/DSC09706-e1692813228612.jpg?resize=1334,754 1334w, https:\/\/develop.olympic.ca\/olympique\/wp-content\/uploads\/sites\/2\/2024\/07\/DSC09706-e1692813228612.jpg?resize=1536,868 1536w\" sizes=\"(max-width: 1334px) 100vw, 1334px\" \/><figcaption class=\"wp-element-caption\">Kelly Olynyk, RJ Barrett et Shai Gilgeous-Alexander lors d&rsquo;un match hors concours avant la Coupe du Monde FIBA 2023. (Canada Basketball\/Muad Issa)<\/figcaption><\/figure>\n\n\n\n<h2 class=\"wp-block-heading\"><strong>Volleyball<\/strong> de plage<\/h2>\n\n\n\n<p class=\"wp-block-paragraph\"><a href=\"https:\/\/develop.olympic.ca\/olympique\/team-canada\/heather-bansley\/\">Heather Bansley<\/a> et <a href=\"https:\/\/develop.olympic.ca\/olympique\/team-canada\/sophie-bukovec\/\">Sophie Bukovec<\/a> seront la premi\u00e8re \u00e9quipe canadienne \u00e0 fouler le sable du Champ-de-Mars, au pied de la tour Eiffel. Elles affronteront les Am\u00e9ricaines Kristen Nuss et Taryn Kloth, class\u00e9e au deuxi\u00e8me rang mondial, \u00e0 22h00 heure locale, soit 16h00 HNE. Bansley et Bukovec font partie du Groupe B en compagnie des \u00c9tats-Unis, de l&rsquo;Australie et de la Chine.<\/p>\n\n\n\n<h2 class=\"wp-block-heading\"><strong>Cano\u00eb-kayak slalom<\/strong><\/h2>\n\n\n\n<p class=\"wp-block-paragraph\"><a href=\"https:\/\/develop.olympic.ca\/olympique\/team-canada\/alex-baldoni\/\">Alex Baldoni<\/a> et <a href=\"https:\/\/develop.olympic.ca\/olympique\/team-canada\/lois-betteridge\/\">Lois Betteridge<\/a> lanceront les \u00e9preuves de slalom en cano\u00eb-kayak. Baldoni sera des manches \u00e9liminatoires de l&rsquo;\u00e9preuve masculine du C1 \u00e0 15h00 et 17h10 heures locales, soit 9h00 et 11h10 HNE. Betteridge sera, quant \u00e0 elle, des manches \u00e9liminatoires de l&rsquo;\u00e9preuve f\u00e9minine du K1 \u00e0 16h00 et 18h10 heures locales, soit 10h00 et 12h10 HNE.<\/p>\n\n\n\n<h2 class=\"wp-block-heading\">Sports \u00e9questres<\/h2>\n\n\n\n<p class=\"wp-block-paragraph\">Les \u00e9preuves d&rsquo;\u00e9quitation \u00e0 Versailles d\u00e9buteront par la manche de dressage des concours complets individuel et par \u00e9quipes \u00e0 9h30 heure locale, soit 3h30 HNE. Le concours complet comporte trois manches : le dressage, le cross-country et le saut d&rsquo;obstacles, o\u00f9 l&rsquo;addition de tous ces tests d\u00e9terminera les r\u00e9sultats individuel et par \u00e9quipes. \u00c9quipe Canada est repr\u00e9sent\u00e9 par <a href=\"https:\/\/develop.olympic.ca\/olympique\/team-canada\/jessica-phoenix\/\">Jessica Phoenix<\/a>, <a href=\"https:\/\/develop.olympic.ca\/olympique\/team-canada\/karl-slezak\/\">Karl Slezak<\/a> et <a href=\"https:\/\/develop.olympic.ca\/olympique\/team-canada\/michael-winter\/\">Michael Winter<\/a>.<\/p>\n\n\n\n<figure class=\"wp-block-image size-large\"><img loading=\"lazy\" decoding=\"async\" height=\"754\" width=\"1338\" src=\"https:\/\/develop.olympic.ca\/olympique\/wp-content\/uploads\/sites\/2\/2024\/07\/Karl-Slezak-and-Hot-Bobo-HR-by-Cealy-Tetley-e1720199383449.jpg?quality=100&amp;w=1338\" alt=\"Karl Slezak monte Hot Bobo.\" class=\"wp-image-248502\" srcset=\"https:\/\/develop.olympic.ca\/olympique\/wp-content\/uploads\/sites\/2\/2024\/07\/Karl-Slezak-and-Hot-Bobo-HR-by-Cealy-Tetley-e1720199383449.jpg 2100w, https:\/\/develop.olympic.ca\/olympique\/wp-content\/uploads\/sites\/2\/2024\/07\/Karl-Slezak-and-Hot-Bobo-HR-by-Cealy-Tetley-e1720199383449.jpg?resize=280,158 280w, https:\/\/develop.olympic.ca\/olympique\/wp-content\/uploads\/sites\/2\/2024\/07\/Karl-Slezak-and-Hot-Bobo-HR-by-Cealy-Tetley-e1720199383449.jpg?resize=660,371 660w, https:\/\/develop.olympic.ca\/olympique\/wp-content\/uploads\/sites\/2\/2024\/07\/Karl-Slezak-and-Hot-Bobo-HR-by-Cealy-Tetley-e1720199383449.jpg?resize=768,433 768w, https:\/\/develop.olympic.ca\/olympique\/wp-content\/uploads\/sites\/2\/2024\/07\/Karl-Slezak-and-Hot-Bobo-HR-by-Cealy-Tetley-e1720199383449.jpg?resize=1338,754 1338w, https:\/\/develop.olympic.ca\/olympique\/wp-content\/uploads\/sites\/2\/2024\/07\/Karl-Slezak-and-Hot-Bobo-HR-by-Cealy-Tetley-e1720199383449.jpg?resize=1536,865 1536w, https:\/\/develop.olympic.ca\/olympique\/wp-content\/uploads\/sites\/2\/2024\/07\/Karl-Slezak-and-Hot-Bobo-HR-by-Cealy-Tetley-e1720199383449.jpg?resize=2048,1154 2048w\" sizes=\"(max-width: 1338px) 100vw, 1338px\" \/><figcaption class=\"wp-element-caption\">Karl Slezak et Hot Bobo. Photo: Cealy Tetley.<\/figcaption><\/figure>\n\n\n\n<h2 class=\"wp-block-heading\">Tir<\/h2>\n\n\n\n<p class=\"wp-block-paragraph\"><a href=\"https:\/\/develop.olympic.ca\/olympique\/team-canada\/michele-esercitato\/\">Michele Esercitato<\/a> participera aux qualifications de l&rsquo;\u00e9preuve masculine de pistolet \u00e0 10 m\u00e8tres air comprim\u00e9 d\u00e8s 10h30 heure locale, soit 16h30 HNE. Le pointage de chaque athl\u00e8te est d\u00e9termin\u00e9 par la pr\u00e9cision de 60 tirs, le Top 8 acc\u00e9dant \u00e0 la finale.<\/p>\n\n\n\n<h2 class=\"wp-block-heading\"><strong>Badminton<\/strong><\/h2>\n\n\n\n<p class=\"wp-block-paragraph\"><a href=\"https:\/\/develop.olympic.ca\/olympique\/team-canada\/adam-dong\/\">Adam Dong<\/a> et <a href=\"https:\/\/develop.olympic.ca\/olympique\/team-canada\/nyl-yakura\/\">Nyl Yakura<\/a> d\u00e9buteront le tour pr\u00e9liminaire du tournoi de double hommes de badminton contre les Chinois Wei Keng Liang et Chang Wang \u00e0 9h20 heure locale, soit 3h20 HNE. Dong et Yakura ont remport\u00e9 la m\u00e9daille d&rsquo;or aux Jeux panam\u00e9ricains de Santiago 2023.<\/p>\n\n\n\n<figure class=\"wp-block-image size-large\"><img loading=\"lazy\" decoding=\"async\" height=\"754\" width=\"1131\" src=\"https:\/\/develop.olympic.ca\/olympique\/wp-content\/uploads\/sites\/2\/2023\/10\/CW_20231025_6316.jpg?quality=100&amp;w=1131\" alt=\"Nyl Yakura et Adam Dong pendant un match de badminton.\" class=\"wp-image-231138\" srcset=\"https:\/\/develop.olympic.ca\/olympique\/wp-content\/uploads\/sites\/2\/2023\/10\/CW_20231025_6316.jpg 1200w, https:\/\/develop.olympic.ca\/olympique\/wp-content\/uploads\/sites\/2\/2023\/10\/CW_20231025_6316.jpg?resize=237,158 237w, https:\/\/develop.olympic.ca\/olympique\/wp-content\/uploads\/sites\/2\/2023\/10\/CW_20231025_6316.jpg?resize=557,371 557w, https:\/\/develop.olympic.ca\/olympique\/wp-content\/uploads\/sites\/2\/2023\/10\/CW_20231025_6316.jpg?resize=768,512 768w, https:\/\/develop.olympic.ca\/olympique\/wp-content\/uploads\/sites\/2\/2023\/10\/CW_20231025_6316.jpg?resize=1131,754 1131w\" sizes=\"(max-width: 1131px) 100vw, 1131px\" \/><figcaption class=\"wp-element-caption\">Nyl Yakura et Adam Dong du Canada participent \u00e0 la finale du double masculin en badminton aux Jeux panam\u00e9ricains de Santiago 2023 le mercredi 25 octobre 2023. Photo de Candice Ward\/COC<\/figcaption><\/figure>\n\n\n\n<p class=\"has-text-align-center wp-block-paragraph\"><strong><a href=\"https:\/\/develop.olympic.ca\/olympique\/zone-info-des-jeux-olympiques-de-paris-2024\/\">Zone info des Jeux olympiques de Paris 2024<\/a><\/strong><\/p>\n\n\n\n<p class=\"wp-block-paragraph\"><\/p>\n\n\n<div class=\"wp-block-image\">\n<figure class=\"aligncenter size-large\"><img loading=\"lazy\" decoding=\"async\" width=\"728\" height=\"90\" src=\"https:\/\/develop.olympic.ca\/olympique\/wp-content\/uploads\/sites\/2\/2024\/07\/PROMO-ASSETS_728x90_FR-1-1.png?w=728\" alt=\"Propulsion\" class=\"wp-image-249891\" srcset=\"https:\/\/develop.olympic.ca\/olympique\/wp-content\/uploads\/sites\/2\/2024\/07\/PROMO-ASSETS_728x90_FR-1-1.png 728w, https:\/\/develop.olympic.ca\/olympique\/wp-content\/uploads\/sites\/2\/2024\/07\/PROMO-ASSETS_728x90_FR-1-1.png?resize=280,35 280w, https:\/\/develop.olympic.ca\/olympique\/wp-content\/uploads\/sites\/2\/2024\/07\/PROMO-ASSETS_728x90_FR-1-1.png?resize=660,82 660w\" sizes=\"(max-width: 728px) 100vw, 728px\" \/><\/figure>\n<\/div>\n\n<style>\na.block_51130f639ccb3e66d3e6c76a4829e78b {\n  background-color: #E8112D;\n  color: #ffffff;\n}\na.block_51130f639ccb3e66d3e6c76a4829e78b:hover {\n  background-color: #B7202D;\n  color: #ffffff;\n}\n<\/style>\n\n<div class=\"multi-post-block alignfull\" style=background-color:#341269>\n  <div class=\"grid-container\">\n\n    \n      <div class=\"grid-x grid-padding-x\">\n        <div class=\"cell small-12\">\n          <h2>Informations sur Paris 2024<\/h2>\n        <\/div>\n      <\/div>\n\n      \n    <div class=\"grid-x grid-padding-x grid-padding-y post-type-carousel coc-slider slick-slider overflow-slider\" data-connection-target=\"block_51130f639ccb3e66d3e6c76a4829e78b\" data-slick='{\"slidesToShow\": 1.02, \"infinite\": false, \"arrows\": false, \"centerMode\": false, \"mobileFirst\": true, \"responsive\": [\n      { \"breakpoint\": 750, \"settings\": { \"slidesToShow\": 2.02 }},\n      { \"breakpoint\": 1020, \"settings\": \"unslick\" }\n      ]}'>\n\n      \n        <div class=\"cell small-12 large-4\">\n          \r\n<article class=\"post post-130516 games type-games status-publish has-post-thumbnail hentry tag-paris-2024 coc-type-jeux-olympiques-dete season-ete game-paris-2024 team-paris-2024-athletisme team-paris-2024-aviron team-paris-2024-badminton team-paris-2024-basketball-femmes team-paris-2024-basketball-hommes team-paris-2024-basketball-3x3 team-paris-2024-boxe team-paris-2024-breaking team-paris-2024-canoe-kayak-slalom team-paris-2024-canoe-kayak-vitesse team-paris-2024-bmx team-paris-2024-velo-de-montagne team-paris-2024-cyclisme-sur-piste team-paris-2024-cyclisme-sur-route team-paris-2024-escrime team-paris-2024-golf team-paris-2024-gymnastique-artistique team-paris-2024-halterophilie team-paris-2024-judo team-paris-2024-lutte team-paris-2024-natation team-paris-2024-natation-artistique team-paris-2024-plongeon team-paris-2024-rugby-femmes team-paris-2024-skateboard team-paris-2024-soccer-femmes team-paris-2024-sports-equestres-concours-complet team-paris-2024-sports-equestres-dressage team-paris-2024-sports-equestres team-paris-2024-surf team-paris-2024-taekwondo team-paris-2024-tennis team-paris-2024-tennis-de-table team-paris-2024-tir team-paris-2024-tir-a-larc team-paris-2024-trampoline team-paris-2024-triathlon team-paris-2024-voile team-paris-2024-volleyball-hommes team-paris-2024-volleyball-de-plage team-paris-2024-water-polo-femmes\">\r\n\t<a href=\"https:\/\/develop.olympic.ca\/olympique\/jeux\/paris-2024\/\" class=\"card card--article zone\">\r\n\t\t\r\n\t\t\r\n\t\t\t<div class=\"img-container has-column-layout\">\r\n\t\t\t\t<img loading=\"lazy\" decoding=\"async\" width=\"344\" height=\"193\" src=\"https:\/\/develop.olympic.ca\/olympique\/wp-content\/uploads\/sites\/2\/2017\/09\/DBC_20240726_4174-e1725914155664.jpg?quality=100&amp;w=344\" class=\"attachment-post-thumbnail\" alt=\"La Tour Eiffel illumin\u00e9e avec les anneaux olympiques.\" srcset=\"https:\/\/develop.olympic.ca\/olympique\/wp-content\/uploads\/sites\/2\/2017\/09\/DBC_20240726_4174-e1725914155664.jpg 1200w, https:\/\/develop.olympic.ca\/olympique\/wp-content\/uploads\/sites\/2\/2017\/09\/DBC_20240726_4174-e1725914155664.jpg?resize=280,158 280w, https:\/\/develop.olympic.ca\/olympique\/wp-content\/uploads\/sites\/2\/2017\/09\/DBC_20240726_4174-e1725914155664.jpg?resize=660,371 660w, https:\/\/develop.olympic.ca\/olympique\/wp-content\/uploads\/sites\/2\/2017\/09\/DBC_20240726_4174-e1725914155664.jpg?resize=768,433 768w\" sizes=\"(max-width: 344px) 100vw, 344px\" \/>\t\t\t<\/div>\r\n\t\t\r\n\t\t\t<h4>Paris 2024<\/h4>\r\n\t\t\t<p class=\"meta\">\r\n\t\t\t\t\r\n\t\t\t<\/p>\r\n\r\n\t\t\t\r\n\t<\/a>\r\n<\/article> <!-- #post-## -->        <\/div>\n\n        \n        <div class=\"cell small-12 large-4\">\n          \r\n<article class=\"post post-240863 type-post status-publish format-standard has-post-thumbnail hentry category-nouvelles category-partenaire tag-equipe-canada-lululemon tag-lululemon tag-paris-2024 sport-athletisme sport-breaking sport-sports-aquatiques-natation sport-tennis sport-volleyball-de-plage\">\r\n\t<a href=\"https:\/\/develop.olympic.ca\/olympique\/2024\/04\/16\/la-collection-pour-les-athletes-dequipe-canada-et-lululemon-des-vetements-concues-pour-les-aider-a-bien-se-sentir-aux-jeux-de-paris-2024\/\" class=\"card card--article zone\">\r\n\t\t\r\n\t\t\r\n\t\t\t<div class=\"img-container has-column-layout\">\r\n\t\t\t\t<img loading=\"lazy\" decoding=\"async\" width=\"344\" height=\"193\" src=\"https:\/\/develop.olympic.ca\/olympique\/wp-content\/uploads\/sites\/2\/2024\/04\/1_240216_LULULEMON_HERO-WEB-srgb_email.jpg?quality=100&amp;w=344\" class=\"attachment-post-thumbnail\" alt=\"\" srcset=\"https:\/\/develop.olympic.ca\/olympique\/wp-content\/uploads\/sites\/2\/2024\/04\/1_240216_LULULEMON_HERO-WEB-srgb_email.jpg 4000w, https:\/\/develop.olympic.ca\/olympique\/wp-content\/uploads\/sites\/2\/2024\/04\/1_240216_LULULEMON_HERO-WEB-srgb_email.jpg?resize=280,158 280w, https:\/\/develop.olympic.ca\/olympique\/wp-content\/uploads\/sites\/2\/2024\/04\/1_240216_LULULEMON_HERO-WEB-srgb_email.jpg?resize=660,371 660w, https:\/\/develop.olympic.ca\/olympique\/wp-content\/uploads\/sites\/2\/2024\/04\/1_240216_LULULEMON_HERO-WEB-srgb_email.jpg?resize=768,432 768w, https:\/\/develop.olympic.ca\/olympique\/wp-content\/uploads\/sites\/2\/2024\/04\/1_240216_LULULEMON_HERO-WEB-srgb_email.jpg?resize=1340,754 1340w, https:\/\/develop.olympic.ca\/olympique\/wp-content\/uploads\/sites\/2\/2024\/04\/1_240216_LULULEMON_HERO-WEB-srgb_email.jpg?resize=1536,864 1536w, https:\/\/develop.olympic.ca\/olympique\/wp-content\/uploads\/sites\/2\/2024\/04\/1_240216_LULULEMON_HERO-WEB-srgb_email.jpg?resize=2048,1152 2048w\" sizes=\"(max-width: 344px) 100vw, 344px\" \/>\t\t\t<\/div>\r\n\t\t\r\n\t\t\t<h4>La collection pour les athl\u00e8tes d\u2019\u00c9quipe Canada et lululemon, des v\u00eatements con\u00e7us pour les aider \u00e0 bien se sentir aux Jeux de\u00a0Paris 2024<\/h4>\r\n\t\t\t<p class=\"meta\">\r\n\t\t\t\t\r\n\t\t\t<\/p>\r\n\r\n\t\t\t\r\n\t<\/a>\r\n<\/article> <!-- #post-## -->        <\/div>\n\n        \n        <div class=\"cell small-12 large-4\">\n          \r\n<article class=\"post post-213734 page type-page status-publish format-standard has-post-thumbnail hentry\">\r\n\t<a href=\"https:\/\/develop.olympic.ca\/olympique\/suivi-des-qualifications-dequipe-canada-pour-paris-2024\/\" class=\"card card--article zone\">\r\n\t\t\r\n\t\t\r\n\t\t\t<div class=\"img-container has-column-layout\">\r\n\t\t\t\t<img loading=\"lazy\" decoding=\"async\" width=\"342\" height=\"193\" src=\"https:\/\/develop.olympic.ca\/olympique\/wp-content\/uploads\/sites\/2\/2022\/07\/Paris-Olympic-Rings-e1657030009209.jpg?quality=100&amp;w=342\" class=\"attachment-post-thumbnail\" alt=\"Les anneaux olympiques avec la tour Eiffel en toile de fond.\" srcset=\"https:\/\/develop.olympic.ca\/olympique\/wp-content\/uploads\/sites\/2\/2022\/07\/Paris-Olympic-Rings-e1657030009209.jpg 657w, https:\/\/develop.olympic.ca\/olympique\/wp-content\/uploads\/sites\/2\/2022\/07\/Paris-Olympic-Rings-e1657030009209.jpg?resize=280,158 280w\" sizes=\"(max-width: 342px) 100vw, 342px\" \/>\t\t\t<\/div>\r\n\t\t\r\n\t\t\t<h4>Suivi des qualifications d&rsquo;\u00c9quipe Canada pour Paris 2024<\/h4>\r\n\t\t\t<p class=\"meta\">\r\n\t\t\t\t\r\n\t\t\t<\/p>\r\n\r\n\t\t\t\r\n\t<\/a>\r\n<\/article> <!-- #post-## -->        <\/div>\n\n        \n    <\/div>\n\n    \n      <div class=\"grid-x grid-padding-x align-center\">\n        <div class=\"cell medium-6 flex-container align-center\">\n          <a data-slider=\"true\" data-nonce=\"b0cdc9ce54\" href=\"https:\/\/develop.olympic.ca\/olympique\/suivi-des-qualifications-dequipe-canada-pour-paris-2024\/?wpp_page=2\" class=\"button post-type-carousel-load-more hide-filter-button block_51130f639ccb3e66d3e6c76a4829e78b\" data-template=\"multi-post-block\" data-query=\"{&quot;post_type&quot;:&quot;any&quot;,&quot;posts_per_page&quot;:&quot;3&quot;,&quot;ignore_sticky_posts&quot;:true,&quot;post__in&quot;:[130516,240863,213734,236577,224593,224066,165173,214186,224098,224138,224160],&quot;paged&quot;:1,&quot;orderby&quot;:&quot;post__in&quot;,&quot;post_status&quot;:&quot;publish&quot;}\" data-connection=\"block_51130f639ccb3e66d3e6c76a4829e78b\">Montrer Plus<\/a>\n          <span class=\"loading\"><\/span>\n        <\/div>\n      <\/div>\n\n      \n  <\/div>\n<\/div>\n\n\n\n<div style=\"height:30px\" aria-hidden=\"true\" class=\"wp-block-spacer\"><\/div>\n\n\n<style>\na.block_8fddf343add1b1cf4217455161f6cf5e {\n  background-color: #E8112D;\n  color: #ffffff;\n}\na.block_8fddf343add1b1cf4217455161f6cf5e:hover {\n  background-color: #B7202D;\n  color: #ffffff;\n}\n<\/style>\n\n<div class=\"multi-post-block alignfull\" style=background-color:#b7202d>\n  <div class=\"grid-container\">\n\n    \n      <div class=\"grid-x grid-padding-x\">\n        <div class=\"cell small-12\">\n          <h2>\u00c9quipe Canada \u00e0 Paris 2024<\/h2>\n        <\/div>\n      <\/div>\n\n      \n    <div class=\"grid-x grid-padding-x grid-padding-y post-type-carousel coc-slider slick-slider overflow-slider\" data-connection-target=\"block_8fddf343add1b1cf4217455161f6cf5e\" data-slick='{\"slidesToShow\": 1.02, \"infinite\": false, \"arrows\": false, \"centerMode\": false, \"mobileFirst\": true, \"responsive\": [\n      { \"breakpoint\": 750, \"settings\": { \"slidesToShow\": 2.02 }},\n      { \"breakpoint\": 1020, \"settings\": \"unslick\" }\n      ]}'>\n\n      \n        <div class=\"cell small-12 large-4\">\n          \r\n<article class=\"post post-251062 page type-page status-publish format-standard has-post-thumbnail hentry\">\r\n\t<a href=\"https:\/\/develop.olympic.ca\/olympique\/les-medailles-dequipe-canada-a-paris-2024\/\" class=\"card card--article zone\">\r\n\t\t\r\n\t\t\r\n\t\t\t<div class=\"img-container has-column-layout\">\r\n\t\t\t\t<img loading=\"lazy\" decoding=\"async\" width=\"342\" height=\"193\" src=\"https:\/\/develop.olympic.ca\/olympique\/wp-content\/uploads\/sites\/2\/2024\/07\/LRH_20240727_05951-e1722113509701.jpg?quality=100&amp;w=342\" class=\"attachment-post-thumbnail\" alt=\"\" srcset=\"https:\/\/develop.olympic.ca\/olympique\/wp-content\/uploads\/sites\/2\/2024\/07\/LRH_20240727_05951-e1722113509701.jpg 1200w, https:\/\/develop.olympic.ca\/olympique\/wp-content\/uploads\/sites\/2\/2024\/07\/LRH_20240727_05951-e1722113509701.jpg?resize=280,158 280w, https:\/\/develop.olympic.ca\/olympique\/wp-content\/uploads\/sites\/2\/2024\/07\/LRH_20240727_05951-e1722113509701.jpg?resize=657,371 657w, https:\/\/develop.olympic.ca\/olympique\/wp-content\/uploads\/sites\/2\/2024\/07\/LRH_20240727_05951-e1722113509701.jpg?resize=768,434 768w\" sizes=\"(max-width: 342px) 100vw, 342px\" \/>\t\t\t<\/div>\r\n\t\t\r\n\t\t\t<h4>Les m\u00e9daill\u00e9s d\u2019\u00c9quipe Canada \u00e0\u00a0Paris 2024<\/h4>\r\n\t\t\t<p class=\"meta\">\r\n\t\t\t\t\r\n\t\t\t<\/p>\r\n\r\n\t\t\t\r\n\t<\/a>\r\n<\/article> <!-- #post-## -->        <\/div>\n\n        \n        <div class=\"cell small-12 large-4\">\n          \r\n<article class=\"post post-133572 page type-page status-publish format-standard has-post-thumbnail hentry\">\r\n\t<a href=\"https:\/\/develop.olympic.ca\/olympique\/composition-dequipe-canada\/\" class=\"card card--article zone\">\r\n\t\t\r\n\t\t\r\n\t\t\t<div class=\"img-container has-column-layout\">\r\n\t\t\t\t<img loading=\"lazy\" decoding=\"async\" width=\"342\" height=\"193\" src=\"https:\/\/develop.olympic.ca\/olympique\/wp-content\/uploads\/sites\/2\/2024\/05\/Team-Canada-4-e1716312656845.jpg?quality=100&amp;w=342\" class=\"attachment-post-thumbnail\" alt=\"\" srcset=\"https:\/\/develop.olympic.ca\/olympique\/wp-content\/uploads\/sites\/2\/2024\/05\/Team-Canada-4-e1716312656845.jpg 3578w, https:\/\/develop.olympic.ca\/olympique\/wp-content\/uploads\/sites\/2\/2024\/05\/Team-Canada-4-e1716312656845.jpg?resize=280,158 280w, https:\/\/develop.olympic.ca\/olympique\/wp-content\/uploads\/sites\/2\/2024\/05\/Team-Canada-4-e1716312656845.jpg?resize=658,371 658w, https:\/\/develop.olympic.ca\/olympique\/wp-content\/uploads\/sites\/2\/2024\/05\/Team-Canada-4-e1716312656845.jpg?resize=768,433 768w, https:\/\/develop.olympic.ca\/olympique\/wp-content\/uploads\/sites\/2\/2024\/05\/Team-Canada-4-e1716312656845.jpg?resize=1337,754 1337w, https:\/\/develop.olympic.ca\/olympique\/wp-content\/uploads\/sites\/2\/2024\/05\/Team-Canada-4-e1716312656845.jpg?resize=1536,866 1536w, https:\/\/develop.olympic.ca\/olympique\/wp-content\/uploads\/sites\/2\/2024\/05\/Team-Canada-4-e1716312656845.jpg?resize=2048,1155 2048w\" sizes=\"(max-width: 342px) 100vw, 342px\" \/>\t\t\t<\/div>\r\n\t\t\r\n\t\t\t<h4>Les athl\u00e8tes olympiques d\u2019\u00c9quipe Canada &#8211; Paris 2024<\/h4>\r\n\t\t\t<p class=\"meta\">\r\n\t\t\t\t\r\n\t\t\t<\/p>\r\n\r\n\t\t\t\r\n\t<\/a>\r\n<\/article> <!-- #post-## -->        <\/div>\n\n        \n        <div class=\"cell small-12 large-4\">\n          \r\n<article class=\"post post-249245 page type-page status-publish format-standard has-post-thumbnail hentry\">\r\n\t<a href=\"https:\/\/develop.olympic.ca\/olympique\/zone-info-des-jeux-olympiques-de-paris-2024\/\" class=\"card card--article zone\">\r\n\t\t\r\n\t\t\r\n\t\t\t<div class=\"img-container has-column-layout\">\r\n\t\t\t\t<img loading=\"lazy\" decoding=\"async\" width=\"344\" height=\"193\" src=\"https:\/\/develop.olympic.ca\/olympique\/wp-content\/uploads\/sites\/2\/2024\/07\/DC_20231022_5376-1-e1720446382432.jpg?quality=100&amp;w=344\" class=\"attachment-post-thumbnail\" alt=\"Skylar Park tient un drapeau canadien.\" srcset=\"https:\/\/develop.olympic.ca\/olympique\/wp-content\/uploads\/sites\/2\/2024\/07\/DC_20231022_5376-1-e1720446382432.jpg 1200w, https:\/\/develop.olympic.ca\/olympique\/wp-content\/uploads\/sites\/2\/2024\/07\/DC_20231022_5376-1-e1720446382432.jpg?resize=280,158 280w, https:\/\/develop.olympic.ca\/olympique\/wp-content\/uploads\/sites\/2\/2024\/07\/DC_20231022_5376-1-e1720446382432.jpg?resize=660,371 660w, https:\/\/develop.olympic.ca\/olympique\/wp-content\/uploads\/sites\/2\/2024\/07\/DC_20231022_5376-1-e1720446382432.jpg?resize=768,433 768w\" sizes=\"(max-width: 344px) 100vw, 344px\" \/>\t\t\t<\/div>\r\n\t\t\r\n\t\t\t<h4>Zone Info des Jeux Olympiques de Paris 2024<\/h4>\r\n\t\t\t<p class=\"meta\">\r\n\t\t\t\t\r\n\t\t\t<\/p>\r\n\r\n\t\t\t\r\n\t<\/a>\r\n<\/article> <!-- #post-## -->        <\/div>\n\n        \n    <\/div>\n\n    \n      <div class=\"grid-x grid-padding-x align-center\">\n        <div class=\"cell medium-6 flex-container align-center\">\n          <a data-slider=\"true\" data-nonce=\"b0cdc9ce54\" href=\"https:\/\/develop.olympic.ca\/olympique\/zone-info-des-jeux-olympiques-de-paris-2024\/?wpp_page=2\" class=\"button post-type-carousel-load-more hide-filter-button block_8fddf343add1b1cf4217455161f6cf5e\" data-template=\"multi-post-block\" data-query=\"{&quot;post_type&quot;:&quot;any&quot;,&quot;posts_per_page&quot;:&quot;3&quot;,&quot;ignore_sticky_posts&quot;:true,&quot;post__in&quot;:[251062,133572,249245,249731,213734,250234,249969],&quot;paged&quot;:1,&quot;orderby&quot;:&quot;post__in&quot;,&quot;post_status&quot;:&quot;publish&quot;}\" data-connection=\"block_8fddf343add1b1cf4217455161f6cf5e\">Montrer Plus<\/a>\n          <span class=\"loading\"><\/span>\n        <\/div>\n      <\/div>\n\n      \n  <\/div>\n<\/div>\n\n\n\n<div style=\"height:30px\" aria-hidden=\"true\" class=\"wp-block-spacer\"><\/div>\n\n\n\n<div style=\"height:30px\" aria-hidden=\"true\" class=\"wp-block-spacer\"><\/div>\n\n\n\n<figure class=\"wp-block-image alignwide size-large\"><img loading=\"lazy\" decoding=\"async\" width=\"1341\" height=\"363\" src=\"https:\/\/develop.olympic.ca\/olympique\/wp-content\/uploads\/sites\/2\/2024\/04\/BIU_Web-Elements-MORE-STORIES-FR.png?w=1340\" alt=\"L'Invincible courage - Plus d'histoires\" class=\"wp-image-241182\" srcset=\"https:\/\/develop.olympic.ca\/olympique\/wp-content\/uploads\/sites\/2\/2024\/04\/BIU_Web-Elements-MORE-STORIES-FR.png 1341w, https:\/\/develop.olympic.ca\/olympique\/wp-content\/uploads\/sites\/2\/2024\/04\/BIU_Web-Elements-MORE-STORIES-FR.png?resize=280,76 280w, https:\/\/develop.olympic.ca\/olympique\/wp-content\/uploads\/sites\/2\/2024\/04\/BIU_Web-Elements-MORE-STORIES-FR.png?resize=660,179 660w, https:\/\/develop.olympic.ca\/olympique\/wp-content\/uploads\/sites\/2\/2024\/04\/BIU_Web-Elements-MORE-STORIES-FR.png?resize=768,208 768w\" sizes=\"(max-width: 1341px) 100vw, 1341px\" \/><\/figure>\n\n\n\n<div class=\"ad-block text-center alignfull\" aria-hidden=true>\n\t\t\t<div id=\"div-gpt-ad-1722022799323-0\">\n\t\t<script>\n \t\t\t\tdocument.addEventListener('DOMContentLoaded', function () {\n \t\t\t\t\tvar cookieValue = getCookie('coc_user_cookie_policy');\n \t\t\t\t\tif (cookieValue !== '{opt_in: true, all_cookies: false}') {\n \t\t\t\t\t\tgoogletag.cmd.push(function () {\n \t\t\t\t\t\t\tgoogletag.display(\"div-gpt-ad-1722022799323-0\");\n \t\t\t\t\t\t});\n\n \t\t\t\t\t}\n \t\t\t\t});\n \t\t<\/script>\n\t\t<\/div>\n\t\t<\/div>\n","protected":false},"excerpt":{"rendered":"<p>Que les Jeux commencent !&nbsp; C&rsquo;est le Jour 1 des Jeux de&nbsp;Paris 2024&nbsp;et vous ne voulez manquer aucune moment des&#8230;<\/p>\n","protected":false},"author":185434513,"featured_media":250682,"comment_status":"closed","ping_status":"closed","sticky":false,"template":"","format":"standard","meta":{"_acf_changed":false,"_crdt_document":"","_jetpack_memberships_contains_paid_content":false,"footnotes":""},"categories":[16085],"tags":[682166893,682165620,682165624,415984540,30961412,415984787,682166327,682165784,415984740,1104411,415986781,40783077,415988741,257385573,415987601,682165870,61430834,367359560,252672263,27541988,739228,415988845,415988746,682162379,682164101,682164426,682165366,682166010,415930299,415983010,682165917,415985124,415983956,256698085,682165937,682165258,415987253,251513218,682165226,682164457,7422531,52719705,184985458,682164623,415985178],"post_format":"standard","sport":[16258,1985,16966195,21975485,5515721,9127036,763074,415987777,362917943,87705161,1999,117238,10149896],"game":[415985140],"coauthors":[682164273,682165743,682165841],"class_list":["post-249804","post","type-post","status-publish","format-standard","has-post-thumbnail","hentry","category-nouvelles","tag-a-surveiller-paris-2024","tag-adam-dong","tag-alex-baldoni","tag-badminton","tag-basketball-2","tag-bianca-andreescu","tag-canoe-kayak-4","tag-cordano-russell","tag-derek-gee","tag-equipe-canada","tag-equitation","tag-escrime-2","tag-fares-arfa","tag-felix-auger-aliassime","tag-felix-dolci","tag-francois-cauchon","tag-gabriela-dabrowski","tag-gymnastique-artistique-2","tag-heather-bansley","tag-jessica-phoenix","tag-jeux-olympiques","tag-karl-slezak","tag-leylah-annie-fernandez","tag-lois-betteridge","tag-maggie-mac-neil","tag-matt-berger","tag-michael-winter","tag-michele-esercitato","tag-natation","tag-nyl-yakura","tag-olivia-baril","tag-paris-2024","tag-rebecca-smith","tag-rene-cournoyer","tag-ruien-angel-xiao","tag-ryan-decenzo","tag-samuel-zakutney","tag-shaul-gordon","tag-sophie-bukovec","tag-summer-mcintosh","tag-tennis-2","tag-tir-2","tag-volleyball-de-plage-2","tag-william-emard-2","tag-zachary-clay","sport-badminton","sport-basketball","sport-slalom","sport-cyclisme-sur-route","sport-escrime","sport-gymnastique-artistique","sport-sports-aquatiques-natation","sport-skateboard","sport-sports-a-roulettes","sport-sports-equestres-concours-complet","sport-tennis","sport-tir","sport-volleyball-de-plage","game-paris-2024"],"acf":[],"yoast_head":"<!-- This site is optimized with the Yoast SEO plugin v27.3 - https:\/\/yoast.com\/product\/yoast-seo-wordpress\/ -->\n<title>Jour 1 : \u00c0 surveiller pour \u00c9quipe Canada \u00e0 Paris 2024 - \u00c9quipe Canada | Site officiel de l&#039;\u00e9quipe olympique<\/title>\n<meta name=\"description\" content=\"Un aper\u00e7u des athl\u00e8tes d&#039;\u00c9quipe Canada en action au Jour 1 des Jeux olympiques de Paris 2024.\" \/>\n<meta name=\"robots\" content=\"index, follow, max-snippet:-1, max-image-preview:large, max-video-preview:-1\" \/>\n<link rel=\"canonical\" href=\"https:\/\/develop.olympic.ca\/olympique\/2024\/07\/22\/jour-1-a-surveiller-pour-equipe-canada-a-paris-2024\/\" \/>\n<meta property=\"og:locale\" content=\"fr_FR\" \/>\n<meta property=\"og:type\" content=\"article\" \/>\n<meta property=\"og:title\" content=\"Jour 1: \u00c0 surveiller pour \u00c9quipe Canada \u00e0 Paris 2024\" \/>\n<meta property=\"og:description\" content=\"Un aper\u00e7u des athl\u00e8tes d&#039;\u00c9quipe Canada en action au Jour 1 des Jeux olympiques de Paris 2024.\" \/>\n<meta property=\"og:url\" content=\"https:\/\/develop.olympic.ca\/olympique\/2024\/07\/22\/jour-1-a-surveiller-pour-equipe-canada-a-paris-2024\/\" \/>\n<meta property=\"og:site_name\" content=\"\u00c9quipe Canada | Site officiel de l&#039;\u00e9quipe olympique\" \/>\n<meta property=\"article:published_time\" content=\"2024-07-22T21:11:00+00:00\" \/>\n<meta property=\"article:modified_time\" content=\"2024-07-28T00:21:01+00:00\" \/>\n<meta name=\"author\" content=\"Audrey Lacroix, Caela Fenton, Fran\u00e7ois Lafleur\" \/>\n<meta name=\"twitter:card\" content=\"summary_large_image\" \/>\n<meta name=\"twitter:title\" content=\"Jour 1: \u00c0 surveiller pour \u00c9quipe Canada \u00e0 Paris 2024\" \/>\n<meta name=\"twitter:description\" content=\"Un aper\u00e7u des athl\u00e8tes d&#039;\u00c9quipe Canada en action au Jour 1 des Jeux olympiques de Paris 2024.\" \/>\n<meta name=\"twitter:image\" content=\"https:\/\/develop.olympic.ca\/olympique\/wp-content\/uploads\/sites\/2\/2024\/07\/P24_Preview-article_FEATURE-DAY1.png\" \/>\n<meta name=\"twitter:creator\" content=\"@alacroix\" \/>\n<meta name=\"twitter:label1\" content=\"Written by\" \/>\n\t<meta name=\"twitter:data1\" content=\"Audrey Lacroix, Caela Fenton, Fran\u00e7ois Lafleur\" \/>\n\t<meta name=\"twitter:label2\" content=\"Est. reading time\" \/>\n\t<meta name=\"twitter:data2\" content=\"10 minutes\" \/>\n<script type=\"application\/ld+json\" class=\"yoast-schema-graph\">{\"@context\":\"https:\\\/\\\/schema.org\",\"@graph\":[{\"@type\":\"Article\",\"@id\":\"https:\\\/\\\/develop.olympic.ca\\\/olympique\\\/2024\\\/07\\\/22\\\/jour-1-a-surveiller-pour-equipe-canada-a-paris-2024\\\/#article\",\"isPartOf\":{\"@id\":\"https:\\\/\\\/develop.olympic.ca\\\/olympique\\\/2024\\\/07\\\/22\\\/jour-1-a-surveiller-pour-equipe-canada-a-paris-2024\\\/\"},\"author\":{\"name\":\"alacroix\",\"@id\":\"https:\\\/\\\/develop.olympic.ca\\\/olympique\\\/#\\\/schema\\\/person\\\/d90f198d7060e6386b5e1cc25e0844c7\"},\"headline\":\"Jour 1 : \u00c0 surveiller pour \u00c9quipe Canada \u00e0 Paris 2024\",\"datePublished\":\"2024-07-22T21:11:00+00:00\",\"dateModified\":\"2024-07-28T00:21:01+00:00\",\"mainEntityOfPage\":{\"@id\":\"https:\\\/\\\/develop.olympic.ca\\\/olympique\\\/2024\\\/07\\\/22\\\/jour-1-a-surveiller-pour-equipe-canada-a-paris-2024\\\/\"},\"wordCount\":1533,\"image\":{\"@id\":\"https:\\\/\\\/develop.olympic.ca\\\/olympique\\\/2024\\\/07\\\/22\\\/jour-1-a-surveiller-pour-equipe-canada-a-paris-2024\\\/#primaryimage\"},\"thumbnailUrl\":\"https:\\\/\\\/develop.olympic.ca\\\/olympique\\\/wp-content\\\/uploads\\\/sites\\\/2\\\/2024\\\/07\\\/P24_Preview-article_FEATURE-DAY1.png\",\"keywords\":[\"\u00e0 surveiller Paris 2024\",\"Adam Dong\",\"Alex Baldoni\",\"Badminton\",\"basketball\",\"Bianca Andreescu\",\"canoe kayak\",\"Cordano Russell\",\"Derek Gee\",\"\u00c9quipe canada\",\"\u00e9quitation\",\"escrime\",\"Fares Arfa\",\"F\u00e9lix Auger-Aliassime\",\"F\u00e9lix Dolci\",\"Fran\u00e7ois Cauchon\",\"Gabriela Dabrowski\",\"gymnastique artistique\",\"Heather Bansley\",\"Jessica Phoenix\",\"Jeux Olympiques\",\"Karl Slezak\",\"Leylah Annie Fernandez\",\"Lois Betteridge\",\"Maggie Mac Neil\",\"Matt Berger\",\"Michael Winter\",\"Michele Esercitato\",\"Natation\",\"Nyl Yakura\",\"Olivia Baril\",\"Paris 2024\",\"Rebecca Smith\",\"Ren\u00e9 Cournoyer\",\"Ruien (Angel) Xiao\",\"ryan decenzo\",\"Samuel Zakutney\",\"Shaul Gordon\",\"Sophie Bukovec\",\"summer mcintosh\",\"tennis\",\"tir\",\"Volleyball de plage\",\"William \u00c9mard\",\"zachary Clay\"],\"articleSection\":[\"Nouvelles\"],\"inLanguage\":\"fr-FR\"},{\"@type\":\"WebPage\",\"@id\":\"https:\\\/\\\/develop.olympic.ca\\\/olympique\\\/2024\\\/07\\\/22\\\/jour-1-a-surveiller-pour-equipe-canada-a-paris-2024\\\/\",\"url\":\"https:\\\/\\\/develop.olympic.ca\\\/olympique\\\/2024\\\/07\\\/22\\\/jour-1-a-surveiller-pour-equipe-canada-a-paris-2024\\\/\",\"name\":\"Jour 1 : \u00c0 surveiller pour \u00c9quipe Canada \u00e0 Paris 2024 - \u00c9quipe Canada | Site officiel de l&#039;\u00e9quipe olympique\",\"isPartOf\":{\"@id\":\"https:\\\/\\\/develop.olympic.ca\\\/olympique\\\/#website\"},\"primaryImageOfPage\":{\"@id\":\"https:\\\/\\\/develop.olympic.ca\\\/olympique\\\/2024\\\/07\\\/22\\\/jour-1-a-surveiller-pour-equipe-canada-a-paris-2024\\\/#primaryimage\"},\"image\":{\"@id\":\"https:\\\/\\\/develop.olympic.ca\\\/olympique\\\/2024\\\/07\\\/22\\\/jour-1-a-surveiller-pour-equipe-canada-a-paris-2024\\\/#primaryimage\"},\"thumbnailUrl\":\"https:\\\/\\\/develop.olympic.ca\\\/olympique\\\/wp-content\\\/uploads\\\/sites\\\/2\\\/2024\\\/07\\\/P24_Preview-article_FEATURE-DAY1.png\",\"datePublished\":\"2024-07-22T21:11:00+00:00\",\"dateModified\":\"2024-07-28T00:21:01+00:00\",\"author\":{\"@id\":\"https:\\\/\\\/develop.olympic.ca\\\/olympique\\\/#\\\/schema\\\/person\\\/d90f198d7060e6386b5e1cc25e0844c7\"},\"description\":\"Un aper\u00e7u des athl\u00e8tes d'\u00c9quipe Canada en action au Jour 1 des Jeux olympiques de Paris 2024.\",\"inLanguage\":\"fr-FR\",\"potentialAction\":[{\"@type\":\"ReadAction\",\"target\":[\"https:\\\/\\\/develop.olympic.ca\\\/olympique\\\/2024\\\/07\\\/22\\\/jour-1-a-surveiller-pour-equipe-canada-a-paris-2024\\\/\"]}]},{\"@type\":\"ImageObject\",\"inLanguage\":\"fr-FR\",\"@id\":\"https:\\\/\\\/develop.olympic.ca\\\/olympique\\\/2024\\\/07\\\/22\\\/jour-1-a-surveiller-pour-equipe-canada-a-paris-2024\\\/#primaryimage\",\"url\":\"https:\\\/\\\/develop.olympic.ca\\\/olympique\\\/wp-content\\\/uploads\\\/sites\\\/2\\\/2024\\\/07\\\/P24_Preview-article_FEATURE-DAY1.png\",\"contentUrl\":\"https:\\\/\\\/develop.olympic.ca\\\/olympique\\\/wp-content\\\/uploads\\\/sites\\\/2\\\/2024\\\/07\\\/P24_Preview-article_FEATURE-DAY1.png\",\"width\":1920,\"height\":1080,\"caption\":\"Jour 1 Bianca Andreescu tennis\"},{\"@type\":\"WebSite\",\"@id\":\"https:\\\/\\\/develop.olympic.ca\\\/olympique\\\/#website\",\"url\":\"https:\\\/\\\/develop.olympic.ca\\\/olympique\\\/\",\"name\":\"\u00c9quipe Canada | Site officiel de l&#039;\u00e9quipe olympique\",\"description\":\"Votre source pour l\u2019\u00c9quipe olympique canadienne. Retrouvez les r\u00e9cits, vid\u00e9os et photos des athl\u00e8tes canadiens, sports olympiques, Jeux olympiques de 2020 et bien plus!\",\"potentialAction\":[{\"@type\":\"SearchAction\",\"target\":{\"@type\":\"EntryPoint\",\"urlTemplate\":\"https:\\\/\\\/develop.olympic.ca\\\/olympique\\\/?s={search_term_string}\"},\"query-input\":{\"@type\":\"PropertyValueSpecification\",\"valueRequired\":true,\"valueName\":\"search_term_string\"}}],\"inLanguage\":\"fr-FR\"},{\"@type\":\"Person\",\"@id\":\"https:\\\/\\\/develop.olympic.ca\\\/olympique\\\/#\\\/schema\\\/person\\\/d90f198d7060e6386b5e1cc25e0844c7\",\"name\":\"alacroix\",\"image\":{\"@type\":\"ImageObject\",\"inLanguage\":\"fr-FR\",\"@id\":\"https:\\\/\\\/secure.gravatar.com\\\/avatar\\\/6e0ddf63fe2e2c4d0fddcd921861b6c99f402bce42ec31af5ad39247ab324836?s=96&d=identicon&r=g800804460851aa471230f61e1a6a77dc\",\"url\":\"https:\\\/\\\/secure.gravatar.com\\\/avatar\\\/6e0ddf63fe2e2c4d0fddcd921861b6c99f402bce42ec31af5ad39247ab324836?s=96&d=identicon&r=g\",\"contentUrl\":\"https:\\\/\\\/secure.gravatar.com\\\/avatar\\\/6e0ddf63fe2e2c4d0fddcd921861b6c99f402bce42ec31af5ad39247ab324836?s=96&d=identicon&r=g\",\"caption\":\"alacroix\"},\"sameAs\":[\"https:\\\/\\\/x.com\\\/alacroix\"],\"url\":\"https:\\\/\\\/develop.olympic.ca\\\/olympique\\\/author\\\/alacroix\\\/\"}]}<\/script>\n<!-- \/ Yoast SEO plugin. -->","yoast_head_json":{"title":"Jour 1 : \u00c0 surveiller pour \u00c9quipe Canada \u00e0 Paris 2024 - \u00c9quipe Canada | Site officiel de l&#039;\u00e9quipe olympique","description":"Un aper\u00e7u des athl\u00e8tes d'\u00c9quipe Canada en action au Jour 1 des Jeux olympiques de Paris 2024.","robots":{"index":"index","follow":"follow","max-snippet":"max-snippet:-1","max-image-preview":"max-image-preview:large","max-video-preview":"max-video-preview:-1"},"canonical":"https:\/\/develop.olympic.ca\/olympique\/2024\/07\/22\/jour-1-a-surveiller-pour-equipe-canada-a-paris-2024\/","og_locale":"fr_FR","og_type":"article","og_title":"Jour 1: \u00c0 surveiller pour \u00c9quipe Canada \u00e0 Paris 2024","og_description":"Un aper\u00e7u des athl\u00e8tes d'\u00c9quipe Canada en action au Jour 1 des Jeux olympiques de Paris 2024.","og_url":"https:\/\/develop.olympic.ca\/olympique\/2024\/07\/22\/jour-1-a-surveiller-pour-equipe-canada-a-paris-2024\/","og_site_name":"\u00c9quipe Canada | Site officiel de l&#039;\u00e9quipe olympique","article_published_time":"2024-07-22T21:11:00+00:00","article_modified_time":"2024-07-28T00:21:01+00:00","author":"Audrey Lacroix, Caela Fenton, Fran\u00e7ois Lafleur","twitter_card":"summary_large_image","twitter_title":"Jour 1: \u00c0 surveiller pour \u00c9quipe Canada \u00e0 Paris 2024","twitter_description":"Un aper\u00e7u des athl\u00e8tes d'\u00c9quipe Canada en action au Jour 1 des Jeux olympiques de Paris 2024.","twitter_image":"https:\/\/develop.olympic.ca\/olympique\/wp-content\/uploads\/sites\/2\/2024\/07\/P24_Preview-article_FEATURE-DAY1.png","twitter_creator":"@alacroix","twitter_misc":{"Written by":"Audrey Lacroix, Caela Fenton, Fran\u00e7ois Lafleur","Est. reading time":"10 minutes"},"schema":{"@context":"https:\/\/schema.org","@graph":[{"@type":"Article","@id":"https:\/\/develop.olympic.ca\/olympique\/2024\/07\/22\/jour-1-a-surveiller-pour-equipe-canada-a-paris-2024\/#article","isPartOf":{"@id":"https:\/\/develop.olympic.ca\/olympique\/2024\/07\/22\/jour-1-a-surveiller-pour-equipe-canada-a-paris-2024\/"},"author":{"name":"alacroix","@id":"https:\/\/develop.olympic.ca\/olympique\/#\/schema\/person\/d90f198d7060e6386b5e1cc25e0844c7"},"headline":"Jour 1 : \u00c0 surveiller pour \u00c9quipe Canada \u00e0 Paris 2024","datePublished":"2024-07-22T21:11:00+00:00","dateModified":"2024-07-28T00:21:01+00:00","mainEntityOfPage":{"@id":"https:\/\/develop.olympic.ca\/olympique\/2024\/07\/22\/jour-1-a-surveiller-pour-equipe-canada-a-paris-2024\/"},"wordCount":1533,"image":{"@id":"https:\/\/develop.olympic.ca\/olympique\/2024\/07\/22\/jour-1-a-surveiller-pour-equipe-canada-a-paris-2024\/#primaryimage"},"thumbnailUrl":"https:\/\/develop.olympic.ca\/olympique\/wp-content\/uploads\/sites\/2\/2024\/07\/P24_Preview-article_FEATURE-DAY1.png","keywords":["\u00e0 surveiller Paris 2024","Adam Dong","Alex Baldoni","Badminton","basketball","Bianca Andreescu","canoe kayak","Cordano Russell","Derek Gee","\u00c9quipe canada","\u00e9quitation","escrime","Fares Arfa","F\u00e9lix Auger-Aliassime","F\u00e9lix Dolci","Fran\u00e7ois Cauchon","Gabriela Dabrowski","gymnastique artistique","Heather Bansley","Jessica Phoenix","Jeux Olympiques","Karl Slezak","Leylah Annie Fernandez","Lois Betteridge","Maggie Mac Neil","Matt Berger","Michael Winter","Michele Esercitato","Natation","Nyl Yakura","Olivia Baril","Paris 2024","Rebecca Smith","Ren\u00e9 Cournoyer","Ruien (Angel) Xiao","ryan decenzo","Samuel Zakutney","Shaul Gordon","Sophie Bukovec","summer mcintosh","tennis","tir","Volleyball de plage","William \u00c9mard","zachary Clay"],"articleSection":["Nouvelles"],"inLanguage":"fr-FR"},{"@type":"WebPage","@id":"https:\/\/develop.olympic.ca\/olympique\/2024\/07\/22\/jour-1-a-surveiller-pour-equipe-canada-a-paris-2024\/","url":"https:\/\/develop.olympic.ca\/olympique\/2024\/07\/22\/jour-1-a-surveiller-pour-equipe-canada-a-paris-2024\/","name":"Jour 1 : \u00c0 surveiller pour \u00c9quipe Canada \u00e0 Paris 2024 - \u00c9quipe Canada | Site officiel de l&#039;\u00e9quipe olympique","isPartOf":{"@id":"https:\/\/develop.olympic.ca\/olympique\/#website"},"primaryImageOfPage":{"@id":"https:\/\/develop.olympic.ca\/olympique\/2024\/07\/22\/jour-1-a-surveiller-pour-equipe-canada-a-paris-2024\/#primaryimage"},"image":{"@id":"https:\/\/develop.olympic.ca\/olympique\/2024\/07\/22\/jour-1-a-surveiller-pour-equipe-canada-a-paris-2024\/#primaryimage"},"thumbnailUrl":"https:\/\/develop.olympic.ca\/olympique\/wp-content\/uploads\/sites\/2\/2024\/07\/P24_Preview-article_FEATURE-DAY1.png","datePublished":"2024-07-22T21:11:00+00:00","dateModified":"2024-07-28T00:21:01+00:00","author":{"@id":"https:\/\/develop.olympic.ca\/olympique\/#\/schema\/person\/d90f198d7060e6386b5e1cc25e0844c7"},"description":"Un aper\u00e7u des athl\u00e8tes d'\u00c9quipe Canada en action au Jour 1 des Jeux olympiques de Paris 2024.","inLanguage":"fr-FR","potentialAction":[{"@type":"ReadAction","target":["https:\/\/develop.olympic.ca\/olympique\/2024\/07\/22\/jour-1-a-surveiller-pour-equipe-canada-a-paris-2024\/"]}]},{"@type":"ImageObject","inLanguage":"fr-FR","@id":"https:\/\/develop.olympic.ca\/olympique\/2024\/07\/22\/jour-1-a-surveiller-pour-equipe-canada-a-paris-2024\/#primaryimage","url":"https:\/\/develop.olympic.ca\/olympique\/wp-content\/uploads\/sites\/2\/2024\/07\/P24_Preview-article_FEATURE-DAY1.png","contentUrl":"https:\/\/develop.olympic.ca\/olympique\/wp-content\/uploads\/sites\/2\/2024\/07\/P24_Preview-article_FEATURE-DAY1.png","width":1920,"height":1080,"caption":"Jour 1 Bianca Andreescu tennis"},{"@type":"WebSite","@id":"https:\/\/develop.olympic.ca\/olympique\/#website","url":"https:\/\/develop.olympic.ca\/olympique\/","name":"\u00c9quipe Canada | Site officiel de l&#039;\u00e9quipe olympique","description":"Votre source pour l\u2019\u00c9quipe olympique canadienne. Retrouvez les r\u00e9cits, vid\u00e9os et photos des athl\u00e8tes canadiens, sports olympiques, Jeux olympiques de 2020 et bien plus!","potentialAction":[{"@type":"SearchAction","target":{"@type":"EntryPoint","urlTemplate":"https:\/\/develop.olympic.ca\/olympique\/?s={search_term_string}"},"query-input":{"@type":"PropertyValueSpecification","valueRequired":true,"valueName":"search_term_string"}}],"inLanguage":"fr-FR"},{"@type":"Person","@id":"https:\/\/develop.olympic.ca\/olympique\/#\/schema\/person\/d90f198d7060e6386b5e1cc25e0844c7","name":"alacroix","image":{"@type":"ImageObject","inLanguage":"fr-FR","@id":"https:\/\/secure.gravatar.com\/avatar\/6e0ddf63fe2e2c4d0fddcd921861b6c99f402bce42ec31af5ad39247ab324836?s=96&d=identicon&r=g800804460851aa471230f61e1a6a77dc","url":"https:\/\/secure.gravatar.com\/avatar\/6e0ddf63fe2e2c4d0fddcd921861b6c99f402bce42ec31af5ad39247ab324836?s=96&d=identicon&r=g","contentUrl":"https:\/\/secure.gravatar.com\/avatar\/6e0ddf63fe2e2c4d0fddcd921861b6c99f402bce42ec31af5ad39247ab324836?s=96&d=identicon&r=g","caption":"alacroix"},"sameAs":["https:\/\/x.com\/alacroix"],"url":"https:\/\/develop.olympic.ca\/olympique\/author\/alacroix\/"}]}},"jetpack_featured_media_url":"https:\/\/develop.olympic.ca\/olympique\/wp-content\/uploads\/sites\/2\/2024\/07\/P24_Preview-article_FEATURE-DAY1.png","featured_image_url":"https:\/\/develop.olympic.ca\/olympique\/wp-content\/uploads\/sites\/2\/2024\/07\/P24_Preview-article_FEATURE-DAY1.png","author_name":["Audrey Lacroix","Caela Fenton","Fran\u00e7ois Lafleur"],"category_names":["Nouvelles"],"tag_names":["\u00e0 surveiller Paris 2024","Adam Dong","Alex Baldoni","Badminton","basketball","Bianca Andreescu","canoe kayak","Cordano Russell","Derek Gee","\u00c9quipe canada","\u00e9quitation","escrime","Fares Arfa","F\u00e9lix Auger-Aliassime","F\u00e9lix Dolci","Fran\u00e7ois Cauchon","Gabriela Dabrowski","gymnastique artistique","Heather Bansley","Jessica Phoenix","Jeux Olympiques","Karl Slezak","Leylah Annie Fernandez","Lois Betteridge","Maggie Mac Neil","Matt Berger","Michael Winter","Michele Esercitato","Natation","Nyl Yakura","Olivia Baril","Paris 2024","Rebecca Smith","Ren\u00e9 Cournoyer","Ruien (Angel) Xiao","ryan decenzo","Samuel Zakutney","Shaul Gordon","Sophie Bukovec","summer mcintosh","tennis","tir","Volleyball de plage","William \u00c9mard","zachary Clay"],"video_embed_code":"","facebook_video_embed_code":"","jetpack_sharing_enabled":true,"jetpack-related-posts":[],"jetpack_shortlink":"https:\/\/wp.me\/pbmyEP-12Z6","_links":{"self":[{"href":"https:\/\/develop.olympic.ca\/olympique\/wp-json\/wp\/v2\/posts\/249804","targetHints":{"allow":["GET"]}}],"collection":[{"href":"https:\/\/develop.olympic.ca\/olympique\/wp-json\/wp\/v2\/posts"}],"about":[{"href":"https:\/\/develop.olympic.ca\/olympique\/wp-json\/wp\/v2\/types\/post"}],"author":[{"embeddable":true,"href":"https:\/\/develop.olympic.ca\/olympique\/wp-json\/wp\/v2\/users\/185434513"}],"replies":[{"embeddable":true,"href":"https:\/\/develop.olympic.ca\/olympique\/wp-json\/wp\/v2\/comments?post=249804"}],"version-history":[{"count":19,"href":"https:\/\/develop.olympic.ca\/olympique\/wp-json\/wp\/v2\/posts\/249804\/revisions"}],"predecessor-version":[{"id":250990,"href":"https:\/\/develop.olympic.ca\/olympique\/wp-json\/wp\/v2\/posts\/249804\/revisions\/250990"}],"wp:featuredmedia":[{"embeddable":true,"href":"https:\/\/develop.olympic.ca\/olympique\/wp-json\/wp\/v2\/media\/250682"}],"wp:attachment":[{"href":"https:\/\/develop.olympic.ca\/olympique\/wp-json\/wp\/v2\/media?parent=249804"}],"wp:term":[{"taxonomy":"category","embeddable":true,"href":"https:\/\/develop.olympic.ca\/olympique\/wp-json\/wp\/v2\/categories?post=249804"},{"taxonomy":"post_tag","embeddable":true,"href":"https:\/\/develop.olympic.ca\/olympique\/wp-json\/wp\/v2\/tags?post=249804"},{"taxonomy":"post_format","embeddable":true,"href":"https:\/\/develop.olympic.ca\/olympique\/wp-json\/wp\/v2\/post_format?post=249804"},{"taxonomy":"sport","embeddable":true,"href":"https:\/\/develop.olympic.ca\/olympique\/wp-json\/wp\/v2\/sport?post=249804"},{"taxonomy":"game","embeddable":true,"href":"https:\/\/develop.olympic.ca\/olympique\/wp-json\/wp\/v2\/game?post=249804"},{"taxonomy":"author","embeddable":true,"href":"https:\/\/develop.olympic.ca\/olympique\/wp-json\/wp\/v2\/coauthors?post=249804"}],"curies":[{"name":"wp","href":"https:\/\/api.w.org\/{rel}","templated":true}]}}