{"id":250234,"date":"2024-07-24T12:57:13","date_gmt":"2024-07-24T16:57:13","guid":{"rendered":"https:\/\/develop.olympic.ca\/olympique\/?p=250234"},"modified":"2024-07-24T12:57:15","modified_gmt":"2024-07-24T16:57:15","slug":"de-grasse-et-charron-seront-les-porte-drapeaux-dequipe-canada-pour-la-ceremonie-douverture-des-jeux-de-paris-2024","status":"publish","type":"post","link":"https:\/\/develop.olympic.ca\/olympique\/2024\/07\/24\/de-grasse-et-charron-seront-les-porte-drapeaux-dequipe-canada-pour-la-ceremonie-douverture-des-jeux-de-paris-2024\/","title":{"rendered":"De Grasse et Charron seront les porte-drapeaux d\u2019\u00c9quipe Canada pour la c\u00e9r\u00e9monie d\u2019ouverture des Jeux de Paris 2024"},"content":{"rendered":"\n<p class=\"wp-block-paragraph\">Deux champions olympiques en titre porteront le drapeau canadien lors de la c\u00e9r\u00e9monie d&rsquo;ouverture des Jeux de&nbsp;<a href=\"https:\/\/develop.olympic.ca\/olympique\/games\/paris-2024\/\">Paris 2024<\/a>.<\/p>\n\n\n\n<p class=\"wp-block-paragraph\">Depuis une semaine, le sprinter&nbsp;<a href=\"https:\/\/develop.olympic.ca\/olympique\/team-canada\/andre-de-grasse\/\">Andre De Grasse<\/a> et l\u2019halt\u00e9rophile&nbsp;<a href=\"https:\/\/develop.olympic.ca\/olympique\/team-canada\/maude-charron\/\">Maude Charron<\/a> ont gard\u00e9 le secret de leur s\u00e9lection en tant que porte-drapeaux d\u2019\u00c9quipe Canada pour le d\u00e9but des Jeux de la XXXIIIe Olympiade. Les deux athl\u00e8tes ont \u00e9t\u00e9 inform\u00e9s qu\u2019ils avaient \u00e9t\u00e9 choisis par le chef de mission d\u2019\u00c9quipe Canada, l\u2019olympien <a href=\"https:\/\/develop.olympic.ca\/olympique\/team-canada\/bruny-surin\/\">Bruny Surin<\/a>, qui a pris part \u00e0 quatre Jeux au cours de sa carri\u00e8re.&nbsp;&nbsp;<\/p>\n\n\n\n<p class=\"wp-block-paragraph\">\u00ab Il y a 14 ans, je courais avec la flamme olympique dans les rues de Rimouski et je croyais que c\u2019\u00e9tait le moment le plus proche de l\u2019Olympisme qu\u2019il me serait possible d\u2019atteindre. Aujourd\u2019hui, j\u2019apprends que je serai co-porte-drapeau pour ce pays que je repr\u00e9sente avec honneur depuis 10 ans, raconte Charron. Les mots sont trop faibles pour exprimer la gratitude et la joie que je ressens d\u2019avoir \u00e9t\u00e9 choisie pour mener de cette \u00e9quipe extraordinaire, d\u00e9bordante de talent. \u00bb<\/p>\n\n\n\n<p class=\"wp-block-paragraph\">Les Jeux de Paris 2024 seront les troisi\u00e8mes Jeux olympiques de De Grasse, l\u2019athl\u00e8te masculin canadien ayant remport\u00e9 le plus de m\u00e9dailles \u00e0 des Jeux d&rsquo;\u00e9t\u00e9, lui qui compte six m\u00e9dailles \u00e0 son actif. Lors de ses d\u00e9buts olympiques \u00e0 Rio 2016, De Grasse a remport\u00e9 le bronze au 100 m et l&rsquo;argent au 200 m, ainsi qu\u2019une m\u00e9daille de bronze en tant que dernier relayeur du relais 4 x 100 m du Canada. \u00c0 <a href=\"https:\/\/develop.olympic.ca\/olympique\/games\/2020-tokyo\/\">Tokyo 2020<\/a>, De Grasse est revenu avec une m\u00e9daille de chaque couleur : l\u2019or au 200 m, le bronze une fois de plus au 100 m et l\u2019argent avec l\u2019\u00e9quipe du relais 4 x 100 m.<\/p>\n\n\n\n<p class=\"wp-block-paragraph\">De Grasse a v\u00e9cu un moment sp\u00e9cial en apprenant sa s\u00e9lection en tant que porte-drapeau de la bouche de Surin, qui \u00e9tait lui aussi sprinter, en plus d\u2019\u00eatre un membre de l\u2019\u00e9quipe canadienne m\u00e9daill\u00e9e d\u2019or du relais 4 x 100 m aux Jeux olympiques d\u2019<a href=\"https:\/\/develop.olympic.ca\/olympique\/games\/1996-atlanta\/\">Atlanta 1996<\/a>.<\/p>\n\n\n\n<figure class=\"wp-block-image size-large\"><img loading=\"lazy\" decoding=\"async\" height=\"754\" width=\"1131\" src=\"https:\/\/develop.olympic.ca\/olympique\/wp-content\/uploads\/sites\/2\/2024\/02\/Team-Canada-Andre-De-Grasse-Athletics-200m-final-Tokyo-2020.jpg?quality=100&amp;w=1131\" alt=\"Le sprinteur Andre De Grasse c\u00e9l\u00e8bre.\" class=\"wp-image-237593\" srcset=\"https:\/\/develop.olympic.ca\/olympique\/wp-content\/uploads\/sites\/2\/2024\/02\/Team-Canada-Andre-De-Grasse-Athletics-200m-final-Tokyo-2020.jpg 1200w, https:\/\/develop.olympic.ca\/olympique\/wp-content\/uploads\/sites\/2\/2024\/02\/Team-Canada-Andre-De-Grasse-Athletics-200m-final-Tokyo-2020.jpg?resize=237,158 237w, https:\/\/develop.olympic.ca\/olympique\/wp-content\/uploads\/sites\/2\/2024\/02\/Team-Canada-Andre-De-Grasse-Athletics-200m-final-Tokyo-2020.jpg?resize=557,371 557w, https:\/\/develop.olympic.ca\/olympique\/wp-content\/uploads\/sites\/2\/2024\/02\/Team-Canada-Andre-De-Grasse-Athletics-200m-final-Tokyo-2020.jpg?resize=768,512 768w, https:\/\/develop.olympic.ca\/olympique\/wp-content\/uploads\/sites\/2\/2024\/02\/Team-Canada-Andre-De-Grasse-Athletics-200m-final-Tokyo-2020.jpg?resize=1131,754 1131w\" sizes=\"(max-width: 1131px) 100vw, 1131px\" \/><figcaption class=\"wp-element-caption\">Le sprinteur canadien Andre De Grasse c\u00e9l\u00e8bre apr\u00e8s avoir remport\u00e9 l&rsquo;or lors de la finale du 200 m masculin aux Jeux olympiques de Tokyo 2020, le mercredi 4 ao\u00fbt 2021. Photo by Leah Hennel\/COC<\/figcaption><\/figure>\n\n\n\n<p class=\"wp-block-paragraph\">\u00ab Depuis notre premi\u00e8re rencontre en 2015, j\u2019ai vu le parcours que tu as suivi jusqu\u2019\u00e0 pr\u00e9sent, et je tiens \u00e0 te dire que je suis tr\u00e8s fier de toi. Tu as perp\u00e9tu\u00e9 l&rsquo;h\u00e9ritage du sprint et repr\u00e9sent\u00e9 le Canada dans le monde avec dignit\u00e9 \u00bb, a d\u00e9clar\u00e9 Surin \u00e0 De Grasse via Zoom, alors que ce dernier est en camp d\u2019entra\u00eenement en Italie en pr\u00e9paration pour les Jeux.<\/p>\n\n\n\n<p class=\"wp-block-paragraph\">Lorsqu&rsquo;on lui a demand\u00e9 s&rsquo;il ferait \u00e0 \u00c9quipe Canada l&rsquo;honneur d&rsquo;\u00eatre le porte-drapeau, De Grasse a r\u00e9pondu : \u00ab Ce serait un r\u00eave devenu r\u00e9alit\u00e9 pour moi. \u00bb<\/p>\n\n\n\n<p class=\"wp-block-paragraph\">Bien que les Jeux de Paris 2024 soient la troisi\u00e8me participation olympique de De Grasse, ce sera la premi\u00e8re fois qu&rsquo;il assistera \u00e0 la c\u00e9r\u00e9monie d&rsquo;ouverture. Les \u00e9preuves d&rsquo;athl\u00e9tisme se d\u00e9roulant g\u00e9n\u00e9ralement dans la seconde moiti\u00e9 des Jeux, la plupart des comp\u00e9titeurs en athl\u00e9tisme n&rsquo;arrivent pas au village olympique avant la grande c\u00e9l\u00e9bration marquant le d\u00e9but des Jeux.<\/p>\n\n\n\n<p class=\"wp-block-paragraph\">\u00ab Je n&rsquo;ai jamais pens\u00e9 que cette opportunit\u00e9 se pr\u00e9senterait, vous savez, parce que bien s\u00fbr, en athl\u00e9tisme, nous n&rsquo;avons jamais vraiment l&rsquo;occasion d&rsquo;aller \u00e0 la c\u00e9r\u00e9monie d&rsquo;ouverture. Donc je suis enthousiaste rien qu\u2019\u00e0 l\u2019id\u00e9e d\u2019y aller et maintenant aussi d\u2019\u00eatre le porte-drapeau pour le pays ! Je suis sans voix, j&rsquo;essaie de trouver les mots \u00bb, a d\u00e9clar\u00e9 De Grasse. \u00ab C&rsquo;est vraiment un trop-plein d\u2019\u00e9motions, mais je suis vraiment enthousiaste et impatient de jouer ce r\u00f4le pour le pays et pour \u00c9quipe Canada. Alors merci. Merci \u00e0 tous ceux qui ont contribu\u00e9 \u00e0 me donner cette opportunit\u00e9. Et j&rsquo;ai h\u00e2te de repr\u00e9senter le pays au meilleur de mes capacit\u00e9s. \u00bb<\/p>\n\n\n\n<figure class=\"wp-block-image size-large\"><img loading=\"lazy\" decoding=\"async\" height=\"754\" width=\"1153\" src=\"https:\/\/develop.olympic.ca\/olympique\/wp-content\/uploads\/sites\/2\/2024\/07\/LH_20240722_04.jpg?quality=100&amp;w=1153\" alt=\"Le sprinteur Andre De Grasse pose habill\u00e9 en rouge en tenant le drapeau canadien derri\u00e8re lui.\" class=\"wp-image-250241\" srcset=\"https:\/\/develop.olympic.ca\/olympique\/wp-content\/uploads\/sites\/2\/2024\/07\/LH_20240722_04.jpg 1200w, https:\/\/develop.olympic.ca\/olympique\/wp-content\/uploads\/sites\/2\/2024\/07\/LH_20240722_04.jpg?resize=242,158 242w, https:\/\/develop.olympic.ca\/olympique\/wp-content\/uploads\/sites\/2\/2024\/07\/LH_20240722_04.jpg?resize=567,371 567w, https:\/\/develop.olympic.ca\/olympique\/wp-content\/uploads\/sites\/2\/2024\/07\/LH_20240722_04.jpg?resize=768,502 768w, https:\/\/develop.olympic.ca\/olympique\/wp-content\/uploads\/sites\/2\/2024\/07\/LH_20240722_04.jpg?resize=1153,754 1153w\" sizes=\"(max-width: 1153px) 100vw, 1153px\" \/><figcaption class=\"wp-element-caption\">Le sprinteur Andre De Grasse pose avec le drapeau canadien en tant que porte-drapeau de l&rsquo;\u00c9quipe Canada pour Paris 2024. Cr\u00e9dit photo : Leah Hennel\/COC.<\/figcaption><\/figure>\n\n\n\n<p class=\"wp-block-paragraph\">Charron a gagn\u00e9 l\u2019or dans la cat\u00e9gorie f\u00e9minine des 64 kg \u00e0 Tokyo 2020 et les Jeux de Paris 2024 seront ses deuxi\u00e8mes Jeux olympiques. Cette fois, elle s\u2019alignera dans la cat\u00e9gorie des 59 kg puisque son ancienne cat\u00e9gorie de poids a \u00e9t\u00e9 retir\u00e9e du programme olympique, un d\u00e9fi que Charron a relev\u00e9 avec beaucoup de d\u00e9termination et un esprit sportif, ce qui lui a permis de monter sur le podium aux Championnats du monde de l\u2019IWF et aux Jeux panam\u00e9ricains.&nbsp;<\/p>\n\n\n\n<p class=\"wp-block-paragraph\">L\u2019athl\u00e8te de 31 ans \u00e9tait chez elle \u00e0 Rimouski, au Qu\u00e9bec, lorsqu\u2019elle a re\u00e7u l\u2019appel vid\u00e9o de Surin.&nbsp;<\/p>\n\n\n\n<p class=\"wp-block-paragraph\">\u00ab C\u2019est difficile \u00e0 croire. J\u2019ai de la difficult\u00e9 \u00e0 r\u00e9aliser que c\u2019est moi qui ai \u00e9t\u00e9 choisie. Il y a tellement de bons athl\u00e8tes sur l\u2019\u00e9quipe \u00bb, a dit Charron avec \u00e9motions.&nbsp;<\/p>\n\n\n\n<p class=\"wp-block-paragraph\">Elle a par la suite ajout\u00e9 qu\u2019elle se questionnait sur les raisons de cet appel vid\u00e9o, puisqu\u2019elle jugeait peu probable que Surin communique avec de nombreux athl\u00e8tes \u00e0 quelques jours des Jeux.&nbsp;<\/p>\n\n\n\n<p class=\"wp-block-paragraph\">\u00ab Je trouvais \u00e7a suspect comme rendez-vous t\u00e9l\u00e9phonique \u00bb, a-t-elle avou\u00e9. Surin a rit en expliquant qu\u2019il \u00e9tait visiblement difficile de d\u00e9jouer une athl\u00e8te qui a aussi une formation de polici\u00e8re.<\/p>\n\n\n\n<figure class=\"wp-block-image size-large\"><img loading=\"lazy\" decoding=\"async\" width=\"1085\" height=\"754\" src=\"https:\/\/develop.olympic.ca\/olympique\/wp-content\/uploads\/sites\/2\/2021\/07\/Team-Canada-Maude-Charon-Weightlifting-Tokyo-2020.jpg?quality=100&amp;w=1085\" alt=\"Maude Charron les mains sur le visage r\u00e9agit \u00e0 sa m\u00e9daille d'or.\" class=\"wp-image-186795\" srcset=\"https:\/\/develop.olympic.ca\/olympique\/wp-content\/uploads\/sites\/2\/2021\/07\/Team-Canada-Maude-Charon-Weightlifting-Tokyo-2020.jpg 1085w, https:\/\/develop.olympic.ca\/olympique\/wp-content\/uploads\/sites\/2\/2021\/07\/Team-Canada-Maude-Charon-Weightlifting-Tokyo-2020.jpg?resize=227,158 227w, https:\/\/develop.olympic.ca\/olympique\/wp-content\/uploads\/sites\/2\/2021\/07\/Team-Canada-Maude-Charon-Weightlifting-Tokyo-2020.jpg?resize=534,371 534w, https:\/\/develop.olympic.ca\/olympique\/wp-content\/uploads\/sites\/2\/2021\/07\/Team-Canada-Maude-Charon-Weightlifting-Tokyo-2020.jpg?resize=768,534 768w\" sizes=\"(max-width: 1085px) 100vw, 1085px\" \/><figcaption class=\"wp-element-caption\">Maude Charron r\u00e9agit apr\u00e8s avoir remport\u00e9 la m\u00e9daille d&rsquo;or dans la cat\u00e9gorie f\u00e9minine des 64 kg aux Jeux olympiques de Tokyo 2020, le mardi 27 juillet 2021. Photo: Stephen Hosier\/COC<\/figcaption><\/figure>\n\n\n\n<p class=\"wp-block-paragraph\">\u00ab C\u2019est tellement un bel honneur. La c\u00e9r\u00e9monie [d\u2019ouverture] de Paris 2024 sera unique et historique, avec le d\u00e9fil\u00e9 sur les bateaux. Je n\u2019en reviens pas d\u2019\u00eatre celle qui va mener l\u2019\u00e9quipe. C\u2019est un gros coup ici \u00bb, a-t-elle mentionn\u00e9 en pointant son coeur.&nbsp;<\/p>\n\n\n\n<p class=\"wp-block-paragraph\">La r\u00e9action de Charron lorsqu\u2019elle a appris qu\u2019elle partagerait le r\u00f4le de porte-drapeau avec De Grasse \u00e9tait un rappel que m\u00eame les championnes et champions olympiques peuvent \u00eatre impressionn\u00e9s par leurs co\u00e9quipi\u00e8res et co\u00e9quipiers.&nbsp;&nbsp;<\/p>\n\n\n\n<p class=\"wp-block-paragraph\">\u00ab \u00c0 Tokyo, j\u2019\u00e9tais en bas de l\u2019immeuble du Canada, \u00e0 l\u2019ext\u00e9rieur, quand ma co\u00e9quipi\u00e8re <a href=\"https:\/\/develop.olympic.ca\/olympique\/team-canada\/kristel-ngarlem\/\">Kristel [Ngarlem]<\/a> m\u2019a dit en me donnant un coup de coude \u201cC\u2019est De Grasse\u201d. Et l\u00e0, je l\u2019ai vu, il \u00e9tait l\u00e0, portant son masque, parce que l\u2019on devait tous porter un masque, et j\u2019ai essay\u00e9 discr\u00e8tement de prendre une photo, comme une vraie <em>fangirl<\/em> \u00bb, s\u2019est-elle rappel\u00e9e en riant.&nbsp;<\/p>\n\n\n\n<p class=\"wp-block-paragraph\">Surin a inform\u00e9 De Grasse et Charron qu&rsquo;ils avaient \u00e9t\u00e9 choisis non seulement pour leur excellence sportive, mais aussi parce qu\u2019ils incarnent les valeurs d\u2019\u00c9quipe Canada au-del\u00e0 de la piste d\u2019athl\u00e9tisme et de la plateforme d\u2019halt\u00e9rophilie.<\/p>\n\n\n\n<p class=\"wp-block-paragraph\">L&rsquo;un des plus grands accomplissements de De Grasse est la <em>Andre De Grasse Family Foundation,<\/em> qui s&rsquo;engage \u00e0 inspirer et \u00e0 responsabiliser les jeunes par l&rsquo;acc\u00e8s au sport, \u00e0 l&rsquo;\u00e9ducation et aux soins de sant\u00e9, y compris la sant\u00e9 mentale. Charron esp\u00e8re \u00eatre une source d&rsquo;inspiration pour les jeunes filles et les jeunes athl\u00e8tes, ayant prouv\u00e9 qu&rsquo;il est possible de r\u00e9aliser un r\u00eave olympique tout en continuant \u00e0 s&rsquo;entra\u00eener dans sa petite ville natale.<\/p>\n\n\n\n<figure class=\"wp-block-image size-large\"><img loading=\"lazy\" decoding=\"async\" height=\"754\" width=\"1131\" src=\"https:\/\/develop.olympic.ca\/olympique\/wp-content\/uploads\/sites\/2\/2024\/07\/IR_20240723_13.jpg?quality=100&amp;w=1131\" alt=\"Maude Charron pose avec le drapeau canadien.\" class=\"wp-image-250245\" srcset=\"https:\/\/develop.olympic.ca\/olympique\/wp-content\/uploads\/sites\/2\/2024\/07\/IR_20240723_13.jpg 1200w, https:\/\/develop.olympic.ca\/olympique\/wp-content\/uploads\/sites\/2\/2024\/07\/IR_20240723_13.jpg?resize=237,158 237w, https:\/\/develop.olympic.ca\/olympique\/wp-content\/uploads\/sites\/2\/2024\/07\/IR_20240723_13.jpg?resize=557,371 557w, https:\/\/develop.olympic.ca\/olympique\/wp-content\/uploads\/sites\/2\/2024\/07\/IR_20240723_13.jpg?resize=768,512 768w, https:\/\/develop.olympic.ca\/olympique\/wp-content\/uploads\/sites\/2\/2024\/07\/IR_20240723_13.jpg?resize=1131,754 1131w\" sizes=\"(max-width: 1131px) 100vw, 1131px\" \/><figcaption class=\"wp-element-caption\">Maude Charron pose avec le drapeau canadien en tant que porte-drapeau pour Paris 2024. Photo credit: Iften Redjah\/COC<\/figcaption><\/figure>\n\n\n\n<p class=\"wp-block-paragraph\">Charron est la premi\u00e8re halt\u00e9rophile \u00e0 \u00eatre porte-drapeau d\u2019\u00c9quipe Canada lors d\u2019une c\u00e9r\u00e9monie d&rsquo;ouverture de Jeux olympiques. La derni\u00e8re athl\u00e8te d\u2019athl\u00e9tisme \u00e0 avoir eu cet honneur a \u00e9t\u00e9 <a href=\"https:\/\/develop.olympic.ca\/olympique\/team-canada\/charmaine-crooks\/\">Charmaine Crooks<\/a> \u00e0 Atlanta 1996.<\/p>\n\n\n\n<p class=\"wp-block-paragraph\">De Grasse et Charron formeront un duo m\u00e9morable pour ce qui s&rsquo;annonce comme une c\u00e9r\u00e9monie d&rsquo;ouverture inoubliable. Pour la premi\u00e8re fois de l&rsquo;histoire des Jeux olympiques, la c\u00e9r\u00e9monie d&rsquo;ouverture ne se d\u00e9roulera pas dans un stade, mais consistera plut\u00f4t en une procession le long de la Seine, avec les spectateurs pouvant voir les athl\u00e8tes passer sur des barges le long du parcours de six kilom\u00e8tres. Cette accessibilit\u00e9 sans pr\u00e9c\u00e9dent fera de la c\u00e9r\u00e9monie d&rsquo;ouverture des Jeux de Paris 2024 la plus grande de l&rsquo;histoire.<\/p>\n\n\n\n<p class=\"wp-block-paragraph\">\u00ab Comme nous serons sur des bateaux, je ne serai pas stress\u00e9e de m\u2019enfarger et de tomber \u00bb, a dit Charron en riant.<\/p>\n\n\n\n<p class=\"wp-block-paragraph\">La c\u00e9r\u00e9monie d&rsquo;ouverture des Jeux olympiques de Paris 2024 commencera \u00e0 19h30, heure locale (13h30 HE \/ 10h30 HP) le vendredi 26 juillet.<\/p>\n\n\n\n<p class=\"wp-block-paragraph\">De Grasse amorcera la comp\u00e9tition avec la premi\u00e8re ronde du 100 m masculin le 3 ao\u00fbt au Stade de France. La comp\u00e9tition de Charron, l\u2019\u00e9preuve f\u00e9minine des 59 kg, aura lieu le 8 ao\u00fbt, \u00e0 l\u2019Arena Paris Sud 6.&nbsp;&nbsp;<\/p>\n","protected":false},"excerpt":{"rendered":"<p>Deux champions olympiques en titre porteront le drapeau canadien lors de la c\u00e9r\u00e9monie d&rsquo;ouverture des Jeux de&nbsp;Paris 2024. Depuis une&#8230;<\/p>\n","protected":false},"author":185434513,"featured_media":250235,"comment_status":"closed","ping_status":"closed","sticky":false,"template":"","format":"standard","meta":{"_acf_changed":false,"_crdt_document":"","_jetpack_memberships_contains_paid_content":false,"footnotes":""},"categories":[16085,1],"tags":[182457884,415984548,6876918,682165065,1104411,415984500,682166563,415986666,415985124,6563264],"post_format":"standard","sport":[48770,4623732],"game":[415985140],"coauthors":[682164273,682165743],"class_list":["post-250234","post","type-post","status-publish","format-standard","has-post-thumbnail","hentry","category-nouvelles","category-uncategorized","tag-andre-de-grasse","tag-athletisme","tag-bruny-surin","tag-ceremonie-douverture-2","tag-equipe-canada","tag-halterophilie","tag-jeux-olympiques-de-paris-2024","tag-maude-charron","tag-paris-2024","tag-porte-drapeau","sport-athletisme","sport-halterophilie","game-paris-2024"],"acf":[],"yoast_head":"<!-- This site is optimized with the Yoast SEO plugin v27.3 - https:\/\/yoast.com\/product\/yoast-seo-wordpress\/ -->\n<title>De Grasse et Charron seront les porte-drapeaux d\u2019\u00c9quipe Canada pour la c\u00e9r\u00e9monie d\u2019ouverture des Jeux de Paris 2024 - \u00c9quipe Canada | Site officiel de l&#039;\u00e9quipe olympique<\/title>\n<meta name=\"description\" content=\"Depuis une semaine, le sprinter Andre De Grasse et l\u2019halt\u00e9rophile Maude Charron ont gard\u00e9 le secret de leur s\u00e9lection en tant que porte-drapeaux d\u2019\u00c9quipe Canada pour le d\u00e9but des Jeux de la XXXIIIe Olympiade. Les deux athl\u00e8tes ont \u00e9t\u00e9 inform\u00e9s qu\u2019ils avaient \u00e9t\u00e9 choisis par le chef de mission d\u2019\u00c9quipe Canada, l\u2019olympien Bruny Surin, qui a pris part \u00e0 quatre Jeux au cours de sa carri\u00e8re.\u00a0\u00a0\" \/>\n<meta name=\"robots\" content=\"index, follow, max-snippet:-1, max-image-preview:large, max-video-preview:-1\" \/>\n<link rel=\"canonical\" href=\"https:\/\/develop.olympic.ca\/olympique\/2024\/07\/24\/de-grasse-et-charron-seront-les-porte-drapeaux-dequipe-canada-pour-la-ceremonie-douverture-des-jeux-de-paris-2024\/\" \/>\n<meta property=\"og:locale\" content=\"fr_FR\" \/>\n<meta property=\"og:type\" content=\"article\" \/>\n<meta property=\"og:title\" content=\"De Grasse et Charron seront les porte-drapeaux d\u2019\u00c9quipe Canada pour la c\u00e9r\u00e9monie d\u2019ouverture des Jeux de Paris 2024\" \/>\n<meta property=\"og:description\" content=\"Depuis une semaine, le sprinter Andre De Grasse et l\u2019halt\u00e9rophile Maude Charron ont gard\u00e9 le secret de leur s\u00e9lection en tant que porte-drapeaux d\u2019\u00c9quipe Canada pour le d\u00e9but des Jeux de la XXXIIIe Olympiade. Les deux athl\u00e8tes ont \u00e9t\u00e9 inform\u00e9s qu\u2019ils avaient \u00e9t\u00e9 choisis par le chef de mission d\u2019\u00c9quipe Canada, l\u2019olympien Bruny Surin, qui a pris part \u00e0 quatre Jeux au cours de sa carri\u00e8re.\u00a0\u00a0\" \/>\n<meta property=\"og:url\" content=\"https:\/\/develop.olympic.ca\/olympique\/2024\/07\/24\/de-grasse-et-charron-seront-les-porte-drapeaux-dequipe-canada-pour-la-ceremonie-douverture-des-jeux-de-paris-2024\/\" \/>\n<meta property=\"og:site_name\" content=\"\u00c9quipe Canada | Site officiel de l&#039;\u00e9quipe olympique\" \/>\n<meta property=\"article:published_time\" content=\"2024-07-24T16:57:13+00:00\" \/>\n<meta property=\"article:modified_time\" content=\"2024-07-24T16:57:15+00:00\" \/>\n<meta name=\"author\" content=\"Audrey Lacroix, Caela Fenton\" \/>\n<meta name=\"twitter:card\" content=\"summary_large_image\" \/>\n<meta name=\"twitter:title\" content=\"De Grasse et Charron seront les porte-drapeaux d\u2019\u00c9quipe Canada pour la c\u00e9r\u00e9monie d\u2019ouverture des Jeux de Paris 2024\" \/>\n<meta name=\"twitter:description\" content=\"Depuis une semaine, le sprinter Andre De Grasse et l\u2019halt\u00e9rophile Maude Charron ont gard\u00e9 le secret de leur s\u00e9lection en tant que porte-drapeaux d\u2019\u00c9quipe Canada pour le d\u00e9but des Jeux de la XXXIIIe Olympiade. Les deux athl\u00e8tes ont \u00e9t\u00e9 inform\u00e9s qu\u2019ils avaient \u00e9t\u00e9 choisis par le chef de mission d\u2019\u00c9quipe Canada, l\u2019olympien Bruny Surin, qui a pris part \u00e0 quatre Jeux au cours de sa carri\u00e8re.\u00a0\u00a0\" \/>\n<meta name=\"twitter:image\" content=\"https:\/\/develop.olympic.ca\/olympique\/wp-content\/uploads\/sites\/2\/2024\/07\/Flag_bearers-Web.jpg?quality=100\" \/>\n<meta name=\"twitter:creator\" content=\"@alacroix\" \/>\n<meta name=\"twitter:label1\" content=\"Written by\" \/>\n\t<meta name=\"twitter:data1\" content=\"Audrey Lacroix, Caela Fenton\" \/>\n\t<meta name=\"twitter:label2\" content=\"Est. reading time\" \/>\n\t<meta name=\"twitter:data2\" content=\"8 minutes\" \/>\n<script type=\"application\/ld+json\" class=\"yoast-schema-graph\">{\"@context\":\"https:\\\/\\\/schema.org\",\"@graph\":[{\"@type\":\"Article\",\"@id\":\"https:\\\/\\\/develop.olympic.ca\\\/olympique\\\/2024\\\/07\\\/24\\\/de-grasse-et-charron-seront-les-porte-drapeaux-dequipe-canada-pour-la-ceremonie-douverture-des-jeux-de-paris-2024\\\/#article\",\"isPartOf\":{\"@id\":\"https:\\\/\\\/develop.olympic.ca\\\/olympique\\\/2024\\\/07\\\/24\\\/de-grasse-et-charron-seront-les-porte-drapeaux-dequipe-canada-pour-la-ceremonie-douverture-des-jeux-de-paris-2024\\\/\"},\"author\":{\"name\":\"alacroix\",\"@id\":\"https:\\\/\\\/develop.olympic.ca\\\/olympique\\\/#\\\/schema\\\/person\\\/d90f198d7060e6386b5e1cc25e0844c7\"},\"headline\":\"De Grasse et Charron seront les porte-drapeaux d\u2019\u00c9quipe Canada pour la c\u00e9r\u00e9monie d\u2019ouverture des Jeux de Paris 2024\",\"datePublished\":\"2024-07-24T16:57:13+00:00\",\"dateModified\":\"2024-07-24T16:57:15+00:00\",\"mainEntityOfPage\":{\"@id\":\"https:\\\/\\\/develop.olympic.ca\\\/olympique\\\/2024\\\/07\\\/24\\\/de-grasse-et-charron-seront-les-porte-drapeaux-dequipe-canada-pour-la-ceremonie-douverture-des-jeux-de-paris-2024\\\/\"},\"wordCount\":1539,\"image\":{\"@id\":\"https:\\\/\\\/develop.olympic.ca\\\/olympique\\\/2024\\\/07\\\/24\\\/de-grasse-et-charron-seront-les-porte-drapeaux-dequipe-canada-pour-la-ceremonie-douverture-des-jeux-de-paris-2024\\\/#primaryimage\"},\"thumbnailUrl\":\"https:\\\/\\\/develop.olympic.ca\\\/olympique\\\/wp-content\\\/uploads\\\/sites\\\/2\\\/2024\\\/07\\\/Flag_bearers-Web.jpg?quality=100\",\"keywords\":[\"Andre De Grasse\",\"Athl\u00e9tisme\",\"Bruny Surin\",\"C\u00e9r\u00e9monie d&#039;ouverture\",\"\u00c9quipe canada\",\"Halt\u00e9rophilie\",\"Jeux olympiques de Paris 2024\",\"Maude Charron\",\"Paris 2024\",\"porte-drapeau\"],\"articleSection\":[\"Nouvelles\",\"Uncategorized\"],\"inLanguage\":\"fr-FR\"},{\"@type\":\"WebPage\",\"@id\":\"https:\\\/\\\/develop.olympic.ca\\\/olympique\\\/2024\\\/07\\\/24\\\/de-grasse-et-charron-seront-les-porte-drapeaux-dequipe-canada-pour-la-ceremonie-douverture-des-jeux-de-paris-2024\\\/\",\"url\":\"https:\\\/\\\/develop.olympic.ca\\\/olympique\\\/2024\\\/07\\\/24\\\/de-grasse-et-charron-seront-les-porte-drapeaux-dequipe-canada-pour-la-ceremonie-douverture-des-jeux-de-paris-2024\\\/\",\"name\":\"De Grasse et Charron seront les porte-drapeaux d\u2019\u00c9quipe Canada pour la c\u00e9r\u00e9monie d\u2019ouverture des Jeux de Paris 2024 - \u00c9quipe Canada | Site officiel de l&#039;\u00e9quipe olympique\",\"isPartOf\":{\"@id\":\"https:\\\/\\\/develop.olympic.ca\\\/olympique\\\/#website\"},\"primaryImageOfPage\":{\"@id\":\"https:\\\/\\\/develop.olympic.ca\\\/olympique\\\/2024\\\/07\\\/24\\\/de-grasse-et-charron-seront-les-porte-drapeaux-dequipe-canada-pour-la-ceremonie-douverture-des-jeux-de-paris-2024\\\/#primaryimage\"},\"image\":{\"@id\":\"https:\\\/\\\/develop.olympic.ca\\\/olympique\\\/2024\\\/07\\\/24\\\/de-grasse-et-charron-seront-les-porte-drapeaux-dequipe-canada-pour-la-ceremonie-douverture-des-jeux-de-paris-2024\\\/#primaryimage\"},\"thumbnailUrl\":\"https:\\\/\\\/develop.olympic.ca\\\/olympique\\\/wp-content\\\/uploads\\\/sites\\\/2\\\/2024\\\/07\\\/Flag_bearers-Web.jpg?quality=100\",\"datePublished\":\"2024-07-24T16:57:13+00:00\",\"dateModified\":\"2024-07-24T16:57:15+00:00\",\"author\":{\"@id\":\"https:\\\/\\\/develop.olympic.ca\\\/olympique\\\/#\\\/schema\\\/person\\\/d90f198d7060e6386b5e1cc25e0844c7\"},\"description\":\"Depuis une semaine, le sprinter Andre De Grasse et l\u2019halt\u00e9rophile Maude Charron ont gard\u00e9 le secret de leur s\u00e9lection en tant que porte-drapeaux d\u2019\u00c9quipe Canada pour le d\u00e9but des Jeux de la XXXIIIe Olympiade. Les deux athl\u00e8tes ont \u00e9t\u00e9 inform\u00e9s qu\u2019ils avaient \u00e9t\u00e9 choisis par le chef de mission d\u2019\u00c9quipe Canada, l\u2019olympien Bruny Surin, qui a pris part \u00e0 quatre Jeux au cours de sa carri\u00e8re.\u00a0\u00a0\",\"inLanguage\":\"fr-FR\",\"potentialAction\":[{\"@type\":\"ReadAction\",\"target\":[\"https:\\\/\\\/develop.olympic.ca\\\/olympique\\\/2024\\\/07\\\/24\\\/de-grasse-et-charron-seront-les-porte-drapeaux-dequipe-canada-pour-la-ceremonie-douverture-des-jeux-de-paris-2024\\\/\"]}]},{\"@type\":\"ImageObject\",\"inLanguage\":\"fr-FR\",\"@id\":\"https:\\\/\\\/develop.olympic.ca\\\/olympique\\\/2024\\\/07\\\/24\\\/de-grasse-et-charron-seront-les-porte-drapeaux-dequipe-canada-pour-la-ceremonie-douverture-des-jeux-de-paris-2024\\\/#primaryimage\",\"url\":\"https:\\\/\\\/develop.olympic.ca\\\/olympique\\\/wp-content\\\/uploads\\\/sites\\\/2\\\/2024\\\/07\\\/Flag_bearers-Web.jpg?quality=100\",\"contentUrl\":\"https:\\\/\\\/develop.olympic.ca\\\/olympique\\\/wp-content\\\/uploads\\\/sites\\\/2\\\/2024\\\/07\\\/Flag_bearers-Web.jpg?quality=100\",\"width\":1920,\"height\":1080,\"caption\":\"Montage photo de Maude Charron et Andre De Grasse. Mention porte-drapeaux, \u00c9quipe Canada, l'invincible courage.\"},{\"@type\":\"WebSite\",\"@id\":\"https:\\\/\\\/develop.olympic.ca\\\/olympique\\\/#website\",\"url\":\"https:\\\/\\\/develop.olympic.ca\\\/olympique\\\/\",\"name\":\"\u00c9quipe Canada | Site officiel de l&#039;\u00e9quipe olympique\",\"description\":\"Votre source pour l\u2019\u00c9quipe olympique canadienne. Retrouvez les r\u00e9cits, vid\u00e9os et photos des athl\u00e8tes canadiens, sports olympiques, Jeux olympiques de 2020 et bien plus!\",\"potentialAction\":[{\"@type\":\"SearchAction\",\"target\":{\"@type\":\"EntryPoint\",\"urlTemplate\":\"https:\\\/\\\/develop.olympic.ca\\\/olympique\\\/?s={search_term_string}\"},\"query-input\":{\"@type\":\"PropertyValueSpecification\",\"valueRequired\":true,\"valueName\":\"search_term_string\"}}],\"inLanguage\":\"fr-FR\"},{\"@type\":\"Person\",\"@id\":\"https:\\\/\\\/develop.olympic.ca\\\/olympique\\\/#\\\/schema\\\/person\\\/d90f198d7060e6386b5e1cc25e0844c7\",\"name\":\"alacroix\",\"image\":{\"@type\":\"ImageObject\",\"inLanguage\":\"fr-FR\",\"@id\":\"https:\\\/\\\/secure.gravatar.com\\\/avatar\\\/6e0ddf63fe2e2c4d0fddcd921861b6c99f402bce42ec31af5ad39247ab324836?s=96&d=identicon&r=g800804460851aa471230f61e1a6a77dc\",\"url\":\"https:\\\/\\\/secure.gravatar.com\\\/avatar\\\/6e0ddf63fe2e2c4d0fddcd921861b6c99f402bce42ec31af5ad39247ab324836?s=96&d=identicon&r=g\",\"contentUrl\":\"https:\\\/\\\/secure.gravatar.com\\\/avatar\\\/6e0ddf63fe2e2c4d0fddcd921861b6c99f402bce42ec31af5ad39247ab324836?s=96&d=identicon&r=g\",\"caption\":\"alacroix\"},\"sameAs\":[\"https:\\\/\\\/x.com\\\/alacroix\"],\"url\":\"https:\\\/\\\/develop.olympic.ca\\\/olympique\\\/author\\\/alacroix\\\/\"}]}<\/script>\n<!-- \/ Yoast SEO plugin. -->","yoast_head_json":{"title":"De Grasse et Charron seront les porte-drapeaux d\u2019\u00c9quipe Canada pour la c\u00e9r\u00e9monie d\u2019ouverture des Jeux de Paris 2024 - \u00c9quipe Canada | Site officiel de l&#039;\u00e9quipe olympique","description":"Depuis une semaine, le sprinter Andre De Grasse et l\u2019halt\u00e9rophile Maude Charron ont gard\u00e9 le secret de leur s\u00e9lection en tant que porte-drapeaux d\u2019\u00c9quipe Canada pour le d\u00e9but des Jeux de la XXXIIIe Olympiade. Les deux athl\u00e8tes ont \u00e9t\u00e9 inform\u00e9s qu\u2019ils avaient \u00e9t\u00e9 choisis par le chef de mission d\u2019\u00c9quipe Canada, l\u2019olympien Bruny Surin, qui a pris part \u00e0 quatre Jeux au cours de sa carri\u00e8re.\u00a0\u00a0","robots":{"index":"index","follow":"follow","max-snippet":"max-snippet:-1","max-image-preview":"max-image-preview:large","max-video-preview":"max-video-preview:-1"},"canonical":"https:\/\/develop.olympic.ca\/olympique\/2024\/07\/24\/de-grasse-et-charron-seront-les-porte-drapeaux-dequipe-canada-pour-la-ceremonie-douverture-des-jeux-de-paris-2024\/","og_locale":"fr_FR","og_type":"article","og_title":"De Grasse et Charron seront les porte-drapeaux d\u2019\u00c9quipe Canada pour la c\u00e9r\u00e9monie d\u2019ouverture des Jeux de Paris 2024","og_description":"Depuis une semaine, le sprinter Andre De Grasse et l\u2019halt\u00e9rophile Maude Charron ont gard\u00e9 le secret de leur s\u00e9lection en tant que porte-drapeaux d\u2019\u00c9quipe Canada pour le d\u00e9but des Jeux de la XXXIIIe Olympiade. Les deux athl\u00e8tes ont \u00e9t\u00e9 inform\u00e9s qu\u2019ils avaient \u00e9t\u00e9 choisis par le chef de mission d\u2019\u00c9quipe Canada, l\u2019olympien Bruny Surin, qui a pris part \u00e0 quatre Jeux au cours de sa carri\u00e8re.\u00a0\u00a0","og_url":"https:\/\/develop.olympic.ca\/olympique\/2024\/07\/24\/de-grasse-et-charron-seront-les-porte-drapeaux-dequipe-canada-pour-la-ceremonie-douverture-des-jeux-de-paris-2024\/","og_site_name":"\u00c9quipe Canada | Site officiel de l&#039;\u00e9quipe olympique","article_published_time":"2024-07-24T16:57:13+00:00","article_modified_time":"2024-07-24T16:57:15+00:00","author":"Audrey Lacroix, Caela Fenton","twitter_card":"summary_large_image","twitter_title":"De Grasse et Charron seront les porte-drapeaux d\u2019\u00c9quipe Canada pour la c\u00e9r\u00e9monie d\u2019ouverture des Jeux de Paris 2024","twitter_description":"Depuis une semaine, le sprinter Andre De Grasse et l\u2019halt\u00e9rophile Maude Charron ont gard\u00e9 le secret de leur s\u00e9lection en tant que porte-drapeaux d\u2019\u00c9quipe Canada pour le d\u00e9but des Jeux de la XXXIIIe Olympiade. Les deux athl\u00e8tes ont \u00e9t\u00e9 inform\u00e9s qu\u2019ils avaient \u00e9t\u00e9 choisis par le chef de mission d\u2019\u00c9quipe Canada, l\u2019olympien Bruny Surin, qui a pris part \u00e0 quatre Jeux au cours de sa carri\u00e8re.\u00a0\u00a0","twitter_image":"https:\/\/develop.olympic.ca\/olympique\/wp-content\/uploads\/sites\/2\/2024\/07\/Flag_bearers-Web.jpg?quality=100","twitter_creator":"@alacroix","twitter_misc":{"Written by":"Audrey Lacroix, Caela Fenton","Est. reading time":"8 minutes"},"schema":{"@context":"https:\/\/schema.org","@graph":[{"@type":"Article","@id":"https:\/\/develop.olympic.ca\/olympique\/2024\/07\/24\/de-grasse-et-charron-seront-les-porte-drapeaux-dequipe-canada-pour-la-ceremonie-douverture-des-jeux-de-paris-2024\/#article","isPartOf":{"@id":"https:\/\/develop.olympic.ca\/olympique\/2024\/07\/24\/de-grasse-et-charron-seront-les-porte-drapeaux-dequipe-canada-pour-la-ceremonie-douverture-des-jeux-de-paris-2024\/"},"author":{"name":"alacroix","@id":"https:\/\/develop.olympic.ca\/olympique\/#\/schema\/person\/d90f198d7060e6386b5e1cc25e0844c7"},"headline":"De Grasse et Charron seront les porte-drapeaux d\u2019\u00c9quipe Canada pour la c\u00e9r\u00e9monie d\u2019ouverture des Jeux de Paris 2024","datePublished":"2024-07-24T16:57:13+00:00","dateModified":"2024-07-24T16:57:15+00:00","mainEntityOfPage":{"@id":"https:\/\/develop.olympic.ca\/olympique\/2024\/07\/24\/de-grasse-et-charron-seront-les-porte-drapeaux-dequipe-canada-pour-la-ceremonie-douverture-des-jeux-de-paris-2024\/"},"wordCount":1539,"image":{"@id":"https:\/\/develop.olympic.ca\/olympique\/2024\/07\/24\/de-grasse-et-charron-seront-les-porte-drapeaux-dequipe-canada-pour-la-ceremonie-douverture-des-jeux-de-paris-2024\/#primaryimage"},"thumbnailUrl":"https:\/\/develop.olympic.ca\/olympique\/wp-content\/uploads\/sites\/2\/2024\/07\/Flag_bearers-Web.jpg?quality=100","keywords":["Andre De Grasse","Athl\u00e9tisme","Bruny Surin","C\u00e9r\u00e9monie d&#039;ouverture","\u00c9quipe canada","Halt\u00e9rophilie","Jeux olympiques de Paris 2024","Maude Charron","Paris 2024","porte-drapeau"],"articleSection":["Nouvelles","Uncategorized"],"inLanguage":"fr-FR"},{"@type":"WebPage","@id":"https:\/\/develop.olympic.ca\/olympique\/2024\/07\/24\/de-grasse-et-charron-seront-les-porte-drapeaux-dequipe-canada-pour-la-ceremonie-douverture-des-jeux-de-paris-2024\/","url":"https:\/\/develop.olympic.ca\/olympique\/2024\/07\/24\/de-grasse-et-charron-seront-les-porte-drapeaux-dequipe-canada-pour-la-ceremonie-douverture-des-jeux-de-paris-2024\/","name":"De Grasse et Charron seront les porte-drapeaux d\u2019\u00c9quipe Canada pour la c\u00e9r\u00e9monie d\u2019ouverture des Jeux de Paris 2024 - \u00c9quipe Canada | Site officiel de l&#039;\u00e9quipe olympique","isPartOf":{"@id":"https:\/\/develop.olympic.ca\/olympique\/#website"},"primaryImageOfPage":{"@id":"https:\/\/develop.olympic.ca\/olympique\/2024\/07\/24\/de-grasse-et-charron-seront-les-porte-drapeaux-dequipe-canada-pour-la-ceremonie-douverture-des-jeux-de-paris-2024\/#primaryimage"},"image":{"@id":"https:\/\/develop.olympic.ca\/olympique\/2024\/07\/24\/de-grasse-et-charron-seront-les-porte-drapeaux-dequipe-canada-pour-la-ceremonie-douverture-des-jeux-de-paris-2024\/#primaryimage"},"thumbnailUrl":"https:\/\/develop.olympic.ca\/olympique\/wp-content\/uploads\/sites\/2\/2024\/07\/Flag_bearers-Web.jpg?quality=100","datePublished":"2024-07-24T16:57:13+00:00","dateModified":"2024-07-24T16:57:15+00:00","author":{"@id":"https:\/\/develop.olympic.ca\/olympique\/#\/schema\/person\/d90f198d7060e6386b5e1cc25e0844c7"},"description":"Depuis une semaine, le sprinter Andre De Grasse et l\u2019halt\u00e9rophile Maude Charron ont gard\u00e9 le secret de leur s\u00e9lection en tant que porte-drapeaux d\u2019\u00c9quipe Canada pour le d\u00e9but des Jeux de la XXXIIIe Olympiade. Les deux athl\u00e8tes ont \u00e9t\u00e9 inform\u00e9s qu\u2019ils avaient \u00e9t\u00e9 choisis par le chef de mission d\u2019\u00c9quipe Canada, l\u2019olympien Bruny Surin, qui a pris part \u00e0 quatre Jeux au cours de sa carri\u00e8re.\u00a0\u00a0","inLanguage":"fr-FR","potentialAction":[{"@type":"ReadAction","target":["https:\/\/develop.olympic.ca\/olympique\/2024\/07\/24\/de-grasse-et-charron-seront-les-porte-drapeaux-dequipe-canada-pour-la-ceremonie-douverture-des-jeux-de-paris-2024\/"]}]},{"@type":"ImageObject","inLanguage":"fr-FR","@id":"https:\/\/develop.olympic.ca\/olympique\/2024\/07\/24\/de-grasse-et-charron-seront-les-porte-drapeaux-dequipe-canada-pour-la-ceremonie-douverture-des-jeux-de-paris-2024\/#primaryimage","url":"https:\/\/develop.olympic.ca\/olympique\/wp-content\/uploads\/sites\/2\/2024\/07\/Flag_bearers-Web.jpg?quality=100","contentUrl":"https:\/\/develop.olympic.ca\/olympique\/wp-content\/uploads\/sites\/2\/2024\/07\/Flag_bearers-Web.jpg?quality=100","width":1920,"height":1080,"caption":"Montage photo de Maude Charron et Andre De Grasse. Mention porte-drapeaux, \u00c9quipe Canada, l'invincible courage."},{"@type":"WebSite","@id":"https:\/\/develop.olympic.ca\/olympique\/#website","url":"https:\/\/develop.olympic.ca\/olympique\/","name":"\u00c9quipe Canada | Site officiel de l&#039;\u00e9quipe olympique","description":"Votre source pour l\u2019\u00c9quipe olympique canadienne. Retrouvez les r\u00e9cits, vid\u00e9os et photos des athl\u00e8tes canadiens, sports olympiques, Jeux olympiques de 2020 et bien plus!","potentialAction":[{"@type":"SearchAction","target":{"@type":"EntryPoint","urlTemplate":"https:\/\/develop.olympic.ca\/olympique\/?s={search_term_string}"},"query-input":{"@type":"PropertyValueSpecification","valueRequired":true,"valueName":"search_term_string"}}],"inLanguage":"fr-FR"},{"@type":"Person","@id":"https:\/\/develop.olympic.ca\/olympique\/#\/schema\/person\/d90f198d7060e6386b5e1cc25e0844c7","name":"alacroix","image":{"@type":"ImageObject","inLanguage":"fr-FR","@id":"https:\/\/secure.gravatar.com\/avatar\/6e0ddf63fe2e2c4d0fddcd921861b6c99f402bce42ec31af5ad39247ab324836?s=96&d=identicon&r=g800804460851aa471230f61e1a6a77dc","url":"https:\/\/secure.gravatar.com\/avatar\/6e0ddf63fe2e2c4d0fddcd921861b6c99f402bce42ec31af5ad39247ab324836?s=96&d=identicon&r=g","contentUrl":"https:\/\/secure.gravatar.com\/avatar\/6e0ddf63fe2e2c4d0fddcd921861b6c99f402bce42ec31af5ad39247ab324836?s=96&d=identicon&r=g","caption":"alacroix"},"sameAs":["https:\/\/x.com\/alacroix"],"url":"https:\/\/develop.olympic.ca\/olympique\/author\/alacroix\/"}]}},"jetpack_featured_media_url":"https:\/\/develop.olympic.ca\/olympique\/wp-content\/uploads\/sites\/2\/2024\/07\/Flag_bearers-Web.jpg?quality=100","featured_image_url":"https:\/\/develop.olympic.ca\/olympique\/wp-content\/uploads\/sites\/2\/2024\/07\/Flag_bearers-Web.jpg?quality=100","author_name":["Audrey Lacroix","Caela Fenton"],"category_names":["Nouvelles","Uncategorized"],"tag_names":["Andre De Grasse","Athl\u00e9tisme","Bruny Surin","C\u00e9r\u00e9monie d&#039;ouverture","\u00c9quipe canada","Halt\u00e9rophilie","Jeux olympiques de Paris 2024","Maude Charron","Paris 2024","porte-drapeau"],"video_embed_code":"","facebook_video_embed_code":"","jetpack_sharing_enabled":true,"jetpack-related-posts":[],"jetpack_shortlink":"https:\/\/wp.me\/pbmyEP-1362","_links":{"self":[{"href":"https:\/\/develop.olympic.ca\/olympique\/wp-json\/wp\/v2\/posts\/250234","targetHints":{"allow":["GET"]}}],"collection":[{"href":"https:\/\/develop.olympic.ca\/olympique\/wp-json\/wp\/v2\/posts"}],"about":[{"href":"https:\/\/develop.olympic.ca\/olympique\/wp-json\/wp\/v2\/types\/post"}],"author":[{"embeddable":true,"href":"https:\/\/develop.olympic.ca\/olympique\/wp-json\/wp\/v2\/users\/185434513"}],"replies":[{"embeddable":true,"href":"https:\/\/develop.olympic.ca\/olympique\/wp-json\/wp\/v2\/comments?post=250234"}],"version-history":[{"count":9,"href":"https:\/\/develop.olympic.ca\/olympique\/wp-json\/wp\/v2\/posts\/250234\/revisions"}],"predecessor-version":[{"id":250381,"href":"https:\/\/develop.olympic.ca\/olympique\/wp-json\/wp\/v2\/posts\/250234\/revisions\/250381"}],"wp:featuredmedia":[{"embeddable":true,"href":"https:\/\/develop.olympic.ca\/olympique\/wp-json\/wp\/v2\/media\/250235"}],"wp:attachment":[{"href":"https:\/\/develop.olympic.ca\/olympique\/wp-json\/wp\/v2\/media?parent=250234"}],"wp:term":[{"taxonomy":"category","embeddable":true,"href":"https:\/\/develop.olympic.ca\/olympique\/wp-json\/wp\/v2\/categories?post=250234"},{"taxonomy":"post_tag","embeddable":true,"href":"https:\/\/develop.olympic.ca\/olympique\/wp-json\/wp\/v2\/tags?post=250234"},{"taxonomy":"post_format","embeddable":true,"href":"https:\/\/develop.olympic.ca\/olympique\/wp-json\/wp\/v2\/post_format?post=250234"},{"taxonomy":"sport","embeddable":true,"href":"https:\/\/develop.olympic.ca\/olympique\/wp-json\/wp\/v2\/sport?post=250234"},{"taxonomy":"game","embeddable":true,"href":"https:\/\/develop.olympic.ca\/olympique\/wp-json\/wp\/v2\/game?post=250234"},{"taxonomy":"author","embeddable":true,"href":"https:\/\/develop.olympic.ca\/olympique\/wp-json\/wp\/v2\/coauthors?post=250234"}],"curies":[{"name":"wp","href":"https:\/\/api.w.org\/{rel}","templated":true}]}}