{"id":253567,"date":"2024-08-06T17:32:21","date_gmt":"2024-08-06T21:32:21","guid":{"rendered":"https:\/\/develop.olympic.ca\/olympique\/?p=253567"},"modified":"2024-08-06T17:32:23","modified_gmt":"2024-08-06T21:32:23","slug":"le-triomphe-de-camryn-rogers-au-lancer-du-marteau-illumine-le-jour-11-pour-le-canada-en-athletisme","status":"publish","type":"post","link":"https:\/\/develop.olympic.ca\/olympique\/2024\/08\/06\/le-triomphe-de-camryn-rogers-au-lancer-du-marteau-illumine-le-jour-11-pour-le-canada-en-athletisme\/","title":{"rendered":"Le triomphe de Camryn Rogers au lancer du marteau illumine le Jour 11 pour le Canada en athl\u00e9tisme"},"content":{"rendered":"\n<p class=\"wp-block-paragraph\">La fi\u00e8vre du lancer du marteau envahit le Canada, avec\u00a0<a href=\"https:\/\/develop.olympic.ca\/olympique\/team-canada\/camryn-rogers\/\">Camryn Rogers<\/a>\u00a0remportant l\u2019or dans l\u2019\u00e9preuve f\u00e9minine, deux jours seulement apr\u00e8s <a href=\"https:\/\/develop.olympic.ca\/olympique\/2024\/08\/04\/ethan-katzberg-remporte-lor-au-lancer-du-marteau\/\">la m\u00e9daille d\u2019or d\u2019Ethan Katzberg<\/a>\u00a0\u00e0 l&rsquo;\u00e9preuve masculine.<\/p>\n\n\n\n<p class=\"wp-block-paragraph\">C\u2019est la premi\u00e8re m\u00e9daille d\u2019or du Canada dans une \u00e9preuve f\u00e9minine d\u2019athl\u00e9tisme depuis <a href=\"https:\/\/develop.olympic.ca\/olympique\/jeux\/1928-amsterdam\/\">Amsterdam 1928<\/a>. Le doubl\u00e9 Rogers\/Katzberg est la troisi\u00e8me fois o\u00f9 une nation remporte l\u2019or au lancer du marteau, tant chez les hommes que chez les femmes, lors des m\u00eames Jeux.<\/p>\n\n\n\n<p class=\"wp-block-paragraph\">Sur la piste,\u00a0<a href=\"https:\/\/develop.olympic.ca\/olympique\/team-canada\/brendon-rodney\/\">Brendon Rodney<\/a>\u00a0et\u00a0<a href=\"https:\/\/develop.olympic.ca\/olympique\/team-canada\/aaron-brown\/\">Aaron Brown<\/a>\u00a0ont brill\u00e9 lors du rep\u00eachage du 200 m masculin. Tous deux ont couru en 20,42 secondes dans leurs s\u00e9ries respectives et se sont qualifi\u00e9s pour les demi-finales de mercredi. <\/p>\n\n\n\n<p class=\"wp-block-paragraph\">Ils retrouveront un visage familier dans ces demi-finales :\u00a0<a href=\"https:\/\/develop.olympic.ca\/olympique\/team-canada\/andre-de-grasse\/\">Andre De Grasse<\/a>, <a href=\"https:\/\/develop.olympic.ca\/olympique\/2021\/08\/04\/le-200m-en-or-de-de-grasse-un-choc-pour-le-monde-entier\/\">gagnant de l\u2019or dans cette \u00e9preuve aux Jeux de Tokyo 2020<\/a>.<\/p>\n\n\n\n<figure class=\"wp-block-image size-large\"><img loading=\"lazy\" decoding=\"async\" height=\"754\" width=\"1131\" src=\"https:\/\/develop.olympic.ca\/olympique\/wp-content\/uploads\/sites\/2\/2024\/08\/EDIT_LRH_20240805_05800.jpg?quality=100&amp;w=1131\" alt=\"Brendon Rodney sourit apr\u00e8s sa course.\" class=\"wp-image-253569\" srcset=\"https:\/\/develop.olympic.ca\/olympique\/wp-content\/uploads\/sites\/2\/2024\/08\/EDIT_LRH_20240805_05800.jpg 1200w, https:\/\/develop.olympic.ca\/olympique\/wp-content\/uploads\/sites\/2\/2024\/08\/EDIT_LRH_20240805_05800.jpg?resize=237,158 237w, https:\/\/develop.olympic.ca\/olympique\/wp-content\/uploads\/sites\/2\/2024\/08\/EDIT_LRH_20240805_05800.jpg?resize=557,371 557w, https:\/\/develop.olympic.ca\/olympique\/wp-content\/uploads\/sites\/2\/2024\/08\/EDIT_LRH_20240805_05800.jpg?resize=768,512 768w, https:\/\/develop.olympic.ca\/olympique\/wp-content\/uploads\/sites\/2\/2024\/08\/EDIT_LRH_20240805_05800.jpg?resize=1131,754 1131w\" sizes=\"(max-width: 1131px) 100vw, 1131px\" \/><figcaption class=\"wp-element-caption\">Brendon Rodney\u00a0apr\u00e8s les s\u00e9ries du 200 m masculin aux Jeux olympiques de Paris 2024, en France, le lundi 5 ao\u00fbt 2024. Photo de Leah Hennel\/COC.<\/figcaption><\/figure>\n\n\n\n<p class=\"wp-block-paragraph\">\u00c0 un jour de son 21e anniversaire, la sp\u00e9cialiste des haies\u00a0<a href=\"https:\/\/develop.olympic.ca\/olympique\/team-canada\/savannah-sutherland\/\">Savannah Sutherland<\/a>\u00a0s\u2019est offert un tr\u00e8s beau cadeau d\u2019anniversaire en se qualifiant pour la finale du 400 m haies f\u00e9minin de jeudi avec un temps de 53,80 en demi-finale.<\/p>\n\n\n\n<p class=\"wp-block-paragraph\">\u00ab Je sais que la finale va \u00eatre historique, alors je voulais juste essayer de me lancer rapidement pour me donner les meilleures chances \u00bb, a d\u00e9clar\u00e9 Sutherland. \u00ab Je savais que j\u2019\u00e9tais dans une s\u00e9rie rapide, donc ma meilleure chance \u00e9tait de courir aussi vite que possible et d\u2019obtenir un petit \u2018q\u2019. Je suis contente d\u2019avoir pu le faire. \u00bb<\/p>\n\n\n\n<p class=\"wp-block-paragraph\">Les deux premi\u00e8res finisseuses de chacune des trois s\u00e9ries de demi-finale se qualifiaient automatiquement (un grand \u201cQ\u201d), tandis que les deux autres meilleures concurrentes obtenaient un petit \u201cq\u201d et avan\u00e7aient \u00e9galement.<\/p>\n\n\n\n<p class=\"wp-block-paragraph\">Sutherland a termin\u00e9 quatri\u00e8me de la derni\u00e8re s\u00e9rie de demi-finale et n\u2019\u00e9tait pas s\u00fbre de sa qualification jusqu\u2019\u00e0 ce qu\u2019un officiel olympique lui annonce la nouvelle.<\/p>\n\n\n\n<p class=\"wp-block-paragraph\">\u00ab Je lui ai donn\u00e9 un c\u00e2lin ; je pense qu\u2019elle \u00e9tait un peu surprise \u00bb, a d\u00e9clar\u00e9 Sutherland. \u00ab J\u2019\u00e9tais d\u00e9finitivement surprise, excit\u00e9e, stup\u00e9faite. \u00bb<\/p>\n\n\n\n<p class=\"wp-block-paragraph\">\u00ab Le meilleur cadeau d\u2019anniversaire au monde, c\u2019est s\u00fbr ! \u00bb<\/p>\n\n\n\n<figure class=\"wp-block-image size-large\"><img loading=\"lazy\" decoding=\"async\" height=\"754\" width=\"1131\" src=\"https:\/\/develop.olympic.ca\/olympique\/wp-content\/uploads\/sites\/2\/2024\/08\/CP215277183.jpg?quality=100&amp;w=1131\" alt=\"Savannah Sutherland saute une haie.\" class=\"wp-image-253570\" srcset=\"https:\/\/develop.olympic.ca\/olympique\/wp-content\/uploads\/sites\/2\/2024\/08\/CP215277183.jpg 2140w, https:\/\/develop.olympic.ca\/olympique\/wp-content\/uploads\/sites\/2\/2024\/08\/CP215277183.jpg?resize=237,158 237w, https:\/\/develop.olympic.ca\/olympique\/wp-content\/uploads\/sites\/2\/2024\/08\/CP215277183.jpg?resize=556,371 556w, https:\/\/develop.olympic.ca\/olympique\/wp-content\/uploads\/sites\/2\/2024\/08\/CP215277183.jpg?resize=768,512 768w, https:\/\/develop.olympic.ca\/olympique\/wp-content\/uploads\/sites\/2\/2024\/08\/CP215277183.jpg?resize=1131,754 1131w, https:\/\/develop.olympic.ca\/olympique\/wp-content\/uploads\/sites\/2\/2024\/08\/CP215277183.jpg?resize=1536,1024 1536w, https:\/\/develop.olympic.ca\/olympique\/wp-content\/uploads\/sites\/2\/2024\/08\/CP215277183.jpg?resize=2048,1366 2048w\" sizes=\"(max-width: 1131px) 100vw, 1131px\" \/><figcaption class=\"wp-element-caption\">Savannah Sutherland\u00a0lors de la demi-finale du 400 m haies f\u00e9minin aux Jeux olympiques \u00e0 Paris, le mardi 6 ao\u00fbt 2024. (THE CANADIAN PRESS\/Adrian Wyld)<\/figcaption><\/figure>\n\n\n\n<p class=\"wp-block-paragraph\">De fa\u00e7on similaire,\u00a0<a href=\"https:\/\/develop.olympic.ca\/olympique\/team-canada\/christopher-morales-williams\/\">Christopher Morales-Williams<\/a>\u00a0voulait lui s&rsquo;offrir un cadeau d\u2019anniversaire un peu en retard en demi-finale du 400 m masculin, le lendemain de ses 20 ans. Mais son temps de 45,25 n\u2019a pas suffi pour atteindre la finale. Morales-Williams faisait ses d\u00e9buts olympiques apr\u00e8s une longue et \u00e9puisante saison en NCAA.<\/p>\n\n\n\n<p class=\"wp-block-paragraph\">Plus t\u00f4t sur la piste au Stade de France,\u00a0<a href=\"https:\/\/develop.olympic.ca\/olympique\/team-canada\/lucia-stafford\/\">Lucia Stafford<\/a>\u00a0(4:02,22),\u00a0<a href=\"https:\/\/develop.olympic.ca\/olympique\/team-canada\/simone-plourde\/\">Simone Plourde<\/a>\u00a0(4:06,59) et\u00a0<a href=\"https:\/\/develop.olympic.ca\/olympique\/team-canada\/kate-current\/\">Kate Current<\/a>\u00a0(4:09,81) ont couru dans les s\u00e9ries de qualification du 1500 m f\u00e9minin. Les trois participeront au rep\u00eachage de mercredi.<\/p>\n\n\n\n<p class=\"wp-block-paragraph\"><a href=\"https:\/\/develop.olympic.ca\/olympique\/team-canada\/craig-thorne\/\">Craig Thorne<\/a>\u00a0a couru dans le rep\u00eachage du 110 m haies masculin, mais son temps de 13,62 secondes n\u2019a pas suffi pour atteindre les demi-finales. Il en a \u00e9t\u00e9 de m\u00eame pour\u00a0<a href=\"https:\/\/develop.olympic.ca\/olympique\/team-canada\/zoe-sherar\/\">Zoe Sherar<\/a>\u00a0(51,43) et\u00a0<a href=\"https:\/\/develop.olympic.ca\/olympique\/team-canada\/lauren-gale\/\">Lauren Gale<\/a>\u00a0(52,68) dans le rep\u00eachage du 400 m f\u00e9minin.<\/p>\n","protected":false},"excerpt":{"rendered":"<p>La fi\u00e8vre du lancer du marteau envahit le Canada, avec\u00a0Camryn Rogers\u00a0remportant l\u2019or dans l\u2019\u00e9preuve f\u00e9minine, deux jours seulement apr\u00e8s la&#8230;<\/p>\n","protected":false},"author":185434513,"featured_media":253576,"comment_status":"closed","ping_status":"closed","sticky":false,"template":"","format":"standard","meta":{"_acf_changed":false,"_crdt_document":"","_jetpack_memberships_contains_paid_content":false,"footnotes":""},"categories":[16085],"tags":[619352,1577727,182457884,415984548,144670797,415987338,682166738,682164491,1104411,682166109,682164515,682164508,415985124,682166933,682166931,682166807,682166860,682165460],"post_format":"standard","sport":[48770],"game":[415985140],"coauthors":[374051512],"class_list":["post-253567","post","type-post","status-publish","format-standard","has-post-thumbnail","hentry","category-nouvelles","tag-400m","tag-aaron-brown","tag-andre-de-grasse","tag-athletisme","tag-brendon-rodney","tag-camryn-rogers","tag-christopher-morales-williams-2","tag-craig-thorne","tag-equipe-canada","tag-kate-current","tag-lauren-gale","tag-lucia-stafford","tag-paris-2024","tag-paris-sport-recap","tag-paris-sport-recap-fr","tag-savannah-sutherland","tag-simone-plourde","tag-zoe-sherar","sport-athletisme","game-paris-2024"],"acf":[],"yoast_head":"<!-- This site is optimized with the Yoast SEO plugin v27.3 - https:\/\/yoast.com\/product\/yoast-seo-wordpress\/ -->\n<title>Le triomphe de Camryn Rogers au lancer du marteau illumine le Jour 11 pour le Canada en athl\u00e9tisme - \u00c9quipe Canada | Site officiel de l&#039;\u00e9quipe olympique<\/title>\n<meta name=\"description\" content=\"R\u00e9sum\u00e9 des performances d&#039;\u00c9quipe Canada en athl\u00e9tisme au Jour 11 des Jeux de Paris 2024\" \/>\n<meta name=\"robots\" content=\"index, follow, max-snippet:-1, max-image-preview:large, max-video-preview:-1\" \/>\n<link rel=\"canonical\" href=\"https:\/\/develop.olympic.ca\/olympique\/2024\/08\/06\/le-triomphe-de-camryn-rogers-au-lancer-du-marteau-illumine-le-jour-11-pour-le-canada-en-athletisme\/\" \/>\n<meta property=\"og:locale\" content=\"fr_FR\" \/>\n<meta property=\"og:type\" content=\"article\" \/>\n<meta property=\"og:title\" content=\"Le triomphe de Camryn Rogers au lancer du marteau illumine le Jour 11 pour le Canada en athl\u00e9tisme\" \/>\n<meta property=\"og:description\" content=\"R\u00e9sum\u00e9 des performances d&#039;\u00c9quipe Canada en athl\u00e9tisme au Jour 11 des Jeux de Paris 2024\" \/>\n<meta property=\"og:url\" content=\"https:\/\/develop.olympic.ca\/olympique\/2024\/08\/06\/le-triomphe-de-camryn-rogers-au-lancer-du-marteau-illumine-le-jour-11-pour-le-canada-en-athletisme\/\" \/>\n<meta property=\"og:site_name\" content=\"\u00c9quipe Canada | Site officiel de l&#039;\u00e9quipe olympique\" \/>\n<meta property=\"article:published_time\" content=\"2024-08-06T21:32:21+00:00\" \/>\n<meta property=\"article:modified_time\" content=\"2024-08-06T21:32:23+00:00\" \/>\n<meta property=\"og:image\" content=\"https:\/\/develop.olympic.ca\/olympique\/wp-content\/uploads\/sites\/2\/2024\/08\/LRH08596-e1722977595246.jpg?quality=100\" \/>\n\t<meta property=\"og:image:width\" content=\"1200\" \/>\n\t<meta property=\"og:image:height\" content=\"678\" \/>\n\t<meta property=\"og:image:type\" content=\"image\/jpeg\" \/>\n<meta name=\"author\" content=\"Daniel Squizzato\" \/>\n<meta name=\"twitter:card\" content=\"summary_large_image\" \/>\n<meta name=\"twitter:title\" content=\"Le triomphe de Camryn Rogers au lancer du marteau illumine le Jour 11 pour le Canada en athl\u00e9tisme\" \/>\n<meta name=\"twitter:description\" content=\"R\u00e9sum\u00e9 des performances d&#039;\u00c9quipe Canada en athl\u00e9tisme au Jour 11 des Jeux de Paris 2024\" \/>\n<meta name=\"twitter:creator\" content=\"@alacroix\" \/>\n<meta name=\"twitter:label1\" content=\"Written by\" \/>\n\t<meta name=\"twitter:data1\" content=\"Daniel Squizzato\" \/>\n\t<meta name=\"twitter:label2\" content=\"Est. reading time\" \/>\n\t<meta name=\"twitter:data2\" content=\"4 minutes\" \/>\n<script type=\"application\/ld+json\" class=\"yoast-schema-graph\">{\"@context\":\"https:\\\/\\\/schema.org\",\"@graph\":[{\"@type\":\"Article\",\"@id\":\"https:\\\/\\\/develop.olympic.ca\\\/olympique\\\/2024\\\/08\\\/06\\\/le-triomphe-de-camryn-rogers-au-lancer-du-marteau-illumine-le-jour-11-pour-le-canada-en-athletisme\\\/#article\",\"isPartOf\":{\"@id\":\"https:\\\/\\\/develop.olympic.ca\\\/olympique\\\/2024\\\/08\\\/06\\\/le-triomphe-de-camryn-rogers-au-lancer-du-marteau-illumine-le-jour-11-pour-le-canada-en-athletisme\\\/\"},\"author\":{\"name\":\"alacroix\",\"@id\":\"https:\\\/\\\/develop.olympic.ca\\\/olympique\\\/#\\\/schema\\\/person\\\/d90f198d7060e6386b5e1cc25e0844c7\"},\"headline\":\"Le triomphe de Camryn Rogers au lancer du marteau illumine le Jour 11 pour le Canada en athl\u00e9tisme\",\"datePublished\":\"2024-08-06T21:32:21+00:00\",\"dateModified\":\"2024-08-06T21:32:23+00:00\",\"mainEntityOfPage\":{\"@id\":\"https:\\\/\\\/develop.olympic.ca\\\/olympique\\\/2024\\\/08\\\/06\\\/le-triomphe-de-camryn-rogers-au-lancer-du-marteau-illumine-le-jour-11-pour-le-canada-en-athletisme\\\/\"},\"wordCount\":565,\"image\":{\"@id\":\"https:\\\/\\\/develop.olympic.ca\\\/olympique\\\/2024\\\/08\\\/06\\\/le-triomphe-de-camryn-rogers-au-lancer-du-marteau-illumine-le-jour-11-pour-le-canada-en-athletisme\\\/#primaryimage\"},\"thumbnailUrl\":\"https:\\\/\\\/develop.olympic.ca\\\/olympique\\\/wp-content\\\/uploads\\\/sites\\\/2\\\/2024\\\/08\\\/LRH08596-e1722977595246.jpg?quality=100\",\"keywords\":[\"400m\",\"Aaron Brown\",\"Andre De Grasse\",\"Athl\u00e9tisme\",\"Brendon Rodney\",\"Camryn Rogers\",\"Christopher Morales Williams\",\"Craig Thorne\",\"\u00c9quipe canada\",\"Kate Current\",\"Lauren Gale\",\"Lucia Stafford\",\"Paris 2024\",\"paris sport recap\",\"paris sport recap FR\",\"Savannah Sutherland\",\"Simone Plourde\",\"Zoe Sherar\"],\"articleSection\":[\"Nouvelles\"],\"inLanguage\":\"fr-FR\"},{\"@type\":\"WebPage\",\"@id\":\"https:\\\/\\\/develop.olympic.ca\\\/olympique\\\/2024\\\/08\\\/06\\\/le-triomphe-de-camryn-rogers-au-lancer-du-marteau-illumine-le-jour-11-pour-le-canada-en-athletisme\\\/\",\"url\":\"https:\\\/\\\/develop.olympic.ca\\\/olympique\\\/2024\\\/08\\\/06\\\/le-triomphe-de-camryn-rogers-au-lancer-du-marteau-illumine-le-jour-11-pour-le-canada-en-athletisme\\\/\",\"name\":\"Le triomphe de Camryn Rogers au lancer du marteau illumine le Jour 11 pour le Canada en athl\u00e9tisme - \u00c9quipe Canada | Site officiel de l&#039;\u00e9quipe olympique\",\"isPartOf\":{\"@id\":\"https:\\\/\\\/develop.olympic.ca\\\/olympique\\\/#website\"},\"primaryImageOfPage\":{\"@id\":\"https:\\\/\\\/develop.olympic.ca\\\/olympique\\\/2024\\\/08\\\/06\\\/le-triomphe-de-camryn-rogers-au-lancer-du-marteau-illumine-le-jour-11-pour-le-canada-en-athletisme\\\/#primaryimage\"},\"image\":{\"@id\":\"https:\\\/\\\/develop.olympic.ca\\\/olympique\\\/2024\\\/08\\\/06\\\/le-triomphe-de-camryn-rogers-au-lancer-du-marteau-illumine-le-jour-11-pour-le-canada-en-athletisme\\\/#primaryimage\"},\"thumbnailUrl\":\"https:\\\/\\\/develop.olympic.ca\\\/olympique\\\/wp-content\\\/uploads\\\/sites\\\/2\\\/2024\\\/08\\\/LRH08596-e1722977595246.jpg?quality=100\",\"datePublished\":\"2024-08-06T21:32:21+00:00\",\"dateModified\":\"2024-08-06T21:32:23+00:00\",\"author\":{\"@id\":\"https:\\\/\\\/develop.olympic.ca\\\/olympique\\\/#\\\/schema\\\/person\\\/d90f198d7060e6386b5e1cc25e0844c7\"},\"description\":\"R\u00e9sum\u00e9 des performances d'\u00c9quipe Canada en athl\u00e9tisme au Jour 11 des Jeux de Paris 2024\",\"inLanguage\":\"fr-FR\",\"potentialAction\":[{\"@type\":\"ReadAction\",\"target\":[\"https:\\\/\\\/develop.olympic.ca\\\/olympique\\\/2024\\\/08\\\/06\\\/le-triomphe-de-camryn-rogers-au-lancer-du-marteau-illumine-le-jour-11-pour-le-canada-en-athletisme\\\/\"]}]},{\"@type\":\"ImageObject\",\"inLanguage\":\"fr-FR\",\"@id\":\"https:\\\/\\\/develop.olympic.ca\\\/olympique\\\/2024\\\/08\\\/06\\\/le-triomphe-de-camryn-rogers-au-lancer-du-marteau-illumine-le-jour-11-pour-le-canada-en-athletisme\\\/#primaryimage\",\"url\":\"https:\\\/\\\/develop.olympic.ca\\\/olympique\\\/wp-content\\\/uploads\\\/sites\\\/2\\\/2024\\\/08\\\/LRH08596-e1722977595246.jpg?quality=100\",\"contentUrl\":\"https:\\\/\\\/develop.olympic.ca\\\/olympique\\\/wp-content\\\/uploads\\\/sites\\\/2\\\/2024\\\/08\\\/LRH08596-e1722977595246.jpg?quality=100\",\"width\":1200,\"height\":678,\"caption\":\"Camryn Rogers c\u00e9l\u00e8bre la m\u00e9daille d'or remport\u00e9e au lancer du marteau lors des Jeux olympiques de Paris 2024 en France, le mardi 6 ao\u00fbt 2024. Photo par Leah Hennel\\\/COC CR\u00c9DIT\"},{\"@type\":\"WebSite\",\"@id\":\"https:\\\/\\\/develop.olympic.ca\\\/olympique\\\/#website\",\"url\":\"https:\\\/\\\/develop.olympic.ca\\\/olympique\\\/\",\"name\":\"\u00c9quipe Canada | Site officiel de l&#039;\u00e9quipe olympique\",\"description\":\"Votre source pour l\u2019\u00c9quipe olympique canadienne. Retrouvez les r\u00e9cits, vid\u00e9os et photos des athl\u00e8tes canadiens, sports olympiques, Jeux olympiques de 2020 et bien plus!\",\"potentialAction\":[{\"@type\":\"SearchAction\",\"target\":{\"@type\":\"EntryPoint\",\"urlTemplate\":\"https:\\\/\\\/develop.olympic.ca\\\/olympique\\\/?s={search_term_string}\"},\"query-input\":{\"@type\":\"PropertyValueSpecification\",\"valueRequired\":true,\"valueName\":\"search_term_string\"}}],\"inLanguage\":\"fr-FR\"},{\"@type\":\"Person\",\"@id\":\"https:\\\/\\\/develop.olympic.ca\\\/olympique\\\/#\\\/schema\\\/person\\\/d90f198d7060e6386b5e1cc25e0844c7\",\"name\":\"alacroix\",\"image\":{\"@type\":\"ImageObject\",\"inLanguage\":\"fr-FR\",\"@id\":\"https:\\\/\\\/secure.gravatar.com\\\/avatar\\\/6e0ddf63fe2e2c4d0fddcd921861b6c99f402bce42ec31af5ad39247ab324836?s=96&d=identicon&r=g800804460851aa471230f61e1a6a77dc\",\"url\":\"https:\\\/\\\/secure.gravatar.com\\\/avatar\\\/6e0ddf63fe2e2c4d0fddcd921861b6c99f402bce42ec31af5ad39247ab324836?s=96&d=identicon&r=g\",\"contentUrl\":\"https:\\\/\\\/secure.gravatar.com\\\/avatar\\\/6e0ddf63fe2e2c4d0fddcd921861b6c99f402bce42ec31af5ad39247ab324836?s=96&d=identicon&r=g\",\"caption\":\"alacroix\"},\"sameAs\":[\"https:\\\/\\\/x.com\\\/alacroix\"],\"url\":\"https:\\\/\\\/develop.olympic.ca\\\/olympique\\\/author\\\/alacroix\\\/\"}]}<\/script>\n<!-- \/ Yoast SEO plugin. -->","yoast_head_json":{"title":"Le triomphe de Camryn Rogers au lancer du marteau illumine le Jour 11 pour le Canada en athl\u00e9tisme - \u00c9quipe Canada | Site officiel de l&#039;\u00e9quipe olympique","description":"R\u00e9sum\u00e9 des performances d'\u00c9quipe Canada en athl\u00e9tisme au Jour 11 des Jeux de Paris 2024","robots":{"index":"index","follow":"follow","max-snippet":"max-snippet:-1","max-image-preview":"max-image-preview:large","max-video-preview":"max-video-preview:-1"},"canonical":"https:\/\/develop.olympic.ca\/olympique\/2024\/08\/06\/le-triomphe-de-camryn-rogers-au-lancer-du-marteau-illumine-le-jour-11-pour-le-canada-en-athletisme\/","og_locale":"fr_FR","og_type":"article","og_title":"Le triomphe de Camryn Rogers au lancer du marteau illumine le Jour 11 pour le Canada en athl\u00e9tisme","og_description":"R\u00e9sum\u00e9 des performances d'\u00c9quipe Canada en athl\u00e9tisme au Jour 11 des Jeux de Paris 2024","og_url":"https:\/\/develop.olympic.ca\/olympique\/2024\/08\/06\/le-triomphe-de-camryn-rogers-au-lancer-du-marteau-illumine-le-jour-11-pour-le-canada-en-athletisme\/","og_site_name":"\u00c9quipe Canada | Site officiel de l&#039;\u00e9quipe olympique","article_published_time":"2024-08-06T21:32:21+00:00","article_modified_time":"2024-08-06T21:32:23+00:00","og_image":[{"width":1200,"height":678,"url":"https:\/\/develop.olympic.ca\/olympique\/wp-content\/uploads\/sites\/2\/2024\/08\/LRH08596-e1722977595246.jpg?quality=100","type":"image\/jpeg"}],"author":"Daniel Squizzato","twitter_card":"summary_large_image","twitter_title":"Le triomphe de Camryn Rogers au lancer du marteau illumine le Jour 11 pour le Canada en athl\u00e9tisme","twitter_description":"R\u00e9sum\u00e9 des performances d'\u00c9quipe Canada en athl\u00e9tisme au Jour 11 des Jeux de Paris 2024","twitter_creator":"@alacroix","twitter_misc":{"Written by":"Daniel Squizzato","Est. reading time":"4 minutes"},"schema":{"@context":"https:\/\/schema.org","@graph":[{"@type":"Article","@id":"https:\/\/develop.olympic.ca\/olympique\/2024\/08\/06\/le-triomphe-de-camryn-rogers-au-lancer-du-marteau-illumine-le-jour-11-pour-le-canada-en-athletisme\/#article","isPartOf":{"@id":"https:\/\/develop.olympic.ca\/olympique\/2024\/08\/06\/le-triomphe-de-camryn-rogers-au-lancer-du-marteau-illumine-le-jour-11-pour-le-canada-en-athletisme\/"},"author":{"name":"alacroix","@id":"https:\/\/develop.olympic.ca\/olympique\/#\/schema\/person\/d90f198d7060e6386b5e1cc25e0844c7"},"headline":"Le triomphe de Camryn Rogers au lancer du marteau illumine le Jour 11 pour le Canada en athl\u00e9tisme","datePublished":"2024-08-06T21:32:21+00:00","dateModified":"2024-08-06T21:32:23+00:00","mainEntityOfPage":{"@id":"https:\/\/develop.olympic.ca\/olympique\/2024\/08\/06\/le-triomphe-de-camryn-rogers-au-lancer-du-marteau-illumine-le-jour-11-pour-le-canada-en-athletisme\/"},"wordCount":565,"image":{"@id":"https:\/\/develop.olympic.ca\/olympique\/2024\/08\/06\/le-triomphe-de-camryn-rogers-au-lancer-du-marteau-illumine-le-jour-11-pour-le-canada-en-athletisme\/#primaryimage"},"thumbnailUrl":"https:\/\/develop.olympic.ca\/olympique\/wp-content\/uploads\/sites\/2\/2024\/08\/LRH08596-e1722977595246.jpg?quality=100","keywords":["400m","Aaron Brown","Andre De Grasse","Athl\u00e9tisme","Brendon Rodney","Camryn Rogers","Christopher Morales Williams","Craig Thorne","\u00c9quipe canada","Kate Current","Lauren Gale","Lucia Stafford","Paris 2024","paris sport recap","paris sport recap FR","Savannah Sutherland","Simone Plourde","Zoe Sherar"],"articleSection":["Nouvelles"],"inLanguage":"fr-FR"},{"@type":"WebPage","@id":"https:\/\/develop.olympic.ca\/olympique\/2024\/08\/06\/le-triomphe-de-camryn-rogers-au-lancer-du-marteau-illumine-le-jour-11-pour-le-canada-en-athletisme\/","url":"https:\/\/develop.olympic.ca\/olympique\/2024\/08\/06\/le-triomphe-de-camryn-rogers-au-lancer-du-marteau-illumine-le-jour-11-pour-le-canada-en-athletisme\/","name":"Le triomphe de Camryn Rogers au lancer du marteau illumine le Jour 11 pour le Canada en athl\u00e9tisme - \u00c9quipe Canada | Site officiel de l&#039;\u00e9quipe olympique","isPartOf":{"@id":"https:\/\/develop.olympic.ca\/olympique\/#website"},"primaryImageOfPage":{"@id":"https:\/\/develop.olympic.ca\/olympique\/2024\/08\/06\/le-triomphe-de-camryn-rogers-au-lancer-du-marteau-illumine-le-jour-11-pour-le-canada-en-athletisme\/#primaryimage"},"image":{"@id":"https:\/\/develop.olympic.ca\/olympique\/2024\/08\/06\/le-triomphe-de-camryn-rogers-au-lancer-du-marteau-illumine-le-jour-11-pour-le-canada-en-athletisme\/#primaryimage"},"thumbnailUrl":"https:\/\/develop.olympic.ca\/olympique\/wp-content\/uploads\/sites\/2\/2024\/08\/LRH08596-e1722977595246.jpg?quality=100","datePublished":"2024-08-06T21:32:21+00:00","dateModified":"2024-08-06T21:32:23+00:00","author":{"@id":"https:\/\/develop.olympic.ca\/olympique\/#\/schema\/person\/d90f198d7060e6386b5e1cc25e0844c7"},"description":"R\u00e9sum\u00e9 des performances d'\u00c9quipe Canada en athl\u00e9tisme au Jour 11 des Jeux de Paris 2024","inLanguage":"fr-FR","potentialAction":[{"@type":"ReadAction","target":["https:\/\/develop.olympic.ca\/olympique\/2024\/08\/06\/le-triomphe-de-camryn-rogers-au-lancer-du-marteau-illumine-le-jour-11-pour-le-canada-en-athletisme\/"]}]},{"@type":"ImageObject","inLanguage":"fr-FR","@id":"https:\/\/develop.olympic.ca\/olympique\/2024\/08\/06\/le-triomphe-de-camryn-rogers-au-lancer-du-marteau-illumine-le-jour-11-pour-le-canada-en-athletisme\/#primaryimage","url":"https:\/\/develop.olympic.ca\/olympique\/wp-content\/uploads\/sites\/2\/2024\/08\/LRH08596-e1722977595246.jpg?quality=100","contentUrl":"https:\/\/develop.olympic.ca\/olympique\/wp-content\/uploads\/sites\/2\/2024\/08\/LRH08596-e1722977595246.jpg?quality=100","width":1200,"height":678,"caption":"Camryn Rogers c\u00e9l\u00e8bre la m\u00e9daille d'or remport\u00e9e au lancer du marteau lors des Jeux olympiques de Paris 2024 en France, le mardi 6 ao\u00fbt 2024. Photo par Leah Hennel\/COC CR\u00c9DIT"},{"@type":"WebSite","@id":"https:\/\/develop.olympic.ca\/olympique\/#website","url":"https:\/\/develop.olympic.ca\/olympique\/","name":"\u00c9quipe Canada | Site officiel de l&#039;\u00e9quipe olympique","description":"Votre source pour l\u2019\u00c9quipe olympique canadienne. Retrouvez les r\u00e9cits, vid\u00e9os et photos des athl\u00e8tes canadiens, sports olympiques, Jeux olympiques de 2020 et bien plus!","potentialAction":[{"@type":"SearchAction","target":{"@type":"EntryPoint","urlTemplate":"https:\/\/develop.olympic.ca\/olympique\/?s={search_term_string}"},"query-input":{"@type":"PropertyValueSpecification","valueRequired":true,"valueName":"search_term_string"}}],"inLanguage":"fr-FR"},{"@type":"Person","@id":"https:\/\/develop.olympic.ca\/olympique\/#\/schema\/person\/d90f198d7060e6386b5e1cc25e0844c7","name":"alacroix","image":{"@type":"ImageObject","inLanguage":"fr-FR","@id":"https:\/\/secure.gravatar.com\/avatar\/6e0ddf63fe2e2c4d0fddcd921861b6c99f402bce42ec31af5ad39247ab324836?s=96&d=identicon&r=g800804460851aa471230f61e1a6a77dc","url":"https:\/\/secure.gravatar.com\/avatar\/6e0ddf63fe2e2c4d0fddcd921861b6c99f402bce42ec31af5ad39247ab324836?s=96&d=identicon&r=g","contentUrl":"https:\/\/secure.gravatar.com\/avatar\/6e0ddf63fe2e2c4d0fddcd921861b6c99f402bce42ec31af5ad39247ab324836?s=96&d=identicon&r=g","caption":"alacroix"},"sameAs":["https:\/\/x.com\/alacroix"],"url":"https:\/\/develop.olympic.ca\/olympique\/author\/alacroix\/"}]}},"jetpack_featured_media_url":"https:\/\/develop.olympic.ca\/olympique\/wp-content\/uploads\/sites\/2\/2024\/08\/LRH08596-e1722977595246.jpg?quality=100","featured_image_url":"https:\/\/develop.olympic.ca\/olympique\/wp-content\/uploads\/sites\/2\/2024\/08\/LRH08596-e1722977595246.jpg?quality=100","author_name":["Daniel Squizzato"],"category_names":["Nouvelles"],"tag_names":["400m","Aaron Brown","Andre De Grasse","Athl\u00e9tisme","Brendon Rodney","Camryn Rogers","Christopher Morales Williams","Craig Thorne","\u00c9quipe canada","Kate Current","Lauren Gale","Lucia Stafford","Paris 2024","paris sport recap","paris sport recap FR","Savannah Sutherland","Simone Plourde","Zoe Sherar"],"video_embed_code":"","facebook_video_embed_code":"","jetpack_sharing_enabled":true,"jetpack-related-posts":[],"jetpack_shortlink":"https:\/\/wp.me\/pbmyEP-13XN","_links":{"self":[{"href":"https:\/\/develop.olympic.ca\/olympique\/wp-json\/wp\/v2\/posts\/253567","targetHints":{"allow":["GET"]}}],"collection":[{"href":"https:\/\/develop.olympic.ca\/olympique\/wp-json\/wp\/v2\/posts"}],"about":[{"href":"https:\/\/develop.olympic.ca\/olympique\/wp-json\/wp\/v2\/types\/post"}],"author":[{"embeddable":true,"href":"https:\/\/develop.olympic.ca\/olympique\/wp-json\/wp\/v2\/users\/185434513"}],"replies":[{"embeddable":true,"href":"https:\/\/develop.olympic.ca\/olympique\/wp-json\/wp\/v2\/comments?post=253567"}],"version-history":[{"count":7,"href":"https:\/\/develop.olympic.ca\/olympique\/wp-json\/wp\/v2\/posts\/253567\/revisions"}],"predecessor-version":[{"id":253577,"href":"https:\/\/develop.olympic.ca\/olympique\/wp-json\/wp\/v2\/posts\/253567\/revisions\/253577"}],"wp:featuredmedia":[{"embeddable":true,"href":"https:\/\/develop.olympic.ca\/olympique\/wp-json\/wp\/v2\/media\/253576"}],"wp:attachment":[{"href":"https:\/\/develop.olympic.ca\/olympique\/wp-json\/wp\/v2\/media?parent=253567"}],"wp:term":[{"taxonomy":"category","embeddable":true,"href":"https:\/\/develop.olympic.ca\/olympique\/wp-json\/wp\/v2\/categories?post=253567"},{"taxonomy":"post_tag","embeddable":true,"href":"https:\/\/develop.olympic.ca\/olympique\/wp-json\/wp\/v2\/tags?post=253567"},{"taxonomy":"post_format","embeddable":true,"href":"https:\/\/develop.olympic.ca\/olympique\/wp-json\/wp\/v2\/post_format?post=253567"},{"taxonomy":"sport","embeddable":true,"href":"https:\/\/develop.olympic.ca\/olympique\/wp-json\/wp\/v2\/sport?post=253567"},{"taxonomy":"game","embeddable":true,"href":"https:\/\/develop.olympic.ca\/olympique\/wp-json\/wp\/v2\/game?post=253567"},{"taxonomy":"author","embeddable":true,"href":"https:\/\/develop.olympic.ca\/olympique\/wp-json\/wp\/v2\/coauthors?post=253567"}],"curies":[{"name":"wp","href":"https:\/\/api.w.org\/{rel}","templated":true}]}}