{"id":255075,"date":"2024-09-06T15:15:22","date_gmt":"2024-09-06T19:15:22","guid":{"rendered":""},"modified":"2024-09-06T15:20:08","modified_gmt":"2024-09-06T19:20:08","slug":"des-photos-marquantes-dequipe-canada-a-paris-2024","status":"publish","type":"post","link":"https:\/\/develop.olympic.ca\/olympique\/2024\/09\/06\/des-photos-marquantes-dequipe-canada-a-paris-2024\/","title":{"rendered":"Des photos marquantes d&rsquo;\u00c9quipe Canada \u00e0 Paris 2024"},"content":{"rendered":"\n<p class=\"wp-block-paragraph\">Les Jeux de Paris 2024 sont dans le r\u00e9troviseur, mais on a le go\u00fbt de se rem\u00e9morer des moments marquants. C&rsquo;est pourquoi nous vous proposons de revivre la magie des Jeux olympiques \u00e0 travers des galeries photos d&rsquo;incroyables clich\u00e9s pris par les photographes d&rsquo;\u00c9quipe Canada.<\/p>\n\n\n\n<h4 class=\"wp-block-heading\">Les r\u00e9actions empreintes d&rsquo;\u00e9motions<\/h4>\n\n\n\n<p class=\"wp-block-paragraph\">Des moments immortalis\u00e9s o\u00f9 les athl\u00e8tes ont atteint un objectif, r\u00e9alis\u00e9 un r\u00eave ou ont \u00e9t\u00e9 submerg\u00e9s par l\u2019\u00e9motion.<\/p>\n\n\n\n<div class=\"wp-block-jetpack-slideshow aligncenter\" data-effect=\"slide\"><div class=\"wp-block-jetpack-slideshow_container swiper-container\"><ul class=\"wp-block-jetpack-slideshow_swiper-wrapper swiper-wrapper\"><li class=\"wp-block-jetpack-slideshow_slide swiper-slide\"><figure><img loading=\"lazy\" decoding=\"async\" width=\"1200\" height=\"887\" alt=\"Eleanor Harvey d'\u00c9quipe Canada c\u00e9l\u00e8bre avec Yunjia Zhang et Jessica Guo.\" class=\"wp-block-jetpack-slideshow_image wp-image-255053\" data-id=\"255053\" src=\"https:\/\/develop.olympic.ca\/olympique\/wp-content\/uploads\/sites\/2\/2024\/09\/mdb_20240801_452786.jpg?quality=100&amp;w=1020\" srcset=\"https:\/\/develop.olympic.ca\/olympique\/wp-content\/uploads\/sites\/2\/2024\/09\/mdb_20240801_452786.jpg 1200w, https:\/\/develop.olympic.ca\/olympique\/wp-content\/uploads\/sites\/2\/2024\/09\/mdb_20240801_452786.jpg?resize=214,158 214w, https:\/\/develop.olympic.ca\/olympique\/wp-content\/uploads\/sites\/2\/2024\/09\/mdb_20240801_452786.jpg?resize=502,371 502w, https:\/\/develop.olympic.ca\/olympique\/wp-content\/uploads\/sites\/2\/2024\/09\/mdb_20240801_452786.jpg?resize=768,568 768w, https:\/\/develop.olympic.ca\/olympique\/wp-content\/uploads\/sites\/2\/2024\/09\/mdb_20240801_452786.jpg?resize=1020,754 1020w\" sizes=\"(max-width: 1200px) 100vw, 1200px\" \/><figcaption class=\"wp-block-jetpack-slideshow_caption gallery-caption\">Eleanor Harvey d&rsquo;\u00c9quipe Canada c\u00e9l\u00e8bre avec Yunjia Zhang et Jessica Guo alors qu&rsquo;elle participe \u00e0 l&rsquo;\u00e9preuve f\u00e9minine de fleuret par \u00e9quipe contre la France lors des Jeux olympiques de Paris 2024, en France, le jeudi 1er ao\u00fbt 2024. Photo de Mark Blinch\/COC.<\/figcaption><\/figure><\/li><li class=\"wp-block-jetpack-slideshow_slide swiper-slide\"><figure><img loading=\"lazy\" decoding=\"async\" width=\"1200\" height=\"871\" alt=\"Melissa Humana-Paredes debout sur le terrain les bras dans les airs, Brandie Wilkerson de dos.\" class=\"wp-block-jetpack-slideshow_image wp-image-255054\" data-id=\"255054\" src=\"https:\/\/develop.olympic.ca\/olympique\/wp-content\/uploads\/sites\/2\/2024\/09\/mdb_20240808_506860.jpg?quality=100&amp;w=1039\" srcset=\"https:\/\/develop.olympic.ca\/olympique\/wp-content\/uploads\/sites\/2\/2024\/09\/mdb_20240808_506860.jpg 1200w, https:\/\/develop.olympic.ca\/olympique\/wp-content\/uploads\/sites\/2\/2024\/09\/mdb_20240808_506860.jpg?resize=218,158 218w, https:\/\/develop.olympic.ca\/olympique\/wp-content\/uploads\/sites\/2\/2024\/09\/mdb_20240808_506860.jpg?resize=511,371 511w, https:\/\/develop.olympic.ca\/olympique\/wp-content\/uploads\/sites\/2\/2024\/09\/mdb_20240808_506860.jpg?resize=768,557 768w, https:\/\/develop.olympic.ca\/olympique\/wp-content\/uploads\/sites\/2\/2024\/09\/mdb_20240808_506860.jpg?resize=1039,754 1039w\" sizes=\"(max-width: 1200px) 100vw, 1200px\" \/><figcaption class=\"wp-block-jetpack-slideshow_caption gallery-caption\">Brandie Wilkerson et Melissa Humana-Paredes c\u00e9l\u00e8brent leur victoire en demi-finale de volleyball de plage contre la Suisse lors des Jeux olympiques de Paris 2024, en France, le jeudi 8 ao\u00fbt 2024. Photo de Mark Blinch\/COC.<\/figcaption><\/figure><\/li><li class=\"wp-block-jetpack-slideshow_slide swiper-slide\"><figure><img loading=\"lazy\" decoding=\"async\" width=\"1200\" height=\"800\" alt=\"L'\u00e9quipe f\u00e9minine du huit de pointe d'aviron r\u00e9agissent \u00e0 leur performance dans l'embarcation.\" class=\"wp-block-jetpack-slideshow_image wp-image-255045\" data-id=\"255045\" src=\"https:\/\/develop.olympic.ca\/olympique\/wp-content\/uploads\/sites\/2\/2024\/09\/EDIT_KRL_20240803_09573.jpg?quality=100&amp;w=1131\" srcset=\"https:\/\/develop.olympic.ca\/olympique\/wp-content\/uploads\/sites\/2\/2024\/09\/EDIT_KRL_20240803_09573.jpg 1200w, https:\/\/develop.olympic.ca\/olympique\/wp-content\/uploads\/sites\/2\/2024\/09\/EDIT_KRL_20240803_09573.jpg?resize=237,158 237w, https:\/\/develop.olympic.ca\/olympique\/wp-content\/uploads\/sites\/2\/2024\/09\/EDIT_KRL_20240803_09573.jpg?resize=557,371 557w, https:\/\/develop.olympic.ca\/olympique\/wp-content\/uploads\/sites\/2\/2024\/09\/EDIT_KRL_20240803_09573.jpg?resize=768,512 768w, https:\/\/develop.olympic.ca\/olympique\/wp-content\/uploads\/sites\/2\/2024\/09\/EDIT_KRL_20240803_09573.jpg?resize=1131,754 1131w\" sizes=\"(max-width: 1200px) 100vw, 1200px\" \/><figcaption class=\"wp-block-jetpack-slideshow_caption gallery-caption\">L&rsquo;\u00e9quipe f\u00e9minine du huit de pointe d&rsquo;aviron d&rsquo;\u00c9quipe Canada c\u00e9l\u00e8bre sa m\u00e9daille d&rsquo;argent lors des Jeux olympiques de Paris 2024, en France, le samedi 3 ao\u00fbt 2024. Photo de Kevin Light\/COC.<\/figcaption><\/figure><\/li><li class=\"wp-block-jetpack-slideshow_slide swiper-slide\"><figure><img loading=\"lazy\" decoding=\"async\" width=\"1200\" height=\"800\" alt=\"Andre De Grasse (\u00e0 gauche) et Aaron Brown se serrent dans leurs bras.\" class=\"wp-block-jetpack-slideshow_image wp-image-255042\" data-id=\"255042\" src=\"https:\/\/develop.olympic.ca\/olympique\/wp-content\/uploads\/sites\/2\/2024\/09\/EDIT_DBC_20240809_08913B.jpg?quality=100&amp;w=1131\" srcset=\"https:\/\/develop.olympic.ca\/olympique\/wp-content\/uploads\/sites\/2\/2024\/09\/EDIT_DBC_20240809_08913B.jpg 1200w, https:\/\/develop.olympic.ca\/olympique\/wp-content\/uploads\/sites\/2\/2024\/09\/EDIT_DBC_20240809_08913B.jpg?resize=237,158 237w, https:\/\/develop.olympic.ca\/olympique\/wp-content\/uploads\/sites\/2\/2024\/09\/EDIT_DBC_20240809_08913B.jpg?resize=557,371 557w, https:\/\/develop.olympic.ca\/olympique\/wp-content\/uploads\/sites\/2\/2024\/09\/EDIT_DBC_20240809_08913B.jpg?resize=768,512 768w, https:\/\/develop.olympic.ca\/olympique\/wp-content\/uploads\/sites\/2\/2024\/09\/EDIT_DBC_20240809_08913B.jpg?resize=1131,754 1131w\" sizes=\"(max-width: 1200px) 100vw, 1200px\" \/><figcaption class=\"wp-block-jetpack-slideshow_caption gallery-caption\">Andre De Grasse (\u00e0 gauche) et Aaron Brown du relais masculin 4\u00d7100 m c\u00e9l\u00e8brent leur m\u00e9daille d&rsquo;or aux Jeux olympiques de Paris 2024, en France, le vendredi 9 ao\u00fbt 2024. Photo de Darren Calabrese\/COC.<\/figcaption><\/figure><\/li><li class=\"wp-block-jetpack-slideshow_slide swiper-slide\"><figure><img loading=\"lazy\" decoding=\"async\" width=\"1200\" height=\"800\" alt=\"Cordano Russell l\u00e8ve sa place dans les airs et crie.\" class=\"wp-block-jetpack-slideshow_image wp-image-255043\" data-id=\"255043\" src=\"https:\/\/develop.olympic.ca\/olympique\/wp-content\/uploads\/sites\/2\/2024\/09\/EDIT_KRL_20240729_03061.jpg?quality=100&amp;w=1131\" srcset=\"https:\/\/develop.olympic.ca\/olympique\/wp-content\/uploads\/sites\/2\/2024\/09\/EDIT_KRL_20240729_03061.jpg 1200w, https:\/\/develop.olympic.ca\/olympique\/wp-content\/uploads\/sites\/2\/2024\/09\/EDIT_KRL_20240729_03061.jpg?resize=237,158 237w, https:\/\/develop.olympic.ca\/olympique\/wp-content\/uploads\/sites\/2\/2024\/09\/EDIT_KRL_20240729_03061.jpg?resize=557,371 557w, https:\/\/develop.olympic.ca\/olympique\/wp-content\/uploads\/sites\/2\/2024\/09\/EDIT_KRL_20240729_03061.jpg?resize=768,512 768w, https:\/\/develop.olympic.ca\/olympique\/wp-content\/uploads\/sites\/2\/2024\/09\/EDIT_KRL_20240729_03061.jpg?resize=1131,754 1131w\" sizes=\"(max-width: 1200px) 100vw, 1200px\" \/><figcaption class=\"wp-block-jetpack-slideshow_caption gallery-caption\">Cordano Russell participe \u00e0 l&rsquo;\u00e9preuve de skateboard street lors des Jeux olympiques de Paris 2024, en France, le lundi 29 juillet 2024. Photo de Kevin Light\/COC.<\/figcaption><\/figure><\/li><li class=\"wp-block-jetpack-slideshow_slide swiper-slide\"><figure><img loading=\"lazy\" decoding=\"async\" width=\"1200\" height=\"800\" alt=\"Wyatt Sanford l\u00e8ve les bras dans les airs. \" class=\"wp-block-jetpack-slideshow_image wp-image-255048\" data-id=\"255048\" src=\"https:\/\/develop.olympic.ca\/olympique\/wp-content\/uploads\/sites\/2\/2024\/09\/EDIT_LRH_20240801_04496.jpg?quality=100&amp;w=1131\" srcset=\"https:\/\/develop.olympic.ca\/olympique\/wp-content\/uploads\/sites\/2\/2024\/09\/EDIT_LRH_20240801_04496.jpg 1200w, https:\/\/develop.olympic.ca\/olympique\/wp-content\/uploads\/sites\/2\/2024\/09\/EDIT_LRH_20240801_04496.jpg?resize=237,158 237w, https:\/\/develop.olympic.ca\/olympique\/wp-content\/uploads\/sites\/2\/2024\/09\/EDIT_LRH_20240801_04496.jpg?resize=557,371 557w, https:\/\/develop.olympic.ca\/olympique\/wp-content\/uploads\/sites\/2\/2024\/09\/EDIT_LRH_20240801_04496.jpg?resize=768,512 768w, https:\/\/develop.olympic.ca\/olympique\/wp-content\/uploads\/sites\/2\/2024\/09\/EDIT_LRH_20240801_04496.jpg?resize=1131,754 1131w\" sizes=\"(max-width: 1200px) 100vw, 1200px\" \/><figcaption class=\"wp-block-jetpack-slideshow_caption gallery-caption\">Wyatt Sanford r\u00e9agit apr\u00e8s avoir vaincu le boxeur d&rsquo;Ouzb\u00e9kistan en quart de finale de boxe masculine dans la cat\u00e9gorie des 63,5 kg lors des Jeux olympiques de Paris 2024, en France, le jeudi 1er ao\u00fbt 2024. Photo de Leah Hennel\/COC.<\/figcaption><\/figure><\/li><li class=\"wp-block-jetpack-slideshow_slide swiper-slide\"><figure><img loading=\"lazy\" decoding=\"async\" width=\"1200\" height=\"800\" alt=\"Phil Wizard regarde vers le ciel et l\u00e8ve un bras dans les airs. \" class=\"wp-block-jetpack-slideshow_image wp-image-255049\" data-id=\"255049\" src=\"https:\/\/develop.olympic.ca\/olympique\/wp-content\/uploads\/sites\/2\/2024\/09\/EDIT_LRH_20240810_08162.jpg?quality=100&amp;w=1131\" srcset=\"https:\/\/develop.olympic.ca\/olympique\/wp-content\/uploads\/sites\/2\/2024\/09\/EDIT_LRH_20240810_08162.jpg 1200w, https:\/\/develop.olympic.ca\/olympique\/wp-content\/uploads\/sites\/2\/2024\/09\/EDIT_LRH_20240810_08162.jpg?resize=237,158 237w, https:\/\/develop.olympic.ca\/olympique\/wp-content\/uploads\/sites\/2\/2024\/09\/EDIT_LRH_20240810_08162.jpg?resize=557,371 557w, https:\/\/develop.olympic.ca\/olympique\/wp-content\/uploads\/sites\/2\/2024\/09\/EDIT_LRH_20240810_08162.jpg?resize=768,512 768w, https:\/\/develop.olympic.ca\/olympique\/wp-content\/uploads\/sites\/2\/2024\/09\/EDIT_LRH_20240810_08162.jpg?resize=1131,754 1131w\" sizes=\"(max-width: 1200px) 100vw, 1200px\" \/><figcaption class=\"wp-block-jetpack-slideshow_caption gallery-caption\">Phil Wizard d&rsquo;\u00c9quipe Canada participe \u00e0 la comp\u00e9tition de breaking chez les B-Boy lors des Jeux olympiques de Paris 2024, en France, le samedi 10 ao\u00fbt 2024. Photo de Leah Hennel\/COC<\/figcaption><\/figure><\/li><li class=\"wp-block-jetpack-slideshow_slide swiper-slide\"><figure><img loading=\"lazy\" decoding=\"async\" width=\"1200\" height=\"800\" alt=\"Jacqueline Madogo les deux mains dans le visage. \" class=\"wp-block-jetpack-slideshow_image wp-image-255050\" data-id=\"255050\" src=\"https:\/\/develop.olympic.ca\/olympique\/wp-content\/uploads\/sites\/2\/2024\/09\/EDIT_MDB_20240804_04658.jpg?quality=100&amp;w=1131\" srcset=\"https:\/\/develop.olympic.ca\/olympique\/wp-content\/uploads\/sites\/2\/2024\/09\/EDIT_MDB_20240804_04658.jpg 1200w, https:\/\/develop.olympic.ca\/olympique\/wp-content\/uploads\/sites\/2\/2024\/09\/EDIT_MDB_20240804_04658.jpg?resize=237,158 237w, https:\/\/develop.olympic.ca\/olympique\/wp-content\/uploads\/sites\/2\/2024\/09\/EDIT_MDB_20240804_04658.jpg?resize=557,371 557w, https:\/\/develop.olympic.ca\/olympique\/wp-content\/uploads\/sites\/2\/2024\/09\/EDIT_MDB_20240804_04658.jpg?resize=768,512 768w, https:\/\/develop.olympic.ca\/olympique\/wp-content\/uploads\/sites\/2\/2024\/09\/EDIT_MDB_20240804_04658.jpg?resize=1131,754 1131w\" sizes=\"(max-width: 1200px) 100vw, 1200px\" \/><figcaption class=\"wp-block-jetpack-slideshow_caption gallery-caption\">Jacqueline Madogo r\u00e9agit apr\u00e8s les qualifications du 200 m f\u00e9minin lors des Jeux olympiques de Paris 2024, en France, le dimanche 4 ao\u00fbt 2024. Photo de Mark Blinch\/COC<\/figcaption><\/figure><\/li><li class=\"wp-block-jetpack-slideshow_slide swiper-slide\"><figure><img loading=\"lazy\" decoding=\"async\" width=\"1200\" height=\"839\" alt=\"Camryn Rogers les deux mains sur le visage. \" class=\"wp-block-jetpack-slideshow_image wp-image-255051\" data-id=\"255051\" src=\"https:\/\/develop.olympic.ca\/olympique\/wp-content\/uploads\/sites\/2\/2024\/09\/LRH08256.jpg?quality=100&amp;w=1078\" srcset=\"https:\/\/develop.olympic.ca\/olympique\/wp-content\/uploads\/sites\/2\/2024\/09\/LRH08256.jpg 1200w, https:\/\/develop.olympic.ca\/olympique\/wp-content\/uploads\/sites\/2\/2024\/09\/LRH08256.jpg?resize=226,158 226w, https:\/\/develop.olympic.ca\/olympique\/wp-content\/uploads\/sites\/2\/2024\/09\/LRH08256.jpg?resize=531,371 531w, https:\/\/develop.olympic.ca\/olympique\/wp-content\/uploads\/sites\/2\/2024\/09\/LRH08256.jpg?resize=768,537 768w, https:\/\/develop.olympic.ca\/olympique\/wp-content\/uploads\/sites\/2\/2024\/09\/LRH08256.jpg?resize=1078,754 1078w\" sizes=\"(max-width: 1200px) 100vw, 1200px\" \/><figcaption class=\"wp-block-jetpack-slideshow_caption gallery-caption\">Camryn Rogers dc\u00e9l\u00e8bre sa victoire au lancer du marteau f\u00e9minin lors des Jeux olympiques de Paris 2024, en France, le mardi 6 ao\u00fbt 2024. Photo de Leah Hennel\/COC<\/figcaption><\/figure><\/li><li class=\"wp-block-jetpack-slideshow_slide swiper-slide\"><figure><img loading=\"lazy\" decoding=\"async\" width=\"1200\" height=\"836\" alt=\"gymnastique artistique crie.\" class=\"wp-block-jetpack-slideshow_image wp-image-255052\" data-id=\"255052\" src=\"https:\/\/develop.olympic.ca\/olympique\/wp-content\/uploads\/sites\/2\/2024\/09\/mdb_20240729_424954.jpg?quality=100&amp;w=1082\" srcset=\"https:\/\/develop.olympic.ca\/olympique\/wp-content\/uploads\/sites\/2\/2024\/09\/mdb_20240729_424954.jpg 1200w, https:\/\/develop.olympic.ca\/olympique\/wp-content\/uploads\/sites\/2\/2024\/09\/mdb_20240729_424954.jpg?resize=227,158 227w, https:\/\/develop.olympic.ca\/olympique\/wp-content\/uploads\/sites\/2\/2024\/09\/mdb_20240729_424954.jpg?resize=533,371 533w, https:\/\/develop.olympic.ca\/olympique\/wp-content\/uploads\/sites\/2\/2024\/09\/mdb_20240729_424954.jpg?resize=768,535 768w, https:\/\/develop.olympic.ca\/olympique\/wp-content\/uploads\/sites\/2\/2024\/09\/mdb_20240729_424954.jpg?resize=1082,754 1082w\" sizes=\"(max-width: 1200px) 100vw, 1200px\" \/><figcaption class=\"wp-block-jetpack-slideshow_caption gallery-caption\">Samuel Zakutney participe \u00e0 la finale par \u00e9quipes de gymnastique artistique masculine lors des Jeux olympiques de Paris 2024, en France, le lundi 29 juillet 2024. Photo de Mark Blinch\/COC<\/figcaption><\/figure><\/li><li class=\"wp-block-jetpack-slideshow_slide swiper-slide\"><figure><img loading=\"lazy\" decoding=\"async\" width=\"1200\" height=\"800\" alt=\"Katie Vincent crie et l\u00e8ve un bras dans les airs.\" class=\"wp-block-jetpack-slideshow_image wp-image-255047\" data-id=\"255047\" src=\"https:\/\/develop.olympic.ca\/olympique\/wp-content\/uploads\/sites\/2\/2024\/09\/EDIT_KRL_20240810_06495-2.jpg?quality=100&amp;w=1131\" srcset=\"https:\/\/develop.olympic.ca\/olympique\/wp-content\/uploads\/sites\/2\/2024\/09\/EDIT_KRL_20240810_06495-2.jpg 1200w, https:\/\/develop.olympic.ca\/olympique\/wp-content\/uploads\/sites\/2\/2024\/09\/EDIT_KRL_20240810_06495-2.jpg?resize=237,158 237w, https:\/\/develop.olympic.ca\/olympique\/wp-content\/uploads\/sites\/2\/2024\/09\/EDIT_KRL_20240810_06495-2.jpg?resize=557,371 557w, https:\/\/develop.olympic.ca\/olympique\/wp-content\/uploads\/sites\/2\/2024\/09\/EDIT_KRL_20240810_06495-2.jpg?resize=768,512 768w, https:\/\/develop.olympic.ca\/olympique\/wp-content\/uploads\/sites\/2\/2024\/09\/EDIT_KRL_20240810_06495-2.jpg?resize=1131,754 1131w\" sizes=\"(max-width: 1200px) 100vw, 1200px\" \/><figcaption class=\"wp-block-jetpack-slideshow_caption gallery-caption\">Katie Vincent c\u00e9l\u00e8bre sa m\u00e9daille d&rsquo;or en C-1 200 m f\u00e9minin lors des Jeux olympiques de Paris 2024, en France, le samedi 10 ao\u00fbt 2024. Photo de Kevin Light\/COC<\/figcaption><\/figure><\/li><li class=\"wp-block-jetpack-slideshow_slide swiper-slide\"><figure><img loading=\"lazy\" decoding=\"async\" width=\"960\" height=\"1200\" alt=\"Ethan Katzberg crie les poings ferm\u00e9s.\" class=\"wp-block-jetpack-slideshow_image wp-image-255046\" data-id=\"255046\" src=\"https:\/\/develop.olympic.ca\/olympique\/wp-content\/uploads\/sites\/2\/2024\/09\/EDIT_KRL_20240804_08285.jpg?quality=100&amp;w=603\" srcset=\"https:\/\/develop.olympic.ca\/olympique\/wp-content\/uploads\/sites\/2\/2024\/09\/EDIT_KRL_20240804_08285.jpg 960w, https:\/\/develop.olympic.ca\/olympique\/wp-content\/uploads\/sites\/2\/2024\/09\/EDIT_KRL_20240804_08285.jpg?resize=126,158 126w, https:\/\/develop.olympic.ca\/olympique\/wp-content\/uploads\/sites\/2\/2024\/09\/EDIT_KRL_20240804_08285.jpg?resize=297,371 297w, https:\/\/develop.olympic.ca\/olympique\/wp-content\/uploads\/sites\/2\/2024\/09\/EDIT_KRL_20240804_08285.jpg?resize=768,960 768w, https:\/\/develop.olympic.ca\/olympique\/wp-content\/uploads\/sites\/2\/2024\/09\/EDIT_KRL_20240804_08285.jpg?resize=603,754 603w\" sizes=\"(max-width: 960px) 100vw, 960px\" \/><figcaption class=\"wp-block-jetpack-slideshow_caption gallery-caption\">Ethan Katzberg r\u00e9agit lors de la finale du lancer du marteau masculin aux Jeux olympiques de Paris 2024, en France, le dimanche 4 ao\u00fbt 2024. Photo de Kevin Light\/COC<\/figcaption><\/figure><\/li><li class=\"wp-block-jetpack-slideshow_slide swiper-slide\"><figure><img loading=\"lazy\" decoding=\"async\" width=\"960\" height=\"1200\" alt=\"Hannah Fay Taylor sourit alors que son adversaire est au sol. \" class=\"wp-block-jetpack-slideshow_image wp-image-255041\" data-id=\"255041\" src=\"https:\/\/develop.olympic.ca\/olympique\/wp-content\/uploads\/sites\/2\/2024\/09\/EDIT_CAW_20240809_03095B.jpg?quality=100&amp;w=603\" srcset=\"https:\/\/develop.olympic.ca\/olympique\/wp-content\/uploads\/sites\/2\/2024\/09\/EDIT_CAW_20240809_03095B.jpg 960w, https:\/\/develop.olympic.ca\/olympique\/wp-content\/uploads\/sites\/2\/2024\/09\/EDIT_CAW_20240809_03095B.jpg?resize=126,158 126w, https:\/\/develop.olympic.ca\/olympique\/wp-content\/uploads\/sites\/2\/2024\/09\/EDIT_CAW_20240809_03095B.jpg?resize=297,371 297w, https:\/\/develop.olympic.ca\/olympique\/wp-content\/uploads\/sites\/2\/2024\/09\/EDIT_CAW_20240809_03095B.jpg?resize=768,960 768w, https:\/\/develop.olympic.ca\/olympique\/wp-content\/uploads\/sites\/2\/2024\/09\/EDIT_CAW_20240809_03095B.jpg?resize=603,754 603w\" sizes=\"(max-width: 960px) 100vw, 960px\" \/><figcaption class=\"wp-block-jetpack-slideshow_caption gallery-caption\">Hannah Fay Taylor participe au rep\u00eachage de  lutte f\u00e9minine chez les 57 kg lors des Jeux olympiques de Paris 2024, en France, le vendredi 9 ao\u00fbt 2024. Photo de Candice Ward\/COC<\/figcaption><\/figure><\/li><li class=\"wp-block-jetpack-slideshow_slide swiper-slide\"><figure><img loading=\"lazy\" decoding=\"async\" width=\"1200\" height=\"800\" alt=\"Sophiane M\u00e9thot et une autre athl\u00e8te se serrent dans leurs bras.\" class=\"wp-block-jetpack-slideshow_image wp-image-255044\" data-id=\"255044\" src=\"https:\/\/develop.olympic.ca\/olympique\/wp-content\/uploads\/sites\/2\/2024\/09\/EDIT_KRL_20240802_03297.jpg?quality=100&amp;w=1131\" srcset=\"https:\/\/develop.olympic.ca\/olympique\/wp-content\/uploads\/sites\/2\/2024\/09\/EDIT_KRL_20240802_03297.jpg 1200w, https:\/\/develop.olympic.ca\/olympique\/wp-content\/uploads\/sites\/2\/2024\/09\/EDIT_KRL_20240802_03297.jpg?resize=237,158 237w, https:\/\/develop.olympic.ca\/olympique\/wp-content\/uploads\/sites\/2\/2024\/09\/EDIT_KRL_20240802_03297.jpg?resize=557,371 557w, https:\/\/develop.olympic.ca\/olympique\/wp-content\/uploads\/sites\/2\/2024\/09\/EDIT_KRL_20240802_03297.jpg?resize=768,512 768w, https:\/\/develop.olympic.ca\/olympique\/wp-content\/uploads\/sites\/2\/2024\/09\/EDIT_KRL_20240802_03297.jpg?resize=1131,754 1131w\" sizes=\"(max-width: 1200px) 100vw, 1200px\" \/><figcaption class=\"wp-block-jetpack-slideshow_caption gallery-caption\">Sophiane M\u00e9thot c\u00e9l\u00e8bre sa m\u00e9daille de bronze en trampoline f\u00e9minine lors des Jeux olympiques de Paris 2024, en France, le vendredi 2 ao\u00fbt 2024. Photo de Kevin Light\/COC<\/figcaption><\/figure><\/li><\/ul><a class=\"wp-block-jetpack-slideshow_button-prev swiper-button-prev swiper-button-white\" role=\"button\"><\/a><a class=\"wp-block-jetpack-slideshow_button-next swiper-button-next swiper-button-white\" role=\"button\"><\/a><a aria-label=\"Pause Slideshow\" class=\"wp-block-jetpack-slideshow_button-pause\" role=\"button\"><\/a><div class=\"wp-block-jetpack-slideshow_pagination swiper-pagination swiper-pagination-white\"><\/div><\/div><\/div>\n\n\n\n<h4 class=\"wp-block-heading\"><strong>Famille, amis, fans<\/strong><\/h4>\n\n\n\n<p class=\"wp-block-paragraph\">Derri\u00e8re chaque athl\u00e8te d&rsquo;\u00c9quipe Canada, il y a une arm\u00e9e d\u2019amis, de membres de la famille et de supporters qui les ont aid\u00e9s \u00e0 se rendre aux Jeux.<\/p>\n\n\n\n<div class=\"wp-block-jetpack-slideshow aligncenter\" data-effect=\"slide\"><div class=\"wp-block-jetpack-slideshow_container swiper-container\"><ul class=\"wp-block-jetpack-slideshow_swiper-wrapper swiper-wrapper\"><li class=\"wp-block-jetpack-slideshow_slide swiper-slide\"><figure><img loading=\"lazy\" decoding=\"async\" width=\"1200\" height=\"800\" alt=\"Skylar Park serre son p\u00e8re dans ses bras. \" class=\"wp-block-jetpack-slideshow_image wp-image-255068\" data-id=\"255068\" src=\"https:\/\/develop.olympic.ca\/olympique\/wp-content\/uploads\/sites\/2\/2024\/09\/EDIT_CAW_20240808_00993.jpg?quality=100&amp;w=1131\" srcset=\"https:\/\/develop.olympic.ca\/olympique\/wp-content\/uploads\/sites\/2\/2024\/09\/EDIT_CAW_20240808_00993.jpg 1200w, https:\/\/develop.olympic.ca\/olympique\/wp-content\/uploads\/sites\/2\/2024\/09\/EDIT_CAW_20240808_00993.jpg?resize=237,158 237w, https:\/\/develop.olympic.ca\/olympique\/wp-content\/uploads\/sites\/2\/2024\/09\/EDIT_CAW_20240808_00993.jpg?resize=557,371 557w, https:\/\/develop.olympic.ca\/olympique\/wp-content\/uploads\/sites\/2\/2024\/09\/EDIT_CAW_20240808_00993.jpg?resize=768,512 768w, https:\/\/develop.olympic.ca\/olympique\/wp-content\/uploads\/sites\/2\/2024\/09\/EDIT_CAW_20240808_00993.jpg?resize=1131,754 1131w\" sizes=\"(max-width: 1200px) 100vw, 1200px\" \/><figcaption class=\"wp-block-jetpack-slideshow_caption gallery-caption\">Skylar Park c\u00e9l\u00e8bre avec son p\u00e8re et entra\u00eeneur apr\u00e8s avoir remport\u00e9 une m\u00e9daille de bronze en taekwondo f\u00e9minin dans la cat\u00e9gorie des 57 kg lors des Jeux olympiques de Paris 2024, en France, le jeudi 8 ao\u00fbt 2024. Photo de Candice Ward\/COC<\/figcaption><\/figure><\/li><li class=\"wp-block-jetpack-slideshow_slide swiper-slide\"><figure><img loading=\"lazy\" decoding=\"async\" width=\"1200\" height=\"800\" alt=\"Camryn Rogers c\u00e9l\u00e8bre. \" class=\"wp-block-jetpack-slideshow_image wp-image-255071\" data-id=\"255071\" src=\"https:\/\/develop.olympic.ca\/olympique\/wp-content\/uploads\/sites\/2\/2024\/09\/EDIT_LRH_20240806_06404.jpg?quality=100&amp;w=1131\" srcset=\"https:\/\/develop.olympic.ca\/olympique\/wp-content\/uploads\/sites\/2\/2024\/09\/EDIT_LRH_20240806_06404.jpg 1200w, https:\/\/develop.olympic.ca\/olympique\/wp-content\/uploads\/sites\/2\/2024\/09\/EDIT_LRH_20240806_06404.jpg?resize=237,158 237w, https:\/\/develop.olympic.ca\/olympique\/wp-content\/uploads\/sites\/2\/2024\/09\/EDIT_LRH_20240806_06404.jpg?resize=557,371 557w, https:\/\/develop.olympic.ca\/olympique\/wp-content\/uploads\/sites\/2\/2024\/09\/EDIT_LRH_20240806_06404.jpg?resize=768,512 768w, https:\/\/develop.olympic.ca\/olympique\/wp-content\/uploads\/sites\/2\/2024\/09\/EDIT_LRH_20240806_06404.jpg?resize=1131,754 1131w\" sizes=\"(max-width: 1200px) 100vw, 1200px\" \/><figcaption class=\"wp-block-jetpack-slideshow_caption gallery-caption\">Camryn Rogers c\u00e9l\u00e8bre sa victoire au lancer du marteau f\u00e9minin lors des Jeux olympiques de Paris 2024, en France, le mardi 6 ao\u00fbt 2024. Photo de Leah Hennel\/COC<\/figcaption><\/figure><\/li><li class=\"wp-block-jetpack-slideshow_slide swiper-slide\"><figure><img loading=\"lazy\" decoding=\"async\" width=\"1200\" height=\"849\" alt=\"Eleanor Harvey est assise sur la piste d'athl\u00e9tisme, son entra\u00eeneur vient la rejoindre en souriant. \" class=\"wp-block-jetpack-slideshow_image wp-image-255066\" data-id=\"255066\" src=\"https:\/\/develop.olympic.ca\/olympique\/wp-content\/uploads\/sites\/2\/2024\/09\/DBC03200.jpg?quality=100&amp;w=1066\" srcset=\"https:\/\/develop.olympic.ca\/olympique\/wp-content\/uploads\/sites\/2\/2024\/09\/DBC03200.jpg 1200w, https:\/\/develop.olympic.ca\/olympique\/wp-content\/uploads\/sites\/2\/2024\/09\/DBC03200.jpg?resize=223,158 223w, https:\/\/develop.olympic.ca\/olympique\/wp-content\/uploads\/sites\/2\/2024\/09\/DBC03200.jpg?resize=524,371 524w, https:\/\/develop.olympic.ca\/olympique\/wp-content\/uploads\/sites\/2\/2024\/09\/DBC03200.jpg?resize=768,543 768w, https:\/\/develop.olympic.ca\/olympique\/wp-content\/uploads\/sites\/2\/2024\/09\/DBC03200.jpg?resize=1066,754 1066w\" sizes=\"(max-width: 1200px) 100vw, 1200px\" \/><figcaption class=\"wp-block-jetpack-slideshow_caption gallery-caption\">Eleanor Harvey c\u00e9l\u00e8bre sa victoire contre Alice Volpi d&rsquo;Italie lors du combat pour la m\u00e9daille de bronze de fleuret f\u00e9minin aux Jeux olympiques de Paris 2024, en France, le samedi 27 juillet 2024. Photo de Darren Calabrese\/COC<\/figcaption><\/figure><\/li><li class=\"wp-block-jetpack-slideshow_slide swiper-slide\"><figure><img loading=\"lazy\" decoding=\"async\" width=\"1200\" height=\"802\" alt=\"Keyara Wardley avec sa m\u00e9daille d'argent au cou dans les gradins.\" class=\"wp-block-jetpack-slideshow_image wp-image-255067\" data-id=\"255067\" src=\"https:\/\/develop.olympic.ca\/olympique\/wp-content\/uploads\/sites\/2\/2024\/09\/DBC05546.jpg?quality=100&amp;w=1128\" srcset=\"https:\/\/develop.olympic.ca\/olympique\/wp-content\/uploads\/sites\/2\/2024\/09\/DBC05546.jpg 1200w, https:\/\/develop.olympic.ca\/olympique\/wp-content\/uploads\/sites\/2\/2024\/09\/DBC05546.jpg?resize=236,158 236w, https:\/\/develop.olympic.ca\/olympique\/wp-content\/uploads\/sites\/2\/2024\/09\/DBC05546.jpg?resize=555,371 555w, https:\/\/develop.olympic.ca\/olympique\/wp-content\/uploads\/sites\/2\/2024\/09\/DBC05546.jpg?resize=768,513 768w, https:\/\/develop.olympic.ca\/olympique\/wp-content\/uploads\/sites\/2\/2024\/09\/DBC05546.jpg?resize=1128,754 1128w\" sizes=\"(max-width: 1200px) 100vw, 1200px\" \/><figcaption class=\"wp-block-jetpack-slideshow_caption gallery-caption\">Keyara Wardley r\u00e9agit avec sa famille apr\u00e8s avoir remport\u00e9 la m\u00e9daille d&rsquo;argent, suite \u00e0 la d\u00e9faite d&rsquo;\u00c9quipe Canada en finale de rugby \u00e0 sept f\u00e9minin contre la Nouvelle-Z\u00e9lande aux Jeux olympiques de Paris 2024, en France, le lundi 29 juillet 2024. Photo de Darren Calabrese\/COC<\/figcaption><\/figure><\/li><li class=\"wp-block-jetpack-slideshow_slide swiper-slide\"><figure><img loading=\"lazy\" decoding=\"async\" width=\"1200\" height=\"800\" alt=\"Des supporters tiennent un d\u00e9coupage de Kacie Bosch.\" class=\"wp-block-jetpack-slideshow_image wp-image-255069\" data-id=\"255069\" src=\"https:\/\/develop.olympic.ca\/olympique\/wp-content\/uploads\/sites\/2\/2024\/09\/EDIT_DBC_20240731_07798.jpg?quality=100&amp;w=1131\" srcset=\"https:\/\/develop.olympic.ca\/olympique\/wp-content\/uploads\/sites\/2\/2024\/09\/EDIT_DBC_20240731_07798.jpg 1200w, https:\/\/develop.olympic.ca\/olympique\/wp-content\/uploads\/sites\/2\/2024\/09\/EDIT_DBC_20240731_07798.jpg?resize=237,158 237w, https:\/\/develop.olympic.ca\/olympique\/wp-content\/uploads\/sites\/2\/2024\/09\/EDIT_DBC_20240731_07798.jpg?resize=557,371 557w, https:\/\/develop.olympic.ca\/olympique\/wp-content\/uploads\/sites\/2\/2024\/09\/EDIT_DBC_20240731_07798.jpg?resize=768,512 768w, https:\/\/develop.olympic.ca\/olympique\/wp-content\/uploads\/sites\/2\/2024\/09\/EDIT_DBC_20240731_07798.jpg?resize=1131,754 1131w\" sizes=\"(max-width: 1200px) 100vw, 1200px\" \/><figcaption class=\"wp-block-jetpack-slideshow_caption gallery-caption\">Des supporters tiennent un d\u00e9coupage de Kacie Bosch lors du match de basketball 3&#215;3 contre la Chine aux Jeux olympiques de Paris 2024, en France, le mercredi 31 juillet 2024. Photo de Darren Calabrese\/COC<\/figcaption><\/figure><\/li><li class=\"wp-block-jetpack-slideshow_slide swiper-slide\"><figure><img loading=\"lazy\" decoding=\"async\" width=\"1200\" height=\"800\" alt=\"Alison Jackson avec des supporteurs.\" class=\"wp-block-jetpack-slideshow_image wp-image-255070\" data-id=\"255070\" src=\"https:\/\/develop.olympic.ca\/olympique\/wp-content\/uploads\/sites\/2\/2024\/09\/EDIT_KRL_20240804_1894.jpg?quality=100&amp;w=1131\" srcset=\"https:\/\/develop.olympic.ca\/olympique\/wp-content\/uploads\/sites\/2\/2024\/09\/EDIT_KRL_20240804_1894.jpg 1200w, https:\/\/develop.olympic.ca\/olympique\/wp-content\/uploads\/sites\/2\/2024\/09\/EDIT_KRL_20240804_1894.jpg?resize=237,158 237w, https:\/\/develop.olympic.ca\/olympique\/wp-content\/uploads\/sites\/2\/2024\/09\/EDIT_KRL_20240804_1894.jpg?resize=557,371 557w, https:\/\/develop.olympic.ca\/olympique\/wp-content\/uploads\/sites\/2\/2024\/09\/EDIT_KRL_20240804_1894.jpg?resize=768,512 768w, https:\/\/develop.olympic.ca\/olympique\/wp-content\/uploads\/sites\/2\/2024\/09\/EDIT_KRL_20240804_1894.jpg?resize=1131,754 1131w\" sizes=\"(max-width: 1200px) 100vw, 1200px\" \/><figcaption class=\"wp-block-jetpack-slideshow_caption gallery-caption\">Alison Jackson se pr\u00e9pare \u00e0 participer \u00e0 la course sur route f\u00e9minine en cyclisme lors des Jeux olympiques de Paris 2024, en France, le dimanche 4 ao\u00fbt 2024. Photo de Kevin Light\/COC<\/figcaption><\/figure><\/li><li class=\"wp-block-jetpack-slideshow_slide swiper-slide\"><figure><img loading=\"lazy\" decoding=\"async\" width=\"1200\" height=\"909\" alt=\"Damian Warner de profil, son entra\u00eeneur a les mains sur ses \u00e9paules.\" class=\"wp-block-jetpack-slideshow_image wp-image-255072\" data-id=\"255072\" src=\"https:\/\/develop.olympic.ca\/olympique\/wp-content\/uploads\/sites\/2\/2024\/09\/mdb_20240802_464568.jpg?quality=100&amp;w=995\" srcset=\"https:\/\/develop.olympic.ca\/olympique\/wp-content\/uploads\/sites\/2\/2024\/09\/mdb_20240802_464568.jpg 1200w, https:\/\/develop.olympic.ca\/olympique\/wp-content\/uploads\/sites\/2\/2024\/09\/mdb_20240802_464568.jpg?resize=209,158 209w, https:\/\/develop.olympic.ca\/olympique\/wp-content\/uploads\/sites\/2\/2024\/09\/mdb_20240802_464568.jpg?resize=490,371 490w, https:\/\/develop.olympic.ca\/olympique\/wp-content\/uploads\/sites\/2\/2024\/09\/mdb_20240802_464568.jpg?resize=768,582 768w, https:\/\/develop.olympic.ca\/olympique\/wp-content\/uploads\/sites\/2\/2024\/09\/mdb_20240802_464568.jpg?resize=995,754 995w\" sizes=\"(max-width: 1200px) 100vw, 1200px\" \/><figcaption class=\"wp-block-jetpack-slideshow_caption gallery-caption\">Damian Warner participe au saut en hauteur du d\u00e9cathlon lors des Jeux olympiques de Paris 2024, en France, le vendredi 2 ao\u00fbt 2024. Photo de Mark Blinch\/COC<\/figcaption><\/figure><\/li><li class=\"wp-block-jetpack-slideshow_slide swiper-slide\"><figure><img loading=\"lazy\" decoding=\"async\" width=\"1200\" height=\"869\" alt=\"Alysha Newman dans les gradins. \" class=\"wp-block-jetpack-slideshow_image wp-image-255073\" data-id=\"255073\" src=\"https:\/\/develop.olympic.ca\/olympique\/wp-content\/uploads\/sites\/2\/2024\/09\/mdb_20240807_489738.jpg?quality=100&amp;w=1041\" srcset=\"https:\/\/develop.olympic.ca\/olympique\/wp-content\/uploads\/sites\/2\/2024\/09\/mdb_20240807_489738.jpg 1200w, https:\/\/develop.olympic.ca\/olympique\/wp-content\/uploads\/sites\/2\/2024\/09\/mdb_20240807_489738.jpg?resize=218,158 218w, https:\/\/develop.olympic.ca\/olympique\/wp-content\/uploads\/sites\/2\/2024\/09\/mdb_20240807_489738.jpg?resize=512,371 512w, https:\/\/develop.olympic.ca\/olympique\/wp-content\/uploads\/sites\/2\/2024\/09\/mdb_20240807_489738.jpg?resize=768,556 768w, https:\/\/develop.olympic.ca\/olympique\/wp-content\/uploads\/sites\/2\/2024\/09\/mdb_20240807_489738.jpg?resize=1041,754 1041w\" sizes=\"(max-width: 1200px) 100vw, 1200px\" \/><figcaption class=\"wp-block-jetpack-slideshow_caption gallery-caption\">Alysha Newman c\u00e9l\u00e8bre sa m\u00e9daille de bronze apr\u00e8s la finale du saut \u00e0 la perche lors des Jeux olympiques de Paris 2024, en France, le mercredi 7 ao\u00fbt 2024. Photo de Mark Blinch\/COC<\/figcaption><\/figure><\/li><li class=\"wp-block-jetpack-slideshow_slide swiper-slide\"><figure><img loading=\"lazy\" decoding=\"async\" width=\"1200\" height=\"803\" alt=\"Brandie Wilkerson parle avec des amis dans les gradins. \" class=\"wp-block-jetpack-slideshow_image wp-image-255074\" data-id=\"255074\" src=\"https:\/\/develop.olympic.ca\/olympique\/wp-content\/uploads\/sites\/2\/2024\/09\/mdb_20240808_508056.jpg?quality=100&amp;w=1127\" srcset=\"https:\/\/develop.olympic.ca\/olympique\/wp-content\/uploads\/sites\/2\/2024\/09\/mdb_20240808_508056.jpg 1200w, https:\/\/develop.olympic.ca\/olympique\/wp-content\/uploads\/sites\/2\/2024\/09\/mdb_20240808_508056.jpg?resize=236,158 236w, https:\/\/develop.olympic.ca\/olympique\/wp-content\/uploads\/sites\/2\/2024\/09\/mdb_20240808_508056.jpg?resize=554,371 554w, https:\/\/develop.olympic.ca\/olympique\/wp-content\/uploads\/sites\/2\/2024\/09\/mdb_20240808_508056.jpg?resize=768,514 768w, https:\/\/develop.olympic.ca\/olympique\/wp-content\/uploads\/sites\/2\/2024\/09\/mdb_20240808_508056.jpg?resize=1127,754 1127w\" sizes=\"(max-width: 1200px) 100vw, 1200px\" \/><figcaption class=\"wp-block-jetpack-slideshow_caption gallery-caption\">Brandie Wilkerson c\u00e9l\u00e8bre sa victoire en demi-finale de volleyball de plage contre la Suisse lors des Jeux olympiques de Paris 2024, en France, le jeudi 8 ao\u00fbt 2024. Photo de Mark Blinch\/COC<\/figcaption><\/figure><\/li><\/ul><a class=\"wp-block-jetpack-slideshow_button-prev swiper-button-prev swiper-button-white\" role=\"button\"><\/a><a class=\"wp-block-jetpack-slideshow_button-next swiper-button-next swiper-button-white\" role=\"button\"><\/a><a aria-label=\"Pause Slideshow\" class=\"wp-block-jetpack-slideshow_button-pause\" role=\"button\"><\/a><div class=\"wp-block-jetpack-slideshow_pagination swiper-pagination swiper-pagination-white\"><\/div><\/div><\/div>\n\n\n\n<h4 class=\"wp-block-heading\"><strong>Moments de concentration<\/strong><\/h4>\n\n\n\n<p class=\"wp-block-paragraph\">Des clich\u00e9s des athl\u00e8tes alors qu&rsquo;ils font preuve d&rsquo;une concentration in\u00e9branlable. <\/p>\n\n\n\n<div class=\"wp-block-jetpack-slideshow aligncenter\" data-effect=\"slide\"><div class=\"wp-block-jetpack-slideshow_container swiper-container\"><ul class=\"wp-block-jetpack-slideshow_swiper-wrapper swiper-wrapper\"><li class=\"wp-block-jetpack-slideshow_slide swiper-slide\"><figure><img loading=\"lazy\" decoding=\"async\" width=\"1200\" height=\"800\" alt=\"Des nageuse artistique la t\u00eate hors de l'eau. \" class=\"wp-block-jetpack-slideshow_image wp-image-255061\" data-id=\"255061\" src=\"https:\/\/develop.olympic.ca\/olympique\/wp-content\/uploads\/sites\/2\/2024\/09\/EDIT_KRL_20240807_09201-1.jpg?quality=100&amp;w=1131\" srcset=\"https:\/\/develop.olympic.ca\/olympique\/wp-content\/uploads\/sites\/2\/2024\/09\/EDIT_KRL_20240807_09201-1.jpg 1200w, https:\/\/develop.olympic.ca\/olympique\/wp-content\/uploads\/sites\/2\/2024\/09\/EDIT_KRL_20240807_09201-1.jpg?resize=237,158 237w, https:\/\/develop.olympic.ca\/olympique\/wp-content\/uploads\/sites\/2\/2024\/09\/EDIT_KRL_20240807_09201-1.jpg?resize=557,371 557w, https:\/\/develop.olympic.ca\/olympique\/wp-content\/uploads\/sites\/2\/2024\/09\/EDIT_KRL_20240807_09201-1.jpg?resize=768,512 768w, https:\/\/develop.olympic.ca\/olympique\/wp-content\/uploads\/sites\/2\/2024\/09\/EDIT_KRL_20240807_09201-1.jpg?resize=1131,754 1131w\" sizes=\"(max-width: 1200px) 100vw, 1200px\" \/><figcaption class=\"wp-block-jetpack-slideshow_caption gallery-caption\">L&rsquo;\u00e9quipe de natation artistique du Canada participe au programme acrobatique par \u00e9quipe lors des Jeux olympiques de Paris 2024, en France, le mercredi 7 ao\u00fbt 2024. Photo de Kevin Light\/COC<\/figcaption><\/figure><\/li><li class=\"wp-block-jetpack-slideshow_slide swiper-slide\"><figure><img loading=\"lazy\" decoding=\"async\" width=\"1200\" height=\"850\" alt=\"Tammara Thibeault regarde vers l'avant.\" class=\"wp-block-jetpack-slideshow_image wp-image-255064\" data-id=\"255064\" src=\"https:\/\/develop.olympic.ca\/olympique\/wp-content\/uploads\/sites\/2\/2024\/09\/mdb_20240731_444572.jpg?quality=100&amp;w=1064\" srcset=\"https:\/\/develop.olympic.ca\/olympique\/wp-content\/uploads\/sites\/2\/2024\/09\/mdb_20240731_444572.jpg 1200w, https:\/\/develop.olympic.ca\/olympique\/wp-content\/uploads\/sites\/2\/2024\/09\/mdb_20240731_444572.jpg?resize=223,158 223w, https:\/\/develop.olympic.ca\/olympique\/wp-content\/uploads\/sites\/2\/2024\/09\/mdb_20240731_444572.jpg?resize=524,371 524w, https:\/\/develop.olympic.ca\/olympique\/wp-content\/uploads\/sites\/2\/2024\/09\/mdb_20240731_444572.jpg?resize=768,544 768w, https:\/\/develop.olympic.ca\/olympique\/wp-content\/uploads\/sites\/2\/2024\/09\/mdb_20240731_444572.jpg?resize=1064,754 1064w\" sizes=\"(max-width: 1200px) 100vw, 1200px\" \/><figcaption class=\"wp-block-jetpack-slideshow_caption gallery-caption\">Tammara Thibeault affronte Cindy Winner Djankeu Ngamba de l&rsquo;\u00e9quipe olympique des r\u00e9fugi\u00e9s lors des \u00e9liminatoires de boxe f\u00e9minine chez les 75 kg aux Jeux olympiques de Paris 2024, en France, le mercredi 31 juillet 2024. Photo de Mark Blinch\/COC<\/figcaption><\/figure><\/li><li class=\"wp-block-jetpack-slideshow_slide swiper-slide\"><figure><img loading=\"lazy\" decoding=\"async\" width=\"1200\" height=\"908\" alt=\"Brandie Wilkerson et Melissa Humana-Paredes regardent vers l'avant. \" class=\"wp-block-jetpack-slideshow_image wp-image-255065\" data-id=\"255065\" src=\"https:\/\/develop.olympic.ca\/olympique\/wp-content\/uploads\/sites\/2\/2024\/09\/mdb_20240808_505937.jpg?quality=100&amp;w=996\" srcset=\"https:\/\/develop.olympic.ca\/olympique\/wp-content\/uploads\/sites\/2\/2024\/09\/mdb_20240808_505937.jpg 1200w, https:\/\/develop.olympic.ca\/olympique\/wp-content\/uploads\/sites\/2\/2024\/09\/mdb_20240808_505937.jpg?resize=209,158 209w, https:\/\/develop.olympic.ca\/olympique\/wp-content\/uploads\/sites\/2\/2024\/09\/mdb_20240808_505937.jpg?resize=490,371 490w, https:\/\/develop.olympic.ca\/olympique\/wp-content\/uploads\/sites\/2\/2024\/09\/mdb_20240808_505937.jpg?resize=768,581 768w, https:\/\/develop.olympic.ca\/olympique\/wp-content\/uploads\/sites\/2\/2024\/09\/mdb_20240808_505937.jpg?resize=996,754 996w\" sizes=\"(max-width: 1200px) 100vw, 1200px\" \/><figcaption class=\"wp-block-jetpack-slideshow_caption gallery-caption\">Brandie Wilkerson et Melissa Humana-Paredes participent \u00e0 la demi-finale de volleyball de plage contre la Suisse lors des Jeux olympiques de Paris 2024, en France, le jeudi 8 ao\u00fbt 2024. Photo de Mark Blinch\/COC<\/figcaption><\/figure><\/li><li class=\"wp-block-jetpack-slideshow_slide swiper-slide\"><figure><img loading=\"lazy\" decoding=\"async\" width=\"1200\" height=\"800\" alt=\"Felix Dolci aux anneaux.\" class=\"wp-block-jetpack-slideshow_image wp-image-255063\" data-id=\"255063\" src=\"https:\/\/develop.olympic.ca\/olympique\/wp-content\/uploads\/sites\/2\/2024\/09\/mdb_20240729_420554-1.jpg?quality=100&amp;w=1131\" srcset=\"https:\/\/develop.olympic.ca\/olympique\/wp-content\/uploads\/sites\/2\/2024\/09\/mdb_20240729_420554-1.jpg 1200w, https:\/\/develop.olympic.ca\/olympique\/wp-content\/uploads\/sites\/2\/2024\/09\/mdb_20240729_420554-1.jpg?resize=237,158 237w, https:\/\/develop.olympic.ca\/olympique\/wp-content\/uploads\/sites\/2\/2024\/09\/mdb_20240729_420554-1.jpg?resize=557,371 557w, https:\/\/develop.olympic.ca\/olympique\/wp-content\/uploads\/sites\/2\/2024\/09\/mdb_20240729_420554-1.jpg?resize=768,512 768w, https:\/\/develop.olympic.ca\/olympique\/wp-content\/uploads\/sites\/2\/2024\/09\/mdb_20240729_420554-1.jpg?resize=1131,754 1131w\" sizes=\"(max-width: 1200px) 100vw, 1200px\" \/><figcaption class=\"wp-block-jetpack-slideshow_caption gallery-caption\">Felix Dolci participe \u00e0 la finale par \u00e9quipes de gymnastique artistique masculine lors des Jeux olympiques de Paris 2024, en France, le lundi 29 juillet 2024. Photo de Mark Blinch\/COC<\/figcaption><\/figure><\/li><li class=\"wp-block-jetpack-slideshow_slide swiper-slide\"><figure><img loading=\"lazy\" decoding=\"async\" width=\"960\" height=\"1200\" alt=\"F\u00e9lix Auger-Aliassime regarde la balle. \" class=\"wp-block-jetpack-slideshow_image wp-image-255057\" data-id=\"255057\" src=\"https:\/\/develop.olympic.ca\/olympique\/wp-content\/uploads\/sites\/2\/2024\/09\/EDIT_DBC_20240802_08625B.jpg?quality=100&amp;w=603\" srcset=\"https:\/\/develop.olympic.ca\/olympique\/wp-content\/uploads\/sites\/2\/2024\/09\/EDIT_DBC_20240802_08625B.jpg 960w, https:\/\/develop.olympic.ca\/olympique\/wp-content\/uploads\/sites\/2\/2024\/09\/EDIT_DBC_20240802_08625B.jpg?resize=126,158 126w, https:\/\/develop.olympic.ca\/olympique\/wp-content\/uploads\/sites\/2\/2024\/09\/EDIT_DBC_20240802_08625B.jpg?resize=297,371 297w, https:\/\/develop.olympic.ca\/olympique\/wp-content\/uploads\/sites\/2\/2024\/09\/EDIT_DBC_20240802_08625B.jpg?resize=768,960 768w, https:\/\/develop.olympic.ca\/olympique\/wp-content\/uploads\/sites\/2\/2024\/09\/EDIT_DBC_20240802_08625B.jpg?resize=603,754 603w\" sizes=\"(max-width: 960px) 100vw, 960px\" \/><figcaption class=\"wp-block-jetpack-slideshow_caption gallery-caption\">F\u00e9lix Auger-Aliassime au service contre Carlos Alcaraz d&rsquo;Espagne lors des demi-finales du tournoi de tennis de simple masculin aux Jeux olympiques de Paris 2024, en France, le vendredi 2 ao\u00fbt 2024. Photo de Darren Calabrese\/COC<\/figcaption><\/figure><\/li><li class=\"wp-block-jetpack-slideshow_slide swiper-slide\"><figure><img loading=\"lazy\" decoding=\"async\" width=\"1200\" height=\"800\" alt=\"Sophiane M\u00e9thot pr\u00e8s du trampoline. \" class=\"wp-block-jetpack-slideshow_image wp-image-255058\" data-id=\"255058\" src=\"https:\/\/develop.olympic.ca\/olympique\/wp-content\/uploads\/sites\/2\/2024\/09\/EDIT_KRL_20240802_02554-1.jpg?quality=100&amp;w=1131\" srcset=\"https:\/\/develop.olympic.ca\/olympique\/wp-content\/uploads\/sites\/2\/2024\/09\/EDIT_KRL_20240802_02554-1.jpg 1200w, https:\/\/develop.olympic.ca\/olympique\/wp-content\/uploads\/sites\/2\/2024\/09\/EDIT_KRL_20240802_02554-1.jpg?resize=237,158 237w, https:\/\/develop.olympic.ca\/olympique\/wp-content\/uploads\/sites\/2\/2024\/09\/EDIT_KRL_20240802_02554-1.jpg?resize=557,371 557w, https:\/\/develop.olympic.ca\/olympique\/wp-content\/uploads\/sites\/2\/2024\/09\/EDIT_KRL_20240802_02554-1.jpg?resize=768,512 768w, https:\/\/develop.olympic.ca\/olympique\/wp-content\/uploads\/sites\/2\/2024\/09\/EDIT_KRL_20240802_02554-1.jpg?resize=1131,754 1131w\" sizes=\"(max-width: 1200px) 100vw, 1200px\" \/><figcaption class=\"wp-block-jetpack-slideshow_caption gallery-caption\">Sophiane M\u00e9thot participe \u00e0 l&rsquo;\u00e9preuve f\u00e9minine de trampoline lors des Jeux olympiques de Paris 2024, en France, le vendredi 2 ao\u00fbt 2024. Photo de Kevin Light\/COC<\/figcaption><\/figure><\/li><li class=\"wp-block-jetpack-slideshow_slide swiper-slide\"><figure><img loading=\"lazy\" decoding=\"async\" width=\"1200\" height=\"800\" alt=\"Mo Zhang pendant un match de tennis de table.\" class=\"wp-block-jetpack-slideshow_image wp-image-255056\" data-id=\"255056\" src=\"https:\/\/develop.olympic.ca\/olympique\/wp-content\/uploads\/sites\/2\/2024\/09\/EDIT_DBC_20240731_06827-1.jpg?quality=100&amp;w=1131\" srcset=\"https:\/\/develop.olympic.ca\/olympique\/wp-content\/uploads\/sites\/2\/2024\/09\/EDIT_DBC_20240731_06827-1.jpg 1200w, https:\/\/develop.olympic.ca\/olympique\/wp-content\/uploads\/sites\/2\/2024\/09\/EDIT_DBC_20240731_06827-1.jpg?resize=237,158 237w, https:\/\/develop.olympic.ca\/olympique\/wp-content\/uploads\/sites\/2\/2024\/09\/EDIT_DBC_20240731_06827-1.jpg?resize=557,371 557w, https:\/\/develop.olympic.ca\/olympique\/wp-content\/uploads\/sites\/2\/2024\/09\/EDIT_DBC_20240731_06827-1.jpg?resize=768,512 768w, https:\/\/develop.olympic.ca\/olympique\/wp-content\/uploads\/sites\/2\/2024\/09\/EDIT_DBC_20240731_06827-1.jpg?resize=1131,754 1131w\" sizes=\"(max-width: 1200px) 100vw, 1200px\" \/><figcaption class=\"wp-block-jetpack-slideshow_caption gallery-caption\">Mo Zhang participe au tournoi de simple f\u00e9minin de tennis de table lors des Jeux olympiques de Paris 2024, en France, le mercredi 31 juillet 2024. Photo de Darren Calabrese\/COC<\/figcaption><\/figure><\/li><li class=\"wp-block-jetpack-slideshow_slide swiper-slide\"><figure><img loading=\"lazy\" decoding=\"async\" width=\"1200\" height=\"800\" alt=\"Jazz Shukla regarde vers l'avant.\" class=\"wp-block-jetpack-slideshow_image wp-image-255062\" data-id=\"255062\" src=\"https:\/\/develop.olympic.ca\/olympique\/wp-content\/uploads\/sites\/2\/2024\/09\/EDIT_LRH_20240803_06712-1.jpg?quality=100&amp;w=1131\" srcset=\"https:\/\/develop.olympic.ca\/olympique\/wp-content\/uploads\/sites\/2\/2024\/09\/EDIT_LRH_20240803_06712-1.jpg 1200w, https:\/\/develop.olympic.ca\/olympique\/wp-content\/uploads\/sites\/2\/2024\/09\/EDIT_LRH_20240803_06712-1.jpg?resize=237,158 237w, https:\/\/develop.olympic.ca\/olympique\/wp-content\/uploads\/sites\/2\/2024\/09\/EDIT_LRH_20240803_06712-1.jpg?resize=557,371 557w, https:\/\/develop.olympic.ca\/olympique\/wp-content\/uploads\/sites\/2\/2024\/09\/EDIT_LRH_20240803_06712-1.jpg?resize=768,512 768w, https:\/\/develop.olympic.ca\/olympique\/wp-content\/uploads\/sites\/2\/2024\/09\/EDIT_LRH_20240803_06712-1.jpg?resize=1131,754 1131w\" sizes=\"(max-width: 1200px) 100vw, 1200px\" \/><figcaption class=\"wp-block-jetpack-slideshow_caption gallery-caption\">Jazz Shukla participe au rep\u00eachage du 800 m lors des Jeux olympiques de Paris 2024, en France, le samedi 3 ao\u00fbt 2024. Photo de Leah Hennel\/COC<\/figcaption><\/figure><\/li><li class=\"wp-block-jetpack-slideshow_slide swiper-slide\"><figure><img loading=\"lazy\" decoding=\"async\" width=\"960\" height=\"1200\" alt=\"Yunjia Zhang sur la piste d'escrime.\" class=\"wp-block-jetpack-slideshow_image wp-image-255055\" data-id=\"255055\" src=\"https:\/\/develop.olympic.ca\/olympique\/wp-content\/uploads\/sites\/2\/2024\/09\/EDIT_CAW_20240728_01729B.jpg?quality=100&amp;w=603\" srcset=\"https:\/\/develop.olympic.ca\/olympique\/wp-content\/uploads\/sites\/2\/2024\/09\/EDIT_CAW_20240728_01729B.jpg 960w, https:\/\/develop.olympic.ca\/olympique\/wp-content\/uploads\/sites\/2\/2024\/09\/EDIT_CAW_20240728_01729B.jpg?resize=126,158 126w, https:\/\/develop.olympic.ca\/olympique\/wp-content\/uploads\/sites\/2\/2024\/09\/EDIT_CAW_20240728_01729B.jpg?resize=297,371 297w, https:\/\/develop.olympic.ca\/olympique\/wp-content\/uploads\/sites\/2\/2024\/09\/EDIT_CAW_20240728_01729B.jpg?resize=768,960 768w, https:\/\/develop.olympic.ca\/olympique\/wp-content\/uploads\/sites\/2\/2024\/09\/EDIT_CAW_20240728_01729B.jpg?resize=603,754 603w\" sizes=\"(max-width: 960px) 100vw, 960px\" \/><figcaption class=\"wp-block-jetpack-slideshow_caption gallery-caption\">Yunjia Zhang r\u00e9agit pendant son match de fleuret individuel f\u00e9minin contre Qingyuan Chen de Chine lors des Jeux olympiques de Paris 2024, en France, le dimanche 28 juillet 2024. Photo de Candice Ward\/COC<\/figcaption><\/figure><\/li><li class=\"wp-block-jetpack-slideshow_slide swiper-slide\"><figure><img loading=\"lazy\" decoding=\"async\" width=\"1200\" height=\"800\" alt=\"Fay Ebert avec son skateboard dans la main. \" class=\"wp-block-jetpack-slideshow_image wp-image-255060\" data-id=\"255060\" src=\"https:\/\/develop.olympic.ca\/olympique\/wp-content\/uploads\/sites\/2\/2024\/09\/EDIT_KRL_20240806_03741.jpg?quality=100&amp;w=1131\" srcset=\"https:\/\/develop.olympic.ca\/olympique\/wp-content\/uploads\/sites\/2\/2024\/09\/EDIT_KRL_20240806_03741.jpg 1200w, https:\/\/develop.olympic.ca\/olympique\/wp-content\/uploads\/sites\/2\/2024\/09\/EDIT_KRL_20240806_03741.jpg?resize=237,158 237w, https:\/\/develop.olympic.ca\/olympique\/wp-content\/uploads\/sites\/2\/2024\/09\/EDIT_KRL_20240806_03741.jpg?resize=557,371 557w, https:\/\/develop.olympic.ca\/olympique\/wp-content\/uploads\/sites\/2\/2024\/09\/EDIT_KRL_20240806_03741.jpg?resize=768,512 768w, https:\/\/develop.olympic.ca\/olympique\/wp-content\/uploads\/sites\/2\/2024\/09\/EDIT_KRL_20240806_03741.jpg?resize=1131,754 1131w\" sizes=\"(max-width: 1200px) 100vw, 1200px\" \/><figcaption class=\"wp-block-jetpack-slideshow_caption gallery-caption\">Fay Ebert participe aux qualifications de skateboard park f\u00e9minin lors des Jeux olympiques de Paris 2024, en France, le mardi 6 ao\u00fbt 2024. Photo de Kevin Light\/COC<\/figcaption><\/figure><\/li><li class=\"wp-block-jetpack-slideshow_slide swiper-slide\"><figure><img loading=\"lazy\" decoding=\"async\" width=\"960\" height=\"1200\" alt=\"Alex Baldoni pendant une  \u00e9preuve de cano\u00eb slalom. \" class=\"wp-block-jetpack-slideshow_image wp-image-255059\" data-id=\"255059\" src=\"https:\/\/develop.olympic.ca\/olympique\/wp-content\/uploads\/sites\/2\/2024\/09\/EDIT_KRL_20240803_05167.jpg?quality=100&amp;w=603\" srcset=\"https:\/\/develop.olympic.ca\/olympique\/wp-content\/uploads\/sites\/2\/2024\/09\/EDIT_KRL_20240803_05167.jpg 960w, https:\/\/develop.olympic.ca\/olympique\/wp-content\/uploads\/sites\/2\/2024\/09\/EDIT_KRL_20240803_05167.jpg?resize=126,158 126w, https:\/\/develop.olympic.ca\/olympique\/wp-content\/uploads\/sites\/2\/2024\/09\/EDIT_KRL_20240803_05167.jpg?resize=297,371 297w, https:\/\/develop.olympic.ca\/olympique\/wp-content\/uploads\/sites\/2\/2024\/09\/EDIT_KRL_20240803_05167.jpg?resize=768,960 768w, https:\/\/develop.olympic.ca\/olympique\/wp-content\/uploads\/sites\/2\/2024\/09\/EDIT_KRL_20240803_05167.jpg?resize=603,754 603w\" sizes=\"(max-width: 960px) 100vw, 960px\" \/><figcaption class=\"wp-block-jetpack-slideshow_caption gallery-caption\">Alex Baldoni participe \u00e0 l&rsquo;\u00e9preuve masculine de cano\u00eb cross lors des Jeux olympiques de Paris 2024, en France, le samedi 3 ao\u00fbt 2024. Photo de Kevin Light\/COC<\/figcaption><\/figure><\/li><\/ul><a class=\"wp-block-jetpack-slideshow_button-prev swiper-button-prev swiper-button-white\" role=\"button\"><\/a><a class=\"wp-block-jetpack-slideshow_button-next swiper-button-next swiper-button-white\" role=\"button\"><\/a><a aria-label=\"Pause Slideshow\" class=\"wp-block-jetpack-slideshow_button-pause\" role=\"button\"><\/a><div class=\"wp-block-jetpack-slideshow_pagination swiper-pagination swiper-pagination-white\"><\/div><\/div><\/div>\n\n\n\n<h4 class=\"wp-block-heading\"><strong>Trop vite<\/strong> pour la cam\u00e9ra<\/h4>\n\n\n\n<p class=\"wp-block-paragraph\">Les photographes d&rsquo;\u00c9quipe Canada capturent le moment alors que les athl\u00e8tes rivalisent de vitesse. <\/p>\n\n\n\n<div class=\"wp-block-jetpack-slideshow aligncenter\" data-effect=\"slide\"><div class=\"wp-block-jetpack-slideshow_container swiper-container\"><ul class=\"wp-block-jetpack-slideshow_swiper-wrapper swiper-wrapper\"><li class=\"wp-block-jetpack-slideshow_slide swiper-slide\"><figure><img loading=\"lazy\" decoding=\"async\" width=\"1200\" height=\"766\" alt=\"Mohammed Ahmed pendant le 10 000 m.\" class=\"wp-block-jetpack-slideshow_image wp-image-255038\" data-id=\"255038\" src=\"https:\/\/develop.olympic.ca\/olympique\/wp-content\/uploads\/sites\/2\/2024\/09\/mdb_20240802_462857-3.jpg?quality=100&amp;w=1181\" srcset=\"https:\/\/develop.olympic.ca\/olympique\/wp-content\/uploads\/sites\/2\/2024\/09\/mdb_20240802_462857-3.jpg 1200w, https:\/\/develop.olympic.ca\/olympique\/wp-content\/uploads\/sites\/2\/2024\/09\/mdb_20240802_462857-3.jpg?resize=248,158 248w, https:\/\/develop.olympic.ca\/olympique\/wp-content\/uploads\/sites\/2\/2024\/09\/mdb_20240802_462857-3.jpg?resize=581,371 581w, https:\/\/develop.olympic.ca\/olympique\/wp-content\/uploads\/sites\/2\/2024\/09\/mdb_20240802_462857-3.jpg?resize=768,490 768w, https:\/\/develop.olympic.ca\/olympique\/wp-content\/uploads\/sites\/2\/2024\/09\/mdb_20240802_462857-3.jpg?resize=1181,754 1181w\" sizes=\"(max-width: 1200px) 100vw, 1200px\" \/><figcaption class=\"wp-block-jetpack-slideshow_caption gallery-caption\">Mohammed Ahmed participe \u00e0 la finale du 10 000 m lors des Jeux olympiques de Paris 2024, en France, le vendredi 2 ao\u00fbt 2024. Photo de Mark Blinch\/COC <\/figcaption><\/figure><\/li><li class=\"wp-block-jetpack-slideshow_slide swiper-slide\"><figure><img loading=\"lazy\" decoding=\"async\" width=\"960\" height=\"1200\" alt=\"Phil Wizard pendant une prestation de breaking. \" class=\"wp-block-jetpack-slideshow_image wp-image-255035\" data-id=\"255035\" src=\"https:\/\/develop.olympic.ca\/olympique\/wp-content\/uploads\/sites\/2\/2024\/09\/EDIT_LRH_20240810_09077.jpg?quality=100&amp;w=603\" srcset=\"https:\/\/develop.olympic.ca\/olympique\/wp-content\/uploads\/sites\/2\/2024\/09\/EDIT_LRH_20240810_09077.jpg 960w, https:\/\/develop.olympic.ca\/olympique\/wp-content\/uploads\/sites\/2\/2024\/09\/EDIT_LRH_20240810_09077.jpg?resize=126,158 126w, https:\/\/develop.olympic.ca\/olympique\/wp-content\/uploads\/sites\/2\/2024\/09\/EDIT_LRH_20240810_09077.jpg?resize=297,371 297w, https:\/\/develop.olympic.ca\/olympique\/wp-content\/uploads\/sites\/2\/2024\/09\/EDIT_LRH_20240810_09077.jpg?resize=768,960 768w, https:\/\/develop.olympic.ca\/olympique\/wp-content\/uploads\/sites\/2\/2024\/09\/EDIT_LRH_20240810_09077.jpg?resize=603,754 603w\" sizes=\"(max-width: 960px) 100vw, 960px\" \/><figcaption class=\"wp-block-jetpack-slideshow_caption gallery-caption\">Phil Wizard participe \u00e0 l&rsquo;\u00e9preuve de breaking chez les B-Boy lors des Jeux olympiques de Paris 2024, en France, le samedi 10 ao\u00fbt 2024. Photo de Leah Hennel\/COC<\/figcaption><\/figure><\/li><li class=\"wp-block-jetpack-slideshow_slide swiper-slide\"><figure><img loading=\"lazy\" decoding=\"async\" width=\"1200\" height=\"800\" alt=\"Virginie Ch\u00e9nier regarde vers l'avant. \" class=\"wp-block-jetpack-slideshow_image wp-image-255036\" data-id=\"255036\" src=\"https:\/\/develop.olympic.ca\/olympique\/wp-content\/uploads\/sites\/2\/2024\/09\/KRL_20240725_2651_C.jpg?quality=100&amp;w=1131\" srcset=\"https:\/\/develop.olympic.ca\/olympique\/wp-content\/uploads\/sites\/2\/2024\/09\/KRL_20240725_2651_C.jpg 1200w, https:\/\/develop.olympic.ca\/olympique\/wp-content\/uploads\/sites\/2\/2024\/09\/KRL_20240725_2651_C.jpg?resize=237,158 237w, https:\/\/develop.olympic.ca\/olympique\/wp-content\/uploads\/sites\/2\/2024\/09\/KRL_20240725_2651_C.jpg?resize=557,371 557w, https:\/\/develop.olympic.ca\/olympique\/wp-content\/uploads\/sites\/2\/2024\/09\/KRL_20240725_2651_C.jpg?resize=768,512 768w, https:\/\/develop.olympic.ca\/olympique\/wp-content\/uploads\/sites\/2\/2024\/09\/KRL_20240725_2651_C.jpg?resize=1131,754 1131w\" sizes=\"(max-width: 1200px) 100vw, 1200px\" \/><figcaption class=\"wp-block-jetpack-slideshow_caption gallery-caption\">Virginie Ch\u00e9nier participe \u00e0 la ronde de classement de l\u00e9preuse f\u00e9minine individuelle en tir \u00e0 l&rsquo;arc lors des Jeux olympiques de Paris 2024, en France, le jeudi 25 juillet 2024. Photo de Kevin Light\/COC<\/figcaption><\/figure><\/li><li class=\"wp-block-jetpack-slideshow_slide swiper-slide\"><figure><img loading=\"lazy\" decoding=\"async\" width=\"1200\" height=\"800\" alt=\"Yunjia Zhang pendant un match d'escrime.\" class=\"wp-block-jetpack-slideshow_image wp-image-255037\" data-id=\"255037\" src=\"https:\/\/develop.olympic.ca\/olympique\/wp-content\/uploads\/sites\/2\/2024\/09\/mdb_20240801_458749.jpg?quality=100&amp;w=1131\" srcset=\"https:\/\/develop.olympic.ca\/olympique\/wp-content\/uploads\/sites\/2\/2024\/09\/mdb_20240801_458749.jpg 1200w, https:\/\/develop.olympic.ca\/olympique\/wp-content\/uploads\/sites\/2\/2024\/09\/mdb_20240801_458749.jpg?resize=237,158 237w, https:\/\/develop.olympic.ca\/olympique\/wp-content\/uploads\/sites\/2\/2024\/09\/mdb_20240801_458749.jpg?resize=557,371 557w, https:\/\/develop.olympic.ca\/olympique\/wp-content\/uploads\/sites\/2\/2024\/09\/mdb_20240801_458749.jpg?resize=768,512 768w, https:\/\/develop.olympic.ca\/olympique\/wp-content\/uploads\/sites\/2\/2024\/09\/mdb_20240801_458749.jpg?resize=1131,754 1131w\" sizes=\"(max-width: 1200px) 100vw, 1200px\" \/><figcaption class=\"wp-block-jetpack-slideshow_caption gallery-caption\">Yunjia Zhang participe au match pour la m\u00e9daille de bronze de l&rsquo;\u00e9preuve f\u00e9minine de fleuret par \u00e9quipe contre le Japon lors des Jeux olympiques de Paris 2024, en France, le jeudi 1er ao\u00fbt 2024. Photo de Mark Blinch\/COC<\/figcaption><\/figure><\/li><li class=\"wp-block-jetpack-slideshow_slide swiper-slide\"><figure><img loading=\"lazy\" decoding=\"async\" width=\"1200\" height=\"799\" alt=\"Maggie Coles-Lyster, Sarah van Dam, Erin Attwell et Ariane Bonhomme pendant la poursuite par \u00e9quipes. \" class=\"wp-block-jetpack-slideshow_image wp-image-255039\" data-id=\"255039\" src=\"https:\/\/develop.olympic.ca\/olympique\/wp-content\/uploads\/sites\/2\/2024\/09\/mdb_20240806_485078.jpg?quality=100&amp;w=1132\" srcset=\"https:\/\/develop.olympic.ca\/olympique\/wp-content\/uploads\/sites\/2\/2024\/09\/mdb_20240806_485078.jpg 1200w, https:\/\/develop.olympic.ca\/olympique\/wp-content\/uploads\/sites\/2\/2024\/09\/mdb_20240806_485078.jpg?resize=237,158 237w, https:\/\/develop.olympic.ca\/olympique\/wp-content\/uploads\/sites\/2\/2024\/09\/mdb_20240806_485078.jpg?resize=557,371 557w, https:\/\/develop.olympic.ca\/olympique\/wp-content\/uploads\/sites\/2\/2024\/09\/mdb_20240806_485078.jpg?resize=768,511 768w, https:\/\/develop.olympic.ca\/olympique\/wp-content\/uploads\/sites\/2\/2024\/09\/mdb_20240806_485078.jpg?resize=1132,754 1132w\" sizes=\"(max-width: 1200px) 100vw, 1200px\" \/><figcaption class=\"wp-block-jetpack-slideshow_caption gallery-caption\">Maggie Coles-Lyster, Sarah van Dam, Erin Attwell et Ariane Bonhomme participent \u00e0 la poursuite f\u00e9minine par \u00e9quipes lors des Jeux olympiques de Paris 2024, en France, le mardi 6 ao\u00fbt 2024. Photo de Mark Blinch\/COC<\/figcaption><\/figure><\/li><li class=\"wp-block-jetpack-slideshow_slide swiper-slide\"><figure><img loading=\"lazy\" decoding=\"async\" width=\"1200\" height=\"844\" alt=\"Alysha Newman pendant un saut \u00e0 la perche. \" class=\"wp-block-jetpack-slideshow_image wp-image-255040\" data-id=\"255040\" src=\"https:\/\/develop.olympic.ca\/olympique\/wp-content\/uploads\/sites\/2\/2024\/09\/mdb_20240807_487625.jpg?quality=100&amp;w=1072\" srcset=\"https:\/\/develop.olympic.ca\/olympique\/wp-content\/uploads\/sites\/2\/2024\/09\/mdb_20240807_487625.jpg 1200w, https:\/\/develop.olympic.ca\/olympique\/wp-content\/uploads\/sites\/2\/2024\/09\/mdb_20240807_487625.jpg?resize=225,158 225w, https:\/\/develop.olympic.ca\/olympique\/wp-content\/uploads\/sites\/2\/2024\/09\/mdb_20240807_487625.jpg?resize=527,371 527w, https:\/\/develop.olympic.ca\/olympique\/wp-content\/uploads\/sites\/2\/2024\/09\/mdb_20240807_487625.jpg?resize=768,540 768w, https:\/\/develop.olympic.ca\/olympique\/wp-content\/uploads\/sites\/2\/2024\/09\/mdb_20240807_487625.jpg?resize=1072,754 1072w\" sizes=\"(max-width: 1200px) 100vw, 1200px\" \/><figcaption class=\"wp-block-jetpack-slideshow_caption gallery-caption\">Alysha Newman participe \u00e0 la finale du saut \u00e0 la perche lors des Jeux olympiques de Paris 2024, en France, le mercredi 7 ao\u00fbt 2024. Photo de Mark Blinch\/COC<\/figcaption><\/figure><\/li><\/ul><a class=\"wp-block-jetpack-slideshow_button-prev swiper-button-prev swiper-button-white\" role=\"button\"><\/a><a class=\"wp-block-jetpack-slideshow_button-next swiper-button-next swiper-button-white\" role=\"button\"><\/a><a aria-label=\"Pause Slideshow\" class=\"wp-block-jetpack-slideshow_button-pause\" role=\"button\"><\/a><div class=\"wp-block-jetpack-slideshow_pagination swiper-pagination swiper-pagination-white\"><\/div><\/div><\/div>\n\n\n\n<h4 class=\"wp-block-heading\"><strong>Photos d\u2019action<\/strong><\/h4>\n\n\n\n<p class=\"wp-block-paragraph\">Sans doute les photos de sport par excellence : les clich\u00e9s d\u2019action.<\/p>\n\n\n\n<div class=\"wp-block-jetpack-slideshow aligncenter\" data-effect=\"slide\"><div class=\"wp-block-jetpack-slideshow_container swiper-container\"><ul class=\"wp-block-jetpack-slideshow_swiper-wrapper swiper-wrapper\"><li class=\"wp-block-jetpack-slideshow_slide swiper-slide\"><figure><img loading=\"lazy\" decoding=\"async\" width=\"1200\" height=\"800\" alt=\"Nathan Zsombor-Murray et Rylan Wiens effectuent un plongeon. \" class=\"wp-block-jetpack-slideshow_image wp-image-255028\" data-id=\"255028\" src=\"https:\/\/develop.olympic.ca\/olympique\/wp-content\/uploads\/sites\/2\/2024\/09\/EDIT_MDB_20240729_07849-2.jpg?quality=100&amp;w=1131\" srcset=\"https:\/\/develop.olympic.ca\/olympique\/wp-content\/uploads\/sites\/2\/2024\/09\/EDIT_MDB_20240729_07849-2.jpg 1200w, https:\/\/develop.olympic.ca\/olympique\/wp-content\/uploads\/sites\/2\/2024\/09\/EDIT_MDB_20240729_07849-2.jpg?resize=237,158 237w, https:\/\/develop.olympic.ca\/olympique\/wp-content\/uploads\/sites\/2\/2024\/09\/EDIT_MDB_20240729_07849-2.jpg?resize=557,371 557w, https:\/\/develop.olympic.ca\/olympique\/wp-content\/uploads\/sites\/2\/2024\/09\/EDIT_MDB_20240729_07849-2.jpg?resize=768,512 768w, https:\/\/develop.olympic.ca\/olympique\/wp-content\/uploads\/sites\/2\/2024\/09\/EDIT_MDB_20240729_07849-2.jpg?resize=1131,754 1131w\" sizes=\"(max-width: 1200px) 100vw, 1200px\" \/><figcaption class=\"wp-block-jetpack-slideshow_caption gallery-caption\">Nathan Zsombor-Murray et Rylan Wiens participent \u00e0 la finale masculine du 10 m synchro de plongeon lors des Jeux olympiques de Paris 2024, en France, le lundi 29 juillet 2024. Photo de Mark Blinch\/COC<\/figcaption><\/figure><\/li><li class=\"wp-block-jetpack-slideshow_slide swiper-slide\"><figure><img loading=\"lazy\" decoding=\"async\" width=\"1200\" height=\"800\" alt=\"Ava Stewart \u00e0 la poutre.\" class=\"wp-block-jetpack-slideshow_image wp-image-255019\" data-id=\"255019\" src=\"https:\/\/develop.olympic.ca\/olympique\/wp-content\/uploads\/sites\/2\/2024\/09\/CAW06459.jpg?quality=100&amp;w=1131\" srcset=\"https:\/\/develop.olympic.ca\/olympique\/wp-content\/uploads\/sites\/2\/2024\/09\/CAW06459.jpg 1200w, https:\/\/develop.olympic.ca\/olympique\/wp-content\/uploads\/sites\/2\/2024\/09\/CAW06459.jpg?resize=237,158 237w, https:\/\/develop.olympic.ca\/olympique\/wp-content\/uploads\/sites\/2\/2024\/09\/CAW06459.jpg?resize=557,371 557w, https:\/\/develop.olympic.ca\/olympique\/wp-content\/uploads\/sites\/2\/2024\/09\/CAW06459.jpg?resize=768,512 768w, https:\/\/develop.olympic.ca\/olympique\/wp-content\/uploads\/sites\/2\/2024\/09\/CAW06459.jpg?resize=1131,754 1131w\" sizes=\"(max-width: 1200px) 100vw, 1200px\" \/><figcaption class=\"wp-block-jetpack-slideshow_caption gallery-caption\">Ava Stewart sur la poutre lors des qualifications f\u00e9minines de gymnastique artistique aux Jeux olympiques de Paris 2024, en France, le dimanche 28 juillet 2024. Photo de Candice Ward\/COC<\/figcaption><\/figure><\/li><li class=\"wp-block-jetpack-slideshow_slide swiper-slide\"><figure><img loading=\"lazy\" decoding=\"async\" width=\"1200\" height=\"800\" alt=\"Les nageuses artistiques du Canada pendant une performance.\" class=\"wp-block-jetpack-slideshow_image wp-image-255025\" data-id=\"255025\" src=\"https:\/\/develop.olympic.ca\/olympique\/wp-content\/uploads\/sites\/2\/2024\/09\/EDIT_KRL_20240807_6776.jpg?quality=100&amp;w=1131\" srcset=\"https:\/\/develop.olympic.ca\/olympique\/wp-content\/uploads\/sites\/2\/2024\/09\/EDIT_KRL_20240807_6776.jpg 1200w, https:\/\/develop.olympic.ca\/olympique\/wp-content\/uploads\/sites\/2\/2024\/09\/EDIT_KRL_20240807_6776.jpg?resize=237,158 237w, https:\/\/develop.olympic.ca\/olympique\/wp-content\/uploads\/sites\/2\/2024\/09\/EDIT_KRL_20240807_6776.jpg?resize=557,371 557w, https:\/\/develop.olympic.ca\/olympique\/wp-content\/uploads\/sites\/2\/2024\/09\/EDIT_KRL_20240807_6776.jpg?resize=768,512 768w, https:\/\/develop.olympic.ca\/olympique\/wp-content\/uploads\/sites\/2\/2024\/09\/EDIT_KRL_20240807_6776.jpg?resize=1131,754 1131w\" sizes=\"(max-width: 1200px) 100vw, 1200px\" \/><figcaption class=\"wp-block-jetpack-slideshow_caption gallery-caption\">L&rsquo;\u00e9quipe de natation artistique du Canada participe au programme acrobatique par \u00e9quipe lors des Jeux olympiques de Paris 2024, en France, le mercredi 7 ao\u00fbt 2024. Photo de Kevin Light\/COC<\/figcaption><\/figure><\/li><li class=\"wp-block-jetpack-slideshow_slide swiper-slide\"><figure><img loading=\"lazy\" decoding=\"async\" width=\"1200\" height=\"800\" alt=\"Gabriela Dabrowski pendant un match.\" class=\"wp-block-jetpack-slideshow_image wp-image-255024\" data-id=\"255024\" src=\"https:\/\/develop.olympic.ca\/olympique\/wp-content\/uploads\/sites\/2\/2024\/09\/EDIT_DBC_20240802_6971C-1.jpg?quality=100&amp;w=1131\" srcset=\"https:\/\/develop.olympic.ca\/olympique\/wp-content\/uploads\/sites\/2\/2024\/09\/EDIT_DBC_20240802_6971C-1.jpg 1200w, https:\/\/develop.olympic.ca\/olympique\/wp-content\/uploads\/sites\/2\/2024\/09\/EDIT_DBC_20240802_6971C-1.jpg?resize=237,158 237w, https:\/\/develop.olympic.ca\/olympique\/wp-content\/uploads\/sites\/2\/2024\/09\/EDIT_DBC_20240802_6971C-1.jpg?resize=557,371 557w, https:\/\/develop.olympic.ca\/olympique\/wp-content\/uploads\/sites\/2\/2024\/09\/EDIT_DBC_20240802_6971C-1.jpg?resize=768,512 768w, https:\/\/develop.olympic.ca\/olympique\/wp-content\/uploads\/sites\/2\/2024\/09\/EDIT_DBC_20240802_6971C-1.jpg?resize=1131,754 1131w\" sizes=\"(max-width: 1200px) 100vw, 1200px\" \/><figcaption class=\"wp-block-jetpack-slideshow_caption gallery-caption\">Gabriela Dabrowski participe au match pour la m\u00e9daille de bronze de tennis double mixte lors des Jeux olympiques de Paris 2024, en France, le vendredi 2 ao\u00fbt 2024. Photo de Darren Calabrese\/COC<\/figcaption><\/figure><\/li><li class=\"wp-block-jetpack-slideshow_slide swiper-slide\"><figure><img loading=\"lazy\" decoding=\"async\" width=\"1200\" height=\"800\" alt=\"Anicka Newell effectue un saut \u00e0 la perche.\" class=\"wp-block-jetpack-slideshow_image wp-image-255027\" data-id=\"255027\" src=\"https:\/\/develop.olympic.ca\/olympique\/wp-content\/uploads\/sites\/2\/2024\/09\/EDIT_LRH_20240805_04154-1.jpg?quality=100&amp;w=1131\" srcset=\"https:\/\/develop.olympic.ca\/olympique\/wp-content\/uploads\/sites\/2\/2024\/09\/EDIT_LRH_20240805_04154-1.jpg 1200w, https:\/\/develop.olympic.ca\/olympique\/wp-content\/uploads\/sites\/2\/2024\/09\/EDIT_LRH_20240805_04154-1.jpg?resize=237,158 237w, https:\/\/develop.olympic.ca\/olympique\/wp-content\/uploads\/sites\/2\/2024\/09\/EDIT_LRH_20240805_04154-1.jpg?resize=557,371 557w, https:\/\/develop.olympic.ca\/olympique\/wp-content\/uploads\/sites\/2\/2024\/09\/EDIT_LRH_20240805_04154-1.jpg?resize=768,512 768w, https:\/\/develop.olympic.ca\/olympique\/wp-content\/uploads\/sites\/2\/2024\/09\/EDIT_LRH_20240805_04154-1.jpg?resize=1131,754 1131w\" sizes=\"(max-width: 1200px) 100vw, 1200px\" \/><figcaption class=\"wp-block-jetpack-slideshow_caption gallery-caption\">Anicka Newell participe aux qualifications du saut \u00e0 la perche f\u00e9minin lors des Jeux olympiques de Paris 2024, en France, le lundi 5 ao\u00fbt 2024. Photo de Leah Hennel\/COC<\/figcaption><\/figure><\/li><li class=\"wp-block-jetpack-slideshow_slide swiper-slide\"><figure><img loading=\"lazy\" decoding=\"async\" width=\"1200\" height=\"800\" alt=\"Brandie Wilkerson frappe le ballon pendant un match. \" class=\"wp-block-jetpack-slideshow_image wp-image-255023\" data-id=\"255023\" src=\"https:\/\/develop.olympic.ca\/olympique\/wp-content\/uploads\/sites\/2\/2024\/09\/EDIT_DBC_20240730_03745-1.jpg?quality=100&amp;w=1131\" srcset=\"https:\/\/develop.olympic.ca\/olympique\/wp-content\/uploads\/sites\/2\/2024\/09\/EDIT_DBC_20240730_03745-1.jpg 1200w, https:\/\/develop.olympic.ca\/olympique\/wp-content\/uploads\/sites\/2\/2024\/09\/EDIT_DBC_20240730_03745-1.jpg?resize=237,158 237w, https:\/\/develop.olympic.ca\/olympique\/wp-content\/uploads\/sites\/2\/2024\/09\/EDIT_DBC_20240730_03745-1.jpg?resize=557,371 557w, https:\/\/develop.olympic.ca\/olympique\/wp-content\/uploads\/sites\/2\/2024\/09\/EDIT_DBC_20240730_03745-1.jpg?resize=768,512 768w, https:\/\/develop.olympic.ca\/olympique\/wp-content\/uploads\/sites\/2\/2024\/09\/EDIT_DBC_20240730_03745-1.jpg?resize=1131,754 1131w\" sizes=\"(max-width: 1200px) 100vw, 1200px\" \/><figcaption class=\"wp-block-jetpack-slideshow_caption gallery-caption\">Brandie Wilkerson, \u00e0 droite, se pr\u00e9pare pour une attaque lors du match de volleyball de plage contre le Panama aux Jeux olympiques de Paris 2024, en France, le lundi 29 juillet 2024. Photo de Darren Calabrese\/COC<\/figcaption><\/figure><\/li><li class=\"wp-block-jetpack-slideshow_slide swiper-slide\"><figure><img loading=\"lazy\" decoding=\"async\" width=\"1200\" height=\"800\" alt=\"Josh Liendo plonge au d\u00e9but d'une course. \" class=\"wp-block-jetpack-slideshow_image wp-image-255030\" data-id=\"255030\" src=\"https:\/\/develop.olympic.ca\/olympique\/wp-content\/uploads\/sites\/2\/2024\/09\/MDB_20240727_03192.jpg?quality=100&amp;w=1131\" srcset=\"https:\/\/develop.olympic.ca\/olympique\/wp-content\/uploads\/sites\/2\/2024\/09\/MDB_20240727_03192.jpg 1200w, https:\/\/develop.olympic.ca\/olympique\/wp-content\/uploads\/sites\/2\/2024\/09\/MDB_20240727_03192.jpg?resize=237,158 237w, https:\/\/develop.olympic.ca\/olympique\/wp-content\/uploads\/sites\/2\/2024\/09\/MDB_20240727_03192.jpg?resize=557,371 557w, https:\/\/develop.olympic.ca\/olympique\/wp-content\/uploads\/sites\/2\/2024\/09\/MDB_20240727_03192.jpg?resize=768,512 768w, https:\/\/develop.olympic.ca\/olympique\/wp-content\/uploads\/sites\/2\/2024\/09\/MDB_20240727_03192.jpg?resize=1131,754 1131w\" sizes=\"(max-width: 1200px) 100vw, 1200px\" \/><figcaption class=\"wp-block-jetpack-slideshow_caption gallery-caption\">Josh Liendo , au centre, plonge devant ses co\u00e9quipiers Finlay Knox, \u00e0 gauche, et Yuri Kisil, lors des s\u00e9rie du relais masculin 4 x 100 m nage libre aux Jeux olympiques de Paris 2024, en France, le samedi 27 juillet 2024. Photo de Mark Blinch\/COC<\/figcaption><\/figure><\/li><li class=\"wp-block-jetpack-slideshow_slide swiper-slide\"><figure><img loading=\"lazy\" decoding=\"async\" width=\"941\" height=\"1200\" alt=\"F\u00e9lix Auger-Aliassime fait un service lors d'un match. \" class=\"wp-block-jetpack-slideshow_image wp-image-255031\" data-id=\"255031\" src=\"https:\/\/develop.olympic.ca\/olympique\/wp-content\/uploads\/sites\/2\/2024\/09\/mdb_20240730_430702-1.jpg?quality=100&amp;w=591\" srcset=\"https:\/\/develop.olympic.ca\/olympique\/wp-content\/uploads\/sites\/2\/2024\/09\/mdb_20240730_430702-1.jpg 941w, https:\/\/develop.olympic.ca\/olympique\/wp-content\/uploads\/sites\/2\/2024\/09\/mdb_20240730_430702-1.jpg?resize=124,158 124w, https:\/\/develop.olympic.ca\/olympique\/wp-content\/uploads\/sites\/2\/2024\/09\/mdb_20240730_430702-1.jpg?resize=291,371 291w, https:\/\/develop.olympic.ca\/olympique\/wp-content\/uploads\/sites\/2\/2024\/09\/mdb_20240730_430702-1.jpg?resize=768,979 768w, https:\/\/develop.olympic.ca\/olympique\/wp-content\/uploads\/sites\/2\/2024\/09\/mdb_20240730_430702-1.jpg?resize=591,754 591w\" sizes=\"(max-width: 941px) 100vw, 941px\" \/><figcaption class=\"wp-block-jetpack-slideshow_caption gallery-caption\">F\u00e9lix Auger-Aliassime fait un service contre Maximilian Marterer d&rsquo;Allemagne lors d&rsquo;un match de tennis de simple masculin aux Jeux olympiques de Paris 2024, en France, le mardi 30 juillet 2024. Photo de Mark Blinch\/COC<\/figcaption><\/figure><\/li><li class=\"wp-block-jetpack-slideshow_slide swiper-slide\"><figure><img loading=\"lazy\" decoding=\"async\" width=\"1200\" height=\"824\" alt=\"Isabella Holmgren pendant une course de v\u00e9lo de montagne.\" class=\"wp-block-jetpack-slideshow_image wp-image-255034\" data-id=\"255034\" src=\"https:\/\/develop.olympic.ca\/olympique\/wp-content\/uploads\/sites\/2\/2024\/09\/MDB06871.jpg?quality=100&amp;w=1098\" srcset=\"https:\/\/develop.olympic.ca\/olympique\/wp-content\/uploads\/sites\/2\/2024\/09\/MDB06871.jpg 1200w, https:\/\/develop.olympic.ca\/olympique\/wp-content\/uploads\/sites\/2\/2024\/09\/MDB06871.jpg?resize=230,158 230w, https:\/\/develop.olympic.ca\/olympique\/wp-content\/uploads\/sites\/2\/2024\/09\/MDB06871.jpg?resize=540,371 540w, https:\/\/develop.olympic.ca\/olympique\/wp-content\/uploads\/sites\/2\/2024\/09\/MDB06871.jpg?resize=768,527 768w, https:\/\/develop.olympic.ca\/olympique\/wp-content\/uploads\/sites\/2\/2024\/09\/MDB06871.jpg?resize=1098,754 1098w\" sizes=\"(max-width: 1200px) 100vw, 1200px\" \/><figcaption class=\"wp-block-jetpack-slideshow_caption gallery-caption\">Isabella Holmgren participe \u00e0 l&rsquo;\u00e9preuve f\u00e9minine de v\u00e9lo de montagne lors des Jeux olympiques de Paris 2024, en France, le dimanche 28 juillet 2024. Photo de Mark Blinch\/COC<\/figcaption><\/figure><\/li><li class=\"wp-block-jetpack-slideshow_slide swiper-slide\"><figure><img loading=\"lazy\" decoding=\"async\" width=\"1200\" height=\"780\" alt=\"Jessica Guo pendant un match d'escrime.\" class=\"wp-block-jetpack-slideshow_image wp-image-255032\" data-id=\"255032\" src=\"https:\/\/develop.olympic.ca\/olympique\/wp-content\/uploads\/sites\/2\/2024\/09\/mdb_20240801_448837.jpg?quality=100&amp;w=1160\" srcset=\"https:\/\/develop.olympic.ca\/olympique\/wp-content\/uploads\/sites\/2\/2024\/09\/mdb_20240801_448837.jpg 1200w, https:\/\/develop.olympic.ca\/olympique\/wp-content\/uploads\/sites\/2\/2024\/09\/mdb_20240801_448837.jpg?resize=243,158 243w, https:\/\/develop.olympic.ca\/olympique\/wp-content\/uploads\/sites\/2\/2024\/09\/mdb_20240801_448837.jpg?resize=571,371 571w, https:\/\/develop.olympic.ca\/olympique\/wp-content\/uploads\/sites\/2\/2024\/09\/mdb_20240801_448837.jpg?resize=768,499 768w, https:\/\/develop.olympic.ca\/olympique\/wp-content\/uploads\/sites\/2\/2024\/09\/mdb_20240801_448837.jpg?resize=1160,754 1160w\" sizes=\"(max-width: 1200px) 100vw, 1200px\" \/><figcaption class=\"wp-block-jetpack-slideshow_caption gallery-caption\">Jessica Guo participe \u00e0 l&rsquo;\u00e9preuve f\u00e9minine de fleuret par \u00e9quipe contre la France lors des Jeux olympiques de Paris 2024, en France, le jeudi 1er ao\u00fbt 2024. Photo de Mark Blinch\/COC<\/figcaption><\/figure><\/li><li class=\"wp-block-jetpack-slideshow_slide swiper-slide\"><figure><img loading=\"lazy\" decoding=\"async\" width=\"1200\" height=\"824\" alt=\"Brendon Rodney et Jerome Blake font un \u00e9change de relais.\" class=\"wp-block-jetpack-slideshow_image wp-image-255033\" data-id=\"255033\" src=\"https:\/\/develop.olympic.ca\/olympique\/wp-content\/uploads\/sites\/2\/2024\/09\/MDB02538.jpg?quality=100&amp;w=1098\" srcset=\"https:\/\/develop.olympic.ca\/olympique\/wp-content\/uploads\/sites\/2\/2024\/09\/MDB02538.jpg 1200w, https:\/\/develop.olympic.ca\/olympique\/wp-content\/uploads\/sites\/2\/2024\/09\/MDB02538.jpg?resize=230,158 230w, https:\/\/develop.olympic.ca\/olympique\/wp-content\/uploads\/sites\/2\/2024\/09\/MDB02538.jpg?resize=540,371 540w, https:\/\/develop.olympic.ca\/olympique\/wp-content\/uploads\/sites\/2\/2024\/09\/MDB02538.jpg?resize=768,527 768w, https:\/\/develop.olympic.ca\/olympique\/wp-content\/uploads\/sites\/2\/2024\/09\/MDB02538.jpg?resize=1098,754 1098w\" sizes=\"(max-width: 1200px) 100vw, 1200px\" \/><figcaption class=\"wp-block-jetpack-slideshow_caption gallery-caption\">Brendon Rodney et Jerome Blake participent \u00e0 la finale du relais masculin 4 x 100 m lors des Jeux olympiques de Paris 2024, en France, le vendredi 9 ao\u00fbt 2024. Photo de Mark Blinch\/COC<\/figcaption><\/figure><\/li><li class=\"wp-block-jetpack-slideshow_slide swiper-slide\"><figure><img loading=\"lazy\" decoding=\"async\" width=\"1200\" height=\"800\" alt=\"Kylie Masse nage en style dos.\" class=\"wp-block-jetpack-slideshow_image wp-image-255021\" data-id=\"255021\" src=\"https:\/\/develop.olympic.ca\/olympique\/wp-content\/uploads\/sites\/2\/2024\/09\/EDIT_CAW_20240802_2350.jpg?quality=100&amp;w=1131\" srcset=\"https:\/\/develop.olympic.ca\/olympique\/wp-content\/uploads\/sites\/2\/2024\/09\/EDIT_CAW_20240802_2350.jpg 1200w, https:\/\/develop.olympic.ca\/olympique\/wp-content\/uploads\/sites\/2\/2024\/09\/EDIT_CAW_20240802_2350.jpg?resize=237,158 237w, https:\/\/develop.olympic.ca\/olympique\/wp-content\/uploads\/sites\/2\/2024\/09\/EDIT_CAW_20240802_2350.jpg?resize=557,371 557w, https:\/\/develop.olympic.ca\/olympique\/wp-content\/uploads\/sites\/2\/2024\/09\/EDIT_CAW_20240802_2350.jpg?resize=768,512 768w, https:\/\/develop.olympic.ca\/olympique\/wp-content\/uploads\/sites\/2\/2024\/09\/EDIT_CAW_20240802_2350.jpg?resize=1131,754 1131w\" sizes=\"(max-width: 1200px) 100vw, 1200px\" \/><figcaption class=\"wp-block-jetpack-slideshow_caption gallery-caption\">Kylie Masse participe au 200 m dos f\u00e9minin lors des Jeux olympiques de Paris 2024, en France, le vendredi 2 ao\u00fbt 2024. Photo de Candice Ward\/COC<\/figcaption><\/figure><\/li><li class=\"wp-block-jetpack-slideshow_slide swiper-slide\"><figure><img loading=\"lazy\" decoding=\"async\" width=\"1200\" height=\"800\" alt=\"Maude Charron soul\u00e8ve une barre. \" class=\"wp-block-jetpack-slideshow_image wp-image-255022\" data-id=\"255022\" src=\"https:\/\/develop.olympic.ca\/olympique\/wp-content\/uploads\/sites\/2\/2024\/09\/EDIT_CAW_20240808_09831-2.jpg?quality=100&amp;w=1131\" srcset=\"https:\/\/develop.olympic.ca\/olympique\/wp-content\/uploads\/sites\/2\/2024\/09\/EDIT_CAW_20240808_09831-2.jpg 1200w, https:\/\/develop.olympic.ca\/olympique\/wp-content\/uploads\/sites\/2\/2024\/09\/EDIT_CAW_20240808_09831-2.jpg?resize=237,158 237w, https:\/\/develop.olympic.ca\/olympique\/wp-content\/uploads\/sites\/2\/2024\/09\/EDIT_CAW_20240808_09831-2.jpg?resize=557,371 557w, https:\/\/develop.olympic.ca\/olympique\/wp-content\/uploads\/sites\/2\/2024\/09\/EDIT_CAW_20240808_09831-2.jpg?resize=768,512 768w, https:\/\/develop.olympic.ca\/olympique\/wp-content\/uploads\/sites\/2\/2024\/09\/EDIT_CAW_20240808_09831-2.jpg?resize=1131,754 1131w\" sizes=\"(max-width: 1200px) 100vw, 1200px\" \/><figcaption class=\"wp-block-jetpack-slideshow_caption gallery-caption\">Maude Charron participe \u00e0 l&rsquo;\u00e9preuve f\u00e9minine d&rsquo;halt\u00e9rophilie dans la cat\u00e9gorie des 59 kg lors des Jeux olympiques de Paris 2024, en France, le jeudi 8 ao\u00fbt 2024. Photo de Candice Ward\/COC<\/figcaption><\/figure><\/li><li class=\"wp-block-jetpack-slideshow_slide swiper-slide\"><figure><img loading=\"lazy\" decoding=\"async\" width=\"960\" height=\"1200\" alt=\"Jeffrey Whaley  effectue une figure en BMX freestyle.\" class=\"wp-block-jetpack-slideshow_image wp-image-255026\" data-id=\"255026\" src=\"https:\/\/develop.olympic.ca\/olympique\/wp-content\/uploads\/sites\/2\/2024\/09\/EDIT_LRH_20240730_05468.jpg?quality=100&amp;w=603\" srcset=\"https:\/\/develop.olympic.ca\/olympique\/wp-content\/uploads\/sites\/2\/2024\/09\/EDIT_LRH_20240730_05468.jpg 960w, https:\/\/develop.olympic.ca\/olympique\/wp-content\/uploads\/sites\/2\/2024\/09\/EDIT_LRH_20240730_05468.jpg?resize=126,158 126w, https:\/\/develop.olympic.ca\/olympique\/wp-content\/uploads\/sites\/2\/2024\/09\/EDIT_LRH_20240730_05468.jpg?resize=297,371 297w, https:\/\/develop.olympic.ca\/olympique\/wp-content\/uploads\/sites\/2\/2024\/09\/EDIT_LRH_20240730_05468.jpg?resize=768,960 768w, https:\/\/develop.olympic.ca\/olympique\/wp-content\/uploads\/sites\/2\/2024\/09\/EDIT_LRH_20240730_05468.jpg?resize=603,754 603w\" sizes=\"(max-width: 960px) 100vw, 960px\" \/><figcaption class=\"wp-block-jetpack-slideshow_caption gallery-caption\">Jeffrey Whaley participe au \u00e0 l&rsquo;\u00e9preuve masculine de BMX freestyle lors des Jeux olympiques de Paris 2024, en France, le mardi 30 juillet 2024. Photo de Leah Hennel\/COC<\/figcaption><\/figure><\/li><li class=\"wp-block-jetpack-slideshow_slide swiper-slide\"><figure><img loading=\"lazy\" decoding=\"async\" width=\"1200\" height=\"800\" alt=\"Nyl Yakura et Adam Dong pendant un match de badminton. \" class=\"wp-block-jetpack-slideshow_image wp-image-255029\" data-id=\"255029\" src=\"https:\/\/develop.olympic.ca\/olympique\/wp-content\/uploads\/sites\/2\/2024\/09\/KRL_20240727_3412-1.jpg?quality=100&amp;w=1131\" srcset=\"https:\/\/develop.olympic.ca\/olympique\/wp-content\/uploads\/sites\/2\/2024\/09\/KRL_20240727_3412-1.jpg 1200w, https:\/\/develop.olympic.ca\/olympique\/wp-content\/uploads\/sites\/2\/2024\/09\/KRL_20240727_3412-1.jpg?resize=237,158 237w, https:\/\/develop.olympic.ca\/olympique\/wp-content\/uploads\/sites\/2\/2024\/09\/KRL_20240727_3412-1.jpg?resize=557,371 557w, https:\/\/develop.olympic.ca\/olympique\/wp-content\/uploads\/sites\/2\/2024\/09\/KRL_20240727_3412-1.jpg?resize=768,512 768w, https:\/\/develop.olympic.ca\/olympique\/wp-content\/uploads\/sites\/2\/2024\/09\/KRL_20240727_3412-1.jpg?resize=1131,754 1131w\" sizes=\"(max-width: 1200px) 100vw, 1200px\" \/><figcaption class=\"wp-block-jetpack-slideshow_caption gallery-caption\">Nyl Yakura et Adam Dong   participent \u00e0 la phase de groupes du double masculin en badminton contre la Chine lors des Jeux olympiques de Paris 2024, en France, le samedi 27 juillet 2024. Photo de Kevin Light\/COC<\/figcaption><\/figure><\/li><li class=\"wp-block-jetpack-slideshow_slide swiper-slide\"><figure><img loading=\"lazy\" decoding=\"async\" width=\"1200\" height=\"800\" alt=\"Trey Lyles, \u00e0 droite, se bat pour un rebond lors d'un match de basketball. \" class=\"wp-block-jetpack-slideshow_image wp-image-255020\" data-id=\"255020\" src=\"https:\/\/develop.olympic.ca\/olympique\/wp-content\/uploads\/sites\/2\/2024\/09\/EDIT_CAW_20240730_08166-1.jpg?quality=100&amp;w=1131\" srcset=\"https:\/\/develop.olympic.ca\/olympique\/wp-content\/uploads\/sites\/2\/2024\/09\/EDIT_CAW_20240730_08166-1.jpg 1200w, https:\/\/develop.olympic.ca\/olympique\/wp-content\/uploads\/sites\/2\/2024\/09\/EDIT_CAW_20240730_08166-1.jpg?resize=237,158 237w, https:\/\/develop.olympic.ca\/olympique\/wp-content\/uploads\/sites\/2\/2024\/09\/EDIT_CAW_20240730_08166-1.jpg?resize=557,371 557w, https:\/\/develop.olympic.ca\/olympique\/wp-content\/uploads\/sites\/2\/2024\/09\/EDIT_CAW_20240730_08166-1.jpg?resize=768,512 768w, https:\/\/develop.olympic.ca\/olympique\/wp-content\/uploads\/sites\/2\/2024\/09\/EDIT_CAW_20240730_08166-1.jpg?resize=1131,754 1131w\" sizes=\"(max-width: 1200px) 100vw, 1200px\" \/><figcaption class=\"wp-block-jetpack-slideshow_caption gallery-caption\">Trey Lyles, \u00e0 droite, se bat pour un rebond lors d&rsquo;un match contre l&rsquo;\u00e9quipe d&rsquo;Australie aux Jeux olympiques de Paris 2024, en France, le mardi 30 juillet 2024. Photo de Candice Ward\/COC<\/figcaption><\/figure><\/li><\/ul><a class=\"wp-block-jetpack-slideshow_button-prev swiper-button-prev swiper-button-white\" role=\"button\"><\/a><a class=\"wp-block-jetpack-slideshow_button-next swiper-button-next swiper-button-white\" role=\"button\"><\/a><a aria-label=\"Pause Slideshow\" class=\"wp-block-jetpack-slideshow_button-pause\" role=\"button\"><\/a><div class=\"wp-block-jetpack-slideshow_pagination swiper-pagination swiper-pagination-white\"><\/div><\/div><\/div>\n","protected":false},"excerpt":{"rendered":"<p>Les Jeux de Paris 2024 sont dans le r\u00e9troviseur, mais on a le go\u00fbt de se rem\u00e9morer des moments marquants&#8230;.<\/p>\n","protected":false},"author":185434564,"featured_media":255089,"comment_status":"closed","ping_status":"closed","sticky":false,"template":"","format":"standard","meta":{"_acf_changed":false,"_crdt_document":"","_jetpack_memberships_contains_paid_content":false,"footnotes":""},"categories":[682162742,1],"tags":[1104411,415985124],"post_format":"standard","sport":[48770,392824,16258,1985,420465,682165684,16966195,415984560,87705088,181822360,45096687,21975485,5515721,87705113,9127036,4623732,415983001,763074,181823654,181823658,34931681,415987777,19815,1999,3238210,805571,415985004,10149896],"game":[415985140],"coauthors":[682165743],"class_list":["post-255075","post","type-post","status-publish","format-standard","has-post-thumbnail","hentry","category-evergreen","category-uncategorized","tag-equipe-canada","tag-paris-2024","sport-athletisme","sport-aviron","sport-badminton","sport-basketball","sport-boxe","sport-breaking","sport-slalom","sport-sport-canoe-kayak-course-de-vitesse","sport-bmx","sport-velo-de-montagne","sport-cyclisme-sur-piste","sport-cyclisme-sur-route","sport-escrime","sport-gymnastique-trampoline","sport-gymnastique-artistique","sport-halterophilie","sport-lutte","sport-sports-aquatiques-natation","sport-sports-aquatiques-nage-synchronisee","sport-sports-aquatiques-plongeon","sport-rugby-1","sport-skateboard","sport-taekwondo","sport-tennis","sport-tennis-de-table","sport-tir-a-larc","sport-trampoline","sport-volleyball-de-plage","game-paris-2024"],"acf":[],"yoast_head":"<!-- This site is optimized with the Yoast SEO plugin v27.3 - https:\/\/yoast.com\/product\/yoast-seo-wordpress\/ -->\n<title>Des photos marquantes d&#039;\u00c9quipe Canada \u00e0 Paris 2024 - \u00c9quipe Canada | Site officiel de l&#039;\u00e9quipe olympique<\/title>\n<meta name=\"description\" content=\"Nous vous proposons de revivre la magie des Jeux olympiques \u00e0 travers des galeries photos d&#039;incroyables clich\u00e9s pris par les photographes d&#039;\u00c9quipe Canada.\" \/>\n<meta name=\"robots\" content=\"index, follow, max-snippet:-1, max-image-preview:large, max-video-preview:-1\" \/>\n<link rel=\"canonical\" href=\"https:\/\/develop.olympic.ca\/olympique\/2024\/09\/06\/des-photos-marquantes-dequipe-canada-a-paris-2024\/\" \/>\n<meta property=\"og:locale\" content=\"fr_FR\" \/>\n<meta property=\"og:type\" content=\"article\" \/>\n<meta property=\"og:title\" content=\"Des photos marquantes d&#039;\u00c9quipe Canada \u00e0 Paris 2024\" \/>\n<meta property=\"og:description\" content=\"Nous vous proposons de revivre la magie des Jeux olympiques \u00e0 travers des galeries photos d&#039;incroyables clich\u00e9s pris par les photographes d&#039;\u00c9quipe Canada.\" \/>\n<meta property=\"og:url\" content=\"https:\/\/develop.olympic.ca\/olympique\/2024\/09\/06\/des-photos-marquantes-dequipe-canada-a-paris-2024\/\" \/>\n<meta property=\"og:site_name\" content=\"\u00c9quipe Canada | Site officiel de l&#039;\u00e9quipe olympique\" \/>\n<meta property=\"article:published_time\" content=\"2024-09-06T19:15:22+00:00\" \/>\n<meta property=\"article:modified_time\" content=\"2024-09-06T19:20:08+00:00\" \/>\n<meta property=\"og:image\" content=\"https:\/\/develop.olympic.ca\/olympique\/wp-content\/uploads\/sites\/2\/2024\/09\/mdb_20240727_412580-1-e1725637960175.jpg?quality=100\" \/>\n\t<meta property=\"og:image:width\" content=\"1194\" \/>\n\t<meta property=\"og:image:height\" content=\"674\" \/>\n\t<meta property=\"og:image:type\" content=\"image\/jpeg\" \/>\n<meta name=\"author\" content=\"Caela Fenton\" \/>\n<meta name=\"twitter:card\" content=\"summary_large_image\" \/>\n<meta name=\"twitter:title\" content=\"Des photos marquantes d&#039;\u00c9quipe Canada \u00e0 Paris 2024\" \/>\n<meta name=\"twitter:description\" content=\"Nous vous proposons de revivre la magie des Jeux olympiques \u00e0 travers des galeries photos d&#039;incroyables clich\u00e9s pris par les photographes d&#039;\u00c9quipe Canada.\" \/>\n<meta name=\"twitter:label1\" content=\"Written by\" \/>\n\t<meta name=\"twitter:data1\" content=\"Caela Fenton\" \/>\n\t<meta name=\"twitter:label2\" content=\"Est. reading time\" \/>\n\t<meta name=\"twitter:data2\" content=\"22 minutes\" \/>\n<script type=\"application\/ld+json\" class=\"yoast-schema-graph\">{\"@context\":\"https:\\\/\\\/schema.org\",\"@graph\":[{\"@type\":\"Article\",\"@id\":\"https:\\\/\\\/develop.olympic.ca\\\/olympique\\\/2024\\\/09\\\/06\\\/des-photos-marquantes-dequipe-canada-a-paris-2024\\\/#article\",\"isPartOf\":{\"@id\":\"https:\\\/\\\/develop.olympic.ca\\\/olympique\\\/2024\\\/09\\\/06\\\/des-photos-marquantes-dequipe-canada-a-paris-2024\\\/\"},\"author\":{\"name\":\"apepper\",\"@id\":\"https:\\\/\\\/develop.olympic.ca\\\/olympique\\\/#\\\/schema\\\/person\\\/5481c33a1300f38fa75aa9cef9d6e3de\"},\"headline\":\"Des photos marquantes d&rsquo;\u00c9quipe Canada \u00e0 Paris 2024\",\"datePublished\":\"2024-09-06T19:15:22+00:00\",\"dateModified\":\"2024-09-06T19:20:08+00:00\",\"mainEntityOfPage\":{\"@id\":\"https:\\\/\\\/develop.olympic.ca\\\/olympique\\\/2024\\\/09\\\/06\\\/des-photos-marquantes-dequipe-canada-a-paris-2024\\\/\"},\"wordCount\":1988,\"image\":{\"@id\":\"https:\\\/\\\/develop.olympic.ca\\\/olympique\\\/2024\\\/09\\\/06\\\/des-photos-marquantes-dequipe-canada-a-paris-2024\\\/#primaryimage\"},\"thumbnailUrl\":\"https:\\\/\\\/develop.olympic.ca\\\/olympique\\\/wp-content\\\/uploads\\\/sites\\\/2\\\/2024\\\/09\\\/mdb_20240727_412580-1-e1725637960175.jpg?quality=100\",\"keywords\":[\"\u00c9quipe canada\",\"Paris 2024\"],\"articleSection\":[\"Evergreen\",\"Uncategorized\"],\"inLanguage\":\"fr-FR\"},{\"@type\":\"WebPage\",\"@id\":\"https:\\\/\\\/develop.olympic.ca\\\/olympique\\\/2024\\\/09\\\/06\\\/des-photos-marquantes-dequipe-canada-a-paris-2024\\\/\",\"url\":\"https:\\\/\\\/develop.olympic.ca\\\/olympique\\\/2024\\\/09\\\/06\\\/des-photos-marquantes-dequipe-canada-a-paris-2024\\\/\",\"name\":\"Des photos marquantes d'\u00c9quipe Canada \u00e0 Paris 2024 - \u00c9quipe Canada | Site officiel de l&#039;\u00e9quipe olympique\",\"isPartOf\":{\"@id\":\"https:\\\/\\\/develop.olympic.ca\\\/olympique\\\/#website\"},\"primaryImageOfPage\":{\"@id\":\"https:\\\/\\\/develop.olympic.ca\\\/olympique\\\/2024\\\/09\\\/06\\\/des-photos-marquantes-dequipe-canada-a-paris-2024\\\/#primaryimage\"},\"image\":{\"@id\":\"https:\\\/\\\/develop.olympic.ca\\\/olympique\\\/2024\\\/09\\\/06\\\/des-photos-marquantes-dequipe-canada-a-paris-2024\\\/#primaryimage\"},\"thumbnailUrl\":\"https:\\\/\\\/develop.olympic.ca\\\/olympique\\\/wp-content\\\/uploads\\\/sites\\\/2\\\/2024\\\/09\\\/mdb_20240727_412580-1-e1725637960175.jpg?quality=100\",\"datePublished\":\"2024-09-06T19:15:22+00:00\",\"dateModified\":\"2024-09-06T19:20:08+00:00\",\"author\":{\"@id\":\"https:\\\/\\\/develop.olympic.ca\\\/olympique\\\/#\\\/schema\\\/person\\\/5481c33a1300f38fa75aa9cef9d6e3de\"},\"description\":\"Nous vous proposons de revivre la magie des Jeux olympiques \u00e0 travers des galeries photos d'incroyables clich\u00e9s pris par les photographes d'\u00c9quipe Canada.\",\"inLanguage\":\"fr-FR\",\"potentialAction\":[{\"@type\":\"ReadAction\",\"target\":[\"https:\\\/\\\/develop.olympic.ca\\\/olympique\\\/2024\\\/09\\\/06\\\/des-photos-marquantes-dequipe-canada-a-paris-2024\\\/\"]}]},{\"@type\":\"ImageObject\",\"inLanguage\":\"fr-FR\",\"@id\":\"https:\\\/\\\/develop.olympic.ca\\\/olympique\\\/2024\\\/09\\\/06\\\/des-photos-marquantes-dequipe-canada-a-paris-2024\\\/#primaryimage\",\"url\":\"https:\\\/\\\/develop.olympic.ca\\\/olympique\\\/wp-content\\\/uploads\\\/sites\\\/2\\\/2024\\\/09\\\/mdb_20240727_412580-1-e1725637960175.jpg?quality=100\",\"contentUrl\":\"https:\\\/\\\/develop.olympic.ca\\\/olympique\\\/wp-content\\\/uploads\\\/sites\\\/2\\\/2024\\\/09\\\/mdb_20240727_412580-1-e1725637960175.jpg?quality=100\",\"width\":1194,\"height\":674,\"caption\":\"Mark Blinch\\\/COC\"},{\"@type\":\"WebSite\",\"@id\":\"https:\\\/\\\/develop.olympic.ca\\\/olympique\\\/#website\",\"url\":\"https:\\\/\\\/develop.olympic.ca\\\/olympique\\\/\",\"name\":\"\u00c9quipe Canada | Site officiel de l&#039;\u00e9quipe olympique\",\"description\":\"Votre source pour l\u2019\u00c9quipe olympique canadienne. Retrouvez les r\u00e9cits, vid\u00e9os et photos des athl\u00e8tes canadiens, sports olympiques, Jeux olympiques de 2020 et bien plus!\",\"potentialAction\":[{\"@type\":\"SearchAction\",\"target\":{\"@type\":\"EntryPoint\",\"urlTemplate\":\"https:\\\/\\\/develop.olympic.ca\\\/olympique\\\/?s={search_term_string}\"},\"query-input\":{\"@type\":\"PropertyValueSpecification\",\"valueRequired\":true,\"valueName\":\"search_term_string\"}}],\"inLanguage\":\"fr-FR\"},{\"@type\":\"Person\",\"@id\":\"https:\\\/\\\/develop.olympic.ca\\\/olympique\\\/#\\\/schema\\\/person\\\/5481c33a1300f38fa75aa9cef9d6e3de\",\"name\":\"apepper\",\"image\":{\"@type\":\"ImageObject\",\"inLanguage\":\"fr-FR\",\"@id\":\"https:\\\/\\\/secure.gravatar.com\\\/avatar\\\/8a298747a0c0db606d68139a2d94d09933ddfa5d3be6c97a2a72ad5126cf9248?s=96&d=identicon&r=g4ad1f5f61f2517154dbb00a6c19aed36\",\"url\":\"https:\\\/\\\/secure.gravatar.com\\\/avatar\\\/8a298747a0c0db606d68139a2d94d09933ddfa5d3be6c97a2a72ad5126cf9248?s=96&d=identicon&r=g\",\"contentUrl\":\"https:\\\/\\\/secure.gravatar.com\\\/avatar\\\/8a298747a0c0db606d68139a2d94d09933ddfa5d3be6c97a2a72ad5126cf9248?s=96&d=identicon&r=g\",\"caption\":\"apepper\"},\"url\":\"https:\\\/\\\/develop.olympic.ca\\\/olympique\\\/author\\\/apepper\\\/\"}]}<\/script>\n<!-- \/ Yoast SEO plugin. -->","yoast_head_json":{"title":"Des photos marquantes d'\u00c9quipe Canada \u00e0 Paris 2024 - \u00c9quipe Canada | Site officiel de l&#039;\u00e9quipe olympique","description":"Nous vous proposons de revivre la magie des Jeux olympiques \u00e0 travers des galeries photos d'incroyables clich\u00e9s pris par les photographes d'\u00c9quipe Canada.","robots":{"index":"index","follow":"follow","max-snippet":"max-snippet:-1","max-image-preview":"max-image-preview:large","max-video-preview":"max-video-preview:-1"},"canonical":"https:\/\/develop.olympic.ca\/olympique\/2024\/09\/06\/des-photos-marquantes-dequipe-canada-a-paris-2024\/","og_locale":"fr_FR","og_type":"article","og_title":"Des photos marquantes d'\u00c9quipe Canada \u00e0 Paris 2024","og_description":"Nous vous proposons de revivre la magie des Jeux olympiques \u00e0 travers des galeries photos d'incroyables clich\u00e9s pris par les photographes d'\u00c9quipe Canada.","og_url":"https:\/\/develop.olympic.ca\/olympique\/2024\/09\/06\/des-photos-marquantes-dequipe-canada-a-paris-2024\/","og_site_name":"\u00c9quipe Canada | Site officiel de l&#039;\u00e9quipe olympique","article_published_time":"2024-09-06T19:15:22+00:00","article_modified_time":"2024-09-06T19:20:08+00:00","og_image":[{"width":1194,"height":674,"url":"https:\/\/develop.olympic.ca\/olympique\/wp-content\/uploads\/sites\/2\/2024\/09\/mdb_20240727_412580-1-e1725637960175.jpg?quality=100","type":"image\/jpeg"}],"author":"Caela Fenton","twitter_card":"summary_large_image","twitter_title":"Des photos marquantes d'\u00c9quipe Canada \u00e0 Paris 2024","twitter_description":"Nous vous proposons de revivre la magie des Jeux olympiques \u00e0 travers des galeries photos d'incroyables clich\u00e9s pris par les photographes d'\u00c9quipe Canada.","twitter_misc":{"Written by":"Caela Fenton","Est. reading time":"22 minutes"},"schema":{"@context":"https:\/\/schema.org","@graph":[{"@type":"Article","@id":"https:\/\/develop.olympic.ca\/olympique\/2024\/09\/06\/des-photos-marquantes-dequipe-canada-a-paris-2024\/#article","isPartOf":{"@id":"https:\/\/develop.olympic.ca\/olympique\/2024\/09\/06\/des-photos-marquantes-dequipe-canada-a-paris-2024\/"},"author":{"name":"apepper","@id":"https:\/\/develop.olympic.ca\/olympique\/#\/schema\/person\/5481c33a1300f38fa75aa9cef9d6e3de"},"headline":"Des photos marquantes d&rsquo;\u00c9quipe Canada \u00e0 Paris 2024","datePublished":"2024-09-06T19:15:22+00:00","dateModified":"2024-09-06T19:20:08+00:00","mainEntityOfPage":{"@id":"https:\/\/develop.olympic.ca\/olympique\/2024\/09\/06\/des-photos-marquantes-dequipe-canada-a-paris-2024\/"},"wordCount":1988,"image":{"@id":"https:\/\/develop.olympic.ca\/olympique\/2024\/09\/06\/des-photos-marquantes-dequipe-canada-a-paris-2024\/#primaryimage"},"thumbnailUrl":"https:\/\/develop.olympic.ca\/olympique\/wp-content\/uploads\/sites\/2\/2024\/09\/mdb_20240727_412580-1-e1725637960175.jpg?quality=100","keywords":["\u00c9quipe canada","Paris 2024"],"articleSection":["Evergreen","Uncategorized"],"inLanguage":"fr-FR"},{"@type":"WebPage","@id":"https:\/\/develop.olympic.ca\/olympique\/2024\/09\/06\/des-photos-marquantes-dequipe-canada-a-paris-2024\/","url":"https:\/\/develop.olympic.ca\/olympique\/2024\/09\/06\/des-photos-marquantes-dequipe-canada-a-paris-2024\/","name":"Des photos marquantes d'\u00c9quipe Canada \u00e0 Paris 2024 - \u00c9quipe Canada | Site officiel de l&#039;\u00e9quipe olympique","isPartOf":{"@id":"https:\/\/develop.olympic.ca\/olympique\/#website"},"primaryImageOfPage":{"@id":"https:\/\/develop.olympic.ca\/olympique\/2024\/09\/06\/des-photos-marquantes-dequipe-canada-a-paris-2024\/#primaryimage"},"image":{"@id":"https:\/\/develop.olympic.ca\/olympique\/2024\/09\/06\/des-photos-marquantes-dequipe-canada-a-paris-2024\/#primaryimage"},"thumbnailUrl":"https:\/\/develop.olympic.ca\/olympique\/wp-content\/uploads\/sites\/2\/2024\/09\/mdb_20240727_412580-1-e1725637960175.jpg?quality=100","datePublished":"2024-09-06T19:15:22+00:00","dateModified":"2024-09-06T19:20:08+00:00","author":{"@id":"https:\/\/develop.olympic.ca\/olympique\/#\/schema\/person\/5481c33a1300f38fa75aa9cef9d6e3de"},"description":"Nous vous proposons de revivre la magie des Jeux olympiques \u00e0 travers des galeries photos d'incroyables clich\u00e9s pris par les photographes d'\u00c9quipe Canada.","inLanguage":"fr-FR","potentialAction":[{"@type":"ReadAction","target":["https:\/\/develop.olympic.ca\/olympique\/2024\/09\/06\/des-photos-marquantes-dequipe-canada-a-paris-2024\/"]}]},{"@type":"ImageObject","inLanguage":"fr-FR","@id":"https:\/\/develop.olympic.ca\/olympique\/2024\/09\/06\/des-photos-marquantes-dequipe-canada-a-paris-2024\/#primaryimage","url":"https:\/\/develop.olympic.ca\/olympique\/wp-content\/uploads\/sites\/2\/2024\/09\/mdb_20240727_412580-1-e1725637960175.jpg?quality=100","contentUrl":"https:\/\/develop.olympic.ca\/olympique\/wp-content\/uploads\/sites\/2\/2024\/09\/mdb_20240727_412580-1-e1725637960175.jpg?quality=100","width":1194,"height":674,"caption":"Mark Blinch\/COC"},{"@type":"WebSite","@id":"https:\/\/develop.olympic.ca\/olympique\/#website","url":"https:\/\/develop.olympic.ca\/olympique\/","name":"\u00c9quipe Canada | Site officiel de l&#039;\u00e9quipe olympique","description":"Votre source pour l\u2019\u00c9quipe olympique canadienne. Retrouvez les r\u00e9cits, vid\u00e9os et photos des athl\u00e8tes canadiens, sports olympiques, Jeux olympiques de 2020 et bien plus!","potentialAction":[{"@type":"SearchAction","target":{"@type":"EntryPoint","urlTemplate":"https:\/\/develop.olympic.ca\/olympique\/?s={search_term_string}"},"query-input":{"@type":"PropertyValueSpecification","valueRequired":true,"valueName":"search_term_string"}}],"inLanguage":"fr-FR"},{"@type":"Person","@id":"https:\/\/develop.olympic.ca\/olympique\/#\/schema\/person\/5481c33a1300f38fa75aa9cef9d6e3de","name":"apepper","image":{"@type":"ImageObject","inLanguage":"fr-FR","@id":"https:\/\/secure.gravatar.com\/avatar\/8a298747a0c0db606d68139a2d94d09933ddfa5d3be6c97a2a72ad5126cf9248?s=96&d=identicon&r=g4ad1f5f61f2517154dbb00a6c19aed36","url":"https:\/\/secure.gravatar.com\/avatar\/8a298747a0c0db606d68139a2d94d09933ddfa5d3be6c97a2a72ad5126cf9248?s=96&d=identicon&r=g","contentUrl":"https:\/\/secure.gravatar.com\/avatar\/8a298747a0c0db606d68139a2d94d09933ddfa5d3be6c97a2a72ad5126cf9248?s=96&d=identicon&r=g","caption":"apepper"},"url":"https:\/\/develop.olympic.ca\/olympique\/author\/apepper\/"}]}},"jetpack_featured_media_url":"https:\/\/develop.olympic.ca\/olympique\/wp-content\/uploads\/sites\/2\/2024\/09\/mdb_20240727_412580-1-e1725637960175.jpg?quality=100","featured_image_url":"https:\/\/develop.olympic.ca\/olympique\/wp-content\/uploads\/sites\/2\/2024\/09\/mdb_20240727_412580-1-e1725637960175.jpg?quality=100","author_name":["Caela Fenton"],"category_names":["Evergreen","Uncategorized"],"tag_names":["\u00c9quipe canada","Paris 2024"],"video_embed_code":"","facebook_video_embed_code":"","jetpack_sharing_enabled":true,"jetpack-related-posts":[],"jetpack_shortlink":"https:\/\/wp.me\/pbmyEP-14m7","_links":{"self":[{"href":"https:\/\/develop.olympic.ca\/olympique\/wp-json\/wp\/v2\/posts\/255075","targetHints":{"allow":["GET"]}}],"collection":[{"href":"https:\/\/develop.olympic.ca\/olympique\/wp-json\/wp\/v2\/posts"}],"about":[{"href":"https:\/\/develop.olympic.ca\/olympique\/wp-json\/wp\/v2\/types\/post"}],"author":[{"embeddable":true,"href":"https:\/\/develop.olympic.ca\/olympique\/wp-json\/wp\/v2\/users\/185434564"}],"replies":[{"embeddable":true,"href":"https:\/\/develop.olympic.ca\/olympique\/wp-json\/wp\/v2\/comments?post=255075"}],"version-history":[{"count":10,"href":"https:\/\/develop.olympic.ca\/olympique\/wp-json\/wp\/v2\/posts\/255075\/revisions"}],"predecessor-version":[{"id":255093,"href":"https:\/\/develop.olympic.ca\/olympique\/wp-json\/wp\/v2\/posts\/255075\/revisions\/255093"}],"wp:featuredmedia":[{"embeddable":true,"href":"https:\/\/develop.olympic.ca\/olympique\/wp-json\/wp\/v2\/media\/255089"}],"wp:attachment":[{"href":"https:\/\/develop.olympic.ca\/olympique\/wp-json\/wp\/v2\/media?parent=255075"}],"wp:term":[{"taxonomy":"category","embeddable":true,"href":"https:\/\/develop.olympic.ca\/olympique\/wp-json\/wp\/v2\/categories?post=255075"},{"taxonomy":"post_tag","embeddable":true,"href":"https:\/\/develop.olympic.ca\/olympique\/wp-json\/wp\/v2\/tags?post=255075"},{"taxonomy":"post_format","embeddable":true,"href":"https:\/\/develop.olympic.ca\/olympique\/wp-json\/wp\/v2\/post_format?post=255075"},{"taxonomy":"sport","embeddable":true,"href":"https:\/\/develop.olympic.ca\/olympique\/wp-json\/wp\/v2\/sport?post=255075"},{"taxonomy":"game","embeddable":true,"href":"https:\/\/develop.olympic.ca\/olympique\/wp-json\/wp\/v2\/game?post=255075"},{"taxonomy":"author","embeddable":true,"href":"https:\/\/develop.olympic.ca\/olympique\/wp-json\/wp\/v2\/coauthors?post=255075"}],"curies":[{"name":"wp","href":"https:\/\/api.w.org\/{rel}","templated":true}]}}