{"id":255190,"date":"2024-09-16T13:11:05","date_gmt":"2024-09-16T17:11:05","guid":{"rendered":"https:\/\/develop.olympic.ca\/olympique\/?p=255190"},"modified":"2024-11-21T20:51:51","modified_gmt":"2024-11-22T01:51:51","slug":"cinq-athletes-olympiques-seront-intronises-au-pantheon-des-sports-canadiens-en-2024","status":"publish","type":"post","link":"https:\/\/develop.olympic.ca\/olympique\/2024\/09\/16\/cinq-athletes-olympiques-seront-intronises-au-pantheon-des-sports-canadiens-en-2024\/","title":{"rendered":"Cinq athl\u00e8tes olympiques seront intronis\u00e9s au Panth\u00e9on des sports canadiens en\u00a02024"},"content":{"rendered":"\n<p class=\"wp-block-paragraph\">Cinq athl\u00e8tes olympiques canadiens font partie d\u2019une cohorte de neuf personnes qui seront intronis\u00e9es au Panth\u00e9on des sports canadiens en 2024.&nbsp;<\/p>\n\n\n\n<p class=\"wp-block-paragraph\">Chaque intronis\u00e9 a \u00e9t\u00e9 nomm\u00e9 par sa communaut\u00e9 et plus de 230 mises en candidature du public&nbsp;ont \u00e9t\u00e9 examin\u00e9es par un panel de journalistes sportifs, d\u2019universitaires et d\u2019athl\u00e8tes.&nbsp;Chacun des intronis\u00e9s a contribu\u00e9 \u00e0 la communaut\u00e9 du sport canadien en faisant preuve d\u2019innovation,&nbsp;d&rsquo;un esprit de mobilisation ou d\u2019une expertise particuli\u00e8re, en plus de laisser une empreinte durable et positive sur le sport canadien.<\/p>\n\n\n\n<h4 class=\"wp-block-heading\"><strong>Patrick Chan<\/strong><\/h4>\n\n\n\n<p class=\"wp-block-paragraph\"><a href=\"https:\/\/develop.olympic.ca\/team-canada\/patrick-chan\/\">Patrick Chan<\/a>,&nbsp;qui a particip\u00e9 \u00e0 trois Jeux olympiques et qui est l\u2019athl\u00e8te masculin le plus d\u00e9cor\u00e9 dans l\u2019histoire du patinage artistique canadien, sera intronis\u00e9 dans la cat\u00e9gorie des athl\u00e8tes.<\/p>\n\n\n\n<p class=\"wp-block-paragraph\">Les habilet\u00e9s qu\u2019il avait sur patins faisaient l\u2019envie de plusieurs et on peut dire qu\u2019il a \u00e9t\u00e9 le premier patineur capable de r\u00e9aliser plusieurs quadruples sauts tout en affichant un haut niveau d\u2019excellence et une musicalit\u00e9 inn\u00e9e.&nbsp;<\/p>\n\n\n\n<p class=\"wp-block-paragraph\">Cette combinaison de virtuose l\u2019a aid\u00e9 \u00e0 remporter trois m\u00e9dailles olympiques, 10 titres nationaux, trois titres cons\u00e9cutifs aux Championnats du monde de l\u2019ISU&nbsp;(2011, 2012 et 2013), trois titres des Championnats des quatre continents de l&rsquo;ISU (2009, 2012 et 2016) et deux titres de la Finale du Grand Prix ISU (2010 et 2011). Il a \u00e9t\u00e9 nomm\u00e9 Athl\u00e8te de l\u2019ann\u00e9e au Canada en 2011.&nbsp;<\/p>\n\n\n\n<p class=\"wp-block-paragraph\">Aux Jeux olympiques de <a href=\"https:\/\/develop.olympic.ca\/olympique\/jeux\/2014-sotchi\/\">Sotchi 2014<\/a>, Chan&nbsp;a rafl\u00e9 deux m\u00e9dailles d\u2019argent \u2014 une \u00e0 l&rsquo;\u00e9preuve individuelle masculine et une \u00e0 l\u2019\u00e9preuve par \u00e9quipes. Il a ajout\u00e9 une m\u00e9daille d\u2019or \u00e0 sa collection dans l\u2019\u00e9preuve par \u00e9quipes \u00e0&nbsp;<a href=\"https:\/\/develop.olympic.ca\/games\/2018-pyeongchang\/\">PyeongChang 2018<\/a>.<\/p>\n\n\n\n<p class=\"wp-block-paragraph\">Chan a pris sa retraite de la comp\u00e9tition en 2018, mais il demeure un mod\u00e8le important pour les jeunes patineurs canadiens. Il a mis \u00e0 profit ce qu\u2019il a v\u00e9cu en tant que Sino-Canadien pour&nbsp;aider Patinage Canada \u00e0 fa\u00e7onner son engagement en mati\u00e8re d\u2019\u00e9quit\u00e9, diversit\u00e9 et inclusion pour faire en sorte que le patinage artistique soit plus inclusif pour tous. Chan est b\u00e9n\u00e9vole avec Olympiques sp\u00e9ciaux Canada et il milite pour sensibiliser les gens \u00e0 l\u2019importance de la sant\u00e9 mentale chez les hommes avec Movember Canada.<\/p>\n\n\n\n<figure class=\"wp-block-image size-large\"><img loading=\"lazy\" decoding=\"async\" height=\"754\" width=\"1084\" src=\"https:\/\/develop.olympic.ca\/olympique\/wp-content\/uploads\/sites\/2\/2024\/09\/05848863-e1518917101611.jpg?quality=100&amp;w=1084\" alt=\"Patrick Chan salue la foule.\" class=\"wp-image-255194\" srcset=\"https:\/\/develop.olympic.ca\/olympique\/wp-content\/uploads\/sites\/2\/2024\/09\/05848863-e1518917101611.jpg 1340w, https:\/\/develop.olympic.ca\/olympique\/wp-content\/uploads\/sites\/2\/2024\/09\/05848863-e1518917101611.jpg?resize=227,158 227w, https:\/\/develop.olympic.ca\/olympique\/wp-content\/uploads\/sites\/2\/2024\/09\/05848863-e1518917101611.jpg?resize=533,371 533w, https:\/\/develop.olympic.ca\/olympique\/wp-content\/uploads\/sites\/2\/2024\/09\/05848863-e1518917101611.jpg?resize=768,534 768w, https:\/\/develop.olympic.ca\/olympique\/wp-content\/uploads\/sites\/2\/2024\/09\/05848863-e1518917101611.jpg?resize=1084,754 1084w\" sizes=\"(max-width: 1084px) 100vw, 1084px\" \/><figcaption class=\"wp-element-caption\">Patrick Chan salue la foule apr\u00e8s avoir particip\u00e9 au programme libre de patinage artistique masculin au Palais de glace Iceberg lors des Jeux olympiques d&rsquo;hiver de 2014, le vendredi 14 f\u00e9vrier 2014, \u00e0 Sotchi, en Russie. (AP Photo\/Ivan Sekretarev)<\/figcaption><\/figure>\n\n\n\n<h4 class=\"wp-block-heading\"><strong>Angela Chalmers<\/strong><\/h4>\n\n\n\n<p class=\"wp-block-paragraph\"><a href=\"https:\/\/develop.olympic.ca\/olympique\/team-canada\/angela-chalmers\/\">Angela Chalmers<\/a>, qui a particip\u00e9 \u00e0 deux \u00e9ditions des Jeux olympiques, sera intronis\u00e9e dans la cat\u00e9gorie des athl\u00e8tes.<\/p>\n\n\n\n<p class=\"wp-block-paragraph\">Chalmers&nbsp;a de nombreuses r\u00e9alisations \u00e0 son actif, elle qui a d\u00e9croch\u00e9 le championnat de cross-country de la NCAA en 1986, une m\u00e9daille d\u2019argent au 3000 m des Jeux panam\u00e9ricains 1985 et des m\u00e9dailles d\u2019or au 3000 m et au 1500 m aux Jeux du&nbsp;Commonwealth&nbsp;1990.<\/p>\n\n\n\n<p class=\"wp-block-paragraph\">Chalmers,&nbsp;qui fait partie de la Premi\u00e8re Nation de&nbsp;Birdtail Sioux, a \u00e9t\u00e9 la premi\u00e8re femme autochtone repr\u00e9sentant le Canada \u00e0 remporter une m\u00e9daille olympique, elle qui a d\u00e9croch\u00e9 le bronze au 3000 m aux Jeux de&nbsp;<a href=\"https:\/\/develop.olympic.ca\/olympique\/jeux\/1992-barcelona\/\">Barcelone 1992<\/a>. Son exploit historique et le d\u00e9vouement dont elle a fait preuve \u00e0 l\u2019endroit de son sport ont fait d\u2019elle un mod\u00e8le \u00e0 suivre pour les jeunes autochtones et les filles qui pratiquent un sport.<\/p>\n\n\n\n<p class=\"wp-block-paragraph\">Apr\u00e8s sa retraite en 1997, Chalmers a pr\u00eat\u00e9 sa voix \u00e0 la cause du sport propre et a consacr\u00e9 son temps \u00e0 aller \u00e0 la rencontre de jeunes autochtones qui sont confront\u00e9s \u00e0 de plus grands d\u00e9fis en raison du traumatisme interg\u00e9n\u00e9rationnel attribuable au colonialisme.<\/p>\n\n\n\n<figure class=\"wp-block-image size-large\"><img loading=\"lazy\" decoding=\"async\" height=\"754\" width=\"1334\" src=\"https:\/\/develop.olympic.ca\/olympique\/wp-content\/uploads\/sites\/2\/2014\/02\/excellence-angela-chalmers2.jpg?quality=100&amp;w=1334\" alt=\"Angela Chalmers cours le 1500 m. \" class=\"wp-image-93633\" srcset=\"https:\/\/develop.olympic.ca\/olympique\/wp-content\/uploads\/sites\/2\/2014\/02\/excellence-angela-chalmers2.jpg 2267w, https:\/\/develop.olympic.ca\/olympique\/wp-content\/uploads\/sites\/2\/2014\/02\/excellence-angela-chalmers2.jpg?resize=280,158 280w, https:\/\/develop.olympic.ca\/olympique\/wp-content\/uploads\/sites\/2\/2014\/02\/excellence-angela-chalmers2.jpg?resize=657,371 657w, https:\/\/develop.olympic.ca\/olympique\/wp-content\/uploads\/sites\/2\/2014\/02\/excellence-angela-chalmers2.jpg?resize=768,434 768w, https:\/\/develop.olympic.ca\/olympique\/wp-content\/uploads\/sites\/2\/2014\/02\/excellence-angela-chalmers2.jpg?resize=1334,754 1334w, https:\/\/develop.olympic.ca\/olympique\/wp-content\/uploads\/sites\/2\/2014\/02\/excellence-angela-chalmers2.jpg?resize=1536,868 1536w, https:\/\/develop.olympic.ca\/olympique\/wp-content\/uploads\/sites\/2\/2014\/02\/excellence-angela-chalmers2.jpg?resize=2048,1157 2048w\" sizes=\"(max-width: 1334px) 100vw, 1334px\" \/><figcaption class=\"wp-element-caption\">Angela Chalmers du Canada (\u00e0 gauche) participant \u00e0 l&rsquo;\u00e9preuve du 1500 m\u00e8tres aux Jeux olympiques de 1988 \u00e0 S\u00e9oul. (PHOTO CP\/COC\/F.S. Grant)<\/figcaption><\/figure>\n\n\n\n<h4 class=\"wp-block-heading\"><strong>Daniel Nestor<\/strong><\/h4>\n\n\n\n<p class=\"wp-block-paragraph\">Athl\u00e8te de six Jeux olympiques, <a href=\"https:\/\/develop.olympic.ca\/olympique\/team-canada\/daniel-nestor\/\">Daniel Nestor<\/a> a laiss\u00e9 une marque ind\u00e9l\u00e9bile sur le tennis canadien et il sera intronis\u00e9 dans la cat\u00e9gorie des athl\u00e8tes.<\/p>\n\n\n\n<p class=\"wp-block-paragraph\">Au cours de sa brillante carri\u00e8re, Nestor a remport\u00e9 12 titres du Grand Chelem, soit huit en double masculin et quatre en double mixte. Il \u00e9t\u00e9 le premier joueur \u00e0 signer 1000 victoires en double dans l\u2019ATP. Il a fait partie de la formation de la Coupe Davis d\u2019\u00c9quipe Canada pour une p\u00e9riode record de 25 ans. Nestor est peut-\u00eatre d\u2019abord et avant tout reconnu pour avoir remport\u00e9 la premi\u00e8re m\u00e9daille olympique du Canada au tennis, lui qui a d\u00e9croch\u00e9 l\u2019or en double masculin aux Jeux de&nbsp;<a href=\"https:\/\/develop.olympic.ca\/olympique\/games\/2000-sydney\/\">Sydney 2000<\/a>&nbsp;aux c\u00f4t\u00e9s de son partenaire&nbsp;<a href=\"https:\/\/develop.olympic.ca\/olympique\/team-canada\/sebastien-lareau\/\">S\u00e9bastien Lareau<\/a>.<\/p>\n\n\n\n<p class=\"wp-block-paragraph\">Nestor a pris sa retraite de la comp\u00e9tition en 2018 afin de se consacrer \u00e0 ses \u0153uvres de charit\u00e9, alors qu\u2019il a notamment organis\u00e9 des \u00e9v\u00e9nements de tennis dans le but de recueillir des fonds pour des initiatives en mati\u00e8re de soins de sant\u00e9. Il travaille maintenant \u00e0 sa propre fondation, soutenant les jeunes mal desservis en leur offrant un acc\u00e8s au&nbsp;tennis.<\/p>\n\n\n\n<figure class=\"wp-block-image size-large\"><img loading=\"lazy\" decoding=\"async\" width=\"1340\" height=\"754\" src=\"https:\/\/develop.olympic.ca\/olympique\/wp-content\/uploads\/sites\/2\/2023\/06\/nestor-sydney.jpg?quality=100&amp;w=1340\" alt=\"S\u00e9bastien Lareau et Daniel Nestor posent avec leur m\u00e9daille d'or olympique au cou sur le terrain de tennis.\" class=\"wp-image-223412\" srcset=\"https:\/\/develop.olympic.ca\/olympique\/wp-content\/uploads\/sites\/2\/2023\/06\/nestor-sydney.jpg 1340w, https:\/\/develop.olympic.ca\/olympique\/wp-content\/uploads\/sites\/2\/2023\/06\/nestor-sydney.jpg?resize=280,158 280w, https:\/\/develop.olympic.ca\/olympique\/wp-content\/uploads\/sites\/2\/2023\/06\/nestor-sydney.jpg?resize=660,371 660w, https:\/\/develop.olympic.ca\/olympique\/wp-content\/uploads\/sites\/2\/2023\/06\/nestor-sydney.jpg?resize=768,432 768w\" sizes=\"(max-width: 1340px) 100vw, 1340px\" \/><figcaption class=\"wp-element-caption\">S\u00e9bastien Lareau et Daniel Nestor c\u00e9l\u00e8brent leur m\u00e9daille d&rsquo;or olympique en double masculin en tennis \u00e0 Sydney 2000. (CP PHOTO\/Ryan Remiorz)<\/figcaption><\/figure>\n\n\n\n<h4 class=\"wp-block-heading\"><strong>Vicky Sunohara<\/strong><\/h4>\n\n\n\n<p class=\"wp-block-paragraph\"><a href=\"https:\/\/develop.olympic.ca\/team-canada\/vicky-sunohara\/\">Vicky Sunohara<\/a>, qui a particip\u00e9 \u00e0 trois \u00e9ditions des Jeux olympiques et a \u00e9t\u00e9 un pilier du hockey f\u00e9minin canadien, sera intronis\u00e9e dans la cat\u00e9gorie des athl\u00e8tes.<\/p>\n\n\n\n<p class=\"wp-block-paragraph\">Au cours de ses 19 ann\u00e9es comme membre d\u2019\u00c9quipe Canada, dont huit dans le r\u00f4le d\u2019adjointe \u00e0 la capitaine, Sunohara a remport\u00e9 trois m\u00e9dailles olympiques. Aux Jeux de&nbsp;<a href=\"https:\/\/develop.olympic.ca\/olympique\/games\/1998-nagano\/\">Nagano 1998<\/a>,&nbsp;les Canadiennes ont d\u00e9croch\u00e9 l\u2019argent, avant de mettre la main sur des m\u00e9dailles d\u2019or \u00e0&nbsp;<a href=\"https:\/\/develop.olympic.ca\/olympique\/games\/2002-salt-lake-city\/\">Salt Lake City 2002<\/a>&nbsp;et&nbsp;<a href=\"https:\/\/develop.olympic.ca\/olympique\/games\/2006-turin\/\">Turin 2006<\/a>. C\u2019est \u00e0 Nagano que le hockey sur glace f\u00e9minin a fait partie du programme olympique pour la premi\u00e8re fois.<\/p>\n\n\n\n<p class=\"wp-block-paragraph\">Sept fois championne du monde, Sunohara a pris sa retraite de la comp\u00e9tition en 2008, mais elle a continu\u00e9 de redonner \u00e0 la communaut\u00e9 du hockey en tant qu\u2019entra\u00eeneure, devenant la toute premi\u00e8re entra\u00eeneure-chef \u00e0 temps plein dans l\u2019histoire du programme de hockey f\u00e9minin de l\u2019Universit\u00e9 de&nbsp;Toronto.&nbsp;<\/p>\n\n\n\n<p class=\"wp-block-paragraph\">En tant que Nippo-Canadienne, Sunohara a \u0153uvr\u00e9 pour faire du hockey un espace plus inclusif et diversifi\u00e9, travaillant avec des \u00e9quipes de hockey mineur ainsi que dans le cadre d\u2019initiatives communautaires comme SportJeunesse, Hockey4Youth&nbsp;et&nbsp;Youth Assisting Youth.<\/p>\n\n\n\n<figure class=\"wp-block-image size-large\"><img loading=\"lazy\" decoding=\"async\" height=\"754\" width=\"965\" src=\"https:\/\/develop.olympic.ca\/olympique\/wp-content\/uploads\/sites\/2\/2013\/04\/cassie27.jpg?quality=100&amp;w=965\" alt=\"Jayna Hefford, \u00e0 gauche, Cassie Campbell, au centre, et Vicky Sunohara, \u00e0 droite, c\u00e9l\u00e8brent en tenant le drapeau canadien.\" class=\"wp-image-51700\" srcset=\"https:\/\/develop.olympic.ca\/olympique\/wp-content\/uploads\/sites\/2\/2013\/04\/cassie27.jpg 2000w, https:\/\/develop.olympic.ca\/olympique\/wp-content\/uploads\/sites\/2\/2013\/04\/cassie27.jpg?resize=202,158 202w, https:\/\/develop.olympic.ca\/olympique\/wp-content\/uploads\/sites\/2\/2013\/04\/cassie27.jpg?resize=475,371 475w, https:\/\/develop.olympic.ca\/olympique\/wp-content\/uploads\/sites\/2\/2013\/04\/cassie27.jpg?resize=768,600 768w, https:\/\/develop.olympic.ca\/olympique\/wp-content\/uploads\/sites\/2\/2013\/04\/cassie27.jpg?resize=965,754 965w, https:\/\/develop.olympic.ca\/olympique\/wp-content\/uploads\/sites\/2\/2013\/04\/cassie27.jpg?resize=1536,1200 1536w\" sizes=\"(max-width: 965px) 100vw, 965px\" \/><figcaption class=\"wp-element-caption\">Jayna Hefford, \u00e0 gauche, Cassie Campbell, au centre, et Vicky Sunohara, \u00e0 droite, c\u00e9l\u00e8brent apr\u00e8s avoir battu la Su\u00e8de 4-1 pour remporter la m\u00e9daille d&rsquo;or en hockey sur glace f\u00e9minin aux Jeux olympiques d&rsquo;hiver 2006, le lundi 20 f\u00e9vrier 2006 \u00e0 Turin. (PHOTO PC\/Ryan Remiorz)<\/figcaption><\/figure>\n\n\n\n<h4 class=\"wp-block-heading\"><strong>Debbie Brill<\/strong><\/h4>\n\n\n\n<p class=\"wp-block-paragraph\"><a href=\"https:\/\/develop.olympic.ca\/olympique\/team-canada\/debbie-brill\/\">Debbie Brill<\/a>, qui a pris part \u00e0 trois \u00e9ditions des Jeux olympiques au saut en hauteur, sera intronis\u00e9e dans la cat\u00e9gorie des pionniers.<\/p>\n\n\n\n<p class=\"wp-block-paragraph\">Brill&nbsp;a con\u00e7u sa technique particuli\u00e8re de saut arri\u00e8re, qu\u2019on a ensuite appel\u00e9e le \u00ab&nbsp;Brill Bend&nbsp;\u00bb, quand elle \u00e9tait adolescente. Des techniques similaires ont \u00e9t\u00e9 \u00e9labor\u00e9es par d\u2019autres athl\u00e8tes, notamment l\u2019Am\u00e9ricain&nbsp;Dick Fosburydans avec le \u00ab&nbsp;Fosbury Flop&nbsp;\u00bb.<\/p>\n\n\n\n<p class=\"wp-block-paragraph\">Le record canadien de&nbsp;Brill, qui s\u2019\u00e9l\u00e8ve \u00e0 1,99 m, tient toujours 42 ans plus tard. Elle \u00e9tait class\u00e9e premi\u00e8re au monde en 1980 quand le Canada s\u2019est joint au mouvement men\u00e9 par les \u00c9tats-Unis pour boycotter les Jeux olympiques de <a href=\"https:\/\/develop.olympic.ca\/olympique\/jeux\/1980-moscow\/\">Moscou 1980<\/a>, ratant ainsi l\u2019occasion de participer aux Jeux olympiques au moment o\u00f9 elle \u00e9tait \u00e0 son sommet.<\/p>\n\n\n\n<p class=\"wp-block-paragraph\">Brill&nbsp;a fait preuve d\u2019un engagement sans rel\u00e2che pour promouvoir l\u2019\u00e9galit\u00e9 des sexes&nbsp;dans le sport. En 1992, elle a agi comme repr\u00e9sentante des athl\u00e8tes au cours de la campagne qui a men\u00e9 avec succ\u00e8s \u00e0 l\u2019\u00e9limination des tests discriminatoires de v\u00e9rification du sexe \u00e0 l\u2019occasion des comp\u00e9titions d\u2019athl\u00e9tisme.<\/p>\n\n\n\n<p class=\"wp-block-paragraph\">Depuis qu\u2019elle a pris sa retraite de la comp\u00e9tition de haut niveau en&nbsp;1988, Brill a continu\u00e9 d\u2019\u00e9tablir des records de saut en hauteur chez les ma\u00eetres.&nbsp;<\/p>\n\n\n\n<figure class=\"wp-block-image size-large\"><img loading=\"lazy\" decoding=\"async\" width=\"1000\" height=\"562\" src=\"https:\/\/develop.olympic.ca\/olympique\/wp-content\/uploads\/sites\/2\/2011\/09\/debbie-brill-feature-e1547753026468.jpg?quality=100&amp;w=1000\" alt=\"Debbie Brill effectue un saut en hauteur. \" class=\"wp-image-149390\" srcset=\"https:\/\/develop.olympic.ca\/olympique\/wp-content\/uploads\/sites\/2\/2011\/09\/debbie-brill-feature-e1547753026468.jpg 1000w, https:\/\/develop.olympic.ca\/olympique\/wp-content\/uploads\/sites\/2\/2011\/09\/debbie-brill-feature-e1547753026468.jpg?resize=280,158 280w, https:\/\/develop.olympic.ca\/olympique\/wp-content\/uploads\/sites\/2\/2011\/09\/debbie-brill-feature-e1547753026468.jpg?resize=660,371 660w, https:\/\/develop.olympic.ca\/olympique\/wp-content\/uploads\/sites\/2\/2011\/09\/debbie-brill-feature-e1547753026468.jpg?resize=768,432 768w\" sizes=\"(max-width: 1000px) 100vw, 1000px\" \/><figcaption class=\"wp-element-caption\">Debbie Brill participe au saut en hauteur aux Jeux olympiques de Los Angeles de 1984. (Photo PC\/AOC)<\/figcaption><\/figure>\n\n\n\n<h4 class=\"wp-block-heading\"><strong>Les autres intronis\u00e9s de la cohorte de&nbsp;<\/strong><strong>2024<\/strong><\/h4>\n\n\n\n<p class=\"wp-block-paragraph\">Alex Nelson&nbsp;sera intronis\u00e9 dans la cat\u00e9gorie des b\u00e2tisseurs pour ses longues ann\u00e9es de leadership dans le sport autochtone. Nelson a cofond\u00e9 la&nbsp;Aboriginal Sports and Recreation Association of British Columbia&nbsp;et a occup\u00e9 trois fois le poste de pr\u00e9sident des Jeux autochtones de l\u2019Am\u00e9rique du Nord, \u00e9tendant consid\u00e9rablement le rayonnement de ces Jeux qui se veulent autant une c\u00e9l\u00e9bration de la culture que du sport.<\/p>\n\n\n\n<p class=\"wp-block-paragraph\">La D<sup>re<\/sup>&nbsp;Guylaine Demers sera aussi intronis\u00e9e dans la cat\u00e9gorie des b\u00e2tisseurs. Son travail en tant que chercheuse, enseignante et militante a men\u00e9 \u00e0 de profonds changements dans le domaine de l\u2019\u00e9galit\u00e9 des sexes dans le&nbsp;sport, elle qui s\u2019est aussi battue contre l\u2019homophobie et la transphobie.<\/p>\n\n\n\n<p class=\"wp-block-paragraph\">Dans la cat\u00e9gorie des athl\u00e8tes, Fred Thomas&nbsp;sera reconnu pour une carri\u00e8re durant laquelle il a bris\u00e9 des barri\u00e8res \u00e0 une \u00e9poque o\u00f9 il y avait s\u00e9gr\u00e9gation raciale dans le sport.&nbsp;Thomas&nbsp;a bris\u00e9 la barri\u00e8re de la couleur dans la Eastern League, une ligue de baseball mineur, et il a \u00e9t\u00e9 le premier Canadien de race noire \u00e0 jouer pour les Argonauts de&nbsp;Toronto.<\/p>\n\n\n\n<p class=\"wp-block-paragraph\">La nageuse paralympique&nbsp;Kirby Cote&nbsp;sera aussi intronis\u00e9e dans la cat\u00e9gorie des athl\u00e8tes. Cote&nbsp;a pris part \u00e0 trois \u00e9ditions des Jeux paralympiques, ayant disput\u00e9 les \u00e9preuves de natation pour athl\u00e8tes ayant une d\u00e9ficience visuelle. Elle a remport\u00e9 13 m\u00e9dailles paralympiques, faisant d\u2019elle un des para-athl\u00e8tes canadiens les plus d\u00e9cor\u00e9s de tous les temps. Elle a aussi milit\u00e9 au nom des Canadiens handicap\u00e9s pour qu\u2019ils aient une plus grande accessibilit\u00e9, particuli\u00e8rement dans les espaces consacr\u00e9s aux sports et aux loisirs.<\/p>\n","protected":false},"excerpt":{"rendered":"<p>Cinq athl\u00e8tes olympiques canadiens font partie d\u2019une cohorte de neuf personnes qui seront intronis\u00e9es au Panth\u00e9on des sports canadiens en&#8230;<\/p>\n","protected":false},"author":185434513,"featured_media":255191,"comment_status":"closed","ping_status":"closed","sticky":false,"template":"","format":"standard","meta":{"_acf_changed":false,"_crdt_document":"","_jetpack_memberships_contains_paid_content":false,"footnotes":""},"categories":[16085,1],"tags":[415983047,415984548,2752058,682166987,1994,226581561,415984506,888180,682167028,682167027,7422531,415988589],"post_format":"standard","sport":[48770,891977,2636692,1999],"game":[2200323,181821878,9241255,415985119,8561468,9095230,191933058,8561457,8561476],"coauthors":[682165743],"class_list":["post-255190","post","type-post","status-publish","format-standard","has-post-thumbnail","hentry","category-nouvelles","category-uncategorized","tag-angela-chalmers","tag-athletisme","tag-daniel-nestor","tag-debbie-brill","tag-hockey","tag-pantheon-des-sports-canadiens","tag-patinage-artistique","tag-patrick-chan","tag-tcia-podium-pillar","tag-team-canada-impact-agenda","tag-tennis-2","tag-vicky-sunohara","sport-athletisme","sport-hockey-sur-glace","sport-patinage-artistique","sport-tennis","game-1984-los-angeles","game-1980-moscow","game-1998-nagano","game-2018-pyeongchang","game-2002-salt-lake-city","game-1988-seoul","game-2014-sotchi","game-2000-sydney","game-2006-turin"],"acf":[],"yoast_head":"<!-- This site is optimized with the Yoast SEO plugin v27.3 - https:\/\/yoast.com\/product\/yoast-seo-wordpress\/ -->\n<title>Cinq athl\u00e8tes olympiques seront intronis\u00e9s au Panth\u00e9on des sports canadiens en\u00a02024 - \u00c9quipe Canada | Site officiel de l&#039;\u00e9quipe olympique<\/title>\n<meta name=\"description\" content=\"Cinq athl\u00e8tes olympiques canadiens font partie d\u2019une cohorte de neuf personnes qui seront intronis\u00e9es au Panth\u00e9on des sports canadiens en 2024.\" \/>\n<meta name=\"robots\" content=\"index, follow, max-snippet:-1, max-image-preview:large, max-video-preview:-1\" \/>\n<link rel=\"canonical\" href=\"https:\/\/develop.olympic.ca\/olympique\/2024\/09\/16\/cinq-athletes-olympiques-seront-intronises-au-pantheon-des-sports-canadiens-en-2024\/\" \/>\n<meta property=\"og:locale\" content=\"fr_FR\" \/>\n<meta property=\"og:type\" content=\"article\" \/>\n<meta property=\"og:title\" content=\"Cinq athl\u00e8tes olympiques seront intronis\u00e9s au Panth\u00e9on des sports canadiens en\u00a02024\" \/>\n<meta property=\"og:description\" content=\"Cinq athl\u00e8tes olympiques canadiens font partie d\u2019une cohorte de neuf personnes qui seront intronis\u00e9es au Panth\u00e9on des sports canadiens en 2024.\" \/>\n<meta property=\"og:url\" content=\"https:\/\/develop.olympic.ca\/olympique\/2024\/09\/16\/cinq-athletes-olympiques-seront-intronises-au-pantheon-des-sports-canadiens-en-2024\/\" \/>\n<meta property=\"og:site_name\" content=\"\u00c9quipe Canada | Site officiel de l&#039;\u00e9quipe olympique\" \/>\n<meta property=\"article:published_time\" content=\"2024-09-16T17:11:05+00:00\" \/>\n<meta property=\"article:modified_time\" content=\"2024-11-22T01:51:51+00:00\" \/>\n<meta property=\"og:image\" content=\"https:\/\/develop.olympic.ca\/olympique\/wp-content\/uploads\/sites\/2\/2024\/09\/Feature-images-1-2.png\" \/>\n\t<meta property=\"og:image:width\" content=\"1890\" \/>\n\t<meta property=\"og:image:height\" content=\"1068\" \/>\n\t<meta property=\"og:image:type\" content=\"image\/png\" \/>\n<meta name=\"author\" content=\"Caela Fenton\" \/>\n<meta name=\"twitter:card\" content=\"summary_large_image\" \/>\n<meta name=\"twitter:title\" content=\"Cinq athl\u00e8tes olympiques seront intronis\u00e9s au Panth\u00e9on des sports canadiens en\u00a02024\" \/>\n<meta name=\"twitter:description\" content=\"Cinq athl\u00e8tes olympiques canadiens font partie d\u2019une cohorte de neuf personnes qui seront intronis\u00e9es au Panth\u00e9on des sports canadiens en 2024.\" \/>\n<meta name=\"twitter:creator\" content=\"@alacroix\" \/>\n<meta name=\"twitter:label1\" content=\"Written by\" \/>\n\t<meta name=\"twitter:data1\" content=\"Caela Fenton\" \/>\n\t<meta name=\"twitter:label2\" content=\"Est. reading time\" \/>\n\t<meta name=\"twitter:data2\" content=\"9 minutes\" \/>\n<script type=\"application\/ld+json\" class=\"yoast-schema-graph\">{\"@context\":\"https:\\\/\\\/schema.org\",\"@graph\":[{\"@type\":\"Article\",\"@id\":\"https:\\\/\\\/develop.olympic.ca\\\/olympique\\\/2024\\\/09\\\/16\\\/cinq-athletes-olympiques-seront-intronises-au-pantheon-des-sports-canadiens-en-2024\\\/#article\",\"isPartOf\":{\"@id\":\"https:\\\/\\\/develop.olympic.ca\\\/olympique\\\/2024\\\/09\\\/16\\\/cinq-athletes-olympiques-seront-intronises-au-pantheon-des-sports-canadiens-en-2024\\\/\"},\"author\":{\"name\":\"alacroix\",\"@id\":\"https:\\\/\\\/develop.olympic.ca\\\/olympique\\\/#\\\/schema\\\/person\\\/d90f198d7060e6386b5e1cc25e0844c7\"},\"headline\":\"Cinq athl\u00e8tes olympiques seront intronis\u00e9s au Panth\u00e9on des sports canadiens en\u00a02024\",\"datePublished\":\"2024-09-16T17:11:05+00:00\",\"dateModified\":\"2024-11-22T01:51:51+00:00\",\"mainEntityOfPage\":{\"@id\":\"https:\\\/\\\/develop.olympic.ca\\\/olympique\\\/2024\\\/09\\\/16\\\/cinq-athletes-olympiques-seront-intronises-au-pantheon-des-sports-canadiens-en-2024\\\/\"},\"wordCount\":1704,\"image\":{\"@id\":\"https:\\\/\\\/develop.olympic.ca\\\/olympique\\\/2024\\\/09\\\/16\\\/cinq-athletes-olympiques-seront-intronises-au-pantheon-des-sports-canadiens-en-2024\\\/#primaryimage\"},\"thumbnailUrl\":\"https:\\\/\\\/develop.olympic.ca\\\/olympique\\\/wp-content\\\/uploads\\\/sites\\\/2\\\/2024\\\/09\\\/Feature-images-1-2.png\",\"keywords\":[\"Angela Chalmers\",\"Athl\u00e9tisme\",\"Daniel Nestor\",\"Debbie Brill\",\"Hockey\",\"Panth\u00e9on des sports canadiens\",\"Patinage artistique\",\"Patrick Chan\",\"TCIA - Podium Pillar\",\"Team Canada Impact Agenda\",\"tennis\",\"Vicky Sunohara\"],\"articleSection\":[\"Nouvelles\",\"Uncategorized\"],\"inLanguage\":\"fr-FR\"},{\"@type\":\"WebPage\",\"@id\":\"https:\\\/\\\/develop.olympic.ca\\\/olympique\\\/2024\\\/09\\\/16\\\/cinq-athletes-olympiques-seront-intronises-au-pantheon-des-sports-canadiens-en-2024\\\/\",\"url\":\"https:\\\/\\\/develop.olympic.ca\\\/olympique\\\/2024\\\/09\\\/16\\\/cinq-athletes-olympiques-seront-intronises-au-pantheon-des-sports-canadiens-en-2024\\\/\",\"name\":\"Cinq athl\u00e8tes olympiques seront intronis\u00e9s au Panth\u00e9on des sports canadiens en\u00a02024 - \u00c9quipe Canada | Site officiel de l&#039;\u00e9quipe olympique\",\"isPartOf\":{\"@id\":\"https:\\\/\\\/develop.olympic.ca\\\/olympique\\\/#website\"},\"primaryImageOfPage\":{\"@id\":\"https:\\\/\\\/develop.olympic.ca\\\/olympique\\\/2024\\\/09\\\/16\\\/cinq-athletes-olympiques-seront-intronises-au-pantheon-des-sports-canadiens-en-2024\\\/#primaryimage\"},\"image\":{\"@id\":\"https:\\\/\\\/develop.olympic.ca\\\/olympique\\\/2024\\\/09\\\/16\\\/cinq-athletes-olympiques-seront-intronises-au-pantheon-des-sports-canadiens-en-2024\\\/#primaryimage\"},\"thumbnailUrl\":\"https:\\\/\\\/develop.olympic.ca\\\/olympique\\\/wp-content\\\/uploads\\\/sites\\\/2\\\/2024\\\/09\\\/Feature-images-1-2.png\",\"datePublished\":\"2024-09-16T17:11:05+00:00\",\"dateModified\":\"2024-11-22T01:51:51+00:00\",\"author\":{\"@id\":\"https:\\\/\\\/develop.olympic.ca\\\/olympique\\\/#\\\/schema\\\/person\\\/d90f198d7060e6386b5e1cc25e0844c7\"},\"description\":\"Cinq athl\u00e8tes olympiques canadiens font partie d\u2019une cohorte de neuf personnes qui seront intronis\u00e9es au Panth\u00e9on des sports canadiens en 2024.\",\"inLanguage\":\"fr-FR\",\"potentialAction\":[{\"@type\":\"ReadAction\",\"target\":[\"https:\\\/\\\/develop.olympic.ca\\\/olympique\\\/2024\\\/09\\\/16\\\/cinq-athletes-olympiques-seront-intronises-au-pantheon-des-sports-canadiens-en-2024\\\/\"]}]},{\"@type\":\"ImageObject\",\"inLanguage\":\"fr-FR\",\"@id\":\"https:\\\/\\\/develop.olympic.ca\\\/olympique\\\/2024\\\/09\\\/16\\\/cinq-athletes-olympiques-seront-intronises-au-pantheon-des-sports-canadiens-en-2024\\\/#primaryimage\",\"url\":\"https:\\\/\\\/develop.olympic.ca\\\/olympique\\\/wp-content\\\/uploads\\\/sites\\\/2\\\/2024\\\/09\\\/Feature-images-1-2.png\",\"contentUrl\":\"https:\\\/\\\/develop.olympic.ca\\\/olympique\\\/wp-content\\\/uploads\\\/sites\\\/2\\\/2024\\\/09\\\/Feature-images-1-2.png\",\"width\":1890,\"height\":1068,\"caption\":\"CP Photo\\\/COC\\\/R. Warren, THE CANADIAN PRESS\\\/HO - COC \u2013 Jason Ransom, (CP PHOTO\\\/ COA\\\/ Claus Andersen), Janet Kwan, (CP PHOTO\\\/COC)\"},{\"@type\":\"WebSite\",\"@id\":\"https:\\\/\\\/develop.olympic.ca\\\/olympique\\\/#website\",\"url\":\"https:\\\/\\\/develop.olympic.ca\\\/olympique\\\/\",\"name\":\"\u00c9quipe Canada | Site officiel de l&#039;\u00e9quipe olympique\",\"description\":\"Votre source pour l\u2019\u00c9quipe olympique canadienne. Retrouvez les r\u00e9cits, vid\u00e9os et photos des athl\u00e8tes canadiens, sports olympiques, Jeux olympiques de 2020 et bien plus!\",\"potentialAction\":[{\"@type\":\"SearchAction\",\"target\":{\"@type\":\"EntryPoint\",\"urlTemplate\":\"https:\\\/\\\/develop.olympic.ca\\\/olympique\\\/?s={search_term_string}\"},\"query-input\":{\"@type\":\"PropertyValueSpecification\",\"valueRequired\":true,\"valueName\":\"search_term_string\"}}],\"inLanguage\":\"fr-FR\"},{\"@type\":\"Person\",\"@id\":\"https:\\\/\\\/develop.olympic.ca\\\/olympique\\\/#\\\/schema\\\/person\\\/d90f198d7060e6386b5e1cc25e0844c7\",\"name\":\"alacroix\",\"image\":{\"@type\":\"ImageObject\",\"inLanguage\":\"fr-FR\",\"@id\":\"https:\\\/\\\/secure.gravatar.com\\\/avatar\\\/6e0ddf63fe2e2c4d0fddcd921861b6c99f402bce42ec31af5ad39247ab324836?s=96&d=identicon&r=g800804460851aa471230f61e1a6a77dc\",\"url\":\"https:\\\/\\\/secure.gravatar.com\\\/avatar\\\/6e0ddf63fe2e2c4d0fddcd921861b6c99f402bce42ec31af5ad39247ab324836?s=96&d=identicon&r=g\",\"contentUrl\":\"https:\\\/\\\/secure.gravatar.com\\\/avatar\\\/6e0ddf63fe2e2c4d0fddcd921861b6c99f402bce42ec31af5ad39247ab324836?s=96&d=identicon&r=g\",\"caption\":\"alacroix\"},\"sameAs\":[\"https:\\\/\\\/x.com\\\/alacroix\"],\"url\":\"https:\\\/\\\/develop.olympic.ca\\\/olympique\\\/author\\\/alacroix\\\/\"}]}<\/script>\n<!-- \/ Yoast SEO plugin. -->","yoast_head_json":{"title":"Cinq athl\u00e8tes olympiques seront intronis\u00e9s au Panth\u00e9on des sports canadiens en\u00a02024 - \u00c9quipe Canada | Site officiel de l&#039;\u00e9quipe olympique","description":"Cinq athl\u00e8tes olympiques canadiens font partie d\u2019une cohorte de neuf personnes qui seront intronis\u00e9es au Panth\u00e9on des sports canadiens en 2024.","robots":{"index":"index","follow":"follow","max-snippet":"max-snippet:-1","max-image-preview":"max-image-preview:large","max-video-preview":"max-video-preview:-1"},"canonical":"https:\/\/develop.olympic.ca\/olympique\/2024\/09\/16\/cinq-athletes-olympiques-seront-intronises-au-pantheon-des-sports-canadiens-en-2024\/","og_locale":"fr_FR","og_type":"article","og_title":"Cinq athl\u00e8tes olympiques seront intronis\u00e9s au Panth\u00e9on des sports canadiens en\u00a02024","og_description":"Cinq athl\u00e8tes olympiques canadiens font partie d\u2019une cohorte de neuf personnes qui seront intronis\u00e9es au Panth\u00e9on des sports canadiens en 2024.","og_url":"https:\/\/develop.olympic.ca\/olympique\/2024\/09\/16\/cinq-athletes-olympiques-seront-intronises-au-pantheon-des-sports-canadiens-en-2024\/","og_site_name":"\u00c9quipe Canada | Site officiel de l&#039;\u00e9quipe olympique","article_published_time":"2024-09-16T17:11:05+00:00","article_modified_time":"2024-11-22T01:51:51+00:00","og_image":[{"width":1890,"height":1068,"url":"https:\/\/develop.olympic.ca\/olympique\/wp-content\/uploads\/sites\/2\/2024\/09\/Feature-images-1-2.png","type":"image\/png"}],"author":"Caela Fenton","twitter_card":"summary_large_image","twitter_title":"Cinq athl\u00e8tes olympiques seront intronis\u00e9s au Panth\u00e9on des sports canadiens en\u00a02024","twitter_description":"Cinq athl\u00e8tes olympiques canadiens font partie d\u2019une cohorte de neuf personnes qui seront intronis\u00e9es au Panth\u00e9on des sports canadiens en 2024.","twitter_creator":"@alacroix","twitter_misc":{"Written by":"Caela Fenton","Est. reading time":"9 minutes"},"schema":{"@context":"https:\/\/schema.org","@graph":[{"@type":"Article","@id":"https:\/\/develop.olympic.ca\/olympique\/2024\/09\/16\/cinq-athletes-olympiques-seront-intronises-au-pantheon-des-sports-canadiens-en-2024\/#article","isPartOf":{"@id":"https:\/\/develop.olympic.ca\/olympique\/2024\/09\/16\/cinq-athletes-olympiques-seront-intronises-au-pantheon-des-sports-canadiens-en-2024\/"},"author":{"name":"alacroix","@id":"https:\/\/develop.olympic.ca\/olympique\/#\/schema\/person\/d90f198d7060e6386b5e1cc25e0844c7"},"headline":"Cinq athl\u00e8tes olympiques seront intronis\u00e9s au Panth\u00e9on des sports canadiens en\u00a02024","datePublished":"2024-09-16T17:11:05+00:00","dateModified":"2024-11-22T01:51:51+00:00","mainEntityOfPage":{"@id":"https:\/\/develop.olympic.ca\/olympique\/2024\/09\/16\/cinq-athletes-olympiques-seront-intronises-au-pantheon-des-sports-canadiens-en-2024\/"},"wordCount":1704,"image":{"@id":"https:\/\/develop.olympic.ca\/olympique\/2024\/09\/16\/cinq-athletes-olympiques-seront-intronises-au-pantheon-des-sports-canadiens-en-2024\/#primaryimage"},"thumbnailUrl":"https:\/\/develop.olympic.ca\/olympique\/wp-content\/uploads\/sites\/2\/2024\/09\/Feature-images-1-2.png","keywords":["Angela Chalmers","Athl\u00e9tisme","Daniel Nestor","Debbie Brill","Hockey","Panth\u00e9on des sports canadiens","Patinage artistique","Patrick Chan","TCIA - Podium Pillar","Team Canada Impact Agenda","tennis","Vicky Sunohara"],"articleSection":["Nouvelles","Uncategorized"],"inLanguage":"fr-FR"},{"@type":"WebPage","@id":"https:\/\/develop.olympic.ca\/olympique\/2024\/09\/16\/cinq-athletes-olympiques-seront-intronises-au-pantheon-des-sports-canadiens-en-2024\/","url":"https:\/\/develop.olympic.ca\/olympique\/2024\/09\/16\/cinq-athletes-olympiques-seront-intronises-au-pantheon-des-sports-canadiens-en-2024\/","name":"Cinq athl\u00e8tes olympiques seront intronis\u00e9s au Panth\u00e9on des sports canadiens en\u00a02024 - \u00c9quipe Canada | Site officiel de l&#039;\u00e9quipe olympique","isPartOf":{"@id":"https:\/\/develop.olympic.ca\/olympique\/#website"},"primaryImageOfPage":{"@id":"https:\/\/develop.olympic.ca\/olympique\/2024\/09\/16\/cinq-athletes-olympiques-seront-intronises-au-pantheon-des-sports-canadiens-en-2024\/#primaryimage"},"image":{"@id":"https:\/\/develop.olympic.ca\/olympique\/2024\/09\/16\/cinq-athletes-olympiques-seront-intronises-au-pantheon-des-sports-canadiens-en-2024\/#primaryimage"},"thumbnailUrl":"https:\/\/develop.olympic.ca\/olympique\/wp-content\/uploads\/sites\/2\/2024\/09\/Feature-images-1-2.png","datePublished":"2024-09-16T17:11:05+00:00","dateModified":"2024-11-22T01:51:51+00:00","author":{"@id":"https:\/\/develop.olympic.ca\/olympique\/#\/schema\/person\/d90f198d7060e6386b5e1cc25e0844c7"},"description":"Cinq athl\u00e8tes olympiques canadiens font partie d\u2019une cohorte de neuf personnes qui seront intronis\u00e9es au Panth\u00e9on des sports canadiens en 2024.","inLanguage":"fr-FR","potentialAction":[{"@type":"ReadAction","target":["https:\/\/develop.olympic.ca\/olympique\/2024\/09\/16\/cinq-athletes-olympiques-seront-intronises-au-pantheon-des-sports-canadiens-en-2024\/"]}]},{"@type":"ImageObject","inLanguage":"fr-FR","@id":"https:\/\/develop.olympic.ca\/olympique\/2024\/09\/16\/cinq-athletes-olympiques-seront-intronises-au-pantheon-des-sports-canadiens-en-2024\/#primaryimage","url":"https:\/\/develop.olympic.ca\/olympique\/wp-content\/uploads\/sites\/2\/2024\/09\/Feature-images-1-2.png","contentUrl":"https:\/\/develop.olympic.ca\/olympique\/wp-content\/uploads\/sites\/2\/2024\/09\/Feature-images-1-2.png","width":1890,"height":1068,"caption":"CP Photo\/COC\/R. Warren, THE CANADIAN PRESS\/HO - COC \u2013 Jason Ransom, (CP PHOTO\/ COA\/ Claus Andersen), Janet Kwan, (CP PHOTO\/COC)"},{"@type":"WebSite","@id":"https:\/\/develop.olympic.ca\/olympique\/#website","url":"https:\/\/develop.olympic.ca\/olympique\/","name":"\u00c9quipe Canada | Site officiel de l&#039;\u00e9quipe olympique","description":"Votre source pour l\u2019\u00c9quipe olympique canadienne. Retrouvez les r\u00e9cits, vid\u00e9os et photos des athl\u00e8tes canadiens, sports olympiques, Jeux olympiques de 2020 et bien plus!","potentialAction":[{"@type":"SearchAction","target":{"@type":"EntryPoint","urlTemplate":"https:\/\/develop.olympic.ca\/olympique\/?s={search_term_string}"},"query-input":{"@type":"PropertyValueSpecification","valueRequired":true,"valueName":"search_term_string"}}],"inLanguage":"fr-FR"},{"@type":"Person","@id":"https:\/\/develop.olympic.ca\/olympique\/#\/schema\/person\/d90f198d7060e6386b5e1cc25e0844c7","name":"alacroix","image":{"@type":"ImageObject","inLanguage":"fr-FR","@id":"https:\/\/secure.gravatar.com\/avatar\/6e0ddf63fe2e2c4d0fddcd921861b6c99f402bce42ec31af5ad39247ab324836?s=96&d=identicon&r=g800804460851aa471230f61e1a6a77dc","url":"https:\/\/secure.gravatar.com\/avatar\/6e0ddf63fe2e2c4d0fddcd921861b6c99f402bce42ec31af5ad39247ab324836?s=96&d=identicon&r=g","contentUrl":"https:\/\/secure.gravatar.com\/avatar\/6e0ddf63fe2e2c4d0fddcd921861b6c99f402bce42ec31af5ad39247ab324836?s=96&d=identicon&r=g","caption":"alacroix"},"sameAs":["https:\/\/x.com\/alacroix"],"url":"https:\/\/develop.olympic.ca\/olympique\/author\/alacroix\/"}]}},"jetpack_featured_media_url":"https:\/\/develop.olympic.ca\/olympique\/wp-content\/uploads\/sites\/2\/2024\/09\/Feature-images-1-2.png","featured_image_url":"https:\/\/develop.olympic.ca\/olympique\/wp-content\/uploads\/sites\/2\/2024\/09\/Feature-images-1-2.png","author_name":["Caela Fenton"],"category_names":["Nouvelles","Uncategorized"],"tag_names":["Angela Chalmers","Athl\u00e9tisme","Daniel Nestor","Debbie Brill","Hockey","Panth\u00e9on des sports canadiens","Patinage artistique","Patrick Chan","TCIA - Podium Pillar","Team Canada Impact Agenda","tennis","Vicky Sunohara"],"video_embed_code":"","facebook_video_embed_code":"","jetpack_sharing_enabled":true,"jetpack-related-posts":[],"jetpack_shortlink":"https:\/\/wp.me\/pbmyEP-14nY","_links":{"self":[{"href":"https:\/\/develop.olympic.ca\/olympique\/wp-json\/wp\/v2\/posts\/255190","targetHints":{"allow":["GET"]}}],"collection":[{"href":"https:\/\/develop.olympic.ca\/olympique\/wp-json\/wp\/v2\/posts"}],"about":[{"href":"https:\/\/develop.olympic.ca\/olympique\/wp-json\/wp\/v2\/types\/post"}],"author":[{"embeddable":true,"href":"https:\/\/develop.olympic.ca\/olympique\/wp-json\/wp\/v2\/users\/185434513"}],"replies":[{"embeddable":true,"href":"https:\/\/develop.olympic.ca\/olympique\/wp-json\/wp\/v2\/comments?post=255190"}],"version-history":[{"count":14,"href":"https:\/\/develop.olympic.ca\/olympique\/wp-json\/wp\/v2\/posts\/255190\/revisions"}],"predecessor-version":[{"id":255301,"href":"https:\/\/develop.olympic.ca\/olympique\/wp-json\/wp\/v2\/posts\/255190\/revisions\/255301"}],"wp:featuredmedia":[{"embeddable":true,"href":"https:\/\/develop.olympic.ca\/olympique\/wp-json\/wp\/v2\/media\/255191"}],"wp:attachment":[{"href":"https:\/\/develop.olympic.ca\/olympique\/wp-json\/wp\/v2\/media?parent=255190"}],"wp:term":[{"taxonomy":"category","embeddable":true,"href":"https:\/\/develop.olympic.ca\/olympique\/wp-json\/wp\/v2\/categories?post=255190"},{"taxonomy":"post_tag","embeddable":true,"href":"https:\/\/develop.olympic.ca\/olympique\/wp-json\/wp\/v2\/tags?post=255190"},{"taxonomy":"post_format","embeddable":true,"href":"https:\/\/develop.olympic.ca\/olympique\/wp-json\/wp\/v2\/post_format?post=255190"},{"taxonomy":"sport","embeddable":true,"href":"https:\/\/develop.olympic.ca\/olympique\/wp-json\/wp\/v2\/sport?post=255190"},{"taxonomy":"game","embeddable":true,"href":"https:\/\/develop.olympic.ca\/olympique\/wp-json\/wp\/v2\/game?post=255190"},{"taxonomy":"author","embeddable":true,"href":"https:\/\/develop.olympic.ca\/olympique\/wp-json\/wp\/v2\/coauthors?post=255190"}],"curies":[{"name":"wp","href":"https:\/\/api.w.org\/{rel}","templated":true}]}}