{"id":255345,"date":"2024-09-27T09:00:00","date_gmt":"2024-09-27T13:00:00","guid":{"rendered":"https:\/\/develop.olympic.ca\/olympique\/?p=255345"},"modified":"2024-11-21T20:52:31","modified_gmt":"2024-11-22T01:52:31","slug":"lathlete-olympique-waneek-horn-miller-nous-rappelle-pourquoi-la-representativite-est-importante","status":"publish","type":"post","link":"https:\/\/develop.olympic.ca\/olympique\/2024\/09\/27\/lathlete-olympique-waneek-horn-miller-nous-rappelle-pourquoi-la-representativite-est-importante\/","title":{"rendered":"L&rsquo;athl\u00e8te olympique Waneek Horn-Miller nous rappelle pourquoi la repr\u00e9sentativit\u00e9 est importante"},"content":{"rendered":"\n<p class=\"has-text-align-left wp-block-paragraph\">Waneek se souvient encore de la premi\u00e8re fois o\u00f9 elle a voulu devenir une athl\u00e8te olympique. <\/p>\n\n\n\n<p class=\"has-text-align-left wp-block-paragraph\">\u00ab J\u2019ai vu l\u2019olympien mohawk <a href=\"https:\/\/develop.olympic.ca\/olympique\/team-canada\/alwyn-morris\/\">Alwyn Morris<\/a> remporter une m\u00e9daille d\u2019or [en kayak] en 1984. J\u2019\u00e9tais petite. C\u2019est ma m\u00e8re qui m\u2019avait fait regarder. Ce moment a chang\u00e9 ma vie : je n\u2019avais jamais vu quelqu\u2019un comme moi \u00eatre le meilleur au monde, ou m\u00eame le meilleur en dehors de ma communaut\u00e9. Il a fracass\u00e9 le plafond de verre de mon univers. C\u2019est l\u00e0 que j\u2019ai pens\u00e9 pour la premi\u00e8re fois que je voulais aller aux Jeux olympiques. \u00bb<\/p>\n\n\n\n<p class=\"wp-block-paragraph\">Et c&rsquo;est ce qu&rsquo;elle a fait.<\/p>\n\n\n\n<p class=\"wp-block-paragraph\">Horn-Miller a particip\u00e9 aux Jeux olympiques de <a href=\"https:\/\/develop.olympic.ca\/olympique\/games\/2000-sydney\/\">Sydney 2000<\/a> en water-polo, o\u00f9 elle a \u00e9t\u00e9 co-capitaine de l&rsquo;\u00e9quipe. Elle est originaire du territoire mohawk de Kahnawake, o\u00f9 elle vivait avec ses parents et ses trois s\u0153urs. Apr\u00e8s sa retraite de la comp\u00e9tition en 2008, Horn-Miller a continu\u00e9 \u00e0 exceller dans d&rsquo;autres carri\u00e8res li\u00e9es au sport. Elle a entra\u00een\u00e9 l&rsquo;\u00e9quipe f\u00e9minine de water-polo \u00e0 Ottawa, travaill\u00e9 en radiodiffusion, \u00e9t\u00e9 conf\u00e9renci\u00e8re de motivation, s&rsquo;est engag\u00e9e en tant qu&rsquo;activiste, et cet \u00e9t\u00e9, elle a \u00e9t\u00e9 animatrice pour la CBC lors des Jeux olympiques de <a href=\"https:\/\/develop.olympic.ca\/olympique\/games\/paris-2024\/\">Paris 2024<\/a>.<\/p>\n\n\n\n<figure class=\"wp-block-image size-large\"><img loading=\"lazy\" decoding=\"async\" height=\"754\" width=\"1024\" src=\"https:\/\/develop.olympic.ca\/olympique\/wp-content\/uploads\/sites\/2\/2019\/06\/equipe-canada-waneek-horn-miller-water-polo.jpg?quality=100&amp;w=1024\" alt=\"Waneek Horn-Miller tente de r\u00e9cup\u00e9rer un ballon lors d'un match.\" class=\"wp-image-152261\" srcset=\"https:\/\/develop.olympic.ca\/olympique\/wp-content\/uploads\/sites\/2\/2019\/06\/equipe-canada-waneek-horn-miller-water-polo.jpg 1360w, https:\/\/develop.olympic.ca\/olympique\/wp-content\/uploads\/sites\/2\/2019\/06\/equipe-canada-waneek-horn-miller-water-polo.jpg?resize=215,158 215w, https:\/\/develop.olympic.ca\/olympique\/wp-content\/uploads\/sites\/2\/2019\/06\/equipe-canada-waneek-horn-miller-water-polo.jpg?resize=504,371 504w, https:\/\/develop.olympic.ca\/olympique\/wp-content\/uploads\/sites\/2\/2019\/06\/equipe-canada-waneek-horn-miller-water-polo.jpg?resize=768,565 768w, https:\/\/develop.olympic.ca\/olympique\/wp-content\/uploads\/sites\/2\/2019\/06\/equipe-canada-waneek-horn-miller-water-polo.jpg?resize=1024,754 1024w\" sizes=\"(max-width: 1024px) 100vw, 1024px\" \/><figcaption class=\"wp-element-caption\">La Canadienne Waneek Horn-Miller, originaire de  Kahnawake, Qc., emp\u00eache Natalya Galkina du Kazakhstan de contr\u00f4ler le ballon lors d&rsquo;un match pr\u00e9liminaire aux Jeux olympiques de Sydney 2000. Le lundi 18 septembre 2000. AP Photo\/Elise Amendola<\/figcaption><\/figure>\n\n\n\n<p class=\"wp-block-paragraph\">Bien que la performance de Morris marquait la premi\u00e8re fois que Horn-Miller voyait une personne autochtone remporter une m\u00e9daille d&rsquo;or \u00e0 la t\u00e9l\u00e9vision, sa m\u00e8re a \u00e9lev\u00e9 ses trois s\u0153urs et elle \u00e0 toujours viser l&rsquo;excellence, peu importe ce qu&rsquo;elles choisissaient de faire : \u00ab J&rsquo;ai de la chance parce que ma m\u00e8re est une militante pour les droits des Autochtones, elle m&rsquo;a montr\u00e9 des aspects de la culture autochtone que le monde ne me montrait pas. Elle m&rsquo;a fait d\u00e9couvrir les histoires Alywn Morris et Billy Mills, <a href=\"https:\/\/develop.olympic.ca\/olympique\/team-canada\/sharon-firth\/\">Sharon<\/a> et <a href=\"https:\/\/develop.olympic.ca\/olympique\/team-canada\/shirley-firth-larsson\/\">Shirley Firth<\/a>,&nbsp;<a href=\"https:\/\/develop.olympic.ca\/olympique\/team-canada\/angela-chalmers\/\">Angela Chalmers<\/a>. Tous ces gens qui \u00e9taient des athl\u00e8tes olympiques et avaient excell\u00e9. Cette exp\u00e9rience m&rsquo;a vraiment fait croire que c&rsquo;\u00e9tait possible. \u00bb<\/p>\n\n\n\n<p class=\"wp-block-paragraph\">Nous pouvons apprendre de Waneek Horn-Miller l&rsquo;importance de l&rsquo;innovation et de l&rsquo;utilisation de nos propres forces pour continuer \u00e0 progresser et \u00e0 vivre une vie d&rsquo;excellence. Son conseil aux autres est de se rappeler que l&rsquo;excellence et l&rsquo;accomplissement de nos objectifs ne se produisent pas du jour au lendemain.<\/p>\n\n\n\n<p class=\"wp-block-paragraph\">\u00ab Les choses importantes comme les r\u00eaves et les objectifs prennent des ann\u00e9es \u00e0 se r\u00e9aliser et on peut passer sa vie \u00e0 viser un but sans y arriver. On pourrait penser qu\u2019une personne a \u00e9chou\u00e9 parce qu\u2019elle a rat\u00e9 les Jeux olympiques par une demi-seconde, mais est-ce vraiment le cas? Qu\u2019est-ce qu\u2019elle a appris? Qu\u2019est-ce qu\u2019elle est devenue? C\u2019est \u00e7a, mener une vie d\u2019excellence. \u00bb<\/p>\n\n\n\n<p class=\"wp-block-paragraph\">Horn-Miller est une figure autochtones importante dans le monde du sport, et elle sait qu\u2019il est essentiel pour tout le monde de pouvoir regarder les Jeux olympiques et de se voir repr\u00e9sent\u00e9. <\/p>\n\n\n\n<p class=\"wp-block-paragraph\">\u00ab Il faut qu\u2019on voie le sport comme un outil qui sert \u00e0 b\u00e2tir les nations. Le sport n\u2019a jamais \u00e9t\u00e9 aussi important. J\u2019ai h\u00e2te de voir une \u00e9quipe olympique qui repr\u00e9sente vraiment les personnes que je croise dans la rue. \u00bb<\/p>\n\n\n\n<p class=\"wp-block-paragraph\">Certaines personnes ont plus de responsabilit\u00e9 que d&rsquo;autres pour garantir un monde \u00e9quitable et diversifi\u00e9. Horn-Miller explique : \u00ab Si on utilise ses privil\u00e8ges pour aider les autres et donner une voix \u00e0 ceux qui n\u2019en ont pas, les privil\u00e8ges deviennent des superpouvoirs. En fin de compte, c\u2019est la diversit\u00e9 qui rendra notre pays plus fort. \u00bb<\/p>\n\n\n\n<p class=\"wp-block-paragraph\">Horn-Miller a \u00e9galement partag\u00e9 le moment le plus significatif de sa carri\u00e8re sportive : \u00ab \u00c0 la c\u00e9r\u00e9monie d\u2019ouverture des Jeux panam\u00e9ricains de Winnipeg en 1999, nous sommes entr\u00e9s dans le stade avec des danseurs traditionnels autochtones. \u00bb Puis, elle a lev\u00e9 les yeux vers les gradins et a vu tous les chefs r\u00e9gionaux du Manitoba assis l\u00e0. \u00ab Je me sentais chez moi. C\u2019\u00e9tait incroyable d\u2019\u00eatre l\u00e0, de pouvoir les rendre fiers, et puis de remporter l\u2019or. \u00bb <\/p>\n\n\n\n<figure class=\"wp-block-image size-large\"><img loading=\"lazy\" decoding=\"async\" height=\"754\" width=\"1133\" src=\"https:\/\/develop.olympic.ca\/olympique\/wp-content\/uploads\/sites\/2\/2021\/06\/team-canada-waneek-horn-miller-HOF.png?w=1133\" alt=\"Waneek Horn-Miller lors de son intronisation au Panth\u00e9on des sports canadiens.\" class=\"wp-image-183236\" srcset=\"https:\/\/develop.olympic.ca\/olympique\/wp-content\/uploads\/sites\/2\/2021\/06\/team-canada-waneek-horn-miller-HOF.png 2160w, https:\/\/develop.olympic.ca\/olympique\/wp-content\/uploads\/sites\/2\/2021\/06\/team-canada-waneek-horn-miller-HOF.png?resize=237,158 237w, https:\/\/develop.olympic.ca\/olympique\/wp-content\/uploads\/sites\/2\/2021\/06\/team-canada-waneek-horn-miller-HOF.png?resize=557,371 557w, https:\/\/develop.olympic.ca\/olympique\/wp-content\/uploads\/sites\/2\/2021\/06\/team-canada-waneek-horn-miller-HOF.png?resize=768,511 768w, https:\/\/develop.olympic.ca\/olympique\/wp-content\/uploads\/sites\/2\/2021\/06\/team-canada-waneek-horn-miller-HOF.png?resize=1133,754 1133w, https:\/\/develop.olympic.ca\/olympique\/wp-content\/uploads\/sites\/2\/2021\/06\/team-canada-waneek-horn-miller-HOF.png?resize=1536,1023 1536w, https:\/\/develop.olympic.ca\/olympique\/wp-content\/uploads\/sites\/2\/2021\/06\/team-canada-waneek-horn-miller-HOF.png?resize=2048,1363 2048w\" sizes=\"(max-width: 1133px) 100vw, 1133px\" \/><figcaption class=\"wp-element-caption\">Waneek Horn-Miller, intronis\u00e9e du Panth\u00e9on des sports canadiens 2019 \u00e0 Toronto, le mercredi 23 octobre 2019. THE CANADIAN PRESS\/Frank Gunn<\/figcaption><\/figure>\n\n\n\n<p class=\"wp-block-paragraph\">Horn-Miller veut continuer \u00e0 partager son message de force et inspirer les autres \u00e0 rendre le monde meilleur. Elle a un conseil important pour ceux qui souhaitent s&rsquo;am\u00e9liorer et apporter un changement positif : \u00ab Pensez-y de cette fa\u00e7on, quel genre d\u2019anc\u00eatre voulez-vous \u00eatre? Quand vos descendants regarderont leur arbre g\u00e9n\u00e9alogique \u00e0 la recherche d\u2019une source d\u2019inspiration, soyez cette personne. Faites en sorte que votre histoire soit pleine de courage, d\u2019amour, d\u2019altruisme et d\u2019humanit\u00e9. Soyez un anc\u00eatre dont on se souviendra. \u00bb <\/p>\n\n\n\n<p class=\"wp-block-paragraph\">Horn-Miller est pass\u00e9e du statut d&rsquo;athl\u00e8te olympique \u00e0 de nombreuses autres carri\u00e8res dans le monde du sport. Elle dit : \u00ab On peut \u00eatre tr\u00e8s actif dans le milieu sportif et \u00eatre tr\u00e8s connu sans jamais avoir vraiment pratiqu\u00e9. Il suffit d\u2019\u00eatre une de ces personnes passionn\u00e9es de sport. \u00bb <\/p>\n\n\n\n<p class=\"wp-block-paragraph\">M\u00eame si vous n&rsquo;aimez pas pratiquer un sport, il y a une place pour vous dans le monde du sport, il y a une place pour tout le monde. Continuez \u00e0 poursuivre vos r\u00eaves, car le monde a besoin de personnes comme vous !<\/p>\n\n\n\n<p class=\"wp-block-paragraph\">\u00ab Le Canada a le potentiel d\u2019\u00eatre le premier de son genre (il ne l&rsquo;est pas encore), o\u00f9, peu importe la religion, la race, l&rsquo;identit\u00e9, l&#8217;emplacement g\u00e9ographique ou le niveau \u00e9conomique, chacun peut atteindre son plein potentiel. Mais cela n\u00e9cessitera l&rsquo;effort de nous tous pour y parvenir. \u00bb<\/p>\n\n\n\n<p class=\"wp-block-paragraph\"><em>L&rsquo;histoire de Waneek Horn-Miller a \u00e9t\u00e9 initialement pr\u00e9sent\u00e9e dans le cadre de la s\u00e9rie&nbsp;<a href=\"https:\/\/develop.olympic.ca\/olympique\/education\/resources\/heritageautochtone\/\" target=\"_blank\" rel=\"noreferrer noopener\">L\u2019h\u00e9ritage autochtone dans le sport<\/a>&nbsp;du <a href=\"https:\/\/develop.olympic.ca\/olympique\/education\/\">Programme scolaire olympique canadien<\/a>. Les ressources disponibles au lien ci-dessus sont propos\u00e9es pour diff\u00e9rents niveaux de lecture et accompagn\u00e9es de questions de discussion ainsi que d&rsquo;activit\u00e9s d&rsquo;apprentissage.<\/em><\/p>\n","protected":false},"excerpt":{"rendered":"<p>Waneek se souvient encore de la premi\u00e8re fois o\u00f9 elle a voulu devenir une athl\u00e8te olympique. \u00ab J\u2019ai vu l\u2019olympien&#8230;<\/p>\n","protected":false},"author":185434513,"featured_media":183235,"comment_status":"closed","ping_status":"closed","sticky":false,"template":"","format":"standard","meta":{"_acf_changed":false,"_crdt_document":"","_jetpack_memberships_contains_paid_content":false,"footnotes":""},"categories":[682165752,1],"tags":[415983050,1104411,415985124,415985295,415984531,682167028,682167027,415983051,65646],"post_format":"standard","sport":[181823659],"game":[],"coauthors":[682165373],"class_list":["post-255345","post","type-post","status-publish","format-standard","has-post-thumbnail","hentry","category-programme-impact","category-uncategorized","tag-alwyn-morris","tag-equipe-canada","tag-paris-2024","tag-programme-scolaire-olympique-canadien","tag-sydney-2000","tag-tcia-podium-pillar","tag-team-canada-impact-agenda","tag-waneek-horn-miller","tag-water-polo","sport-sports-aquatiques-water-polo"],"acf":[],"yoast_head":"<!-- This site is optimized with the Yoast SEO plugin v27.3 - https:\/\/yoast.com\/product\/yoast-seo-wordpress\/ -->\n<title>L&#039;athl\u00e8te olympique Waneek Horn-Miller nous rappelle pourquoi la repr\u00e9sentativit\u00e9 est importante - \u00c9quipe Canada | Site officiel de l&#039;\u00e9quipe olympique<\/title>\n<meta name=\"description\" content=\"Horn-Miller a particip\u00e9 aux Jeux olympiques de Sydney 2000 en water-polo, o\u00f9 elle a \u00e9t\u00e9 co-capitaine de l&#039;\u00e9quipe. Elle est originaire du territoire mohawk de Kahnawake, o\u00f9 elle vivait avec ses parents et ses trois s\u0153urs. Apr\u00e8s sa retraite de la comp\u00e9tition en 2008, Horn-Miller a continu\u00e9 \u00e0 exceller dans d&#039;autres carri\u00e8res li\u00e9es au sport.\" \/>\n<meta name=\"robots\" content=\"index, follow, max-snippet:-1, max-image-preview:large, max-video-preview:-1\" \/>\n<link rel=\"canonical\" href=\"https:\/\/develop.olympic.ca\/olympique\/2024\/09\/27\/lathlete-olympique-waneek-horn-miller-nous-rappelle-pourquoi-la-representativite-est-importante\/\" \/>\n<meta property=\"og:locale\" content=\"fr_FR\" \/>\n<meta property=\"og:type\" content=\"article\" \/>\n<meta property=\"og:title\" content=\"L&#039;athl\u00e8te olympique Waneek Horn-Miller nous rappelle pourquoi la repr\u00e9sentativit\u00e9 est importante\" \/>\n<meta property=\"og:description\" content=\"Horn-Miller a particip\u00e9 aux Jeux olympiques de Sydney 2000 en water-polo, o\u00f9 elle a \u00e9t\u00e9 co-capitaine de l&#039;\u00e9quipe. Elle est originaire du territoire mohawk de Kahnawake, o\u00f9 elle vivait avec ses parents et ses trois s\u0153urs. Apr\u00e8s sa retraite de la comp\u00e9tition en 2008, Horn-Miller a continu\u00e9 \u00e0 exceller dans d&#039;autres carri\u00e8res li\u00e9es au sport.\" \/>\n<meta property=\"og:url\" content=\"https:\/\/develop.olympic.ca\/olympique\/2024\/09\/27\/lathlete-olympique-waneek-horn-miller-nous-rappelle-pourquoi-la-representativite-est-importante\/\" \/>\n<meta property=\"og:site_name\" content=\"\u00c9quipe Canada | Site officiel de l&#039;\u00e9quipe olympique\" \/>\n<meta property=\"article:published_time\" content=\"2024-09-27T13:00:00+00:00\" \/>\n<meta property=\"article:modified_time\" content=\"2024-11-22T01:52:31+00:00\" \/>\n<meta property=\"og:image\" content=\"https:\/\/develop.olympic.ca\/olympique\/wp-content\/uploads\/sites\/2\/2021\/06\/waterpolo1.jpeg?quality=100\" \/>\n\t<meta property=\"og:image:width\" content=\"1340\" \/>\n\t<meta property=\"og:image:height\" content=\"754\" \/>\n\t<meta property=\"og:image:type\" content=\"image\/jpeg\" \/>\n<meta name=\"author\" content=\"Sian O\u2019Hara\" \/>\n<meta name=\"twitter:card\" content=\"summary_large_image\" \/>\n<meta name=\"twitter:title\" content=\"L&#039;athl\u00e8te olympique Waneek Horn-Miller nous rappelle pourquoi la repr\u00e9sentativit\u00e9 est importante\" \/>\n<meta name=\"twitter:description\" content=\"Horn-Miller a particip\u00e9 aux Jeux olympiques de Sydney 2000 en water-polo, o\u00f9 elle a \u00e9t\u00e9 co-capitaine de l&#039;\u00e9quipe. Elle est originaire du territoire mohawk de Kahnawake, o\u00f9 elle vivait avec ses parents et ses trois s\u0153urs. Apr\u00e8s sa retraite de la comp\u00e9tition en 2008, Horn-Miller a continu\u00e9 \u00e0 exceller dans d&#039;autres carri\u00e8res li\u00e9es au sport.\" \/>\n<meta name=\"twitter:creator\" content=\"@alacroix\" \/>\n<meta name=\"twitter:label1\" content=\"Written by\" \/>\n\t<meta name=\"twitter:data1\" content=\"Sian O\u2019Hara\" \/>\n\t<meta name=\"twitter:label2\" content=\"Est. reading time\" \/>\n\t<meta name=\"twitter:data2\" content=\"6 minutes\" \/>\n<script type=\"application\/ld+json\" class=\"yoast-schema-graph\">{\"@context\":\"https:\\\/\\\/schema.org\",\"@graph\":[{\"@type\":\"Article\",\"@id\":\"https:\\\/\\\/develop.olympic.ca\\\/olympique\\\/2024\\\/09\\\/27\\\/lathlete-olympique-waneek-horn-miller-nous-rappelle-pourquoi-la-representativite-est-importante\\\/#article\",\"isPartOf\":{\"@id\":\"https:\\\/\\\/develop.olympic.ca\\\/olympique\\\/2024\\\/09\\\/27\\\/lathlete-olympique-waneek-horn-miller-nous-rappelle-pourquoi-la-representativite-est-importante\\\/\"},\"author\":{\"name\":\"alacroix\",\"@id\":\"https:\\\/\\\/develop.olympic.ca\\\/olympique\\\/#\\\/schema\\\/person\\\/d90f198d7060e6386b5e1cc25e0844c7\"},\"headline\":\"L&rsquo;athl\u00e8te olympique Waneek Horn-Miller nous rappelle pourquoi la repr\u00e9sentativit\u00e9 est importante\",\"datePublished\":\"2024-09-27T13:00:00+00:00\",\"dateModified\":\"2024-11-22T01:52:31+00:00\",\"mainEntityOfPage\":{\"@id\":\"https:\\\/\\\/develop.olympic.ca\\\/olympique\\\/2024\\\/09\\\/27\\\/lathlete-olympique-waneek-horn-miller-nous-rappelle-pourquoi-la-representativite-est-importante\\\/\"},\"wordCount\":1064,\"image\":{\"@id\":\"https:\\\/\\\/develop.olympic.ca\\\/olympique\\\/2024\\\/09\\\/27\\\/lathlete-olympique-waneek-horn-miller-nous-rappelle-pourquoi-la-representativite-est-importante\\\/#primaryimage\"},\"thumbnailUrl\":\"https:\\\/\\\/develop.olympic.ca\\\/olympique\\\/wp-content\\\/uploads\\\/sites\\\/2\\\/2021\\\/06\\\/waterpolo1.jpeg?quality=100\",\"keywords\":[\"Alwyn Morris\",\"\u00c9quipe canada\",\"Paris 2024\",\"Programme scolaire olympique canadien\",\"Sydney 2000\",\"TCIA - Podium Pillar\",\"Team Canada Impact Agenda\",\"Waneek Horn-Miller\",\"water-polo\"],\"articleSection\":[\"Programme Impact\",\"Uncategorized\"],\"inLanguage\":\"fr-FR\"},{\"@type\":\"WebPage\",\"@id\":\"https:\\\/\\\/develop.olympic.ca\\\/olympique\\\/2024\\\/09\\\/27\\\/lathlete-olympique-waneek-horn-miller-nous-rappelle-pourquoi-la-representativite-est-importante\\\/\",\"url\":\"https:\\\/\\\/develop.olympic.ca\\\/olympique\\\/2024\\\/09\\\/27\\\/lathlete-olympique-waneek-horn-miller-nous-rappelle-pourquoi-la-representativite-est-importante\\\/\",\"name\":\"L'athl\u00e8te olympique Waneek Horn-Miller nous rappelle pourquoi la repr\u00e9sentativit\u00e9 est importante - \u00c9quipe Canada | Site officiel de l&#039;\u00e9quipe olympique\",\"isPartOf\":{\"@id\":\"https:\\\/\\\/develop.olympic.ca\\\/olympique\\\/#website\"},\"primaryImageOfPage\":{\"@id\":\"https:\\\/\\\/develop.olympic.ca\\\/olympique\\\/2024\\\/09\\\/27\\\/lathlete-olympique-waneek-horn-miller-nous-rappelle-pourquoi-la-representativite-est-importante\\\/#primaryimage\"},\"image\":{\"@id\":\"https:\\\/\\\/develop.olympic.ca\\\/olympique\\\/2024\\\/09\\\/27\\\/lathlete-olympique-waneek-horn-miller-nous-rappelle-pourquoi-la-representativite-est-importante\\\/#primaryimage\"},\"thumbnailUrl\":\"https:\\\/\\\/develop.olympic.ca\\\/olympique\\\/wp-content\\\/uploads\\\/sites\\\/2\\\/2021\\\/06\\\/waterpolo1.jpeg?quality=100\",\"datePublished\":\"2024-09-27T13:00:00+00:00\",\"dateModified\":\"2024-11-22T01:52:31+00:00\",\"author\":{\"@id\":\"https:\\\/\\\/develop.olympic.ca\\\/olympique\\\/#\\\/schema\\\/person\\\/d90f198d7060e6386b5e1cc25e0844c7\"},\"description\":\"Horn-Miller a particip\u00e9 aux Jeux olympiques de Sydney 2000 en water-polo, o\u00f9 elle a \u00e9t\u00e9 co-capitaine de l'\u00e9quipe. Elle est originaire du territoire mohawk de Kahnawake, o\u00f9 elle vivait avec ses parents et ses trois s\u0153urs. Apr\u00e8s sa retraite de la comp\u00e9tition en 2008, Horn-Miller a continu\u00e9 \u00e0 exceller dans d'autres carri\u00e8res li\u00e9es au sport.\",\"inLanguage\":\"fr-FR\",\"potentialAction\":[{\"@type\":\"ReadAction\",\"target\":[\"https:\\\/\\\/develop.olympic.ca\\\/olympique\\\/2024\\\/09\\\/27\\\/lathlete-olympique-waneek-horn-miller-nous-rappelle-pourquoi-la-representativite-est-importante\\\/\"]}]},{\"@type\":\"ImageObject\",\"inLanguage\":\"fr-FR\",\"@id\":\"https:\\\/\\\/develop.olympic.ca\\\/olympique\\\/2024\\\/09\\\/27\\\/lathlete-olympique-waneek-horn-miller-nous-rappelle-pourquoi-la-representativite-est-importante\\\/#primaryimage\",\"url\":\"https:\\\/\\\/develop.olympic.ca\\\/olympique\\\/wp-content\\\/uploads\\\/sites\\\/2\\\/2021\\\/06\\\/waterpolo1.jpeg?quality=100\",\"contentUrl\":\"https:\\\/\\\/develop.olympic.ca\\\/olympique\\\/wp-content\\\/uploads\\\/sites\\\/2\\\/2021\\\/06\\\/waterpolo1.jpeg?quality=100\",\"width\":1340,\"height\":754,\"caption\":\"La Canadienne Waneek Horn-Miller en action dans un match pr\u00e9liminaire de water-polo f\u00e9minin aux Jeux olympiques de Sydney 2000. (CP Photo\\\/COC)\"},{\"@type\":\"WebSite\",\"@id\":\"https:\\\/\\\/develop.olympic.ca\\\/olympique\\\/#website\",\"url\":\"https:\\\/\\\/develop.olympic.ca\\\/olympique\\\/\",\"name\":\"\u00c9quipe Canada | Site officiel de l&#039;\u00e9quipe olympique\",\"description\":\"Votre source pour l\u2019\u00c9quipe olympique canadienne. Retrouvez les r\u00e9cits, vid\u00e9os et photos des athl\u00e8tes canadiens, sports olympiques, Jeux olympiques de 2020 et bien plus!\",\"potentialAction\":[{\"@type\":\"SearchAction\",\"target\":{\"@type\":\"EntryPoint\",\"urlTemplate\":\"https:\\\/\\\/develop.olympic.ca\\\/olympique\\\/?s={search_term_string}\"},\"query-input\":{\"@type\":\"PropertyValueSpecification\",\"valueRequired\":true,\"valueName\":\"search_term_string\"}}],\"inLanguage\":\"fr-FR\"},{\"@type\":\"Person\",\"@id\":\"https:\\\/\\\/develop.olympic.ca\\\/olympique\\\/#\\\/schema\\\/person\\\/d90f198d7060e6386b5e1cc25e0844c7\",\"name\":\"alacroix\",\"image\":{\"@type\":\"ImageObject\",\"inLanguage\":\"fr-FR\",\"@id\":\"https:\\\/\\\/secure.gravatar.com\\\/avatar\\\/6e0ddf63fe2e2c4d0fddcd921861b6c99f402bce42ec31af5ad39247ab324836?s=96&d=identicon&r=g800804460851aa471230f61e1a6a77dc\",\"url\":\"https:\\\/\\\/secure.gravatar.com\\\/avatar\\\/6e0ddf63fe2e2c4d0fddcd921861b6c99f402bce42ec31af5ad39247ab324836?s=96&d=identicon&r=g\",\"contentUrl\":\"https:\\\/\\\/secure.gravatar.com\\\/avatar\\\/6e0ddf63fe2e2c4d0fddcd921861b6c99f402bce42ec31af5ad39247ab324836?s=96&d=identicon&r=g\",\"caption\":\"alacroix\"},\"sameAs\":[\"https:\\\/\\\/x.com\\\/alacroix\"],\"url\":\"https:\\\/\\\/develop.olympic.ca\\\/olympique\\\/author\\\/alacroix\\\/\"}]}<\/script>\n<!-- \/ Yoast SEO plugin. -->","yoast_head_json":{"title":"L'athl\u00e8te olympique Waneek Horn-Miller nous rappelle pourquoi la repr\u00e9sentativit\u00e9 est importante - \u00c9quipe Canada | Site officiel de l&#039;\u00e9quipe olympique","description":"Horn-Miller a particip\u00e9 aux Jeux olympiques de Sydney 2000 en water-polo, o\u00f9 elle a \u00e9t\u00e9 co-capitaine de l'\u00e9quipe. Elle est originaire du territoire mohawk de Kahnawake, o\u00f9 elle vivait avec ses parents et ses trois s\u0153urs. Apr\u00e8s sa retraite de la comp\u00e9tition en 2008, Horn-Miller a continu\u00e9 \u00e0 exceller dans d'autres carri\u00e8res li\u00e9es au sport.","robots":{"index":"index","follow":"follow","max-snippet":"max-snippet:-1","max-image-preview":"max-image-preview:large","max-video-preview":"max-video-preview:-1"},"canonical":"https:\/\/develop.olympic.ca\/olympique\/2024\/09\/27\/lathlete-olympique-waneek-horn-miller-nous-rappelle-pourquoi-la-representativite-est-importante\/","og_locale":"fr_FR","og_type":"article","og_title":"L'athl\u00e8te olympique Waneek Horn-Miller nous rappelle pourquoi la repr\u00e9sentativit\u00e9 est importante","og_description":"Horn-Miller a particip\u00e9 aux Jeux olympiques de Sydney 2000 en water-polo, o\u00f9 elle a \u00e9t\u00e9 co-capitaine de l'\u00e9quipe. Elle est originaire du territoire mohawk de Kahnawake, o\u00f9 elle vivait avec ses parents et ses trois s\u0153urs. Apr\u00e8s sa retraite de la comp\u00e9tition en 2008, Horn-Miller a continu\u00e9 \u00e0 exceller dans d'autres carri\u00e8res li\u00e9es au sport.","og_url":"https:\/\/develop.olympic.ca\/olympique\/2024\/09\/27\/lathlete-olympique-waneek-horn-miller-nous-rappelle-pourquoi-la-representativite-est-importante\/","og_site_name":"\u00c9quipe Canada | Site officiel de l&#039;\u00e9quipe olympique","article_published_time":"2024-09-27T13:00:00+00:00","article_modified_time":"2024-11-22T01:52:31+00:00","og_image":[{"width":1340,"height":754,"url":"https:\/\/develop.olympic.ca\/olympique\/wp-content\/uploads\/sites\/2\/2021\/06\/waterpolo1.jpeg?quality=100","type":"image\/jpeg"}],"author":"Sian O\u2019Hara","twitter_card":"summary_large_image","twitter_title":"L'athl\u00e8te olympique Waneek Horn-Miller nous rappelle pourquoi la repr\u00e9sentativit\u00e9 est importante","twitter_description":"Horn-Miller a particip\u00e9 aux Jeux olympiques de Sydney 2000 en water-polo, o\u00f9 elle a \u00e9t\u00e9 co-capitaine de l'\u00e9quipe. Elle est originaire du territoire mohawk de Kahnawake, o\u00f9 elle vivait avec ses parents et ses trois s\u0153urs. Apr\u00e8s sa retraite de la comp\u00e9tition en 2008, Horn-Miller a continu\u00e9 \u00e0 exceller dans d'autres carri\u00e8res li\u00e9es au sport.","twitter_creator":"@alacroix","twitter_misc":{"Written by":"Sian O\u2019Hara","Est. reading time":"6 minutes"},"schema":{"@context":"https:\/\/schema.org","@graph":[{"@type":"Article","@id":"https:\/\/develop.olympic.ca\/olympique\/2024\/09\/27\/lathlete-olympique-waneek-horn-miller-nous-rappelle-pourquoi-la-representativite-est-importante\/#article","isPartOf":{"@id":"https:\/\/develop.olympic.ca\/olympique\/2024\/09\/27\/lathlete-olympique-waneek-horn-miller-nous-rappelle-pourquoi-la-representativite-est-importante\/"},"author":{"name":"alacroix","@id":"https:\/\/develop.olympic.ca\/olympique\/#\/schema\/person\/d90f198d7060e6386b5e1cc25e0844c7"},"headline":"L&rsquo;athl\u00e8te olympique Waneek Horn-Miller nous rappelle pourquoi la repr\u00e9sentativit\u00e9 est importante","datePublished":"2024-09-27T13:00:00+00:00","dateModified":"2024-11-22T01:52:31+00:00","mainEntityOfPage":{"@id":"https:\/\/develop.olympic.ca\/olympique\/2024\/09\/27\/lathlete-olympique-waneek-horn-miller-nous-rappelle-pourquoi-la-representativite-est-importante\/"},"wordCount":1064,"image":{"@id":"https:\/\/develop.olympic.ca\/olympique\/2024\/09\/27\/lathlete-olympique-waneek-horn-miller-nous-rappelle-pourquoi-la-representativite-est-importante\/#primaryimage"},"thumbnailUrl":"https:\/\/develop.olympic.ca\/olympique\/wp-content\/uploads\/sites\/2\/2021\/06\/waterpolo1.jpeg?quality=100","keywords":["Alwyn Morris","\u00c9quipe canada","Paris 2024","Programme scolaire olympique canadien","Sydney 2000","TCIA - Podium Pillar","Team Canada Impact Agenda","Waneek Horn-Miller","water-polo"],"articleSection":["Programme Impact","Uncategorized"],"inLanguage":"fr-FR"},{"@type":"WebPage","@id":"https:\/\/develop.olympic.ca\/olympique\/2024\/09\/27\/lathlete-olympique-waneek-horn-miller-nous-rappelle-pourquoi-la-representativite-est-importante\/","url":"https:\/\/develop.olympic.ca\/olympique\/2024\/09\/27\/lathlete-olympique-waneek-horn-miller-nous-rappelle-pourquoi-la-representativite-est-importante\/","name":"L'athl\u00e8te olympique Waneek Horn-Miller nous rappelle pourquoi la repr\u00e9sentativit\u00e9 est importante - \u00c9quipe Canada | Site officiel de l&#039;\u00e9quipe olympique","isPartOf":{"@id":"https:\/\/develop.olympic.ca\/olympique\/#website"},"primaryImageOfPage":{"@id":"https:\/\/develop.olympic.ca\/olympique\/2024\/09\/27\/lathlete-olympique-waneek-horn-miller-nous-rappelle-pourquoi-la-representativite-est-importante\/#primaryimage"},"image":{"@id":"https:\/\/develop.olympic.ca\/olympique\/2024\/09\/27\/lathlete-olympique-waneek-horn-miller-nous-rappelle-pourquoi-la-representativite-est-importante\/#primaryimage"},"thumbnailUrl":"https:\/\/develop.olympic.ca\/olympique\/wp-content\/uploads\/sites\/2\/2021\/06\/waterpolo1.jpeg?quality=100","datePublished":"2024-09-27T13:00:00+00:00","dateModified":"2024-11-22T01:52:31+00:00","author":{"@id":"https:\/\/develop.olympic.ca\/olympique\/#\/schema\/person\/d90f198d7060e6386b5e1cc25e0844c7"},"description":"Horn-Miller a particip\u00e9 aux Jeux olympiques de Sydney 2000 en water-polo, o\u00f9 elle a \u00e9t\u00e9 co-capitaine de l'\u00e9quipe. Elle est originaire du territoire mohawk de Kahnawake, o\u00f9 elle vivait avec ses parents et ses trois s\u0153urs. Apr\u00e8s sa retraite de la comp\u00e9tition en 2008, Horn-Miller a continu\u00e9 \u00e0 exceller dans d'autres carri\u00e8res li\u00e9es au sport.","inLanguage":"fr-FR","potentialAction":[{"@type":"ReadAction","target":["https:\/\/develop.olympic.ca\/olympique\/2024\/09\/27\/lathlete-olympique-waneek-horn-miller-nous-rappelle-pourquoi-la-representativite-est-importante\/"]}]},{"@type":"ImageObject","inLanguage":"fr-FR","@id":"https:\/\/develop.olympic.ca\/olympique\/2024\/09\/27\/lathlete-olympique-waneek-horn-miller-nous-rappelle-pourquoi-la-representativite-est-importante\/#primaryimage","url":"https:\/\/develop.olympic.ca\/olympique\/wp-content\/uploads\/sites\/2\/2021\/06\/waterpolo1.jpeg?quality=100","contentUrl":"https:\/\/develop.olympic.ca\/olympique\/wp-content\/uploads\/sites\/2\/2021\/06\/waterpolo1.jpeg?quality=100","width":1340,"height":754,"caption":"La Canadienne Waneek Horn-Miller en action dans un match pr\u00e9liminaire de water-polo f\u00e9minin aux Jeux olympiques de Sydney 2000. (CP Photo\/COC)"},{"@type":"WebSite","@id":"https:\/\/develop.olympic.ca\/olympique\/#website","url":"https:\/\/develop.olympic.ca\/olympique\/","name":"\u00c9quipe Canada | Site officiel de l&#039;\u00e9quipe olympique","description":"Votre source pour l\u2019\u00c9quipe olympique canadienne. Retrouvez les r\u00e9cits, vid\u00e9os et photos des athl\u00e8tes canadiens, sports olympiques, Jeux olympiques de 2020 et bien plus!","potentialAction":[{"@type":"SearchAction","target":{"@type":"EntryPoint","urlTemplate":"https:\/\/develop.olympic.ca\/olympique\/?s={search_term_string}"},"query-input":{"@type":"PropertyValueSpecification","valueRequired":true,"valueName":"search_term_string"}}],"inLanguage":"fr-FR"},{"@type":"Person","@id":"https:\/\/develop.olympic.ca\/olympique\/#\/schema\/person\/d90f198d7060e6386b5e1cc25e0844c7","name":"alacroix","image":{"@type":"ImageObject","inLanguage":"fr-FR","@id":"https:\/\/secure.gravatar.com\/avatar\/6e0ddf63fe2e2c4d0fddcd921861b6c99f402bce42ec31af5ad39247ab324836?s=96&d=identicon&r=g800804460851aa471230f61e1a6a77dc","url":"https:\/\/secure.gravatar.com\/avatar\/6e0ddf63fe2e2c4d0fddcd921861b6c99f402bce42ec31af5ad39247ab324836?s=96&d=identicon&r=g","contentUrl":"https:\/\/secure.gravatar.com\/avatar\/6e0ddf63fe2e2c4d0fddcd921861b6c99f402bce42ec31af5ad39247ab324836?s=96&d=identicon&r=g","caption":"alacroix"},"sameAs":["https:\/\/x.com\/alacroix"],"url":"https:\/\/develop.olympic.ca\/olympique\/author\/alacroix\/"}]}},"jetpack_featured_media_url":"https:\/\/develop.olympic.ca\/olympique\/wp-content\/uploads\/sites\/2\/2021\/06\/waterpolo1.jpeg?quality=100","featured_image_url":"https:\/\/develop.olympic.ca\/olympique\/wp-content\/uploads\/sites\/2\/2021\/06\/waterpolo1.jpeg?quality=100","author_name":["Sian O\u2019Hara"],"category_names":["Programme Impact","Uncategorized"],"tag_names":["Alwyn Morris","\u00c9quipe canada","Paris 2024","Programme scolaire olympique canadien","Sydney 2000","TCIA - Podium Pillar","Team Canada Impact Agenda","Waneek Horn-Miller","water-polo"],"video_embed_code":"","facebook_video_embed_code":"","jetpack_sharing_enabled":true,"jetpack-related-posts":[],"jetpack_shortlink":"https:\/\/wp.me\/pbmyEP-14qt","_links":{"self":[{"href":"https:\/\/develop.olympic.ca\/olympique\/wp-json\/wp\/v2\/posts\/255345","targetHints":{"allow":["GET"]}}],"collection":[{"href":"https:\/\/develop.olympic.ca\/olympique\/wp-json\/wp\/v2\/posts"}],"about":[{"href":"https:\/\/develop.olympic.ca\/olympique\/wp-json\/wp\/v2\/types\/post"}],"author":[{"embeddable":true,"href":"https:\/\/develop.olympic.ca\/olympique\/wp-json\/wp\/v2\/users\/185434513"}],"replies":[{"embeddable":true,"href":"https:\/\/develop.olympic.ca\/olympique\/wp-json\/wp\/v2\/comments?post=255345"}],"version-history":[{"count":4,"href":"https:\/\/develop.olympic.ca\/olympique\/wp-json\/wp\/v2\/posts\/255345\/revisions"}],"predecessor-version":[{"id":256342,"href":"https:\/\/develop.olympic.ca\/olympique\/wp-json\/wp\/v2\/posts\/255345\/revisions\/256342"}],"wp:featuredmedia":[{"embeddable":true,"href":"https:\/\/develop.olympic.ca\/olympique\/wp-json\/wp\/v2\/media\/183235"}],"wp:attachment":[{"href":"https:\/\/develop.olympic.ca\/olympique\/wp-json\/wp\/v2\/media?parent=255345"}],"wp:term":[{"taxonomy":"category","embeddable":true,"href":"https:\/\/develop.olympic.ca\/olympique\/wp-json\/wp\/v2\/categories?post=255345"},{"taxonomy":"post_tag","embeddable":true,"href":"https:\/\/develop.olympic.ca\/olympique\/wp-json\/wp\/v2\/tags?post=255345"},{"taxonomy":"post_format","embeddable":true,"href":"https:\/\/develop.olympic.ca\/olympique\/wp-json\/wp\/v2\/post_format?post=255345"},{"taxonomy":"sport","embeddable":true,"href":"https:\/\/develop.olympic.ca\/olympique\/wp-json\/wp\/v2\/sport?post=255345"},{"taxonomy":"game","embeddable":true,"href":"https:\/\/develop.olympic.ca\/olympique\/wp-json\/wp\/v2\/game?post=255345"},{"taxonomy":"author","embeddable":true,"href":"https:\/\/develop.olympic.ca\/olympique\/wp-json\/wp\/v2\/coauthors?post=255345"}],"curies":[{"name":"wp","href":"https:\/\/api.w.org\/{rel}","templated":true}]}}