{"id":256233,"date":"2024-11-20T08:50:00","date_gmt":"2024-11-20T13:50:00","guid":{"rendered":"https:\/\/develop.olympic.ca\/olympique\/?p=256233"},"modified":"2024-11-20T16:10:47","modified_gmt":"2024-11-20T21:10:47","slug":"les-sauteuses-a-ski-abigail-strate-et-alexandria-loutitt-font-decoller-leurs-reves","status":"publish","type":"post","link":"https:\/\/develop.olympic.ca\/olympique\/2024\/11\/20\/les-sauteuses-a-ski-abigail-strate-et-alexandria-loutitt-font-decoller-leurs-reves\/","title":{"rendered":"Les sauteuses \u00e0 ski Abigail Strate et Alexandria Loutitt font d\u00e9coller leurs r\u00eaves"},"content":{"rendered":"\n<p class=\"wp-block-paragraph\">Vous ne penseriez pas qu\u2019il y ait beaucoup d\u2019athl\u00e8tes canadiens qui se feraient reconna\u00eetre dans les rues de Bled, en Slov\u00e9nie, mais l\u2019Olympienne d\u2019\u00c9quipe Canada <a href=\"https:\/\/develop.olympic.ca\/olympique\/team-canada\/alexandria-loutitt\/\">Alexandria Loutitt<\/a> affirme que cela lui est d\u00e9j\u00e0 arriv\u00e9, gr\u00e2ce \u00e0 l\u2019enthousiasme de cette petite nation europ\u00e9enne pour le saut \u00e0 ski.<\/p>\n\n\n\n<p class=\"wp-block-paragraph\">Cet enthousiasme se traduit \u00e9galement par d\u2019excellentes installations et une expertise en entra\u00eenement concentr\u00e9es en Slov\u00e9nie. C\u2019est une des grandes raisons pour lesquelles des sauteuses canadiennes comme Loutitt et <a href=\"https:\/\/develop.olympic.ca\/olympique\/team-canada\/abigail-strate\/\">Abigail Strate<\/a>, toutes deux originaires de Calgary, ont fait de ce pays leur maison loin de chez elles.<\/p>\n\n\n\n<p class=\"wp-block-paragraph\">Strate raconte qu\u2019apr\u00e8s quatre ans pass\u00e9s \u00e0 vivre et \u00e0 s\u2019entra\u00eener en Slov\u00e9nie, elle n\u2019est toujours pas fluide en slov\u00e8ne, mais qu\u2019elle est pass\u00e9e de ne conna\u00eetre que des gros mots et des noms d\u2019aliments \u00e0 des salutations, les jours de la semaine, et autres expressions de base.<\/p>\n\n\n\n<p class=\"wp-block-paragraph\">\u00ab Juste assez pour faire rire tout le monde autour de moi \u00bb, a-t-elle dit en riant.<\/p>\n\n\n\n<p class=\"wp-block-paragraph\">Les parcours de Strate et de Loutitt dans le saut \u00e0 ski ont tous deux commenc\u00e9 bien plus pr\u00e8s de chez elles. Pour Strate, c\u2019\u00e9tait lors d\u2019un camp sportif pour enfants \u00e0 Calgary o\u00f9 elle a d\u00e9couvert ce sport pour la premi\u00e8re fois, au site d\u00e9sormais ferm\u00e9 qui avait accueilli les \u00e9preuves de saut \u00e0 ski des Jeux olympiques de 1988.<\/p>\n\n\n\n<p class=\"wp-block-paragraph\">\u00ab On commence avec des skis alpins sur un tr\u00e8s petit tremplin\u2014on est dans les airs une seconde \u00bb, a expliqu\u00e9 Strate.<\/p>\n\n\n\n<p class=\"wp-block-paragraph\">Mais une seconde peut probablement para\u00eetre tr\u00e8s longue \u00e0 une fillette de six ans, l\u2019\u00e2ge qu\u2019avait Strate \u00e0 l\u2019\u00e9poque. Depuis, tout s\u2019est d\u00e9roul\u00e9\u2014ou plut\u00f4t s\u2019est envol\u00e9\u2014comme une \u00e9vidence.<\/p>\n\n\n\n<p class=\"wp-block-paragraph\">Loutitt avait \u00e9galement six ans lorsqu\u2019elle est tomb\u00e9e sous le charme du saut \u00e0 ski. Tout a commenc\u00e9 en regardant les Jeux olympiques d\u2019hiver de <a href=\"https:\/\/develop.olympic.ca\/olympique\/jeux\/2010-vancouver\/\">Vancouver 2010<\/a>, et plus particuli\u00e8rement les d\u00e9buts du Canadien <a href=\"https:\/\/develop.olympic.ca\/olympique\/team-canada\/mackenzie-boyd-clowes\/\">Mackenzie Boyd-Clowes<\/a> en saut \u00e0 ski.<\/p>\n\n\n\n<p class=\"wp-block-paragraph\">\u00ab Il \u00e9tait vraiment jeune \u00e0 l\u2019\u00e9poque, et ils parlaient beaucoup de lui \u00e0 la t\u00e9l\u00e9 \u00bb, a racont\u00e9 Loutitt. \u00ab J\u2019\u00e9tais compl\u00e8tement fascin\u00e9e par ce sport. \u00bb<\/p>\n\n\n\n<p class=\"wp-block-paragraph\">Puis, comme le destin l\u2019a voulu, 12 ans plus tard, Loutitt et Strate se retrouvaient toutes deux sur le podium olympique aux c\u00f4t\u00e9s de Boyd-Clowes et de leur co\u00e9quipier <a href=\"https:\/\/develop.olympic.ca\/olympique\/team-canada\/matthew-soukup\/\">Matthew Soukup<\/a> apr\u00e8s avoir remport\u00e9 le bronze \u00e0 l\u2019\u00e9preuve inaugurale de saut \u00e0 ski par \u00e9quipes mixtes. Cet exploit marquait la toute premi\u00e8re m\u00e9daille olympique du Canada en saut \u00e0 ski.<\/p>\n\n\n\n<figure class=\"wp-block-image size-full\"><img loading=\"lazy\" decoding=\"async\" width=\"970\" height=\"645\" src=\"https:\/\/develop.olympic.ca\/olympique\/wp-content\/uploads\/sites\/2\/2024\/11\/Screenshot-2024-11-19-at-4.55.09\u202fPM.png\" alt=\"\" class=\"wp-image-256234\" srcset=\"https:\/\/develop.olympic.ca\/olympique\/wp-content\/uploads\/sites\/2\/2024\/11\/Screenshot-2024-11-19-at-4.55.09\u202fPM.png 970w, https:\/\/develop.olympic.ca\/olympique\/wp-content\/uploads\/sites\/2\/2024\/11\/Screenshot-2024-11-19-at-4.55.09\u202fPM.png?resize=238,158 238w, https:\/\/develop.olympic.ca\/olympique\/wp-content\/uploads\/sites\/2\/2024\/11\/Screenshot-2024-11-19-at-4.55.09\u202fPM.png?resize=558,371 558w, https:\/\/develop.olympic.ca\/olympique\/wp-content\/uploads\/sites\/2\/2024\/11\/Screenshot-2024-11-19-at-4.55.09\u202fPM.png?resize=768,511 768w\" sizes=\"(max-width: 970px) 100vw, 970px\" \/><\/figure>\n\n\n\n<p class=\"wp-block-paragraph\">Abigail Strate, Matthew Soukup, Alexandria Loutitt et Mackenzie Boyd-Clowes c\u00e9l\u00e8brent leur m\u00e9daille de bronze \u00e0 l\u2019\u00e9preuve par \u00e9quipes mixtes de saut \u00e0 ski aux Jeux olympiques d\u2019hiver de Beijing 2022, lundi 7 f\u00e9vrier 2022. Photo par Mark Blinch\/COC<\/p>\n\n\n\n<p class=\"wp-block-paragraph\">Depuis, Loutitt a accumul\u00e9 encore plus de premi\u00e8res pour \u00c9quipe Canada. En janvier 2023, elle est devenue la premi\u00e8re Canadienne \u00e0 remporter une \u00e9preuve de la Coupe du monde de saut \u00e0 ski de la FIS. En f\u00e9vrier 2023, elle est devenue la premi\u00e8re championne du monde junior du Canada en saut \u00e0 ski f\u00e9minin. Quelques semaines plus tard, elle est devenue la premi\u00e8re championne du monde canadienne en saut \u00e0 ski, remportant l\u2019\u00e9preuve du grand tremplin f\u00e9minin \u00e0 Planica, en Slov\u00e9nie.<\/p>\n\n\n\n<p class=\"wp-block-paragraph\">Avec autant de succ\u00e8s, Loutitt se fixe des standards extr\u00eamement \u00e9lev\u00e9s, allant jusqu\u2019\u00e0 r\u00e9sister \u00e0 l\u2019envie de qualifier sa derni\u00e8re saison de \u00ab sous-performance \u00bb alors qu\u2019elle a termin\u00e9 troisi\u00e8me au classement g\u00e9n\u00e9ral de la Coupe du monde\u2014une autre premi\u00e8re pour une Canadienne. La jeune femme de 20 ans affirme qu\u2019elle commence \u00e0 r\u00e9aliser qu\u2019\u00eatre aussi dure envers elle-m\u00eame n\u2019est pas constructif.<\/p>\n\n\n\n<p class=\"wp-block-paragraph\">\u00ab Cette ann\u00e9e, je me permets d\u2019\u00eatre un peu plus vuln\u00e9rable, de ne pas \u00eatre d\u00e9\u00e7ue lorsque je fais de petites erreurs, car il est plus difficile de se relever lorsqu\u2019on se bl\u00e2me soi-m\u00eame. \u00bb<\/p>\n\n\n\n<p class=\"wp-block-paragraph\">Loutitt travaille \u00e0 rel\u00e2cher cette pression en percevant le fait de voler dans les airs comme une partie totalement normale de sa journ\u00e9e, aussi incroyable que cela puisse para\u00eetre pour beaucoup d\u2019entre nous.<\/p>\n\n\n\n<figure class=\"wp-block-image size-full\"><img loading=\"lazy\" decoding=\"async\" width=\"857\" height=\"483\" src=\"https:\/\/develop.olympic.ca\/olympique\/wp-content\/uploads\/sites\/2\/2024\/11\/Screenshot-2024-11-19-at-4.55.17\u202fPM.png\" alt=\"\" class=\"wp-image-256235\" srcset=\"https:\/\/develop.olympic.ca\/olympique\/wp-content\/uploads\/sites\/2\/2024\/11\/Screenshot-2024-11-19-at-4.55.17\u202fPM.png 857w, https:\/\/develop.olympic.ca\/olympique\/wp-content\/uploads\/sites\/2\/2024\/11\/Screenshot-2024-11-19-at-4.55.17\u202fPM.png?resize=280,158 280w, https:\/\/develop.olympic.ca\/olympique\/wp-content\/uploads\/sites\/2\/2024\/11\/Screenshot-2024-11-19-at-4.55.17\u202fPM.png?resize=658,371 658w, https:\/\/develop.olympic.ca\/olympique\/wp-content\/uploads\/sites\/2\/2024\/11\/Screenshot-2024-11-19-at-4.55.17\u202fPM.png?resize=768,433 768w\" sizes=\"(max-width: 857px) 100vw, 857px\" \/><\/figure>\n\n\n\n<p class=\"wp-block-paragraph\">Alexandria Loutitt, sauteuse \u00e0 ski d\u2019\u00c9quipe Canada, participe \u00e0 l\u2019\u00e9preuve par \u00e9quipes mixtes aux Jeux olympiques d\u2019hiver de Beijing 2022, lundi 7 f\u00e9vrier 2022. Photo par Mark Blinch\/COC<\/p>\n\n\n\n<p class=\"wp-block-paragraph\">\u00ab J\u2019ai une expression avec mon entra\u00eeneur, qui est un peu une blague, mais on dit : \u00ab\u00a0On prom\u00e8ne juste le chien !\u00a0\u00bb. Vous savez, c\u2019est une mani\u00e8re de rester d\u00e9tendue. C\u2019est comme si vous aviez la m\u00eame attitude que lorsque vous sortez le chien \u00bb, a expliqu\u00e9 Loutitt.<\/p>\n\n\n\n<p class=\"wp-block-paragraph\">Strate est d\u2019accord pour dire qu\u2019un facteur cl\u00e9 du succ\u00e8s en saut \u00e0 ski est l\u2019aspect mental.<\/p>\n\n\n\n<p class=\"wp-block-paragraph\">\u00ab On dit souvent que le saut, c\u2019est 80 % mental et 20 % physique \u00bb, a-t-elle d\u00e9clar\u00e9. \u00ab Il n\u2019y a pas grand-chose que nous puissions faire physiquement, \u00e0 part \u00eatre en forme en g\u00e9n\u00e9ral, \u00eatre l\u00e9g\u00e8res et avoir des jambes fortes. Mais surtout, il faut \u00eatre capable d\u2019utiliser sa t\u00eate quand on est l\u00e0-haut. \u00bb<\/p>\n\n\n\n<p class=\"wp-block-paragraph\">La saison derni\u00e8re, Strate a clairement exp\u00e9riment\u00e9 ce que c\u2019est que d\u2019atteindre cet \u00e9tat de fluidit\u00e9, en d\u00e9crochant trois podiums cons\u00e9cutifs en Coupe du monde de la FIS, \u00e0 Garmisch-Partenkirchen, Oberstdorf et Villach.<\/p>\n\n\n\n<p class=\"wp-block-paragraph\">\u00ab J\u2019\u00e9tais dans la zone. C\u2019\u00e9tait la chose la plus cool de ma vie \u00bb, a d\u00e9clar\u00e9 Strate. \u00ab Je ne veux rien de plus que retrouver cette sensation au d\u00e9but de la saison et tout au long de celle-ci.<\/p>\n\n\n\n<p class=\"wp-block-paragraph\">\u00ab Je suis tellement heureuse d\u2019avoir eu cette petite s\u00e9rie, car cela me motive \u00e0 vouloir revivre cela dans les prochaines ann\u00e9es, surtout avec les Jeux olympiques qui approchent. \u00bb<\/p>\n\n\n\n<figure class=\"wp-block-image size-full\"><img loading=\"lazy\" decoding=\"async\" width=\"966\" height=\"641\" src=\"https:\/\/develop.olympic.ca\/olympique\/wp-content\/uploads\/sites\/2\/2024\/11\/Screenshot-2024-11-19-at-4.55.26\u202fPM.png\" alt=\"\" class=\"wp-image-256236\" srcset=\"https:\/\/develop.olympic.ca\/olympique\/wp-content\/uploads\/sites\/2\/2024\/11\/Screenshot-2024-11-19-at-4.55.26\u202fPM.png 966w, https:\/\/develop.olympic.ca\/olympique\/wp-content\/uploads\/sites\/2\/2024\/11\/Screenshot-2024-11-19-at-4.55.26\u202fPM.png?resize=238,158 238w, https:\/\/develop.olympic.ca\/olympique\/wp-content\/uploads\/sites\/2\/2024\/11\/Screenshot-2024-11-19-at-4.55.26\u202fPM.png?resize=559,371 559w, https:\/\/develop.olympic.ca\/olympique\/wp-content\/uploads\/sites\/2\/2024\/11\/Screenshot-2024-11-19-at-4.55.26\u202fPM.png?resize=768,510 768w\" sizes=\"(max-width: 966px) 100vw, 966px\" \/><\/figure>\n\n\n\n<p class=\"wp-block-paragraph\">Abigail Strate, du Canada, c\u00e9l\u00e8bre sa troisi\u00e8me place au tremplin normal f\u00e9minin lors de l\u2019\u00e9preuve de Coupe du monde de saut \u00e0 ski \u00e0 Villach, en Autriche, mercredi 3 janvier 2024. (AP Photo\/Darko Bandic)<\/p>\n\n\n\n<p class=\"wp-block-paragraph\">Loutitt et Strate entament toutes deux cette saison avec de grands espoirs. Pour Loutitt, c\u2019est la premi\u00e8re saison o\u00f9 elle commence en \u00e9tant en bonne sant\u00e9, sans r\u00e9\u00e9ducation \u00e0 faire, ce qui lui a permis de faire de grands progr\u00e8s \u00e0 l\u2019entra\u00eenement. Elle est surtout impatiente de montrer le travail qu\u2019elle a accompli dans une soufflerie cet \u00e9t\u00e9, un \u00e9quipement sp\u00e9cialis\u00e9 qui permet de s\u2019entra\u00eener \u00e0 la phase de vol d\u2019un saut.<\/p>\n\n\n\n<p class=\"wp-block-paragraph\">Le vol a \u00e9galement \u00e9t\u00e9 un axe d\u2019entra\u00eenement pour Strate. Les atterrissages ont \u00e9t\u00e9 un point d\u2019attention pour toute l\u2019\u00e9quipe, car c\u2019est dans ce domaine que les Canadiens perdent souvent des points dans les \u00e9valuations.<\/p>\n\n\n\n<p class=\"wp-block-paragraph\">C\u2019est l\u2019une des choses que Loutitt explique le plus souvent \u00e0 propos de son sport\u2014qu\u2019il ne s\u2019agit pas seulement de sauter loin. Oui, la distance compte, mais il y a aussi cinq juges qui \u00e9valuent chaque saut pour le style et attribuent des points sur une \u00e9chelle de 0 \u00e0 20, en prenant en compte des \u00e9l\u00e9ments comme la position du corps en l\u2019air et \u00e0 l\u2019atterrissage. Les conditions ext\u00e9rieures, comme les vents de face ou les vents arri\u00e8re, peuvent \u00e9galement influencer les r\u00e9sultats.<\/p>\n\n\n\n<p class=\"wp-block-paragraph\">Loutitt doit aussi sourire quand on lui demande combien de flips elle peut faire (confondant le saut \u00e0 ski avec les sauts acrobatiques).<\/p>\n\n\n\n<p class=\"wp-block-paragraph\">\u00ab Litt\u00e9ralement, aucun. \u00bb<\/p>\n\n\n\n<p class=\"wp-block-paragraph\">\u00c9quipe Canada sera en action pour la premi\u00e8re \u00e9tape du circuit de la Coupe du monde de saut \u00e0 ski de la FIS \u00e0 Lillehammer, en Norv\u00e8ge, du 21 au 23 novembre. Consultez<a href=\"https:\/\/develop.olympic.ca\/olympique\/2024\/11\/20\/les-sauteurs-a-ski-les-fondeurs-et-les-biathletes-canadiens-se-preparent-pour-limportante-saison-2024-2025\/\"> l\u2019aper\u00e7u des sports nordiques d\u2019\u00c9quipe Canada<\/a> pour plus d\u2019\u00e9v\u00e9nements et d\u2019athl\u00e8tes \u00e0 surveiller.<\/p>\n","protected":false},"excerpt":{"rendered":"<p>Vous ne penseriez pas qu\u2019il y ait beaucoup d\u2019athl\u00e8tes canadiens qui se feraient reconna\u00eetre dans les rues de Bled, en&#8230;<\/p>\n","protected":false},"author":185434564,"featured_media":256237,"comment_status":"closed","ping_status":"closed","sticky":false,"template":"","format":"standard","meta":{"_acf_changed":false,"_crdt_document":"","_jetpack_memberships_contains_paid_content":false,"footnotes":""},"categories":[16085],"tags":[415985368,682162790,1104411,12670004],"post_format":"standard","sport":[181823548],"game":[682162406],"coauthors":[682165743],"class_list":["post-256233","post","type-post","status-publish","format-standard","has-post-thumbnail","hentry","category-nouvelles","tag-abigail-strate","tag-alexandria-loutitt","tag-equipe-canada","tag-saut-a-ski","sport-ski-saut-a-ski","game-milano-cortina-2026"],"acf":[],"yoast_head":"<!-- This site is optimized with the Yoast SEO plugin v27.3 - https:\/\/yoast.com\/product\/yoast-seo-wordpress\/ -->\n<title>Les sauteuses \u00e0 ski Abigail Strate et Alexandria Loutitt font d\u00e9coller leurs r\u00eaves - \u00c9quipe Canada | Site officiel de l&#039;\u00e9quipe olympique<\/title>\n<meta name=\"description\" content=\"Vous ne penseriez pas qu\u2019il y ait beaucoup d\u2019athl\u00e8tes canadiens qui se feraient reconna\u00eetre dans les rues de Bled, en Slov\u00e9nie, mais l\u2019Olympienne d\u2019\u00c9quipe Canada Alexandria Loutitt affirme que cela lui est d\u00e9j\u00e0 arriv\u00e9, gr\u00e2ce \u00e0 l\u2019enthousiasme de cette petite nation europ\u00e9enne pour le saut \u00e0 ski.\" \/>\n<meta name=\"robots\" content=\"index, follow, max-snippet:-1, max-image-preview:large, max-video-preview:-1\" \/>\n<link rel=\"canonical\" href=\"https:\/\/develop.olympic.ca\/olympique\/2024\/11\/20\/les-sauteuses-a-ski-abigail-strate-et-alexandria-loutitt-font-decoller-leurs-reves\/\" \/>\n<meta property=\"og:locale\" content=\"fr_FR\" \/>\n<meta property=\"og:type\" content=\"article\" \/>\n<meta property=\"og:title\" content=\"Les sauteuses \u00e0 ski Abigail Strate et Alexandria Loutitt font d\u00e9coller leurs r\u00eaves - \u00c9quipe Canada | Site officiel de l&#039;\u00e9quipe olympique\" \/>\n<meta property=\"og:description\" content=\"Vous ne penseriez pas qu\u2019il y ait beaucoup d\u2019athl\u00e8tes canadiens qui se feraient reconna\u00eetre dans les rues de Bled, en Slov\u00e9nie, mais l\u2019Olympienne d\u2019\u00c9quipe Canada Alexandria Loutitt affirme que cela lui est d\u00e9j\u00e0 arriv\u00e9, gr\u00e2ce \u00e0 l\u2019enthousiasme de cette petite nation europ\u00e9enne pour le saut \u00e0 ski.\" \/>\n<meta property=\"og:url\" content=\"https:\/\/develop.olympic.ca\/olympique\/2024\/11\/20\/les-sauteuses-a-ski-abigail-strate-et-alexandria-loutitt-font-decoller-leurs-reves\/\" \/>\n<meta property=\"og:site_name\" content=\"\u00c9quipe Canada | Site officiel de l&#039;\u00e9quipe olympique\" \/>\n<meta property=\"article:published_time\" content=\"2024-11-20T13:50:00+00:00\" \/>\n<meta property=\"article:modified_time\" content=\"2024-11-20T21:10:47+00:00\" \/>\n<meta name=\"author\" content=\"Caela Fenton\" \/>\n<meta name=\"twitter:card\" content=\"summary_large_image\" \/>\n<meta name=\"twitter:image\" content=\"https:\/\/develop.olympic.ca\/olympique\/wp-content\/uploads\/sites\/2\/2024\/11\/Feature-images-8-1.png\" \/>\n<meta name=\"twitter:label1\" content=\"Written by\" \/>\n\t<meta name=\"twitter:data1\" content=\"Caela Fenton\" \/>\n\t<meta name=\"twitter:label2\" content=\"Est. reading time\" \/>\n\t<meta name=\"twitter:data2\" content=\"7 minutes\" \/>\n<script type=\"application\/ld+json\" class=\"yoast-schema-graph\">{\"@context\":\"https:\\\/\\\/schema.org\",\"@graph\":[{\"@type\":\"Article\",\"@id\":\"https:\\\/\\\/develop.olympic.ca\\\/olympique\\\/2024\\\/11\\\/20\\\/les-sauteuses-a-ski-abigail-strate-et-alexandria-loutitt-font-decoller-leurs-reves\\\/#article\",\"isPartOf\":{\"@id\":\"https:\\\/\\\/develop.olympic.ca\\\/olympique\\\/2024\\\/11\\\/20\\\/les-sauteuses-a-ski-abigail-strate-et-alexandria-loutitt-font-decoller-leurs-reves\\\/\"},\"author\":{\"name\":\"apepper\",\"@id\":\"https:\\\/\\\/develop.olympic.ca\\\/olympique\\\/#\\\/schema\\\/person\\\/5481c33a1300f38fa75aa9cef9d6e3de\"},\"headline\":\"Les sauteuses \u00e0 ski Abigail Strate et Alexandria Loutitt font d\u00e9coller leurs r\u00eaves\",\"datePublished\":\"2024-11-20T13:50:00+00:00\",\"dateModified\":\"2024-11-20T21:10:47+00:00\",\"mainEntityOfPage\":{\"@id\":\"https:\\\/\\\/develop.olympic.ca\\\/olympique\\\/2024\\\/11\\\/20\\\/les-sauteuses-a-ski-abigail-strate-et-alexandria-loutitt-font-decoller-leurs-reves\\\/\"},\"wordCount\":1312,\"image\":{\"@id\":\"https:\\\/\\\/develop.olympic.ca\\\/olympique\\\/2024\\\/11\\\/20\\\/les-sauteuses-a-ski-abigail-strate-et-alexandria-loutitt-font-decoller-leurs-reves\\\/#primaryimage\"},\"thumbnailUrl\":\"https:\\\/\\\/develop.olympic.ca\\\/olympique\\\/wp-content\\\/uploads\\\/sites\\\/2\\\/2024\\\/11\\\/Feature-images-8-1.png\",\"keywords\":[\"Abigail Strate\",\"Alexandria Loutitt\",\"\u00c9quipe canada\",\"saut \u00e0 ski\"],\"articleSection\":[\"Nouvelles\"],\"inLanguage\":\"fr-FR\"},{\"@type\":\"WebPage\",\"@id\":\"https:\\\/\\\/develop.olympic.ca\\\/olympique\\\/2024\\\/11\\\/20\\\/les-sauteuses-a-ski-abigail-strate-et-alexandria-loutitt-font-decoller-leurs-reves\\\/\",\"url\":\"https:\\\/\\\/develop.olympic.ca\\\/olympique\\\/2024\\\/11\\\/20\\\/les-sauteuses-a-ski-abigail-strate-et-alexandria-loutitt-font-decoller-leurs-reves\\\/\",\"name\":\"Les sauteuses \u00e0 ski Abigail Strate et Alexandria Loutitt font d\u00e9coller leurs r\u00eaves - \u00c9quipe Canada | Site officiel de l&#039;\u00e9quipe olympique\",\"isPartOf\":{\"@id\":\"https:\\\/\\\/develop.olympic.ca\\\/olympique\\\/#website\"},\"primaryImageOfPage\":{\"@id\":\"https:\\\/\\\/develop.olympic.ca\\\/olympique\\\/2024\\\/11\\\/20\\\/les-sauteuses-a-ski-abigail-strate-et-alexandria-loutitt-font-decoller-leurs-reves\\\/#primaryimage\"},\"image\":{\"@id\":\"https:\\\/\\\/develop.olympic.ca\\\/olympique\\\/2024\\\/11\\\/20\\\/les-sauteuses-a-ski-abigail-strate-et-alexandria-loutitt-font-decoller-leurs-reves\\\/#primaryimage\"},\"thumbnailUrl\":\"https:\\\/\\\/develop.olympic.ca\\\/olympique\\\/wp-content\\\/uploads\\\/sites\\\/2\\\/2024\\\/11\\\/Feature-images-8-1.png\",\"datePublished\":\"2024-11-20T13:50:00+00:00\",\"dateModified\":\"2024-11-20T21:10:47+00:00\",\"author\":{\"@id\":\"https:\\\/\\\/develop.olympic.ca\\\/olympique\\\/#\\\/schema\\\/person\\\/5481c33a1300f38fa75aa9cef9d6e3de\"},\"description\":\"Vous ne penseriez pas qu\u2019il y ait beaucoup d\u2019athl\u00e8tes canadiens qui se feraient reconna\u00eetre dans les rues de Bled, en Slov\u00e9nie, mais l\u2019Olympienne d\u2019\u00c9quipe Canada Alexandria Loutitt affirme que cela lui est d\u00e9j\u00e0 arriv\u00e9, gr\u00e2ce \u00e0 l\u2019enthousiasme de cette petite nation europ\u00e9enne pour le saut \u00e0 ski.\",\"inLanguage\":\"fr-FR\",\"potentialAction\":[{\"@type\":\"ReadAction\",\"target\":[\"https:\\\/\\\/develop.olympic.ca\\\/olympique\\\/2024\\\/11\\\/20\\\/les-sauteuses-a-ski-abigail-strate-et-alexandria-loutitt-font-decoller-leurs-reves\\\/\"]}]},{\"@type\":\"ImageObject\",\"inLanguage\":\"fr-FR\",\"@id\":\"https:\\\/\\\/develop.olympic.ca\\\/olympique\\\/2024\\\/11\\\/20\\\/les-sauteuses-a-ski-abigail-strate-et-alexandria-loutitt-font-decoller-leurs-reves\\\/#primaryimage\",\"url\":\"https:\\\/\\\/develop.olympic.ca\\\/olympique\\\/wp-content\\\/uploads\\\/sites\\\/2\\\/2024\\\/11\\\/Feature-images-8-1.png\",\"contentUrl\":\"https:\\\/\\\/develop.olympic.ca\\\/olympique\\\/wp-content\\\/uploads\\\/sites\\\/2\\\/2024\\\/11\\\/Feature-images-8-1.png\",\"width\":2160,\"height\":1220},{\"@type\":\"WebSite\",\"@id\":\"https:\\\/\\\/develop.olympic.ca\\\/olympique\\\/#website\",\"url\":\"https:\\\/\\\/develop.olympic.ca\\\/olympique\\\/\",\"name\":\"\u00c9quipe Canada | Site officiel de l&#039;\u00e9quipe olympique\",\"description\":\"Votre source pour l\u2019\u00c9quipe olympique canadienne. Retrouvez les r\u00e9cits, vid\u00e9os et photos des athl\u00e8tes canadiens, sports olympiques, Jeux olympiques de 2020 et bien plus!\",\"potentialAction\":[{\"@type\":\"SearchAction\",\"target\":{\"@type\":\"EntryPoint\",\"urlTemplate\":\"https:\\\/\\\/develop.olympic.ca\\\/olympique\\\/?s={search_term_string}\"},\"query-input\":{\"@type\":\"PropertyValueSpecification\",\"valueRequired\":true,\"valueName\":\"search_term_string\"}}],\"inLanguage\":\"fr-FR\"},{\"@type\":\"Person\",\"@id\":\"https:\\\/\\\/develop.olympic.ca\\\/olympique\\\/#\\\/schema\\\/person\\\/5481c33a1300f38fa75aa9cef9d6e3de\",\"name\":\"apepper\",\"image\":{\"@type\":\"ImageObject\",\"inLanguage\":\"fr-FR\",\"@id\":\"https:\\\/\\\/secure.gravatar.com\\\/avatar\\\/8a298747a0c0db606d68139a2d94d09933ddfa5d3be6c97a2a72ad5126cf9248?s=96&d=identicon&r=g4ad1f5f61f2517154dbb00a6c19aed36\",\"url\":\"https:\\\/\\\/secure.gravatar.com\\\/avatar\\\/8a298747a0c0db606d68139a2d94d09933ddfa5d3be6c97a2a72ad5126cf9248?s=96&d=identicon&r=g\",\"contentUrl\":\"https:\\\/\\\/secure.gravatar.com\\\/avatar\\\/8a298747a0c0db606d68139a2d94d09933ddfa5d3be6c97a2a72ad5126cf9248?s=96&d=identicon&r=g\",\"caption\":\"apepper\"},\"url\":\"https:\\\/\\\/develop.olympic.ca\\\/olympique\\\/author\\\/apepper\\\/\"}]}<\/script>\n<!-- \/ Yoast SEO plugin. -->","yoast_head_json":{"title":"Les sauteuses \u00e0 ski Abigail Strate et Alexandria Loutitt font d\u00e9coller leurs r\u00eaves - \u00c9quipe Canada | Site officiel de l&#039;\u00e9quipe olympique","description":"Vous ne penseriez pas qu\u2019il y ait beaucoup d\u2019athl\u00e8tes canadiens qui se feraient reconna\u00eetre dans les rues de Bled, en Slov\u00e9nie, mais l\u2019Olympienne d\u2019\u00c9quipe Canada Alexandria Loutitt affirme que cela lui est d\u00e9j\u00e0 arriv\u00e9, gr\u00e2ce \u00e0 l\u2019enthousiasme de cette petite nation europ\u00e9enne pour le saut \u00e0 ski.","robots":{"index":"index","follow":"follow","max-snippet":"max-snippet:-1","max-image-preview":"max-image-preview:large","max-video-preview":"max-video-preview:-1"},"canonical":"https:\/\/develop.olympic.ca\/olympique\/2024\/11\/20\/les-sauteuses-a-ski-abigail-strate-et-alexandria-loutitt-font-decoller-leurs-reves\/","og_locale":"fr_FR","og_type":"article","og_title":"Les sauteuses \u00e0 ski Abigail Strate et Alexandria Loutitt font d\u00e9coller leurs r\u00eaves - \u00c9quipe Canada | Site officiel de l&#039;\u00e9quipe olympique","og_description":"Vous ne penseriez pas qu\u2019il y ait beaucoup d\u2019athl\u00e8tes canadiens qui se feraient reconna\u00eetre dans les rues de Bled, en Slov\u00e9nie, mais l\u2019Olympienne d\u2019\u00c9quipe Canada Alexandria Loutitt affirme que cela lui est d\u00e9j\u00e0 arriv\u00e9, gr\u00e2ce \u00e0 l\u2019enthousiasme de cette petite nation europ\u00e9enne pour le saut \u00e0 ski.","og_url":"https:\/\/develop.olympic.ca\/olympique\/2024\/11\/20\/les-sauteuses-a-ski-abigail-strate-et-alexandria-loutitt-font-decoller-leurs-reves\/","og_site_name":"\u00c9quipe Canada | Site officiel de l&#039;\u00e9quipe olympique","article_published_time":"2024-11-20T13:50:00+00:00","article_modified_time":"2024-11-20T21:10:47+00:00","author":"Caela Fenton","twitter_card":"summary_large_image","twitter_image":"https:\/\/develop.olympic.ca\/olympique\/wp-content\/uploads\/sites\/2\/2024\/11\/Feature-images-8-1.png","twitter_misc":{"Written by":"Caela Fenton","Est. reading time":"7 minutes"},"schema":{"@context":"https:\/\/schema.org","@graph":[{"@type":"Article","@id":"https:\/\/develop.olympic.ca\/olympique\/2024\/11\/20\/les-sauteuses-a-ski-abigail-strate-et-alexandria-loutitt-font-decoller-leurs-reves\/#article","isPartOf":{"@id":"https:\/\/develop.olympic.ca\/olympique\/2024\/11\/20\/les-sauteuses-a-ski-abigail-strate-et-alexandria-loutitt-font-decoller-leurs-reves\/"},"author":{"name":"apepper","@id":"https:\/\/develop.olympic.ca\/olympique\/#\/schema\/person\/5481c33a1300f38fa75aa9cef9d6e3de"},"headline":"Les sauteuses \u00e0 ski Abigail Strate et Alexandria Loutitt font d\u00e9coller leurs r\u00eaves","datePublished":"2024-11-20T13:50:00+00:00","dateModified":"2024-11-20T21:10:47+00:00","mainEntityOfPage":{"@id":"https:\/\/develop.olympic.ca\/olympique\/2024\/11\/20\/les-sauteuses-a-ski-abigail-strate-et-alexandria-loutitt-font-decoller-leurs-reves\/"},"wordCount":1312,"image":{"@id":"https:\/\/develop.olympic.ca\/olympique\/2024\/11\/20\/les-sauteuses-a-ski-abigail-strate-et-alexandria-loutitt-font-decoller-leurs-reves\/#primaryimage"},"thumbnailUrl":"https:\/\/develop.olympic.ca\/olympique\/wp-content\/uploads\/sites\/2\/2024\/11\/Feature-images-8-1.png","keywords":["Abigail Strate","Alexandria Loutitt","\u00c9quipe canada","saut \u00e0 ski"],"articleSection":["Nouvelles"],"inLanguage":"fr-FR"},{"@type":"WebPage","@id":"https:\/\/develop.olympic.ca\/olympique\/2024\/11\/20\/les-sauteuses-a-ski-abigail-strate-et-alexandria-loutitt-font-decoller-leurs-reves\/","url":"https:\/\/develop.olympic.ca\/olympique\/2024\/11\/20\/les-sauteuses-a-ski-abigail-strate-et-alexandria-loutitt-font-decoller-leurs-reves\/","name":"Les sauteuses \u00e0 ski Abigail Strate et Alexandria Loutitt font d\u00e9coller leurs r\u00eaves - \u00c9quipe Canada | Site officiel de l&#039;\u00e9quipe olympique","isPartOf":{"@id":"https:\/\/develop.olympic.ca\/olympique\/#website"},"primaryImageOfPage":{"@id":"https:\/\/develop.olympic.ca\/olympique\/2024\/11\/20\/les-sauteuses-a-ski-abigail-strate-et-alexandria-loutitt-font-decoller-leurs-reves\/#primaryimage"},"image":{"@id":"https:\/\/develop.olympic.ca\/olympique\/2024\/11\/20\/les-sauteuses-a-ski-abigail-strate-et-alexandria-loutitt-font-decoller-leurs-reves\/#primaryimage"},"thumbnailUrl":"https:\/\/develop.olympic.ca\/olympique\/wp-content\/uploads\/sites\/2\/2024\/11\/Feature-images-8-1.png","datePublished":"2024-11-20T13:50:00+00:00","dateModified":"2024-11-20T21:10:47+00:00","author":{"@id":"https:\/\/develop.olympic.ca\/olympique\/#\/schema\/person\/5481c33a1300f38fa75aa9cef9d6e3de"},"description":"Vous ne penseriez pas qu\u2019il y ait beaucoup d\u2019athl\u00e8tes canadiens qui se feraient reconna\u00eetre dans les rues de Bled, en Slov\u00e9nie, mais l\u2019Olympienne d\u2019\u00c9quipe Canada Alexandria Loutitt affirme que cela lui est d\u00e9j\u00e0 arriv\u00e9, gr\u00e2ce \u00e0 l\u2019enthousiasme de cette petite nation europ\u00e9enne pour le saut \u00e0 ski.","inLanguage":"fr-FR","potentialAction":[{"@type":"ReadAction","target":["https:\/\/develop.olympic.ca\/olympique\/2024\/11\/20\/les-sauteuses-a-ski-abigail-strate-et-alexandria-loutitt-font-decoller-leurs-reves\/"]}]},{"@type":"ImageObject","inLanguage":"fr-FR","@id":"https:\/\/develop.olympic.ca\/olympique\/2024\/11\/20\/les-sauteuses-a-ski-abigail-strate-et-alexandria-loutitt-font-decoller-leurs-reves\/#primaryimage","url":"https:\/\/develop.olympic.ca\/olympique\/wp-content\/uploads\/sites\/2\/2024\/11\/Feature-images-8-1.png","contentUrl":"https:\/\/develop.olympic.ca\/olympique\/wp-content\/uploads\/sites\/2\/2024\/11\/Feature-images-8-1.png","width":2160,"height":1220},{"@type":"WebSite","@id":"https:\/\/develop.olympic.ca\/olympique\/#website","url":"https:\/\/develop.olympic.ca\/olympique\/","name":"\u00c9quipe Canada | Site officiel de l&#039;\u00e9quipe olympique","description":"Votre source pour l\u2019\u00c9quipe olympique canadienne. Retrouvez les r\u00e9cits, vid\u00e9os et photos des athl\u00e8tes canadiens, sports olympiques, Jeux olympiques de 2020 et bien plus!","potentialAction":[{"@type":"SearchAction","target":{"@type":"EntryPoint","urlTemplate":"https:\/\/develop.olympic.ca\/olympique\/?s={search_term_string}"},"query-input":{"@type":"PropertyValueSpecification","valueRequired":true,"valueName":"search_term_string"}}],"inLanguage":"fr-FR"},{"@type":"Person","@id":"https:\/\/develop.olympic.ca\/olympique\/#\/schema\/person\/5481c33a1300f38fa75aa9cef9d6e3de","name":"apepper","image":{"@type":"ImageObject","inLanguage":"fr-FR","@id":"https:\/\/secure.gravatar.com\/avatar\/8a298747a0c0db606d68139a2d94d09933ddfa5d3be6c97a2a72ad5126cf9248?s=96&d=identicon&r=g4ad1f5f61f2517154dbb00a6c19aed36","url":"https:\/\/secure.gravatar.com\/avatar\/8a298747a0c0db606d68139a2d94d09933ddfa5d3be6c97a2a72ad5126cf9248?s=96&d=identicon&r=g","contentUrl":"https:\/\/secure.gravatar.com\/avatar\/8a298747a0c0db606d68139a2d94d09933ddfa5d3be6c97a2a72ad5126cf9248?s=96&d=identicon&r=g","caption":"apepper"},"url":"https:\/\/develop.olympic.ca\/olympique\/author\/apepper\/"}]}},"jetpack_featured_media_url":"https:\/\/develop.olympic.ca\/olympique\/wp-content\/uploads\/sites\/2\/2024\/11\/Feature-images-8-1.png","featured_image_url":"https:\/\/develop.olympic.ca\/olympique\/wp-content\/uploads\/sites\/2\/2024\/11\/Feature-images-8-1.png","author_name":["Caela Fenton"],"category_names":["Nouvelles"],"tag_names":["Abigail Strate","Alexandria Loutitt","\u00c9quipe canada","saut \u00e0 ski"],"video_embed_code":"","facebook_video_embed_code":"","jetpack_sharing_enabled":true,"jetpack-related-posts":[],"jetpack_shortlink":"https:\/\/wp.me\/pbmyEP-14EN","_links":{"self":[{"href":"https:\/\/develop.olympic.ca\/olympique\/wp-json\/wp\/v2\/posts\/256233","targetHints":{"allow":["GET"]}}],"collection":[{"href":"https:\/\/develop.olympic.ca\/olympique\/wp-json\/wp\/v2\/posts"}],"about":[{"href":"https:\/\/develop.olympic.ca\/olympique\/wp-json\/wp\/v2\/types\/post"}],"author":[{"embeddable":true,"href":"https:\/\/develop.olympic.ca\/olympique\/wp-json\/wp\/v2\/users\/185434564"}],"replies":[{"embeddable":true,"href":"https:\/\/develop.olympic.ca\/olympique\/wp-json\/wp\/v2\/comments?post=256233"}],"version-history":[{"count":3,"href":"https:\/\/develop.olympic.ca\/olympique\/wp-json\/wp\/v2\/posts\/256233\/revisions"}],"predecessor-version":[{"id":256277,"href":"https:\/\/develop.olympic.ca\/olympique\/wp-json\/wp\/v2\/posts\/256233\/revisions\/256277"}],"wp:featuredmedia":[{"embeddable":true,"href":"https:\/\/develop.olympic.ca\/olympique\/wp-json\/wp\/v2\/media\/256237"}],"wp:attachment":[{"href":"https:\/\/develop.olympic.ca\/olympique\/wp-json\/wp\/v2\/media?parent=256233"}],"wp:term":[{"taxonomy":"category","embeddable":true,"href":"https:\/\/develop.olympic.ca\/olympique\/wp-json\/wp\/v2\/categories?post=256233"},{"taxonomy":"post_tag","embeddable":true,"href":"https:\/\/develop.olympic.ca\/olympique\/wp-json\/wp\/v2\/tags?post=256233"},{"taxonomy":"post_format","embeddable":true,"href":"https:\/\/develop.olympic.ca\/olympique\/wp-json\/wp\/v2\/post_format?post=256233"},{"taxonomy":"sport","embeddable":true,"href":"https:\/\/develop.olympic.ca\/olympique\/wp-json\/wp\/v2\/sport?post=256233"},{"taxonomy":"game","embeddable":true,"href":"https:\/\/develop.olympic.ca\/olympique\/wp-json\/wp\/v2\/game?post=256233"},{"taxonomy":"author","embeddable":true,"href":"https:\/\/develop.olympic.ca\/olympique\/wp-json\/wp\/v2\/coauthors?post=256233"}],"curies":[{"name":"wp","href":"https:\/\/api.w.org\/{rel}","templated":true}]}}