{"id":2946,"date":"2009-08-31T12:38:45","date_gmt":"2009-08-31T16:38:45","guid":{"rendered":"http:\/\/develop.olympic.ca\/?p=2946"},"modified":"2013-08-01T01:08:19","modified_gmt":"2013-08-01T01:08:19","slug":"presentation-du-sud-de-lontario-pour-les-jeux-panamericains-de-2015","status":"publish","type":"post","link":"https:\/\/develop.olympic.ca\/olympique\/2009\/08\/31\/presentation-du-sud-de-lontario-pour-les-jeux-panamericains-de-2015\/","title":{"rendered":"Pr\u00e9sentation du sud de l\u2019Ontario pour les Jeux panam\u00e9ricains de 2015"},"content":{"rendered":"<p><strong>Les officiels inspectent les d\u00e9tails de la candidature de Toronto et de la r\u00e9gion \u00e9largie du Golden Horseshoe <\/strong><\/p>\n<p>Dans six ans, les Jeux panam\u00e9ricains se tiendront soit \u00e0 Lima, soit \u00e0 Bogota ou \u00e0 Toronto. Hier, les organisateurs de la candidature de Toronto 2015 se sont affair\u00e9s \u00e0 convaincre les d\u00e9cideurs que le sud de l\u2019Ontario serait un h\u00f4te id\u00e9al pour le plus grand \u00e9v\u00e9nement sportif organis\u00e9 seulement dans cet h\u00e9misph\u00e8re.<\/p>\n<p>\u00c0 quelques mois de la d\u00e9cision finale, la Commission d\u2019\u00e9valuation de l\u2019Organisation sportive panam\u00e9ricaine (OSP) a \u00e9t\u00e9 invit\u00e9e pour \u00e9valuer les \u00e9l\u00e9ments de la candidature de Toronto 2015; elle fera \u00e9galement rapport de ses conclusions \u00e0 l\u2019OSP.<\/p>\n<p>Les Jeux panam\u00e9ricains se tiennent tous les quatre ans. Les athl\u00e8tes de 42 nations de l\u2019Am\u00e9rique du Nord, de l\u2019Am\u00e9rique du Sud, de l\u2019Am\u00e9rique centrale et de l\u2019Am\u00e9rique latine concourent dans tous les sports olympiques, ainsi que dans d\u2019autres sports qui ne font pas partie du programme olympique. (Cette liste comprend le baseball, le softball, le ski nautique\/la planche nautique, le squash, le karat\u00e9, les sports \u00e0 roulettes et le jeu des dix quilles.) La candidature de l\u2019Ontario s\u2019\u00e9tend \u00e0 la r\u00e9gion \u00e9largie du Golden Horseshoe et constitue une candidature solide qui mettra en valeur la diversit\u00e9 de Toronto, les installations sportives existantes et nouvelles installations, comme un stade d\u2019athl\u00e9tisme et un v\u00e9lodrome \u00e0 Hamilton.<\/p>\n<p>Dimanche, apr\u00e8s un d\u00e9jeuner au Restaurant 360 de la Tour CN, les officiels de l\u2019OSP ont visit\u00e9 l\u2019emplacement futur du nouvel Institut sportif canadien de l\u2019Ontario et le nouveau Centre aquatique de pointe de l\u2019Universit\u00e9 de Toronto au campus de Scarborough, le Palais des congr\u00e8s du Toronto m\u00e9tropolitain (propos\u00e9 pour les m\u00e9dias et les radiodiffuseurs),  le Centre Rexall de l\u2019Universit\u00e9 York et le Centre Hershey \u00e0 Mississauga.<\/p>\n<p>La Commission a \u00e9galement visit\u00e9 l\u2019emplacement de ce qui sera le Village des athl\u00e8tes, soit les West Don Lands dans le secteur riverain de Toronto. Le village h\u00e9bergera pr\u00e8s de 8500 athl\u00e8tes dans cette r\u00e9gion centrale proche de tous les sites importants, des parcs, du transport, du commerce de d\u00e9tail ainsi que des installations d\u2019entra\u00eenement et des installations m\u00e9dicales. La candidature est ax\u00e9e sur l\u2019h\u00e9ritage des Jeux, et ce Village s\u2019int\u00e9grera aux nouvelles maisons et aux nouveaux commerces de la nouvelle communaut\u00e9 planifi\u00e9e pour cette r\u00e9gion.<\/p>\n<p>Dimanche, les officiels ont \u00e9galement rencontr\u00e9 trois des meilleurs athl\u00e8tes pass\u00e9s et pr\u00e9sents des sports d\u2019\u00e9t\u00e9 du Canada : Alex Baumann (double m\u00e9daill\u00e9 d\u2019or olympique en natation en 1984), Carol Huynh (m\u00e9daill\u00e9e d\u2019or olympique en lutte en 2008) et Jonathan Powers (ancien num\u00e9ro un mondial en squash et m\u00e9daill\u00e9 d\u2019argent des Jeux panam\u00e9ricains de 1995). Ils \u00e9taient en vedette dans les pr\u00e9sentations de dimanche.<\/p>\n<p>La visite des officiels de l\u2019OSP se poursuit aujourd\u2019hui, \u00e9galement par h\u00e9licopt\u00e8re, notamment au site propos\u00e9 pour le stade d\u2019athl\u00e9tisme \u00e0 Hamilton, au site de l\u2019Universit\u00e9 McMaster, \u00e0 l\u2019installation de cano\u00eb-kayak \u00e0 Welland et \u00e0 l\u2019\u00e9tang Martindale \u00e0 St. Catharines. La visite sera couronn\u00e9e par les principaux stades du centre-ville de Toronto ainsi que le Stade Varsity (o\u00f9 Usain Bolt a r\u00e9cemment attir\u00e9 une foule de partisans pour le Festival de l\u2019excellence).<\/p>\n<p>Les Jeux panam\u00e9ricains favoriseront le d\u00e9veloppement sportif et communautaire et stimuleront l\u2019\u00e9conomie locale. On s\u2019attend \u00e0 ce que l\u2019OSP rende sa d\u00e9cision au d\u00e9but de novembre. <\/p>\n","protected":false},"excerpt":{"rendered":"<p>Les officiels inspectent les d\u00e9tails de la candidature de Toronto et de la r\u00e9gion \u00e9largie du Golden Horseshoe Dans six&#8230;<\/p>\n","protected":false},"author":47562643,"featured_media":2944,"comment_status":"open","ping_status":"open","sticky":false,"template":"","format":"standard","meta":{"_acf_changed":false,"_crdt_document":"","_jetpack_memberships_contains_paid_content":false,"footnotes":""},"categories":[707890],"tags":[],"post_format":"standard","sport":[],"game":[],"coauthors":[186127234],"class_list":["post-2946","post","type-post","status-publish","format-standard","has-post-thumbnail","hentry","category-comite"],"acf":[],"yoast_head":"<!-- This site is optimized with the Yoast SEO plugin v27.3 - https:\/\/yoast.com\/product\/yoast-seo-wordpress\/ -->\n<title>Pr\u00e9sentation du sud de l\u2019Ontario pour les Jeux panam\u00e9ricains de 2015  - \u00c9quipe Canada | Site officiel de l&#039;\u00e9quipe olympique<\/title>\n<meta name=\"robots\" content=\"index, follow, max-snippet:-1, max-image-preview:large, max-video-preview:-1\" \/>\n<link rel=\"canonical\" href=\"https:\/\/develop.olympic.ca\/olympique\/2009\/08\/31\/presentation-du-sud-de-lontario-pour-les-jeux-panamericains-de-2015\/\" \/>\n<meta property=\"og:locale\" content=\"fr_FR\" \/>\n<meta property=\"og:type\" content=\"article\" \/>\n<meta property=\"og:title\" content=\"Pr\u00e9sentation du sud de l\u2019Ontario pour les Jeux panam\u00e9ricains de 2015  - \u00c9quipe Canada | Site officiel de l&#039;\u00e9quipe olympique\" \/>\n<meta property=\"og:description\" content=\"Les officiels inspectent les d\u00e9tails de la candidature de Toronto et de la r\u00e9gion \u00e9largie du Golden Horseshoe Dans six...\" \/>\n<meta property=\"og:url\" content=\"https:\/\/develop.olympic.ca\/olympique\/2009\/08\/31\/presentation-du-sud-de-lontario-pour-les-jeux-panamericains-de-2015\/\" \/>\n<meta property=\"og:site_name\" content=\"\u00c9quipe Canada | Site officiel de l&#039;\u00e9quipe olympique\" \/>\n<meta property=\"article:published_time\" content=\"2009-08-31T16:38:45+00:00\" \/>\n<meta property=\"article:modified_time\" content=\"2013-08-01T01:08:19+00:00\" \/>\n<meta property=\"og:image\" content=\"https:\/\/develop.olympic.ca\/olympique\/wp-content\/uploads\/sites\/2\/2011\/08\/2015-village6.jpg?quality=100\" \/>\n\t<meta property=\"og:image:width\" content=\"2165\" \/>\n\t<meta property=\"og:image:height\" content=\"1200\" \/>\n\t<meta property=\"og:image:type\" content=\"image\/jpeg\" \/>\n<meta name=\"author\" content=\"Comit\u00e9 olympique canadien\" \/>\n<meta name=\"twitter:card\" content=\"summary_large_image\" \/>\n<meta name=\"twitter:label1\" content=\"Written by\" \/>\n\t<meta name=\"twitter:data1\" content=\"Comit\u00e9 olympique canadien\" \/>\n\t<meta name=\"twitter:label2\" content=\"Est. reading time\" \/>\n\t<meta name=\"twitter:data2\" content=\"3 minutes\" \/>\n<script type=\"application\/ld+json\" class=\"yoast-schema-graph\">{\"@context\":\"https:\\\/\\\/schema.org\",\"@graph\":[{\"@type\":\"Article\",\"@id\":\"https:\\\/\\\/develop.olympic.ca\\\/olympique\\\/2009\\\/08\\\/31\\\/presentation-du-sud-de-lontario-pour-les-jeux-panamericains-de-2015\\\/#article\",\"isPartOf\":{\"@id\":\"https:\\\/\\\/develop.olympic.ca\\\/olympique\\\/2009\\\/08\\\/31\\\/presentation-du-sud-de-lontario-pour-les-jeux-panamericains-de-2015\\\/\"},\"author\":{\"name\":\"cdnolympicteam\",\"@id\":\"https:\\\/\\\/develop.olympic.ca\\\/olympique\\\/#\\\/schema\\\/person\\\/b88ab0bea250d933632a93e669b06e95\"},\"headline\":\"Pr\u00e9sentation du sud de l\u2019Ontario pour les Jeux panam\u00e9ricains de 2015\",\"datePublished\":\"2009-08-31T16:38:45+00:00\",\"dateModified\":\"2013-08-01T01:08:19+00:00\",\"mainEntityOfPage\":{\"@id\":\"https:\\\/\\\/develop.olympic.ca\\\/olympique\\\/2009\\\/08\\\/31\\\/presentation-du-sud-de-lontario-pour-les-jeux-panamericains-de-2015\\\/\"},\"wordCount\":623,\"commentCount\":0,\"image\":{\"@id\":\"https:\\\/\\\/develop.olympic.ca\\\/olympique\\\/2009\\\/08\\\/31\\\/presentation-du-sud-de-lontario-pour-les-jeux-panamericains-de-2015\\\/#primaryimage\"},\"thumbnailUrl\":\"https:\\\/\\\/develop.olympic.ca\\\/olympique\\\/wp-content\\\/uploads\\\/sites\\\/2\\\/2011\\\/08\\\/2015-village6.jpg?quality=100\",\"articleSection\":[\"Derni\u00e8res nouvelles\"],\"inLanguage\":\"fr-FR\",\"potentialAction\":[{\"@type\":\"CommentAction\",\"name\":\"Comment\",\"target\":[\"https:\\\/\\\/develop.olympic.ca\\\/olympique\\\/2009\\\/08\\\/31\\\/presentation-du-sud-de-lontario-pour-les-jeux-panamericains-de-2015\\\/#respond\"]}]},{\"@type\":\"WebPage\",\"@id\":\"https:\\\/\\\/develop.olympic.ca\\\/olympique\\\/2009\\\/08\\\/31\\\/presentation-du-sud-de-lontario-pour-les-jeux-panamericains-de-2015\\\/\",\"url\":\"https:\\\/\\\/develop.olympic.ca\\\/olympique\\\/2009\\\/08\\\/31\\\/presentation-du-sud-de-lontario-pour-les-jeux-panamericains-de-2015\\\/\",\"name\":\"Pr\u00e9sentation du sud de l\u2019Ontario pour les Jeux panam\u00e9ricains de 2015 - \u00c9quipe Canada | Site officiel de l&#039;\u00e9quipe olympique\",\"isPartOf\":{\"@id\":\"https:\\\/\\\/develop.olympic.ca\\\/olympique\\\/#website\"},\"primaryImageOfPage\":{\"@id\":\"https:\\\/\\\/develop.olympic.ca\\\/olympique\\\/2009\\\/08\\\/31\\\/presentation-du-sud-de-lontario-pour-les-jeux-panamericains-de-2015\\\/#primaryimage\"},\"image\":{\"@id\":\"https:\\\/\\\/develop.olympic.ca\\\/olympique\\\/2009\\\/08\\\/31\\\/presentation-du-sud-de-lontario-pour-les-jeux-panamericains-de-2015\\\/#primaryimage\"},\"thumbnailUrl\":\"https:\\\/\\\/develop.olympic.ca\\\/olympique\\\/wp-content\\\/uploads\\\/sites\\\/2\\\/2011\\\/08\\\/2015-village6.jpg?quality=100\",\"datePublished\":\"2009-08-31T16:38:45+00:00\",\"dateModified\":\"2013-08-01T01:08:19+00:00\",\"author\":{\"@id\":\"https:\\\/\\\/develop.olympic.ca\\\/olympique\\\/#\\\/schema\\\/person\\\/b88ab0bea250d933632a93e669b06e95\"},\"inLanguage\":\"fr-FR\",\"potentialAction\":[{\"@type\":\"ReadAction\",\"target\":[\"https:\\\/\\\/develop.olympic.ca\\\/olympique\\\/2009\\\/08\\\/31\\\/presentation-du-sud-de-lontario-pour-les-jeux-panamericains-de-2015\\\/\"]}]},{\"@type\":\"ImageObject\",\"inLanguage\":\"fr-FR\",\"@id\":\"https:\\\/\\\/develop.olympic.ca\\\/olympique\\\/2009\\\/08\\\/31\\\/presentation-du-sud-de-lontario-pour-les-jeux-panamericains-de-2015\\\/#primaryimage\",\"url\":\"https:\\\/\\\/develop.olympic.ca\\\/olympique\\\/wp-content\\\/uploads\\\/sites\\\/2\\\/2011\\\/08\\\/2015-village6.jpg?quality=100\",\"contentUrl\":\"https:\\\/\\\/develop.olympic.ca\\\/olympique\\\/wp-content\\\/uploads\\\/sites\\\/2\\\/2011\\\/08\\\/2015-village6.jpg?quality=100\",\"width\":2165,\"height\":1200},{\"@type\":\"WebSite\",\"@id\":\"https:\\\/\\\/develop.olympic.ca\\\/olympique\\\/#website\",\"url\":\"https:\\\/\\\/develop.olympic.ca\\\/olympique\\\/\",\"name\":\"\u00c9quipe Canada | Site officiel de l&#039;\u00e9quipe olympique\",\"description\":\"Votre source pour l\u2019\u00c9quipe olympique canadienne. Retrouvez les r\u00e9cits, vid\u00e9os et photos des athl\u00e8tes canadiens, sports olympiques, Jeux olympiques de 2020 et bien plus!\",\"potentialAction\":[{\"@type\":\"SearchAction\",\"target\":{\"@type\":\"EntryPoint\",\"urlTemplate\":\"https:\\\/\\\/develop.olympic.ca\\\/olympique\\\/?s={search_term_string}\"},\"query-input\":{\"@type\":\"PropertyValueSpecification\",\"valueRequired\":true,\"valueName\":\"search_term_string\"}}],\"inLanguage\":\"fr-FR\"},{\"@type\":\"Person\",\"@id\":\"https:\\\/\\\/develop.olympic.ca\\\/olympique\\\/#\\\/schema\\\/person\\\/b88ab0bea250d933632a93e669b06e95\",\"name\":\"cdnolympicteam\",\"image\":{\"@type\":\"ImageObject\",\"inLanguage\":\"fr-FR\",\"@id\":\"https:\\\/\\\/secure.gravatar.com\\\/avatar\\\/5ebf1554473077ab88cd1ec3372750991c09302ef58500182e331751d1f3473b?s=96&d=identicon&r=g7289394c1202ef020fcd9aad965e50f7\",\"url\":\"https:\\\/\\\/secure.gravatar.com\\\/avatar\\\/5ebf1554473077ab88cd1ec3372750991c09302ef58500182e331751d1f3473b?s=96&d=identicon&r=g\",\"contentUrl\":\"https:\\\/\\\/secure.gravatar.com\\\/avatar\\\/5ebf1554473077ab88cd1ec3372750991c09302ef58500182e331751d1f3473b?s=96&d=identicon&r=g\",\"caption\":\"cdnolympicteam\"},\"url\":\"https:\\\/\\\/develop.olympic.ca\\\/olympique\\\/author\\\/cdnolympicteam\\\/\"}]}<\/script>\n<!-- \/ Yoast SEO plugin. -->","yoast_head_json":{"title":"Pr\u00e9sentation du sud de l\u2019Ontario pour les Jeux panam\u00e9ricains de 2015  - \u00c9quipe Canada | Site officiel de l&#039;\u00e9quipe olympique","robots":{"index":"index","follow":"follow","max-snippet":"max-snippet:-1","max-image-preview":"max-image-preview:large","max-video-preview":"max-video-preview:-1"},"canonical":"https:\/\/develop.olympic.ca\/olympique\/2009\/08\/31\/presentation-du-sud-de-lontario-pour-les-jeux-panamericains-de-2015\/","og_locale":"fr_FR","og_type":"article","og_title":"Pr\u00e9sentation du sud de l\u2019Ontario pour les Jeux panam\u00e9ricains de 2015  - \u00c9quipe Canada | Site officiel de l&#039;\u00e9quipe olympique","og_description":"Les officiels inspectent les d\u00e9tails de la candidature de Toronto et de la r\u00e9gion \u00e9largie du Golden Horseshoe Dans six...","og_url":"https:\/\/develop.olympic.ca\/olympique\/2009\/08\/31\/presentation-du-sud-de-lontario-pour-les-jeux-panamericains-de-2015\/","og_site_name":"\u00c9quipe Canada | Site officiel de l&#039;\u00e9quipe olympique","article_published_time":"2009-08-31T16:38:45+00:00","article_modified_time":"2013-08-01T01:08:19+00:00","og_image":[{"width":2165,"height":1200,"url":"https:\/\/develop.olympic.ca\/olympique\/wp-content\/uploads\/sites\/2\/2011\/08\/2015-village6.jpg?quality=100","type":"image\/jpeg"}],"author":"Comit\u00e9 olympique canadien","twitter_card":"summary_large_image","twitter_misc":{"Written by":"Comit\u00e9 olympique canadien","Est. reading time":"3 minutes"},"schema":{"@context":"https:\/\/schema.org","@graph":[{"@type":"Article","@id":"https:\/\/develop.olympic.ca\/olympique\/2009\/08\/31\/presentation-du-sud-de-lontario-pour-les-jeux-panamericains-de-2015\/#article","isPartOf":{"@id":"https:\/\/develop.olympic.ca\/olympique\/2009\/08\/31\/presentation-du-sud-de-lontario-pour-les-jeux-panamericains-de-2015\/"},"author":{"name":"cdnolympicteam","@id":"https:\/\/develop.olympic.ca\/olympique\/#\/schema\/person\/b88ab0bea250d933632a93e669b06e95"},"headline":"Pr\u00e9sentation du sud de l\u2019Ontario pour les Jeux panam\u00e9ricains de 2015","datePublished":"2009-08-31T16:38:45+00:00","dateModified":"2013-08-01T01:08:19+00:00","mainEntityOfPage":{"@id":"https:\/\/develop.olympic.ca\/olympique\/2009\/08\/31\/presentation-du-sud-de-lontario-pour-les-jeux-panamericains-de-2015\/"},"wordCount":623,"commentCount":0,"image":{"@id":"https:\/\/develop.olympic.ca\/olympique\/2009\/08\/31\/presentation-du-sud-de-lontario-pour-les-jeux-panamericains-de-2015\/#primaryimage"},"thumbnailUrl":"https:\/\/develop.olympic.ca\/olympique\/wp-content\/uploads\/sites\/2\/2011\/08\/2015-village6.jpg?quality=100","articleSection":["Derni\u00e8res nouvelles"],"inLanguage":"fr-FR","potentialAction":[{"@type":"CommentAction","name":"Comment","target":["https:\/\/develop.olympic.ca\/olympique\/2009\/08\/31\/presentation-du-sud-de-lontario-pour-les-jeux-panamericains-de-2015\/#respond"]}]},{"@type":"WebPage","@id":"https:\/\/develop.olympic.ca\/olympique\/2009\/08\/31\/presentation-du-sud-de-lontario-pour-les-jeux-panamericains-de-2015\/","url":"https:\/\/develop.olympic.ca\/olympique\/2009\/08\/31\/presentation-du-sud-de-lontario-pour-les-jeux-panamericains-de-2015\/","name":"Pr\u00e9sentation du sud de l\u2019Ontario pour les Jeux panam\u00e9ricains de 2015 - \u00c9quipe Canada | Site officiel de l&#039;\u00e9quipe olympique","isPartOf":{"@id":"https:\/\/develop.olympic.ca\/olympique\/#website"},"primaryImageOfPage":{"@id":"https:\/\/develop.olympic.ca\/olympique\/2009\/08\/31\/presentation-du-sud-de-lontario-pour-les-jeux-panamericains-de-2015\/#primaryimage"},"image":{"@id":"https:\/\/develop.olympic.ca\/olympique\/2009\/08\/31\/presentation-du-sud-de-lontario-pour-les-jeux-panamericains-de-2015\/#primaryimage"},"thumbnailUrl":"https:\/\/develop.olympic.ca\/olympique\/wp-content\/uploads\/sites\/2\/2011\/08\/2015-village6.jpg?quality=100","datePublished":"2009-08-31T16:38:45+00:00","dateModified":"2013-08-01T01:08:19+00:00","author":{"@id":"https:\/\/develop.olympic.ca\/olympique\/#\/schema\/person\/b88ab0bea250d933632a93e669b06e95"},"inLanguage":"fr-FR","potentialAction":[{"@type":"ReadAction","target":["https:\/\/develop.olympic.ca\/olympique\/2009\/08\/31\/presentation-du-sud-de-lontario-pour-les-jeux-panamericains-de-2015\/"]}]},{"@type":"ImageObject","inLanguage":"fr-FR","@id":"https:\/\/develop.olympic.ca\/olympique\/2009\/08\/31\/presentation-du-sud-de-lontario-pour-les-jeux-panamericains-de-2015\/#primaryimage","url":"https:\/\/develop.olympic.ca\/olympique\/wp-content\/uploads\/sites\/2\/2011\/08\/2015-village6.jpg?quality=100","contentUrl":"https:\/\/develop.olympic.ca\/olympique\/wp-content\/uploads\/sites\/2\/2011\/08\/2015-village6.jpg?quality=100","width":2165,"height":1200},{"@type":"WebSite","@id":"https:\/\/develop.olympic.ca\/olympique\/#website","url":"https:\/\/develop.olympic.ca\/olympique\/","name":"\u00c9quipe Canada | Site officiel de l&#039;\u00e9quipe olympique","description":"Votre source pour l\u2019\u00c9quipe olympique canadienne. Retrouvez les r\u00e9cits, vid\u00e9os et photos des athl\u00e8tes canadiens, sports olympiques, Jeux olympiques de 2020 et bien plus!","potentialAction":[{"@type":"SearchAction","target":{"@type":"EntryPoint","urlTemplate":"https:\/\/develop.olympic.ca\/olympique\/?s={search_term_string}"},"query-input":{"@type":"PropertyValueSpecification","valueRequired":true,"valueName":"search_term_string"}}],"inLanguage":"fr-FR"},{"@type":"Person","@id":"https:\/\/develop.olympic.ca\/olympique\/#\/schema\/person\/b88ab0bea250d933632a93e669b06e95","name":"cdnolympicteam","image":{"@type":"ImageObject","inLanguage":"fr-FR","@id":"https:\/\/secure.gravatar.com\/avatar\/5ebf1554473077ab88cd1ec3372750991c09302ef58500182e331751d1f3473b?s=96&d=identicon&r=g7289394c1202ef020fcd9aad965e50f7","url":"https:\/\/secure.gravatar.com\/avatar\/5ebf1554473077ab88cd1ec3372750991c09302ef58500182e331751d1f3473b?s=96&d=identicon&r=g","contentUrl":"https:\/\/secure.gravatar.com\/avatar\/5ebf1554473077ab88cd1ec3372750991c09302ef58500182e331751d1f3473b?s=96&d=identicon&r=g","caption":"cdnolympicteam"},"url":"https:\/\/develop.olympic.ca\/olympique\/author\/cdnolympicteam\/"}]}},"jetpack_featured_media_url":"https:\/\/develop.olympic.ca\/olympique\/wp-content\/uploads\/sites\/2\/2011\/08\/2015-village6.jpg?quality=100","featured_image_url":"https:\/\/develop.olympic.ca\/olympique\/wp-content\/uploads\/sites\/2\/2011\/08\/2015-village6.jpg?quality=100","author_name":["Comit\u00e9 olympique canadien"],"category_names":["Derni\u00e8res nouvelles"],"tag_names":[],"video_embed_code":"","facebook_video_embed_code":"","jetpack_sharing_enabled":true,"jetpack-related-posts":[],"jetpack_shortlink":"https:\/\/wp.me\/pbmyEP-Lw","_links":{"self":[{"href":"https:\/\/develop.olympic.ca\/olympique\/wp-json\/wp\/v2\/posts\/2946","targetHints":{"allow":["GET"]}}],"collection":[{"href":"https:\/\/develop.olympic.ca\/olympique\/wp-json\/wp\/v2\/posts"}],"about":[{"href":"https:\/\/develop.olympic.ca\/olympique\/wp-json\/wp\/v2\/types\/post"}],"author":[{"embeddable":true,"href":"https:\/\/develop.olympic.ca\/olympique\/wp-json\/wp\/v2\/users\/47562643"}],"replies":[{"embeddable":true,"href":"https:\/\/develop.olympic.ca\/olympique\/wp-json\/wp\/v2\/comments?post=2946"}],"version-history":[{"count":1,"href":"https:\/\/develop.olympic.ca\/olympique\/wp-json\/wp\/v2\/posts\/2946\/revisions"}],"predecessor-version":[{"id":82776,"href":"https:\/\/develop.olympic.ca\/olympique\/wp-json\/wp\/v2\/posts\/2946\/revisions\/82776"}],"wp:featuredmedia":[{"embeddable":true,"href":"https:\/\/develop.olympic.ca\/olympique\/wp-json\/wp\/v2\/media\/2944"}],"wp:attachment":[{"href":"https:\/\/develop.olympic.ca\/olympique\/wp-json\/wp\/v2\/media?parent=2946"}],"wp:term":[{"taxonomy":"category","embeddable":true,"href":"https:\/\/develop.olympic.ca\/olympique\/wp-json\/wp\/v2\/categories?post=2946"},{"taxonomy":"post_tag","embeddable":true,"href":"https:\/\/develop.olympic.ca\/olympique\/wp-json\/wp\/v2\/tags?post=2946"},{"taxonomy":"post_format","embeddable":true,"href":"https:\/\/develop.olympic.ca\/olympique\/wp-json\/wp\/v2\/post_format?post=2946"},{"taxonomy":"sport","embeddable":true,"href":"https:\/\/develop.olympic.ca\/olympique\/wp-json\/wp\/v2\/sport?post=2946"},{"taxonomy":"game","embeddable":true,"href":"https:\/\/develop.olympic.ca\/olympique\/wp-json\/wp\/v2\/game?post=2946"},{"taxonomy":"author","embeddable":true,"href":"https:\/\/develop.olympic.ca\/olympique\/wp-json\/wp\/v2\/coauthors?post=2946"}],"curies":[{"name":"wp","href":"https:\/\/api.w.org\/{rel}","templated":true}]}}