{"id":3234,"date":"2009-10-23T14:53:41","date_gmt":"2009-10-23T18:53:41","guid":{"rendered":"http:\/\/develop.olympic.ca\/?p=3234"},"modified":"2013-08-01T01:08:41","modified_gmt":"2013-08-01T01:08:41","slug":"3234","status":"publish","type":"post","link":"https:\/\/develop.olympic.ca\/olympique\/2009\/10\/23\/3234\/","title":{"rendered":"Les Olympiens Sara Renner et Thomas Grandi passent \u00e0 l\u2019action pour le climat"},"content":{"rendered":"<p>\u00ab Nous vivons une p\u00e9riode d\u2019espoir, et les humains ont la capacit\u00e9 d\u2019accomplir de grandes choses, \u00bb a d\u00e9clar\u00e9 Sara Renner, skieuse de fond olympique et espoir pour les Jeux de 2010. \u00ab Il nous faut passer de l\u2019espoir \u00e0 l\u2019action. \u00bb<\/p>\n<p>Ce samedi 24 octobre marque la Journ\u00e9e internationale d\u2019action autour du climat. Renner et son mari, le skieur alpin Thomas Grandi \u2013 avec qui elle partage une passion pour l\u2019environnement \u2013 organisent un \u00e9v\u00e9nement sp\u00e9cial \u00e0 Canmore, Alberta, o\u00f9 ils r\u00e9sident.<\/p>\n<p>Le couple esp\u00e8re voir la participation de 350 personnes dans leur \u00ab croisade du climat de Canmore \u00bb, o\u00f9 les gens peuvent marcher, courir, faire du patin \u00e0 roues align\u00e9es ou du v\u00e9lo \u00e0 partir du centre civique de la ville jusqu\u2019au lac Quarry. Ce nombre est crucial chez les climatologues, car il correspond \u00e0 350 parties par million (ppm) de dioxyde de carbone, qui est le niveau maximum acceptable de CO2 dans l\u2019atmosph\u00e8re. La marque mondiale est actuellement de 387 ppm.<\/p>\n<p>\u00ab Le changement climatique est un probl\u00e8me grave, et nous n\u2019avons pas beaucoup de temps pour corriger nos erreurs, \u00bb a d\u00e9clar\u00e9 Renner, triple Olympienne qui a remport\u00e9 l\u2019argent en 2006. \u00ab En tant qu\u2019athl\u00e8tes, nous pouvons nous faire entendre des gens et avec un peu de chance, nous pourrons les unir. \u00bb<\/p>\n<p>L\u2019ann\u00e9e derni\u00e8re, Renner et Grandi ont men\u00e9 un mouvement 350 local en invitant les Albertains \u00e0 faire une promenade 20 km en v\u00e9lo \u00e0 Banff. Pour l\u2019\u00e9v\u00e9nement de cette ann\u00e9e qui se tiendra samedi, l\u2019objectif pour tous les participants est d\u2019atteindre le lac Quarry \u00e0 midi pour une photo de groupe. Des photos de cette journ\u00e9e, provenant du monde entier, peuvent \u00eatre t\u00e9l\u00e9vers\u00e9es dans le 350.org; elles seront ensuite affich\u00e9es sur Times Square \u00e0 Manhattan. Renner et Grandi offrent une journ\u00e9e de ski (ski de fond ou ski alpin) \u00e0 la personne qui pr\u00e9sentera l\u2019affiche 350 la mieux d\u00e9cor\u00e9e.<\/p>\n<p>Alors qu\u2019elle s\u2019entra\u00eene en vue des Jeux, Renner affirme qu\u2019elle veut seulement faire passer le mot <a href=\"http:\/\/www.350.org\">350<\/a>.<\/p>\n<p>\u00ab En tant que comp\u00e9titeurs en ski, l\u2019hiver est ce qui nous permet de glisser, \u00bb a-t-elle ajout\u00e9. \u00ab Pendant toute notre carri\u00e8re, Thomas et moi avons not\u00e9 que l\u2019hiver devenait de moins en moins pr\u00e9visible et que les comp\u00e9titions reposent de plus en plus sur la neige artificielle. Sur une note personnelle, d\u00e8s que vous devenez m\u00e8re, votre instinct de survie se r\u00e9veille. \u00bb<\/p>\n<p>Il y a quelques ann\u00e9es, des experts en climatologie ont \u00e9tabli les signes de changements climatiques, y compris la fonte rapide des glaces de l\u2019Arctique, et ont publi\u00e9 des \u00e9tudes montrant le danger d\u2019un taux continuel de carbone sup\u00e9rieur \u00e0 350 ppm dans l\u2019atmosph\u00e8re. Cela leur a valu de gagner le prix Nobel.<\/p>\n<p>Pour de l\u2019information sur l\u2019\u00e9v\u00e9nement de Canmore, visitez le <a href=\"http:\/\/350canmoreclimatecrusaders.blogspot.com\">www.350canmoreclimatecrusaders.blogspot.com<\/a>.<\/p>\n","protected":false},"excerpt":{"rendered":"<p>\u00ab Nous vivons une p\u00e9riode d\u2019espoir, et les humains ont la capacit\u00e9 d\u2019accomplir de grandes choses, \u00bb a d\u00e9clar\u00e9 Sara&#8230;<\/p>\n","protected":false},"author":47562643,"featured_media":3230,"comment_status":"open","ping_status":"open","sticky":false,"template":"","format":"standard","meta":{"_acf_changed":false,"_crdt_document":"","_jetpack_memberships_contains_paid_content":false,"footnotes":""},"categories":[23939911],"tags":[],"post_format":"standard","sport":[],"game":[],"coauthors":[186127234],"class_list":["post-3234","post","type-post","status-publish","format-standard","has-post-thumbnail","hentry","category-uncategorized-fr"],"acf":[],"yoast_head":"<!-- This site is optimized with the Yoast SEO plugin v27.3 - https:\/\/yoast.com\/product\/yoast-seo-wordpress\/ -->\n<title>Les Olympiens Sara Renner et Thomas Grandi passent \u00e0 l\u2019action pour le climat - \u00c9quipe Canada | Site officiel de l&#039;\u00e9quipe olympique<\/title>\n<meta name=\"robots\" content=\"index, follow, max-snippet:-1, max-image-preview:large, max-video-preview:-1\" \/>\n<link rel=\"canonical\" href=\"https:\/\/develop.olympic.ca\/olympique\/2009\/10\/23\/3234\/\" \/>\n<meta property=\"og:locale\" content=\"fr_FR\" \/>\n<meta property=\"og:type\" content=\"article\" \/>\n<meta property=\"og:title\" content=\"Les Olympiens Sara Renner et Thomas Grandi passent \u00e0 l\u2019action pour le climat - \u00c9quipe Canada | Site officiel de l&#039;\u00e9quipe olympique\" \/>\n<meta property=\"og:description\" content=\"\u00ab Nous vivons une p\u00e9riode d\u2019espoir, et les humains ont la capacit\u00e9 d\u2019accomplir de grandes choses, \u00bb a d\u00e9clar\u00e9 Sara...\" \/>\n<meta property=\"og:url\" content=\"https:\/\/develop.olympic.ca\/olympique\/2009\/10\/23\/3234\/\" \/>\n<meta property=\"og:site_name\" content=\"\u00c9quipe Canada | Site officiel de l&#039;\u00e9quipe olympique\" \/>\n<meta property=\"article:published_time\" content=\"2009-10-23T18:53:41+00:00\" \/>\n<meta property=\"article:modified_time\" content=\"2013-08-01T01:08:41+00:00\" \/>\n<meta property=\"og:image\" content=\"https:\/\/develop.olympic.ca\/olympique\/wp-content\/uploads\/sites\/2\/2011\/08\/renner5.jpg?quality=100\" \/>\n\t<meta property=\"og:image:width\" content=\"3186\" \/>\n\t<meta property=\"og:image:height\" content=\"2206\" \/>\n\t<meta property=\"og:image:type\" content=\"image\/jpeg\" \/>\n<meta name=\"author\" content=\"Comit\u00e9 olympique canadien\" \/>\n<meta name=\"twitter:card\" content=\"summary_large_image\" \/>\n<meta name=\"twitter:label1\" content=\"Written by\" \/>\n\t<meta name=\"twitter:data1\" content=\"Comit\u00e9 olympique canadien\" \/>\n\t<meta name=\"twitter:label2\" content=\"Est. reading time\" \/>\n\t<meta name=\"twitter:data2\" content=\"2 minutes\" \/>\n<script type=\"application\/ld+json\" class=\"yoast-schema-graph\">{\"@context\":\"https:\\\/\\\/schema.org\",\"@graph\":[{\"@type\":\"Article\",\"@id\":\"https:\\\/\\\/develop.olympic.ca\\\/olympique\\\/2009\\\/10\\\/23\\\/3234\\\/#article\",\"isPartOf\":{\"@id\":\"https:\\\/\\\/develop.olympic.ca\\\/olympique\\\/2009\\\/10\\\/23\\\/3234\\\/\"},\"author\":{\"name\":\"cdnolympicteam\",\"@id\":\"https:\\\/\\\/develop.olympic.ca\\\/olympique\\\/#\\\/schema\\\/person\\\/b88ab0bea250d933632a93e669b06e95\"},\"headline\":\"Les Olympiens Sara Renner et Thomas Grandi passent \u00e0 l\u2019action pour le climat\",\"datePublished\":\"2009-10-23T18:53:41+00:00\",\"dateModified\":\"2013-08-01T01:08:41+00:00\",\"mainEntityOfPage\":{\"@id\":\"https:\\\/\\\/develop.olympic.ca\\\/olympique\\\/2009\\\/10\\\/23\\\/3234\\\/\"},\"wordCount\":505,\"commentCount\":0,\"image\":{\"@id\":\"https:\\\/\\\/develop.olympic.ca\\\/olympique\\\/2009\\\/10\\\/23\\\/3234\\\/#primaryimage\"},\"thumbnailUrl\":\"https:\\\/\\\/develop.olympic.ca\\\/olympique\\\/wp-content\\\/uploads\\\/sites\\\/2\\\/2011\\\/08\\\/renner5.jpg?quality=100\",\"articleSection\":[\"Uncategorized @fr\"],\"inLanguage\":\"fr-FR\",\"potentialAction\":[{\"@type\":\"CommentAction\",\"name\":\"Comment\",\"target\":[\"https:\\\/\\\/develop.olympic.ca\\\/olympique\\\/2009\\\/10\\\/23\\\/3234\\\/#respond\"]}]},{\"@type\":\"WebPage\",\"@id\":\"https:\\\/\\\/develop.olympic.ca\\\/olympique\\\/2009\\\/10\\\/23\\\/3234\\\/\",\"url\":\"https:\\\/\\\/develop.olympic.ca\\\/olympique\\\/2009\\\/10\\\/23\\\/3234\\\/\",\"name\":\"Les Olympiens Sara Renner et Thomas Grandi passent \u00e0 l\u2019action pour le climat - \u00c9quipe Canada | Site officiel de l&#039;\u00e9quipe olympique\",\"isPartOf\":{\"@id\":\"https:\\\/\\\/develop.olympic.ca\\\/olympique\\\/#website\"},\"primaryImageOfPage\":{\"@id\":\"https:\\\/\\\/develop.olympic.ca\\\/olympique\\\/2009\\\/10\\\/23\\\/3234\\\/#primaryimage\"},\"image\":{\"@id\":\"https:\\\/\\\/develop.olympic.ca\\\/olympique\\\/2009\\\/10\\\/23\\\/3234\\\/#primaryimage\"},\"thumbnailUrl\":\"https:\\\/\\\/develop.olympic.ca\\\/olympique\\\/wp-content\\\/uploads\\\/sites\\\/2\\\/2011\\\/08\\\/renner5.jpg?quality=100\",\"datePublished\":\"2009-10-23T18:53:41+00:00\",\"dateModified\":\"2013-08-01T01:08:41+00:00\",\"author\":{\"@id\":\"https:\\\/\\\/develop.olympic.ca\\\/olympique\\\/#\\\/schema\\\/person\\\/b88ab0bea250d933632a93e669b06e95\"},\"inLanguage\":\"fr-FR\",\"potentialAction\":[{\"@type\":\"ReadAction\",\"target\":[\"https:\\\/\\\/develop.olympic.ca\\\/olympique\\\/2009\\\/10\\\/23\\\/3234\\\/\"]}]},{\"@type\":\"ImageObject\",\"inLanguage\":\"fr-FR\",\"@id\":\"https:\\\/\\\/develop.olympic.ca\\\/olympique\\\/2009\\\/10\\\/23\\\/3234\\\/#primaryimage\",\"url\":\"https:\\\/\\\/develop.olympic.ca\\\/olympique\\\/wp-content\\\/uploads\\\/sites\\\/2\\\/2011\\\/08\\\/renner5.jpg?quality=100\",\"contentUrl\":\"https:\\\/\\\/develop.olympic.ca\\\/olympique\\\/wp-content\\\/uploads\\\/sites\\\/2\\\/2011\\\/08\\\/renner5.jpg?quality=100\",\"width\":3186,\"height\":2206},{\"@type\":\"WebSite\",\"@id\":\"https:\\\/\\\/develop.olympic.ca\\\/olympique\\\/#website\",\"url\":\"https:\\\/\\\/develop.olympic.ca\\\/olympique\\\/\",\"name\":\"\u00c9quipe Canada | Site officiel de l&#039;\u00e9quipe olympique\",\"description\":\"Votre source pour l\u2019\u00c9quipe olympique canadienne. Retrouvez les r\u00e9cits, vid\u00e9os et photos des athl\u00e8tes canadiens, sports olympiques, Jeux olympiques de 2020 et bien plus!\",\"potentialAction\":[{\"@type\":\"SearchAction\",\"target\":{\"@type\":\"EntryPoint\",\"urlTemplate\":\"https:\\\/\\\/develop.olympic.ca\\\/olympique\\\/?s={search_term_string}\"},\"query-input\":{\"@type\":\"PropertyValueSpecification\",\"valueRequired\":true,\"valueName\":\"search_term_string\"}}],\"inLanguage\":\"fr-FR\"},{\"@type\":\"Person\",\"@id\":\"https:\\\/\\\/develop.olympic.ca\\\/olympique\\\/#\\\/schema\\\/person\\\/b88ab0bea250d933632a93e669b06e95\",\"name\":\"cdnolympicteam\",\"image\":{\"@type\":\"ImageObject\",\"inLanguage\":\"fr-FR\",\"@id\":\"https:\\\/\\\/secure.gravatar.com\\\/avatar\\\/5ebf1554473077ab88cd1ec3372750991c09302ef58500182e331751d1f3473b?s=96&d=identicon&r=g7289394c1202ef020fcd9aad965e50f7\",\"url\":\"https:\\\/\\\/secure.gravatar.com\\\/avatar\\\/5ebf1554473077ab88cd1ec3372750991c09302ef58500182e331751d1f3473b?s=96&d=identicon&r=g\",\"contentUrl\":\"https:\\\/\\\/secure.gravatar.com\\\/avatar\\\/5ebf1554473077ab88cd1ec3372750991c09302ef58500182e331751d1f3473b?s=96&d=identicon&r=g\",\"caption\":\"cdnolympicteam\"},\"url\":\"https:\\\/\\\/develop.olympic.ca\\\/olympique\\\/author\\\/cdnolympicteam\\\/\"}]}<\/script>\n<!-- \/ Yoast SEO plugin. -->","yoast_head_json":{"title":"Les Olympiens Sara Renner et Thomas Grandi passent \u00e0 l\u2019action pour le climat - \u00c9quipe Canada | Site officiel de l&#039;\u00e9quipe olympique","robots":{"index":"index","follow":"follow","max-snippet":"max-snippet:-1","max-image-preview":"max-image-preview:large","max-video-preview":"max-video-preview:-1"},"canonical":"https:\/\/develop.olympic.ca\/olympique\/2009\/10\/23\/3234\/","og_locale":"fr_FR","og_type":"article","og_title":"Les Olympiens Sara Renner et Thomas Grandi passent \u00e0 l\u2019action pour le climat - \u00c9quipe Canada | Site officiel de l&#039;\u00e9quipe olympique","og_description":"\u00ab Nous vivons une p\u00e9riode d\u2019espoir, et les humains ont la capacit\u00e9 d\u2019accomplir de grandes choses, \u00bb a d\u00e9clar\u00e9 Sara...","og_url":"https:\/\/develop.olympic.ca\/olympique\/2009\/10\/23\/3234\/","og_site_name":"\u00c9quipe Canada | Site officiel de l&#039;\u00e9quipe olympique","article_published_time":"2009-10-23T18:53:41+00:00","article_modified_time":"2013-08-01T01:08:41+00:00","og_image":[{"width":3186,"height":2206,"url":"https:\/\/develop.olympic.ca\/olympique\/wp-content\/uploads\/sites\/2\/2011\/08\/renner5.jpg?quality=100","type":"image\/jpeg"}],"author":"Comit\u00e9 olympique canadien","twitter_card":"summary_large_image","twitter_misc":{"Written by":"Comit\u00e9 olympique canadien","Est. reading time":"2 minutes"},"schema":{"@context":"https:\/\/schema.org","@graph":[{"@type":"Article","@id":"https:\/\/develop.olympic.ca\/olympique\/2009\/10\/23\/3234\/#article","isPartOf":{"@id":"https:\/\/develop.olympic.ca\/olympique\/2009\/10\/23\/3234\/"},"author":{"name":"cdnolympicteam","@id":"https:\/\/develop.olympic.ca\/olympique\/#\/schema\/person\/b88ab0bea250d933632a93e669b06e95"},"headline":"Les Olympiens Sara Renner et Thomas Grandi passent \u00e0 l\u2019action pour le climat","datePublished":"2009-10-23T18:53:41+00:00","dateModified":"2013-08-01T01:08:41+00:00","mainEntityOfPage":{"@id":"https:\/\/develop.olympic.ca\/olympique\/2009\/10\/23\/3234\/"},"wordCount":505,"commentCount":0,"image":{"@id":"https:\/\/develop.olympic.ca\/olympique\/2009\/10\/23\/3234\/#primaryimage"},"thumbnailUrl":"https:\/\/develop.olympic.ca\/olympique\/wp-content\/uploads\/sites\/2\/2011\/08\/renner5.jpg?quality=100","articleSection":["Uncategorized @fr"],"inLanguage":"fr-FR","potentialAction":[{"@type":"CommentAction","name":"Comment","target":["https:\/\/develop.olympic.ca\/olympique\/2009\/10\/23\/3234\/#respond"]}]},{"@type":"WebPage","@id":"https:\/\/develop.olympic.ca\/olympique\/2009\/10\/23\/3234\/","url":"https:\/\/develop.olympic.ca\/olympique\/2009\/10\/23\/3234\/","name":"Les Olympiens Sara Renner et Thomas Grandi passent \u00e0 l\u2019action pour le climat - \u00c9quipe Canada | Site officiel de l&#039;\u00e9quipe olympique","isPartOf":{"@id":"https:\/\/develop.olympic.ca\/olympique\/#website"},"primaryImageOfPage":{"@id":"https:\/\/develop.olympic.ca\/olympique\/2009\/10\/23\/3234\/#primaryimage"},"image":{"@id":"https:\/\/develop.olympic.ca\/olympique\/2009\/10\/23\/3234\/#primaryimage"},"thumbnailUrl":"https:\/\/develop.olympic.ca\/olympique\/wp-content\/uploads\/sites\/2\/2011\/08\/renner5.jpg?quality=100","datePublished":"2009-10-23T18:53:41+00:00","dateModified":"2013-08-01T01:08:41+00:00","author":{"@id":"https:\/\/develop.olympic.ca\/olympique\/#\/schema\/person\/b88ab0bea250d933632a93e669b06e95"},"inLanguage":"fr-FR","potentialAction":[{"@type":"ReadAction","target":["https:\/\/develop.olympic.ca\/olympique\/2009\/10\/23\/3234\/"]}]},{"@type":"ImageObject","inLanguage":"fr-FR","@id":"https:\/\/develop.olympic.ca\/olympique\/2009\/10\/23\/3234\/#primaryimage","url":"https:\/\/develop.olympic.ca\/olympique\/wp-content\/uploads\/sites\/2\/2011\/08\/renner5.jpg?quality=100","contentUrl":"https:\/\/develop.olympic.ca\/olympique\/wp-content\/uploads\/sites\/2\/2011\/08\/renner5.jpg?quality=100","width":3186,"height":2206},{"@type":"WebSite","@id":"https:\/\/develop.olympic.ca\/olympique\/#website","url":"https:\/\/develop.olympic.ca\/olympique\/","name":"\u00c9quipe Canada | Site officiel de l&#039;\u00e9quipe olympique","description":"Votre source pour l\u2019\u00c9quipe olympique canadienne. Retrouvez les r\u00e9cits, vid\u00e9os et photos des athl\u00e8tes canadiens, sports olympiques, Jeux olympiques de 2020 et bien plus!","potentialAction":[{"@type":"SearchAction","target":{"@type":"EntryPoint","urlTemplate":"https:\/\/develop.olympic.ca\/olympique\/?s={search_term_string}"},"query-input":{"@type":"PropertyValueSpecification","valueRequired":true,"valueName":"search_term_string"}}],"inLanguage":"fr-FR"},{"@type":"Person","@id":"https:\/\/develop.olympic.ca\/olympique\/#\/schema\/person\/b88ab0bea250d933632a93e669b06e95","name":"cdnolympicteam","image":{"@type":"ImageObject","inLanguage":"fr-FR","@id":"https:\/\/secure.gravatar.com\/avatar\/5ebf1554473077ab88cd1ec3372750991c09302ef58500182e331751d1f3473b?s=96&d=identicon&r=g7289394c1202ef020fcd9aad965e50f7","url":"https:\/\/secure.gravatar.com\/avatar\/5ebf1554473077ab88cd1ec3372750991c09302ef58500182e331751d1f3473b?s=96&d=identicon&r=g","contentUrl":"https:\/\/secure.gravatar.com\/avatar\/5ebf1554473077ab88cd1ec3372750991c09302ef58500182e331751d1f3473b?s=96&d=identicon&r=g","caption":"cdnolympicteam"},"url":"https:\/\/develop.olympic.ca\/olympique\/author\/cdnolympicteam\/"}]}},"jetpack_featured_media_url":"https:\/\/develop.olympic.ca\/olympique\/wp-content\/uploads\/sites\/2\/2011\/08\/renner5.jpg?quality=100","featured_image_url":"https:\/\/develop.olympic.ca\/olympique\/wp-content\/uploads\/sites\/2\/2011\/08\/renner5.jpg?quality=100","author_name":["Comit\u00e9 olympique canadien"],"category_names":["Uncategorized @fr"],"tag_names":[],"video_embed_code":"","facebook_video_embed_code":"","jetpack_sharing_enabled":true,"jetpack-related-posts":[],"jetpack_shortlink":"https:\/\/wp.me\/sbmyEP-3234","_links":{"self":[{"href":"https:\/\/develop.olympic.ca\/olympique\/wp-json\/wp\/v2\/posts\/3234","targetHints":{"allow":["GET"]}}],"collection":[{"href":"https:\/\/develop.olympic.ca\/olympique\/wp-json\/wp\/v2\/posts"}],"about":[{"href":"https:\/\/develop.olympic.ca\/olympique\/wp-json\/wp\/v2\/types\/post"}],"author":[{"embeddable":true,"href":"https:\/\/develop.olympic.ca\/olympique\/wp-json\/wp\/v2\/users\/47562643"}],"replies":[{"embeddable":true,"href":"https:\/\/develop.olympic.ca\/olympique\/wp-json\/wp\/v2\/comments?post=3234"}],"version-history":[{"count":1,"href":"https:\/\/develop.olympic.ca\/olympique\/wp-json\/wp\/v2\/posts\/3234\/revisions"}],"predecessor-version":[{"id":82801,"href":"https:\/\/develop.olympic.ca\/olympique\/wp-json\/wp\/v2\/posts\/3234\/revisions\/82801"}],"wp:featuredmedia":[{"embeddable":true,"href":"https:\/\/develop.olympic.ca\/olympique\/wp-json\/wp\/v2\/media\/3230"}],"wp:attachment":[{"href":"https:\/\/develop.olympic.ca\/olympique\/wp-json\/wp\/v2\/media?parent=3234"}],"wp:term":[{"taxonomy":"category","embeddable":true,"href":"https:\/\/develop.olympic.ca\/olympique\/wp-json\/wp\/v2\/categories?post=3234"},{"taxonomy":"post_tag","embeddable":true,"href":"https:\/\/develop.olympic.ca\/olympique\/wp-json\/wp\/v2\/tags?post=3234"},{"taxonomy":"post_format","embeddable":true,"href":"https:\/\/develop.olympic.ca\/olympique\/wp-json\/wp\/v2\/post_format?post=3234"},{"taxonomy":"sport","embeddable":true,"href":"https:\/\/develop.olympic.ca\/olympique\/wp-json\/wp\/v2\/sport?post=3234"},{"taxonomy":"game","embeddable":true,"href":"https:\/\/develop.olympic.ca\/olympique\/wp-json\/wp\/v2\/game?post=3234"},{"taxonomy":"author","embeddable":true,"href":"https:\/\/develop.olympic.ca\/olympique\/wp-json\/wp\/v2\/coauthors?post=3234"}],"curies":[{"name":"wp","href":"https:\/\/api.w.org\/{rel}","templated":true}]}}