{"id":3799,"date":"2009-12-21T17:44:24","date_gmt":"2009-12-21T22:44:24","guid":{"rendered":"http:\/\/develop.olympic.ca\/?p=3799"},"modified":"2013-08-01T01:09:08","modified_gmt":"2013-08-01T01:09:08","slug":"les-mitaines-rouges-senvolent-des-etageres-lesprit-olympique-se-propage","status":"publish","type":"post","link":"https:\/\/develop.olympic.ca\/olympique\/2009\/12\/21\/les-mitaines-rouges-senvolent-des-etageres-lesprit-olympique-se-propage\/","title":{"rendered":"Les mitaines rouges s\u2019envolent des \u00e9tag\u00e8res, l\u2019esprit olympique se propage"},"content":{"rendered":"<p>Alors que 300 000 mitaines rouges sont exp\u00e9di\u00e9es partout au pays cette semaine afin de r\u00e9pondre \u00e0 la demande, on ne peut nier le succ\u00e8s remport\u00e9 par les mitaines olympiques de 2010. Un succ\u00e8s retentissant.<\/p>\n<p>Un nombre impressionnant d\u2019un million de mitaines rouges de Hbc arborant une feuille d\u2019\u00e9rable blanche du c\u00f4t\u00e9 de la paume de la main \u2013 les m\u00eames mitaines que portent les porteurs de flambeau 2010 \u2013 ont \u00e9t\u00e9 vendues.  Cela fait une paire de mitaines pour 34 Canadiens.<\/p>\n<p>L\u2019esprit olympique enflamme la nation, car les mitaines sont une manifestation visible de l\u2019enthousiasme du Canada pour les Jeux de 2010 et de l\u2019initiative Rouge! \u00c7a bouge! du Comit\u00e9 olympique canadien pour faire na\u00eetre l\u2019esprit olympique chez les Canadiens.<\/p>\n<p>Les mitaines rouges se vendent \u00e0 10 $, et les profits nets seront vers\u00e9s directement aux athl\u00e8tes canadiens par le biais du programme \u00c0 nous le podium. Non seulement elles ont beaucoup de style, mais elles sugg\u00e8rent une grande fiert\u00e9 olympique et un geste pour permettre l\u2019acc\u00e8s au meilleur \u00e9quipement et au meilleur entra\u00eenement possible \u00e0 tous les athl\u00e8tes canadiens. Elles se sont rapidement vendues d\u2019un bout \u00e0 l\u2019autre du Canada dans les magasins La Baie, Zellers et D\u00e9co D\u00e9couverte. Une autre cargaison arrivera apr\u00e8s les F\u00eates pour \u00eatre vendue au cours des derni\u00e8res semaines pr\u00e9c\u00e9dant le d\u00e9but des Jeux olympiques d\u2019hiver.<\/p>\n<p>Les mitaines rouges ont permis au programme \u00c0 nous le podium d\u2019atteindre ses objectifs de collecte de fonds, et ce, avant la fin de 2009.<\/p>\n<p>Toute la collection olympique est tr\u00e8s populaire parmi les Canadiens ainsi que chez les partisans olympiques du monde entier. Plus de 500 000 chandails, tuques et \u00e9charpes de l\u2019\u00e9quipe olympique canadienne 2010 ont \u00e9t\u00e9 vendus. Dans l\u2019un des magasins phares Hbc \u00e0  Vancouver (qui accueillera la Maison olympique du Canada pendant les Jeux), plus de 70 000 articles de Vancouver 2010 se sont envol\u00e9s.<\/p>\n<p>Sans surprise, le chandail de hockey d\u2019\u00c9quipe Canada 2010 est la pi\u00e8ce favorite des acheteurs, et on pr\u00e9voit que les ventes d\u00e9passeront celles des chandails des \u00e9quipes m\u00e9daill\u00e9es d\u2019or des Jeux de Salt Lake City 2002.<\/p>\n<p>Pour s\u2019assurer de l\u2019authenticit\u00e9 des articles, les clients doivent rechercher l\u2019hologramme unique repr\u00e9sentant les embl\u00e8mes de Vancouver 2010. Pour de plus amples renseignements, visitez le <a href=\"http:\/\/www.vancouver2010.com\/buy-real\">www.vancouver2010.com\/buy-real<\/a>.<\/p>\n","protected":false},"excerpt":{"rendered":"<p>Alors que 300 000 mitaines rouges sont exp\u00e9di\u00e9es partout au pays cette semaine afin de r\u00e9pondre \u00e0 la demande, on&#8230;<\/p>\n","protected":false},"author":47562643,"featured_media":3797,"comment_status":"open","ping_status":"open","sticky":false,"template":"","format":"standard","meta":{"_acf_changed":false,"_crdt_document":"","_jetpack_memberships_contains_paid_content":false,"footnotes":""},"categories":[23939911],"tags":[],"post_format":"standard","sport":[],"game":[],"coauthors":[186127234],"class_list":["post-3799","post","type-post","status-publish","format-standard","has-post-thumbnail","hentry","category-uncategorized-fr"],"acf":[],"yoast_head":"<!-- This site is optimized with the Yoast SEO plugin v27.5 - https:\/\/yoast.com\/product\/yoast-seo-wordpress\/ -->\n<title>Les mitaines rouges s\u2019envolent des \u00e9tag\u00e8res, l\u2019esprit olympique se propage - \u00c9quipe Canada | Site officiel de l&#039;\u00e9quipe olympique<\/title>\n<meta name=\"robots\" content=\"index, follow, max-snippet:-1, max-image-preview:large, max-video-preview:-1\" \/>\n<link rel=\"canonical\" href=\"https:\/\/develop.olympic.ca\/olympique\/2009\/12\/21\/les-mitaines-rouges-senvolent-des-etageres-lesprit-olympique-se-propage\/\" \/>\n<meta property=\"og:locale\" content=\"fr_FR\" \/>\n<meta property=\"og:type\" content=\"article\" \/>\n<meta property=\"og:title\" content=\"Les mitaines rouges s\u2019envolent des \u00e9tag\u00e8res, l\u2019esprit olympique se propage - \u00c9quipe Canada | Site officiel de l&#039;\u00e9quipe olympique\" \/>\n<meta property=\"og:description\" content=\"Alors que 300 000 mitaines rouges sont exp\u00e9di\u00e9es partout au pays cette semaine afin de r\u00e9pondre \u00e0 la demande, on...\" \/>\n<meta property=\"og:url\" content=\"https:\/\/develop.olympic.ca\/olympique\/2009\/12\/21\/les-mitaines-rouges-senvolent-des-etageres-lesprit-olympique-se-propage\/\" \/>\n<meta property=\"og:site_name\" content=\"\u00c9quipe Canada | Site officiel de l&#039;\u00e9quipe olympique\" \/>\n<meta property=\"article:published_time\" content=\"2009-12-21T22:44:24+00:00\" \/>\n<meta property=\"article:modified_time\" content=\"2013-08-01T01:09:08+00:00\" \/>\n<meta property=\"og:image\" content=\"https:\/\/develop.olympic.ca\/olympique\/wp-content\/uploads\/sites\/2\/2011\/08\/red-mittens-ottawa5.jpg?quality=100\" \/>\n\t<meta property=\"og:image:width\" content=\"2895\" \/>\n\t<meta property=\"og:image:height\" content=\"1778\" \/>\n\t<meta property=\"og:image:type\" content=\"image\/jpeg\" \/>\n<meta name=\"author\" content=\"Comit\u00e9 olympique canadien\" \/>\n<meta name=\"twitter:card\" content=\"summary_large_image\" \/>\n<meta name=\"twitter:label1\" content=\"Written by\" \/>\n\t<meta name=\"twitter:data1\" content=\"Comit\u00e9 olympique canadien\" \/>\n\t<meta name=\"twitter:label2\" content=\"Est. reading time\" \/>\n\t<meta name=\"twitter:data2\" content=\"2 minutes\" \/>\n<script type=\"application\/ld+json\" class=\"yoast-schema-graph\">{\"@context\":\"https:\\\/\\\/schema.org\",\"@graph\":[{\"@type\":\"Article\",\"@id\":\"https:\\\/\\\/develop.olympic.ca\\\/olympique\\\/2009\\\/12\\\/21\\\/les-mitaines-rouges-senvolent-des-etageres-lesprit-olympique-se-propage\\\/#article\",\"isPartOf\":{\"@id\":\"https:\\\/\\\/develop.olympic.ca\\\/olympique\\\/2009\\\/12\\\/21\\\/les-mitaines-rouges-senvolent-des-etageres-lesprit-olympique-se-propage\\\/\"},\"author\":{\"name\":\"cdnolympicteam\",\"@id\":\"https:\\\/\\\/develop.olympic.ca\\\/olympique\\\/#\\\/schema\\\/person\\\/b88ab0bea250d933632a93e669b06e95\"},\"headline\":\"Les mitaines rouges s\u2019envolent des \u00e9tag\u00e8res, l\u2019esprit olympique se propage\",\"datePublished\":\"2009-12-21T22:44:24+00:00\",\"dateModified\":\"2013-08-01T01:09:08+00:00\",\"mainEntityOfPage\":{\"@id\":\"https:\\\/\\\/develop.olympic.ca\\\/olympique\\\/2009\\\/12\\\/21\\\/les-mitaines-rouges-senvolent-des-etageres-lesprit-olympique-se-propage\\\/\"},\"wordCount\":412,\"commentCount\":0,\"image\":{\"@id\":\"https:\\\/\\\/develop.olympic.ca\\\/olympique\\\/2009\\\/12\\\/21\\\/les-mitaines-rouges-senvolent-des-etageres-lesprit-olympique-se-propage\\\/#primaryimage\"},\"thumbnailUrl\":\"https:\\\/\\\/develop.olympic.ca\\\/olympique\\\/wp-content\\\/uploads\\\/sites\\\/2\\\/2011\\\/08\\\/red-mittens-ottawa5.jpg?quality=100\",\"articleSection\":[\"Uncategorized @fr\"],\"inLanguage\":\"fr-FR\",\"potentialAction\":[{\"@type\":\"CommentAction\",\"name\":\"Comment\",\"target\":[\"https:\\\/\\\/develop.olympic.ca\\\/olympique\\\/2009\\\/12\\\/21\\\/les-mitaines-rouges-senvolent-des-etageres-lesprit-olympique-se-propage\\\/#respond\"]}]},{\"@type\":\"WebPage\",\"@id\":\"https:\\\/\\\/develop.olympic.ca\\\/olympique\\\/2009\\\/12\\\/21\\\/les-mitaines-rouges-senvolent-des-etageres-lesprit-olympique-se-propage\\\/\",\"url\":\"https:\\\/\\\/develop.olympic.ca\\\/olympique\\\/2009\\\/12\\\/21\\\/les-mitaines-rouges-senvolent-des-etageres-lesprit-olympique-se-propage\\\/\",\"name\":\"Les mitaines rouges s\u2019envolent des \u00e9tag\u00e8res, l\u2019esprit olympique se propage - \u00c9quipe Canada | Site officiel de l&#039;\u00e9quipe olympique\",\"isPartOf\":{\"@id\":\"https:\\\/\\\/develop.olympic.ca\\\/olympique\\\/#website\"},\"primaryImageOfPage\":{\"@id\":\"https:\\\/\\\/develop.olympic.ca\\\/olympique\\\/2009\\\/12\\\/21\\\/les-mitaines-rouges-senvolent-des-etageres-lesprit-olympique-se-propage\\\/#primaryimage\"},\"image\":{\"@id\":\"https:\\\/\\\/develop.olympic.ca\\\/olympique\\\/2009\\\/12\\\/21\\\/les-mitaines-rouges-senvolent-des-etageres-lesprit-olympique-se-propage\\\/#primaryimage\"},\"thumbnailUrl\":\"https:\\\/\\\/develop.olympic.ca\\\/olympique\\\/wp-content\\\/uploads\\\/sites\\\/2\\\/2011\\\/08\\\/red-mittens-ottawa5.jpg?quality=100\",\"datePublished\":\"2009-12-21T22:44:24+00:00\",\"dateModified\":\"2013-08-01T01:09:08+00:00\",\"author\":{\"@id\":\"https:\\\/\\\/develop.olympic.ca\\\/olympique\\\/#\\\/schema\\\/person\\\/b88ab0bea250d933632a93e669b06e95\"},\"inLanguage\":\"fr-FR\",\"potentialAction\":[{\"@type\":\"ReadAction\",\"target\":[\"https:\\\/\\\/develop.olympic.ca\\\/olympique\\\/2009\\\/12\\\/21\\\/les-mitaines-rouges-senvolent-des-etageres-lesprit-olympique-se-propage\\\/\"]}]},{\"@type\":\"ImageObject\",\"inLanguage\":\"fr-FR\",\"@id\":\"https:\\\/\\\/develop.olympic.ca\\\/olympique\\\/2009\\\/12\\\/21\\\/les-mitaines-rouges-senvolent-des-etageres-lesprit-olympique-se-propage\\\/#primaryimage\",\"url\":\"https:\\\/\\\/develop.olympic.ca\\\/olympique\\\/wp-content\\\/uploads\\\/sites\\\/2\\\/2011\\\/08\\\/red-mittens-ottawa5.jpg?quality=100\",\"contentUrl\":\"https:\\\/\\\/develop.olympic.ca\\\/olympique\\\/wp-content\\\/uploads\\\/sites\\\/2\\\/2011\\\/08\\\/red-mittens-ottawa5.jpg?quality=100\",\"width\":2895,\"height\":1778},{\"@type\":\"WebSite\",\"@id\":\"https:\\\/\\\/develop.olympic.ca\\\/olympique\\\/#website\",\"url\":\"https:\\\/\\\/develop.olympic.ca\\\/olympique\\\/\",\"name\":\"\u00c9quipe Canada | Site officiel de l&#039;\u00e9quipe olympique\",\"description\":\"Votre source pour l\u2019\u00c9quipe olympique canadienne. Retrouvez les r\u00e9cits, vid\u00e9os et photos des athl\u00e8tes canadiens, sports olympiques, Jeux olympiques de 2020 et bien plus!\",\"potentialAction\":[{\"@type\":\"SearchAction\",\"target\":{\"@type\":\"EntryPoint\",\"urlTemplate\":\"https:\\\/\\\/develop.olympic.ca\\\/olympique\\\/?s={search_term_string}\"},\"query-input\":{\"@type\":\"PropertyValueSpecification\",\"valueRequired\":true,\"valueName\":\"search_term_string\"}}],\"inLanguage\":\"fr-FR\"},{\"@type\":\"Person\",\"@id\":\"https:\\\/\\\/develop.olympic.ca\\\/olympique\\\/#\\\/schema\\\/person\\\/b88ab0bea250d933632a93e669b06e95\",\"name\":\"cdnolympicteam\",\"image\":{\"@type\":\"ImageObject\",\"inLanguage\":\"fr-FR\",\"@id\":\"https:\\\/\\\/secure.gravatar.com\\\/avatar\\\/5ebf1554473077ab88cd1ec3372750991c09302ef58500182e331751d1f3473b?s=96&d=identicon&r=g7289394c1202ef020fcd9aad965e50f7\",\"url\":\"https:\\\/\\\/secure.gravatar.com\\\/avatar\\\/5ebf1554473077ab88cd1ec3372750991c09302ef58500182e331751d1f3473b?s=96&d=identicon&r=g\",\"contentUrl\":\"https:\\\/\\\/secure.gravatar.com\\\/avatar\\\/5ebf1554473077ab88cd1ec3372750991c09302ef58500182e331751d1f3473b?s=96&d=identicon&r=g\",\"caption\":\"cdnolympicteam\"},\"url\":\"https:\\\/\\\/develop.olympic.ca\\\/olympique\\\/author\\\/cdnolympicteam\\\/\"}]}<\/script>\n<!-- \/ Yoast SEO plugin. -->","yoast_head_json":{"title":"Les mitaines rouges s\u2019envolent des \u00e9tag\u00e8res, l\u2019esprit olympique se propage - \u00c9quipe Canada | Site officiel de l&#039;\u00e9quipe olympique","robots":{"index":"index","follow":"follow","max-snippet":"max-snippet:-1","max-image-preview":"max-image-preview:large","max-video-preview":"max-video-preview:-1"},"canonical":"https:\/\/develop.olympic.ca\/olympique\/2009\/12\/21\/les-mitaines-rouges-senvolent-des-etageres-lesprit-olympique-se-propage\/","og_locale":"fr_FR","og_type":"article","og_title":"Les mitaines rouges s\u2019envolent des \u00e9tag\u00e8res, l\u2019esprit olympique se propage - \u00c9quipe Canada | Site officiel de l&#039;\u00e9quipe olympique","og_description":"Alors que 300 000 mitaines rouges sont exp\u00e9di\u00e9es partout au pays cette semaine afin de r\u00e9pondre \u00e0 la demande, on...","og_url":"https:\/\/develop.olympic.ca\/olympique\/2009\/12\/21\/les-mitaines-rouges-senvolent-des-etageres-lesprit-olympique-se-propage\/","og_site_name":"\u00c9quipe Canada | Site officiel de l&#039;\u00e9quipe olympique","article_published_time":"2009-12-21T22:44:24+00:00","article_modified_time":"2013-08-01T01:09:08+00:00","og_image":[{"width":2895,"height":1778,"url":"https:\/\/develop.olympic.ca\/olympique\/wp-content\/uploads\/sites\/2\/2011\/08\/red-mittens-ottawa5.jpg?quality=100","type":"image\/jpeg"}],"author":"Comit\u00e9 olympique canadien","twitter_card":"summary_large_image","twitter_misc":{"Written by":"Comit\u00e9 olympique canadien","Est. reading time":"2 minutes"},"schema":{"@context":"https:\/\/schema.org","@graph":[{"@type":"Article","@id":"https:\/\/develop.olympic.ca\/olympique\/2009\/12\/21\/les-mitaines-rouges-senvolent-des-etageres-lesprit-olympique-se-propage\/#article","isPartOf":{"@id":"https:\/\/develop.olympic.ca\/olympique\/2009\/12\/21\/les-mitaines-rouges-senvolent-des-etageres-lesprit-olympique-se-propage\/"},"author":{"name":"cdnolympicteam","@id":"https:\/\/develop.olympic.ca\/olympique\/#\/schema\/person\/b88ab0bea250d933632a93e669b06e95"},"headline":"Les mitaines rouges s\u2019envolent des \u00e9tag\u00e8res, l\u2019esprit olympique se propage","datePublished":"2009-12-21T22:44:24+00:00","dateModified":"2013-08-01T01:09:08+00:00","mainEntityOfPage":{"@id":"https:\/\/develop.olympic.ca\/olympique\/2009\/12\/21\/les-mitaines-rouges-senvolent-des-etageres-lesprit-olympique-se-propage\/"},"wordCount":412,"commentCount":0,"image":{"@id":"https:\/\/develop.olympic.ca\/olympique\/2009\/12\/21\/les-mitaines-rouges-senvolent-des-etageres-lesprit-olympique-se-propage\/#primaryimage"},"thumbnailUrl":"https:\/\/develop.olympic.ca\/olympique\/wp-content\/uploads\/sites\/2\/2011\/08\/red-mittens-ottawa5.jpg?quality=100","articleSection":["Uncategorized @fr"],"inLanguage":"fr-FR","potentialAction":[{"@type":"CommentAction","name":"Comment","target":["https:\/\/develop.olympic.ca\/olympique\/2009\/12\/21\/les-mitaines-rouges-senvolent-des-etageres-lesprit-olympique-se-propage\/#respond"]}]},{"@type":"WebPage","@id":"https:\/\/develop.olympic.ca\/olympique\/2009\/12\/21\/les-mitaines-rouges-senvolent-des-etageres-lesprit-olympique-se-propage\/","url":"https:\/\/develop.olympic.ca\/olympique\/2009\/12\/21\/les-mitaines-rouges-senvolent-des-etageres-lesprit-olympique-se-propage\/","name":"Les mitaines rouges s\u2019envolent des \u00e9tag\u00e8res, l\u2019esprit olympique se propage - \u00c9quipe Canada | Site officiel de l&#039;\u00e9quipe olympique","isPartOf":{"@id":"https:\/\/develop.olympic.ca\/olympique\/#website"},"primaryImageOfPage":{"@id":"https:\/\/develop.olympic.ca\/olympique\/2009\/12\/21\/les-mitaines-rouges-senvolent-des-etageres-lesprit-olympique-se-propage\/#primaryimage"},"image":{"@id":"https:\/\/develop.olympic.ca\/olympique\/2009\/12\/21\/les-mitaines-rouges-senvolent-des-etageres-lesprit-olympique-se-propage\/#primaryimage"},"thumbnailUrl":"https:\/\/develop.olympic.ca\/olympique\/wp-content\/uploads\/sites\/2\/2011\/08\/red-mittens-ottawa5.jpg?quality=100","datePublished":"2009-12-21T22:44:24+00:00","dateModified":"2013-08-01T01:09:08+00:00","author":{"@id":"https:\/\/develop.olympic.ca\/olympique\/#\/schema\/person\/b88ab0bea250d933632a93e669b06e95"},"inLanguage":"fr-FR","potentialAction":[{"@type":"ReadAction","target":["https:\/\/develop.olympic.ca\/olympique\/2009\/12\/21\/les-mitaines-rouges-senvolent-des-etageres-lesprit-olympique-se-propage\/"]}]},{"@type":"ImageObject","inLanguage":"fr-FR","@id":"https:\/\/develop.olympic.ca\/olympique\/2009\/12\/21\/les-mitaines-rouges-senvolent-des-etageres-lesprit-olympique-se-propage\/#primaryimage","url":"https:\/\/develop.olympic.ca\/olympique\/wp-content\/uploads\/sites\/2\/2011\/08\/red-mittens-ottawa5.jpg?quality=100","contentUrl":"https:\/\/develop.olympic.ca\/olympique\/wp-content\/uploads\/sites\/2\/2011\/08\/red-mittens-ottawa5.jpg?quality=100","width":2895,"height":1778},{"@type":"WebSite","@id":"https:\/\/develop.olympic.ca\/olympique\/#website","url":"https:\/\/develop.olympic.ca\/olympique\/","name":"\u00c9quipe Canada | Site officiel de l&#039;\u00e9quipe olympique","description":"Votre source pour l\u2019\u00c9quipe olympique canadienne. Retrouvez les r\u00e9cits, vid\u00e9os et photos des athl\u00e8tes canadiens, sports olympiques, Jeux olympiques de 2020 et bien plus!","potentialAction":[{"@type":"SearchAction","target":{"@type":"EntryPoint","urlTemplate":"https:\/\/develop.olympic.ca\/olympique\/?s={search_term_string}"},"query-input":{"@type":"PropertyValueSpecification","valueRequired":true,"valueName":"search_term_string"}}],"inLanguage":"fr-FR"},{"@type":"Person","@id":"https:\/\/develop.olympic.ca\/olympique\/#\/schema\/person\/b88ab0bea250d933632a93e669b06e95","name":"cdnolympicteam","image":{"@type":"ImageObject","inLanguage":"fr-FR","@id":"https:\/\/secure.gravatar.com\/avatar\/5ebf1554473077ab88cd1ec3372750991c09302ef58500182e331751d1f3473b?s=96&d=identicon&r=g7289394c1202ef020fcd9aad965e50f7","url":"https:\/\/secure.gravatar.com\/avatar\/5ebf1554473077ab88cd1ec3372750991c09302ef58500182e331751d1f3473b?s=96&d=identicon&r=g","contentUrl":"https:\/\/secure.gravatar.com\/avatar\/5ebf1554473077ab88cd1ec3372750991c09302ef58500182e331751d1f3473b?s=96&d=identicon&r=g","caption":"cdnolympicteam"},"url":"https:\/\/develop.olympic.ca\/olympique\/author\/cdnolympicteam\/"}]}},"jetpack_featured_media_url":"https:\/\/develop.olympic.ca\/olympique\/wp-content\/uploads\/sites\/2\/2011\/08\/red-mittens-ottawa5.jpg?quality=100","featured_image_url":"https:\/\/develop.olympic.ca\/olympique\/wp-content\/uploads\/sites\/2\/2011\/08\/red-mittens-ottawa5.jpg?quality=100","author_name":["Comit\u00e9 olympique canadien"],"category_names":["Uncategorized @fr"],"tag_names":[],"video_embed_code":"","facebook_video_embed_code":"","jetpack_sharing_enabled":true,"jetpack-related-posts":[],"jetpack_shortlink":"https:\/\/wp.me\/pbmyEP-Zh","_links":{"self":[{"href":"https:\/\/develop.olympic.ca\/olympique\/wp-json\/wp\/v2\/posts\/3799","targetHints":{"allow":["GET"]}}],"collection":[{"href":"https:\/\/develop.olympic.ca\/olympique\/wp-json\/wp\/v2\/posts"}],"about":[{"href":"https:\/\/develop.olympic.ca\/olympique\/wp-json\/wp\/v2\/types\/post"}],"author":[{"embeddable":true,"href":"https:\/\/develop.olympic.ca\/olympique\/wp-json\/wp\/v2\/users\/47562643"}],"replies":[{"embeddable":true,"href":"https:\/\/develop.olympic.ca\/olympique\/wp-json\/wp\/v2\/comments?post=3799"}],"version-history":[{"count":1,"href":"https:\/\/develop.olympic.ca\/olympique\/wp-json\/wp\/v2\/posts\/3799\/revisions"}],"predecessor-version":[{"id":82832,"href":"https:\/\/develop.olympic.ca\/olympique\/wp-json\/wp\/v2\/posts\/3799\/revisions\/82832"}],"wp:featuredmedia":[{"embeddable":true,"href":"https:\/\/develop.olympic.ca\/olympique\/wp-json\/wp\/v2\/media\/3797"}],"wp:attachment":[{"href":"https:\/\/develop.olympic.ca\/olympique\/wp-json\/wp\/v2\/media?parent=3799"}],"wp:term":[{"taxonomy":"category","embeddable":true,"href":"https:\/\/develop.olympic.ca\/olympique\/wp-json\/wp\/v2\/categories?post=3799"},{"taxonomy":"post_tag","embeddable":true,"href":"https:\/\/develop.olympic.ca\/olympique\/wp-json\/wp\/v2\/tags?post=3799"},{"taxonomy":"post_format","embeddable":true,"href":"https:\/\/develop.olympic.ca\/olympique\/wp-json\/wp\/v2\/post_format?post=3799"},{"taxonomy":"sport","embeddable":true,"href":"https:\/\/develop.olympic.ca\/olympique\/wp-json\/wp\/v2\/sport?post=3799"},{"taxonomy":"game","embeddable":true,"href":"https:\/\/develop.olympic.ca\/olympique\/wp-json\/wp\/v2\/game?post=3799"},{"taxonomy":"author","embeddable":true,"href":"https:\/\/develop.olympic.ca\/olympique\/wp-json\/wp\/v2\/coauthors?post=3799"}],"curies":[{"name":"wp","href":"https:\/\/api.w.org\/{rel}","templated":true}]}}