{"id":4158,"date":"2010-02-22T21:16:24","date_gmt":"2010-02-23T02:16:24","guid":{"rendered":"http:\/\/develop.olympic.ca\/?p=4158"},"modified":"2013-08-01T01:09:42","modified_gmt":"2013-08-01T01:09:42","slug":"un-message-de-joannie-rochette-et-de-son-entraineure-manon-perron","status":"publish","type":"post","link":"https:\/\/develop.olympic.ca\/olympique\/2010\/02\/22\/un-message-de-joannie-rochette-et-de-son-entraineure-manon-perron\/","title":{"rendered":"Un message de Joannie Rochette et de son entra\u00eeneure Manon Perron"},"content":{"rendered":"<p>Nous voulons toutes les deux remercier tous les gens ici et partout au Canada de leur soutien. Nous avons re\u00e7u un grand nombre de courriels et de messages textes, et nous voulions que vous sachiez que nous lisons tout ce que vous envoyez. Nous voulons aussi que chacun d\u2019entre vous sache que ces messages nous aident \u00e0 passer au travers ces moments difficiles. Nous allons le faire avec l\u2019aide de Th\u00e9r\u00e8se (la m\u00e8re de Joannie). M\u00eame si nous ne sommes pas capables de r\u00e9pondre \u00e0 chacun d\u2019entre vous, s\u2019il vous pla\u00eet, continuez \u00e0 nous \u00e9crire. <\/p>\n<p>Merci de comprendre que nous ne donnerons aucune entrevue parce que nous voulons garder toute notre \u00e9nergie et toute notre concentration pour la comp\u00e9tition, et nous planifions toutes les deux de parler aux m\u00e9dias \u00e0 la fin de la comp\u00e9tition.<\/p>\n","protected":false},"excerpt":{"rendered":"<p>Nous voulons toutes les deux remercier tous les gens ici et partout au Canada de leur soutien. Nous avons re\u00e7u&#8230;<\/p>\n","protected":false},"author":47562643,"featured_media":0,"comment_status":"open","ping_status":"open","sticky":false,"template":"","format":"standard","meta":{"_acf_changed":false,"_crdt_document":"","_jetpack_memberships_contains_paid_content":false,"footnotes":""},"categories":[23939911],"tags":[],"post_format":"standard","sport":[],"game":[],"coauthors":[186127234],"class_list":["post-4158","post","type-post","status-publish","format-standard","hentry","category-uncategorized-fr"],"acf":[],"yoast_head":"<!-- This site is optimized with the Yoast SEO plugin v27.3 - https:\/\/yoast.com\/product\/yoast-seo-wordpress\/ -->\n<title>Un message de Joannie Rochette et de son entra\u00eeneure Manon Perron - \u00c9quipe Canada | Site officiel de l&#039;\u00e9quipe olympique<\/title>\n<meta name=\"robots\" content=\"index, follow, max-snippet:-1, max-image-preview:large, max-video-preview:-1\" \/>\n<link rel=\"canonical\" href=\"https:\/\/develop.olympic.ca\/olympique\/2010\/02\/22\/un-message-de-joannie-rochette-et-de-son-entraineure-manon-perron\/\" \/>\n<meta property=\"og:locale\" content=\"fr_FR\" \/>\n<meta property=\"og:type\" content=\"article\" \/>\n<meta property=\"og:title\" content=\"Un message de Joannie Rochette et de son entra\u00eeneure Manon Perron - \u00c9quipe Canada | Site officiel de l&#039;\u00e9quipe olympique\" \/>\n<meta property=\"og:description\" content=\"Nous voulons toutes les deux remercier tous les gens ici et partout au Canada de leur soutien. Nous avons re\u00e7u...\" \/>\n<meta property=\"og:url\" content=\"https:\/\/develop.olympic.ca\/olympique\/2010\/02\/22\/un-message-de-joannie-rochette-et-de-son-entraineure-manon-perron\/\" \/>\n<meta property=\"og:site_name\" content=\"\u00c9quipe Canada | Site officiel de l&#039;\u00e9quipe olympique\" \/>\n<meta property=\"article:published_time\" content=\"2010-02-23T02:16:24+00:00\" \/>\n<meta property=\"article:modified_time\" content=\"2013-08-01T01:09:42+00:00\" \/>\n<meta name=\"author\" content=\"Comit\u00e9 olympique canadien\" \/>\n<meta name=\"twitter:card\" content=\"summary_large_image\" \/>\n<meta name=\"twitter:label1\" content=\"Written by\" \/>\n\t<meta name=\"twitter:data1\" content=\"Comit\u00e9 olympique canadien\" \/>\n\t<meta name=\"twitter:label2\" content=\"Est. reading time\" \/>\n\t<meta name=\"twitter:data2\" content=\"1 minute\" \/>\n<script type=\"application\/ld+json\" class=\"yoast-schema-graph\">{\"@context\":\"https:\\\/\\\/schema.org\",\"@graph\":[{\"@type\":\"Article\",\"@id\":\"https:\\\/\\\/develop.olympic.ca\\\/olympique\\\/2010\\\/02\\\/22\\\/un-message-de-joannie-rochette-et-de-son-entraineure-manon-perron\\\/#article\",\"isPartOf\":{\"@id\":\"https:\\\/\\\/develop.olympic.ca\\\/olympique\\\/2010\\\/02\\\/22\\\/un-message-de-joannie-rochette-et-de-son-entraineure-manon-perron\\\/\"},\"author\":{\"name\":\"cdnolympicteam\",\"@id\":\"https:\\\/\\\/develop.olympic.ca\\\/olympique\\\/#\\\/schema\\\/person\\\/b88ab0bea250d933632a93e669b06e95\"},\"headline\":\"Un message de Joannie Rochette et de son entra\u00eeneure Manon Perron\",\"datePublished\":\"2010-02-23T02:16:24+00:00\",\"dateModified\":\"2013-08-01T01:09:42+00:00\",\"mainEntityOfPage\":{\"@id\":\"https:\\\/\\\/develop.olympic.ca\\\/olympique\\\/2010\\\/02\\\/22\\\/un-message-de-joannie-rochette-et-de-son-entraineure-manon-perron\\\/\"},\"wordCount\":157,\"commentCount\":0,\"articleSection\":[\"Uncategorized @fr\"],\"inLanguage\":\"fr-FR\",\"potentialAction\":[{\"@type\":\"CommentAction\",\"name\":\"Comment\",\"target\":[\"https:\\\/\\\/develop.olympic.ca\\\/olympique\\\/2010\\\/02\\\/22\\\/un-message-de-joannie-rochette-et-de-son-entraineure-manon-perron\\\/#respond\"]}]},{\"@type\":\"WebPage\",\"@id\":\"https:\\\/\\\/develop.olympic.ca\\\/olympique\\\/2010\\\/02\\\/22\\\/un-message-de-joannie-rochette-et-de-son-entraineure-manon-perron\\\/\",\"url\":\"https:\\\/\\\/develop.olympic.ca\\\/olympique\\\/2010\\\/02\\\/22\\\/un-message-de-joannie-rochette-et-de-son-entraineure-manon-perron\\\/\",\"name\":\"Un message de Joannie Rochette et de son entra\u00eeneure Manon Perron - \u00c9quipe Canada | Site officiel de l&#039;\u00e9quipe olympique\",\"isPartOf\":{\"@id\":\"https:\\\/\\\/develop.olympic.ca\\\/olympique\\\/#website\"},\"datePublished\":\"2010-02-23T02:16:24+00:00\",\"dateModified\":\"2013-08-01T01:09:42+00:00\",\"author\":{\"@id\":\"https:\\\/\\\/develop.olympic.ca\\\/olympique\\\/#\\\/schema\\\/person\\\/b88ab0bea250d933632a93e669b06e95\"},\"inLanguage\":\"fr-FR\",\"potentialAction\":[{\"@type\":\"ReadAction\",\"target\":[\"https:\\\/\\\/develop.olympic.ca\\\/olympique\\\/2010\\\/02\\\/22\\\/un-message-de-joannie-rochette-et-de-son-entraineure-manon-perron\\\/\"]}]},{\"@type\":\"WebSite\",\"@id\":\"https:\\\/\\\/develop.olympic.ca\\\/olympique\\\/#website\",\"url\":\"https:\\\/\\\/develop.olympic.ca\\\/olympique\\\/\",\"name\":\"\u00c9quipe Canada | Site officiel de l&#039;\u00e9quipe olympique\",\"description\":\"Votre source pour l\u2019\u00c9quipe olympique canadienne. Retrouvez les r\u00e9cits, vid\u00e9os et photos des athl\u00e8tes canadiens, sports olympiques, Jeux olympiques de 2020 et bien plus!\",\"potentialAction\":[{\"@type\":\"SearchAction\",\"target\":{\"@type\":\"EntryPoint\",\"urlTemplate\":\"https:\\\/\\\/develop.olympic.ca\\\/olympique\\\/?s={search_term_string}\"},\"query-input\":{\"@type\":\"PropertyValueSpecification\",\"valueRequired\":true,\"valueName\":\"search_term_string\"}}],\"inLanguage\":\"fr-FR\"},{\"@type\":\"Person\",\"@id\":\"https:\\\/\\\/develop.olympic.ca\\\/olympique\\\/#\\\/schema\\\/person\\\/b88ab0bea250d933632a93e669b06e95\",\"name\":\"cdnolympicteam\",\"image\":{\"@type\":\"ImageObject\",\"inLanguage\":\"fr-FR\",\"@id\":\"https:\\\/\\\/secure.gravatar.com\\\/avatar\\\/5ebf1554473077ab88cd1ec3372750991c09302ef58500182e331751d1f3473b?s=96&d=identicon&r=g7289394c1202ef020fcd9aad965e50f7\",\"url\":\"https:\\\/\\\/secure.gravatar.com\\\/avatar\\\/5ebf1554473077ab88cd1ec3372750991c09302ef58500182e331751d1f3473b?s=96&d=identicon&r=g\",\"contentUrl\":\"https:\\\/\\\/secure.gravatar.com\\\/avatar\\\/5ebf1554473077ab88cd1ec3372750991c09302ef58500182e331751d1f3473b?s=96&d=identicon&r=g\",\"caption\":\"cdnolympicteam\"},\"url\":\"https:\\\/\\\/develop.olympic.ca\\\/olympique\\\/author\\\/cdnolympicteam\\\/\"}]}<\/script>\n<!-- \/ Yoast SEO plugin. -->","yoast_head_json":{"title":"Un message de Joannie Rochette et de son entra\u00eeneure Manon Perron - \u00c9quipe Canada | Site officiel de l&#039;\u00e9quipe olympique","robots":{"index":"index","follow":"follow","max-snippet":"max-snippet:-1","max-image-preview":"max-image-preview:large","max-video-preview":"max-video-preview:-1"},"canonical":"https:\/\/develop.olympic.ca\/olympique\/2010\/02\/22\/un-message-de-joannie-rochette-et-de-son-entraineure-manon-perron\/","og_locale":"fr_FR","og_type":"article","og_title":"Un message de Joannie Rochette et de son entra\u00eeneure Manon Perron - \u00c9quipe Canada | Site officiel de l&#039;\u00e9quipe olympique","og_description":"Nous voulons toutes les deux remercier tous les gens ici et partout au Canada de leur soutien. Nous avons re\u00e7u...","og_url":"https:\/\/develop.olympic.ca\/olympique\/2010\/02\/22\/un-message-de-joannie-rochette-et-de-son-entraineure-manon-perron\/","og_site_name":"\u00c9quipe Canada | Site officiel de l&#039;\u00e9quipe olympique","article_published_time":"2010-02-23T02:16:24+00:00","article_modified_time":"2013-08-01T01:09:42+00:00","author":"Comit\u00e9 olympique canadien","twitter_card":"summary_large_image","twitter_misc":{"Written by":"Comit\u00e9 olympique canadien","Est. reading time":"1 minute"},"schema":{"@context":"https:\/\/schema.org","@graph":[{"@type":"Article","@id":"https:\/\/develop.olympic.ca\/olympique\/2010\/02\/22\/un-message-de-joannie-rochette-et-de-son-entraineure-manon-perron\/#article","isPartOf":{"@id":"https:\/\/develop.olympic.ca\/olympique\/2010\/02\/22\/un-message-de-joannie-rochette-et-de-son-entraineure-manon-perron\/"},"author":{"name":"cdnolympicteam","@id":"https:\/\/develop.olympic.ca\/olympique\/#\/schema\/person\/b88ab0bea250d933632a93e669b06e95"},"headline":"Un message de Joannie Rochette et de son entra\u00eeneure Manon Perron","datePublished":"2010-02-23T02:16:24+00:00","dateModified":"2013-08-01T01:09:42+00:00","mainEntityOfPage":{"@id":"https:\/\/develop.olympic.ca\/olympique\/2010\/02\/22\/un-message-de-joannie-rochette-et-de-son-entraineure-manon-perron\/"},"wordCount":157,"commentCount":0,"articleSection":["Uncategorized @fr"],"inLanguage":"fr-FR","potentialAction":[{"@type":"CommentAction","name":"Comment","target":["https:\/\/develop.olympic.ca\/olympique\/2010\/02\/22\/un-message-de-joannie-rochette-et-de-son-entraineure-manon-perron\/#respond"]}]},{"@type":"WebPage","@id":"https:\/\/develop.olympic.ca\/olympique\/2010\/02\/22\/un-message-de-joannie-rochette-et-de-son-entraineure-manon-perron\/","url":"https:\/\/develop.olympic.ca\/olympique\/2010\/02\/22\/un-message-de-joannie-rochette-et-de-son-entraineure-manon-perron\/","name":"Un message de Joannie Rochette et de son entra\u00eeneure Manon Perron - \u00c9quipe Canada | Site officiel de l&#039;\u00e9quipe olympique","isPartOf":{"@id":"https:\/\/develop.olympic.ca\/olympique\/#website"},"datePublished":"2010-02-23T02:16:24+00:00","dateModified":"2013-08-01T01:09:42+00:00","author":{"@id":"https:\/\/develop.olympic.ca\/olympique\/#\/schema\/person\/b88ab0bea250d933632a93e669b06e95"},"inLanguage":"fr-FR","potentialAction":[{"@type":"ReadAction","target":["https:\/\/develop.olympic.ca\/olympique\/2010\/02\/22\/un-message-de-joannie-rochette-et-de-son-entraineure-manon-perron\/"]}]},{"@type":"WebSite","@id":"https:\/\/develop.olympic.ca\/olympique\/#website","url":"https:\/\/develop.olympic.ca\/olympique\/","name":"\u00c9quipe Canada | Site officiel de l&#039;\u00e9quipe olympique","description":"Votre source pour l\u2019\u00c9quipe olympique canadienne. Retrouvez les r\u00e9cits, vid\u00e9os et photos des athl\u00e8tes canadiens, sports olympiques, Jeux olympiques de 2020 et bien plus!","potentialAction":[{"@type":"SearchAction","target":{"@type":"EntryPoint","urlTemplate":"https:\/\/develop.olympic.ca\/olympique\/?s={search_term_string}"},"query-input":{"@type":"PropertyValueSpecification","valueRequired":true,"valueName":"search_term_string"}}],"inLanguage":"fr-FR"},{"@type":"Person","@id":"https:\/\/develop.olympic.ca\/olympique\/#\/schema\/person\/b88ab0bea250d933632a93e669b06e95","name":"cdnolympicteam","image":{"@type":"ImageObject","inLanguage":"fr-FR","@id":"https:\/\/secure.gravatar.com\/avatar\/5ebf1554473077ab88cd1ec3372750991c09302ef58500182e331751d1f3473b?s=96&d=identicon&r=g7289394c1202ef020fcd9aad965e50f7","url":"https:\/\/secure.gravatar.com\/avatar\/5ebf1554473077ab88cd1ec3372750991c09302ef58500182e331751d1f3473b?s=96&d=identicon&r=g","contentUrl":"https:\/\/secure.gravatar.com\/avatar\/5ebf1554473077ab88cd1ec3372750991c09302ef58500182e331751d1f3473b?s=96&d=identicon&r=g","caption":"cdnolympicteam"},"url":"https:\/\/develop.olympic.ca\/olympique\/author\/cdnolympicteam\/"}]}},"jetpack_featured_media_url":"","featured_image_url":"","author_name":["Comit\u00e9 olympique canadien"],"category_names":["Uncategorized @fr"],"tag_names":[],"video_embed_code":"","facebook_video_embed_code":"","jetpack_sharing_enabled":true,"jetpack-related-posts":[],"jetpack_shortlink":"https:\/\/wp.me\/pbmyEP-154","_links":{"self":[{"href":"https:\/\/develop.olympic.ca\/olympique\/wp-json\/wp\/v2\/posts\/4158","targetHints":{"allow":["GET"]}}],"collection":[{"href":"https:\/\/develop.olympic.ca\/olympique\/wp-json\/wp\/v2\/posts"}],"about":[{"href":"https:\/\/develop.olympic.ca\/olympique\/wp-json\/wp\/v2\/types\/post"}],"author":[{"embeddable":true,"href":"https:\/\/develop.olympic.ca\/olympique\/wp-json\/wp\/v2\/users\/47562643"}],"replies":[{"embeddable":true,"href":"https:\/\/develop.olympic.ca\/olympique\/wp-json\/wp\/v2\/comments?post=4158"}],"version-history":[{"count":1,"href":"https:\/\/develop.olympic.ca\/olympique\/wp-json\/wp\/v2\/posts\/4158\/revisions"}],"predecessor-version":[{"id":82877,"href":"https:\/\/develop.olympic.ca\/olympique\/wp-json\/wp\/v2\/posts\/4158\/revisions\/82877"}],"wp:attachment":[{"href":"https:\/\/develop.olympic.ca\/olympique\/wp-json\/wp\/v2\/media?parent=4158"}],"wp:term":[{"taxonomy":"category","embeddable":true,"href":"https:\/\/develop.olympic.ca\/olympique\/wp-json\/wp\/v2\/categories?post=4158"},{"taxonomy":"post_tag","embeddable":true,"href":"https:\/\/develop.olympic.ca\/olympique\/wp-json\/wp\/v2\/tags?post=4158"},{"taxonomy":"post_format","embeddable":true,"href":"https:\/\/develop.olympic.ca\/olympique\/wp-json\/wp\/v2\/post_format?post=4158"},{"taxonomy":"sport","embeddable":true,"href":"https:\/\/develop.olympic.ca\/olympique\/wp-json\/wp\/v2\/sport?post=4158"},{"taxonomy":"game","embeddable":true,"href":"https:\/\/develop.olympic.ca\/olympique\/wp-json\/wp\/v2\/game?post=4158"},{"taxonomy":"author","embeddable":true,"href":"https:\/\/develop.olympic.ca\/olympique\/wp-json\/wp\/v2\/coauthors?post=4158"}],"curies":[{"name":"wp","href":"https:\/\/api.w.org\/{rel}","templated":true}]}}