{"id":48576,"date":"2013-01-30T11:24:39","date_gmt":"2013-01-30T16:24:39","guid":{"rendered":"http:\/\/develop.olympic.ca\/?p=48576"},"modified":"2013-07-24T13:36:12","modified_gmt":"2013-07-24T13:36:12","slug":"alex-gough-cree-un-heritage-pour-la-luge","status":"publish","type":"post","link":"https:\/\/develop.olympic.ca\/olympique\/2013\/01\/30\/alex-gough-cree-un-heritage-pour-la-luge\/","title":{"rendered":"Alex Gough cr\u00e9e un h\u00e9ritage pour la luge"},"content":{"rendered":"<p>La double Olympienne <a href=\"http:\/\/develop.olympic.ca\/fr\/team-canada\/alex-gough-2\" target=\"_blank\">Alex Gough<\/a> dit avoir eu une vie active pendant son enfance et avoir \u00e9t\u00e9 en mesure d\u2019explorer divers sports, notamment la natation, la gymnastique, le soccer et le ski. Toutefois, c\u2019est \u00e0 la suite d\u2019une d\u00e9cision de sa m\u00e8re que la deuxi\u00e8me moiti\u00e9 de la vie de la lugeuse allait changer. Alex Gough avait 13 ans.<\/p>\n<p>Sa m\u00e8re, Zan Aycock, avait entendu parler d\u2019un camp de recrutement de luge par des amis de la famille. Elle a donc d\u00e9cid\u00e9 d\u2019y inscrire sa fille pr\u00e9adolescente tout en sachant que lorsqu\u2019on grandit \u00e0 Calgary, la vie offre \u00e0 la plupart des enfants des chances qu\u2019ils n\u2019auraient pas autrement puisque on y trouve \u00e0 proximit\u00e9 une piste olympique.<\/p>\n<p>\u00ab Nous avons pens\u00e9 que ce serait int\u00e9ressant et que \u00e7a me tiendrait occup\u00e9e en semaine, l\u2019hiver \u00bb, raconte l\u2019athl\u00e8te. \u00ab Je n\u2019avais rien trouv\u00e9 que j\u2019aimais vraiment, donc j\u2019ai essay\u00e9 et j\u2019ai ador\u00e9 \u00e7a. Pensez-y&#8230; \u00eatre jeune et pouvoir d\u00e9valer une piste \u00e0 toute vitesse. \u00bb<\/p>\n<p>S\u2019avouant elle-m\u00eame casse-cou, Alex Gough dit qu\u2019elle n\u2019avait qu\u2019une vague id\u00e9e de ce dans quoi elle s\u2019embarquait, mais qu\u2019elle savait que cela semblait amusant. Ce qui a commenc\u00e9 par \u00eatre une activit\u00e9 r\u00e9cr\u00e9ative s\u2019est vite transform\u00e9 en carri\u00e8re internationale et aujourd\u2019hui, Alex Gough est reconnue comme la glisseuse la plus accomplie de l\u2019histoire de l\u2019Association canadienne de luge.<\/p>\n<div id=\"attachment_48578\" style=\"width: 213px\" class=\"wp-caption alignright\"><a href=\"http:\/\/develop.olympic.ca\/wp-content\/uploads\/sites\/2\/2013\/01\/picture1_web16.jpg\"><img loading=\"lazy\" decoding=\"async\" aria-describedby=\"caption-attachment-48578\" class=\"size-medium wp-image-48578 \" title=\"Photo du COC : Dave Sandford\" src=\"http:\/\/develop.olympic.ca\/wp-content\/uploads\/sites\/2\/2013\/01\/picture1_web16.jpg?w=203&amp;h=300\" alt=\"Photo du COC : Dave Sandford\" width=\"203\" height=\"300\" srcset=\"https:\/\/develop.olympic.ca\/olympique\/wp-content\/uploads\/sites\/2\/2013\/01\/picture1_web16.jpg 434w, https:\/\/develop.olympic.ca\/olympique\/wp-content\/uploads\/sites\/2\/2013\/01\/picture1_web16.jpg?resize=107,158 107w, https:\/\/develop.olympic.ca\/olympique\/wp-content\/uploads\/sites\/2\/2013\/01\/picture1_web16.jpg?resize=252,371 252w\" sizes=\"(max-width: 203px) 100vw, 203px\" \/><\/a><p id=\"caption-attachment-48578\" class=\"wp-caption-text\">Alex Gough pendant la troisi\u00e8me ronde de l\u2019\u00e9preuve f\u00e9minine de luge aux Jeux olympiques d\u2019hiver de 2010 COC \/ Dave Sandford<\/p><\/div>\n<p>Six fois championne nationale, Alex Gough a progressivement mont\u00e9 au classement depuis sa pr\u00e9sence surprise comme membre de l\u2019\u00c9quipe olympique canadienne aux Jeux d\u2019hiver de 2006.<\/p>\n<p>\u00ab Je n\u2019avais jamais pens\u00e9 me rendre \u00e0 Turin en 2006, je me concentrais plut\u00f4t sur 2010 (pour mes premiers Jeux d\u2019hiver) \u00bb, explique-t-elle. \u00ab \u00c0 l\u2019automne 2005, j\u2019ai \u00e9t\u00e9 admise au sein de l\u2019\u00e9quipe nationale; il s\u2019agissait de ma premi\u00e8re ann\u00e9e sur le circuit de la Coupe du monde. Je me concentrais surtout \u00e0 tenter de me qualifier pour les courses et \u00e0 me rendre aux pistes auxquelles je ne m\u2019\u00e9tais pas rendue auparavant. Je n\u2019avais presque m\u00eame pas r\u00e9alis\u00e9 que je m\u2019\u00e9tais qualifi\u00e9e pour les Jeux olympiques. J\u2019\u00e9tais jeune et j\u2019avais comme but, \u00e0 Turin, de prendre de l\u2019exp\u00e9rience. \u00bb<\/p>\n<p>Un voyage inattendu \u00e0 Turin pour l\u2019athl\u00e8te alors \u00e2g\u00e9e de 19 ans, qui termin\u00e9 au 20e rang de la comp\u00e9tition, s\u2019est transform\u00e9 en une occasion de grande importance pour la jeune lugeuse qui cherchait toujours \u00e0 se tailler une place.<\/p>\n<p>Quatre ans plus tard, Alex Gough est retourn\u00e9e aux Jeux et dit avoir \u00e9t\u00e9 d\u00e9\u00e7ue de son r\u00e9sultat \u00e0 Vancouver.<\/p>\n<p>\u00ab La comp\u00e9tition en tant que telle n\u2019a pas \u00e9t\u00e9 ce que nous avions esp\u00e9r\u00e9 et cela a \u00e9t\u00e9 tr\u00e8s d\u00e9cevant \u00bb, explique-t-elle au sujet de sa 18e place. \u00ab Les choses ont \u00e9t\u00e9 difficiles pour moi. Par la suite, ma m\u00e8re m\u2019a dit qu\u2019aux Jeux olympiques, il y a des h\u00e9ros et des d\u00e9faites am\u00e8res. Malheureusement pour moi, j\u2019ai v\u00e9cu une d\u00e9faite am\u00e8re. \u00bb<\/p>\n<p>Motiv\u00e9e parce ce qu\u2019elle croyait \u00eatre un potentiel non r\u00e9alis\u00e9, Alex Gough a perc\u00e9 en 2011 sur la sc\u00e8ne mondiale \u00e0 titre de s\u00e9rieuse menace lorsqu\u2019elle est devenue la premi\u00e8re athl\u00e8te n\u00e9e au Canada \u00e0 remporter une m\u00e9daille aux Championnats du monde de luge. Il s\u2019agissait d\u2019une m\u00e9daille de bronze. Mais c\u2019est le 12 f\u00e9vrier 2011 que le monde a s\u00e9rieusement commenc\u00e9 \u00e0 la remarquer lorsqu\u2019elle a d\u00e9croch\u00e9 la m\u00e9daille d\u2019or pour mettre fin \u00e0 la s\u00e9rie de 105 victoires record de l\u2019Allemagne \u00e0 des \u00e9preuves f\u00e9minines de luge, s\u00e9rie qui a dur\u00e9 presque 14 ans.<\/p>\n<p>Au total, Alex Gough a maintenant remport\u00e9 neuf m\u00e9dailles en Coupe du monde, y compris une m\u00e9daille d\u2019or en 2011, \u00e0 domicile \u00e0 Calgary, et deux m\u00e9dailles de bronze pour d\u00e9buter la saison 2012-2013. Lugeuse remarquablement constante, Alex Gough a termin\u00e9 parmi les six premi\u00e8res \u00e0 toutes les courses de la saison actuelle, exploit qu\u2019elle esp\u00e8re poursuivre en fin de semaine aux Championnats du monde qui se d\u00e9roulent \u00e0 Whistler, en Colombie-Britannique.<\/p>\n<p>\u00ab La saison a d\u00e9but\u00e9 en grand pour moi \u00bb, affirme-t-elle. \u00ab J\u2019ai eu deux tr\u00e8s bonnes courses en Autriche et en Allemagne, courses qui se sont sold\u00e9es en deux podiums. Mes deux derni\u00e8res courses n\u2019ont pas \u00e9t\u00e9 aussi bonnes, mais j\u2019ai h\u00e2te \u00e0 cette semaine et de me retrouver \u00e0 domicile sur une piste o\u00f9 je me sens vraiment \u00e0 l\u2019aise. \u00bb<\/p>\n<div id=\"attachment_48579\" style=\"width: 310px\" class=\"wp-caption alignright\"><a href=\"http:\/\/develop.olympic.ca\/wp-content\/uploads\/sites\/2\/2013\/01\/picture216.jpg\"><img loading=\"lazy\" decoding=\"async\" aria-describedby=\"caption-attachment-48579\" class=\"size-medium wp-image-48579 \" title=\"Photo : La Presse Canadienne\" src=\"http:\/\/develop.olympic.ca\/wp-content\/uploads\/sites\/2\/2013\/01\/picture216.jpg?w=300&amp;h=222\" alt=\"Photo : La Presse Canadienne\" width=\"300\" height=\"222\" srcset=\"https:\/\/develop.olympic.ca\/olympique\/wp-content\/uploads\/sites\/2\/2013\/01\/picture216.jpg 448w, https:\/\/develop.olympic.ca\/olympique\/wp-content\/uploads\/sites\/2\/2013\/01\/picture216.jpg?resize=213,158 213w\" sizes=\"(max-width: 300px) 100vw, 300px\" \/><\/a><p id=\"caption-attachment-48579\" class=\"wp-caption-text\">Alex Gough apr\u00e8s avoir remport\u00e9 la premi\u00e8re victoire de l\u2019histoire canadienne en Coupe du monde, le vendredi 16 d\u00e9cembre 2011 \u00e0 domicile, \u00e0 Calgary (Alberta). LA PRESSE CANADIENNE\/Larry MacDougal<\/p><\/div>\n<p>Les Championnats du monde ont \u00e9t\u00e9 fructueux pour Alex Gough. En plus de sa m\u00e9daille de bronze en 2011, elle a termin\u00e9 en quatri\u00e8me place en 2009 et 2012 et a remport\u00e9 le bronze \u00e0 l\u2019\u00e9preuve de relais par \u00e9quipes l\u2019an pass\u00e9, en 2012. L\u2019\u00e9preuve de relais par \u00e9quipes est une course unique qui rassemble une femme en simple, un homme en simple et un couple \u00e0 l\u2019occasion d\u2019une \u00e9preuve qui fera ses d\u00e9buts olympiques aux Jeux d\u2019hiver de 2014 \u00e0 Sotchi.<\/p>\n<p>Maintenant \u00e2g\u00e9e de 25 ans, Alex Gough se joindra \u00e0 <a href=\"olympic.ca\/fr\/team-canada\/samuel-edney-2\" target=\"_blank\">Sam Edney<\/a>, 28 ans, et au duo compos\u00e9 de <a href=\"http:\/\/develop.olympic.ca\/fr\/team-canada\/tristan-walker-2\" target=\"_blank\">Tristan Walker<\/a>, 21 ans, et de <a href=\"http:\/\/develop.olympic.ca\/fr\/team-canada\/justin-snith-2\" target=\"_blank\">Justin Snith<\/a>, 20 ans, dans l\u2019espoir d\u2019am\u00e9liorer la troisi\u00e8me place de l\u2019an pass\u00e9. Le quatuor a d\u00e9j\u00e0 remport\u00e9 deux m\u00e9dailles d\u2019argent cette ann\u00e9e en Coupe du monde.<\/p>\n<p>\u00ab Nous concourons ensemble au sein de l\u2019\u00e9quipe nationale depuis quelque temps \u00bb, explique Alex Gough \u00e0 savoir pourquoi son \u00e9quipe fonctionne si bien. \u00ab Pour nous, c\u2019est une partie de plaisir et un environnement de groupe fantastique dans lequel concourir ensemble en \u00e9quipe. C\u2019est un travail d\u2019\u00e9quipe, chose que l\u2019on ne vit pas souvent dans notre sport puisqu\u2019il s\u2019agit d\u2019un sport individuel. Nous tentons de faire en sorte que ce soit amusant et d\u00e9contract\u00e9, et cela fonctionne g\u00e9n\u00e9ralement pour nous. \u00bb<\/p>\n<p>L\u2019id\u00e9e de concourir sur une piste famili\u00e8re, devant sa famille, plait beaucoup \u00e0 Alex Gough, surtout puisque les souvenirs de 2010 ne l\u2019ont pas quitt\u00e9e. Lugeuse meilleure et plus mure, elle cherche \u00e0 se racheter.<\/p>\n<p>\u00ab L\u2019occasion de concourir \u00e0 domicile \u00e0 des Championnats du monde, \u00e9preuve pour laquelle je suis pr\u00e9par\u00e9e, sera une chose des plus formidables \u00bb, d\u00e9clare-t-elle. \u00ab Je me sens bien. J\u2019ai presque l\u2019impression de me racheter. J\u2019ai h\u00e2te d\u2019y \u00eatre, avec des tonnes d\u2019amis et des membres de ma famille en plus de la foule qui nous encouragera. C\u2019est emballant pour moi parce que c\u2019est toujours amusant que les gens qui vous appuient sans cesse voient ce que vous faites. \u00bb<\/p>\n<p>Et vous pouvez miser que sa m\u00e8re sera dans les gradins \u00e0 l\u2019encourager au nom de la nation toute enti\u00e8re.<\/p>\n<p><em>&#8211; George Fadel<\/em><\/p>\n<h2>VID\u00c9O CONNEXE<\/h2>\n<span class=\"embed-youtube\" style=\"text-align:center; display: block;\"><iframe loading=\"lazy\" class=\"youtube-player\" width=\"1360\" height=\"765\" src=\"https:\/\/www.youtube.com\/embed\/-aVUzgPrIlo?version=3&#038;rel=1&#038;showsearch=0&#038;showinfo=1&#038;iv_load_policy=1&#038;fs=1&#038;hl=fr-FR&#038;autohide=2&#038;wmode=transparent\" allowfullscreen=\"true\" style=\"border:0;\" sandbox=\"allow-scripts allow-same-origin allow-popups allow-presentation allow-popups-to-escape-sandbox\"><\/iframe><\/span>\n","protected":false},"excerpt":{"rendered":"<p>La double Olympienne Alex Gough dit avoir eu une vie active pendant son enfance et avoir \u00e9t\u00e9 en mesure d\u2019explorer&#8230;<\/p>\n","protected":false},"author":52435436,"featured_media":48595,"comment_status":"open","ping_status":"open","sticky":false,"template":"","format":"standard","meta":{"_acf_changed":false,"_crdt_document":"","_jetpack_memberships_contains_paid_content":false,"footnotes":""},"categories":[707890],"tags":[],"post_format":"standard","sport":[],"game":[],"coauthors":[187838302],"class_list":["post-48576","post","type-post","status-publish","format-standard","has-post-thumbnail","hentry","category-comite"],"acf":[],"yoast_head":"<!-- This site is optimized with the Yoast SEO plugin v27.5 - https:\/\/yoast.com\/product\/yoast-seo-wordpress\/ -->\n<title>Alex Gough cr\u00e9e un h\u00e9ritage pour la luge - \u00c9quipe Canada | Site officiel de l&#039;\u00e9quipe olympique<\/title>\n<meta name=\"robots\" content=\"index, follow, max-snippet:-1, max-image-preview:large, max-video-preview:-1\" \/>\n<link rel=\"canonical\" href=\"https:\/\/develop.olympic.ca\/olympique\/2013\/01\/30\/alex-gough-cree-un-heritage-pour-la-luge\/\" \/>\n<meta property=\"og:locale\" content=\"fr_FR\" \/>\n<meta property=\"og:type\" content=\"article\" \/>\n<meta property=\"og:title\" content=\"Alex Gough cr\u00e9e un h\u00e9ritage pour la luge - \u00c9quipe Canada | Site officiel de l&#039;\u00e9quipe olympique\" \/>\n<meta property=\"og:description\" content=\"La double Olympienne Alex Gough dit avoir eu une vie active pendant son enfance et avoir \u00e9t\u00e9 en mesure d\u2019explorer...\" \/>\n<meta property=\"og:url\" content=\"https:\/\/develop.olympic.ca\/olympique\/2013\/01\/30\/alex-gough-cree-un-heritage-pour-la-luge\/\" \/>\n<meta property=\"og:site_name\" content=\"\u00c9quipe Canada | Site officiel de l&#039;\u00e9quipe olympique\" \/>\n<meta property=\"article:published_time\" content=\"2013-01-30T16:24:39+00:00\" \/>\n<meta property=\"article:modified_time\" content=\"2013-07-24T13:36:12+00:00\" \/>\n<meta property=\"og:image\" content=\"https:\/\/develop.olympic.ca\/olympique\/wp-content\/uploads\/sites\/2\/2013\/01\/m424325_r16.jpg?quality=100\" \/>\n\t<meta property=\"og:image:width\" content=\"800\" \/>\n\t<meta property=\"og:image:height\" content=\"533\" \/>\n\t<meta property=\"og:image:type\" content=\"image\/jpeg\" \/>\n<meta name=\"author\" content=\"Mark Nadolny\" \/>\n<meta name=\"twitter:card\" content=\"summary_large_image\" \/>\n<meta name=\"twitter:label1\" content=\"Written by\" \/>\n\t<meta name=\"twitter:data1\" content=\"Mark Nadolny\" \/>\n\t<meta name=\"twitter:label2\" content=\"Est. reading time\" \/>\n\t<meta name=\"twitter:data2\" content=\"6 minutes\" \/>\n<script type=\"application\/ld+json\" class=\"yoast-schema-graph\">{\"@context\":\"https:\\\/\\\/schema.org\",\"@graph\":[{\"@type\":\"Article\",\"@id\":\"https:\\\/\\\/develop.olympic.ca\\\/olympique\\\/2013\\\/01\\\/30\\\/alex-gough-cree-un-heritage-pour-la-luge\\\/#article\",\"isPartOf\":{\"@id\":\"https:\\\/\\\/develop.olympic.ca\\\/olympique\\\/2013\\\/01\\\/30\\\/alex-gough-cree-un-heritage-pour-la-luge\\\/\"},\"author\":{\"name\":\"Mark Nadolny\",\"@id\":\"https:\\\/\\\/develop.olympic.ca\\\/olympique\\\/#\\\/schema\\\/person\\\/bc0d05131da608ea1c841ff840fe2f38\"},\"headline\":\"Alex Gough cr\u00e9e un h\u00e9ritage pour la luge\",\"datePublished\":\"2013-01-30T16:24:39+00:00\",\"dateModified\":\"2013-07-24T13:36:12+00:00\",\"mainEntityOfPage\":{\"@id\":\"https:\\\/\\\/develop.olympic.ca\\\/olympique\\\/2013\\\/01\\\/30\\\/alex-gough-cree-un-heritage-pour-la-luge\\\/\"},\"wordCount\":1247,\"commentCount\":0,\"image\":{\"@id\":\"https:\\\/\\\/develop.olympic.ca\\\/olympique\\\/2013\\\/01\\\/30\\\/alex-gough-cree-un-heritage-pour-la-luge\\\/#primaryimage\"},\"thumbnailUrl\":\"https:\\\/\\\/develop.olympic.ca\\\/olympique\\\/wp-content\\\/uploads\\\/sites\\\/2\\\/2013\\\/01\\\/m424325_r16.jpg?quality=100\",\"articleSection\":[\"Derni\u00e8res nouvelles\"],\"inLanguage\":\"fr-FR\",\"potentialAction\":[{\"@type\":\"CommentAction\",\"name\":\"Comment\",\"target\":[\"https:\\\/\\\/develop.olympic.ca\\\/olympique\\\/2013\\\/01\\\/30\\\/alex-gough-cree-un-heritage-pour-la-luge\\\/#respond\"]}]},{\"@type\":\"WebPage\",\"@id\":\"https:\\\/\\\/develop.olympic.ca\\\/olympique\\\/2013\\\/01\\\/30\\\/alex-gough-cree-un-heritage-pour-la-luge\\\/\",\"url\":\"https:\\\/\\\/develop.olympic.ca\\\/olympique\\\/2013\\\/01\\\/30\\\/alex-gough-cree-un-heritage-pour-la-luge\\\/\",\"name\":\"Alex Gough cr\u00e9e un h\u00e9ritage pour la luge - \u00c9quipe Canada | Site officiel de l&#039;\u00e9quipe olympique\",\"isPartOf\":{\"@id\":\"https:\\\/\\\/develop.olympic.ca\\\/olympique\\\/#website\"},\"primaryImageOfPage\":{\"@id\":\"https:\\\/\\\/develop.olympic.ca\\\/olympique\\\/2013\\\/01\\\/30\\\/alex-gough-cree-un-heritage-pour-la-luge\\\/#primaryimage\"},\"image\":{\"@id\":\"https:\\\/\\\/develop.olympic.ca\\\/olympique\\\/2013\\\/01\\\/30\\\/alex-gough-cree-un-heritage-pour-la-luge\\\/#primaryimage\"},\"thumbnailUrl\":\"https:\\\/\\\/develop.olympic.ca\\\/olympique\\\/wp-content\\\/uploads\\\/sites\\\/2\\\/2013\\\/01\\\/m424325_r16.jpg?quality=100\",\"datePublished\":\"2013-01-30T16:24:39+00:00\",\"dateModified\":\"2013-07-24T13:36:12+00:00\",\"author\":{\"@id\":\"https:\\\/\\\/develop.olympic.ca\\\/olympique\\\/#\\\/schema\\\/person\\\/bc0d05131da608ea1c841ff840fe2f38\"},\"inLanguage\":\"fr-FR\",\"potentialAction\":[{\"@type\":\"ReadAction\",\"target\":[\"https:\\\/\\\/develop.olympic.ca\\\/olympique\\\/2013\\\/01\\\/30\\\/alex-gough-cree-un-heritage-pour-la-luge\\\/\"]}]},{\"@type\":\"ImageObject\",\"inLanguage\":\"fr-FR\",\"@id\":\"https:\\\/\\\/develop.olympic.ca\\\/olympique\\\/2013\\\/01\\\/30\\\/alex-gough-cree-un-heritage-pour-la-luge\\\/#primaryimage\",\"url\":\"https:\\\/\\\/develop.olympic.ca\\\/olympique\\\/wp-content\\\/uploads\\\/sites\\\/2\\\/2013\\\/01\\\/m424325_r16.jpg?quality=100\",\"contentUrl\":\"https:\\\/\\\/develop.olympic.ca\\\/olympique\\\/wp-content\\\/uploads\\\/sites\\\/2\\\/2013\\\/01\\\/m424325_r16.jpg?quality=100\",\"width\":800,\"height\":533,\"caption\":\"Photo : David McColm\"},{\"@type\":\"WebSite\",\"@id\":\"https:\\\/\\\/develop.olympic.ca\\\/olympique\\\/#website\",\"url\":\"https:\\\/\\\/develop.olympic.ca\\\/olympique\\\/\",\"name\":\"\u00c9quipe Canada | Site officiel de l&#039;\u00e9quipe olympique\",\"description\":\"Votre source pour l\u2019\u00c9quipe olympique canadienne. Retrouvez les r\u00e9cits, vid\u00e9os et photos des athl\u00e8tes canadiens, sports olympiques, Jeux olympiques de 2020 et bien plus!\",\"potentialAction\":[{\"@type\":\"SearchAction\",\"target\":{\"@type\":\"EntryPoint\",\"urlTemplate\":\"https:\\\/\\\/develop.olympic.ca\\\/olympique\\\/?s={search_term_string}\"},\"query-input\":{\"@type\":\"PropertyValueSpecification\",\"valueRequired\":true,\"valueName\":\"search_term_string\"}}],\"inLanguage\":\"fr-FR\"},{\"@type\":\"Person\",\"@id\":\"https:\\\/\\\/develop.olympic.ca\\\/olympique\\\/#\\\/schema\\\/person\\\/bc0d05131da608ea1c841ff840fe2f38\",\"name\":\"Mark Nadolny\",\"image\":{\"@type\":\"ImageObject\",\"inLanguage\":\"fr-FR\",\"@id\":\"https:\\\/\\\/secure.gravatar.com\\\/avatar\\\/fcfb5089af8db23b9347da3d181947b19f1cffb98b30f03fbe8f1973083d7e6b?s=96&d=identicon&r=g0693b2c18808f6337c03a29426292cc9\",\"url\":\"https:\\\/\\\/secure.gravatar.com\\\/avatar\\\/fcfb5089af8db23b9347da3d181947b19f1cffb98b30f03fbe8f1973083d7e6b?s=96&d=identicon&r=g\",\"contentUrl\":\"https:\\\/\\\/secure.gravatar.com\\\/avatar\\\/fcfb5089af8db23b9347da3d181947b19f1cffb98b30f03fbe8f1973083d7e6b?s=96&d=identicon&r=g\",\"caption\":\"Mark Nadolny\"},\"description\":\"Digital Media for the Canadian Olympic Team, I do that.\",\"url\":\"https:\\\/\\\/develop.olympic.ca\\\/olympique\\\/author\\\/marknadonly\\\/\"}]}<\/script>\n<!-- \/ Yoast SEO plugin. -->","yoast_head_json":{"title":"Alex Gough cr\u00e9e un h\u00e9ritage pour la luge - \u00c9quipe Canada | Site officiel de l&#039;\u00e9quipe olympique","robots":{"index":"index","follow":"follow","max-snippet":"max-snippet:-1","max-image-preview":"max-image-preview:large","max-video-preview":"max-video-preview:-1"},"canonical":"https:\/\/develop.olympic.ca\/olympique\/2013\/01\/30\/alex-gough-cree-un-heritage-pour-la-luge\/","og_locale":"fr_FR","og_type":"article","og_title":"Alex Gough cr\u00e9e un h\u00e9ritage pour la luge - \u00c9quipe Canada | Site officiel de l&#039;\u00e9quipe olympique","og_description":"La double Olympienne Alex Gough dit avoir eu une vie active pendant son enfance et avoir \u00e9t\u00e9 en mesure d\u2019explorer...","og_url":"https:\/\/develop.olympic.ca\/olympique\/2013\/01\/30\/alex-gough-cree-un-heritage-pour-la-luge\/","og_site_name":"\u00c9quipe Canada | Site officiel de l&#039;\u00e9quipe olympique","article_published_time":"2013-01-30T16:24:39+00:00","article_modified_time":"2013-07-24T13:36:12+00:00","og_image":[{"width":800,"height":533,"url":"https:\/\/develop.olympic.ca\/olympique\/wp-content\/uploads\/sites\/2\/2013\/01\/m424325_r16.jpg?quality=100","type":"image\/jpeg"}],"author":"Mark Nadolny","twitter_card":"summary_large_image","twitter_misc":{"Written by":"Mark Nadolny","Est. reading time":"6 minutes"},"schema":{"@context":"https:\/\/schema.org","@graph":[{"@type":"Article","@id":"https:\/\/develop.olympic.ca\/olympique\/2013\/01\/30\/alex-gough-cree-un-heritage-pour-la-luge\/#article","isPartOf":{"@id":"https:\/\/develop.olympic.ca\/olympique\/2013\/01\/30\/alex-gough-cree-un-heritage-pour-la-luge\/"},"author":{"name":"Mark Nadolny","@id":"https:\/\/develop.olympic.ca\/olympique\/#\/schema\/person\/bc0d05131da608ea1c841ff840fe2f38"},"headline":"Alex Gough cr\u00e9e un h\u00e9ritage pour la luge","datePublished":"2013-01-30T16:24:39+00:00","dateModified":"2013-07-24T13:36:12+00:00","mainEntityOfPage":{"@id":"https:\/\/develop.olympic.ca\/olympique\/2013\/01\/30\/alex-gough-cree-un-heritage-pour-la-luge\/"},"wordCount":1247,"commentCount":0,"image":{"@id":"https:\/\/develop.olympic.ca\/olympique\/2013\/01\/30\/alex-gough-cree-un-heritage-pour-la-luge\/#primaryimage"},"thumbnailUrl":"https:\/\/develop.olympic.ca\/olympique\/wp-content\/uploads\/sites\/2\/2013\/01\/m424325_r16.jpg?quality=100","articleSection":["Derni\u00e8res nouvelles"],"inLanguage":"fr-FR","potentialAction":[{"@type":"CommentAction","name":"Comment","target":["https:\/\/develop.olympic.ca\/olympique\/2013\/01\/30\/alex-gough-cree-un-heritage-pour-la-luge\/#respond"]}]},{"@type":"WebPage","@id":"https:\/\/develop.olympic.ca\/olympique\/2013\/01\/30\/alex-gough-cree-un-heritage-pour-la-luge\/","url":"https:\/\/develop.olympic.ca\/olympique\/2013\/01\/30\/alex-gough-cree-un-heritage-pour-la-luge\/","name":"Alex Gough cr\u00e9e un h\u00e9ritage pour la luge - \u00c9quipe Canada | Site officiel de l&#039;\u00e9quipe olympique","isPartOf":{"@id":"https:\/\/develop.olympic.ca\/olympique\/#website"},"primaryImageOfPage":{"@id":"https:\/\/develop.olympic.ca\/olympique\/2013\/01\/30\/alex-gough-cree-un-heritage-pour-la-luge\/#primaryimage"},"image":{"@id":"https:\/\/develop.olympic.ca\/olympique\/2013\/01\/30\/alex-gough-cree-un-heritage-pour-la-luge\/#primaryimage"},"thumbnailUrl":"https:\/\/develop.olympic.ca\/olympique\/wp-content\/uploads\/sites\/2\/2013\/01\/m424325_r16.jpg?quality=100","datePublished":"2013-01-30T16:24:39+00:00","dateModified":"2013-07-24T13:36:12+00:00","author":{"@id":"https:\/\/develop.olympic.ca\/olympique\/#\/schema\/person\/bc0d05131da608ea1c841ff840fe2f38"},"inLanguage":"fr-FR","potentialAction":[{"@type":"ReadAction","target":["https:\/\/develop.olympic.ca\/olympique\/2013\/01\/30\/alex-gough-cree-un-heritage-pour-la-luge\/"]}]},{"@type":"ImageObject","inLanguage":"fr-FR","@id":"https:\/\/develop.olympic.ca\/olympique\/2013\/01\/30\/alex-gough-cree-un-heritage-pour-la-luge\/#primaryimage","url":"https:\/\/develop.olympic.ca\/olympique\/wp-content\/uploads\/sites\/2\/2013\/01\/m424325_r16.jpg?quality=100","contentUrl":"https:\/\/develop.olympic.ca\/olympique\/wp-content\/uploads\/sites\/2\/2013\/01\/m424325_r16.jpg?quality=100","width":800,"height":533,"caption":"Photo : David McColm"},{"@type":"WebSite","@id":"https:\/\/develop.olympic.ca\/olympique\/#website","url":"https:\/\/develop.olympic.ca\/olympique\/","name":"\u00c9quipe Canada | Site officiel de l&#039;\u00e9quipe olympique","description":"Votre source pour l\u2019\u00c9quipe olympique canadienne. Retrouvez les r\u00e9cits, vid\u00e9os et photos des athl\u00e8tes canadiens, sports olympiques, Jeux olympiques de 2020 et bien plus!","potentialAction":[{"@type":"SearchAction","target":{"@type":"EntryPoint","urlTemplate":"https:\/\/develop.olympic.ca\/olympique\/?s={search_term_string}"},"query-input":{"@type":"PropertyValueSpecification","valueRequired":true,"valueName":"search_term_string"}}],"inLanguage":"fr-FR"},{"@type":"Person","@id":"https:\/\/develop.olympic.ca\/olympique\/#\/schema\/person\/bc0d05131da608ea1c841ff840fe2f38","name":"Mark Nadolny","image":{"@type":"ImageObject","inLanguage":"fr-FR","@id":"https:\/\/secure.gravatar.com\/avatar\/fcfb5089af8db23b9347da3d181947b19f1cffb98b30f03fbe8f1973083d7e6b?s=96&d=identicon&r=g0693b2c18808f6337c03a29426292cc9","url":"https:\/\/secure.gravatar.com\/avatar\/fcfb5089af8db23b9347da3d181947b19f1cffb98b30f03fbe8f1973083d7e6b?s=96&d=identicon&r=g","contentUrl":"https:\/\/secure.gravatar.com\/avatar\/fcfb5089af8db23b9347da3d181947b19f1cffb98b30f03fbe8f1973083d7e6b?s=96&d=identicon&r=g","caption":"Mark Nadolny"},"description":"Digital Media for the Canadian Olympic Team, I do that.","url":"https:\/\/develop.olympic.ca\/olympique\/author\/marknadonly\/"}]}},"jetpack_featured_media_url":"https:\/\/develop.olympic.ca\/olympique\/wp-content\/uploads\/sites\/2\/2013\/01\/m424325_r16.jpg?quality=100","featured_image_url":"https:\/\/develop.olympic.ca\/olympique\/wp-content\/uploads\/sites\/2\/2013\/01\/m424325_r16.jpg?quality=100","author_name":["Mark Nadolny"],"category_names":["Derni\u00e8res nouvelles"],"tag_names":[],"video_embed_code":"","facebook_video_embed_code":"","jetpack_sharing_enabled":true,"jetpack-related-posts":[],"jetpack_shortlink":"https:\/\/wp.me\/pbmyEP-cDu","_links":{"self":[{"href":"https:\/\/develop.olympic.ca\/olympique\/wp-json\/wp\/v2\/posts\/48576","targetHints":{"allow":["GET"]}}],"collection":[{"href":"https:\/\/develop.olympic.ca\/olympique\/wp-json\/wp\/v2\/posts"}],"about":[{"href":"https:\/\/develop.olympic.ca\/olympique\/wp-json\/wp\/v2\/types\/post"}],"author":[{"embeddable":true,"href":"https:\/\/develop.olympic.ca\/olympique\/wp-json\/wp\/v2\/users\/52435436"}],"replies":[{"embeddable":true,"href":"https:\/\/develop.olympic.ca\/olympique\/wp-json\/wp\/v2\/comments?post=48576"}],"version-history":[{"count":1,"href":"https:\/\/develop.olympic.ca\/olympique\/wp-json\/wp\/v2\/posts\/48576\/revisions"}],"predecessor-version":[{"id":75327,"href":"https:\/\/develop.olympic.ca\/olympique\/wp-json\/wp\/v2\/posts\/48576\/revisions\/75327"}],"wp:featuredmedia":[{"embeddable":true,"href":"https:\/\/develop.olympic.ca\/olympique\/wp-json\/wp\/v2\/media\/48595"}],"wp:attachment":[{"href":"https:\/\/develop.olympic.ca\/olympique\/wp-json\/wp\/v2\/media?parent=48576"}],"wp:term":[{"taxonomy":"category","embeddable":true,"href":"https:\/\/develop.olympic.ca\/olympique\/wp-json\/wp\/v2\/categories?post=48576"},{"taxonomy":"post_tag","embeddable":true,"href":"https:\/\/develop.olympic.ca\/olympique\/wp-json\/wp\/v2\/tags?post=48576"},{"taxonomy":"post_format","embeddable":true,"href":"https:\/\/develop.olympic.ca\/olympique\/wp-json\/wp\/v2\/post_format?post=48576"},{"taxonomy":"sport","embeddable":true,"href":"https:\/\/develop.olympic.ca\/olympique\/wp-json\/wp\/v2\/sport?post=48576"},{"taxonomy":"game","embeddable":true,"href":"https:\/\/develop.olympic.ca\/olympique\/wp-json\/wp\/v2\/game?post=48576"},{"taxonomy":"author","embeddable":true,"href":"https:\/\/develop.olympic.ca\/olympique\/wp-json\/wp\/v2\/coauthors?post=48576"}],"curies":[{"name":"wp","href":"https:\/\/api.w.org\/{rel}","templated":true}]}}