{"id":49113,"date":"2013-02-09T00:02:19","date_gmt":"2013-02-09T05:02:19","guid":{"rendered":"http:\/\/develop.olympic.ca\/?p=49113"},"modified":"2013-02-09T00:02:19","modified_gmt":"2013-02-09T05:02:19","slug":"moments-canadiens-letoffe-dun-heros","status":"publish","type":"post","link":"https:\/\/develop.olympic.ca\/olympique\/2013\/02\/09\/moments-canadiens-letoffe-dun-heros\/","title":{"rendered":"Moments canadiens : L\u2019\u00e9toffe d\u2019un h\u00e9ros"},"content":{"rendered":"<p><strong>L\u2019\u00e9toffe d\u2019un h\u00e9ros\u00a0:<\/strong> \u00c0 toutes les \u00e9ditions des Jeux, la premi\u00e8re m\u00e9daille d\u2019or canadienne a toujours une port\u00e9e particuli\u00e8re. Lors du deuxi\u00e8me jour complet des comp\u00e9titions \u00e0 Vancouver, les Canadiens ont eu la chance d\u2019entonner le \u00ab\u00a0O Canada\u00a0\u00bb \u00e0 la maison lorsqu\u2019<a href=\"http:\/\/develop.olympic.ca\/fr\/team-canada\/alexandre-bilodeau-2\">Alexandre Bilodeau<\/a> est mont\u00e9 sur la plus haute marche du podium \u00e0 la suite de sa victoire \u00e0 l\u2019\u00e9preuve des bosses. Sa m\u00e9daille lui a valu l\u2019honneur d\u2019\u00eatre le premier Canadien \u00e0 remporter une m\u00e9daille d\u2019or olympique sur nos terres enneig\u00e9es, un moment qui demeure une source d\u2019inspiration pour le pays.<\/p>\n<p><strong>Histoire \u00e0 Sotchi<\/strong>\u00a0: Le deuxi\u00e8me jour de comp\u00e9tition \u00e0 Sotchi, la planchiste Spencer O\u2019Brien, de Courtenay en Colombie-Britannique, cherchera elle aussi \u00e0 \u00e9crire une page d\u2019histoire lorsqu\u2019elle s\u2019\u00e9lancera \u00e0 la poursuite de la toute premi\u00e8re m\u00e9daille d\u2019or d\u00e9cern\u00e9e en slopestyle, une \u00e9preuve qui fera ses d\u00e9buts au programme olympique.<\/p>\n<h2>VID\u00c9OS CONNEXE<\/h2>\n<p><iframe loading=\"lazy\" frameborder=\"0\" height=\"338\" src=\"http:\/\/www.youtube.com\/embed\/rblZX6970cw\" width=\"600\"><\/iframe><br \/>\n<\/br><br \/>\n<iframe loading=\"lazy\" frameborder=\"0\" height=\"338\" src=\"http:\/\/www.youtube.com\/embed\/z6aVXC26H2c?list=UUfBEB0K4gH-bLORPAleRTfg\" width=\"600\"><\/iframe><\/p>\n","protected":false},"excerpt":{"rendered":"<p>L\u2019\u00e9toffe d\u2019un h\u00e9ros\u00a0: \u00c0 toutes les \u00e9ditions des Jeux, la premi\u00e8re m\u00e9daille d\u2019or canadienne a toujours une port\u00e9e particuli\u00e8re. Lors&#8230;<\/p>\n","protected":false},"author":52435436,"featured_media":49114,"comment_status":"open","ping_status":"open","sticky":false,"template":"","format":"standard","meta":{"_acf_changed":false,"_jetpack_newsletter_access":"","_jetpack_dont_email_post_to_subs":false,"_jetpack_newsletter_tier_id":0,"_jetpack_memberships_contains_paywalled_content":false,"_jetpack_memberships_contains_paid_content":false,"footnotes":"","jetpack_post_was_ever_published":false},"categories":[70121],"tags":[],"post_format":"standard","sport":[],"game":[],"coauthors":[187838302],"class_list":["post-49113","post","type-post","status-publish","format-standard","has-post-thumbnail","hentry","category-equipe"],"acf":[],"featured_image_url":"https:\/\/develop.olympic.ca\/olympique\/wp-content\/uploads\/sites\/2\/2013\/02\/9905171_r15.jpg?quality=100","author_name":["Mark Nadolny"],"category_names":["Nouvelles de l'equipe"],"tag_names":[],"video_embed_code":"","facebook_video_embed_code":"","jetpack_sharing_enabled":true,"jetpack-related-posts":[],"jetpack_shortlink":"https:\/\/wp.me\/pbmyEP-cM9","jetpack_featured_media_url":"https:\/\/develop.olympic.ca\/olympique\/wp-content\/uploads\/sites\/2\/2013\/02\/9905171_r15.jpg?quality=100","_links":{"self":[{"href":"https:\/\/develop.olympic.ca\/olympique\/wp-json\/wp\/v2\/posts\/49113","targetHints":{"allow":["GET"]}}],"collection":[{"href":"https:\/\/develop.olympic.ca\/olympique\/wp-json\/wp\/v2\/posts"}],"about":[{"href":"https:\/\/develop.olympic.ca\/olympique\/wp-json\/wp\/v2\/types\/post"}],"author":[{"embeddable":true,"href":"https:\/\/develop.olympic.ca\/olympique\/wp-json\/wp\/v2\/users\/52435436"}],"replies":[{"embeddable":true,"href":"https:\/\/develop.olympic.ca\/olympique\/wp-json\/wp\/v2\/comments?post=49113"}],"version-history":[{"count":0,"href":"https:\/\/develop.olympic.ca\/olympique\/wp-json\/wp\/v2\/posts\/49113\/revisions"}],"wp:featuredmedia":[{"embeddable":true,"href":"https:\/\/develop.olympic.ca\/olympique\/wp-json\/wp\/v2\/media\/49114"}],"wp:attachment":[{"href":"https:\/\/develop.olympic.ca\/olympique\/wp-json\/wp\/v2\/media?parent=49113"}],"wp:term":[{"taxonomy":"category","embeddable":true,"href":"https:\/\/develop.olympic.ca\/olympique\/wp-json\/wp\/v2\/categories?post=49113"},{"taxonomy":"post_tag","embeddable":true,"href":"https:\/\/develop.olympic.ca\/olympique\/wp-json\/wp\/v2\/tags?post=49113"},{"taxonomy":"post_format","embeddable":true,"href":"https:\/\/develop.olympic.ca\/olympique\/wp-json\/wp\/v2\/post_format?post=49113"},{"taxonomy":"sport","embeddable":true,"href":"https:\/\/develop.olympic.ca\/olympique\/wp-json\/wp\/v2\/sport?post=49113"},{"taxonomy":"game","embeddable":true,"href":"https:\/\/develop.olympic.ca\/olympique\/wp-json\/wp\/v2\/game?post=49113"},{"taxonomy":"author","embeddable":true,"href":"https:\/\/develop.olympic.ca\/olympique\/wp-json\/wp\/v2\/coauthors?post=49113"}],"curies":[{"name":"wp","href":"https:\/\/api.w.org\/{rel}","templated":true}]}}