{"id":50780,"date":"2013-03-20T12:15:57","date_gmt":"2013-03-20T16:15:57","guid":{"rendered":"http:\/\/develop.olympic.ca\/?p=50780"},"modified":"2013-07-24T13:35:38","modified_gmt":"2013-07-24T13:35:38","slug":"un-hiver-memorable","status":"publish","type":"post","link":"https:\/\/develop.olympic.ca\/olympique\/2013\/03\/20\/un-hiver-memorable\/","title":{"rendered":"Un hiver m\u00e9morable"},"content":{"rendered":"<p>Pour les Canadiens, l\u2019hiver n\u2019a pas de secrets. Et cet hiver, les Canadiens ont encore une fois la preuve qu\u2019ils poss\u00e8dent ce qu\u2019il faut pour gagner.<\/p>\n<p>Le mercredi 20 mars marque le d\u00e9but officiel du printemps et, m\u00eame s\u2019il reste quelques Coupes du monde et Championnats du monde au calendrier, le Canada peut \u00eatre tr\u00e8s fier de ce que ses athl\u00e8tes ont accompli pendant la saison 2012-2013.<\/p>\n<p>\u00ab Je suis aux anges, confiait la championne olympique <a href=\"http:\/\/develop.olympic.ca\/fr\/team-canada\/kaillie-humphries-2\">Kaillie Humphries<\/a> (Calgary, Alb.) apr\u00e8s son deuxi\u00e8me sacre de championne du monde cons\u00e9cutif. C\u2019est une fin r\u00eav\u00e9e \u00e0 une saison extraordinaire. \u00bb<\/p>\n<p>Les comp\u00e9titions ne sont pas encore officiellement termin\u00e9es, mais le Canada se maintient au troisi\u00e8me rang du classement g\u00e9n\u00e9ral du nombre de m\u00e9dailles en Coupe du monde avec 140 m\u00e9dailles dont 42 d\u2019or en date d\u2019aujourd\u2019hui.<\/p>\n<div id=\"attachment_50782\" style=\"width: 253px\" class=\"wp-caption alignright\"><a href=\"http:\/\/develop.olympic.ca\/wp-content\/uploads\/sites\/2\/2013\/03\/6737868063_6e6745ab03_b16.jpg\"><img loading=\"lazy\" decoding=\"async\" aria-describedby=\"caption-attachment-50782\" class=\" wp-image-50782\" title=\"Photo : Mike Ridewood\/l\u2019Association canadienne de ski acrobatique\" src=\"http:\/\/develop.olympic.ca\/wp-content\/uploads\/sites\/2\/2013\/03\/6737868063_6e6745ab03_b16.jpg?w=243&amp;h=300\" alt=\"Photo : Mike Ridewood\/l\u2019Association canadienne de ski acrobatique\" width=\"243\" height=\"300\" srcset=\"https:\/\/develop.olympic.ca\/olympique\/wp-content\/uploads\/sites\/2\/2013\/03\/6737868063_6e6745ab03_b16.jpg 830w, https:\/\/develop.olympic.ca\/olympique\/wp-content\/uploads\/sites\/2\/2013\/03\/6737868063_6e6745ab03_b16.jpg?resize=128,158 128w, https:\/\/develop.olympic.ca\/olympique\/wp-content\/uploads\/sites\/2\/2013\/03\/6737868063_6e6745ab03_b16.jpg?resize=301,371 301w, https:\/\/develop.olympic.ca\/olympique\/wp-content\/uploads\/sites\/2\/2013\/03\/6737868063_6e6745ab03_b16.jpg?resize=768,948 768w, https:\/\/develop.olympic.ca\/olympique\/wp-content\/uploads\/sites\/2\/2013\/03\/6737868063_6e6745ab03_b16.jpg?resize=611,754 611w\" sizes=\"(max-width: 243px) 100vw, 243px\" \/><\/a><p id=\"caption-attachment-50782\" class=\"wp-caption-text\">Kaya Turski. Photo : Mike Ridewood\/l\u2019Association canadienne de ski acrobatique<\/p><\/div>\n<p>Les athl\u00e8tes suivants se joignent \u00e0 <a href=\"http:\/\/develop.olympic.ca\/fr\/team-canada\/kaillie-humphries-2\">Kaillie Humphries<\/a> (et \u00e0 la freineuse Chelsea Valois de Zenon Park, Sask.) dans le cercle des champions du monde de la saison : <a href=\"http:\/\/develop.olympic.ca\/fr\/team-canada\/patrick-chan-2\">Patrick Chan<\/a> (Toronto, Ont.) en patinage artistique, Spencer O\u2019Brien (Vancouver, C.-B.) en surf des neiges slopestyle, Mikael Kingsbury (Deux-Montagnes, QC) en ski de bosses, <a href=\"http:\/\/develop.olympic.ca\/fr\/team-canada\/alexandre-bilodeau-2\">Alexandre Bilodeau<\/a> (Rosem\u00e8re, QC) en ski de bosses parall\u00e8le, <a href=\"http:\/\/develop.olympic.ca\/fr\/team-canada\/chloe-dufour-lapointe-2\">Chlo\u00e9 Dufour-Lapointe<\/a> (Montr\u00e9al, QC) en ski de bosses parall\u00e8le, Kaya Turski (Montr\u00e9al, QC) en ski slopestyle; <a href=\"http:\/\/develop.olympic.ca\/fr\/team-canada\/maelle-ricker-2\">Ma\u00eblle Ricker<\/a> (Squamish, C.-B.) en snowboard cross, et l\u2019\u00e9quipe de patinage de vitesse sur courte piste compos\u00e9e de Charle Cournoyer (Boucherville, QC), Michael Gilday (Yellowknife, T.-N.-O.), <a href=\"http:\/\/develop.olympic.ca\/fr\/team-canada\/charles-hamelin-2\">Charles Hamelin<\/a> (Sainte-Julie, QC) et <a href=\"http:\/\/develop.olympic.ca\/fr\/team-canada\/olivier-jean-2\">Olivier Jean<\/a> (Lachenaie, QC).<\/p>\n<p>Parmi le contingent de nos athl\u00e8tes qui tr\u00f4ne au sommet du classement, il est difficile d\u2019ignorer le grand nombre de Canadiennes et leur influence sur la sc\u00e8ne internationale. Tandis que la derni\u00e8re saison hivernale avant les Jeux de 2014 \u00e0 Sotchi tire \u00e0 sa fin, leurs r\u00e9sultats s\u2019av\u00e8rent une source d\u2019inspiration et t\u00e9miognent d\u2019une longue tradition d\u2019excellence.<\/p>\n<p>\u00ab Faire partie d\u2019un groupe de femmes actives qui cherchent constamment \u00e0 repousser leurs limites est une source d\u2019inspiration constante pour moi, dit Ma\u00eblle Ricker. J\u2019esp\u00e8re que je ne suis pas la seule \u00e0 m\u2019inspirer des athl\u00e8tes f\u00e9minines. \u00bb<\/p>\n<p>Il reste quelques semaines au calendrier des comp\u00e9titions, et certains athl\u00e8tes n\u2019ont pas fini de lutter pour une place au sommet avant d\u2019entamer un printemps o\u00f9 l\u2019entra\u00eenement sera \u00e0 l\u2019avant-plan. Le nouveau chef de mission adjoint de l\u2019\u00c9quipe olympique canadienne, <a href=\"http:\/\/develop.olympic.ca\/fr\/team-canada\/jean-luc-brassard-2\">Jean-Luc Brassard<\/a>, dit attendre avec impatience le d\u00e9but de la nouvelle saison.<\/p>\n<p>\u00ab Moins d\u2019un an avant le d\u00e9but des Jeux de 2014 \u00e0 Sotchi, je suis incroyablement fier de savoir que notre \u00e9quipe est compos\u00e9e des meilleurs athl\u00e8tes au monde qui se pr\u00e9parent \u00e0 donner le meilleur d\u2019eux-m\u00eames sur la sc\u00e8ne olympique. \u00bb<\/p>\n<h2>VID\u00c9O CONNEXE<\/h2>\n<span class=\"embed-youtube\" style=\"text-align:center; display: block;\"><iframe loading=\"lazy\" class=\"youtube-player\" width=\"1360\" height=\"765\" src=\"https:\/\/www.youtube.com\/embed\/UldJlmrVWxQ?version=3&#038;rel=1&#038;showsearch=0&#038;showinfo=1&#038;iv_load_policy=1&#038;fs=1&#038;hl=fr-FR&#038;autohide=2&#038;wmode=transparent\" allowfullscreen=\"true\" style=\"border:0;\" sandbox=\"allow-scripts allow-same-origin allow-popups allow-presentation allow-popups-to-escape-sandbox\"><\/iframe><\/span>\n<div class=\"tiled-gallery type-rectangular tiled-gallery-unresized\" data-original-width=\"1360\" data-carousel-extra='null' itemscope itemtype=\"http:\/\/schema.org\/ImageGallery\" > <div class=\"gallery-row\" style=\"width: 1360px; height: 267px;\" data-original-width=\"1360\" data-original-height=\"267\" > <div class=\"gallery-group images-1\" style=\"width: 398px; height: 267px;\" data-original-width=\"398\" data-original-height=\"267\" > <div class=\"tiled-gallery-item tiled-gallery-item-large\" itemprop=\"associatedMedia\" itemscope itemtype=\"http:\/\/schema.org\/ImageObject\"> <a href=\"https:\/\/develop.olympic.ca\/olympique\/wp-content\/uploads\/sites\/2\/2013\/03\/obrien_alexparadis_r16.jpg?quality=100&#038;strip\" border=\"0\" itemprop=\"url\"> <meta itemprop=\"width\" content=\"394\"> <meta itemprop=\"height\" content=\"263\"> <img decoding=\"async\" data-recalc-dims=\"1\" class=\"\" data-attachment-id=\"50787\" data-orig-file=\"https:\/\/develop.olympic.ca\/olympique\/wp-content\/uploads\/sites\/2\/2013\/03\/obrien_alexparadis_r16.jpg?quality=100\" data-orig-size=\"1000,667\" data-comments-opened=\"1\" data-image-meta=\"{&quot;aperture&quot;:&quot;0&quot;,&quot;credit&quot;:&quot;&quot;,&quot;camera&quot;:&quot;&quot;,&quot;caption&quot;:&quot;&quot;,&quot;created_timestamp&quot;:&quot;0&quot;,&quot;copyright&quot;:&quot;&quot;,&quot;focal_length&quot;:&quot;0&quot;,&quot;iso&quot;:&quot;0&quot;,&quot;shutter_speed&quot;:&quot;0&quot;,&quot;title&quot;:&quot;&quot;}\" data-image-title=\"Photo : Alex Paradis\" data-image-description=\"\" data-medium-file=\"https:\/\/develop.olympic.ca\/olympique\/wp-content\/uploads\/sites\/2\/2013\/03\/obrien_alexparadis_r16.jpg?quality=100&#038;w=556\" data-large-file=\"https:\/\/develop.olympic.ca\/olympique\/wp-content\/uploads\/sites\/2\/2013\/03\/obrien_alexparadis_r16.jpg?quality=100&#038;w=1000\" src=\"https:\/\/develop.olympic.ca\/olympique\/wp-content\/uploads\/sites\/2\/2013\/03\/obrien_alexparadis_r16.jpg?quality=100&#038;w=394&#038;h=263&#038;strip&#038;resize=394%2C263\" srcset=\"https:\/\/develop.olympic.ca\/olympique\/wp-content\/uploads\/sites\/2\/2013\/03\/obrien_alexparadis_r16.jpg 1000w, https:\/\/develop.olympic.ca\/olympique\/wp-content\/uploads\/sites\/2\/2013\/03\/obrien_alexparadis_r16.jpg?resize=237,158 237w, https:\/\/develop.olympic.ca\/olympique\/wp-content\/uploads\/sites\/2\/2013\/03\/obrien_alexparadis_r16.jpg?resize=556,371 556w, https:\/\/develop.olympic.ca\/olympique\/wp-content\/uploads\/sites\/2\/2013\/03\/obrien_alexparadis_r16.jpg?resize=768,512 768w\" width=\"394\" height=\"263\" loading=\"lazy\" data-original-width=\"394\" data-original-height=\"263\" itemprop=\"http:\/\/schema.org\/image\" title=\"Photo : Alex Paradis\" alt=\"Photo : Alex Paradis\" style=\"width: 394px; height: 263px;\" \/> <\/a> <\/div> <\/div> <!-- close group --> <div class=\"gallery-group images-1\" style=\"width: 397px; height: 267px;\" data-original-width=\"397\" data-original-height=\"267\" > <div class=\"tiled-gallery-item tiled-gallery-item-large\" itemprop=\"associatedMedia\" itemscope itemtype=\"http:\/\/schema.org\/ImageObject\"> <a href=\"https:\/\/develop.olympic.ca\/olympique\/wp-content\/uploads\/sites\/2\/2013\/03\/wsoverall22_r16.jpg?quality=100&#038;strip\" border=\"0\" itemprop=\"url\"> <meta itemprop=\"width\" content=\"393\"> <meta itemprop=\"height\" content=\"263\"> <img decoding=\"async\" data-recalc-dims=\"1\" class=\"\" data-attachment-id=\"50790\" data-orig-file=\"https:\/\/develop.olympic.ca\/olympique\/wp-content\/uploads\/sites\/2\/2013\/03\/wsoverall22_r16.jpg?quality=100\" data-orig-size=\"1000,669\" data-comments-opened=\"1\" data-image-meta=\"{&quot;aperture&quot;:&quot;0&quot;,&quot;credit&quot;:&quot;&quot;,&quot;camera&quot;:&quot;&quot;,&quot;caption&quot;:&quot;&quot;,&quot;created_timestamp&quot;:&quot;0&quot;,&quot;copyright&quot;:&quot;&quot;,&quot;focal_length&quot;:&quot;0&quot;,&quot;iso&quot;:&quot;0&quot;,&quot;shutter_speed&quot;:&quot;0&quot;,&quot;title&quot;:&quot;&quot;}\" data-image-title=\"Photo : Mike Ridewood\" data-image-description=\"\" data-medium-file=\"https:\/\/develop.olympic.ca\/olympique\/wp-content\/uploads\/sites\/2\/2013\/03\/wsoverall22_r16.jpg?quality=100&#038;w=555\" data-large-file=\"https:\/\/develop.olympic.ca\/olympique\/wp-content\/uploads\/sites\/2\/2013\/03\/wsoverall22_r16.jpg?quality=100&#038;w=1000\" src=\"https:\/\/develop.olympic.ca\/olympique\/wp-content\/uploads\/sites\/2\/2013\/03\/wsoverall22_r16.jpg?quality=100&#038;w=393&#038;h=263&#038;strip&#038;resize=393%2C263\" srcset=\"https:\/\/develop.olympic.ca\/olympique\/wp-content\/uploads\/sites\/2\/2013\/03\/wsoverall22_r16.jpg 1000w, https:\/\/develop.olympic.ca\/olympique\/wp-content\/uploads\/sites\/2\/2013\/03\/wsoverall22_r16.jpg?resize=236,158 236w, https:\/\/develop.olympic.ca\/olympique\/wp-content\/uploads\/sites\/2\/2013\/03\/wsoverall22_r16.jpg?resize=555,371 555w, https:\/\/develop.olympic.ca\/olympique\/wp-content\/uploads\/sites\/2\/2013\/03\/wsoverall22_r16.jpg?resize=768,514 768w\" width=\"393\" height=\"263\" loading=\"lazy\" data-original-width=\"393\" data-original-height=\"263\" itemprop=\"http:\/\/schema.org\/image\" title=\"Photo : Mike Ridewood\" alt=\"Photo : Mike Ridewood\" style=\"width: 393px; height: 263px;\" \/> <\/a> <\/div> <\/div> <!-- close group --> <div class=\"gallery-group images-1\" style=\"width: 565px; height: 267px;\" data-original-width=\"565\" data-original-height=\"267\" > <div class=\"tiled-gallery-item tiled-gallery-item-large\" itemprop=\"associatedMedia\" itemscope itemtype=\"http:\/\/schema.org\/ImageObject\"> <a href=\"https:\/\/develop.olympic.ca\/olympique\/wp-content\/uploads\/sites\/2\/2013\/03\/untitled-1_main56.jpg?quality=100&#038;strip\" border=\"0\" itemprop=\"url\"> <meta itemprop=\"width\" content=\"561\"> <meta itemprop=\"height\" content=\"263\"> <img decoding=\"async\" data-recalc-dims=\"1\" class=\"\" data-attachment-id=\"50789\" data-orig-file=\"https:\/\/develop.olympic.ca\/olympique\/wp-content\/uploads\/sites\/2\/2013\/03\/untitled-1_main56.jpg?quality=100\" data-orig-size=\"630,295\" data-comments-opened=\"1\" data-image-meta=\"{&quot;aperture&quot;:&quot;0&quot;,&quot;credit&quot;:&quot;&quot;,&quot;camera&quot;:&quot;&quot;,&quot;caption&quot;:&quot;&quot;,&quot;created_timestamp&quot;:&quot;0&quot;,&quot;copyright&quot;:&quot;&quot;,&quot;focal_length&quot;:&quot;0&quot;,&quot;iso&quot;:&quot;0&quot;,&quot;shutter_speed&quot;:&quot;0&quot;,&quot;title&quot;:&quot;&quot;}\" data-image-title=\"Photos : Mike Ridewood, Alex Paradis, Greg Kolz\" data-image-description=\"\" data-medium-file=\"https:\/\/develop.olympic.ca\/olympique\/wp-content\/uploads\/sites\/2\/2013\/03\/untitled-1_main56.jpg?quality=100&#038;w=630\" data-large-file=\"https:\/\/develop.olympic.ca\/olympique\/wp-content\/uploads\/sites\/2\/2013\/03\/untitled-1_main56.jpg?quality=100&#038;w=630\" src=\"https:\/\/develop.olympic.ca\/olympique\/wp-content\/uploads\/sites\/2\/2013\/03\/untitled-1_main56.jpg?quality=100&#038;w=561&#038;h=263&#038;strip&#038;resize=561%2C263\" srcset=\"https:\/\/develop.olympic.ca\/olympique\/wp-content\/uploads\/sites\/2\/2013\/03\/untitled-1_main56.jpg 630w, https:\/\/develop.olympic.ca\/olympique\/wp-content\/uploads\/sites\/2\/2013\/03\/untitled-1_main56.jpg?resize=280,131 280w\" width=\"561\" height=\"263\" loading=\"lazy\" data-original-width=\"561\" data-original-height=\"263\" itemprop=\"http:\/\/schema.org\/image\" title=\"Photos : Mike Ridewood, Alex Paradis, Greg Kolz\" alt=\"Photos : Mike Ridewood, Alex Paradis, Greg Kolz\" style=\"width: 561px; height: 263px;\" \/> <\/a> <\/div> <\/div> <!-- close group --> <\/div> <!-- close row --> <div class=\"gallery-row\" style=\"width: 1360px; height: 589px;\" data-original-width=\"1360\" data-original-height=\"589\" > <div class=\"gallery-group images-1\" style=\"width: 882px; height: 589px;\" data-original-width=\"882\" data-original-height=\"589\" > <div class=\"tiled-gallery-item tiled-gallery-item-large\" itemprop=\"associatedMedia\" itemscope itemtype=\"http:\/\/schema.org\/ImageObject\"> <a href=\"https:\/\/develop.olympic.ca\/olympique\/wp-content\/uploads\/sites\/2\/2013\/03\/2e3a058816.jpg?quality=100&#038;strip\" border=\"0\" itemprop=\"url\"> <meta itemprop=\"width\" content=\"878\"> <meta itemprop=\"height\" content=\"585\"> <img decoding=\"async\" data-recalc-dims=\"1\" class=\"\" data-attachment-id=\"50791\" data-orig-file=\"https:\/\/develop.olympic.ca\/olympique\/wp-content\/uploads\/sites\/2\/2013\/03\/2e3a058816.jpg?quality=100\" data-orig-size=\"1000,667\" data-comments-opened=\"1\" data-image-meta=\"{&quot;aperture&quot;:&quot;0&quot;,&quot;credit&quot;:&quot;&quot;,&quot;camera&quot;:&quot;&quot;,&quot;caption&quot;:&quot;&quot;,&quot;created_timestamp&quot;:&quot;0&quot;,&quot;copyright&quot;:&quot;&quot;,&quot;focal_length&quot;:&quot;0&quot;,&quot;iso&quot;:&quot;0&quot;,&quot;shutter_speed&quot;:&quot;0&quot;,&quot;title&quot;:&quot;&quot;}\" data-image-title=\"Photo : Greg Kolz\" data-image-description=\"\" data-medium-file=\"https:\/\/develop.olympic.ca\/olympique\/wp-content\/uploads\/sites\/2\/2013\/03\/2e3a058816.jpg?quality=100&#038;w=556\" data-large-file=\"https:\/\/develop.olympic.ca\/olympique\/wp-content\/uploads\/sites\/2\/2013\/03\/2e3a058816.jpg?quality=100&#038;w=1000\" src=\"https:\/\/develop.olympic.ca\/olympique\/wp-content\/uploads\/sites\/2\/2013\/03\/2e3a058816.jpg?quality=100&#038;w=878&#038;h=585&#038;strip&#038;resize=878%2C585\" srcset=\"https:\/\/develop.olympic.ca\/olympique\/wp-content\/uploads\/sites\/2\/2013\/03\/2e3a058816.jpg 1000w, https:\/\/develop.olympic.ca\/olympique\/wp-content\/uploads\/sites\/2\/2013\/03\/2e3a058816.jpg?resize=237,158 237w, https:\/\/develop.olympic.ca\/olympique\/wp-content\/uploads\/sites\/2\/2013\/03\/2e3a058816.jpg?resize=556,371 556w, https:\/\/develop.olympic.ca\/olympique\/wp-content\/uploads\/sites\/2\/2013\/03\/2e3a058816.jpg?resize=768,512 768w\" width=\"878\" height=\"585\" loading=\"lazy\" data-original-width=\"878\" data-original-height=\"585\" itemprop=\"http:\/\/schema.org\/image\" title=\"Photo : Greg Kolz\" alt=\"Photo : Greg Kolz\" style=\"width: 878px; height: 585px;\" \/> <\/a> <\/div> <\/div> <!-- close group --> <div class=\"gallery-group images-1\" style=\"width: 478px; height: 589px;\" data-original-width=\"478\" data-original-height=\"589\" > <div class=\"tiled-gallery-item tiled-gallery-item-large\" itemprop=\"associatedMedia\" itemscope itemtype=\"http:\/\/schema.org\/ImageObject\"> <a href=\"https:\/\/develop.olympic.ca\/olympique\/wp-content\/uploads\/sites\/2\/2013\/03\/6737868063_6e6745ab03_b16.jpg?quality=100&#038;strip\" border=\"0\" itemprop=\"url\"> <meta itemprop=\"width\" content=\"474\"> <meta itemprop=\"height\" content=\"585\"> <img decoding=\"async\" data-recalc-dims=\"1\" class=\"\" data-attachment-id=\"50782\" data-orig-file=\"https:\/\/develop.olympic.ca\/olympique\/wp-content\/uploads\/sites\/2\/2013\/03\/6737868063_6e6745ab03_b16.jpg?quality=100\" data-orig-size=\"830,1024\" data-comments-opened=\"1\" data-image-meta=\"{&quot;aperture&quot;:&quot;0&quot;,&quot;credit&quot;:&quot;&quot;,&quot;camera&quot;:&quot;&quot;,&quot;caption&quot;:&quot;&quot;,&quot;created_timestamp&quot;:&quot;0&quot;,&quot;copyright&quot;:&quot;&quot;,&quot;focal_length&quot;:&quot;0&quot;,&quot;iso&quot;:&quot;0&quot;,&quot;shutter_speed&quot;:&quot;0&quot;,&quot;title&quot;:&quot;&quot;}\" data-image-title=\"Photo : Mike Ridewood\/l\u2019Association canadienne de ski acrobatique\" data-image-description=\"\" data-medium-file=\"https:\/\/develop.olympic.ca\/olympique\/wp-content\/uploads\/sites\/2\/2013\/03\/6737868063_6e6745ab03_b16.jpg?quality=100&#038;w=301\" data-large-file=\"https:\/\/develop.olympic.ca\/olympique\/wp-content\/uploads\/sites\/2\/2013\/03\/6737868063_6e6745ab03_b16.jpg?quality=100&#038;w=611\" src=\"https:\/\/develop.olympic.ca\/olympique\/wp-content\/uploads\/sites\/2\/2013\/03\/6737868063_6e6745ab03_b16.jpg?quality=100&#038;w=474&#038;h=585&#038;strip&#038;resize=474%2C585\" srcset=\"https:\/\/develop.olympic.ca\/olympique\/wp-content\/uploads\/sites\/2\/2013\/03\/6737868063_6e6745ab03_b16.jpg 830w, https:\/\/develop.olympic.ca\/olympique\/wp-content\/uploads\/sites\/2\/2013\/03\/6737868063_6e6745ab03_b16.jpg?resize=128,158 128w, https:\/\/develop.olympic.ca\/olympique\/wp-content\/uploads\/sites\/2\/2013\/03\/6737868063_6e6745ab03_b16.jpg?resize=301,371 301w, https:\/\/develop.olympic.ca\/olympique\/wp-content\/uploads\/sites\/2\/2013\/03\/6737868063_6e6745ab03_b16.jpg?resize=768,948 768w, https:\/\/develop.olympic.ca\/olympique\/wp-content\/uploads\/sites\/2\/2013\/03\/6737868063_6e6745ab03_b16.jpg?resize=611,754 611w\" width=\"474\" height=\"585\" loading=\"lazy\" data-original-width=\"474\" data-original-height=\"585\" itemprop=\"http:\/\/schema.org\/image\" title=\"Photo : Mike Ridewood\/l\u2019Association canadienne de ski acrobatique\" alt=\"Photo : Mike Ridewood\/l\u2019Association canadienne de ski acrobatique\" style=\"width: 474px; height: 585px;\" \/> <\/a> <\/div> <\/div> <!-- close group --> <\/div> <!-- close row --> <div class=\"gallery-row\" style=\"width: 1360px; height: 278px;\" data-original-width=\"1360\" data-original-height=\"278\" > <div class=\"gallery-group images-1\" style=\"width: 334px; height: 278px;\" data-original-width=\"334\" data-original-height=\"278\" > <div class=\"tiled-gallery-item tiled-gallery-item-large\" itemprop=\"associatedMedia\" itemscope itemtype=\"http:\/\/schema.org\/ImageObject\"> <a href=\"https:\/\/develop.olympic.ca\/olympique\/wp-content\/uploads\/sites\/2\/2013\/03\/bilodeau3__1__ridewood_r16.jpg?quality=100&#038;strip\" border=\"0\" itemprop=\"url\"> <meta itemprop=\"width\" content=\"330\"> <meta itemprop=\"height\" content=\"274\"> <img decoding=\"async\" data-recalc-dims=\"1\" class=\"\" data-attachment-id=\"50783\" data-orig-file=\"https:\/\/develop.olympic.ca\/olympique\/wp-content\/uploads\/sites\/2\/2013\/03\/bilodeau3__1__ridewood_r16.jpg?quality=100\" data-orig-size=\"1000,829\" data-comments-opened=\"1\" data-image-meta=\"{&quot;aperture&quot;:&quot;0&quot;,&quot;credit&quot;:&quot;&quot;,&quot;camera&quot;:&quot;&quot;,&quot;caption&quot;:&quot;&quot;,&quot;created_timestamp&quot;:&quot;0&quot;,&quot;copyright&quot;:&quot;&quot;,&quot;focal_length&quot;:&quot;0&quot;,&quot;iso&quot;:&quot;0&quot;,&quot;shutter_speed&quot;:&quot;0&quot;,&quot;title&quot;:&quot;&quot;}\" data-image-title=\"Photo : Mike Ridewood\" data-image-description=\"\" data-medium-file=\"https:\/\/develop.olympic.ca\/olympique\/wp-content\/uploads\/sites\/2\/2013\/03\/bilodeau3__1__ridewood_r16.jpg?quality=100&#038;w=448\" data-large-file=\"https:\/\/develop.olympic.ca\/olympique\/wp-content\/uploads\/sites\/2\/2013\/03\/bilodeau3__1__ridewood_r16.jpg?quality=100&#038;w=910\" src=\"https:\/\/develop.olympic.ca\/olympique\/wp-content\/uploads\/sites\/2\/2013\/03\/bilodeau3__1__ridewood_r16.jpg?quality=100&#038;w=330&#038;h=274&#038;strip&#038;resize=330%2C274\" srcset=\"https:\/\/develop.olympic.ca\/olympique\/wp-content\/uploads\/sites\/2\/2013\/03\/bilodeau3__1__ridewood_r16.jpg 1000w, https:\/\/develop.olympic.ca\/olympique\/wp-content\/uploads\/sites\/2\/2013\/03\/bilodeau3__1__ridewood_r16.jpg?resize=191,158 191w, https:\/\/develop.olympic.ca\/olympique\/wp-content\/uploads\/sites\/2\/2013\/03\/bilodeau3__1__ridewood_r16.jpg?resize=448,371 448w, https:\/\/develop.olympic.ca\/olympique\/wp-content\/uploads\/sites\/2\/2013\/03\/bilodeau3__1__ridewood_r16.jpg?resize=768,637 768w, https:\/\/develop.olympic.ca\/olympique\/wp-content\/uploads\/sites\/2\/2013\/03\/bilodeau3__1__ridewood_r16.jpg?resize=910,754 910w\" width=\"330\" height=\"274\" loading=\"lazy\" data-original-width=\"330\" data-original-height=\"274\" itemprop=\"http:\/\/schema.org\/image\" title=\"Photo : Mike Ridewood\" alt=\"Photo : Mike Ridewood\" style=\"width: 330px; height: 274px;\" \/> <\/a> <\/div> <\/div> <!-- close group --> <div class=\"gallery-group images-1\" style=\"width: 187px; height: 278px;\" data-original-width=\"187\" data-original-height=\"278\" > <div class=\"tiled-gallery-item tiled-gallery-item-small\" itemprop=\"associatedMedia\" itemscope itemtype=\"http:\/\/schema.org\/ImageObject\"> <a href=\"https:\/\/develop.olympic.ca\/olympique\/wp-content\/uploads\/sites\/2\/2013\/03\/kingsbury1__1__ridewood_r16.jpg?quality=100&#038;strip\" border=\"0\" itemprop=\"url\"> <meta itemprop=\"width\" content=\"183\"> <meta itemprop=\"height\" content=\"274\"> <img decoding=\"async\" data-recalc-dims=\"1\" class=\"\" data-attachment-id=\"50786\" data-orig-file=\"https:\/\/develop.olympic.ca\/olympique\/wp-content\/uploads\/sites\/2\/2013\/03\/kingsbury1__1__ridewood_r16.jpg?quality=100\" data-orig-size=\"1000,1500\" data-comments-opened=\"1\" data-image-meta=\"{&quot;aperture&quot;:&quot;0&quot;,&quot;credit&quot;:&quot;&quot;,&quot;camera&quot;:&quot;&quot;,&quot;caption&quot;:&quot;&quot;,&quot;created_timestamp&quot;:&quot;0&quot;,&quot;copyright&quot;:&quot;&quot;,&quot;focal_length&quot;:&quot;0&quot;,&quot;iso&quot;:&quot;0&quot;,&quot;shutter_speed&quot;:&quot;0&quot;,&quot;title&quot;:&quot;&quot;}\" data-image-title=\"Photo : Mike Ridewood\" data-image-description=\"\" data-medium-file=\"https:\/\/develop.olympic.ca\/olympique\/wp-content\/uploads\/sites\/2\/2013\/03\/kingsbury1__1__ridewood_r16.jpg?quality=100&#038;w=247\" data-large-file=\"https:\/\/develop.olympic.ca\/olympique\/wp-content\/uploads\/sites\/2\/2013\/03\/kingsbury1__1__ridewood_r16.jpg?quality=100&#038;w=503\" src=\"https:\/\/develop.olympic.ca\/olympique\/wp-content\/uploads\/sites\/2\/2013\/03\/kingsbury1__1__ridewood_r16.jpg?quality=100&#038;w=183&#038;h=274&#038;strip&#038;resize=183%2C274\" srcset=\"https:\/\/develop.olympic.ca\/olympique\/wp-content\/uploads\/sites\/2\/2013\/03\/kingsbury1__1__ridewood_r16.jpg 1000w, https:\/\/develop.olympic.ca\/olympique\/wp-content\/uploads\/sites\/2\/2013\/03\/kingsbury1__1__ridewood_r16.jpg?resize=105,158 105w, https:\/\/develop.olympic.ca\/olympique\/wp-content\/uploads\/sites\/2\/2013\/03\/kingsbury1__1__ridewood_r16.jpg?resize=247,371 247w, https:\/\/develop.olympic.ca\/olympique\/wp-content\/uploads\/sites\/2\/2013\/03\/kingsbury1__1__ridewood_r16.jpg?resize=768,1152 768w, https:\/\/develop.olympic.ca\/olympique\/wp-content\/uploads\/sites\/2\/2013\/03\/kingsbury1__1__ridewood_r16.jpg?resize=503,754 503w\" width=\"183\" height=\"274\" loading=\"lazy\" data-original-width=\"183\" data-original-height=\"274\" itemprop=\"http:\/\/schema.org\/image\" title=\"Photo : Mike Ridewood\" alt=\"Photo : Mike Ridewood\" style=\"width: 183px; height: 274px;\" \/> <\/a> <\/div> <\/div> <!-- close group --> <div class=\"gallery-group images-1\" style=\"width: 278px; height: 278px;\" data-original-width=\"278\" data-original-height=\"278\" > <div class=\"tiled-gallery-item tiled-gallery-item-large\" itemprop=\"associatedMedia\" itemscope itemtype=\"http:\/\/schema.org\/ImageObject\"> <a href=\"https:\/\/develop.olympic.ca\/olympique\/wp-content\/uploads\/sites\/2\/2013\/03\/chan_kolz_r16.jpg?quality=100&#038;strip\" border=\"0\" itemprop=\"url\"> <meta itemprop=\"width\" content=\"274\"> <meta itemprop=\"height\" content=\"274\"> <img decoding=\"async\" data-recalc-dims=\"1\" class=\"\" data-attachment-id=\"50784\" data-orig-file=\"https:\/\/develop.olympic.ca\/olympique\/wp-content\/uploads\/sites\/2\/2013\/03\/chan_kolz_r16.jpg?quality=100\" data-orig-size=\"1000,1000\" data-comments-opened=\"1\" data-image-meta=\"{&quot;aperture&quot;:&quot;0&quot;,&quot;credit&quot;:&quot;&quot;,&quot;camera&quot;:&quot;&quot;,&quot;caption&quot;:&quot;&quot;,&quot;created_timestamp&quot;:&quot;0&quot;,&quot;copyright&quot;:&quot;&quot;,&quot;focal_length&quot;:&quot;0&quot;,&quot;iso&quot;:&quot;0&quot;,&quot;shutter_speed&quot;:&quot;0&quot;,&quot;title&quot;:&quot;&quot;}\" data-image-title=\"Photo : Greg Kolz\" data-image-description=\"\" data-medium-file=\"https:\/\/develop.olympic.ca\/olympique\/wp-content\/uploads\/sites\/2\/2013\/03\/chan_kolz_r16.jpg?quality=100&#038;w=371\" data-large-file=\"https:\/\/develop.olympic.ca\/olympique\/wp-content\/uploads\/sites\/2\/2013\/03\/chan_kolz_r16.jpg?quality=100&#038;w=754\" src=\"https:\/\/develop.olympic.ca\/olympique\/wp-content\/uploads\/sites\/2\/2013\/03\/chan_kolz_r16.jpg?quality=100&#038;w=274&#038;h=274&#038;crop=1&#038;strip&#038;resize=274%2C274\" srcset=\"https:\/\/develop.olympic.ca\/olympique\/wp-content\/uploads\/sites\/2\/2013\/03\/chan_kolz_r16.jpg 1000w, https:\/\/develop.olympic.ca\/olympique\/wp-content\/uploads\/sites\/2\/2013\/03\/chan_kolz_r16.jpg?resize=158,158 158w, https:\/\/develop.olympic.ca\/olympique\/wp-content\/uploads\/sites\/2\/2013\/03\/chan_kolz_r16.jpg?resize=371,371 371w, https:\/\/develop.olympic.ca\/olympique\/wp-content\/uploads\/sites\/2\/2013\/03\/chan_kolz_r16.jpg?resize=768,768 768w, https:\/\/develop.olympic.ca\/olympique\/wp-content\/uploads\/sites\/2\/2013\/03\/chan_kolz_r16.jpg?resize=754,754 754w\" width=\"274\" height=\"274\" loading=\"lazy\" data-original-width=\"274\" data-original-height=\"274\" itemprop=\"http:\/\/schema.org\/image\" title=\"Photo : Greg Kolz\" alt=\"Photo : Greg Kolz\" style=\"width: 274px; height: 274px;\" \/> <\/a> <\/div> <\/div> <!-- close group --> <div class=\"gallery-group images-1\" style=\"width: 375px; height: 278px;\" data-original-width=\"375\" data-original-height=\"278\" > <div class=\"tiled-gallery-item tiled-gallery-item-large\" itemprop=\"associatedMedia\" itemscope itemtype=\"http:\/\/schema.org\/ImageObject\"> <a href=\"https:\/\/develop.olympic.ca\/olympique\/wp-content\/uploads\/sites\/2\/2013\/03\/rickeratworlds_r16.jpg?quality=100&#038;strip\" border=\"0\" itemprop=\"url\"> <meta itemprop=\"width\" content=\"371\"> <meta itemprop=\"height\" content=\"274\"> <img decoding=\"async\" data-recalc-dims=\"1\" class=\"\" data-attachment-id=\"50788\" data-orig-file=\"https:\/\/develop.olympic.ca\/olympique\/wp-content\/uploads\/sites\/2\/2013\/03\/rickeratworlds_r16.jpg?quality=100\" data-orig-size=\"1000,739\" data-comments-opened=\"1\" data-image-meta=\"{&quot;aperture&quot;:&quot;0&quot;,&quot;credit&quot;:&quot;&quot;,&quot;camera&quot;:&quot;&quot;,&quot;caption&quot;:&quot;&quot;,&quot;created_timestamp&quot;:&quot;0&quot;,&quot;copyright&quot;:&quot;&quot;,&quot;focal_length&quot;:&quot;0&quot;,&quot;iso&quot;:&quot;0&quot;,&quot;shutter_speed&quot;:&quot;0&quot;,&quot;title&quot;:&quot;&quot;}\" data-image-title=\"Photo : Alex Paradis\" data-image-description=\"\" data-medium-file=\"https:\/\/develop.olympic.ca\/olympique\/wp-content\/uploads\/sites\/2\/2013\/03\/rickeratworlds_r16.jpg?quality=100&#038;w=502\" data-large-file=\"https:\/\/develop.olympic.ca\/olympique\/wp-content\/uploads\/sites\/2\/2013\/03\/rickeratworlds_r16.jpg?quality=100&#038;w=1000\" src=\"https:\/\/develop.olympic.ca\/olympique\/wp-content\/uploads\/sites\/2\/2013\/03\/rickeratworlds_r16.jpg?quality=100&#038;w=371&#038;h=274&#038;strip&#038;resize=371%2C274\" srcset=\"https:\/\/develop.olympic.ca\/olympique\/wp-content\/uploads\/sites\/2\/2013\/03\/rickeratworlds_r16.jpg 1000w, https:\/\/develop.olympic.ca\/olympique\/wp-content\/uploads\/sites\/2\/2013\/03\/rickeratworlds_r16.jpg?resize=214,158 214w, https:\/\/develop.olympic.ca\/olympique\/wp-content\/uploads\/sites\/2\/2013\/03\/rickeratworlds_r16.jpg?resize=502,371 502w, https:\/\/develop.olympic.ca\/olympique\/wp-content\/uploads\/sites\/2\/2013\/03\/rickeratworlds_r16.jpg?resize=768,568 768w\" width=\"371\" height=\"274\" loading=\"lazy\" data-original-width=\"371\" data-original-height=\"274\" itemprop=\"http:\/\/schema.org\/image\" title=\"Photo : Alex Paradis\" alt=\"Photo : Alex Paradis\" style=\"width: 371px; height: 274px;\" \/> <\/a> <\/div> <\/div> <!-- close group --> <div class=\"gallery-group images-1\" style=\"width: 186px; height: 278px;\" data-original-width=\"186\" data-original-height=\"278\" > <div class=\"tiled-gallery-item tiled-gallery-item-small\" itemprop=\"associatedMedia\" itemscope itemtype=\"http:\/\/schema.org\/ImageObject\"> <a href=\"https:\/\/develop.olympic.ca\/olympique\/wp-content\/uploads\/sites\/2\/2013\/03\/chloedl_ridewood_r16.jpg?quality=100&#038;strip\" border=\"0\" itemprop=\"url\"> <meta itemprop=\"width\" content=\"182\"> <meta itemprop=\"height\" content=\"274\"> <img decoding=\"async\" data-recalc-dims=\"1\" class=\"\" data-attachment-id=\"50785\" data-orig-file=\"https:\/\/develop.olympic.ca\/olympique\/wp-content\/uploads\/sites\/2\/2013\/03\/chloedl_ridewood_r16.jpg?quality=100\" data-orig-size=\"1000,1500\" data-comments-opened=\"1\" data-image-meta=\"{&quot;aperture&quot;:&quot;0&quot;,&quot;credit&quot;:&quot;&quot;,&quot;camera&quot;:&quot;&quot;,&quot;caption&quot;:&quot;&quot;,&quot;created_timestamp&quot;:&quot;0&quot;,&quot;copyright&quot;:&quot;&quot;,&quot;focal_length&quot;:&quot;0&quot;,&quot;iso&quot;:&quot;0&quot;,&quot;shutter_speed&quot;:&quot;0&quot;,&quot;title&quot;:&quot;&quot;}\" data-image-title=\"Photo : Mike Ridewood\" data-image-description=\"\" data-medium-file=\"https:\/\/develop.olympic.ca\/olympique\/wp-content\/uploads\/sites\/2\/2013\/03\/chloedl_ridewood_r16.jpg?quality=100&#038;w=247\" data-large-file=\"https:\/\/develop.olympic.ca\/olympique\/wp-content\/uploads\/sites\/2\/2013\/03\/chloedl_ridewood_r16.jpg?quality=100&#038;w=503\" src=\"https:\/\/develop.olympic.ca\/olympique\/wp-content\/uploads\/sites\/2\/2013\/03\/chloedl_ridewood_r16.jpg?quality=100&#038;w=182&#038;h=274&#038;strip&#038;resize=182%2C274\" srcset=\"https:\/\/develop.olympic.ca\/olympique\/wp-content\/uploads\/sites\/2\/2013\/03\/chloedl_ridewood_r16.jpg 1000w, https:\/\/develop.olympic.ca\/olympique\/wp-content\/uploads\/sites\/2\/2013\/03\/chloedl_ridewood_r16.jpg?resize=105,158 105w, https:\/\/develop.olympic.ca\/olympique\/wp-content\/uploads\/sites\/2\/2013\/03\/chloedl_ridewood_r16.jpg?resize=247,371 247w, https:\/\/develop.olympic.ca\/olympique\/wp-content\/uploads\/sites\/2\/2013\/03\/chloedl_ridewood_r16.jpg?resize=768,1152 768w, https:\/\/develop.olympic.ca\/olympique\/wp-content\/uploads\/sites\/2\/2013\/03\/chloedl_ridewood_r16.jpg?resize=503,754 503w\" width=\"182\" height=\"274\" loading=\"lazy\" data-original-width=\"182\" data-original-height=\"274\" itemprop=\"http:\/\/schema.org\/image\" title=\"Photo : Mike Ridewood\" alt=\"Photo : Mike Ridewood\" style=\"width: 182px; height: 274px;\" \/> <\/a> <\/div> <\/div> <!-- close group --> <\/div> <!-- close row --> <\/div>\n","protected":false},"excerpt":{"rendered":"<p>Pour les Canadiens, l\u2019hiver n\u2019a pas de secrets. Et cet hiver, les Canadiens ont encore une fois la preuve qu\u2019ils&#8230;<\/p>\n","protected":false},"author":52435436,"featured_media":50789,"comment_status":"open","ping_status":"open","sticky":false,"template":"","format":"standard","meta":{"_acf_changed":false,"_crdt_document":"","_jetpack_memberships_contains_paid_content":false,"footnotes":""},"categories":[70121],"tags":[],"post_format":"standard","sport":[],"game":[],"coauthors":[187838302],"class_list":["post-50780","post","type-post","status-publish","format-standard","has-post-thumbnail","hentry","category-equipe"],"acf":[],"yoast_head":"<!-- This site is optimized with the Yoast SEO plugin v27.3 - https:\/\/yoast.com\/product\/yoast-seo-wordpress\/ -->\n<title>Un hiver m\u00e9morable - \u00c9quipe Canada | Site officiel de l&#039;\u00e9quipe olympique<\/title>\n<meta name=\"robots\" content=\"index, follow, max-snippet:-1, max-image-preview:large, max-video-preview:-1\" \/>\n<link rel=\"canonical\" href=\"https:\/\/develop.olympic.ca\/olympique\/2013\/03\/20\/un-hiver-memorable\/\" \/>\n<meta property=\"og:locale\" content=\"fr_FR\" \/>\n<meta property=\"og:type\" content=\"article\" \/>\n<meta property=\"og:title\" content=\"Un hiver m\u00e9morable - \u00c9quipe Canada | Site officiel de l&#039;\u00e9quipe olympique\" \/>\n<meta property=\"og:description\" content=\"Pour les Canadiens, l\u2019hiver n\u2019a pas de secrets. Et cet hiver, les Canadiens ont encore une fois la preuve qu\u2019ils...\" \/>\n<meta property=\"og:url\" content=\"https:\/\/develop.olympic.ca\/olympique\/2013\/03\/20\/un-hiver-memorable\/\" \/>\n<meta property=\"og:site_name\" content=\"\u00c9quipe Canada | Site officiel de l&#039;\u00e9quipe olympique\" \/>\n<meta property=\"article:published_time\" content=\"2013-03-20T16:15:57+00:00\" \/>\n<meta property=\"article:modified_time\" content=\"2013-07-24T13:35:38+00:00\" \/>\n<meta property=\"og:image\" content=\"https:\/\/develop.olympic.ca\/olympique\/wp-content\/uploads\/sites\/2\/2013\/03\/untitled-1_main56.jpg?quality=100\" \/>\n\t<meta property=\"og:image:width\" content=\"630\" \/>\n\t<meta property=\"og:image:height\" content=\"295\" \/>\n\t<meta property=\"og:image:type\" content=\"image\/jpeg\" \/>\n<meta name=\"author\" content=\"Mark Nadolny\" \/>\n<meta name=\"twitter:card\" content=\"summary_large_image\" \/>\n<meta name=\"twitter:label1\" content=\"Written by\" \/>\n\t<meta name=\"twitter:data1\" content=\"Mark Nadolny\" \/>\n\t<meta name=\"twitter:label2\" content=\"Est. reading time\" \/>\n\t<meta name=\"twitter:data2\" content=\"3 minutes\" \/>\n<script type=\"application\/ld+json\" class=\"yoast-schema-graph\">{\"@context\":\"https:\\\/\\\/schema.org\",\"@graph\":[{\"@type\":\"Article\",\"@id\":\"https:\\\/\\\/develop.olympic.ca\\\/olympique\\\/2013\\\/03\\\/20\\\/un-hiver-memorable\\\/#article\",\"isPartOf\":{\"@id\":\"https:\\\/\\\/develop.olympic.ca\\\/olympique\\\/2013\\\/03\\\/20\\\/un-hiver-memorable\\\/\"},\"author\":{\"name\":\"Mark Nadolny\",\"@id\":\"https:\\\/\\\/develop.olympic.ca\\\/olympique\\\/#\\\/schema\\\/person\\\/bc0d05131da608ea1c841ff840fe2f38\"},\"headline\":\"Un hiver m\u00e9morable\",\"datePublished\":\"2013-03-20T16:15:57+00:00\",\"dateModified\":\"2013-07-24T13:35:38+00:00\",\"mainEntityOfPage\":{\"@id\":\"https:\\\/\\\/develop.olympic.ca\\\/olympique\\\/2013\\\/03\\\/20\\\/un-hiver-memorable\\\/\"},\"wordCount\":533,\"commentCount\":0,\"image\":{\"@id\":\"https:\\\/\\\/develop.olympic.ca\\\/olympique\\\/2013\\\/03\\\/20\\\/un-hiver-memorable\\\/#primaryimage\"},\"thumbnailUrl\":\"https:\\\/\\\/develop.olympic.ca\\\/olympique\\\/wp-content\\\/uploads\\\/sites\\\/2\\\/2013\\\/03\\\/untitled-1_main56.jpg?quality=100\",\"articleSection\":[\"Nouvelles de l'equipe\"],\"inLanguage\":\"fr-FR\",\"potentialAction\":[{\"@type\":\"CommentAction\",\"name\":\"Comment\",\"target\":[\"https:\\\/\\\/develop.olympic.ca\\\/olympique\\\/2013\\\/03\\\/20\\\/un-hiver-memorable\\\/#respond\"]}]},{\"@type\":\"WebPage\",\"@id\":\"https:\\\/\\\/develop.olympic.ca\\\/olympique\\\/2013\\\/03\\\/20\\\/un-hiver-memorable\\\/\",\"url\":\"https:\\\/\\\/develop.olympic.ca\\\/olympique\\\/2013\\\/03\\\/20\\\/un-hiver-memorable\\\/\",\"name\":\"Un hiver m\u00e9morable - \u00c9quipe Canada | Site officiel de l&#039;\u00e9quipe olympique\",\"isPartOf\":{\"@id\":\"https:\\\/\\\/develop.olympic.ca\\\/olympique\\\/#website\"},\"primaryImageOfPage\":{\"@id\":\"https:\\\/\\\/develop.olympic.ca\\\/olympique\\\/2013\\\/03\\\/20\\\/un-hiver-memorable\\\/#primaryimage\"},\"image\":{\"@id\":\"https:\\\/\\\/develop.olympic.ca\\\/olympique\\\/2013\\\/03\\\/20\\\/un-hiver-memorable\\\/#primaryimage\"},\"thumbnailUrl\":\"https:\\\/\\\/develop.olympic.ca\\\/olympique\\\/wp-content\\\/uploads\\\/sites\\\/2\\\/2013\\\/03\\\/untitled-1_main56.jpg?quality=100\",\"datePublished\":\"2013-03-20T16:15:57+00:00\",\"dateModified\":\"2013-07-24T13:35:38+00:00\",\"author\":{\"@id\":\"https:\\\/\\\/develop.olympic.ca\\\/olympique\\\/#\\\/schema\\\/person\\\/bc0d05131da608ea1c841ff840fe2f38\"},\"inLanguage\":\"fr-FR\",\"potentialAction\":[{\"@type\":\"ReadAction\",\"target\":[\"https:\\\/\\\/develop.olympic.ca\\\/olympique\\\/2013\\\/03\\\/20\\\/un-hiver-memorable\\\/\"]}]},{\"@type\":\"ImageObject\",\"inLanguage\":\"fr-FR\",\"@id\":\"https:\\\/\\\/develop.olympic.ca\\\/olympique\\\/2013\\\/03\\\/20\\\/un-hiver-memorable\\\/#primaryimage\",\"url\":\"https:\\\/\\\/develop.olympic.ca\\\/olympique\\\/wp-content\\\/uploads\\\/sites\\\/2\\\/2013\\\/03\\\/untitled-1_main56.jpg?quality=100\",\"contentUrl\":\"https:\\\/\\\/develop.olympic.ca\\\/olympique\\\/wp-content\\\/uploads\\\/sites\\\/2\\\/2013\\\/03\\\/untitled-1_main56.jpg?quality=100\",\"width\":630,\"height\":295,\"caption\":\"Photos : Mike Ridewood, Alex Paradis, Greg Kolz\"},{\"@type\":\"WebSite\",\"@id\":\"https:\\\/\\\/develop.olympic.ca\\\/olympique\\\/#website\",\"url\":\"https:\\\/\\\/develop.olympic.ca\\\/olympique\\\/\",\"name\":\"\u00c9quipe Canada | Site officiel de l&#039;\u00e9quipe olympique\",\"description\":\"Votre source pour l\u2019\u00c9quipe olympique canadienne. Retrouvez les r\u00e9cits, vid\u00e9os et photos des athl\u00e8tes canadiens, sports olympiques, Jeux olympiques de 2020 et bien plus!\",\"potentialAction\":[{\"@type\":\"SearchAction\",\"target\":{\"@type\":\"EntryPoint\",\"urlTemplate\":\"https:\\\/\\\/develop.olympic.ca\\\/olympique\\\/?s={search_term_string}\"},\"query-input\":{\"@type\":\"PropertyValueSpecification\",\"valueRequired\":true,\"valueName\":\"search_term_string\"}}],\"inLanguage\":\"fr-FR\"},{\"@type\":\"Person\",\"@id\":\"https:\\\/\\\/develop.olympic.ca\\\/olympique\\\/#\\\/schema\\\/person\\\/bc0d05131da608ea1c841ff840fe2f38\",\"name\":\"Mark Nadolny\",\"image\":{\"@type\":\"ImageObject\",\"inLanguage\":\"fr-FR\",\"@id\":\"https:\\\/\\\/secure.gravatar.com\\\/avatar\\\/fcfb5089af8db23b9347da3d181947b19f1cffb98b30f03fbe8f1973083d7e6b?s=96&d=identicon&r=g0693b2c18808f6337c03a29426292cc9\",\"url\":\"https:\\\/\\\/secure.gravatar.com\\\/avatar\\\/fcfb5089af8db23b9347da3d181947b19f1cffb98b30f03fbe8f1973083d7e6b?s=96&d=identicon&r=g\",\"contentUrl\":\"https:\\\/\\\/secure.gravatar.com\\\/avatar\\\/fcfb5089af8db23b9347da3d181947b19f1cffb98b30f03fbe8f1973083d7e6b?s=96&d=identicon&r=g\",\"caption\":\"Mark Nadolny\"},\"description\":\"Digital Media for the Canadian Olympic Team, I do that.\",\"url\":\"https:\\\/\\\/develop.olympic.ca\\\/olympique\\\/author\\\/marknadonly\\\/\"}]}<\/script>\n<!-- \/ Yoast SEO plugin. -->","yoast_head_json":{"title":"Un hiver m\u00e9morable - \u00c9quipe Canada | Site officiel de l&#039;\u00e9quipe olympique","robots":{"index":"index","follow":"follow","max-snippet":"max-snippet:-1","max-image-preview":"max-image-preview:large","max-video-preview":"max-video-preview:-1"},"canonical":"https:\/\/develop.olympic.ca\/olympique\/2013\/03\/20\/un-hiver-memorable\/","og_locale":"fr_FR","og_type":"article","og_title":"Un hiver m\u00e9morable - \u00c9quipe Canada | Site officiel de l&#039;\u00e9quipe olympique","og_description":"Pour les Canadiens, l\u2019hiver n\u2019a pas de secrets. Et cet hiver, les Canadiens ont encore une fois la preuve qu\u2019ils...","og_url":"https:\/\/develop.olympic.ca\/olympique\/2013\/03\/20\/un-hiver-memorable\/","og_site_name":"\u00c9quipe Canada | Site officiel de l&#039;\u00e9quipe olympique","article_published_time":"2013-03-20T16:15:57+00:00","article_modified_time":"2013-07-24T13:35:38+00:00","og_image":[{"width":630,"height":295,"url":"https:\/\/develop.olympic.ca\/olympique\/wp-content\/uploads\/sites\/2\/2013\/03\/untitled-1_main56.jpg?quality=100","type":"image\/jpeg"}],"author":"Mark Nadolny","twitter_card":"summary_large_image","twitter_misc":{"Written by":"Mark Nadolny","Est. reading time":"3 minutes"},"schema":{"@context":"https:\/\/schema.org","@graph":[{"@type":"Article","@id":"https:\/\/develop.olympic.ca\/olympique\/2013\/03\/20\/un-hiver-memorable\/#article","isPartOf":{"@id":"https:\/\/develop.olympic.ca\/olympique\/2013\/03\/20\/un-hiver-memorable\/"},"author":{"name":"Mark Nadolny","@id":"https:\/\/develop.olympic.ca\/olympique\/#\/schema\/person\/bc0d05131da608ea1c841ff840fe2f38"},"headline":"Un hiver m\u00e9morable","datePublished":"2013-03-20T16:15:57+00:00","dateModified":"2013-07-24T13:35:38+00:00","mainEntityOfPage":{"@id":"https:\/\/develop.olympic.ca\/olympique\/2013\/03\/20\/un-hiver-memorable\/"},"wordCount":533,"commentCount":0,"image":{"@id":"https:\/\/develop.olympic.ca\/olympique\/2013\/03\/20\/un-hiver-memorable\/#primaryimage"},"thumbnailUrl":"https:\/\/develop.olympic.ca\/olympique\/wp-content\/uploads\/sites\/2\/2013\/03\/untitled-1_main56.jpg?quality=100","articleSection":["Nouvelles de l'equipe"],"inLanguage":"fr-FR","potentialAction":[{"@type":"CommentAction","name":"Comment","target":["https:\/\/develop.olympic.ca\/olympique\/2013\/03\/20\/un-hiver-memorable\/#respond"]}]},{"@type":"WebPage","@id":"https:\/\/develop.olympic.ca\/olympique\/2013\/03\/20\/un-hiver-memorable\/","url":"https:\/\/develop.olympic.ca\/olympique\/2013\/03\/20\/un-hiver-memorable\/","name":"Un hiver m\u00e9morable - \u00c9quipe Canada | Site officiel de l&#039;\u00e9quipe olympique","isPartOf":{"@id":"https:\/\/develop.olympic.ca\/olympique\/#website"},"primaryImageOfPage":{"@id":"https:\/\/develop.olympic.ca\/olympique\/2013\/03\/20\/un-hiver-memorable\/#primaryimage"},"image":{"@id":"https:\/\/develop.olympic.ca\/olympique\/2013\/03\/20\/un-hiver-memorable\/#primaryimage"},"thumbnailUrl":"https:\/\/develop.olympic.ca\/olympique\/wp-content\/uploads\/sites\/2\/2013\/03\/untitled-1_main56.jpg?quality=100","datePublished":"2013-03-20T16:15:57+00:00","dateModified":"2013-07-24T13:35:38+00:00","author":{"@id":"https:\/\/develop.olympic.ca\/olympique\/#\/schema\/person\/bc0d05131da608ea1c841ff840fe2f38"},"inLanguage":"fr-FR","potentialAction":[{"@type":"ReadAction","target":["https:\/\/develop.olympic.ca\/olympique\/2013\/03\/20\/un-hiver-memorable\/"]}]},{"@type":"ImageObject","inLanguage":"fr-FR","@id":"https:\/\/develop.olympic.ca\/olympique\/2013\/03\/20\/un-hiver-memorable\/#primaryimage","url":"https:\/\/develop.olympic.ca\/olympique\/wp-content\/uploads\/sites\/2\/2013\/03\/untitled-1_main56.jpg?quality=100","contentUrl":"https:\/\/develop.olympic.ca\/olympique\/wp-content\/uploads\/sites\/2\/2013\/03\/untitled-1_main56.jpg?quality=100","width":630,"height":295,"caption":"Photos : Mike Ridewood, Alex Paradis, Greg Kolz"},{"@type":"WebSite","@id":"https:\/\/develop.olympic.ca\/olympique\/#website","url":"https:\/\/develop.olympic.ca\/olympique\/","name":"\u00c9quipe Canada | Site officiel de l&#039;\u00e9quipe olympique","description":"Votre source pour l\u2019\u00c9quipe olympique canadienne. Retrouvez les r\u00e9cits, vid\u00e9os et photos des athl\u00e8tes canadiens, sports olympiques, Jeux olympiques de 2020 et bien plus!","potentialAction":[{"@type":"SearchAction","target":{"@type":"EntryPoint","urlTemplate":"https:\/\/develop.olympic.ca\/olympique\/?s={search_term_string}"},"query-input":{"@type":"PropertyValueSpecification","valueRequired":true,"valueName":"search_term_string"}}],"inLanguage":"fr-FR"},{"@type":"Person","@id":"https:\/\/develop.olympic.ca\/olympique\/#\/schema\/person\/bc0d05131da608ea1c841ff840fe2f38","name":"Mark Nadolny","image":{"@type":"ImageObject","inLanguage":"fr-FR","@id":"https:\/\/secure.gravatar.com\/avatar\/fcfb5089af8db23b9347da3d181947b19f1cffb98b30f03fbe8f1973083d7e6b?s=96&d=identicon&r=g0693b2c18808f6337c03a29426292cc9","url":"https:\/\/secure.gravatar.com\/avatar\/fcfb5089af8db23b9347da3d181947b19f1cffb98b30f03fbe8f1973083d7e6b?s=96&d=identicon&r=g","contentUrl":"https:\/\/secure.gravatar.com\/avatar\/fcfb5089af8db23b9347da3d181947b19f1cffb98b30f03fbe8f1973083d7e6b?s=96&d=identicon&r=g","caption":"Mark Nadolny"},"description":"Digital Media for the Canadian Olympic Team, I do that.","url":"https:\/\/develop.olympic.ca\/olympique\/author\/marknadonly\/"}]}},"jetpack_featured_media_url":"https:\/\/develop.olympic.ca\/olympique\/wp-content\/uploads\/sites\/2\/2013\/03\/untitled-1_main56.jpg?quality=100","featured_image_url":"https:\/\/develop.olympic.ca\/olympique\/wp-content\/uploads\/sites\/2\/2013\/03\/untitled-1_main56.jpg?quality=100","author_name":["Mark Nadolny"],"category_names":["Nouvelles de l'equipe"],"tag_names":[],"video_embed_code":"","facebook_video_embed_code":"","jetpack_sharing_enabled":true,"jetpack-related-posts":[],"jetpack_shortlink":"https:\/\/wp.me\/pbmyEP-dd2","_links":{"self":[{"href":"https:\/\/develop.olympic.ca\/olympique\/wp-json\/wp\/v2\/posts\/50780","targetHints":{"allow":["GET"]}}],"collection":[{"href":"https:\/\/develop.olympic.ca\/olympique\/wp-json\/wp\/v2\/posts"}],"about":[{"href":"https:\/\/develop.olympic.ca\/olympique\/wp-json\/wp\/v2\/types\/post"}],"author":[{"embeddable":true,"href":"https:\/\/develop.olympic.ca\/olympique\/wp-json\/wp\/v2\/users\/52435436"}],"replies":[{"embeddable":true,"href":"https:\/\/develop.olympic.ca\/olympique\/wp-json\/wp\/v2\/comments?post=50780"}],"version-history":[{"count":1,"href":"https:\/\/develop.olympic.ca\/olympique\/wp-json\/wp\/v2\/posts\/50780\/revisions"}],"predecessor-version":[{"id":75304,"href":"https:\/\/develop.olympic.ca\/olympique\/wp-json\/wp\/v2\/posts\/50780\/revisions\/75304"}],"wp:featuredmedia":[{"embeddable":true,"href":"https:\/\/develop.olympic.ca\/olympique\/wp-json\/wp\/v2\/media\/50789"}],"wp:attachment":[{"href":"https:\/\/develop.olympic.ca\/olympique\/wp-json\/wp\/v2\/media?parent=50780"}],"wp:term":[{"taxonomy":"category","embeddable":true,"href":"https:\/\/develop.olympic.ca\/olympique\/wp-json\/wp\/v2\/categories?post=50780"},{"taxonomy":"post_tag","embeddable":true,"href":"https:\/\/develop.olympic.ca\/olympique\/wp-json\/wp\/v2\/tags?post=50780"},{"taxonomy":"post_format","embeddable":true,"href":"https:\/\/develop.olympic.ca\/olympique\/wp-json\/wp\/v2\/post_format?post=50780"},{"taxonomy":"sport","embeddable":true,"href":"https:\/\/develop.olympic.ca\/olympique\/wp-json\/wp\/v2\/sport?post=50780"},{"taxonomy":"game","embeddable":true,"href":"https:\/\/develop.olympic.ca\/olympique\/wp-json\/wp\/v2\/game?post=50780"},{"taxonomy":"author","embeddable":true,"href":"https:\/\/develop.olympic.ca\/olympique\/wp-json\/wp\/v2\/coauthors?post=50780"}],"curies":[{"name":"wp","href":"https:\/\/api.w.org\/{rel}","templated":true}]}}