{"id":50942,"date":"2013-03-26T13:50:48","date_gmt":"2013-03-26T17:50:48","guid":{"rendered":"http:\/\/develop.olympic.ca\/?p=50942"},"modified":"2013-07-24T13:35:32","modified_gmt":"2013-07-24T13:35:32","slug":"lequipe-de-jacobs-se-prepare-pour-ses-debuts-aux-mondiaux","status":"publish","type":"post","link":"https:\/\/develop.olympic.ca\/olympique\/2013\/03\/26\/lequipe-de-jacobs-se-prepare-pour-ses-debuts-aux-mondiaux\/","title":{"rendered":"L\u2019\u00e9quipe de Jacobs se pr\u00e9pare pour ses d\u00e9buts aux Mondiaux"},"content":{"rendered":"<p>En plein March Madness de la NCAA, les amateurs de sport sont probablement riv\u00e9s \u00e0 leur t\u00e9l\u00e9viseur, mais le Canada vivra son propre conte de f\u00e9es durant les Championnats du monde de curling masculin qui seront disput\u00e9s \u00e0 Victoria, en Colombie-Britannique, et auxquels prendront part Brad Jacobs et son \u00e9quipe de curling de Sault Ste. Marie.<\/p>\n<p>Jacobs (Sault Ste. Marie, Ont.) et son \u00e9quipe compos\u00e9e du troisi\u00e8me joueur Ryan Fry (Winnipeg, Man.), du second E.J. Harnden (Sault Ste. Marie, Ont.) et du premier joueur, Ryan Harnden (Sault Ste. Marie, Ont.) ont \u00e9t\u00e9 le sujet de conversation du monde du curling apr\u00e8s leur impressionnante victoire au Brier 2013.<\/p>\n<p>Repr\u00e9sentant le Nord de l\u2019Ontario, Jacobs a r\u00e9ussi \u00e0 se tailler une place dans les \u00e9liminatoires avec une quatri\u00e8me place apr\u00e8s le tournoi \u00e0 la ronde, tout juste devant le champion olympique <a href=\"http:\/\/develop.olympic.ca\/fr\/team-canada\/kevin-martin-2\">Kevin Martin<\/a> (Killiam, Alb.). \u00c0 partir de l\u00e0 a commenc\u00e9 une remarquable course o\u00f9 il d\u00e9fait le champion olympique de 2006 <a href=\"http:\/\/develop.olympic.ca\/fr\/team-canada\/brad-gushue-2\">Brad Gushue<\/a>\u00a0(St. John&rsquo;s, T.-N.-L.) dans le match opposant la troisi\u00e8me place \u00e0 la quatri\u00e8me place, le quadruple champion du monde Glenn Howard (Midland, Ont.) dans la demi-finale et le double champion du monde Jeff Stoughton (Winnipeg, Man.) \u00e0 la finale pour gagner le titre, un an apr\u00e8s avoir termin\u00e9 avec une fiche de 5-6 au Brier sans avoir r\u00e9ussi \u00e0 se qualifier pour les \u00e9liminatoires.<\/p>\n<div id=\"attachment_50950\" style=\"width: 310px\" class=\"wp-caption alignright\"><a href=\"http:\/\/develop.olympic.ca\/wp-content\/uploads\/sites\/2\/2013\/03\/teamjacobs16.jpg\"><img loading=\"lazy\" decoding=\"async\" aria-describedby=\"caption-attachment-50950\" class=\"size-medium wp-image-50950\" title=\"\" src=\"http:\/\/develop.olympic.ca\/wp-content\/uploads\/sites\/2\/2013\/03\/teamjacobs16.jpg?w=300&amp;h=225\" alt=\"\" width=\"300\" height=\"225\" srcset=\"https:\/\/develop.olympic.ca\/olympique\/wp-content\/uploads\/sites\/2\/2013\/03\/teamjacobs16.jpg 2000w, https:\/\/develop.olympic.ca\/olympique\/wp-content\/uploads\/sites\/2\/2013\/03\/teamjacobs16.jpg?resize=211,158 211w, https:\/\/develop.olympic.ca\/olympique\/wp-content\/uploads\/sites\/2\/2013\/03\/teamjacobs16.jpg?resize=494,371 494w, https:\/\/develop.olympic.ca\/olympique\/wp-content\/uploads\/sites\/2\/2013\/03\/teamjacobs16.jpg?resize=768,576 768w, https:\/\/develop.olympic.ca\/olympique\/wp-content\/uploads\/sites\/2\/2013\/03\/teamjacobs16.jpg?resize=1005,754 1005w, https:\/\/develop.olympic.ca\/olympique\/wp-content\/uploads\/sites\/2\/2013\/03\/teamjacobs16.jpg?resize=1536,1153 1536w\" sizes=\"(max-width: 300px) 100vw, 300px\" \/><\/a><p id=\"caption-attachment-50950\" class=\"wp-caption-text\">(De gauche \u00e0 droite) Brad Jacobs, Ryan Fry, E.J. Harnden et Ryan Harnden soul\u00e8vent fi\u00e8rement la grande chope du Brier apr\u00e8s avoir d\u00e9fait l\u2019\u00e9quipe Manitoba en finales au Brier, \u00e0 Edmonton (Alb.). LA PRESSE CANADIENNE\/Jason Franson<\/p><\/div>\n<p>\u00ab Je n\u2019ai pas encore trop bien r\u00e9alis\u00e9 ce qui se passe \u00bb, a d\u00e9clar\u00e9 Jacobs apr\u00e8s une victoire de 9-4 \u00e0 la finale du Brier. \u00ab C\u2019est E.J. (Harnden) qui l\u2019a exprim\u00e9 le mieux apr\u00e8s le match lorsqu\u2019il a dit qu\u2019il se sentait comme s\u2019il avait remport\u00e9 un match de la ligue masculine. C\u2019est fou! Nous avons gagn\u00e9 le Brier\u2026 Nous n\u2019\u00e9tions m\u00eame pas les favoris en venant ici. \u00bb<\/p>\n<p>Avec cette victoire, Jacobs a obtenu le droit de repr\u00e9senter le Canada aux Mondiaux pour la premi\u00e8re fois de sa carri\u00e8re. Pour couronner le tout, l\u2019\u00e9quipe sera en mesure d\u2019obtenir une qualification olympique pour le Canada \u00e0 domicile lorsque la nation se r\u00e9unira au Save-On-Foods Memorial Centre, \u00e0 Victoria, du 30 mars au 7 avril.<\/p>\n<p>L\u2019ann\u00e9e derni\u00e8re, l\u2019\u00e9quipe de Howard avait rafl\u00e9 l\u2019or aux Mondiaux de 2012 \u00e0 Basel, en Suisse, et avait obtenu le maximum de 14 points de qualification n\u00e9cessaire pour se tailler une place pour les Jeux olympiques d\u2019hiver de 2014 \u00e0 Sotchi, en Russie. Une performance solide de l\u2019\u00e9quipe de Jacobs pourrait sceller officiellement la participation du Canada au tournoi de 10 \u00e9quipes de l\u2019ann\u00e9e prochaine.<\/p>\n<p>Une forte comp\u00e9tition attend les Canadiens, avec notamment le double champion du monde David Murdoch de l\u2019\u00c9cosse, le Norv\u00e9gien Thomas Ulsrud qui en sera \u00e0 sa huiti\u00e8me participation aux Championnats du monde, et le Su\u00e9dois Niklas Edin qui a fini quatri\u00e8me \u00e0 Vancouver.<\/p>\n<p>Le Canada ouvrira le tournoi le 30 mars contre la Chine \u00e0 17 h, HNE. Tous les matchs peuvent \u00eatre suivis <a href=\"http:\/\/www.tsn.ca\/curling\/feature\/?id=1085\">ici<\/a>.<\/p>\n","protected":false},"excerpt":{"rendered":"<p>En plein March Madness de la NCAA, les amateurs de sport sont probablement riv\u00e9s \u00e0 leur t\u00e9l\u00e9viseur, mais le Canada&#8230;<\/p>\n","protected":false},"author":52435436,"featured_media":50943,"comment_status":"open","ping_status":"open","sticky":false,"template":"","format":"standard","meta":{"_acf_changed":false,"_crdt_document":"","_jetpack_memberships_contains_paid_content":false,"footnotes":""},"categories":[70121],"tags":[],"post_format":"standard","sport":[],"game":[],"coauthors":[187838302],"class_list":["post-50942","post","type-post","status-publish","format-standard","has-post-thumbnail","hentry","category-equipe"],"acf":[],"yoast_head":"<!-- This site is optimized with the Yoast SEO plugin v27.3 - https:\/\/yoast.com\/product\/yoast-seo-wordpress\/ -->\n<title>L\u2019\u00e9quipe de Jacobs se pr\u00e9pare pour ses d\u00e9buts aux Mondiaux  - \u00c9quipe Canada | Site officiel de l&#039;\u00e9quipe olympique<\/title>\n<meta name=\"robots\" content=\"index, follow, max-snippet:-1, max-image-preview:large, max-video-preview:-1\" \/>\n<link rel=\"canonical\" href=\"https:\/\/develop.olympic.ca\/olympique\/2013\/03\/26\/lequipe-de-jacobs-se-prepare-pour-ses-debuts-aux-mondiaux\/\" \/>\n<meta property=\"og:locale\" content=\"fr_FR\" \/>\n<meta property=\"og:type\" content=\"article\" \/>\n<meta property=\"og:title\" content=\"L\u2019\u00e9quipe de Jacobs se pr\u00e9pare pour ses d\u00e9buts aux Mondiaux  - \u00c9quipe Canada | Site officiel de l&#039;\u00e9quipe olympique\" \/>\n<meta property=\"og:description\" content=\"En plein March Madness de la NCAA, les amateurs de sport sont probablement riv\u00e9s \u00e0 leur t\u00e9l\u00e9viseur, mais le Canada...\" \/>\n<meta property=\"og:url\" content=\"https:\/\/develop.olympic.ca\/olympique\/2013\/03\/26\/lequipe-de-jacobs-se-prepare-pour-ses-debuts-aux-mondiaux\/\" \/>\n<meta property=\"og:site_name\" content=\"\u00c9quipe Canada | Site officiel de l&#039;\u00e9quipe olympique\" \/>\n<meta property=\"article:published_time\" content=\"2013-03-26T17:50:48+00:00\" \/>\n<meta property=\"article:modified_time\" content=\"2013-07-24T13:35:32+00:00\" \/>\n<meta property=\"og:image\" content=\"https:\/\/develop.olympic.ca\/olympique\/wp-content\/uploads\/sites\/2\/2013\/03\/jacobsmain_r16.jpg?quality=100\" \/>\n\t<meta property=\"og:image:width\" content=\"1000\" \/>\n\t<meta property=\"og:image:height\" content=\"763\" \/>\n\t<meta property=\"og:image:type\" content=\"image\/jpeg\" \/>\n<meta name=\"author\" content=\"Mark Nadolny\" \/>\n<meta name=\"twitter:card\" content=\"summary_large_image\" \/>\n<meta name=\"twitter:label1\" content=\"Written by\" \/>\n\t<meta name=\"twitter:data1\" content=\"Mark Nadolny\" \/>\n\t<meta name=\"twitter:label2\" content=\"Est. reading time\" \/>\n\t<meta name=\"twitter:data2\" content=\"3 minutes\" \/>\n<script type=\"application\/ld+json\" class=\"yoast-schema-graph\">{\"@context\":\"https:\\\/\\\/schema.org\",\"@graph\":[{\"@type\":\"Article\",\"@id\":\"https:\\\/\\\/develop.olympic.ca\\\/olympique\\\/2013\\\/03\\\/26\\\/lequipe-de-jacobs-se-prepare-pour-ses-debuts-aux-mondiaux\\\/#article\",\"isPartOf\":{\"@id\":\"https:\\\/\\\/develop.olympic.ca\\\/olympique\\\/2013\\\/03\\\/26\\\/lequipe-de-jacobs-se-prepare-pour-ses-debuts-aux-mondiaux\\\/\"},\"author\":{\"name\":\"Mark Nadolny\",\"@id\":\"https:\\\/\\\/develop.olympic.ca\\\/olympique\\\/#\\\/schema\\\/person\\\/bc0d05131da608ea1c841ff840fe2f38\"},\"headline\":\"L\u2019\u00e9quipe de Jacobs se pr\u00e9pare pour ses d\u00e9buts aux Mondiaux\",\"datePublished\":\"2013-03-26T17:50:48+00:00\",\"dateModified\":\"2013-07-24T13:35:32+00:00\",\"mainEntityOfPage\":{\"@id\":\"https:\\\/\\\/develop.olympic.ca\\\/olympique\\\/2013\\\/03\\\/26\\\/lequipe-de-jacobs-se-prepare-pour-ses-debuts-aux-mondiaux\\\/\"},\"wordCount\":572,\"commentCount\":0,\"image\":{\"@id\":\"https:\\\/\\\/develop.olympic.ca\\\/olympique\\\/2013\\\/03\\\/26\\\/lequipe-de-jacobs-se-prepare-pour-ses-debuts-aux-mondiaux\\\/#primaryimage\"},\"thumbnailUrl\":\"https:\\\/\\\/develop.olympic.ca\\\/olympique\\\/wp-content\\\/uploads\\\/sites\\\/2\\\/2013\\\/03\\\/jacobsmain_r16.jpg?quality=100\",\"articleSection\":[\"Nouvelles de l'equipe\"],\"inLanguage\":\"fr-FR\",\"potentialAction\":[{\"@type\":\"CommentAction\",\"name\":\"Comment\",\"target\":[\"https:\\\/\\\/develop.olympic.ca\\\/olympique\\\/2013\\\/03\\\/26\\\/lequipe-de-jacobs-se-prepare-pour-ses-debuts-aux-mondiaux\\\/#respond\"]}]},{\"@type\":\"WebPage\",\"@id\":\"https:\\\/\\\/develop.olympic.ca\\\/olympique\\\/2013\\\/03\\\/26\\\/lequipe-de-jacobs-se-prepare-pour-ses-debuts-aux-mondiaux\\\/\",\"url\":\"https:\\\/\\\/develop.olympic.ca\\\/olympique\\\/2013\\\/03\\\/26\\\/lequipe-de-jacobs-se-prepare-pour-ses-debuts-aux-mondiaux\\\/\",\"name\":\"L\u2019\u00e9quipe de Jacobs se pr\u00e9pare pour ses d\u00e9buts aux Mondiaux - \u00c9quipe Canada | Site officiel de l&#039;\u00e9quipe olympique\",\"isPartOf\":{\"@id\":\"https:\\\/\\\/develop.olympic.ca\\\/olympique\\\/#website\"},\"primaryImageOfPage\":{\"@id\":\"https:\\\/\\\/develop.olympic.ca\\\/olympique\\\/2013\\\/03\\\/26\\\/lequipe-de-jacobs-se-prepare-pour-ses-debuts-aux-mondiaux\\\/#primaryimage\"},\"image\":{\"@id\":\"https:\\\/\\\/develop.olympic.ca\\\/olympique\\\/2013\\\/03\\\/26\\\/lequipe-de-jacobs-se-prepare-pour-ses-debuts-aux-mondiaux\\\/#primaryimage\"},\"thumbnailUrl\":\"https:\\\/\\\/develop.olympic.ca\\\/olympique\\\/wp-content\\\/uploads\\\/sites\\\/2\\\/2013\\\/03\\\/jacobsmain_r16.jpg?quality=100\",\"datePublished\":\"2013-03-26T17:50:48+00:00\",\"dateModified\":\"2013-07-24T13:35:32+00:00\",\"author\":{\"@id\":\"https:\\\/\\\/develop.olympic.ca\\\/olympique\\\/#\\\/schema\\\/person\\\/bc0d05131da608ea1c841ff840fe2f38\"},\"inLanguage\":\"fr-FR\",\"potentialAction\":[{\"@type\":\"ReadAction\",\"target\":[\"https:\\\/\\\/develop.olympic.ca\\\/olympique\\\/2013\\\/03\\\/26\\\/lequipe-de-jacobs-se-prepare-pour-ses-debuts-aux-mondiaux\\\/\"]}]},{\"@type\":\"ImageObject\",\"inLanguage\":\"fr-FR\",\"@id\":\"https:\\\/\\\/develop.olympic.ca\\\/olympique\\\/2013\\\/03\\\/26\\\/lequipe-de-jacobs-se-prepare-pour-ses-debuts-aux-mondiaux\\\/#primaryimage\",\"url\":\"https:\\\/\\\/develop.olympic.ca\\\/olympique\\\/wp-content\\\/uploads\\\/sites\\\/2\\\/2013\\\/03\\\/jacobsmain_r16.jpg?quality=100\",\"contentUrl\":\"https:\\\/\\\/develop.olympic.ca\\\/olympique\\\/wp-content\\\/uploads\\\/sites\\\/2\\\/2013\\\/03\\\/jacobsmain_r16.jpg?quality=100\",\"width\":1000,\"height\":763,\"caption\":\"Photo : La Presse Canadienne\"},{\"@type\":\"WebSite\",\"@id\":\"https:\\\/\\\/develop.olympic.ca\\\/olympique\\\/#website\",\"url\":\"https:\\\/\\\/develop.olympic.ca\\\/olympique\\\/\",\"name\":\"\u00c9quipe Canada | Site officiel de l&#039;\u00e9quipe olympique\",\"description\":\"Votre source pour l\u2019\u00c9quipe olympique canadienne. Retrouvez les r\u00e9cits, vid\u00e9os et photos des athl\u00e8tes canadiens, sports olympiques, Jeux olympiques de 2020 et bien plus!\",\"potentialAction\":[{\"@type\":\"SearchAction\",\"target\":{\"@type\":\"EntryPoint\",\"urlTemplate\":\"https:\\\/\\\/develop.olympic.ca\\\/olympique\\\/?s={search_term_string}\"},\"query-input\":{\"@type\":\"PropertyValueSpecification\",\"valueRequired\":true,\"valueName\":\"search_term_string\"}}],\"inLanguage\":\"fr-FR\"},{\"@type\":\"Person\",\"@id\":\"https:\\\/\\\/develop.olympic.ca\\\/olympique\\\/#\\\/schema\\\/person\\\/bc0d05131da608ea1c841ff840fe2f38\",\"name\":\"Mark Nadolny\",\"image\":{\"@type\":\"ImageObject\",\"inLanguage\":\"fr-FR\",\"@id\":\"https:\\\/\\\/secure.gravatar.com\\\/avatar\\\/fcfb5089af8db23b9347da3d181947b19f1cffb98b30f03fbe8f1973083d7e6b?s=96&d=identicon&r=g0693b2c18808f6337c03a29426292cc9\",\"url\":\"https:\\\/\\\/secure.gravatar.com\\\/avatar\\\/fcfb5089af8db23b9347da3d181947b19f1cffb98b30f03fbe8f1973083d7e6b?s=96&d=identicon&r=g\",\"contentUrl\":\"https:\\\/\\\/secure.gravatar.com\\\/avatar\\\/fcfb5089af8db23b9347da3d181947b19f1cffb98b30f03fbe8f1973083d7e6b?s=96&d=identicon&r=g\",\"caption\":\"Mark Nadolny\"},\"description\":\"Digital Media for the Canadian Olympic Team, I do that.\",\"url\":\"https:\\\/\\\/develop.olympic.ca\\\/olympique\\\/author\\\/marknadonly\\\/\"}]}<\/script>\n<!-- \/ Yoast SEO plugin. -->","yoast_head_json":{"title":"L\u2019\u00e9quipe de Jacobs se pr\u00e9pare pour ses d\u00e9buts aux Mondiaux  - \u00c9quipe Canada | Site officiel de l&#039;\u00e9quipe olympique","robots":{"index":"index","follow":"follow","max-snippet":"max-snippet:-1","max-image-preview":"max-image-preview:large","max-video-preview":"max-video-preview:-1"},"canonical":"https:\/\/develop.olympic.ca\/olympique\/2013\/03\/26\/lequipe-de-jacobs-se-prepare-pour-ses-debuts-aux-mondiaux\/","og_locale":"fr_FR","og_type":"article","og_title":"L\u2019\u00e9quipe de Jacobs se pr\u00e9pare pour ses d\u00e9buts aux Mondiaux  - \u00c9quipe Canada | Site officiel de l&#039;\u00e9quipe olympique","og_description":"En plein March Madness de la NCAA, les amateurs de sport sont probablement riv\u00e9s \u00e0 leur t\u00e9l\u00e9viseur, mais le Canada...","og_url":"https:\/\/develop.olympic.ca\/olympique\/2013\/03\/26\/lequipe-de-jacobs-se-prepare-pour-ses-debuts-aux-mondiaux\/","og_site_name":"\u00c9quipe Canada | Site officiel de l&#039;\u00e9quipe olympique","article_published_time":"2013-03-26T17:50:48+00:00","article_modified_time":"2013-07-24T13:35:32+00:00","og_image":[{"width":1000,"height":763,"url":"https:\/\/develop.olympic.ca\/olympique\/wp-content\/uploads\/sites\/2\/2013\/03\/jacobsmain_r16.jpg?quality=100","type":"image\/jpeg"}],"author":"Mark Nadolny","twitter_card":"summary_large_image","twitter_misc":{"Written by":"Mark Nadolny","Est. reading time":"3 minutes"},"schema":{"@context":"https:\/\/schema.org","@graph":[{"@type":"Article","@id":"https:\/\/develop.olympic.ca\/olympique\/2013\/03\/26\/lequipe-de-jacobs-se-prepare-pour-ses-debuts-aux-mondiaux\/#article","isPartOf":{"@id":"https:\/\/develop.olympic.ca\/olympique\/2013\/03\/26\/lequipe-de-jacobs-se-prepare-pour-ses-debuts-aux-mondiaux\/"},"author":{"name":"Mark Nadolny","@id":"https:\/\/develop.olympic.ca\/olympique\/#\/schema\/person\/bc0d05131da608ea1c841ff840fe2f38"},"headline":"L\u2019\u00e9quipe de Jacobs se pr\u00e9pare pour ses d\u00e9buts aux Mondiaux","datePublished":"2013-03-26T17:50:48+00:00","dateModified":"2013-07-24T13:35:32+00:00","mainEntityOfPage":{"@id":"https:\/\/develop.olympic.ca\/olympique\/2013\/03\/26\/lequipe-de-jacobs-se-prepare-pour-ses-debuts-aux-mondiaux\/"},"wordCount":572,"commentCount":0,"image":{"@id":"https:\/\/develop.olympic.ca\/olympique\/2013\/03\/26\/lequipe-de-jacobs-se-prepare-pour-ses-debuts-aux-mondiaux\/#primaryimage"},"thumbnailUrl":"https:\/\/develop.olympic.ca\/olympique\/wp-content\/uploads\/sites\/2\/2013\/03\/jacobsmain_r16.jpg?quality=100","articleSection":["Nouvelles de l'equipe"],"inLanguage":"fr-FR","potentialAction":[{"@type":"CommentAction","name":"Comment","target":["https:\/\/develop.olympic.ca\/olympique\/2013\/03\/26\/lequipe-de-jacobs-se-prepare-pour-ses-debuts-aux-mondiaux\/#respond"]}]},{"@type":"WebPage","@id":"https:\/\/develop.olympic.ca\/olympique\/2013\/03\/26\/lequipe-de-jacobs-se-prepare-pour-ses-debuts-aux-mondiaux\/","url":"https:\/\/develop.olympic.ca\/olympique\/2013\/03\/26\/lequipe-de-jacobs-se-prepare-pour-ses-debuts-aux-mondiaux\/","name":"L\u2019\u00e9quipe de Jacobs se pr\u00e9pare pour ses d\u00e9buts aux Mondiaux - \u00c9quipe Canada | Site officiel de l&#039;\u00e9quipe olympique","isPartOf":{"@id":"https:\/\/develop.olympic.ca\/olympique\/#website"},"primaryImageOfPage":{"@id":"https:\/\/develop.olympic.ca\/olympique\/2013\/03\/26\/lequipe-de-jacobs-se-prepare-pour-ses-debuts-aux-mondiaux\/#primaryimage"},"image":{"@id":"https:\/\/develop.olympic.ca\/olympique\/2013\/03\/26\/lequipe-de-jacobs-se-prepare-pour-ses-debuts-aux-mondiaux\/#primaryimage"},"thumbnailUrl":"https:\/\/develop.olympic.ca\/olympique\/wp-content\/uploads\/sites\/2\/2013\/03\/jacobsmain_r16.jpg?quality=100","datePublished":"2013-03-26T17:50:48+00:00","dateModified":"2013-07-24T13:35:32+00:00","author":{"@id":"https:\/\/develop.olympic.ca\/olympique\/#\/schema\/person\/bc0d05131da608ea1c841ff840fe2f38"},"inLanguage":"fr-FR","potentialAction":[{"@type":"ReadAction","target":["https:\/\/develop.olympic.ca\/olympique\/2013\/03\/26\/lequipe-de-jacobs-se-prepare-pour-ses-debuts-aux-mondiaux\/"]}]},{"@type":"ImageObject","inLanguage":"fr-FR","@id":"https:\/\/develop.olympic.ca\/olympique\/2013\/03\/26\/lequipe-de-jacobs-se-prepare-pour-ses-debuts-aux-mondiaux\/#primaryimage","url":"https:\/\/develop.olympic.ca\/olympique\/wp-content\/uploads\/sites\/2\/2013\/03\/jacobsmain_r16.jpg?quality=100","contentUrl":"https:\/\/develop.olympic.ca\/olympique\/wp-content\/uploads\/sites\/2\/2013\/03\/jacobsmain_r16.jpg?quality=100","width":1000,"height":763,"caption":"Photo : La Presse Canadienne"},{"@type":"WebSite","@id":"https:\/\/develop.olympic.ca\/olympique\/#website","url":"https:\/\/develop.olympic.ca\/olympique\/","name":"\u00c9quipe Canada | Site officiel de l&#039;\u00e9quipe olympique","description":"Votre source pour l\u2019\u00c9quipe olympique canadienne. Retrouvez les r\u00e9cits, vid\u00e9os et photos des athl\u00e8tes canadiens, sports olympiques, Jeux olympiques de 2020 et bien plus!","potentialAction":[{"@type":"SearchAction","target":{"@type":"EntryPoint","urlTemplate":"https:\/\/develop.olympic.ca\/olympique\/?s={search_term_string}"},"query-input":{"@type":"PropertyValueSpecification","valueRequired":true,"valueName":"search_term_string"}}],"inLanguage":"fr-FR"},{"@type":"Person","@id":"https:\/\/develop.olympic.ca\/olympique\/#\/schema\/person\/bc0d05131da608ea1c841ff840fe2f38","name":"Mark Nadolny","image":{"@type":"ImageObject","inLanguage":"fr-FR","@id":"https:\/\/secure.gravatar.com\/avatar\/fcfb5089af8db23b9347da3d181947b19f1cffb98b30f03fbe8f1973083d7e6b?s=96&d=identicon&r=g0693b2c18808f6337c03a29426292cc9","url":"https:\/\/secure.gravatar.com\/avatar\/fcfb5089af8db23b9347da3d181947b19f1cffb98b30f03fbe8f1973083d7e6b?s=96&d=identicon&r=g","contentUrl":"https:\/\/secure.gravatar.com\/avatar\/fcfb5089af8db23b9347da3d181947b19f1cffb98b30f03fbe8f1973083d7e6b?s=96&d=identicon&r=g","caption":"Mark Nadolny"},"description":"Digital Media for the Canadian Olympic Team, I do that.","url":"https:\/\/develop.olympic.ca\/olympique\/author\/marknadonly\/"}]}},"jetpack_featured_media_url":"https:\/\/develop.olympic.ca\/olympique\/wp-content\/uploads\/sites\/2\/2013\/03\/jacobsmain_r16.jpg?quality=100","featured_image_url":"https:\/\/develop.olympic.ca\/olympique\/wp-content\/uploads\/sites\/2\/2013\/03\/jacobsmain_r16.jpg?quality=100","author_name":["Mark Nadolny"],"category_names":["Nouvelles de l'equipe"],"tag_names":[],"video_embed_code":"","facebook_video_embed_code":"","jetpack_sharing_enabled":true,"jetpack-related-posts":[],"jetpack_shortlink":"https:\/\/wp.me\/pbmyEP-dfE","_links":{"self":[{"href":"https:\/\/develop.olympic.ca\/olympique\/wp-json\/wp\/v2\/posts\/50942","targetHints":{"allow":["GET"]}}],"collection":[{"href":"https:\/\/develop.olympic.ca\/olympique\/wp-json\/wp\/v2\/posts"}],"about":[{"href":"https:\/\/develop.olympic.ca\/olympique\/wp-json\/wp\/v2\/types\/post"}],"author":[{"embeddable":true,"href":"https:\/\/develop.olympic.ca\/olympique\/wp-json\/wp\/v2\/users\/52435436"}],"replies":[{"embeddable":true,"href":"https:\/\/develop.olympic.ca\/olympique\/wp-json\/wp\/v2\/comments?post=50942"}],"version-history":[{"count":1,"href":"https:\/\/develop.olympic.ca\/olympique\/wp-json\/wp\/v2\/posts\/50942\/revisions"}],"predecessor-version":[{"id":75299,"href":"https:\/\/develop.olympic.ca\/olympique\/wp-json\/wp\/v2\/posts\/50942\/revisions\/75299"}],"wp:featuredmedia":[{"embeddable":true,"href":"https:\/\/develop.olympic.ca\/olympique\/wp-json\/wp\/v2\/media\/50943"}],"wp:attachment":[{"href":"https:\/\/develop.olympic.ca\/olympique\/wp-json\/wp\/v2\/media?parent=50942"}],"wp:term":[{"taxonomy":"category","embeddable":true,"href":"https:\/\/develop.olympic.ca\/olympique\/wp-json\/wp\/v2\/categories?post=50942"},{"taxonomy":"post_tag","embeddable":true,"href":"https:\/\/develop.olympic.ca\/olympique\/wp-json\/wp\/v2\/tags?post=50942"},{"taxonomy":"post_format","embeddable":true,"href":"https:\/\/develop.olympic.ca\/olympique\/wp-json\/wp\/v2\/post_format?post=50942"},{"taxonomy":"sport","embeddable":true,"href":"https:\/\/develop.olympic.ca\/olympique\/wp-json\/wp\/v2\/sport?post=50942"},{"taxonomy":"game","embeddable":true,"href":"https:\/\/develop.olympic.ca\/olympique\/wp-json\/wp\/v2\/game?post=50942"},{"taxonomy":"author","embeddable":true,"href":"https:\/\/develop.olympic.ca\/olympique\/wp-json\/wp\/v2\/coauthors?post=50942"}],"curies":[{"name":"wp","href":"https:\/\/api.w.org\/{rel}","templated":true}]}}