{"id":53493,"date":"2013-05-11T12:08:11","date_gmt":"2013-05-11T16:08:11","guid":{"rendered":"http:\/\/develop.olympic.ca\/?p=53493"},"modified":"2013-08-01T03:24:12","modified_gmt":"2013-08-01T03:24:12","slug":"les-reves-olympiques-se-realisent-grace-aux-mamans","status":"publish","type":"post","link":"https:\/\/develop.olympic.ca\/olympique\/2013\/05\/11\/les-reves-olympiques-se-realisent-grace-aux-mamans\/","title":{"rendered":"Les r\u00eaves olympiques se r\u00e9alisent gr\u00e2ce aux mamans"},"content":{"rendered":"<p>En ce jour de la f\u00eate des M\u00e8res, <a href=\"http:\/\/develop.olympic.ca\/fr\/team-canada\/jamie-gregg-2\">Jamie<\/a> et <a href=\"http:\/\/develop.olympic.ca\/fr\/team-canada\/jessica-gregg-2\">Jessica Gregg<\/a>, fr\u00e8re et s\u0153ur et patineurs de vitesse, ont du mal \u00e0 s\u2019imaginer ce que serait leur carri\u00e8re si ce n\u2019\u00e9tait de la pr\u00e9sence de leur m\u00e8re Kathy.<\/p>\n<p>\u00ab\u00a0Son amour du sport et son mode de vie ont donn\u00e9 naissance \u00e0 ma passion. Elle m\u2019a appris \u00e0 aimer le patin. On travaille fort, mais c\u2019est parce qu\u2019on aime \u00e7a\u00a0\u00bb, confie Jessica<\/p>\n<p>Kathy a port\u00e9 plusieurs chapeaux pendant que ses enfants grandissaient. M\u00e8re, \u00e9pouse, chef, entra\u00eeneuse et mod\u00e8le pour ne nommer que ceux-ci. Mais l\u2019ancienne patineuse de vitesse olympique a probablement eu le plus d\u2019influence sur la carri\u00e8re sportive de ses enfants en devenant leur entra\u00eeneuse.<\/p>\n<p>Le parcours vers les Jeux olympiques de Vancouver de Jamie, 28 ans, et Jessica, 25 ans, a commenc\u00e9 sous l\u2019\u0153il attentif de leur m\u00e8re au club de patinage de vitesse d\u2019Edmonton.<\/p>\n<div id=\"attachment_53500\" style=\"width: 234px\" class=\"wp-caption alignright\"><a href=\"http:\/\/develop.olympic.ca\/wp-content\/uploads\/sites\/2\/2013\/05\/youngkids16.jpg\"><img loading=\"lazy\" decoding=\"async\" aria-describedby=\"caption-attachment-53500\" class=\"size-medium wp-image-53500 \" alt=\"\" src=\"http:\/\/develop.olympic.ca\/wp-content\/uploads\/sites\/2\/2013\/05\/youngkids16.jpg?w=224&amp;h=300\" width=\"224\" height=\"300\" srcset=\"https:\/\/develop.olympic.ca\/olympique\/wp-content\/uploads\/sites\/2\/2013\/05\/youngkids16.jpg 956w, https:\/\/develop.olympic.ca\/olympique\/wp-content\/uploads\/sites\/2\/2013\/05\/youngkids16.jpg?resize=118,158 118w, https:\/\/develop.olympic.ca\/olympique\/wp-content\/uploads\/sites\/2\/2013\/05\/youngkids16.jpg?resize=277,371 277w, https:\/\/develop.olympic.ca\/olympique\/wp-content\/uploads\/sites\/2\/2013\/05\/youngkids16.jpg?resize=768,1028 768w, https:\/\/develop.olympic.ca\/olympique\/wp-content\/uploads\/sites\/2\/2013\/05\/youngkids16.jpg?resize=563,754 563w\" sizes=\"(max-width: 224px) 100vw, 224px\" \/><\/a><p id=\"caption-attachment-53500\" class=\"wp-caption-text\">La famille Gregg avec la Coupe Stanley, en compagnie de papa Randy. \/ Photo, gracieuset\u00e9 de la famille Gregg.<\/p><\/div>\n<p>Leur p\u00e8re <a href=\"http:\/\/develop.olympic.ca\/fr\/team-canada\/randy-gregg-2\">Randy<\/a>, double olympien et ancien joueur de la LNH, a pass\u00e9 une grande partie de leur enfance sur la route avec les Oilers. Kathy a donc eu une grande influence sur la vie de ses enfants.<\/p>\n<p>Les deux parents ont port\u00e9 les couleurs du Canada des d\u00e9cennies avant leurs enfants \u00e0 qui ils ont racont\u00e9 les bons souvenirs qu\u2019ils gardent de leur exp\u00e9rience olympique.<\/p>\n<p>\u00ab\u00a0D\u00e8s notre plus jeune \u00e2ge, on nous a transmis qu\u2019il n\u2019y avait pas de plus grand honneur que de repr\u00e9senter son pays\u00a0\u00bb, se souvient Jamie. \u00ab\u00a0Quand j\u2019\u00e9tais petit, aller aux Jeux olympiques \u00e9tait la plus grande r\u00e9alisation possible, et je r\u00eavais de repr\u00e9senter le Canada.\u00a0\u00bb<\/p>\n<p>Si les parents laissent leurs enfants exp\u00e9rimenter diff\u00e9rents sports avant de choisir sur lequel se concentrer, les futurs olympiens ont chauss\u00e9 des patins pour la premi\u00e8re fois \u00e0 l\u2019\u00e2ge de cinq (Jessica) et six ans (Jamie).<\/p>\n<p>\u00ab\u00a0Nous avons eu une enfance tout \u00e0 fait normale pour des enfants dont les deux parents sont des olympiens\u00a0\u00bb, soutient Jamie. \u00ab\u00a0Je pense que les parents des autres enfants \u00e9taient plus exigeants. Comme mes parents \u00e9taient d\u00e9j\u00e0 pass\u00e9s par l\u00e0, ils avaient une meilleure id\u00e9e de la pression qu\u2019on peut imposer aux enfants. Ils nous ont laiss\u00e9s faire notre propre chemin pour obtenir du succ\u00e8s.\u00a0\u00bb<\/p>\n<p>Comme entra\u00eeneuse, Kathy m\u00e9langeait s\u00e9rieux et jeu pour conserver l\u2019int\u00e9r\u00eat de ses enfants. Elle invitait leurs amis \u00e0 s\u2019entra\u00eener avec eux en se disant que leur pr\u00e9sence inciterait ses enfants \u00e0 s\u2019entra\u00eener davantage.<\/p>\n<p>\u00ab\u00a0Ma m\u00e8re excelle sur le plan technique et elle voit ce que je ne fais pas correctement\u00a0\u00bb, dit Jamie. \u00ab\u00a0Quand nous \u00e9tions petits, elle int\u00e9grait beaucoup de jeu aux entra\u00eenements pour garder notre attention. Elle veille \u00e0 ce que les patineurs s\u2019amusent pendant qu\u2019elle leur transmet ses connaissances.\u00a0\u00bb<\/p>\n<p>Humble et modeste, Kathy ne se vantait jamais de ses exp\u00e9riences sur la sc\u00e8ne internationale. Elle s\u2019en servait uniquement pour motiver les enfants.<\/p>\n<p>\u00ab\u00a0J\u2019ai toujours su qu\u2019elle \u00e9tait all\u00e9e aux Jeux olympiques\u00a0\u00bb, explique Jessica. \u00ab\u00a0Mais elle n\u2019en parlait jamais sauf pour nous motiver. C\u2019est ma m\u00e8re, et je voulais \u00eatre comme elle. Mon but \u00e9tait d\u2019aller aux Jeux olympiques. Elle savait ce que je devrais faire et le d\u00e9vouement dont je devrais faire preuve.\u00a0\u00bb<\/p>\n<p>L\u2019\u00e9quilibre de Kathy entre ses t\u00e2ches de maman et d\u2019entra\u00eeneuse les a beaucoup aid\u00e9s.<\/p>\n<p>\u00ab\u00a0Elle ne m\u2019a jamais mis de pression, et elle \u00e9tait toujours l\u00e0 pour me soutenir\u00a0\u00bb, dit Jamie. \u00ab\u00a0Savoir qu\u2019elle \u00e9tait pass\u00e9e par l\u00e0 me donnait de l\u2019assurance et m\u2019incitait \u00e0 \u00e9couter ce qu\u2019elle avait \u00e0 dire. Elle savait ce dont elle parlait, et j\u2019appr\u00e9ciais les conseils qu\u2019elle me donnait.\u00a0\u00bb<\/p>\n<p>Les deux patineurs ajoutent que leur m\u00e8re est la principale raison de leur succ\u00e8s.<\/p>\n<p>\u00ab\u00a0J\u2019aimerais la remercier parce que c\u2019est gr\u00e2ce \u00e0 elle si je suis ce que je suis. Je n\u2019aurais jamais pu me rendre aussi loin sans son aide\u00a0\u00bb, dit Jamie en parlant de sa m\u00e8re.<\/p>\n<p><strong>Un programme olympique juv\u00e9nile<\/strong><\/p>\n<p>Un programme d\u2019\u00e9ducation olympique\u00a0: on pourrait en vouloir \u00e0 la famille Gregg, \u00e9tablie \u00e0 Edmonton, d\u2019avoir eu une id\u00e9e aussi farfelue. Apr\u00e8s tout, les parents ont une feuille de route assez remarquable.<\/p>\n<p>Randy, le p\u00e8re, a jou\u00e9 neuf saisons dans la LNH et remport\u00e9 cinq Coupes Stanley avec les Oilers dans les ann\u00e9es 90. Il a \u00e9galement fait partie du programme olympique et repr\u00e9sent\u00e9 le Canada aux Jeux de 1980 \u00e0 Lake Placid et de 1988 \u00e0 Calgary.<\/p>\n<div id=\"attachment_53499\" style=\"width: 310px\" class=\"wp-caption alignright\"><a href=\"http:\/\/develop.olympic.ca\/wp-content\/uploads\/sites\/2\/2013\/05\/kids16.jpg\"><img loading=\"lazy\" decoding=\"async\" aria-describedby=\"caption-attachment-53499\" class=\"size-medium wp-image-53499\" title=\"\" alt=\"\" src=\"http:\/\/develop.olympic.ca\/wp-content\/uploads\/sites\/2\/2013\/05\/kids16.jpg?w=300&amp;h=203\" width=\"300\" height=\"203\" srcset=\"https:\/\/develop.olympic.ca\/olympique\/wp-content\/uploads\/sites\/2\/2013\/05\/kids16.jpg 1136w, https:\/\/develop.olympic.ca\/olympique\/wp-content\/uploads\/sites\/2\/2013\/05\/kids16.jpg?resize=233,158 233w, https:\/\/develop.olympic.ca\/olympique\/wp-content\/uploads\/sites\/2\/2013\/05\/kids16.jpg?resize=547,371 547w, https:\/\/develop.olympic.ca\/olympique\/wp-content\/uploads\/sites\/2\/2013\/05\/kids16.jpg?resize=768,521 768w, https:\/\/develop.olympic.ca\/olympique\/wp-content\/uploads\/sites\/2\/2013\/05\/kids16.jpg?resize=1112,754 1112w\" sizes=\"(max-width: 300px) 100vw, 300px\" \/><\/a><p id=\"caption-attachment-53499\" class=\"wp-caption-text\">(De gauche \u00e0 droite) Ryan, Jamie, Jessica et Sarah. \/ Photo, gracieuset\u00e9 de la famille Gregg.<\/p><\/div>\n<p>C\u2019est \u00e0 Lake Placid que Randy a rencontr\u00e9 celle qui allait devenir sa femme, Kathy Voigt, une patineuse de vitesse qui en \u00e9tait \u00e0 ses deuxi\u00e8mes Jeux d\u2019hiver cons\u00e9cutifs dans l\u2019uniforme du Canada. Le couple aura quatre enfants\u00a0: deux fils, Jamie et Ryan, suivi de deux filles Jessica et Sarah.<\/p>\n<p>Ryan excellait au baseball, et il a jou\u00e9 pour l\u2019universit\u00e9 de Calgary. Les trois autres enfants ont suivi les traces de leur m\u00e8re en faisant du patinage de vitesse. Jamie et Jessica ont fait leurs d\u00e9buts aux Jeux olympiques en 2010 o\u00f9 Jessica a remport\u00e9 la premi\u00e8re m\u00e9daille de la famille Gregg, une m\u00e9daille d\u2019argent au relais 3000\u00a0m.<\/p>\n<p>\u00ab\u00a0Nous sommes tous les deux des athl\u00e8tes de haut niveau et nous voulions que nos enfants fassent du sport parce que cela nous a apport\u00e9 \u00e9norm\u00e9ment. Mais nous n\u2019aurions jamais pens\u00e9 qu\u2019ils \u00e9taient aussi bons\u00a0\u00bb, explique Kathy.<\/p>\n<p><strong>Le tour du monde<\/strong><\/p>\n<p>Kathy et Randy passent maintenant beaucoup de temps sur la route et sont parmi les parents les plus d\u00e9vou\u00e9s du monde du patinage de vitesse. Ils se consid\u00e8rent tr\u00e8s chanceux d\u2019avoir les moyens de voyager pour aller voir leurs enfants patiner.<\/p>\n<p>La pr\u00e9sence de figures famili\u00e8res est souvent un avantage pour Jamie et Jessica pendant les comp\u00e9titions importantes.<\/p>\n<div id=\"attachment_53498\" style=\"width: 310px\" class=\"wp-caption alignright\"><a href=\"http:\/\/develop.olympic.ca\/wp-content\/uploads\/sites\/2\/2013\/05\/jamiejessmom16.jpg\"><img loading=\"lazy\" decoding=\"async\" aria-describedby=\"caption-attachment-53498\" class=\"size-medium wp-image-53498\" title=\"\" alt=\"\" src=\"http:\/\/develop.olympic.ca\/wp-content\/uploads\/sites\/2\/2013\/05\/jamiejessmom16.jpg?w=300&amp;h=225\" width=\"300\" height=\"225\" srcset=\"https:\/\/develop.olympic.ca\/olympique\/wp-content\/uploads\/sites\/2\/2013\/05\/jamiejessmom16.jpg 1280w, https:\/\/develop.olympic.ca\/olympique\/wp-content\/uploads\/sites\/2\/2013\/05\/jamiejessmom16.jpg?resize=211,158 211w, https:\/\/develop.olympic.ca\/olympique\/wp-content\/uploads\/sites\/2\/2013\/05\/jamiejessmom16.jpg?resize=495,371 495w, https:\/\/develop.olympic.ca\/olympique\/wp-content\/uploads\/sites\/2\/2013\/05\/jamiejessmom16.jpg?resize=768,576 768w, https:\/\/develop.olympic.ca\/olympique\/wp-content\/uploads\/sites\/2\/2013\/05\/jamiejessmom16.jpg?resize=1005,754 1005w\" sizes=\"(max-width: 300px) 100vw, 300px\" \/><\/a><p id=\"caption-attachment-53498\" class=\"wp-caption-text\">(De gauche \u00e0 droite) Kathy, Jamie et Jessica. \/ Photo, gracieuset\u00e9 de la famille Gregg.<\/p><\/div>\n<p>\u00ab\u00a0Ils nous suivent partout dans le monde et viennent m\u2019encourager \u00e0 presque toutes mes courses\u00a0\u00bb, dit Jamie. \u00ab\u00a0J\u2019adore quand mes parents sont l\u00e0. J\u2019aime essayer de les rep\u00e9rer dans les gradins avec leur drapeau canadien. \u00c7a me rassure et m\u2019aide \u00e0 relaxer.\u00a0\u00bb<\/p>\n<p>La famille Gregg n\u2019a pas eu besoin d\u2019aller bien loin pour voir Jamie et Jessica d\u00e9filer dans le stade olympique lors des Jeux de 2010. Les parents \u00e9taient de la foule, et Kathy \u00e9tait particuli\u00e8rement heureuse de voir sa famille repr\u00e9sent\u00e9e dans un sport o\u00f9 elle-m\u00eame avait excell\u00e9.<\/p>\n<p>\u00ab\u00a0Comme patineuse, je sais que la ligne est mince entre le succ\u00e8s et l\u2019\u00e9chec. Peu importe le r\u00e9sultat, nous \u00e9tions fiers du travail qu\u2019ils avaient accompli et des sacrifices qu\u2019ils ont faits\u00a0\u00bb, dit\u00a0Kathy<\/p>\n<p>Plus r\u00e9cemment, Kathy et Randy se sont rendus \u00e0 Sotchi o\u00f9 Jamie participait \u00e0 l\u2019\u00e9preuve test de patinage de vitesse. Ils savent d\u00e9j\u00e0 qu\u2019ils y retourneront si leurs enfants se qualifient \u00e0 leur deuxi\u00e8me \u00e9dition cons\u00e9cutive des Jeux olympiques.<\/p>\n<p>Si tout va bien, la famille devra r\u00e9server ses billets d\u2019avion pour un autre voyage \u00e0 Sotchi en f\u00e9vrier 2014 pour voir ses enfants patiner \u00e0 l\u2019ar\u00e9na Adler, ce qui leur vaudra d\u2019\u00eatre des doubles olympiens\u2026 comme maman.<\/p>\n<p>&#8211;\u00a0\u00a0\u00a0\u00a0\u00a0\u00a0\u00a0\u00a0\u00a0 <em>George Fadel<\/em><\/p>\n<h3>Vid\u00e9o Connexe<\/h3>\n<span class=\"embed-youtube\" style=\"text-align:center; display: block;\"><iframe loading=\"lazy\" class=\"youtube-player\" width=\"1360\" height=\"765\" src=\"https:\/\/www.youtube.com\/embed\/HpueKbpbdbM?version=3&#038;rel=1&#038;showsearch=0&#038;showinfo=1&#038;iv_load_policy=1&#038;fs=1&#038;hl=fr-FR&#038;autohide=2&#038;wmode=transparent\" allowfullscreen=\"true\" style=\"border:0;\" sandbox=\"allow-scripts allow-same-origin allow-popups allow-presentation allow-popups-to-escape-sandbox\"><\/iframe><\/span>\n","protected":false},"excerpt":{"rendered":"<p>En ce jour de la f\u00eate des M\u00e8res, Jamie et Jessica Gregg, fr\u00e8re et s\u0153ur et patineurs de vitesse, ont&#8230;<\/p>\n","protected":false},"author":47562643,"featured_media":53494,"comment_status":"open","ping_status":"open","sticky":false,"template":"","format":"standard","meta":{"_acf_changed":false,"_crdt_document":"","_jetpack_memberships_contains_paid_content":false,"footnotes":""},"categories":[70121],"tags":[],"post_format":"standard","sport":[],"game":[],"coauthors":[186127234],"class_list":["post-53493","post","type-post","status-publish","format-standard","has-post-thumbnail","hentry","category-equipe"],"acf":[],"yoast_head":"<!-- This site is optimized with the Yoast SEO plugin v27.3 - https:\/\/yoast.com\/product\/yoast-seo-wordpress\/ -->\n<title>Les r\u00eaves olympiques se r\u00e9alisent gr\u00e2ce aux mamans  - \u00c9quipe Canada | Site officiel de l&#039;\u00e9quipe olympique<\/title>\n<meta name=\"robots\" content=\"index, follow, max-snippet:-1, max-image-preview:large, max-video-preview:-1\" \/>\n<link rel=\"canonical\" href=\"https:\/\/develop.olympic.ca\/olympique\/2013\/05\/11\/les-reves-olympiques-se-realisent-grace-aux-mamans\/\" \/>\n<meta property=\"og:locale\" content=\"fr_FR\" \/>\n<meta property=\"og:type\" content=\"article\" \/>\n<meta property=\"og:title\" content=\"Les r\u00eaves olympiques se r\u00e9alisent gr\u00e2ce aux mamans  - \u00c9quipe Canada | Site officiel de l&#039;\u00e9quipe olympique\" \/>\n<meta property=\"og:description\" content=\"En ce jour de la f\u00eate des M\u00e8res, Jamie et Jessica Gregg, fr\u00e8re et s\u0153ur et patineurs de vitesse, ont...\" \/>\n<meta property=\"og:url\" content=\"https:\/\/develop.olympic.ca\/olympique\/2013\/05\/11\/les-reves-olympiques-se-realisent-grace-aux-mamans\/\" \/>\n<meta property=\"og:site_name\" content=\"\u00c9quipe Canada | Site officiel de l&#039;\u00e9quipe olympique\" \/>\n<meta property=\"article:published_time\" content=\"2013-05-11T16:08:11+00:00\" \/>\n<meta property=\"article:modified_time\" content=\"2013-08-01T03:24:12+00:00\" \/>\n<meta property=\"og:image\" content=\"https:\/\/develop.olympic.ca\/olympique\/wp-content\/uploads\/sites\/2\/2013\/05\/greggslider16.gif\" \/>\n\t<meta property=\"og:image:width\" content=\"630\" \/>\n\t<meta property=\"og:image:height\" content=\"295\" \/>\n\t<meta property=\"og:image:type\" content=\"image\/gif\" \/>\n<meta name=\"author\" content=\"Comit\u00e9 olympique canadien\" \/>\n<meta name=\"twitter:card\" content=\"summary_large_image\" \/>\n<meta name=\"twitter:label1\" content=\"Written by\" \/>\n\t<meta name=\"twitter:data1\" content=\"Comit\u00e9 olympique canadien\" \/>\n\t<meta name=\"twitter:label2\" content=\"Est. reading time\" \/>\n\t<meta name=\"twitter:data2\" content=\"7 minutes\" \/>\n<script type=\"application\/ld+json\" class=\"yoast-schema-graph\">{\"@context\":\"https:\\\/\\\/schema.org\",\"@graph\":[{\"@type\":\"Article\",\"@id\":\"https:\\\/\\\/develop.olympic.ca\\\/olympique\\\/2013\\\/05\\\/11\\\/les-reves-olympiques-se-realisent-grace-aux-mamans\\\/#article\",\"isPartOf\":{\"@id\":\"https:\\\/\\\/develop.olympic.ca\\\/olympique\\\/2013\\\/05\\\/11\\\/les-reves-olympiques-se-realisent-grace-aux-mamans\\\/\"},\"author\":{\"name\":\"cdnolympicteam\",\"@id\":\"https:\\\/\\\/develop.olympic.ca\\\/olympique\\\/#\\\/schema\\\/person\\\/b88ab0bea250d933632a93e669b06e95\"},\"headline\":\"Les r\u00eaves olympiques se r\u00e9alisent gr\u00e2ce aux mamans\",\"datePublished\":\"2013-05-11T16:08:11+00:00\",\"dateModified\":\"2013-08-01T03:24:12+00:00\",\"mainEntityOfPage\":{\"@id\":\"https:\\\/\\\/develop.olympic.ca\\\/olympique\\\/2013\\\/05\\\/11\\\/les-reves-olympiques-se-realisent-grace-aux-mamans\\\/\"},\"wordCount\":1326,\"commentCount\":1,\"image\":{\"@id\":\"https:\\\/\\\/develop.olympic.ca\\\/olympique\\\/2013\\\/05\\\/11\\\/les-reves-olympiques-se-realisent-grace-aux-mamans\\\/#primaryimage\"},\"thumbnailUrl\":\"https:\\\/\\\/develop.olympic.ca\\\/olympique\\\/wp-content\\\/uploads\\\/sites\\\/2\\\/2013\\\/05\\\/greggslider16.gif\",\"articleSection\":[\"Nouvelles de l'equipe\"],\"inLanguage\":\"fr-FR\",\"potentialAction\":[{\"@type\":\"CommentAction\",\"name\":\"Comment\",\"target\":[\"https:\\\/\\\/develop.olympic.ca\\\/olympique\\\/2013\\\/05\\\/11\\\/les-reves-olympiques-se-realisent-grace-aux-mamans\\\/#respond\"]}]},{\"@type\":\"WebPage\",\"@id\":\"https:\\\/\\\/develop.olympic.ca\\\/olympique\\\/2013\\\/05\\\/11\\\/les-reves-olympiques-se-realisent-grace-aux-mamans\\\/\",\"url\":\"https:\\\/\\\/develop.olympic.ca\\\/olympique\\\/2013\\\/05\\\/11\\\/les-reves-olympiques-se-realisent-grace-aux-mamans\\\/\",\"name\":\"Les r\u00eaves olympiques se r\u00e9alisent gr\u00e2ce aux mamans - \u00c9quipe Canada | Site officiel de l&#039;\u00e9quipe olympique\",\"isPartOf\":{\"@id\":\"https:\\\/\\\/develop.olympic.ca\\\/olympique\\\/#website\"},\"primaryImageOfPage\":{\"@id\":\"https:\\\/\\\/develop.olympic.ca\\\/olympique\\\/2013\\\/05\\\/11\\\/les-reves-olympiques-se-realisent-grace-aux-mamans\\\/#primaryimage\"},\"image\":{\"@id\":\"https:\\\/\\\/develop.olympic.ca\\\/olympique\\\/2013\\\/05\\\/11\\\/les-reves-olympiques-se-realisent-grace-aux-mamans\\\/#primaryimage\"},\"thumbnailUrl\":\"https:\\\/\\\/develop.olympic.ca\\\/olympique\\\/wp-content\\\/uploads\\\/sites\\\/2\\\/2013\\\/05\\\/greggslider16.gif\",\"datePublished\":\"2013-05-11T16:08:11+00:00\",\"dateModified\":\"2013-08-01T03:24:12+00:00\",\"author\":{\"@id\":\"https:\\\/\\\/develop.olympic.ca\\\/olympique\\\/#\\\/schema\\\/person\\\/b88ab0bea250d933632a93e669b06e95\"},\"inLanguage\":\"fr-FR\",\"potentialAction\":[{\"@type\":\"ReadAction\",\"target\":[\"https:\\\/\\\/develop.olympic.ca\\\/olympique\\\/2013\\\/05\\\/11\\\/les-reves-olympiques-se-realisent-grace-aux-mamans\\\/\"]}]},{\"@type\":\"ImageObject\",\"inLanguage\":\"fr-FR\",\"@id\":\"https:\\\/\\\/develop.olympic.ca\\\/olympique\\\/2013\\\/05\\\/11\\\/les-reves-olympiques-se-realisent-grace-aux-mamans\\\/#primaryimage\",\"url\":\"https:\\\/\\\/develop.olympic.ca\\\/olympique\\\/wp-content\\\/uploads\\\/sites\\\/2\\\/2013\\\/05\\\/greggslider16.gif\",\"contentUrl\":\"https:\\\/\\\/develop.olympic.ca\\\/olympique\\\/wp-content\\\/uploads\\\/sites\\\/2\\\/2013\\\/05\\\/greggslider16.gif\",\"width\":630,\"height\":295},{\"@type\":\"WebSite\",\"@id\":\"https:\\\/\\\/develop.olympic.ca\\\/olympique\\\/#website\",\"url\":\"https:\\\/\\\/develop.olympic.ca\\\/olympique\\\/\",\"name\":\"\u00c9quipe Canada | Site officiel de l&#039;\u00e9quipe olympique\",\"description\":\"Votre source pour l\u2019\u00c9quipe olympique canadienne. Retrouvez les r\u00e9cits, vid\u00e9os et photos des athl\u00e8tes canadiens, sports olympiques, Jeux olympiques de 2020 et bien plus!\",\"potentialAction\":[{\"@type\":\"SearchAction\",\"target\":{\"@type\":\"EntryPoint\",\"urlTemplate\":\"https:\\\/\\\/develop.olympic.ca\\\/olympique\\\/?s={search_term_string}\"},\"query-input\":{\"@type\":\"PropertyValueSpecification\",\"valueRequired\":true,\"valueName\":\"search_term_string\"}}],\"inLanguage\":\"fr-FR\"},{\"@type\":\"Person\",\"@id\":\"https:\\\/\\\/develop.olympic.ca\\\/olympique\\\/#\\\/schema\\\/person\\\/b88ab0bea250d933632a93e669b06e95\",\"name\":\"cdnolympicteam\",\"image\":{\"@type\":\"ImageObject\",\"inLanguage\":\"fr-FR\",\"@id\":\"https:\\\/\\\/secure.gravatar.com\\\/avatar\\\/5ebf1554473077ab88cd1ec3372750991c09302ef58500182e331751d1f3473b?s=96&d=identicon&r=g7289394c1202ef020fcd9aad965e50f7\",\"url\":\"https:\\\/\\\/secure.gravatar.com\\\/avatar\\\/5ebf1554473077ab88cd1ec3372750991c09302ef58500182e331751d1f3473b?s=96&d=identicon&r=g\",\"contentUrl\":\"https:\\\/\\\/secure.gravatar.com\\\/avatar\\\/5ebf1554473077ab88cd1ec3372750991c09302ef58500182e331751d1f3473b?s=96&d=identicon&r=g\",\"caption\":\"cdnolympicteam\"},\"url\":\"https:\\\/\\\/develop.olympic.ca\\\/olympique\\\/author\\\/cdnolympicteam\\\/\"}]}<\/script>\n<!-- \/ Yoast SEO plugin. -->","yoast_head_json":{"title":"Les r\u00eaves olympiques se r\u00e9alisent gr\u00e2ce aux mamans  - \u00c9quipe Canada | Site officiel de l&#039;\u00e9quipe olympique","robots":{"index":"index","follow":"follow","max-snippet":"max-snippet:-1","max-image-preview":"max-image-preview:large","max-video-preview":"max-video-preview:-1"},"canonical":"https:\/\/develop.olympic.ca\/olympique\/2013\/05\/11\/les-reves-olympiques-se-realisent-grace-aux-mamans\/","og_locale":"fr_FR","og_type":"article","og_title":"Les r\u00eaves olympiques se r\u00e9alisent gr\u00e2ce aux mamans  - \u00c9quipe Canada | Site officiel de l&#039;\u00e9quipe olympique","og_description":"En ce jour de la f\u00eate des M\u00e8res, Jamie et Jessica Gregg, fr\u00e8re et s\u0153ur et patineurs de vitesse, ont...","og_url":"https:\/\/develop.olympic.ca\/olympique\/2013\/05\/11\/les-reves-olympiques-se-realisent-grace-aux-mamans\/","og_site_name":"\u00c9quipe Canada | Site officiel de l&#039;\u00e9quipe olympique","article_published_time":"2013-05-11T16:08:11+00:00","article_modified_time":"2013-08-01T03:24:12+00:00","og_image":[{"width":630,"height":295,"url":"https:\/\/develop.olympic.ca\/olympique\/wp-content\/uploads\/sites\/2\/2013\/05\/greggslider16.gif","type":"image\/gif"}],"author":"Comit\u00e9 olympique canadien","twitter_card":"summary_large_image","twitter_misc":{"Written by":"Comit\u00e9 olympique canadien","Est. reading time":"7 minutes"},"schema":{"@context":"https:\/\/schema.org","@graph":[{"@type":"Article","@id":"https:\/\/develop.olympic.ca\/olympique\/2013\/05\/11\/les-reves-olympiques-se-realisent-grace-aux-mamans\/#article","isPartOf":{"@id":"https:\/\/develop.olympic.ca\/olympique\/2013\/05\/11\/les-reves-olympiques-se-realisent-grace-aux-mamans\/"},"author":{"name":"cdnolympicteam","@id":"https:\/\/develop.olympic.ca\/olympique\/#\/schema\/person\/b88ab0bea250d933632a93e669b06e95"},"headline":"Les r\u00eaves olympiques se r\u00e9alisent gr\u00e2ce aux mamans","datePublished":"2013-05-11T16:08:11+00:00","dateModified":"2013-08-01T03:24:12+00:00","mainEntityOfPage":{"@id":"https:\/\/develop.olympic.ca\/olympique\/2013\/05\/11\/les-reves-olympiques-se-realisent-grace-aux-mamans\/"},"wordCount":1326,"commentCount":1,"image":{"@id":"https:\/\/develop.olympic.ca\/olympique\/2013\/05\/11\/les-reves-olympiques-se-realisent-grace-aux-mamans\/#primaryimage"},"thumbnailUrl":"https:\/\/develop.olympic.ca\/olympique\/wp-content\/uploads\/sites\/2\/2013\/05\/greggslider16.gif","articleSection":["Nouvelles de l'equipe"],"inLanguage":"fr-FR","potentialAction":[{"@type":"CommentAction","name":"Comment","target":["https:\/\/develop.olympic.ca\/olympique\/2013\/05\/11\/les-reves-olympiques-se-realisent-grace-aux-mamans\/#respond"]}]},{"@type":"WebPage","@id":"https:\/\/develop.olympic.ca\/olympique\/2013\/05\/11\/les-reves-olympiques-se-realisent-grace-aux-mamans\/","url":"https:\/\/develop.olympic.ca\/olympique\/2013\/05\/11\/les-reves-olympiques-se-realisent-grace-aux-mamans\/","name":"Les r\u00eaves olympiques se r\u00e9alisent gr\u00e2ce aux mamans - \u00c9quipe Canada | Site officiel de l&#039;\u00e9quipe olympique","isPartOf":{"@id":"https:\/\/develop.olympic.ca\/olympique\/#website"},"primaryImageOfPage":{"@id":"https:\/\/develop.olympic.ca\/olympique\/2013\/05\/11\/les-reves-olympiques-se-realisent-grace-aux-mamans\/#primaryimage"},"image":{"@id":"https:\/\/develop.olympic.ca\/olympique\/2013\/05\/11\/les-reves-olympiques-se-realisent-grace-aux-mamans\/#primaryimage"},"thumbnailUrl":"https:\/\/develop.olympic.ca\/olympique\/wp-content\/uploads\/sites\/2\/2013\/05\/greggslider16.gif","datePublished":"2013-05-11T16:08:11+00:00","dateModified":"2013-08-01T03:24:12+00:00","author":{"@id":"https:\/\/develop.olympic.ca\/olympique\/#\/schema\/person\/b88ab0bea250d933632a93e669b06e95"},"inLanguage":"fr-FR","potentialAction":[{"@type":"ReadAction","target":["https:\/\/develop.olympic.ca\/olympique\/2013\/05\/11\/les-reves-olympiques-se-realisent-grace-aux-mamans\/"]}]},{"@type":"ImageObject","inLanguage":"fr-FR","@id":"https:\/\/develop.olympic.ca\/olympique\/2013\/05\/11\/les-reves-olympiques-se-realisent-grace-aux-mamans\/#primaryimage","url":"https:\/\/develop.olympic.ca\/olympique\/wp-content\/uploads\/sites\/2\/2013\/05\/greggslider16.gif","contentUrl":"https:\/\/develop.olympic.ca\/olympique\/wp-content\/uploads\/sites\/2\/2013\/05\/greggslider16.gif","width":630,"height":295},{"@type":"WebSite","@id":"https:\/\/develop.olympic.ca\/olympique\/#website","url":"https:\/\/develop.olympic.ca\/olympique\/","name":"\u00c9quipe Canada | Site officiel de l&#039;\u00e9quipe olympique","description":"Votre source pour l\u2019\u00c9quipe olympique canadienne. Retrouvez les r\u00e9cits, vid\u00e9os et photos des athl\u00e8tes canadiens, sports olympiques, Jeux olympiques de 2020 et bien plus!","potentialAction":[{"@type":"SearchAction","target":{"@type":"EntryPoint","urlTemplate":"https:\/\/develop.olympic.ca\/olympique\/?s={search_term_string}"},"query-input":{"@type":"PropertyValueSpecification","valueRequired":true,"valueName":"search_term_string"}}],"inLanguage":"fr-FR"},{"@type":"Person","@id":"https:\/\/develop.olympic.ca\/olympique\/#\/schema\/person\/b88ab0bea250d933632a93e669b06e95","name":"cdnolympicteam","image":{"@type":"ImageObject","inLanguage":"fr-FR","@id":"https:\/\/secure.gravatar.com\/avatar\/5ebf1554473077ab88cd1ec3372750991c09302ef58500182e331751d1f3473b?s=96&d=identicon&r=g7289394c1202ef020fcd9aad965e50f7","url":"https:\/\/secure.gravatar.com\/avatar\/5ebf1554473077ab88cd1ec3372750991c09302ef58500182e331751d1f3473b?s=96&d=identicon&r=g","contentUrl":"https:\/\/secure.gravatar.com\/avatar\/5ebf1554473077ab88cd1ec3372750991c09302ef58500182e331751d1f3473b?s=96&d=identicon&r=g","caption":"cdnolympicteam"},"url":"https:\/\/develop.olympic.ca\/olympique\/author\/cdnolympicteam\/"}]}},"jetpack_featured_media_url":"https:\/\/develop.olympic.ca\/olympique\/wp-content\/uploads\/sites\/2\/2013\/05\/greggslider16.gif","featured_image_url":"https:\/\/develop.olympic.ca\/olympique\/wp-content\/uploads\/sites\/2\/2013\/05\/greggslider16.gif","author_name":["Comit\u00e9 olympique canadien"],"category_names":["Nouvelles de l'equipe"],"tag_names":[],"video_embed_code":"","facebook_video_embed_code":"","jetpack_sharing_enabled":true,"jetpack-related-posts":[],"jetpack_shortlink":"https:\/\/wp.me\/pbmyEP-dUN","_links":{"self":[{"href":"https:\/\/develop.olympic.ca\/olympique\/wp-json\/wp\/v2\/posts\/53493","targetHints":{"allow":["GET"]}}],"collection":[{"href":"https:\/\/develop.olympic.ca\/olympique\/wp-json\/wp\/v2\/posts"}],"about":[{"href":"https:\/\/develop.olympic.ca\/olympique\/wp-json\/wp\/v2\/types\/post"}],"author":[{"embeddable":true,"href":"https:\/\/develop.olympic.ca\/olympique\/wp-json\/wp\/v2\/users\/47562643"}],"replies":[{"embeddable":true,"href":"https:\/\/develop.olympic.ca\/olympique\/wp-json\/wp\/v2\/comments?post=53493"}],"version-history":[{"count":2,"href":"https:\/\/develop.olympic.ca\/olympique\/wp-json\/wp\/v2\/posts\/53493\/revisions"}],"predecessor-version":[{"id":83174,"href":"https:\/\/develop.olympic.ca\/olympique\/wp-json\/wp\/v2\/posts\/53493\/revisions\/83174"}],"wp:featuredmedia":[{"embeddable":true,"href":"https:\/\/develop.olympic.ca\/olympique\/wp-json\/wp\/v2\/media\/53494"}],"wp:attachment":[{"href":"https:\/\/develop.olympic.ca\/olympique\/wp-json\/wp\/v2\/media?parent=53493"}],"wp:term":[{"taxonomy":"category","embeddable":true,"href":"https:\/\/develop.olympic.ca\/olympique\/wp-json\/wp\/v2\/categories?post=53493"},{"taxonomy":"post_tag","embeddable":true,"href":"https:\/\/develop.olympic.ca\/olympique\/wp-json\/wp\/v2\/tags?post=53493"},{"taxonomy":"post_format","embeddable":true,"href":"https:\/\/develop.olympic.ca\/olympique\/wp-json\/wp\/v2\/post_format?post=53493"},{"taxonomy":"sport","embeddable":true,"href":"https:\/\/develop.olympic.ca\/olympique\/wp-json\/wp\/v2\/sport?post=53493"},{"taxonomy":"game","embeddable":true,"href":"https:\/\/develop.olympic.ca\/olympique\/wp-json\/wp\/v2\/game?post=53493"},{"taxonomy":"author","embeddable":true,"href":"https:\/\/develop.olympic.ca\/olympique\/wp-json\/wp\/v2\/coauthors?post=53493"}],"curies":[{"name":"wp","href":"https:\/\/api.w.org\/{rel}","templated":true}]}}