{"id":5428,"date":"2010-04-23T18:01:14","date_gmt":"2010-04-23T22:01:14","guid":{"rendered":"http:\/\/develop.olympic.ca\/?p=5428"},"modified":"2013-08-01T01:10:27","modified_gmt":"2013-08-01T01:10:27","slug":"des-olympiens-partagent-leurs-destinations-de-voyage-preferees-au-canada","status":"publish","type":"post","link":"https:\/\/develop.olympic.ca\/olympique\/2010\/04\/23\/des-olympiens-partagent-leurs-destinations-de-voyage-preferees-au-canada\/","title":{"rendered":"Des Olympiens partagent leurs destinations de voyage pr\u00e9f\u00e9r\u00e9es au Canada"},"content":{"rendered":"<p>De la toute premi\u00e8re m\u00e9daille d\u2019or d\u00e9cern\u00e9e \u00e0 Alexandre Bilodeau au but victorieux de Sidney Crosby, qui a valu l\u2019or \u00e0 l\u2019\u00e9quipe canadienne, les Jeux d\u2019hiver de 2010 \u00e0 Vancouver auront \u00e9veill\u00e9 une v\u00e9ritable passion \u00e0 l\u2019\u00e9chelle du pays.<\/p>\n<p>La campagne estivale Secret d\u2019ici de la Commission canadienne du tourisme s\u2019appuie sur ce vent de fiert\u00e9 nationale pour inviter les gens d\u2019ici \u00e0 explorer notre vaste et magnifique pays. La CCT est le seul organisme national de marketing du tourisme au Canada qui s\u2019engage \u00e0 promouvoir les voyages au Canada dans 12 pays \u00e0 travers le monde, y compris le Canada.<\/p>\n<p>Secret d\u2019ici est une campagne multim\u00e9dia prim\u00e9e. Son site Web (www.secretdici.ca) consacr\u00e9 aux voyages au Canada offre \u00e0 tous les Canadiens la chance de partager leurs r\u00e9cits de voyage, de t\u00e9l\u00e9charger des photos de coins uniques au pays et de d\u00e9nicher des billets d\u2019avion, des possibilit\u00e9s d\u2019h\u00e9bergement, des escapades de week-end et des excursions d\u2019une journ\u00e9e \u00e0 bon prix.<\/p>\n<p>Et qui de mieux pour lancer la campagne estivale 2010 Secret d\u2019ici que les Olympiens qui ont raviv\u00e9 notre fiert\u00e9 nationale? Ces remarquables athl\u00e8tes seront les ambassadeurs du tourisme au Canada. Ils partageront avec nous des escapades en or : leurs itin\u00e9raires pr\u00e9f\u00e9r\u00e9s de voyage \u00e0 travers le Canada. Rendez-vous sur le site <a href=\"http:\/\/www.secretdici.ca\" rel=\"nofollow\">http:\/\/www.secretdici.ca<\/a> \u00e0 compter du 28 avril 2010 pour visionner les vid\u00e9os et lire les t\u00e9moignages d\u2019athl\u00e8tes comme Alex Bilodeau , Charles Hamelin, Fran\u00e7ois Hamelin, Marianne St-Gelais, Tania Vincent, Guillaume Bastille, Fran\u00e7ois-Louis Tremblay, Lyndon Rush, Lascelles Brown, Kaillie Humphries, Meghan Agosta, Cherie Piper, Jayna Hefford, Ma\u00eblle Ricker, Vicki Sunohara, Kristina Groves, Duff Gibson et bien d\u2019autres encore.<\/p>\n<p>Ces athl\u00e8tes s\u2019entra\u00eenent, vivent et voyagent d\u2019un oc\u00e9an \u00e0 l\u2019autre\u2026 et \u00e0 l\u2019autre. Leurs r\u00e9cits ne manqueront pas de motiver leurs concitoyens \u00e0 partir explorer le Canada cet \u00e9t\u00e9\u2026<\/p>\n","protected":false},"excerpt":{"rendered":"<p>De la toute premi\u00e8re m\u00e9daille d\u2019or d\u00e9cern\u00e9e \u00e0 Alexandre Bilodeau au but victorieux de Sidney Crosby, qui a valu l\u2019or&#8230;<\/p>\n","protected":false},"author":47562643,"featured_media":5426,"comment_status":"open","ping_status":"open","sticky":false,"template":"","format":"standard","meta":{"_acf_changed":false,"_crdt_document":"","_jetpack_memberships_contains_paid_content":false,"footnotes":""},"categories":[70121],"tags":[],"post_format":"standard","sport":[],"game":[],"coauthors":[186127234],"class_list":["post-5428","post","type-post","status-publish","format-standard","has-post-thumbnail","hentry","category-equipe"],"acf":[],"yoast_head":"<!-- This site is optimized with the Yoast SEO plugin v27.3 - https:\/\/yoast.com\/product\/yoast-seo-wordpress\/ -->\n<title>Des Olympiens partagent leurs destinations de voyage pr\u00e9f\u00e9r\u00e9es au Canada - \u00c9quipe Canada | Site officiel de l&#039;\u00e9quipe olympique<\/title>\n<meta name=\"robots\" content=\"index, follow, max-snippet:-1, max-image-preview:large, max-video-preview:-1\" \/>\n<link rel=\"canonical\" href=\"https:\/\/develop.olympic.ca\/olympique\/2010\/04\/23\/des-olympiens-partagent-leurs-destinations-de-voyage-preferees-au-canada\/\" \/>\n<meta property=\"og:locale\" content=\"fr_FR\" \/>\n<meta property=\"og:type\" content=\"article\" \/>\n<meta property=\"og:title\" content=\"Des Olympiens partagent leurs destinations de voyage pr\u00e9f\u00e9r\u00e9es au Canada - \u00c9quipe Canada | Site officiel de l&#039;\u00e9quipe olympique\" \/>\n<meta property=\"og:description\" content=\"De la toute premi\u00e8re m\u00e9daille d\u2019or d\u00e9cern\u00e9e \u00e0 Alexandre Bilodeau au but victorieux de Sidney Crosby, qui a valu l\u2019or...\" \/>\n<meta property=\"og:url\" content=\"https:\/\/develop.olympic.ca\/olympique\/2010\/04\/23\/des-olympiens-partagent-leurs-destinations-de-voyage-preferees-au-canada\/\" \/>\n<meta property=\"og:site_name\" content=\"\u00c9quipe Canada | Site officiel de l&#039;\u00e9quipe olympique\" \/>\n<meta property=\"article:published_time\" content=\"2010-04-23T22:01:14+00:00\" \/>\n<meta property=\"article:modified_time\" content=\"2013-08-01T01:10:27+00:00\" \/>\n<meta property=\"og:image\" content=\"https:\/\/develop.olympic.ca\/olympique\/wp-content\/uploads\/sites\/2\/2011\/09\/coc_webbanner_en6.jpg?quality=100\" \/>\n\t<meta property=\"og:image:width\" content=\"430\" \/>\n\t<meta property=\"og:image:height\" content=\"208\" \/>\n\t<meta property=\"og:image:type\" content=\"image\/jpeg\" \/>\n<meta name=\"author\" content=\"Comit\u00e9 olympique canadien\" \/>\n<meta name=\"twitter:card\" content=\"summary_large_image\" \/>\n<meta name=\"twitter:label1\" content=\"Written by\" \/>\n\t<meta name=\"twitter:data1\" content=\"Comit\u00e9 olympique canadien\" \/>\n\t<meta name=\"twitter:label2\" content=\"Est. reading time\" \/>\n\t<meta name=\"twitter:data2\" content=\"2 minutes\" \/>\n<script type=\"application\/ld+json\" class=\"yoast-schema-graph\">{\"@context\":\"https:\\\/\\\/schema.org\",\"@graph\":[{\"@type\":\"Article\",\"@id\":\"https:\\\/\\\/develop.olympic.ca\\\/olympique\\\/2010\\\/04\\\/23\\\/des-olympiens-partagent-leurs-destinations-de-voyage-preferees-au-canada\\\/#article\",\"isPartOf\":{\"@id\":\"https:\\\/\\\/develop.olympic.ca\\\/olympique\\\/2010\\\/04\\\/23\\\/des-olympiens-partagent-leurs-destinations-de-voyage-preferees-au-canada\\\/\"},\"author\":{\"name\":\"cdnolympicteam\",\"@id\":\"https:\\\/\\\/develop.olympic.ca\\\/olympique\\\/#\\\/schema\\\/person\\\/b88ab0bea250d933632a93e669b06e95\"},\"headline\":\"Des Olympiens partagent leurs destinations de voyage pr\u00e9f\u00e9r\u00e9es au Canada\",\"datePublished\":\"2010-04-23T22:01:14+00:00\",\"dateModified\":\"2013-08-01T01:10:27+00:00\",\"mainEntityOfPage\":{\"@id\":\"https:\\\/\\\/develop.olympic.ca\\\/olympique\\\/2010\\\/04\\\/23\\\/des-olympiens-partagent-leurs-destinations-de-voyage-preferees-au-canada\\\/\"},\"wordCount\":343,\"commentCount\":0,\"image\":{\"@id\":\"https:\\\/\\\/develop.olympic.ca\\\/olympique\\\/2010\\\/04\\\/23\\\/des-olympiens-partagent-leurs-destinations-de-voyage-preferees-au-canada\\\/#primaryimage\"},\"thumbnailUrl\":\"https:\\\/\\\/develop.olympic.ca\\\/olympique\\\/wp-content\\\/uploads\\\/sites\\\/2\\\/2011\\\/09\\\/coc_webbanner_en6.jpg?quality=100\",\"articleSection\":[\"Nouvelles de l'equipe\"],\"inLanguage\":\"fr-FR\",\"potentialAction\":[{\"@type\":\"CommentAction\",\"name\":\"Comment\",\"target\":[\"https:\\\/\\\/develop.olympic.ca\\\/olympique\\\/2010\\\/04\\\/23\\\/des-olympiens-partagent-leurs-destinations-de-voyage-preferees-au-canada\\\/#respond\"]}]},{\"@type\":\"WebPage\",\"@id\":\"https:\\\/\\\/develop.olympic.ca\\\/olympique\\\/2010\\\/04\\\/23\\\/des-olympiens-partagent-leurs-destinations-de-voyage-preferees-au-canada\\\/\",\"url\":\"https:\\\/\\\/develop.olympic.ca\\\/olympique\\\/2010\\\/04\\\/23\\\/des-olympiens-partagent-leurs-destinations-de-voyage-preferees-au-canada\\\/\",\"name\":\"Des Olympiens partagent leurs destinations de voyage pr\u00e9f\u00e9r\u00e9es au Canada - \u00c9quipe Canada | Site officiel de l&#039;\u00e9quipe olympique\",\"isPartOf\":{\"@id\":\"https:\\\/\\\/develop.olympic.ca\\\/olympique\\\/#website\"},\"primaryImageOfPage\":{\"@id\":\"https:\\\/\\\/develop.olympic.ca\\\/olympique\\\/2010\\\/04\\\/23\\\/des-olympiens-partagent-leurs-destinations-de-voyage-preferees-au-canada\\\/#primaryimage\"},\"image\":{\"@id\":\"https:\\\/\\\/develop.olympic.ca\\\/olympique\\\/2010\\\/04\\\/23\\\/des-olympiens-partagent-leurs-destinations-de-voyage-preferees-au-canada\\\/#primaryimage\"},\"thumbnailUrl\":\"https:\\\/\\\/develop.olympic.ca\\\/olympique\\\/wp-content\\\/uploads\\\/sites\\\/2\\\/2011\\\/09\\\/coc_webbanner_en6.jpg?quality=100\",\"datePublished\":\"2010-04-23T22:01:14+00:00\",\"dateModified\":\"2013-08-01T01:10:27+00:00\",\"author\":{\"@id\":\"https:\\\/\\\/develop.olympic.ca\\\/olympique\\\/#\\\/schema\\\/person\\\/b88ab0bea250d933632a93e669b06e95\"},\"inLanguage\":\"fr-FR\",\"potentialAction\":[{\"@type\":\"ReadAction\",\"target\":[\"https:\\\/\\\/develop.olympic.ca\\\/olympique\\\/2010\\\/04\\\/23\\\/des-olympiens-partagent-leurs-destinations-de-voyage-preferees-au-canada\\\/\"]}]},{\"@type\":\"ImageObject\",\"inLanguage\":\"fr-FR\",\"@id\":\"https:\\\/\\\/develop.olympic.ca\\\/olympique\\\/2010\\\/04\\\/23\\\/des-olympiens-partagent-leurs-destinations-de-voyage-preferees-au-canada\\\/#primaryimage\",\"url\":\"https:\\\/\\\/develop.olympic.ca\\\/olympique\\\/wp-content\\\/uploads\\\/sites\\\/2\\\/2011\\\/09\\\/coc_webbanner_en6.jpg?quality=100\",\"contentUrl\":\"https:\\\/\\\/develop.olympic.ca\\\/olympique\\\/wp-content\\\/uploads\\\/sites\\\/2\\\/2011\\\/09\\\/coc_webbanner_en6.jpg?quality=100\",\"width\":430,\"height\":208},{\"@type\":\"WebSite\",\"@id\":\"https:\\\/\\\/develop.olympic.ca\\\/olympique\\\/#website\",\"url\":\"https:\\\/\\\/develop.olympic.ca\\\/olympique\\\/\",\"name\":\"\u00c9quipe Canada | Site officiel de l&#039;\u00e9quipe olympique\",\"description\":\"Votre source pour l\u2019\u00c9quipe olympique canadienne. Retrouvez les r\u00e9cits, vid\u00e9os et photos des athl\u00e8tes canadiens, sports olympiques, Jeux olympiques de 2020 et bien plus!\",\"potentialAction\":[{\"@type\":\"SearchAction\",\"target\":{\"@type\":\"EntryPoint\",\"urlTemplate\":\"https:\\\/\\\/develop.olympic.ca\\\/olympique\\\/?s={search_term_string}\"},\"query-input\":{\"@type\":\"PropertyValueSpecification\",\"valueRequired\":true,\"valueName\":\"search_term_string\"}}],\"inLanguage\":\"fr-FR\"},{\"@type\":\"Person\",\"@id\":\"https:\\\/\\\/develop.olympic.ca\\\/olympique\\\/#\\\/schema\\\/person\\\/b88ab0bea250d933632a93e669b06e95\",\"name\":\"cdnolympicteam\",\"image\":{\"@type\":\"ImageObject\",\"inLanguage\":\"fr-FR\",\"@id\":\"https:\\\/\\\/secure.gravatar.com\\\/avatar\\\/5ebf1554473077ab88cd1ec3372750991c09302ef58500182e331751d1f3473b?s=96&d=identicon&r=g7289394c1202ef020fcd9aad965e50f7\",\"url\":\"https:\\\/\\\/secure.gravatar.com\\\/avatar\\\/5ebf1554473077ab88cd1ec3372750991c09302ef58500182e331751d1f3473b?s=96&d=identicon&r=g\",\"contentUrl\":\"https:\\\/\\\/secure.gravatar.com\\\/avatar\\\/5ebf1554473077ab88cd1ec3372750991c09302ef58500182e331751d1f3473b?s=96&d=identicon&r=g\",\"caption\":\"cdnolympicteam\"},\"url\":\"https:\\\/\\\/develop.olympic.ca\\\/olympique\\\/author\\\/cdnolympicteam\\\/\"}]}<\/script>\n<!-- \/ Yoast SEO plugin. -->","yoast_head_json":{"title":"Des Olympiens partagent leurs destinations de voyage pr\u00e9f\u00e9r\u00e9es au Canada - \u00c9quipe Canada | Site officiel de l&#039;\u00e9quipe olympique","robots":{"index":"index","follow":"follow","max-snippet":"max-snippet:-1","max-image-preview":"max-image-preview:large","max-video-preview":"max-video-preview:-1"},"canonical":"https:\/\/develop.olympic.ca\/olympique\/2010\/04\/23\/des-olympiens-partagent-leurs-destinations-de-voyage-preferees-au-canada\/","og_locale":"fr_FR","og_type":"article","og_title":"Des Olympiens partagent leurs destinations de voyage pr\u00e9f\u00e9r\u00e9es au Canada - \u00c9quipe Canada | Site officiel de l&#039;\u00e9quipe olympique","og_description":"De la toute premi\u00e8re m\u00e9daille d\u2019or d\u00e9cern\u00e9e \u00e0 Alexandre Bilodeau au but victorieux de Sidney Crosby, qui a valu l\u2019or...","og_url":"https:\/\/develop.olympic.ca\/olympique\/2010\/04\/23\/des-olympiens-partagent-leurs-destinations-de-voyage-preferees-au-canada\/","og_site_name":"\u00c9quipe Canada | Site officiel de l&#039;\u00e9quipe olympique","article_published_time":"2010-04-23T22:01:14+00:00","article_modified_time":"2013-08-01T01:10:27+00:00","og_image":[{"width":430,"height":208,"url":"https:\/\/develop.olympic.ca\/olympique\/wp-content\/uploads\/sites\/2\/2011\/09\/coc_webbanner_en6.jpg?quality=100","type":"image\/jpeg"}],"author":"Comit\u00e9 olympique canadien","twitter_card":"summary_large_image","twitter_misc":{"Written by":"Comit\u00e9 olympique canadien","Est. reading time":"2 minutes"},"schema":{"@context":"https:\/\/schema.org","@graph":[{"@type":"Article","@id":"https:\/\/develop.olympic.ca\/olympique\/2010\/04\/23\/des-olympiens-partagent-leurs-destinations-de-voyage-preferees-au-canada\/#article","isPartOf":{"@id":"https:\/\/develop.olympic.ca\/olympique\/2010\/04\/23\/des-olympiens-partagent-leurs-destinations-de-voyage-preferees-au-canada\/"},"author":{"name":"cdnolympicteam","@id":"https:\/\/develop.olympic.ca\/olympique\/#\/schema\/person\/b88ab0bea250d933632a93e669b06e95"},"headline":"Des Olympiens partagent leurs destinations de voyage pr\u00e9f\u00e9r\u00e9es au Canada","datePublished":"2010-04-23T22:01:14+00:00","dateModified":"2013-08-01T01:10:27+00:00","mainEntityOfPage":{"@id":"https:\/\/develop.olympic.ca\/olympique\/2010\/04\/23\/des-olympiens-partagent-leurs-destinations-de-voyage-preferees-au-canada\/"},"wordCount":343,"commentCount":0,"image":{"@id":"https:\/\/develop.olympic.ca\/olympique\/2010\/04\/23\/des-olympiens-partagent-leurs-destinations-de-voyage-preferees-au-canada\/#primaryimage"},"thumbnailUrl":"https:\/\/develop.olympic.ca\/olympique\/wp-content\/uploads\/sites\/2\/2011\/09\/coc_webbanner_en6.jpg?quality=100","articleSection":["Nouvelles de l'equipe"],"inLanguage":"fr-FR","potentialAction":[{"@type":"CommentAction","name":"Comment","target":["https:\/\/develop.olympic.ca\/olympique\/2010\/04\/23\/des-olympiens-partagent-leurs-destinations-de-voyage-preferees-au-canada\/#respond"]}]},{"@type":"WebPage","@id":"https:\/\/develop.olympic.ca\/olympique\/2010\/04\/23\/des-olympiens-partagent-leurs-destinations-de-voyage-preferees-au-canada\/","url":"https:\/\/develop.olympic.ca\/olympique\/2010\/04\/23\/des-olympiens-partagent-leurs-destinations-de-voyage-preferees-au-canada\/","name":"Des Olympiens partagent leurs destinations de voyage pr\u00e9f\u00e9r\u00e9es au Canada - \u00c9quipe Canada | Site officiel de l&#039;\u00e9quipe olympique","isPartOf":{"@id":"https:\/\/develop.olympic.ca\/olympique\/#website"},"primaryImageOfPage":{"@id":"https:\/\/develop.olympic.ca\/olympique\/2010\/04\/23\/des-olympiens-partagent-leurs-destinations-de-voyage-preferees-au-canada\/#primaryimage"},"image":{"@id":"https:\/\/develop.olympic.ca\/olympique\/2010\/04\/23\/des-olympiens-partagent-leurs-destinations-de-voyage-preferees-au-canada\/#primaryimage"},"thumbnailUrl":"https:\/\/develop.olympic.ca\/olympique\/wp-content\/uploads\/sites\/2\/2011\/09\/coc_webbanner_en6.jpg?quality=100","datePublished":"2010-04-23T22:01:14+00:00","dateModified":"2013-08-01T01:10:27+00:00","author":{"@id":"https:\/\/develop.olympic.ca\/olympique\/#\/schema\/person\/b88ab0bea250d933632a93e669b06e95"},"inLanguage":"fr-FR","potentialAction":[{"@type":"ReadAction","target":["https:\/\/develop.olympic.ca\/olympique\/2010\/04\/23\/des-olympiens-partagent-leurs-destinations-de-voyage-preferees-au-canada\/"]}]},{"@type":"ImageObject","inLanguage":"fr-FR","@id":"https:\/\/develop.olympic.ca\/olympique\/2010\/04\/23\/des-olympiens-partagent-leurs-destinations-de-voyage-preferees-au-canada\/#primaryimage","url":"https:\/\/develop.olympic.ca\/olympique\/wp-content\/uploads\/sites\/2\/2011\/09\/coc_webbanner_en6.jpg?quality=100","contentUrl":"https:\/\/develop.olympic.ca\/olympique\/wp-content\/uploads\/sites\/2\/2011\/09\/coc_webbanner_en6.jpg?quality=100","width":430,"height":208},{"@type":"WebSite","@id":"https:\/\/develop.olympic.ca\/olympique\/#website","url":"https:\/\/develop.olympic.ca\/olympique\/","name":"\u00c9quipe Canada | Site officiel de l&#039;\u00e9quipe olympique","description":"Votre source pour l\u2019\u00c9quipe olympique canadienne. Retrouvez les r\u00e9cits, vid\u00e9os et photos des athl\u00e8tes canadiens, sports olympiques, Jeux olympiques de 2020 et bien plus!","potentialAction":[{"@type":"SearchAction","target":{"@type":"EntryPoint","urlTemplate":"https:\/\/develop.olympic.ca\/olympique\/?s={search_term_string}"},"query-input":{"@type":"PropertyValueSpecification","valueRequired":true,"valueName":"search_term_string"}}],"inLanguage":"fr-FR"},{"@type":"Person","@id":"https:\/\/develop.olympic.ca\/olympique\/#\/schema\/person\/b88ab0bea250d933632a93e669b06e95","name":"cdnolympicteam","image":{"@type":"ImageObject","inLanguage":"fr-FR","@id":"https:\/\/secure.gravatar.com\/avatar\/5ebf1554473077ab88cd1ec3372750991c09302ef58500182e331751d1f3473b?s=96&d=identicon&r=g7289394c1202ef020fcd9aad965e50f7","url":"https:\/\/secure.gravatar.com\/avatar\/5ebf1554473077ab88cd1ec3372750991c09302ef58500182e331751d1f3473b?s=96&d=identicon&r=g","contentUrl":"https:\/\/secure.gravatar.com\/avatar\/5ebf1554473077ab88cd1ec3372750991c09302ef58500182e331751d1f3473b?s=96&d=identicon&r=g","caption":"cdnolympicteam"},"url":"https:\/\/develop.olympic.ca\/olympique\/author\/cdnolympicteam\/"}]}},"jetpack_featured_media_url":"https:\/\/develop.olympic.ca\/olympique\/wp-content\/uploads\/sites\/2\/2011\/09\/coc_webbanner_en6.jpg?quality=100","featured_image_url":"https:\/\/develop.olympic.ca\/olympique\/wp-content\/uploads\/sites\/2\/2011\/09\/coc_webbanner_en6.jpg?quality=100","author_name":["Comit\u00e9 olympique canadien"],"category_names":["Nouvelles de l'equipe"],"tag_names":[],"video_embed_code":"","facebook_video_embed_code":"","jetpack_sharing_enabled":true,"jetpack-related-posts":[],"jetpack_shortlink":"https:\/\/wp.me\/pbmyEP-1py","_links":{"self":[{"href":"https:\/\/develop.olympic.ca\/olympique\/wp-json\/wp\/v2\/posts\/5428","targetHints":{"allow":["GET"]}}],"collection":[{"href":"https:\/\/develop.olympic.ca\/olympique\/wp-json\/wp\/v2\/posts"}],"about":[{"href":"https:\/\/develop.olympic.ca\/olympique\/wp-json\/wp\/v2\/types\/post"}],"author":[{"embeddable":true,"href":"https:\/\/develop.olympic.ca\/olympique\/wp-json\/wp\/v2\/users\/47562643"}],"replies":[{"embeddable":true,"href":"https:\/\/develop.olympic.ca\/olympique\/wp-json\/wp\/v2\/comments?post=5428"}],"version-history":[{"count":1,"href":"https:\/\/develop.olympic.ca\/olympique\/wp-json\/wp\/v2\/posts\/5428\/revisions"}],"predecessor-version":[{"id":82928,"href":"https:\/\/develop.olympic.ca\/olympique\/wp-json\/wp\/v2\/posts\/5428\/revisions\/82928"}],"wp:featuredmedia":[{"embeddable":true,"href":"https:\/\/develop.olympic.ca\/olympique\/wp-json\/wp\/v2\/media\/5426"}],"wp:attachment":[{"href":"https:\/\/develop.olympic.ca\/olympique\/wp-json\/wp\/v2\/media?parent=5428"}],"wp:term":[{"taxonomy":"category","embeddable":true,"href":"https:\/\/develop.olympic.ca\/olympique\/wp-json\/wp\/v2\/categories?post=5428"},{"taxonomy":"post_tag","embeddable":true,"href":"https:\/\/develop.olympic.ca\/olympique\/wp-json\/wp\/v2\/tags?post=5428"},{"taxonomy":"post_format","embeddable":true,"href":"https:\/\/develop.olympic.ca\/olympique\/wp-json\/wp\/v2\/post_format?post=5428"},{"taxonomy":"sport","embeddable":true,"href":"https:\/\/develop.olympic.ca\/olympique\/wp-json\/wp\/v2\/sport?post=5428"},{"taxonomy":"game","embeddable":true,"href":"https:\/\/develop.olympic.ca\/olympique\/wp-json\/wp\/v2\/game?post=5428"},{"taxonomy":"author","embeddable":true,"href":"https:\/\/develop.olympic.ca\/olympique\/wp-json\/wp\/v2\/coauthors?post=5428"}],"curies":[{"name":"wp","href":"https:\/\/api.w.org\/{rel}","templated":true}]}}