{"id":5605,"date":"2010-06-16T15:31:53","date_gmt":"2010-06-16T19:31:53","guid":{"rendered":"http:\/\/develop.olympic.ca\/?p=5605"},"modified":"2013-08-01T01:10:39","modified_gmt":"2013-08-01T01:10:39","slug":"une-canadienne-parmi-les-29-jeunes-reporteurs-qui-participeront-aux-jeux-de-singapour-2010","status":"publish","type":"post","link":"https:\/\/develop.olympic.ca\/olympique\/2010\/06\/16\/une-canadienne-parmi-les-29-jeunes-reporteurs-qui-participeront-aux-jeux-de-singapour-2010\/","title":{"rendered":"Une Canadienne parmi les 29 jeunes reporteurs qui participeront aux Jeux de Singapour 2010"},"content":{"rendered":"<p>Emily Redlington, de Sackville, Nouveau-Brunswick, se rendra aux tout premiers Jeux olympiques de la jeunesse dans le cadre du programme des jeunes reporteurs du  Comit\u00e9 international olympique pour les Jeux de Singapour 2010, lesquels se tiendront du 14 au 26 ao\u00fbt.<\/p>\n<p>Ces jeunes reporteurs ont \u00e9t\u00e9 choisis par les associations continentales de leurs comit\u00e9s nationaux olympiques au terme d&rsquo;un processus de s\u00e9lection rigoureux. Repr\u00e9sentant chacun des cinq continents, ils ont entre 18 et 24 ans et sont \u00e9tudiants en journalisme ou ont r\u00e9cemment entrepris une carri\u00e8re dans ce domaine. Ridlington a r\u00e9cemment obtenu un baccalaur\u00e9at en journalisme de l\u2019Universit\u00e9 Carleton.<\/p>\n<p>Cette initiative, partie int\u00e9grante du programme culturel et \u00e9ducatif, offrira aux aspirants reporteurs un programme de formation en journalisme utilisant plusieurs plateformes et une exp\u00e9rience concr\u00e8te du m\u00e9tier pendant les Jeux olympiques de la jeunesse. Le programme encourage par ailleurs les jeunes reporteurs \u00e0 utiliser leurs blogues pour faire part de leurs impressions sur les Jeux olympiques de la jeunesse  aux habitants de leur r\u00e9gion avant et pendant cette toute premi\u00e8re \u00e9dition des JOJ.<\/p>\n<p>La formation et les t\u00e2ches \u00e0 accomplir pendant les Jeux seront encadr\u00e9es par des professionnels qualifi\u00e9s et r\u00e9put\u00e9s dans les domaines de la diffusion et de la presse \u00e9crite, des r\u00e9seaux sociaux et de la photographie. Le partenaire olympique Acer fournira pour sa part aux jeunes reporters un ordinateur portable d\u2019une \u00e9dition limit\u00e9e pour les aider dans leur mission.<\/p>\n<p>Cette formidable opportunit\u00e9 permettra aux jeunes journalistes d&rsquo;acqu\u00e9rir une exp\u00e9rience olympique tout en ayant la chance de comprendre comment les m\u00e9dias travaillent sur le terrain pour couvrir cette grande manifestation. Le programme culturel et \u00e9ducatif vise \u00e0 \u00e9duquer, mobiliser et faire participer les jeunes au sport et \u00e0 vivre selon les valeurs olympiques, en les encourageant \u00e0 jouer un r\u00f4le actif au sein de leur communaut\u00e9. Le programme prodigue \u00e9galement des conseils quant aux diff\u00e9rentes carri\u00e8res dans le sport, aux responsabilit\u00e9s sociales et autres choix de mode de vie. <\/p>\n","protected":false},"excerpt":{"rendered":"<p>Emily Redlington, de Sackville, Nouveau-Brunswick, se rendra aux tout premiers Jeux olympiques de la jeunesse dans le cadre du programme&#8230;<\/p>\n","protected":false},"author":47562643,"featured_media":5603,"comment_status":"open","ping_status":"open","sticky":false,"template":"","format":"standard","meta":{"_acf_changed":false,"_crdt_document":"","_jetpack_memberships_contains_paid_content":false,"footnotes":""},"categories":[23939911],"tags":[],"post_format":"standard","sport":[],"game":[],"coauthors":[186127234],"class_list":["post-5605","post","type-post","status-publish","format-standard","has-post-thumbnail","hentry","category-uncategorized-fr"],"acf":[],"yoast_head":"<!-- This site is optimized with the Yoast SEO plugin v27.5 - https:\/\/yoast.com\/product\/yoast-seo-wordpress\/ -->\n<title>Une Canadienne parmi les 29 jeunes reporteurs qui participeront aux Jeux de Singapour 2010  - \u00c9quipe Canada | Site officiel de l&#039;\u00e9quipe olympique<\/title>\n<meta name=\"robots\" content=\"index, follow, max-snippet:-1, max-image-preview:large, max-video-preview:-1\" \/>\n<link rel=\"canonical\" href=\"https:\/\/develop.olympic.ca\/olympique\/2010\/06\/16\/une-canadienne-parmi-les-29-jeunes-reporteurs-qui-participeront-aux-jeux-de-singapour-2010\/\" \/>\n<meta property=\"og:locale\" content=\"fr_FR\" \/>\n<meta property=\"og:type\" content=\"article\" \/>\n<meta property=\"og:title\" content=\"Une Canadienne parmi les 29 jeunes reporteurs qui participeront aux Jeux de Singapour 2010  - \u00c9quipe Canada | Site officiel de l&#039;\u00e9quipe olympique\" \/>\n<meta property=\"og:description\" content=\"Emily Redlington, de Sackville, Nouveau-Brunswick, se rendra aux tout premiers Jeux olympiques de la jeunesse dans le cadre du programme...\" \/>\n<meta property=\"og:url\" content=\"https:\/\/develop.olympic.ca\/olympique\/2010\/06\/16\/une-canadienne-parmi-les-29-jeunes-reporteurs-qui-participeront-aux-jeux-de-singapour-2010\/\" \/>\n<meta property=\"og:site_name\" content=\"\u00c9quipe Canada | Site officiel de l&#039;\u00e9quipe olympique\" \/>\n<meta property=\"article:published_time\" content=\"2010-06-16T19:31:53+00:00\" \/>\n<meta property=\"article:modified_time\" content=\"2013-08-01T01:10:39+00:00\" \/>\n<meta property=\"og:image\" content=\"https:\/\/develop.olympic.ca\/olympique\/wp-content\/uploads\/sites\/2\/2011\/09\/olympic-rings6.jpg?quality=100\" \/>\n\t<meta property=\"og:image:width\" content=\"500\" \/>\n\t<meta property=\"og:image:height\" content=\"333\" \/>\n\t<meta property=\"og:image:type\" content=\"image\/jpeg\" \/>\n<meta name=\"author\" content=\"Comit\u00e9 olympique canadien\" \/>\n<meta name=\"twitter:card\" content=\"summary_large_image\" \/>\n<meta name=\"twitter:label1\" content=\"Written by\" \/>\n\t<meta name=\"twitter:data1\" content=\"Comit\u00e9 olympique canadien\" \/>\n\t<meta name=\"twitter:label2\" content=\"Est. reading time\" \/>\n\t<meta name=\"twitter:data2\" content=\"2 minutes\" \/>\n<script type=\"application\/ld+json\" class=\"yoast-schema-graph\">{\"@context\":\"https:\\\/\\\/schema.org\",\"@graph\":[{\"@type\":\"Article\",\"@id\":\"https:\\\/\\\/develop.olympic.ca\\\/olympique\\\/2010\\\/06\\\/16\\\/une-canadienne-parmi-les-29-jeunes-reporteurs-qui-participeront-aux-jeux-de-singapour-2010\\\/#article\",\"isPartOf\":{\"@id\":\"https:\\\/\\\/develop.olympic.ca\\\/olympique\\\/2010\\\/06\\\/16\\\/une-canadienne-parmi-les-29-jeunes-reporteurs-qui-participeront-aux-jeux-de-singapour-2010\\\/\"},\"author\":{\"name\":\"cdnolympicteam\",\"@id\":\"https:\\\/\\\/develop.olympic.ca\\\/olympique\\\/#\\\/schema\\\/person\\\/b88ab0bea250d933632a93e669b06e95\"},\"headline\":\"Une Canadienne parmi les 29 jeunes reporteurs qui participeront aux Jeux de Singapour 2010\",\"datePublished\":\"2010-06-16T19:31:53+00:00\",\"dateModified\":\"2013-08-01T01:10:39+00:00\",\"mainEntityOfPage\":{\"@id\":\"https:\\\/\\\/develop.olympic.ca\\\/olympique\\\/2010\\\/06\\\/16\\\/une-canadienne-parmi-les-29-jeunes-reporteurs-qui-participeront-aux-jeux-de-singapour-2010\\\/\"},\"wordCount\":356,\"commentCount\":0,\"image\":{\"@id\":\"https:\\\/\\\/develop.olympic.ca\\\/olympique\\\/2010\\\/06\\\/16\\\/une-canadienne-parmi-les-29-jeunes-reporteurs-qui-participeront-aux-jeux-de-singapour-2010\\\/#primaryimage\"},\"thumbnailUrl\":\"https:\\\/\\\/develop.olympic.ca\\\/olympique\\\/wp-content\\\/uploads\\\/sites\\\/2\\\/2011\\\/09\\\/olympic-rings6.jpg?quality=100\",\"articleSection\":[\"Uncategorized @fr\"],\"inLanguage\":\"fr-FR\",\"potentialAction\":[{\"@type\":\"CommentAction\",\"name\":\"Comment\",\"target\":[\"https:\\\/\\\/develop.olympic.ca\\\/olympique\\\/2010\\\/06\\\/16\\\/une-canadienne-parmi-les-29-jeunes-reporteurs-qui-participeront-aux-jeux-de-singapour-2010\\\/#respond\"]}]},{\"@type\":\"WebPage\",\"@id\":\"https:\\\/\\\/develop.olympic.ca\\\/olympique\\\/2010\\\/06\\\/16\\\/une-canadienne-parmi-les-29-jeunes-reporteurs-qui-participeront-aux-jeux-de-singapour-2010\\\/\",\"url\":\"https:\\\/\\\/develop.olympic.ca\\\/olympique\\\/2010\\\/06\\\/16\\\/une-canadienne-parmi-les-29-jeunes-reporteurs-qui-participeront-aux-jeux-de-singapour-2010\\\/\",\"name\":\"Une Canadienne parmi les 29 jeunes reporteurs qui participeront aux Jeux de Singapour 2010 - \u00c9quipe Canada | Site officiel de l&#039;\u00e9quipe olympique\",\"isPartOf\":{\"@id\":\"https:\\\/\\\/develop.olympic.ca\\\/olympique\\\/#website\"},\"primaryImageOfPage\":{\"@id\":\"https:\\\/\\\/develop.olympic.ca\\\/olympique\\\/2010\\\/06\\\/16\\\/une-canadienne-parmi-les-29-jeunes-reporteurs-qui-participeront-aux-jeux-de-singapour-2010\\\/#primaryimage\"},\"image\":{\"@id\":\"https:\\\/\\\/develop.olympic.ca\\\/olympique\\\/2010\\\/06\\\/16\\\/une-canadienne-parmi-les-29-jeunes-reporteurs-qui-participeront-aux-jeux-de-singapour-2010\\\/#primaryimage\"},\"thumbnailUrl\":\"https:\\\/\\\/develop.olympic.ca\\\/olympique\\\/wp-content\\\/uploads\\\/sites\\\/2\\\/2011\\\/09\\\/olympic-rings6.jpg?quality=100\",\"datePublished\":\"2010-06-16T19:31:53+00:00\",\"dateModified\":\"2013-08-01T01:10:39+00:00\",\"author\":{\"@id\":\"https:\\\/\\\/develop.olympic.ca\\\/olympique\\\/#\\\/schema\\\/person\\\/b88ab0bea250d933632a93e669b06e95\"},\"inLanguage\":\"fr-FR\",\"potentialAction\":[{\"@type\":\"ReadAction\",\"target\":[\"https:\\\/\\\/develop.olympic.ca\\\/olympique\\\/2010\\\/06\\\/16\\\/une-canadienne-parmi-les-29-jeunes-reporteurs-qui-participeront-aux-jeux-de-singapour-2010\\\/\"]}]},{\"@type\":\"ImageObject\",\"inLanguage\":\"fr-FR\",\"@id\":\"https:\\\/\\\/develop.olympic.ca\\\/olympique\\\/2010\\\/06\\\/16\\\/une-canadienne-parmi-les-29-jeunes-reporteurs-qui-participeront-aux-jeux-de-singapour-2010\\\/#primaryimage\",\"url\":\"https:\\\/\\\/develop.olympic.ca\\\/olympique\\\/wp-content\\\/uploads\\\/sites\\\/2\\\/2011\\\/09\\\/olympic-rings6.jpg?quality=100\",\"contentUrl\":\"https:\\\/\\\/develop.olympic.ca\\\/olympique\\\/wp-content\\\/uploads\\\/sites\\\/2\\\/2011\\\/09\\\/olympic-rings6.jpg?quality=100\",\"width\":500,\"height\":333},{\"@type\":\"WebSite\",\"@id\":\"https:\\\/\\\/develop.olympic.ca\\\/olympique\\\/#website\",\"url\":\"https:\\\/\\\/develop.olympic.ca\\\/olympique\\\/\",\"name\":\"\u00c9quipe Canada | Site officiel de l&#039;\u00e9quipe olympique\",\"description\":\"Votre source pour l\u2019\u00c9quipe olympique canadienne. Retrouvez les r\u00e9cits, vid\u00e9os et photos des athl\u00e8tes canadiens, sports olympiques, Jeux olympiques de 2020 et bien plus!\",\"potentialAction\":[{\"@type\":\"SearchAction\",\"target\":{\"@type\":\"EntryPoint\",\"urlTemplate\":\"https:\\\/\\\/develop.olympic.ca\\\/olympique\\\/?s={search_term_string}\"},\"query-input\":{\"@type\":\"PropertyValueSpecification\",\"valueRequired\":true,\"valueName\":\"search_term_string\"}}],\"inLanguage\":\"fr-FR\"},{\"@type\":\"Person\",\"@id\":\"https:\\\/\\\/develop.olympic.ca\\\/olympique\\\/#\\\/schema\\\/person\\\/b88ab0bea250d933632a93e669b06e95\",\"name\":\"cdnolympicteam\",\"image\":{\"@type\":\"ImageObject\",\"inLanguage\":\"fr-FR\",\"@id\":\"https:\\\/\\\/secure.gravatar.com\\\/avatar\\\/5ebf1554473077ab88cd1ec3372750991c09302ef58500182e331751d1f3473b?s=96&d=identicon&r=g7289394c1202ef020fcd9aad965e50f7\",\"url\":\"https:\\\/\\\/secure.gravatar.com\\\/avatar\\\/5ebf1554473077ab88cd1ec3372750991c09302ef58500182e331751d1f3473b?s=96&d=identicon&r=g\",\"contentUrl\":\"https:\\\/\\\/secure.gravatar.com\\\/avatar\\\/5ebf1554473077ab88cd1ec3372750991c09302ef58500182e331751d1f3473b?s=96&d=identicon&r=g\",\"caption\":\"cdnolympicteam\"},\"url\":\"https:\\\/\\\/develop.olympic.ca\\\/olympique\\\/author\\\/cdnolympicteam\\\/\"}]}<\/script>\n<!-- \/ Yoast SEO plugin. -->","yoast_head_json":{"title":"Une Canadienne parmi les 29 jeunes reporteurs qui participeront aux Jeux de Singapour 2010  - \u00c9quipe Canada | Site officiel de l&#039;\u00e9quipe olympique","robots":{"index":"index","follow":"follow","max-snippet":"max-snippet:-1","max-image-preview":"max-image-preview:large","max-video-preview":"max-video-preview:-1"},"canonical":"https:\/\/develop.olympic.ca\/olympique\/2010\/06\/16\/une-canadienne-parmi-les-29-jeunes-reporteurs-qui-participeront-aux-jeux-de-singapour-2010\/","og_locale":"fr_FR","og_type":"article","og_title":"Une Canadienne parmi les 29 jeunes reporteurs qui participeront aux Jeux de Singapour 2010  - \u00c9quipe Canada | Site officiel de l&#039;\u00e9quipe olympique","og_description":"Emily Redlington, de Sackville, Nouveau-Brunswick, se rendra aux tout premiers Jeux olympiques de la jeunesse dans le cadre du programme...","og_url":"https:\/\/develop.olympic.ca\/olympique\/2010\/06\/16\/une-canadienne-parmi-les-29-jeunes-reporteurs-qui-participeront-aux-jeux-de-singapour-2010\/","og_site_name":"\u00c9quipe Canada | Site officiel de l&#039;\u00e9quipe olympique","article_published_time":"2010-06-16T19:31:53+00:00","article_modified_time":"2013-08-01T01:10:39+00:00","og_image":[{"width":500,"height":333,"url":"https:\/\/develop.olympic.ca\/olympique\/wp-content\/uploads\/sites\/2\/2011\/09\/olympic-rings6.jpg?quality=100","type":"image\/jpeg"}],"author":"Comit\u00e9 olympique canadien","twitter_card":"summary_large_image","twitter_misc":{"Written by":"Comit\u00e9 olympique canadien","Est. reading time":"2 minutes"},"schema":{"@context":"https:\/\/schema.org","@graph":[{"@type":"Article","@id":"https:\/\/develop.olympic.ca\/olympique\/2010\/06\/16\/une-canadienne-parmi-les-29-jeunes-reporteurs-qui-participeront-aux-jeux-de-singapour-2010\/#article","isPartOf":{"@id":"https:\/\/develop.olympic.ca\/olympique\/2010\/06\/16\/une-canadienne-parmi-les-29-jeunes-reporteurs-qui-participeront-aux-jeux-de-singapour-2010\/"},"author":{"name":"cdnolympicteam","@id":"https:\/\/develop.olympic.ca\/olympique\/#\/schema\/person\/b88ab0bea250d933632a93e669b06e95"},"headline":"Une Canadienne parmi les 29 jeunes reporteurs qui participeront aux Jeux de Singapour 2010","datePublished":"2010-06-16T19:31:53+00:00","dateModified":"2013-08-01T01:10:39+00:00","mainEntityOfPage":{"@id":"https:\/\/develop.olympic.ca\/olympique\/2010\/06\/16\/une-canadienne-parmi-les-29-jeunes-reporteurs-qui-participeront-aux-jeux-de-singapour-2010\/"},"wordCount":356,"commentCount":0,"image":{"@id":"https:\/\/develop.olympic.ca\/olympique\/2010\/06\/16\/une-canadienne-parmi-les-29-jeunes-reporteurs-qui-participeront-aux-jeux-de-singapour-2010\/#primaryimage"},"thumbnailUrl":"https:\/\/develop.olympic.ca\/olympique\/wp-content\/uploads\/sites\/2\/2011\/09\/olympic-rings6.jpg?quality=100","articleSection":["Uncategorized @fr"],"inLanguage":"fr-FR","potentialAction":[{"@type":"CommentAction","name":"Comment","target":["https:\/\/develop.olympic.ca\/olympique\/2010\/06\/16\/une-canadienne-parmi-les-29-jeunes-reporteurs-qui-participeront-aux-jeux-de-singapour-2010\/#respond"]}]},{"@type":"WebPage","@id":"https:\/\/develop.olympic.ca\/olympique\/2010\/06\/16\/une-canadienne-parmi-les-29-jeunes-reporteurs-qui-participeront-aux-jeux-de-singapour-2010\/","url":"https:\/\/develop.olympic.ca\/olympique\/2010\/06\/16\/une-canadienne-parmi-les-29-jeunes-reporteurs-qui-participeront-aux-jeux-de-singapour-2010\/","name":"Une Canadienne parmi les 29 jeunes reporteurs qui participeront aux Jeux de Singapour 2010 - \u00c9quipe Canada | Site officiel de l&#039;\u00e9quipe olympique","isPartOf":{"@id":"https:\/\/develop.olympic.ca\/olympique\/#website"},"primaryImageOfPage":{"@id":"https:\/\/develop.olympic.ca\/olympique\/2010\/06\/16\/une-canadienne-parmi-les-29-jeunes-reporteurs-qui-participeront-aux-jeux-de-singapour-2010\/#primaryimage"},"image":{"@id":"https:\/\/develop.olympic.ca\/olympique\/2010\/06\/16\/une-canadienne-parmi-les-29-jeunes-reporteurs-qui-participeront-aux-jeux-de-singapour-2010\/#primaryimage"},"thumbnailUrl":"https:\/\/develop.olympic.ca\/olympique\/wp-content\/uploads\/sites\/2\/2011\/09\/olympic-rings6.jpg?quality=100","datePublished":"2010-06-16T19:31:53+00:00","dateModified":"2013-08-01T01:10:39+00:00","author":{"@id":"https:\/\/develop.olympic.ca\/olympique\/#\/schema\/person\/b88ab0bea250d933632a93e669b06e95"},"inLanguage":"fr-FR","potentialAction":[{"@type":"ReadAction","target":["https:\/\/develop.olympic.ca\/olympique\/2010\/06\/16\/une-canadienne-parmi-les-29-jeunes-reporteurs-qui-participeront-aux-jeux-de-singapour-2010\/"]}]},{"@type":"ImageObject","inLanguage":"fr-FR","@id":"https:\/\/develop.olympic.ca\/olympique\/2010\/06\/16\/une-canadienne-parmi-les-29-jeunes-reporteurs-qui-participeront-aux-jeux-de-singapour-2010\/#primaryimage","url":"https:\/\/develop.olympic.ca\/olympique\/wp-content\/uploads\/sites\/2\/2011\/09\/olympic-rings6.jpg?quality=100","contentUrl":"https:\/\/develop.olympic.ca\/olympique\/wp-content\/uploads\/sites\/2\/2011\/09\/olympic-rings6.jpg?quality=100","width":500,"height":333},{"@type":"WebSite","@id":"https:\/\/develop.olympic.ca\/olympique\/#website","url":"https:\/\/develop.olympic.ca\/olympique\/","name":"\u00c9quipe Canada | Site officiel de l&#039;\u00e9quipe olympique","description":"Votre source pour l\u2019\u00c9quipe olympique canadienne. Retrouvez les r\u00e9cits, vid\u00e9os et photos des athl\u00e8tes canadiens, sports olympiques, Jeux olympiques de 2020 et bien plus!","potentialAction":[{"@type":"SearchAction","target":{"@type":"EntryPoint","urlTemplate":"https:\/\/develop.olympic.ca\/olympique\/?s={search_term_string}"},"query-input":{"@type":"PropertyValueSpecification","valueRequired":true,"valueName":"search_term_string"}}],"inLanguage":"fr-FR"},{"@type":"Person","@id":"https:\/\/develop.olympic.ca\/olympique\/#\/schema\/person\/b88ab0bea250d933632a93e669b06e95","name":"cdnolympicteam","image":{"@type":"ImageObject","inLanguage":"fr-FR","@id":"https:\/\/secure.gravatar.com\/avatar\/5ebf1554473077ab88cd1ec3372750991c09302ef58500182e331751d1f3473b?s=96&d=identicon&r=g7289394c1202ef020fcd9aad965e50f7","url":"https:\/\/secure.gravatar.com\/avatar\/5ebf1554473077ab88cd1ec3372750991c09302ef58500182e331751d1f3473b?s=96&d=identicon&r=g","contentUrl":"https:\/\/secure.gravatar.com\/avatar\/5ebf1554473077ab88cd1ec3372750991c09302ef58500182e331751d1f3473b?s=96&d=identicon&r=g","caption":"cdnolympicteam"},"url":"https:\/\/develop.olympic.ca\/olympique\/author\/cdnolympicteam\/"}]}},"jetpack_featured_media_url":"https:\/\/develop.olympic.ca\/olympique\/wp-content\/uploads\/sites\/2\/2011\/09\/olympic-rings6.jpg?quality=100","featured_image_url":"https:\/\/develop.olympic.ca\/olympique\/wp-content\/uploads\/sites\/2\/2011\/09\/olympic-rings6.jpg?quality=100","author_name":["Comit\u00e9 olympique canadien"],"category_names":["Uncategorized @fr"],"tag_names":[],"video_embed_code":"","facebook_video_embed_code":"","jetpack_sharing_enabled":true,"jetpack-related-posts":[],"jetpack_shortlink":"https:\/\/wp.me\/pbmyEP-1sp","_links":{"self":[{"href":"https:\/\/develop.olympic.ca\/olympique\/wp-json\/wp\/v2\/posts\/5605","targetHints":{"allow":["GET"]}}],"collection":[{"href":"https:\/\/develop.olympic.ca\/olympique\/wp-json\/wp\/v2\/posts"}],"about":[{"href":"https:\/\/develop.olympic.ca\/olympique\/wp-json\/wp\/v2\/types\/post"}],"author":[{"embeddable":true,"href":"https:\/\/develop.olympic.ca\/olympique\/wp-json\/wp\/v2\/users\/47562643"}],"replies":[{"embeddable":true,"href":"https:\/\/develop.olympic.ca\/olympique\/wp-json\/wp\/v2\/comments?post=5605"}],"version-history":[{"count":1,"href":"https:\/\/develop.olympic.ca\/olympique\/wp-json\/wp\/v2\/posts\/5605\/revisions"}],"predecessor-version":[{"id":82942,"href":"https:\/\/develop.olympic.ca\/olympique\/wp-json\/wp\/v2\/posts\/5605\/revisions\/82942"}],"wp:featuredmedia":[{"embeddable":true,"href":"https:\/\/develop.olympic.ca\/olympique\/wp-json\/wp\/v2\/media\/5603"}],"wp:attachment":[{"href":"https:\/\/develop.olympic.ca\/olympique\/wp-json\/wp\/v2\/media?parent=5605"}],"wp:term":[{"taxonomy":"category","embeddable":true,"href":"https:\/\/develop.olympic.ca\/olympique\/wp-json\/wp\/v2\/categories?post=5605"},{"taxonomy":"post_tag","embeddable":true,"href":"https:\/\/develop.olympic.ca\/olympique\/wp-json\/wp\/v2\/tags?post=5605"},{"taxonomy":"post_format","embeddable":true,"href":"https:\/\/develop.olympic.ca\/olympique\/wp-json\/wp\/v2\/post_format?post=5605"},{"taxonomy":"sport","embeddable":true,"href":"https:\/\/develop.olympic.ca\/olympique\/wp-json\/wp\/v2\/sport?post=5605"},{"taxonomy":"game","embeddable":true,"href":"https:\/\/develop.olympic.ca\/olympique\/wp-json\/wp\/v2\/game?post=5605"},{"taxonomy":"author","embeddable":true,"href":"https:\/\/develop.olympic.ca\/olympique\/wp-json\/wp\/v2\/coauthors?post=5605"}],"curies":[{"name":"wp","href":"https:\/\/api.w.org\/{rel}","templated":true}]}}