{"id":85785,"date":"2013-09-28T12:12:40","date_gmt":"2013-09-28T16:12:40","guid":{"rendered":"http:\/\/develop.olympic.ca\/olympique\/?p=85785"},"modified":"2013-09-28T12:19:49","modified_gmt":"2013-09-28T16:19:49","slug":"montmigny-et-heymans-syncro-a-sydney","status":"publish","type":"post","link":"https:\/\/develop.olympic.ca\/olympique\/2013\/09\/28\/montmigny-et-heymans-syncro-a-sydney\/","title":{"rendered":"Heymans et Montmigny: syncro \u00e0 Sydney"},"content":{"rendered":"<p><b>28 septembre\u00a02000\u00a0:<\/b> Les plongeuses\u00a0<b>\u00c9milie Heymans<\/b> et <b>Anne Montminy<\/b> remportent l\u2019argent \u00e0 l\u2019\u00e9preuve du 10\u00a0m synchro lors des Jeux de la XXVII<sup>e<\/sup> Olympiade \u00e0 Sydney. Il s\u2019agissait d\u2019une deuxi\u00e8me m\u00e9daille \u00e0 ces Jeux pour Anne Montminy qui avait d\u00e9croch\u00e9 la m\u00e9daille de bronze de l\u2019\u00e9preuve de haut vol 10\u00a0m quatre jours plus t\u00f4t. Elle est la seule Canadienne \u00e0 avoir rapport\u00e9 deux m\u00e9dailles de Sydney.<\/p>\n","protected":false},"excerpt":{"rendered":"<p>28 septembre\u00a02000\u00a0: Les plongeuses\u00a0\u00c9milie Heymans et Anne Montminy remportent l\u2019argent \u00e0 l\u2019\u00e9preuve du 10\u00a0m synchro lors des Jeux de la&#8230;<\/p>\n","protected":false},"author":47562643,"featured_media":85788,"comment_status":"open","ping_status":"open","sticky":false,"template":"","format":"standard","meta":{"_acf_changed":false,"_crdt_document":"","_jetpack_memberships_contains_paid_content":false,"footnotes":""},"categories":[70121],"tags":[15280661,4330,34836,26751633,16081,191434315,136797,12145,2608],"post_format":"standard","sport":[],"game":[8561457],"coauthors":[186127234],"class_list":["post-85785","post","type-post","status-publish","format-standard","has-post-thumbnail","hentry","category-equipe","tag-anne-montminy","tag-australia","tag-elle","tag-greater-sydney","tag-jeux","tag-moments-canadiens","tag-new-south-wales","tag-oceania","tag-sydney","game-2000-sydney"],"acf":[],"yoast_head":"<!-- This site is optimized with the Yoast SEO plugin v27.3 - https:\/\/yoast.com\/product\/yoast-seo-wordpress\/ -->\n<title>Heymans et Montmigny: syncro \u00e0 Sydney - \u00c9quipe Canada | Site officiel de l&#039;\u00e9quipe olympique<\/title>\n<meta name=\"robots\" content=\"index, follow, max-snippet:-1, max-image-preview:large, max-video-preview:-1\" \/>\n<link rel=\"canonical\" href=\"https:\/\/develop.olympic.ca\/olympique\/2013\/09\/28\/montmigny-et-heymans-syncro-a-sydney\/\" \/>\n<meta property=\"og:locale\" content=\"fr_FR\" \/>\n<meta property=\"og:type\" content=\"article\" \/>\n<meta property=\"og:title\" content=\"Heymans et Montmigny: syncro \u00e0 Sydney - \u00c9quipe Canada | Site officiel de l&#039;\u00e9quipe olympique\" \/>\n<meta property=\"og:description\" content=\"28 septembre\u00a02000\u00a0: Les plongeuses\u00a0\u00c9milie Heymans et Anne Montminy remportent l\u2019argent \u00e0 l\u2019\u00e9preuve du 10\u00a0m synchro lors des Jeux de la...\" \/>\n<meta property=\"og:url\" content=\"https:\/\/develop.olympic.ca\/olympique\/2013\/09\/28\/montmigny-et-heymans-syncro-a-sydney\/\" \/>\n<meta property=\"og:site_name\" content=\"\u00c9quipe Canada | Site officiel de l&#039;\u00e9quipe olympique\" \/>\n<meta property=\"article:published_time\" content=\"2013-09-28T16:12:40+00:00\" \/>\n<meta property=\"article:modified_time\" content=\"2013-09-28T16:19:49+00:00\" \/>\n<meta property=\"og:image\" content=\"https:\/\/develop.olympic.ca\/olympique\/wp-content\/uploads\/sites\/2\/2013\/09\/791578.jpg?quality=100\" \/>\n\t<meta property=\"og:image:width\" content=\"1611\" \/>\n\t<meta property=\"og:image:height\" content=\"1600\" \/>\n\t<meta property=\"og:image:type\" content=\"image\/jpeg\" \/>\n<meta name=\"author\" content=\"Comit\u00e9 olympique canadien\" \/>\n<meta name=\"twitter:card\" content=\"summary_large_image\" \/>\n<meta name=\"twitter:label1\" content=\"Written by\" \/>\n\t<meta name=\"twitter:data1\" content=\"Comit\u00e9 olympique canadien\" \/>\n<script type=\"application\/ld+json\" class=\"yoast-schema-graph\">{\"@context\":\"https:\\\/\\\/schema.org\",\"@graph\":[{\"@type\":\"Article\",\"@id\":\"https:\\\/\\\/develop.olympic.ca\\\/olympique\\\/2013\\\/09\\\/28\\\/montmigny-et-heymans-syncro-a-sydney\\\/#article\",\"isPartOf\":{\"@id\":\"https:\\\/\\\/develop.olympic.ca\\\/olympique\\\/2013\\\/09\\\/28\\\/montmigny-et-heymans-syncro-a-sydney\\\/\"},\"author\":{\"name\":\"cdnolympicteam\",\"@id\":\"https:\\\/\\\/develop.olympic.ca\\\/olympique\\\/#\\\/schema\\\/person\\\/b88ab0bea250d933632a93e669b06e95\"},\"headline\":\"Heymans et Montmigny: syncro \u00e0 Sydney\",\"datePublished\":\"2013-09-28T16:12:40+00:00\",\"dateModified\":\"2013-09-28T16:19:49+00:00\",\"mainEntityOfPage\":{\"@id\":\"https:\\\/\\\/develop.olympic.ca\\\/olympique\\\/2013\\\/09\\\/28\\\/montmigny-et-heymans-syncro-a-sydney\\\/\"},\"wordCount\":76,\"commentCount\":0,\"image\":{\"@id\":\"https:\\\/\\\/develop.olympic.ca\\\/olympique\\\/2013\\\/09\\\/28\\\/montmigny-et-heymans-syncro-a-sydney\\\/#primaryimage\"},\"thumbnailUrl\":\"https:\\\/\\\/develop.olympic.ca\\\/olympique\\\/wp-content\\\/uploads\\\/sites\\\/2\\\/2013\\\/09\\\/791578.jpg?quality=100\",\"keywords\":[\"Anne Montminy\",\"Australia\",\"Elle\",\"Greater Sydney\",\"Jeux\",\"Moments canadiens\",\"New South Wales\",\"Oceania\",\"sydney\"],\"articleSection\":[\"Nouvelles de l'equipe\"],\"inLanguage\":\"fr-FR\",\"potentialAction\":[{\"@type\":\"CommentAction\",\"name\":\"Comment\",\"target\":[\"https:\\\/\\\/develop.olympic.ca\\\/olympique\\\/2013\\\/09\\\/28\\\/montmigny-et-heymans-syncro-a-sydney\\\/#respond\"]}]},{\"@type\":\"WebPage\",\"@id\":\"https:\\\/\\\/develop.olympic.ca\\\/olympique\\\/2013\\\/09\\\/28\\\/montmigny-et-heymans-syncro-a-sydney\\\/\",\"url\":\"https:\\\/\\\/develop.olympic.ca\\\/olympique\\\/2013\\\/09\\\/28\\\/montmigny-et-heymans-syncro-a-sydney\\\/\",\"name\":\"Heymans et Montmigny: syncro \u00e0 Sydney - \u00c9quipe Canada | Site officiel de l&#039;\u00e9quipe olympique\",\"isPartOf\":{\"@id\":\"https:\\\/\\\/develop.olympic.ca\\\/olympique\\\/#website\"},\"primaryImageOfPage\":{\"@id\":\"https:\\\/\\\/develop.olympic.ca\\\/olympique\\\/2013\\\/09\\\/28\\\/montmigny-et-heymans-syncro-a-sydney\\\/#primaryimage\"},\"image\":{\"@id\":\"https:\\\/\\\/develop.olympic.ca\\\/olympique\\\/2013\\\/09\\\/28\\\/montmigny-et-heymans-syncro-a-sydney\\\/#primaryimage\"},\"thumbnailUrl\":\"https:\\\/\\\/develop.olympic.ca\\\/olympique\\\/wp-content\\\/uploads\\\/sites\\\/2\\\/2013\\\/09\\\/791578.jpg?quality=100\",\"datePublished\":\"2013-09-28T16:12:40+00:00\",\"dateModified\":\"2013-09-28T16:19:49+00:00\",\"author\":{\"@id\":\"https:\\\/\\\/develop.olympic.ca\\\/olympique\\\/#\\\/schema\\\/person\\\/b88ab0bea250d933632a93e669b06e95\"},\"inLanguage\":\"fr-FR\",\"potentialAction\":[{\"@type\":\"ReadAction\",\"target\":[\"https:\\\/\\\/develop.olympic.ca\\\/olympique\\\/2013\\\/09\\\/28\\\/montmigny-et-heymans-syncro-a-sydney\\\/\"]}]},{\"@type\":\"ImageObject\",\"inLanguage\":\"fr-FR\",\"@id\":\"https:\\\/\\\/develop.olympic.ca\\\/olympique\\\/2013\\\/09\\\/28\\\/montmigny-et-heymans-syncro-a-sydney\\\/#primaryimage\",\"url\":\"https:\\\/\\\/develop.olympic.ca\\\/olympique\\\/wp-content\\\/uploads\\\/sites\\\/2\\\/2013\\\/09\\\/791578.jpg?quality=100\",\"contentUrl\":\"https:\\\/\\\/develop.olympic.ca\\\/olympique\\\/wp-content\\\/uploads\\\/sites\\\/2\\\/2013\\\/09\\\/791578.jpg?quality=100\",\"width\":1611,\"height\":1600},{\"@type\":\"WebSite\",\"@id\":\"https:\\\/\\\/develop.olympic.ca\\\/olympique\\\/#website\",\"url\":\"https:\\\/\\\/develop.olympic.ca\\\/olympique\\\/\",\"name\":\"\u00c9quipe Canada | Site officiel de l&#039;\u00e9quipe olympique\",\"description\":\"Votre source pour l\u2019\u00c9quipe olympique canadienne. Retrouvez les r\u00e9cits, vid\u00e9os et photos des athl\u00e8tes canadiens, sports olympiques, Jeux olympiques de 2020 et bien plus!\",\"potentialAction\":[{\"@type\":\"SearchAction\",\"target\":{\"@type\":\"EntryPoint\",\"urlTemplate\":\"https:\\\/\\\/develop.olympic.ca\\\/olympique\\\/?s={search_term_string}\"},\"query-input\":{\"@type\":\"PropertyValueSpecification\",\"valueRequired\":true,\"valueName\":\"search_term_string\"}}],\"inLanguage\":\"fr-FR\"},{\"@type\":\"Person\",\"@id\":\"https:\\\/\\\/develop.olympic.ca\\\/olympique\\\/#\\\/schema\\\/person\\\/b88ab0bea250d933632a93e669b06e95\",\"name\":\"cdnolympicteam\",\"image\":{\"@type\":\"ImageObject\",\"inLanguage\":\"fr-FR\",\"@id\":\"https:\\\/\\\/secure.gravatar.com\\\/avatar\\\/5ebf1554473077ab88cd1ec3372750991c09302ef58500182e331751d1f3473b?s=96&d=identicon&r=g7289394c1202ef020fcd9aad965e50f7\",\"url\":\"https:\\\/\\\/secure.gravatar.com\\\/avatar\\\/5ebf1554473077ab88cd1ec3372750991c09302ef58500182e331751d1f3473b?s=96&d=identicon&r=g\",\"contentUrl\":\"https:\\\/\\\/secure.gravatar.com\\\/avatar\\\/5ebf1554473077ab88cd1ec3372750991c09302ef58500182e331751d1f3473b?s=96&d=identicon&r=g\",\"caption\":\"cdnolympicteam\"},\"url\":\"https:\\\/\\\/develop.olympic.ca\\\/olympique\\\/author\\\/cdnolympicteam\\\/\"}]}<\/script>\n<!-- \/ Yoast SEO plugin. -->","yoast_head_json":{"title":"Heymans et Montmigny: syncro \u00e0 Sydney - \u00c9quipe Canada | Site officiel de l&#039;\u00e9quipe olympique","robots":{"index":"index","follow":"follow","max-snippet":"max-snippet:-1","max-image-preview":"max-image-preview:large","max-video-preview":"max-video-preview:-1"},"canonical":"https:\/\/develop.olympic.ca\/olympique\/2013\/09\/28\/montmigny-et-heymans-syncro-a-sydney\/","og_locale":"fr_FR","og_type":"article","og_title":"Heymans et Montmigny: syncro \u00e0 Sydney - \u00c9quipe Canada | Site officiel de l&#039;\u00e9quipe olympique","og_description":"28 septembre\u00a02000\u00a0: Les plongeuses\u00a0\u00c9milie Heymans et Anne Montminy remportent l\u2019argent \u00e0 l\u2019\u00e9preuve du 10\u00a0m synchro lors des Jeux de la...","og_url":"https:\/\/develop.olympic.ca\/olympique\/2013\/09\/28\/montmigny-et-heymans-syncro-a-sydney\/","og_site_name":"\u00c9quipe Canada | Site officiel de l&#039;\u00e9quipe olympique","article_published_time":"2013-09-28T16:12:40+00:00","article_modified_time":"2013-09-28T16:19:49+00:00","og_image":[{"width":1611,"height":1600,"url":"https:\/\/develop.olympic.ca\/olympique\/wp-content\/uploads\/sites\/2\/2013\/09\/791578.jpg?quality=100","type":"image\/jpeg"}],"author":"Comit\u00e9 olympique canadien","twitter_card":"summary_large_image","twitter_misc":{"Written by":"Comit\u00e9 olympique canadien"},"schema":{"@context":"https:\/\/schema.org","@graph":[{"@type":"Article","@id":"https:\/\/develop.olympic.ca\/olympique\/2013\/09\/28\/montmigny-et-heymans-syncro-a-sydney\/#article","isPartOf":{"@id":"https:\/\/develop.olympic.ca\/olympique\/2013\/09\/28\/montmigny-et-heymans-syncro-a-sydney\/"},"author":{"name":"cdnolympicteam","@id":"https:\/\/develop.olympic.ca\/olympique\/#\/schema\/person\/b88ab0bea250d933632a93e669b06e95"},"headline":"Heymans et Montmigny: syncro \u00e0 Sydney","datePublished":"2013-09-28T16:12:40+00:00","dateModified":"2013-09-28T16:19:49+00:00","mainEntityOfPage":{"@id":"https:\/\/develop.olympic.ca\/olympique\/2013\/09\/28\/montmigny-et-heymans-syncro-a-sydney\/"},"wordCount":76,"commentCount":0,"image":{"@id":"https:\/\/develop.olympic.ca\/olympique\/2013\/09\/28\/montmigny-et-heymans-syncro-a-sydney\/#primaryimage"},"thumbnailUrl":"https:\/\/develop.olympic.ca\/olympique\/wp-content\/uploads\/sites\/2\/2013\/09\/791578.jpg?quality=100","keywords":["Anne Montminy","Australia","Elle","Greater Sydney","Jeux","Moments canadiens","New South Wales","Oceania","sydney"],"articleSection":["Nouvelles de l'equipe"],"inLanguage":"fr-FR","potentialAction":[{"@type":"CommentAction","name":"Comment","target":["https:\/\/develop.olympic.ca\/olympique\/2013\/09\/28\/montmigny-et-heymans-syncro-a-sydney\/#respond"]}]},{"@type":"WebPage","@id":"https:\/\/develop.olympic.ca\/olympique\/2013\/09\/28\/montmigny-et-heymans-syncro-a-sydney\/","url":"https:\/\/develop.olympic.ca\/olympique\/2013\/09\/28\/montmigny-et-heymans-syncro-a-sydney\/","name":"Heymans et Montmigny: syncro \u00e0 Sydney - \u00c9quipe Canada | Site officiel de l&#039;\u00e9quipe olympique","isPartOf":{"@id":"https:\/\/develop.olympic.ca\/olympique\/#website"},"primaryImageOfPage":{"@id":"https:\/\/develop.olympic.ca\/olympique\/2013\/09\/28\/montmigny-et-heymans-syncro-a-sydney\/#primaryimage"},"image":{"@id":"https:\/\/develop.olympic.ca\/olympique\/2013\/09\/28\/montmigny-et-heymans-syncro-a-sydney\/#primaryimage"},"thumbnailUrl":"https:\/\/develop.olympic.ca\/olympique\/wp-content\/uploads\/sites\/2\/2013\/09\/791578.jpg?quality=100","datePublished":"2013-09-28T16:12:40+00:00","dateModified":"2013-09-28T16:19:49+00:00","author":{"@id":"https:\/\/develop.olympic.ca\/olympique\/#\/schema\/person\/b88ab0bea250d933632a93e669b06e95"},"inLanguage":"fr-FR","potentialAction":[{"@type":"ReadAction","target":["https:\/\/develop.olympic.ca\/olympique\/2013\/09\/28\/montmigny-et-heymans-syncro-a-sydney\/"]}]},{"@type":"ImageObject","inLanguage":"fr-FR","@id":"https:\/\/develop.olympic.ca\/olympique\/2013\/09\/28\/montmigny-et-heymans-syncro-a-sydney\/#primaryimage","url":"https:\/\/develop.olympic.ca\/olympique\/wp-content\/uploads\/sites\/2\/2013\/09\/791578.jpg?quality=100","contentUrl":"https:\/\/develop.olympic.ca\/olympique\/wp-content\/uploads\/sites\/2\/2013\/09\/791578.jpg?quality=100","width":1611,"height":1600},{"@type":"WebSite","@id":"https:\/\/develop.olympic.ca\/olympique\/#website","url":"https:\/\/develop.olympic.ca\/olympique\/","name":"\u00c9quipe Canada | Site officiel de l&#039;\u00e9quipe olympique","description":"Votre source pour l\u2019\u00c9quipe olympique canadienne. Retrouvez les r\u00e9cits, vid\u00e9os et photos des athl\u00e8tes canadiens, sports olympiques, Jeux olympiques de 2020 et bien plus!","potentialAction":[{"@type":"SearchAction","target":{"@type":"EntryPoint","urlTemplate":"https:\/\/develop.olympic.ca\/olympique\/?s={search_term_string}"},"query-input":{"@type":"PropertyValueSpecification","valueRequired":true,"valueName":"search_term_string"}}],"inLanguage":"fr-FR"},{"@type":"Person","@id":"https:\/\/develop.olympic.ca\/olympique\/#\/schema\/person\/b88ab0bea250d933632a93e669b06e95","name":"cdnolympicteam","image":{"@type":"ImageObject","inLanguage":"fr-FR","@id":"https:\/\/secure.gravatar.com\/avatar\/5ebf1554473077ab88cd1ec3372750991c09302ef58500182e331751d1f3473b?s=96&d=identicon&r=g7289394c1202ef020fcd9aad965e50f7","url":"https:\/\/secure.gravatar.com\/avatar\/5ebf1554473077ab88cd1ec3372750991c09302ef58500182e331751d1f3473b?s=96&d=identicon&r=g","contentUrl":"https:\/\/secure.gravatar.com\/avatar\/5ebf1554473077ab88cd1ec3372750991c09302ef58500182e331751d1f3473b?s=96&d=identicon&r=g","caption":"cdnolympicteam"},"url":"https:\/\/develop.olympic.ca\/olympique\/author\/cdnolympicteam\/"}]}},"jetpack_featured_media_url":"https:\/\/develop.olympic.ca\/olympique\/wp-content\/uploads\/sites\/2\/2013\/09\/791578.jpg?quality=100","featured_image_url":"https:\/\/develop.olympic.ca\/olympique\/wp-content\/uploads\/sites\/2\/2013\/09\/791578.jpg?quality=100","author_name":["Comit\u00e9 olympique canadien"],"category_names":["Nouvelles de l'equipe"],"tag_names":["Anne Montminy","Australia","Elle","Greater Sydney","Jeux","Moments canadiens","New South Wales","Oceania","sydney"],"video_embed_code":"","facebook_video_embed_code":"","jetpack_sharing_enabled":true,"jetpack-related-posts":[],"jetpack_shortlink":"https:\/\/wp.me\/pbmyEP-mjD","_links":{"self":[{"href":"https:\/\/develop.olympic.ca\/olympique\/wp-json\/wp\/v2\/posts\/85785","targetHints":{"allow":["GET"]}}],"collection":[{"href":"https:\/\/develop.olympic.ca\/olympique\/wp-json\/wp\/v2\/posts"}],"about":[{"href":"https:\/\/develop.olympic.ca\/olympique\/wp-json\/wp\/v2\/types\/post"}],"author":[{"embeddable":true,"href":"https:\/\/develop.olympic.ca\/olympique\/wp-json\/wp\/v2\/users\/47562643"}],"replies":[{"embeddable":true,"href":"https:\/\/develop.olympic.ca\/olympique\/wp-json\/wp\/v2\/comments?post=85785"}],"version-history":[{"count":3,"href":"https:\/\/develop.olympic.ca\/olympique\/wp-json\/wp\/v2\/posts\/85785\/revisions"}],"predecessor-version":[{"id":85790,"href":"https:\/\/develop.olympic.ca\/olympique\/wp-json\/wp\/v2\/posts\/85785\/revisions\/85790"}],"wp:featuredmedia":[{"embeddable":true,"href":"https:\/\/develop.olympic.ca\/olympique\/wp-json\/wp\/v2\/media\/85788"}],"wp:attachment":[{"href":"https:\/\/develop.olympic.ca\/olympique\/wp-json\/wp\/v2\/media?parent=85785"}],"wp:term":[{"taxonomy":"category","embeddable":true,"href":"https:\/\/develop.olympic.ca\/olympique\/wp-json\/wp\/v2\/categories?post=85785"},{"taxonomy":"post_tag","embeddable":true,"href":"https:\/\/develop.olympic.ca\/olympique\/wp-json\/wp\/v2\/tags?post=85785"},{"taxonomy":"post_format","embeddable":true,"href":"https:\/\/develop.olympic.ca\/olympique\/wp-json\/wp\/v2\/post_format?post=85785"},{"taxonomy":"sport","embeddable":true,"href":"https:\/\/develop.olympic.ca\/olympique\/wp-json\/wp\/v2\/sport?post=85785"},{"taxonomy":"game","embeddable":true,"href":"https:\/\/develop.olympic.ca\/olympique\/wp-json\/wp\/v2\/game?post=85785"},{"taxonomy":"author","embeddable":true,"href":"https:\/\/develop.olympic.ca\/olympique\/wp-json\/wp\/v2\/coauthors?post=85785"}],"curies":[{"name":"wp","href":"https:\/\/api.w.org\/{rel}","templated":true}]}}