{"id":86408,"date":"2013-10-09T15:52:33","date_gmt":"2013-10-09T19:52:33","guid":{"rendered":"http:\/\/develop.olympic.ca\/olympique\/?p=86408"},"modified":"2013-10-12T11:16:32","modified_gmt":"2013-10-12T15:16:32","slug":"presentation-des-olympiens-rbc","status":"publish","type":"post","link":"https:\/\/develop.olympic.ca\/olympique\/2013\/10\/09\/presentation-des-olympiens-rbc\/","title":{"rendered":"Les olympiens RBC prennent leur envol"},"content":{"rendered":"<p style=\"text-align:left;\" align=\"center\">Le 9 octobre dernier, plusieurs olympiens et membres des m\u00e9dias se sont rassembl\u00e9s au hangar 6 de l\u2019a\u00e9roport Billy Bishop pour la pr\u00e9sentation de l&rsquo;\u00e9quipe olympique RBC.<\/p>\n<p style=\"text-align:left;\" align=\"center\"><strong>Oui, il s&rsquo;agissait bel et bien d&rsquo;un hangard<\/strong><\/p>\n<blockquote class=\"twitter-tweet\" data-width=\"550\" data-lang=\"en\" data-dnt=\"true\" data-partner=\"jetpack\"><p lang=\"en\" dir=\"ltr\">A look at the <a href=\"https:\/\/twitter.com\/hashtag\/RBCOlympians?src=hash&amp;ref_src=twsrc%5Etfw\">#RBCOlympians<\/a> announcement about to happen in Toronto (photo via <a href=\"https:\/\/twitter.com\/j_piercy?ref_src=twsrc%5Etfw\">@j_piercy<\/a>) <a href=\"https:\/\/twitter.com\/hashtag\/cbcolympics?src=hash&amp;ref_src=twsrc%5Etfw\">#cbcolympics<\/a> <a href=\"http:\/\/t.co\/Zym4zppmYY\">pic.twitter.com\/Zym4zppmYY<\/a><\/p>&mdash; CBC Olympics (@CBCOlympics) <a href=\"https:\/\/twitter.com\/CBCOlympics\/status\/387937287876526081?ref_src=twsrc%5Etfw\">October 9, 2013<\/a><\/blockquote>\n<blockquote class=\"twitter-tweet\" data-width=\"550\" data-lang=\"en\" data-dnt=\"true\" data-partner=\"jetpack\"><p lang=\"en\" dir=\"ltr\">Setting the stage... Airplane hangar <a href=\"https:\/\/twitter.com\/hashtag\/RBCOlympians?src=hash&amp;ref_src=twsrc%5Etfw\">#RBCOlympians<\/a> <a href=\"http:\/\/t.co\/bci8oddnWY\">pic.twitter.com\/bci8oddnWY<\/a><\/p>&mdash; Darcy Marquardt (@Darcyrows) <a href=\"https:\/\/twitter.com\/Darcyrows\/status\/387930779973459969?ref_src=twsrc%5Etfw\">October 9, 2013<\/a><\/blockquote>\n<p><strong>Place au spectacle<br \/>\n<\/strong><\/p>\n<blockquote class=\"twitter-tweet\" data-width=\"550\" data-lang=\"en\" data-dnt=\"true\" data-partner=\"jetpack\"><p lang=\"en\" dir=\"ltr\">Ready for the takeoff?  <a href=\"https:\/\/twitter.com\/hashtag\/redcarpet?src=hash&amp;ref_src=twsrc%5Etfw\">#redcarpet<\/a> is ready too <a href=\"https:\/\/twitter.com\/hashtag\/Sochi2014?src=hash&amp;ref_src=twsrc%5Etfw\">#Sochi2014<\/a>  <a href=\"https:\/\/twitter.com\/hashtag\/RBCOlympians?src=hash&amp;ref_src=twsrc%5Etfw\">#RBCOlympians<\/a> <a href=\"http:\/\/t.co\/6OwClK6sGC\">pic.twitter.com\/6OwClK6sGC<\/a><\/p>&mdash; MEDIAinTORONTO (@MEDIAinTORONTO) <a href=\"https:\/\/twitter.com\/MEDIAinTORONTO\/status\/387949527212515328?ref_src=twsrc%5Etfw\">October 9, 2013<\/a><\/blockquote>\n<blockquote class=\"twitter-tweet\" data-width=\"550\" data-lang=\"en\" data-dnt=\"true\" data-partner=\"jetpack\"><p lang=\"fr\" dir=\"ltr\">Les olympiens \u00e0 la grande conf\u00e9rence <a href=\"https:\/\/twitter.com\/RBC?ref_src=twsrc%5Etfw\">@RBC<\/a> de ce matin <a href=\"https:\/\/twitter.com\/hashtag\/RBCOlympians?src=hash&amp;ref_src=twsrc%5Etfw\">#RBCOlympians<\/a> <a href=\"http:\/\/t.co\/dR2qkX2Hre\">pic.twitter.com\/dR2qkX2Hre<\/a><\/p>&mdash; Team Canada (@TeamCanada) <a href=\"https:\/\/twitter.com\/TeamCanada\/status\/387945006394126336?ref_src=twsrc%5Etfw\">October 9, 2013<\/a><\/blockquote>\n<blockquote class=\"twitter-tweet\" data-width=\"550\" data-lang=\"en\" data-dnt=\"true\" data-partner=\"jetpack\"><p lang=\"en\" dir=\"ltr\">&quot;The <a href=\"https:\/\/twitter.com\/hashtag\/RBCOlympians?src=hash&amp;ref_src=twsrc%5Etfw\">#RBCOlympians<\/a> Program provides athletes w\/ the tools to succeed both on &amp; off the playing field&quot; <a href=\"https:\/\/twitter.com\/JenBotterill?ref_src=twsrc%5Etfw\">@JenBotterill<\/a> <a href=\"http:\/\/t.co\/mtl74n8FkX\">pic.twitter.com\/mtl74n8FkX<\/a><\/p>&mdash; RBC (@RBC) <a href=\"https:\/\/twitter.com\/RBC\/status\/387942789574848512?ref_src=twsrc%5Etfw\">October 9, 2013<\/a><\/blockquote>\n<p><strong>Les olympiens RBC<br \/>\n<\/strong><\/p>\n<blockquote class=\"twitter-tweet\" data-width=\"550\" data-lang=\"en\" data-dnt=\"true\" data-partner=\"jetpack\"><p lang=\"en\" dir=\"ltr\">Introducing the  <a href=\"https:\/\/twitter.com\/cdnolympicteam?ref_src=twsrc%5Etfw\">@CDNOlympicTeam<\/a> <a href=\"https:\/\/twitter.com\/hashtag\/RBCOlympians?src=hash&amp;ref_src=twsrc%5Etfw\">#RBCOlympians<\/a>! You&#39;ll be seeing a lot of them <a href=\"https:\/\/twitter.com\/hashtag\/Canada?src=hash&amp;ref_src=twsrc%5Etfw\">#Canada<\/a>. <a href=\"http:\/\/t.co\/A0HjIDnt6u\">pic.twitter.com\/A0HjIDnt6u<\/a><\/p>&mdash; RBC (@RBC) <a href=\"https:\/\/twitter.com\/RBC\/status\/387951358252687363?ref_src=twsrc%5Etfw\">October 9, 2013<\/a><\/blockquote>\n<blockquote class=\"twitter-tweet\" data-width=\"550\" data-lang=\"en\" data-dnt=\"true\" data-partner=\"jetpack\"><p lang=\"en\" dir=\"ltr\">Officially part of the  <a href=\"https:\/\/twitter.com\/hashtag\/rbcolympians?src=hash&amp;ref_src=twsrc%5Etfw\">#rbcolympians<\/a> team. Looking forward to inspiring future athletes <a href=\"https:\/\/twitter.com\/RBC?ref_src=twsrc%5Etfw\">@rbc<\/a> <a href=\"https:\/\/twitter.com\/will13dean?ref_src=twsrc%5Etfw\">@will13dean<\/a> <a href=\"http:\/\/t.co\/RxGQPcOpiC\">pic.twitter.com\/RxGQPcOpiC<\/a><\/p>&mdash; Derek O&#39;Farrell (@dofarr) <a href=\"https:\/\/twitter.com\/dofarr\/status\/387953507854475264?ref_src=twsrc%5Etfw\">October 9, 2013<\/a><\/blockquote>\n<p><strong>Au tour des m\u00e9dias<br \/>\n<\/strong><\/p>\n<blockquote class=\"twitter-tweet\" data-width=\"550\" data-lang=\"en\" data-dnt=\"true\" data-partner=\"jetpack\"><p lang=\"fr\" dir=\"ltr\">La triple championne olympique <a href=\"https:\/\/twitter.com\/JenBotterill?ref_src=twsrc%5Etfw\">@JenBotterill<\/a> est aussi sur place. <a href=\"https:\/\/twitter.com\/hashtag\/RBCOlympians?src=hash&amp;ref_src=twsrc%5Etfw\">#RBCOlympians<\/a> <a href=\"https:\/\/twitter.com\/hashtag\/hockey?src=hash&amp;ref_src=twsrc%5Etfw\">#hockey<\/a> <a href=\"http:\/\/t.co\/O42cyQa2Xv\">pic.twitter.com\/O42cyQa2Xv<\/a><\/p>&mdash; Team Canada (@TeamCanada) <a href=\"https:\/\/twitter.com\/TeamCanada\/status\/387958988718895104?ref_src=twsrc%5Etfw\">October 9, 2013<\/a><\/blockquote>\n<blockquote class=\"twitter-tweet\" data-width=\"550\" data-lang=\"en\" data-dnt=\"true\" data-partner=\"jetpack\"><p lang=\"en\" dir=\"ltr\">Tessa Virtue &amp; Scott Moir chat with our <a href=\"https:\/\/twitter.com\/hashtag\/CBCOlympics?src=hash&amp;ref_src=twsrc%5Etfw\">#CBCOlympics<\/a> team at the <a href=\"https:\/\/twitter.com\/hashtag\/RBCOlympians?src=hash&amp;ref_src=twsrc%5Etfw\">#RBCOlympians<\/a> event. (via <a href=\"https:\/\/twitter.com\/KatePettersen_?ref_src=twsrc%5Etfw\">@KatePettersen_<\/a>) <a href=\"http:\/\/t.co\/psbAwFYXpg\">pic.twitter.com\/psbAwFYXpg<\/a><\/p>&mdash; CBC Olympics (@CBCOlympics) <a href=\"https:\/\/twitter.com\/CBCOlympics\/status\/387966157514219521?ref_src=twsrc%5Etfw\">October 9, 2013<\/a><\/blockquote>\n<blockquote class=\"twitter-tweet\" data-width=\"550\" data-lang=\"en\" data-dnt=\"true\" data-partner=\"jetpack\"><p lang=\"fr\" dir=\"ltr\">.<a href=\"https:\/\/twitter.com\/CaroCalve?ref_src=twsrc%5Etfw\">@CaroCalve<\/a> s&#39;adresse aux m\u00e9dias <a href=\"https:\/\/twitter.com\/hashtag\/RBCOlympians?src=hash&amp;ref_src=twsrc%5Etfw\">#RBCOlympians<\/a> <a href=\"http:\/\/t.co\/wmWbROeOV9\">pic.twitter.com\/wmWbROeOV9<\/a><\/p>&mdash; Team Canada (@TeamCanada) <a href=\"https:\/\/twitter.com\/TeamCanada\/status\/387957764237950976?ref_src=twsrc%5Etfw\">October 9, 2013<\/a><\/blockquote>\n<p><strong>Le temps de s&rsquo;amuser un peu<br \/>\n<\/strong><\/p>\n<blockquote class=\"twitter-tweet\" data-width=\"550\" data-lang=\"en\" data-dnt=\"true\" data-partner=\"jetpack\"><p lang=\"en\" dir=\"ltr\"><a href=\"https:\/\/twitter.com\/hashtag\/RBCOlympians?src=hash&amp;ref_src=twsrc%5Etfw\">#RBCOlympians<\/a> climb the RCAF flyer - a symbol of 1948 hockey gold. <a href=\"https:\/\/t.co\/xmJwmsmYHw\">https:\/\/t.co\/xmJwmsmYHw<\/a><\/p>&mdash; Team Canada (@TeamCanada) <a href=\"https:\/\/twitter.com\/TeamCanada\/status\/387956282487209984?ref_src=twsrc%5Etfw\">October 9, 2013<\/a><\/blockquote>\n<blockquote class=\"twitter-tweet\" data-width=\"550\" data-lang=\"en\" data-dnt=\"true\" data-partner=\"jetpack\"><p lang=\"en\" dir=\"ltr\">Perfectly synchronized as always, Tessa &amp; Scott check out the RCAF flyer. <a href=\"https:\/\/twitter.com\/hashtag\/RBCOlympians?src=hash&amp;ref_src=twsrc%5Etfw\">#RBCOlympians<\/a> <a href=\"https:\/\/t.co\/2VUfkEg289\">https:\/\/t.co\/2VUfkEg289<\/a><\/p>&mdash; Team Canada (@TeamCanada) <a href=\"https:\/\/twitter.com\/TeamCanada\/status\/387967269156188160?ref_src=twsrc%5Etfw\">October 9, 2013<\/a><\/blockquote>\n<blockquote class=\"twitter-tweet\" data-width=\"550\" data-lang=\"en\" data-dnt=\"true\" data-partner=\"jetpack\"><p lang=\"en\" dir=\"ltr\">Signing the <a href=\"https:\/\/twitter.com\/hashtag\/rcaf?src=hash&amp;ref_src=twsrc%5Etfw\">#rcaf<\/a> plane after <a href=\"https:\/\/twitter.com\/hashtag\/RBCOlympians?src=hash&amp;ref_src=twsrc%5Etfw\">#RBCOlympians<\/a> announcement <a href=\"https:\/\/twitter.com\/hashtag\/perks?src=hash&amp;ref_src=twsrc%5Etfw\">#perks<\/a> <a href=\"https:\/\/twitter.com\/hashtag\/nbd?src=hash&amp;ref_src=twsrc%5Etfw\">#nbd<\/a> <a href=\"http:\/\/t.co\/mGRrOh0nT4\">pic.twitter.com\/mGRrOh0nT4<\/a><\/p>&mdash; Darcy Marquardt (@Darcyrows) <a href=\"https:\/\/twitter.com\/Darcyrows\/status\/387953783143018496?ref_src=twsrc%5Etfw\">October 9, 2013<\/a><\/blockquote>\n<blockquote class=\"twitter-tweet\" data-width=\"550\" data-lang=\"en\" data-dnt=\"true\" data-partner=\"jetpack\"><p lang=\"en\" dir=\"ltr\">The <a href=\"https:\/\/twitter.com\/hashtag\/RBCOlympians?src=hash&amp;ref_src=twsrc%5Etfw\">#RBCOlympians<\/a> sign that Harvard MK4 at Porter Airport. <a href=\"http:\/\/t.co\/mZQLeLWsBE\">pic.twitter.com\/mZQLeLWsBE<\/a><\/p>&mdash; Jason Burnett (@JasonBurnett_) <a href=\"https:\/\/twitter.com\/JasonBurnett_\/status\/387957748895580160?ref_src=twsrc%5Etfw\">October 9, 2013<\/a><\/blockquote>\n<p><strong>Voici la liste compl\u00e8te des olympiens RBC 2013\/2014:<\/strong><\/p>\n<p><strong>Colombie-Britannique<\/strong><strong> <\/strong><\/p>\n<ul>\n<li>Will Dean, Rowing<\/li>\n<li>Scott Frandsen, Rowing<\/li>\n<li>Rosalind Groenewoud, Freestyle Skiing \u2013 Halfpipe<\/li>\n<li>Trevor Hirschfield, Wheelchair Rugby<\/li>\n<li>Darcy Marquardt, Rowing<\/li>\n<li>Christian Redmann, Beach Volleyball<\/li>\n<li>Doug Vandor, Rowing<\/li>\n<\/ul>\n<p><strong>Alberta<\/strong><\/p>\n<ul>\n<li>Viviane Forest, Paralympic Alpine Skiing<\/li>\n<li>Joshua Riker Fox, Modern Pentathlon<\/li>\n<li>Kristina Groves, Long Track Speed Skating<\/li>\n<li>Marc Kennedy, Curling<\/li>\n<li>Brady Leman, Freestyle Skiing &#8211; Ski Cross<\/li>\n<li>Carla Macleod, Ice Hockey<\/li>\n<li>Bobbi-Jo Slusar, Ice Hockey<\/li>\n<\/ul>\n<p><strong>\u00a0<\/strong><strong>Manitoba\/Saskatchewan<\/strong><\/p>\n<ul>\n<li>Miranda Biletski, Wheelchair Rugby<\/li>\n<li>Jillian Gallays, Wrestling<\/li>\n<li>Brad Jacobs, Curling<\/li>\n<li>Colin Mathieson, Wheelchair Racing<\/li>\n<li>Jill Officer, Curling<\/li>\n<li>Robbi Weldon, Paralympic Cycling<\/li>\n<\/ul>\n<p><strong>Ontario<\/strong><\/p>\n<ul>\n<li>Jennifer Botterill, Ice Hockey<\/li>\n<li>Ashley-Lynn Brzozowicz, Rowing<\/li>\n<li>Jason Burnett, Trampoline<\/li>\n<li>Patrick Chan, Figure Skating<\/li>\n<li>Becky Kellar Duke, Ice Hockey<\/li>\n<li>Heather Hamilton, Athletics \u2013 Pole Vault<\/li>\n<li>Jayna Hefford, Ice Hockey<\/li>\n<li>Martha McCabe, Swimming<\/li>\n<li>Derek O\u2019Farrell, Rowing<\/li>\n<li>Mark Oldershaw, Canoe &#8211; Sprint<\/li>\n<li>Brian Price, Rowing<\/li>\n<li>Kevin Rempel, Sledge Hockey<\/li>\n<li>Cody Sorensen, Bobsleigh<\/li>\n<li>Scott Moir and Tessa Virtue, Figure Skating<\/li>\n<li>Greg Westlake, Sledge Hockey<\/li>\n<\/ul>\n<p><strong>Qu\u00e9bec<\/strong><\/p>\n<ul>\n<li>Caroline Calv\u00e9, Snowboard &#8211; Alpine<\/li>\n<li>Fran\u00e7ois Coulombe Fortier, Taekwondo<\/li>\n<li>Hugues Fournel, Kayak<\/li>\n<li>Beno\u00eet Huot, Paralympic Swimming<\/li>\n<li>Mika\u00ebl Kingsbury, Freestyle Skiing \u2013 Moguls<\/li>\n<li>Marie-Claude Molnar, Paralympic Cycling<\/li>\n<li>Caroline Ouellette, Ice Hockey<\/li>\n<li>Beno\u00eet St-Amand, Sledge Hockey<\/li>\n<\/ul>\n<p><strong>Canada Atlantique<\/strong><\/p>\n<ul>\n<li>Adam Lancia, Nova Scotia, Wheelchair Basketball<\/li>\n<li>Una Lounder, Nova Scotia, Kayak <strong><\/strong><\/li>\n<li>Ben Russell, Nova Scotia, Canoe &#8211; Sprint<\/li>\n<\/ul>\n","protected":false},"excerpt":{"rendered":"<p>Le 9 octobre dernier, plusieurs olympiens et membres des m\u00e9dias se sont rassembl\u00e9s au hangar 6 de l\u2019a\u00e9roport Billy Bishop&#8230;<\/p>\n","protected":false},"author":55751844,"featured_media":86416,"comment_status":"open","ping_status":"open","sticky":false,"template":"","format":"standard","meta":{"_acf_changed":false,"_crdt_document":"","_jetpack_memberships_contains_paid_content":false,"footnotes":""},"categories":[1],"tags":[],"post_format":"standard","sport":[],"game":[],"coauthors":[195144321],"class_list":["post-86408","post","type-post","status-publish","format-standard","has-post-thumbnail","hentry","category-uncategorized"],"acf":[],"yoast_head":"<!-- This site is optimized with the Yoast SEO plugin v27.5 - https:\/\/yoast.com\/product\/yoast-seo-wordpress\/ -->\n<title>Les olympiens RBC prennent leur envol - \u00c9quipe Canada | Site officiel de l&#039;\u00e9quipe olympique<\/title>\n<meta name=\"robots\" content=\"index, follow, max-snippet:-1, max-image-preview:large, max-video-preview:-1\" \/>\n<link rel=\"canonical\" href=\"https:\/\/develop.olympic.ca\/olympique\/2013\/10\/09\/presentation-des-olympiens-rbc\/\" \/>\n<meta property=\"og:locale\" content=\"fr_FR\" \/>\n<meta property=\"og:type\" content=\"article\" \/>\n<meta property=\"og:title\" content=\"Les olympiens RBC prennent leur envol - \u00c9quipe Canada | Site officiel de l&#039;\u00e9quipe olympique\" \/>\n<meta property=\"og:description\" content=\"Le 9 octobre dernier, plusieurs olympiens et membres des m\u00e9dias se sont rassembl\u00e9s au hangar 6 de l\u2019a\u00e9roport Billy Bishop...\" \/>\n<meta property=\"og:url\" content=\"https:\/\/develop.olympic.ca\/olympique\/2013\/10\/09\/presentation-des-olympiens-rbc\/\" \/>\n<meta property=\"og:site_name\" content=\"\u00c9quipe Canada | Site officiel de l&#039;\u00e9quipe olympique\" \/>\n<meta property=\"article:published_time\" content=\"2013-10-09T19:52:33+00:00\" \/>\n<meta property=\"article:modified_time\" content=\"2013-10-12T15:16:32+00:00\" \/>\n<meta property=\"og:image\" content=\"https:\/\/develop.olympic.ca\/olympique\/wp-content\/uploads\/sites\/2\/2013\/10\/chan.jpg?quality=100\" \/>\n\t<meta property=\"og:image:width\" content=\"1340\" \/>\n\t<meta property=\"og:image:height\" content=\"918\" \/>\n\t<meta property=\"og:image:type\" content=\"image\/jpeg\" \/>\n<meta name=\"author\" content=\"Steve Boudreau\" \/>\n<meta name=\"twitter:card\" content=\"summary_large_image\" \/>\n<meta name=\"twitter:label1\" content=\"Written by\" \/>\n\t<meta name=\"twitter:data1\" content=\"Steve Boudreau\" \/>\n\t<meta name=\"twitter:label2\" content=\"Est. reading time\" \/>\n\t<meta name=\"twitter:data2\" content=\"2 minutes\" \/>\n<script type=\"application\/ld+json\" class=\"yoast-schema-graph\">{\"@context\":\"https:\\\/\\\/schema.org\",\"@graph\":[{\"@type\":\"Article\",\"@id\":\"https:\\\/\\\/develop.olympic.ca\\\/olympique\\\/2013\\\/10\\\/09\\\/presentation-des-olympiens-rbc\\\/#article\",\"isPartOf\":{\"@id\":\"https:\\\/\\\/develop.olympic.ca\\\/olympique\\\/2013\\\/10\\\/09\\\/presentation-des-olympiens-rbc\\\/\"},\"author\":{\"name\":\"Steve Boudreau\",\"@id\":\"https:\\\/\\\/develop.olympic.ca\\\/olympique\\\/#\\\/schema\\\/person\\\/fe9c9377a625e32685068f640ff9e166\"},\"headline\":\"Les olympiens RBC prennent leur envol\",\"datePublished\":\"2013-10-09T19:52:33+00:00\",\"dateModified\":\"2013-10-12T15:16:32+00:00\",\"mainEntityOfPage\":{\"@id\":\"https:\\\/\\\/develop.olympic.ca\\\/olympique\\\/2013\\\/10\\\/09\\\/presentation-des-olympiens-rbc\\\/\"},\"wordCount\":362,\"commentCount\":0,\"image\":{\"@id\":\"https:\\\/\\\/develop.olympic.ca\\\/olympique\\\/2013\\\/10\\\/09\\\/presentation-des-olympiens-rbc\\\/#primaryimage\"},\"thumbnailUrl\":\"https:\\\/\\\/develop.olympic.ca\\\/olympique\\\/wp-content\\\/uploads\\\/sites\\\/2\\\/2013\\\/10\\\/chan.jpg?quality=100\",\"articleSection\":[\"Uncategorized\"],\"inLanguage\":\"fr-FR\",\"potentialAction\":[{\"@type\":\"CommentAction\",\"name\":\"Comment\",\"target\":[\"https:\\\/\\\/develop.olympic.ca\\\/olympique\\\/2013\\\/10\\\/09\\\/presentation-des-olympiens-rbc\\\/#respond\"]}]},{\"@type\":\"WebPage\",\"@id\":\"https:\\\/\\\/develop.olympic.ca\\\/olympique\\\/2013\\\/10\\\/09\\\/presentation-des-olympiens-rbc\\\/\",\"url\":\"https:\\\/\\\/develop.olympic.ca\\\/olympique\\\/2013\\\/10\\\/09\\\/presentation-des-olympiens-rbc\\\/\",\"name\":\"Les olympiens RBC prennent leur envol - \u00c9quipe Canada | Site officiel de l&#039;\u00e9quipe olympique\",\"isPartOf\":{\"@id\":\"https:\\\/\\\/develop.olympic.ca\\\/olympique\\\/#website\"},\"primaryImageOfPage\":{\"@id\":\"https:\\\/\\\/develop.olympic.ca\\\/olympique\\\/2013\\\/10\\\/09\\\/presentation-des-olympiens-rbc\\\/#primaryimage\"},\"image\":{\"@id\":\"https:\\\/\\\/develop.olympic.ca\\\/olympique\\\/2013\\\/10\\\/09\\\/presentation-des-olympiens-rbc\\\/#primaryimage\"},\"thumbnailUrl\":\"https:\\\/\\\/develop.olympic.ca\\\/olympique\\\/wp-content\\\/uploads\\\/sites\\\/2\\\/2013\\\/10\\\/chan.jpg?quality=100\",\"datePublished\":\"2013-10-09T19:52:33+00:00\",\"dateModified\":\"2013-10-12T15:16:32+00:00\",\"author\":{\"@id\":\"https:\\\/\\\/develop.olympic.ca\\\/olympique\\\/#\\\/schema\\\/person\\\/fe9c9377a625e32685068f640ff9e166\"},\"inLanguage\":\"fr-FR\",\"potentialAction\":[{\"@type\":\"ReadAction\",\"target\":[\"https:\\\/\\\/develop.olympic.ca\\\/olympique\\\/2013\\\/10\\\/09\\\/presentation-des-olympiens-rbc\\\/\"]}]},{\"@type\":\"ImageObject\",\"inLanguage\":\"fr-FR\",\"@id\":\"https:\\\/\\\/develop.olympic.ca\\\/olympique\\\/2013\\\/10\\\/09\\\/presentation-des-olympiens-rbc\\\/#primaryimage\",\"url\":\"https:\\\/\\\/develop.olympic.ca\\\/olympique\\\/wp-content\\\/uploads\\\/sites\\\/2\\\/2013\\\/10\\\/chan.jpg?quality=100\",\"contentUrl\":\"https:\\\/\\\/develop.olympic.ca\\\/olympique\\\/wp-content\\\/uploads\\\/sites\\\/2\\\/2013\\\/10\\\/chan.jpg?quality=100\",\"width\":1340,\"height\":918},{\"@type\":\"WebSite\",\"@id\":\"https:\\\/\\\/develop.olympic.ca\\\/olympique\\\/#website\",\"url\":\"https:\\\/\\\/develop.olympic.ca\\\/olympique\\\/\",\"name\":\"\u00c9quipe Canada | Site officiel de l&#039;\u00e9quipe olympique\",\"description\":\"Votre source pour l\u2019\u00c9quipe olympique canadienne. Retrouvez les r\u00e9cits, vid\u00e9os et photos des athl\u00e8tes canadiens, sports olympiques, Jeux olympiques de 2020 et bien plus!\",\"potentialAction\":[{\"@type\":\"SearchAction\",\"target\":{\"@type\":\"EntryPoint\",\"urlTemplate\":\"https:\\\/\\\/develop.olympic.ca\\\/olympique\\\/?s={search_term_string}\"},\"query-input\":{\"@type\":\"PropertyValueSpecification\",\"valueRequired\":true,\"valueName\":\"search_term_string\"}}],\"inLanguage\":\"fr-FR\"},{\"@type\":\"Person\",\"@id\":\"https:\\\/\\\/develop.olympic.ca\\\/olympique\\\/#\\\/schema\\\/person\\\/fe9c9377a625e32685068f640ff9e166\",\"name\":\"Steve Boudreau\",\"image\":{\"@type\":\"ImageObject\",\"inLanguage\":\"fr-FR\",\"@id\":\"https:\\\/\\\/secure.gravatar.com\\\/avatar\\\/336c6be93b523130336d384227371a495c6bb9057a12c48ad1770e1a6a57006b?s=96&d=identicon&r=geab05ffb592a23c798f7bf61ed1f5f18\",\"url\":\"https:\\\/\\\/secure.gravatar.com\\\/avatar\\\/336c6be93b523130336d384227371a495c6bb9057a12c48ad1770e1a6a57006b?s=96&d=identicon&r=g\",\"contentUrl\":\"https:\\\/\\\/secure.gravatar.com\\\/avatar\\\/336c6be93b523130336d384227371a495c6bb9057a12c48ad1770e1a6a57006b?s=96&d=identicon&r=g\",\"caption\":\"Steve Boudreau\"},\"description\":\"R\u00e9dacteur, m\u00e9dias sociaux - @Sboudreau\",\"sameAs\":[\"http:\\\/\\\/sboudreau49.wordpress.com\"],\"url\":\"https:\\\/\\\/develop.olympic.ca\\\/olympique\\\/author\\\/sboudreau2013\\\/\"}]}<\/script>\n<!-- \/ Yoast SEO plugin. -->","yoast_head_json":{"title":"Les olympiens RBC prennent leur envol - \u00c9quipe Canada | Site officiel de l&#039;\u00e9quipe olympique","robots":{"index":"index","follow":"follow","max-snippet":"max-snippet:-1","max-image-preview":"max-image-preview:large","max-video-preview":"max-video-preview:-1"},"canonical":"https:\/\/develop.olympic.ca\/olympique\/2013\/10\/09\/presentation-des-olympiens-rbc\/","og_locale":"fr_FR","og_type":"article","og_title":"Les olympiens RBC prennent leur envol - \u00c9quipe Canada | Site officiel de l&#039;\u00e9quipe olympique","og_description":"Le 9 octobre dernier, plusieurs olympiens et membres des m\u00e9dias se sont rassembl\u00e9s au hangar 6 de l\u2019a\u00e9roport Billy Bishop...","og_url":"https:\/\/develop.olympic.ca\/olympique\/2013\/10\/09\/presentation-des-olympiens-rbc\/","og_site_name":"\u00c9quipe Canada | Site officiel de l&#039;\u00e9quipe olympique","article_published_time":"2013-10-09T19:52:33+00:00","article_modified_time":"2013-10-12T15:16:32+00:00","og_image":[{"width":1340,"height":918,"url":"https:\/\/develop.olympic.ca\/olympique\/wp-content\/uploads\/sites\/2\/2013\/10\/chan.jpg?quality=100","type":"image\/jpeg"}],"author":"Steve Boudreau","twitter_card":"summary_large_image","twitter_misc":{"Written by":"Steve Boudreau","Est. reading time":"2 minutes"},"schema":{"@context":"https:\/\/schema.org","@graph":[{"@type":"Article","@id":"https:\/\/develop.olympic.ca\/olympique\/2013\/10\/09\/presentation-des-olympiens-rbc\/#article","isPartOf":{"@id":"https:\/\/develop.olympic.ca\/olympique\/2013\/10\/09\/presentation-des-olympiens-rbc\/"},"author":{"name":"Steve Boudreau","@id":"https:\/\/develop.olympic.ca\/olympique\/#\/schema\/person\/fe9c9377a625e32685068f640ff9e166"},"headline":"Les olympiens RBC prennent leur envol","datePublished":"2013-10-09T19:52:33+00:00","dateModified":"2013-10-12T15:16:32+00:00","mainEntityOfPage":{"@id":"https:\/\/develop.olympic.ca\/olympique\/2013\/10\/09\/presentation-des-olympiens-rbc\/"},"wordCount":362,"commentCount":0,"image":{"@id":"https:\/\/develop.olympic.ca\/olympique\/2013\/10\/09\/presentation-des-olympiens-rbc\/#primaryimage"},"thumbnailUrl":"https:\/\/develop.olympic.ca\/olympique\/wp-content\/uploads\/sites\/2\/2013\/10\/chan.jpg?quality=100","articleSection":["Uncategorized"],"inLanguage":"fr-FR","potentialAction":[{"@type":"CommentAction","name":"Comment","target":["https:\/\/develop.olympic.ca\/olympique\/2013\/10\/09\/presentation-des-olympiens-rbc\/#respond"]}]},{"@type":"WebPage","@id":"https:\/\/develop.olympic.ca\/olympique\/2013\/10\/09\/presentation-des-olympiens-rbc\/","url":"https:\/\/develop.olympic.ca\/olympique\/2013\/10\/09\/presentation-des-olympiens-rbc\/","name":"Les olympiens RBC prennent leur envol - \u00c9quipe Canada | Site officiel de l&#039;\u00e9quipe olympique","isPartOf":{"@id":"https:\/\/develop.olympic.ca\/olympique\/#website"},"primaryImageOfPage":{"@id":"https:\/\/develop.olympic.ca\/olympique\/2013\/10\/09\/presentation-des-olympiens-rbc\/#primaryimage"},"image":{"@id":"https:\/\/develop.olympic.ca\/olympique\/2013\/10\/09\/presentation-des-olympiens-rbc\/#primaryimage"},"thumbnailUrl":"https:\/\/develop.olympic.ca\/olympique\/wp-content\/uploads\/sites\/2\/2013\/10\/chan.jpg?quality=100","datePublished":"2013-10-09T19:52:33+00:00","dateModified":"2013-10-12T15:16:32+00:00","author":{"@id":"https:\/\/develop.olympic.ca\/olympique\/#\/schema\/person\/fe9c9377a625e32685068f640ff9e166"},"inLanguage":"fr-FR","potentialAction":[{"@type":"ReadAction","target":["https:\/\/develop.olympic.ca\/olympique\/2013\/10\/09\/presentation-des-olympiens-rbc\/"]}]},{"@type":"ImageObject","inLanguage":"fr-FR","@id":"https:\/\/develop.olympic.ca\/olympique\/2013\/10\/09\/presentation-des-olympiens-rbc\/#primaryimage","url":"https:\/\/develop.olympic.ca\/olympique\/wp-content\/uploads\/sites\/2\/2013\/10\/chan.jpg?quality=100","contentUrl":"https:\/\/develop.olympic.ca\/olympique\/wp-content\/uploads\/sites\/2\/2013\/10\/chan.jpg?quality=100","width":1340,"height":918},{"@type":"WebSite","@id":"https:\/\/develop.olympic.ca\/olympique\/#website","url":"https:\/\/develop.olympic.ca\/olympique\/","name":"\u00c9quipe Canada | Site officiel de l&#039;\u00e9quipe olympique","description":"Votre source pour l\u2019\u00c9quipe olympique canadienne. Retrouvez les r\u00e9cits, vid\u00e9os et photos des athl\u00e8tes canadiens, sports olympiques, Jeux olympiques de 2020 et bien plus!","potentialAction":[{"@type":"SearchAction","target":{"@type":"EntryPoint","urlTemplate":"https:\/\/develop.olympic.ca\/olympique\/?s={search_term_string}"},"query-input":{"@type":"PropertyValueSpecification","valueRequired":true,"valueName":"search_term_string"}}],"inLanguage":"fr-FR"},{"@type":"Person","@id":"https:\/\/develop.olympic.ca\/olympique\/#\/schema\/person\/fe9c9377a625e32685068f640ff9e166","name":"Steve Boudreau","image":{"@type":"ImageObject","inLanguage":"fr-FR","@id":"https:\/\/secure.gravatar.com\/avatar\/336c6be93b523130336d384227371a495c6bb9057a12c48ad1770e1a6a57006b?s=96&d=identicon&r=geab05ffb592a23c798f7bf61ed1f5f18","url":"https:\/\/secure.gravatar.com\/avatar\/336c6be93b523130336d384227371a495c6bb9057a12c48ad1770e1a6a57006b?s=96&d=identicon&r=g","contentUrl":"https:\/\/secure.gravatar.com\/avatar\/336c6be93b523130336d384227371a495c6bb9057a12c48ad1770e1a6a57006b?s=96&d=identicon&r=g","caption":"Steve Boudreau"},"description":"R\u00e9dacteur, m\u00e9dias sociaux - @Sboudreau","sameAs":["http:\/\/sboudreau49.wordpress.com"],"url":"https:\/\/develop.olympic.ca\/olympique\/author\/sboudreau2013\/"}]}},"jetpack_featured_media_url":"https:\/\/develop.olympic.ca\/olympique\/wp-content\/uploads\/sites\/2\/2013\/10\/chan.jpg?quality=100","featured_image_url":"https:\/\/develop.olympic.ca\/olympique\/wp-content\/uploads\/sites\/2\/2013\/10\/chan.jpg?quality=100","author_name":["Steve Boudreau"],"category_names":["Uncategorized"],"tag_names":[],"video_embed_code":"","facebook_video_embed_code":"","jetpack_sharing_enabled":true,"jetpack-related-posts":[],"jetpack_shortlink":"https:\/\/wp.me\/pbmyEP-mtG","_links":{"self":[{"href":"https:\/\/develop.olympic.ca\/olympique\/wp-json\/wp\/v2\/posts\/86408","targetHints":{"allow":["GET"]}}],"collection":[{"href":"https:\/\/develop.olympic.ca\/olympique\/wp-json\/wp\/v2\/posts"}],"about":[{"href":"https:\/\/develop.olympic.ca\/olympique\/wp-json\/wp\/v2\/types\/post"}],"author":[{"embeddable":true,"href":"https:\/\/develop.olympic.ca\/olympique\/wp-json\/wp\/v2\/users\/55751844"}],"replies":[{"embeddable":true,"href":"https:\/\/develop.olympic.ca\/olympique\/wp-json\/wp\/v2\/comments?post=86408"}],"version-history":[{"count":11,"href":"https:\/\/develop.olympic.ca\/olympique\/wp-json\/wp\/v2\/posts\/86408\/revisions"}],"predecessor-version":[{"id":86427,"href":"https:\/\/develop.olympic.ca\/olympique\/wp-json\/wp\/v2\/posts\/86408\/revisions\/86427"}],"wp:featuredmedia":[{"embeddable":true,"href":"https:\/\/develop.olympic.ca\/olympique\/wp-json\/wp\/v2\/media\/86416"}],"wp:attachment":[{"href":"https:\/\/develop.olympic.ca\/olympique\/wp-json\/wp\/v2\/media?parent=86408"}],"wp:term":[{"taxonomy":"category","embeddable":true,"href":"https:\/\/develop.olympic.ca\/olympique\/wp-json\/wp\/v2\/categories?post=86408"},{"taxonomy":"post_tag","embeddable":true,"href":"https:\/\/develop.olympic.ca\/olympique\/wp-json\/wp\/v2\/tags?post=86408"},{"taxonomy":"post_format","embeddable":true,"href":"https:\/\/develop.olympic.ca\/olympique\/wp-json\/wp\/v2\/post_format?post=86408"},{"taxonomy":"sport","embeddable":true,"href":"https:\/\/develop.olympic.ca\/olympique\/wp-json\/wp\/v2\/sport?post=86408"},{"taxonomy":"game","embeddable":true,"href":"https:\/\/develop.olympic.ca\/olympique\/wp-json\/wp\/v2\/game?post=86408"},{"taxonomy":"author","embeddable":true,"href":"https:\/\/develop.olympic.ca\/olympique\/wp-json\/wp\/v2\/coauthors?post=86408"}],"curies":[{"name":"wp","href":"https:\/\/api.w.org\/{rel}","templated":true}]}}