{"id":89130,"date":"2013-12-27T20:12:07","date_gmt":"2013-12-28T01:12:07","guid":{"rendered":"http:\/\/develop.olympic.ca\/olympique\/?p=89130"},"modified":"2013-12-29T12:37:50","modified_gmt":"2013-12-29T17:37:50","slug":"milos-raonic-et-eugenie-bouchard-couronnes-athletes-de-lannee","status":"publish","type":"post","link":"https:\/\/develop.olympic.ca\/olympique\/2013\/12\/27\/milos-raonic-et-eugenie-bouchard-couronnes-athletes-de-lannee\/","title":{"rendered":"Milos Raonic et Eugenie Bouchard couronn\u00e9s athl\u00e8tes de l\u2019ann\u00e9e"},"content":{"rendered":"<h1>2013 \u00e9tait l\u2019ann\u00e9e des passionn\u00e9s de tennis canadiens et c\u2019est parce que les meilleurs joueurs de tennis du Canada sont pass\u00e9s de recrues frappant aux portes de l\u2019\u00e9lite \u00e0 aspirants finalistes.<\/h1>\n<p>Cette semaine, l\u2019olympien des Jeux de 2012 <a href=\"http:\/\/develop.olympic.ca\/olympique\/team-canada\/milos-raonic\/\">Milos Raonic<\/a> et l\u2019espoir des Jeux de 2016 <a href=\"https:\/\/twitter.com\/geniebouchard\">Eugenie Bouchard<\/a> ont \u00e9t\u00e9 d\u00e9cor\u00e9s du titre d\u2019athl\u00e8tes masculin et f\u00e9minin de l\u2019ann\u00e9e par La Presse Canadienne.<\/p>\n<p>Milos Raonic s\u2019est servi de son puissant service pour grimper jusqu\u2019au dixi\u00e8me rang du classement mondial en simple. Le premier Canadien \u00e0 acc\u00e9der au top 10 se trouve maintenant au 11<sup>e<\/sup> rang.<\/p>\n<p>On se souviendra de son passage en finale de la Coupe Rogers l\u2019\u00e9t\u00e9 dernier et des <a href=\"http:\/\/develop.olympic.ca\/olympique\/2013\/09\/13\/365-jours-pour-devenir-bon-qui-veut-jouer-au-tennis\/\">efforts d\u00e9ploy\u00e9s par le joueur pour permettre \u00e0 son \u00e9quipe <\/a>d\u2019acc\u00e9der aux demi-finales de la Coupe Davis.<\/p>\n<p><img loading=\"lazy\" decoding=\"async\" class=\"size-full wp-image-89131 aligncenter\" alt=\"Milos Raonic\" src=\"http:\/\/develop.olympic.ca\/wp-content\/uploads\/sites\/2\/2013\/12\/milos-raonic-serve.jpg\" width=\"1340\" height=\"965\" srcset=\"https:\/\/develop.olympic.ca\/olympique\/wp-content\/uploads\/sites\/2\/2013\/12\/milos-raonic-serve.jpg 1340w, https:\/\/develop.olympic.ca\/olympique\/wp-content\/uploads\/sites\/2\/2013\/12\/milos-raonic-serve.jpg?resize=219,158 219w, https:\/\/develop.olympic.ca\/olympique\/wp-content\/uploads\/sites\/2\/2013\/12\/milos-raonic-serve.jpg?resize=515,371 515w, https:\/\/develop.olympic.ca\/olympique\/wp-content\/uploads\/sites\/2\/2013\/12\/milos-raonic-serve.jpg?resize=768,553 768w, https:\/\/develop.olympic.ca\/olympique\/wp-content\/uploads\/sites\/2\/2013\/12\/milos-raonic-serve.jpg?resize=1047,754 1047w\" sizes=\"(max-width: 1340px) 100vw, 1340px\" \/><\/p>\n<p>Raonic a conclu la meilleure saison de sa carri\u00e8re en beaut\u00e9 en mettant la main sur le troph\u00e9e <a href=\"http:\/\/www.sportshall.ca\/honoured-members\/27582\/lionel-conacher\/\">Lionel Conacher<\/a> d\u00e9cern\u00e9 \u00e0 la suite d\u2019un vote des repr\u00e9sentants des m\u00e9dias sportifs canadiens. Selon La Presse Canadienne, l\u2019athl\u00e8te de 23 ans a r\u00e9colt\u00e9 45 pour cent des voix et devanc\u00e9 le demi des Stampeders de Calgary Jon Cornish avec 22 pour cent, le golfeur Graham DeLaet avec 13 pour cent et l\u2019athl\u00e8te olympique <a href=\"http:\/\/develop.olympic.ca\/olympique\/team-canada\/patrick-chan\/\">Patrick Chan<\/a> avec huit pour cent des suffrages.<\/p>\n<p>Milos jouit d\u2019une grande popularit\u00e9 au Canada. Les partisans et les m\u00e9dias n\u2019h\u00e9sitent pas \u00e0 l\u2019appeler par son pr\u00e9nom et \u00e0 lui parler avec une certaine familiarit\u00e9. L\u2019athl\u00e8te est particuli\u00e8rement aimable, et on l\u2019encourage de tout c\u0153ur. Il n\u2019est donc pas \u00e9tonnant que le troph\u00e9e lui revienne apr\u00e8s l\u2019ann\u00e9e qu\u2019il a connue.<\/p>\n<p>Quant \u00e0 Eugenie Bouchard, il ne lui aura fallu qu\u2019une saison pour se d\u00e9faire du titre de recrue.<\/p>\n<p>L\u2019athl\u00e8te de 19 ans s\u2019\u00e9tait probablement fix\u00e9 des r\u00e9solutions pour l\u2019ann\u00e9e 2013, et si grimper de 113 rangs au classement de la WTA \u00e9tait l\u2019un d\u2019eux, nous voulons bien manger notre raquette (nous esp\u00e9rons cependant que ce ne soit pas le cas, parce que nous avons encore notre repas du r\u00e9veillon sur l\u2019estomac).<\/p>\n<p><img loading=\"lazy\" decoding=\"async\" class=\"size-full wp-image-89132 aligncenter\" alt=\"Eugenie Bouchard\" src=\"http:\/\/develop.olympic.ca\/wp-content\/uploads\/sites\/2\/2013\/12\/eugenie_bouchard_cover.jpg\" width=\"1360\" height=\"764\" srcset=\"https:\/\/develop.olympic.ca\/olympique\/wp-content\/uploads\/sites\/2\/2013\/12\/eugenie_bouchard_cover.jpg 1378w, https:\/\/develop.olympic.ca\/olympique\/wp-content\/uploads\/sites\/2\/2013\/12\/eugenie_bouchard_cover.jpg?resize=280,158 280w, https:\/\/develop.olympic.ca\/olympique\/wp-content\/uploads\/sites\/2\/2013\/12\/eugenie_bouchard_cover.jpg?resize=660,371 660w, https:\/\/develop.olympic.ca\/olympique\/wp-content\/uploads\/sites\/2\/2013\/12\/eugenie_bouchard_cover.jpg?resize=768,432 768w, https:\/\/develop.olympic.ca\/olympique\/wp-content\/uploads\/sites\/2\/2013\/12\/eugenie_bouchard_cover.jpg?resize=1340,754 1340w\" sizes=\"(max-width: 1360px) 100vw, 1360px\" \/><\/p>\n<p>Eugenie a \u00e9galement pris part \u00e0 sa premi\u00e8re finale de la WTA en simple en octobre lors du tournoi du Japon. Dans la foul\u00e9e, Olympique.ca l\u2019avait couronn\u00e9e <a href=\"http:\/\/develop.olympic.ca\/olympique\/2013\/10\/15\/eugenie-bouchard-en-met-plein-la-vue-comme-vedette-canadienne\/\">athl\u00e8te de la semaine<\/a>. Elle a aussi \u00e9t\u00e9 nomm\u00e9e <a href=\"http:\/\/develop.olympic.ca\/olympique\/2013\/11\/20\/la-canadienne-eugenie-bouchard-nommee-revelation-de-wta\/\">\u00ab\u00a0r\u00e9v\u00e9lation de l\u2019ann\u00e9e\u00a0\u00bb de la WTA<\/a>.<\/p>\n<p>\u00ab\u00a0Genie\u00a0\u00bb a re\u00e7u le troph\u00e9e <a href=\"http:\/\/www.sportshall.ca\/honoured-members\/28322\/bobbie-rosenfeld\/\">Bobbie Rosenfeld<\/a> nomm\u00e9 en l\u2019honneur de la championne olympique. Elle a r\u00e9colt\u00e9 45 pour cent des voix contre 11 pour cent chacune pour l\u2019\u00e9toile du snowboard cross <a href=\"http:\/\/develop.olympic.ca\/olympique\/team-canada\/dominique-maltais\/\">Dominique Maltais <\/a>et la championne de patinage de vitesse <a href=\"http:\/\/develop.olympic.ca\/olympique\/team-canada\/christine-nesbitt\/\">Christine Nesbitt<\/a>.<\/p>\n<p>Si Eugenie r\u00e9ussit un autre bond au classement en 2014, c\u2019est avec grand plaisir que nous mangerons notre raquette, mais nous pr\u00e9f\u00e9rerions de beaucoup une raquette en g\u00e2teau.<\/p>\n","protected":false},"excerpt":{"rendered":"<p>2013 \u00e9tait l\u2019ann\u00e9e des passionn\u00e9s de tennis canadiens et c\u2019est parce que les meilleurs joueurs de tennis du Canada sont&#8230;<\/p>\n","protected":false},"author":54400589,"featured_media":89133,"comment_status":"open","ping_status":"open","sticky":false,"template":"","format":"standard","meta":{"_acf_changed":false,"_crdt_document":"","_jetpack_memberships_contains_paid_content":false,"footnotes":""},"categories":[16085],"tags":[801329,14359971,23905354],"post_format":"standard","sport":[1999],"game":[],"coauthors":[197174239],"class_list":["post-89130","post","type-post","status-publish","format-standard","has-post-thumbnail","hentry","category-nouvelles","tag-canadian-press","tag-eugenie-bouchard","tag-milos-raonic","sport-tennis"],"acf":[],"yoast_head":"<!-- This site is optimized with the Yoast SEO plugin v27.3 - https:\/\/yoast.com\/product\/yoast-seo-wordpress\/ -->\n<title>Milos Raonic et Eugenie Bouchard couronn\u00e9s athl\u00e8tes de l\u2019ann\u00e9e - \u00c9quipe Canada | Site officiel de l&#039;\u00e9quipe olympique<\/title>\n<meta name=\"robots\" content=\"index, follow, max-snippet:-1, max-image-preview:large, max-video-preview:-1\" \/>\n<link rel=\"canonical\" href=\"https:\/\/develop.olympic.ca\/olympique\/2013\/12\/27\/milos-raonic-et-eugenie-bouchard-couronnes-athletes-de-lannee\/\" \/>\n<meta property=\"og:locale\" content=\"fr_FR\" \/>\n<meta property=\"og:type\" content=\"article\" \/>\n<meta property=\"og:title\" content=\"Milos Raonic et Eugenie Bouchard couronn\u00e9s athl\u00e8tes de l\u2019ann\u00e9e - \u00c9quipe Canada | Site officiel de l&#039;\u00e9quipe olympique\" \/>\n<meta property=\"og:description\" content=\"2013 \u00e9tait l\u2019ann\u00e9e des passionn\u00e9s de tennis canadiens et c\u2019est parce que les meilleurs joueurs de tennis du Canada sont...\" \/>\n<meta property=\"og:url\" content=\"https:\/\/develop.olympic.ca\/olympique\/2013\/12\/27\/milos-raonic-et-eugenie-bouchard-couronnes-athletes-de-lannee\/\" \/>\n<meta property=\"og:site_name\" content=\"\u00c9quipe Canada | Site officiel de l&#039;\u00e9quipe olympique\" \/>\n<meta property=\"article:published_time\" content=\"2013-12-28T01:12:07+00:00\" \/>\n<meta property=\"article:modified_time\" content=\"2013-12-29T17:37:50+00:00\" \/>\n<meta property=\"og:image\" content=\"https:\/\/develop.olympic.ca\/olympique\/wp-content\/uploads\/sites\/2\/2013\/12\/tennis_cover_milos_genie.jpeg?quality=100\" \/>\n\t<meta property=\"og:image:width\" content=\"1340\" \/>\n\t<meta property=\"og:image:height\" content=\"754\" \/>\n\t<meta property=\"og:image:type\" content=\"image\/jpeg\" \/>\n<meta name=\"author\" content=\"Callum Ng\" \/>\n<meta name=\"twitter:card\" content=\"summary_large_image\" \/>\n<meta name=\"twitter:label1\" content=\"Written by\" \/>\n\t<meta name=\"twitter:data1\" content=\"Callum Ng\" \/>\n\t<meta name=\"twitter:label2\" content=\"Est. reading time\" \/>\n\t<meta name=\"twitter:data2\" content=\"3 minutes\" \/>\n<script type=\"application\/ld+json\" class=\"yoast-schema-graph\">{\"@context\":\"https:\\\/\\\/schema.org\",\"@graph\":[{\"@type\":\"Article\",\"@id\":\"https:\\\/\\\/develop.olympic.ca\\\/olympique\\\/2013\\\/12\\\/27\\\/milos-raonic-et-eugenie-bouchard-couronnes-athletes-de-lannee\\\/#article\",\"isPartOf\":{\"@id\":\"https:\\\/\\\/develop.olympic.ca\\\/olympique\\\/2013\\\/12\\\/27\\\/milos-raonic-et-eugenie-bouchard-couronnes-athletes-de-lannee\\\/\"},\"author\":{\"name\":\"Callum Ng, Senior Writer \\\/ Producer\",\"@id\":\"https:\\\/\\\/develop.olympic.ca\\\/olympique\\\/#\\\/schema\\\/person\\\/26c1c90d4b8068a48478c67d3333ca3c\"},\"headline\":\"Milos Raonic et Eugenie Bouchard couronn\u00e9s athl\u00e8tes de l\u2019ann\u00e9e\",\"datePublished\":\"2013-12-28T01:12:07+00:00\",\"dateModified\":\"2013-12-29T17:37:50+00:00\",\"mainEntityOfPage\":{\"@id\":\"https:\\\/\\\/develop.olympic.ca\\\/olympique\\\/2013\\\/12\\\/27\\\/milos-raonic-et-eugenie-bouchard-couronnes-athletes-de-lannee\\\/\"},\"wordCount\":521,\"commentCount\":1,\"image\":{\"@id\":\"https:\\\/\\\/develop.olympic.ca\\\/olympique\\\/2013\\\/12\\\/27\\\/milos-raonic-et-eugenie-bouchard-couronnes-athletes-de-lannee\\\/#primaryimage\"},\"thumbnailUrl\":\"https:\\\/\\\/develop.olympic.ca\\\/olympique\\\/wp-content\\\/uploads\\\/sites\\\/2\\\/2013\\\/12\\\/tennis_cover_milos_genie.jpeg?quality=100\",\"keywords\":[\"Canadian Press\",\"Eugenie Bouchard\",\"Milos Raonic\"],\"articleSection\":[\"Nouvelles\"],\"inLanguage\":\"fr-FR\",\"potentialAction\":[{\"@type\":\"CommentAction\",\"name\":\"Comment\",\"target\":[\"https:\\\/\\\/develop.olympic.ca\\\/olympique\\\/2013\\\/12\\\/27\\\/milos-raonic-et-eugenie-bouchard-couronnes-athletes-de-lannee\\\/#respond\"]}]},{\"@type\":\"WebPage\",\"@id\":\"https:\\\/\\\/develop.olympic.ca\\\/olympique\\\/2013\\\/12\\\/27\\\/milos-raonic-et-eugenie-bouchard-couronnes-athletes-de-lannee\\\/\",\"url\":\"https:\\\/\\\/develop.olympic.ca\\\/olympique\\\/2013\\\/12\\\/27\\\/milos-raonic-et-eugenie-bouchard-couronnes-athletes-de-lannee\\\/\",\"name\":\"Milos Raonic et Eugenie Bouchard couronn\u00e9s athl\u00e8tes de l\u2019ann\u00e9e - \u00c9quipe Canada | Site officiel de l&#039;\u00e9quipe olympique\",\"isPartOf\":{\"@id\":\"https:\\\/\\\/develop.olympic.ca\\\/olympique\\\/#website\"},\"primaryImageOfPage\":{\"@id\":\"https:\\\/\\\/develop.olympic.ca\\\/olympique\\\/2013\\\/12\\\/27\\\/milos-raonic-et-eugenie-bouchard-couronnes-athletes-de-lannee\\\/#primaryimage\"},\"image\":{\"@id\":\"https:\\\/\\\/develop.olympic.ca\\\/olympique\\\/2013\\\/12\\\/27\\\/milos-raonic-et-eugenie-bouchard-couronnes-athletes-de-lannee\\\/#primaryimage\"},\"thumbnailUrl\":\"https:\\\/\\\/develop.olympic.ca\\\/olympique\\\/wp-content\\\/uploads\\\/sites\\\/2\\\/2013\\\/12\\\/tennis_cover_milos_genie.jpeg?quality=100\",\"datePublished\":\"2013-12-28T01:12:07+00:00\",\"dateModified\":\"2013-12-29T17:37:50+00:00\",\"author\":{\"@id\":\"https:\\\/\\\/develop.olympic.ca\\\/olympique\\\/#\\\/schema\\\/person\\\/26c1c90d4b8068a48478c67d3333ca3c\"},\"inLanguage\":\"fr-FR\",\"potentialAction\":[{\"@type\":\"ReadAction\",\"target\":[\"https:\\\/\\\/develop.olympic.ca\\\/olympique\\\/2013\\\/12\\\/27\\\/milos-raonic-et-eugenie-bouchard-couronnes-athletes-de-lannee\\\/\"]}]},{\"@type\":\"ImageObject\",\"inLanguage\":\"fr-FR\",\"@id\":\"https:\\\/\\\/develop.olympic.ca\\\/olympique\\\/2013\\\/12\\\/27\\\/milos-raonic-et-eugenie-bouchard-couronnes-athletes-de-lannee\\\/#primaryimage\",\"url\":\"https:\\\/\\\/develop.olympic.ca\\\/olympique\\\/wp-content\\\/uploads\\\/sites\\\/2\\\/2013\\\/12\\\/tennis_cover_milos_genie.jpeg?quality=100\",\"contentUrl\":\"https:\\\/\\\/develop.olympic.ca\\\/olympique\\\/wp-content\\\/uploads\\\/sites\\\/2\\\/2013\\\/12\\\/tennis_cover_milos_genie.jpeg?quality=100\",\"width\":1340,\"height\":754},{\"@type\":\"WebSite\",\"@id\":\"https:\\\/\\\/develop.olympic.ca\\\/olympique\\\/#website\",\"url\":\"https:\\\/\\\/develop.olympic.ca\\\/olympique\\\/\",\"name\":\"\u00c9quipe Canada | Site officiel de l&#039;\u00e9quipe olympique\",\"description\":\"Votre source pour l\u2019\u00c9quipe olympique canadienne. Retrouvez les r\u00e9cits, vid\u00e9os et photos des athl\u00e8tes canadiens, sports olympiques, Jeux olympiques de 2020 et bien plus!\",\"potentialAction\":[{\"@type\":\"SearchAction\",\"target\":{\"@type\":\"EntryPoint\",\"urlTemplate\":\"https:\\\/\\\/develop.olympic.ca\\\/olympique\\\/?s={search_term_string}\"},\"query-input\":{\"@type\":\"PropertyValueSpecification\",\"valueRequired\":true,\"valueName\":\"search_term_string\"}}],\"inLanguage\":\"fr-FR\"},{\"@type\":\"Person\",\"@id\":\"https:\\\/\\\/develop.olympic.ca\\\/olympique\\\/#\\\/schema\\\/person\\\/26c1c90d4b8068a48478c67d3333ca3c\",\"name\":\"Callum Ng, Senior Writer \\\/ Producer\",\"image\":{\"@type\":\"ImageObject\",\"inLanguage\":\"fr-FR\",\"@id\":\"https:\\\/\\\/secure.gravatar.com\\\/avatar\\\/a22f4c313660ac5b90d87637200a4a844bcd7c28ab830daacab6728406172e52?s=96&d=identicon&r=gfcb85575972b12bad5bdddd76de5daec\",\"url\":\"https:\\\/\\\/secure.gravatar.com\\\/avatar\\\/a22f4c313660ac5b90d87637200a4a844bcd7c28ab830daacab6728406172e52?s=96&d=identicon&r=g\",\"contentUrl\":\"https:\\\/\\\/secure.gravatar.com\\\/avatar\\\/a22f4c313660ac5b90d87637200a4a844bcd7c28ab830daacab6728406172e52?s=96&d=identicon&r=g\",\"caption\":\"Callum Ng, Senior Writer \\\/ Producer\"},\"description\":\"I tell sport stories. Web, Social, Broadcast. I also like songs and dim sum. Talk to me, I'm friendly. Follow @CallumNg\",\"url\":\"https:\\\/\\\/develop.olympic.ca\\\/olympique\\\/author\\\/cngolympic\\\/\"}]}<\/script>\n<!-- \/ Yoast SEO plugin. -->","yoast_head_json":{"title":"Milos Raonic et Eugenie Bouchard couronn\u00e9s athl\u00e8tes de l\u2019ann\u00e9e - \u00c9quipe Canada | Site officiel de l&#039;\u00e9quipe olympique","robots":{"index":"index","follow":"follow","max-snippet":"max-snippet:-1","max-image-preview":"max-image-preview:large","max-video-preview":"max-video-preview:-1"},"canonical":"https:\/\/develop.olympic.ca\/olympique\/2013\/12\/27\/milos-raonic-et-eugenie-bouchard-couronnes-athletes-de-lannee\/","og_locale":"fr_FR","og_type":"article","og_title":"Milos Raonic et Eugenie Bouchard couronn\u00e9s athl\u00e8tes de l\u2019ann\u00e9e - \u00c9quipe Canada | Site officiel de l&#039;\u00e9quipe olympique","og_description":"2013 \u00e9tait l\u2019ann\u00e9e des passionn\u00e9s de tennis canadiens et c\u2019est parce que les meilleurs joueurs de tennis du Canada sont...","og_url":"https:\/\/develop.olympic.ca\/olympique\/2013\/12\/27\/milos-raonic-et-eugenie-bouchard-couronnes-athletes-de-lannee\/","og_site_name":"\u00c9quipe Canada | Site officiel de l&#039;\u00e9quipe olympique","article_published_time":"2013-12-28T01:12:07+00:00","article_modified_time":"2013-12-29T17:37:50+00:00","og_image":[{"width":1340,"height":754,"url":"https:\/\/develop.olympic.ca\/olympique\/wp-content\/uploads\/sites\/2\/2013\/12\/tennis_cover_milos_genie.jpeg?quality=100","type":"image\/jpeg"}],"author":"Callum Ng","twitter_card":"summary_large_image","twitter_misc":{"Written by":"Callum Ng","Est. reading time":"3 minutes"},"schema":{"@context":"https:\/\/schema.org","@graph":[{"@type":"Article","@id":"https:\/\/develop.olympic.ca\/olympique\/2013\/12\/27\/milos-raonic-et-eugenie-bouchard-couronnes-athletes-de-lannee\/#article","isPartOf":{"@id":"https:\/\/develop.olympic.ca\/olympique\/2013\/12\/27\/milos-raonic-et-eugenie-bouchard-couronnes-athletes-de-lannee\/"},"author":{"name":"Callum Ng, Senior Writer \/ Producer","@id":"https:\/\/develop.olympic.ca\/olympique\/#\/schema\/person\/26c1c90d4b8068a48478c67d3333ca3c"},"headline":"Milos Raonic et Eugenie Bouchard couronn\u00e9s athl\u00e8tes de l\u2019ann\u00e9e","datePublished":"2013-12-28T01:12:07+00:00","dateModified":"2013-12-29T17:37:50+00:00","mainEntityOfPage":{"@id":"https:\/\/develop.olympic.ca\/olympique\/2013\/12\/27\/milos-raonic-et-eugenie-bouchard-couronnes-athletes-de-lannee\/"},"wordCount":521,"commentCount":1,"image":{"@id":"https:\/\/develop.olympic.ca\/olympique\/2013\/12\/27\/milos-raonic-et-eugenie-bouchard-couronnes-athletes-de-lannee\/#primaryimage"},"thumbnailUrl":"https:\/\/develop.olympic.ca\/olympique\/wp-content\/uploads\/sites\/2\/2013\/12\/tennis_cover_milos_genie.jpeg?quality=100","keywords":["Canadian Press","Eugenie Bouchard","Milos Raonic"],"articleSection":["Nouvelles"],"inLanguage":"fr-FR","potentialAction":[{"@type":"CommentAction","name":"Comment","target":["https:\/\/develop.olympic.ca\/olympique\/2013\/12\/27\/milos-raonic-et-eugenie-bouchard-couronnes-athletes-de-lannee\/#respond"]}]},{"@type":"WebPage","@id":"https:\/\/develop.olympic.ca\/olympique\/2013\/12\/27\/milos-raonic-et-eugenie-bouchard-couronnes-athletes-de-lannee\/","url":"https:\/\/develop.olympic.ca\/olympique\/2013\/12\/27\/milos-raonic-et-eugenie-bouchard-couronnes-athletes-de-lannee\/","name":"Milos Raonic et Eugenie Bouchard couronn\u00e9s athl\u00e8tes de l\u2019ann\u00e9e - \u00c9quipe Canada | Site officiel de l&#039;\u00e9quipe olympique","isPartOf":{"@id":"https:\/\/develop.olympic.ca\/olympique\/#website"},"primaryImageOfPage":{"@id":"https:\/\/develop.olympic.ca\/olympique\/2013\/12\/27\/milos-raonic-et-eugenie-bouchard-couronnes-athletes-de-lannee\/#primaryimage"},"image":{"@id":"https:\/\/develop.olympic.ca\/olympique\/2013\/12\/27\/milos-raonic-et-eugenie-bouchard-couronnes-athletes-de-lannee\/#primaryimage"},"thumbnailUrl":"https:\/\/develop.olympic.ca\/olympique\/wp-content\/uploads\/sites\/2\/2013\/12\/tennis_cover_milos_genie.jpeg?quality=100","datePublished":"2013-12-28T01:12:07+00:00","dateModified":"2013-12-29T17:37:50+00:00","author":{"@id":"https:\/\/develop.olympic.ca\/olympique\/#\/schema\/person\/26c1c90d4b8068a48478c67d3333ca3c"},"inLanguage":"fr-FR","potentialAction":[{"@type":"ReadAction","target":["https:\/\/develop.olympic.ca\/olympique\/2013\/12\/27\/milos-raonic-et-eugenie-bouchard-couronnes-athletes-de-lannee\/"]}]},{"@type":"ImageObject","inLanguage":"fr-FR","@id":"https:\/\/develop.olympic.ca\/olympique\/2013\/12\/27\/milos-raonic-et-eugenie-bouchard-couronnes-athletes-de-lannee\/#primaryimage","url":"https:\/\/develop.olympic.ca\/olympique\/wp-content\/uploads\/sites\/2\/2013\/12\/tennis_cover_milos_genie.jpeg?quality=100","contentUrl":"https:\/\/develop.olympic.ca\/olympique\/wp-content\/uploads\/sites\/2\/2013\/12\/tennis_cover_milos_genie.jpeg?quality=100","width":1340,"height":754},{"@type":"WebSite","@id":"https:\/\/develop.olympic.ca\/olympique\/#website","url":"https:\/\/develop.olympic.ca\/olympique\/","name":"\u00c9quipe Canada | Site officiel de l&#039;\u00e9quipe olympique","description":"Votre source pour l\u2019\u00c9quipe olympique canadienne. Retrouvez les r\u00e9cits, vid\u00e9os et photos des athl\u00e8tes canadiens, sports olympiques, Jeux olympiques de 2020 et bien plus!","potentialAction":[{"@type":"SearchAction","target":{"@type":"EntryPoint","urlTemplate":"https:\/\/develop.olympic.ca\/olympique\/?s={search_term_string}"},"query-input":{"@type":"PropertyValueSpecification","valueRequired":true,"valueName":"search_term_string"}}],"inLanguage":"fr-FR"},{"@type":"Person","@id":"https:\/\/develop.olympic.ca\/olympique\/#\/schema\/person\/26c1c90d4b8068a48478c67d3333ca3c","name":"Callum Ng, Senior Writer \/ Producer","image":{"@type":"ImageObject","inLanguage":"fr-FR","@id":"https:\/\/secure.gravatar.com\/avatar\/a22f4c313660ac5b90d87637200a4a844bcd7c28ab830daacab6728406172e52?s=96&d=identicon&r=gfcb85575972b12bad5bdddd76de5daec","url":"https:\/\/secure.gravatar.com\/avatar\/a22f4c313660ac5b90d87637200a4a844bcd7c28ab830daacab6728406172e52?s=96&d=identicon&r=g","contentUrl":"https:\/\/secure.gravatar.com\/avatar\/a22f4c313660ac5b90d87637200a4a844bcd7c28ab830daacab6728406172e52?s=96&d=identicon&r=g","caption":"Callum Ng, Senior Writer \/ Producer"},"description":"I tell sport stories. Web, Social, Broadcast. I also like songs and dim sum. Talk to me, I'm friendly. Follow @CallumNg","url":"https:\/\/develop.olympic.ca\/olympique\/author\/cngolympic\/"}]}},"jetpack_featured_media_url":"https:\/\/develop.olympic.ca\/olympique\/wp-content\/uploads\/sites\/2\/2013\/12\/tennis_cover_milos_genie.jpeg?quality=100","featured_image_url":"https:\/\/develop.olympic.ca\/olympique\/wp-content\/uploads\/sites\/2\/2013\/12\/tennis_cover_milos_genie.jpeg?quality=100","author_name":["Callum Ng"],"category_names":["Nouvelles"],"tag_names":["Canadian Press","Eugenie Bouchard","Milos Raonic"],"video_embed_code":"","facebook_video_embed_code":"","jetpack_sharing_enabled":true,"jetpack-related-posts":[],"jetpack_shortlink":"https:\/\/wp.me\/pbmyEP-nbA","_links":{"self":[{"href":"https:\/\/develop.olympic.ca\/olympique\/wp-json\/wp\/v2\/posts\/89130","targetHints":{"allow":["GET"]}}],"collection":[{"href":"https:\/\/develop.olympic.ca\/olympique\/wp-json\/wp\/v2\/posts"}],"about":[{"href":"https:\/\/develop.olympic.ca\/olympique\/wp-json\/wp\/v2\/types\/post"}],"author":[{"embeddable":true,"href":"https:\/\/develop.olympic.ca\/olympique\/wp-json\/wp\/v2\/users\/54400589"}],"replies":[{"embeddable":true,"href":"https:\/\/develop.olympic.ca\/olympique\/wp-json\/wp\/v2\/comments?post=89130"}],"version-history":[{"count":3,"href":"https:\/\/develop.olympic.ca\/olympique\/wp-json\/wp\/v2\/posts\/89130\/revisions"}],"predecessor-version":[{"id":89136,"href":"https:\/\/develop.olympic.ca\/olympique\/wp-json\/wp\/v2\/posts\/89130\/revisions\/89136"}],"wp:featuredmedia":[{"embeddable":true,"href":"https:\/\/develop.olympic.ca\/olympique\/wp-json\/wp\/v2\/media\/89133"}],"wp:attachment":[{"href":"https:\/\/develop.olympic.ca\/olympique\/wp-json\/wp\/v2\/media?parent=89130"}],"wp:term":[{"taxonomy":"category","embeddable":true,"href":"https:\/\/develop.olympic.ca\/olympique\/wp-json\/wp\/v2\/categories?post=89130"},{"taxonomy":"post_tag","embeddable":true,"href":"https:\/\/develop.olympic.ca\/olympique\/wp-json\/wp\/v2\/tags?post=89130"},{"taxonomy":"post_format","embeddable":true,"href":"https:\/\/develop.olympic.ca\/olympique\/wp-json\/wp\/v2\/post_format?post=89130"},{"taxonomy":"sport","embeddable":true,"href":"https:\/\/develop.olympic.ca\/olympique\/wp-json\/wp\/v2\/sport?post=89130"},{"taxonomy":"game","embeddable":true,"href":"https:\/\/develop.olympic.ca\/olympique\/wp-json\/wp\/v2\/game?post=89130"},{"taxonomy":"author","embeddable":true,"href":"https:\/\/develop.olympic.ca\/olympique\/wp-json\/wp\/v2\/coauthors?post=89130"}],"curies":[{"name":"wp","href":"https:\/\/api.w.org\/{rel}","templated":true}]}}