{"id":90833,"date":"2014-01-22T16:55:21","date_gmt":"2014-01-22T21:55:21","guid":{"rendered":"http:\/\/develop.olympic.ca\/olympique\/?p=90833"},"modified":"2014-01-23T11:17:07","modified_gmt":"2014-01-23T16:17:07","slug":"eugenie-bouchard-en-demi-finale-des-internationaux-daustralie","status":"publish","type":"post","link":"https:\/\/develop.olympic.ca\/olympique\/2014\/01\/22\/eugenie-bouchard-en-demi-finale-des-internationaux-daustralie\/","title":{"rendered":"Eugenie Bouchard en demi-finale des Internationaux d&rsquo;Australie : une \u00e9vidence"},"content":{"rendered":"<h1>En regardant le tableau principal des femmes aux Internationaux d&rsquo;Australie, j&rsquo;ai trouv\u00e9 tr\u00e8s agr\u00e9able de voir le drapeau canadien en demi-finale. Pourtant je n&rsquo;\u00e9tais pas du tout surpris de voir le nom d&rsquo;Eugenie Bouchard \u00e0 c\u00f4t\u00e9 de l&rsquo;unifoli\u00e9.<\/h1>\n<h1>C&rsquo;\u00e9tait une \u00e9vidence.<\/h1>\n<p>Rappelez-vous qu&rsquo;en moins d&rsquo;un an,\u00a0Bouchard a r\u00e9ussi \u00e0 se hisser parmi les 50 meilleures joueuses au monde, passant de la 144e place au 32e rang du classement de la WTA. Ce classement lui a permis d&rsquo;acc\u00e9der directement au tableau principal, un avantage crucial.<\/p>\n<blockquote><p><strong>\u00c0 lire aussi<\/strong> : <a href=\"http:\/\/develop.olympic.ca\/olympique\/2013\/11\/20\/la-canadienne-eugenie-bouchard-nommee-revelation-de-wta\/\">Eugenie Bouchard nomm\u00e9e r\u00e9v\u00e9lation de la WTA<\/a><\/p><\/blockquote>\n<p>Son ascension spectaculaire dans le classement faisant d&rsquo;elle une t\u00eate de s\u00e9rie d\u00e9montre toute la d\u00e9termination de \u00ab\u00a0Genie\u00a0\u00bb Bouchard.<\/p>\n<p dir=\"ltr\">Toujours en contr\u00f4le de ses nerfs, la jeune Montr\u00e9alaise fait confiance \u00e0 son plan d&rsquo;entra\u00eenement\u00a0ce qui lui a permis de se d\u00e9passer\u00a0et de gagner plusieurs matchs contre\u00a0des stars f\u00e9minines du tennis. L&rsquo;an dernier, Bouchard a d\u00e9fait quatre joueuses du top 15. Ce n&rsquo;est pas la chance du d\u00e9butant, mais le r\u00e9sultat d&rsquo;un travail acharn\u00e9.<\/p>\n<p dir=\"ltr\">\u201cJe veux gagner un titre\u00a0(en 2014), c&rsquo;est mon but,\u201d a-t-elle dit le mois dernier apr\u00e8s avoir \u00e9t\u00e9 nomm\u00e9e <a href=\"http:\/\/develop.olympic.ca\/olympique\/2013\/12\/27\/milos-raonic-et-eugenie-bouchard-couronnes-athletes-de-lannee\/\">athl\u00e8te de l&rsquo;ann\u00e9e\u00a0par la Presse Canadienne<\/a>.<\/p>\n<p dir=\"ltr\">\u201cJe serai contente\u00a0de remporter n&rsquo;importe quel titre, mais plus le tournois est gros,\u00a0meilleur ce sera. Mon objectif ultime est de gagner un titre du Grand Chelem.\u201d<\/p>\n<p>Il faut toujours croire en ses r\u00eaves, aussi grands qu&rsquo;ils soient.<\/p>\n<p><a href=\"http:\/\/develop.olympic.ca\/wp-content\/uploads\/sites\/2\/2014\/01\/genie_inpost.jpg\"><img loading=\"lazy\" decoding=\"async\" class=\"size-full wp-image-90838 aligncenter\" alt=\"Australian Open Tennis\" src=\"http:\/\/develop.olympic.ca\/wp-content\/uploads\/sites\/2\/2014\/01\/genie_inpost.jpg\" width=\"303\" height=\"370\" srcset=\"https:\/\/develop.olympic.ca\/olympique\/wp-content\/uploads\/sites\/2\/2014\/01\/genie_inpost.jpg 303w, https:\/\/develop.olympic.ca\/olympique\/wp-content\/uploads\/sites\/2\/2014\/01\/genie_inpost.jpg?resize=129,158 129w\" sizes=\"(max-width: 303px) 100vw, 303px\" \/><\/a><\/p>\n<p>Durant son match de mardi contre Ivanovic, c&rsquo;est la Serbienne qui a d\u00e9montr\u00e9 le plus d&rsquo;\u00e9motions&#8230; du m\u00e9contentement principalement. Bouchard, fid\u00e8le \u00e0 son habitude,\u00a0\u00e9tait agressive et excellente\u00a0\u00e0 la vol\u00e9e. Elle a su\u00a0rester calme en tous temps. Selon Tennis Canada, 1,6 million de Canadiens ont regard\u00e9\u00a0Eugenie Bouchard se d\u00e9placer de gauche \u00e0 droite du stade Rod Laver.<\/p>\n<p>Encore plus de Canadiens seront riv\u00e9s devant leur t\u00e9l\u00e9viseur ce soir, alors qu&rsquo;Eugenie Bouchard rencontrera la Chinoise Li Na, 4e au classement de la WTA. Li Na d\u00e9tient le meilleur classement des joueuses encore pr\u00e9sentes dans le tournois et n&rsquo;a c\u00e9d\u00e9 qu&rsquo;une seule balle de bris depuis ses deux derniers matchs. Le match de ce soir sera \u00e9pique.<\/p>\n<p><a href=\"http:\/\/develop.olympic.ca\/wp-content\/uploads\/sites\/2\/2014\/01\/lina_inpost1.jpg\"><img loading=\"lazy\" decoding=\"async\" class=\"size-full wp-image-90840 aligncenter\" alt=\"Australian Open Tennis\" src=\"http:\/\/develop.olympic.ca\/wp-content\/uploads\/sites\/2\/2014\/01\/lina_inpost1.jpg\" width=\"503\" height=\"370\" srcset=\"https:\/\/develop.olympic.ca\/olympique\/wp-content\/uploads\/sites\/2\/2014\/01\/lina_inpost1.jpg 503w, https:\/\/develop.olympic.ca\/olympique\/wp-content\/uploads\/sites\/2\/2014\/01\/lina_inpost1.jpg?resize=215,158 215w\" sizes=\"(max-width: 503px) 100vw, 503px\" \/><\/a><\/p>\n<p dir=\"ltr\">Encore une fois, le pass\u00e9 d&rsquo;Eugenie nous porte \u00e0 croire qu&rsquo;elle sera en mesure de nous \u00e9pater une fois de plus. Elle a d\u00e9j\u00e0 r\u00e9ussi\u00a0\u00e0\u00a0donner du fil \u00e0 retordre \u00e0\u00a0la No. 1 mondiale\u00a0Serena Williams. Cette fois-ci elle a d\u00e9fait celle qui avait sorti Williams du tableau principal au 4e tour.<\/p>\n<p dir=\"ltr\">Maintenant 30e au classement de la WTA, on peut s&rsquo;attendre \u00e0 ce que le chiffre d&rsquo;Eugenie Bouchard diminue apr\u00e8s cette rencontre. Effectivement, la victoire est chose possible. Mais peu importe le r\u00e9sultat final, la force mentale de la jeune athl\u00e8te ne diminuera pas. 2014 sera une ann\u00e9e tr\u00e8s prometteuse pour la Qu\u00e9b\u00e9coise.<\/p>\n<p style=\"text-align:center;\"><a href=\"http:\/\/develop.olympic.ca\/wp-content\/uploads\/sites\/2\/2014\/01\/genie_inpost2.jpg\"><img loading=\"lazy\" decoding=\"async\" class=\"alignnone size-full wp-image-90841\" alt=\"Australian Open Tennis\" src=\"http:\/\/develop.olympic.ca\/wp-content\/uploads\/sites\/2\/2014\/01\/genie_inpost2.jpg\" width=\"580\" height=\"371\" srcset=\"https:\/\/develop.olympic.ca\/olympique\/wp-content\/uploads\/sites\/2\/2014\/01\/genie_inpost2.jpg 580w, https:\/\/develop.olympic.ca\/olympique\/wp-content\/uploads\/sites\/2\/2014\/01\/genie_inpost2.jpg?resize=247,158 247w\" sizes=\"(max-width: 580px) 100vw, 580px\" \/><\/a><\/p>\n<div class=\"zemanta-pixie\" style=\"height:15px;margin-top:10px;\"><a class=\"zemanta-pixie-a\" title=\"Enhanced by Zemanta\" href=\"http:\/\/www.zemanta.com\/?px\"><img decoding=\"async\" class=\"zemanta-pixie-img\" style=\"border:currentColor;float:right;\" alt=\"Enhanced by Zemanta\" src=\"http:\/\/img.zemanta.com\/zemified_e.png?x-id=c54aecfe-2e74-48a2-b060-8b825610732a\" \/><\/a><\/div>\n","protected":false},"excerpt":{"rendered":"<p>En regardant le tableau principal des femmes aux Internationaux d&rsquo;Australie, j&rsquo;ai trouv\u00e9 tr\u00e8s agr\u00e9able de voir le drapeau canadien en&#8230;<\/p>\n","protected":false},"author":54400589,"featured_media":90843,"comment_status":"open","ping_status":"open","sticky":false,"template":"","format":"standard","meta":{"_acf_changed":false,"_crdt_document":"","_jetpack_memberships_contains_paid_content":false,"footnotes":""},"categories":[16085],"tags":[824375,14359971,49600406,3845745,654520,5581845],"post_format":"standard","sport":[1999],"game":[],"coauthors":[197174239],"class_list":["post-90833","post","type-post","status-publish","format-standard","has-post-thumbnail","hentry","category-nouvelles","tag-ana-ivanovic","tag-eugenie-bouchard","tag-internationaux-daustralie","tag-li-na","tag-serena-williams","tag-womens-tennis-association","sport-tennis"],"acf":[],"yoast_head":"<!-- This site is optimized with the Yoast SEO plugin v27.3 - https:\/\/yoast.com\/product\/yoast-seo-wordpress\/ -->\n<title>Eugenie Bouchard en demi-finale des Internationaux d&#039;Australie : une \u00e9vidence - \u00c9quipe Canada | Site officiel de l&#039;\u00e9quipe olympique<\/title>\n<meta name=\"robots\" content=\"index, follow, max-snippet:-1, max-image-preview:large, max-video-preview:-1\" \/>\n<link rel=\"canonical\" href=\"https:\/\/develop.olympic.ca\/olympique\/2014\/01\/22\/eugenie-bouchard-en-demi-finale-des-internationaux-daustralie\/\" \/>\n<meta property=\"og:locale\" content=\"fr_FR\" \/>\n<meta property=\"og:type\" content=\"article\" \/>\n<meta property=\"og:title\" content=\"Eugenie Bouchard en demi-finale des Internationaux d&#039;Australie : une \u00e9vidence - \u00c9quipe Canada | Site officiel de l&#039;\u00e9quipe olympique\" \/>\n<meta property=\"og:description\" content=\"En regardant le tableau principal des femmes aux Internationaux d&rsquo;Australie, j&rsquo;ai trouv\u00e9 tr\u00e8s agr\u00e9able de voir le drapeau canadien en...\" \/>\n<meta property=\"og:url\" content=\"https:\/\/develop.olympic.ca\/olympique\/2014\/01\/22\/eugenie-bouchard-en-demi-finale-des-internationaux-daustralie\/\" \/>\n<meta property=\"og:site_name\" content=\"\u00c9quipe Canada | Site officiel de l&#039;\u00e9quipe olympique\" \/>\n<meta property=\"article:published_time\" content=\"2014-01-22T21:55:21+00:00\" \/>\n<meta property=\"article:modified_time\" content=\"2014-01-23T16:17:07+00:00\" \/>\n<meta property=\"og:image\" content=\"https:\/\/develop.olympic.ca\/olympique\/wp-content\/uploads\/sites\/2\/2014\/01\/genie_cover1.jpg?quality=100\" \/>\n\t<meta property=\"og:image:width\" content=\"670\" \/>\n\t<meta property=\"og:image:height\" content=\"377\" \/>\n\t<meta property=\"og:image:type\" content=\"image\/jpeg\" \/>\n<meta name=\"author\" content=\"Callum Ng\" \/>\n<meta name=\"twitter:card\" content=\"summary_large_image\" \/>\n<meta name=\"twitter:label1\" content=\"Written by\" \/>\n\t<meta name=\"twitter:data1\" content=\"Callum Ng\" \/>\n\t<meta name=\"twitter:label2\" content=\"Est. reading time\" \/>\n\t<meta name=\"twitter:data2\" content=\"2 minutes\" \/>\n<script type=\"application\/ld+json\" class=\"yoast-schema-graph\">{\"@context\":\"https:\\\/\\\/schema.org\",\"@graph\":[{\"@type\":\"Article\",\"@id\":\"https:\\\/\\\/develop.olympic.ca\\\/olympique\\\/2014\\\/01\\\/22\\\/eugenie-bouchard-en-demi-finale-des-internationaux-daustralie\\\/#article\",\"isPartOf\":{\"@id\":\"https:\\\/\\\/develop.olympic.ca\\\/olympique\\\/2014\\\/01\\\/22\\\/eugenie-bouchard-en-demi-finale-des-internationaux-daustralie\\\/\"},\"author\":{\"name\":\"Callum Ng, Senior Writer \\\/ Producer\",\"@id\":\"https:\\\/\\\/develop.olympic.ca\\\/olympique\\\/#\\\/schema\\\/person\\\/26c1c90d4b8068a48478c67d3333ca3c\"},\"headline\":\"Eugenie Bouchard en demi-finale des Internationaux d&rsquo;Australie : une \u00e9vidence\",\"datePublished\":\"2014-01-22T21:55:21+00:00\",\"dateModified\":\"2014-01-23T16:17:07+00:00\",\"mainEntityOfPage\":{\"@id\":\"https:\\\/\\\/develop.olympic.ca\\\/olympique\\\/2014\\\/01\\\/22\\\/eugenie-bouchard-en-demi-finale-des-internationaux-daustralie\\\/\"},\"wordCount\":525,\"commentCount\":4,\"image\":{\"@id\":\"https:\\\/\\\/develop.olympic.ca\\\/olympique\\\/2014\\\/01\\\/22\\\/eugenie-bouchard-en-demi-finale-des-internationaux-daustralie\\\/#primaryimage\"},\"thumbnailUrl\":\"https:\\\/\\\/develop.olympic.ca\\\/olympique\\\/wp-content\\\/uploads\\\/sites\\\/2\\\/2014\\\/01\\\/genie_cover1.jpg?quality=100\",\"keywords\":[\"Ana Ivanovic\",\"Eugenie Bouchard\",\"internationaux d'Australie\",\"Li Na\",\"Serena Williams\",\"Women's Tennis Association\"],\"articleSection\":[\"Nouvelles\"],\"inLanguage\":\"fr-FR\",\"potentialAction\":[{\"@type\":\"CommentAction\",\"name\":\"Comment\",\"target\":[\"https:\\\/\\\/develop.olympic.ca\\\/olympique\\\/2014\\\/01\\\/22\\\/eugenie-bouchard-en-demi-finale-des-internationaux-daustralie\\\/#respond\"]}]},{\"@type\":\"WebPage\",\"@id\":\"https:\\\/\\\/develop.olympic.ca\\\/olympique\\\/2014\\\/01\\\/22\\\/eugenie-bouchard-en-demi-finale-des-internationaux-daustralie\\\/\",\"url\":\"https:\\\/\\\/develop.olympic.ca\\\/olympique\\\/2014\\\/01\\\/22\\\/eugenie-bouchard-en-demi-finale-des-internationaux-daustralie\\\/\",\"name\":\"Eugenie Bouchard en demi-finale des Internationaux d'Australie : une \u00e9vidence - \u00c9quipe Canada | Site officiel de l&#039;\u00e9quipe olympique\",\"isPartOf\":{\"@id\":\"https:\\\/\\\/develop.olympic.ca\\\/olympique\\\/#website\"},\"primaryImageOfPage\":{\"@id\":\"https:\\\/\\\/develop.olympic.ca\\\/olympique\\\/2014\\\/01\\\/22\\\/eugenie-bouchard-en-demi-finale-des-internationaux-daustralie\\\/#primaryimage\"},\"image\":{\"@id\":\"https:\\\/\\\/develop.olympic.ca\\\/olympique\\\/2014\\\/01\\\/22\\\/eugenie-bouchard-en-demi-finale-des-internationaux-daustralie\\\/#primaryimage\"},\"thumbnailUrl\":\"https:\\\/\\\/develop.olympic.ca\\\/olympique\\\/wp-content\\\/uploads\\\/sites\\\/2\\\/2014\\\/01\\\/genie_cover1.jpg?quality=100\",\"datePublished\":\"2014-01-22T21:55:21+00:00\",\"dateModified\":\"2014-01-23T16:17:07+00:00\",\"author\":{\"@id\":\"https:\\\/\\\/develop.olympic.ca\\\/olympique\\\/#\\\/schema\\\/person\\\/26c1c90d4b8068a48478c67d3333ca3c\"},\"inLanguage\":\"fr-FR\",\"potentialAction\":[{\"@type\":\"ReadAction\",\"target\":[\"https:\\\/\\\/develop.olympic.ca\\\/olympique\\\/2014\\\/01\\\/22\\\/eugenie-bouchard-en-demi-finale-des-internationaux-daustralie\\\/\"]}]},{\"@type\":\"ImageObject\",\"inLanguage\":\"fr-FR\",\"@id\":\"https:\\\/\\\/develop.olympic.ca\\\/olympique\\\/2014\\\/01\\\/22\\\/eugenie-bouchard-en-demi-finale-des-internationaux-daustralie\\\/#primaryimage\",\"url\":\"https:\\\/\\\/develop.olympic.ca\\\/olympique\\\/wp-content\\\/uploads\\\/sites\\\/2\\\/2014\\\/01\\\/genie_cover1.jpg?quality=100\",\"contentUrl\":\"https:\\\/\\\/develop.olympic.ca\\\/olympique\\\/wp-content\\\/uploads\\\/sites\\\/2\\\/2014\\\/01\\\/genie_cover1.jpg?quality=100\",\"width\":670,\"height\":377},{\"@type\":\"WebSite\",\"@id\":\"https:\\\/\\\/develop.olympic.ca\\\/olympique\\\/#website\",\"url\":\"https:\\\/\\\/develop.olympic.ca\\\/olympique\\\/\",\"name\":\"\u00c9quipe Canada | Site officiel de l&#039;\u00e9quipe olympique\",\"description\":\"Votre source pour l\u2019\u00c9quipe olympique canadienne. Retrouvez les r\u00e9cits, vid\u00e9os et photos des athl\u00e8tes canadiens, sports olympiques, Jeux olympiques de 2020 et bien plus!\",\"potentialAction\":[{\"@type\":\"SearchAction\",\"target\":{\"@type\":\"EntryPoint\",\"urlTemplate\":\"https:\\\/\\\/develop.olympic.ca\\\/olympique\\\/?s={search_term_string}\"},\"query-input\":{\"@type\":\"PropertyValueSpecification\",\"valueRequired\":true,\"valueName\":\"search_term_string\"}}],\"inLanguage\":\"fr-FR\"},{\"@type\":\"Person\",\"@id\":\"https:\\\/\\\/develop.olympic.ca\\\/olympique\\\/#\\\/schema\\\/person\\\/26c1c90d4b8068a48478c67d3333ca3c\",\"name\":\"Callum Ng, Senior Writer \\\/ Producer\",\"image\":{\"@type\":\"ImageObject\",\"inLanguage\":\"fr-FR\",\"@id\":\"https:\\\/\\\/secure.gravatar.com\\\/avatar\\\/a22f4c313660ac5b90d87637200a4a844bcd7c28ab830daacab6728406172e52?s=96&d=identicon&r=gfcb85575972b12bad5bdddd76de5daec\",\"url\":\"https:\\\/\\\/secure.gravatar.com\\\/avatar\\\/a22f4c313660ac5b90d87637200a4a844bcd7c28ab830daacab6728406172e52?s=96&d=identicon&r=g\",\"contentUrl\":\"https:\\\/\\\/secure.gravatar.com\\\/avatar\\\/a22f4c313660ac5b90d87637200a4a844bcd7c28ab830daacab6728406172e52?s=96&d=identicon&r=g\",\"caption\":\"Callum Ng, Senior Writer \\\/ Producer\"},\"description\":\"I tell sport stories. Web, Social, Broadcast. I also like songs and dim sum. Talk to me, I'm friendly. Follow @CallumNg\",\"url\":\"https:\\\/\\\/develop.olympic.ca\\\/olympique\\\/author\\\/cngolympic\\\/\"}]}<\/script>\n<!-- \/ Yoast SEO plugin. -->","yoast_head_json":{"title":"Eugenie Bouchard en demi-finale des Internationaux d'Australie : une \u00e9vidence - \u00c9quipe Canada | Site officiel de l&#039;\u00e9quipe olympique","robots":{"index":"index","follow":"follow","max-snippet":"max-snippet:-1","max-image-preview":"max-image-preview:large","max-video-preview":"max-video-preview:-1"},"canonical":"https:\/\/develop.olympic.ca\/olympique\/2014\/01\/22\/eugenie-bouchard-en-demi-finale-des-internationaux-daustralie\/","og_locale":"fr_FR","og_type":"article","og_title":"Eugenie Bouchard en demi-finale des Internationaux d'Australie : une \u00e9vidence - \u00c9quipe Canada | Site officiel de l&#039;\u00e9quipe olympique","og_description":"En regardant le tableau principal des femmes aux Internationaux d&rsquo;Australie, j&rsquo;ai trouv\u00e9 tr\u00e8s agr\u00e9able de voir le drapeau canadien en...","og_url":"https:\/\/develop.olympic.ca\/olympique\/2014\/01\/22\/eugenie-bouchard-en-demi-finale-des-internationaux-daustralie\/","og_site_name":"\u00c9quipe Canada | Site officiel de l&#039;\u00e9quipe olympique","article_published_time":"2014-01-22T21:55:21+00:00","article_modified_time":"2014-01-23T16:17:07+00:00","og_image":[{"width":670,"height":377,"url":"https:\/\/develop.olympic.ca\/olympique\/wp-content\/uploads\/sites\/2\/2014\/01\/genie_cover1.jpg?quality=100","type":"image\/jpeg"}],"author":"Callum Ng","twitter_card":"summary_large_image","twitter_misc":{"Written by":"Callum Ng","Est. reading time":"2 minutes"},"schema":{"@context":"https:\/\/schema.org","@graph":[{"@type":"Article","@id":"https:\/\/develop.olympic.ca\/olympique\/2014\/01\/22\/eugenie-bouchard-en-demi-finale-des-internationaux-daustralie\/#article","isPartOf":{"@id":"https:\/\/develop.olympic.ca\/olympique\/2014\/01\/22\/eugenie-bouchard-en-demi-finale-des-internationaux-daustralie\/"},"author":{"name":"Callum Ng, Senior Writer \/ Producer","@id":"https:\/\/develop.olympic.ca\/olympique\/#\/schema\/person\/26c1c90d4b8068a48478c67d3333ca3c"},"headline":"Eugenie Bouchard en demi-finale des Internationaux d&rsquo;Australie : une \u00e9vidence","datePublished":"2014-01-22T21:55:21+00:00","dateModified":"2014-01-23T16:17:07+00:00","mainEntityOfPage":{"@id":"https:\/\/develop.olympic.ca\/olympique\/2014\/01\/22\/eugenie-bouchard-en-demi-finale-des-internationaux-daustralie\/"},"wordCount":525,"commentCount":4,"image":{"@id":"https:\/\/develop.olympic.ca\/olympique\/2014\/01\/22\/eugenie-bouchard-en-demi-finale-des-internationaux-daustralie\/#primaryimage"},"thumbnailUrl":"https:\/\/develop.olympic.ca\/olympique\/wp-content\/uploads\/sites\/2\/2014\/01\/genie_cover1.jpg?quality=100","keywords":["Ana Ivanovic","Eugenie Bouchard","internationaux d'Australie","Li Na","Serena Williams","Women's Tennis Association"],"articleSection":["Nouvelles"],"inLanguage":"fr-FR","potentialAction":[{"@type":"CommentAction","name":"Comment","target":["https:\/\/develop.olympic.ca\/olympique\/2014\/01\/22\/eugenie-bouchard-en-demi-finale-des-internationaux-daustralie\/#respond"]}]},{"@type":"WebPage","@id":"https:\/\/develop.olympic.ca\/olympique\/2014\/01\/22\/eugenie-bouchard-en-demi-finale-des-internationaux-daustralie\/","url":"https:\/\/develop.olympic.ca\/olympique\/2014\/01\/22\/eugenie-bouchard-en-demi-finale-des-internationaux-daustralie\/","name":"Eugenie Bouchard en demi-finale des Internationaux d'Australie : une \u00e9vidence - \u00c9quipe Canada | Site officiel de l&#039;\u00e9quipe olympique","isPartOf":{"@id":"https:\/\/develop.olympic.ca\/olympique\/#website"},"primaryImageOfPage":{"@id":"https:\/\/develop.olympic.ca\/olympique\/2014\/01\/22\/eugenie-bouchard-en-demi-finale-des-internationaux-daustralie\/#primaryimage"},"image":{"@id":"https:\/\/develop.olympic.ca\/olympique\/2014\/01\/22\/eugenie-bouchard-en-demi-finale-des-internationaux-daustralie\/#primaryimage"},"thumbnailUrl":"https:\/\/develop.olympic.ca\/olympique\/wp-content\/uploads\/sites\/2\/2014\/01\/genie_cover1.jpg?quality=100","datePublished":"2014-01-22T21:55:21+00:00","dateModified":"2014-01-23T16:17:07+00:00","author":{"@id":"https:\/\/develop.olympic.ca\/olympique\/#\/schema\/person\/26c1c90d4b8068a48478c67d3333ca3c"},"inLanguage":"fr-FR","potentialAction":[{"@type":"ReadAction","target":["https:\/\/develop.olympic.ca\/olympique\/2014\/01\/22\/eugenie-bouchard-en-demi-finale-des-internationaux-daustralie\/"]}]},{"@type":"ImageObject","inLanguage":"fr-FR","@id":"https:\/\/develop.olympic.ca\/olympique\/2014\/01\/22\/eugenie-bouchard-en-demi-finale-des-internationaux-daustralie\/#primaryimage","url":"https:\/\/develop.olympic.ca\/olympique\/wp-content\/uploads\/sites\/2\/2014\/01\/genie_cover1.jpg?quality=100","contentUrl":"https:\/\/develop.olympic.ca\/olympique\/wp-content\/uploads\/sites\/2\/2014\/01\/genie_cover1.jpg?quality=100","width":670,"height":377},{"@type":"WebSite","@id":"https:\/\/develop.olympic.ca\/olympique\/#website","url":"https:\/\/develop.olympic.ca\/olympique\/","name":"\u00c9quipe Canada | Site officiel de l&#039;\u00e9quipe olympique","description":"Votre source pour l\u2019\u00c9quipe olympique canadienne. Retrouvez les r\u00e9cits, vid\u00e9os et photos des athl\u00e8tes canadiens, sports olympiques, Jeux olympiques de 2020 et bien plus!","potentialAction":[{"@type":"SearchAction","target":{"@type":"EntryPoint","urlTemplate":"https:\/\/develop.olympic.ca\/olympique\/?s={search_term_string}"},"query-input":{"@type":"PropertyValueSpecification","valueRequired":true,"valueName":"search_term_string"}}],"inLanguage":"fr-FR"},{"@type":"Person","@id":"https:\/\/develop.olympic.ca\/olympique\/#\/schema\/person\/26c1c90d4b8068a48478c67d3333ca3c","name":"Callum Ng, Senior Writer \/ Producer","image":{"@type":"ImageObject","inLanguage":"fr-FR","@id":"https:\/\/secure.gravatar.com\/avatar\/a22f4c313660ac5b90d87637200a4a844bcd7c28ab830daacab6728406172e52?s=96&d=identicon&r=gfcb85575972b12bad5bdddd76de5daec","url":"https:\/\/secure.gravatar.com\/avatar\/a22f4c313660ac5b90d87637200a4a844bcd7c28ab830daacab6728406172e52?s=96&d=identicon&r=g","contentUrl":"https:\/\/secure.gravatar.com\/avatar\/a22f4c313660ac5b90d87637200a4a844bcd7c28ab830daacab6728406172e52?s=96&d=identicon&r=g","caption":"Callum Ng, Senior Writer \/ Producer"},"description":"I tell sport stories. Web, Social, Broadcast. I also like songs and dim sum. Talk to me, I'm friendly. Follow @CallumNg","url":"https:\/\/develop.olympic.ca\/olympique\/author\/cngolympic\/"}]}},"jetpack_featured_media_url":"https:\/\/develop.olympic.ca\/olympique\/wp-content\/uploads\/sites\/2\/2014\/01\/genie_cover1.jpg?quality=100","featured_image_url":"https:\/\/develop.olympic.ca\/olympique\/wp-content\/uploads\/sites\/2\/2014\/01\/genie_cover1.jpg?quality=100","author_name":["Callum Ng"],"category_names":["Nouvelles"],"tag_names":["Ana Ivanovic","Eugenie Bouchard","internationaux d'Australie","Li Na","Serena Williams","Women's Tennis Association"],"video_embed_code":"","facebook_video_embed_code":"","jetpack_sharing_enabled":true,"jetpack-related-posts":[],"jetpack_shortlink":"https:\/\/wp.me\/pbmyEP-nD3","_links":{"self":[{"href":"https:\/\/develop.olympic.ca\/olympique\/wp-json\/wp\/v2\/posts\/90833","targetHints":{"allow":["GET"]}}],"collection":[{"href":"https:\/\/develop.olympic.ca\/olympique\/wp-json\/wp\/v2\/posts"}],"about":[{"href":"https:\/\/develop.olympic.ca\/olympique\/wp-json\/wp\/v2\/types\/post"}],"author":[{"embeddable":true,"href":"https:\/\/develop.olympic.ca\/olympique\/wp-json\/wp\/v2\/users\/54400589"}],"replies":[{"embeddable":true,"href":"https:\/\/develop.olympic.ca\/olympique\/wp-json\/wp\/v2\/comments?post=90833"}],"version-history":[{"count":11,"href":"https:\/\/develop.olympic.ca\/olympique\/wp-json\/wp\/v2\/posts\/90833\/revisions"}],"predecessor-version":[{"id":90850,"href":"https:\/\/develop.olympic.ca\/olympique\/wp-json\/wp\/v2\/posts\/90833\/revisions\/90850"}],"wp:featuredmedia":[{"embeddable":true,"href":"https:\/\/develop.olympic.ca\/olympique\/wp-json\/wp\/v2\/media\/90843"}],"wp:attachment":[{"href":"https:\/\/develop.olympic.ca\/olympique\/wp-json\/wp\/v2\/media?parent=90833"}],"wp:term":[{"taxonomy":"category","embeddable":true,"href":"https:\/\/develop.olympic.ca\/olympique\/wp-json\/wp\/v2\/categories?post=90833"},{"taxonomy":"post_tag","embeddable":true,"href":"https:\/\/develop.olympic.ca\/olympique\/wp-json\/wp\/v2\/tags?post=90833"},{"taxonomy":"post_format","embeddable":true,"href":"https:\/\/develop.olympic.ca\/olympique\/wp-json\/wp\/v2\/post_format?post=90833"},{"taxonomy":"sport","embeddable":true,"href":"https:\/\/develop.olympic.ca\/olympique\/wp-json\/wp\/v2\/sport?post=90833"},{"taxonomy":"game","embeddable":true,"href":"https:\/\/develop.olympic.ca\/olympique\/wp-json\/wp\/v2\/game?post=90833"},{"taxonomy":"author","embeddable":true,"href":"https:\/\/develop.olympic.ca\/olympique\/wp-json\/wp\/v2\/coauthors?post=90833"}],"curies":[{"name":"wp","href":"https:\/\/api.w.org\/{rel}","templated":true}]}}