{"id":90868,"date":"2014-01-23T00:45:45","date_gmt":"2014-01-23T05:45:45","guid":{"rendered":"http:\/\/develop.olympic.ca\/olympique\/?p=90868"},"modified":"2014-01-23T00:50:28","modified_gmt":"2014-01-23T05:50:28","slug":"eugenie-bouchard-sincline-devant-li-na-en-demi-finales","status":"publish","type":"post","link":"https:\/\/develop.olympic.ca\/olympique\/2014\/01\/23\/eugenie-bouchard-sincline-devant-li-na-en-demi-finales\/","title":{"rendered":"Eugenie Bouchard s&rsquo;incline devant Li Na en demi-finale"},"content":{"rendered":"<p>Le parcours historique d&rsquo;Eugenie Bouchard aux Internationaux de tennis d&rsquo;Australie s&rsquo;est conclu par une d\u00e9faite de 6-2, 6-4 face \u00e0 la Chinoise Li Na.<\/p>\n<p>Il s\u2019agissait d&rsquo;une premi\u00e8re apparition en demi-finales d&rsquo;un tournoi du Grand Chelem pour une canadienne depuis 1984.<\/p>\n<p>La Qu\u00e9b\u00e9coise a poursuivi sur sa lanc\u00e9e de 2013 o\u00f9 elle a termin\u00e9 au 32e rang du classement mondial.<\/p>\n<p>Malgr\u00e9 la d\u00e9faite, Bouchard se retrouve maintenant parmi les 20 meilleures joueuses du circuit de la WTA.<\/p>\n","protected":false},"excerpt":{"rendered":"<p>Le parcours historique d&rsquo;Eugenie Bouchard aux Internationaux de tennis d&rsquo;Australie s&rsquo;est conclu par une d\u00e9faite de 6-2, 6-4 face \u00e0&#8230;<\/p>\n","protected":false},"author":54400589,"featured_media":90869,"comment_status":"open","ping_status":"open","sticky":false,"template":"","format":"standard","meta":{"_acf_changed":false,"_crdt_document":"","_jetpack_memberships_contains_paid_content":false,"footnotes":""},"categories":[9132699,16085],"tags":[],"post_format":"standard","sport":[1999],"game":[],"coauthors":[197174239],"class_list":["post-90868","post","type-post","status-publish","format-standard","has-post-thumbnail","hentry","category-en-vedette","category-nouvelles","sport-tennis"],"acf":[],"yoast_head":"<!-- This site is optimized with the Yoast SEO plugin v27.5 - https:\/\/yoast.com\/product\/yoast-seo-wordpress\/ -->\n<title>Eugenie Bouchard s&#039;incline devant Li Na en demi-finale - \u00c9quipe Canada | Site officiel de l&#039;\u00e9quipe olympique<\/title>\n<meta name=\"robots\" content=\"index, follow, max-snippet:-1, max-image-preview:large, max-video-preview:-1\" \/>\n<link rel=\"canonical\" href=\"https:\/\/develop.olympic.ca\/olympique\/2014\/01\/23\/eugenie-bouchard-sincline-devant-li-na-en-demi-finales\/\" \/>\n<meta property=\"og:locale\" content=\"fr_FR\" \/>\n<meta property=\"og:type\" content=\"article\" \/>\n<meta property=\"og:title\" content=\"Eugenie Bouchard s&#039;incline devant Li Na en demi-finale - \u00c9quipe Canada | Site officiel de l&#039;\u00e9quipe olympique\" \/>\n<meta property=\"og:description\" content=\"Le parcours historique d&rsquo;Eugenie Bouchard aux Internationaux de tennis d&rsquo;Australie s&rsquo;est conclu par une d\u00e9faite de 6-2, 6-4 face \u00e0...\" \/>\n<meta property=\"og:url\" content=\"https:\/\/develop.olympic.ca\/olympique\/2014\/01\/23\/eugenie-bouchard-sincline-devant-li-na-en-demi-finales\/\" \/>\n<meta property=\"og:site_name\" content=\"\u00c9quipe Canada | Site officiel de l&#039;\u00e9quipe olympique\" \/>\n<meta property=\"article:published_time\" content=\"2014-01-23T05:45:45+00:00\" \/>\n<meta property=\"article:modified_time\" content=\"2014-01-23T05:50:28+00:00\" \/>\n<meta property=\"og:image\" content=\"https:\/\/develop.olympic.ca\/olympique\/wp-content\/uploads\/sites\/2\/2014\/01\/cover.jpg?quality=100\" \/>\n\t<meta property=\"og:image:width\" content=\"670\" \/>\n\t<meta property=\"og:image:height\" content=\"377\" \/>\n\t<meta property=\"og:image:type\" content=\"image\/jpeg\" \/>\n<meta name=\"author\" content=\"Callum Ng\" \/>\n<meta name=\"twitter:card\" content=\"summary_large_image\" \/>\n<meta name=\"twitter:label1\" content=\"Written by\" \/>\n\t<meta name=\"twitter:data1\" content=\"Callum Ng\" \/>\n<script type=\"application\/ld+json\" class=\"yoast-schema-graph\">{\"@context\":\"https:\\\/\\\/schema.org\",\"@graph\":[{\"@type\":\"Article\",\"@id\":\"https:\\\/\\\/develop.olympic.ca\\\/olympique\\\/2014\\\/01\\\/23\\\/eugenie-bouchard-sincline-devant-li-na-en-demi-finales\\\/#article\",\"isPartOf\":{\"@id\":\"https:\\\/\\\/develop.olympic.ca\\\/olympique\\\/2014\\\/01\\\/23\\\/eugenie-bouchard-sincline-devant-li-na-en-demi-finales\\\/\"},\"author\":{\"name\":\"Callum Ng, Senior Writer \\\/ Producer\",\"@id\":\"https:\\\/\\\/develop.olympic.ca\\\/olympique\\\/#\\\/schema\\\/person\\\/26c1c90d4b8068a48478c67d3333ca3c\"},\"headline\":\"Eugenie Bouchard s&rsquo;incline devant Li Na en demi-finale\",\"datePublished\":\"2014-01-23T05:45:45+00:00\",\"dateModified\":\"2014-01-23T05:50:28+00:00\",\"mainEntityOfPage\":{\"@id\":\"https:\\\/\\\/develop.olympic.ca\\\/olympique\\\/2014\\\/01\\\/23\\\/eugenie-bouchard-sincline-devant-li-na-en-demi-finales\\\/\"},\"wordCount\":94,\"commentCount\":0,\"image\":{\"@id\":\"https:\\\/\\\/develop.olympic.ca\\\/olympique\\\/2014\\\/01\\\/23\\\/eugenie-bouchard-sincline-devant-li-na-en-demi-finales\\\/#primaryimage\"},\"thumbnailUrl\":\"https:\\\/\\\/develop.olympic.ca\\\/olympique\\\/wp-content\\\/uploads\\\/sites\\\/2\\\/2014\\\/01\\\/cover.jpg?quality=100\",\"articleSection\":[\"En vedette\",\"Nouvelles\"],\"inLanguage\":\"fr-FR\",\"potentialAction\":[{\"@type\":\"CommentAction\",\"name\":\"Comment\",\"target\":[\"https:\\\/\\\/develop.olympic.ca\\\/olympique\\\/2014\\\/01\\\/23\\\/eugenie-bouchard-sincline-devant-li-na-en-demi-finales\\\/#respond\"]}]},{\"@type\":\"WebPage\",\"@id\":\"https:\\\/\\\/develop.olympic.ca\\\/olympique\\\/2014\\\/01\\\/23\\\/eugenie-bouchard-sincline-devant-li-na-en-demi-finales\\\/\",\"url\":\"https:\\\/\\\/develop.olympic.ca\\\/olympique\\\/2014\\\/01\\\/23\\\/eugenie-bouchard-sincline-devant-li-na-en-demi-finales\\\/\",\"name\":\"Eugenie Bouchard s'incline devant Li Na en demi-finale - \u00c9quipe Canada | Site officiel de l&#039;\u00e9quipe olympique\",\"isPartOf\":{\"@id\":\"https:\\\/\\\/develop.olympic.ca\\\/olympique\\\/#website\"},\"primaryImageOfPage\":{\"@id\":\"https:\\\/\\\/develop.olympic.ca\\\/olympique\\\/2014\\\/01\\\/23\\\/eugenie-bouchard-sincline-devant-li-na-en-demi-finales\\\/#primaryimage\"},\"image\":{\"@id\":\"https:\\\/\\\/develop.olympic.ca\\\/olympique\\\/2014\\\/01\\\/23\\\/eugenie-bouchard-sincline-devant-li-na-en-demi-finales\\\/#primaryimage\"},\"thumbnailUrl\":\"https:\\\/\\\/develop.olympic.ca\\\/olympique\\\/wp-content\\\/uploads\\\/sites\\\/2\\\/2014\\\/01\\\/cover.jpg?quality=100\",\"datePublished\":\"2014-01-23T05:45:45+00:00\",\"dateModified\":\"2014-01-23T05:50:28+00:00\",\"author\":{\"@id\":\"https:\\\/\\\/develop.olympic.ca\\\/olympique\\\/#\\\/schema\\\/person\\\/26c1c90d4b8068a48478c67d3333ca3c\"},\"inLanguage\":\"fr-FR\",\"potentialAction\":[{\"@type\":\"ReadAction\",\"target\":[\"https:\\\/\\\/develop.olympic.ca\\\/olympique\\\/2014\\\/01\\\/23\\\/eugenie-bouchard-sincline-devant-li-na-en-demi-finales\\\/\"]}]},{\"@type\":\"ImageObject\",\"inLanguage\":\"fr-FR\",\"@id\":\"https:\\\/\\\/develop.olympic.ca\\\/olympique\\\/2014\\\/01\\\/23\\\/eugenie-bouchard-sincline-devant-li-na-en-demi-finales\\\/#primaryimage\",\"url\":\"https:\\\/\\\/develop.olympic.ca\\\/olympique\\\/wp-content\\\/uploads\\\/sites\\\/2\\\/2014\\\/01\\\/cover.jpg?quality=100\",\"contentUrl\":\"https:\\\/\\\/develop.olympic.ca\\\/olympique\\\/wp-content\\\/uploads\\\/sites\\\/2\\\/2014\\\/01\\\/cover.jpg?quality=100\",\"width\":670,\"height\":377},{\"@type\":\"WebSite\",\"@id\":\"https:\\\/\\\/develop.olympic.ca\\\/olympique\\\/#website\",\"url\":\"https:\\\/\\\/develop.olympic.ca\\\/olympique\\\/\",\"name\":\"\u00c9quipe Canada | Site officiel de l&#039;\u00e9quipe olympique\",\"description\":\"Votre source pour l\u2019\u00c9quipe olympique canadienne. Retrouvez les r\u00e9cits, vid\u00e9os et photos des athl\u00e8tes canadiens, sports olympiques, Jeux olympiques de 2020 et bien plus!\",\"potentialAction\":[{\"@type\":\"SearchAction\",\"target\":{\"@type\":\"EntryPoint\",\"urlTemplate\":\"https:\\\/\\\/develop.olympic.ca\\\/olympique\\\/?s={search_term_string}\"},\"query-input\":{\"@type\":\"PropertyValueSpecification\",\"valueRequired\":true,\"valueName\":\"search_term_string\"}}],\"inLanguage\":\"fr-FR\"},{\"@type\":\"Person\",\"@id\":\"https:\\\/\\\/develop.olympic.ca\\\/olympique\\\/#\\\/schema\\\/person\\\/26c1c90d4b8068a48478c67d3333ca3c\",\"name\":\"Callum Ng, Senior Writer \\\/ Producer\",\"image\":{\"@type\":\"ImageObject\",\"inLanguage\":\"fr-FR\",\"@id\":\"https:\\\/\\\/secure.gravatar.com\\\/avatar\\\/a22f4c313660ac5b90d87637200a4a844bcd7c28ab830daacab6728406172e52?s=96&d=identicon&r=gfcb85575972b12bad5bdddd76de5daec\",\"url\":\"https:\\\/\\\/secure.gravatar.com\\\/avatar\\\/a22f4c313660ac5b90d87637200a4a844bcd7c28ab830daacab6728406172e52?s=96&d=identicon&r=g\",\"contentUrl\":\"https:\\\/\\\/secure.gravatar.com\\\/avatar\\\/a22f4c313660ac5b90d87637200a4a844bcd7c28ab830daacab6728406172e52?s=96&d=identicon&r=g\",\"caption\":\"Callum Ng, Senior Writer \\\/ Producer\"},\"description\":\"I tell sport stories. Web, Social, Broadcast. I also like songs and dim sum. Talk to me, I'm friendly. Follow @CallumNg\",\"url\":\"https:\\\/\\\/develop.olympic.ca\\\/olympique\\\/author\\\/cngolympic\\\/\"}]}<\/script>\n<!-- \/ Yoast SEO plugin. -->","yoast_head_json":{"title":"Eugenie Bouchard s'incline devant Li Na en demi-finale - \u00c9quipe Canada | Site officiel de l&#039;\u00e9quipe olympique","robots":{"index":"index","follow":"follow","max-snippet":"max-snippet:-1","max-image-preview":"max-image-preview:large","max-video-preview":"max-video-preview:-1"},"canonical":"https:\/\/develop.olympic.ca\/olympique\/2014\/01\/23\/eugenie-bouchard-sincline-devant-li-na-en-demi-finales\/","og_locale":"fr_FR","og_type":"article","og_title":"Eugenie Bouchard s'incline devant Li Na en demi-finale - \u00c9quipe Canada | Site officiel de l&#039;\u00e9quipe olympique","og_description":"Le parcours historique d&rsquo;Eugenie Bouchard aux Internationaux de tennis d&rsquo;Australie s&rsquo;est conclu par une d\u00e9faite de 6-2, 6-4 face \u00e0...","og_url":"https:\/\/develop.olympic.ca\/olympique\/2014\/01\/23\/eugenie-bouchard-sincline-devant-li-na-en-demi-finales\/","og_site_name":"\u00c9quipe Canada | Site officiel de l&#039;\u00e9quipe olympique","article_published_time":"2014-01-23T05:45:45+00:00","article_modified_time":"2014-01-23T05:50:28+00:00","og_image":[{"width":670,"height":377,"url":"https:\/\/develop.olympic.ca\/olympique\/wp-content\/uploads\/sites\/2\/2014\/01\/cover.jpg?quality=100","type":"image\/jpeg"}],"author":"Callum Ng","twitter_card":"summary_large_image","twitter_misc":{"Written by":"Callum Ng"},"schema":{"@context":"https:\/\/schema.org","@graph":[{"@type":"Article","@id":"https:\/\/develop.olympic.ca\/olympique\/2014\/01\/23\/eugenie-bouchard-sincline-devant-li-na-en-demi-finales\/#article","isPartOf":{"@id":"https:\/\/develop.olympic.ca\/olympique\/2014\/01\/23\/eugenie-bouchard-sincline-devant-li-na-en-demi-finales\/"},"author":{"name":"Callum Ng, Senior Writer \/ Producer","@id":"https:\/\/develop.olympic.ca\/olympique\/#\/schema\/person\/26c1c90d4b8068a48478c67d3333ca3c"},"headline":"Eugenie Bouchard s&rsquo;incline devant Li Na en demi-finale","datePublished":"2014-01-23T05:45:45+00:00","dateModified":"2014-01-23T05:50:28+00:00","mainEntityOfPage":{"@id":"https:\/\/develop.olympic.ca\/olympique\/2014\/01\/23\/eugenie-bouchard-sincline-devant-li-na-en-demi-finales\/"},"wordCount":94,"commentCount":0,"image":{"@id":"https:\/\/develop.olympic.ca\/olympique\/2014\/01\/23\/eugenie-bouchard-sincline-devant-li-na-en-demi-finales\/#primaryimage"},"thumbnailUrl":"https:\/\/develop.olympic.ca\/olympique\/wp-content\/uploads\/sites\/2\/2014\/01\/cover.jpg?quality=100","articleSection":["En vedette","Nouvelles"],"inLanguage":"fr-FR","potentialAction":[{"@type":"CommentAction","name":"Comment","target":["https:\/\/develop.olympic.ca\/olympique\/2014\/01\/23\/eugenie-bouchard-sincline-devant-li-na-en-demi-finales\/#respond"]}]},{"@type":"WebPage","@id":"https:\/\/develop.olympic.ca\/olympique\/2014\/01\/23\/eugenie-bouchard-sincline-devant-li-na-en-demi-finales\/","url":"https:\/\/develop.olympic.ca\/olympique\/2014\/01\/23\/eugenie-bouchard-sincline-devant-li-na-en-demi-finales\/","name":"Eugenie Bouchard s'incline devant Li Na en demi-finale - \u00c9quipe Canada | Site officiel de l&#039;\u00e9quipe olympique","isPartOf":{"@id":"https:\/\/develop.olympic.ca\/olympique\/#website"},"primaryImageOfPage":{"@id":"https:\/\/develop.olympic.ca\/olympique\/2014\/01\/23\/eugenie-bouchard-sincline-devant-li-na-en-demi-finales\/#primaryimage"},"image":{"@id":"https:\/\/develop.olympic.ca\/olympique\/2014\/01\/23\/eugenie-bouchard-sincline-devant-li-na-en-demi-finales\/#primaryimage"},"thumbnailUrl":"https:\/\/develop.olympic.ca\/olympique\/wp-content\/uploads\/sites\/2\/2014\/01\/cover.jpg?quality=100","datePublished":"2014-01-23T05:45:45+00:00","dateModified":"2014-01-23T05:50:28+00:00","author":{"@id":"https:\/\/develop.olympic.ca\/olympique\/#\/schema\/person\/26c1c90d4b8068a48478c67d3333ca3c"},"inLanguage":"fr-FR","potentialAction":[{"@type":"ReadAction","target":["https:\/\/develop.olympic.ca\/olympique\/2014\/01\/23\/eugenie-bouchard-sincline-devant-li-na-en-demi-finales\/"]}]},{"@type":"ImageObject","inLanguage":"fr-FR","@id":"https:\/\/develop.olympic.ca\/olympique\/2014\/01\/23\/eugenie-bouchard-sincline-devant-li-na-en-demi-finales\/#primaryimage","url":"https:\/\/develop.olympic.ca\/olympique\/wp-content\/uploads\/sites\/2\/2014\/01\/cover.jpg?quality=100","contentUrl":"https:\/\/develop.olympic.ca\/olympique\/wp-content\/uploads\/sites\/2\/2014\/01\/cover.jpg?quality=100","width":670,"height":377},{"@type":"WebSite","@id":"https:\/\/develop.olympic.ca\/olympique\/#website","url":"https:\/\/develop.olympic.ca\/olympique\/","name":"\u00c9quipe Canada | Site officiel de l&#039;\u00e9quipe olympique","description":"Votre source pour l\u2019\u00c9quipe olympique canadienne. Retrouvez les r\u00e9cits, vid\u00e9os et photos des athl\u00e8tes canadiens, sports olympiques, Jeux olympiques de 2020 et bien plus!","potentialAction":[{"@type":"SearchAction","target":{"@type":"EntryPoint","urlTemplate":"https:\/\/develop.olympic.ca\/olympique\/?s={search_term_string}"},"query-input":{"@type":"PropertyValueSpecification","valueRequired":true,"valueName":"search_term_string"}}],"inLanguage":"fr-FR"},{"@type":"Person","@id":"https:\/\/develop.olympic.ca\/olympique\/#\/schema\/person\/26c1c90d4b8068a48478c67d3333ca3c","name":"Callum Ng, Senior Writer \/ Producer","image":{"@type":"ImageObject","inLanguage":"fr-FR","@id":"https:\/\/secure.gravatar.com\/avatar\/a22f4c313660ac5b90d87637200a4a844bcd7c28ab830daacab6728406172e52?s=96&d=identicon&r=gfcb85575972b12bad5bdddd76de5daec","url":"https:\/\/secure.gravatar.com\/avatar\/a22f4c313660ac5b90d87637200a4a844bcd7c28ab830daacab6728406172e52?s=96&d=identicon&r=g","contentUrl":"https:\/\/secure.gravatar.com\/avatar\/a22f4c313660ac5b90d87637200a4a844bcd7c28ab830daacab6728406172e52?s=96&d=identicon&r=g","caption":"Callum Ng, Senior Writer \/ Producer"},"description":"I tell sport stories. Web, Social, Broadcast. I also like songs and dim sum. Talk to me, I'm friendly. Follow @CallumNg","url":"https:\/\/develop.olympic.ca\/olympique\/author\/cngolympic\/"}]}},"jetpack_featured_media_url":"https:\/\/develop.olympic.ca\/olympique\/wp-content\/uploads\/sites\/2\/2014\/01\/cover.jpg?quality=100","featured_image_url":"https:\/\/develop.olympic.ca\/olympique\/wp-content\/uploads\/sites\/2\/2014\/01\/cover.jpg?quality=100","author_name":["Callum Ng"],"category_names":["En vedette","Nouvelles"],"tag_names":[],"video_embed_code":"","facebook_video_embed_code":"","jetpack_sharing_enabled":true,"jetpack-related-posts":[],"jetpack_shortlink":"https:\/\/wp.me\/pbmyEP-nDC","_links":{"self":[{"href":"https:\/\/develop.olympic.ca\/olympique\/wp-json\/wp\/v2\/posts\/90868","targetHints":{"allow":["GET"]}}],"collection":[{"href":"https:\/\/develop.olympic.ca\/olympique\/wp-json\/wp\/v2\/posts"}],"about":[{"href":"https:\/\/develop.olympic.ca\/olympique\/wp-json\/wp\/v2\/types\/post"}],"author":[{"embeddable":true,"href":"https:\/\/develop.olympic.ca\/olympique\/wp-json\/wp\/v2\/users\/54400589"}],"replies":[{"embeddable":true,"href":"https:\/\/develop.olympic.ca\/olympique\/wp-json\/wp\/v2\/comments?post=90868"}],"version-history":[{"count":2,"href":"https:\/\/develop.olympic.ca\/olympique\/wp-json\/wp\/v2\/posts\/90868\/revisions"}],"predecessor-version":[{"id":90871,"href":"https:\/\/develop.olympic.ca\/olympique\/wp-json\/wp\/v2\/posts\/90868\/revisions\/90871"}],"wp:featuredmedia":[{"embeddable":true,"href":"https:\/\/develop.olympic.ca\/olympique\/wp-json\/wp\/v2\/media\/90869"}],"wp:attachment":[{"href":"https:\/\/develop.olympic.ca\/olympique\/wp-json\/wp\/v2\/media?parent=90868"}],"wp:term":[{"taxonomy":"category","embeddable":true,"href":"https:\/\/develop.olympic.ca\/olympique\/wp-json\/wp\/v2\/categories?post=90868"},{"taxonomy":"post_tag","embeddable":true,"href":"https:\/\/develop.olympic.ca\/olympique\/wp-json\/wp\/v2\/tags?post=90868"},{"taxonomy":"post_format","embeddable":true,"href":"https:\/\/develop.olympic.ca\/olympique\/wp-json\/wp\/v2\/post_format?post=90868"},{"taxonomy":"sport","embeddable":true,"href":"https:\/\/develop.olympic.ca\/olympique\/wp-json\/wp\/v2\/sport?post=90868"},{"taxonomy":"game","embeddable":true,"href":"https:\/\/develop.olympic.ca\/olympique\/wp-json\/wp\/v2\/game?post=90868"},{"taxonomy":"author","embeddable":true,"href":"https:\/\/develop.olympic.ca\/olympique\/wp-json\/wp\/v2\/coauthors?post=90868"}],"curies":[{"name":"wp","href":"https:\/\/api.w.org\/{rel}","templated":true}]}}