{"id":93016,"date":"2014-02-19T11:08:54","date_gmt":"2014-02-19T16:08:54","guid":{"rendered":"http:\/\/develop.olympic.ca\/olympique\/?p=93016"},"modified":"2020-06-02T15:14:34","modified_gmt":"2020-06-02T19:14:34","slug":"p-k-subban-et-carey-price-racontent-leur-experience-olympique","status":"publish","type":"post","link":"https:\/\/develop.olympic.ca\/olympique\/2014\/02\/19\/p-k-subban-et-carey-price-racontent-leur-experience-olympique\/","title":{"rendered":"P.K. Subban et Carey Price racontent leur exp\u00e9rience olympique"},"content":{"rendered":"<p>Il y a maintenant plus d&rsquo;une semaine que P.K. Subban et Carey Price se sont joint \u00e0 la d\u00e9l\u00e9gation canadienne. Les deux portes-couleurs du Canadien de Monr\u00e9al vivent pr\u00e9sentement leur bapt\u00eame olympique aux Jeux de Sotchi et ils comptent bien profiter de chaque moment. De passage \u00e0 la Maison olympique du Canada, les deux membres d&rsquo;\u00c9quipe Canada ont accept\u00e9 de partager leurs impressions.<\/p>\n<p><span class=\"embed-youtube\" style=\"text-align:center; display: block;\"><iframe loading=\"lazy\" class=\"youtube-player\" width=\"1360\" height=\"765\" src=\"https:\/\/www.youtube.com\/embed\/XQ77FfedGac?version=3&#038;rel=1&#038;showsearch=0&#038;showinfo=1&#038;iv_load_policy=1&#038;fs=1&#038;hl=fr-FR&#038;autohide=2&#038;wmode=transparent\" allowfullscreen=\"true\" style=\"border:0;\" sandbox=\"allow-scripts allow-same-origin allow-popups allow-presentation allow-popups-to-escape-sandbox\"><\/iframe><\/span><\/p>\n","protected":false},"excerpt":{"rendered":"<p>Il y a maintenant plus d&rsquo;une semaine que P.K. Subban et Carey Price se sont joint \u00e0 la d\u00e9l\u00e9gation canadienne&#8230;.<\/p>\n","protected":false},"author":55751844,"featured_media":93024,"comment_status":"open","ping_status":"open","sticky":false,"template":"","format":"standard","meta":{"_acf_changed":false,"_jetpack_newsletter_access":"","_jetpack_dont_email_post_to_subs":false,"_jetpack_newsletter_tier_id":0,"_jetpack_memberships_contains_paywalled_content":false,"_jetpack_memberships_contains_paid_content":false,"footnotes":"","jetpack_post_was_ever_published":false},"categories":[16085],"tags":[1626440,415988264,23765259],"post_format":"standard","sport":[],"game":[191933058],"coauthors":[197551639],"class_list":["post-93016","post","type-post","status-publish","format-standard","has-post-thumbnail","hentry","category-nouvelles","tag-carey-price","tag-diversite","tag-p-k-subban","game-2014-sotchi"],"acf":[],"featured_image_url":"https:\/\/develop.olympic.ca\/olympique\/wp-content\/uploads\/sites\/2\/2014\/02\/1497350_10202199875577454_2047142432_n.jpg?quality=100","author_name":["Steve Boudreau"],"category_names":["Nouvelles"],"tag_names":["Carey Price","diversit\u00e9","P.K. Subban"],"video_embed_code":"","facebook_video_embed_code":"","jetpack_sharing_enabled":true,"jetpack-related-posts":[],"jetpack_shortlink":"https:\/\/wp.me\/pbmyEP-ocg","jetpack_featured_media_url":"https:\/\/develop.olympic.ca\/olympique\/wp-content\/uploads\/sites\/2\/2014\/02\/1497350_10202199875577454_2047142432_n.jpg?quality=100","_links":{"self":[{"href":"https:\/\/develop.olympic.ca\/olympique\/wp-json\/wp\/v2\/posts\/93016","targetHints":{"allow":["GET"]}}],"collection":[{"href":"https:\/\/develop.olympic.ca\/olympique\/wp-json\/wp\/v2\/posts"}],"about":[{"href":"https:\/\/develop.olympic.ca\/olympique\/wp-json\/wp\/v2\/types\/post"}],"author":[{"embeddable":true,"href":"https:\/\/develop.olympic.ca\/olympique\/wp-json\/wp\/v2\/users\/55751844"}],"replies":[{"embeddable":true,"href":"https:\/\/develop.olympic.ca\/olympique\/wp-json\/wp\/v2\/comments?post=93016"}],"version-history":[{"count":6,"href":"https:\/\/develop.olympic.ca\/olympique\/wp-json\/wp\/v2\/posts\/93016\/revisions"}],"predecessor-version":[{"id":93348,"href":"https:\/\/develop.olympic.ca\/olympique\/wp-json\/wp\/v2\/posts\/93016\/revisions\/93348"}],"wp:featuredmedia":[{"embeddable":true,"href":"https:\/\/develop.olympic.ca\/olympique\/wp-json\/wp\/v2\/media\/93024"}],"wp:attachment":[{"href":"https:\/\/develop.olympic.ca\/olympique\/wp-json\/wp\/v2\/media?parent=93016"}],"wp:term":[{"taxonomy":"category","embeddable":true,"href":"https:\/\/develop.olympic.ca\/olympique\/wp-json\/wp\/v2\/categories?post=93016"},{"taxonomy":"post_tag","embeddable":true,"href":"https:\/\/develop.olympic.ca\/olympique\/wp-json\/wp\/v2\/tags?post=93016"},{"taxonomy":"post_format","embeddable":true,"href":"https:\/\/develop.olympic.ca\/olympique\/wp-json\/wp\/v2\/post_format?post=93016"},{"taxonomy":"sport","embeddable":true,"href":"https:\/\/develop.olympic.ca\/olympique\/wp-json\/wp\/v2\/sport?post=93016"},{"taxonomy":"game","embeddable":true,"href":"https:\/\/develop.olympic.ca\/olympique\/wp-json\/wp\/v2\/game?post=93016"},{"taxonomy":"author","embeddable":true,"href":"https:\/\/develop.olympic.ca\/olympique\/wp-json\/wp\/v2\/coauthors?post=93016"}],"curies":[{"name":"wp","href":"https:\/\/api.w.org\/{rel}","templated":true}]}}