{"id":94176,"date":"2014-04-16T15:33:37","date_gmt":"2014-04-16T19:33:37","guid":{"rendered":"http:\/\/develop.olympic.ca\/olympique\/?p=94176"},"modified":"2017-01-25T09:46:18","modified_gmt":"2017-01-25T14:46:18","slug":"tous-les-regards-tournes-vers-le-canadien","status":"publish","type":"post","link":"https:\/\/develop.olympic.ca\/olympique\/2014\/04\/16\/tous-les-regards-tournes-vers-le-canadien\/","title":{"rendered":"Tous les regards tourn\u00e9s vers le Canadien"},"content":{"rendered":"<h1>Pas moins de 21 ans se sont \u00e9coul\u00e9s depuis la derni\u00e8re conqu\u00eate de la Coupe Stanley par une \u00e9quipe canadienne.<\/h1>\n<h1>Mercredi soir, le Canadien tentera de mettre fin \u00e0 la disette alors qu&rsquo;il amorcera les s\u00e9ries \u00e9liminatoires comme seul repr\u00e9sentant du pays, une premi\u00e8re depuis 1973.<\/h1>\n<p>En effet, les S\u00e9nateurs d&rsquo;Ottawa, les Maple Leafs de Toronto, les Flames de Calgary, les Oilers d&rsquo;Edmonton, les Jets de Winnipeg et les Canucks de Vancouver n&rsquo;ont pu se qualifier pour le tournoi printanier.<\/p>\n<p><a href=\"http:\/\/develop.olympic.ca\/olympique\/team-canada\/carey-price\/\">Carey Price<\/a> et <a href=\"http:\/\/develop.olympic.ca\/olympique\/team-canada\/pk-subban\/\">P.K. Subban<\/a> pourront-ils se servir de leur exp\u00e9rience olympique \u00e0 <a href=\"http:\/\/develop.olympic.ca\/olympique\/2014\/02\/23\/equipe-canada-en-or-a-sotchi\/\">Sotchi<\/a> et remporter les grands honneurs de la LNH?<\/p>\n<p><img loading=\"lazy\" decoding=\"async\" class=\"alignleft size-full wp-image-94184\" src=\"http:\/\/develop.olympic.ca\/wp-content\/uploads\/sites\/2\/2014\/04\/05183654.jpg\" alt=\"Carey Price, P.K. Subban\" width=\"1360\" height=\"838\" srcset=\"https:\/\/develop.olympic.ca\/olympique\/wp-content\/uploads\/sites\/2\/2014\/04\/05183654.jpg 3000w, https:\/\/develop.olympic.ca\/olympique\/wp-content\/uploads\/sites\/2\/2014\/04\/05183654.jpg?resize=256,158 256w, https:\/\/develop.olympic.ca\/olympique\/wp-content\/uploads\/sites\/2\/2014\/04\/05183654.jpg?resize=602,371 602w, https:\/\/develop.olympic.ca\/olympique\/wp-content\/uploads\/sites\/2\/2014\/04\/05183654.jpg?resize=768,474 768w, https:\/\/develop.olympic.ca\/olympique\/wp-content\/uploads\/sites\/2\/2014\/04\/05183654.jpg?resize=1223,754 1223w, https:\/\/develop.olympic.ca\/olympique\/wp-content\/uploads\/sites\/2\/2014\/04\/05183654.jpg?resize=1536,947 1536w, https:\/\/develop.olympic.ca\/olympique\/wp-content\/uploads\/sites\/2\/2014\/04\/05183654.jpg?resize=2048,1263 2048w\" sizes=\"(max-width: 1360px) 100vw, 1360px\" \/><\/p>\n<p>Si tel est le cas, ils rejoindront seulement six joueurs \u00e0 avoir d\u00e9croch\u00e9 une m\u00e9daille d&rsquo;or olympique et remport\u00e9 la Coupe Stanley lors d&rsquo;une m\u00eame ann\u00e9e : Ken Morrow 1980, <a title=\"Brendan Shanahan\" href=\"http:\/\/develop.olympic.ca\/olympique\/team-canada\/brendan-shanahan\/\" target=\"_blank\">Brendan Shanhan<\/a> et <a title=\"Steve Yzerman\" href=\"http:\/\/develop.olympic.ca\/olympique\/team-canada\/steve-yzerman\/\" target=\"_blank\">Steve Yzerman <\/a>(2002), <a title=\"Jonathan Toews\" href=\"http:\/\/develop.olympic.ca\/olympique\/team-canada\/jonathan-toews\/\" target=\"_blank\">Jonathan Toews<\/a>, <a title=\"Brent Seabrook\" href=\"http:\/\/develop.olympic.ca\/olympique\/team-canada\/brent-seabrook\/\" target=\"_blank\">Brent Seabrook<\/a> et <a title=\"Duncan Keith\" href=\"http:\/\/develop.olympic.ca\/olympique\/team-canada\/duncan-keith\/\" target=\"_blank\">Duncan Keith<\/a> (2010).<\/p>\n<p>D&rsquo;autres Canadiens participants aux s\u00e9ries pourraient \u00e9galement voir leurs noms s&rsquo;ajouter \u00e0 cette liste d&rsquo;ici quelques mois :<\/p>\n<p><a title=\"Patrick Marleau\" href=\"http:\/\/develop.olympic.ca\/olympique\/team-canada\/patrick-marleau\/\" target=\"_blank\">Patrick Marleau <\/a>&amp; <a title=\"Marc-Edouard Vlasic\" href=\"http:\/\/develop.olympic.ca\/olympique\/team-canada\/marc-edouard-vlasic\/\" target=\"_blank\">Marc-\u00c9douard Vlasic <\/a>(San Jose), <a title=\"Jeff Carter\" href=\"http:\/\/develop.olympic.ca\/olympique\/team-canada\/jeff-carter\/\" target=\"_blank\">Jeff Carter <\/a>&amp; <a title=\"Drew Doughty\" href=\"http:\/\/develop.olympic.ca\/olympique\/team-canada\/drew-doughty\/\" target=\"_blank\">Drew Doughty<\/a> (Los Angeles), <a title=\"Corey Perry\" href=\"http:\/\/develop.olympic.ca\/olympique\/team-canada\/corey-perry\/\" target=\"_blank\">Corey Perry<\/a> &amp; <a title=\"Ryan Getzlaf\" href=\"http:\/\/develop.olympic.ca\/olympique\/team-canada\/ryan-getzlaf\/\" target=\"_blank\">Ryan Getzlaf <\/a>(Anaheim), <a title=\"Martin St-Louis\" href=\"http:\/\/develop.olympic.ca\/olympique\/team-canada\/martin-st-louis\/\" target=\"_blank\">Martin St. Louis<\/a> &amp; <a title=\"Rick Nash\" href=\"http:\/\/develop.olympic.ca\/olympique\/team-canada\/rick-nash\/\" target=\"_blank\">Rick Nash<\/a> (New York Rangers), <a title=\"Sidney Crosby\" href=\"http:\/\/develop.olympic.ca\/olympique\/team-canada\/sidney-crosby\/\" target=\"_blank\">Sidney Crosby<\/a> &amp; <a title=\"Chris Kunitz\" href=\"http:\/\/develop.olympic.ca\/olympique\/team-canada\/chris-kunitz\/\" target=\"_blank\">Chris Kunitz<\/a> (Pittsburg), <a title=\"Jay Bouwmeester\" href=\"http:\/\/develop.olympic.ca\/olympique\/team-canada\/jay-bouwmeester\/\" target=\"_blank\">Jay Bouwmeester<\/a> &amp; <a title=\"Alex Pietrangelo\" href=\"http:\/\/develop.olympic.ca\/olympique\/team-canada\/alex-pietrangelo\/\" target=\"_blank\">Alex Pietrangelo<\/a> (St. Louis), <a title=\"Matt Duchene\" href=\"http:\/\/develop.olympic.ca\/olympique\/team-canada\/matt-duchene\/\" target=\"_blank\">Matt Duchene<\/a> (Colorado), <a title=\"Jamie Benn\" href=\"http:\/\/develop.olympic.ca\/olympique\/team-canada\/jamie-benn\/\" target=\"_blank\">Jamie Benn<\/a> (Dallas), <a title=\"Mike Smith\" href=\"http:\/\/develop.olympic.ca\/olympique\/team-canada\/mike-smith\/\" target=\"_blank\">Mike Smith<\/a> (Phoenix), <a title=\"Patrick Sharp\" href=\"http:\/\/develop.olympic.ca\/olympique\/team-canada\/patrick-sharp\/\" target=\"_blank\">Patrick Sharp<\/a> (Chicago) et <a title=\"Patrice Bergeron\" href=\"http:\/\/develop.olympic.ca\/olympique\/team-canada\/patrice-bergeron\/\" target=\"_blank\">Patrice Bergeron<\/a> (Boston) font partie des pr\u00e9tendants.<\/p>\n<p>Le Canadien ouvrira le bal contre le Lightning \u00e0 Tampa Bay mercredi soir \u00e0 19h.<\/p>\n<p>\u00c0 voir \u00e9galement :<\/p>\n<p><span class=\"embed-youtube\" style=\"text-align:center; display: block;\"><iframe loading=\"lazy\" class=\"youtube-player\" width=\"1360\" height=\"765\" src=\"https:\/\/www.youtube.com\/embed\/XQ77FfedGac?version=3&#038;rel=1&#038;showsearch=0&#038;showinfo=1&#038;iv_load_policy=1&#038;fs=1&#038;hl=fr-FR&#038;autohide=2&#038;wmode=transparent\" allowfullscreen=\"true\" style=\"border:0;\" sandbox=\"allow-scripts allow-same-origin allow-popups allow-presentation allow-popups-to-escape-sandbox\"><\/iframe><\/span><\/p>\n","protected":false},"excerpt":{"rendered":"<p>Pas moins de 21 ans se sont \u00e9coul\u00e9s depuis la derni\u00e8re conqu\u00eate de la Coupe Stanley par une \u00e9quipe canadienne&#8230;.<\/p>\n","protected":false},"author":55751844,"featured_media":94181,"comment_status":"open","ping_status":"open","sticky":false,"template":"","format":"standard","meta":{"_acf_changed":false,"_jetpack_newsletter_access":"","_jetpack_dont_email_post_to_subs":false,"_jetpack_newsletter_tier_id":0,"_jetpack_memberships_contains_paywalled_content":false,"_jetpack_memberships_contains_paid_content":false,"footnotes":"","jetpack_post_was_ever_published":false},"categories":[6357361],"tags":[742571,1626440,795444,357539,720483,7116,5272635],"post_format":"standard","sport":[891977],"game":[],"coauthors":[197551639],"class_list":["post-94176","post","type-post","status-publish","format-standard","has-post-thumbnail","hentry","category-sur-le-radar","tag-canadiens","tag-carey-price","tag-coupe-stanley","tag-habs","tag-lnh","tag-montreal","tag-pk-subban","sport-hockey-sur-glace"],"acf":[],"featured_image_url":"https:\/\/develop.olympic.ca\/olympique\/wp-content\/uploads\/sites\/2\/2014\/04\/capture-d_ecc81cran-2014-04-16-acc80-1-43-06-pm.png","author_name":["Steve Boudreau"],"category_names":["Sur le radar"],"tag_names":["canadiens","Carey Price","coupe stanley","habs","LNH","Montreal","PK Subban"],"video_embed_code":"","facebook_video_embed_code":"","jetpack_sharing_enabled":true,"jetpack-related-posts":[],"jetpack_shortlink":"https:\/\/wp.me\/pbmyEP-ouY","jetpack_featured_media_url":"https:\/\/develop.olympic.ca\/olympique\/wp-content\/uploads\/sites\/2\/2014\/04\/capture-d_ecc81cran-2014-04-16-acc80-1-43-06-pm.png","_links":{"self":[{"href":"https:\/\/develop.olympic.ca\/olympique\/wp-json\/wp\/v2\/posts\/94176","targetHints":{"allow":["GET"]}}],"collection":[{"href":"https:\/\/develop.olympic.ca\/olympique\/wp-json\/wp\/v2\/posts"}],"about":[{"href":"https:\/\/develop.olympic.ca\/olympique\/wp-json\/wp\/v2\/types\/post"}],"author":[{"embeddable":true,"href":"https:\/\/develop.olympic.ca\/olympique\/wp-json\/wp\/v2\/users\/55751844"}],"replies":[{"embeddable":true,"href":"https:\/\/develop.olympic.ca\/olympique\/wp-json\/wp\/v2\/comments?post=94176"}],"version-history":[{"count":19,"href":"https:\/\/develop.olympic.ca\/olympique\/wp-json\/wp\/v2\/posts\/94176\/revisions"}],"predecessor-version":[{"id":126144,"href":"https:\/\/develop.olympic.ca\/olympique\/wp-json\/wp\/v2\/posts\/94176\/revisions\/126144"}],"wp:featuredmedia":[{"embeddable":true,"href":"https:\/\/develop.olympic.ca\/olympique\/wp-json\/wp\/v2\/media\/94181"}],"wp:attachment":[{"href":"https:\/\/develop.olympic.ca\/olympique\/wp-json\/wp\/v2\/media?parent=94176"}],"wp:term":[{"taxonomy":"category","embeddable":true,"href":"https:\/\/develop.olympic.ca\/olympique\/wp-json\/wp\/v2\/categories?post=94176"},{"taxonomy":"post_tag","embeddable":true,"href":"https:\/\/develop.olympic.ca\/olympique\/wp-json\/wp\/v2\/tags?post=94176"},{"taxonomy":"post_format","embeddable":true,"href":"https:\/\/develop.olympic.ca\/olympique\/wp-json\/wp\/v2\/post_format?post=94176"},{"taxonomy":"sport","embeddable":true,"href":"https:\/\/develop.olympic.ca\/olympique\/wp-json\/wp\/v2\/sport?post=94176"},{"taxonomy":"game","embeddable":true,"href":"https:\/\/develop.olympic.ca\/olympique\/wp-json\/wp\/v2\/game?post=94176"},{"taxonomy":"author","embeddable":true,"href":"https:\/\/develop.olympic.ca\/olympique\/wp-json\/wp\/v2\/coauthors?post=94176"}],"curies":[{"name":"wp","href":"https:\/\/api.w.org\/{rel}","templated":true}]}}