{"id":94984,"date":"2014-05-27T12:22:21","date_gmt":"2014-05-27T16:22:21","guid":{"rendered":"http:\/\/develop.olympic.ca\/olympique\/?p=94984"},"modified":"2020-04-23T13:50:10","modified_gmt":"2020-04-23T17:50:10","slug":"des-hauts-et-des-bas-pour-les-canadiens-a-roland-garros","status":"publish","type":"post","link":"https:\/\/develop.olympic.ca\/olympique\/2014\/05\/27\/des-hauts-et-des-bas-pour-les-canadiens-a-roland-garros\/","title":{"rendered":"Des hauts et des bas pour les Canadiens \u00e0 Roland Garros"},"content":{"rendered":"<h1>Les Canadiens ont connu\u00a0des bons et des mauvais coups ce lundi au tournoi Roland Garros o\u00f9 Eugenie Bouchard a pris les devants\u00a0avec sa victoire en premi\u00e8re ronde.<\/h1>\n<p>Bouchard &#8211; class\u00e9e 18e &#8211; en a rapidement fini avec Shahar Pe&rsquo;er d&rsquo;Isra\u00ebl en gagnant 6-0, 6-2 en seulement 59 minutes et ce, imm\u00e9diatement apr\u00e8s<a title=\"Eugenie Bouchard d\u00e9croche un 1er titre en carri\u00e8re\" href=\"http:\/\/develop.olympic.ca\/olympique\/2014\/05\/24\/eugenie-bouchard-decroche-un-1er-titre-en-carriere\/\" target=\"_blank\" rel=\"noopener\"> l&rsquo;obtention de son premier titre de la WTA<\/a> en Allemagne. Sa prochaine adversaire sera la joueuse allemande Julian Gorges.<\/p>\n<p>Sharon Fichman de Toronto a gagn\u00e9 la premi\u00e8re manche\u00a0de son match d&rsquo;ouverture 7-5 contre la sixi\u00e8me de t\u00eate de s\u00e9rie Jelena Jankovic. Fichman \u00e9tait en d\u00e9savantage 5-1 dans la deuxi\u00e8me manche avant que le match ne soit suspendu en raison de la pluie tombante. <a title=\"Aleksandra Wozniak\" href=\"http:\/\/develop.olympic.ca\/olympique\/team-canada\/aleksandra-wozniak\/\" target=\"_blank\" rel=\"noopener\">Aleksandra Wozniak<\/a> a elle aussi connu\u00a0le m\u00eame sort. La pluie a emp\u00each\u00e9 son match de d\u00e9buter contre la Tha\u00eflandaise Luksika Kumkhum.<\/p>\n<div class=\"embed-twitter\">\n<blockquote class=\"twitter-tweet\" data-width=\"550\" data-dnt=\"true\">\n<p lang=\"fr\" dir=\"ltr\">Match interrompu sur le n\u00b07 pour obscurit\u00e9, Jankovic v Fichman (5\/7 5-1) reprendra demain. <a href=\"https:\/\/twitter.com\/hashtag\/RG14?src=hash&amp;ref_src=twsrc%5Etfw\">#RG14<\/a><\/p>\n<p>&mdash; Roland-Garros (@rolandgarros) <a href=\"https:\/\/twitter.com\/rolandgarros\/status\/471009029423394816?ref_src=twsrc%5Etfw\">May 26, 2014<\/a><\/p><\/blockquote>\n<p><script async src=\"https:\/\/platform.twitter.com\/widgets.js\" charset=\"utf-8\"><\/script><\/div>\n<p>Dans les hommes en simple, <a title=\"Vasek Pospisil\" href=\"http:\/\/develop.olympic.ca\/olympique\/team-canada\/vasek-pospisil-1\/\" target=\"_blank\" rel=\"noopener\">Vasek Pospisil<\/a> de la Colombie-Britannique s&rsquo;est fait retirer en trois manches de 6-4, 6-2 et 6-3 par Teymuraz Gabashvili de la Russie.<\/p>\n<p>Posipisil est le deuxi\u00e8me Canadien \u00e0 s&rsquo;incliner dans les hommes en simple. Peter Polansky avait \u00e9galement perdu contre le Tch\u00e8que Thomas Berdych ce dimanche \u00e0 6-3, 6-4, 6-4.<\/p>\n<p>Il ne reste donc que <a title=\"Milos Raonic\" href=\"http:\/\/develop.olympic.ca\/olympique\/team-canada\/milos-raonic\/\" target=\"_blank\" rel=\"noopener\">Milos Raonic<\/a> dans les hommes en simple \u00e0 repr\u00e9senter la feuille d&rsquo;\u00e9rable \u00e0 Roland Garros. La 8e t\u00eate de s\u00e9rie a gagn\u00e9 ce dimanche d&rsquo;une victoire de 6-3,7-6,6-3 contre Nick Kyrgios de l&rsquo;Australie. Raonic rencontrera Jiri Vesely de la R\u00e9publique tch\u00e8que en deuxi\u00e8me ronde.<\/p>\n<p>Pendant ce temps, la neuvi\u00e8me t\u00eate de s\u00e9rie Kei Nishikori du Japon a perdu sa ronde d&rsquo;ouverture contre le Slovaque Martin Klizan, ce qui laisse la porte grande ouverte \u00e0 Raonic qui est pr\u00e9sentement le favori \u00e0 \u00e9merger de son groupe.<\/p>\n<p>Le tournoi en double\u00a0chez les hommes s&rsquo;amorcera ce mardi avec Pospisil et son partenaire am\u00e9ricain Rajeev Ram qui entreront en action.<\/p>\n<div class=\"zemanta-pixie\" style=\"margin-top:10px;height:15px;\"><a class=\"zemanta-pixie-a\" title=\"Enhanced by Zemanta\" href=\"http:\/\/www.zemanta.com\/?px\"><img decoding=\"async\" class=\"zemanta-pixie-img\" style=\"border:none;float:right;\" src=\"http:\/\/img.zemanta.com\/zemified_e.png?x-id=94a8771a-1438-4b7c-96a9-ad37e2ccd589\" alt=\"Enhanced by Zemanta\" \/><\/a><\/div>\n","protected":false},"excerpt":{"rendered":"<p>Les Canadiens ont connu\u00a0des bons et des mauvais coups ce lundi au tournoi Roland Garros o\u00f9 Eugenie Bouchard a pris&#8230;<\/p>\n","protected":false},"author":10774097,"featured_media":94985,"comment_status":"open","ping_status":"open","sticky":false,"template":"","format":"standard","meta":{"_acf_changed":false,"_crdt_document":"","_jetpack_memberships_contains_paid_content":false,"footnotes":""},"categories":[16085],"tags":[1104411,14359971,4704,177686,682163385,415985552,100364153,4364768,137737397,23905354,59339099,192698,682163334,7422531,2781325],"post_format":"standard","sport":[1999],"game":[],"coauthors":[197553292],"class_list":["post-94984","post","type-post","status-publish","format-standard","has-post-thumbnail","hentry","category-nouvelles","tag-equipe-canada","tag-eugenie-bouchard","tag-france","tag-french-open","tag-french-open-2014","tag-genie","tag-genie-bouchard","tag-grand-chelem","tag-luksika-kumkhum","tag-milos-raonic","tag-nick-kyrgios","tag-roland-garros","tag-roland-garros-2014","tag-tennis-2","tag-tennis-canada","sport-tennis"],"acf":[],"yoast_head":"<!-- This site is optimized with the Yoast SEO plugin v27.3 - https:\/\/yoast.com\/product\/yoast-seo-wordpress\/ -->\n<title>Des hauts et des bas pour les Canadiens \u00e0 Roland Garros - \u00c9quipe Canada | Site officiel de l&#039;\u00e9quipe olympique<\/title>\n<meta name=\"robots\" content=\"index, follow, max-snippet:-1, max-image-preview:large, max-video-preview:-1\" \/>\n<link rel=\"canonical\" href=\"https:\/\/develop.olympic.ca\/olympique\/2014\/05\/27\/des-hauts-et-des-bas-pour-les-canadiens-a-roland-garros\/\" \/>\n<meta property=\"og:locale\" content=\"fr_FR\" \/>\n<meta property=\"og:type\" content=\"article\" \/>\n<meta property=\"og:title\" content=\"Des hauts et des bas pour les Canadiens \u00e0 Roland Garros - \u00c9quipe Canada | Site officiel de l&#039;\u00e9quipe olympique\" \/>\n<meta property=\"og:description\" content=\"Les Canadiens ont connu\u00a0des bons et des mauvais coups ce lundi au tournoi Roland Garros o\u00f9 Eugenie Bouchard a pris...\" \/>\n<meta property=\"og:url\" content=\"https:\/\/develop.olympic.ca\/olympique\/2014\/05\/27\/des-hauts-et-des-bas-pour-les-canadiens-a-roland-garros\/\" \/>\n<meta property=\"og:site_name\" content=\"\u00c9quipe Canada | Site officiel de l&#039;\u00e9quipe olympique\" \/>\n<meta property=\"article:published_time\" content=\"2014-05-27T16:22:21+00:00\" \/>\n<meta property=\"article:modified_time\" content=\"2020-04-23T17:50:10+00:00\" \/>\n<meta property=\"og:image\" content=\"https:\/\/develop.olympic.ca\/olympique\/wp-content\/uploads\/sites\/2\/2014\/05\/rolandgarros.jpg?quality=100\" \/>\n\t<meta property=\"og:image:width\" content=\"670\" \/>\n\t<meta property=\"og:image:height\" content=\"377\" \/>\n\t<meta property=\"og:image:type\" content=\"image\/jpeg\" \/>\n<meta name=\"author\" content=\"Asif Hossain\" \/>\n<meta name=\"twitter:card\" content=\"summary_large_image\" \/>\n<meta name=\"twitter:label1\" content=\"Written by\" \/>\n\t<meta name=\"twitter:data1\" content=\"Asif Hossain\" \/>\n\t<meta name=\"twitter:label2\" content=\"Est. reading time\" \/>\n\t<meta name=\"twitter:data2\" content=\"2 minutes\" \/>\n<script type=\"application\/ld+json\" class=\"yoast-schema-graph\">{\"@context\":\"https:\\\/\\\/schema.org\",\"@graph\":[{\"@type\":\"Article\",\"@id\":\"https:\\\/\\\/develop.olympic.ca\\\/olympique\\\/2014\\\/05\\\/27\\\/des-hauts-et-des-bas-pour-les-canadiens-a-roland-garros\\\/#article\",\"isPartOf\":{\"@id\":\"https:\\\/\\\/develop.olympic.ca\\\/olympique\\\/2014\\\/05\\\/27\\\/des-hauts-et-des-bas-pour-les-canadiens-a-roland-garros\\\/\"},\"author\":{\"name\":\"Asif Hossain\",\"@id\":\"https:\\\/\\\/develop.olympic.ca\\\/olympique\\\/#\\\/schema\\\/person\\\/b6aaae4d1289f5c395d8872e37272678\"},\"headline\":\"Des hauts et des bas pour les Canadiens \u00e0 Roland Garros\",\"datePublished\":\"2014-05-27T16:22:21+00:00\",\"dateModified\":\"2020-04-23T17:50:10+00:00\",\"mainEntityOfPage\":{\"@id\":\"https:\\\/\\\/develop.olympic.ca\\\/olympique\\\/2014\\\/05\\\/27\\\/des-hauts-et-des-bas-pour-les-canadiens-a-roland-garros\\\/\"},\"wordCount\":356,\"commentCount\":0,\"image\":{\"@id\":\"https:\\\/\\\/develop.olympic.ca\\\/olympique\\\/2014\\\/05\\\/27\\\/des-hauts-et-des-bas-pour-les-canadiens-a-roland-garros\\\/#primaryimage\"},\"thumbnailUrl\":\"https:\\\/\\\/develop.olympic.ca\\\/olympique\\\/wp-content\\\/uploads\\\/sites\\\/2\\\/2014\\\/05\\\/rolandgarros.jpg?quality=100\",\"keywords\":[\"\u00c9quipe canada\",\"Eugenie Bouchard\",\"France\",\"French Open\",\"French open 2014\",\"Genie\",\"Genie Bouchard\",\"Grand Chelem\",\"Luksika Kumkhum\",\"Milos Raonic\",\"Nick Kyrgios\",\"Roland Garros\",\"Roland-Garros 2014\",\"tennis\",\"Tennis Canada\"],\"articleSection\":[\"Nouvelles\"],\"inLanguage\":\"fr-FR\",\"potentialAction\":[{\"@type\":\"CommentAction\",\"name\":\"Comment\",\"target\":[\"https:\\\/\\\/develop.olympic.ca\\\/olympique\\\/2014\\\/05\\\/27\\\/des-hauts-et-des-bas-pour-les-canadiens-a-roland-garros\\\/#respond\"]}]},{\"@type\":\"WebPage\",\"@id\":\"https:\\\/\\\/develop.olympic.ca\\\/olympique\\\/2014\\\/05\\\/27\\\/des-hauts-et-des-bas-pour-les-canadiens-a-roland-garros\\\/\",\"url\":\"https:\\\/\\\/develop.olympic.ca\\\/olympique\\\/2014\\\/05\\\/27\\\/des-hauts-et-des-bas-pour-les-canadiens-a-roland-garros\\\/\",\"name\":\"Des hauts et des bas pour les Canadiens \u00e0 Roland Garros - \u00c9quipe Canada | Site officiel de l&#039;\u00e9quipe olympique\",\"isPartOf\":{\"@id\":\"https:\\\/\\\/develop.olympic.ca\\\/olympique\\\/#website\"},\"primaryImageOfPage\":{\"@id\":\"https:\\\/\\\/develop.olympic.ca\\\/olympique\\\/2014\\\/05\\\/27\\\/des-hauts-et-des-bas-pour-les-canadiens-a-roland-garros\\\/#primaryimage\"},\"image\":{\"@id\":\"https:\\\/\\\/develop.olympic.ca\\\/olympique\\\/2014\\\/05\\\/27\\\/des-hauts-et-des-bas-pour-les-canadiens-a-roland-garros\\\/#primaryimage\"},\"thumbnailUrl\":\"https:\\\/\\\/develop.olympic.ca\\\/olympique\\\/wp-content\\\/uploads\\\/sites\\\/2\\\/2014\\\/05\\\/rolandgarros.jpg?quality=100\",\"datePublished\":\"2014-05-27T16:22:21+00:00\",\"dateModified\":\"2020-04-23T17:50:10+00:00\",\"author\":{\"@id\":\"https:\\\/\\\/develop.olympic.ca\\\/olympique\\\/#\\\/schema\\\/person\\\/b6aaae4d1289f5c395d8872e37272678\"},\"inLanguage\":\"fr-FR\",\"potentialAction\":[{\"@type\":\"ReadAction\",\"target\":[\"https:\\\/\\\/develop.olympic.ca\\\/olympique\\\/2014\\\/05\\\/27\\\/des-hauts-et-des-bas-pour-les-canadiens-a-roland-garros\\\/\"]}]},{\"@type\":\"ImageObject\",\"inLanguage\":\"fr-FR\",\"@id\":\"https:\\\/\\\/develop.olympic.ca\\\/olympique\\\/2014\\\/05\\\/27\\\/des-hauts-et-des-bas-pour-les-canadiens-a-roland-garros\\\/#primaryimage\",\"url\":\"https:\\\/\\\/develop.olympic.ca\\\/olympique\\\/wp-content\\\/uploads\\\/sites\\\/2\\\/2014\\\/05\\\/rolandgarros.jpg?quality=100\",\"contentUrl\":\"https:\\\/\\\/develop.olympic.ca\\\/olympique\\\/wp-content\\\/uploads\\\/sites\\\/2\\\/2014\\\/05\\\/rolandgarros.jpg?quality=100\",\"width\":670,\"height\":377},{\"@type\":\"WebSite\",\"@id\":\"https:\\\/\\\/develop.olympic.ca\\\/olympique\\\/#website\",\"url\":\"https:\\\/\\\/develop.olympic.ca\\\/olympique\\\/\",\"name\":\"\u00c9quipe Canada | Site officiel de l&#039;\u00e9quipe olympique\",\"description\":\"Votre source pour l\u2019\u00c9quipe olympique canadienne. Retrouvez les r\u00e9cits, vid\u00e9os et photos des athl\u00e8tes canadiens, sports olympiques, Jeux olympiques de 2020 et bien plus!\",\"potentialAction\":[{\"@type\":\"SearchAction\",\"target\":{\"@type\":\"EntryPoint\",\"urlTemplate\":\"https:\\\/\\\/develop.olympic.ca\\\/olympique\\\/?s={search_term_string}\"},\"query-input\":{\"@type\":\"PropertyValueSpecification\",\"valueRequired\":true,\"valueName\":\"search_term_string\"}}],\"inLanguage\":\"fr-FR\"},{\"@type\":\"Person\",\"@id\":\"https:\\\/\\\/develop.olympic.ca\\\/olympique\\\/#\\\/schema\\\/person\\\/b6aaae4d1289f5c395d8872e37272678\",\"name\":\"Asif Hossain\",\"image\":{\"@type\":\"ImageObject\",\"inLanguage\":\"fr-FR\",\"@id\":\"https:\\\/\\\/secure.gravatar.com\\\/avatar\\\/d78674d61b6b8fcd5488a575ef3fab9b8bed1978cf5bb978adeae1f9411abe4a?s=96&d=identicon&r=g22eff5eea2e28da905f112e9933af68b\",\"url\":\"https:\\\/\\\/secure.gravatar.com\\\/avatar\\\/d78674d61b6b8fcd5488a575ef3fab9b8bed1978cf5bb978adeae1f9411abe4a?s=96&d=identicon&r=g\",\"contentUrl\":\"https:\\\/\\\/secure.gravatar.com\\\/avatar\\\/d78674d61b6b8fcd5488a575ef3fab9b8bed1978cf5bb978adeae1f9411abe4a?s=96&d=identicon&r=g\",\"caption\":\"Asif Hossain\"},\"description\":\"Digital content, marketing and communications manager by trade.\",\"sameAs\":[\"http:\\\/\\\/asifhossain.wordpress.com\"],\"url\":\"https:\\\/\\\/develop.olympic.ca\\\/olympique\\\/author\\\/asifhossain\\\/\"}]}<\/script>\n<!-- \/ Yoast SEO plugin. -->","yoast_head_json":{"title":"Des hauts et des bas pour les Canadiens \u00e0 Roland Garros - \u00c9quipe Canada | Site officiel de l&#039;\u00e9quipe olympique","robots":{"index":"index","follow":"follow","max-snippet":"max-snippet:-1","max-image-preview":"max-image-preview:large","max-video-preview":"max-video-preview:-1"},"canonical":"https:\/\/develop.olympic.ca\/olympique\/2014\/05\/27\/des-hauts-et-des-bas-pour-les-canadiens-a-roland-garros\/","og_locale":"fr_FR","og_type":"article","og_title":"Des hauts et des bas pour les Canadiens \u00e0 Roland Garros - \u00c9quipe Canada | Site officiel de l&#039;\u00e9quipe olympique","og_description":"Les Canadiens ont connu\u00a0des bons et des mauvais coups ce lundi au tournoi Roland Garros o\u00f9 Eugenie Bouchard a pris...","og_url":"https:\/\/develop.olympic.ca\/olympique\/2014\/05\/27\/des-hauts-et-des-bas-pour-les-canadiens-a-roland-garros\/","og_site_name":"\u00c9quipe Canada | Site officiel de l&#039;\u00e9quipe olympique","article_published_time":"2014-05-27T16:22:21+00:00","article_modified_time":"2020-04-23T17:50:10+00:00","og_image":[{"width":670,"height":377,"url":"https:\/\/develop.olympic.ca\/olympique\/wp-content\/uploads\/sites\/2\/2014\/05\/rolandgarros.jpg?quality=100","type":"image\/jpeg"}],"author":"Asif Hossain","twitter_card":"summary_large_image","twitter_misc":{"Written by":"Asif Hossain","Est. reading time":"2 minutes"},"schema":{"@context":"https:\/\/schema.org","@graph":[{"@type":"Article","@id":"https:\/\/develop.olympic.ca\/olympique\/2014\/05\/27\/des-hauts-et-des-bas-pour-les-canadiens-a-roland-garros\/#article","isPartOf":{"@id":"https:\/\/develop.olympic.ca\/olympique\/2014\/05\/27\/des-hauts-et-des-bas-pour-les-canadiens-a-roland-garros\/"},"author":{"name":"Asif Hossain","@id":"https:\/\/develop.olympic.ca\/olympique\/#\/schema\/person\/b6aaae4d1289f5c395d8872e37272678"},"headline":"Des hauts et des bas pour les Canadiens \u00e0 Roland Garros","datePublished":"2014-05-27T16:22:21+00:00","dateModified":"2020-04-23T17:50:10+00:00","mainEntityOfPage":{"@id":"https:\/\/develop.olympic.ca\/olympique\/2014\/05\/27\/des-hauts-et-des-bas-pour-les-canadiens-a-roland-garros\/"},"wordCount":356,"commentCount":0,"image":{"@id":"https:\/\/develop.olympic.ca\/olympique\/2014\/05\/27\/des-hauts-et-des-bas-pour-les-canadiens-a-roland-garros\/#primaryimage"},"thumbnailUrl":"https:\/\/develop.olympic.ca\/olympique\/wp-content\/uploads\/sites\/2\/2014\/05\/rolandgarros.jpg?quality=100","keywords":["\u00c9quipe canada","Eugenie Bouchard","France","French Open","French open 2014","Genie","Genie Bouchard","Grand Chelem","Luksika Kumkhum","Milos Raonic","Nick Kyrgios","Roland Garros","Roland-Garros 2014","tennis","Tennis Canada"],"articleSection":["Nouvelles"],"inLanguage":"fr-FR","potentialAction":[{"@type":"CommentAction","name":"Comment","target":["https:\/\/develop.olympic.ca\/olympique\/2014\/05\/27\/des-hauts-et-des-bas-pour-les-canadiens-a-roland-garros\/#respond"]}]},{"@type":"WebPage","@id":"https:\/\/develop.olympic.ca\/olympique\/2014\/05\/27\/des-hauts-et-des-bas-pour-les-canadiens-a-roland-garros\/","url":"https:\/\/develop.olympic.ca\/olympique\/2014\/05\/27\/des-hauts-et-des-bas-pour-les-canadiens-a-roland-garros\/","name":"Des hauts et des bas pour les Canadiens \u00e0 Roland Garros - \u00c9quipe Canada | Site officiel de l&#039;\u00e9quipe olympique","isPartOf":{"@id":"https:\/\/develop.olympic.ca\/olympique\/#website"},"primaryImageOfPage":{"@id":"https:\/\/develop.olympic.ca\/olympique\/2014\/05\/27\/des-hauts-et-des-bas-pour-les-canadiens-a-roland-garros\/#primaryimage"},"image":{"@id":"https:\/\/develop.olympic.ca\/olympique\/2014\/05\/27\/des-hauts-et-des-bas-pour-les-canadiens-a-roland-garros\/#primaryimage"},"thumbnailUrl":"https:\/\/develop.olympic.ca\/olympique\/wp-content\/uploads\/sites\/2\/2014\/05\/rolandgarros.jpg?quality=100","datePublished":"2014-05-27T16:22:21+00:00","dateModified":"2020-04-23T17:50:10+00:00","author":{"@id":"https:\/\/develop.olympic.ca\/olympique\/#\/schema\/person\/b6aaae4d1289f5c395d8872e37272678"},"inLanguage":"fr-FR","potentialAction":[{"@type":"ReadAction","target":["https:\/\/develop.olympic.ca\/olympique\/2014\/05\/27\/des-hauts-et-des-bas-pour-les-canadiens-a-roland-garros\/"]}]},{"@type":"ImageObject","inLanguage":"fr-FR","@id":"https:\/\/develop.olympic.ca\/olympique\/2014\/05\/27\/des-hauts-et-des-bas-pour-les-canadiens-a-roland-garros\/#primaryimage","url":"https:\/\/develop.olympic.ca\/olympique\/wp-content\/uploads\/sites\/2\/2014\/05\/rolandgarros.jpg?quality=100","contentUrl":"https:\/\/develop.olympic.ca\/olympique\/wp-content\/uploads\/sites\/2\/2014\/05\/rolandgarros.jpg?quality=100","width":670,"height":377},{"@type":"WebSite","@id":"https:\/\/develop.olympic.ca\/olympique\/#website","url":"https:\/\/develop.olympic.ca\/olympique\/","name":"\u00c9quipe Canada | Site officiel de l&#039;\u00e9quipe olympique","description":"Votre source pour l\u2019\u00c9quipe olympique canadienne. Retrouvez les r\u00e9cits, vid\u00e9os et photos des athl\u00e8tes canadiens, sports olympiques, Jeux olympiques de 2020 et bien plus!","potentialAction":[{"@type":"SearchAction","target":{"@type":"EntryPoint","urlTemplate":"https:\/\/develop.olympic.ca\/olympique\/?s={search_term_string}"},"query-input":{"@type":"PropertyValueSpecification","valueRequired":true,"valueName":"search_term_string"}}],"inLanguage":"fr-FR"},{"@type":"Person","@id":"https:\/\/develop.olympic.ca\/olympique\/#\/schema\/person\/b6aaae4d1289f5c395d8872e37272678","name":"Asif Hossain","image":{"@type":"ImageObject","inLanguage":"fr-FR","@id":"https:\/\/secure.gravatar.com\/avatar\/d78674d61b6b8fcd5488a575ef3fab9b8bed1978cf5bb978adeae1f9411abe4a?s=96&d=identicon&r=g22eff5eea2e28da905f112e9933af68b","url":"https:\/\/secure.gravatar.com\/avatar\/d78674d61b6b8fcd5488a575ef3fab9b8bed1978cf5bb978adeae1f9411abe4a?s=96&d=identicon&r=g","contentUrl":"https:\/\/secure.gravatar.com\/avatar\/d78674d61b6b8fcd5488a575ef3fab9b8bed1978cf5bb978adeae1f9411abe4a?s=96&d=identicon&r=g","caption":"Asif Hossain"},"description":"Digital content, marketing and communications manager by trade.","sameAs":["http:\/\/asifhossain.wordpress.com"],"url":"https:\/\/develop.olympic.ca\/olympique\/author\/asifhossain\/"}]}},"jetpack_featured_media_url":"https:\/\/develop.olympic.ca\/olympique\/wp-content\/uploads\/sites\/2\/2014\/05\/rolandgarros.jpg?quality=100","featured_image_url":"https:\/\/develop.olympic.ca\/olympique\/wp-content\/uploads\/sites\/2\/2014\/05\/rolandgarros.jpg?quality=100","author_name":["Asif Hossain"],"category_names":["Nouvelles"],"tag_names":["\u00c9quipe canada","Eugenie Bouchard","France","French Open","French open 2014","Genie","Genie Bouchard","Grand Chelem","Luksika Kumkhum","Milos Raonic","Nick Kyrgios","Roland Garros","Roland-Garros 2014","tennis","Tennis Canada"],"video_embed_code":"","facebook_video_embed_code":"","jetpack_sharing_enabled":true,"jetpack-related-posts":[],"jetpack_shortlink":"https:\/\/wp.me\/pbmyEP-oI0","_links":{"self":[{"href":"https:\/\/develop.olympic.ca\/olympique\/wp-json\/wp\/v2\/posts\/94984","targetHints":{"allow":["GET"]}}],"collection":[{"href":"https:\/\/develop.olympic.ca\/olympique\/wp-json\/wp\/v2\/posts"}],"about":[{"href":"https:\/\/develop.olympic.ca\/olympique\/wp-json\/wp\/v2\/types\/post"}],"author":[{"embeddable":true,"href":"https:\/\/develop.olympic.ca\/olympique\/wp-json\/wp\/v2\/users\/10774097"}],"replies":[{"embeddable":true,"href":"https:\/\/develop.olympic.ca\/olympique\/wp-json\/wp\/v2\/comments?post=94984"}],"version-history":[{"count":5,"href":"https:\/\/develop.olympic.ca\/olympique\/wp-json\/wp\/v2\/posts\/94984\/revisions"}],"predecessor-version":[{"id":160836,"href":"https:\/\/develop.olympic.ca\/olympique\/wp-json\/wp\/v2\/posts\/94984\/revisions\/160836"}],"wp:featuredmedia":[{"embeddable":true,"href":"https:\/\/develop.olympic.ca\/olympique\/wp-json\/wp\/v2\/media\/94985"}],"wp:attachment":[{"href":"https:\/\/develop.olympic.ca\/olympique\/wp-json\/wp\/v2\/media?parent=94984"}],"wp:term":[{"taxonomy":"category","embeddable":true,"href":"https:\/\/develop.olympic.ca\/olympique\/wp-json\/wp\/v2\/categories?post=94984"},{"taxonomy":"post_tag","embeddable":true,"href":"https:\/\/develop.olympic.ca\/olympique\/wp-json\/wp\/v2\/tags?post=94984"},{"taxonomy":"post_format","embeddable":true,"href":"https:\/\/develop.olympic.ca\/olympique\/wp-json\/wp\/v2\/post_format?post=94984"},{"taxonomy":"sport","embeddable":true,"href":"https:\/\/develop.olympic.ca\/olympique\/wp-json\/wp\/v2\/sport?post=94984"},{"taxonomy":"game","embeddable":true,"href":"https:\/\/develop.olympic.ca\/olympique\/wp-json\/wp\/v2\/game?post=94984"},{"taxonomy":"author","embeddable":true,"href":"https:\/\/develop.olympic.ca\/olympique\/wp-json\/wp\/v2\/coauthors?post=94984"}],"curies":[{"name":"wp","href":"https:\/\/api.w.org\/{rel}","templated":true}]}}