{"id":95274,"date":"2014-06-17T11:58:57","date_gmt":"2014-06-17T15:58:57","guid":{"rendered":"http:\/\/develop.olympic.ca\/olympique\/?p=95274"},"modified":"2014-06-19T09:56:24","modified_gmt":"2014-06-19T13:56:24","slug":"le-canada-recoit-lallemagne-en-vue-de-la-coupe-du-monde-2015","status":"publish","type":"post","link":"https:\/\/develop.olympic.ca\/olympique\/2014\/06\/17\/le-canada-recoit-lallemagne-en-vue-de-la-coupe-du-monde-2015\/","title":{"rendered":"Le Canada re\u00e7oit l&rsquo;Allemagne en vue de la Coupe du monde 2015"},"content":{"rendered":"<h1>Alors que la Coupe du monde se poursuit\u00a0au Br\u00e9sil, l&rsquo;\u00e9quipe f\u00e9minine canadienne de soccer restera concentr\u00e9e sur le sport ici puisqu&rsquo;elle se mesurera \u00e0\u00a0l&rsquo;Allemagne dans une rencontre amicale internationale ce mercredi \u00e0 Vancouver.<\/h1>\n<p>Cette semaine, l&rsquo;entra\u00eeneur en chef John Herdman a annonc\u00e9 sa s\u00e9lection de joueuses. Avec le Canada qui sera h\u00f4te de la Coupe du monde FIFA 2015 des femmes, ces matchs amicaux donneront une meilleure id\u00e9e \u00e0 Herdman du positionnement de ses athl\u00e8tes \u00a0alors qu&rsquo;il entre dans une ann\u00e9e cruciale\u00a0\u00a0de pr\u00e9paration.<\/p>\n<p class=\"p1\">\u00ab\u00a0Pour gagner une Coupe du monde \u00e0 la maison, il faut vaincre ces \u00e9quipes. Elles se retrouveront \u00e0 coup s\u00fbr sur notre chemin vers la finale,\u00a0\u00bb a dit Herdman selon\u00a0<a href=\"http:\/\/www.canadasoccer.com\/?language=fr\" target=\"_blank\">canadasoccer.com<\/a>. \u00ab\u00a0Plus nous apprendrons de ces parties et sur nous-m\u00eames face \u00e0 ces \u00e9quipes, meilleure sera notre position dans le futur.\u00a0\u00bb<\/p>\n<p class=\"p1\">Les 22 joueuses s\u00e9lectionn\u00e9es pour le match sont les gardiennes de but\u00a0Karina LeBlanc et Eric McLeod. L&rsquo;\u00e9toile montante\u00a0Kadeisha Buchanan est \u00e0 la d\u00e9fense avec\u00a0Robyn Gayle, Carmelina Moscato, Rebecca Quinn, Rhian Wilkinson, Sura Yekka, Emily Zurrer et Marie-Eve Nault. Le milieu de terrain sera occup\u00e9 par\u00a0Kaylyn Kyle, Diana Matheson, Sophie Schmidt, Desiree Scott, Jessie Fleming, Ashley Lawrence et\u00a0Brittany Baxter. La capitaine\u00a0Christine Sinclair m\u00e8nera \u00a0la zone offensive comme toujours, o\u00f9 Jonelle Filigno, Adriana Leon, Josee Belanger et Christina Julien ont aussi \u00e9t\u00e9 choisies par\u00a0Herdman pour une victoire potentielle contre l&rsquo;Allemagne.<\/p>\n<p class=\"p1\">La partie d\u00e9butera \u00e0\u00a022h, heure de l&rsquo;Est, sur\u00a0Sportsnet One.<\/p>\n","protected":false},"excerpt":{"rendered":"<p>Alors que la Coupe du monde se poursuit\u00a0au Br\u00e9sil, l&rsquo;\u00e9quipe f\u00e9minine canadienne de soccer restera concentr\u00e9e sur le sport ici&#8230;<\/p>\n","protected":false},"author":10774097,"featured_media":95275,"comment_status":"open","ping_status":"open","sticky":false,"template":"","format":"standard","meta":{"_acf_changed":false,"_crdt_document":"","_jetpack_memberships_contains_paid_content":false,"footnotes":""},"categories":[16085],"tags":[77747,891098,243262081,187969,37671384],"post_format":"standard","sport":[8591],"game":[],"coauthors":[197553292],"class_list":["post-95274","post","type-post","status-publish","format-standard","has-post-thumbnail","hentry","category-nouvelles","tag-allemagne","tag-christine-sinclair","tag-coupe-du-monde-femmes","tag-fifa","tag-soccer-canada","sport-football"],"acf":[],"yoast_head":"<!-- This site is optimized with the Yoast SEO plugin v27.5 - https:\/\/yoast.com\/product\/yoast-seo-wordpress\/ -->\n<title>Le Canada re\u00e7oit l&#039;Allemagne en vue de la Coupe du monde 2015 - \u00c9quipe Canada | Site officiel de l&#039;\u00e9quipe olympique<\/title>\n<meta name=\"robots\" content=\"index, follow, max-snippet:-1, max-image-preview:large, max-video-preview:-1\" \/>\n<link rel=\"canonical\" href=\"https:\/\/develop.olympic.ca\/olympique\/2014\/06\/17\/le-canada-recoit-lallemagne-en-vue-de-la-coupe-du-monde-2015\/\" \/>\n<meta property=\"og:locale\" content=\"fr_FR\" \/>\n<meta property=\"og:type\" content=\"article\" \/>\n<meta property=\"og:title\" content=\"Le Canada re\u00e7oit l&#039;Allemagne en vue de la Coupe du monde 2015 - \u00c9quipe Canada | Site officiel de l&#039;\u00e9quipe olympique\" \/>\n<meta property=\"og:description\" content=\"Alors que la Coupe du monde se poursuit\u00a0au Br\u00e9sil, l&rsquo;\u00e9quipe f\u00e9minine canadienne de soccer restera concentr\u00e9e sur le sport ici...\" \/>\n<meta property=\"og:url\" content=\"https:\/\/develop.olympic.ca\/olympique\/2014\/06\/17\/le-canada-recoit-lallemagne-en-vue-de-la-coupe-du-monde-2015\/\" \/>\n<meta property=\"og:site_name\" content=\"\u00c9quipe Canada | Site officiel de l&#039;\u00e9quipe olympique\" \/>\n<meta property=\"article:published_time\" content=\"2014-06-17T15:58:57+00:00\" \/>\n<meta property=\"article:modified_time\" content=\"2014-06-19T13:56:24+00:00\" \/>\n<meta property=\"og:image\" content=\"https:\/\/develop.olympic.ca\/olympique\/wp-content\/uploads\/sites\/2\/2014\/06\/sinclair.jpg?quality=100\" \/>\n\t<meta property=\"og:image:width\" content=\"670\" \/>\n\t<meta property=\"og:image:height\" content=\"377\" \/>\n\t<meta property=\"og:image:type\" content=\"image\/jpeg\" \/>\n<meta name=\"author\" content=\"Asif Hossain\" \/>\n<meta name=\"twitter:card\" content=\"summary_large_image\" \/>\n<meta name=\"twitter:label1\" content=\"Written by\" \/>\n\t<meta name=\"twitter:data1\" content=\"Asif Hossain\" \/>\n\t<meta name=\"twitter:label2\" content=\"Est. reading time\" \/>\n\t<meta name=\"twitter:data2\" content=\"1 minute\" \/>\n<script type=\"application\/ld+json\" class=\"yoast-schema-graph\">{\"@context\":\"https:\\\/\\\/schema.org\",\"@graph\":[{\"@type\":\"Article\",\"@id\":\"https:\\\/\\\/develop.olympic.ca\\\/olympique\\\/2014\\\/06\\\/17\\\/le-canada-recoit-lallemagne-en-vue-de-la-coupe-du-monde-2015\\\/#article\",\"isPartOf\":{\"@id\":\"https:\\\/\\\/develop.olympic.ca\\\/olympique\\\/2014\\\/06\\\/17\\\/le-canada-recoit-lallemagne-en-vue-de-la-coupe-du-monde-2015\\\/\"},\"author\":{\"name\":\"Asif Hossain\",\"@id\":\"https:\\\/\\\/develop.olympic.ca\\\/olympique\\\/#\\\/schema\\\/person\\\/b6aaae4d1289f5c395d8872e37272678\"},\"headline\":\"Le Canada re\u00e7oit l&rsquo;Allemagne en vue de la Coupe du monde 2015\",\"datePublished\":\"2014-06-17T15:58:57+00:00\",\"dateModified\":\"2014-06-19T13:56:24+00:00\",\"mainEntityOfPage\":{\"@id\":\"https:\\\/\\\/develop.olympic.ca\\\/olympique\\\/2014\\\/06\\\/17\\\/le-canada-recoit-lallemagne-en-vue-de-la-coupe-du-monde-2015\\\/\"},\"wordCount\":272,\"commentCount\":0,\"image\":{\"@id\":\"https:\\\/\\\/develop.olympic.ca\\\/olympique\\\/2014\\\/06\\\/17\\\/le-canada-recoit-lallemagne-en-vue-de-la-coupe-du-monde-2015\\\/#primaryimage\"},\"thumbnailUrl\":\"https:\\\/\\\/develop.olympic.ca\\\/olympique\\\/wp-content\\\/uploads\\\/sites\\\/2\\\/2014\\\/06\\\/sinclair.jpg?quality=100\",\"keywords\":[\"Allemagne\",\"Christine Sinclair\",\"Coupe du monde femmes\",\"FIFA\",\"Soccer Canada\"],\"articleSection\":[\"Nouvelles\"],\"inLanguage\":\"fr-FR\",\"potentialAction\":[{\"@type\":\"CommentAction\",\"name\":\"Comment\",\"target\":[\"https:\\\/\\\/develop.olympic.ca\\\/olympique\\\/2014\\\/06\\\/17\\\/le-canada-recoit-lallemagne-en-vue-de-la-coupe-du-monde-2015\\\/#respond\"]}]},{\"@type\":\"WebPage\",\"@id\":\"https:\\\/\\\/develop.olympic.ca\\\/olympique\\\/2014\\\/06\\\/17\\\/le-canada-recoit-lallemagne-en-vue-de-la-coupe-du-monde-2015\\\/\",\"url\":\"https:\\\/\\\/develop.olympic.ca\\\/olympique\\\/2014\\\/06\\\/17\\\/le-canada-recoit-lallemagne-en-vue-de-la-coupe-du-monde-2015\\\/\",\"name\":\"Le Canada re\u00e7oit l'Allemagne en vue de la Coupe du monde 2015 - \u00c9quipe Canada | Site officiel de l&#039;\u00e9quipe olympique\",\"isPartOf\":{\"@id\":\"https:\\\/\\\/develop.olympic.ca\\\/olympique\\\/#website\"},\"primaryImageOfPage\":{\"@id\":\"https:\\\/\\\/develop.olympic.ca\\\/olympique\\\/2014\\\/06\\\/17\\\/le-canada-recoit-lallemagne-en-vue-de-la-coupe-du-monde-2015\\\/#primaryimage\"},\"image\":{\"@id\":\"https:\\\/\\\/develop.olympic.ca\\\/olympique\\\/2014\\\/06\\\/17\\\/le-canada-recoit-lallemagne-en-vue-de-la-coupe-du-monde-2015\\\/#primaryimage\"},\"thumbnailUrl\":\"https:\\\/\\\/develop.olympic.ca\\\/olympique\\\/wp-content\\\/uploads\\\/sites\\\/2\\\/2014\\\/06\\\/sinclair.jpg?quality=100\",\"datePublished\":\"2014-06-17T15:58:57+00:00\",\"dateModified\":\"2014-06-19T13:56:24+00:00\",\"author\":{\"@id\":\"https:\\\/\\\/develop.olympic.ca\\\/olympique\\\/#\\\/schema\\\/person\\\/b6aaae4d1289f5c395d8872e37272678\"},\"inLanguage\":\"fr-FR\",\"potentialAction\":[{\"@type\":\"ReadAction\",\"target\":[\"https:\\\/\\\/develop.olympic.ca\\\/olympique\\\/2014\\\/06\\\/17\\\/le-canada-recoit-lallemagne-en-vue-de-la-coupe-du-monde-2015\\\/\"]}]},{\"@type\":\"ImageObject\",\"inLanguage\":\"fr-FR\",\"@id\":\"https:\\\/\\\/develop.olympic.ca\\\/olympique\\\/2014\\\/06\\\/17\\\/le-canada-recoit-lallemagne-en-vue-de-la-coupe-du-monde-2015\\\/#primaryimage\",\"url\":\"https:\\\/\\\/develop.olympic.ca\\\/olympique\\\/wp-content\\\/uploads\\\/sites\\\/2\\\/2014\\\/06\\\/sinclair.jpg?quality=100\",\"contentUrl\":\"https:\\\/\\\/develop.olympic.ca\\\/olympique\\\/wp-content\\\/uploads\\\/sites\\\/2\\\/2014\\\/06\\\/sinclair.jpg?quality=100\",\"width\":670,\"height\":377},{\"@type\":\"WebSite\",\"@id\":\"https:\\\/\\\/develop.olympic.ca\\\/olympique\\\/#website\",\"url\":\"https:\\\/\\\/develop.olympic.ca\\\/olympique\\\/\",\"name\":\"\u00c9quipe Canada | Site officiel de l&#039;\u00e9quipe olympique\",\"description\":\"Votre source pour l\u2019\u00c9quipe olympique canadienne. Retrouvez les r\u00e9cits, vid\u00e9os et photos des athl\u00e8tes canadiens, sports olympiques, Jeux olympiques de 2020 et bien plus!\",\"potentialAction\":[{\"@type\":\"SearchAction\",\"target\":{\"@type\":\"EntryPoint\",\"urlTemplate\":\"https:\\\/\\\/develop.olympic.ca\\\/olympique\\\/?s={search_term_string}\"},\"query-input\":{\"@type\":\"PropertyValueSpecification\",\"valueRequired\":true,\"valueName\":\"search_term_string\"}}],\"inLanguage\":\"fr-FR\"},{\"@type\":\"Person\",\"@id\":\"https:\\\/\\\/develop.olympic.ca\\\/olympique\\\/#\\\/schema\\\/person\\\/b6aaae4d1289f5c395d8872e37272678\",\"name\":\"Asif Hossain\",\"image\":{\"@type\":\"ImageObject\",\"inLanguage\":\"fr-FR\",\"@id\":\"https:\\\/\\\/secure.gravatar.com\\\/avatar\\\/d78674d61b6b8fcd5488a575ef3fab9b8bed1978cf5bb978adeae1f9411abe4a?s=96&d=identicon&r=g22eff5eea2e28da905f112e9933af68b\",\"url\":\"https:\\\/\\\/secure.gravatar.com\\\/avatar\\\/d78674d61b6b8fcd5488a575ef3fab9b8bed1978cf5bb978adeae1f9411abe4a?s=96&d=identicon&r=g\",\"contentUrl\":\"https:\\\/\\\/secure.gravatar.com\\\/avatar\\\/d78674d61b6b8fcd5488a575ef3fab9b8bed1978cf5bb978adeae1f9411abe4a?s=96&d=identicon&r=g\",\"caption\":\"Asif Hossain\"},\"description\":\"Digital content, marketing and communications manager by trade.\",\"sameAs\":[\"http:\\\/\\\/asifhossain.wordpress.com\"],\"url\":\"https:\\\/\\\/develop.olympic.ca\\\/olympique\\\/author\\\/asifhossain\\\/\"}]}<\/script>\n<!-- \/ Yoast SEO plugin. -->","yoast_head_json":{"title":"Le Canada re\u00e7oit l'Allemagne en vue de la Coupe du monde 2015 - \u00c9quipe Canada | Site officiel de l&#039;\u00e9quipe olympique","robots":{"index":"index","follow":"follow","max-snippet":"max-snippet:-1","max-image-preview":"max-image-preview:large","max-video-preview":"max-video-preview:-1"},"canonical":"https:\/\/develop.olympic.ca\/olympique\/2014\/06\/17\/le-canada-recoit-lallemagne-en-vue-de-la-coupe-du-monde-2015\/","og_locale":"fr_FR","og_type":"article","og_title":"Le Canada re\u00e7oit l'Allemagne en vue de la Coupe du monde 2015 - \u00c9quipe Canada | Site officiel de l&#039;\u00e9quipe olympique","og_description":"Alors que la Coupe du monde se poursuit\u00a0au Br\u00e9sil, l&rsquo;\u00e9quipe f\u00e9minine canadienne de soccer restera concentr\u00e9e sur le sport ici...","og_url":"https:\/\/develop.olympic.ca\/olympique\/2014\/06\/17\/le-canada-recoit-lallemagne-en-vue-de-la-coupe-du-monde-2015\/","og_site_name":"\u00c9quipe Canada | Site officiel de l&#039;\u00e9quipe olympique","article_published_time":"2014-06-17T15:58:57+00:00","article_modified_time":"2014-06-19T13:56:24+00:00","og_image":[{"width":670,"height":377,"url":"https:\/\/develop.olympic.ca\/olympique\/wp-content\/uploads\/sites\/2\/2014\/06\/sinclair.jpg?quality=100","type":"image\/jpeg"}],"author":"Asif Hossain","twitter_card":"summary_large_image","twitter_misc":{"Written by":"Asif Hossain","Est. reading time":"1 minute"},"schema":{"@context":"https:\/\/schema.org","@graph":[{"@type":"Article","@id":"https:\/\/develop.olympic.ca\/olympique\/2014\/06\/17\/le-canada-recoit-lallemagne-en-vue-de-la-coupe-du-monde-2015\/#article","isPartOf":{"@id":"https:\/\/develop.olympic.ca\/olympique\/2014\/06\/17\/le-canada-recoit-lallemagne-en-vue-de-la-coupe-du-monde-2015\/"},"author":{"name":"Asif Hossain","@id":"https:\/\/develop.olympic.ca\/olympique\/#\/schema\/person\/b6aaae4d1289f5c395d8872e37272678"},"headline":"Le Canada re\u00e7oit l&rsquo;Allemagne en vue de la Coupe du monde 2015","datePublished":"2014-06-17T15:58:57+00:00","dateModified":"2014-06-19T13:56:24+00:00","mainEntityOfPage":{"@id":"https:\/\/develop.olympic.ca\/olympique\/2014\/06\/17\/le-canada-recoit-lallemagne-en-vue-de-la-coupe-du-monde-2015\/"},"wordCount":272,"commentCount":0,"image":{"@id":"https:\/\/develop.olympic.ca\/olympique\/2014\/06\/17\/le-canada-recoit-lallemagne-en-vue-de-la-coupe-du-monde-2015\/#primaryimage"},"thumbnailUrl":"https:\/\/develop.olympic.ca\/olympique\/wp-content\/uploads\/sites\/2\/2014\/06\/sinclair.jpg?quality=100","keywords":["Allemagne","Christine Sinclair","Coupe du monde femmes","FIFA","Soccer Canada"],"articleSection":["Nouvelles"],"inLanguage":"fr-FR","potentialAction":[{"@type":"CommentAction","name":"Comment","target":["https:\/\/develop.olympic.ca\/olympique\/2014\/06\/17\/le-canada-recoit-lallemagne-en-vue-de-la-coupe-du-monde-2015\/#respond"]}]},{"@type":"WebPage","@id":"https:\/\/develop.olympic.ca\/olympique\/2014\/06\/17\/le-canada-recoit-lallemagne-en-vue-de-la-coupe-du-monde-2015\/","url":"https:\/\/develop.olympic.ca\/olympique\/2014\/06\/17\/le-canada-recoit-lallemagne-en-vue-de-la-coupe-du-monde-2015\/","name":"Le Canada re\u00e7oit l'Allemagne en vue de la Coupe du monde 2015 - \u00c9quipe Canada | Site officiel de l&#039;\u00e9quipe olympique","isPartOf":{"@id":"https:\/\/develop.olympic.ca\/olympique\/#website"},"primaryImageOfPage":{"@id":"https:\/\/develop.olympic.ca\/olympique\/2014\/06\/17\/le-canada-recoit-lallemagne-en-vue-de-la-coupe-du-monde-2015\/#primaryimage"},"image":{"@id":"https:\/\/develop.olympic.ca\/olympique\/2014\/06\/17\/le-canada-recoit-lallemagne-en-vue-de-la-coupe-du-monde-2015\/#primaryimage"},"thumbnailUrl":"https:\/\/develop.olympic.ca\/olympique\/wp-content\/uploads\/sites\/2\/2014\/06\/sinclair.jpg?quality=100","datePublished":"2014-06-17T15:58:57+00:00","dateModified":"2014-06-19T13:56:24+00:00","author":{"@id":"https:\/\/develop.olympic.ca\/olympique\/#\/schema\/person\/b6aaae4d1289f5c395d8872e37272678"},"inLanguage":"fr-FR","potentialAction":[{"@type":"ReadAction","target":["https:\/\/develop.olympic.ca\/olympique\/2014\/06\/17\/le-canada-recoit-lallemagne-en-vue-de-la-coupe-du-monde-2015\/"]}]},{"@type":"ImageObject","inLanguage":"fr-FR","@id":"https:\/\/develop.olympic.ca\/olympique\/2014\/06\/17\/le-canada-recoit-lallemagne-en-vue-de-la-coupe-du-monde-2015\/#primaryimage","url":"https:\/\/develop.olympic.ca\/olympique\/wp-content\/uploads\/sites\/2\/2014\/06\/sinclair.jpg?quality=100","contentUrl":"https:\/\/develop.olympic.ca\/olympique\/wp-content\/uploads\/sites\/2\/2014\/06\/sinclair.jpg?quality=100","width":670,"height":377},{"@type":"WebSite","@id":"https:\/\/develop.olympic.ca\/olympique\/#website","url":"https:\/\/develop.olympic.ca\/olympique\/","name":"\u00c9quipe Canada | Site officiel de l&#039;\u00e9quipe olympique","description":"Votre source pour l\u2019\u00c9quipe olympique canadienne. Retrouvez les r\u00e9cits, vid\u00e9os et photos des athl\u00e8tes canadiens, sports olympiques, Jeux olympiques de 2020 et bien plus!","potentialAction":[{"@type":"SearchAction","target":{"@type":"EntryPoint","urlTemplate":"https:\/\/develop.olympic.ca\/olympique\/?s={search_term_string}"},"query-input":{"@type":"PropertyValueSpecification","valueRequired":true,"valueName":"search_term_string"}}],"inLanguage":"fr-FR"},{"@type":"Person","@id":"https:\/\/develop.olympic.ca\/olympique\/#\/schema\/person\/b6aaae4d1289f5c395d8872e37272678","name":"Asif Hossain","image":{"@type":"ImageObject","inLanguage":"fr-FR","@id":"https:\/\/secure.gravatar.com\/avatar\/d78674d61b6b8fcd5488a575ef3fab9b8bed1978cf5bb978adeae1f9411abe4a?s=96&d=identicon&r=g22eff5eea2e28da905f112e9933af68b","url":"https:\/\/secure.gravatar.com\/avatar\/d78674d61b6b8fcd5488a575ef3fab9b8bed1978cf5bb978adeae1f9411abe4a?s=96&d=identicon&r=g","contentUrl":"https:\/\/secure.gravatar.com\/avatar\/d78674d61b6b8fcd5488a575ef3fab9b8bed1978cf5bb978adeae1f9411abe4a?s=96&d=identicon&r=g","caption":"Asif Hossain"},"description":"Digital content, marketing and communications manager by trade.","sameAs":["http:\/\/asifhossain.wordpress.com"],"url":"https:\/\/develop.olympic.ca\/olympique\/author\/asifhossain\/"}]}},"jetpack_featured_media_url":"https:\/\/develop.olympic.ca\/olympique\/wp-content\/uploads\/sites\/2\/2014\/06\/sinclair.jpg?quality=100","featured_image_url":"https:\/\/develop.olympic.ca\/olympique\/wp-content\/uploads\/sites\/2\/2014\/06\/sinclair.jpg?quality=100","author_name":["Asif Hossain"],"category_names":["Nouvelles"],"tag_names":["Allemagne","Christine Sinclair","Coupe du monde femmes","FIFA","Soccer Canada"],"video_embed_code":"","facebook_video_embed_code":"","jetpack_sharing_enabled":true,"jetpack-related-posts":[],"jetpack_shortlink":"https:\/\/wp.me\/pbmyEP-oMG","_links":{"self":[{"href":"https:\/\/develop.olympic.ca\/olympique\/wp-json\/wp\/v2\/posts\/95274","targetHints":{"allow":["GET"]}}],"collection":[{"href":"https:\/\/develop.olympic.ca\/olympique\/wp-json\/wp\/v2\/posts"}],"about":[{"href":"https:\/\/develop.olympic.ca\/olympique\/wp-json\/wp\/v2\/types\/post"}],"author":[{"embeddable":true,"href":"https:\/\/develop.olympic.ca\/olympique\/wp-json\/wp\/v2\/users\/10774097"}],"replies":[{"embeddable":true,"href":"https:\/\/develop.olympic.ca\/olympique\/wp-json\/wp\/v2\/comments?post=95274"}],"version-history":[{"count":4,"href":"https:\/\/develop.olympic.ca\/olympique\/wp-json\/wp\/v2\/posts\/95274\/revisions"}],"predecessor-version":[{"id":95279,"href":"https:\/\/develop.olympic.ca\/olympique\/wp-json\/wp\/v2\/posts\/95274\/revisions\/95279"}],"wp:featuredmedia":[{"embeddable":true,"href":"https:\/\/develop.olympic.ca\/olympique\/wp-json\/wp\/v2\/media\/95275"}],"wp:attachment":[{"href":"https:\/\/develop.olympic.ca\/olympique\/wp-json\/wp\/v2\/media?parent=95274"}],"wp:term":[{"taxonomy":"category","embeddable":true,"href":"https:\/\/develop.olympic.ca\/olympique\/wp-json\/wp\/v2\/categories?post=95274"},{"taxonomy":"post_tag","embeddable":true,"href":"https:\/\/develop.olympic.ca\/olympique\/wp-json\/wp\/v2\/tags?post=95274"},{"taxonomy":"post_format","embeddable":true,"href":"https:\/\/develop.olympic.ca\/olympique\/wp-json\/wp\/v2\/post_format?post=95274"},{"taxonomy":"sport","embeddable":true,"href":"https:\/\/develop.olympic.ca\/olympique\/wp-json\/wp\/v2\/sport?post=95274"},{"taxonomy":"game","embeddable":true,"href":"https:\/\/develop.olympic.ca\/olympique\/wp-json\/wp\/v2\/game?post=95274"},{"taxonomy":"author","embeddable":true,"href":"https:\/\/develop.olympic.ca\/olympique\/wp-json\/wp\/v2\/coauthors?post=95274"}],"curies":[{"name":"wp","href":"https:\/\/api.w.org\/{rel}","templated":true}]}}